{"id":1012,"date":"2019-11-10T14:19:53","date_gmt":"2019-11-10T14:19:53","guid":{"rendered":"https:\/\/www.abvp.pt\/?p=1012"},"modified":"2019-11-18T13:48:24","modified_gmt":"2019-11-18T13:48:24","slug":"como-viajar-de-forma-sustentavel","status":"publish","type":"post","link":"https:\/\/www.abvp.pt\/en\/como-viajar-de-forma-sustentavel\/","title":{"rendered":"Como Viajar de Forma Sustent\u00e1vel"},"content":{"rendered":"<h2 class=\"wp-block-heading\">A crescente preocupa\u00e7\u00e3o ambiental e a adapta\u00e7\u00e3o aos novos padr\u00f5es de vida mudaram a forma de viajar. H\u00e1 cada vez mais turistas que procuram faz\u00ea-lo de forma sustent\u00e1vel.<\/h2>\n\n\n\n<p>Nos dias de hoje, \u00e9 fundamental adotar novas formas de\nviajar em prol da preserva\u00e7\u00e3o ambiental. O turismo caminha a passos largos para\na sustentabilidade. <\/p>\n\n\n\n<p>Sustentabilidade em viagem \u00e9 n\u00e3o s\u00f3 ter em conta as necessidades dos viajantes, mas tamb\u00e9m proteger o ambiente, a cultura e as tradi\u00e7\u00f5es locais, em prol da regi\u00e3o e dos seus habitantes. \u00c9 imprescind\u00edvel uma coopera\u00e7\u00e3o entre governos, empresas ligadas ao setor do turismo, viajantes e pessoas locais. <\/p>\n\n\n\n<p><strong>Todos somos capazes de pequenos gestos<\/strong> nas nossas viagens que contribuam para um turismo sustent\u00e1vel. Tudo come\u00e7a por sermos conscientes e tentarmos minimizar o nosso impacto e a nossa pegada ecol\u00f3gica. <\/p>\n\n\n\n<p>Eis algumas atitudes que n\u00f3s viajantes podemos tentar, para viajarmos de forma sustent\u00e1vel:<\/p>\n\n\n\n<h3 class=\"wp-block-heading\">N\u00e3o deitar lixo na natureza<\/h3>\n\n\n\n<p>Isto deve ser regra b\u00e1sica para qualquer pessoa que queira viajar de forma sustent\u00e1vel. Lembre-se sempre <strong>\u2018leave nothing but footprints\u2019<\/strong> ou, por outras palavras, n\u00e3o deixe nada para tr\u00e1s.<\/p>\n\n\n\n<p>Quando visitamos um local, nunca \u00e9 demais recordar que todos os res\u00edduos que levamos s\u00e3o da nossa responsabilidade. Estejamos n\u00f3s num parque natural, numa praia, nas montanhas, numa vila ou cidade, deixar lixo onde n\u00e3o se deve n\u00e3o \u00e9 op\u00e7\u00e3o.<\/p>\n\n\n\n<p>Se n\u00e3o existem pontos de recolha de lixo por perto, devemos levar os res\u00edduos connosco e, quando poss\u00edvel, descart\u00e1-los nos s\u00edtios adequados. Se <strong>cada um de n\u00f3s for respons\u00e1vel pelo lixo que produz<\/strong>, tudo fica mais f\u00e1cil. Viajar de forma sustent\u00e1vel tamb\u00e9m \u00e9 ter responsabilidade.<\/p>\n\n\n\n<p>Um dos pa\u00edses mais verdes que visitei, neste contexto, foi Singapura. \u00c9 impressionante a mentalidade das pessoas ali. N\u00e3o se v\u00ea lixo no ch\u00e3o, mesmo que n\u00e3o haja caixotes por perto (o que \u00e9 dif\u00edcil). Por exemplo, os comerciantes s\u00e3o respons\u00e1veis n\u00e3o s\u00f3 pelo lixo produzido no interior do seu neg\u00f3cio, como devem manter limpo o espa\u00e7o exterior: o passeio e a rua.<\/p>\n\n\n\n<figure class=\"wp-block-image\"><img fetchpriority=\"high\" decoding=\"async\" width=\"1000\" height=\"750\" src=\"https:\/\/www.abvp.pt\/wp-content\/uploads\/Viajar-de-forma-sustentavel_lixo.jpg\" alt=\"Viajar-de-forma-sustentavel-lixo-praia\" class=\"wp-image-1017\" srcset=\"https:\/\/www.abvp.pt\/wp-content\/uploads\/Viajar-de-forma-sustentavel_lixo.jpg 1000w, https:\/\/www.abvp.pt\/wp-content\/uploads\/Viajar-de-forma-sustentavel_lixo-600x450.jpg 600w, https:\/\/www.abvp.pt\/wp-content\/uploads\/Viajar-de-forma-sustentavel_lixo-300x225.jpg 300w, https:\/\/www.abvp.pt\/wp-content\/uploads\/Viajar-de-forma-sustentavel_lixo-150x113.jpg 150w, https:\/\/www.abvp.pt\/wp-content\/uploads\/Viajar-de-forma-sustentavel_lixo-800x600.jpg 800w, https:\/\/www.abvp.pt\/wp-content\/uploads\/Viajar-de-forma-sustentavel_lixo-768x576.jpg 768w\" sizes=\"(max-width: 1000px) 100vw, 1000px\" \/><figcaption>O pl\u00e1stico \u00e9 hoje um dos maiores poluidores.<\/figcaption><\/figure>\n\n\n\n<p>\u00c9 algo t\u00e3o comum e banal, que as pessoas n\u00e3o veem isso como uma obriga\u00e7\u00e3o, mas como algo ben\u00e9fico que est\u00e3o a fazer em prol do meio ambiente e de todos os seres humanos.<\/p>\n\n\n\n<p>Assim como n\u00e3o devemos deitar lixo para o ch\u00e3o, tamb\u00e9m n\u00e3o devemos recolher nada que possa prejudicar o ecossistema. <strong>Recolher plantas e animais n\u00e3o \u00e9 viajar de forma sustent\u00e1vel<\/strong>, especialmente se se tratarem de esp\u00e9cies protegidas.<\/p>\n\n\n\n<h3 class=\"wp-block-heading\">Ser consciente no ato de comprar<\/h3>\n\n\n\n<p>Uma grande parte dos viajantes, para n\u00e3o dizer todos, traz uma lembran\u00e7a dos pa\u00edses que visita. Embora adquirir souvenirs ajude a economia, temos que ser conscientes no ato da compra.<\/p>\n\n\n\n<p>Comprar sempre localmente e n\u00e3o em grandes lojas, valorizando os pequenos vendedores. Apostar sobretudo nos mercados locais e feiras, onde se pode encontrar grande variedade. Optar por produtos duradouros, com utilidade, como cal\u00e7ado, roupa ou equipamento que necessitamos.<\/p>\n\n\n\n<p>O artesanato \u00e9 um <em>souvenir<\/em> fant\u00e1stico para levar para casa. Quem n\u00e3o adora pe\u00e7as \u00fanicas feitas de madeira ou materiais recicl\u00e1veis?! E assim estamos tamb\u00e9m a evitar o pl\u00e1stico.  Quando estava no Sudeste Asi\u00e1tico, explorei os mercados locais em busca de t-shirts produzidas localmente, ou seja, resultantes de pequenos neg\u00f3cios de fam\u00edlia. <\/p>\n\n\n\n<figure class=\"wp-block-image\"><img decoding=\"async\" width=\"1000\" height=\"667\" src=\"https:\/\/www.abvp.pt\/wp-content\/uploads\/Mercado-local_artesanato.jpg\" alt=\"\" class=\"wp-image-1023\" srcset=\"https:\/\/www.abvp.pt\/wp-content\/uploads\/Mercado-local_artesanato.jpg 1000w, https:\/\/www.abvp.pt\/wp-content\/uploads\/Mercado-local_artesanato-600x400.jpg 600w, https:\/\/www.abvp.pt\/wp-content\/uploads\/Mercado-local_artesanato-150x100.jpg 150w, https:\/\/www.abvp.pt\/wp-content\/uploads\/Mercado-local_artesanato-800x534.jpg 800w, https:\/\/www.abvp.pt\/wp-content\/uploads\/Mercado-local_artesanato-768x512.jpg 768w\" sizes=\"(max-width: 1000px) 100vw, 1000px\" \/><figcaption>No Chatuchak market (Tail\u00e2ndia) encontramos todo tipo de artesanato de artistas locais. <\/figcaption><\/figure>\n\n\n\n<p>Viajar de forma sustent\u00e1vel \u00e9 tamb\u00e9m ser consciente em rela\u00e7\u00e3o aos artigos que compramos. Por favor, <strong>resista \u00e0 compra de artigos feitos com marfim ou corais<\/strong> &#8211; n\u00e3o vamos incentivar este tipo de com\u00e9rcio.<\/p>\n\n\n\n<p>N\u00e3o menos importante, \u00e9 o facto de muitas crian\u00e7as venderem  pequenos artigos na rua. Esta \u00e9 uma quest\u00e3o controversa: nem todos somos da mesma opini\u00e3o. Mas, falando duma realidade que conhe\u00e7o, a do Sudeste Asi\u00e1tico, as crian\u00e7as s\u00e3o muitas vezes vistas como fonte de rendimento pelas fam\u00edlias.<\/p>\n\n\n\n<p>Ao darmos dinheiro aos mi\u00fados, a escola ficar\u00e1 em segundo plano por exemplo, uma vez que \u00e9 mais rent\u00e1vel mant\u00ea-los na rua.<\/p>\n\n\n\n<p>Em suma, \u00e9 tudo uma quest\u00e3o de bom senso e procurar produtos que realmente necessitamos, ao inv\u00e9s de comprarmos indiscriminadamente. Afinal, as recorda\u00e7\u00f5es de viagem est\u00e3o nos nossos cora\u00e7\u00f5es e n\u00e3o num simples objeto.<\/p>\n\n\n\n<h3 class=\"wp-block-heading\">Contribuir para a economia local<\/h3>\n\n\n\n<p>\u00c9 essencial contribuir, sempre que poss\u00edvel, para a economia local, seja atrav\u00e9s da compra de produtos artesanais, ou da prefer\u00eancia por neg\u00f3cios locais &#8211; lojas, hot\u00e9is, ag\u00eancias de viagem e restaurantes.<\/p>\n\n\n\n<p>Se estivermos a <strong>utilizar servi\u00e7os locais, estamos a ajudar a comunidade e a economia<\/strong>. Neste sentido, mais infraestruturas e postos de trabalho ser\u00e3o criados. Na maioria das vezes, \u00e9 t\u00e3o simples ajudar. <\/p>\n\n\n\n<p>Algo a considerar poder\u00e1 ser doar tamb\u00e9m uma pequena quantia para uma institui\u00e7\u00e3o local, uma escola, uma ONG, uma associa\u00e7\u00e3o, entre outras. Se n\u00e3o quisermos fazer donativos em dinheiro, podemos <strong>doar algum do nosso tempo<\/strong>. Para o efeito, basta participar em a\u00e7\u00f5es que ajudem a comunidade, direta ou indiretamente.<\/p>\n\n\n\n<p>Em alguns dos casos at\u00e9 \u00e9 divertido. Por exemplo, na Tail\u00e2ndia (e outros pa\u00edses da \u00c1sia) existe o <a rel=\"noreferrer noopener\" aria-label=\"Trash Hero. (abre num novo separador)\" href=\"https:\/\/trashhero.org\/\" target=\"_blank\">Trash Hero,<\/a> uma iniciativa que re\u00fane a comunidade para limpar e reduzir o lixo, principalmente em praias. Com isto estamos a criar um impacto positivo na comunidade local<strong>.<\/strong> E a viajar de forma sustent\u00e1vel. <\/p>\n\n\n\n<h3 class=\"wp-block-heading\">Diga n\u00e3o a atividades que compactuam com abusos a animais<\/h3>\n\n\n\n<figure class=\"wp-block-image\"><img decoding=\"async\" width=\"1000\" height=\"750\" src=\"https:\/\/www.abvp.pt\/wp-content\/uploads\/Viajar-de-forma-sustentavel_elefantes.jpg\" alt=\"\" class=\"wp-image-1020\" srcset=\"https:\/\/www.abvp.pt\/wp-content\/uploads\/Viajar-de-forma-sustentavel_elefantes.jpg 1000w, https:\/\/www.abvp.pt\/wp-content\/uploads\/Viajar-de-forma-sustentavel_elefantes-600x450.jpg 600w, https:\/\/www.abvp.pt\/wp-content\/uploads\/Viajar-de-forma-sustentavel_elefantes-300x225.jpg 300w, https:\/\/www.abvp.pt\/wp-content\/uploads\/Viajar-de-forma-sustentavel_elefantes-150x113.jpg 150w, https:\/\/www.abvp.pt\/wp-content\/uploads\/Viajar-de-forma-sustentavel_elefantes-800x600.jpg 800w, https:\/\/www.abvp.pt\/wp-content\/uploads\/Viajar-de-forma-sustentavel_elefantes-768x576.jpg 768w\" sizes=\"(max-width: 1000px) 100vw, 1000px\" \/><figcaption>Passeios no dorso de elefantes s\u00e3o um mau exemplo e p\u00f5em em causa a vida do animal.<\/figcaption><\/figure>\n\n\n\n<p>Cada vez mais este ponto deve ser uma preocupa\u00e7\u00e3o para quem viaja de forma sustent\u00e1vel e n\u00e3o s\u00f3. Parece trivial, mas sinto que h\u00e1 uma maior consciencializa\u00e7\u00e3o neste sentido. Grandes companhias como a Tripadvisor deixaram de vender tours que pusessem em causa a vida animal.<\/p>\n\n\n\n<p>Na verdade, estas atividades s\u00f3 existem porque ainda h\u00e1 pessoas que insistem em aliment\u00e1-las. Se todos virarmos as costas e optarmos por atividades respons\u00e1veis, esses neg\u00f3cios n\u00e3o v\u00e3o perdurar.<\/p>\n\n\n\n<p>Honestamente, n\u00e3o sei que felicidade pode trazer experi\u00eancias como passeios nos dorsos dos animais, espet\u00e1culos, ou tirar fotos junto de animais selvagens. N\u00e3o h\u00e1 vantagem nenhuma quer para o animal, quer para o turista. <\/p>\n\n\n\n<p>Repudio qualquer  atividade nesse sentido.  Na maioria das vezes, os animais selvagens sofrem abusos, s\u00e3o separados ainda pequenos dos progenitores e at\u00e9 sedados para poderem estar perto dos humanos.<\/p>\n\n\n\n<p><strong>\u00c9 verdadeiramente satisfat\u00f3rio observar animais selvagens no seu habitat<\/strong>. Ou conhecer projetos que realmente ajudam na preserva\u00e7\u00e3o de esp\u00e9cies amea\u00e7adas.<\/p>\n\n\n\n<p>No caso da vida marinha, \u00e9 fundamental n\u00e3o danificar o ecossistema. Ora, se vamos fazer mergulho ou <em>snorkelling<\/em>, ter o m\u00e1ximo de cuidado com os corais e n\u00e3o tocar nos animais. Por muito que seja tentador, alguns animais marinhos sofrem tanta tens\u00e3o que podem morrer: \u00e9 o caso das estrelas do mar.<\/p>\n\n\n\n<h3 class=\"wp-block-heading\">Respeitar a cultura e costumes de cada local<\/h3>\n\n\n\n<p>Ser um viajante consciente \u00e9 ser respeitador. Todos os pa\u00edses t\u00eam costumes e tradi\u00e7\u00f5es diferentes e, enquanto viajantes, devemos ter isso em conta.<\/p>\n\n\n\n<p>\u00c9 importante refletir sobre as idiossincrasias culturais. Existem costumes e tradi\u00e7\u00f5es que vemos nas culturas orientais que n\u00e3o est\u00e3o presentes nas ocidentais, e vice-versa.<\/p>\n\n\n\n<figure class=\"wp-block-image\"><img loading=\"lazy\" decoding=\"async\" width=\"1000\" height=\"667\" src=\"https:\/\/www.abvp.pt\/wp-content\/uploads\/Viajar-de-forma-sustentavel_cultura-.jpg\" alt=\"Viajar-de-forma-sustentavel-cultura-bali\" class=\"wp-image-1016\" srcset=\"https:\/\/www.abvp.pt\/wp-content\/uploads\/Viajar-de-forma-sustentavel_cultura-.jpg 1000w, https:\/\/www.abvp.pt\/wp-content\/uploads\/Viajar-de-forma-sustentavel_cultura--600x400.jpg 600w, https:\/\/www.abvp.pt\/wp-content\/uploads\/Viajar-de-forma-sustentavel_cultura--150x100.jpg 150w, https:\/\/www.abvp.pt\/wp-content\/uploads\/Viajar-de-forma-sustentavel_cultura--800x534.jpg 800w, https:\/\/www.abvp.pt\/wp-content\/uploads\/Viajar-de-forma-sustentavel_cultura--768x512.jpg 768w\" sizes=\"(max-width: 1000px) 100vw, 1000px\" \/><figcaption>\u00c9 importante respeitar as diferen\u00e7as religiosas e culturais. <\/figcaption><\/figure>\n\n\n\n<p>Por exemplo, nos pa\u00edses asi\u00e1ticos \u00e9 muito comum as mulheres cobrirem os ombros e pernas para entrarem nos templos. Sempre que visitava um templo, respeitava esta regra. Em muitos deles, na entrada havia sarongs que pod\u00edamos utilizar, em troca de uma pequena doa\u00e7\u00e3o.<\/p>\n\n\n\n<p>A atitude certa \u00e9 <strong>n\u00e3o fazer julgamentos precipitados, tentar perceber as diferen\u00e7as<\/strong> e n\u00e3o ter comportamentos que possam chocar localmente. Afinal, se fosse no nosso pr\u00f3prio pa\u00eds, tamb\u00e9m gostar\u00edamos que assim fosse. A aceita\u00e7\u00e3o das diferen\u00e7as culturais pode ser desconfort\u00e1vel. No entanto, devemos lembrar-nos que n\u00f3s \u00e9 que somos os estrangeiros.<\/p>\n\n\n\n<h3 class=\"wp-block-heading\">Levar bagagem pr\u00e1tica e reduzida<\/h3>\n\n\n\n<p>Sejamos sinceros, para qu\u00ea levar \u2018a casa \u00e0s costas\u2019 se na realidade n\u00e3o necessitamos? \u00c9 verdade que a maioria de n\u00f3s, nas primeiras viagens que fez, levou bagagem excessiva.<\/p>\n\n\n\n<p>Mas \u00e9 tudo uma quest\u00e3o de adapta\u00e7\u00e3o. E as viagens ensinam-nos isso mesmo: a adaptarmo-nos. Viajar com menos pode ser mais. Ora vejam s\u00f3 alguns dos benef\u00edcios de reduzir a bagagem:<\/p>\n\n\n\n<ul class=\"wp-block-list\"><li>maior otimiza\u00e7\u00e3o do tempo de arruma\u00e7\u00e3o;<\/li><li>mais flexibilidade;<\/li><li>n\u00e3o iremos pagar excesso de bagagem;<\/li><li>se falta alguma coisa, podemos sempre comprar;<\/li><li>mais espa\u00e7o.<\/li><\/ul>\n\n\n\n<p>Todos podemos ser minimalistas nas viagens, basta estarmos dispostos a isso. Viajar de forma sustent\u00e1vel \u00e9 tamb\u00e9m um pouco isto, minimalismo e adapta\u00e7\u00e3o. <\/p>\n\n\n\n<figure class=\"wp-block-image\"><img loading=\"lazy\" decoding=\"async\" width=\"1000\" height=\"665\" src=\"https:\/\/www.abvp.pt\/wp-content\/uploads\/Viajar-de-forma-sustentavel_bagaem.jpg\" alt=\"viajar-de-forma-sustentavel-bagagem\" class=\"wp-image-1019\" srcset=\"https:\/\/www.abvp.pt\/wp-content\/uploads\/Viajar-de-forma-sustentavel_bagaem.jpg 1000w, https:\/\/www.abvp.pt\/wp-content\/uploads\/Viajar-de-forma-sustentavel_bagaem-600x399.jpg 600w, https:\/\/www.abvp.pt\/wp-content\/uploads\/Viajar-de-forma-sustentavel_bagaem-150x100.jpg 150w, https:\/\/www.abvp.pt\/wp-content\/uploads\/Viajar-de-forma-sustentavel_bagaem-800x532.jpg 800w, https:\/\/www.abvp.pt\/wp-content\/uploads\/Viajar-de-forma-sustentavel_bagaem-768x511.jpg 768w\" sizes=\"(max-width: 1000px) 100vw, 1000px\" \/><figcaption>Ser minimalista em viagem \u00e9 uma quest\u00e3o de adapta\u00e7\u00e3o.<\/figcaption><\/figure>\n\n\n\n<p>Costumo fazer uma lista do que irei levar. Incluo tudo: roupa, acess\u00f3rios, equipamento\u2026 Desta maneira, quando fizer a mala tenho tudo organizado. Isto  tamb\u00e9m ajuda a focarmo-nos no essencial, em vez de enfiar na mala tudo e mais alguma coisa.<\/p>\n\n\n\n<p>Al\u00e9m disso, gosto muito de utilizar mochilas em vez das tradicionais malas, ainda que as use ocasionalmente na Europa. Ainda de real\u00e7ar a praticabilidade de <strong>levar sempre os produtos de higiene de casa<\/strong>. Ultimamente, e com o intuito de viajar de forma sustent\u00e1vel, cada vez existem mais op\u00e7\u00f5es isentas de pl\u00e1stico.<\/p>\n\n\n\n<p>As garrafas reutiliz\u00e1veis s\u00e3o outra boa ideia para as viagens, pois permitem reduzir a quantidade de pl\u00e1stico comprado. Desafio-o a, numa pr\u00f3xima aventura, reduzir a quantidade de bagagem ao realmente essencial e a partilhar a experi\u00eancia.<\/p>\n\n\n\n<h3 class=\"wp-block-heading\">Procurar transportes alternativos<\/h3>\n\n\n\n<p>Viajar de forma sustent\u00e1vel combinando transportes alternativos pode ser dif\u00edcil. Mas, n\u00e3o \u00e9 imposs\u00edvel. Em certas situa\u00e7\u00f5es, os transportes alternativos podem n\u00e3o ser os mais r\u00e1pidos. Por\u00e9m, estes permitem experi\u00eancias que os transportes convencionais n\u00e3o proporcionam.<\/p>\n\n\n\n<p>Uma viagem de avi\u00e3o ajuda ao aumento da emiss\u00e3o de poluentes. E sim, por vezes \u00e9 inevit\u00e1vel. Por outro lado, as desloca\u00e7\u00f5es internas podem compensar isso. Para tal s\u00e3o importantes op\u00e7\u00f5es mais baratas e genu\u00ednas. Como:<\/p>\n\n\n\n<ul class=\"wp-block-list\"><li>transportes p\u00fablicos;<\/li><li>bicicleta;<\/li><li>ir \u00e0 boleia;<\/li><li>desloca\u00e7\u00e3o a p\u00e9.<\/li><\/ul>\n\n\n\n<figure class=\"wp-block-image\"><img loading=\"lazy\" decoding=\"async\" width=\"1000\" height=\"667\" src=\"https:\/\/www.abvp.pt\/wp-content\/uploads\/Bicycle.jpg\" alt=\"Bicicleta-transporte-ecologico\" class=\"wp-image-1014\" srcset=\"https:\/\/www.abvp.pt\/wp-content\/uploads\/Bicycle.jpg 1000w, https:\/\/www.abvp.pt\/wp-content\/uploads\/Bicycle-600x400.jpg 600w, https:\/\/www.abvp.pt\/wp-content\/uploads\/Bicycle-150x100.jpg 150w, https:\/\/www.abvp.pt\/wp-content\/uploads\/Bicycle-800x534.jpg 800w, https:\/\/www.abvp.pt\/wp-content\/uploads\/Bicycle-768x512.jpg 768w\" sizes=\"(max-width: 1000px) 100vw, 1000px\" \/><figcaption>A bicicleta \u00e9 um meio de transporte alternativo e ecol\u00f3gico. <\/figcaption><\/figure>\n\n\n\n<p>De salientar que, na maioria das vezes, estamos a utilizar os mesmos meios que os habitantes. Assim sendo, \u00e9 tamb\u00e9m uma oportunidade de contactar com a cultura local.<\/p>\n\n\n\n<h3 class=\"wp-block-heading\">Explorar a gastronomia de cada pa\u00eds<\/h3>\n\n\n\n<p>Aventurar-se pela gastronomia de cada pa\u00eds \u00e9 viajar de forma sustent\u00e1vel. Afinal todos precisamos alimentar-nos em viagem. N\u00e3o h\u00e1 nada melhor que imergir na cultura de um pa\u00eds e desfrutar da cozinha local. O meio ambiente agradece, aproveitamos para experimentar iguarias e reduzir a pegada de carbono.<\/p>\n\n\n\n<p><strong>Comer onde os locais comem<\/strong> &#8211; fa\u00e7o disto m\u00e1xima em todas as viagens. Na \u00c1sia, por exemplo, a comida de rua \u00e9 deliciosa, para al\u00e9m de barata. Ao comprar comida nas pequenas bancas, estamos tamb\u00e9m a ajudar os neg\u00f3cios locais. Os pequenos restaurantes tradicionais normalmente utilizam produtos do seu pr\u00f3prio cultivo. <\/p>\n\n\n\n<p>Se optamos por cozinhar as nossas refei\u00e7\u00f5es, podemos sempre faz\u00ea-lo de maneira sustent\u00e1vel. Como?! Comprando os alimentos nos mercados locais. Para al\u00e9m de serem frescos, os produtores locais agradecem. Quem \u00e9 que n\u00e3o gosta de um bom mercado local?<\/p>\n\n\n\n<figure class=\"wp-block-image\"><img loading=\"lazy\" decoding=\"async\" width=\"1000\" height=\"667\" src=\"https:\/\/www.abvp.pt\/wp-content\/uploads\/Viajar-de-forma-sustentavel_gastronomia.jpg\" alt=\"Viajar-de-forma-sustentavel-gastronomia-mercados\" class=\"wp-image-1015\" srcset=\"https:\/\/www.abvp.pt\/wp-content\/uploads\/Viajar-de-forma-sustentavel_gastronomia.jpg 1000w, https:\/\/www.abvp.pt\/wp-content\/uploads\/Viajar-de-forma-sustentavel_gastronomia-600x400.jpg 600w, https:\/\/www.abvp.pt\/wp-content\/uploads\/Viajar-de-forma-sustentavel_gastronomia-150x100.jpg 150w, https:\/\/www.abvp.pt\/wp-content\/uploads\/Viajar-de-forma-sustentavel_gastronomia-800x534.jpg 800w, https:\/\/www.abvp.pt\/wp-content\/uploads\/Viajar-de-forma-sustentavel_gastronomia-768x512.jpg 768w\" sizes=\"(max-width: 1000px) 100vw, 1000px\" \/><figcaption>Mercado local no Vietname.<\/figcaption><\/figure>\n\n\n\n<p>Em muitas ilhas, um denominador comum \u00e9 a pesca. Uma boa maneira de ajudar a economia local \u00e9  fazer refei\u00e7\u00f5es em locais junto ao mar, onde seja poss\u00edvel saborear produtos frescos.<\/p>\n\n\n\n<p>H\u00e1 que considerar ainda o desperd\u00edcio alimentar. Se<strong> a refei\u00e7\u00e3o \u00e9 demasiado grande, podemos levar as sobras <\/strong>ou at\u00e9 mesmo d\u00e1-las a algu\u00e9m. Em Bali  aproveitei sempre o pequeno-almo\u00e7o imenso que serviam, para guardar alguma coisa para o lanche. E no Vietname pedi para levar as sobras,  em algumas ocasi\u00f5es.<\/p>\n\n\n\n<p>N\u00e3o \u00e9 vergonha nenhuma. Pelo contr\u00e1rio, estamos a ser conscientes e nada ser\u00e1 desperdi\u00e7ado. Portanto, n\u00e3o fiquem relutantes quando se trata deste assunto.<\/p>\n\n\n\n<h3 class=\"wp-block-heading\">Fotografar com consci\u00eancia<\/h3>\n\n\n\n<p>Isto \u00e9 outro daqueles assuntos controversos. Quando falo de fotografar com consci\u00eancia, engloba muito. Ningu\u00e9m vai sair por a\u00ed a fotografar tudo e mais alguma coisa. \u00c9 necess\u00e1rio respeito, acima de tudo. <\/p>\n\n\n\n<p>N\u00e3o \u00e9 a primeira vez que vejo uma placa a dizer que \u00e9 proibido fotografar e, ao meu lado, est\u00e1 algu\u00e9m a faz\u00ea-lo. J\u00e1 chamei v\u00e1rias vezes a aten\u00e7\u00e3o de turistas mais distra\u00eddos. Escusado ser\u00e1 dizer que nem sempre resulta.<\/p>\n\n\n\n<p>Fotografar \u00e9 tamb\u00e9m ter peso e medida, especialmente quando se trata de pessoas. Se formos um pouco emp\u00e1ticos, reconhecemos que ningu\u00e9m gosta de ver a sua cara estampada num s\u00edtio qualquer.<\/p>\n\n\n\n<p>N\u00e3o me interpretem mal, n\u00e3o estou a dizer que n\u00e3o se deve fotografar pessoas. No entanto, <strong>a fotografia \u00e9 por si uma oportunidade de intera\u00e7\u00e3o, de cria\u00e7\u00e3o de la\u00e7os<\/strong>. E sempre que poss\u00edvel, devemos pedir permiss\u00e3o para fotografar.<\/p>\n\n\n\n<h3 class=\"wp-block-heading\">Escolher um hotel aut\u00eantico<\/h3>\n\n\n\n<figure class=\"wp-block-image\"><img loading=\"lazy\" decoding=\"async\" width=\"1000\" height=\"562\" src=\"https:\/\/www.abvp.pt\/wp-content\/uploads\/Hillocks-hotel.jpg\" alt=\"\" class=\"wp-image-1047\" srcset=\"https:\/\/www.abvp.pt\/wp-content\/uploads\/Hillocks-hotel.jpg 1000w, https:\/\/www.abvp.pt\/wp-content\/uploads\/Hillocks-hotel-600x337.jpg 600w, https:\/\/www.abvp.pt\/wp-content\/uploads\/Hillocks-hotel-150x84.jpg 150w, https:\/\/www.abvp.pt\/wp-content\/uploads\/Hillocks-hotel-800x450.jpg 800w, https:\/\/www.abvp.pt\/wp-content\/uploads\/Hillocks-hotel-768x432.jpg 768w, https:\/\/www.abvp.pt\/wp-content\/uploads\/Hillocks-hotel-960x540.jpg 960w\" sizes=\"(max-width: 1000px) 100vw, 1000px\" \/><figcaption>Hillocks Hotel &amp; Spa, no Cambodja \u00e9 um bom exemplo de sustentabilidade. <\/figcaption><\/figure>\n\n\n\n<p>Para grande parte das pessoas que viajam, a acomoda\u00e7\u00e3o \u00e9 fundamental. E na hora de escolher um hotel, preferem algo mais c\u00f3modo. O que acontece \u00e9 que cada vez mais caminhamos no sentido da sustentabilidade. Isto \u00e9 positivo em todos os sentidos. Grandes cadeias de hot\u00e9is optam agora por <strong>pequenas altera\u00e7\u00f5es, no sentido de se tornarem mais amigas do ambiente<\/strong>.<\/p>\n\n\n\n<p>Eu continuo a preferir pequenos hot\u00e9is e <em>guesthouses<\/em>. Acabam por ser mais genu\u00ednos e estou a contribuir para a economia local. Muitos destes espa\u00e7os s\u00e3o neg\u00f3cios familiares e, acreditem, n\u00e3o h\u00e1 nada melhor de que conhecer as hist\u00f3rias de vida por detr\u00e1s de cada cara.<\/p>\n\n\n\n<p>Adoro a proximidade das pessoas que isto me traz. Uma vez em Luang Prabang, no Laos, fiquei alojada numa pequena casa ao estilo colonial. Neg\u00f3cio familiar, passado j\u00e1 por v\u00e1rias gera\u00e7\u00f5es, com anfitri\u00f5es extremamente simp\u00e1ticos e dispon\u00edveis para ajudar. <strong>Senti-me em casa, fiz ali amigos. <\/strong>Tanto que prometi voltar um dia. Podia ter tido esta experi\u00eancia numa grande cadeia hoteleira? N\u00e3o, de maneira alguma.<\/p>\n\n\n\n<p>H\u00e1 tanto que podemos fazer quando procuramos alojamentos. Por exemplo, plataformas como o <a rel=\"noreferrer noopener\" aria-label=\"Ecobnb (abre num novo separador)\" href=\"https:\/\/ecobnb.com\/\" target=\"_blank\">Ecobnb<\/a> e o <a rel=\"noreferrer noopener\" aria-label=\"Book Different (abre num novo separador)\" href=\"https:\/\/www.bookdifferent.com\/en\/\" target=\"_blank\">Book Different<\/a> ajudam na procura de alojamentos sustent\u00e1veis.<\/p>\n\n\n\n<p>Quer optemos por este tipo de acomoda\u00e7\u00f5es, quer por grandes cadeias, podemos  ter comportamentos que ajudem o meio ambiente, entre eles:<\/p>\n\n\n\n<ul class=\"wp-block-list\"><li>pedir para n\u00e3o trocarem as toalhas todos os dias;<\/li><li>levar os seus produtos de higiene;<\/li><li>separar o lixo (mesmo que o hotel n\u00e3o o fa\u00e7a);<\/li><li>apagar as luzes sempre que sair do quarto;<\/li><li>n\u00e3o deixar aparelhos ligados quando n\u00e3o est\u00e1 no quarto;<\/li><li>tomar banhos curtos;<\/li><li>fechar a torneira se est\u00e1 a lavar os dentes.<\/li><\/ul>\n\n\n\n<p>Vamos l\u00e1 p\u00f4r em pr\u00e1tica estes comportamentos. <strong>Sustentabilidade \u00e9 uma quest\u00e3o de postura e respeito por tudo o que nos rodeia<\/strong>. <\/p>\n\n\n\n<p>A aventura de viajar pelo mundo permite alcan\u00e7ar uma vis\u00e3o mais ampla, ir al\u00e9m do superficial. Em alguns casos, ajuda a formar novas conce\u00e7\u00f5es e mudar opini\u00f5es sobre determinados assuntos. Viajar \u00e9 algo que nos transforma e molda quem somos e seremos. <\/p>\n\n\n\n<p>Se queremos mesmo preservar os locais que visitamos, para que as gera\u00e7\u00f5es futuras possam contemplar o que hoje vemos, viajar de forma sustent\u00e1vel deve ser cada vez mais um prop\u00f3sito. <\/p>\n\n\n\n<p>Afinal, n\u00e3o \u00e9 nenhum bicho de sete cabe\u00e7as, basta darmos o\nprimeiro passo.<\/p>\n\n\n\n<p> <\/p>","protected":false},"excerpt":{"rendered":"<p>A crescente preocupa\u00e7\u00e3o ambiental e a adapta\u00e7\u00e3o aos novos padr\u00f5es de vida mudaram a forma de viajar. H\u00e1 cada vez mais turistas que procuram faz\u00ea-lo de forma sustent\u00e1vel. Nos dias [&hellip;]<\/p>\n","protected":false},"author":13,"featured_media":1021,"comment_status":"open","ping_status":"closed","sticky":false,"template":"","format":"standard","meta":{"_price":"","_stock":"","_tribe_ticket_header":"","_tribe_default_ticket_provider":"","_tribe_ticket_capacity":"0","_ticket_start_date":"","_ticket_end_date":"","_tribe_ticket_show_description":"","_tribe_ticket_show_not_going":false,"_tribe_ticket_use_global_stock":"","_tribe_ticket_global_stock_level":"","_global_stock_mode":"","_global_stock_cap":"","_tribe_rsvp_for_event":"","_tribe_ticket_going_count":"","_tribe_ticket_not_going_count":"","_tribe_tickets_list":"[]","_tribe_ticket_has_attendee_info_fields":false,"_EventAllDay":false,"_EventTimezone":"","_EventStartDate":"","_EventEndDate":"","_EventStartDateUTC":"","_EventEndDateUTC":"","_EventShowMap":false,"_EventShowMapLink":false,"_EventURL":"","_EventCost":"","_EventCostDescription":"","_EventCurrencySymbol":"","_EventCurrencyCode":"","_EventCurrencyPosition":"","_EventDateTimeSeparator":"","_EventTimeRangeSeparator":"","_EventOrganizerID":[],"_EventVenueID":[],"_OrganizerEmail":"","_OrganizerPhone":"","_OrganizerWebsite":"","_VenueAddress":"","_VenueCity":"","_VenueCountry":"","_VenueProvince":"","_VenueState":"","_VenueZip":"","_VenuePhone":"","_VenueURL":"","_VenueStateProvince":"","_VenueLat":"","_VenueLng":"","_VenueShowMap":false,"_VenueShowMapLink":false,"footnotes":""},"categories":[1],"tags":[],"class_list":["post-1012","post","type-post","status-publish","format-standard","has-post-thumbnail","hentry","category-conteudo"],"blocksy_meta":[],"yoast_head":"<!-- This site is optimized with the Yoast SEO plugin v26.4 - https:\/\/yoast.com\/wordpress\/plugins\/seo\/ -->\n<title>Como Viajar de Forma Sustent\u00e1vel - ABVP<\/title>\n<meta name=\"description\" content=\"Cada vez mais os turistas preocupam-se em viajar de forma sustent\u00e1vel. Descubra aqui algumas atitudes que deve ter em viagem.\" \/>\n<meta name=\"robots\" content=\"index, follow, max-snippet:-1, max-image-preview:large, max-video-preview:-1\" \/>\n<link rel=\"canonical\" href=\"https:\/\/www.abvp.pt\/en\/como-viajar-de-forma-sustentavel\/\" \/>\n<meta property=\"og:locale\" content=\"en_GB\" \/>\n<meta property=\"og:type\" content=\"article\" \/>\n<meta property=\"og:title\" content=\"Como Viajar de Forma Sustent\u00e1vel - ABVP\" \/>\n<meta property=\"og:description\" content=\"Cada vez mais os turistas preocupam-se em viajar de forma sustent\u00e1vel. Descubra aqui algumas atitudes que deve ter em viagem.\" \/>\n<meta property=\"og:url\" content=\"https:\/\/www.abvp.pt\/en\/como-viajar-de-forma-sustentavel\/\" \/>\n<meta property=\"og:site_name\" content=\"ABVP\" \/>\n<meta property=\"article:publisher\" content=\"https:\/\/www.facebook.com\/abvppt\/\" \/>\n<meta property=\"article:published_time\" content=\"2019-11-10T14:19:53+00:00\" \/>\n<meta property=\"article:modified_time\" content=\"2019-11-18T13:48:24+00:00\" \/>\n<meta property=\"og:image\" content=\"https:\/\/www.abvp.pt\/wp-content\/uploads\/Viajar-de-forma-sustentavel_slide.jpg\" \/>\n\t<meta property=\"og:image:width\" content=\"1920\" \/>\n\t<meta property=\"og:image:height\" content=\"1280\" \/>\n\t<meta property=\"og:image:type\" content=\"image\/jpeg\" \/>\n<meta name=\"author\" content=\"Sandrina Ferreira\" \/>\n<meta name=\"twitter:card\" content=\"summary_large_image\" \/>\n<meta name=\"twitter:creator\" content=\"@abvppt\" \/>\n<meta name=\"twitter:site\" content=\"@abvppt\" \/>\n<meta name=\"twitter:label1\" content=\"Written by\" \/>\n\t<meta name=\"twitter:data1\" content=\"Sandrina Ferreira\" \/>\n\t<meta name=\"twitter:label2\" content=\"Estimated reading time\" \/>\n\t<meta name=\"twitter:data2\" content=\"13 minutes\" \/>\n<script type=\"application\/ld+json\" class=\"yoast-schema-graph\">{\"@context\":\"https:\/\/schema.org\",\"@graph\":[{\"@type\":\"Article\",\"@id\":\"https:\/\/www.abvp.pt\/como-viajar-de-forma-sustentavel\/#article\",\"isPartOf\":{\"@id\":\"https:\/\/www.abvp.pt\/como-viajar-de-forma-sustentavel\/\"},\"author\":{\"name\":\"Sandrina Ferreira\",\"@id\":\"https:\/\/www.abvp.pt\/#\/schema\/person\/8824ed01cb2b6824a37b2c6127ee3e58\"},\"headline\":\"Como Viajar de Forma Sustent\u00e1vel\",\"datePublished\":\"2019-11-10T14:19:53+00:00\",\"dateModified\":\"2019-11-18T13:48:24+00:00\",\"mainEntityOfPage\":{\"@id\":\"https:\/\/www.abvp.pt\/como-viajar-de-forma-sustentavel\/\"},\"wordCount\":2646,\"commentCount\":0,\"publisher\":{\"@id\":\"https:\/\/www.abvp.pt\/#organization\"},\"image\":{\"@id\":\"https:\/\/www.abvp.pt\/como-viajar-de-forma-sustentavel\/#primaryimage\"},\"thumbnailUrl\":\"https:\/\/www.abvp.pt\/wp-content\/uploads\/Viajar-de-forma-sustentavel_slide.jpg\",\"articleSection\":[\"Conte\u00fado\"],\"inLanguage\":\"en-GB\",\"potentialAction\":[{\"@type\":\"CommentAction\",\"name\":\"Comment\",\"target\":[\"https:\/\/www.abvp.pt\/como-viajar-de-forma-sustentavel\/#respond\"]}]},{\"@type\":\"WebPage\",\"@id\":\"https:\/\/www.abvp.pt\/como-viajar-de-forma-sustentavel\/\",\"url\":\"https:\/\/www.abvp.pt\/como-viajar-de-forma-sustentavel\/\",\"name\":\"Como Viajar de Forma Sustent\u00e1vel - ABVP\",\"isPartOf\":{\"@id\":\"https:\/\/www.abvp.pt\/#website\"},\"primaryImageOfPage\":{\"@id\":\"https:\/\/www.abvp.pt\/como-viajar-de-forma-sustentavel\/#primaryimage\"},\"image\":{\"@id\":\"https:\/\/www.abvp.pt\/como-viajar-de-forma-sustentavel\/#primaryimage\"},\"thumbnailUrl\":\"https:\/\/www.abvp.pt\/wp-content\/uploads\/Viajar-de-forma-sustentavel_slide.jpg\",\"datePublished\":\"2019-11-10T14:19:53+00:00\",\"dateModified\":\"2019-11-18T13:48:24+00:00\",\"description\":\"Cada vez mais os turistas preocupam-se em viajar de forma sustent\u00e1vel. Descubra aqui algumas atitudes que deve ter em viagem.\",\"breadcrumb\":{\"@id\":\"https:\/\/www.abvp.pt\/como-viajar-de-forma-sustentavel\/#breadcrumb\"},\"inLanguage\":\"en-GB\",\"potentialAction\":[{\"@type\":\"ReadAction\",\"target\":[\"https:\/\/www.abvp.pt\/como-viajar-de-forma-sustentavel\/\"]}]},{\"@type\":\"ImageObject\",\"inLanguage\":\"en-GB\",\"@id\":\"https:\/\/www.abvp.pt\/como-viajar-de-forma-sustentavel\/#primaryimage\",\"url\":\"https:\/\/www.abvp.pt\/wp-content\/uploads\/Viajar-de-forma-sustentavel_slide.jpg\",\"contentUrl\":\"https:\/\/www.abvp.pt\/wp-content\/uploads\/Viajar-de-forma-sustentavel_slide.jpg\",\"width\":1920,\"height\":1280},{\"@type\":\"BreadcrumbList\",\"@id\":\"https:\/\/www.abvp.pt\/como-viajar-de-forma-sustentavel\/#breadcrumb\",\"itemListElement\":[{\"@type\":\"ListItem\",\"position\":1,\"name\":\"In\u00edcio\",\"item\":\"https:\/\/www.abvp.pt\/\"},{\"@type\":\"ListItem\",\"position\":2,\"name\":\"Como Viajar de Forma Sustent\u00e1vel\"}]},{\"@type\":\"WebSite\",\"@id\":\"https:\/\/www.abvp.pt\/#website\",\"url\":\"https:\/\/www.abvp.pt\/\",\"name\":\"ABVP\",\"description\":\"Associa\u00e7\u00e3o de Bloggers de Viagem Portugueses\",\"publisher\":{\"@id\":\"https:\/\/www.abvp.pt\/#organization\"},\"potentialAction\":[{\"@type\":\"SearchAction\",\"target\":{\"@type\":\"EntryPoint\",\"urlTemplate\":\"https:\/\/www.abvp.pt\/?s={search_term_string}\"},\"query-input\":{\"@type\":\"PropertyValueSpecification\",\"valueRequired\":true,\"valueName\":\"search_term_string\"}}],\"inLanguage\":\"en-GB\"},{\"@type\":\"Organization\",\"@id\":\"https:\/\/www.abvp.pt\/#organization\",\"name\":\"ABVP\",\"url\":\"https:\/\/www.abvp.pt\/\",\"logo\":{\"@type\":\"ImageObject\",\"inLanguage\":\"en-GB\",\"@id\":\"https:\/\/www.abvp.pt\/#\/schema\/logo\/image\/\",\"url\":\"https:\/\/www.abvp.pt\/wp-content\/uploads\/Logo-Header-dark.svg\",\"contentUrl\":\"https:\/\/www.abvp.pt\/wp-content\/uploads\/Logo-Header-dark.svg\",\"width\":325,\"height\":48,\"caption\":\"ABVP\"},\"image\":{\"@id\":\"https:\/\/www.abvp.pt\/#\/schema\/logo\/image\/\"},\"sameAs\":[\"https:\/\/www.facebook.com\/abvppt\/\",\"https:\/\/x.com\/abvppt\",\"https:\/\/www.instagram.com\/abvppt\/\"]},{\"@type\":\"Person\",\"@id\":\"https:\/\/www.abvp.pt\/#\/schema\/person\/8824ed01cb2b6824a37b2c6127ee3e58\",\"name\":\"Sandrina Ferreira\",\"image\":{\"@type\":\"ImageObject\",\"inLanguage\":\"en-GB\",\"@id\":\"https:\/\/www.abvp.pt\/#\/schema\/person\/image\/\",\"url\":\"https:\/\/secure.gravatar.com\/avatar\/f36d27e8d175fbc7c75d6c5cf74cf821?s=96&d=mm&r=g\",\"contentUrl\":\"https:\/\/secure.gravatar.com\/avatar\/f36d27e8d175fbc7c75d6c5cf74cf821?s=96&d=mm&r=g\",\"caption\":\"Sandrina Ferreira\"},\"description\":\"Co-autora do blog de The Wise Travellers. Apaixonada por viagens e por escrita. Decidida a explorar o mundo de forma sustent\u00e1vel.\",\"sameAs\":[\"https:\/\/www.thewisetravellers.com\"],\"url\":\"https:\/\/www.abvp.pt\/en\/author\/sferreira\/\"}]}<\/script>\n<!-- \/ Yoast SEO plugin. -->","yoast_head_json":{"title":"Como Viajar de Forma Sustent\u00e1vel - ABVP","description":"Cada vez mais os turistas preocupam-se em viajar de forma sustent\u00e1vel. Descubra aqui algumas atitudes que deve ter em viagem.","robots":{"index":"index","follow":"follow","max-snippet":"max-snippet:-1","max-image-preview":"max-image-preview:large","max-video-preview":"max-video-preview:-1"},"canonical":"https:\/\/www.abvp.pt\/en\/como-viajar-de-forma-sustentavel\/","og_locale":"en_GB","og_type":"article","og_title":"Como Viajar de Forma Sustent\u00e1vel - ABVP","og_description":"Cada vez mais os turistas preocupam-se em viajar de forma sustent\u00e1vel. Descubra aqui algumas atitudes que deve ter em viagem.","og_url":"https:\/\/www.abvp.pt\/en\/como-viajar-de-forma-sustentavel\/","og_site_name":"ABVP","article_publisher":"https:\/\/www.facebook.com\/abvppt\/","article_published_time":"2019-11-10T14:19:53+00:00","article_modified_time":"2019-11-18T13:48:24+00:00","og_image":[{"width":1920,"height":1280,"url":"https:\/\/www.abvp.pt\/wp-content\/uploads\/Viajar-de-forma-sustentavel_slide.jpg","type":"image\/jpeg"}],"author":"Sandrina Ferreira","twitter_card":"summary_large_image","twitter_creator":"@abvppt","twitter_site":"@abvppt","twitter_misc":{"Written by":"Sandrina Ferreira","Estimated reading time":"13 minutes"},"schema":{"@context":"https:\/\/schema.org","@graph":[{"@type":"Article","@id":"https:\/\/www.abvp.pt\/como-viajar-de-forma-sustentavel\/#article","isPartOf":{"@id":"https:\/\/www.abvp.pt\/como-viajar-de-forma-sustentavel\/"},"author":{"name":"Sandrina Ferreira","@id":"https:\/\/www.abvp.pt\/#\/schema\/person\/8824ed01cb2b6824a37b2c6127ee3e58"},"headline":"Como Viajar de Forma Sustent\u00e1vel","datePublished":"2019-11-10T14:19:53+00:00","dateModified":"2019-11-18T13:48:24+00:00","mainEntityOfPage":{"@id":"https:\/\/www.abvp.pt\/como-viajar-de-forma-sustentavel\/"},"wordCount":2646,"commentCount":0,"publisher":{"@id":"https:\/\/www.abvp.pt\/#organization"},"image":{"@id":"https:\/\/www.abvp.pt\/como-viajar-de-forma-sustentavel\/#primaryimage"},"thumbnailUrl":"https:\/\/www.abvp.pt\/wp-content\/uploads\/Viajar-de-forma-sustentavel_slide.jpg","articleSection":["Conte\u00fado"],"inLanguage":"en-GB","potentialAction":[{"@type":"CommentAction","name":"Comment","target":["https:\/\/www.abvp.pt\/como-viajar-de-forma-sustentavel\/#respond"]}]},{"@type":"WebPage","@id":"https:\/\/www.abvp.pt\/como-viajar-de-forma-sustentavel\/","url":"https:\/\/www.abvp.pt\/como-viajar-de-forma-sustentavel\/","name":"Como Viajar de Forma Sustent\u00e1vel - ABVP","isPartOf":{"@id":"https:\/\/www.abvp.pt\/#website"},"primaryImageOfPage":{"@id":"https:\/\/www.abvp.pt\/como-viajar-de-forma-sustentavel\/#primaryimage"},"image":{"@id":"https:\/\/www.abvp.pt\/como-viajar-de-forma-sustentavel\/#primaryimage"},"thumbnailUrl":"https:\/\/www.abvp.pt\/wp-content\/uploads\/Viajar-de-forma-sustentavel_slide.jpg","datePublished":"2019-11-10T14:19:53+00:00","dateModified":"2019-11-18T13:48:24+00:00","description":"Cada vez mais os turistas preocupam-se em viajar de forma sustent\u00e1vel. Descubra aqui algumas atitudes que deve ter em viagem.","breadcrumb":{"@id":"https:\/\/www.abvp.pt\/como-viajar-de-forma-sustentavel\/#breadcrumb"},"inLanguage":"en-GB","potentialAction":[{"@type":"ReadAction","target":["https:\/\/www.abvp.pt\/como-viajar-de-forma-sustentavel\/"]}]},{"@type":"ImageObject","inLanguage":"en-GB","@id":"https:\/\/www.abvp.pt\/como-viajar-de-forma-sustentavel\/#primaryimage","url":"https:\/\/www.abvp.pt\/wp-content\/uploads\/Viajar-de-forma-sustentavel_slide.jpg","contentUrl":"https:\/\/www.abvp.pt\/wp-content\/uploads\/Viajar-de-forma-sustentavel_slide.jpg","width":1920,"height":1280},{"@type":"BreadcrumbList","@id":"https:\/\/www.abvp.pt\/como-viajar-de-forma-sustentavel\/#breadcrumb","itemListElement":[{"@type":"ListItem","position":1,"name":"In\u00edcio","item":"https:\/\/www.abvp.pt\/"},{"@type":"ListItem","position":2,"name":"Como Viajar de Forma Sustent\u00e1vel"}]},{"@type":"WebSite","@id":"https:\/\/www.abvp.pt\/#website","url":"https:\/\/www.abvp.pt\/","name":"ABVP","description":"Association of Portuguese Travel Bloggers","publisher":{"@id":"https:\/\/www.abvp.pt\/#organization"},"potentialAction":[{"@type":"SearchAction","target":{"@type":"EntryPoint","urlTemplate":"https:\/\/www.abvp.pt\/?s={search_term_string}"},"query-input":{"@type":"PropertyValueSpecification","valueRequired":true,"valueName":"search_term_string"}}],"inLanguage":"en-GB"},{"@type":"Organization","@id":"https:\/\/www.abvp.pt\/#organization","name":"ABVP","url":"https:\/\/www.abvp.pt\/","logo":{"@type":"ImageObject","inLanguage":"en-GB","@id":"https:\/\/www.abvp.pt\/#\/schema\/logo\/image\/","url":"https:\/\/www.abvp.pt\/wp-content\/uploads\/Logo-Header-dark.svg","contentUrl":"https:\/\/www.abvp.pt\/wp-content\/uploads\/Logo-Header-dark.svg","width":325,"height":48,"caption":"ABVP"},"image":{"@id":"https:\/\/www.abvp.pt\/#\/schema\/logo\/image\/"},"sameAs":["https:\/\/www.facebook.com\/abvppt\/","https:\/\/x.com\/abvppt","https:\/\/www.instagram.com\/abvppt\/"]},{"@type":"Person","@id":"https:\/\/www.abvp.pt\/#\/schema\/person\/8824ed01cb2b6824a37b2c6127ee3e58","name":"Sandrina Ferreira","image":{"@type":"ImageObject","inLanguage":"en-GB","@id":"https:\/\/www.abvp.pt\/#\/schema\/person\/image\/","url":"https:\/\/secure.gravatar.com\/avatar\/f36d27e8d175fbc7c75d6c5cf74cf821?s=96&d=mm&r=g","contentUrl":"https:\/\/secure.gravatar.com\/avatar\/f36d27e8d175fbc7c75d6c5cf74cf821?s=96&d=mm&r=g","caption":"Sandrina Ferreira"},"description":"Co-autora do blog de The Wise Travellers. Apaixonada por viagens e por escrita. Decidida a explorar o mundo de forma sustent\u00e1vel.","sameAs":["https:\/\/www.thewisetravellers.com"],"url":"https:\/\/www.abvp.pt\/en\/author\/sferreira\/"}]}},"_links":{"self":[{"href":"https:\/\/www.abvp.pt\/en\/wp-json\/wp\/v2\/posts\/1012","targetHints":{"allow":["GET"]}}],"collection":[{"href":"https:\/\/www.abvp.pt\/en\/wp-json\/wp\/v2\/posts"}],"about":[{"href":"https:\/\/www.abvp.pt\/en\/wp-json\/wp\/v2\/types\/post"}],"author":[{"embeddable":true,"href":"https:\/\/www.abvp.pt\/en\/wp-json\/wp\/v2\/users\/13"}],"replies":[{"embeddable":true,"href":"https:\/\/www.abvp.pt\/en\/wp-json\/wp\/v2\/comments?post=1012"}],"version-history":[{"count":0,"href":"https:\/\/www.abvp.pt\/en\/wp-json\/wp\/v2\/posts\/1012\/revisions"}],"wp:featuredmedia":[{"embeddable":true,"href":"https:\/\/www.abvp.pt\/en\/wp-json\/wp\/v2\/media\/1021"}],"wp:attachment":[{"href":"https:\/\/www.abvp.pt\/en\/wp-json\/wp\/v2\/media?parent=1012"}],"wp:term":[{"taxonomy":"category","embeddable":true,"href":"https:\/\/www.abvp.pt\/en\/wp-json\/wp\/v2\/categories?post=1012"},{"taxonomy":"post_tag","embeddable":true,"href":"https:\/\/www.abvp.pt\/en\/wp-json\/wp\/v2\/tags?post=1012"}],"curies":[{"name":"wp","href":"https:\/\/api.w.org\/{rel}","templated":true}]}}