{"id":1052,"date":"2019-11-17T13:10:51","date_gmt":"2019-11-17T13:10:51","guid":{"rendered":"https:\/\/www.abvp.pt\/?p=1052"},"modified":"2019-11-18T13:51:07","modified_gmt":"2019-11-18T13:51:07","slug":"viajante-dos-sete-oficios-ligia-gomes","status":"publish","type":"post","link":"https:\/\/www.abvp.pt\/en\/viajante-dos-sete-oficios-ligia-gomes\/","title":{"rendered":"A viajante dos sete of\u00edcios: L\u00edgia Gomes (entrevista)"},"content":{"rendered":"<p><strong>Name<\/strong>: L\u00edgia\nGomes<\/p>\n\n\n\n<p><strong>Profiss\u00e3o<\/strong>: J\u00e1 usei v\u00e1rios chap\u00e9us. Embora seja farmac\u00eautica de forma\u00e7\u00e3o e j\u00e1 tenha trabalhado na ind\u00fastria farmac\u00eautica, tamb\u00e9m fui <em>copywriter<\/em> numa ag\u00eancia de publicidade, trabalhei em marketing digital, como respons\u00e1vel da equipa de conte\u00fado e <em>community manager<\/em> numa <em>start-up<\/em>, dei aulas, fui diretora-geral de uma empresa americana de viagens para n\u00f3madas digitais. Recentemente decidi abra\u00e7ar o trabalho remoto; fa\u00e7o <em>customer support<\/em> para uma <em>start-up<\/em> australiana. Assim, posso trabalhar e viajar ao mesmo tempo.<\/p>\n\n\n\n<p><strong>Data de nascimento<\/strong>: 1985<\/p>\n\n\n\n<p><strong>Local de nascimento<\/strong>: Loul\u00e9<\/p>\n\n\n\n<p><strong>Local de resid\u00eancia<\/strong>: Lisboa<\/p>\n\n\n\n<p><strong>Pr\u00f3ximas viagens<\/strong>: Tenho\ntend\u00eancia de marcar sempre tudo de um dia para o outro. <em>Go with the Flow.<\/em><\/p>\n\n\n\n<p><strong>Blog: <\/strong><a href=\"http:\/\/acrushon.com\/\">A Crush On<\/a><\/p>\n\n\n\n<p>1. <strong>O que significam as viagens para si? <\/strong><\/p>\n\n\n\n<p>Um estilo de vida. A minha vida. O meu espa\u00e7o de felicidade. S\u00f3 me sinto realmente eu quando estou em tr\u00e2nsito e a sair do conforto da minha casa. \u00c9 uma sensa\u00e7\u00e3o de descoberta constante e isso fascina-me. Adoro aprender com novas culturas \u00e0s quais nunca estive exposta, porque \u00e9 nessa colis\u00e3o que se produz conhecimento e se engrandece o amor pelo nosso magn\u00edfico mundo. \u00c9 nessa colis\u00e3o que se aprende a respeit\u00e1-lo ainda mais. E \u00e9 tamb\u00e9m a\u00ed que sinto como gosto de casa. A m\u00fasica do Ant\u00f3nio Varia\u00e7\u00f5es \u201cEstou Al\u00e9m\u201d assenta-me que nem uma luva. <\/p>\n\n\n\n<figure class=\"wp-block-image size-large\"><img fetchpriority=\"high\" decoding=\"async\" width=\"1200\" height=\"1600\" src=\"https:\/\/www.abvp.pt\/wp-content\/uploads\/Myanmar-2015-1200x1600.jpg\" alt=\"\" class=\"wp-image-1057\" srcset=\"https:\/\/www.abvp.pt\/wp-content\/uploads\/Myanmar-2015-1200x1600.jpg 1200w, https:\/\/www.abvp.pt\/wp-content\/uploads\/Myanmar-2015-600x800.jpg 600w, https:\/\/www.abvp.pt\/wp-content\/uploads\/Myanmar-2015-113x150.jpg 113w, https:\/\/www.abvp.pt\/wp-content\/uploads\/Myanmar-2015-768x1024.jpg 768w, https:\/\/www.abvp.pt\/wp-content\/uploads\/Myanmar-2015-1152x1536.jpg 1152w, https:\/\/www.abvp.pt\/wp-content\/uploads\/Myanmar-2015.jpg 1440w\" sizes=\"(max-width: 1200px) 100vw, 1200px\" \/><figcaption>Pequeno monge em Myanmar<\/figcaption><\/figure>\n\n\n\n<p>2. <strong>Entre os destinos que j\u00e1 visitou, h\u00e1 algum que a tenha marcado de forma especial? Conte-nos. <\/strong><\/p>\n\n\n\n<p>A \u00cdndia foi provavelmente o ponto de viragem na minha rela\u00e7\u00e3o com as viagens. Foi a minha primeira grande viagem: quase um m\u00eas de mochila \u00e0s costas, numa altura onde o telem\u00f3vel e a internet n\u00e3o eram omnipresentes. Foi um grande choque cultural. &nbsp;A partir da\u00ed, senti que <strong>o mundo \u00e9 a minha casa<\/strong> porque, embora me sinta sempre impelida a novos encontros com o desconhecido, j\u00e1 n\u00e3o o temo. <\/p>\n\n\n\n<p>3. <strong>O que mais a influencia na hora de escolher um destino de viagem? <\/strong><\/p>\n\n\n\n<p>N\u00e3o tenho uma linha condutora, depende de quanto tempo tenho dispon\u00edvel, do or\u00e7amento, da altura do ano ou da companhia. Tento sempre ir onde ainda n\u00e3o fui; s\u00f3 penso em repetir uma cidade se realmente existir uma raz\u00e3o muito espec\u00edfica. Importante frisar que falo em cidades e n\u00e3o em pa\u00edses. Se pensarmos no nosso pa\u00eds, Lisboa, Porto ou Algarve s\u00e3o s\u00edtios completamente diferentes.&nbsp; Uma coisa que gosto \u00e9 de bom tempo &#8211; lido muito mal com o frio &#8211; e de s\u00edtios com alguma carga cultural. <\/p>\n\n\n\n<p>4. <strong>J\u00e1 viveu fora de Portugal mais que seis meses? Se sim, onde e o que retirou dessa experi\u00eancia? <\/strong><\/p>\n\n\n\n<p>O meu limite foi seis meses, quando estive em\nErasmus na Gr\u00e9cia. Como fui sozinha e n\u00e3o conhecia ningu\u00e9m, obrigou-me a ter\nmais iniciativa e conhecer novas pessoas, caracter\u00edstica que me acompanhou desde\nent\u00e3o. <\/p>\n\n\n\n<figure class=\"wp-block-image size-large\"><img decoding=\"async\" width=\"1200\" height=\"800\" src=\"https:\/\/www.abvp.pt\/wp-content\/uploads\/Lisboa.jpg\" alt=\"\" class=\"wp-image-1056\" srcset=\"https:\/\/www.abvp.pt\/wp-content\/uploads\/Lisboa.jpg 1200w, https:\/\/www.abvp.pt\/wp-content\/uploads\/Lisboa-600x400.jpg 600w, https:\/\/www.abvp.pt\/wp-content\/uploads\/Lisboa-800x533.jpg 800w, https:\/\/www.abvp.pt\/wp-content\/uploads\/Lisboa-150x100.jpg 150w, https:\/\/www.abvp.pt\/wp-content\/uploads\/Lisboa-768x512.jpg 768w\" sizes=\"(max-width: 1200px) 100vw, 1200px\" \/><figcaption>Os lindos azulejos de Lisboa<\/figcaption><\/figure>\n\n\n\n<p><strong>5.\nExplique o que \u00e9 o seu blog de viagens e a raz\u00e3o da sua exist\u00eancia. <\/strong><\/p>\n\n\n\n<p>O blog come\u00e7ou porque os amigos me pediam recomenda\u00e7\u00f5es ap\u00f3s as minhas viagens, idas a restaurantes, festivais&#8230; de tudo um pouco. Um dia lembrei-me que, se as escrevesse, seria muito mais f\u00e1cil. S\u00f3 teria de enviar um link, sempre que me pedissem. Assim foi. Este detalhe, aliado ao gosto pela escrita, tornou o processo muito prazeroso e passou a fazer parte dos meus dias. <\/p>\n\n\n\n<p><strong>6.\nComo surgiu o nome do blog?<\/strong><\/p>\n\n\n\n<p>\u201cA Crush On\u201d significa ter um sentimento amoroso por\nalgu\u00e9m, especialmente algu\u00e9m que n\u00e3o conhecemos bem. O meu \u201calgu\u00e9m\u201d s\u00e3o as\ncoisas que vou descobrindo e o mundo que vou encontrando. Uma amiga sugeriu o\nnome, inspirada no facto de eu gostar de muitas coisas diferentes, ter v\u00e1rios <em>crushes<\/em>, em vez de uma \u00fanica paix\u00e3o. <\/p>\n\n\n\n<p><strong>7.\nDestaque um dos posts de que mais gosta no seu blog e explique porqu\u00ea. <\/strong><\/p>\n\n\n\n<p>Sem d\u00favida o post sobre <a href=\"http:\/\/acrushon.com\/couchsurfing-mosteiro\/\">Couchsurfing num mosteiro em Myanmar<\/a>. Foi uma decis\u00e3o que tinha tudo para correr mal e que for\u00e7ou uma aprendizagem imensa. <\/p>\n\n\n\n<p>\u201cLemos que na Birm\u00e2nia n\u00e3o era permitido que os turistas ficassem em casas particulares e que, legalmente, dever\u00edamos pernoitar sempre num hotel. Algumas respostas de couchsurfers explicavam esta quest\u00e3o. N\u00e3o fic\u00e1mos contentes com este desfecho. Decidimos arriscar na aleatoriedade. Procur\u00e1mos couchsurfers no pa\u00eds inteiro. Em 676.578 km\u00b2 certamente algu\u00e9m nos iria receber. Se algu\u00e9m nos respondesse positivamente, alterar\u00edamos os planos de viagem e tentar\u00edamos passar por l\u00e1. Assim foi. Um monge chamado Uvi Seitta acedeu a receber-nos no seu mosteiro e decidimos fazer o desvio para conhecer esta realidade e descobrir Meiktila.\u201d<\/p>\n\n\n\n<figure class=\"wp-block-image size-large\"><img decoding=\"async\" width=\"1280\" height=\"1600\" src=\"https:\/\/www.abvp.pt\/wp-content\/uploads\/Madagascar-Setembro-2016--1280x1600.jpg\" alt=\"Madag\u00e1scar\" class=\"wp-image-1059\" srcset=\"https:\/\/www.abvp.pt\/wp-content\/uploads\/Madagascar-Setembro-2016--1280x1600.jpg 1280w, https:\/\/www.abvp.pt\/wp-content\/uploads\/Madagascar-Setembro-2016--600x750.jpg 600w, https:\/\/www.abvp.pt\/wp-content\/uploads\/Madagascar-Setembro-2016--640x800.jpg 640w, https:\/\/www.abvp.pt\/wp-content\/uploads\/Madagascar-Setembro-2016--120x150.jpg 120w, https:\/\/www.abvp.pt\/wp-content\/uploads\/Madagascar-Setembro-2016--768x960.jpg 768w, https:\/\/www.abvp.pt\/wp-content\/uploads\/Madagascar-Setembro-2016--1229x1536.jpg 1229w, https:\/\/www.abvp.pt\/wp-content\/uploads\/Madagascar-Setembro-2016-.jpg 1440w\" sizes=\"(max-width: 1280px) 100vw, 1280px\" \/><figcaption>Numa aldeia em Madag\u00e1scar<\/figcaption><\/figure>\n\n\n\n<p><strong>8.\nAlguma dica para quem pretende come\u00e7ar agora um blog de viagens? <\/strong><\/p>\n\n\n\n<p>Fa\u00e7am-no porque gostam &#8211; isso \u00e9 o mais importante. <strong>Pensem qual \u00e9 a plataforma certa para voc\u00eas. <\/strong>Embora ame escrever, nem sempre tenho tempo e, para n\u00e3o me desmotivar, tenho explorado com bastante entusiasmo a cria\u00e7\u00e3o de conte\u00fados no Instagram, gra\u00e7as \u00e0 possibilidade de aprender mais sobre imagem e v\u00eddeo. <\/p>\n\n\n\n<p>Fazer uma <em>story<\/em> \u00e9 mais f\u00e1cil que escrever um artigo. Ser\u00e1 apenas essa a raz\u00e3o? N\u00e3o. Tamb\u00e9m \u00e9 porque sou super exigente com a minha escrita e, normalmente, detesto o que escrevo quando n\u00e3o tenho o tempo necess\u00e1rio para lhe dedicar. Tentem n\u00e3o ser como eu. Sejam menos exigentes. Ponham c\u00e1 para fora aquilo que sentem. <\/p>\n\n\n\n<p><strong>9.\nQue papel desempenham os blogs junto de outras pessoas que gostam de viajar? <\/strong><\/p>\n\n\n\n<p>Embora hoje em dia seja muito mais f\u00e1cil viajar,\nainda h\u00e1 muita gente que nunca o fez, ou nunca saiu do seu continente. Quando\nas pessoas decidem dar um salto maior, precisam de sentir que um ser humano\nnormal (e n\u00e3o uma estrela de televis\u00e3o ou figura p\u00fablica) j\u00e1 o fez, que passou\npor uma experi\u00eancia semelhante. Penso que, mais do que dar conselhos e dicas de\nviagem, damos seguran\u00e7a e mostramos que \u00e9 poss\u00edvel. <\/p>\n\n\n\n<p>Para os mais aventureiros tamb\u00e9m somos importantes, porque muita coisa que escrevemos nos nossos blogs n\u00e3o est\u00e3o nos guias <em>mainstream<\/em>. <strong>As pessoas gostam de sentir que est\u00e3o a viver o desconhecido do desconhecido.<\/strong> <\/p>\n\n\n\n<figure class=\"wp-block-image size-large\"><img loading=\"lazy\" decoding=\"async\" width=\"1200\" height=\"800\" src=\"https:\/\/www.abvp.pt\/wp-content\/uploads\/china.jpg\" alt=\"\" class=\"wp-image-1055\" srcset=\"https:\/\/www.abvp.pt\/wp-content\/uploads\/china.jpg 1200w, https:\/\/www.abvp.pt\/wp-content\/uploads\/china-600x400.jpg 600w, https:\/\/www.abvp.pt\/wp-content\/uploads\/china-800x533.jpg 800w, https:\/\/www.abvp.pt\/wp-content\/uploads\/china-150x100.jpg 150w, https:\/\/www.abvp.pt\/wp-content\/uploads\/china-768x512.jpg 768w\" sizes=\"(max-width: 1200px) 100vw, 1200px\" \/><figcaption>Vendedores de baozi, na China<\/figcaption><\/figure>\n\n\n\n<p><strong>10.\nQual \u00e9 o seu maior sonho por cumprir?<\/strong><\/p>\n\n\n\n<p>Depois de algumas viagens, decidi voltar a estudar. Escolhi <em>Antropologia<\/em>, para entender melhor as diferentes culturas e comunidades. Isso abriu-me os horizontes, mostrou-me outras dimens\u00f5es existentes no turismo e na viagem. Para al\u00e9m disso, fiz uma p\u00f3s-gradua\u00e7\u00e3o de <em>Desenvolvimento e Coopera\u00e7\u00e3o Internacional<\/em>.<\/p>\n\n\n\n<p>Sonho fazer algumas <strong>viagens focadas em projetos de coopera\u00e7\u00e3o<\/strong> que as grandes institui\u00e7\u00f5es promovem, para entender o seu impacto. Noutra \u00f3tica, gostava de fazer uma incurs\u00e3o mais prolongada para divulgar com mais fundamento os problemas que certas comunidades t\u00eam de superar. <\/p>\n\n\n\n<p>Para al\u00e9m disso, focar-me sobre como fazer turismo de um modo sustent\u00e1vel e que respeite o nosso planeta. No fundo,<strong> trabalhar mais a viagem sustent\u00e1vel e solid\u00e1ria<\/strong>.&nbsp; Sinto que s\u00f3 conseguiria fazer isto com apoios e se vivesse do blog. Por isso permanece ainda um sonho. <\/p>","protected":false},"excerpt":{"rendered":"<p>Nome: L\u00edgia Gomes Profiss\u00e3o: J\u00e1 usei v\u00e1rios chap\u00e9us. Embora seja farmac\u00eautica de forma\u00e7\u00e3o e j\u00e1 tenha trabalhado na ind\u00fastria farmac\u00eautica, tamb\u00e9m fui copywriter numa ag\u00eancia de publicidade, trabalhei em marketing [&hellip;]<\/p>\n","protected":false},"author":5,"featured_media":1053,"comment_status":"open","ping_status":"closed","sticky":false,"template":"","format":"standard","meta":{"_price":"","_stock":"","_tribe_ticket_header":"","_tribe_default_ticket_provider":"","_tribe_ticket_capacity":"0","_ticket_start_date":"","_ticket_end_date":"","_tribe_ticket_show_description":"","_tribe_ticket_show_not_going":false,"_tribe_ticket_use_global_stock":"","_tribe_ticket_global_stock_level":"","_global_stock_mode":"","_global_stock_cap":"","_tribe_rsvp_for_event":"","_tribe_ticket_going_count":"","_tribe_ticket_not_going_count":"","_tribe_tickets_list":"[]","_tribe_ticket_has_attendee_info_fields":false,"_EventAllDay":false,"_EventTimezone":"","_EventStartDate":"","_EventEndDate":"","_EventStartDateUTC":"","_EventEndDateUTC":"","_EventShowMap":false,"_EventShowMapLink":false,"_EventURL":"","_EventCost":"","_EventCostDescription":"","_EventCurrencySymbol":"","_EventCurrencyCode":"","_EventCurrencyPosition":"","_EventDateTimeSeparator":"","_EventTimeRangeSeparator":"","_EventOrganizerID":[],"_EventVenueID":[],"_OrganizerEmail":"","_OrganizerPhone":"","_OrganizerWebsite":"","_VenueAddress":"","_VenueCity":"","_VenueCountry":"","_VenueProvince":"","_VenueState":"","_VenueZip":"","_VenuePhone":"","_VenueURL":"","_VenueStateProvince":"","_VenueLat":"","_VenueLng":"","_VenueShowMap":false,"_VenueShowMapLink":false,"footnotes":""},"categories":[1],"tags":[],"class_list":["post-1052","post","type-post","status-publish","format-standard","has-post-thumbnail","hentry","category-conteudo"],"blocksy_meta":[],"yoast_head":"<!-- This site is optimized with the Yoast SEO plugin v26.4 - https:\/\/yoast.com\/wordpress\/plugins\/seo\/ -->\n<title>A viajante dos sete of\u00edcios: L\u00edgia Gomes (entrevista) - ABVP<\/title>\n<meta name=\"robots\" content=\"index, follow, max-snippet:-1, max-image-preview:large, max-video-preview:-1\" \/>\n<link rel=\"canonical\" href=\"https:\/\/www.abvp.pt\/en\/viajante-dos-sete-oficios-ligia-gomes\/\" \/>\n<meta property=\"og:locale\" content=\"en_GB\" \/>\n<meta property=\"og:type\" content=\"article\" \/>\n<meta property=\"og:title\" content=\"A viajante dos sete of\u00edcios: L\u00edgia Gomes (entrevista) - ABVP\" \/>\n<meta property=\"og:description\" content=\"Nome: L\u00edgia Gomes Profiss\u00e3o: J\u00e1 usei v\u00e1rios chap\u00e9us. Embora seja farmac\u00eautica de forma\u00e7\u00e3o e j\u00e1 tenha trabalhado na ind\u00fastria farmac\u00eautica, tamb\u00e9m fui copywriter numa ag\u00eancia de publicidade, trabalhei em marketing [&hellip;]\" \/>\n<meta property=\"og:url\" content=\"https:\/\/www.abvp.pt\/en\/viajante-dos-sete-oficios-ligia-gomes\/\" \/>\n<meta property=\"og:site_name\" content=\"ABVP\" \/>\n<meta property=\"article:publisher\" content=\"https:\/\/www.facebook.com\/abvppt\/\" \/>\n<meta property=\"article:published_time\" content=\"2019-11-17T13:10:51+00:00\" \/>\n<meta property=\"article:modified_time\" content=\"2019-11-18T13:51:07+00:00\" \/>\n<meta property=\"og:image\" content=\"https:\/\/www.abvp.pt\/wp-content\/uploads\/sri-lanka.jpg\" \/>\n\t<meta property=\"og:image:width\" content=\"1200\" \/>\n\t<meta property=\"og:image:height\" content=\"800\" \/>\n\t<meta property=\"og:image:type\" content=\"image\/jpeg\" \/>\n<meta name=\"author\" content=\"Ruthia Portelinha\" \/>\n<meta name=\"twitter:card\" content=\"summary_large_image\" \/>\n<meta name=\"twitter:creator\" content=\"@abvppt\" \/>\n<meta name=\"twitter:site\" content=\"@abvppt\" \/>\n<meta name=\"twitter:label1\" content=\"Written by\" \/>\n\t<meta name=\"twitter:data1\" content=\"Ruthia Portelinha\" \/>\n\t<meta name=\"twitter:label2\" content=\"Estimated reading time\" \/>\n\t<meta name=\"twitter:data2\" content=\"6 minutes\" \/>\n<script type=\"application\/ld+json\" class=\"yoast-schema-graph\">{\"@context\":\"https:\/\/schema.org\",\"@graph\":[{\"@type\":\"Article\",\"@id\":\"https:\/\/www.abvp.pt\/viajante-dos-sete-oficios-ligia-gomes\/#article\",\"isPartOf\":{\"@id\":\"https:\/\/www.abvp.pt\/viajante-dos-sete-oficios-ligia-gomes\/\"},\"author\":{\"name\":\"Ruthia Portelinha\",\"@id\":\"https:\/\/www.abvp.pt\/#\/schema\/person\/3224ab1e82979d8d2daa9b24c41ac06f\"},\"headline\":\"A viajante dos sete of\u00edcios: L\u00edgia Gomes (entrevista)\",\"datePublished\":\"2019-11-17T13:10:51+00:00\",\"dateModified\":\"2019-11-18T13:51:07+00:00\",\"mainEntityOfPage\":{\"@id\":\"https:\/\/www.abvp.pt\/viajante-dos-sete-oficios-ligia-gomes\/\"},\"wordCount\":1233,\"commentCount\":0,\"publisher\":{\"@id\":\"https:\/\/www.abvp.pt\/#organization\"},\"image\":{\"@id\":\"https:\/\/www.abvp.pt\/viajante-dos-sete-oficios-ligia-gomes\/#primaryimage\"},\"thumbnailUrl\":\"https:\/\/www.abvp.pt\/wp-content\/uploads\/sri-lanka.jpg\",\"articleSection\":[\"Conte\u00fado\"],\"inLanguage\":\"en-GB\",\"potentialAction\":[{\"@type\":\"CommentAction\",\"name\":\"Comment\",\"target\":[\"https:\/\/www.abvp.pt\/viajante-dos-sete-oficios-ligia-gomes\/#respond\"]}]},{\"@type\":\"WebPage\",\"@id\":\"https:\/\/www.abvp.pt\/viajante-dos-sete-oficios-ligia-gomes\/\",\"url\":\"https:\/\/www.abvp.pt\/viajante-dos-sete-oficios-ligia-gomes\/\",\"name\":\"A viajante dos sete of\u00edcios: L\u00edgia Gomes (entrevista) - ABVP\",\"isPartOf\":{\"@id\":\"https:\/\/www.abvp.pt\/#website\"},\"primaryImageOfPage\":{\"@id\":\"https:\/\/www.abvp.pt\/viajante-dos-sete-oficios-ligia-gomes\/#primaryimage\"},\"image\":{\"@id\":\"https:\/\/www.abvp.pt\/viajante-dos-sete-oficios-ligia-gomes\/#primaryimage\"},\"thumbnailUrl\":\"https:\/\/www.abvp.pt\/wp-content\/uploads\/sri-lanka.jpg\",\"datePublished\":\"2019-11-17T13:10:51+00:00\",\"dateModified\":\"2019-11-18T13:51:07+00:00\",\"breadcrumb\":{\"@id\":\"https:\/\/www.abvp.pt\/viajante-dos-sete-oficios-ligia-gomes\/#breadcrumb\"},\"inLanguage\":\"en-GB\",\"potentialAction\":[{\"@type\":\"ReadAction\",\"target\":[\"https:\/\/www.abvp.pt\/viajante-dos-sete-oficios-ligia-gomes\/\"]}]},{\"@type\":\"ImageObject\",\"inLanguage\":\"en-GB\",\"@id\":\"https:\/\/www.abvp.pt\/viajante-dos-sete-oficios-ligia-gomes\/#primaryimage\",\"url\":\"https:\/\/www.abvp.pt\/wp-content\/uploads\/sri-lanka.jpg\",\"contentUrl\":\"https:\/\/www.abvp.pt\/wp-content\/uploads\/sri-lanka.jpg\",\"width\":1200,\"height\":800,\"caption\":\"Sri Lanka\"},{\"@type\":\"BreadcrumbList\",\"@id\":\"https:\/\/www.abvp.pt\/viajante-dos-sete-oficios-ligia-gomes\/#breadcrumb\",\"itemListElement\":[{\"@type\":\"ListItem\",\"position\":1,\"name\":\"In\u00edcio\",\"item\":\"https:\/\/www.abvp.pt\/\"},{\"@type\":\"ListItem\",\"position\":2,\"name\":\"A viajante dos sete of\u00edcios: L\u00edgia Gomes (entrevista)\"}]},{\"@type\":\"WebSite\",\"@id\":\"https:\/\/www.abvp.pt\/#website\",\"url\":\"https:\/\/www.abvp.pt\/\",\"name\":\"ABVP\",\"description\":\"Associa\u00e7\u00e3o de Bloggers de Viagem Portugueses\",\"publisher\":{\"@id\":\"https:\/\/www.abvp.pt\/#organization\"},\"potentialAction\":[{\"@type\":\"SearchAction\",\"target\":{\"@type\":\"EntryPoint\",\"urlTemplate\":\"https:\/\/www.abvp.pt\/?s={search_term_string}\"},\"query-input\":{\"@type\":\"PropertyValueSpecification\",\"valueRequired\":true,\"valueName\":\"search_term_string\"}}],\"inLanguage\":\"en-GB\"},{\"@type\":\"Organization\",\"@id\":\"https:\/\/www.abvp.pt\/#organization\",\"name\":\"ABVP\",\"url\":\"https:\/\/www.abvp.pt\/\",\"logo\":{\"@type\":\"ImageObject\",\"inLanguage\":\"en-GB\",\"@id\":\"https:\/\/www.abvp.pt\/#\/schema\/logo\/image\/\",\"url\":\"https:\/\/www.abvp.pt\/wp-content\/uploads\/Logo-Header-dark.svg\",\"contentUrl\":\"https:\/\/www.abvp.pt\/wp-content\/uploads\/Logo-Header-dark.svg\",\"width\":325,\"height\":48,\"caption\":\"ABVP\"},\"image\":{\"@id\":\"https:\/\/www.abvp.pt\/#\/schema\/logo\/image\/\"},\"sameAs\":[\"https:\/\/www.facebook.com\/abvppt\/\",\"https:\/\/x.com\/abvppt\",\"https:\/\/www.instagram.com\/abvppt\/\"]},{\"@type\":\"Person\",\"@id\":\"https:\/\/www.abvp.pt\/#\/schema\/person\/3224ab1e82979d8d2daa9b24c41ac06f\",\"name\":\"Ruthia Portelinha\",\"image\":{\"@type\":\"ImageObject\",\"inLanguage\":\"en-GB\",\"@id\":\"https:\/\/www.abvp.pt\/#\/schema\/person\/image\/\",\"url\":\"https:\/\/secure.gravatar.com\/avatar\/fe88f7331e86f7718c223ca840ea6091?s=96&d=mm&r=g\",\"contentUrl\":\"https:\/\/secure.gravatar.com\/avatar\/fe88f7331e86f7718c223ca840ea6091?s=96&d=mm&r=g\",\"caption\":\"Ruthia Portelinha\"},\"description\":\"Viajante, m\u00e3e babada, choc\u00f3latra, amante de livros e museus. Autora do blog O Ber\u00e7o do Mundo.\",\"sameAs\":[\"https:\/\/www.bercodomundo.com\"],\"url\":\"https:\/\/www.abvp.pt\/en\/author\/ruthia\/\"}]}<\/script>\n<!-- \/ Yoast SEO plugin. -->","yoast_head_json":{"title":"A viajante dos sete of\u00edcios: L\u00edgia Gomes (entrevista) - ABVP","robots":{"index":"index","follow":"follow","max-snippet":"max-snippet:-1","max-image-preview":"max-image-preview:large","max-video-preview":"max-video-preview:-1"},"canonical":"https:\/\/www.abvp.pt\/en\/viajante-dos-sete-oficios-ligia-gomes\/","og_locale":"en_GB","og_type":"article","og_title":"A viajante dos sete of\u00edcios: L\u00edgia Gomes (entrevista) - ABVP","og_description":"Nome: L\u00edgia Gomes Profiss\u00e3o: J\u00e1 usei v\u00e1rios chap\u00e9us. Embora seja farmac\u00eautica de forma\u00e7\u00e3o e j\u00e1 tenha trabalhado na ind\u00fastria farmac\u00eautica, tamb\u00e9m fui copywriter numa ag\u00eancia de publicidade, trabalhei em marketing [&hellip;]","og_url":"https:\/\/www.abvp.pt\/en\/viajante-dos-sete-oficios-ligia-gomes\/","og_site_name":"ABVP","article_publisher":"https:\/\/www.facebook.com\/abvppt\/","article_published_time":"2019-11-17T13:10:51+00:00","article_modified_time":"2019-11-18T13:51:07+00:00","og_image":[{"width":1200,"height":800,"url":"https:\/\/www.abvp.pt\/wp-content\/uploads\/sri-lanka.jpg","type":"image\/jpeg"}],"author":"Ruthia Portelinha","twitter_card":"summary_large_image","twitter_creator":"@abvppt","twitter_site":"@abvppt","twitter_misc":{"Written by":"Ruthia Portelinha","Estimated reading time":"6 minutes"},"schema":{"@context":"https:\/\/schema.org","@graph":[{"@type":"Article","@id":"https:\/\/www.abvp.pt\/viajante-dos-sete-oficios-ligia-gomes\/#article","isPartOf":{"@id":"https:\/\/www.abvp.pt\/viajante-dos-sete-oficios-ligia-gomes\/"},"author":{"name":"Ruthia Portelinha","@id":"https:\/\/www.abvp.pt\/#\/schema\/person\/3224ab1e82979d8d2daa9b24c41ac06f"},"headline":"A viajante dos sete of\u00edcios: L\u00edgia Gomes (entrevista)","datePublished":"2019-11-17T13:10:51+00:00","dateModified":"2019-11-18T13:51:07+00:00","mainEntityOfPage":{"@id":"https:\/\/www.abvp.pt\/viajante-dos-sete-oficios-ligia-gomes\/"},"wordCount":1233,"commentCount":0,"publisher":{"@id":"https:\/\/www.abvp.pt\/#organization"},"image":{"@id":"https:\/\/www.abvp.pt\/viajante-dos-sete-oficios-ligia-gomes\/#primaryimage"},"thumbnailUrl":"https:\/\/www.abvp.pt\/wp-content\/uploads\/sri-lanka.jpg","articleSection":["Conte\u00fado"],"inLanguage":"en-GB","potentialAction":[{"@type":"CommentAction","name":"Comment","target":["https:\/\/www.abvp.pt\/viajante-dos-sete-oficios-ligia-gomes\/#respond"]}]},{"@type":"WebPage","@id":"https:\/\/www.abvp.pt\/viajante-dos-sete-oficios-ligia-gomes\/","url":"https:\/\/www.abvp.pt\/viajante-dos-sete-oficios-ligia-gomes\/","name":"A viajante dos sete of\u00edcios: L\u00edgia Gomes (entrevista) - ABVP","isPartOf":{"@id":"https:\/\/www.abvp.pt\/#website"},"primaryImageOfPage":{"@id":"https:\/\/www.abvp.pt\/viajante-dos-sete-oficios-ligia-gomes\/#primaryimage"},"image":{"@id":"https:\/\/www.abvp.pt\/viajante-dos-sete-oficios-ligia-gomes\/#primaryimage"},"thumbnailUrl":"https:\/\/www.abvp.pt\/wp-content\/uploads\/sri-lanka.jpg","datePublished":"2019-11-17T13:10:51+00:00","dateModified":"2019-11-18T13:51:07+00:00","breadcrumb":{"@id":"https:\/\/www.abvp.pt\/viajante-dos-sete-oficios-ligia-gomes\/#breadcrumb"},"inLanguage":"en-GB","potentialAction":[{"@type":"ReadAction","target":["https:\/\/www.abvp.pt\/viajante-dos-sete-oficios-ligia-gomes\/"]}]},{"@type":"ImageObject","inLanguage":"en-GB","@id":"https:\/\/www.abvp.pt\/viajante-dos-sete-oficios-ligia-gomes\/#primaryimage","url":"https:\/\/www.abvp.pt\/wp-content\/uploads\/sri-lanka.jpg","contentUrl":"https:\/\/www.abvp.pt\/wp-content\/uploads\/sri-lanka.jpg","width":1200,"height":800,"caption":"Sri Lanka"},{"@type":"BreadcrumbList","@id":"https:\/\/www.abvp.pt\/viajante-dos-sete-oficios-ligia-gomes\/#breadcrumb","itemListElement":[{"@type":"ListItem","position":1,"name":"In\u00edcio","item":"https:\/\/www.abvp.pt\/"},{"@type":"ListItem","position":2,"name":"A viajante dos sete of\u00edcios: L\u00edgia Gomes (entrevista)"}]},{"@type":"WebSite","@id":"https:\/\/www.abvp.pt\/#website","url":"https:\/\/www.abvp.pt\/","name":"ABVP","description":"Association of Portuguese Travel Bloggers","publisher":{"@id":"https:\/\/www.abvp.pt\/#organization"},"potentialAction":[{"@type":"SearchAction","target":{"@type":"EntryPoint","urlTemplate":"https:\/\/www.abvp.pt\/?s={search_term_string}"},"query-input":{"@type":"PropertyValueSpecification","valueRequired":true,"valueName":"search_term_string"}}],"inLanguage":"en-GB"},{"@type":"Organization","@id":"https:\/\/www.abvp.pt\/#organization","name":"ABVP","url":"https:\/\/www.abvp.pt\/","logo":{"@type":"ImageObject","inLanguage":"en-GB","@id":"https:\/\/www.abvp.pt\/#\/schema\/logo\/image\/","url":"https:\/\/www.abvp.pt\/wp-content\/uploads\/Logo-Header-dark.svg","contentUrl":"https:\/\/www.abvp.pt\/wp-content\/uploads\/Logo-Header-dark.svg","width":325,"height":48,"caption":"ABVP"},"image":{"@id":"https:\/\/www.abvp.pt\/#\/schema\/logo\/image\/"},"sameAs":["https:\/\/www.facebook.com\/abvppt\/","https:\/\/x.com\/abvppt","https:\/\/www.instagram.com\/abvppt\/"]},{"@type":"Person","@id":"https:\/\/www.abvp.pt\/#\/schema\/person\/3224ab1e82979d8d2daa9b24c41ac06f","name":"Ruthia Portelinha","image":{"@type":"ImageObject","inLanguage":"en-GB","@id":"https:\/\/www.abvp.pt\/#\/schema\/person\/image\/","url":"https:\/\/secure.gravatar.com\/avatar\/fe88f7331e86f7718c223ca840ea6091?s=96&d=mm&r=g","contentUrl":"https:\/\/secure.gravatar.com\/avatar\/fe88f7331e86f7718c223ca840ea6091?s=96&d=mm&r=g","caption":"Ruthia Portelinha"},"description":"Viajante, m\u00e3e babada, choc\u00f3latra, amante de livros e museus. Autora do blog O Ber\u00e7o do Mundo.","sameAs":["https:\/\/www.bercodomundo.com"],"url":"https:\/\/www.abvp.pt\/en\/author\/ruthia\/"}]}},"_links":{"self":[{"href":"https:\/\/www.abvp.pt\/en\/wp-json\/wp\/v2\/posts\/1052","targetHints":{"allow":["GET"]}}],"collection":[{"href":"https:\/\/www.abvp.pt\/en\/wp-json\/wp\/v2\/posts"}],"about":[{"href":"https:\/\/www.abvp.pt\/en\/wp-json\/wp\/v2\/types\/post"}],"author":[{"embeddable":true,"href":"https:\/\/www.abvp.pt\/en\/wp-json\/wp\/v2\/users\/5"}],"replies":[{"embeddable":true,"href":"https:\/\/www.abvp.pt\/en\/wp-json\/wp\/v2\/comments?post=1052"}],"version-history":[{"count":0,"href":"https:\/\/www.abvp.pt\/en\/wp-json\/wp\/v2\/posts\/1052\/revisions"}],"wp:featuredmedia":[{"embeddable":true,"href":"https:\/\/www.abvp.pt\/en\/wp-json\/wp\/v2\/media\/1053"}],"wp:attachment":[{"href":"https:\/\/www.abvp.pt\/en\/wp-json\/wp\/v2\/media?parent=1052"}],"wp:term":[{"taxonomy":"category","embeddable":true,"href":"https:\/\/www.abvp.pt\/en\/wp-json\/wp\/v2\/categories?post=1052"},{"taxonomy":"post_tag","embeddable":true,"href":"https:\/\/www.abvp.pt\/en\/wp-json\/wp\/v2\/tags?post=1052"}],"curies":[{"name":"wp","href":"https:\/\/api.w.org\/{rel}","templated":true}]}}