{"id":1091,"date":"2019-12-08T23:26:48","date_gmt":"2019-12-08T23:26:48","guid":{"rendered":"https:\/\/www.abvp.pt\/?p=1091"},"modified":"2023-11-13T19:05:17","modified_gmt":"2023-11-13T19:05:17","slug":"fim-de-semana-abvp-no-juizo","status":"publish","type":"post","link":"https:\/\/www.abvp.pt\/en\/fim-de-semana-abvp-no-juizo\/","title":{"rendered":"Fim-de-semana ABVP no Ju\u00edzo"},"content":{"rendered":"<h2 class=\"wp-block-heading\">A ABVP &#8211; Associa\u00e7\u00e3o de Bloggers de Viagem Portugueses organizou um fim de semana  informal de trabalho na aldeia do Ju\u00edzo, em plena Beira Alta, no \u00faltimo m\u00eas de novembro. <\/h2>\n\n\n\n<p>Como rec\u00e9m-associada, tive a oportunidade de estar presente e trago-vos um pequeno relato dos dias que pass\u00e1mos por l\u00e1. Era j\u00e1 noite, numa sexta-feira chuvosa, quando a maior parte dos bloggers chegaram a esta pequena localidade do concelho de Pinhel. <\/p>\n\n\n\n<p>A rece\u00e7\u00e3o n\u00e3o  poderia ter corrido melhor: ainda mal estacionara o carro e j\u00e1 o Sr. Jos\u00e9 &#8211; dono das Casas do Ju\u00edzo, onde ficamos alojados &#8211; me estava a dar as boas-vindas \u00e0 aldeia que o viu nascer. Seguiu-se um copinho de licor do Ju\u00edzo e estava dado o tiro de partida para um fim de semana perfeito.<\/p>\n\n\n\n<p>O objetivo da reuni\u00e3o era sobretudo <strong>trocar ideias sobre o futuro da associa\u00e7\u00e3o, partilhar experi\u00eancias, conhecer os novos associados e fomentar o esp\u00edrito de grupo<\/strong>. A ABVP foi criada precisamente para trabalharmos em rede, tirarmos d\u00favidas, ajudarmo-nos mutuamente. <\/p>\n\n\n\n<p>Por tudo isso, n\u00e3o t\u00ednhamos um programa muito ambicioso. Em resumo, fic\u00e1mos por casa a trabalhar em conjunto, a comer e a beber bastante, e passe\u00e1mos calmamente pelas redondezas.<\/p>\n\n\n\n<figure class=\"wp-block-image size-large\"><img fetchpriority=\"high\" decoding=\"async\" width=\"1600\" height=\"1200\" src=\"https:\/\/www.abvp.pt\/wp-content\/uploads\/IMG_3769-1600x1200.jpg\" alt=\"Bloggers da ABVP \" class=\"wp-image-1092\" srcset=\"https:\/\/www.abvp.pt\/wp-content\/uploads\/IMG_3769-1600x1200.jpg 1600w, https:\/\/www.abvp.pt\/wp-content\/uploads\/IMG_3769-scaled-600x450.jpg 600w, https:\/\/www.abvp.pt\/wp-content\/uploads\/IMG_3769-scaled-300x225.jpg 300w, https:\/\/www.abvp.pt\/wp-content\/uploads\/IMG_3769-800x600.jpg 800w, https:\/\/www.abvp.pt\/wp-content\/uploads\/IMG_3769-150x113.jpg 150w, https:\/\/www.abvp.pt\/wp-content\/uploads\/IMG_3769-768x576.jpg 768w, https:\/\/www.abvp.pt\/wp-content\/uploads\/IMG_3769-1536x1152.jpg 1536w, https:\/\/www.abvp.pt\/wp-content\/uploads\/IMG_3769-2048x1536.jpg 2048w\" sizes=\"(max-width: 1600px) 100vw, 1600px\" \/><\/figure>\n\n\n\n<p><strong>A pequena aldeia de nome caricato<\/strong>, com menos de duas dezenas de habitantes, luta para n\u00e3o ceder \u00e0 desertifica\u00e7\u00e3o do interior, e as Casas do Ju\u00edzo &#8211; onde t\u00e3o bem fomos recebidos &#8211; t\u00eam tido um papel fundamental nesse sentido. S\u00e3o um conjunto de casas de turismo rural, de diferentes tipologias, decora\u00e7\u00e3o primorosa e todas as comodidades para se passar um fim de semana calmo no interior de Portugal. <\/p>\n\n\n\n<p>Pela aldeia passa um dos percursos da Grande Rota das Aldeias Hist\u00f3ricas de Portugal. Durante uma tr\u00e9gua meteorol\u00f3gica, tivemos a oportunidade de fazer o tro\u00e7o entre a aldeia do Ju\u00edzo e a Ribeira do Porquinho: as paisagens s\u00e3o lind\u00edssimas. Descobrimos tamb\u00e9m que <strong>existe um &#8220;cano&#8221; na aldeia destinado aos visitantes\/habitantes pouco ajuizados.<\/strong><\/p>\n\n\n\n<p>Bem perto ficam v\u00e1rios lugares hist\u00f3ricos como a cidade de Trancoso, a vila de Almeida, as aldeias de Figueira de Castelo Rodrigo e de Marialva, pelo que esta \u00e9 uma regi\u00e3o que vale a pena conhecer. <\/p>\n\n\n\n<p> No domingo \u00e0 tarde despedimo-nos com a sensa\u00e7\u00e3o de miss\u00e3o cumprida. Trabalh\u00e1mos bastante, rimos e partilh\u00e1mos bons momentos juntos. Volt\u00e1mos a casa com vontade de repetir a f\u00f3rmula de sucesso.  <\/p>\n\n\n\n<figure class=\"wp-block-image size-large\"><img decoding=\"async\" width=\"1600\" height=\"1200\" src=\"https:\/\/www.abvp.pt\/wp-content\/uploads\/IMG_3746-1600x1200.jpg\" alt=\"\" class=\"wp-image-1093\" srcset=\"https:\/\/www.abvp.pt\/wp-content\/uploads\/IMG_3746-1600x1200.jpg 1600w, https:\/\/www.abvp.pt\/wp-content\/uploads\/IMG_3746-scaled-600x450.jpg 600w, https:\/\/www.abvp.pt\/wp-content\/uploads\/IMG_3746-scaled-300x225.jpg 300w, https:\/\/www.abvp.pt\/wp-content\/uploads\/IMG_3746-800x600.jpg 800w, https:\/\/www.abvp.pt\/wp-content\/uploads\/IMG_3746-150x113.jpg 150w, https:\/\/www.abvp.pt\/wp-content\/uploads\/IMG_3746-768x576.jpg 768w, https:\/\/www.abvp.pt\/wp-content\/uploads\/IMG_3746-1536x1152.jpg 1536w, https:\/\/www.abvp.pt\/wp-content\/uploads\/IMG_3746-2048x1536.jpg 2048w\" sizes=\"(max-width: 1600px) 100vw, 1600px\" \/><\/figure>\n\n\n\n<p>Deixo-vos tamb\u00e9m alguns testemunhos de outros bloggers presentes. <\/p>\n\n\n\n<blockquote class=\"wp-block-quote has-text-align-left is-layout-flow wp-block-quote-is-layout-flow\">\n<p>&#8220;Durante um fim de semana quase triplic\u00e1mos o n\u00famero de residentes da aldeia, que conta habitualmente com apenas 15 pessoas. O senhor Jos\u00e9 reabilitou com amor v\u00e1rias casas da Aldeia do Ju\u00edzo, construiu uma piscina e abriu um turismo rural.  Ali, um local que n\u00e3o v\u00ea nascer uma crian\u00e7a h\u00e1 34 anos, as casas esquecidas ressuscitam em aldeia hist\u00f3rica. N\u00e3o apanh\u00e1mos a taberna aberta, mas nada faltou, e assim temos desculpa para voltar.  <\/p>\n\n\n\n<p>Quanto ao conv\u00edvio entre bloggers de viagem: conhecemos pessoas novas, espreit\u00e1mos blogs que desconhec\u00edamos e partilh\u00e1mos vis\u00f5es diferentes do futuro com o mesmo prop\u00f3sito. Queremos, sem d\u00favida, repetir estes fins de semana, onde tanto aprendemos com quem mais sabe.<br>Raquel Morgado  (365 dias no mundo<em>)<\/em> <\/p>\n<\/blockquote>\n\n\n\n<figure class=\"wp-block-image size-large\"><img decoding=\"async\" width=\"1600\" height=\"1200\" src=\"https:\/\/www.abvp.pt\/wp-content\/uploads\/IMG_3755-1600x1200.jpg\" alt=\"\" class=\"wp-image-1095\" srcset=\"https:\/\/www.abvp.pt\/wp-content\/uploads\/IMG_3755-1600x1200.jpg 1600w, https:\/\/www.abvp.pt\/wp-content\/uploads\/IMG_3755-scaled-600x450.jpg 600w, https:\/\/www.abvp.pt\/wp-content\/uploads\/IMG_3755-scaled-300x225.jpg 300w, https:\/\/www.abvp.pt\/wp-content\/uploads\/IMG_3755-800x600.jpg 800w, https:\/\/www.abvp.pt\/wp-content\/uploads\/IMG_3755-150x113.jpg 150w, https:\/\/www.abvp.pt\/wp-content\/uploads\/IMG_3755-768x576.jpg 768w, https:\/\/www.abvp.pt\/wp-content\/uploads\/IMG_3755-1536x1152.jpg 1536w, https:\/\/www.abvp.pt\/wp-content\/uploads\/IMG_3755-2048x1536.jpg 2048w\" sizes=\"(max-width: 1600px) 100vw, 1600px\" \/><\/figure>\n\n\n\n<blockquote class=\"wp-block-quote is-layout-flow wp-block-quote-is-layout-flow\">\n<p>Foi fant\u00e1stico, o nosso fim de semana no Ju\u00edzo. A aldeia \u00e9 bonita e a paisagem que a rodeia mais ainda. Fic\u00e1mos nas Casas do Ju\u00edzo e n\u00e3o pod\u00edamos ter sido melhor recebidos \u2013 com muita aten\u00e7\u00e3o e bom humor, comida excelente, at\u00e9 mesmo uma tert\u00falia musical. Convivemos, trabalh\u00e1mos, troc\u00e1mos ideias, partilh\u00e1mos experi\u00eancias e rimo-nos muito. Que mais se pode pedir?<br>Ana C. Borges (Viajar porque sim<em>)<\/em> <\/p>\n<\/blockquote>\n\n\n\n<blockquote class=\"wp-block-quote is-layout-flow wp-block-quote-is-layout-flow\">\n<p>Quando vinte e dois bloggers de viagens se encontram, o que pode acontecer? Conversas sobre viagens, \u00e9 claro, e num lugar que nos fez viajar no tempo: a aldeia do Ju\u00edzo. Resolvemos problemas t\u00e9cnicos de WordPress, otimiz\u00e1mos p\u00e1ginas e troc\u00e1mos ideias para projetos futuros.  Tudo regado com bom vinho e muita boa disposi\u00e7\u00e3o \u00e0 mistura.<br>M\u00f3nica Alves (Passaporte no Bolso<em>)<\/em> <\/p>\n<\/blockquote>\n\n\n\n<figure class=\"wp-block-image size-large\"><img loading=\"lazy\" decoding=\"async\" width=\"960\" height=\"718\" src=\"https:\/\/www.abvp.pt\/wp-content\/uploads\/abvp.jpg\" alt=\"ABVP na aldeia do Juizo\" class=\"wp-image-1103\" srcset=\"https:\/\/www.abvp.pt\/wp-content\/uploads\/abvp.jpg 960w, https:\/\/www.abvp.pt\/wp-content\/uploads\/abvp-600x449.jpg 600w, https:\/\/www.abvp.pt\/wp-content\/uploads\/abvp-300x225.jpg 300w, https:\/\/www.abvp.pt\/wp-content\/uploads\/abvp-800x598.jpg 800w, https:\/\/www.abvp.pt\/wp-content\/uploads\/abvp-150x112.jpg 150w, https:\/\/www.abvp.pt\/wp-content\/uploads\/abvp-768x574.jpg 768w\" sizes=\"(max-width: 960px) 100vw, 960px\" \/><figcaption class=\"wp-element-caption\">Parte do grupo, antes do regresso a casa<\/figcaption><\/figure>\n\n\n\n<p><\/p>\n\n\n\n<p>Blogs presentes no fim de semana informal da ABVP, por ordem alfab\u00e9tica:<\/p>\n\n\n\n<p><a rel=\"noreferrer noopener\" aria-label=\" (abre num novo separador)\" href=\"https:\/\/365diasnomundo.com\/\" target=\"_blank\">365 Dias no Mundo<\/a> (Tiago Pinto e Raquel Morgado) <\/p>\n\n\n\n<p><a href=\"https:\/\/www.almadeviajante.com\/\" target=\"_blank\" rel=\"noreferrer noopener\" aria-label=\" (abre num novo separador)\">Alma de Viajante<\/a> (Filipe Morato Gomes)<\/p>\n\n\n\n<p><a href=\"http:\/\/bornfreee.com\/\" target=\"_blank\" rel=\"noreferrer noopener\" aria-label=\" (abre num novo separador)\">Bornfreee<\/a> (Rui Batista)<\/p>\n\n\n\n<p><a href=\"https:\/\/explorandar.com\/\" target=\"_blank\" rel=\"noreferrer noopener\" aria-label=\" (abre num novo separador)\">Explorandar<\/a> (Diana Bencantel e Ricardo Mendes)<\/p>\n\n\n\n<p><a href=\"https:\/\/gatovadio.pt\/\" target=\"_blank\" rel=\"noreferrer noopener\" aria-label=\" (abre num novo separador)\">Gato Vadio<\/a> (Ricardo Couto e Ana Granjo)<\/p>\n\n\n\n<p><a href=\"https:\/\/iremviagem.com\/\" target=\"_blank\" rel=\"noreferrer noopener\" aria-label=\" (abre num novo separador)\">Ir em Viagem<\/a> (Vera Duarte e Marcelo Andrade) <\/p>\n\n\n\n<p><a href=\"https:\/\/marleneonthemove.com\/\" target=\"_blank\" rel=\"noreferrer noopener\" aria-label=\" (abre num novo separador)\">Marlene on the Move<\/a> (Marlene Marques) <\/p>\n\n\n\n<p><a rel=\"noreferrer noopener\" aria-label=\" (abre num novo separador)\" href=\"https:\/\/mundoindefinido.com\/\" target=\"_blank\">Mundo Indefinido<\/a> (Catarina Gralha) <\/p>\n\n\n\n<p><a href=\"https:\/\/bercodomundo.com\/\" target=\"_blank\" rel=\"noreferrer noopener\" aria-label=\" (abre num novo separador)\">O Ber\u00e7o do Mundo<\/a> (Ruthia Portelinha).<\/p>\n\n\n\n<p><a href=\"https:\/\/passaportenobolso.com\/\" target=\"_blank\" rel=\"noreferrer noopener\" aria-label=\" (abre num novo separador)\">Passaporte no Bolso<\/a> (M\u00f3nica e Guilherme Alves) <\/p>\n\n\n\n<p><a href=\"https:\/\/viajarporquesim.blogs.sapo.pt\/\" target=\"_blank\" rel=\"noreferrer noopener\" aria-label=\" (abre num novo separador)\">Viajar Porque Sim<\/a> (Ana C. Borges).<\/p>\n\n\n\n<p><a href=\"https:\/\/sempreentreviagens.com\/\" target=\"_blank\" rel=\"noreferrer noopener\" aria-label=\" (abre num novo separador)\">Sempre entre Viagens<\/a> (In\u00eas Miranda) <\/p>\n\n\n\n<p><a href=\"https:\/\/www.thewisetravellers.com\/pt\/\" target=\"_blank\" rel=\"noreferrer noopener\" aria-label=\" (abre num novo separador)\">The Wise Travellers<\/a> (Sandrina e Tiago Ferreira)<\/p>\n\n\n\n<p><a href=\"https:\/\/pt.twofindaway.com\/\" target=\"_blank\" rel=\"noreferrer noopener\" aria-label=\" (abre num novo separador)\">Two find a way<\/a> (Maria Cerejo e Rui Grilo)<\/p>\n\n\n\n<p><a href=\"https:\/\/wandering-life.com\/\" target=\"_blank\" rel=\"noreferrer noopener\" aria-label=\" (abre num novo separador)\">Wandering Life<\/a> (Catarina Leonardo)<\/p>","protected":false},"excerpt":{"rendered":"<p>A ABVP &#8211; Associa\u00e7\u00e3o de Bloggers de Viagem Portugueses organizou um fim de semana informal de trabalho na aldeia do Ju\u00edzo, em plena Beira Alta, no \u00faltimo m\u00eas de novembro. [&hellip;]<\/p>\n","protected":false},"author":15,"featured_media":1104,"comment_status":"open","ping_status":"closed","sticky":false,"template":"","format":"standard","meta":{"_price":"","_stock":"","_tribe_ticket_header":"","_tribe_default_ticket_provider":"","_tribe_ticket_capacity":"0","_ticket_start_date":"","_ticket_end_date":"","_tribe_ticket_show_description":"","_tribe_ticket_show_not_going":false,"_tribe_ticket_use_global_stock":"","_tribe_ticket_global_stock_level":"","_global_stock_mode":"","_global_stock_cap":"","_tribe_rsvp_for_event":"","_tribe_ticket_going_count":"","_tribe_ticket_not_going_count":"","_tribe_tickets_list":"[]","_tribe_ticket_has_attendee_info_fields":false,"_EventAllDay":false,"_EventTimezone":"","_EventStartDate":"","_EventEndDate":"","_EventStartDateUTC":"","_EventEndDateUTC":"","_EventShowMap":false,"_EventShowMapLink":false,"_EventURL":"","_EventCost":"","_EventCostDescription":"","_EventCurrencySymbol":"","_EventCurrencyCode":"","_EventCurrencyPosition":"","_EventDateTimeSeparator":"","_EventTimeRangeSeparator":"","_EventOrganizerID":[],"_EventVenueID":[],"_OrganizerEmail":"","_OrganizerPhone":"","_OrganizerWebsite":"","_VenueAddress":"","_VenueCity":"","_VenueCountry":"","_VenueProvince":"","_VenueState":"","_VenueZip":"","_VenuePhone":"","_VenueURL":"","_VenueStateProvince":"","_VenueLat":"","_VenueLng":"","_VenueShowMap":false,"_VenueShowMapLink":false,"footnotes":""},"categories":[1],"tags":[],"class_list":["post-1091","post","type-post","status-publish","format-standard","has-post-thumbnail","hentry","category-conteudo"],"blocksy_meta":[],"yoast_head":"<!-- This site is optimized with the Yoast SEO plugin v26.4 - https:\/\/yoast.com\/wordpress\/plugins\/seo\/ -->\n<title>Fim-de-semana ABVP no Ju\u00edzo - ABVP<\/title>\n<meta name=\"robots\" content=\"index, follow, max-snippet:-1, max-image-preview:large, max-video-preview:-1\" \/>\n<link rel=\"canonical\" href=\"https:\/\/www.abvp.pt\/en\/fim-de-semana-abvp-no-juizo\/\" \/>\n<meta property=\"og:locale\" content=\"en_GB\" \/>\n<meta property=\"og:type\" content=\"article\" \/>\n<meta property=\"og:title\" content=\"Fim-de-semana ABVP no Ju\u00edzo - ABVP\" \/>\n<meta property=\"og:description\" content=\"A ABVP &#8211; Associa\u00e7\u00e3o de Bloggers de Viagem Portugueses organizou um fim de semana informal de trabalho na aldeia do Ju\u00edzo, em plena Beira Alta, no \u00faltimo m\u00eas de novembro. [&hellip;]\" \/>\n<meta property=\"og:url\" content=\"https:\/\/www.abvp.pt\/en\/fim-de-semana-abvp-no-juizo\/\" \/>\n<meta property=\"og:site_name\" content=\"ABVP\" \/>\n<meta property=\"article:publisher\" content=\"https:\/\/www.facebook.com\/abvppt\/\" \/>\n<meta property=\"article:author\" content=\"https:\/\/www.facebook.com\/sempreentreviagens\/\" \/>\n<meta property=\"article:published_time\" content=\"2019-12-08T23:26:48+00:00\" \/>\n<meta property=\"article:modified_time\" content=\"2023-11-13T19:05:17+00:00\" \/>\n<meta property=\"og:image\" content=\"https:\/\/www.abvp.pt\/wp-content\/uploads\/aldeia-juizo.jpg\" \/>\n\t<meta property=\"og:image:width\" content=\"1200\" \/>\n\t<meta property=\"og:image:height\" content=\"797\" \/>\n\t<meta property=\"og:image:type\" content=\"image\/jpeg\" \/>\n<meta name=\"author\" content=\"In\u00eas Miranda\" \/>\n<meta name=\"twitter:card\" content=\"summary_large_image\" \/>\n<meta name=\"twitter:creator\" content=\"@abvppt\" \/>\n<meta name=\"twitter:site\" content=\"@abvppt\" \/>\n<meta name=\"twitter:label1\" content=\"Written by\" \/>\n\t<meta name=\"twitter:data1\" content=\"In\u00eas Miranda\" \/>\n\t<meta name=\"twitter:label2\" content=\"Estimated reading time\" \/>\n\t<meta name=\"twitter:data2\" content=\"4 minutes\" \/>\n<script type=\"application\/ld+json\" class=\"yoast-schema-graph\">{\"@context\":\"https:\/\/schema.org\",\"@graph\":[{\"@type\":\"Article\",\"@id\":\"https:\/\/www.abvp.pt\/fim-de-semana-abvp-no-juizo\/#article\",\"isPartOf\":{\"@id\":\"https:\/\/www.abvp.pt\/fim-de-semana-abvp-no-juizo\/\"},\"author\":{\"name\":\"In\u00eas Miranda\",\"@id\":\"https:\/\/www.abvp.pt\/#\/schema\/person\/33758b308f1a01403c2260ec6b41b767\"},\"headline\":\"Fim-de-semana ABVP no Ju\u00edzo\",\"datePublished\":\"2019-12-08T23:26:48+00:00\",\"dateModified\":\"2023-11-13T19:05:17+00:00\",\"mainEntityOfPage\":{\"@id\":\"https:\/\/www.abvp.pt\/fim-de-semana-abvp-no-juizo\/\"},\"wordCount\":825,\"commentCount\":0,\"publisher\":{\"@id\":\"https:\/\/www.abvp.pt\/#organization\"},\"image\":{\"@id\":\"https:\/\/www.abvp.pt\/fim-de-semana-abvp-no-juizo\/#primaryimage\"},\"thumbnailUrl\":\"https:\/\/www.abvp.pt\/wp-content\/uploads\/aldeia-juizo.jpg\",\"articleSection\":[\"Conte\u00fado\"],\"inLanguage\":\"en-GB\",\"potentialAction\":[{\"@type\":\"CommentAction\",\"name\":\"Comment\",\"target\":[\"https:\/\/www.abvp.pt\/fim-de-semana-abvp-no-juizo\/#respond\"]}]},{\"@type\":\"WebPage\",\"@id\":\"https:\/\/www.abvp.pt\/fim-de-semana-abvp-no-juizo\/\",\"url\":\"https:\/\/www.abvp.pt\/fim-de-semana-abvp-no-juizo\/\",\"name\":\"Fim-de-semana ABVP no Ju\u00edzo - ABVP\",\"isPartOf\":{\"@id\":\"https:\/\/www.abvp.pt\/#website\"},\"primaryImageOfPage\":{\"@id\":\"https:\/\/www.abvp.pt\/fim-de-semana-abvp-no-juizo\/#primaryimage\"},\"image\":{\"@id\":\"https:\/\/www.abvp.pt\/fim-de-semana-abvp-no-juizo\/#primaryimage\"},\"thumbnailUrl\":\"https:\/\/www.abvp.pt\/wp-content\/uploads\/aldeia-juizo.jpg\",\"datePublished\":\"2019-12-08T23:26:48+00:00\",\"dateModified\":\"2023-11-13T19:05:17+00:00\",\"breadcrumb\":{\"@id\":\"https:\/\/www.abvp.pt\/fim-de-semana-abvp-no-juizo\/#breadcrumb\"},\"inLanguage\":\"en-GB\",\"potentialAction\":[{\"@type\":\"ReadAction\",\"target\":[\"https:\/\/www.abvp.pt\/fim-de-semana-abvp-no-juizo\/\"]}]},{\"@type\":\"ImageObject\",\"inLanguage\":\"en-GB\",\"@id\":\"https:\/\/www.abvp.pt\/fim-de-semana-abvp-no-juizo\/#primaryimage\",\"url\":\"https:\/\/www.abvp.pt\/wp-content\/uploads\/aldeia-juizo.jpg\",\"contentUrl\":\"https:\/\/www.abvp.pt\/wp-content\/uploads\/aldeia-juizo.jpg\",\"width\":1200,\"height\":797,\"caption\":\"aldeia do Juizo em Pinhel\"},{\"@type\":\"BreadcrumbList\",\"@id\":\"https:\/\/www.abvp.pt\/fim-de-semana-abvp-no-juizo\/#breadcrumb\",\"itemListElement\":[{\"@type\":\"ListItem\",\"position\":1,\"name\":\"In\u00edcio\",\"item\":\"https:\/\/www.abvp.pt\/\"},{\"@type\":\"ListItem\",\"position\":2,\"name\":\"Fim-de-semana ABVP no Ju\u00edzo\"}]},{\"@type\":\"WebSite\",\"@id\":\"https:\/\/www.abvp.pt\/#website\",\"url\":\"https:\/\/www.abvp.pt\/\",\"name\":\"ABVP\",\"description\":\"Associa\u00e7\u00e3o de Bloggers de Viagem Portugueses\",\"publisher\":{\"@id\":\"https:\/\/www.abvp.pt\/#organization\"},\"potentialAction\":[{\"@type\":\"SearchAction\",\"target\":{\"@type\":\"EntryPoint\",\"urlTemplate\":\"https:\/\/www.abvp.pt\/?s={search_term_string}\"},\"query-input\":{\"@type\":\"PropertyValueSpecification\",\"valueRequired\":true,\"valueName\":\"search_term_string\"}}],\"inLanguage\":\"en-GB\"},{\"@type\":\"Organization\",\"@id\":\"https:\/\/www.abvp.pt\/#organization\",\"name\":\"ABVP\",\"url\":\"https:\/\/www.abvp.pt\/\",\"logo\":{\"@type\":\"ImageObject\",\"inLanguage\":\"en-GB\",\"@id\":\"https:\/\/www.abvp.pt\/#\/schema\/logo\/image\/\",\"url\":\"https:\/\/www.abvp.pt\/wp-content\/uploads\/Logo-Header-dark.svg\",\"contentUrl\":\"https:\/\/www.abvp.pt\/wp-content\/uploads\/Logo-Header-dark.svg\",\"width\":325,\"height\":48,\"caption\":\"ABVP\"},\"image\":{\"@id\":\"https:\/\/www.abvp.pt\/#\/schema\/logo\/image\/\"},\"sameAs\":[\"https:\/\/www.facebook.com\/abvppt\/\",\"https:\/\/x.com\/abvppt\",\"https:\/\/www.instagram.com\/abvppt\/\"]},{\"@type\":\"Person\",\"@id\":\"https:\/\/www.abvp.pt\/#\/schema\/person\/33758b308f1a01403c2260ec6b41b767\",\"name\":\"In\u00eas Miranda\",\"image\":{\"@type\":\"ImageObject\",\"inLanguage\":\"en-GB\",\"@id\":\"https:\/\/www.abvp.pt\/#\/schema\/person\/image\/\",\"url\":\"https:\/\/secure.gravatar.com\/avatar\/22fa474a992bf69f6f583bc8c69c851d?s=96&d=mm&r=g\",\"contentUrl\":\"https:\/\/secure.gravatar.com\/avatar\/22fa474a992bf69f6f583bc8c69c851d?s=96&d=mm&r=g\",\"caption\":\"In\u00eas Miranda\"},\"description\":\"Qu\u00edmica de forma\u00e7\u00e3o. Viajante por paix\u00e3o. \\\"Engenheira\\\" nas horas vagas. Autora do blogue Sempre Entre Viagens.\",\"sameAs\":[\"https:\/\/sempreentreviagens.com\/\",\"https:\/\/www.facebook.com\/sempreentreviagens\/\",\"https:\/\/www.instagram.com\/sempre_entre_viagens\/\"],\"url\":\"https:\/\/www.abvp.pt\/en\/author\/imiranda\/\"}]}<\/script>\n<!-- \/ Yoast SEO plugin. -->","yoast_head_json":{"title":"Fim-de-semana ABVP no Ju\u00edzo - ABVP","robots":{"index":"index","follow":"follow","max-snippet":"max-snippet:-1","max-image-preview":"max-image-preview:large","max-video-preview":"max-video-preview:-1"},"canonical":"https:\/\/www.abvp.pt\/en\/fim-de-semana-abvp-no-juizo\/","og_locale":"en_GB","og_type":"article","og_title":"Fim-de-semana ABVP no Ju\u00edzo - ABVP","og_description":"A ABVP &#8211; Associa\u00e7\u00e3o de Bloggers de Viagem Portugueses organizou um fim de semana informal de trabalho na aldeia do Ju\u00edzo, em plena Beira Alta, no \u00faltimo m\u00eas de novembro. [&hellip;]","og_url":"https:\/\/www.abvp.pt\/en\/fim-de-semana-abvp-no-juizo\/","og_site_name":"ABVP","article_publisher":"https:\/\/www.facebook.com\/abvppt\/","article_author":"https:\/\/www.facebook.com\/sempreentreviagens\/","article_published_time":"2019-12-08T23:26:48+00:00","article_modified_time":"2023-11-13T19:05:17+00:00","og_image":[{"width":1200,"height":797,"url":"https:\/\/www.abvp.pt\/wp-content\/uploads\/aldeia-juizo.jpg","type":"image\/jpeg"}],"author":"In\u00eas Miranda","twitter_card":"summary_large_image","twitter_creator":"@abvppt","twitter_site":"@abvppt","twitter_misc":{"Written by":"In\u00eas Miranda","Estimated reading time":"4 minutes"},"schema":{"@context":"https:\/\/schema.org","@graph":[{"@type":"Article","@id":"https:\/\/www.abvp.pt\/fim-de-semana-abvp-no-juizo\/#article","isPartOf":{"@id":"https:\/\/www.abvp.pt\/fim-de-semana-abvp-no-juizo\/"},"author":{"name":"In\u00eas Miranda","@id":"https:\/\/www.abvp.pt\/#\/schema\/person\/33758b308f1a01403c2260ec6b41b767"},"headline":"Fim-de-semana ABVP no Ju\u00edzo","datePublished":"2019-12-08T23:26:48+00:00","dateModified":"2023-11-13T19:05:17+00:00","mainEntityOfPage":{"@id":"https:\/\/www.abvp.pt\/fim-de-semana-abvp-no-juizo\/"},"wordCount":825,"commentCount":0,"publisher":{"@id":"https:\/\/www.abvp.pt\/#organization"},"image":{"@id":"https:\/\/www.abvp.pt\/fim-de-semana-abvp-no-juizo\/#primaryimage"},"thumbnailUrl":"https:\/\/www.abvp.pt\/wp-content\/uploads\/aldeia-juizo.jpg","articleSection":["Conte\u00fado"],"inLanguage":"en-GB","potentialAction":[{"@type":"CommentAction","name":"Comment","target":["https:\/\/www.abvp.pt\/fim-de-semana-abvp-no-juizo\/#respond"]}]},{"@type":"WebPage","@id":"https:\/\/www.abvp.pt\/fim-de-semana-abvp-no-juizo\/","url":"https:\/\/www.abvp.pt\/fim-de-semana-abvp-no-juizo\/","name":"Fim-de-semana ABVP no Ju\u00edzo - ABVP","isPartOf":{"@id":"https:\/\/www.abvp.pt\/#website"},"primaryImageOfPage":{"@id":"https:\/\/www.abvp.pt\/fim-de-semana-abvp-no-juizo\/#primaryimage"},"image":{"@id":"https:\/\/www.abvp.pt\/fim-de-semana-abvp-no-juizo\/#primaryimage"},"thumbnailUrl":"https:\/\/www.abvp.pt\/wp-content\/uploads\/aldeia-juizo.jpg","datePublished":"2019-12-08T23:26:48+00:00","dateModified":"2023-11-13T19:05:17+00:00","breadcrumb":{"@id":"https:\/\/www.abvp.pt\/fim-de-semana-abvp-no-juizo\/#breadcrumb"},"inLanguage":"en-GB","potentialAction":[{"@type":"ReadAction","target":["https:\/\/www.abvp.pt\/fim-de-semana-abvp-no-juizo\/"]}]},{"@type":"ImageObject","inLanguage":"en-GB","@id":"https:\/\/www.abvp.pt\/fim-de-semana-abvp-no-juizo\/#primaryimage","url":"https:\/\/www.abvp.pt\/wp-content\/uploads\/aldeia-juizo.jpg","contentUrl":"https:\/\/www.abvp.pt\/wp-content\/uploads\/aldeia-juizo.jpg","width":1200,"height":797,"caption":"aldeia do Juizo em Pinhel"},{"@type":"BreadcrumbList","@id":"https:\/\/www.abvp.pt\/fim-de-semana-abvp-no-juizo\/#breadcrumb","itemListElement":[{"@type":"ListItem","position":1,"name":"In\u00edcio","item":"https:\/\/www.abvp.pt\/"},{"@type":"ListItem","position":2,"name":"Fim-de-semana ABVP no Ju\u00edzo"}]},{"@type":"WebSite","@id":"https:\/\/www.abvp.pt\/#website","url":"https:\/\/www.abvp.pt\/","name":"ABVP","description":"Association of Portuguese Travel Bloggers","publisher":{"@id":"https:\/\/www.abvp.pt\/#organization"},"potentialAction":[{"@type":"SearchAction","target":{"@type":"EntryPoint","urlTemplate":"https:\/\/www.abvp.pt\/?s={search_term_string}"},"query-input":{"@type":"PropertyValueSpecification","valueRequired":true,"valueName":"search_term_string"}}],"inLanguage":"en-GB"},{"@type":"Organization","@id":"https:\/\/www.abvp.pt\/#organization","name":"ABVP","url":"https:\/\/www.abvp.pt\/","logo":{"@type":"ImageObject","inLanguage":"en-GB","@id":"https:\/\/www.abvp.pt\/#\/schema\/logo\/image\/","url":"https:\/\/www.abvp.pt\/wp-content\/uploads\/Logo-Header-dark.svg","contentUrl":"https:\/\/www.abvp.pt\/wp-content\/uploads\/Logo-Header-dark.svg","width":325,"height":48,"caption":"ABVP"},"image":{"@id":"https:\/\/www.abvp.pt\/#\/schema\/logo\/image\/"},"sameAs":["https:\/\/www.facebook.com\/abvppt\/","https:\/\/x.com\/abvppt","https:\/\/www.instagram.com\/abvppt\/"]},{"@type":"Person","@id":"https:\/\/www.abvp.pt\/#\/schema\/person\/33758b308f1a01403c2260ec6b41b767","name":"In\u00eas Miranda","image":{"@type":"ImageObject","inLanguage":"en-GB","@id":"https:\/\/www.abvp.pt\/#\/schema\/person\/image\/","url":"https:\/\/secure.gravatar.com\/avatar\/22fa474a992bf69f6f583bc8c69c851d?s=96&d=mm&r=g","contentUrl":"https:\/\/secure.gravatar.com\/avatar\/22fa474a992bf69f6f583bc8c69c851d?s=96&d=mm&r=g","caption":"In\u00eas Miranda"},"description":"Qu\u00edmica de forma\u00e7\u00e3o. Viajante por paix\u00e3o. \"Engenheira\" nas horas vagas. Autora do blogue Sempre Entre Viagens.","sameAs":["https:\/\/sempreentreviagens.com\/","https:\/\/www.facebook.com\/sempreentreviagens\/","https:\/\/www.instagram.com\/sempre_entre_viagens\/"],"url":"https:\/\/www.abvp.pt\/en\/author\/imiranda\/"}]}},"_links":{"self":[{"href":"https:\/\/www.abvp.pt\/en\/wp-json\/wp\/v2\/posts\/1091","targetHints":{"allow":["GET"]}}],"collection":[{"href":"https:\/\/www.abvp.pt\/en\/wp-json\/wp\/v2\/posts"}],"about":[{"href":"https:\/\/www.abvp.pt\/en\/wp-json\/wp\/v2\/types\/post"}],"author":[{"embeddable":true,"href":"https:\/\/www.abvp.pt\/en\/wp-json\/wp\/v2\/users\/15"}],"replies":[{"embeddable":true,"href":"https:\/\/www.abvp.pt\/en\/wp-json\/wp\/v2\/comments?post=1091"}],"version-history":[{"count":0,"href":"https:\/\/www.abvp.pt\/en\/wp-json\/wp\/v2\/posts\/1091\/revisions"}],"wp:featuredmedia":[{"embeddable":true,"href":"https:\/\/www.abvp.pt\/en\/wp-json\/wp\/v2\/media\/1104"}],"wp:attachment":[{"href":"https:\/\/www.abvp.pt\/en\/wp-json\/wp\/v2\/media?parent=1091"}],"wp:term":[{"taxonomy":"category","embeddable":true,"href":"https:\/\/www.abvp.pt\/en\/wp-json\/wp\/v2\/categories?post=1091"},{"taxonomy":"post_tag","embeddable":true,"href":"https:\/\/www.abvp.pt\/en\/wp-json\/wp\/v2\/tags?post=1091"}],"curies":[{"name":"wp","href":"https:\/\/api.w.org\/{rel}","templated":true}]}}