{"id":1147,"date":"2020-01-26T19:11:40","date_gmt":"2020-01-26T19:11:40","guid":{"rendered":"https:\/\/www.abvp.pt\/?p=1147"},"modified":"2020-02-03T12:01:14","modified_gmt":"2020-02-03T12:01:14","slug":"os-medicos-aventureiros-marina-axel-entrevista","status":"publish","type":"post","link":"https:\/\/www.abvp.pt\/en\/os-medicos-aventureiros-marina-axel-entrevista\/","title":{"rendered":"Os m\u00e9dicos aventureiros: Marina &#038; Axel (entrevista)"},"content":{"rendered":"<p><strong>Name<\/strong>: Marina Santos e Axel Ferreira<\/p>\n\n\n\n<p><strong>Profiss\u00e3o<\/strong>: M\u00e9dicos<\/p>\n\n\n\n<p><strong>Data de nascimento<\/strong>: 1991, 1990<\/p>\n\n\n\n<p><strong>Local de nascimento<\/strong>:  Champigny-sur-Marne (Fran\u00e7a), Chaves (Portugal) <\/p>\n\n\n\n<p><strong>Local de resid\u00eancia<\/strong>: Porto<\/p>\n\n\n\n<p><strong>Pr\u00f3ximas viagens<\/strong>: 5\nmeses na \u00c1sia<\/p>\n\n\n\n<p><strong>Blog: <\/strong><a href=\"https:\/\/www.destinosvividos.com\/\" target=\"_blank\" rel=\"noreferrer noopener\" aria-label=\"Destinos Vividos (abre num novo separador)\">Destinos Vividos<\/a><\/p>\n\n\n\n<p><strong>1. O que significam as viagens para si? <\/strong>(Todas as respostas s\u00e3o da Marina)<\/p>\n\n\n\n<p>Para simplificar, diria que as viagens fazem parte da minha identidade, s\u00e3o essenciais ao meu bem-estar. Se n\u00e3o estou a planear uma viagem, estou \u00e0 procura de um novo desafio, uma nova aventura. Passo muito tempo a ler blogs e livros de viagens ou a escrever no Destinos Vividos.<\/p>\n\n\n\n<p>As viagens acabam por ser um desafio. Obrigam-nos a sair da nossa zona de conforto, a improvisar e ultrapassar limites. Quando regressamos de uma viagem, temos sempre uma perip\u00e9cia para contar. As viagens s\u00e3o aprendizagem, enriquecem a alma e trazem-nos liberdade. <\/p>\n\n\n\n<p>Por fim, acho que as viagens fazem-me dar mais valor \u00e0s pequenas coisas. Adoro caminhar pela baixa do Porto, ouvir o Sr. Jo\u00e3o a reclamar com as gaivotas e ver a Dona Em\u00edlia a pendurar a roupa na varanda. N\u00e3o me farto de olhar para o rio Douro, de metro ou de comboio, e nunca perco uma oportunidade para assistir ao p\u00f4r do sol no Atl\u00e2ntico.&nbsp; <\/p>\n\n\n\n<figure class=\"wp-block-image size-large\"><img fetchpriority=\"high\" decoding=\"async\" width=\"1600\" height=\"1067\" src=\"https:\/\/www.abvp.pt\/wp-content\/uploads\/destinosvividos-5.jpg\" alt=\"\" class=\"wp-image-1154\" srcset=\"https:\/\/www.abvp.pt\/wp-content\/uploads\/destinosvividos-5.jpg 1600w, https:\/\/www.abvp.pt\/wp-content\/uploads\/destinosvividos-5-600x400.jpg 600w, https:\/\/www.abvp.pt\/wp-content\/uploads\/destinosvividos-5-800x534.jpg 800w, https:\/\/www.abvp.pt\/wp-content\/uploads\/destinosvividos-5-150x100.jpg 150w, https:\/\/www.abvp.pt\/wp-content\/uploads\/destinosvividos-5-768x512.jpg 768w, https:\/\/www.abvp.pt\/wp-content\/uploads\/destinosvividos-5-1536x1024.jpg 1536w\" sizes=\"(max-width: 1600px) 100vw, 1600px\" \/><\/figure>\n\n\n\n<p><strong>2. Entre os destinos que j\u00e1 visitou, h\u00e1 algum que a tenha marcado de forma especial? <\/strong><\/p>\n\n\n\n<p>Esta \u00e9 f\u00e1cil: o M\u00e9xico em 2016. Foi a nossa primeira roadtrip e uma experi\u00eancia transcendental. Percorremos cerca de 3000 km entre o Yucatan e o Chiapas, <strong>fomos parados mais de 10 vezes pela pol\u00edcia<\/strong>, apanh\u00e1mos mais de 20 sustos por causa dos <em>topes<\/em> e buracos na estrada; acab\u00e1mos sem a \u00fanica matr\u00edcula do nosso carro por causa de uma multa de estacionamento. <\/p>\n\n\n\n<p>Para al\u00e9m dessas perip\u00e9cias, tamb\u00e9m fal\u00e1mos quase uma hora com um senhor que nunca tinha visto montanhas, nad\u00e1mos com tartarugas no mar de Akumal, rem\u00e1mos ao nascer do sol numa laguna de sete cores, mergulh\u00e1mos em 10 magn\u00edficos cenotes do Yucatan e experiment\u00e1mos uns 20 pratos diferentes, sempre com vontade de nunca mais partirmos. Ainda bem que o Axel escolheu este destino para a nossa lua de mel.<\/p>\n\n\n\n<p><strong>3. O que mais a influencia na hora de escolher um destino de viagem? <\/strong><\/p>\n\n\n\n<p>Geralmente, sou eu a escolher o pr\u00f3ximo destino, diretamente ou indiretamente, e sou influenciada pela experi\u00eancia de outras pessoas com quem me vou cruzando pelo caminho ou nas redes sociais. A minha <em>bucket list<\/em> est\u00e1 constantemente a sofrer altera\u00e7\u00f5es. As vontades v\u00e3o mudando ao longo das viagens. Se hoje quero muito conhecer a Patag\u00f3nia, j\u00e1 sei que daqui a um ano o meu destino de sonho ser\u00e1 outro totalmente diferente. <\/p>\n\n\n\n<p><strong>4. J\u00e1 viveu fora de Portugal mais que seis meses? Se sim, onde e o que retirou dessa experi\u00eancia? <\/strong><\/p>\n\n\n\n<p>Vivi 18 anos em Fran\u00e7a, onde nasci. Decidi inscrever-me na faculdade em Portugal e, passados quatro anos, voltei a Paris com o Axel. Vivemos no centro da capital francesa durante mais de um ano e foi simplesmente incr\u00edvel.  <\/p>\n\n\n\n<p>Para mim, essa experi\u00eancia foi  a confirma\u00e7\u00e3o de que tinha feito a escolha certa anos antes. Adoro Fran\u00e7a, \u00e9 um pa\u00eds lind\u00edssimo com um patrim\u00f3nio invej\u00e1vel, mas <strong>sou muito mais feliz em Portugal<\/strong>. O que importa no dia a dia s\u00e3o as pessoas, os la\u00e7os que criamos, a partilha e a boa disposi\u00e7\u00e3o. Nisso os portugueses s\u00e3o imbat\u00edveis. <\/p>\n\n\n\n<figure class=\"wp-block-image size-large\"><img decoding=\"async\" width=\"1600\" height=\"1067\" src=\"https:\/\/www.abvp.pt\/wp-content\/uploads\/destinosvividos-3-1.jpg\" alt=\"\" class=\"wp-image-1155\" srcset=\"https:\/\/www.abvp.pt\/wp-content\/uploads\/destinosvividos-3-1.jpg 1600w, https:\/\/www.abvp.pt\/wp-content\/uploads\/destinosvividos-3-1-600x400.jpg 600w, https:\/\/www.abvp.pt\/wp-content\/uploads\/destinosvividos-3-1-800x534.jpg 800w, https:\/\/www.abvp.pt\/wp-content\/uploads\/destinosvividos-3-1-150x100.jpg 150w, https:\/\/www.abvp.pt\/wp-content\/uploads\/destinosvividos-3-1-768x512.jpg 768w, https:\/\/www.abvp.pt\/wp-content\/uploads\/destinosvividos-3-1-1536x1024.jpg 1536w\" sizes=\"(max-width: 1600px) 100vw, 1600px\" \/><\/figure>\n\n\n\n<p><strong>5. Explique o que \u00e9 o seu blog de viagens e a raz\u00e3o da sua exist\u00eancia. <\/strong><\/p>\n\n\n\n<p>O Destinos Vividos nasceu no in\u00edcio de 2016, logo ap\u00f3s a nossa primeira grande viagem: 3 semanas de mochila \u00e0s costas na Tail\u00e2ndia. Era a nossa viagem de finalistas, t\u00ednhamos um or\u00e7amento apertado, mas quer\u00edamos desbravar mundo e viver uma aventura inesquec\u00edvel. <\/p>\n\n\n\n<p>\u00c9ramos novatos, n\u00e3o sab\u00edamos bem por onde come\u00e7ar para organizar a viagem. Foi nessa altura que <strong>fiquei viciada em blogs de viagem<\/strong>. Li dezenas e encontrei informa\u00e7\u00f5es que n\u00e3o vinham em nenhum guia de viagem, pois eram fruto de experi\u00eancias reais. Percebi assim a import\u00e2ncia dos blogs e, quando regressei da Tail\u00e2ndia, tinha informa\u00e7\u00f5es novas que queria partilhar com futuros viajantes. <\/p>\n\n\n\n<p>Demorei pouco mais de 2 meses a criar o Destinos Vividos e um m\u00eas para ganhar coragem e partilhar os primeiros artigos.  O principal objetivo \u00e9 ajudar outras pessoas a organizarem as suas pr\u00f3prias viagens, de forma independente. <\/p>\n\n\n\n<p><strong>6. Como surgiu o nome do blog?<\/strong><\/p>\n\n\n\n<p>O nome surgiu de forma muito natural, durante uma conversa. Comentava o facto de <strong>gostarmos de experi\u00eancias aut\u00eanticas e de querermos \u201cviver\u201d os nossos destinos<\/strong>. Se na altura fiquei com d\u00favidas, hoje tenho a certeza que este \u00e9 o nome perfeito.<\/p>\n\n\n\n<p><strong>7. Destaque um dos posts de que mais gosta no blog e explique porqu\u00ea. <\/strong><\/p>\n\n\n\n<p>Um dos artigos favoritos \u00e9 bastante recente, sobre a nossa <a rel=\"noreferrer noopener\" aria-label=\" (abre num novo separador)\" href=\"https:\/\/www.destinosvividos.com\/roteiro-nos-alpes\/\" target=\"_blank\">roadtrip pelos Alpes<\/a>. Adorei escrev\u00ea-lo, desenhar os mapas e organizar as fotografias. Apesar de ter dado imenso trabalho, gozei cada segundo. <\/p>\n\n\n\n<figure class=\"wp-block-image size-large\"><img decoding=\"async\" width=\"1600\" height=\"1067\" src=\"https:\/\/www.abvp.pt\/wp-content\/uploads\/destinosvividos-4-1.jpg\" alt=\"\" class=\"wp-image-1156\" srcset=\"https:\/\/www.abvp.pt\/wp-content\/uploads\/destinosvividos-4-1.jpg 1600w, https:\/\/www.abvp.pt\/wp-content\/uploads\/destinosvividos-4-1-600x400.jpg 600w, https:\/\/www.abvp.pt\/wp-content\/uploads\/destinosvividos-4-1-800x534.jpg 800w, https:\/\/www.abvp.pt\/wp-content\/uploads\/destinosvividos-4-1-150x100.jpg 150w, https:\/\/www.abvp.pt\/wp-content\/uploads\/destinosvividos-4-1-768x512.jpg 768w, https:\/\/www.abvp.pt\/wp-content\/uploads\/destinosvividos-4-1-1536x1024.jpg 1536w\" sizes=\"(max-width: 1600px) 100vw, 1600px\" \/><figcaption>A beleza das Dolomitas, na It\u00e1lia.<\/figcaption><\/figure>\n\n\n\n<p><strong>8. Alguma dica para quem\npretende come\u00e7ar agora um blog de viagens? <\/strong><\/p>\n\n\n\n<p>Todos os dias aparecem novos blogs. Os que acabam por crescer s\u00e3o aqueles que nascem de uma verdadeira paix\u00e3o. Criar um blog n\u00e3o \u00e9 dif\u00edcil, o que custa \u00e9 mant\u00ea-lo e aliment\u00e1-lo. Para faz\u00ea-lo crescer \u00e9 preciso ter imensa paci\u00eancia, alguma obsess\u00e3o e muita dedica\u00e7\u00e3o. <\/p>\n\n\n\n<p><strong>9. Que papel desempenham os\nblogs junto de outras pessoas que gostam de viajar? <\/strong><\/p>\n\n\n\n<p>Os blogs s\u00e3o a minha maior fonte de inspira\u00e7\u00e3o e informa\u00e7\u00e3o; compro cada vez menos guias de viagem. Prefiro perder mais tempo a pesquisar e encontrar experi\u00eancias mais aut\u00eanticas. Pela minha (curta) experi\u00eancia como blogger, acho que <strong>cada vez mais pessoas procuram dicas e informa\u00e7\u00f5es que n\u00e3o v\u00eam nos guias<\/strong>. Recebo muitas mensagens de pessoas que se inspiram nas nossas viagens&nbsp; e que seguem os nossos passos. E isso n\u00e3o tem pre\u00e7o.<\/p>\n\n\n\n<p><strong>10. Qual \u00e9 o seu maior sonho por cumprir?<\/strong><\/p>\n\n\n\n<p>Estou prestes a cumprir um dos maiores sonhos. Tir\u00e1mos uma licen\u00e7a sem vencimento de 5 meses para poder fazer voluntariado m\u00e9dico na \u00c1sia. Iremos iniciar esta aventura j\u00e1 no pr\u00f3ximo m\u00eas. Vivo um sonho de cada vez, estou ansiosa por saber qual ser\u00e1 o pr\u00f3ximo.<\/p>","protected":false},"excerpt":{"rendered":"<p>Nome: Marina Santos e Axel Ferreira Profiss\u00e3o: M\u00e9dicos Data de nascimento: 1991, 1990 Local de nascimento: Champigny-sur-Marne (Fran\u00e7a), Chaves (Portugal) Local de resid\u00eancia: Porto Pr\u00f3ximas viagens: 5 meses na \u00c1sia [&hellip;]<\/p>\n","protected":false},"author":5,"featured_media":1151,"comment_status":"open","ping_status":"closed","sticky":false,"template":"","format":"standard","meta":{"_price":"","_stock":"","_tribe_ticket_header":"","_tribe_default_ticket_provider":"","_tribe_ticket_capacity":"0","_ticket_start_date":"","_ticket_end_date":"","_tribe_ticket_show_description":"","_tribe_ticket_show_not_going":false,"_tribe_ticket_use_global_stock":"","_tribe_ticket_global_stock_level":"","_global_stock_mode":"","_global_stock_cap":"","_tribe_rsvp_for_event":"","_tribe_ticket_going_count":"","_tribe_ticket_not_going_count":"","_tribe_tickets_list":"[]","_tribe_ticket_has_attendee_info_fields":false,"_EventAllDay":false,"_EventTimezone":"","_EventStartDate":"","_EventEndDate":"","_EventStartDateUTC":"","_EventEndDateUTC":"","_EventShowMap":false,"_EventShowMapLink":false,"_EventURL":"","_EventCost":"","_EventCostDescription":"","_EventCurrencySymbol":"","_EventCurrencyCode":"","_EventCurrencyPosition":"","_EventDateTimeSeparator":"","_EventTimeRangeSeparator":"","_EventOrganizerID":[],"_EventVenueID":[],"_OrganizerEmail":"","_OrganizerPhone":"","_OrganizerWebsite":"","_VenueAddress":"","_VenueCity":"","_VenueCountry":"","_VenueProvince":"","_VenueState":"","_VenueZip":"","_VenuePhone":"","_VenueURL":"","_VenueStateProvince":"","_VenueLat":"","_VenueLng":"","_VenueShowMap":false,"_VenueShowMapLink":false,"footnotes":""},"categories":[1],"tags":[],"class_list":["post-1147","post","type-post","status-publish","format-standard","has-post-thumbnail","hentry","category-conteudo"],"blocksy_meta":[],"yoast_head":"<!-- This site is optimized with the Yoast SEO plugin v26.4 - https:\/\/yoast.com\/wordpress\/plugins\/seo\/ -->\n<title>Os m\u00e9dicos aventureiros: Marina &amp; Axel (entrevista) - ABVP<\/title>\n<meta name=\"robots\" content=\"index, follow, max-snippet:-1, max-image-preview:large, max-video-preview:-1\" \/>\n<link rel=\"canonical\" href=\"https:\/\/www.abvp.pt\/en\/os-medicos-aventureiros-marina-axel-entrevista\/\" \/>\n<meta property=\"og:locale\" content=\"en_GB\" \/>\n<meta property=\"og:type\" content=\"article\" \/>\n<meta property=\"og:title\" content=\"Os m\u00e9dicos aventureiros: Marina &amp; Axel (entrevista) - ABVP\" \/>\n<meta property=\"og:description\" content=\"Nome: Marina Santos e Axel Ferreira Profiss\u00e3o: M\u00e9dicos Data de nascimento: 1991, 1990 Local de nascimento: Champigny-sur-Marne (Fran\u00e7a), Chaves (Portugal) Local de resid\u00eancia: Porto Pr\u00f3ximas viagens: 5 meses na \u00c1sia [&hellip;]\" \/>\n<meta property=\"og:url\" content=\"https:\/\/www.abvp.pt\/en\/os-medicos-aventureiros-marina-axel-entrevista\/\" \/>\n<meta property=\"og:site_name\" content=\"ABVP\" \/>\n<meta property=\"article:publisher\" content=\"https:\/\/www.facebook.com\/abvppt\/\" \/>\n<meta property=\"article:published_time\" content=\"2020-01-26T19:11:40+00:00\" \/>\n<meta property=\"article:modified_time\" content=\"2020-02-03T12:01:14+00:00\" \/>\n<meta property=\"og:image\" content=\"https:\/\/www.abvp.pt\/wp-content\/uploads\/destinosvividos-1.jpg\" \/>\n\t<meta property=\"og:image:width\" content=\"1600\" \/>\n\t<meta property=\"og:image:height\" content=\"1067\" \/>\n\t<meta property=\"og:image:type\" content=\"image\/jpeg\" \/>\n<meta name=\"author\" content=\"Ruthia Portelinha\" \/>\n<meta name=\"twitter:card\" content=\"summary_large_image\" \/>\n<meta name=\"twitter:creator\" content=\"@abvppt\" \/>\n<meta name=\"twitter:site\" content=\"@abvppt\" \/>\n<meta name=\"twitter:label1\" content=\"Written by\" \/>\n\t<meta name=\"twitter:data1\" content=\"Ruthia Portelinha\" \/>\n\t<meta name=\"twitter:label2\" content=\"Estimated reading time\" \/>\n\t<meta name=\"twitter:data2\" content=\"5 minutes\" \/>\n<script type=\"application\/ld+json\" class=\"yoast-schema-graph\">{\"@context\":\"https:\/\/schema.org\",\"@graph\":[{\"@type\":\"Article\",\"@id\":\"https:\/\/www.abvp.pt\/os-medicos-aventureiros-marina-axel-entrevista\/#article\",\"isPartOf\":{\"@id\":\"https:\/\/www.abvp.pt\/os-medicos-aventureiros-marina-axel-entrevista\/\"},\"author\":{\"name\":\"Ruthia Portelinha\",\"@id\":\"https:\/\/www.abvp.pt\/#\/schema\/person\/3224ab1e82979d8d2daa9b24c41ac06f\"},\"headline\":\"Os m\u00e9dicos aventureiros: Marina &#038; Axel (entrevista)\",\"datePublished\":\"2020-01-26T19:11:40+00:00\",\"dateModified\":\"2020-02-03T12:01:14+00:00\",\"mainEntityOfPage\":{\"@id\":\"https:\/\/www.abvp.pt\/os-medicos-aventureiros-marina-axel-entrevista\/\"},\"wordCount\":1080,\"commentCount\":0,\"publisher\":{\"@id\":\"https:\/\/www.abvp.pt\/#organization\"},\"image\":{\"@id\":\"https:\/\/www.abvp.pt\/os-medicos-aventureiros-marina-axel-entrevista\/#primaryimage\"},\"thumbnailUrl\":\"https:\/\/www.abvp.pt\/wp-content\/uploads\/destinosvividos-1.jpg\",\"articleSection\":[\"Conte\u00fado\"],\"inLanguage\":\"en-GB\",\"potentialAction\":[{\"@type\":\"CommentAction\",\"name\":\"Comment\",\"target\":[\"https:\/\/www.abvp.pt\/os-medicos-aventureiros-marina-axel-entrevista\/#respond\"]}]},{\"@type\":\"WebPage\",\"@id\":\"https:\/\/www.abvp.pt\/os-medicos-aventureiros-marina-axel-entrevista\/\",\"url\":\"https:\/\/www.abvp.pt\/os-medicos-aventureiros-marina-axel-entrevista\/\",\"name\":\"Os m\u00e9dicos aventureiros: Marina & Axel (entrevista) - ABVP\",\"isPartOf\":{\"@id\":\"https:\/\/www.abvp.pt\/#website\"},\"primaryImageOfPage\":{\"@id\":\"https:\/\/www.abvp.pt\/os-medicos-aventureiros-marina-axel-entrevista\/#primaryimage\"},\"image\":{\"@id\":\"https:\/\/www.abvp.pt\/os-medicos-aventureiros-marina-axel-entrevista\/#primaryimage\"},\"thumbnailUrl\":\"https:\/\/www.abvp.pt\/wp-content\/uploads\/destinosvividos-1.jpg\",\"datePublished\":\"2020-01-26T19:11:40+00:00\",\"dateModified\":\"2020-02-03T12:01:14+00:00\",\"breadcrumb\":{\"@id\":\"https:\/\/www.abvp.pt\/os-medicos-aventureiros-marina-axel-entrevista\/#breadcrumb\"},\"inLanguage\":\"en-GB\",\"potentialAction\":[{\"@type\":\"ReadAction\",\"target\":[\"https:\/\/www.abvp.pt\/os-medicos-aventureiros-marina-axel-entrevista\/\"]}]},{\"@type\":\"ImageObject\",\"inLanguage\":\"en-GB\",\"@id\":\"https:\/\/www.abvp.pt\/os-medicos-aventureiros-marina-axel-entrevista\/#primaryimage\",\"url\":\"https:\/\/www.abvp.pt\/wp-content\/uploads\/destinosvividos-1.jpg\",\"contentUrl\":\"https:\/\/www.abvp.pt\/wp-content\/uploads\/destinosvividos-1.jpg\",\"width\":1600,\"height\":1067},{\"@type\":\"BreadcrumbList\",\"@id\":\"https:\/\/www.abvp.pt\/os-medicos-aventureiros-marina-axel-entrevista\/#breadcrumb\",\"itemListElement\":[{\"@type\":\"ListItem\",\"position\":1,\"name\":\"In\u00edcio\",\"item\":\"https:\/\/www.abvp.pt\/\"},{\"@type\":\"ListItem\",\"position\":2,\"name\":\"Os m\u00e9dicos aventureiros: Marina &#038; Axel (entrevista)\"}]},{\"@type\":\"WebSite\",\"@id\":\"https:\/\/www.abvp.pt\/#website\",\"url\":\"https:\/\/www.abvp.pt\/\",\"name\":\"ABVP\",\"description\":\"Associa\u00e7\u00e3o de Bloggers de Viagem Portugueses\",\"publisher\":{\"@id\":\"https:\/\/www.abvp.pt\/#organization\"},\"potentialAction\":[{\"@type\":\"SearchAction\",\"target\":{\"@type\":\"EntryPoint\",\"urlTemplate\":\"https:\/\/www.abvp.pt\/?s={search_term_string}\"},\"query-input\":{\"@type\":\"PropertyValueSpecification\",\"valueRequired\":true,\"valueName\":\"search_term_string\"}}],\"inLanguage\":\"en-GB\"},{\"@type\":\"Organization\",\"@id\":\"https:\/\/www.abvp.pt\/#organization\",\"name\":\"ABVP\",\"url\":\"https:\/\/www.abvp.pt\/\",\"logo\":{\"@type\":\"ImageObject\",\"inLanguage\":\"en-GB\",\"@id\":\"https:\/\/www.abvp.pt\/#\/schema\/logo\/image\/\",\"url\":\"https:\/\/www.abvp.pt\/wp-content\/uploads\/Logo-Header-dark.svg\",\"contentUrl\":\"https:\/\/www.abvp.pt\/wp-content\/uploads\/Logo-Header-dark.svg\",\"width\":325,\"height\":48,\"caption\":\"ABVP\"},\"image\":{\"@id\":\"https:\/\/www.abvp.pt\/#\/schema\/logo\/image\/\"},\"sameAs\":[\"https:\/\/www.facebook.com\/abvppt\/\",\"https:\/\/x.com\/abvppt\",\"https:\/\/www.instagram.com\/abvppt\/\"]},{\"@type\":\"Person\",\"@id\":\"https:\/\/www.abvp.pt\/#\/schema\/person\/3224ab1e82979d8d2daa9b24c41ac06f\",\"name\":\"Ruthia Portelinha\",\"image\":{\"@type\":\"ImageObject\",\"inLanguage\":\"en-GB\",\"@id\":\"https:\/\/www.abvp.pt\/#\/schema\/person\/image\/\",\"url\":\"https:\/\/secure.gravatar.com\/avatar\/fe88f7331e86f7718c223ca840ea6091?s=96&d=mm&r=g\",\"contentUrl\":\"https:\/\/secure.gravatar.com\/avatar\/fe88f7331e86f7718c223ca840ea6091?s=96&d=mm&r=g\",\"caption\":\"Ruthia Portelinha\"},\"description\":\"Viajante, m\u00e3e babada, choc\u00f3latra, amante de livros e museus. Autora do blog O Ber\u00e7o do Mundo.\",\"sameAs\":[\"https:\/\/www.bercodomundo.com\"],\"url\":\"https:\/\/www.abvp.pt\/en\/author\/ruthia\/\"}]}<\/script>\n<!-- \/ Yoast SEO plugin. -->","yoast_head_json":{"title":"Os m\u00e9dicos aventureiros: Marina & Axel (entrevista) - ABVP","robots":{"index":"index","follow":"follow","max-snippet":"max-snippet:-1","max-image-preview":"max-image-preview:large","max-video-preview":"max-video-preview:-1"},"canonical":"https:\/\/www.abvp.pt\/en\/os-medicos-aventureiros-marina-axel-entrevista\/","og_locale":"en_GB","og_type":"article","og_title":"Os m\u00e9dicos aventureiros: Marina & Axel (entrevista) - ABVP","og_description":"Nome: Marina Santos e Axel Ferreira Profiss\u00e3o: M\u00e9dicos Data de nascimento: 1991, 1990 Local de nascimento: Champigny-sur-Marne (Fran\u00e7a), Chaves (Portugal) Local de resid\u00eancia: Porto Pr\u00f3ximas viagens: 5 meses na \u00c1sia [&hellip;]","og_url":"https:\/\/www.abvp.pt\/en\/os-medicos-aventureiros-marina-axel-entrevista\/","og_site_name":"ABVP","article_publisher":"https:\/\/www.facebook.com\/abvppt\/","article_published_time":"2020-01-26T19:11:40+00:00","article_modified_time":"2020-02-03T12:01:14+00:00","og_image":[{"width":1600,"height":1067,"url":"https:\/\/www.abvp.pt\/wp-content\/uploads\/destinosvividos-1.jpg","type":"image\/jpeg"}],"author":"Ruthia Portelinha","twitter_card":"summary_large_image","twitter_creator":"@abvppt","twitter_site":"@abvppt","twitter_misc":{"Written by":"Ruthia Portelinha","Estimated reading time":"5 minutes"},"schema":{"@context":"https:\/\/schema.org","@graph":[{"@type":"Article","@id":"https:\/\/www.abvp.pt\/os-medicos-aventureiros-marina-axel-entrevista\/#article","isPartOf":{"@id":"https:\/\/www.abvp.pt\/os-medicos-aventureiros-marina-axel-entrevista\/"},"author":{"name":"Ruthia Portelinha","@id":"https:\/\/www.abvp.pt\/#\/schema\/person\/3224ab1e82979d8d2daa9b24c41ac06f"},"headline":"Os m\u00e9dicos aventureiros: Marina &#038; Axel (entrevista)","datePublished":"2020-01-26T19:11:40+00:00","dateModified":"2020-02-03T12:01:14+00:00","mainEntityOfPage":{"@id":"https:\/\/www.abvp.pt\/os-medicos-aventureiros-marina-axel-entrevista\/"},"wordCount":1080,"commentCount":0,"publisher":{"@id":"https:\/\/www.abvp.pt\/#organization"},"image":{"@id":"https:\/\/www.abvp.pt\/os-medicos-aventureiros-marina-axel-entrevista\/#primaryimage"},"thumbnailUrl":"https:\/\/www.abvp.pt\/wp-content\/uploads\/destinosvividos-1.jpg","articleSection":["Conte\u00fado"],"inLanguage":"en-GB","potentialAction":[{"@type":"CommentAction","name":"Comment","target":["https:\/\/www.abvp.pt\/os-medicos-aventureiros-marina-axel-entrevista\/#respond"]}]},{"@type":"WebPage","@id":"https:\/\/www.abvp.pt\/os-medicos-aventureiros-marina-axel-entrevista\/","url":"https:\/\/www.abvp.pt\/os-medicos-aventureiros-marina-axel-entrevista\/","name":"Os m\u00e9dicos aventureiros: Marina & Axel (entrevista) - ABVP","isPartOf":{"@id":"https:\/\/www.abvp.pt\/#website"},"primaryImageOfPage":{"@id":"https:\/\/www.abvp.pt\/os-medicos-aventureiros-marina-axel-entrevista\/#primaryimage"},"image":{"@id":"https:\/\/www.abvp.pt\/os-medicos-aventureiros-marina-axel-entrevista\/#primaryimage"},"thumbnailUrl":"https:\/\/www.abvp.pt\/wp-content\/uploads\/destinosvividos-1.jpg","datePublished":"2020-01-26T19:11:40+00:00","dateModified":"2020-02-03T12:01:14+00:00","breadcrumb":{"@id":"https:\/\/www.abvp.pt\/os-medicos-aventureiros-marina-axel-entrevista\/#breadcrumb"},"inLanguage":"en-GB","potentialAction":[{"@type":"ReadAction","target":["https:\/\/www.abvp.pt\/os-medicos-aventureiros-marina-axel-entrevista\/"]}]},{"@type":"ImageObject","inLanguage":"en-GB","@id":"https:\/\/www.abvp.pt\/os-medicos-aventureiros-marina-axel-entrevista\/#primaryimage","url":"https:\/\/www.abvp.pt\/wp-content\/uploads\/destinosvividos-1.jpg","contentUrl":"https:\/\/www.abvp.pt\/wp-content\/uploads\/destinosvividos-1.jpg","width":1600,"height":1067},{"@type":"BreadcrumbList","@id":"https:\/\/www.abvp.pt\/os-medicos-aventureiros-marina-axel-entrevista\/#breadcrumb","itemListElement":[{"@type":"ListItem","position":1,"name":"In\u00edcio","item":"https:\/\/www.abvp.pt\/"},{"@type":"ListItem","position":2,"name":"Os m\u00e9dicos aventureiros: Marina &#038; Axel (entrevista)"}]},{"@type":"WebSite","@id":"https:\/\/www.abvp.pt\/#website","url":"https:\/\/www.abvp.pt\/","name":"ABVP","description":"Association of Portuguese Travel Bloggers","publisher":{"@id":"https:\/\/www.abvp.pt\/#organization"},"potentialAction":[{"@type":"SearchAction","target":{"@type":"EntryPoint","urlTemplate":"https:\/\/www.abvp.pt\/?s={search_term_string}"},"query-input":{"@type":"PropertyValueSpecification","valueRequired":true,"valueName":"search_term_string"}}],"inLanguage":"en-GB"},{"@type":"Organization","@id":"https:\/\/www.abvp.pt\/#organization","name":"ABVP","url":"https:\/\/www.abvp.pt\/","logo":{"@type":"ImageObject","inLanguage":"en-GB","@id":"https:\/\/www.abvp.pt\/#\/schema\/logo\/image\/","url":"https:\/\/www.abvp.pt\/wp-content\/uploads\/Logo-Header-dark.svg","contentUrl":"https:\/\/www.abvp.pt\/wp-content\/uploads\/Logo-Header-dark.svg","width":325,"height":48,"caption":"ABVP"},"image":{"@id":"https:\/\/www.abvp.pt\/#\/schema\/logo\/image\/"},"sameAs":["https:\/\/www.facebook.com\/abvppt\/","https:\/\/x.com\/abvppt","https:\/\/www.instagram.com\/abvppt\/"]},{"@type":"Person","@id":"https:\/\/www.abvp.pt\/#\/schema\/person\/3224ab1e82979d8d2daa9b24c41ac06f","name":"Ruthia Portelinha","image":{"@type":"ImageObject","inLanguage":"en-GB","@id":"https:\/\/www.abvp.pt\/#\/schema\/person\/image\/","url":"https:\/\/secure.gravatar.com\/avatar\/fe88f7331e86f7718c223ca840ea6091?s=96&d=mm&r=g","contentUrl":"https:\/\/secure.gravatar.com\/avatar\/fe88f7331e86f7718c223ca840ea6091?s=96&d=mm&r=g","caption":"Ruthia Portelinha"},"description":"Viajante, m\u00e3e babada, choc\u00f3latra, amante de livros e museus. Autora do blog O Ber\u00e7o do Mundo.","sameAs":["https:\/\/www.bercodomundo.com"],"url":"https:\/\/www.abvp.pt\/en\/author\/ruthia\/"}]}},"_links":{"self":[{"href":"https:\/\/www.abvp.pt\/en\/wp-json\/wp\/v2\/posts\/1147","targetHints":{"allow":["GET"]}}],"collection":[{"href":"https:\/\/www.abvp.pt\/en\/wp-json\/wp\/v2\/posts"}],"about":[{"href":"https:\/\/www.abvp.pt\/en\/wp-json\/wp\/v2\/types\/post"}],"author":[{"embeddable":true,"href":"https:\/\/www.abvp.pt\/en\/wp-json\/wp\/v2\/users\/5"}],"replies":[{"embeddable":true,"href":"https:\/\/www.abvp.pt\/en\/wp-json\/wp\/v2\/comments?post=1147"}],"version-history":[{"count":0,"href":"https:\/\/www.abvp.pt\/en\/wp-json\/wp\/v2\/posts\/1147\/revisions"}],"wp:featuredmedia":[{"embeddable":true,"href":"https:\/\/www.abvp.pt\/en\/wp-json\/wp\/v2\/media\/1151"}],"wp:attachment":[{"href":"https:\/\/www.abvp.pt\/en\/wp-json\/wp\/v2\/media?parent=1147"}],"wp:term":[{"taxonomy":"category","embeddable":true,"href":"https:\/\/www.abvp.pt\/en\/wp-json\/wp\/v2\/categories?post=1147"},{"taxonomy":"post_tag","embeddable":true,"href":"https:\/\/www.abvp.pt\/en\/wp-json\/wp\/v2\/tags?post=1147"}],"curies":[{"name":"wp","href":"https:\/\/api.w.org\/{rel}","templated":true}]}}