{"id":1166,"date":"2021-06-15T01:13:22","date_gmt":"2021-06-15T00:13:22","guid":{"rendered":"https:\/\/www.abvp.pt\/?p=1166"},"modified":"2023-05-06T21:33:35","modified_gmt":"2023-05-06T20:33:35","slug":"abvp-comemora-o-dia-europeu-dos-parques-naturais","status":"publish","type":"post","link":"https:\/\/www.abvp.pt\/en\/abvp-comemora-o-dia-europeu-dos-parques-naturais\/","title":{"rendered":"ABVP comemora o Dia Europeu dos Parques Naturais"},"content":{"rendered":"<h2 class=\"wp-block-heading\">Bloggers da ABVP assinalaram, de forma simb\u00f3lica, o Dia Europeu dos Parques Naturais, chamando a aten\u00e7\u00e3o para lugares protegidos onde pode reconectar-se com a natureza.<\/h2>\n\n\n\n<p class=\"has-text-align-left\">Foi no dia 24 de maio de 1909 que a Su\u00e9cia se tornou o primeiro pa\u00eds europeu a proteger v\u00e1rias \u00e1reas do seu territ\u00f3rio como parques naturais. Em 1999, a Federa\u00e7\u00e3o da Natureza e Parques Nacionais da Europa (EUROPARC) decidiu instituir essa data como Dia Europeu dos Parques Naturais, para celebrar as \u00c1reas Protegidas em toda a Europa. S\u00e3o regi\u00f5es de valor incalcul\u00e1vel para a qualidade de vida no continente europeu, e \u00e9 por isso muito importante chamar a aten\u00e7\u00e3o para o trabalho desenvolvido na preserva\u00e7\u00e3o dos seus ecossistemas e da sua biodiversidade.<\/p>\n\n\n\n<p class=\"has-text-align-left\"><br><img fetchpriority=\"high\" decoding=\"async\" width=\"2560\" height=\"1920\" class=\"wp-image-1934\" style=\"width: 1280px\" src=\"https:\/\/www.abvp.pt\/wp-content\/uploads\/Parques-Naturais-foto-inicial-scaled.jpg\" alt=\"\" srcset=\"https:\/\/www.abvp.pt\/wp-content\/uploads\/Parques-Naturais-foto-inicial-scaled.jpg 2560w, https:\/\/www.abvp.pt\/wp-content\/uploads\/Parques-Naturais-foto-inicial-600x450.jpg 600w, https:\/\/www.abvp.pt\/wp-content\/uploads\/Parques-Naturais-foto-inicial-scaled-300x225.jpg 300w, https:\/\/www.abvp.pt\/wp-content\/uploads\/Parques-Naturais-foto-inicial-800x600.jpg 800w, https:\/\/www.abvp.pt\/wp-content\/uploads\/Parques-Naturais-foto-inicial-1600x1200.jpg 1600w, https:\/\/www.abvp.pt\/wp-content\/uploads\/Parques-Naturais-foto-inicial-150x113.jpg 150w, https:\/\/www.abvp.pt\/wp-content\/uploads\/Parques-Naturais-foto-inicial-768x576.jpg 768w, https:\/\/www.abvp.pt\/wp-content\/uploads\/Parques-Naturais-foto-inicial-1536x1152.jpg 1536w, https:\/\/www.abvp.pt\/wp-content\/uploads\/Parques-Naturais-foto-inicial-2048x1536.jpg 2048w\" sizes=\"(max-width: 2560px) 100vw, 2560px\" \/><br><\/p>\n\n\n\n<p>Em 2021&nbsp;e, num contexto de confinamento, o Dia Europeu dos Parques foi novamente celebrado&nbsp;online. Alguns bloggers da ABVP decidiram assinalar esta efem\u00e9ride com <strong>publica\u00e7\u00f5es espec\u00edficas sobre v\u00e1rios parques naturais em Portugal e na Europa<\/strong>. \u00c9 nas palavras deles que vamos agora viajar.<\/p>\n\n\n\n<p class=\"has-text-align-center\"><br><br><strong>23 QUILOS \u00c0 JUSTA<\/strong><br><strong><a href=\"https:\/\/23quilosajusta.com\/index.php\/2021\/05\/24\/serra-da-estrela\/\">Serra da Estrela, t\u00e3o nossa!<\/a><\/strong><\/p>\n\n\n\n<p class=\"has-text-align-left\"><br>\u201cA Serra da Estrela \u00e9 daqueles s\u00edtios que fazem parte de n\u00f3s. Desde sempre! (\u2026) Esta regi\u00e3o guarda algumas das mem\u00f3rias mais felizes que vamos acumulando ao longo da vida. Por conseguinte, a serra \u00e9 um local onde, inevitavelmente, voltamos sempre.<\/p>\n\n\n\n<p class=\"has-text-align-left\"> (\u2026) O Parque Natural da Serra da Estrela \u00e9 a maior \u00e1rea protegida portuguesa e o primeiro parque natural a ser criado. Estende-se por uma \u00e1rea de 101 mil hectares que abrange seis concelhos, o ponto mais alto de Portugal, a nascente de dois importantes rios, o Z\u00eazere e o Mondego e a reserva biogen\u00e9tica. (\u2026) O palmar\u00e9s da Serra da Estrela faz desta regi\u00e3o uma das mais incr\u00edveis de Portugal, com incont\u00e1veis percursos e roteiros para explorar.\u201d<\/p>\n\n\n\n<p class=\"has-text-align-left\"><img decoding=\"async\" width=\"759\" height=\"500\" class=\"wp-image-1935\" style=\"width: 1280px\" src=\"https:\/\/www.abvp.pt\/wp-content\/uploads\/23-quilos-a-justa-Serra-da-Estrela.jpg\" alt=\"\" srcset=\"https:\/\/www.abvp.pt\/wp-content\/uploads\/23-quilos-a-justa-Serra-da-Estrela.jpg 759w, https:\/\/www.abvp.pt\/wp-content\/uploads\/23-quilos-a-justa-Serra-da-Estrela-600x395.jpg 600w, https:\/\/www.abvp.pt\/wp-content\/uploads\/23-quilos-a-justa-Serra-da-Estrela-150x99.jpg 150w\" sizes=\"(max-width: 759px) 100vw, 759px\" \/><br>Leiam no <a href=\"https:\/\/23quilosajusta.com\/index.php\/2021\/05\/24\/serra-da-estrela\/\" target=\"_blank\" rel=\"noreferrer noopener\">post<\/a> o roteiro que a Soraia e o Pedro prop\u00f5em para conhecer o melhor da Serra da Estrela.<br><\/p>\n\n\n\n<p class=\"has-text-align-center\"><br><strong>O BER\u00c7O DO MUNDO<br><a href=\"https:\/\/bercodomundo.com\/2021\/05\/parque-natural-do-litoral-norte.html\" target=\"_blank\" rel=\"noreferrer noopener\">Parque Natural do Litoral Norte, entre o rio e o mar<\/a><\/strong><\/p>\n\n\n\n<p class=\"has-text-align-left\"><br>\u201cMar bravo e frio, rios povoados de vida, dunas bem protegidas, algumas das paisagens mais belas do litoral portugu\u00eas e tradi\u00e7\u00f5es ancestrais. (\u2026) Nem s\u00f3 de praias com palmeiras e \u00e1guas t\u00e9pidas se faz o Ver\u00e3o. Aqui, no Parque Natural do Litoral Norte, h\u00e1 nortada e \u00e1gua do Atl\u00e2ntico que raramente ultrapassa os 17\u00b0C, muitas ondas, mas tamb\u00e9m cen\u00e1rios perfeitos para gravar na mem\u00f3ria. (\u2026) <\/p>\n\n\n\n<p class=\"has-text-align-left\">A paisagem protegida do litoral de Esposende, delimitada nos anos oitenta do s\u00e9culo passado, transformou-se nesta \u00e1rea protegida em 2005, que se estende ao longo de 16 quil\u00f3metros de costa, entre a foz do Rio Neiva e a Ap\u00falia. Com um total de 8,8 mil hectares (apenas 1,3 ha de \u00e1rea terrestre), o cora\u00e7\u00e3o do Parque fica no concelho de Esposende, avan\u00e7ando a Norte at\u00e9 \u00e0 fronteira com Viana do Castelo. Para al\u00e9m de v\u00e1rias praias, mar\u00edtimas e fluviais, o parque inclui uma sucess\u00e3o de grandes dunas brancas, pontuadas por vegeta\u00e7\u00e3o rasteira (\u2026). Na regi\u00e3o podem observar-se cerca de 240 esp\u00e9cies de plantas, 140 esp\u00e9cies de aves (\u2026).\u201d<\/p>\n\n\n\n<p class=\"has-text-align-left\"><img decoding=\"async\" width=\"1024\" height=\"683\" class=\"wp-image-1936\" style=\"width: 1280px\" src=\"https:\/\/www.abvp.pt\/wp-content\/uploads\/O-Berco-do-Mundo-Parque-Litoral-Norte.jpg\" alt=\"\" srcset=\"https:\/\/www.abvp.pt\/wp-content\/uploads\/O-Berco-do-Mundo-Parque-Litoral-Norte.jpg 1024w, https:\/\/www.abvp.pt\/wp-content\/uploads\/O-Berco-do-Mundo-Parque-Litoral-Norte-600x400.jpg 600w, https:\/\/www.abvp.pt\/wp-content\/uploads\/O-Berco-do-Mundo-Parque-Litoral-Norte-800x534.jpg 800w, https:\/\/www.abvp.pt\/wp-content\/uploads\/O-Berco-do-Mundo-Parque-Litoral-Norte-150x100.jpg 150w, https:\/\/www.abvp.pt\/wp-content\/uploads\/O-Berco-do-Mundo-Parque-Litoral-Norte-768x512.jpg 768w\" sizes=\"(max-width: 1024px) 100vw, 1024px\" \/><br>H\u00e1 muito para ver e conhecer neste parque natural, e no <a href=\"https:\/\/bercodomundo.com\/2021\/05\/parque-natural-do-litoral-norte.html\" target=\"_blank\" rel=\"noreferrer noopener\">post<\/a> a Ruthia fala-nos de alguns dos seus belos segredos.<\/p>\n\n\n\n<p class=\"has-text-align-center\"><br><br><strong>PASSAPORTE NO BOLSO<br><a href=\"https:\/\/passaportenobolso.com\/parque-natural-da-madeira\/\" target=\"_blank\" rel=\"noreferrer noopener\">Parque Natural da Madeira: visitar ecossistemas \u00fanicos no mundo<\/a><\/strong><br><\/p>\n\n\n\n<p class=\"has-text-align-left\">\u201cO Parque Natural da Madeira \u00e9 uma \u00e1rea protegida que abrange cerca de 67% do territ\u00f3rio da Madeira e que se concentra no maci\u00e7o central e na costa Norte da ilha. Foi criado em 1982 e trata-se de uma Reserva Biogen\u00e9tica que pretende preservar esp\u00e9cie amea\u00e7adas e \u00fanicas no mundo, como \u00e9 o caso da Orqu\u00eddea da Serra. Por ser uma \u00e1rea de inequ\u00edvoca relev\u00e2ncia para a preserva\u00e7\u00e3o do patrim\u00f3nio natural mundial, visitar o Parque Natural da Madeira e estar em contacto com este ecossistema deve ser entendido como um privil\u00e9gio. (\u2026) Na Ilha da Madeira vai encontrar \u00e1reas de reserva natural muito interessantes para conhecer.\u201d<\/p>\n\n\n\n<p class=\"has-text-align-left\"><img loading=\"lazy\" decoding=\"async\" width=\"1024\" height=\"684\" class=\"wp-image-1937\" style=\"width: 1280px\" src=\"https:\/\/www.abvp.pt\/wp-content\/uploads\/Passaporte-no-Bolso-Madeira.jpg\" alt=\"\" srcset=\"https:\/\/www.abvp.pt\/wp-content\/uploads\/Passaporte-no-Bolso-Madeira.jpg 1024w, https:\/\/www.abvp.pt\/wp-content\/uploads\/Passaporte-no-Bolso-Madeira-600x401.jpg 600w, https:\/\/www.abvp.pt\/wp-content\/uploads\/Passaporte-no-Bolso-Madeira-800x534.jpg 800w, https:\/\/www.abvp.pt\/wp-content\/uploads\/Passaporte-no-Bolso-Madeira-150x100.jpg 150w, https:\/\/www.abvp.pt\/wp-content\/uploads\/Passaporte-no-Bolso-Madeira-768x513.jpg 768w\" sizes=\"(max-width: 1024px) 100vw, 1024px\" \/><br>No seu <a href=\"https:\/\/passaportenobolso.com\/parque-natural-da-madeira\/\" target=\"_blank\" rel=\"noreferrer noopener\">post<\/a>, a M\u00f3nica e o Guilherme levam-nos a passear por algumas das mais belas paisagens da ilha da Madeira.<\/p>\n\n\n\n<p class=\"has-text-align-center\"><br><br><strong>VIAJAR ENTRE VIAGENS<br><a href=\"https:\/\/www.viajarentreviagens.pt\/portugal\/parques-naturais-em-portugal\/\" target=\"_blank\" rel=\"noreferrer noopener\">Parques naturais em Portugal<\/a><\/strong><br><\/p>\n\n\n\n<p class=\"has-text-align-left\">\u201cOs Parques Naturais em Portugal s\u00e3o um conjunto de \u00e1reas protegidas em territ\u00f3rio nacional com elevado valor paisag\u00edstico, natural e\/ou cultural. Estes Parques Naturais em Portugal s\u00e3o locais de lazer extraordin\u00e1rios para explorar em harmonia com a natureza, comungar de paz e tranquilidade e apreciar os modos de vida tradicionais das suas popula\u00e7\u00f5es. <\/p>\n\n\n\n<p class=\"has-text-align-left\">(\u2026) Os Parques Naturais em Portugal correspondem a um conjunto de \u00e1reas protegidas com elevado valor e interesse nacional que se caracterizam por conter paisagens naturais, seminaturais e\/ou humanizadas. (\u2026) constituem espa\u00e7os de integra\u00e7\u00e3o harmoniosa da actividade humana natural mediterr\u00e2nica da Pen\u00ednsula Ib\u00e9rica.\u201d<\/p>\n\n\n\n<p class=\"has-text-align-left\"><img loading=\"lazy\" decoding=\"async\" width=\"1259\" height=\"944\" class=\"wp-image-1938\" style=\"width: 1280px\" src=\"https:\/\/www.abvp.pt\/wp-content\/uploads\/Viajar-entre-Viagens-Parques-Naturais-Portugal.jpg\" alt=\"\" srcset=\"https:\/\/www.abvp.pt\/wp-content\/uploads\/Viajar-entre-Viagens-Parques-Naturais-Portugal.jpg 1259w, https:\/\/www.abvp.pt\/wp-content\/uploads\/Viajar-entre-Viagens-Parques-Naturais-Portugal-600x450.jpg 600w, https:\/\/www.abvp.pt\/wp-content\/uploads\/Viajar-entre-Viagens-Parques-Naturais-Portugal-300x225.jpg 300w, https:\/\/www.abvp.pt\/wp-content\/uploads\/Viajar-entre-Viagens-Parques-Naturais-Portugal-800x600.jpg 800w, https:\/\/www.abvp.pt\/wp-content\/uploads\/Viajar-entre-Viagens-Parques-Naturais-Portugal-150x112.jpg 150w, https:\/\/www.abvp.pt\/wp-content\/uploads\/Viajar-entre-Viagens-Parques-Naturais-Portugal-768x576.jpg 768w\" sizes=\"(max-width: 1259px) 100vw, 1259px\" \/><br>Fiquem a saber tudo sobre os nossos Parques Naturais no <a href=\"https:\/\/www.viajarentreviagens.pt\/portugal\/parques-naturais-em-portugal\/\" target=\"_blank\" rel=\"noreferrer noopener\">post<\/a> que a Carla e o Rui publicaram para assinalar esta data.<br><\/p>\n\n\n\n<p class=\"has-text-align-center\"><br><strong>VIAJAR PORQUE SIM<br><a href=\"https:\/\/viajarporquesim.blogs.sapo.pt\/7-parques-para-conhecer-no-dia-europeu-85167\" target=\"_blank\" rel=\"noreferrer noopener\">7 Parques para conhecer no Dia Europeu dos Parques Naturais<\/a><\/strong><br><\/p>\n\n\n\n<p class=\"has-text-align-left\">\u201cPassar mais tempo em contacto com a natureza no seu estado menos humanizado traz in\u00fameros benef\u00edcios \u00e0 vida de cada um de n\u00f3s, sobretudo se a nossa sobreviv\u00eancia nos obriga a habitar em ambiente citadino \u2013 como \u00e9 o meu caso. E \u00e9 por isso que quando viajo, seja em Portugal ou extramuros, cada vez dou maior prefer\u00eancia a lugares onde posso ter esse contacto mais pr\u00f3ximo. N\u00e3o faltam, felizmente, tanto no nosso pa\u00eds como por essa Europa (e mundo) fora, \u00e1reas protegidas e parques naturais para conhecer, cada um com as suas caracter\u00edsticas \u00fanicas, todos eles maravilhosos, v\u00e1rios deles verdadeiramente especiais para mim \u2013 como estes de que vos falo a seguir.\u201d<\/p>\n\n\n\n<p class=\"has-text-align-left\"><img loading=\"lazy\" decoding=\"async\" width=\"1080\" height=\"810\" class=\"wp-image-1939\" style=\"width: 1280px\" src=\"https:\/\/www.abvp.pt\/wp-content\/uploads\/Viajar-Porque-Sim-7-parques-na-Europa.jpg\" alt=\"\" srcset=\"https:\/\/www.abvp.pt\/wp-content\/uploads\/Viajar-Porque-Sim-7-parques-na-Europa.jpg 1080w, https:\/\/www.abvp.pt\/wp-content\/uploads\/Viajar-Porque-Sim-7-parques-na-Europa-600x450.jpg 600w, https:\/\/www.abvp.pt\/wp-content\/uploads\/Viajar-Porque-Sim-7-parques-na-Europa-300x225.jpg 300w, https:\/\/www.abvp.pt\/wp-content\/uploads\/Viajar-Porque-Sim-7-parques-na-Europa-800x600.jpg 800w, https:\/\/www.abvp.pt\/wp-content\/uploads\/Viajar-Porque-Sim-7-parques-na-Europa-150x113.jpg 150w, https:\/\/www.abvp.pt\/wp-content\/uploads\/Viajar-Porque-Sim-7-parques-na-Europa-768x576.jpg 768w\" sizes=\"(max-width: 1080px) 100vw, 1080px\" \/><br>No <a href=\"https:\/\/viajarporquesim.blogs.sapo.pt\/7-parques-para-conhecer-no-dia-europeu-85167\" target=\"_blank\" rel=\"noreferrer noopener\">post<\/a> que publiquei destaco alguns dos meus Parques Naturais preferidos, em Portugal e noutros pa\u00edses da Europa.<br><\/p>\n\n\n\n<p class=\"has-text-align-left\"><br>O tema escolhido pela EUROPARC para a celebra\u00e7\u00e3o deste ano foi <strong>\u201cParques naturais \u2013 a pr\u00f3xima gera\u00e7\u00e3o\u201d<\/strong>. \u00c9 fundamental educar os mais jovens no respeito pela natureza, para que mais tarde se preocupem em manter e ampliar estas \u00e1reas protegidas que s\u00e3o t\u00e3o importantes para n\u00f3s e para o planeta. <\/p>\n\n\n\n<p class=\"has-text-align-left\">E \u00e9 igualmente essencial repensar estrat\u00e9gias de conserva\u00e7\u00e3o que assegurem, no futuro, a sobreviv\u00eancia e multiplica\u00e7\u00e3o destes parques e da sua fauna e flora \u2013 porque <strong>\u00e9 da Natureza que depende tamb\u00e9m a sobreviv\u00eancia da ra\u00e7a humana.<\/strong><br><\/p>","protected":false},"excerpt":{"rendered":"<p>Bloggers da ABVP assinalaram, de forma simb\u00f3lica, o Dia Europeu dos Parques Naturais, chamando a aten\u00e7\u00e3o para lugares protegidos onde pode reconectar-se com a natureza. Foi no dia 24 de [&hellip;]<\/p>\n","protected":false},"author":16,"featured_media":0,"comment_status":"open","ping_status":"closed","sticky":false,"template":"","format":"standard","meta":{"_price":"","_stock":"","_tribe_ticket_header":"","_tribe_default_ticket_provider":"","_tribe_ticket_capacity":"0","_ticket_start_date":"","_ticket_end_date":"","_tribe_ticket_show_description":"","_tribe_ticket_show_not_going":false,"_tribe_ticket_use_global_stock":"","_tribe_ticket_global_stock_level":"","_global_stock_mode":"","_global_stock_cap":"","_tribe_rsvp_for_event":"","_tribe_ticket_going_count":"","_tribe_ticket_not_going_count":"","_tribe_tickets_list":"[]","_tribe_ticket_has_attendee_info_fields":false,"_EventAllDay":false,"_EventTimezone":"","_EventStartDate":"","_EventEndDate":"","_EventStartDateUTC":"","_EventEndDateUTC":"","_EventShowMap":false,"_EventShowMapLink":false,"_EventURL":"","_EventCost":"","_EventCostDescription":"","_EventCurrencySymbol":"","_EventCurrencyCode":"","_EventCurrencyPosition":"","_EventDateTimeSeparator":"","_EventTimeRangeSeparator":"","_EventOrganizerID":[],"_EventVenueID":[],"_OrganizerEmail":"","_OrganizerPhone":"","_OrganizerWebsite":"","_VenueAddress":"","_VenueCity":"","_VenueCountry":"","_VenueProvince":"","_VenueState":"","_VenueZip":"","_VenuePhone":"","_VenueURL":"","_VenueStateProvince":"","_VenueLat":"","_VenueLng":"","_VenueShowMap":false,"_VenueShowMapLink":false,"footnotes":""},"categories":[1],"tags":[59],"class_list":["post-1166","post","type-post","status-publish","format-standard","hentry","category-conteudo","tag-dia-europeu-dos-parques-naturais"],"blocksy_meta":[],"yoast_head":"<!-- This site is optimized with the Yoast SEO plugin v26.4 - https:\/\/yoast.com\/wordpress\/plugins\/seo\/ -->\n<title>ABVP comemora o Dia Europeu dos Parques Naturais - ABVP<\/title>\n<meta name=\"description\" content=\"Os bloggers da ABVP assinalaram o Dia Europeu dos Parques Naturais com publica\u00e7\u00f5es sobre \u00e1reas protegidas, em Portugal e na Europa.\" \/>\n<meta name=\"robots\" content=\"index, follow, max-snippet:-1, max-image-preview:large, max-video-preview:-1\" \/>\n<link rel=\"canonical\" href=\"https:\/\/www.abvp.pt\/en\/abvp-comemora-o-dia-europeu-dos-parques-naturais\/\" \/>\n<meta property=\"og:locale\" content=\"en_GB\" \/>\n<meta property=\"og:type\" content=\"article\" \/>\n<meta property=\"og:title\" content=\"ABVP comemora o Dia Europeu dos Parques Naturais - ABVP\" \/>\n<meta property=\"og:description\" content=\"Os bloggers da ABVP assinalaram o Dia Europeu dos Parques Naturais com publica\u00e7\u00f5es sobre \u00e1reas protegidas, em Portugal e na Europa.\" \/>\n<meta property=\"og:url\" content=\"https:\/\/www.abvp.pt\/en\/abvp-comemora-o-dia-europeu-dos-parques-naturais\/\" \/>\n<meta property=\"og:site_name\" content=\"ABVP\" \/>\n<meta property=\"article:publisher\" content=\"https:\/\/www.facebook.com\/abvppt\/\" \/>\n<meta property=\"article:author\" content=\"https:\/\/www.facebook.com\/viajarporquesim\" \/>\n<meta property=\"article:published_time\" content=\"2021-06-15T00:13:22+00:00\" \/>\n<meta property=\"article:modified_time\" content=\"2023-05-06T20:33:35+00:00\" \/>\n<meta property=\"og:image\" content=\"https:\/\/www.abvp.pt\/wp-content\/uploads\/Parques-Naturais-foto-inicial-scaled.jpg\" \/>\n<meta name=\"author\" content=\"Ana C. Borges\" \/>\n<meta name=\"twitter:card\" content=\"summary_large_image\" \/>\n<meta name=\"twitter:creator\" content=\"@abvppt\" \/>\n<meta name=\"twitter:site\" content=\"@abvppt\" \/>\n<meta name=\"twitter:label1\" content=\"Written by\" \/>\n\t<meta name=\"twitter:data1\" content=\"Ana C. Borges\" \/>\n\t<meta name=\"twitter:label2\" content=\"Estimated reading time\" \/>\n\t<meta name=\"twitter:data2\" content=\"7 minutes\" \/>\n<script type=\"application\/ld+json\" class=\"yoast-schema-graph\">{\"@context\":\"https:\/\/schema.org\",\"@graph\":[{\"@type\":\"Article\",\"@id\":\"https:\/\/www.abvp.pt\/abvp-comemora-o-dia-europeu-dos-parques-naturais\/#article\",\"isPartOf\":{\"@id\":\"https:\/\/www.abvp.pt\/abvp-comemora-o-dia-europeu-dos-parques-naturais\/\"},\"author\":{\"name\":\"Ana C. Borges\",\"@id\":\"https:\/\/www.abvp.pt\/#\/schema\/person\/c01001ca9ca03c994808b13624fdbd5c\"},\"headline\":\"ABVP comemora o Dia Europeu dos Parques Naturais\",\"datePublished\":\"2021-06-15T00:13:22+00:00\",\"dateModified\":\"2023-05-06T20:33:35+00:00\",\"mainEntityOfPage\":{\"@id\":\"https:\/\/www.abvp.pt\/abvp-comemora-o-dia-europeu-dos-parques-naturais\/\"},\"wordCount\":1079,\"commentCount\":0,\"publisher\":{\"@id\":\"https:\/\/www.abvp.pt\/#organization\"},\"image\":{\"@id\":\"https:\/\/www.abvp.pt\/abvp-comemora-o-dia-europeu-dos-parques-naturais\/#primaryimage\"},\"thumbnailUrl\":\"https:\/\/www.abvp.pt\/wp-content\/uploads\/Parques-Naturais-foto-inicial-scaled.jpg\",\"keywords\":[\"dia europeu dos parques naturais\"],\"articleSection\":[\"Conte\u00fado\"],\"inLanguage\":\"en-GB\",\"potentialAction\":[{\"@type\":\"CommentAction\",\"name\":\"Comment\",\"target\":[\"https:\/\/www.abvp.pt\/abvp-comemora-o-dia-europeu-dos-parques-naturais\/#respond\"]}]},{\"@type\":\"WebPage\",\"@id\":\"https:\/\/www.abvp.pt\/abvp-comemora-o-dia-europeu-dos-parques-naturais\/\",\"url\":\"https:\/\/www.abvp.pt\/abvp-comemora-o-dia-europeu-dos-parques-naturais\/\",\"name\":\"ABVP comemora o Dia Europeu dos Parques Naturais - ABVP\",\"isPartOf\":{\"@id\":\"https:\/\/www.abvp.pt\/#website\"},\"primaryImageOfPage\":{\"@id\":\"https:\/\/www.abvp.pt\/abvp-comemora-o-dia-europeu-dos-parques-naturais\/#primaryimage\"},\"image\":{\"@id\":\"https:\/\/www.abvp.pt\/abvp-comemora-o-dia-europeu-dos-parques-naturais\/#primaryimage\"},\"thumbnailUrl\":\"https:\/\/www.abvp.pt\/wp-content\/uploads\/Parques-Naturais-foto-inicial-scaled.jpg\",\"datePublished\":\"2021-06-15T00:13:22+00:00\",\"dateModified\":\"2023-05-06T20:33:35+00:00\",\"description\":\"Os bloggers da ABVP assinalaram o Dia Europeu dos Parques Naturais com publica\u00e7\u00f5es sobre \u00e1reas protegidas, em Portugal e na Europa.\",\"breadcrumb\":{\"@id\":\"https:\/\/www.abvp.pt\/abvp-comemora-o-dia-europeu-dos-parques-naturais\/#breadcrumb\"},\"inLanguage\":\"en-GB\",\"potentialAction\":[{\"@type\":\"ReadAction\",\"target\":[\"https:\/\/www.abvp.pt\/abvp-comemora-o-dia-europeu-dos-parques-naturais\/\"]}]},{\"@type\":\"ImageObject\",\"inLanguage\":\"en-GB\",\"@id\":\"https:\/\/www.abvp.pt\/abvp-comemora-o-dia-europeu-dos-parques-naturais\/#primaryimage\",\"url\":\"https:\/\/www.abvp.pt\/wp-content\/uploads\/Parques-Naturais-foto-inicial-scaled.jpg\",\"contentUrl\":\"https:\/\/www.abvp.pt\/wp-content\/uploads\/Parques-Naturais-foto-inicial-scaled.jpg\"},{\"@type\":\"BreadcrumbList\",\"@id\":\"https:\/\/www.abvp.pt\/abvp-comemora-o-dia-europeu-dos-parques-naturais\/#breadcrumb\",\"itemListElement\":[{\"@type\":\"ListItem\",\"position\":1,\"name\":\"In\u00edcio\",\"item\":\"https:\/\/www.abvp.pt\/\"},{\"@type\":\"ListItem\",\"position\":2,\"name\":\"ABVP comemora o Dia Europeu dos Parques Naturais\"}]},{\"@type\":\"WebSite\",\"@id\":\"https:\/\/www.abvp.pt\/#website\",\"url\":\"https:\/\/www.abvp.pt\/\",\"name\":\"ABVP\",\"description\":\"Associa\u00e7\u00e3o de Bloggers de Viagem Portugueses\",\"publisher\":{\"@id\":\"https:\/\/www.abvp.pt\/#organization\"},\"potentialAction\":[{\"@type\":\"SearchAction\",\"target\":{\"@type\":\"EntryPoint\",\"urlTemplate\":\"https:\/\/www.abvp.pt\/?s={search_term_string}\"},\"query-input\":{\"@type\":\"PropertyValueSpecification\",\"valueRequired\":true,\"valueName\":\"search_term_string\"}}],\"inLanguage\":\"en-GB\"},{\"@type\":\"Organization\",\"@id\":\"https:\/\/www.abvp.pt\/#organization\",\"name\":\"ABVP\",\"url\":\"https:\/\/www.abvp.pt\/\",\"logo\":{\"@type\":\"ImageObject\",\"inLanguage\":\"en-GB\",\"@id\":\"https:\/\/www.abvp.pt\/#\/schema\/logo\/image\/\",\"url\":\"https:\/\/www.abvp.pt\/wp-content\/uploads\/Logo-Header-dark.svg\",\"contentUrl\":\"https:\/\/www.abvp.pt\/wp-content\/uploads\/Logo-Header-dark.svg\",\"width\":325,\"height\":48,\"caption\":\"ABVP\"},\"image\":{\"@id\":\"https:\/\/www.abvp.pt\/#\/schema\/logo\/image\/\"},\"sameAs\":[\"https:\/\/www.facebook.com\/abvppt\/\",\"https:\/\/x.com\/abvppt\",\"https:\/\/www.instagram.com\/abvppt\/\"]},{\"@type\":\"Person\",\"@id\":\"https:\/\/www.abvp.pt\/#\/schema\/person\/c01001ca9ca03c994808b13624fdbd5c\",\"name\":\"Ana C. Borges\",\"image\":{\"@type\":\"ImageObject\",\"inLanguage\":\"en-GB\",\"@id\":\"https:\/\/www.abvp.pt\/#\/schema\/person\/image\/\",\"url\":\"https:\/\/secure.gravatar.com\/avatar\/7a725f4592614d4ad6702531f09627ac?s=96&d=mm&r=g\",\"contentUrl\":\"https:\/\/secure.gravatar.com\/avatar\/7a725f4592614d4ad6702531f09627ac?s=96&d=mm&r=g\",\"caption\":\"Ana C. Borges\"},\"description\":\"Gosta de passeios longos e conversas intermin\u00e1veis, de ver o que ainda n\u00e3o conhece e rever os lugares do cora\u00e7\u00e3o. Fotografa para mem\u00f3ria futura. Escreve porque lhe sabem bem as palavras. Viaja por paix\u00e3o \u2013 e porque o mundo \u00e9 demasiado grande para ficarmos quietos. \u00c9 autora do blogue Viajar porque sim.\",\"sameAs\":[\"https:\/\/viajarporquesim.blogs.sapo.pt\/\",\"https:\/\/www.facebook.com\/viajarporquesim\",\"https:\/\/www.instagram.com\/viajar_porque_sim\/\",\"https:\/\/www.pinterest.pt\/viajarporquesim\/\"],\"url\":\"https:\/\/www.abvp.pt\/en\/author\/acborges\/\"}]}<\/script>\n<!-- \/ Yoast SEO plugin. -->","yoast_head_json":{"title":"ABVP comemora o Dia Europeu dos Parques Naturais - ABVP","description":"Os bloggers da ABVP assinalaram o Dia Europeu dos Parques Naturais com publica\u00e7\u00f5es sobre \u00e1reas protegidas, em Portugal e na Europa.","robots":{"index":"index","follow":"follow","max-snippet":"max-snippet:-1","max-image-preview":"max-image-preview:large","max-video-preview":"max-video-preview:-1"},"canonical":"https:\/\/www.abvp.pt\/en\/abvp-comemora-o-dia-europeu-dos-parques-naturais\/","og_locale":"en_GB","og_type":"article","og_title":"ABVP comemora o Dia Europeu dos Parques Naturais - ABVP","og_description":"Os bloggers da ABVP assinalaram o Dia Europeu dos Parques Naturais com publica\u00e7\u00f5es sobre \u00e1reas protegidas, em Portugal e na Europa.","og_url":"https:\/\/www.abvp.pt\/en\/abvp-comemora-o-dia-europeu-dos-parques-naturais\/","og_site_name":"ABVP","article_publisher":"https:\/\/www.facebook.com\/abvppt\/","article_author":"https:\/\/www.facebook.com\/viajarporquesim","article_published_time":"2021-06-15T00:13:22+00:00","article_modified_time":"2023-05-06T20:33:35+00:00","og_image":[{"url":"https:\/\/www.abvp.pt\/wp-content\/uploads\/Parques-Naturais-foto-inicial-scaled.jpg","type":"","width":"","height":""}],"author":"Ana C. Borges","twitter_card":"summary_large_image","twitter_creator":"@abvppt","twitter_site":"@abvppt","twitter_misc":{"Written by":"Ana C. Borges","Estimated reading time":"7 minutes"},"schema":{"@context":"https:\/\/schema.org","@graph":[{"@type":"Article","@id":"https:\/\/www.abvp.pt\/abvp-comemora-o-dia-europeu-dos-parques-naturais\/#article","isPartOf":{"@id":"https:\/\/www.abvp.pt\/abvp-comemora-o-dia-europeu-dos-parques-naturais\/"},"author":{"name":"Ana C. Borges","@id":"https:\/\/www.abvp.pt\/#\/schema\/person\/c01001ca9ca03c994808b13624fdbd5c"},"headline":"ABVP comemora o Dia Europeu dos Parques Naturais","datePublished":"2021-06-15T00:13:22+00:00","dateModified":"2023-05-06T20:33:35+00:00","mainEntityOfPage":{"@id":"https:\/\/www.abvp.pt\/abvp-comemora-o-dia-europeu-dos-parques-naturais\/"},"wordCount":1079,"commentCount":0,"publisher":{"@id":"https:\/\/www.abvp.pt\/#organization"},"image":{"@id":"https:\/\/www.abvp.pt\/abvp-comemora-o-dia-europeu-dos-parques-naturais\/#primaryimage"},"thumbnailUrl":"https:\/\/www.abvp.pt\/wp-content\/uploads\/Parques-Naturais-foto-inicial-scaled.jpg","keywords":["dia europeu dos parques naturais"],"articleSection":["Conte\u00fado"],"inLanguage":"en-GB","potentialAction":[{"@type":"CommentAction","name":"Comment","target":["https:\/\/www.abvp.pt\/abvp-comemora-o-dia-europeu-dos-parques-naturais\/#respond"]}]},{"@type":"WebPage","@id":"https:\/\/www.abvp.pt\/abvp-comemora-o-dia-europeu-dos-parques-naturais\/","url":"https:\/\/www.abvp.pt\/abvp-comemora-o-dia-europeu-dos-parques-naturais\/","name":"ABVP comemora o Dia Europeu dos Parques Naturais - ABVP","isPartOf":{"@id":"https:\/\/www.abvp.pt\/#website"},"primaryImageOfPage":{"@id":"https:\/\/www.abvp.pt\/abvp-comemora-o-dia-europeu-dos-parques-naturais\/#primaryimage"},"image":{"@id":"https:\/\/www.abvp.pt\/abvp-comemora-o-dia-europeu-dos-parques-naturais\/#primaryimage"},"thumbnailUrl":"https:\/\/www.abvp.pt\/wp-content\/uploads\/Parques-Naturais-foto-inicial-scaled.jpg","datePublished":"2021-06-15T00:13:22+00:00","dateModified":"2023-05-06T20:33:35+00:00","description":"Os bloggers da ABVP assinalaram o Dia Europeu dos Parques Naturais com publica\u00e7\u00f5es sobre \u00e1reas protegidas, em Portugal e na Europa.","breadcrumb":{"@id":"https:\/\/www.abvp.pt\/abvp-comemora-o-dia-europeu-dos-parques-naturais\/#breadcrumb"},"inLanguage":"en-GB","potentialAction":[{"@type":"ReadAction","target":["https:\/\/www.abvp.pt\/abvp-comemora-o-dia-europeu-dos-parques-naturais\/"]}]},{"@type":"ImageObject","inLanguage":"en-GB","@id":"https:\/\/www.abvp.pt\/abvp-comemora-o-dia-europeu-dos-parques-naturais\/#primaryimage","url":"https:\/\/www.abvp.pt\/wp-content\/uploads\/Parques-Naturais-foto-inicial-scaled.jpg","contentUrl":"https:\/\/www.abvp.pt\/wp-content\/uploads\/Parques-Naturais-foto-inicial-scaled.jpg"},{"@type":"BreadcrumbList","@id":"https:\/\/www.abvp.pt\/abvp-comemora-o-dia-europeu-dos-parques-naturais\/#breadcrumb","itemListElement":[{"@type":"ListItem","position":1,"name":"In\u00edcio","item":"https:\/\/www.abvp.pt\/"},{"@type":"ListItem","position":2,"name":"ABVP comemora o Dia Europeu dos Parques Naturais"}]},{"@type":"WebSite","@id":"https:\/\/www.abvp.pt\/#website","url":"https:\/\/www.abvp.pt\/","name":"ABVP","description":"Association of Portuguese Travel Bloggers","publisher":{"@id":"https:\/\/www.abvp.pt\/#organization"},"potentialAction":[{"@type":"SearchAction","target":{"@type":"EntryPoint","urlTemplate":"https:\/\/www.abvp.pt\/?s={search_term_string}"},"query-input":{"@type":"PropertyValueSpecification","valueRequired":true,"valueName":"search_term_string"}}],"inLanguage":"en-GB"},{"@type":"Organization","@id":"https:\/\/www.abvp.pt\/#organization","name":"ABVP","url":"https:\/\/www.abvp.pt\/","logo":{"@type":"ImageObject","inLanguage":"en-GB","@id":"https:\/\/www.abvp.pt\/#\/schema\/logo\/image\/","url":"https:\/\/www.abvp.pt\/wp-content\/uploads\/Logo-Header-dark.svg","contentUrl":"https:\/\/www.abvp.pt\/wp-content\/uploads\/Logo-Header-dark.svg","width":325,"height":48,"caption":"ABVP"},"image":{"@id":"https:\/\/www.abvp.pt\/#\/schema\/logo\/image\/"},"sameAs":["https:\/\/www.facebook.com\/abvppt\/","https:\/\/x.com\/abvppt","https:\/\/www.instagram.com\/abvppt\/"]},{"@type":"Person","@id":"https:\/\/www.abvp.pt\/#\/schema\/person\/c01001ca9ca03c994808b13624fdbd5c","name":"Ana C. Borges","image":{"@type":"ImageObject","inLanguage":"en-GB","@id":"https:\/\/www.abvp.pt\/#\/schema\/person\/image\/","url":"https:\/\/secure.gravatar.com\/avatar\/7a725f4592614d4ad6702531f09627ac?s=96&d=mm&r=g","contentUrl":"https:\/\/secure.gravatar.com\/avatar\/7a725f4592614d4ad6702531f09627ac?s=96&d=mm&r=g","caption":"Ana C. Borges"},"description":"Gosta de passeios longos e conversas intermin\u00e1veis, de ver o que ainda n\u00e3o conhece e rever os lugares do cora\u00e7\u00e3o. Fotografa para mem\u00f3ria futura. Escreve porque lhe sabem bem as palavras. Viaja por paix\u00e3o \u2013 e porque o mundo \u00e9 demasiado grande para ficarmos quietos. \u00c9 autora do blogue Viajar porque sim.","sameAs":["https:\/\/viajarporquesim.blogs.sapo.pt\/","https:\/\/www.facebook.com\/viajarporquesim","https:\/\/www.instagram.com\/viajar_porque_sim\/","https:\/\/www.pinterest.pt\/viajarporquesim\/"],"url":"https:\/\/www.abvp.pt\/en\/author\/acborges\/"}]}},"_links":{"self":[{"href":"https:\/\/www.abvp.pt\/en\/wp-json\/wp\/v2\/posts\/1166","targetHints":{"allow":["GET"]}}],"collection":[{"href":"https:\/\/www.abvp.pt\/en\/wp-json\/wp\/v2\/posts"}],"about":[{"href":"https:\/\/www.abvp.pt\/en\/wp-json\/wp\/v2\/types\/post"}],"author":[{"embeddable":true,"href":"https:\/\/www.abvp.pt\/en\/wp-json\/wp\/v2\/users\/16"}],"replies":[{"embeddable":true,"href":"https:\/\/www.abvp.pt\/en\/wp-json\/wp\/v2\/comments?post=1166"}],"version-history":[{"count":0,"href":"https:\/\/www.abvp.pt\/en\/wp-json\/wp\/v2\/posts\/1166\/revisions"}],"wp:attachment":[{"href":"https:\/\/www.abvp.pt\/en\/wp-json\/wp\/v2\/media?parent=1166"}],"wp:term":[{"taxonomy":"category","embeddable":true,"href":"https:\/\/www.abvp.pt\/en\/wp-json\/wp\/v2\/categories?post=1166"},{"taxonomy":"post_tag","embeddable":true,"href":"https:\/\/www.abvp.pt\/en\/wp-json\/wp\/v2\/tags?post=1166"}],"curies":[{"name":"wp","href":"https:\/\/api.w.org\/{rel}","templated":true}]}}