{"id":1236,"date":"2020-03-05T14:02:44","date_gmt":"2020-03-05T14:02:44","guid":{"rendered":"https:\/\/www.abvp.pt\/?p=1236"},"modified":"2020-03-05T14:07:33","modified_gmt":"2020-03-05T14:07:33","slug":"alentejano-irrequieto-luis-seco","status":"publish","type":"post","link":"https:\/\/www.abvp.pt\/en\/alentejano-irrequieto-luis-seco\/","title":{"rendered":"O alentejano irrequieto: Lu\u00eds Seco (entrevista)"},"content":{"rendered":"<p><strong>Name<\/strong>: Lu\u00eds\nSeco<\/p>\n\n\n\n<p><strong>Profiss\u00e3o<\/strong>: Professor\nde Ingl\u00eas<\/p>\n\n\n\n<p><strong>Data de nascimento<\/strong>: 1974<\/p>\n\n\n\n<p><strong>Local de nascimento<\/strong>: \u00c9vora<\/p>\n\n\n\n<p><strong>Local de resid\u00eancia<\/strong>: \u00c9vora<\/p>\n\n\n\n<p><strong>Pr\u00f3ximas viagens<\/strong>: N\u00e3o\nest\u00e1 nada planeado, mas quero muito ir ao Vietname\/Laos\/Camboja, Ir\u00e3o, Balc\u00e3s, Nova\nIorque, Austr\u00e1lia (e voltar a Marrocos)<\/p>\n\n\n\n<p><strong>Blog: <\/strong><a href=\"https:\/\/www.fotoviajar.com\/\">Foto Viajar<\/a><\/p>\n\n\n\n<p><strong>1. O que significam as viagens para si? <\/strong><\/p>\n\n\n\n<p>Para mim, as viagens s\u00e3o descoberta e liberdade. Sempre fui muito curioso por tudo o que n\u00e3o conhe\u00e7o, ou n\u00e3o faz parte do meu dia a dia, e sempre tive dificuldade em estar sossegado, tanto a n\u00edvel f\u00edsico como espiritual. A verdade \u00e9 que n\u00e3o consigo estar parado muito tempo. Passar uma manh\u00e3 ou tarde na praia  deitado enche-me de stress. Tenho de me mexer, de descobrir o que est\u00e1 \u201cdepois da pr\u00f3xima esquina\u201d. <\/p>\n\n\n\n<p>Adoro partir em <em>road trips<\/em> porque a sensa\u00e7\u00e3o de liberdade \u00e9 imensa. Na maioria das vezes, n\u00e3o marco hot\u00e9is antecipadamente, o que me permite mudar de ideias e decidir no momento se vou para a esquerda ou para a direita, se fico um dia ou tr\u00eas. <\/p>\n\n\n\n<p>Aliado a tudo isto, <strong>est\u00e1 a maior das aventuras, ou seja, ser pai e viajar em fam\u00edlia, com a minha mulher e filha<\/strong> (que tem hoje 11 anos). Por isso, viajar tamb\u00e9m significa criar la\u00e7os cada vez mais fortes e ter a oportunidade de ver a minha filha a crescer enquanto ser humano mais tolerante, curioso e desenvolto, apegado muito mais a experi\u00eancias enriquecedoras do que a objetos.<\/p>\n\n\n\n<figure class=\"wp-block-image size-large\"><img fetchpriority=\"high\" decoding=\"async\" width=\"1600\" height=\"1067\" src=\"https:\/\/www.abvp.pt\/wp-content\/uploads\/japao.jpg\" alt=\"\" class=\"wp-image-1239\" srcset=\"https:\/\/www.abvp.pt\/wp-content\/uploads\/japao.jpg 1600w, https:\/\/www.abvp.pt\/wp-content\/uploads\/japao-600x400.jpg 600w, https:\/\/www.abvp.pt\/wp-content\/uploads\/japao-800x534.jpg 800w, https:\/\/www.abvp.pt\/wp-content\/uploads\/japao-150x100.jpg 150w, https:\/\/www.abvp.pt\/wp-content\/uploads\/japao-768x512.jpg 768w, https:\/\/www.abvp.pt\/wp-content\/uploads\/japao-1536x1024.jpg 1536w\" sizes=\"(max-width: 1600px) 100vw, 1600px\" \/><figcaption>Paisagem do Jap\u00e3o<\/figcaption><\/figure>\n\n\n\n<p><strong>2. Entre os destinos que j\u00e1 visitou, h\u00e1 algum que o tenha marcado de forma especial? Conte-nos. <\/strong><\/p>\n\n\n\n<p>Refiro duas \u201cmarcas\u201d que me ficaram, por raz\u00f5es completamente diferentes. Primeiro, o deserto do Saara, na Tun\u00edsia e em Marrocos, por toda a paz que me faz sentir. Talvez porque <strong>a imensid\u00e3o me acalma a tal \u00e2nsia de ver o que est\u00e1 a seguir. <\/strong>No deserto de areia, para al\u00e9m de subir e descer dunas, fico feliz estando sentado, s\u00f3 a sentir o vento na cara. <\/p>\n\n\n\n<p>O segundo destino que me marcou foi o Jap\u00e3o, a viagem do \u00faltimo ver\u00e3o. Era um desejo j\u00e1 muito antigo. Acho que, de uma maneira geral, a forma como aquela sociedade se organiza, o respeito pelo outro e pelo bem comum, pode muito bem ser um exemplo a, pelo menos, ponderar por toda a gente. <\/p>\n\n\n\n<p><strong>3. O que mais o influencia na hora de escolher um destino de viagem?<\/strong><\/p>\n\n\n\n<p>Acima de tudo, tenho de contar com o tempo que tenho dispon\u00edvel. N\u00e3o vou para o outro lado do mundo se s\u00f3 tiver 7 dias de f\u00e9rias. \u00c0s vezes, <strong>certos pa\u00edses s\u00e3o adiados anos (como o Jap\u00e3o), \u00e0 espera do momento certo<\/strong>. Mas tamb\u00e9m funciono muito por vontades repentinas. Uma vez, em 2005, estava na \u00c1ustria e meti na cabe\u00e7a que queria ir a Dubrovronik. O nome estava t\u00e3o presente em mim por causa do que aconteceu na Guerra dos Balc\u00e3s que \u201ctinha\u201d mesmo de l\u00e1 ir. Foram quase 900 km de carro, mas fui. <\/p>\n\n\n\n<p>\u00c9 claro que tamb\u00e9m acabo por ser influenciado pelo que leio e vejo nos blogs de viagem ou na comunica\u00e7\u00e3o social: uma paisagem, um nome, uma oportunidade de fazer uma <em>road trip<\/em>&#8230; At\u00e9 reduzir a lista a 2 ou 3 potenciais destinos nem sequer digo nada \u00e0 minha mulher, porque ela ficaria louca com o meu mudar de ideias constante. Nesse aspeto sou um p\u00e9ssimo viajante, nunca consigo planear uma viagem com muito tempo de anteced\u00eancia, o que \u00e9 mau para a carteira. <\/p>\n\n\n\n<p><strong>4. J\u00e1 viveu fora de Portugal mais que seis meses? Se sim, onde e o que retirou dessa experi\u00eancia? <\/strong><\/p>\n\n\n\n<p>Nunca. Mas gostava. <\/p>\n\n\n\n<figure class=\"wp-block-image size-large\"><img decoding=\"async\" width=\"1067\" height=\"1600\" src=\"https:\/\/www.abvp.pt\/wp-content\/uploads\/noruega.jpg\" alt=\"\" class=\"wp-image-1240\" srcset=\"https:\/\/www.abvp.pt\/wp-content\/uploads\/noruega.jpg 1067w, https:\/\/www.abvp.pt\/wp-content\/uploads\/noruega-600x900.jpg 600w, https:\/\/www.abvp.pt\/wp-content\/uploads\/noruega-534x800.jpg 534w, https:\/\/www.abvp.pt\/wp-content\/uploads\/noruega-100x150.jpg 100w, https:\/\/www.abvp.pt\/wp-content\/uploads\/noruega-768x1152.jpg 768w, https:\/\/www.abvp.pt\/wp-content\/uploads\/noruega-1024x1536.jpg 1024w\" sizes=\"(max-width: 1067px) 100vw, 1067px\" \/><\/figure>\n\n\n\n<p><strong>5. Explique o que \u00e9 o seu blog de viagens e a raz\u00e3o da sua exist\u00eancia.<\/strong><\/p>\n\n\n\n<p>Essencialmente, o Foto Viajar \u00e9 um blog onde conto as minhas pr\u00f3prias experi\u00eancias de viagem e dou muita informa\u00e7\u00e3o pr\u00e1tica. Tem imensos guias de cidades e tamb\u00e9m os roteiros das tais <em>road trips. <\/em>Gosto ainda de pensar que inspiro os meus leitores a viajar mais com os filhos, deixando de parte a maioria dos receios e das d\u00favidas. <\/p>\n\n\n\n<p>Adoro receber contactos de <strong>pessoas que me dizem que as ajudei a viajar mais ou a definir um itiner\u00e1rio<\/strong>. O blog nasceu precisamente com esse objetivo numa altura, 2008, em que a minha mulher estava gr\u00e1vida e eu me apercebi que n\u00e3o ir\u00edamos viajar muito durante um ano. Ao ver as fotografias de viagens passadas, decidi usar o tempo que ent\u00e3o tinha para escrever e ajudar outras pessoas. Na altura, devia haver uma meia d\u00fazia de outros blogs de viagem em Portugal. Os primeiros artigos foram sobre uma viagem de 8.000 km na Europa.<\/p>\n\n\n\n<p><strong>6. Como surgiu o nome do blog?<\/strong><\/p>\n\n\n\n<p>De uma forma muito natural. O nome simplesmente conjuga duas coisas que adoro, fotografar e viajar. A fotografia j\u00e1 teve muitas fases na minha vida mas, sobretudo, fotografo o que vejo e me provoca sensa\u00e7\u00f5es. Fico sempre surpreendido com <strong>as mem\u00f3rias que se come\u00e7am a revelar a partir de uma mera imagem <\/strong>que consegui registar. A ideia original do blog era quase criar o verbo \u201cfotoviajar\u201d, algo que podemos fazer antes ou depois de partir.<\/p>\n\n\n\n<p><strong>7. Destaque um dos posts de que mais gosta no seu blog e explique porqu\u00ea. <\/strong><\/p>\n\n\n\n<p>Destaco o <a href=\"https:\/\/www.fotoviajar.com\/islandia\/roteiro-viagem-islandia-mapa\">Roteiro de Viagem \u00e0 Isl\u00e2ndia<\/a>, j\u00e1 que representa uma viagem meio louca que fiz a um pa\u00eds cujas paisagens me deixaram fascinado. Digo meio louca porque dei a volta completa \u00e0 ilha de carro em poucos dias, visitando inclusivamente uma das zonas mais selvagens e remotas da Isl\u00e2ndia: os fiordes ocidentais. Foi uma escolha da curiosidade e teimosia, de que n\u00e3o me arrependo, apesar da viagem ter sido feita mais depressa do que devia.<\/p>\n\n\n\n<figure class=\"wp-block-image size-large\"><img decoding=\"async\" width=\"1600\" height=\"1060\" src=\"https:\/\/www.abvp.pt\/wp-content\/uploads\/islandia-2.jpg\" alt=\"\" class=\"wp-image-1238\" srcset=\"https:\/\/www.abvp.pt\/wp-content\/uploads\/islandia-2.jpg 1600w, https:\/\/www.abvp.pt\/wp-content\/uploads\/islandia-2-600x398.jpg 600w, https:\/\/www.abvp.pt\/wp-content\/uploads\/islandia-2-800x530.jpg 800w, https:\/\/www.abvp.pt\/wp-content\/uploads\/islandia-2-150x99.jpg 150w, https:\/\/www.abvp.pt\/wp-content\/uploads\/islandia-2-768x509.jpg 768w, https:\/\/www.abvp.pt\/wp-content\/uploads\/islandia-2-1536x1018.jpg 1536w\" sizes=\"(max-width: 1600px) 100vw, 1600px\" \/><figcaption>Paisagem da Isl\u00e2ndia.<\/figcaption><\/figure>\n\n\n\n<p><strong>8. Alguma dica para quem pretende come\u00e7ar agora um blog de viagens? <\/strong><\/p>\n\n\n\n<p>\u00c9 relativamente f\u00e1cil come\u00e7ar um blog de viagens hoje em dia. Mas a decis\u00e3o tem de partir da raz\u00e3o certa: o prazer da partilha. Depois, com o tempo, podem surgir outros objetivos que j\u00e1 implicam mais conhecimentos. \u00c9 aqui que a troca de experi\u00eancias na ABVP se torna extremamente \u00fatil (e, ao mesmo tempo, gratificante). <\/p>\n\n\n\n<p>Sugiro que nunca deixem de viajar apenas pelo prazer da viagem e de estarem com quem escolheram como companheiros de aventura. No regresso a casa, \u00e9 preciso ter no\u00e7\u00e3o de que<strong> levar um blog de viagens \u201cmais al\u00e9m\u201d implica, como tudo na vida, muit\u00edssimo trabalho e dedica\u00e7\u00e3o<\/strong>. O \u00faltimo conselho tem de ser: escrevam, escrevam, escrevam.<\/p>\n\n\n\n<p><strong>9. Que papel desempenham os blogs junto de outras pessoas que gostam de viajar? <\/strong><\/p>\n\n\n\n<p>Acredito que, atualmente, os blogs de viagens s\u00e3o <em>O<\/em> ponto de partida para quase todos os viajantes. A informa\u00e7\u00e3o prov\u00e9m daqueles que, cada um \u00e0 sua maneira, criaram os itiner\u00e1rios e viveram as experi\u00eancias. Os leitores reconhecem o valor e a \u00e9tica por tr\u00e1s do trabalho da grande maioria dos bloggers, algo que est\u00e1 nos objetivos da pr\u00f3pria ABVP. <\/p>\n\n\n\n<p>Apesar desta busca crescente pelo conte\u00fado dos blogs, na minha opini\u00e3o, \u00e9 importante deixar claro que cada viajante ter\u00e1 mem\u00f3rias muito mais valiosas se fizer as suas descobertas pessoais, ao inv\u00e9s de tentar seguir os passos de outros. &nbsp;<\/p>\n\n\n\n<figure class=\"wp-block-image size-large\"><img loading=\"lazy\" decoding=\"async\" width=\"1600\" height=\"1060\" src=\"https:\/\/www.abvp.pt\/wp-content\/uploads\/turquia.jpg\" alt=\"\" class=\"wp-image-1241\" srcset=\"https:\/\/www.abvp.pt\/wp-content\/uploads\/turquia.jpg 1600w, https:\/\/www.abvp.pt\/wp-content\/uploads\/turquia-600x398.jpg 600w, https:\/\/www.abvp.pt\/wp-content\/uploads\/turquia-800x530.jpg 800w, https:\/\/www.abvp.pt\/wp-content\/uploads\/turquia-150x99.jpg 150w, https:\/\/www.abvp.pt\/wp-content\/uploads\/turquia-768x509.jpg 768w, https:\/\/www.abvp.pt\/wp-content\/uploads\/turquia-1536x1018.jpg 1536w\" sizes=\"(max-width: 1600px) 100vw, 1600px\" \/><figcaption>Pormenor do quotidiano nas ruas da Turquia.<\/figcaption><\/figure>\n\n\n\n<p><strong>10. Qual \u00e9 o seu maior sonho por cumprir?<\/strong><\/p>\n\n\n\n<p>N\u00e3o me parece que tenha propriamente um sonho no campo das viagens. Nem de atingir um determinado n\u00famero de pa\u00edses visitados, nem de fazer isto ou aquilo. <strong>Tenho, isso sim, muitos desejos, que passam inclusivamente por n\u00e3o fazer grandes planos<\/strong>. Vou continuar a escolher os meus destinos em fun\u00e7\u00e3o da minha\/nossa vontade na altura.<\/p>\n\n\n\n<p>Se calhar, o \u201csonho\u201d no campo das viagens, neste momento, n\u00e3o passa pelo \u201cir\u201d mas pelo caminho inverso, no qual estou muito focado. Apaixonei-me outra vez pelo meu Alentejo cada vez que voltei de outro pa\u00eds e me apercebi do valor e das potencialidades desta regi\u00e3o. Atrav\u00e9s do meu projeto <a href=\"http:\/\/www.visitevora.net\">Visit\u00c9vora<\/a>, quero continuar a divulgar as experi\u00eancias \u00fanicas e aut\u00eanticas que por c\u00e1 acontecem, ainda muito longe do turismo de massas e sem sustentabilidade.<\/p>","protected":false},"excerpt":{"rendered":"<p>Nome: Lu\u00eds Seco Profiss\u00e3o: Professor de Ingl\u00eas Data de nascimento: 1974 Local de nascimento: \u00c9vora Local de resid\u00eancia: \u00c9vora Pr\u00f3ximas viagens: N\u00e3o est\u00e1 nada planeado, mas quero muito ir ao [&hellip;]<\/p>\n","protected":false},"author":5,"featured_media":1237,"comment_status":"open","ping_status":"closed","sticky":false,"template":"","format":"standard","meta":{"_price":"","_stock":"","_tribe_ticket_header":"","_tribe_default_ticket_provider":"","_tribe_ticket_capacity":"0","_ticket_start_date":"","_ticket_end_date":"","_tribe_ticket_show_description":"","_tribe_ticket_show_not_going":false,"_tribe_ticket_use_global_stock":"","_tribe_ticket_global_stock_level":"","_global_stock_mode":"","_global_stock_cap":"","_tribe_rsvp_for_event":"","_tribe_ticket_going_count":"","_tribe_ticket_not_going_count":"","_tribe_tickets_list":"[]","_tribe_ticket_has_attendee_info_fields":false,"_EventAllDay":false,"_EventTimezone":"","_EventStartDate":"","_EventEndDate":"","_EventStartDateUTC":"","_EventEndDateUTC":"","_EventShowMap":false,"_EventShowMapLink":false,"_EventURL":"","_EventCost":"","_EventCostDescription":"","_EventCurrencySymbol":"","_EventCurrencyCode":"","_EventCurrencyPosition":"","_EventDateTimeSeparator":"","_EventTimeRangeSeparator":"","_EventOrganizerID":[],"_EventVenueID":[],"_OrganizerEmail":"","_OrganizerPhone":"","_OrganizerWebsite":"","_VenueAddress":"","_VenueCity":"","_VenueCountry":"","_VenueProvince":"","_VenueState":"","_VenueZip":"","_VenuePhone":"","_VenueURL":"","_VenueStateProvince":"","_VenueLat":"","_VenueLng":"","_VenueShowMap":false,"_VenueShowMapLink":false,"footnotes":""},"categories":[1],"tags":[],"class_list":["post-1236","post","type-post","status-publish","format-standard","has-post-thumbnail","hentry","category-conteudo"],"blocksy_meta":[],"yoast_head":"<!-- This site is optimized with the Yoast SEO plugin v26.4 - https:\/\/yoast.com\/wordpress\/plugins\/seo\/ -->\n<title>O alentejano irrequieto: Lu\u00eds Seco (entrevista) - ABVP<\/title>\n<meta name=\"robots\" content=\"index, follow, max-snippet:-1, max-image-preview:large, max-video-preview:-1\" \/>\n<link rel=\"canonical\" href=\"https:\/\/www.abvp.pt\/en\/alentejano-irrequieto-luis-seco\/\" \/>\n<meta property=\"og:locale\" content=\"en_GB\" \/>\n<meta property=\"og:type\" content=\"article\" \/>\n<meta property=\"og:title\" content=\"O alentejano irrequieto: Lu\u00eds Seco (entrevista) - ABVP\" \/>\n<meta property=\"og:description\" content=\"Nome: Lu\u00eds Seco Profiss\u00e3o: Professor de Ingl\u00eas Data de nascimento: 1974 Local de nascimento: \u00c9vora Local de resid\u00eancia: \u00c9vora Pr\u00f3ximas viagens: N\u00e3o est\u00e1 nada planeado, mas quero muito ir ao [&hellip;]\" \/>\n<meta property=\"og:url\" content=\"https:\/\/www.abvp.pt\/en\/alentejano-irrequieto-luis-seco\/\" \/>\n<meta property=\"og:site_name\" content=\"ABVP\" \/>\n<meta property=\"article:publisher\" content=\"https:\/\/www.facebook.com\/abvppt\/\" \/>\n<meta property=\"article:published_time\" content=\"2020-03-05T14:02:44+00:00\" \/>\n<meta property=\"article:modified_time\" content=\"2020-03-05T14:07:33+00:00\" \/>\n<meta property=\"og:image\" content=\"https:\/\/www.abvp.pt\/wp-content\/uploads\/islandia.jpg\" \/>\n\t<meta property=\"og:image:width\" content=\"1600\" \/>\n\t<meta property=\"og:image:height\" content=\"1060\" \/>\n\t<meta property=\"og:image:type\" content=\"image\/jpeg\" \/>\n<meta name=\"author\" content=\"Ruthia Portelinha\" \/>\n<meta name=\"twitter:card\" content=\"summary_large_image\" \/>\n<meta name=\"twitter:creator\" content=\"@abvppt\" \/>\n<meta name=\"twitter:site\" content=\"@abvppt\" \/>\n<meta name=\"twitter:label1\" content=\"Written by\" \/>\n\t<meta name=\"twitter:data1\" content=\"Ruthia Portelinha\" \/>\n\t<meta name=\"twitter:label2\" content=\"Estimated reading time\" \/>\n\t<meta name=\"twitter:data2\" content=\"7 minutes\" \/>\n<script type=\"application\/ld+json\" class=\"yoast-schema-graph\">{\"@context\":\"https:\/\/schema.org\",\"@graph\":[{\"@type\":\"Article\",\"@id\":\"https:\/\/www.abvp.pt\/alentejano-irrequieto-luis-seco\/#article\",\"isPartOf\":{\"@id\":\"https:\/\/www.abvp.pt\/alentejano-irrequieto-luis-seco\/\"},\"author\":{\"name\":\"Ruthia Portelinha\",\"@id\":\"https:\/\/www.abvp.pt\/#\/schema\/person\/3224ab1e82979d8d2daa9b24c41ac06f\"},\"headline\":\"O alentejano irrequieto: Lu\u00eds Seco (entrevista)\",\"datePublished\":\"2020-03-05T14:02:44+00:00\",\"dateModified\":\"2020-03-05T14:07:33+00:00\",\"mainEntityOfPage\":{\"@id\":\"https:\/\/www.abvp.pt\/alentejano-irrequieto-luis-seco\/\"},\"wordCount\":1394,\"commentCount\":0,\"publisher\":{\"@id\":\"https:\/\/www.abvp.pt\/#organization\"},\"image\":{\"@id\":\"https:\/\/www.abvp.pt\/alentejano-irrequieto-luis-seco\/#primaryimage\"},\"thumbnailUrl\":\"https:\/\/www.abvp.pt\/wp-content\/uploads\/islandia.jpg\",\"articleSection\":[\"Conte\u00fado\"],\"inLanguage\":\"en-GB\",\"potentialAction\":[{\"@type\":\"CommentAction\",\"name\":\"Comment\",\"target\":[\"https:\/\/www.abvp.pt\/alentejano-irrequieto-luis-seco\/#respond\"]}]},{\"@type\":\"WebPage\",\"@id\":\"https:\/\/www.abvp.pt\/alentejano-irrequieto-luis-seco\/\",\"url\":\"https:\/\/www.abvp.pt\/alentejano-irrequieto-luis-seco\/\",\"name\":\"O alentejano irrequieto: Lu\u00eds Seco (entrevista) - ABVP\",\"isPartOf\":{\"@id\":\"https:\/\/www.abvp.pt\/#website\"},\"primaryImageOfPage\":{\"@id\":\"https:\/\/www.abvp.pt\/alentejano-irrequieto-luis-seco\/#primaryimage\"},\"image\":{\"@id\":\"https:\/\/www.abvp.pt\/alentejano-irrequieto-luis-seco\/#primaryimage\"},\"thumbnailUrl\":\"https:\/\/www.abvp.pt\/wp-content\/uploads\/islandia.jpg\",\"datePublished\":\"2020-03-05T14:02:44+00:00\",\"dateModified\":\"2020-03-05T14:07:33+00:00\",\"breadcrumb\":{\"@id\":\"https:\/\/www.abvp.pt\/alentejano-irrequieto-luis-seco\/#breadcrumb\"},\"inLanguage\":\"en-GB\",\"potentialAction\":[{\"@type\":\"ReadAction\",\"target\":[\"https:\/\/www.abvp.pt\/alentejano-irrequieto-luis-seco\/\"]}]},{\"@type\":\"ImageObject\",\"inLanguage\":\"en-GB\",\"@id\":\"https:\/\/www.abvp.pt\/alentejano-irrequieto-luis-seco\/#primaryimage\",\"url\":\"https:\/\/www.abvp.pt\/wp-content\/uploads\/islandia.jpg\",\"contentUrl\":\"https:\/\/www.abvp.pt\/wp-content\/uploads\/islandia.jpg\",\"width\":1600,\"height\":1060,\"caption\":\"estrada da isl\u00e2ndia\"},{\"@type\":\"BreadcrumbList\",\"@id\":\"https:\/\/www.abvp.pt\/alentejano-irrequieto-luis-seco\/#breadcrumb\",\"itemListElement\":[{\"@type\":\"ListItem\",\"position\":1,\"name\":\"In\u00edcio\",\"item\":\"https:\/\/www.abvp.pt\/\"},{\"@type\":\"ListItem\",\"position\":2,\"name\":\"O alentejano irrequieto: Lu\u00eds Seco (entrevista)\"}]},{\"@type\":\"WebSite\",\"@id\":\"https:\/\/www.abvp.pt\/#website\",\"url\":\"https:\/\/www.abvp.pt\/\",\"name\":\"ABVP\",\"description\":\"Associa\u00e7\u00e3o de Bloggers de Viagem Portugueses\",\"publisher\":{\"@id\":\"https:\/\/www.abvp.pt\/#organization\"},\"potentialAction\":[{\"@type\":\"SearchAction\",\"target\":{\"@type\":\"EntryPoint\",\"urlTemplate\":\"https:\/\/www.abvp.pt\/?s={search_term_string}\"},\"query-input\":{\"@type\":\"PropertyValueSpecification\",\"valueRequired\":true,\"valueName\":\"search_term_string\"}}],\"inLanguage\":\"en-GB\"},{\"@type\":\"Organization\",\"@id\":\"https:\/\/www.abvp.pt\/#organization\",\"name\":\"ABVP\",\"url\":\"https:\/\/www.abvp.pt\/\",\"logo\":{\"@type\":\"ImageObject\",\"inLanguage\":\"en-GB\",\"@id\":\"https:\/\/www.abvp.pt\/#\/schema\/logo\/image\/\",\"url\":\"https:\/\/www.abvp.pt\/wp-content\/uploads\/Logo-Header-dark.svg\",\"contentUrl\":\"https:\/\/www.abvp.pt\/wp-content\/uploads\/Logo-Header-dark.svg\",\"width\":325,\"height\":48,\"caption\":\"ABVP\"},\"image\":{\"@id\":\"https:\/\/www.abvp.pt\/#\/schema\/logo\/image\/\"},\"sameAs\":[\"https:\/\/www.facebook.com\/abvppt\/\",\"https:\/\/x.com\/abvppt\",\"https:\/\/www.instagram.com\/abvppt\/\"]},{\"@type\":\"Person\",\"@id\":\"https:\/\/www.abvp.pt\/#\/schema\/person\/3224ab1e82979d8d2daa9b24c41ac06f\",\"name\":\"Ruthia Portelinha\",\"image\":{\"@type\":\"ImageObject\",\"inLanguage\":\"en-GB\",\"@id\":\"https:\/\/www.abvp.pt\/#\/schema\/person\/image\/\",\"url\":\"https:\/\/secure.gravatar.com\/avatar\/fe88f7331e86f7718c223ca840ea6091?s=96&d=mm&r=g\",\"contentUrl\":\"https:\/\/secure.gravatar.com\/avatar\/fe88f7331e86f7718c223ca840ea6091?s=96&d=mm&r=g\",\"caption\":\"Ruthia Portelinha\"},\"description\":\"Viajante, m\u00e3e babada, choc\u00f3latra, amante de livros e museus. Autora do blog O Ber\u00e7o do Mundo.\",\"sameAs\":[\"https:\/\/www.bercodomundo.com\"],\"url\":\"https:\/\/www.abvp.pt\/en\/author\/ruthia\/\"}]}<\/script>\n<!-- \/ Yoast SEO plugin. -->","yoast_head_json":{"title":"O alentejano irrequieto: Lu\u00eds Seco (entrevista) - ABVP","robots":{"index":"index","follow":"follow","max-snippet":"max-snippet:-1","max-image-preview":"max-image-preview:large","max-video-preview":"max-video-preview:-1"},"canonical":"https:\/\/www.abvp.pt\/en\/alentejano-irrequieto-luis-seco\/","og_locale":"en_GB","og_type":"article","og_title":"O alentejano irrequieto: Lu\u00eds Seco (entrevista) - ABVP","og_description":"Nome: Lu\u00eds Seco Profiss\u00e3o: Professor de Ingl\u00eas Data de nascimento: 1974 Local de nascimento: \u00c9vora Local de resid\u00eancia: \u00c9vora Pr\u00f3ximas viagens: N\u00e3o est\u00e1 nada planeado, mas quero muito ir ao [&hellip;]","og_url":"https:\/\/www.abvp.pt\/en\/alentejano-irrequieto-luis-seco\/","og_site_name":"ABVP","article_publisher":"https:\/\/www.facebook.com\/abvppt\/","article_published_time":"2020-03-05T14:02:44+00:00","article_modified_time":"2020-03-05T14:07:33+00:00","og_image":[{"width":1600,"height":1060,"url":"https:\/\/www.abvp.pt\/wp-content\/uploads\/islandia.jpg","type":"image\/jpeg"}],"author":"Ruthia Portelinha","twitter_card":"summary_large_image","twitter_creator":"@abvppt","twitter_site":"@abvppt","twitter_misc":{"Written by":"Ruthia Portelinha","Estimated reading time":"7 minutes"},"schema":{"@context":"https:\/\/schema.org","@graph":[{"@type":"Article","@id":"https:\/\/www.abvp.pt\/alentejano-irrequieto-luis-seco\/#article","isPartOf":{"@id":"https:\/\/www.abvp.pt\/alentejano-irrequieto-luis-seco\/"},"author":{"name":"Ruthia Portelinha","@id":"https:\/\/www.abvp.pt\/#\/schema\/person\/3224ab1e82979d8d2daa9b24c41ac06f"},"headline":"O alentejano irrequieto: Lu\u00eds Seco (entrevista)","datePublished":"2020-03-05T14:02:44+00:00","dateModified":"2020-03-05T14:07:33+00:00","mainEntityOfPage":{"@id":"https:\/\/www.abvp.pt\/alentejano-irrequieto-luis-seco\/"},"wordCount":1394,"commentCount":0,"publisher":{"@id":"https:\/\/www.abvp.pt\/#organization"},"image":{"@id":"https:\/\/www.abvp.pt\/alentejano-irrequieto-luis-seco\/#primaryimage"},"thumbnailUrl":"https:\/\/www.abvp.pt\/wp-content\/uploads\/islandia.jpg","articleSection":["Conte\u00fado"],"inLanguage":"en-GB","potentialAction":[{"@type":"CommentAction","name":"Comment","target":["https:\/\/www.abvp.pt\/alentejano-irrequieto-luis-seco\/#respond"]}]},{"@type":"WebPage","@id":"https:\/\/www.abvp.pt\/alentejano-irrequieto-luis-seco\/","url":"https:\/\/www.abvp.pt\/alentejano-irrequieto-luis-seco\/","name":"O alentejano irrequieto: Lu\u00eds Seco (entrevista) - ABVP","isPartOf":{"@id":"https:\/\/www.abvp.pt\/#website"},"primaryImageOfPage":{"@id":"https:\/\/www.abvp.pt\/alentejano-irrequieto-luis-seco\/#primaryimage"},"image":{"@id":"https:\/\/www.abvp.pt\/alentejano-irrequieto-luis-seco\/#primaryimage"},"thumbnailUrl":"https:\/\/www.abvp.pt\/wp-content\/uploads\/islandia.jpg","datePublished":"2020-03-05T14:02:44+00:00","dateModified":"2020-03-05T14:07:33+00:00","breadcrumb":{"@id":"https:\/\/www.abvp.pt\/alentejano-irrequieto-luis-seco\/#breadcrumb"},"inLanguage":"en-GB","potentialAction":[{"@type":"ReadAction","target":["https:\/\/www.abvp.pt\/alentejano-irrequieto-luis-seco\/"]}]},{"@type":"ImageObject","inLanguage":"en-GB","@id":"https:\/\/www.abvp.pt\/alentejano-irrequieto-luis-seco\/#primaryimage","url":"https:\/\/www.abvp.pt\/wp-content\/uploads\/islandia.jpg","contentUrl":"https:\/\/www.abvp.pt\/wp-content\/uploads\/islandia.jpg","width":1600,"height":1060,"caption":"estrada da isl\u00e2ndia"},{"@type":"BreadcrumbList","@id":"https:\/\/www.abvp.pt\/alentejano-irrequieto-luis-seco\/#breadcrumb","itemListElement":[{"@type":"ListItem","position":1,"name":"In\u00edcio","item":"https:\/\/www.abvp.pt\/"},{"@type":"ListItem","position":2,"name":"O alentejano irrequieto: Lu\u00eds Seco (entrevista)"}]},{"@type":"WebSite","@id":"https:\/\/www.abvp.pt\/#website","url":"https:\/\/www.abvp.pt\/","name":"ABVP","description":"Association of Portuguese Travel Bloggers","publisher":{"@id":"https:\/\/www.abvp.pt\/#organization"},"potentialAction":[{"@type":"SearchAction","target":{"@type":"EntryPoint","urlTemplate":"https:\/\/www.abvp.pt\/?s={search_term_string}"},"query-input":{"@type":"PropertyValueSpecification","valueRequired":true,"valueName":"search_term_string"}}],"inLanguage":"en-GB"},{"@type":"Organization","@id":"https:\/\/www.abvp.pt\/#organization","name":"ABVP","url":"https:\/\/www.abvp.pt\/","logo":{"@type":"ImageObject","inLanguage":"en-GB","@id":"https:\/\/www.abvp.pt\/#\/schema\/logo\/image\/","url":"https:\/\/www.abvp.pt\/wp-content\/uploads\/Logo-Header-dark.svg","contentUrl":"https:\/\/www.abvp.pt\/wp-content\/uploads\/Logo-Header-dark.svg","width":325,"height":48,"caption":"ABVP"},"image":{"@id":"https:\/\/www.abvp.pt\/#\/schema\/logo\/image\/"},"sameAs":["https:\/\/www.facebook.com\/abvppt\/","https:\/\/x.com\/abvppt","https:\/\/www.instagram.com\/abvppt\/"]},{"@type":"Person","@id":"https:\/\/www.abvp.pt\/#\/schema\/person\/3224ab1e82979d8d2daa9b24c41ac06f","name":"Ruthia Portelinha","image":{"@type":"ImageObject","inLanguage":"en-GB","@id":"https:\/\/www.abvp.pt\/#\/schema\/person\/image\/","url":"https:\/\/secure.gravatar.com\/avatar\/fe88f7331e86f7718c223ca840ea6091?s=96&d=mm&r=g","contentUrl":"https:\/\/secure.gravatar.com\/avatar\/fe88f7331e86f7718c223ca840ea6091?s=96&d=mm&r=g","caption":"Ruthia Portelinha"},"description":"Viajante, m\u00e3e babada, choc\u00f3latra, amante de livros e museus. Autora do blog O Ber\u00e7o do Mundo.","sameAs":["https:\/\/www.bercodomundo.com"],"url":"https:\/\/www.abvp.pt\/en\/author\/ruthia\/"}]}},"_links":{"self":[{"href":"https:\/\/www.abvp.pt\/en\/wp-json\/wp\/v2\/posts\/1236","targetHints":{"allow":["GET"]}}],"collection":[{"href":"https:\/\/www.abvp.pt\/en\/wp-json\/wp\/v2\/posts"}],"about":[{"href":"https:\/\/www.abvp.pt\/en\/wp-json\/wp\/v2\/types\/post"}],"author":[{"embeddable":true,"href":"https:\/\/www.abvp.pt\/en\/wp-json\/wp\/v2\/users\/5"}],"replies":[{"embeddable":true,"href":"https:\/\/www.abvp.pt\/en\/wp-json\/wp\/v2\/comments?post=1236"}],"version-history":[{"count":0,"href":"https:\/\/www.abvp.pt\/en\/wp-json\/wp\/v2\/posts\/1236\/revisions"}],"wp:featuredmedia":[{"embeddable":true,"href":"https:\/\/www.abvp.pt\/en\/wp-json\/wp\/v2\/media\/1237"}],"wp:attachment":[{"href":"https:\/\/www.abvp.pt\/en\/wp-json\/wp\/v2\/media?parent=1236"}],"wp:term":[{"taxonomy":"category","embeddable":true,"href":"https:\/\/www.abvp.pt\/en\/wp-json\/wp\/v2\/categories?post=1236"},{"taxonomy":"post_tag","embeddable":true,"href":"https:\/\/www.abvp.pt\/en\/wp-json\/wp\/v2\/tags?post=1236"}],"curies":[{"name":"wp","href":"https:\/\/api.w.org\/{rel}","templated":true}]}}