{"id":1247,"date":"2020-04-18T08:25:45","date_gmt":"2020-04-18T08:25:45","guid":{"rendered":"https:\/\/www.abvp.pt\/?p=1247"},"modified":"2020-04-22T10:46:51","modified_gmt":"2020-04-22T10:46:51","slug":"dos-bits-para-o-mundo-catarina-gralha-entrevista","status":"publish","type":"post","link":"https:\/\/www.abvp.pt\/en\/dos-bits-para-o-mundo-catarina-gralha-entrevista\/","title":{"rendered":"Bits e viagens: Catarina Gralha (entrevista)"},"content":{"rendered":"<p><strong>Name<\/strong>: Catarina\nGralha<\/p>\n\n\n\n<p><strong>Profiss\u00e3o<\/strong>: Investigadora (\u00e1rea da Inform\u00e1tica)<\/p>\n\n\n\n<p><strong>Data de nascimento<\/strong>: 1989<\/p>\n\n\n\n<p><strong>Local de nascimento<\/strong>: Lisboa<\/p>\n\n\n\n<p><strong>Local de resid\u00eancia<\/strong>: Lisboa<\/p>\n\n\n\n<p><strong>Pr\u00f3ximas viagens<\/strong>:\nIrlanda e Nam\u00edbia<\/p>\n\n\n\n<p><strong>Blog: <\/strong><a href=\"https:\/\/mundoindefinido.com\/\" target=\"_blank\" rel=\"noreferrer noopener\" aria-label=\" (abre num novo separador)\">Mundo Indefinido<\/a><\/p>\n\n\n\n<p><strong>1<\/strong>. <strong> O que significam as viagens para si? <\/strong><\/p>\n\n\n\n<p>Sempre fui muito curiosa, h\u00e1 em mim uma grande vontade de aprender. Considero que uma das melhores formas de o fazer \u00e9 atrav\u00e9s da descoberta do Mundo. Quando o fazemos com mente aberta, o ato de viajar permite-nos conhecer as outras culturas, respeit\u00e1-las, entend\u00ea-las. Torna-nos mais flex\u00edveis e tolerantes. <\/p>\n\n\n\n<p>Eu <strong>viajo para aprender, para ter mais compreens\u00e3o, e para eliminar preconceitos<\/strong>. E porque acredito que, enquanto viajantes, podemos deixar uma marca positiva por onde passamos. As viagens transformam, tanto quem viaja como quem contacta com o viajante. E \u00e9 essa transforma\u00e7\u00e3o que tamb\u00e9m procuro.<\/p>\n\n\n\n<figure class=\"wp-block-image size-large\"><img fetchpriority=\"high\" decoding=\"async\" width=\"1600\" height=\"1200\" src=\"https:\/\/www.abvp.pt\/wp-content\/uploads\/Alemanha-1600x1200.jpg\" alt=\"Catarina Gralha na Alemanha\" class=\"wp-image-1248\" srcset=\"https:\/\/www.abvp.pt\/wp-content\/uploads\/Alemanha-1600x1200.jpg 1600w, https:\/\/www.abvp.pt\/wp-content\/uploads\/Alemanha-scaled-600x450.jpg 600w, https:\/\/www.abvp.pt\/wp-content\/uploads\/Alemanha-scaled-300x225.jpg 300w, https:\/\/www.abvp.pt\/wp-content\/uploads\/Alemanha-800x600.jpg 800w, https:\/\/www.abvp.pt\/wp-content\/uploads\/Alemanha-150x113.jpg 150w, https:\/\/www.abvp.pt\/wp-content\/uploads\/Alemanha-768x576.jpg 768w, https:\/\/www.abvp.pt\/wp-content\/uploads\/Alemanha-1536x1152.jpg 1536w, https:\/\/www.abvp.pt\/wp-content\/uploads\/Alemanha-2048x1536.jpg 2048w\" sizes=\"(max-width: 1600px) 100vw, 1600px\" \/><\/figure>\n\n\n\n<p>2. <strong>Entre os destinos que j\u00e1 visitou, h\u00e1 algum que a tenha marcado de forma especial? Conte-nos. <\/strong><\/p>\n\n\n\n<p>Todos os destinos s\u00e3o especiais e de todos trouxe mem\u00f3rias incr\u00edveis. No entanto, e tendo de decidir, confesso que tenho alguma dificuldade em escolher entre a Mong\u00f3lia e a R\u00fassia. <strong>A Mong\u00f3lia acaba por \u201cganhar\u201d, <\/strong>mas existe sempre alguma hesita\u00e7\u00e3o da minha parte.<\/p>\n\n\n\n<p>Na verdade, a R\u00fassia foi o primeiro pa\u00eds para o qual fui completamente sozinha durante seis semanas. Foi o per\u00edodo mais longo que fiquei longe de casa, sem ningu\u00e9m conhecido para me acompanhar. A R\u00fassia ser\u00e1 sempre especial. Por toda a experi\u00eancia de ir sozinha para um pa\u00eds cujo idioma n\u00e3o dominava, para uma regi\u00e3o onde o ingl\u00eas tamb\u00e9m era desconhecido da popula\u00e7\u00e3o: Volgogrado. Rapidamente aprendi que os russos, apesar do seu exterior mais frio, s\u00e3o calorosos. <strong>As pessoas, as pessoas\u2026 fazem qualquer viagem valer a pena<\/strong>.<\/p>\n\n\n\n<p>No entanto, a Mong\u00f3lia marcou-me pela sua beleza natural. E eu sou uma eterna apaixonada pela natureza. Sou (muito) feliz no meio de uma floresta, no topo de uma serra, ou junto a um rio. E foi essa felicidade que a Mong\u00f3lia me trouxe, com as suas estepes, desertos e montanhas.<\/p>\n\n\n\n<p>3. <strong>O que mais a influencia na hora de escolher um destino de viagem? <\/strong><\/p>\n\n\n\n<p>Sobretudo o tempo que tenho dispon\u00edvel e o pre\u00e7o dos bilhetes. N\u00e3o me importo de repetir destinos, porque h\u00e1 sempre novas perspetivas que podem surgir, novos lugares para desbravar. Prefiro destinos de natureza, mas tamb\u00e9m gosto muito de cidades grandes, com patrim\u00f3nio hist\u00f3rico e cultural. No entanto, as \u00fanicas influ\u00eancias s\u00e3o as que referi: disponibilidade temporal e monet\u00e1ria.<\/p>\n\n\n\n<figure class=\"wp-block-image size-large\"><img decoding=\"async\" width=\"1600\" height=\"1200\" src=\"https:\/\/www.abvp.pt\/wp-content\/uploads\/Mong\u00f3lia-paisagem-1600x1200.jpg\" alt=\"\" class=\"wp-image-1249\" srcset=\"https:\/\/www.abvp.pt\/wp-content\/uploads\/Mong\u00f3lia-paisagem-1600x1200.jpg 1600w, https:\/\/www.abvp.pt\/wp-content\/uploads\/Mong\u00f3lia-paisagem-600x450.jpg 600w, https:\/\/www.abvp.pt\/wp-content\/uploads\/Mong\u00f3lia-paisagem-300x225.jpg 300w, https:\/\/www.abvp.pt\/wp-content\/uploads\/Mong\u00f3lia-paisagem-800x600.jpg 800w, https:\/\/www.abvp.pt\/wp-content\/uploads\/Mong\u00f3lia-paisagem-150x113.jpg 150w, https:\/\/www.abvp.pt\/wp-content\/uploads\/Mong\u00f3lia-paisagem-768x576.jpg 768w, https:\/\/www.abvp.pt\/wp-content\/uploads\/Mong\u00f3lia-paisagem-1536x1152.jpg 1536w, https:\/\/www.abvp.pt\/wp-content\/uploads\/Mong\u00f3lia-paisagem.jpg 2048w\" sizes=\"(max-width: 1600px) 100vw, 1600px\" \/><figcaption>Paisagem da Mong\u00f3lia<\/figcaption><\/figure>\n\n\n\n<p>4. <strong>J\u00e1 viveu fora de Portugal mais que seis meses? Se sim, onde e o que retirou dessa experi\u00eancia? <\/strong><\/p>\n\n\n\n<p>Em 2017 vivi no Canad\u00e1 durante seis meses, na cidade de Victoria (Vancouver Island). Na altura estava a fazer o doutoramento, e surgiu a oportunidade de ir durante um tempo para a universidade local. O mais dif\u00edcil foi partilhar casa com tr\u00eas pessoas que n\u00e3o eram muito arrumadas. E o facto de<strong> o azeite ser extremamente caro!<\/strong><\/p>\n\n\n\n<p>O Canad\u00e1 \u00e9 um pa\u00eds impressionante. Acolheu-me de bra\u00e7os abertos e com um sorriso no rosto. As pessoas s\u00e3o muito af\u00e1veis. No geral, tudo funciona muito bem: os transportes, as estradas, os servi\u00e7os. N\u00e3o \u00e9 um pa\u00eds perfeito, mas tem muitas coisas positivas. <\/p>\n\n\n\n<p>Consegui explorar um pouco da prov\u00edncia da British Colombia e, se a Mong\u00f3lia j\u00e1 me tinha impressionado pela sua beleza natural, o Canad\u00e1 n\u00e3o lhe ficou nada atr\u00e1s. As \u00e1reas verdes s\u00e3o abundantes, mesmo nas cidades maiores, e n\u00e3o eram raros os dias em que sa\u00eda de casa e via uma fam\u00edlia de veados. Essa <strong>harmonia entre cidade e natureza agradou-me bastante<\/strong>.<\/p>\n\n\n\n<p>5. <strong>Explique o que \u00e9 o seu blog de viagens e a raz\u00e3o da sua exist\u00eancia. <\/strong><\/p>\n\n\n\n<p>O Mundo Indefinido surgiu em 2006 e, durante muito tempo, foi um blog onde ia escrevendo textos de fic\u00e7\u00e3o. N\u00e3o era sobre viagens, mas uma forma de alimentar a minha liga\u00e7\u00e3o \u00e0 escrita, que sempre foi muito profunda.<\/p>\n\n\n\n<p>Foi apenas em 2015, ap\u00f3s um interrail pela Europa, que comecei a partilhar as minhas viagens. Os textos dessa altura s\u00e3o muito diferentes dos que escrevo agora. Sinto que evolu\u00ed ao longo dos anos, que fui encontrando um estilo de escrita que se adequa a mim.<\/p>\n\n\n\n<p>Mais do que partilhar dicas e relatos de viagens, que tamb\u00e9m fa\u00e7o, o meu objetivo principal \u00e9<strong> inspirar quem me l\u00ea a viajar de forma consciente<\/strong>, com mais conhecimento sobre o mundo e sobre o impacto das suas a\u00e7\u00f5es. Eu acredito sinceramente no poder transformador da educa\u00e7\u00e3o, do conhecimento e da partilha de experi\u00eancias.<\/p>\n\n\n\n<figure class=\"wp-block-image size-large\"><img decoding=\"async\" width=\"1600\" height=\"1200\" src=\"https:\/\/www.abvp.pt\/wp-content\/uploads\/Canad\u00e1-Moraine-Lake-1600x1200.jpg\" alt=\"\" class=\"wp-image-1250\" srcset=\"https:\/\/www.abvp.pt\/wp-content\/uploads\/Canad\u00e1-Moraine-Lake-1600x1200.jpg 1600w, https:\/\/www.abvp.pt\/wp-content\/uploads\/Canad\u00e1-Moraine-Lake-600x450.jpg 600w, https:\/\/www.abvp.pt\/wp-content\/uploads\/Canad\u00e1-Moraine-Lake-300x225.jpg 300w, https:\/\/www.abvp.pt\/wp-content\/uploads\/Canad\u00e1-Moraine-Lake-800x600.jpg 800w, https:\/\/www.abvp.pt\/wp-content\/uploads\/Canad\u00e1-Moraine-Lake-150x113.jpg 150w, https:\/\/www.abvp.pt\/wp-content\/uploads\/Canad\u00e1-Moraine-Lake-768x576.jpg 768w, https:\/\/www.abvp.pt\/wp-content\/uploads\/Canad\u00e1-Moraine-Lake-1536x1152.jpg 1536w, https:\/\/www.abvp.pt\/wp-content\/uploads\/Canad\u00e1-Moraine-Lake.jpg 1920w\" sizes=\"(max-width: 1600px) 100vw, 1600px\" \/><figcaption>Moraine Lake, no Canad\u00e1.<\/figcaption><\/figure>\n\n\n\n<p>6. <strong>Como surgiu o nome do blog?<\/strong><\/p>\n\n\n\n<p>Desde que o blog surgiu, em 2006, que o seu nome se manteve. Na altura, o nome simplesmente apareceu na minha mente. Era o \u201cmundo\u201d da escrita. Hoje, \u00e9 o \u201cmundo\u201d das viagens. Quando fiz a transi\u00e7\u00e3o, achei que o nome se enquadrava perfeitamente aos t\u00f3picos que queria abordar, por isso mantive-o.<\/p>\n\n\n\n<p>7. <strong>Destaque um dos posts de que mais gosta no seu blog e explique porqu\u00ea. <\/strong><\/p>\n\n\n\n<p>Podia escolher outro, mas o texto <a rel=\"noreferrer noopener\" aria-label=\" (abre num novo separador)\" href=\"https:\/\/mundoindefinido.com\/grande-muralha-china\/\" target=\"_blank\">Quando estive (quase) sozinha na Muralha da China<\/a> \u00e9 muito especial, porque relata uma das melhores experi\u00eancias que tive em viagem. A sensa\u00e7\u00e3o de <strong>percorrer uma das sec\u00e7\u00f5es n\u00e3o restauradas da Grande Muralha da China <\/strong>\u00e9 quase indescrit\u00edvel.<\/p>\n\n\n\n<p>8. <strong>Alguma dica para quem pretende come\u00e7ar agora um blog de viagens? <\/strong><\/p>\n\n\n\n<p>Come\u00e7ar um blog de viagens \u00e9 f\u00e1cil. A parte mais dif\u00edcil \u00e9 mant\u00ea-lo e escrever com consist\u00eancia e qualidade. \u00c9 preciso dedica\u00e7\u00e3o, e ter as prioridades bem definidas. Para mim, h\u00e1 tr\u00eas coisas fundamentais: <strong>integridade, transpar\u00eancia e comunidade<\/strong>. Esta \u00faltima n\u00e3o \u00e9 relativa apenas aos leitores, mas tamb\u00e9m a outros bloggers. Considero muito importante aprender com os outros, assim como ensinar a quem sabe menos do que n\u00f3s.<\/p>\n\n\n\n<figure class=\"wp-block-image size-large\"><img loading=\"lazy\" decoding=\"async\" width=\"1600\" height=\"1067\" src=\"https:\/\/www.abvp.pt\/wp-content\/uploads\/Luxemburgo-1600x1067.jpg\" alt=\"\" class=\"wp-image-1254\" srcset=\"https:\/\/www.abvp.pt\/wp-content\/uploads\/Luxemburgo-1600x1067.jpg 1600w, https:\/\/www.abvp.pt\/wp-content\/uploads\/Luxemburgo-600x400.jpg 600w, https:\/\/www.abvp.pt\/wp-content\/uploads\/Luxemburgo-800x533.jpg 800w, https:\/\/www.abvp.pt\/wp-content\/uploads\/Luxemburgo-150x100.jpg 150w, https:\/\/www.abvp.pt\/wp-content\/uploads\/Luxemburgo-768x512.jpg 768w, https:\/\/www.abvp.pt\/wp-content\/uploads\/Luxemburgo-1536x1024.jpg 1536w, https:\/\/www.abvp.pt\/wp-content\/uploads\/Luxemburgo.jpg 1920w\" sizes=\"(max-width: 1600px) 100vw, 1600px\" \/><figcaption>Trilho no Luxemburgo.<\/figcaption><\/figure>\n\n\n\n<p>9. <strong>Que papel desempenham os blogs junto de outras pessoas que gostam de viajar? <\/strong><\/p>\n\n\n\n<p>S\u00e3o uma fonte de conhecimento e inspira\u00e7\u00e3o. Quando bem escritos, os textos dos blogs de viagens permitem-nos viajar, mesmo sem sairmos de casa. Tamb\u00e9m nos podem ajudar no processo de planeamento de uma viagem, com dicas e informa\u00e7\u00e3o preciosa de quem j\u00e1 esteve nos locais. No fundo, os blogs de viagem t\u00eam dupla fun\u00e7\u00e3o: de inspirar e informar.<\/p>\n\n\n\n<p>10. <strong>Qual \u00e9 o seu maior sonho por cumprir?<\/strong><\/p>\n\n\n\n<p>S\u00e3o muitos, mas tenho planos para todos eles. Quero fazer uma grande viagem de volta ao mundo numa carrinha transformada em casa ambulante. Tamb\u00e9m <strong>pretendo subir a algumas das montanhas mais altas<\/strong> e fazer v\u00e1rios trilhos longos, como os Caminhos de Santiago ou o Appalachian Trail. S\u00e3o sonhos ambiciosos, mas ter um plano ajuda a transport\u00e1-los do imagin\u00e1rio para o real. Os sonhos s\u00e3o para serem realizados.<\/p>","protected":false},"excerpt":{"rendered":"<p>Nome: Catarina Gralha Profiss\u00e3o: Investigadora (\u00e1rea da Inform\u00e1tica) Data de nascimento: 1989 Local de nascimento: Lisboa Local de resid\u00eancia: Lisboa Pr\u00f3ximas viagens: Irlanda e Nam\u00edbia Blog: Mundo Indefinido 1. O [&hellip;]<\/p>\n","protected":false},"author":5,"featured_media":1252,"comment_status":"open","ping_status":"closed","sticky":false,"template":"","format":"standard","meta":{"_price":"","_stock":"","_tribe_ticket_header":"","_tribe_default_ticket_provider":"","_tribe_ticket_capacity":"0","_ticket_start_date":"","_ticket_end_date":"","_tribe_ticket_show_description":"","_tribe_ticket_show_not_going":false,"_tribe_ticket_use_global_stock":"","_tribe_ticket_global_stock_level":"","_global_stock_mode":"","_global_stock_cap":"","_tribe_rsvp_for_event":"","_tribe_ticket_going_count":"","_tribe_ticket_not_going_count":"","_tribe_tickets_list":"[]","_tribe_ticket_has_attendee_info_fields":false,"_EventAllDay":false,"_EventTimezone":"","_EventStartDate":"","_EventEndDate":"","_EventStartDateUTC":"","_EventEndDateUTC":"","_EventShowMap":false,"_EventShowMapLink":false,"_EventURL":"","_EventCost":"","_EventCostDescription":"","_EventCurrencySymbol":"","_EventCurrencyCode":"","_EventCurrencyPosition":"","_EventDateTimeSeparator":"","_EventTimeRangeSeparator":"","_EventOrganizerID":[],"_EventVenueID":[],"_OrganizerEmail":"","_OrganizerPhone":"","_OrganizerWebsite":"","_VenueAddress":"","_VenueCity":"","_VenueCountry":"","_VenueProvince":"","_VenueState":"","_VenueZip":"","_VenuePhone":"","_VenueURL":"","_VenueStateProvince":"","_VenueLat":"","_VenueLng":"","_VenueShowMap":false,"_VenueShowMapLink":false,"footnotes":""},"categories":[1],"tags":[],"class_list":["post-1247","post","type-post","status-publish","format-standard","has-post-thumbnail","hentry","category-conteudo"],"blocksy_meta":[],"yoast_head":"<!-- This site is optimized with the Yoast SEO plugin v26.4 - https:\/\/yoast.com\/wordpress\/plugins\/seo\/ -->\n<title>Bits e viagens: Catarina Gralha (entrevista) - ABVP<\/title>\n<meta name=\"robots\" content=\"index, follow, max-snippet:-1, max-image-preview:large, max-video-preview:-1\" \/>\n<link rel=\"canonical\" href=\"https:\/\/www.abvp.pt\/en\/dos-bits-para-o-mundo-catarina-gralha-entrevista\/\" \/>\n<meta property=\"og:locale\" content=\"en_GB\" \/>\n<meta property=\"og:type\" content=\"article\" \/>\n<meta property=\"og:title\" content=\"Bits e viagens: Catarina Gralha (entrevista) - ABVP\" \/>\n<meta property=\"og:description\" content=\"Nome: Catarina Gralha Profiss\u00e3o: Investigadora (\u00e1rea da Inform\u00e1tica) Data de nascimento: 1989 Local de nascimento: Lisboa Local de resid\u00eancia: Lisboa Pr\u00f3ximas viagens: Irlanda e Nam\u00edbia Blog: Mundo Indefinido 1. O [&hellip;]\" \/>\n<meta property=\"og:url\" content=\"https:\/\/www.abvp.pt\/en\/dos-bits-para-o-mundo-catarina-gralha-entrevista\/\" \/>\n<meta property=\"og:site_name\" content=\"ABVP\" \/>\n<meta property=\"article:publisher\" content=\"https:\/\/www.facebook.com\/abvppt\/\" \/>\n<meta property=\"article:published_time\" content=\"2020-04-18T08:25:45+00:00\" \/>\n<meta property=\"article:modified_time\" content=\"2020-04-22T10:46:51+00:00\" \/>\n<meta property=\"og:image\" content=\"https:\/\/www.abvp.pt\/wp-content\/uploads\/Grande-Muralha-da-China-Mundo-Indefinido.jpg\" \/>\n\t<meta property=\"og:image:width\" content=\"2048\" \/>\n\t<meta property=\"og:image:height\" content=\"1536\" \/>\n\t<meta property=\"og:image:type\" content=\"image\/jpeg\" \/>\n<meta name=\"author\" content=\"Ruthia Portelinha\" \/>\n<meta name=\"twitter:card\" content=\"summary_large_image\" \/>\n<meta name=\"twitter:creator\" content=\"@abvppt\" \/>\n<meta name=\"twitter:site\" content=\"@abvppt\" \/>\n<meta name=\"twitter:label1\" content=\"Written by\" \/>\n\t<meta name=\"twitter:data1\" content=\"Ruthia Portelinha\" \/>\n\t<meta name=\"twitter:label2\" content=\"Estimated reading time\" \/>\n\t<meta name=\"twitter:data2\" content=\"6 minutes\" \/>\n<script type=\"application\/ld+json\" class=\"yoast-schema-graph\">{\"@context\":\"https:\/\/schema.org\",\"@graph\":[{\"@type\":\"Article\",\"@id\":\"https:\/\/www.abvp.pt\/dos-bits-para-o-mundo-catarina-gralha-entrevista\/#article\",\"isPartOf\":{\"@id\":\"https:\/\/www.abvp.pt\/dos-bits-para-o-mundo-catarina-gralha-entrevista\/\"},\"author\":{\"name\":\"Ruthia Portelinha\",\"@id\":\"https:\/\/www.abvp.pt\/#\/schema\/person\/3224ab1e82979d8d2daa9b24c41ac06f\"},\"headline\":\"Bits e viagens: Catarina Gralha (entrevista)\",\"datePublished\":\"2020-04-18T08:25:45+00:00\",\"dateModified\":\"2020-04-22T10:46:51+00:00\",\"mainEntityOfPage\":{\"@id\":\"https:\/\/www.abvp.pt\/dos-bits-para-o-mundo-catarina-gralha-entrevista\/\"},\"wordCount\":1174,\"commentCount\":0,\"publisher\":{\"@id\":\"https:\/\/www.abvp.pt\/#organization\"},\"image\":{\"@id\":\"https:\/\/www.abvp.pt\/dos-bits-para-o-mundo-catarina-gralha-entrevista\/#primaryimage\"},\"thumbnailUrl\":\"https:\/\/www.abvp.pt\/wp-content\/uploads\/Grande-Muralha-da-China-Mundo-Indefinido.jpg\",\"articleSection\":[\"Conte\u00fado\"],\"inLanguage\":\"en-GB\",\"potentialAction\":[{\"@type\":\"CommentAction\",\"name\":\"Comment\",\"target\":[\"https:\/\/www.abvp.pt\/dos-bits-para-o-mundo-catarina-gralha-entrevista\/#respond\"]}]},{\"@type\":\"WebPage\",\"@id\":\"https:\/\/www.abvp.pt\/dos-bits-para-o-mundo-catarina-gralha-entrevista\/\",\"url\":\"https:\/\/www.abvp.pt\/dos-bits-para-o-mundo-catarina-gralha-entrevista\/\",\"name\":\"Bits e viagens: Catarina Gralha (entrevista) - ABVP\",\"isPartOf\":{\"@id\":\"https:\/\/www.abvp.pt\/#website\"},\"primaryImageOfPage\":{\"@id\":\"https:\/\/www.abvp.pt\/dos-bits-para-o-mundo-catarina-gralha-entrevista\/#primaryimage\"},\"image\":{\"@id\":\"https:\/\/www.abvp.pt\/dos-bits-para-o-mundo-catarina-gralha-entrevista\/#primaryimage\"},\"thumbnailUrl\":\"https:\/\/www.abvp.pt\/wp-content\/uploads\/Grande-Muralha-da-China-Mundo-Indefinido.jpg\",\"datePublished\":\"2020-04-18T08:25:45+00:00\",\"dateModified\":\"2020-04-22T10:46:51+00:00\",\"breadcrumb\":{\"@id\":\"https:\/\/www.abvp.pt\/dos-bits-para-o-mundo-catarina-gralha-entrevista\/#breadcrumb\"},\"inLanguage\":\"en-GB\",\"potentialAction\":[{\"@type\":\"ReadAction\",\"target\":[\"https:\/\/www.abvp.pt\/dos-bits-para-o-mundo-catarina-gralha-entrevista\/\"]}]},{\"@type\":\"ImageObject\",\"inLanguage\":\"en-GB\",\"@id\":\"https:\/\/www.abvp.pt\/dos-bits-para-o-mundo-catarina-gralha-entrevista\/#primaryimage\",\"url\":\"https:\/\/www.abvp.pt\/wp-content\/uploads\/Grande-Muralha-da-China-Mundo-Indefinido.jpg\",\"contentUrl\":\"https:\/\/www.abvp.pt\/wp-content\/uploads\/Grande-Muralha-da-China-Mundo-Indefinido.jpg\",\"width\":2048,\"height\":1536,\"caption\":\"muralha da China\"},{\"@type\":\"BreadcrumbList\",\"@id\":\"https:\/\/www.abvp.pt\/dos-bits-para-o-mundo-catarina-gralha-entrevista\/#breadcrumb\",\"itemListElement\":[{\"@type\":\"ListItem\",\"position\":1,\"name\":\"In\u00edcio\",\"item\":\"https:\/\/www.abvp.pt\/\"},{\"@type\":\"ListItem\",\"position\":2,\"name\":\"Bits e viagens: Catarina Gralha (entrevista)\"}]},{\"@type\":\"WebSite\",\"@id\":\"https:\/\/www.abvp.pt\/#website\",\"url\":\"https:\/\/www.abvp.pt\/\",\"name\":\"ABVP\",\"description\":\"Associa\u00e7\u00e3o de Bloggers de Viagem Portugueses\",\"publisher\":{\"@id\":\"https:\/\/www.abvp.pt\/#organization\"},\"potentialAction\":[{\"@type\":\"SearchAction\",\"target\":{\"@type\":\"EntryPoint\",\"urlTemplate\":\"https:\/\/www.abvp.pt\/?s={search_term_string}\"},\"query-input\":{\"@type\":\"PropertyValueSpecification\",\"valueRequired\":true,\"valueName\":\"search_term_string\"}}],\"inLanguage\":\"en-GB\"},{\"@type\":\"Organization\",\"@id\":\"https:\/\/www.abvp.pt\/#organization\",\"name\":\"ABVP\",\"url\":\"https:\/\/www.abvp.pt\/\",\"logo\":{\"@type\":\"ImageObject\",\"inLanguage\":\"en-GB\",\"@id\":\"https:\/\/www.abvp.pt\/#\/schema\/logo\/image\/\",\"url\":\"https:\/\/www.abvp.pt\/wp-content\/uploads\/Logo-Header-dark.svg\",\"contentUrl\":\"https:\/\/www.abvp.pt\/wp-content\/uploads\/Logo-Header-dark.svg\",\"width\":325,\"height\":48,\"caption\":\"ABVP\"},\"image\":{\"@id\":\"https:\/\/www.abvp.pt\/#\/schema\/logo\/image\/\"},\"sameAs\":[\"https:\/\/www.facebook.com\/abvppt\/\",\"https:\/\/x.com\/abvppt\",\"https:\/\/www.instagram.com\/abvppt\/\"]},{\"@type\":\"Person\",\"@id\":\"https:\/\/www.abvp.pt\/#\/schema\/person\/3224ab1e82979d8d2daa9b24c41ac06f\",\"name\":\"Ruthia Portelinha\",\"image\":{\"@type\":\"ImageObject\",\"inLanguage\":\"en-GB\",\"@id\":\"https:\/\/www.abvp.pt\/#\/schema\/person\/image\/\",\"url\":\"https:\/\/secure.gravatar.com\/avatar\/fe88f7331e86f7718c223ca840ea6091?s=96&d=mm&r=g\",\"contentUrl\":\"https:\/\/secure.gravatar.com\/avatar\/fe88f7331e86f7718c223ca840ea6091?s=96&d=mm&r=g\",\"caption\":\"Ruthia Portelinha\"},\"description\":\"Viajante, m\u00e3e babada, choc\u00f3latra, amante de livros e museus. Autora do blog O Ber\u00e7o do Mundo.\",\"sameAs\":[\"https:\/\/www.bercodomundo.com\"],\"url\":\"https:\/\/www.abvp.pt\/en\/author\/ruthia\/\"}]}<\/script>\n<!-- \/ Yoast SEO plugin. -->","yoast_head_json":{"title":"Bits e viagens: Catarina Gralha (entrevista) - ABVP","robots":{"index":"index","follow":"follow","max-snippet":"max-snippet:-1","max-image-preview":"max-image-preview:large","max-video-preview":"max-video-preview:-1"},"canonical":"https:\/\/www.abvp.pt\/en\/dos-bits-para-o-mundo-catarina-gralha-entrevista\/","og_locale":"en_GB","og_type":"article","og_title":"Bits e viagens: Catarina Gralha (entrevista) - ABVP","og_description":"Nome: Catarina Gralha Profiss\u00e3o: Investigadora (\u00e1rea da Inform\u00e1tica) Data de nascimento: 1989 Local de nascimento: Lisboa Local de resid\u00eancia: Lisboa Pr\u00f3ximas viagens: Irlanda e Nam\u00edbia Blog: Mundo Indefinido 1. O [&hellip;]","og_url":"https:\/\/www.abvp.pt\/en\/dos-bits-para-o-mundo-catarina-gralha-entrevista\/","og_site_name":"ABVP","article_publisher":"https:\/\/www.facebook.com\/abvppt\/","article_published_time":"2020-04-18T08:25:45+00:00","article_modified_time":"2020-04-22T10:46:51+00:00","og_image":[{"width":2048,"height":1536,"url":"https:\/\/www.abvp.pt\/wp-content\/uploads\/Grande-Muralha-da-China-Mundo-Indefinido.jpg","type":"image\/jpeg"}],"author":"Ruthia Portelinha","twitter_card":"summary_large_image","twitter_creator":"@abvppt","twitter_site":"@abvppt","twitter_misc":{"Written by":"Ruthia Portelinha","Estimated reading time":"6 minutes"},"schema":{"@context":"https:\/\/schema.org","@graph":[{"@type":"Article","@id":"https:\/\/www.abvp.pt\/dos-bits-para-o-mundo-catarina-gralha-entrevista\/#article","isPartOf":{"@id":"https:\/\/www.abvp.pt\/dos-bits-para-o-mundo-catarina-gralha-entrevista\/"},"author":{"name":"Ruthia Portelinha","@id":"https:\/\/www.abvp.pt\/#\/schema\/person\/3224ab1e82979d8d2daa9b24c41ac06f"},"headline":"Bits e viagens: Catarina Gralha (entrevista)","datePublished":"2020-04-18T08:25:45+00:00","dateModified":"2020-04-22T10:46:51+00:00","mainEntityOfPage":{"@id":"https:\/\/www.abvp.pt\/dos-bits-para-o-mundo-catarina-gralha-entrevista\/"},"wordCount":1174,"commentCount":0,"publisher":{"@id":"https:\/\/www.abvp.pt\/#organization"},"image":{"@id":"https:\/\/www.abvp.pt\/dos-bits-para-o-mundo-catarina-gralha-entrevista\/#primaryimage"},"thumbnailUrl":"https:\/\/www.abvp.pt\/wp-content\/uploads\/Grande-Muralha-da-China-Mundo-Indefinido.jpg","articleSection":["Conte\u00fado"],"inLanguage":"en-GB","potentialAction":[{"@type":"CommentAction","name":"Comment","target":["https:\/\/www.abvp.pt\/dos-bits-para-o-mundo-catarina-gralha-entrevista\/#respond"]}]},{"@type":"WebPage","@id":"https:\/\/www.abvp.pt\/dos-bits-para-o-mundo-catarina-gralha-entrevista\/","url":"https:\/\/www.abvp.pt\/dos-bits-para-o-mundo-catarina-gralha-entrevista\/","name":"Bits e viagens: Catarina Gralha (entrevista) - ABVP","isPartOf":{"@id":"https:\/\/www.abvp.pt\/#website"},"primaryImageOfPage":{"@id":"https:\/\/www.abvp.pt\/dos-bits-para-o-mundo-catarina-gralha-entrevista\/#primaryimage"},"image":{"@id":"https:\/\/www.abvp.pt\/dos-bits-para-o-mundo-catarina-gralha-entrevista\/#primaryimage"},"thumbnailUrl":"https:\/\/www.abvp.pt\/wp-content\/uploads\/Grande-Muralha-da-China-Mundo-Indefinido.jpg","datePublished":"2020-04-18T08:25:45+00:00","dateModified":"2020-04-22T10:46:51+00:00","breadcrumb":{"@id":"https:\/\/www.abvp.pt\/dos-bits-para-o-mundo-catarina-gralha-entrevista\/#breadcrumb"},"inLanguage":"en-GB","potentialAction":[{"@type":"ReadAction","target":["https:\/\/www.abvp.pt\/dos-bits-para-o-mundo-catarina-gralha-entrevista\/"]}]},{"@type":"ImageObject","inLanguage":"en-GB","@id":"https:\/\/www.abvp.pt\/dos-bits-para-o-mundo-catarina-gralha-entrevista\/#primaryimage","url":"https:\/\/www.abvp.pt\/wp-content\/uploads\/Grande-Muralha-da-China-Mundo-Indefinido.jpg","contentUrl":"https:\/\/www.abvp.pt\/wp-content\/uploads\/Grande-Muralha-da-China-Mundo-Indefinido.jpg","width":2048,"height":1536,"caption":"muralha da China"},{"@type":"BreadcrumbList","@id":"https:\/\/www.abvp.pt\/dos-bits-para-o-mundo-catarina-gralha-entrevista\/#breadcrumb","itemListElement":[{"@type":"ListItem","position":1,"name":"In\u00edcio","item":"https:\/\/www.abvp.pt\/"},{"@type":"ListItem","position":2,"name":"Bits e viagens: Catarina Gralha (entrevista)"}]},{"@type":"WebSite","@id":"https:\/\/www.abvp.pt\/#website","url":"https:\/\/www.abvp.pt\/","name":"ABVP","description":"Association of Portuguese Travel Bloggers","publisher":{"@id":"https:\/\/www.abvp.pt\/#organization"},"potentialAction":[{"@type":"SearchAction","target":{"@type":"EntryPoint","urlTemplate":"https:\/\/www.abvp.pt\/?s={search_term_string}"},"query-input":{"@type":"PropertyValueSpecification","valueRequired":true,"valueName":"search_term_string"}}],"inLanguage":"en-GB"},{"@type":"Organization","@id":"https:\/\/www.abvp.pt\/#organization","name":"ABVP","url":"https:\/\/www.abvp.pt\/","logo":{"@type":"ImageObject","inLanguage":"en-GB","@id":"https:\/\/www.abvp.pt\/#\/schema\/logo\/image\/","url":"https:\/\/www.abvp.pt\/wp-content\/uploads\/Logo-Header-dark.svg","contentUrl":"https:\/\/www.abvp.pt\/wp-content\/uploads\/Logo-Header-dark.svg","width":325,"height":48,"caption":"ABVP"},"image":{"@id":"https:\/\/www.abvp.pt\/#\/schema\/logo\/image\/"},"sameAs":["https:\/\/www.facebook.com\/abvppt\/","https:\/\/x.com\/abvppt","https:\/\/www.instagram.com\/abvppt\/"]},{"@type":"Person","@id":"https:\/\/www.abvp.pt\/#\/schema\/person\/3224ab1e82979d8d2daa9b24c41ac06f","name":"Ruthia Portelinha","image":{"@type":"ImageObject","inLanguage":"en-GB","@id":"https:\/\/www.abvp.pt\/#\/schema\/person\/image\/","url":"https:\/\/secure.gravatar.com\/avatar\/fe88f7331e86f7718c223ca840ea6091?s=96&d=mm&r=g","contentUrl":"https:\/\/secure.gravatar.com\/avatar\/fe88f7331e86f7718c223ca840ea6091?s=96&d=mm&r=g","caption":"Ruthia Portelinha"},"description":"Viajante, m\u00e3e babada, choc\u00f3latra, amante de livros e museus. Autora do blog O Ber\u00e7o do Mundo.","sameAs":["https:\/\/www.bercodomundo.com"],"url":"https:\/\/www.abvp.pt\/en\/author\/ruthia\/"}]}},"_links":{"self":[{"href":"https:\/\/www.abvp.pt\/en\/wp-json\/wp\/v2\/posts\/1247","targetHints":{"allow":["GET"]}}],"collection":[{"href":"https:\/\/www.abvp.pt\/en\/wp-json\/wp\/v2\/posts"}],"about":[{"href":"https:\/\/www.abvp.pt\/en\/wp-json\/wp\/v2\/types\/post"}],"author":[{"embeddable":true,"href":"https:\/\/www.abvp.pt\/en\/wp-json\/wp\/v2\/users\/5"}],"replies":[{"embeddable":true,"href":"https:\/\/www.abvp.pt\/en\/wp-json\/wp\/v2\/comments?post=1247"}],"version-history":[{"count":0,"href":"https:\/\/www.abvp.pt\/en\/wp-json\/wp\/v2\/posts\/1247\/revisions"}],"wp:featuredmedia":[{"embeddable":true,"href":"https:\/\/www.abvp.pt\/en\/wp-json\/wp\/v2\/media\/1252"}],"wp:attachment":[{"href":"https:\/\/www.abvp.pt\/en\/wp-json\/wp\/v2\/media?parent=1247"}],"wp:term":[{"taxonomy":"category","embeddable":true,"href":"https:\/\/www.abvp.pt\/en\/wp-json\/wp\/v2\/categories?post=1247"},{"taxonomy":"post_tag","embeddable":true,"href":"https:\/\/www.abvp.pt\/en\/wp-json\/wp\/v2\/tags?post=1247"}],"curies":[{"name":"wp","href":"https:\/\/api.w.org\/{rel}","templated":true}]}}