{"id":1259,"date":"2020-07-09T17:55:12","date_gmt":"2020-07-09T16:55:12","guid":{"rendered":"https:\/\/www.abvp.pt\/?p=1259"},"modified":"2020-08-04T12:37:34","modified_gmt":"2020-08-04T11:37:34","slug":"nomadas-conscientes-joao-e-sara-entrevista","status":"publish","type":"post","link":"https:\/\/www.abvp.pt\/en\/nomadas-conscientes-joao-e-sara-entrevista\/","title":{"rendered":"N\u00f3madas conscientes: Jo\u00e3o e Sara (entrevista)"},"content":{"rendered":"<p><strong>Name<\/strong>: Jo\u00e3o\nReis e Sara Silva<\/p>\n\n\n\n<p><strong>Profiss\u00e3o<\/strong>: Consultor\ne Escritora<\/p>\n\n\n\n<p><strong>Data de nascimento<\/strong>: 1979\ne 1985<\/p>\n\n\n\n<p><strong>Local de nascimento<\/strong>: Porto\ne Braga<\/p>\n\n\n\n<p><strong>Local de resid\u00eancia<\/strong>: Portugal<\/p>\n\n\n\n<p><strong>Pr\u00f3ximas viagens<\/strong>: Tenerife e Cabo Verde (quando a covid-19 o permitir)<\/p>\n\n\n\n<p><strong>Blog: <a rel=\"noreferrer noopener\" aria-label=\" (abre num novo separador)\" href=\"http:\/\/www.nofootprintnomads.com\/\" target=\"_blank\">No Footprint Nomads<\/a> <\/strong><\/p>\n\n\n\n<p>1. <strong>O que significam as viagens para voc\u00eas? <\/strong><\/p>\n\n\n\n<p>Para n\u00f3s, viajar \u00e9 um curso na Universidade do Mundo. <strong>Mais impactante do que qualquer forma\u00e7\u00e3o formal<\/strong>, a viagem catapulta o processo de desenvolvimento pessoal.<\/p>\n\n\n\n<p>2. <strong>Entre os destinos que j\u00e1 visitaram, h\u00e1 algum que vos tenha marcado de forma especial? Contem-nos. <\/strong><\/p>\n\n\n\n<p>Escolhemos os nossos destinos sempre com um objetivo. Fomos para a Tail\u00e2ndia porque quer\u00edamos aprender sobre o Budismo; fomos para o Brasil porque quer\u00edamos assistir ao campeonato do mundo na terra do futebol; e fomos para Londres para aprender a trabalhar em viagem (como barman e empregada de mesa). <\/p>\n\n\n\n<p>Apreciamos a cultura local quando viajamos mais devagar. Talvez por isso todos os destinos que visit\u00e1mos nos marcaram de forma especial. <\/p>\n\n\n\n<figure class=\"wp-block-image size-large\"><img fetchpriority=\"high\" decoding=\"async\" width=\"1600\" height=\"1200\" src=\"https:\/\/www.abvp.pt\/wp-content\/uploads\/Foto-1.jpg\" alt=\"\" class=\"wp-image-1263\" srcset=\"https:\/\/www.abvp.pt\/wp-content\/uploads\/Foto-1.jpg 1600w, https:\/\/www.abvp.pt\/wp-content\/uploads\/Foto-1-600x450.jpg 600w, https:\/\/www.abvp.pt\/wp-content\/uploads\/Foto-1-300x225.jpg 300w, https:\/\/www.abvp.pt\/wp-content\/uploads\/Foto-1-800x600.jpg 800w, https:\/\/www.abvp.pt\/wp-content\/uploads\/Foto-1-150x113.jpg 150w, https:\/\/www.abvp.pt\/wp-content\/uploads\/Foto-1-768x576.jpg 768w, https:\/\/www.abvp.pt\/wp-content\/uploads\/Foto-1-1536x1152.jpg 1536w\" sizes=\"(max-width: 1600px) 100vw, 1600px\" \/><\/figure>\n\n\n\n<p>Se tiv\u00e9ssemos mesmo que escolher um, seria a Tail\u00e2ndia, porque \u00e9 aquele que mais depressa chamar\u00edamos de casa. N\u00e3o pela beleza natural exuberante, nem pela culin\u00e1ria ex\u00f3tica, nem mesmo pelo sil\u00eancio dos templos. Foi pelo povo, esse sim, \u00e9 especial. <\/p>\n\n\n\n<p>Talvez pela influ\u00eancia esmagadora do Budismo (90% da popula\u00e7\u00e3o), pela aus\u00eancia de ocupa\u00e7\u00e3o colonial, ou pelos bons valores incutidos pelo falecido rei Bhumibol. <strong>O que sentimos, e que foi \u00fanico na Tail\u00e2ndia, foi o respeito m\u00fatuo, um cuidado com o outro<\/strong> e com o espa\u00e7o individual. P<em>az<\/em> \u00e9 a palavra que melhor resume a nossa experi\u00eancia tailandesa.<\/p>\n\n\n\n<p>3. <strong>O que mais vos influencia na hora de escolher um destino de viagem? <\/strong><\/p>\n\n\n\n<p>Essa decis\u00e3o tem mudado bastante ao longo dos anos mas, atualmente, visitamos cidades ou pa\u00edses que considerar\u00edamos viver. Quando gostamos, ficamos uns tempos por l\u00e1. Os nossos destinos para 2020 s\u00e3o Bankso na Bulg\u00e1ria, Budapeste na Hungria e Tbilisi na Ge\u00f3rgia. Das tr\u00eas, vamos escolher uma para passar uma temporada em 2021 (se a pandemia permitir).&nbsp; <\/p>\n\n\n\n<p>4. <strong>J\u00e1 viveram fora de Portugal mais que seis meses? Se sim, onde e o que retiraram dessa experi\u00eancia? <\/strong><\/p>\n\n\n\n<p>Chamamos o mundo de \u201ccasa\u201d desde 2010. &nbsp;Pass\u00e1mos por v\u00e1rios pa\u00edses, mas fic\u00e1mos por per\u00edodos mais longos no Reino Unido, ilhas Caim\u00e3o (essas mesmo, das contas offshore), Nicar\u00e1gua, Brasil, Tail\u00e2ndia e, mais recentemente, Vietname. Para n\u00f3s, n\u00e3o h\u00e1 nada como a <strong>sensa\u00e7\u00e3o de liberdade e a excita\u00e7\u00e3o que come\u00e7ar de novo<\/strong> nos proporciona, de cada vez que nos \u201cmudamos\u201d para um novo lugar. <\/p>\n\n\n\n<p>Mas mudar tamb\u00e9m acarreta impactos negativos: no ambiente, na carteira e na sa\u00fade. Sabemos que voar \u00e9 das formas de transporte mais poluentes, por isso procuramos reduzir as nossas viagens ao m\u00ednimo. <\/p>\n\n\n\n<p>Tamb\u00e9m n\u00e3o somos ricos. Trabalhamos remotamente, o que permite sermos flex\u00edveis e ganharmos dinheiro enquanto viajamos. A sa\u00fade \u00e0s vezes sofre com tanta mudan\u00e7a: comidas diferentes debilitam a Sara e eu demoro a recuperar os h\u00e1bitos de exerc\u00edcio di\u00e1rio. Mas, no final, tudo d\u00e1 certo e descobrimos que <strong>somos mais resilientes do que pens\u00e1vamos<\/strong>. <\/p>\n\n\n\n<figure class=\"wp-block-image size-large\"><img decoding=\"async\" width=\"1600\" height=\"1200\" src=\"https:\/\/www.abvp.pt\/wp-content\/uploads\/Foto-6.jpg\" alt=\"\" class=\"wp-image-1267\" srcset=\"https:\/\/www.abvp.pt\/wp-content\/uploads\/Foto-6.jpg 1600w, https:\/\/www.abvp.pt\/wp-content\/uploads\/Foto-6-600x450.jpg 600w, https:\/\/www.abvp.pt\/wp-content\/uploads\/Foto-6-300x225.jpg 300w, https:\/\/www.abvp.pt\/wp-content\/uploads\/Foto-6-800x600.jpg 800w, https:\/\/www.abvp.pt\/wp-content\/uploads\/Foto-6-150x113.jpg 150w, https:\/\/www.abvp.pt\/wp-content\/uploads\/Foto-6-768x576.jpg 768w, https:\/\/www.abvp.pt\/wp-content\/uploads\/Foto-6-1536x1152.jpg 1536w\" sizes=\"(max-width: 1600px) 100vw, 1600px\" \/><figcaption>Entre monges, na Tail\u00e2ndia.<\/figcaption><\/figure>\n\n\n\n<p>5. <strong>Expliquem o que \u00e9 o vosso blog de viagens e a raz\u00e3o da sua exist\u00eancia. <\/strong><\/p>\n\n\n\n<p>O\nnosso blog \u00e9 a nossa vida. Somos n\u00f3madas, a viajar-viver devagarinho pelo mundo.\nA necessidade de partilha surgiu quando sentimos que t\u00ednhamos de descobrir\nformas respons\u00e1veis e sustent\u00e1veis de o fazer. <\/p>\n\n\n\n<p><strong>Apregoamos um estilo de vida minimalista<\/strong> (j\u00e1 n\u00e3o compramos roupa nova h\u00e1 anos, por exemplo) e exploramos formas de manter mente e corpo s\u00e3os, porque n\u00e3o ter casa permanente tem os seus desafios peculiares. <\/p>\n\n\n\n<p>6. <strong>Como surgiu o nome do blog?<\/strong><\/p>\n\n\n\n<p>De uma semana inteira de brainstorming com um amigo querido. Ele vai rir-se ao ler isto, mas na altura cheg\u00e1mos a pensar em \u201cNomads with an iPhone\u201d porque era <em>cool<\/em>. Deix\u00e1mos de lado as \u00f3bvias refer\u00eancias \u00e0 marca e, entre outras op\u00e7\u00f5es, decidimos por <em>No Footprint Nomads<\/em> \u2013 <strong>n\u00f3madas que aspiram a viajar sem pegada ecol\u00f3gica<\/strong>.<\/p>\n\n\n\n<p>7. <strong>Destaquem um dos posts de que mais gostam no blog e expliquem porqu\u00ea. <\/strong><\/p>\n\n\n\n<p>Aquele que mais profundamente descreve a nossa forma de estar e ver o mundo \u00e9 um artigo chamado \u201c<a aria-label=\" (abre num novo separador)\" rel=\"noreferrer noopener\" href=\"https:\/\/www.nofootprintnomads.com\/nomadism\/travel-with-purpose\/purpose-of-travel-responsible\/\" target=\"_blank\">Viajar com prop\u00f3sito<\/a>\u201d, que fala do que \u00e9 ser e viver como n\u00f3mada. Esperamos que ajude a convencer os indecisos. Tamb\u00e9m aborda os nossos valores pessoais, enquanto viajantes respons\u00e1veis. <\/p>\n\n\n\n<figure class=\"wp-block-image size-large\"><img decoding=\"async\" width=\"1600\" height=\"1200\" src=\"https:\/\/www.abvp.pt\/wp-content\/uploads\/Foto-4.jpg\" alt=\"\" class=\"wp-image-1262\" srcset=\"https:\/\/www.abvp.pt\/wp-content\/uploads\/Foto-4.jpg 1600w, https:\/\/www.abvp.pt\/wp-content\/uploads\/Foto-4-600x450.jpg 600w, https:\/\/www.abvp.pt\/wp-content\/uploads\/Foto-4-300x225.jpg 300w, https:\/\/www.abvp.pt\/wp-content\/uploads\/Foto-4-800x600.jpg 800w, https:\/\/www.abvp.pt\/wp-content\/uploads\/Foto-4-150x113.jpg 150w, https:\/\/www.abvp.pt\/wp-content\/uploads\/Foto-4-768x576.jpg 768w, https:\/\/www.abvp.pt\/wp-content\/uploads\/Foto-4-1536x1152.jpg 1536w\" sizes=\"(max-width: 1600px) 100vw, 1600px\" \/><\/figure>\n\n\n\n<p>8. <strong>Alguma dica para quem pretende come\u00e7ar agora um blog de viagens? <\/strong><\/p>\n\n\n\n<p>A dica mais valiosa que nos deram e que gost\u00e1vamos de ter sabido logo desde o in\u00edcio veio da Alejandra, a Travel Fashion Girl. A dica \u00e9 a seguinte: criar uma estrutura de conte\u00fado, como se fosse o \u00edndice de um livro. Desta forma, consegue-se visualizar o site mais facilmente e ter uma linha de orienta\u00e7\u00e3o que nos permite focar no que \u00e9 fundamental. O resto \u00e9 acess\u00f3rio. <\/p>\n\n\n\n<p>9. <strong>Que papel desempenham os blogs junto de outras pessoas que gostam de viajar? <\/strong><\/p>\n\n\n\n<p>Muita inspira\u00e7\u00e3o e, em alguns casos, informa\u00e7\u00e3o. As pessoas confiam nos bloggers para planear as suas viagens. \u00c9 como se o blog fosse a conversa com o amigo que foi de viagem. <strong>As pessoas gostam da familiaridade<\/strong> e de sonhar com uma vida que, muitas vezes, n\u00e3o lhes \u00e9 poss\u00edvel terem. <\/p>\n\n\n\n<p>Por outro lado, o turismo continua a aumentar, h\u00e1 cada vez mais viajantes, alguns com preocupa\u00e7\u00f5es ambientais e sociais, mas ainda n\u00e3o somos suficientes. Gostar\u00edamos de inspirar uma mudan\u00e7a nos viajantes que est\u00e3o mais adormecidos para as quest\u00f5es da sustentabilidade. <\/p>\n\n\n\n<p>10. <strong>Qual \u00e9 o vosso maior sonho por cumprir?<\/strong><\/p>\n\n\n\n<p>Os sonhos s\u00f3 aumentam com os quil\u00f3metros e os anos. Um sonho mais mundano ser\u00e1 fazer a linha do Expresso do Oriente \u2013 somos ambos loucos por viagens de comboio. <strong>Um sonho ut\u00f3pico: que acabem as fronteiras f\u00edsicas entre pa\u00edses<\/strong>, para que viajar n\u00e3o seja um privil\u00e9gio de alguns, mas um direito de todos. <\/p>\n\n\n\n<p class=\"has-text-align-center\">Leia tamb\u00e9m: <strong><a href=\"https:\/\/www.abvp.pt\/en\/como-viajar-de-forma-sustentavel\/\" target=\"_blank\" aria-label=\"undefined (opens in a new tab)\" rel=\"noreferrer noopener\">Como Viajar de Forma Sustent\u00e1vel <\/a><\/strong><\/p>","protected":false},"excerpt":{"rendered":"<p>Nome: Jo\u00e3o Reis e Sara Silva Profiss\u00e3o: Consultor e Escritora Data de nascimento: 1979 e 1985 Local de nascimento: Porto e Braga Local de resid\u00eancia: Portugal Pr\u00f3ximas viagens: Tenerife e [&hellip;]<\/p>\n","protected":false},"author":5,"featured_media":1261,"comment_status":"open","ping_status":"closed","sticky":false,"template":"","format":"standard","meta":{"_price":"","_stock":"","_tribe_ticket_header":"","_tribe_default_ticket_provider":"","_tribe_ticket_capacity":"0","_ticket_start_date":"","_ticket_end_date":"","_tribe_ticket_show_description":"","_tribe_ticket_show_not_going":false,"_tribe_ticket_use_global_stock":"","_tribe_ticket_global_stock_level":"","_global_stock_mode":"","_global_stock_cap":"","_tribe_rsvp_for_event":"","_tribe_ticket_going_count":"","_tribe_ticket_not_going_count":"","_tribe_tickets_list":"[]","_tribe_ticket_has_attendee_info_fields":false,"_EventAllDay":false,"_EventTimezone":"","_EventStartDate":"","_EventEndDate":"","_EventStartDateUTC":"","_EventEndDateUTC":"","_EventShowMap":false,"_EventShowMapLink":false,"_EventURL":"","_EventCost":"","_EventCostDescription":"","_EventCurrencySymbol":"","_EventCurrencyCode":"","_EventCurrencyPosition":"","_EventDateTimeSeparator":"","_EventTimeRangeSeparator":"","_EventOrganizerID":[],"_EventVenueID":[],"_OrganizerEmail":"","_OrganizerPhone":"","_OrganizerWebsite":"","_VenueAddress":"","_VenueCity":"","_VenueCountry":"","_VenueProvince":"","_VenueState":"","_VenueZip":"","_VenuePhone":"","_VenueURL":"","_VenueStateProvince":"","_VenueLat":"","_VenueLng":"","_VenueShowMap":false,"_VenueShowMapLink":false,"footnotes":""},"categories":[1],"tags":[],"class_list":["post-1259","post","type-post","status-publish","format-standard","has-post-thumbnail","hentry","category-conteudo"],"blocksy_meta":[],"yoast_head":"<!-- This site is optimized with the Yoast SEO plugin v26.4 - https:\/\/yoast.com\/wordpress\/plugins\/seo\/ -->\n<title>N\u00f3madas conscientes: Jo\u00e3o e Sara (entrevista) - ABVP<\/title>\n<meta name=\"robots\" content=\"index, follow, max-snippet:-1, max-image-preview:large, max-video-preview:-1\" \/>\n<link rel=\"canonical\" href=\"https:\/\/www.abvp.pt\/en\/nomadas-conscientes-joao-e-sara-entrevista\/\" \/>\n<meta property=\"og:locale\" content=\"en_GB\" \/>\n<meta property=\"og:type\" content=\"article\" \/>\n<meta property=\"og:title\" content=\"N\u00f3madas conscientes: Jo\u00e3o e Sara (entrevista) - ABVP\" \/>\n<meta property=\"og:description\" content=\"Nome: Jo\u00e3o Reis e Sara Silva Profiss\u00e3o: Consultor e Escritora Data de nascimento: 1979 e 1985 Local de nascimento: Porto e Braga Local de resid\u00eancia: Portugal Pr\u00f3ximas viagens: Tenerife e [&hellip;]\" \/>\n<meta property=\"og:url\" content=\"https:\/\/www.abvp.pt\/en\/nomadas-conscientes-joao-e-sara-entrevista\/\" \/>\n<meta property=\"og:site_name\" content=\"ABVP\" \/>\n<meta property=\"article:publisher\" content=\"https:\/\/www.facebook.com\/abvppt\/\" \/>\n<meta property=\"article:published_time\" content=\"2020-07-09T16:55:12+00:00\" \/>\n<meta property=\"article:modified_time\" content=\"2020-08-04T11:37:34+00:00\" \/>\n<meta property=\"og:image\" content=\"https:\/\/www.abvp.pt\/wp-content\/uploads\/Foto-5.jpg\" \/>\n\t<meta property=\"og:image:width\" content=\"1600\" \/>\n\t<meta property=\"og:image:height\" content=\"1201\" \/>\n\t<meta property=\"og:image:type\" content=\"image\/jpeg\" \/>\n<meta name=\"author\" content=\"Ruthia Portelinha\" \/>\n<meta name=\"twitter:card\" content=\"summary_large_image\" \/>\n<meta name=\"twitter:creator\" content=\"@abvppt\" \/>\n<meta name=\"twitter:site\" content=\"@abvppt\" \/>\n<meta name=\"twitter:label1\" content=\"Written by\" \/>\n\t<meta name=\"twitter:data1\" content=\"Ruthia Portelinha\" \/>\n\t<meta name=\"twitter:label2\" content=\"Estimated reading time\" \/>\n\t<meta name=\"twitter:data2\" content=\"5 minutes\" \/>\n<script type=\"application\/ld+json\" class=\"yoast-schema-graph\">{\"@context\":\"https:\/\/schema.org\",\"@graph\":[{\"@type\":\"Article\",\"@id\":\"https:\/\/www.abvp.pt\/nomadas-conscientes-joao-e-sara-entrevista\/#article\",\"isPartOf\":{\"@id\":\"https:\/\/www.abvp.pt\/nomadas-conscientes-joao-e-sara-entrevista\/\"},\"author\":{\"name\":\"Ruthia Portelinha\",\"@id\":\"https:\/\/www.abvp.pt\/#\/schema\/person\/3224ab1e82979d8d2daa9b24c41ac06f\"},\"headline\":\"N\u00f3madas conscientes: Jo\u00e3o e Sara (entrevista)\",\"datePublished\":\"2020-07-09T16:55:12+00:00\",\"dateModified\":\"2020-08-04T11:37:34+00:00\",\"mainEntityOfPage\":{\"@id\":\"https:\/\/www.abvp.pt\/nomadas-conscientes-joao-e-sara-entrevista\/\"},\"wordCount\":1040,\"commentCount\":0,\"publisher\":{\"@id\":\"https:\/\/www.abvp.pt\/#organization\"},\"image\":{\"@id\":\"https:\/\/www.abvp.pt\/nomadas-conscientes-joao-e-sara-entrevista\/#primaryimage\"},\"thumbnailUrl\":\"https:\/\/www.abvp.pt\/wp-content\/uploads\/Foto-5.jpg\",\"articleSection\":[\"Conte\u00fado\"],\"inLanguage\":\"en-GB\",\"potentialAction\":[{\"@type\":\"CommentAction\",\"name\":\"Comment\",\"target\":[\"https:\/\/www.abvp.pt\/nomadas-conscientes-joao-e-sara-entrevista\/#respond\"]}]},{\"@type\":\"WebPage\",\"@id\":\"https:\/\/www.abvp.pt\/nomadas-conscientes-joao-e-sara-entrevista\/\",\"url\":\"https:\/\/www.abvp.pt\/nomadas-conscientes-joao-e-sara-entrevista\/\",\"name\":\"N\u00f3madas conscientes: Jo\u00e3o e Sara (entrevista) - ABVP\",\"isPartOf\":{\"@id\":\"https:\/\/www.abvp.pt\/#website\"},\"primaryImageOfPage\":{\"@id\":\"https:\/\/www.abvp.pt\/nomadas-conscientes-joao-e-sara-entrevista\/#primaryimage\"},\"image\":{\"@id\":\"https:\/\/www.abvp.pt\/nomadas-conscientes-joao-e-sara-entrevista\/#primaryimage\"},\"thumbnailUrl\":\"https:\/\/www.abvp.pt\/wp-content\/uploads\/Foto-5.jpg\",\"datePublished\":\"2020-07-09T16:55:12+00:00\",\"dateModified\":\"2020-08-04T11:37:34+00:00\",\"breadcrumb\":{\"@id\":\"https:\/\/www.abvp.pt\/nomadas-conscientes-joao-e-sara-entrevista\/#breadcrumb\"},\"inLanguage\":\"en-GB\",\"potentialAction\":[{\"@type\":\"ReadAction\",\"target\":[\"https:\/\/www.abvp.pt\/nomadas-conscientes-joao-e-sara-entrevista\/\"]}]},{\"@type\":\"ImageObject\",\"inLanguage\":\"en-GB\",\"@id\":\"https:\/\/www.abvp.pt\/nomadas-conscientes-joao-e-sara-entrevista\/#primaryimage\",\"url\":\"https:\/\/www.abvp.pt\/wp-content\/uploads\/Foto-5.jpg\",\"contentUrl\":\"https:\/\/www.abvp.pt\/wp-content\/uploads\/Foto-5.jpg\",\"width\":1600,\"height\":1201,\"caption\":\"os n\u00f3madas\"},{\"@type\":\"BreadcrumbList\",\"@id\":\"https:\/\/www.abvp.pt\/nomadas-conscientes-joao-e-sara-entrevista\/#breadcrumb\",\"itemListElement\":[{\"@type\":\"ListItem\",\"position\":1,\"name\":\"In\u00edcio\",\"item\":\"https:\/\/www.abvp.pt\/\"},{\"@type\":\"ListItem\",\"position\":2,\"name\":\"N\u00f3madas conscientes: Jo\u00e3o e Sara (entrevista)\"}]},{\"@type\":\"WebSite\",\"@id\":\"https:\/\/www.abvp.pt\/#website\",\"url\":\"https:\/\/www.abvp.pt\/\",\"name\":\"ABVP\",\"description\":\"Associa\u00e7\u00e3o de Bloggers de Viagem Portugueses\",\"publisher\":{\"@id\":\"https:\/\/www.abvp.pt\/#organization\"},\"potentialAction\":[{\"@type\":\"SearchAction\",\"target\":{\"@type\":\"EntryPoint\",\"urlTemplate\":\"https:\/\/www.abvp.pt\/?s={search_term_string}\"},\"query-input\":{\"@type\":\"PropertyValueSpecification\",\"valueRequired\":true,\"valueName\":\"search_term_string\"}}],\"inLanguage\":\"en-GB\"},{\"@type\":\"Organization\",\"@id\":\"https:\/\/www.abvp.pt\/#organization\",\"name\":\"ABVP\",\"url\":\"https:\/\/www.abvp.pt\/\",\"logo\":{\"@type\":\"ImageObject\",\"inLanguage\":\"en-GB\",\"@id\":\"https:\/\/www.abvp.pt\/#\/schema\/logo\/image\/\",\"url\":\"https:\/\/www.abvp.pt\/wp-content\/uploads\/Logo-Header-dark.svg\",\"contentUrl\":\"https:\/\/www.abvp.pt\/wp-content\/uploads\/Logo-Header-dark.svg\",\"width\":325,\"height\":48,\"caption\":\"ABVP\"},\"image\":{\"@id\":\"https:\/\/www.abvp.pt\/#\/schema\/logo\/image\/\"},\"sameAs\":[\"https:\/\/www.facebook.com\/abvppt\/\",\"https:\/\/x.com\/abvppt\",\"https:\/\/www.instagram.com\/abvppt\/\"]},{\"@type\":\"Person\",\"@id\":\"https:\/\/www.abvp.pt\/#\/schema\/person\/3224ab1e82979d8d2daa9b24c41ac06f\",\"name\":\"Ruthia Portelinha\",\"image\":{\"@type\":\"ImageObject\",\"inLanguage\":\"en-GB\",\"@id\":\"https:\/\/www.abvp.pt\/#\/schema\/person\/image\/\",\"url\":\"https:\/\/secure.gravatar.com\/avatar\/fe88f7331e86f7718c223ca840ea6091?s=96&d=mm&r=g\",\"contentUrl\":\"https:\/\/secure.gravatar.com\/avatar\/fe88f7331e86f7718c223ca840ea6091?s=96&d=mm&r=g\",\"caption\":\"Ruthia Portelinha\"},\"description\":\"Viajante, m\u00e3e babada, choc\u00f3latra, amante de livros e museus. Autora do blog O Ber\u00e7o do Mundo.\",\"sameAs\":[\"https:\/\/www.bercodomundo.com\"],\"url\":\"https:\/\/www.abvp.pt\/en\/author\/ruthia\/\"}]}<\/script>\n<!-- \/ Yoast SEO plugin. -->","yoast_head_json":{"title":"N\u00f3madas conscientes: Jo\u00e3o e Sara (entrevista) - ABVP","robots":{"index":"index","follow":"follow","max-snippet":"max-snippet:-1","max-image-preview":"max-image-preview:large","max-video-preview":"max-video-preview:-1"},"canonical":"https:\/\/www.abvp.pt\/en\/nomadas-conscientes-joao-e-sara-entrevista\/","og_locale":"en_GB","og_type":"article","og_title":"N\u00f3madas conscientes: Jo\u00e3o e Sara (entrevista) - ABVP","og_description":"Nome: Jo\u00e3o Reis e Sara Silva Profiss\u00e3o: Consultor e Escritora Data de nascimento: 1979 e 1985 Local de nascimento: Porto e Braga Local de resid\u00eancia: Portugal Pr\u00f3ximas viagens: Tenerife e [&hellip;]","og_url":"https:\/\/www.abvp.pt\/en\/nomadas-conscientes-joao-e-sara-entrevista\/","og_site_name":"ABVP","article_publisher":"https:\/\/www.facebook.com\/abvppt\/","article_published_time":"2020-07-09T16:55:12+00:00","article_modified_time":"2020-08-04T11:37:34+00:00","og_image":[{"width":1600,"height":1201,"url":"https:\/\/www.abvp.pt\/wp-content\/uploads\/Foto-5.jpg","type":"image\/jpeg"}],"author":"Ruthia Portelinha","twitter_card":"summary_large_image","twitter_creator":"@abvppt","twitter_site":"@abvppt","twitter_misc":{"Written by":"Ruthia Portelinha","Estimated reading time":"5 minutes"},"schema":{"@context":"https:\/\/schema.org","@graph":[{"@type":"Article","@id":"https:\/\/www.abvp.pt\/nomadas-conscientes-joao-e-sara-entrevista\/#article","isPartOf":{"@id":"https:\/\/www.abvp.pt\/nomadas-conscientes-joao-e-sara-entrevista\/"},"author":{"name":"Ruthia Portelinha","@id":"https:\/\/www.abvp.pt\/#\/schema\/person\/3224ab1e82979d8d2daa9b24c41ac06f"},"headline":"N\u00f3madas conscientes: Jo\u00e3o e Sara (entrevista)","datePublished":"2020-07-09T16:55:12+00:00","dateModified":"2020-08-04T11:37:34+00:00","mainEntityOfPage":{"@id":"https:\/\/www.abvp.pt\/nomadas-conscientes-joao-e-sara-entrevista\/"},"wordCount":1040,"commentCount":0,"publisher":{"@id":"https:\/\/www.abvp.pt\/#organization"},"image":{"@id":"https:\/\/www.abvp.pt\/nomadas-conscientes-joao-e-sara-entrevista\/#primaryimage"},"thumbnailUrl":"https:\/\/www.abvp.pt\/wp-content\/uploads\/Foto-5.jpg","articleSection":["Conte\u00fado"],"inLanguage":"en-GB","potentialAction":[{"@type":"CommentAction","name":"Comment","target":["https:\/\/www.abvp.pt\/nomadas-conscientes-joao-e-sara-entrevista\/#respond"]}]},{"@type":"WebPage","@id":"https:\/\/www.abvp.pt\/nomadas-conscientes-joao-e-sara-entrevista\/","url":"https:\/\/www.abvp.pt\/nomadas-conscientes-joao-e-sara-entrevista\/","name":"N\u00f3madas conscientes: Jo\u00e3o e Sara (entrevista) - ABVP","isPartOf":{"@id":"https:\/\/www.abvp.pt\/#website"},"primaryImageOfPage":{"@id":"https:\/\/www.abvp.pt\/nomadas-conscientes-joao-e-sara-entrevista\/#primaryimage"},"image":{"@id":"https:\/\/www.abvp.pt\/nomadas-conscientes-joao-e-sara-entrevista\/#primaryimage"},"thumbnailUrl":"https:\/\/www.abvp.pt\/wp-content\/uploads\/Foto-5.jpg","datePublished":"2020-07-09T16:55:12+00:00","dateModified":"2020-08-04T11:37:34+00:00","breadcrumb":{"@id":"https:\/\/www.abvp.pt\/nomadas-conscientes-joao-e-sara-entrevista\/#breadcrumb"},"inLanguage":"en-GB","potentialAction":[{"@type":"ReadAction","target":["https:\/\/www.abvp.pt\/nomadas-conscientes-joao-e-sara-entrevista\/"]}]},{"@type":"ImageObject","inLanguage":"en-GB","@id":"https:\/\/www.abvp.pt\/nomadas-conscientes-joao-e-sara-entrevista\/#primaryimage","url":"https:\/\/www.abvp.pt\/wp-content\/uploads\/Foto-5.jpg","contentUrl":"https:\/\/www.abvp.pt\/wp-content\/uploads\/Foto-5.jpg","width":1600,"height":1201,"caption":"os n\u00f3madas"},{"@type":"BreadcrumbList","@id":"https:\/\/www.abvp.pt\/nomadas-conscientes-joao-e-sara-entrevista\/#breadcrumb","itemListElement":[{"@type":"ListItem","position":1,"name":"In\u00edcio","item":"https:\/\/www.abvp.pt\/"},{"@type":"ListItem","position":2,"name":"N\u00f3madas conscientes: Jo\u00e3o e Sara (entrevista)"}]},{"@type":"WebSite","@id":"https:\/\/www.abvp.pt\/#website","url":"https:\/\/www.abvp.pt\/","name":"ABVP","description":"Association of Portuguese Travel Bloggers","publisher":{"@id":"https:\/\/www.abvp.pt\/#organization"},"potentialAction":[{"@type":"SearchAction","target":{"@type":"EntryPoint","urlTemplate":"https:\/\/www.abvp.pt\/?s={search_term_string}"},"query-input":{"@type":"PropertyValueSpecification","valueRequired":true,"valueName":"search_term_string"}}],"inLanguage":"en-GB"},{"@type":"Organization","@id":"https:\/\/www.abvp.pt\/#organization","name":"ABVP","url":"https:\/\/www.abvp.pt\/","logo":{"@type":"ImageObject","inLanguage":"en-GB","@id":"https:\/\/www.abvp.pt\/#\/schema\/logo\/image\/","url":"https:\/\/www.abvp.pt\/wp-content\/uploads\/Logo-Header-dark.svg","contentUrl":"https:\/\/www.abvp.pt\/wp-content\/uploads\/Logo-Header-dark.svg","width":325,"height":48,"caption":"ABVP"},"image":{"@id":"https:\/\/www.abvp.pt\/#\/schema\/logo\/image\/"},"sameAs":["https:\/\/www.facebook.com\/abvppt\/","https:\/\/x.com\/abvppt","https:\/\/www.instagram.com\/abvppt\/"]},{"@type":"Person","@id":"https:\/\/www.abvp.pt\/#\/schema\/person\/3224ab1e82979d8d2daa9b24c41ac06f","name":"Ruthia Portelinha","image":{"@type":"ImageObject","inLanguage":"en-GB","@id":"https:\/\/www.abvp.pt\/#\/schema\/person\/image\/","url":"https:\/\/secure.gravatar.com\/avatar\/fe88f7331e86f7718c223ca840ea6091?s=96&d=mm&r=g","contentUrl":"https:\/\/secure.gravatar.com\/avatar\/fe88f7331e86f7718c223ca840ea6091?s=96&d=mm&r=g","caption":"Ruthia Portelinha"},"description":"Viajante, m\u00e3e babada, choc\u00f3latra, amante de livros e museus. Autora do blog O Ber\u00e7o do Mundo.","sameAs":["https:\/\/www.bercodomundo.com"],"url":"https:\/\/www.abvp.pt\/en\/author\/ruthia\/"}]}},"_links":{"self":[{"href":"https:\/\/www.abvp.pt\/en\/wp-json\/wp\/v2\/posts\/1259","targetHints":{"allow":["GET"]}}],"collection":[{"href":"https:\/\/www.abvp.pt\/en\/wp-json\/wp\/v2\/posts"}],"about":[{"href":"https:\/\/www.abvp.pt\/en\/wp-json\/wp\/v2\/types\/post"}],"author":[{"embeddable":true,"href":"https:\/\/www.abvp.pt\/en\/wp-json\/wp\/v2\/users\/5"}],"replies":[{"embeddable":true,"href":"https:\/\/www.abvp.pt\/en\/wp-json\/wp\/v2\/comments?post=1259"}],"version-history":[{"count":0,"href":"https:\/\/www.abvp.pt\/en\/wp-json\/wp\/v2\/posts\/1259\/revisions"}],"wp:featuredmedia":[{"embeddable":true,"href":"https:\/\/www.abvp.pt\/en\/wp-json\/wp\/v2\/media\/1261"}],"wp:attachment":[{"href":"https:\/\/www.abvp.pt\/en\/wp-json\/wp\/v2\/media?parent=1259"}],"wp:term":[{"taxonomy":"category","embeddable":true,"href":"https:\/\/www.abvp.pt\/en\/wp-json\/wp\/v2\/categories?post=1259"},{"taxonomy":"post_tag","embeddable":true,"href":"https:\/\/www.abvp.pt\/en\/wp-json\/wp\/v2\/tags?post=1259"}],"curies":[{"name":"wp","href":"https:\/\/api.w.org\/{rel}","templated":true}]}}