{"id":1270,"date":"2020-04-13T17:49:38","date_gmt":"2020-04-13T17:49:38","guid":{"rendered":"https:\/\/www.abvp.pt\/?p=1270"},"modified":"2020-04-14T11:09:14","modified_gmt":"2020-04-14T11:09:14","slug":"inovar-em-tempo-de-covid-19","status":"publish","type":"post","link":"https:\/\/www.abvp.pt\/en\/inovar-em-tempo-de-covid-19\/","title":{"rendered":"Inovar em tempo de COVID-19"},"content":{"rendered":"<h2 class=\"wp-block-heading\">A pandemia de COVID-19 colocou as pessoas em casa e mudou os h\u00e1bitos di\u00e1rios dos consumidores.<\/h2>\n\n\n\n<p>Se os n\u00edveis de utiliza\u00e7\u00e3o da internet e das redes sociais estavam em crescimento h\u00e1 v\u00e1rios anos, a crise provocada pelo Coronav\u00edrus veio criar um recurso \u00e0s plataformas digitais ainda maior.<\/p>\n\n\n\n<p>De acordo com um <a rel=\"noreferrer noopener\" href=\"https:\/\/later.com\/blog\/influencer-marketing-covid-19\/\" target=\"_blank\">estudo<\/a> apresentado pela Later, em parceria com a Fohr, o tempo que os utilizadores passam diariamente ao ecr\u00e3 do telem\u00f3vel aumentou 18%, chegando a atingir em m\u00e9dia mais de 5 horas.<\/p>\n\n\n\n<div class=\"wp-block-image\"><figure class=\"aligncenter size-large\"><img fetchpriority=\"high\" decoding=\"async\" width=\"1201\" height=\"975\" src=\"https:\/\/www.abvp.pt\/wp-content\/uploads\/Estudo-Later-01.jpg\" alt=\"Covid-19 Influencer Marketing\" class=\"wp-image-1271\" srcset=\"https:\/\/www.abvp.pt\/wp-content\/uploads\/Estudo-Later-01.jpg 1201w, https:\/\/www.abvp.pt\/wp-content\/uploads\/Estudo-Later-01-600x487.jpg 600w, https:\/\/www.abvp.pt\/wp-content\/uploads\/Estudo-Later-01-800x649.jpg 800w, https:\/\/www.abvp.pt\/wp-content\/uploads\/Estudo-Later-01-150x122.jpg 150w, https:\/\/www.abvp.pt\/wp-content\/uploads\/Estudo-Later-01-768x623.jpg 768w\" sizes=\"(max-width: 1201px) 100vw, 1201px\" \/><\/figure><\/div>\n\n\n\n<p>A intera\u00e7\u00e3o com os conte\u00fados tamb\u00e9m subiu exponencialmente, com cerca de 80% dos influenciadores a reportarem que os seus p\u00fablicos est\u00e3o agora mais recetivos e reativos ao que lhes \u00e9 apresentado.<\/p>\n\n\n\n<figure class=\"wp-block-image size-large\"><img decoding=\"async\" width=\"1201\" height=\"967\" src=\"https:\/\/www.abvp.pt\/wp-content\/uploads\/Estudo-Later-02.jpg\" alt=\"Covid-19 Influencer Marketing\" class=\"wp-image-1272\" srcset=\"https:\/\/www.abvp.pt\/wp-content\/uploads\/Estudo-Later-02.jpg 1201w, https:\/\/www.abvp.pt\/wp-content\/uploads\/Estudo-Later-02-600x483.jpg 600w, https:\/\/www.abvp.pt\/wp-content\/uploads\/Estudo-Later-02-800x644.jpg 800w, https:\/\/www.abvp.pt\/wp-content\/uploads\/Estudo-Later-02-150x121.jpg 150w, https:\/\/www.abvp.pt\/wp-content\/uploads\/Estudo-Later-02-768x618.jpg 768w\" sizes=\"(max-width: 1201px) 100vw, 1201px\" \/><\/figure>\n\n\n\n<h3 class=\"wp-block-heading\">COVID-19: UMA NOVA ABORDAGEM \u00c0S VIAGENS<\/h3>\n\n\n\n<p>Viajantes fechados em casa e sem possibilidade de criarem o tipo de conte\u00fado a que estavam habituados &#8211; o que fizeram <a rel=\"noreferrer noopener\" href=\"https:\/\/www.abvp.pt\/en\/associados\/\" target=\"_blank\">os associados da ABVP &#8211; Associa\u00e7\u00e3o de Bloggers de Viagem Portugueses<\/a> para fazer face a esta realidade e, simultaneamente, beneficiar desta nova era digital?<\/p>\n\n\n\n<p>Inovaram!<\/p>\n\n\n\n<p>A grande maioria debateu-se, numa primeira fase, com o que podia publicar numa altura em que todos estavam em casa, com as sa\u00eddas restringidas ao m\u00ednimo essencial. Teria o p\u00fablico vontade de ouvir falar sobre viagens quando n\u00e3o podia sair \u00e0 rua?<\/p>\n\n\n\n<p>A conclus\u00e3o parece ter sido generalizada: h\u00e1 que manter o sonho vivo e levantar os \u00e2nimos, pesados com todas as not\u00edcias em torno da crise. \u201cViajar sem sair de casa\u201d passou a ser o lema. Ou seja, todos continuamos a sonhar com os locais que queremos visitar quando a pandemia passar.<\/p>\n\n\n\n<p>O Instagram foi a plataforma escolhida pela maioria para ir alimentando tal sonho. E multiplicaram-se as iniciativas nesse sentido.<\/p>\n\n\n\n<p>Muitos \u2014 como a <strong>Marta Geadas Dur\u00e1n<\/strong> (<a rel=\"noreferrer noopener\" href=\"https:\/\/www.instagram.com\/boleiasdamarta\/\" target=\"_blank\">Boleias da Marta<\/a>) ou eu (<a rel=\"noreferrer noopener\" href=\"https:\/\/www.instagram.com\/marleneonthemove\/\" target=\"_blank\">Marlene On The Move<\/a>) \u2014 criaram <em>lives<\/em> regulares com outros viajantes para recordar viagens e aventuras vividas, com bastante intera\u00e7\u00e3o dos utilizadores.<\/p>\n\n\n\n<div class=\"wp-block-image\"><figure class=\"aligncenter size-medium is-resized\"><a href=\"https:\/\/marleneonthemove.com\/category\/passaporte\/\" target=\"_blank\" rel=\"noopener noreferrer\"><img decoding=\"async\" src=\"https:\/\/www.abvp.pt\/wp-content\/uploads\/Passaporte-Marlene-On-The-Move-1-450x800.png\" alt=\"\" class=\"wp-image-1274\" width=\"338\" height=\"600\" srcset=\"https:\/\/www.abvp.pt\/wp-content\/uploads\/Passaporte-Marlene-On-The-Move-1-450x800.png 450w, https:\/\/www.abvp.pt\/wp-content\/uploads\/Passaporte-Marlene-On-The-Move-1-600x1067.png 600w, https:\/\/www.abvp.pt\/wp-content\/uploads\/Passaporte-Marlene-On-The-Move-1-900x1600.png 900w, https:\/\/www.abvp.pt\/wp-content\/uploads\/Passaporte-Marlene-On-The-Move-1-84x150.png 84w, https:\/\/www.abvp.pt\/wp-content\/uploads\/Passaporte-Marlene-On-The-Move-1-768x1365.png 768w, https:\/\/www.abvp.pt\/wp-content\/uploads\/Passaporte-Marlene-On-The-Move-1-864x1536.png 864w, https:\/\/www.abvp.pt\/wp-content\/uploads\/Passaporte-Marlene-On-The-Move-1.png 1080w\" sizes=\"(max-width: 338px) 100vw, 338px\" \/><\/a><\/figure><\/div>\n\n\n\n<p>Outros foram ainda mais longe. Foi o caso da <strong>Andreia Castro<\/strong> (Me Across The World) que, como profissional de sa\u00fade, criou <a rel=\"noreferrer noopener\" href=\"https:\/\/consultadoviajanteonline.pt\/convidersas-de-saude\/\" target=\"_blank\"><em>lives<\/em> com outros m\u00e9dicos, mas tamb\u00e9m enfermeiros<\/a>, onde abordaram toda a situa\u00e7\u00e3o vivida em torno da COVID-19.<\/p>\n\n\n\n<p>A <strong>Catarina Gralha<\/strong> (Mundo Indefinido) continuou com o seu <a rel=\"noreferrer noopener\" href=\"https:\/\/mundoindefinido.com\/temas\/podcast\/\" target=\"_blank\">podcast<\/a>, tamb\u00e9m contando as hist\u00f3rias de outros viajantes. J\u00e1 o <strong>Andr\u00e9 Parente<\/strong> (Tempo de Viajar) <a rel=\"noreferrer noopener\" href=\"https:\/\/www.instagram.com\/tempodeviajar\/\" target=\"_blank\">promoveu sess\u00f5es gratuitas<\/a> com os seus seguidores sobre \u201ccomo viajar de forma independente\u201d.<\/p>\n\n\n\n<p>A <strong>Matilde e o Miguel<\/strong> (<a rel=\"noreferrer noopener\" href=\"https:\/\/www.instagram.com\/travelb4settle\/\" target=\"_blank\">TravelB4Settle<\/a>), bem como a <strong>L\u00edgia Gomes<\/strong> (<a rel=\"noreferrer noopener\" href=\"https:\/\/www.instagram.com\/acrushon___\/\" target=\"_blank\">A Crush On<\/a>) trouxeram a sua experi\u00eancia como <em>remote workers<\/em> para dar dicas a outros potenciais n\u00f3madas digitais. Sempre com o humor que lhes \u00e9 carater\u00edstico.<\/p>\n\n\n\n<p>A <strong>Carla Mota<\/strong> e o <strong>Rui Pinto<\/strong> (Viajar Entre Viagens), obrigados a p\u00f4r em <em>standby<\/em> a sua volta ao mundo por causa do Coronav\u00edrus, decidiram levar um pouco desse mundo para dentro dos nossos lares, com <a rel=\"noreferrer noopener\" href=\"https:\/\/www.youtube.com\/playlist?list=PLy5xMH7CVFEqTl30cqeYP_fv6g0cI4gyo\" target=\"_blank\">v\u00eddeos no Youtube<\/a> sobre os seus souvenirs, livros e a hist\u00f3ria por detr\u00e1s deles.<\/p>\n\n\n\n<figure class=\"wp-block-embed-youtube aligncenter wp-block-embed is-type-video is-provider-youtube wp-embed-aspect-16-9 wp-has-aspect-ratio\"><div class=\"wp-block-embed__wrapper\">\n<iframe title=\"VIAJAR NAS MEMORIAS - Trailer\" width=\"1400\" height=\"788\" src=\"https:\/\/www.youtube.com\/embed\/MfnbiGYoCXM?feature=oembed\" frameborder=\"0\" allow=\"accelerometer; autoplay; clipboard-write; encrypted-media; gyroscope; picture-in-picture; web-share\" referrerpolicy=\"strict-origin-when-cross-origin\" allowfullscreen><\/iframe>\n<\/div><\/figure>\n\n\n\n<p>Outros contribu\u00edram tamb\u00e9m com literatura de viagem para esta altura de confinamento: a <strong>Ruthia Portelinha<\/strong> (Ber\u00e7o do Mundo) <a rel=\"noreferrer noopener\" href=\"https:\/\/bercodomundo.com\/2020\/04\/livros-para-viajar-em-casa.html\" target=\"_blank\">publicou a sua sele\u00e7\u00e3o<\/a> de leituras para sonhar com destinos distantes e o <strong>Filipe Morato Gomes<\/strong> (Alma de Viajante) <a rel=\"noreferrer noopener\" href=\"https:\/\/www.almadeviajante.com\/livro-alma-de-viajante\" target=\"_blank\">ofereceu o seu primeiro livro<\/a> (vers\u00e3o e-book). <\/p>\n\n\n\n<p>A dupla gourmet Diana Bencatel e Ricardo Mendes (Explorandar) prop\u00f4s uma s\u00e9rie de <a rel=\"noreferrer noopener\" href=\"https:\/\/explorandar.com\/2020\/03\/20\/museus-e-monumentos-sem-sair-de-casa\/\" target=\"_blank\">visitas virtuais<\/a>. Os viajantes com crian\u00e7as tamb\u00e9m deram largas \u00e0 imagina\u00e7\u00e3o, como \u00e9 o caso da <strong>Fabiola Salema<\/strong> (Os Salemas), que encenou destinos long\u00ednquos.<\/p>\n\n\n\n<figure class=\"wp-block-embed-instagram wp-block-embed is-type-rich is-provider-instagram\"><div class=\"wp-block-embed__wrapper\">\nhttps:\/\/www.instagram.com\/p\/B-xMUtqnvEW\/\n<\/div><\/figure>\n\n\n\n<p>O dia a dia passado em casa, a\u00e7\u00f5es de exerc\u00edcio f\u00edsico, dotes culin\u00e1rios e viagens passadas povoaram o Instagram dos nossos associados, sempre com criatividade nas imagens e nas descri\u00e7\u00f5es.<\/p>\n\n\n\n<figure class=\"wp-block-embed-instagram aligncenter wp-block-embed is-type-rich is-provider-instagram\"><div class=\"wp-block-embed__wrapper\">\nhttps:\/\/www.instagram.com\/p\/B-hifiWH2OB\/\n<\/div><\/figure>\n\n\n\n<p>Houve ainda quem aproveitasse para desenvolver projetos h\u00e1 muito desejados, como o <strong>Jo\u00e3o Amorim<\/strong> (Follow The Sun) que trabalhou num conjunto de <a rel=\"noreferrer noopener\" href=\"http:\/\/followthesun.pt\/presets-filtros-edita-como-eu\/\" target=\"_blank\">novos presets<\/a> de tratamento de imagens, ou a <strong>Catarina Leonardo<\/strong> (Wandering Kate) que lan\u00e7ou um <a rel=\"noreferrer noopener\" href=\"https:\/\/wandering-life.com\/product\/ebook-20-perguntas-gravidas-querem-viajar-fazem-pt-pdf\/\" target=\"_blank\">e-book sobre viajar na gravidez<\/a>.<\/p>\n\n\n\n<p>Criatividade n\u00e3o tem faltado aos membros da ABVP durante esta crise provocada pela COVID-19 e continuar\u00e1 a n\u00e3o faltar, mesmo ap\u00f3s o estado de emerg\u00eancia ser levantado e todos voltarem \u00e0 rua.<\/p>\n\n\n\n<p>At\u00e9 porque o papel dos bloggers de viagem \u00e9 levar o mundo aos seus leitores e, isso, nem uma pandemia pode parar.<\/p>","protected":false},"excerpt":{"rendered":"<p>A crise causada pelo COVID-19 levou os associados da ABVP a reinventarem-se e a criarem novas formas de continuar a fazer sonhar com viagens.<\/p>","protected":false},"author":9,"featured_media":1281,"comment_status":"open","ping_status":"closed","sticky":false,"template":"","format":"standard","meta":{"_price":"","_stock":"","_tribe_ticket_header":"","_tribe_default_ticket_provider":"","_tribe_ticket_capacity":"0","_ticket_start_date":"","_ticket_end_date":"","_tribe_ticket_show_description":"","_tribe_ticket_show_not_going":false,"_tribe_ticket_use_global_stock":"","_tribe_ticket_global_stock_level":"","_global_stock_mode":"","_global_stock_cap":"","_tribe_rsvp_for_event":"","_tribe_ticket_going_count":"","_tribe_ticket_not_going_count":"","_tribe_tickets_list":"[]","_tribe_ticket_has_attendee_info_fields":false,"_EventAllDay":false,"_EventTimezone":"","_EventStartDate":"","_EventEndDate":"","_EventStartDateUTC":"","_EventEndDateUTC":"","_EventShowMap":false,"_EventShowMapLink":false,"_EventURL":"","_EventCost":"","_EventCostDescription":"","_EventCurrencySymbol":"","_EventCurrencyCode":"","_EventCurrencyPosition":"","_EventDateTimeSeparator":"","_EventTimeRangeSeparator":"","_EventOrganizerID":[],"_EventVenueID":[],"_OrganizerEmail":"","_OrganizerPhone":"","_OrganizerWebsite":"","_VenueAddress":"","_VenueCity":"","_VenueCountry":"","_VenueProvince":"","_VenueState":"","_VenueZip":"","_VenuePhone":"","_VenueURL":"","_VenueStateProvince":"","_VenueLat":"","_VenueLng":"","_VenueShowMap":false,"_VenueShowMapLink":false,"footnotes":""},"categories":[1],"tags":[13,14],"class_list":["post-1270","post","type-post","status-publish","format-standard","has-post-thumbnail","hentry","category-conteudo","tag-covid-19","tag-redes-sociais"],"blocksy_meta":[],"yoast_head":"<!-- This site is optimized with the Yoast SEO plugin v26.4 - https:\/\/yoast.com\/wordpress\/plugins\/seo\/ -->\n<title>Inovar em tempo de COVID-19 - ABVP<\/title>\n<meta name=\"description\" content=\"A crise causada pelo COVID-19 levou os associados da ABVP a reinventarem-se e a criarem novas formas de continuar a fazer sonhar com viagens.\" \/>\n<meta name=\"robots\" content=\"index, follow, max-snippet:-1, max-image-preview:large, max-video-preview:-1\" \/>\n<link rel=\"canonical\" href=\"https:\/\/www.abvp.pt\/en\/inovar-em-tempo-de-covid-19\/\" \/>\n<meta property=\"og:locale\" content=\"en_GB\" \/>\n<meta property=\"og:type\" content=\"article\" \/>\n<meta property=\"og:title\" content=\"Inovar em tempo de COVID-19 - ABVP\" \/>\n<meta property=\"og:description\" content=\"A crise causada pelo COVID-19 levou os associados da ABVP a reinventarem-se e a criarem novas formas de continuar a fazer sonhar com viagens.\" \/>\n<meta property=\"og:url\" content=\"https:\/\/www.abvp.pt\/en\/inovar-em-tempo-de-covid-19\/\" \/>\n<meta property=\"og:site_name\" content=\"ABVP\" \/>\n<meta property=\"article:publisher\" content=\"https:\/\/www.facebook.com\/abvppt\/\" \/>\n<meta property=\"article:published_time\" content=\"2020-04-13T17:49:38+00:00\" \/>\n<meta property=\"article:modified_time\" content=\"2020-04-14T11:09:14+00:00\" \/>\n<meta property=\"og:image\" content=\"https:\/\/www.abvp.pt\/wp-content\/uploads\/squared-one-uYtyhKO3ygU-unsplash.jpg\" \/>\n\t<meta property=\"og:image:width\" content=\"1280\" \/>\n\t<meta property=\"og:image:height\" content=\"800\" \/>\n\t<meta property=\"og:image:type\" content=\"image\/jpeg\" \/>\n<meta name=\"author\" content=\"Marlene Marques\" \/>\n<meta name=\"twitter:card\" content=\"summary_large_image\" \/>\n<meta name=\"twitter:creator\" content=\"@abvppt\" \/>\n<meta name=\"twitter:site\" content=\"@abvppt\" \/>\n<meta name=\"twitter:label1\" content=\"Written by\" \/>\n\t<meta name=\"twitter:data1\" content=\"Marlene Marques\" \/>\n\t<meta name=\"twitter:label2\" content=\"Estimated reading time\" \/>\n\t<meta name=\"twitter:data2\" content=\"4 minutes\" \/>\n<script type=\"application\/ld+json\" class=\"yoast-schema-graph\">{\"@context\":\"https:\/\/schema.org\",\"@graph\":[{\"@type\":\"Article\",\"@id\":\"https:\/\/www.abvp.pt\/inovar-em-tempo-de-covid-19\/#article\",\"isPartOf\":{\"@id\":\"https:\/\/www.abvp.pt\/inovar-em-tempo-de-covid-19\/\"},\"author\":{\"name\":\"Marlene Marques\",\"@id\":\"https:\/\/www.abvp.pt\/#\/schema\/person\/586cf6e5dc73a236aaaa894bba748151\"},\"headline\":\"Inovar em tempo de COVID-19\",\"datePublished\":\"2020-04-13T17:49:38+00:00\",\"dateModified\":\"2020-04-14T11:09:14+00:00\",\"mainEntityOfPage\":{\"@id\":\"https:\/\/www.abvp.pt\/inovar-em-tempo-de-covid-19\/\"},\"wordCount\":752,\"commentCount\":0,\"publisher\":{\"@id\":\"https:\/\/www.abvp.pt\/#organization\"},\"image\":{\"@id\":\"https:\/\/www.abvp.pt\/inovar-em-tempo-de-covid-19\/#primaryimage\"},\"thumbnailUrl\":\"https:\/\/www.abvp.pt\/wp-content\/uploads\/squared-one-uYtyhKO3ygU-unsplash.jpg\",\"keywords\":[\"covid-19\",\"redes sociais\"],\"articleSection\":[\"Conte\u00fado\"],\"inLanguage\":\"en-GB\",\"potentialAction\":[{\"@type\":\"CommentAction\",\"name\":\"Comment\",\"target\":[\"https:\/\/www.abvp.pt\/inovar-em-tempo-de-covid-19\/#respond\"]}]},{\"@type\":\"WebPage\",\"@id\":\"https:\/\/www.abvp.pt\/inovar-em-tempo-de-covid-19\/\",\"url\":\"https:\/\/www.abvp.pt\/inovar-em-tempo-de-covid-19\/\",\"name\":\"Inovar em tempo de COVID-19 - ABVP\",\"isPartOf\":{\"@id\":\"https:\/\/www.abvp.pt\/#website\"},\"primaryImageOfPage\":{\"@id\":\"https:\/\/www.abvp.pt\/inovar-em-tempo-de-covid-19\/#primaryimage\"},\"image\":{\"@id\":\"https:\/\/www.abvp.pt\/inovar-em-tempo-de-covid-19\/#primaryimage\"},\"thumbnailUrl\":\"https:\/\/www.abvp.pt\/wp-content\/uploads\/squared-one-uYtyhKO3ygU-unsplash.jpg\",\"datePublished\":\"2020-04-13T17:49:38+00:00\",\"dateModified\":\"2020-04-14T11:09:14+00:00\",\"description\":\"A crise causada pelo COVID-19 levou os associados da ABVP a reinventarem-se e a criarem novas formas de continuar a fazer sonhar com viagens.\",\"breadcrumb\":{\"@id\":\"https:\/\/www.abvp.pt\/inovar-em-tempo-de-covid-19\/#breadcrumb\"},\"inLanguage\":\"en-GB\",\"potentialAction\":[{\"@type\":\"ReadAction\",\"target\":[\"https:\/\/www.abvp.pt\/inovar-em-tempo-de-covid-19\/\"]}]},{\"@type\":\"ImageObject\",\"inLanguage\":\"en-GB\",\"@id\":\"https:\/\/www.abvp.pt\/inovar-em-tempo-de-covid-19\/#primaryimage\",\"url\":\"https:\/\/www.abvp.pt\/wp-content\/uploads\/squared-one-uYtyhKO3ygU-unsplash.jpg\",\"contentUrl\":\"https:\/\/www.abvp.pt\/wp-content\/uploads\/squared-one-uYtyhKO3ygU-unsplash.jpg\",\"width\":1280,\"height\":800,\"caption\":\"Inovar em tempo de COVID-19\"},{\"@type\":\"BreadcrumbList\",\"@id\":\"https:\/\/www.abvp.pt\/inovar-em-tempo-de-covid-19\/#breadcrumb\",\"itemListElement\":[{\"@type\":\"ListItem\",\"position\":1,\"name\":\"In\u00edcio\",\"item\":\"https:\/\/www.abvp.pt\/\"},{\"@type\":\"ListItem\",\"position\":2,\"name\":\"Inovar em tempo de COVID-19\"}]},{\"@type\":\"WebSite\",\"@id\":\"https:\/\/www.abvp.pt\/#website\",\"url\":\"https:\/\/www.abvp.pt\/\",\"name\":\"ABVP\",\"description\":\"Associa\u00e7\u00e3o de Bloggers de Viagem Portugueses\",\"publisher\":{\"@id\":\"https:\/\/www.abvp.pt\/#organization\"},\"potentialAction\":[{\"@type\":\"SearchAction\",\"target\":{\"@type\":\"EntryPoint\",\"urlTemplate\":\"https:\/\/www.abvp.pt\/?s={search_term_string}\"},\"query-input\":{\"@type\":\"PropertyValueSpecification\",\"valueRequired\":true,\"valueName\":\"search_term_string\"}}],\"inLanguage\":\"en-GB\"},{\"@type\":\"Organization\",\"@id\":\"https:\/\/www.abvp.pt\/#organization\",\"name\":\"ABVP\",\"url\":\"https:\/\/www.abvp.pt\/\",\"logo\":{\"@type\":\"ImageObject\",\"inLanguage\":\"en-GB\",\"@id\":\"https:\/\/www.abvp.pt\/#\/schema\/logo\/image\/\",\"url\":\"https:\/\/www.abvp.pt\/wp-content\/uploads\/Logo-Header-dark.svg\",\"contentUrl\":\"https:\/\/www.abvp.pt\/wp-content\/uploads\/Logo-Header-dark.svg\",\"width\":325,\"height\":48,\"caption\":\"ABVP\"},\"image\":{\"@id\":\"https:\/\/www.abvp.pt\/#\/schema\/logo\/image\/\"},\"sameAs\":[\"https:\/\/www.facebook.com\/abvppt\/\",\"https:\/\/x.com\/abvppt\",\"https:\/\/www.instagram.com\/abvppt\/\"]},{\"@type\":\"Person\",\"@id\":\"https:\/\/www.abvp.pt\/#\/schema\/person\/586cf6e5dc73a236aaaa894bba748151\",\"name\":\"Marlene Marques\",\"image\":{\"@type\":\"ImageObject\",\"inLanguage\":\"en-GB\",\"@id\":\"https:\/\/www.abvp.pt\/#\/schema\/person\/image\/\",\"url\":\"https:\/\/secure.gravatar.com\/avatar\/416455a93ec202caf1c45dccb345a8be?s=96&d=mm&r=g\",\"contentUrl\":\"https:\/\/secure.gravatar.com\/avatar\/416455a93ec202caf1c45dccb345a8be?s=96&d=mm&r=g\",\"caption\":\"Marlene Marques\"},\"description\":\"A Marlene \u00e9 a autora do Marlene On The Move. Jornalista de profiss\u00e3o, criou o blog de viagens para partilhar as suas aventuras em Portugal e no Mundo. N\u00e3o \u00e9 raro partir \u00e0 descoberta de novos pa\u00edses e culturas\u2026 muitas vezes com a prancha de surf na bagagem.\",\"sameAs\":[\"https:\/\/marleneonthemove.com\/\"],\"url\":\"https:\/\/www.abvp.pt\/en\/author\/mmarques\/\"}]}<\/script>\n<!-- \/ Yoast SEO plugin. -->","yoast_head_json":{"title":"Inovar em tempo de COVID-19 - ABVP","description":"A crise causada pelo COVID-19 levou os associados da ABVP a reinventarem-se e a criarem novas formas de continuar a fazer sonhar com viagens.","robots":{"index":"index","follow":"follow","max-snippet":"max-snippet:-1","max-image-preview":"max-image-preview:large","max-video-preview":"max-video-preview:-1"},"canonical":"https:\/\/www.abvp.pt\/en\/inovar-em-tempo-de-covid-19\/","og_locale":"en_GB","og_type":"article","og_title":"Inovar em tempo de COVID-19 - ABVP","og_description":"A crise causada pelo COVID-19 levou os associados da ABVP a reinventarem-se e a criarem novas formas de continuar a fazer sonhar com viagens.","og_url":"https:\/\/www.abvp.pt\/en\/inovar-em-tempo-de-covid-19\/","og_site_name":"ABVP","article_publisher":"https:\/\/www.facebook.com\/abvppt\/","article_published_time":"2020-04-13T17:49:38+00:00","article_modified_time":"2020-04-14T11:09:14+00:00","og_image":[{"width":1280,"height":800,"url":"https:\/\/www.abvp.pt\/wp-content\/uploads\/squared-one-uYtyhKO3ygU-unsplash.jpg","type":"image\/jpeg"}],"author":"Marlene Marques","twitter_card":"summary_large_image","twitter_creator":"@abvppt","twitter_site":"@abvppt","twitter_misc":{"Written by":"Marlene Marques","Estimated reading time":"4 minutes"},"schema":{"@context":"https:\/\/schema.org","@graph":[{"@type":"Article","@id":"https:\/\/www.abvp.pt\/inovar-em-tempo-de-covid-19\/#article","isPartOf":{"@id":"https:\/\/www.abvp.pt\/inovar-em-tempo-de-covid-19\/"},"author":{"name":"Marlene Marques","@id":"https:\/\/www.abvp.pt\/#\/schema\/person\/586cf6e5dc73a236aaaa894bba748151"},"headline":"Inovar em tempo de COVID-19","datePublished":"2020-04-13T17:49:38+00:00","dateModified":"2020-04-14T11:09:14+00:00","mainEntityOfPage":{"@id":"https:\/\/www.abvp.pt\/inovar-em-tempo-de-covid-19\/"},"wordCount":752,"commentCount":0,"publisher":{"@id":"https:\/\/www.abvp.pt\/#organization"},"image":{"@id":"https:\/\/www.abvp.pt\/inovar-em-tempo-de-covid-19\/#primaryimage"},"thumbnailUrl":"https:\/\/www.abvp.pt\/wp-content\/uploads\/squared-one-uYtyhKO3ygU-unsplash.jpg","keywords":["covid-19","redes sociais"],"articleSection":["Conte\u00fado"],"inLanguage":"en-GB","potentialAction":[{"@type":"CommentAction","name":"Comment","target":["https:\/\/www.abvp.pt\/inovar-em-tempo-de-covid-19\/#respond"]}]},{"@type":"WebPage","@id":"https:\/\/www.abvp.pt\/inovar-em-tempo-de-covid-19\/","url":"https:\/\/www.abvp.pt\/inovar-em-tempo-de-covid-19\/","name":"Inovar em tempo de COVID-19 - ABVP","isPartOf":{"@id":"https:\/\/www.abvp.pt\/#website"},"primaryImageOfPage":{"@id":"https:\/\/www.abvp.pt\/inovar-em-tempo-de-covid-19\/#primaryimage"},"image":{"@id":"https:\/\/www.abvp.pt\/inovar-em-tempo-de-covid-19\/#primaryimage"},"thumbnailUrl":"https:\/\/www.abvp.pt\/wp-content\/uploads\/squared-one-uYtyhKO3ygU-unsplash.jpg","datePublished":"2020-04-13T17:49:38+00:00","dateModified":"2020-04-14T11:09:14+00:00","description":"A crise causada pelo COVID-19 levou os associados da ABVP a reinventarem-se e a criarem novas formas de continuar a fazer sonhar com viagens.","breadcrumb":{"@id":"https:\/\/www.abvp.pt\/inovar-em-tempo-de-covid-19\/#breadcrumb"},"inLanguage":"en-GB","potentialAction":[{"@type":"ReadAction","target":["https:\/\/www.abvp.pt\/inovar-em-tempo-de-covid-19\/"]}]},{"@type":"ImageObject","inLanguage":"en-GB","@id":"https:\/\/www.abvp.pt\/inovar-em-tempo-de-covid-19\/#primaryimage","url":"https:\/\/www.abvp.pt\/wp-content\/uploads\/squared-one-uYtyhKO3ygU-unsplash.jpg","contentUrl":"https:\/\/www.abvp.pt\/wp-content\/uploads\/squared-one-uYtyhKO3ygU-unsplash.jpg","width":1280,"height":800,"caption":"Inovar em tempo de COVID-19"},{"@type":"BreadcrumbList","@id":"https:\/\/www.abvp.pt\/inovar-em-tempo-de-covid-19\/#breadcrumb","itemListElement":[{"@type":"ListItem","position":1,"name":"In\u00edcio","item":"https:\/\/www.abvp.pt\/"},{"@type":"ListItem","position":2,"name":"Inovar em tempo de COVID-19"}]},{"@type":"WebSite","@id":"https:\/\/www.abvp.pt\/#website","url":"https:\/\/www.abvp.pt\/","name":"ABVP","description":"Association of Portuguese Travel Bloggers","publisher":{"@id":"https:\/\/www.abvp.pt\/#organization"},"potentialAction":[{"@type":"SearchAction","target":{"@type":"EntryPoint","urlTemplate":"https:\/\/www.abvp.pt\/?s={search_term_string}"},"query-input":{"@type":"PropertyValueSpecification","valueRequired":true,"valueName":"search_term_string"}}],"inLanguage":"en-GB"},{"@type":"Organization","@id":"https:\/\/www.abvp.pt\/#organization","name":"ABVP","url":"https:\/\/www.abvp.pt\/","logo":{"@type":"ImageObject","inLanguage":"en-GB","@id":"https:\/\/www.abvp.pt\/#\/schema\/logo\/image\/","url":"https:\/\/www.abvp.pt\/wp-content\/uploads\/Logo-Header-dark.svg","contentUrl":"https:\/\/www.abvp.pt\/wp-content\/uploads\/Logo-Header-dark.svg","width":325,"height":48,"caption":"ABVP"},"image":{"@id":"https:\/\/www.abvp.pt\/#\/schema\/logo\/image\/"},"sameAs":["https:\/\/www.facebook.com\/abvppt\/","https:\/\/x.com\/abvppt","https:\/\/www.instagram.com\/abvppt\/"]},{"@type":"Person","@id":"https:\/\/www.abvp.pt\/#\/schema\/person\/586cf6e5dc73a236aaaa894bba748151","name":"Marlene Marques","image":{"@type":"ImageObject","inLanguage":"en-GB","@id":"https:\/\/www.abvp.pt\/#\/schema\/person\/image\/","url":"https:\/\/secure.gravatar.com\/avatar\/416455a93ec202caf1c45dccb345a8be?s=96&d=mm&r=g","contentUrl":"https:\/\/secure.gravatar.com\/avatar\/416455a93ec202caf1c45dccb345a8be?s=96&d=mm&r=g","caption":"Marlene Marques"},"description":"A Marlene \u00e9 a autora do Marlene On The Move. Jornalista de profiss\u00e3o, criou o blog de viagens para partilhar as suas aventuras em Portugal e no Mundo. N\u00e3o \u00e9 raro partir \u00e0 descoberta de novos pa\u00edses e culturas\u2026 muitas vezes com a prancha de surf na bagagem.","sameAs":["https:\/\/marleneonthemove.com\/"],"url":"https:\/\/www.abvp.pt\/en\/author\/mmarques\/"}]}},"_links":{"self":[{"href":"https:\/\/www.abvp.pt\/en\/wp-json\/wp\/v2\/posts\/1270","targetHints":{"allow":["GET"]}}],"collection":[{"href":"https:\/\/www.abvp.pt\/en\/wp-json\/wp\/v2\/posts"}],"about":[{"href":"https:\/\/www.abvp.pt\/en\/wp-json\/wp\/v2\/types\/post"}],"author":[{"embeddable":true,"href":"https:\/\/www.abvp.pt\/en\/wp-json\/wp\/v2\/users\/9"}],"replies":[{"embeddable":true,"href":"https:\/\/www.abvp.pt\/en\/wp-json\/wp\/v2\/comments?post=1270"}],"version-history":[{"count":0,"href":"https:\/\/www.abvp.pt\/en\/wp-json\/wp\/v2\/posts\/1270\/revisions"}],"wp:featuredmedia":[{"embeddable":true,"href":"https:\/\/www.abvp.pt\/en\/wp-json\/wp\/v2\/media\/1281"}],"wp:attachment":[{"href":"https:\/\/www.abvp.pt\/en\/wp-json\/wp\/v2\/media?parent=1270"}],"wp:term":[{"taxonomy":"category","embeddable":true,"href":"https:\/\/www.abvp.pt\/en\/wp-json\/wp\/v2\/categories?post=1270"},{"taxonomy":"post_tag","embeddable":true,"href":"https:\/\/www.abvp.pt\/en\/wp-json\/wp\/v2\/tags?post=1270"}],"curies":[{"name":"wp","href":"https:\/\/api.w.org\/{rel}","templated":true}]}}