{"id":1335,"date":"2020-05-12T10:03:00","date_gmt":"2020-05-12T09:03:00","guid":{"rendered":"https:\/\/www.abvp.pt\/?p=1335"},"modified":"2024-02-22T11:04:31","modified_gmt":"2024-02-22T11:04:31","slug":"bloggers-de-viagem-da-abvp-promovem-portugal","status":"publish","type":"post","link":"https:\/\/www.abvp.pt\/en\/bloggers-de-viagem-da-abvp-promovem-portugal\/","title":{"rendered":"48 bloggers de viagem da ABVP promovem Portugal &#8211; #euficoemportugal"},"content":{"rendered":"<p><strong>Mal seja poss\u00edvel viajar em seguran\u00e7a, os <em>bloggers de viagem<\/em> da ABVP v\u00e3o partir \u00e0 (re)descoberta de Portugal, numa a\u00e7\u00e3o concertada denominada #euficoemportugal, que visa contribuir para a recupera\u00e7\u00e3o do turismo em todo o territ\u00f3rio nacional.&nbsp;E h\u00e1 um livro na calha\u2026<\/strong><\/p>\n\n\n\n<p>A <a href=\"https:\/\/www.abvp.pt\/en\/\">Association of Portuguese Travel Bloggers<\/a> vai levar 48 dos seus associados a visitar, cada um deles, uma regi\u00e3o espec\u00edfica de Portugal. Estar\u00e3o abrangidos os 18 distritos de Portugal continental e ainda as regi\u00f5es aut\u00f3nomas dos A\u00e7ores e da Madeira, numa a\u00e7\u00e3o concertada e em simult\u00e2neo que visa enaltecer o pa\u00eds enquanto destino de excel\u00eancia e contribuir para a desejada recupera\u00e7\u00e3o do turismo interno.<\/p>\n\n\n\n<p>Evitando as capitais de distrito e centrando-se na divulga\u00e7\u00e3o das belezas de vilas,&nbsp; aldeias, ilhas e parques naturais de Portugal, cada blogger escolheu uma regi\u00e3o distinta do pa\u00eds para visitar (ou revisitar) e prop\u00f5e-se produzir conte\u00fados in\u00e9ditos sobre o melhor dessa regi\u00e3o &#8211; incluindo atra\u00e7\u00f5es hist\u00f3ricas, culturais, naturais, arquitet\u00f3nicas ou gastron\u00f3micas.<\/p>\n\n\n\n<p><strong>\u201c\u00c9 o nosso humilde contributo para o relan\u00e7amento do turismo em Portugal, especialmente nos chamados territ\u00f3rios de baixa densidade, onde a atividade de pequenos propriet\u00e1rios de unidades de turismo rural e restaurantes, por exemplo, tem grande impacto nas economias locais\u201d,<\/strong> explica Filipe Morato Gomes, Presidente da ABVP e autor do blog <a rel=\"noreferrer noopener\" href=\"https:\/\/www.almadeviajante.com\/\" target=\"_blank\">Alma de Viajante<\/a>.&nbsp;<\/p>\n\n\n\n<p>A ABVP acredita no imenso potencial de uma a\u00e7\u00e3o concertada entre os bloggers de viagem, uma vez que a audi\u00eancia combinada dos associados da ABVP atinge milh\u00f5es de leitores (potenciais turistas), maioritariamente portugueses. S\u00e3o expect\u00e1veis milhares de <em>stories<\/em>, centenas de posts nas redes sociais e pelo menos uma centena de artigos in\u00e9ditos sobre Portugal a publicar nos blogs.<\/p>\n\n\n\n<p>A a\u00e7\u00e3o no terreno decorrer\u00e1 <strong>\u201clogo que seja poss\u00edvel viajar\u201d,<\/strong> explica Jo\u00e3o Leit\u00e3o, morador em Ouarzazate e autor do blog <a rel=\"noreferrer noopener\" href=\"https:\/\/www.joaoleitao.com\/viagens\/\" target=\"_blank\">Jo\u00e3o Leit\u00e3o Viagens<\/a>, que viajar\u00e1 propositadamente desde Marrocos para integrar a miss\u00e3o, assim as autoridades marroquinas e portuguesas voltem a permitir voos comerciais entre os dois pa\u00edses.<\/p>\n\n\n\n<p><strong>\u201cMais do que nunca, este \u00e9 o momento de olhar para Portugal, um pa\u00eds super-entusiasmante e com grande diversidade de atrativos para quem ama explorar, \u2018respira\u2019 a viajar. <\/strong>Ao faz\u00ea-lo, sentimos que estamos a contribuir para a recupera\u00e7\u00e3o da economia, sabendo da import\u00e2ncia do turismo no PIB\u201d, resume Rui Barbosa Batista, Vice-Presidente da ABVP e autor do blog <a rel=\"noreferrer noopener\" href=\"http:\/\/bornfreee.com\/\" target=\"_blank\">Bornfreee<\/a>.<\/p>\n\n\n\n<p>Para al\u00e9m dos conte\u00fados <em>online<\/em>, os bloggers aproveitar\u00e3o a estadia nos mais belos destinos do pa\u00eds para prepararem um livro de cr\u00f3nicas de viagens dedicado inteiramente a Portugal, a lan\u00e7ar no pr\u00f3ximo ano. <strong>\u201cSer\u00e1 o ep\u00edlogo perfeito para a iniciativa #euficoemportugal\u201d,<\/strong> conclui Morato Gomes, que destaca a <strong>\u201cdisponibilidade da ABVP em encetar parcerias com os mais diversos agentes de turismo nacionais, estando dispon\u00edvel para ouvir os seus desafios\u201d.<\/strong><\/p>\n\n\n\n<h2 class=\"wp-block-heading\">Lista de blogs participantes na campanha #euficoemportugal da ABVP<\/h2>\n\n\n\n<figure class=\"wp-block-table is-style-stripes\"><table class=\"has-fixed-layout\"><tbody><tr><td class=\"has-text-align-left\" data-align=\"left\"><strong>DISTRITOS | DESTINOS<\/strong><\/td><td class=\"has-text-align-center\" data-align=\"center\"><strong>BLOG <\/strong><\/td><\/tr><tr><td class=\"has-text-align-left\" data-align=\"left\">VIANA DO CASTELO | Melga\u00e7o, Castro Laboreiro, Lamas de Mouro<\/td><td class=\"has-text-align-center\" data-align=\"center\"><a href=\"https:\/\/www.thewisetravellers.com\/\" target=\"_blank\" rel=\"noreferrer noopener\">The Wise Travellers<\/a><\/td><\/tr><tr><td class=\"has-text-align-left\" data-align=\"left\">VIANA DO CASTELO | Soajo, Lindoso, Ponte da Barca, Arcos de Valdevez<\/td><td class=\"has-text-align-center\" data-align=\"center\"><a href=\"https:\/\/www.almadeviajante.com\/\" target=\"_blank\" rel=\"noreferrer noopener\">Alma de Viajante<\/a><\/td><\/tr><tr><td class=\"has-text-align-left\" data-align=\"left\">VIANA DO CASTELO | Moledo, Caminha, V.N. Cerveira, \u00c2ncora, Paredes de Coura<\/td><td class=\"has-text-align-center\" data-align=\"center\"><a href=\"https:\/\/sempreentreviagens.com\/\" target=\"_blank\" rel=\"noreferrer noopener\">Sempre entre Viagens<\/a><\/td><\/tr><tr><td class=\"has-text-align-left\" data-align=\"left\">VILA REAL | Pit\u00f5es das J\u00fanias, Montalegre, Vilarinho de Negr\u00f5es, Boticas<\/td><td class=\"has-text-align-center\" data-align=\"center\"><a href=\"https:\/\/quilometroinfinito.com\/\" target=\"_blank\" rel=\"noreferrer noopener\">Quil\u00f3metro Infinito<\/a><\/td><\/tr><tr><td class=\"has-text-align-left\" data-align=\"left\">VILA REAL | PN Alv\u00e3o: Ermelo, Lamas de Olo, Bobal&#8230;<\/td><td class=\"has-text-align-center\" data-align=\"center\"><a href=\"http:\/\/gatovadio.pt\/\" target=\"_blank\" rel=\"noreferrer noopener\">Gato Vadio<\/a><\/td><\/tr><tr><td class=\"has-text-align-left\" data-align=\"left\">VILA REAL | Regi\u00e3o do Douro: R\u00e9gua, Pinh\u00e3o\u2026<\/td><td class=\"has-text-align-center\" data-align=\"center\"><a href=\"https:\/\/twofindaway.com\/\" target=\"_blank\" rel=\"noreferrer noopener\">Two Find a Way<\/a><\/td><\/tr><tr><td class=\"has-text-align-left\" data-align=\"left\">BRAGAN\u00c7A | PN Montesinho: Montalegre, Rio de Onor&#8230;<\/td><td class=\"has-text-align-center\" data-align=\"center\"><a href=\"https:\/\/iremviagem.com\/\" target=\"_blank\" rel=\"noreferrer noopener\">Ir em Viagem<\/a><\/td><\/tr><tr><td class=\"has-text-align-left\" data-align=\"left\">BRAGAN\u00c7A | Torre de Moncorvo, Freixo de Espada \u00e0 Cinta<\/td><td class=\"has-text-align-center\" data-align=\"center\"><a href=\"https:\/\/www.viagensemiudos.pt\/\" target=\"_blank\" rel=\"noreferrer noopener\">Viagens&amp;Mi\u00fados<\/a><\/td><\/tr><tr><td class=\"has-text-align-left\" data-align=\"left\">BRAGAN\u00c7A | Terra Quente Douro Internacional: Mirandela, Macedo de Cavaleiros, Mogadouro\u2026<\/td><td class=\"has-text-align-center\" data-align=\"center\"><a href=\"http:\/\/www.espiritoviajante.com\/\" target=\"_blank\" rel=\"noreferrer noopener\">Espirito Viajante<\/a><\/td><\/tr><tr><td class=\"has-text-align-left\" data-align=\"left\">BRAGA | Ger\u00eas<\/td><td class=\"has-text-align-center\" data-align=\"center\"><a href=\"https:\/\/www.viajarentreviagens.pt\/\" target=\"_blank\" rel=\"noreferrer noopener\">Viajar entre Viagens<\/a><\/td><\/tr><tr><td class=\"has-text-align-left\" data-align=\"left\">PORTO | Parque das Serras do Porto: Gondomar, Paredes, Valongo<\/td><td class=\"has-text-align-center\" data-align=\"center\"><a href=\"https:\/\/espreitaromundo.com\/\" target=\"_blank\" rel=\"noreferrer noopener\">Espreitar o Mundo<\/a><\/td><\/tr><tr><td class=\"has-text-align-left\" data-align=\"left\">PORTO | Quintandona<\/td><td class=\"has-text-align-center\" data-align=\"center\"><a href=\"https:\/\/bercodomundo.com\/\" target=\"_blank\" rel=\"noreferrer noopener\">O Ber\u00e7o do Mundo<\/a><\/td><\/tr><tr><td class=\"has-text-align-left\" data-align=\"left\">AVEIRO | Arouca + Arouca Geopark<\/td><td class=\"has-text-align-center\" data-align=\"center\"><a href=\"https:\/\/365diasnomundo.com\/\" target=\"_blank\" rel=\"noreferrer noopener\">365 dias no mundo<\/a><\/td><\/tr><tr><td class=\"has-text-align-left\" data-align=\"left\">AVEIRO | Praias de Espinho, Esmoriz, Cortega\u00e7a, Ria de Aveiro, S\u00e3o Jacinto<\/td><td class=\"has-text-align-center\" data-align=\"center\"><a href=\"https:\/\/www.tempodeviajar.com\/\" target=\"_blank\" rel=\"noreferrer noopener\">Tempo de Viajar<\/a><\/td><\/tr><tr><td class=\"has-text-align-left\" data-align=\"left\">VISEU | Serra de Montemuro, Gralheira-Vale do Bestan\u00e7a, Cinf\u00e3es, Castro Daire&#8230;<\/td><td class=\"has-text-align-center\" data-align=\"center\"><a href=\"https:\/\/www.projecto100rota.com\/\" target=\"_blank\" rel=\"noreferrer noopener\">Projecto 100 rota<\/a><\/td><\/tr><tr><td class=\"has-text-align-left\" data-align=\"left\">VISEU | S. Pedro do Sul, Caramulo, Nelas, Mangualde, Penalva<\/td><td class=\"has-text-align-center\" data-align=\"center\"><a href=\"https:\/\/www.continuandoaprocura.com\/\" target=\"_blank\" rel=\"noreferrer noopener\">Continuando \u00e0 Procura<\/a><\/td><\/tr><tr><td class=\"has-text-align-left\" data-align=\"left\">GUARDA | Vila Nova de Foz C\u00f4a, Faia Brava, Castelo Melhor, Barca de Alva<\/td><td class=\"has-text-align-center\" data-align=\"center\"><a rel=\"noreferrer noopener\" href=\"https:\/\/noseomundo.pt\/\" target=\"_blank\">N\u00f3s e o Mundo<\/a><br><a rel=\"noreferrer noopener\" href=\"https:\/\/contosalfacinhas.com\/\" target=\"_blank\">Contos Alfacinhas<\/a><\/td><\/tr><tr><td class=\"has-text-align-left\" data-align=\"left\">GUARDA | Marialva, Castelo Rodrigo, Trancoso, Almeida<\/td><td class=\"has-text-align-center\" data-align=\"center\"><a href=\"https:\/\/passaportenobolso.com\/\" target=\"_blank\" rel=\"noreferrer noopener\">Passaporte no bolso<\/a><\/td><\/tr><tr><td class=\"has-text-align-left\" data-align=\"left\">GUARDA | PN Serra da Estrela: Loriga, Lapa dos Dinheiros, Sabugueiro, Linhares, Folgosinho<\/td><td class=\"has-text-align-center\" data-align=\"center\"><a href=\"http:\/\/bornfreee.com\/\" target=\"_blank\" rel=\"noreferrer noopener\">BornFreee<\/a><\/td><\/tr><tr><td class=\"has-text-align-left\" data-align=\"left\">CASTELO BRANCO, GUARDA | Belmonte e Sortelha<\/td><td class=\"has-text-align-center\" data-align=\"center\"><a href=\"https:\/\/www.quilometrozero.com\/\" target=\"_blank\" rel=\"noreferrer noopener\">Quil\u00f3metro Zero<\/a><\/td><\/tr><tr><td class=\"has-text-align-left\" data-align=\"left\">CASTELO BRANCO | Penamacor, Monsanto, Penha Garcia<\/td><td class=\"has-text-align-center\" data-align=\"center\"><a href=\"https:\/\/noseomundo.pt\/\" target=\"_blank\" rel=\"noreferrer noopener\">N\u00f3s e o Mundo<\/a><\/td><\/tr><tr><td class=\"has-text-align-left\" data-align=\"left\">COIMBRA e CASTELO BRANCO | Pampilhosa da Serra, Janeiro de Baixo, Janeiro de Cima<\/td><td class=\"has-text-align-center\" data-align=\"center\"><a href=\"https:\/\/viajarporquesim.blogs.sapo.pt\/\" target=\"_blank\" rel=\"noreferrer noopener\">Viajar porque sim<\/a><\/td><\/tr><tr><td class=\"has-text-align-left\" data-align=\"left\">COIMBRA | Pi\u00f3d\u00e3o, Coja, Cerdeira, Benfeita, Barril de Alva<\/td><td class=\"has-text-align-center\" data-align=\"center\"><a href=\"http:\/\/meacrosstheworld.com\/\" target=\"_blank\" rel=\"noreferrer noopener\">Me across the World<\/a><\/td><\/tr><tr><td class=\"has-text-align-left\" data-align=\"left\">COIMBRA | Penacova, Vila Nova de Poiares<\/td><td class=\"has-text-align-center\" data-align=\"center\"><a href=\"https:\/\/onossoolhardomundo.pt\/\" target=\"_blank\" rel=\"noreferrer noopener\">o nosso olhar do mundo<\/a><\/td><\/tr><tr><td class=\"has-text-align-left\" data-align=\"left\">COIMBRA | Aldeias de Xisto da Serra da Lous\u00e3<\/td><td class=\"has-text-align-center\" data-align=\"center\"><a rel=\"noreferrer noopener\" href=\"https:\/\/www.almadeviajante.com\/\" target=\"_blank\">Alma de Viajante<\/a><\/td><\/tr><tr><td class=\"has-text-align-left\" data-align=\"left\">SANTAR\u00c9M | Abrantes, Vila Nova da Barquinha, Castelo de Almourol, Const\u00e2ncia<\/td><td class=\"has-text-align-center\" data-align=\"center\"><a href=\"https:\/\/mundoindefinido.com\/\" target=\"_blank\" rel=\"noreferrer noopener\">Mundo Indefinido<\/a><\/td><\/tr><tr><td class=\"has-text-align-left\" data-align=\"left\">LEIRIA | Peniche, Berlengas<\/td><td class=\"has-text-align-center\" data-align=\"center\"><a href=\"https:\/\/explorandar.com\/\" target=\"_blank\" rel=\"noreferrer noopener\">Explorandar<\/a><\/td><\/tr><tr><td class=\"has-text-align-left\" data-align=\"left\">LEIRIA | PN Serras de Aire e Candeeiros: Porto de M\u00f3s, Serro Ventoso, Alvados, Barrenta&#8230;<\/td><td class=\"has-text-align-center\" data-align=\"center\"><a href=\"http:\/\/www.boleiasdamarta.pt\/\" target=\"_blank\" rel=\"noreferrer noopener\">Boleias da Marta<\/a><\/td><\/tr><tr><td class=\"has-text-align-left\" data-align=\"left\">LEIRIA | Nazar\u00e9, S\u00e3o Martinho do Porto, Foz do Arelho<\/td><td class=\"has-text-align-center\" data-align=\"center\"><a rel=\"noreferrer noopener\" href=\"https:\/\/marleneonthemove.com\/\" target=\"_blank\">Marlene On The Move<\/a><\/td><\/tr><tr><td class=\"has-text-align-left\" data-align=\"left\">LISBOA | PN Sintra-Cascais: Sintra, Cabo da Roca&#8230;<\/td><td class=\"has-text-align-center\" data-align=\"center\"><a href=\"https:\/\/fuidarumavolta.blogspot.com\/\" target=\"_blank\" rel=\"noreferrer noopener\">Fui dar uma Volta<\/a><\/td><\/tr><tr><td class=\"has-text-align-left\" data-align=\"left\">LISBOA | Loures, Bucelas\u2026<\/td><td class=\"has-text-align-center\" data-align=\"center\"><a href=\"https:\/\/www.lovelylisbonner.com\/\" target=\"_blank\" rel=\"noreferrer noopener\">Lovely Lisbonner<\/a><\/td><\/tr><tr><td class=\"has-text-align-left\" data-align=\"left\">LISBOA | Mafra, Malveira, Ericeira\u2026<\/td><td class=\"has-text-align-center\" data-align=\"center\"><a href=\"https:\/\/www.jolandblog.com\/\" target=\"_blank\" rel=\"noreferrer noopener\">Joland<\/a><\/td><\/tr><tr><td class=\"has-text-align-left\" data-align=\"left\">SET\u00daBAL | PN Arr\u00e1bida<\/td><td class=\"has-text-align-center\" data-align=\"center\"><a href=\"https:\/\/saberviajar.pt\/\" target=\"_blank\" rel=\"noreferrer noopener\">Saber Viajar<\/a><\/td><\/tr><tr><td class=\"has-text-align-left\" data-align=\"left\">SET\u00daBAL | Alc\u00e1cer do Sal, Santa Susana, Gr\u00e2ndola<\/td><td class=\"has-text-align-center\" data-align=\"center\"><a href=\"https:\/\/carimbaopassaporte.blogspot.com\/\" target=\"_blank\" rel=\"noreferrer noopener\">Carimba o Passaporte<\/a><\/td><\/tr><tr><td class=\"has-text-align-left\" data-align=\"left\">SET\u00daBAL | Sines, Porto C\u00f4vo, Praia da Samoqueira&#8230;<\/td><td class=\"has-text-align-center\" data-align=\"center\"><a href=\"http:\/\/ossalemas.com\/\" target=\"_blank\" rel=\"noreferrer noopener\">Os Salemas<\/a><\/td><\/tr><tr><td class=\"has-text-align-left\" data-align=\"left\">PORTALEGRE | Crato, Alter do Ch\u00e3o, Belver, Ponte de Sor<\/td><td class=\"has-text-align-center\" data-align=\"center\"><a href=\"https:\/\/www.entrevinhas.com\/\" target=\"_blank\" rel=\"noreferrer noopener\">Entre Vinhas<\/a><\/td><\/tr><tr><td class=\"has-text-align-left\" data-align=\"left\">PORTALEGRE | Castelo de Vide, Marv\u00e3o<\/td><td class=\"has-text-align-center\" data-align=\"center\"><a href=\"http:\/\/www.joaoleitao.com\/viagens\/\" target=\"_blank\" rel=\"noreferrer noopener\">Jo\u00e3o Leit\u00e3o Viagens<\/a><\/td><\/tr><tr><td class=\"has-text-align-left\" data-align=\"left\">PORTALEGRE e \u00c9VORA | Montargil, Mora<\/td><td class=\"has-text-align-center\" data-align=\"center\"><a href=\"http:\/\/justgo.com.pt\/\" target=\"_blank\" rel=\"noreferrer noopener\">JustGo Sofia<\/a><\/td><\/tr><tr><td class=\"has-text-align-left\" data-align=\"left\">\u00c9VORA | \u00c9voramonte, Alandroal, Redondo, Juromenha<\/td><td class=\"has-text-align-center\" data-align=\"center\"><a href=\"http:\/\/www.fotoviajar.com\/\" target=\"_blank\" rel=\"noreferrer noopener\">Foto Viajar<\/a><\/td><\/tr><tr><td class=\"has-text-align-left\" data-align=\"left\">\u00c9VORA | Reguengos de Monsaraz, Mour\u00e3o, Monsaraz<\/td><td class=\"has-text-align-center\" data-align=\"center\"><a rel=\"noreferrer noopener\" href=\"https:\/\/www.destinosvividos.com\/\" target=\"_blank\">Destinos Vividos<\/a><\/td><\/tr><tr><td class=\"has-text-align-left\" data-align=\"left\">\u00c9VORA e BEJA | Ferreira do Alentejo, Alvito, Viana do Alentejo<\/td><td class=\"has-text-align-center\" data-align=\"center\"><a rel=\"noreferrer noopener\" href=\"https:\/\/365diasnomundo.com\/\" target=\"_blank\">365 dias no mundo<\/a><\/td><\/tr><tr><td class=\"has-text-align-left\" data-align=\"left\">BEJA | Odemira, Zambujeira do Mar, Vila Nova de Milfontes, Almograve<\/td><td class=\"has-text-align-center\" data-align=\"center\"><a href=\"https:\/\/marleneonthemove.com\/\" target=\"_blank\" rel=\"noreferrer noopener\">Marlene On The Move<\/a><\/td><\/tr><tr><td class=\"has-text-align-left\" data-align=\"left\">BEJA | Beja, Serpa<\/td><td class=\"has-text-align-center\" data-align=\"center\"><a href=\"https:\/\/travelrandomnotes.com\/\" target=\"_blank\" rel=\"noreferrer noopener\">Travel Random Notes<\/a><\/td><\/tr><tr><td class=\"has-text-align-left\" data-align=\"left\">BEJA e FARO | PN Vale do Guadiana: Mina de S\u00e3o Domingos, M\u00e9rtola&#8230;, Alcoutim<\/td><td class=\"has-text-align-center\" data-align=\"center\"><a href=\"https:\/\/wandering-life.com\/\" target=\"_blank\" rel=\"noreferrer noopener\">Wandering life<\/a><\/td><\/tr><tr><td class=\"has-text-align-left\" data-align=\"left\">FARO | Loul\u00e9, S\u00e3o Br\u00e1s de Alportel, Est\u00f3i, Moncarapacho<\/td><td class=\"has-text-align-center\" data-align=\"center\"><a href=\"http:\/\/www.acrushon.com\/\" target=\"_blank\" rel=\"noreferrer noopener\">A Crush On<\/a><\/td><\/tr><tr><td class=\"has-text-align-left\" data-align=\"left\">FARO | Cacela Velha (e PN Ria Formosa), Castro Marim (e RN Sapal de CMVRSA)<\/td><td class=\"has-text-align-center\" data-align=\"center\"><a href=\"https:\/\/likedplaces.com\/\" target=\"_blank\" rel=\"noreferrer noopener\">LikedPlaces<\/a><\/td><\/tr><tr><td class=\"has-text-align-left\" data-align=\"left\">FARO | PN Sudoeste Alentejano e Costa Vicentina: Odeceixe, Aljezur, Arrifana, Sagres&#8230;<\/td><td class=\"has-text-align-center\" data-align=\"center\"><a href=\"http:\/\/travelb4settle.com\/\" target=\"_blank\" rel=\"noreferrer noopener\">TravelB4Settle<\/a><\/td><\/tr><tr><td class=\"has-text-align-left\" data-align=\"left\">A\u00c7ORES | Pico, Faial<\/td><td class=\"has-text-align-center\" data-align=\"center\"><a href=\"http:\/\/followthesun.pt\/\" target=\"_blank\" rel=\"noreferrer noopener\">FollowtheSun<\/a><\/td><\/tr><tr><td class=\"has-text-align-left\" data-align=\"left\">A\u00c7ORES | S\u00e3o Jorge, Graciosa, Terceira<\/td><td class=\"has-text-align-center\" data-align=\"center\"><a href=\"https:\/\/viagensparasempre.com\/\" target=\"_blank\" rel=\"noreferrer noopener\">ViagensparaSempre<\/a><\/td><\/tr><tr><td class=\"has-text-align-left\" data-align=\"left\">A\u00c7ORES | S\u00e3o Miguel<\/td><td class=\"has-text-align-center\" data-align=\"center\"><a href=\"https:\/\/gangdopepreto.com\/\" target=\"_blank\" rel=\"noreferrer noopener\">Gang do P\u00e9 Preto<\/a><\/td><\/tr><tr><td class=\"has-text-align-left\" data-align=\"left\">A\u00c7ORES | Santa Maria<\/td><td class=\"has-text-align-center\" data-align=\"center\"><a rel=\"noreferrer noopener\" href=\"https:\/\/www.viajarentreviagens.pt\/\" target=\"_blank\">Viajar entre Viagens<\/a><\/td><\/tr><tr><td class=\"has-text-align-left\" data-align=\"left\">MADEIRA | Porto Santo<\/td><td class=\"has-text-align-center\" data-align=\"center\"><a href=\"https:\/\/www.dobrarfronteiras.com\/\" target=\"_blank\" rel=\"noreferrer noopener\">Dobrar Fronteiras<\/a><\/td><\/tr><tr><td class=\"has-text-align-left\" data-align=\"left\">MADEIRA | Ilha da Madeira<\/td><td class=\"has-text-align-center\" data-align=\"center\"><a href=\"https:\/\/contosalfacinhas.com\/\" target=\"_blank\" rel=\"noreferrer noopener\">Contos Alfacinhas<\/a><\/td><\/tr><\/tbody><\/table><\/figure>","protected":false},"excerpt":{"rendered":"<p>Mal seja poss\u00edvel viajar em seguran\u00e7a, os bloggers de viagem da ABVP v\u00e3o partir \u00e0 (re)descoberta de Portugal, numa a\u00e7\u00e3o concertada denominada #euficoemportugal, que visa contribuir para a recupera\u00e7\u00e3o do [&hellip;]<\/p>\n","protected":false},"author":5,"featured_media":1341,"comment_status":"closed","ping_status":"closed","sticky":false,"template":"","format":"standard","meta":{"_price":"","_stock":"","_tribe_ticket_header":"","_tribe_default_ticket_provider":"","_tribe_ticket_capacity":"0","_ticket_start_date":"","_ticket_end_date":"","_tribe_ticket_show_description":"","_tribe_ticket_show_not_going":false,"_tribe_ticket_use_global_stock":"","_tribe_ticket_global_stock_level":"","_global_stock_mode":"","_global_stock_cap":"","_tribe_rsvp_for_event":"","_tribe_ticket_going_count":"","_tribe_ticket_not_going_count":"","_tribe_tickets_list":"[]","_tribe_ticket_has_attendee_info_fields":false,"_EventAllDay":false,"_EventTimezone":"","_EventStartDate":"","_EventEndDate":"","_EventStartDateUTC":"","_EventEndDateUTC":"","_EventShowMap":false,"_EventShowMapLink":false,"_EventURL":"","_EventCost":"","_EventCostDescription":"","_EventCurrencySymbol":"","_EventCurrencyCode":"","_EventCurrencyPosition":"","_EventDateTimeSeparator":"","_EventTimeRangeSeparator":"","_EventOrganizerID":[],"_EventVenueID":[],"_OrganizerEmail":"","_OrganizerPhone":"","_OrganizerWebsite":"","_VenueAddress":"","_VenueCity":"","_VenueCountry":"","_VenueProvince":"","_VenueState":"","_VenueZip":"","_VenuePhone":"","_VenueURL":"","_VenueStateProvince":"","_VenueLat":"","_VenueLng":"","_VenueShowMap":false,"_VenueShowMapLink":false,"footnotes":""},"categories":[12],"tags":[11],"class_list":["post-1335","post","type-post","status-publish","format-standard","has-post-thumbnail","hentry","category-comunicados","tag-abvp"],"blocksy_meta":[],"yoast_head":"<!-- This site is optimized with the Yoast SEO plugin v26.4 - https:\/\/yoast.com\/wordpress\/plugins\/seo\/ -->\n<title>48 bloggers de viagem da ABVP promovem Portugal - #euficoemportugal - ABVP<\/title>\n<meta name=\"robots\" content=\"index, follow, max-snippet:-1, max-image-preview:large, max-video-preview:-1\" \/>\n<link rel=\"canonical\" href=\"https:\/\/www.abvp.pt\/en\/bloggers-de-viagem-da-abvp-promovem-portugal\/\" \/>\n<meta property=\"og:locale\" content=\"en_GB\" \/>\n<meta property=\"og:type\" content=\"article\" \/>\n<meta property=\"og:title\" content=\"48 bloggers de viagem da ABVP promovem Portugal - #euficoemportugal - ABVP\" \/>\n<meta property=\"og:description\" content=\"Mal seja poss\u00edvel viajar em seguran\u00e7a, os bloggers de viagem da ABVP v\u00e3o partir \u00e0 (re)descoberta de Portugal, numa a\u00e7\u00e3o concertada denominada #euficoemportugal, que visa contribuir para a recupera\u00e7\u00e3o do [&hellip;]\" \/>\n<meta property=\"og:url\" content=\"https:\/\/www.abvp.pt\/en\/bloggers-de-viagem-da-abvp-promovem-portugal\/\" \/>\n<meta property=\"og:site_name\" content=\"ABVP\" \/>\n<meta property=\"article:publisher\" content=\"https:\/\/www.facebook.com\/abvppt\/\" \/>\n<meta property=\"article:published_time\" content=\"2020-05-12T09:03:00+00:00\" \/>\n<meta property=\"article:modified_time\" content=\"2024-02-22T11:04:31+00:00\" \/>\n<meta property=\"og:image\" content=\"https:\/\/www.abvp.pt\/wp-content\/uploads\/monsanto-portugal.jpg\" \/>\n\t<meta property=\"og:image:width\" content=\"1200\" \/>\n\t<meta property=\"og:image:height\" content=\"799\" \/>\n\t<meta property=\"og:image:type\" content=\"image\/jpeg\" \/>\n<meta name=\"author\" content=\"Ruthia Portelinha\" \/>\n<meta name=\"twitter:card\" content=\"summary_large_image\" \/>\n<meta name=\"twitter:creator\" content=\"@abvppt\" \/>\n<meta name=\"twitter:site\" content=\"@abvppt\" \/>\n<meta name=\"twitter:label1\" content=\"Written by\" \/>\n\t<meta name=\"twitter:data1\" content=\"Ruthia Portelinha\" \/>\n\t<meta name=\"twitter:label2\" content=\"Estimated reading time\" \/>\n\t<meta name=\"twitter:data2\" content=\"6 minutes\" \/>\n<script type=\"application\/ld+json\" class=\"yoast-schema-graph\">{\"@context\":\"https:\/\/schema.org\",\"@graph\":[{\"@type\":\"Article\",\"@id\":\"https:\/\/www.abvp.pt\/bloggers-de-viagem-da-abvp-promovem-portugal\/#article\",\"isPartOf\":{\"@id\":\"https:\/\/www.abvp.pt\/bloggers-de-viagem-da-abvp-promovem-portugal\/\"},\"author\":{\"name\":\"Ruthia Portelinha\",\"@id\":\"https:\/\/www.abvp.pt\/#\/schema\/person\/3224ab1e82979d8d2daa9b24c41ac06f\"},\"headline\":\"48 bloggers de viagem da ABVP promovem Portugal &#8211; #euficoemportugal\",\"datePublished\":\"2020-05-12T09:03:00+00:00\",\"dateModified\":\"2024-02-22T11:04:31+00:00\",\"mainEntityOfPage\":{\"@id\":\"https:\/\/www.abvp.pt\/bloggers-de-viagem-da-abvp-promovem-portugal\/\"},\"wordCount\":1112,\"publisher\":{\"@id\":\"https:\/\/www.abvp.pt\/#organization\"},\"image\":{\"@id\":\"https:\/\/www.abvp.pt\/bloggers-de-viagem-da-abvp-promovem-portugal\/#primaryimage\"},\"thumbnailUrl\":\"https:\/\/www.abvp.pt\/wp-content\/uploads\/monsanto-portugal.jpg\",\"keywords\":[\"abvp\"],\"articleSection\":[\"Comunicados\"],\"inLanguage\":\"en-GB\"},{\"@type\":\"WebPage\",\"@id\":\"https:\/\/www.abvp.pt\/bloggers-de-viagem-da-abvp-promovem-portugal\/\",\"url\":\"https:\/\/www.abvp.pt\/bloggers-de-viagem-da-abvp-promovem-portugal\/\",\"name\":\"48 bloggers de viagem da ABVP promovem Portugal - #euficoemportugal - ABVP\",\"isPartOf\":{\"@id\":\"https:\/\/www.abvp.pt\/#website\"},\"primaryImageOfPage\":{\"@id\":\"https:\/\/www.abvp.pt\/bloggers-de-viagem-da-abvp-promovem-portugal\/#primaryimage\"},\"image\":{\"@id\":\"https:\/\/www.abvp.pt\/bloggers-de-viagem-da-abvp-promovem-portugal\/#primaryimage\"},\"thumbnailUrl\":\"https:\/\/www.abvp.pt\/wp-content\/uploads\/monsanto-portugal.jpg\",\"datePublished\":\"2020-05-12T09:03:00+00:00\",\"dateModified\":\"2024-02-22T11:04:31+00:00\",\"breadcrumb\":{\"@id\":\"https:\/\/www.abvp.pt\/bloggers-de-viagem-da-abvp-promovem-portugal\/#breadcrumb\"},\"inLanguage\":\"en-GB\",\"potentialAction\":[{\"@type\":\"ReadAction\",\"target\":[\"https:\/\/www.abvp.pt\/bloggers-de-viagem-da-abvp-promovem-portugal\/\"]}]},{\"@type\":\"ImageObject\",\"inLanguage\":\"en-GB\",\"@id\":\"https:\/\/www.abvp.pt\/bloggers-de-viagem-da-abvp-promovem-portugal\/#primaryimage\",\"url\":\"https:\/\/www.abvp.pt\/wp-content\/uploads\/monsanto-portugal.jpg\",\"contentUrl\":\"https:\/\/www.abvp.pt\/wp-content\/uploads\/monsanto-portugal.jpg\",\"width\":1200,\"height\":799,\"caption\":\"Monsanto, Portugal\"},{\"@type\":\"BreadcrumbList\",\"@id\":\"https:\/\/www.abvp.pt\/bloggers-de-viagem-da-abvp-promovem-portugal\/#breadcrumb\",\"itemListElement\":[{\"@type\":\"ListItem\",\"position\":1,\"name\":\"In\u00edcio\",\"item\":\"https:\/\/www.abvp.pt\/\"},{\"@type\":\"ListItem\",\"position\":2,\"name\":\"48 bloggers de viagem da ABVP promovem Portugal &#8211; #euficoemportugal\"}]},{\"@type\":\"WebSite\",\"@id\":\"https:\/\/www.abvp.pt\/#website\",\"url\":\"https:\/\/www.abvp.pt\/\",\"name\":\"ABVP\",\"description\":\"Associa\u00e7\u00e3o de Bloggers de Viagem Portugueses\",\"publisher\":{\"@id\":\"https:\/\/www.abvp.pt\/#organization\"},\"potentialAction\":[{\"@type\":\"SearchAction\",\"target\":{\"@type\":\"EntryPoint\",\"urlTemplate\":\"https:\/\/www.abvp.pt\/?s={search_term_string}\"},\"query-input\":{\"@type\":\"PropertyValueSpecification\",\"valueRequired\":true,\"valueName\":\"search_term_string\"}}],\"inLanguage\":\"en-GB\"},{\"@type\":\"Organization\",\"@id\":\"https:\/\/www.abvp.pt\/#organization\",\"name\":\"ABVP\",\"url\":\"https:\/\/www.abvp.pt\/\",\"logo\":{\"@type\":\"ImageObject\",\"inLanguage\":\"en-GB\",\"@id\":\"https:\/\/www.abvp.pt\/#\/schema\/logo\/image\/\",\"url\":\"https:\/\/www.abvp.pt\/wp-content\/uploads\/Logo-Header-dark.svg\",\"contentUrl\":\"https:\/\/www.abvp.pt\/wp-content\/uploads\/Logo-Header-dark.svg\",\"width\":325,\"height\":48,\"caption\":\"ABVP\"},\"image\":{\"@id\":\"https:\/\/www.abvp.pt\/#\/schema\/logo\/image\/\"},\"sameAs\":[\"https:\/\/www.facebook.com\/abvppt\/\",\"https:\/\/x.com\/abvppt\",\"https:\/\/www.instagram.com\/abvppt\/\"]},{\"@type\":\"Person\",\"@id\":\"https:\/\/www.abvp.pt\/#\/schema\/person\/3224ab1e82979d8d2daa9b24c41ac06f\",\"name\":\"Ruthia Portelinha\",\"image\":{\"@type\":\"ImageObject\",\"inLanguage\":\"en-GB\",\"@id\":\"https:\/\/www.abvp.pt\/#\/schema\/person\/image\/\",\"url\":\"https:\/\/secure.gravatar.com\/avatar\/fe88f7331e86f7718c223ca840ea6091?s=96&d=mm&r=g\",\"contentUrl\":\"https:\/\/secure.gravatar.com\/avatar\/fe88f7331e86f7718c223ca840ea6091?s=96&d=mm&r=g\",\"caption\":\"Ruthia Portelinha\"},\"description\":\"Viajante, m\u00e3e babada, choc\u00f3latra, amante de livros e museus. Autora do blog O Ber\u00e7o do Mundo.\",\"sameAs\":[\"https:\/\/www.bercodomundo.com\"],\"url\":\"https:\/\/www.abvp.pt\/en\/author\/ruthia\/\"}]}<\/script>\n<!-- \/ Yoast SEO plugin. -->","yoast_head_json":{"title":"48 bloggers de viagem da ABVP promovem Portugal - #euficoemportugal - ABVP","robots":{"index":"index","follow":"follow","max-snippet":"max-snippet:-1","max-image-preview":"max-image-preview:large","max-video-preview":"max-video-preview:-1"},"canonical":"https:\/\/www.abvp.pt\/en\/bloggers-de-viagem-da-abvp-promovem-portugal\/","og_locale":"en_GB","og_type":"article","og_title":"48 bloggers de viagem da ABVP promovem Portugal - #euficoemportugal - ABVP","og_description":"Mal seja poss\u00edvel viajar em seguran\u00e7a, os bloggers de viagem da ABVP v\u00e3o partir \u00e0 (re)descoberta de Portugal, numa a\u00e7\u00e3o concertada denominada #euficoemportugal, que visa contribuir para a recupera\u00e7\u00e3o do [&hellip;]","og_url":"https:\/\/www.abvp.pt\/en\/bloggers-de-viagem-da-abvp-promovem-portugal\/","og_site_name":"ABVP","article_publisher":"https:\/\/www.facebook.com\/abvppt\/","article_published_time":"2020-05-12T09:03:00+00:00","article_modified_time":"2024-02-22T11:04:31+00:00","og_image":[{"width":1200,"height":799,"url":"https:\/\/www.abvp.pt\/wp-content\/uploads\/monsanto-portugal.jpg","type":"image\/jpeg"}],"author":"Ruthia Portelinha","twitter_card":"summary_large_image","twitter_creator":"@abvppt","twitter_site":"@abvppt","twitter_misc":{"Written by":"Ruthia Portelinha","Estimated reading time":"6 minutes"},"schema":{"@context":"https:\/\/schema.org","@graph":[{"@type":"Article","@id":"https:\/\/www.abvp.pt\/bloggers-de-viagem-da-abvp-promovem-portugal\/#article","isPartOf":{"@id":"https:\/\/www.abvp.pt\/bloggers-de-viagem-da-abvp-promovem-portugal\/"},"author":{"name":"Ruthia Portelinha","@id":"https:\/\/www.abvp.pt\/#\/schema\/person\/3224ab1e82979d8d2daa9b24c41ac06f"},"headline":"48 bloggers de viagem da ABVP promovem Portugal &#8211; #euficoemportugal","datePublished":"2020-05-12T09:03:00+00:00","dateModified":"2024-02-22T11:04:31+00:00","mainEntityOfPage":{"@id":"https:\/\/www.abvp.pt\/bloggers-de-viagem-da-abvp-promovem-portugal\/"},"wordCount":1112,"publisher":{"@id":"https:\/\/www.abvp.pt\/#organization"},"image":{"@id":"https:\/\/www.abvp.pt\/bloggers-de-viagem-da-abvp-promovem-portugal\/#primaryimage"},"thumbnailUrl":"https:\/\/www.abvp.pt\/wp-content\/uploads\/monsanto-portugal.jpg","keywords":["abvp"],"articleSection":["Comunicados"],"inLanguage":"en-GB"},{"@type":"WebPage","@id":"https:\/\/www.abvp.pt\/bloggers-de-viagem-da-abvp-promovem-portugal\/","url":"https:\/\/www.abvp.pt\/bloggers-de-viagem-da-abvp-promovem-portugal\/","name":"48 bloggers de viagem da ABVP promovem Portugal - #euficoemportugal - ABVP","isPartOf":{"@id":"https:\/\/www.abvp.pt\/#website"},"primaryImageOfPage":{"@id":"https:\/\/www.abvp.pt\/bloggers-de-viagem-da-abvp-promovem-portugal\/#primaryimage"},"image":{"@id":"https:\/\/www.abvp.pt\/bloggers-de-viagem-da-abvp-promovem-portugal\/#primaryimage"},"thumbnailUrl":"https:\/\/www.abvp.pt\/wp-content\/uploads\/monsanto-portugal.jpg","datePublished":"2020-05-12T09:03:00+00:00","dateModified":"2024-02-22T11:04:31+00:00","breadcrumb":{"@id":"https:\/\/www.abvp.pt\/bloggers-de-viagem-da-abvp-promovem-portugal\/#breadcrumb"},"inLanguage":"en-GB","potentialAction":[{"@type":"ReadAction","target":["https:\/\/www.abvp.pt\/bloggers-de-viagem-da-abvp-promovem-portugal\/"]}]},{"@type":"ImageObject","inLanguage":"en-GB","@id":"https:\/\/www.abvp.pt\/bloggers-de-viagem-da-abvp-promovem-portugal\/#primaryimage","url":"https:\/\/www.abvp.pt\/wp-content\/uploads\/monsanto-portugal.jpg","contentUrl":"https:\/\/www.abvp.pt\/wp-content\/uploads\/monsanto-portugal.jpg","width":1200,"height":799,"caption":"Monsanto, Portugal"},{"@type":"BreadcrumbList","@id":"https:\/\/www.abvp.pt\/bloggers-de-viagem-da-abvp-promovem-portugal\/#breadcrumb","itemListElement":[{"@type":"ListItem","position":1,"name":"In\u00edcio","item":"https:\/\/www.abvp.pt\/"},{"@type":"ListItem","position":2,"name":"48 bloggers de viagem da ABVP promovem Portugal &#8211; #euficoemportugal"}]},{"@type":"WebSite","@id":"https:\/\/www.abvp.pt\/#website","url":"https:\/\/www.abvp.pt\/","name":"ABVP","description":"Association of Portuguese Travel Bloggers","publisher":{"@id":"https:\/\/www.abvp.pt\/#organization"},"potentialAction":[{"@type":"SearchAction","target":{"@type":"EntryPoint","urlTemplate":"https:\/\/www.abvp.pt\/?s={search_term_string}"},"query-input":{"@type":"PropertyValueSpecification","valueRequired":true,"valueName":"search_term_string"}}],"inLanguage":"en-GB"},{"@type":"Organization","@id":"https:\/\/www.abvp.pt\/#organization","name":"ABVP","url":"https:\/\/www.abvp.pt\/","logo":{"@type":"ImageObject","inLanguage":"en-GB","@id":"https:\/\/www.abvp.pt\/#\/schema\/logo\/image\/","url":"https:\/\/www.abvp.pt\/wp-content\/uploads\/Logo-Header-dark.svg","contentUrl":"https:\/\/www.abvp.pt\/wp-content\/uploads\/Logo-Header-dark.svg","width":325,"height":48,"caption":"ABVP"},"image":{"@id":"https:\/\/www.abvp.pt\/#\/schema\/logo\/image\/"},"sameAs":["https:\/\/www.facebook.com\/abvppt\/","https:\/\/x.com\/abvppt","https:\/\/www.instagram.com\/abvppt\/"]},{"@type":"Person","@id":"https:\/\/www.abvp.pt\/#\/schema\/person\/3224ab1e82979d8d2daa9b24c41ac06f","name":"Ruthia Portelinha","image":{"@type":"ImageObject","inLanguage":"en-GB","@id":"https:\/\/www.abvp.pt\/#\/schema\/person\/image\/","url":"https:\/\/secure.gravatar.com\/avatar\/fe88f7331e86f7718c223ca840ea6091?s=96&d=mm&r=g","contentUrl":"https:\/\/secure.gravatar.com\/avatar\/fe88f7331e86f7718c223ca840ea6091?s=96&d=mm&r=g","caption":"Ruthia Portelinha"},"description":"Viajante, m\u00e3e babada, choc\u00f3latra, amante de livros e museus. Autora do blog O Ber\u00e7o do Mundo.","sameAs":["https:\/\/www.bercodomundo.com"],"url":"https:\/\/www.abvp.pt\/en\/author\/ruthia\/"}]}},"_links":{"self":[{"href":"https:\/\/www.abvp.pt\/en\/wp-json\/wp\/v2\/posts\/1335","targetHints":{"allow":["GET"]}}],"collection":[{"href":"https:\/\/www.abvp.pt\/en\/wp-json\/wp\/v2\/posts"}],"about":[{"href":"https:\/\/www.abvp.pt\/en\/wp-json\/wp\/v2\/types\/post"}],"author":[{"embeddable":true,"href":"https:\/\/www.abvp.pt\/en\/wp-json\/wp\/v2\/users\/5"}],"replies":[{"embeddable":true,"href":"https:\/\/www.abvp.pt\/en\/wp-json\/wp\/v2\/comments?post=1335"}],"version-history":[{"count":0,"href":"https:\/\/www.abvp.pt\/en\/wp-json\/wp\/v2\/posts\/1335\/revisions"}],"wp:featuredmedia":[{"embeddable":true,"href":"https:\/\/www.abvp.pt\/en\/wp-json\/wp\/v2\/media\/1341"}],"wp:attachment":[{"href":"https:\/\/www.abvp.pt\/en\/wp-json\/wp\/v2\/media?parent=1335"}],"wp:term":[{"taxonomy":"category","embeddable":true,"href":"https:\/\/www.abvp.pt\/en\/wp-json\/wp\/v2\/categories?post=1335"},{"taxonomy":"post_tag","embeddable":true,"href":"https:\/\/www.abvp.pt\/en\/wp-json\/wp\/v2\/tags?post=1335"}],"curies":[{"name":"wp","href":"https:\/\/api.w.org\/{rel}","templated":true}]}}