{"id":1466,"date":"2020-06-30T12:25:28","date_gmt":"2020-06-30T11:25:28","guid":{"rendered":"https:\/\/www.abvp.pt\/?p=1466"},"modified":"2020-06-30T16:18:08","modified_gmt":"2020-06-30T15:18:08","slug":"blogtrip-estrada-nacional-103","status":"publish","type":"post","link":"https:\/\/www.abvp.pt\/en\/blogtrip-estrada-nacional-103\/","title":{"rendered":"Blog trip: conquistados pela Estrada Nacional 103"},"content":{"rendered":"<p><strong>Blogs associados da ABVP fizeram uma <em>road trip<\/em> pela Estrada Nacional 103 (EN 103) e ficaram maravilhados com o que encontraram ao longo deste percurso nortenho.<\/strong><\/p>\n\n\n\n<p>A <strong>convite do <a rel=\"noreferrer noopener\" href=\"http:\/\/www.portoenorte.pt\/pt\/\" target=\"_blank\">Porto and Northern Portugal Tourist Board<\/a><\/strong>, 11 blogs da ABVP &#8211; Associa\u00e7\u00e3o de Bloggers de Viagem Portugueses aceitaram o desafio de explorar a EN 103, que liga Bragan\u00e7a a Neiva &#8211; perto de Viana do Castelo, numa viagem de quatro dias, entre 18 e 21 de junho.<\/p>\n\n\n\n<figure class=\"wp-block-image size-large\"><img fetchpriority=\"high\" decoding=\"async\" width=\"1080\" height=\"722\" src=\"https:\/\/www.abvp.pt\/wp-content\/uploads\/EN-103.jpg\" alt=\"Marco da Estrada Nacional 103\" class=\"wp-image-1486\" srcset=\"https:\/\/www.abvp.pt\/wp-content\/uploads\/EN-103.jpg 1080w, https:\/\/www.abvp.pt\/wp-content\/uploads\/EN-103-600x401.jpg 600w, https:\/\/www.abvp.pt\/wp-content\/uploads\/EN-103-800x535.jpg 800w, https:\/\/www.abvp.pt\/wp-content\/uploads\/EN-103-150x100.jpg 150w, https:\/\/www.abvp.pt\/wp-content\/uploads\/EN-103-768x513.jpg 768w\" sizes=\"(max-width: 1080px) 100vw, 1080px\" \/><\/figure>\n\n\n\n<p><\/p>\n\n\n\n<p>Para o Turismo do Porto e Norte, <strong>a EN 103, estrada que liga o interior trasmontano ao litoral minhoto, tem um grande potencial tur\u00edstico<\/strong>. Com o objetivo de dar a conhecer alguns dos locais a que esta via d\u00e1 acesso, a<em> blog trip <\/em>teve in\u00edcio na curiosa aldeia de Rio de Onor.<\/p>\n\n\n\n<p>Depois, passou por Bragan\u00e7a, Vinhais, Boticas, Montalegre, Ponte da Barca e Arcos de Valdevez, terminando em Ponte de Lima. Todos estes Munic\u00edpios apoiaram a viagem explorat\u00f3ria, procurando mostrar o que de melhor cada regi\u00e3o tem para oferecer.<\/p>\n\n\n\n<p>Durante quatro dias, os viajantes tiveram oportunidade de ouvir hist\u00f3rias sobre costumes antigos, conhecer animais de ra\u00e7as tradicionais, apreciar paisagens magn\u00edficas, explorar parques onde a Natureza<strong> <\/strong>\u00e9 rainha e provar especialidades gastron\u00f3micas. <\/p>\n\n\n\n<p>Para al\u00e9m disso, conheceram diferentes estilos de alojamento, do glamping a um Pa\u00e7o centen\u00e1rio, experimentaram desportos radicais e conversaram com o  <strong>campe\u00e3o ol\u00edmpico de canoagem Fernando Pimenta<\/strong>.<\/p>\n\n\n\n<figure class=\"wp-block-image size-large\"><img decoding=\"async\" width=\"1024\" height=\"648\" src=\"https:\/\/www.abvp.pt\/wp-content\/uploads\/blogtrip-junho-2020-11.jpg\" alt=\"bloggers em Montalegre\" class=\"wp-image-1516\" srcset=\"https:\/\/www.abvp.pt\/wp-content\/uploads\/blogtrip-junho-2020-11.jpg 1024w, https:\/\/www.abvp.pt\/wp-content\/uploads\/blogtrip-junho-2020-11-600x380.jpg 600w, https:\/\/www.abvp.pt\/wp-content\/uploads\/blogtrip-junho-2020-11-800x506.jpg 800w, https:\/\/www.abvp.pt\/wp-content\/uploads\/blogtrip-junho-2020-11-150x95.jpg 150w, https:\/\/www.abvp.pt\/wp-content\/uploads\/blogtrip-junho-2020-11-768x486.jpg 768w\" sizes=\"(max-width: 1024px) 100vw, 1024px\" \/><figcaption><em>\u00a9 Munic\u00edpio de Montalegre<\/em> &#8211; Bloggers atravessam o rio Rabag\u00e3o                                  <\/figcaption><\/figure>\n\n\n\n<blockquote class=\"wp-block-quote is-layout-flow wp-block-quote-is-layout-flow\"><p>Numa altura em que vamos viver do turismo nacional, estamos a aproveitar esta oportunidade para dar a conhecer aos portugueses aquilo que podem fazer no seu territ\u00f3rio, aquilo que n\u00f3s temos aqui t\u00e3o perto e que fez com que 27 milh\u00f5es de turistas andassem a percorrer Portugal no ano passado. \u00c9 altura de os portugueses tamb\u00e9m virem perceber porqu\u00ea.<\/p><p>Lu\u00eds Pedro Martins, Presidente do Turismo do Porto e Norte<\/p><\/blockquote>\n\n\n\n<p>Participaram nesta <em>blog trip<\/em>: Raquel Morgado e Tiago Pinto (<a rel=\"noreferrer noopener\" href=\"https:\/\/365diasnomundo.com\/\" target=\"_blank\">365 dias no mundo<\/a>), L\u00edgia Gomes (<a rel=\"noreferrer noopener\" href=\"http:\/\/www.acrushon.com\/\" target=\"_blank\">A Crush On<\/a>), Marta Geadas Dur\u00e1n (<a rel=\"noreferrer noopener\" href=\"http:\/\/www.boleiasdamarta.pt\/\" target=\"_blank\">Boleias da Marta<\/a>), Rui Barbosa Batista (<a rel=\"noreferrer noopener\" href=\"http:\/\/bornfreee.com\/\" target=\"_blank\">Born Freee<\/a>), Marco Marques e Andreia Leite (<a rel=\"noreferrer noopener\" href=\"https:\/\/espreitaromundo.com\/\" target=\"_blank\">Espreitar o Mundo<\/a>), Ricardo Mendes e Diana Bencatel (<a rel=\"noreferrer noopener\" href=\"https:\/\/explorandar.com\/\" target=\"_blank\">Explorandar<\/a>), S\u00f3nia Justo (<a rel=\"noreferrer noopener\" href=\"https:\/\/www.lovelylisbonner.com\/\" target=\"_blank\">Lovely Lisbonner<\/a>), Ruthia Portelinha (<a rel=\"noreferrer noopener\" href=\"https:\/\/bercodomundo.com\/\" target=\"_blank\">O Ber\u00e7o do Mundo<\/a>), Fabiola Salema (<a rel=\"noreferrer noopener\" href=\"http:\/\/ossalemas.com\/\" target=\"_blank\">Os Salemas<\/a>), In\u00eas Miranda (<a rel=\"noreferrer noopener\" href=\"https:\/\/sempreentreviagens.com\/\" target=\"_blank\">Sempre Entre Viagens<\/a>) e Catarina Leonardo (<a rel=\"noreferrer noopener\" href=\"https:\/\/wandering-life.com\/\" target=\"_blank\">Wandering Life<\/a>).<\/p>\n\n\n\n<figure class=\"wp-block-image size-large\"><img decoding=\"async\" width=\"1006\" height=\"670\" src=\"https:\/\/www.abvp.pt\/wp-content\/uploads\/Soajo.jpg\" alt=\"Espigueiros na aldeia do Soajo, em Arcos de Valdevez, EN 103.\" class=\"wp-image-1481\" srcset=\"https:\/\/www.abvp.pt\/wp-content\/uploads\/Soajo.jpg 1006w, https:\/\/www.abvp.pt\/wp-content\/uploads\/Soajo-600x400.jpg 600w, https:\/\/www.abvp.pt\/wp-content\/uploads\/Soajo-800x533.jpg 800w, https:\/\/www.abvp.pt\/wp-content\/uploads\/Soajo-150x100.jpg 150w, https:\/\/www.abvp.pt\/wp-content\/uploads\/Soajo-768x511.jpg 768w\" sizes=\"(max-width: 1006px) 100vw, 1006px\" \/><\/figure>\n\n\n\n<p>Os participantes registaram de v\u00e1rias formas aquilo que mais os tocou durante a <em>blog trip<\/em> e partilharam a sua experi\u00eancia nas redes sociais. Brevemente publicar\u00e3o tamb\u00e9m uma s\u00e9rie de artigos nos respetivos <em>blogs<\/em>, para inspirarem outros a <strong>partirem \u00e0 descoberta de algumas das riquezas que se encontram ao longo da Estrada Nacional 103<\/strong>.<\/p>\n\n\n\n<p>Durante o m\u00eas de junho, a maioria dos membros da ABVP viajou pelos 18 distritos do pa\u00eds, no \u00e2mbito da iniciativa<a rel=\"noreferrer noopener\" href=\"https:\/\/www.abvp.pt\/en\/bloggers-de-viagem-da-abvp-promovem-portugal\/\" target=\"_blank\"> #EuFicoemPortugal<\/a>, pelo que esta foi mais uma excelente oportunidade de explorar, de uma forma diferente, algumas regi\u00f5es do norte. <\/p>\n\n\n\n<p>Em julho, poder\u00e1 ouvir algumas das aventuras #EuFicoemPortugal na Antena 1, r\u00e1dio que se associou a esta miss\u00e3o coletiva que visa estimular o turismo nacional.<\/p>\n\n\n\n<p><\/p>","protected":false},"excerpt":{"rendered":"<p>Blogs associados da ABVP fizeram uma road trip pela Estrada Nacional 103 (EN 103) e ficaram maravilhados com o que encontraram ao longo deste percurso nortenho. A convite do Turismo [&hellip;]<\/p>\n","protected":false},"author":25,"featured_media":1482,"comment_status":"open","ping_status":"closed","sticky":false,"template":"","format":"standard","meta":{"_price":"","_stock":"","_tribe_ticket_header":"","_tribe_default_ticket_provider":"","_tribe_ticket_capacity":"0","_ticket_start_date":"","_ticket_end_date":"","_tribe_ticket_show_description":"","_tribe_ticket_show_not_going":false,"_tribe_ticket_use_global_stock":"","_tribe_ticket_global_stock_level":"","_global_stock_mode":"","_global_stock_cap":"","_tribe_rsvp_for_event":"","_tribe_ticket_going_count":"","_tribe_ticket_not_going_count":"","_tribe_tickets_list":"[]","_tribe_ticket_has_attendee_info_fields":false,"_EventAllDay":false,"_EventTimezone":"","_EventStartDate":"","_EventEndDate":"","_EventStartDateUTC":"","_EventEndDateUTC":"","_EventShowMap":false,"_EventShowMapLink":false,"_EventURL":"","_EventCost":"","_EventCostDescription":"","_EventCurrencySymbol":"","_EventCurrencyCode":"","_EventCurrencyPosition":"","_EventDateTimeSeparator":"","_EventTimeRangeSeparator":"","_EventOrganizerID":[],"_EventVenueID":[],"_OrganizerEmail":"","_OrganizerPhone":"","_OrganizerWebsite":"","_VenueAddress":"","_VenueCity":"","_VenueCountry":"","_VenueProvince":"","_VenueState":"","_VenueZip":"","_VenuePhone":"","_VenueURL":"","_VenueStateProvince":"","_VenueLat":"","_VenueLng":"","_VenueShowMap":false,"_VenueShowMapLink":false,"footnotes":""},"categories":[1],"tags":[],"class_list":["post-1466","post","type-post","status-publish","format-standard","has-post-thumbnail","hentry","category-conteudo"],"blocksy_meta":[],"yoast_head":"<!-- This site is optimized with the Yoast SEO plugin v26.4 - https:\/\/yoast.com\/wordpress\/plugins\/seo\/ -->\n<title>Blog trip: conquistados pela Estrada Nacional 103 - ABVP<\/title>\n<meta name=\"description\" content=\"Bloggers da ABVP fizeram uma blog trip pela Estrada Nacional 103, no Norte de Portugal, e descobriram regi\u00f5es fant\u00e1sticas.\" \/>\n<meta name=\"robots\" content=\"index, follow, max-snippet:-1, max-image-preview:large, max-video-preview:-1\" \/>\n<link rel=\"canonical\" href=\"https:\/\/www.abvp.pt\/en\/blogtrip-estrada-nacional-103\/\" \/>\n<meta property=\"og:locale\" content=\"en_GB\" \/>\n<meta property=\"og:type\" content=\"article\" \/>\n<meta property=\"og:title\" content=\"Blog trip: conquistados pela Estrada Nacional 103 - ABVP\" \/>\n<meta property=\"og:description\" content=\"Bloggers da ABVP fizeram uma blog trip pela Estrada Nacional 103, no Norte de Portugal, e descobriram regi\u00f5es fant\u00e1sticas.\" \/>\n<meta property=\"og:url\" content=\"https:\/\/www.abvp.pt\/en\/blogtrip-estrada-nacional-103\/\" \/>\n<meta property=\"og:site_name\" content=\"ABVP\" \/>\n<meta property=\"article:publisher\" content=\"https:\/\/www.facebook.com\/abvppt\/\" \/>\n<meta property=\"article:author\" content=\"https:\/\/www.facebook.com\/explorandar\/\" \/>\n<meta property=\"article:published_time\" content=\"2020-06-30T11:25:28+00:00\" \/>\n<meta property=\"article:modified_time\" content=\"2020-06-30T15:18:08+00:00\" \/>\n<meta property=\"og:image\" content=\"https:\/\/www.abvp.pt\/wp-content\/uploads\/Ponte-da-Barca-scaled.jpg\" \/>\n\t<meta property=\"og:image:width\" content=\"2560\" \/>\n\t<meta property=\"og:image:height\" content=\"1703\" \/>\n\t<meta property=\"og:image:type\" content=\"image\/jpeg\" \/>\n<meta name=\"author\" content=\"Diana Bencatel\" \/>\n<meta name=\"twitter:card\" content=\"summary_large_image\" \/>\n<meta name=\"twitter:creator\" content=\"@explorandar\" \/>\n<meta name=\"twitter:site\" content=\"@abvppt\" \/>\n<meta name=\"twitter:label1\" content=\"Written by\" \/>\n\t<meta name=\"twitter:data1\" content=\"Diana Bencatel\" \/>\n\t<meta name=\"twitter:label2\" content=\"Estimated reading time\" \/>\n\t<meta name=\"twitter:data2\" content=\"3 minutes\" \/>\n<script type=\"application\/ld+json\" class=\"yoast-schema-graph\">{\"@context\":\"https:\/\/schema.org\",\"@graph\":[{\"@type\":\"Article\",\"@id\":\"https:\/\/www.abvp.pt\/blogtrip-estrada-nacional-103\/#article\",\"isPartOf\":{\"@id\":\"https:\/\/www.abvp.pt\/blogtrip-estrada-nacional-103\/\"},\"author\":{\"name\":\"Diana Bencatel\",\"@id\":\"https:\/\/www.abvp.pt\/#\/schema\/person\/ad9daadbfedaa16506f46990288211f9\"},\"headline\":\"Blog trip: conquistados pela Estrada Nacional 103\",\"datePublished\":\"2020-06-30T11:25:28+00:00\",\"dateModified\":\"2020-06-30T15:18:08+00:00\",\"mainEntityOfPage\":{\"@id\":\"https:\/\/www.abvp.pt\/blogtrip-estrada-nacional-103\/\"},\"wordCount\":519,\"commentCount\":0,\"publisher\":{\"@id\":\"https:\/\/www.abvp.pt\/#organization\"},\"image\":{\"@id\":\"https:\/\/www.abvp.pt\/blogtrip-estrada-nacional-103\/#primaryimage\"},\"thumbnailUrl\":\"https:\/\/www.abvp.pt\/wp-content\/uploads\/Ponte-da-Barca-scaled.jpg\",\"articleSection\":[\"Conte\u00fado\"],\"inLanguage\":\"en-GB\",\"potentialAction\":[{\"@type\":\"CommentAction\",\"name\":\"Comment\",\"target\":[\"https:\/\/www.abvp.pt\/blogtrip-estrada-nacional-103\/#respond\"]}]},{\"@type\":\"WebPage\",\"@id\":\"https:\/\/www.abvp.pt\/blogtrip-estrada-nacional-103\/\",\"url\":\"https:\/\/www.abvp.pt\/blogtrip-estrada-nacional-103\/\",\"name\":\"Blog trip: conquistados pela Estrada Nacional 103 - ABVP\",\"isPartOf\":{\"@id\":\"https:\/\/www.abvp.pt\/#website\"},\"primaryImageOfPage\":{\"@id\":\"https:\/\/www.abvp.pt\/blogtrip-estrada-nacional-103\/#primaryimage\"},\"image\":{\"@id\":\"https:\/\/www.abvp.pt\/blogtrip-estrada-nacional-103\/#primaryimage\"},\"thumbnailUrl\":\"https:\/\/www.abvp.pt\/wp-content\/uploads\/Ponte-da-Barca-scaled.jpg\",\"datePublished\":\"2020-06-30T11:25:28+00:00\",\"dateModified\":\"2020-06-30T15:18:08+00:00\",\"description\":\"Bloggers da ABVP fizeram uma blog trip pela Estrada Nacional 103, no Norte de Portugal, e descobriram regi\u00f5es fant\u00e1sticas.\",\"breadcrumb\":{\"@id\":\"https:\/\/www.abvp.pt\/blogtrip-estrada-nacional-103\/#breadcrumb\"},\"inLanguage\":\"en-GB\",\"potentialAction\":[{\"@type\":\"ReadAction\",\"target\":[\"https:\/\/www.abvp.pt\/blogtrip-estrada-nacional-103\/\"]}]},{\"@type\":\"ImageObject\",\"inLanguage\":\"en-GB\",\"@id\":\"https:\/\/www.abvp.pt\/blogtrip-estrada-nacional-103\/#primaryimage\",\"url\":\"https:\/\/www.abvp.pt\/wp-content\/uploads\/Ponte-da-Barca-scaled.jpg\",\"contentUrl\":\"https:\/\/www.abvp.pt\/wp-content\/uploads\/Ponte-da-Barca-scaled.jpg\",\"width\":2560,\"height\":1703,\"caption\":\"Blog trip ABVP em Ponte da Barca\"},{\"@type\":\"BreadcrumbList\",\"@id\":\"https:\/\/www.abvp.pt\/blogtrip-estrada-nacional-103\/#breadcrumb\",\"itemListElement\":[{\"@type\":\"ListItem\",\"position\":1,\"name\":\"In\u00edcio\",\"item\":\"https:\/\/www.abvp.pt\/\"},{\"@type\":\"ListItem\",\"position\":2,\"name\":\"Blog trip: conquistados pela Estrada Nacional 103\"}]},{\"@type\":\"WebSite\",\"@id\":\"https:\/\/www.abvp.pt\/#website\",\"url\":\"https:\/\/www.abvp.pt\/\",\"name\":\"ABVP\",\"description\":\"Associa\u00e7\u00e3o de Bloggers de Viagem Portugueses\",\"publisher\":{\"@id\":\"https:\/\/www.abvp.pt\/#organization\"},\"potentialAction\":[{\"@type\":\"SearchAction\",\"target\":{\"@type\":\"EntryPoint\",\"urlTemplate\":\"https:\/\/www.abvp.pt\/?s={search_term_string}\"},\"query-input\":{\"@type\":\"PropertyValueSpecification\",\"valueRequired\":true,\"valueName\":\"search_term_string\"}}],\"inLanguage\":\"en-GB\"},{\"@type\":\"Organization\",\"@id\":\"https:\/\/www.abvp.pt\/#organization\",\"name\":\"ABVP\",\"url\":\"https:\/\/www.abvp.pt\/\",\"logo\":{\"@type\":\"ImageObject\",\"inLanguage\":\"en-GB\",\"@id\":\"https:\/\/www.abvp.pt\/#\/schema\/logo\/image\/\",\"url\":\"https:\/\/www.abvp.pt\/wp-content\/uploads\/Logo-Header-dark.svg\",\"contentUrl\":\"https:\/\/www.abvp.pt\/wp-content\/uploads\/Logo-Header-dark.svg\",\"width\":325,\"height\":48,\"caption\":\"ABVP\"},\"image\":{\"@id\":\"https:\/\/www.abvp.pt\/#\/schema\/logo\/image\/\"},\"sameAs\":[\"https:\/\/www.facebook.com\/abvppt\/\",\"https:\/\/x.com\/abvppt\",\"https:\/\/www.instagram.com\/abvppt\/\"]},{\"@type\":\"Person\",\"@id\":\"https:\/\/www.abvp.pt\/#\/schema\/person\/ad9daadbfedaa16506f46990288211f9\",\"name\":\"Diana Bencatel\",\"image\":{\"@type\":\"ImageObject\",\"inLanguage\":\"en-GB\",\"@id\":\"https:\/\/www.abvp.pt\/#\/schema\/person\/image\/\",\"url\":\"https:\/\/secure.gravatar.com\/avatar\/ba39218be4af7674bcffd5eb32e84934?s=96&d=mm&r=g\",\"contentUrl\":\"https:\/\/secure.gravatar.com\/avatar\/ba39218be4af7674bcffd5eb32e84934?s=96&d=mm&r=g\",\"caption\":\"Diana Bencatel\"},\"description\":\"Muse\u00f3loga e com grande curiosidade pela hist\u00f3ria dos locais que visita, adora experimentar diferentes gastronomias, comer gulodices e ler um bom livro. \u00c9 co-autora do blog Explorandar.\",\"sameAs\":[\"http:\/\/explorandar.com\",\"https:\/\/www.facebook.com\/explorandar\/\",\"https:\/\/www.instagram.com\/explorandar\/\",\"https:\/\/www.pinterest.pt\/explorandar\/\",\"https:\/\/x.com\/explorandar\"],\"url\":\"https:\/\/www.abvp.pt\/en\/author\/dbencatel\/\"}]}<\/script>\n<!-- \/ Yoast SEO plugin. -->","yoast_head_json":{"title":"Blog trip: conquistados pela Estrada Nacional 103 - ABVP","description":"Bloggers da ABVP fizeram uma blog trip pela Estrada Nacional 103, no Norte de Portugal, e descobriram regi\u00f5es fant\u00e1sticas.","robots":{"index":"index","follow":"follow","max-snippet":"max-snippet:-1","max-image-preview":"max-image-preview:large","max-video-preview":"max-video-preview:-1"},"canonical":"https:\/\/www.abvp.pt\/en\/blogtrip-estrada-nacional-103\/","og_locale":"en_GB","og_type":"article","og_title":"Blog trip: conquistados pela Estrada Nacional 103 - ABVP","og_description":"Bloggers da ABVP fizeram uma blog trip pela Estrada Nacional 103, no Norte de Portugal, e descobriram regi\u00f5es fant\u00e1sticas.","og_url":"https:\/\/www.abvp.pt\/en\/blogtrip-estrada-nacional-103\/","og_site_name":"ABVP","article_publisher":"https:\/\/www.facebook.com\/abvppt\/","article_author":"https:\/\/www.facebook.com\/explorandar\/","article_published_time":"2020-06-30T11:25:28+00:00","article_modified_time":"2020-06-30T15:18:08+00:00","og_image":[{"width":2560,"height":1703,"url":"https:\/\/www.abvp.pt\/wp-content\/uploads\/Ponte-da-Barca-scaled.jpg","type":"image\/jpeg"}],"author":"Diana Bencatel","twitter_card":"summary_large_image","twitter_creator":"@explorandar","twitter_site":"@abvppt","twitter_misc":{"Written by":"Diana Bencatel","Estimated reading time":"3 minutes"},"schema":{"@context":"https:\/\/schema.org","@graph":[{"@type":"Article","@id":"https:\/\/www.abvp.pt\/blogtrip-estrada-nacional-103\/#article","isPartOf":{"@id":"https:\/\/www.abvp.pt\/blogtrip-estrada-nacional-103\/"},"author":{"name":"Diana Bencatel","@id":"https:\/\/www.abvp.pt\/#\/schema\/person\/ad9daadbfedaa16506f46990288211f9"},"headline":"Blog trip: conquistados pela Estrada Nacional 103","datePublished":"2020-06-30T11:25:28+00:00","dateModified":"2020-06-30T15:18:08+00:00","mainEntityOfPage":{"@id":"https:\/\/www.abvp.pt\/blogtrip-estrada-nacional-103\/"},"wordCount":519,"commentCount":0,"publisher":{"@id":"https:\/\/www.abvp.pt\/#organization"},"image":{"@id":"https:\/\/www.abvp.pt\/blogtrip-estrada-nacional-103\/#primaryimage"},"thumbnailUrl":"https:\/\/www.abvp.pt\/wp-content\/uploads\/Ponte-da-Barca-scaled.jpg","articleSection":["Conte\u00fado"],"inLanguage":"en-GB","potentialAction":[{"@type":"CommentAction","name":"Comment","target":["https:\/\/www.abvp.pt\/blogtrip-estrada-nacional-103\/#respond"]}]},{"@type":"WebPage","@id":"https:\/\/www.abvp.pt\/blogtrip-estrada-nacional-103\/","url":"https:\/\/www.abvp.pt\/blogtrip-estrada-nacional-103\/","name":"Blog trip: conquistados pela Estrada Nacional 103 - ABVP","isPartOf":{"@id":"https:\/\/www.abvp.pt\/#website"},"primaryImageOfPage":{"@id":"https:\/\/www.abvp.pt\/blogtrip-estrada-nacional-103\/#primaryimage"},"image":{"@id":"https:\/\/www.abvp.pt\/blogtrip-estrada-nacional-103\/#primaryimage"},"thumbnailUrl":"https:\/\/www.abvp.pt\/wp-content\/uploads\/Ponte-da-Barca-scaled.jpg","datePublished":"2020-06-30T11:25:28+00:00","dateModified":"2020-06-30T15:18:08+00:00","description":"Bloggers da ABVP fizeram uma blog trip pela Estrada Nacional 103, no Norte de Portugal, e descobriram regi\u00f5es fant\u00e1sticas.","breadcrumb":{"@id":"https:\/\/www.abvp.pt\/blogtrip-estrada-nacional-103\/#breadcrumb"},"inLanguage":"en-GB","potentialAction":[{"@type":"ReadAction","target":["https:\/\/www.abvp.pt\/blogtrip-estrada-nacional-103\/"]}]},{"@type":"ImageObject","inLanguage":"en-GB","@id":"https:\/\/www.abvp.pt\/blogtrip-estrada-nacional-103\/#primaryimage","url":"https:\/\/www.abvp.pt\/wp-content\/uploads\/Ponte-da-Barca-scaled.jpg","contentUrl":"https:\/\/www.abvp.pt\/wp-content\/uploads\/Ponte-da-Barca-scaled.jpg","width":2560,"height":1703,"caption":"Blog trip ABVP em Ponte da Barca"},{"@type":"BreadcrumbList","@id":"https:\/\/www.abvp.pt\/blogtrip-estrada-nacional-103\/#breadcrumb","itemListElement":[{"@type":"ListItem","position":1,"name":"In\u00edcio","item":"https:\/\/www.abvp.pt\/"},{"@type":"ListItem","position":2,"name":"Blog trip: conquistados pela Estrada Nacional 103"}]},{"@type":"WebSite","@id":"https:\/\/www.abvp.pt\/#website","url":"https:\/\/www.abvp.pt\/","name":"ABVP","description":"Association of Portuguese Travel Bloggers","publisher":{"@id":"https:\/\/www.abvp.pt\/#organization"},"potentialAction":[{"@type":"SearchAction","target":{"@type":"EntryPoint","urlTemplate":"https:\/\/www.abvp.pt\/?s={search_term_string}"},"query-input":{"@type":"PropertyValueSpecification","valueRequired":true,"valueName":"search_term_string"}}],"inLanguage":"en-GB"},{"@type":"Organization","@id":"https:\/\/www.abvp.pt\/#organization","name":"ABVP","url":"https:\/\/www.abvp.pt\/","logo":{"@type":"ImageObject","inLanguage":"en-GB","@id":"https:\/\/www.abvp.pt\/#\/schema\/logo\/image\/","url":"https:\/\/www.abvp.pt\/wp-content\/uploads\/Logo-Header-dark.svg","contentUrl":"https:\/\/www.abvp.pt\/wp-content\/uploads\/Logo-Header-dark.svg","width":325,"height":48,"caption":"ABVP"},"image":{"@id":"https:\/\/www.abvp.pt\/#\/schema\/logo\/image\/"},"sameAs":["https:\/\/www.facebook.com\/abvppt\/","https:\/\/x.com\/abvppt","https:\/\/www.instagram.com\/abvppt\/"]},{"@type":"Person","@id":"https:\/\/www.abvp.pt\/#\/schema\/person\/ad9daadbfedaa16506f46990288211f9","name":"Diana Bencatel","image":{"@type":"ImageObject","inLanguage":"en-GB","@id":"https:\/\/www.abvp.pt\/#\/schema\/person\/image\/","url":"https:\/\/secure.gravatar.com\/avatar\/ba39218be4af7674bcffd5eb32e84934?s=96&d=mm&r=g","contentUrl":"https:\/\/secure.gravatar.com\/avatar\/ba39218be4af7674bcffd5eb32e84934?s=96&d=mm&r=g","caption":"Diana Bencatel"},"description":"Muse\u00f3loga e com grande curiosidade pela hist\u00f3ria dos locais que visita, adora experimentar diferentes gastronomias, comer gulodices e ler um bom livro. \u00c9 co-autora do blog Explorandar.","sameAs":["http:\/\/explorandar.com","https:\/\/www.facebook.com\/explorandar\/","https:\/\/www.instagram.com\/explorandar\/","https:\/\/www.pinterest.pt\/explorandar\/","https:\/\/x.com\/explorandar"],"url":"https:\/\/www.abvp.pt\/en\/author\/dbencatel\/"}]}},"_links":{"self":[{"href":"https:\/\/www.abvp.pt\/en\/wp-json\/wp\/v2\/posts\/1466","targetHints":{"allow":["GET"]}}],"collection":[{"href":"https:\/\/www.abvp.pt\/en\/wp-json\/wp\/v2\/posts"}],"about":[{"href":"https:\/\/www.abvp.pt\/en\/wp-json\/wp\/v2\/types\/post"}],"author":[{"embeddable":true,"href":"https:\/\/www.abvp.pt\/en\/wp-json\/wp\/v2\/users\/25"}],"replies":[{"embeddable":true,"href":"https:\/\/www.abvp.pt\/en\/wp-json\/wp\/v2\/comments?post=1466"}],"version-history":[{"count":0,"href":"https:\/\/www.abvp.pt\/en\/wp-json\/wp\/v2\/posts\/1466\/revisions"}],"wp:featuredmedia":[{"embeddable":true,"href":"https:\/\/www.abvp.pt\/en\/wp-json\/wp\/v2\/media\/1482"}],"wp:attachment":[{"href":"https:\/\/www.abvp.pt\/en\/wp-json\/wp\/v2\/media?parent=1466"}],"wp:term":[{"taxonomy":"category","embeddable":true,"href":"https:\/\/www.abvp.pt\/en\/wp-json\/wp\/v2\/categories?post=1466"},{"taxonomy":"post_tag","embeddable":true,"href":"https:\/\/www.abvp.pt\/en\/wp-json\/wp\/v2\/tags?post=1466"}],"curies":[{"name":"wp","href":"https:\/\/api.w.org\/{rel}","templated":true}]}}