{"id":1649,"date":"2020-09-26T20:29:35","date_gmt":"2020-09-26T19:29:35","guid":{"rendered":"https:\/\/www.abvp.pt\/?p=1649"},"modified":"2020-09-26T20:36:07","modified_gmt":"2020-09-26T19:36:07","slug":"paixao-em-viagem-vera-e-marcelo-entrevista","status":"publish","type":"post","link":"https:\/\/www.abvp.pt\/en\/paixao-em-viagem-vera-e-marcelo-entrevista\/","title":{"rendered":"Paix\u00e3o em viagem: Vera e Marcelo (entrevista)"},"content":{"rendered":"<p><strong>Name<\/strong>: Vera e Marcelo<\/p>\n\n\n\n<p><strong>Profiss\u00e3o<\/strong>: Professora e Empregado Comercial<\/p>\n\n\n\n<p><strong>Data de nascimento<\/strong>: 1977 (Vera) e 1979 (Marcelo)<\/p>\n\n\n\n<p><strong>Local de nascimento<\/strong>: Esposende e Cinf\u00e3es<\/p>\n\n\n\n<p><strong>Local de resid\u00eancia<\/strong>: Braga<\/p>\n\n\n\n<p><strong>Pr\u00f3ximas viagens<\/strong>: Em tempo de covid-19, o futuro \u00e9 incerto, mas a pr\u00f3xima viagem que temos marcada \u00e9 \u00e0 Indon\u00e9sia.<\/p>\n\n\n\n<p><strong>Blog: <\/strong><a href=\"https:\/\/iremviagem.com\/\" target=\"_blank\" aria-label=\"undefined (abre num novo separador)\" rel=\"noreferrer noopener\">Ir em Viagem<\/a><\/p>\n\n\n\n<p><strong>1. O que significam as viagens para voc\u00eas?<\/strong><\/p>\n\n\n\n<p>Viajar \u00e9 liberdade, \u00e9 aprendizagem, \u00e9 partilha. \u00c9 conhecer novas culturas, crescimento. Viajar \u00e9 um &#8220;<em>attraversiamo<\/em>&#8221; que nos inspira a sair da nossa zona de conforto e a ultrapassar limites.&nbsp; Se a vontade de viajar for gen\u00e9tica, ent\u00e3o n\u00f3s devemos ter o gene das viagens cravado no nosso ADN. Fernando Pessoa diz tudo, em poucas palavras:<\/p>\n\n\n\n<div class=\"wp-block-group\"><div class=\"wp-block-group__inner-container is-layout-flow wp-block-group-is-layout-flow\">\n<blockquote class=\"wp-block-quote is-layout-flow wp-block-quote-is-layout-flow\"><p>Viajar! Perder pa\u00edses!<\/p><p>Ser outro constantemente,<\/p><p>Por a alma n\u00e3o ter ra\u00edzes<\/p><p>De viver de ver somente!<\/p><\/blockquote>\n<\/div><\/div>\n\n\n\n<p>Adoramos planear as viagens, sentimo-nos vivos quando partimos \u00e0 aventura. Acreditamos que para viajar n\u00e3o precisamos obrigatoriamente de ir para longe, importante \u00e9 IR, encher a mem\u00f3ria de boas recorda\u00e7\u00f5es, ter hist\u00f3rias para contar e perceber que a viagem \u00e9 tamb\u00e9m o caminho e n\u00e3o apenas o destino. Viajar faz-nos felizes.<\/p>\n\n\n\n<figure class=\"wp-block-image size-large\"><img fetchpriority=\"high\" decoding=\"async\" width=\"1600\" height=\"953\" src=\"https:\/\/www.abvp.pt\/wp-content\/uploads\/Fotos-10.jpg\" alt=\"\" class=\"wp-image-1651\" srcset=\"https:\/\/www.abvp.pt\/wp-content\/uploads\/Fotos-10.jpg 1600w, https:\/\/www.abvp.pt\/wp-content\/uploads\/Fotos-10-600x357.jpg 600w, https:\/\/www.abvp.pt\/wp-content\/uploads\/Fotos-10-800x477.jpg 800w, https:\/\/www.abvp.pt\/wp-content\/uploads\/Fotos-10-150x89.jpg 150w, https:\/\/www.abvp.pt\/wp-content\/uploads\/Fotos-10-768x457.jpg 768w, https:\/\/www.abvp.pt\/wp-content\/uploads\/Fotos-10-1536x915.jpg 1536w\" sizes=\"(max-width: 1600px) 100vw, 1600px\" \/><\/figure>\n\n\n\n<p><strong>2. Entre os destinos que j\u00e1 visitaram, h\u00e1 algum que vos tenha marcado de forma especial? Contem-nos.<\/strong><\/p>\n\n\n\n<p>Bem, esta \u00e9 uma resposta dif\u00edcil. Escolher\u00edamos a \u00cdndia, porque foi onde nos conhecemos (em 2016) e, at\u00e9 hoje, uma das viagens mais marcantes. Falamos de um pa\u00eds feito de contrastes abissais e que nos proporciona, mais do que um choque cultural, um choque de sentidos. Tudo \u00e9 imenso, intenso e diverso. Mas fomos integrados num grupo, por isso, n\u00e3o tivemos a experi\u00eancia de organizar a viagem. Neste sentido, h\u00e1 pelo menos duas viagens de 2018 que gostar\u00edamos de destacar: ambas s\u00e3o a concretiza\u00e7\u00e3o de sonhos comuns.<\/p>\n\n\n\n<p>A primeira \u00e9 uma <a aria-label=\"undefined (abre num novo separador)\" href=\"https:\/\/iremviagem.com\/2019\/05\/05\/roteiro-e-diario-de-viagem-italia-11-dias\/\" target=\"_blank\" rel=\"noreferrer noopener\">road trip por It\u00e1lia<\/a>, pensada e organizada por n\u00f3s. Fizemos ser\u00f5es maravilhosos a <strong>preparar esta viagem, entre gargalhadas, preocupa\u00e7\u00f5es e um bom copo de vinho<\/strong>, que nunca falta! Tra\u00e7\u00e1mos o seguinte roteiro: de avi\u00e3o at\u00e9 Mil\u00e3o, seguir para Verona, Veneza e Floren\u00e7a de comboio.&nbsp; Alugar um carro em Floren\u00e7a, onde inici\u00e1mos a nossa road trip pela Toscana, passando por Roma e descendo at\u00e9 \u00e0 Costa Amalfitana, Pompeia e N\u00e1poles. Foi uma viagem de sonho porque foi a nossa viagem e o nosso sonho.<\/p>\n\n\n\n<p>A segunda \u00e9 o <a aria-label=\"undefined (abre num novo separador)\" href=\"https:\/\/iremviagem.com\/category\/caminho-de-santiago\/\" target=\"_blank\" rel=\"noreferrer noopener\">Caminho Portugu\u00eas de Santiago<\/a>. Percorremos\u00a0 cerca de 160 quil\u00f3metros a p\u00e9, em sete etapas. Como escrevemos no nosso di\u00e1rio de viagem, \u201cse n\u00f3s permitirmos, <strong>o <em>Caminho<\/em> pode ser um mestre ex\u00edmio<\/strong> em li\u00e7\u00f5es de supera\u00e7\u00e3o, sofrimento, partilha, solidariedade, humildade, gratid\u00e3o e simplicidade. Por isso, s\u00f3 quem faz o <em>Caminho <\/em>\u00e9 que sabe o que ele representa, porque, na realidade, o <em>Caminho<\/em> est\u00e1 em n\u00f3s\u201d.<\/p>\n\n\n\n<p><strong>3. O que mais vos influencia na hora de escolherem um destino de viagem?<\/strong><\/p>\n\n\n\n<p>Bem, como ambos trabalhamos em outras \u00e1reas, o nosso tempo \u00e9 limitado. As grandes viagens t\u00eam de ser encaixadas no m\u00eas de agosto (o pior m\u00eas para se viajar, como sabemos!) e as escapadinhas t\u00eam de caber em dois dias. A parte positiva \u00e9 que, com tudo isto, exploramos muito mais as belezas de Portugal e aproveitamos todos os momentos livres para sair e fazer coisas diferentes.<\/p>\n\n\n\n<p>Procuramos, preferencialmente, destinos de praia\/calor, natureza e que nos potenciem experi\u00eancias culturais diversas. Gostamos de viajar de mochila \u00e0s costas e de conviver com as pessoas da terra, mas a seguran\u00e7a \u00e9 um fator importante na escolha do destino. Somos viajantes curiosos, aventureiros e que gostamos de tra\u00e7ar o nosso(s) destino(s).<\/p>\n\n\n\n<figure class=\"wp-block-image size-large\"><img decoding=\"async\" width=\"1600\" height=\"1067\" src=\"https:\/\/www.abvp.pt\/wp-content\/uploads\/Fotos-11.jpg\" alt=\"\" class=\"wp-image-1652\" srcset=\"https:\/\/www.abvp.pt\/wp-content\/uploads\/Fotos-11.jpg 1600w, https:\/\/www.abvp.pt\/wp-content\/uploads\/Fotos-11-600x400.jpg 600w, https:\/\/www.abvp.pt\/wp-content\/uploads\/Fotos-11-800x534.jpg 800w, https:\/\/www.abvp.pt\/wp-content\/uploads\/Fotos-11-150x100.jpg 150w, https:\/\/www.abvp.pt\/wp-content\/uploads\/Fotos-11-768x512.jpg 768w, https:\/\/www.abvp.pt\/wp-content\/uploads\/Fotos-11-1536x1024.jpg 1536w\" sizes=\"(max-width: 1600px) 100vw, 1600px\" \/><\/figure>\n\n\n\n<p><strong>4. J\u00e1 viveram fora de Portugal mais que seis meses? Se sim, onde e o que retiraram dessa experi\u00eancia?<\/strong><\/p>\n\n\n\n<p>Eu (Marcelo) vivi 7 anos na Su\u00ed\u00e7a e 7 meses na ilha de Guadalupe, nas Cara\u00edbas. Viajar possibilita conhecermos tradi\u00e7\u00f5es, cultura e as gentes de um destino, mas viver l\u00e1  permite-nos conhecer o pa\u00eds por dentro. Estas duas experi\u00eancias fizeram-me crescer imenso como pessoa, ajudaram-me a definir caminhos e a ganhar o \u201cbichinho\u201d das viagens.<\/p>\n\n\n\n<p>Quando decidi ir para a Su\u00ed\u00e7a, sa\u00ed sozinho, no meu carro, sem dominar a l\u00edngua, mas cheio de sonhos (e alguma maluquice \u00e0 mistura). Depois de ter constru\u00eddo uma vida ali, decidi viver uma nova aventura do outro lado do Atl\u00e2ntico. Nestes dois \u201cmundos\u201d diferentes, al\u00e9m de tudo o que j\u00e1 referi, confirmei que <strong>temos uma capacidade infinita de adapta\u00e7\u00e3o aos lugares e \u00e0s v\u00e1rias provas<\/strong> que cada um deles traz.<\/p>\n\n\n\n<p><strong>5. Expliquem o que \u00e9 o vosso blog de viagens e a raz\u00e3o da sua exist\u00eancia.<\/strong><\/p>\n\n\n\n<p>O Ir em Viagem nasceu em 2018, enquanto espa\u00e7o de partilha das nossas das aventuras e experi\u00eancias em viagem. A Vera escreve, o Marcelo tira as fotografias e o trip\u00e9 \u00e9 o nosso melhor amigo. Escrevemos sobre o que vemos e o que sentimos. <strong>Sobre paisagens, lugares e as suas gentes. Sobre sabores, sons, cheiros, texturas e imagens. Sobre o que nos fascina e desafia<\/strong>. Sobre momentos emocionantes e inesquec\u00edveis.<\/p>\n\n\n\n<p>Queremos inspirar as pessoas a viajarem mais, incentiv\u00e1-las a sa\u00edrem da zona de conforto, atravessarem novos horizontes e viverem outras experi\u00eancias. Para quem n\u00e3o pode ir, prometemos uma viagem pela escrita e pela fotografia.<\/p>\n\n\n\n<figure class=\"wp-block-image size-large\"><img decoding=\"async\" width=\"1600\" height=\"1200\" src=\"https:\/\/www.abvp.pt\/wp-content\/uploads\/Fotos-13.jpg\" alt=\"\" class=\"wp-image-1653\" srcset=\"https:\/\/www.abvp.pt\/wp-content\/uploads\/Fotos-13.jpg 1600w, https:\/\/www.abvp.pt\/wp-content\/uploads\/Fotos-13-600x450.jpg 600w, https:\/\/www.abvp.pt\/wp-content\/uploads\/Fotos-13-300x225.jpg 300w, https:\/\/www.abvp.pt\/wp-content\/uploads\/Fotos-13-800x600.jpg 800w, https:\/\/www.abvp.pt\/wp-content\/uploads\/Fotos-13-150x113.jpg 150w, https:\/\/www.abvp.pt\/wp-content\/uploads\/Fotos-13-768x576.jpg 768w, https:\/\/www.abvp.pt\/wp-content\/uploads\/Fotos-13-1536x1152.jpg 1536w\" sizes=\"(max-width: 1600px) 100vw, 1600px\" \/><figcaption>Sorrisos em S\u00e3o Tom\u00e9 e Pr\u00edncipe.<\/figcaption><\/figure>\n\n\n\n<p><strong>6. Como surgiu o nome do blog?<\/strong><\/p>\n\n\n\n<p>Na altura n\u00e3o viv\u00edamos juntos e, por isso, come\u00e7\u00e1mos por escrevinhar v\u00e1rias op\u00e7\u00f5es que partilh\u00e1vamos no messenger. A estrat\u00e9gia foi pensar em palavras que gostar\u00edamos que estivessem presentes e encontrar a melhor combina\u00e7\u00e3o. A verdade \u00e9 que cada um de n\u00f3s mantinha um blog pessoal e sempre fizemos do viajar uma forma de estar na vida. E foi daqui que o nome surgiu. Quando Ir \u00e9 o destino, Ir em Viagem \u00e9 a solu\u00e7\u00e3o!<\/p>\n\n\n\n<p><strong>7. Destaque um dos posts de que mais gostam no vosso blog e expliquem porqu\u00ea.<\/strong><\/p>\n\n\n\n<p>Aqui entre n\u00f3s, gostamos de todos, mas destacamos um sobre <a href=\"https:\/\/iremviagem.com\/2020\/03\/29\/sao-tome-e-principe-um-guia-de-viagem\/\">S\u00e3o Tom\u00e9 e Pr\u00edncipe<\/a>. Por v\u00e1rios motivos. Primeiro, como foi escrito em \u201ctempos de covid-19\u201d, estivemos os dois igualmente envolvidos na estrutura do(s) post(s), na sua escrita e na sele\u00e7\u00e3o e edi\u00e7\u00e3o das fotos.<\/p>\n\n\n\n<p>Em segundo lugar, porque foi uma viagem que nos marcou imenso e, por isso, a escrita foi muito desafiante, flutuou entre as mem\u00f3rias e dicas \u00fateis que pudessem responder \u00e0s dezenas de mensagens que recebemos, pedindo informa\u00e7\u00f5es e roteiros de viagem. Por fim, o resultado final, que muito nos orgulha.<\/p>\n\n\n\n<p><strong>8. Alguma dica para quem pretende come\u00e7ar agora um blog de viagens?<\/strong><\/p>\n\n\n\n<p>Quem quiser levar um blog a s\u00e9rio (e isso n\u00e3o significa ter de viver dele) tem de ter os quatro P: <strong>Paix\u00e3o, Prazer, Partilha e Persist\u00eancia<\/strong>. O dif\u00edcil n\u00e3o \u00e9 cri\u00e1-lo, mas aliment\u00e1-lo e marcar a diferen\u00e7a.<\/p>\n\n\n\n<p>Um blog de viagens implica que invistas nele e em ti, por exemplo pela forma\u00e7\u00e3o &#8211; parte do sucesso passa por saber t\u00e9cnicas de marketing, de empreendedorismo, de design, de produtividade, de escrita criativa e de viagens, de produ\u00e7\u00e3o de conte\u00fado, entre outras. <\/p>\n\n\n\n<p>Um blog precisa de tempo. Nada cresce de um dia para o outro, por isso quando at\u00e9 tens vontade desistir, porque n\u00e3o v\u00eas frutos, n\u00e3o o fa\u00e7as. Mais cedo ou mais tarde, ir\u00e1s colher os frutos. De resto, atira-te, d\u00e1 o melhor de ti, e partilha os teus sonhos.<\/p>\n\n\n\n<figure class=\"wp-block-image size-large\"><img loading=\"lazy\" decoding=\"async\" width=\"1600\" height=\"1051\" src=\"https:\/\/www.abvp.pt\/wp-content\/uploads\/Fotos-15.jpg\" alt=\"\" class=\"wp-image-1655\" srcset=\"https:\/\/www.abvp.pt\/wp-content\/uploads\/Fotos-15.jpg 1600w, https:\/\/www.abvp.pt\/wp-content\/uploads\/Fotos-15-600x394.jpg 600w, https:\/\/www.abvp.pt\/wp-content\/uploads\/Fotos-15-800x526.jpg 800w, https:\/\/www.abvp.pt\/wp-content\/uploads\/Fotos-15-150x99.jpg 150w, https:\/\/www.abvp.pt\/wp-content\/uploads\/Fotos-15-768x504.jpg 768w, https:\/\/www.abvp.pt\/wp-content\/uploads\/Fotos-15-1536x1009.jpg 1536w\" sizes=\"(max-width: 1600px) 100vw, 1600px\" \/><\/figure>\n\n\n\n<p><strong>9. Que papel desempenham os blogs junto de outras pessoas que gostam de viajar?<\/strong><\/p>\n\n\n\n<p>Hoje o(a) blogger \u00e9, acima de tudo, um(a) <em>influencer<\/em>. Mesmo sem sair do sof\u00e1, qualquer pessoa que acompanhe um blog de viagens vai conhecer um pouco melhor o mundo. \u00c9 imposs\u00edvel negar o impacto que o trabalho de produ\u00e7\u00e3o de conte\u00fados (de viagens) tem nos comportamentos e nas decis\u00f5es das pessoas. Isso traz ao autor uma imensa responsabilidade.<\/p>\n\n\n\n<p>Ao divulgarmos as nossas experi\u00eancias, dicas de viagens ou fotografias de locais (pessoas e regi\u00f5es) muitos de n\u00f3s queremos \u201cinspirar\u201d outras pessoas a viajar. Mas inspirar a qu\u00ea, verdadeiramente? <\/p>\n\n\n\n<p>V\u00e1rios temas devem estar em cima da mesa, como por exemplo, o impacto da geolocaliza\u00e7\u00e3o dos destinos, a promo\u00e7\u00e3o de destinos massificados, o photoshop nas fotografias e a adultera\u00e7\u00e3o dos destinos, o turismo que explora os animais, o respeito pelos destinos, o turismo consciente e sustent\u00e1vel ou a import\u00e2ncia de abra\u00e7ar projetos. <strong>Viajar de forma \u00e9tica \u00e9 um desafio enorme<\/strong>, principalmente nesta cultura dos \u201clikes\u201d em que vivemos.<\/p>\n\n\n\n<p><strong>10. Qual \u00e9 o vosso maior sonho por cumprir?<\/strong><\/p>\n\n\n\n<p>Tirarmos um bilhete s\u00f3 de ida&#8230;<\/p>","protected":false},"excerpt":{"rendered":"<p>Nome: Vera e Marcelo Profiss\u00e3o: Professora e Empregado Comercial Data de nascimento: 1977 (Vera) e 1979 (Marcelo) Local de nascimento: Esposende e Cinf\u00e3es Local de resid\u00eancia: Braga Pr\u00f3ximas viagens: Em [&hellip;]<\/p>\n","protected":false},"author":5,"featured_media":1650,"comment_status":"open","ping_status":"closed","sticky":false,"template":"","format":"standard","meta":{"_price":"","_stock":"","_tribe_ticket_header":"","_tribe_default_ticket_provider":"","_tribe_ticket_capacity":"0","_ticket_start_date":"","_ticket_end_date":"","_tribe_ticket_show_description":"","_tribe_ticket_show_not_going":false,"_tribe_ticket_use_global_stock":"","_tribe_ticket_global_stock_level":"","_global_stock_mode":"","_global_stock_cap":"","_tribe_rsvp_for_event":"","_tribe_ticket_going_count":"","_tribe_ticket_not_going_count":"","_tribe_tickets_list":"[]","_tribe_ticket_has_attendee_info_fields":false,"_EventAllDay":false,"_EventTimezone":"","_EventStartDate":"","_EventEndDate":"","_EventStartDateUTC":"","_EventEndDateUTC":"","_EventShowMap":false,"_EventShowMapLink":false,"_EventURL":"","_EventCost":"","_EventCostDescription":"","_EventCurrencySymbol":"","_EventCurrencyCode":"","_EventCurrencyPosition":"","_EventDateTimeSeparator":"","_EventTimeRangeSeparator":"","_EventOrganizerID":[],"_EventVenueID":[],"_OrganizerEmail":"","_OrganizerPhone":"","_OrganizerWebsite":"","_VenueAddress":"","_VenueCity":"","_VenueCountry":"","_VenueProvince":"","_VenueState":"","_VenueZip":"","_VenuePhone":"","_VenueURL":"","_VenueStateProvince":"","_VenueLat":"","_VenueLng":"","_VenueShowMap":false,"_VenueShowMapLink":false,"footnotes":""},"categories":[1],"tags":[37],"class_list":["post-1649","post","type-post","status-publish","format-standard","has-post-thumbnail","hentry","category-conteudo","tag-entrevista"],"blocksy_meta":[],"yoast_head":"<!-- This site is optimized with the Yoast SEO plugin v26.4 - https:\/\/yoast.com\/wordpress\/plugins\/seo\/ -->\n<title>Paix\u00e3o em viagem: Vera e Marcelo (entrevista) - ABVP<\/title>\n<meta name=\"robots\" content=\"index, follow, max-snippet:-1, max-image-preview:large, max-video-preview:-1\" \/>\n<link rel=\"canonical\" href=\"https:\/\/www.abvp.pt\/en\/paixao-em-viagem-vera-e-marcelo-entrevista\/\" \/>\n<meta property=\"og:locale\" content=\"en_GB\" \/>\n<meta property=\"og:type\" content=\"article\" \/>\n<meta property=\"og:title\" content=\"Paix\u00e3o em viagem: Vera e Marcelo (entrevista) - ABVP\" \/>\n<meta property=\"og:description\" content=\"Nome: Vera e Marcelo Profiss\u00e3o: Professora e Empregado Comercial Data de nascimento: 1977 (Vera) e 1979 (Marcelo) Local de nascimento: Esposende e Cinf\u00e3es Local de resid\u00eancia: Braga Pr\u00f3ximas viagens: Em [&hellip;]\" \/>\n<meta property=\"og:url\" content=\"https:\/\/www.abvp.pt\/en\/paixao-em-viagem-vera-e-marcelo-entrevista\/\" \/>\n<meta property=\"og:site_name\" content=\"ABVP\" \/>\n<meta property=\"article:publisher\" content=\"https:\/\/www.facebook.com\/abvppt\/\" \/>\n<meta property=\"article:published_time\" content=\"2020-09-26T19:29:35+00:00\" \/>\n<meta property=\"article:modified_time\" content=\"2020-09-26T19:36:07+00:00\" \/>\n<meta property=\"og:image\" content=\"https:\/\/www.abvp.pt\/wp-content\/uploads\/Fotos-12.jpg\" \/>\n\t<meta property=\"og:image:width\" content=\"1600\" \/>\n\t<meta property=\"og:image:height\" content=\"1079\" \/>\n\t<meta property=\"og:image:type\" content=\"image\/jpeg\" \/>\n<meta name=\"author\" content=\"Ruthia Portelinha\" \/>\n<meta name=\"twitter:card\" content=\"summary_large_image\" \/>\n<meta name=\"twitter:creator\" content=\"@abvppt\" \/>\n<meta name=\"twitter:site\" content=\"@abvppt\" \/>\n<meta name=\"twitter:label1\" content=\"Written by\" \/>\n\t<meta name=\"twitter:data1\" content=\"Ruthia Portelinha\" \/>\n\t<meta name=\"twitter:label2\" content=\"Estimated reading time\" \/>\n\t<meta name=\"twitter:data2\" content=\"7 minutes\" \/>\n<script type=\"application\/ld+json\" class=\"yoast-schema-graph\">{\"@context\":\"https:\/\/schema.org\",\"@graph\":[{\"@type\":\"Article\",\"@id\":\"https:\/\/www.abvp.pt\/paixao-em-viagem-vera-e-marcelo-entrevista\/#article\",\"isPartOf\":{\"@id\":\"https:\/\/www.abvp.pt\/paixao-em-viagem-vera-e-marcelo-entrevista\/\"},\"author\":{\"name\":\"Ruthia Portelinha\",\"@id\":\"https:\/\/www.abvp.pt\/#\/schema\/person\/3224ab1e82979d8d2daa9b24c41ac06f\"},\"headline\":\"Paix\u00e3o em viagem: Vera e Marcelo (entrevista)\",\"datePublished\":\"2020-09-26T19:29:35+00:00\",\"dateModified\":\"2020-09-26T19:36:07+00:00\",\"mainEntityOfPage\":{\"@id\":\"https:\/\/www.abvp.pt\/paixao-em-viagem-vera-e-marcelo-entrevista\/\"},\"wordCount\":1458,\"commentCount\":0,\"publisher\":{\"@id\":\"https:\/\/www.abvp.pt\/#organization\"},\"image\":{\"@id\":\"https:\/\/www.abvp.pt\/paixao-em-viagem-vera-e-marcelo-entrevista\/#primaryimage\"},\"thumbnailUrl\":\"https:\/\/www.abvp.pt\/wp-content\/uploads\/Fotos-12.jpg\",\"keywords\":[\"entrevista\"],\"articleSection\":[\"Conte\u00fado\"],\"inLanguage\":\"en-GB\",\"potentialAction\":[{\"@type\":\"CommentAction\",\"name\":\"Comment\",\"target\":[\"https:\/\/www.abvp.pt\/paixao-em-viagem-vera-e-marcelo-entrevista\/#respond\"]}]},{\"@type\":\"WebPage\",\"@id\":\"https:\/\/www.abvp.pt\/paixao-em-viagem-vera-e-marcelo-entrevista\/\",\"url\":\"https:\/\/www.abvp.pt\/paixao-em-viagem-vera-e-marcelo-entrevista\/\",\"name\":\"Paix\u00e3o em viagem: Vera e Marcelo (entrevista) - ABVP\",\"isPartOf\":{\"@id\":\"https:\/\/www.abvp.pt\/#website\"},\"primaryImageOfPage\":{\"@id\":\"https:\/\/www.abvp.pt\/paixao-em-viagem-vera-e-marcelo-entrevista\/#primaryimage\"},\"image\":{\"@id\":\"https:\/\/www.abvp.pt\/paixao-em-viagem-vera-e-marcelo-entrevista\/#primaryimage\"},\"thumbnailUrl\":\"https:\/\/www.abvp.pt\/wp-content\/uploads\/Fotos-12.jpg\",\"datePublished\":\"2020-09-26T19:29:35+00:00\",\"dateModified\":\"2020-09-26T19:36:07+00:00\",\"breadcrumb\":{\"@id\":\"https:\/\/www.abvp.pt\/paixao-em-viagem-vera-e-marcelo-entrevista\/#breadcrumb\"},\"inLanguage\":\"en-GB\",\"potentialAction\":[{\"@type\":\"ReadAction\",\"target\":[\"https:\/\/www.abvp.pt\/paixao-em-viagem-vera-e-marcelo-entrevista\/\"]}]},{\"@type\":\"ImageObject\",\"inLanguage\":\"en-GB\",\"@id\":\"https:\/\/www.abvp.pt\/paixao-em-viagem-vera-e-marcelo-entrevista\/#primaryimage\",\"url\":\"https:\/\/www.abvp.pt\/wp-content\/uploads\/Fotos-12.jpg\",\"contentUrl\":\"https:\/\/www.abvp.pt\/wp-content\/uploads\/Fotos-12.jpg\",\"width\":1600,\"height\":1079,\"caption\":\"Casal do Ir em Viagem\"},{\"@type\":\"BreadcrumbList\",\"@id\":\"https:\/\/www.abvp.pt\/paixao-em-viagem-vera-e-marcelo-entrevista\/#breadcrumb\",\"itemListElement\":[{\"@type\":\"ListItem\",\"position\":1,\"name\":\"In\u00edcio\",\"item\":\"https:\/\/www.abvp.pt\/\"},{\"@type\":\"ListItem\",\"position\":2,\"name\":\"Paix\u00e3o em viagem: Vera e Marcelo (entrevista)\"}]},{\"@type\":\"WebSite\",\"@id\":\"https:\/\/www.abvp.pt\/#website\",\"url\":\"https:\/\/www.abvp.pt\/\",\"name\":\"ABVP\",\"description\":\"Associa\u00e7\u00e3o de Bloggers de Viagem Portugueses\",\"publisher\":{\"@id\":\"https:\/\/www.abvp.pt\/#organization\"},\"potentialAction\":[{\"@type\":\"SearchAction\",\"target\":{\"@type\":\"EntryPoint\",\"urlTemplate\":\"https:\/\/www.abvp.pt\/?s={search_term_string}\"},\"query-input\":{\"@type\":\"PropertyValueSpecification\",\"valueRequired\":true,\"valueName\":\"search_term_string\"}}],\"inLanguage\":\"en-GB\"},{\"@type\":\"Organization\",\"@id\":\"https:\/\/www.abvp.pt\/#organization\",\"name\":\"ABVP\",\"url\":\"https:\/\/www.abvp.pt\/\",\"logo\":{\"@type\":\"ImageObject\",\"inLanguage\":\"en-GB\",\"@id\":\"https:\/\/www.abvp.pt\/#\/schema\/logo\/image\/\",\"url\":\"https:\/\/www.abvp.pt\/wp-content\/uploads\/Logo-Header-dark.svg\",\"contentUrl\":\"https:\/\/www.abvp.pt\/wp-content\/uploads\/Logo-Header-dark.svg\",\"width\":325,\"height\":48,\"caption\":\"ABVP\"},\"image\":{\"@id\":\"https:\/\/www.abvp.pt\/#\/schema\/logo\/image\/\"},\"sameAs\":[\"https:\/\/www.facebook.com\/abvppt\/\",\"https:\/\/x.com\/abvppt\",\"https:\/\/www.instagram.com\/abvppt\/\"]},{\"@type\":\"Person\",\"@id\":\"https:\/\/www.abvp.pt\/#\/schema\/person\/3224ab1e82979d8d2daa9b24c41ac06f\",\"name\":\"Ruthia Portelinha\",\"image\":{\"@type\":\"ImageObject\",\"inLanguage\":\"en-GB\",\"@id\":\"https:\/\/www.abvp.pt\/#\/schema\/person\/image\/\",\"url\":\"https:\/\/secure.gravatar.com\/avatar\/fe88f7331e86f7718c223ca840ea6091?s=96&d=mm&r=g\",\"contentUrl\":\"https:\/\/secure.gravatar.com\/avatar\/fe88f7331e86f7718c223ca840ea6091?s=96&d=mm&r=g\",\"caption\":\"Ruthia Portelinha\"},\"description\":\"Viajante, m\u00e3e babada, choc\u00f3latra, amante de livros e museus. Autora do blog O Ber\u00e7o do Mundo.\",\"sameAs\":[\"https:\/\/www.bercodomundo.com\"],\"url\":\"https:\/\/www.abvp.pt\/en\/author\/ruthia\/\"}]}<\/script>\n<!-- \/ Yoast SEO plugin. -->","yoast_head_json":{"title":"Paix\u00e3o em viagem: Vera e Marcelo (entrevista) - ABVP","robots":{"index":"index","follow":"follow","max-snippet":"max-snippet:-1","max-image-preview":"max-image-preview:large","max-video-preview":"max-video-preview:-1"},"canonical":"https:\/\/www.abvp.pt\/en\/paixao-em-viagem-vera-e-marcelo-entrevista\/","og_locale":"en_GB","og_type":"article","og_title":"Paix\u00e3o em viagem: Vera e Marcelo (entrevista) - ABVP","og_description":"Nome: Vera e Marcelo Profiss\u00e3o: Professora e Empregado Comercial Data de nascimento: 1977 (Vera) e 1979 (Marcelo) Local de nascimento: Esposende e Cinf\u00e3es Local de resid\u00eancia: Braga Pr\u00f3ximas viagens: Em [&hellip;]","og_url":"https:\/\/www.abvp.pt\/en\/paixao-em-viagem-vera-e-marcelo-entrevista\/","og_site_name":"ABVP","article_publisher":"https:\/\/www.facebook.com\/abvppt\/","article_published_time":"2020-09-26T19:29:35+00:00","article_modified_time":"2020-09-26T19:36:07+00:00","og_image":[{"width":1600,"height":1079,"url":"https:\/\/www.abvp.pt\/wp-content\/uploads\/Fotos-12.jpg","type":"image\/jpeg"}],"author":"Ruthia Portelinha","twitter_card":"summary_large_image","twitter_creator":"@abvppt","twitter_site":"@abvppt","twitter_misc":{"Written by":"Ruthia Portelinha","Estimated reading time":"7 minutes"},"schema":{"@context":"https:\/\/schema.org","@graph":[{"@type":"Article","@id":"https:\/\/www.abvp.pt\/paixao-em-viagem-vera-e-marcelo-entrevista\/#article","isPartOf":{"@id":"https:\/\/www.abvp.pt\/paixao-em-viagem-vera-e-marcelo-entrevista\/"},"author":{"name":"Ruthia Portelinha","@id":"https:\/\/www.abvp.pt\/#\/schema\/person\/3224ab1e82979d8d2daa9b24c41ac06f"},"headline":"Paix\u00e3o em viagem: Vera e Marcelo (entrevista)","datePublished":"2020-09-26T19:29:35+00:00","dateModified":"2020-09-26T19:36:07+00:00","mainEntityOfPage":{"@id":"https:\/\/www.abvp.pt\/paixao-em-viagem-vera-e-marcelo-entrevista\/"},"wordCount":1458,"commentCount":0,"publisher":{"@id":"https:\/\/www.abvp.pt\/#organization"},"image":{"@id":"https:\/\/www.abvp.pt\/paixao-em-viagem-vera-e-marcelo-entrevista\/#primaryimage"},"thumbnailUrl":"https:\/\/www.abvp.pt\/wp-content\/uploads\/Fotos-12.jpg","keywords":["entrevista"],"articleSection":["Conte\u00fado"],"inLanguage":"en-GB","potentialAction":[{"@type":"CommentAction","name":"Comment","target":["https:\/\/www.abvp.pt\/paixao-em-viagem-vera-e-marcelo-entrevista\/#respond"]}]},{"@type":"WebPage","@id":"https:\/\/www.abvp.pt\/paixao-em-viagem-vera-e-marcelo-entrevista\/","url":"https:\/\/www.abvp.pt\/paixao-em-viagem-vera-e-marcelo-entrevista\/","name":"Paix\u00e3o em viagem: Vera e Marcelo (entrevista) - ABVP","isPartOf":{"@id":"https:\/\/www.abvp.pt\/#website"},"primaryImageOfPage":{"@id":"https:\/\/www.abvp.pt\/paixao-em-viagem-vera-e-marcelo-entrevista\/#primaryimage"},"image":{"@id":"https:\/\/www.abvp.pt\/paixao-em-viagem-vera-e-marcelo-entrevista\/#primaryimage"},"thumbnailUrl":"https:\/\/www.abvp.pt\/wp-content\/uploads\/Fotos-12.jpg","datePublished":"2020-09-26T19:29:35+00:00","dateModified":"2020-09-26T19:36:07+00:00","breadcrumb":{"@id":"https:\/\/www.abvp.pt\/paixao-em-viagem-vera-e-marcelo-entrevista\/#breadcrumb"},"inLanguage":"en-GB","potentialAction":[{"@type":"ReadAction","target":["https:\/\/www.abvp.pt\/paixao-em-viagem-vera-e-marcelo-entrevista\/"]}]},{"@type":"ImageObject","inLanguage":"en-GB","@id":"https:\/\/www.abvp.pt\/paixao-em-viagem-vera-e-marcelo-entrevista\/#primaryimage","url":"https:\/\/www.abvp.pt\/wp-content\/uploads\/Fotos-12.jpg","contentUrl":"https:\/\/www.abvp.pt\/wp-content\/uploads\/Fotos-12.jpg","width":1600,"height":1079,"caption":"Casal do Ir em Viagem"},{"@type":"BreadcrumbList","@id":"https:\/\/www.abvp.pt\/paixao-em-viagem-vera-e-marcelo-entrevista\/#breadcrumb","itemListElement":[{"@type":"ListItem","position":1,"name":"In\u00edcio","item":"https:\/\/www.abvp.pt\/"},{"@type":"ListItem","position":2,"name":"Paix\u00e3o em viagem: Vera e Marcelo (entrevista)"}]},{"@type":"WebSite","@id":"https:\/\/www.abvp.pt\/#website","url":"https:\/\/www.abvp.pt\/","name":"ABVP","description":"Association of Portuguese Travel Bloggers","publisher":{"@id":"https:\/\/www.abvp.pt\/#organization"},"potentialAction":[{"@type":"SearchAction","target":{"@type":"EntryPoint","urlTemplate":"https:\/\/www.abvp.pt\/?s={search_term_string}"},"query-input":{"@type":"PropertyValueSpecification","valueRequired":true,"valueName":"search_term_string"}}],"inLanguage":"en-GB"},{"@type":"Organization","@id":"https:\/\/www.abvp.pt\/#organization","name":"ABVP","url":"https:\/\/www.abvp.pt\/","logo":{"@type":"ImageObject","inLanguage":"en-GB","@id":"https:\/\/www.abvp.pt\/#\/schema\/logo\/image\/","url":"https:\/\/www.abvp.pt\/wp-content\/uploads\/Logo-Header-dark.svg","contentUrl":"https:\/\/www.abvp.pt\/wp-content\/uploads\/Logo-Header-dark.svg","width":325,"height":48,"caption":"ABVP"},"image":{"@id":"https:\/\/www.abvp.pt\/#\/schema\/logo\/image\/"},"sameAs":["https:\/\/www.facebook.com\/abvppt\/","https:\/\/x.com\/abvppt","https:\/\/www.instagram.com\/abvppt\/"]},{"@type":"Person","@id":"https:\/\/www.abvp.pt\/#\/schema\/person\/3224ab1e82979d8d2daa9b24c41ac06f","name":"Ruthia Portelinha","image":{"@type":"ImageObject","inLanguage":"en-GB","@id":"https:\/\/www.abvp.pt\/#\/schema\/person\/image\/","url":"https:\/\/secure.gravatar.com\/avatar\/fe88f7331e86f7718c223ca840ea6091?s=96&d=mm&r=g","contentUrl":"https:\/\/secure.gravatar.com\/avatar\/fe88f7331e86f7718c223ca840ea6091?s=96&d=mm&r=g","caption":"Ruthia Portelinha"},"description":"Viajante, m\u00e3e babada, choc\u00f3latra, amante de livros e museus. Autora do blog O Ber\u00e7o do Mundo.","sameAs":["https:\/\/www.bercodomundo.com"],"url":"https:\/\/www.abvp.pt\/en\/author\/ruthia\/"}]}},"_links":{"self":[{"href":"https:\/\/www.abvp.pt\/en\/wp-json\/wp\/v2\/posts\/1649","targetHints":{"allow":["GET"]}}],"collection":[{"href":"https:\/\/www.abvp.pt\/en\/wp-json\/wp\/v2\/posts"}],"about":[{"href":"https:\/\/www.abvp.pt\/en\/wp-json\/wp\/v2\/types\/post"}],"author":[{"embeddable":true,"href":"https:\/\/www.abvp.pt\/en\/wp-json\/wp\/v2\/users\/5"}],"replies":[{"embeddable":true,"href":"https:\/\/www.abvp.pt\/en\/wp-json\/wp\/v2\/comments?post=1649"}],"version-history":[{"count":0,"href":"https:\/\/www.abvp.pt\/en\/wp-json\/wp\/v2\/posts\/1649\/revisions"}],"wp:featuredmedia":[{"embeddable":true,"href":"https:\/\/www.abvp.pt\/en\/wp-json\/wp\/v2\/media\/1650"}],"wp:attachment":[{"href":"https:\/\/www.abvp.pt\/en\/wp-json\/wp\/v2\/media?parent=1649"}],"wp:term":[{"taxonomy":"category","embeddable":true,"href":"https:\/\/www.abvp.pt\/en\/wp-json\/wp\/v2\/categories?post=1649"},{"taxonomy":"post_tag","embeddable":true,"href":"https:\/\/www.abvp.pt\/en\/wp-json\/wp\/v2\/tags?post=1649"}],"curies":[{"name":"wp","href":"https:\/\/api.w.org\/{rel}","templated":true}]}}