{"id":1657,"date":"2020-11-03T09:40:05","date_gmt":"2020-11-03T09:40:05","guid":{"rendered":"https:\/\/www.abvp.pt\/?p=1657"},"modified":"2020-11-03T09:48:20","modified_gmt":"2020-11-03T09:48:20","slug":"ao-sabor-do-vento-francisco-agostinho-entrevista","status":"publish","type":"post","link":"https:\/\/www.abvp.pt\/en\/ao-sabor-do-vento-francisco-agostinho-entrevista\/","title":{"rendered":"Ao sabor do vento: Francisco Agostinho (entrevista)"},"content":{"rendered":"<p><strong>Name<\/strong>: Francisco Agostinho<\/p>\n\n\n\n<p><strong>Profiss\u00e3o<\/strong>: L\u00edder de viagens<\/p>\n\n\n\n<p><strong>Data de nascimento<\/strong>: 1980<\/p>\n\n\n\n<p><strong>Local de nascimento<\/strong>: Coimbra<\/p>\n\n\n\n<p><strong>Local de resid\u00eancia<\/strong>: Leiria<\/p>\n\n\n\n<p><strong>Pr\u00f3ximas viagens<\/strong>: Jord\u00e2nia \/ Balc\u00e3s<\/p>\n\n\n\n<p><strong>Blog: <a href=\"https:\/\/www.projecto100rota.com\/\" target=\"_blank\" aria-label=\"undefined (abre num novo separador)\" rel=\"noreferrer noopener\">Projecto 100 rota<\/a><\/strong><\/p>\n\n\n\n<p>1. <strong>O que significam as viagens para si?<\/strong><\/p>\n\n\n\n<p>Viajar para mim \u00e9 a curiosidade perante o desconhecido, \u00e9 o querer conhecer, encontrar o diferente. Numa viagem, o que acaba sempre por me marcar s\u00e3o<strong> as pessoas, os encontros e as hist\u00f3rias que se podem gerar <\/strong>\u00e0 volta disso. Crio uma forte liga\u00e7\u00e3o \u00e0s pessoas e \u00e9-me dif\u00edcil desligar, por isso mantenho contatos em dezenas de destinos.<\/p>\n\n\n\n<p>N\u00e3o conto os pa\u00edses, n\u00e3o me interessa minimamente se j\u00e1 visitei 40 e se vou visitar 200. J\u00e1 tive hip\u00f3teses de ir a algum lugar novo e optei por voltar onde j\u00e1 tinha estado. Viajar significa tamb\u00e9m que sou um privilegiado por poder faz\u00ea-lo.<\/p>\n\n\n\n<figure class=\"wp-block-image size-large\"><img fetchpriority=\"high\" decoding=\"async\" width=\"1600\" height=\"1067\" src=\"https:\/\/www.abvp.pt\/wp-content\/uploads\/DSC02145-1600x1067.jpg\" alt=\"\" class=\"wp-image-1659\" srcset=\"https:\/\/www.abvp.pt\/wp-content\/uploads\/DSC02145-1600x1067.jpg 1600w, https:\/\/www.abvp.pt\/wp-content\/uploads\/DSC02145-scaled-600x400.jpg 600w, https:\/\/www.abvp.pt\/wp-content\/uploads\/DSC02145-800x533.jpg 800w, https:\/\/www.abvp.pt\/wp-content\/uploads\/DSC02145-150x100.jpg 150w, https:\/\/www.abvp.pt\/wp-content\/uploads\/DSC02145-768x512.jpg 768w, https:\/\/www.abvp.pt\/wp-content\/uploads\/DSC02145-1536x1024.jpg 1536w, https:\/\/www.abvp.pt\/wp-content\/uploads\/DSC02145-2048x1365.jpg 2048w\" sizes=\"(max-width: 1600px) 100vw, 1600px\" \/><\/figure>\n\n\n\n<p>2. <strong>Entre os destinos que j\u00e1 visitou, h\u00e1 algum que o tenha marcado de forma especial? Conte-nos.<\/strong><\/p>\n\n\n\n<p>H\u00e1 um destino que me marcou recentemente de forma muito particular: o Sud\u00e3o. N\u00e3o esperava encontrar <strong>um povo t\u00e3o generoso<\/strong>. Fica-se desarmado quando pessoas que pouco mais ganham do que 40 euros por m\u00eas te querem pagar uma refei\u00e7\u00e3o ou um t\u00e1xi &#8211; isso aconteceu-me mais que uma vez.<\/p>\n\n\n\n<p>Mas Marrocos tamb\u00e9m est\u00e1 sempre aqui guardadadinho no cora\u00e7\u00e3o. J\u00e1 l\u00e1 fui cinco vezes, fascina-me o ser t\u00e3o diferente e, ao mesmo tempo, t\u00e3o igual e t\u00e3o perto! Em t\u00e3o poucos quil\u00f3metros, passamos do mar \u00e0 montanha com neve e, a seguir, ao deserto.<\/p>\n\n\n\n<p>Depois tenho mais dois destinos que me preenchem por diferentes raz\u00f5es: a Jord\u00e2nia pelos amigos que l\u00e1 tenho e pelo deserto, e os Balc\u00e3s, pelas paisagens incr\u00edveis e tamb\u00e9m por gente que aguarda o meu regresso!<\/p>\n\n\n\n<p>3. <strong>O que mais o influencia na hora de escolher um destino de viagem?<\/strong><\/p>\n\n\n\n<p>Se calhar o facto de ser pouco visitado ou explorado. Creio mesmo ser o factor principal que me leva a escolher este ou aquele destino!<\/p>\n\n\n\n<figure class=\"wp-block-image size-large\"><img decoding=\"async\" width=\"889\" height=\"667\" src=\"https:\/\/www.abvp.pt\/wp-content\/uploads\/IMG_20191028_163511.jpg\" alt=\"\" class=\"wp-image-1662\" srcset=\"https:\/\/www.abvp.pt\/wp-content\/uploads\/IMG_20191028_163511.jpg 889w, https:\/\/www.abvp.pt\/wp-content\/uploads\/IMG_20191028_163511-600x450.jpg 600w, https:\/\/www.abvp.pt\/wp-content\/uploads\/IMG_20191028_163511-300x225.jpg 300w, https:\/\/www.abvp.pt\/wp-content\/uploads\/IMG_20191028_163511-800x600.jpg 800w, https:\/\/www.abvp.pt\/wp-content\/uploads\/IMG_20191028_163511-150x113.jpg 150w, https:\/\/www.abvp.pt\/wp-content\/uploads\/IMG_20191028_163511-768x576.jpg 768w\" sizes=\"(max-width: 889px) 100vw, 889px\" \/><\/figure>\n\n\n\n<p>4. <strong>J\u00e1 viveu fora de Portugal mais que seis meses? Se sim, onde e o que retirou dessa experi\u00eancia?<\/strong><\/p>\n\n\n\n<p>Vivi no Brasil cerca de dois anos, mas foi em crian\u00e7a, dos 4 aos 6. Guardo mem\u00f3rias das brincadeiras, de cortar um dedo ao subir um muro e de comer melancia o ano todo!<\/p>\n\n\n\n<p>5. <strong>Explique o que \u00e9 o seu blog de viagens e a raz\u00e3o da sua exist\u00eancia.<\/strong><\/p>\n\n\n\n<p>O meu blog surgiu com a simples inten\u00e7\u00e3o de motivar a viajar e partilhar informa\u00e7\u00f5es acerca dos s\u00edtios por onde passo. Se conseguir fazer com que algu\u00e9m d\u00ea o primeiro passo, o objetivo est\u00e1 cumprido. Seja partir de mochila em nada marcado, sou com um pacote tur\u00edstico, o importante \u00e9 ir!<\/p>\n\n\n\n<p>6. <strong>Como surgiu o nome do blog?<\/strong><\/p>\n\n\n\n<p>O nome surgiu depois de uma \u00e1rdua pesquisa e consultoria. Estou a brincar! Surgiu apenas da ideia de querer conhecer muitos destinos, qui\u00e7\u00e1 100, mas sem grande rumo definido. Ent\u00e3o ficou 100 rota.<\/p>\n\n\n\n<p>7. <strong>Destaque um dos posts de que mais gosta no seu blog e explique porqu\u00ea.<\/strong><\/p>\n\n\n\n<p>Tenho algum posts de cariz mais pessoal. O que talvez tenha um pouco mais de carinho seja <a href=\"https:\/\/www.projecto100rota.com\/2017\/12\/20\/castelo-de-leiria\/\" target=\"_blank\" aria-label=\"undefined (abre num novo separador)\" rel=\"noreferrer noopener\">O Castelo de Leiria &#8211; \u201cO meu castelo\u201d<\/a> em que falo bastante de mim, e do que sou, o que se calhar n\u00e3o interessar\u00e1 minimamente a ningu\u00e9m! heheh<\/p>\n\n\n\n<figure class=\"wp-block-image size-large\"><img decoding=\"async\" width=\"889\" height=\"667\" src=\"https:\/\/www.abvp.pt\/wp-content\/uploads\/IMG_20200512_110408.jpg\" alt=\"\" class=\"wp-image-1661\" srcset=\"https:\/\/www.abvp.pt\/wp-content\/uploads\/IMG_20200512_110408.jpg 889w, https:\/\/www.abvp.pt\/wp-content\/uploads\/IMG_20200512_110408-600x450.jpg 600w, https:\/\/www.abvp.pt\/wp-content\/uploads\/IMG_20200512_110408-300x225.jpg 300w, https:\/\/www.abvp.pt\/wp-content\/uploads\/IMG_20200512_110408-800x600.jpg 800w, https:\/\/www.abvp.pt\/wp-content\/uploads\/IMG_20200512_110408-150x113.jpg 150w, https:\/\/www.abvp.pt\/wp-content\/uploads\/IMG_20200512_110408-768x576.jpg 768w\" sizes=\"(max-width: 889px) 100vw, 889px\" \/><\/figure>\n\n\n\n<p>8. <strong>Alguma dica para quem pretende come\u00e7ar agora um blog de viagens?<\/strong><\/p>\n\n\n\n<p>A dica \u00e9 que escreva e escreva! E depois, caso n\u00e3o seja <em>expert<\/em> na mat\u00e9ria, comece a familiarizar-se com a inform\u00e1tica: wordpress, SEO, plugins, widgets. N\u00e3o \u00e9 nenhum bicho de sete cabe\u00e7as. H\u00e1 15 anos eu n\u00e3o tinha sequer email.<\/p>\n\n\n\n<p>9. <strong>Que papel desempenham os blogs junto de outras pessoas que gostam de viajar?<\/strong><\/p>\n\n\n\n<p>O que referi acima: o motivar os outros a partirem, seja de que forma for. Mesmo que seja dif\u00edcil, \u00e0 partida, se calhar v\u00e3o perceber que <strong>viajar n\u00e3o \u00e9 assim t\u00e3o complicado ou perigoso<\/strong>! \u00c9 acima de tudo uma quest\u00e3o de prioridades.<\/p>\n\n\n\n<p>Imagine-se o que seria viajar nos anos 70, por exemplo. As fronteiras, a falta de informa\u00e7\u00e3o. Qui\u00e7\u00e1 teria outra adrenalina, n\u00e3o?<\/p>\n\n\n\n<p>10. <strong>Qual \u00e9 o seu maior sonho por cumprir?<\/strong><\/p>\n\n\n\n<p>Dou muita import\u00e2ncia a viajar, mas o meu sonho maior est\u00e1 cumprido &#8211; ter um filho. Neste momento tudo o que desejo ou sonho s\u00e3o apenas \u201cpequenas\u201d coisas de que o ser humano precisa para se entreter nesta vida, ganhar uns \u20ac\u20ac para comer e viajar! Mas ok\u2026 Tenho tamb\u00e9m o sonho de ter o meu pr\u00f3prio projeto, a minha pr\u00f3pria ag\u00eancia de viagens!<\/p>","protected":false},"excerpt":{"rendered":"<p>Nome: Francisco Agostinho Profiss\u00e3o: L\u00edder de viagens Data de nascimento: 1980 Local de nascimento: Coimbra Local de resid\u00eancia: Leiria Pr\u00f3ximas viagens: Jord\u00e2nia \/ Balc\u00e3s Blog: Projecto 100 rota 1. O [&hellip;]<\/p>\n","protected":false},"author":5,"featured_media":1658,"comment_status":"open","ping_status":"closed","sticky":false,"template":"","format":"standard","meta":{"_price":"","_stock":"","_tribe_ticket_header":"","_tribe_default_ticket_provider":"","_tribe_ticket_capacity":"0","_ticket_start_date":"","_ticket_end_date":"","_tribe_ticket_show_description":"","_tribe_ticket_show_not_going":false,"_tribe_ticket_use_global_stock":"","_tribe_ticket_global_stock_level":"","_global_stock_mode":"","_global_stock_cap":"","_tribe_rsvp_for_event":"","_tribe_ticket_going_count":"","_tribe_ticket_not_going_count":"","_tribe_tickets_list":"[]","_tribe_ticket_has_attendee_info_fields":false,"_EventAllDay":false,"_EventTimezone":"","_EventStartDate":"","_EventEndDate":"","_EventStartDateUTC":"","_EventEndDateUTC":"","_EventShowMap":false,"_EventShowMapLink":false,"_EventURL":"","_EventCost":"","_EventCostDescription":"","_EventCurrencySymbol":"","_EventCurrencyCode":"","_EventCurrencyPosition":"","_EventDateTimeSeparator":"","_EventTimeRangeSeparator":"","_EventOrganizerID":[],"_EventVenueID":[],"_OrganizerEmail":"","_OrganizerPhone":"","_OrganizerWebsite":"","_VenueAddress":"","_VenueCity":"","_VenueCountry":"","_VenueProvince":"","_VenueState":"","_VenueZip":"","_VenuePhone":"","_VenueURL":"","_VenueStateProvince":"","_VenueLat":"","_VenueLng":"","_VenueShowMap":false,"_VenueShowMapLink":false,"footnotes":""},"categories":[1],"tags":[37],"class_list":["post-1657","post","type-post","status-publish","format-standard","has-post-thumbnail","hentry","category-conteudo","tag-entrevista"],"blocksy_meta":[],"yoast_head":"<!-- This site is optimized with the Yoast SEO plugin v26.4 - https:\/\/yoast.com\/wordpress\/plugins\/seo\/ -->\n<title>Ao sabor do vento: Francisco Agostinho (entrevista) - ABVP<\/title>\n<meta name=\"robots\" content=\"index, follow, max-snippet:-1, max-image-preview:large, max-video-preview:-1\" \/>\n<link rel=\"canonical\" href=\"https:\/\/www.abvp.pt\/en\/ao-sabor-do-vento-francisco-agostinho-entrevista\/\" \/>\n<meta property=\"og:locale\" content=\"en_GB\" \/>\n<meta property=\"og:type\" content=\"article\" \/>\n<meta property=\"og:title\" content=\"Ao sabor do vento: Francisco Agostinho (entrevista) - ABVP\" \/>\n<meta property=\"og:description\" content=\"Nome: Francisco Agostinho Profiss\u00e3o: L\u00edder de viagens Data de nascimento: 1980 Local de nascimento: Coimbra Local de resid\u00eancia: Leiria Pr\u00f3ximas viagens: Jord\u00e2nia \/ Balc\u00e3s Blog: Projecto 100 rota 1. O [&hellip;]\" \/>\n<meta property=\"og:url\" content=\"https:\/\/www.abvp.pt\/en\/ao-sabor-do-vento-francisco-agostinho-entrevista\/\" \/>\n<meta property=\"og:site_name\" content=\"ABVP\" \/>\n<meta property=\"article:publisher\" content=\"https:\/\/www.facebook.com\/abvppt\/\" \/>\n<meta property=\"article:published_time\" content=\"2020-11-03T09:40:05+00:00\" \/>\n<meta property=\"article:modified_time\" content=\"2020-11-03T09:48:20+00:00\" \/>\n<meta property=\"og:image\" content=\"https:\/\/www.abvp.pt\/wp-content\/uploads\/IMG_20190405_182119.jpg\" \/>\n\t<meta property=\"og:image:width\" content=\"824\" \/>\n\t<meta property=\"og:image:height\" content=\"618\" \/>\n\t<meta property=\"og:image:type\" content=\"image\/jpeg\" \/>\n<meta name=\"author\" content=\"Ruthia Portelinha\" \/>\n<meta name=\"twitter:card\" content=\"summary_large_image\" \/>\n<meta name=\"twitter:creator\" content=\"@abvppt\" \/>\n<meta name=\"twitter:site\" content=\"@abvppt\" \/>\n<meta name=\"twitter:label1\" content=\"Written by\" \/>\n\t<meta name=\"twitter:data1\" content=\"Ruthia Portelinha\" \/>\n\t<meta name=\"twitter:label2\" content=\"Estimated reading time\" \/>\n\t<meta name=\"twitter:data2\" content=\"4 minutes\" \/>\n<script type=\"application\/ld+json\" class=\"yoast-schema-graph\">{\"@context\":\"https:\/\/schema.org\",\"@graph\":[{\"@type\":\"Article\",\"@id\":\"https:\/\/www.abvp.pt\/ao-sabor-do-vento-francisco-agostinho-entrevista\/#article\",\"isPartOf\":{\"@id\":\"https:\/\/www.abvp.pt\/ao-sabor-do-vento-francisco-agostinho-entrevista\/\"},\"author\":{\"name\":\"Ruthia Portelinha\",\"@id\":\"https:\/\/www.abvp.pt\/#\/schema\/person\/3224ab1e82979d8d2daa9b24c41ac06f\"},\"headline\":\"Ao sabor do vento: Francisco Agostinho (entrevista)\",\"datePublished\":\"2020-11-03T09:40:05+00:00\",\"dateModified\":\"2020-11-03T09:48:20+00:00\",\"mainEntityOfPage\":{\"@id\":\"https:\/\/www.abvp.pt\/ao-sabor-do-vento-francisco-agostinho-entrevista\/\"},\"wordCount\":784,\"commentCount\":0,\"publisher\":{\"@id\":\"https:\/\/www.abvp.pt\/#organization\"},\"image\":{\"@id\":\"https:\/\/www.abvp.pt\/ao-sabor-do-vento-francisco-agostinho-entrevista\/#primaryimage\"},\"thumbnailUrl\":\"https:\/\/www.abvp.pt\/wp-content\/uploads\/IMG_20190405_182119.jpg\",\"keywords\":[\"entrevista\"],\"articleSection\":[\"Conte\u00fado\"],\"inLanguage\":\"en-GB\",\"potentialAction\":[{\"@type\":\"CommentAction\",\"name\":\"Comment\",\"target\":[\"https:\/\/www.abvp.pt\/ao-sabor-do-vento-francisco-agostinho-entrevista\/#respond\"]}]},{\"@type\":\"WebPage\",\"@id\":\"https:\/\/www.abvp.pt\/ao-sabor-do-vento-francisco-agostinho-entrevista\/\",\"url\":\"https:\/\/www.abvp.pt\/ao-sabor-do-vento-francisco-agostinho-entrevista\/\",\"name\":\"Ao sabor do vento: Francisco Agostinho (entrevista) - ABVP\",\"isPartOf\":{\"@id\":\"https:\/\/www.abvp.pt\/#website\"},\"primaryImageOfPage\":{\"@id\":\"https:\/\/www.abvp.pt\/ao-sabor-do-vento-francisco-agostinho-entrevista\/#primaryimage\"},\"image\":{\"@id\":\"https:\/\/www.abvp.pt\/ao-sabor-do-vento-francisco-agostinho-entrevista\/#primaryimage\"},\"thumbnailUrl\":\"https:\/\/www.abvp.pt\/wp-content\/uploads\/IMG_20190405_182119.jpg\",\"datePublished\":\"2020-11-03T09:40:05+00:00\",\"dateModified\":\"2020-11-03T09:48:20+00:00\",\"breadcrumb\":{\"@id\":\"https:\/\/www.abvp.pt\/ao-sabor-do-vento-francisco-agostinho-entrevista\/#breadcrumb\"},\"inLanguage\":\"en-GB\",\"potentialAction\":[{\"@type\":\"ReadAction\",\"target\":[\"https:\/\/www.abvp.pt\/ao-sabor-do-vento-francisco-agostinho-entrevista\/\"]}]},{\"@type\":\"ImageObject\",\"inLanguage\":\"en-GB\",\"@id\":\"https:\/\/www.abvp.pt\/ao-sabor-do-vento-francisco-agostinho-entrevista\/#primaryimage\",\"url\":\"https:\/\/www.abvp.pt\/wp-content\/uploads\/IMG_20190405_182119.jpg\",\"contentUrl\":\"https:\/\/www.abvp.pt\/wp-content\/uploads\/IMG_20190405_182119.jpg\",\"width\":824,\"height\":618,\"caption\":\"Francisco Agostinho\"},{\"@type\":\"BreadcrumbList\",\"@id\":\"https:\/\/www.abvp.pt\/ao-sabor-do-vento-francisco-agostinho-entrevista\/#breadcrumb\",\"itemListElement\":[{\"@type\":\"ListItem\",\"position\":1,\"name\":\"In\u00edcio\",\"item\":\"https:\/\/www.abvp.pt\/\"},{\"@type\":\"ListItem\",\"position\":2,\"name\":\"Ao sabor do vento: Francisco Agostinho (entrevista)\"}]},{\"@type\":\"WebSite\",\"@id\":\"https:\/\/www.abvp.pt\/#website\",\"url\":\"https:\/\/www.abvp.pt\/\",\"name\":\"ABVP\",\"description\":\"Associa\u00e7\u00e3o de Bloggers de Viagem Portugueses\",\"publisher\":{\"@id\":\"https:\/\/www.abvp.pt\/#organization\"},\"potentialAction\":[{\"@type\":\"SearchAction\",\"target\":{\"@type\":\"EntryPoint\",\"urlTemplate\":\"https:\/\/www.abvp.pt\/?s={search_term_string}\"},\"query-input\":{\"@type\":\"PropertyValueSpecification\",\"valueRequired\":true,\"valueName\":\"search_term_string\"}}],\"inLanguage\":\"en-GB\"},{\"@type\":\"Organization\",\"@id\":\"https:\/\/www.abvp.pt\/#organization\",\"name\":\"ABVP\",\"url\":\"https:\/\/www.abvp.pt\/\",\"logo\":{\"@type\":\"ImageObject\",\"inLanguage\":\"en-GB\",\"@id\":\"https:\/\/www.abvp.pt\/#\/schema\/logo\/image\/\",\"url\":\"https:\/\/www.abvp.pt\/wp-content\/uploads\/Logo-Header-dark.svg\",\"contentUrl\":\"https:\/\/www.abvp.pt\/wp-content\/uploads\/Logo-Header-dark.svg\",\"width\":325,\"height\":48,\"caption\":\"ABVP\"},\"image\":{\"@id\":\"https:\/\/www.abvp.pt\/#\/schema\/logo\/image\/\"},\"sameAs\":[\"https:\/\/www.facebook.com\/abvppt\/\",\"https:\/\/x.com\/abvppt\",\"https:\/\/www.instagram.com\/abvppt\/\"]},{\"@type\":\"Person\",\"@id\":\"https:\/\/www.abvp.pt\/#\/schema\/person\/3224ab1e82979d8d2daa9b24c41ac06f\",\"name\":\"Ruthia Portelinha\",\"image\":{\"@type\":\"ImageObject\",\"inLanguage\":\"en-GB\",\"@id\":\"https:\/\/www.abvp.pt\/#\/schema\/person\/image\/\",\"url\":\"https:\/\/secure.gravatar.com\/avatar\/fe88f7331e86f7718c223ca840ea6091?s=96&d=mm&r=g\",\"contentUrl\":\"https:\/\/secure.gravatar.com\/avatar\/fe88f7331e86f7718c223ca840ea6091?s=96&d=mm&r=g\",\"caption\":\"Ruthia Portelinha\"},\"description\":\"Viajante, m\u00e3e babada, choc\u00f3latra, amante de livros e museus. Autora do blog O Ber\u00e7o do Mundo.\",\"sameAs\":[\"https:\/\/www.bercodomundo.com\"],\"url\":\"https:\/\/www.abvp.pt\/en\/author\/ruthia\/\"}]}<\/script>\n<!-- \/ Yoast SEO plugin. -->","yoast_head_json":{"title":"Ao sabor do vento: Francisco Agostinho (entrevista) - ABVP","robots":{"index":"index","follow":"follow","max-snippet":"max-snippet:-1","max-image-preview":"max-image-preview:large","max-video-preview":"max-video-preview:-1"},"canonical":"https:\/\/www.abvp.pt\/en\/ao-sabor-do-vento-francisco-agostinho-entrevista\/","og_locale":"en_GB","og_type":"article","og_title":"Ao sabor do vento: Francisco Agostinho (entrevista) - ABVP","og_description":"Nome: Francisco Agostinho Profiss\u00e3o: L\u00edder de viagens Data de nascimento: 1980 Local de nascimento: Coimbra Local de resid\u00eancia: Leiria Pr\u00f3ximas viagens: Jord\u00e2nia \/ Balc\u00e3s Blog: Projecto 100 rota 1. O [&hellip;]","og_url":"https:\/\/www.abvp.pt\/en\/ao-sabor-do-vento-francisco-agostinho-entrevista\/","og_site_name":"ABVP","article_publisher":"https:\/\/www.facebook.com\/abvppt\/","article_published_time":"2020-11-03T09:40:05+00:00","article_modified_time":"2020-11-03T09:48:20+00:00","og_image":[{"width":824,"height":618,"url":"https:\/\/www.abvp.pt\/wp-content\/uploads\/IMG_20190405_182119.jpg","type":"image\/jpeg"}],"author":"Ruthia Portelinha","twitter_card":"summary_large_image","twitter_creator":"@abvppt","twitter_site":"@abvppt","twitter_misc":{"Written by":"Ruthia Portelinha","Estimated reading time":"4 minutes"},"schema":{"@context":"https:\/\/schema.org","@graph":[{"@type":"Article","@id":"https:\/\/www.abvp.pt\/ao-sabor-do-vento-francisco-agostinho-entrevista\/#article","isPartOf":{"@id":"https:\/\/www.abvp.pt\/ao-sabor-do-vento-francisco-agostinho-entrevista\/"},"author":{"name":"Ruthia Portelinha","@id":"https:\/\/www.abvp.pt\/#\/schema\/person\/3224ab1e82979d8d2daa9b24c41ac06f"},"headline":"Ao sabor do vento: Francisco Agostinho (entrevista)","datePublished":"2020-11-03T09:40:05+00:00","dateModified":"2020-11-03T09:48:20+00:00","mainEntityOfPage":{"@id":"https:\/\/www.abvp.pt\/ao-sabor-do-vento-francisco-agostinho-entrevista\/"},"wordCount":784,"commentCount":0,"publisher":{"@id":"https:\/\/www.abvp.pt\/#organization"},"image":{"@id":"https:\/\/www.abvp.pt\/ao-sabor-do-vento-francisco-agostinho-entrevista\/#primaryimage"},"thumbnailUrl":"https:\/\/www.abvp.pt\/wp-content\/uploads\/IMG_20190405_182119.jpg","keywords":["entrevista"],"articleSection":["Conte\u00fado"],"inLanguage":"en-GB","potentialAction":[{"@type":"CommentAction","name":"Comment","target":["https:\/\/www.abvp.pt\/ao-sabor-do-vento-francisco-agostinho-entrevista\/#respond"]}]},{"@type":"WebPage","@id":"https:\/\/www.abvp.pt\/ao-sabor-do-vento-francisco-agostinho-entrevista\/","url":"https:\/\/www.abvp.pt\/ao-sabor-do-vento-francisco-agostinho-entrevista\/","name":"Ao sabor do vento: Francisco Agostinho (entrevista) - ABVP","isPartOf":{"@id":"https:\/\/www.abvp.pt\/#website"},"primaryImageOfPage":{"@id":"https:\/\/www.abvp.pt\/ao-sabor-do-vento-francisco-agostinho-entrevista\/#primaryimage"},"image":{"@id":"https:\/\/www.abvp.pt\/ao-sabor-do-vento-francisco-agostinho-entrevista\/#primaryimage"},"thumbnailUrl":"https:\/\/www.abvp.pt\/wp-content\/uploads\/IMG_20190405_182119.jpg","datePublished":"2020-11-03T09:40:05+00:00","dateModified":"2020-11-03T09:48:20+00:00","breadcrumb":{"@id":"https:\/\/www.abvp.pt\/ao-sabor-do-vento-francisco-agostinho-entrevista\/#breadcrumb"},"inLanguage":"en-GB","potentialAction":[{"@type":"ReadAction","target":["https:\/\/www.abvp.pt\/ao-sabor-do-vento-francisco-agostinho-entrevista\/"]}]},{"@type":"ImageObject","inLanguage":"en-GB","@id":"https:\/\/www.abvp.pt\/ao-sabor-do-vento-francisco-agostinho-entrevista\/#primaryimage","url":"https:\/\/www.abvp.pt\/wp-content\/uploads\/IMG_20190405_182119.jpg","contentUrl":"https:\/\/www.abvp.pt\/wp-content\/uploads\/IMG_20190405_182119.jpg","width":824,"height":618,"caption":"Francisco Agostinho"},{"@type":"BreadcrumbList","@id":"https:\/\/www.abvp.pt\/ao-sabor-do-vento-francisco-agostinho-entrevista\/#breadcrumb","itemListElement":[{"@type":"ListItem","position":1,"name":"In\u00edcio","item":"https:\/\/www.abvp.pt\/"},{"@type":"ListItem","position":2,"name":"Ao sabor do vento: Francisco Agostinho (entrevista)"}]},{"@type":"WebSite","@id":"https:\/\/www.abvp.pt\/#website","url":"https:\/\/www.abvp.pt\/","name":"ABVP","description":"Association of Portuguese Travel Bloggers","publisher":{"@id":"https:\/\/www.abvp.pt\/#organization"},"potentialAction":[{"@type":"SearchAction","target":{"@type":"EntryPoint","urlTemplate":"https:\/\/www.abvp.pt\/?s={search_term_string}"},"query-input":{"@type":"PropertyValueSpecification","valueRequired":true,"valueName":"search_term_string"}}],"inLanguage":"en-GB"},{"@type":"Organization","@id":"https:\/\/www.abvp.pt\/#organization","name":"ABVP","url":"https:\/\/www.abvp.pt\/","logo":{"@type":"ImageObject","inLanguage":"en-GB","@id":"https:\/\/www.abvp.pt\/#\/schema\/logo\/image\/","url":"https:\/\/www.abvp.pt\/wp-content\/uploads\/Logo-Header-dark.svg","contentUrl":"https:\/\/www.abvp.pt\/wp-content\/uploads\/Logo-Header-dark.svg","width":325,"height":48,"caption":"ABVP"},"image":{"@id":"https:\/\/www.abvp.pt\/#\/schema\/logo\/image\/"},"sameAs":["https:\/\/www.facebook.com\/abvppt\/","https:\/\/x.com\/abvppt","https:\/\/www.instagram.com\/abvppt\/"]},{"@type":"Person","@id":"https:\/\/www.abvp.pt\/#\/schema\/person\/3224ab1e82979d8d2daa9b24c41ac06f","name":"Ruthia Portelinha","image":{"@type":"ImageObject","inLanguage":"en-GB","@id":"https:\/\/www.abvp.pt\/#\/schema\/person\/image\/","url":"https:\/\/secure.gravatar.com\/avatar\/fe88f7331e86f7718c223ca840ea6091?s=96&d=mm&r=g","contentUrl":"https:\/\/secure.gravatar.com\/avatar\/fe88f7331e86f7718c223ca840ea6091?s=96&d=mm&r=g","caption":"Ruthia Portelinha"},"description":"Viajante, m\u00e3e babada, choc\u00f3latra, amante de livros e museus. Autora do blog O Ber\u00e7o do Mundo.","sameAs":["https:\/\/www.bercodomundo.com"],"url":"https:\/\/www.abvp.pt\/en\/author\/ruthia\/"}]}},"_links":{"self":[{"href":"https:\/\/www.abvp.pt\/en\/wp-json\/wp\/v2\/posts\/1657","targetHints":{"allow":["GET"]}}],"collection":[{"href":"https:\/\/www.abvp.pt\/en\/wp-json\/wp\/v2\/posts"}],"about":[{"href":"https:\/\/www.abvp.pt\/en\/wp-json\/wp\/v2\/types\/post"}],"author":[{"embeddable":true,"href":"https:\/\/www.abvp.pt\/en\/wp-json\/wp\/v2\/users\/5"}],"replies":[{"embeddable":true,"href":"https:\/\/www.abvp.pt\/en\/wp-json\/wp\/v2\/comments?post=1657"}],"version-history":[{"count":0,"href":"https:\/\/www.abvp.pt\/en\/wp-json\/wp\/v2\/posts\/1657\/revisions"}],"wp:featuredmedia":[{"embeddable":true,"href":"https:\/\/www.abvp.pt\/en\/wp-json\/wp\/v2\/media\/1658"}],"wp:attachment":[{"href":"https:\/\/www.abvp.pt\/en\/wp-json\/wp\/v2\/media?parent=1657"}],"wp:term":[{"taxonomy":"category","embeddable":true,"href":"https:\/\/www.abvp.pt\/en\/wp-json\/wp\/v2\/categories?post=1657"},{"taxonomy":"post_tag","embeddable":true,"href":"https:\/\/www.abvp.pt\/en\/wp-json\/wp\/v2\/tags?post=1657"}],"curies":[{"name":"wp","href":"https:\/\/api.w.org\/{rel}","templated":true}]}}