{"id":1736,"date":"2020-10-20T14:24:51","date_gmt":"2020-10-20T13:24:51","guid":{"rendered":"https:\/\/www.abvp.pt\/?p=1736"},"modified":"2020-10-20T14:28:04","modified_gmt":"2020-10-20T13:28:04","slug":"jornadas-gastronomicas","status":"publish","type":"post","link":"https:\/\/www.abvp.pt\/en\/jornadas-gastronomicas\/","title":{"rendered":"Jornadas Gastron\u00f3micas Ger\u00eas-Xur\u00eas | blogtrips deliciosas"},"content":{"rendered":"<p>Nove membros da <a href=\"https:\/\/www.abvp.pt\/en\/associados\/\" target=\"_blank\" rel=\"noreferrer noopener\">ABVP &#8211; Associa\u00e7\u00e3o de Bloggers de Viagem Portugueses<\/a> participaram das Jornadas Gastron\u00f3micas Ger\u00eas-Xur\u00eas, promovidas pelo <a aria-label=\"undefined (abre num novo separador)\" href=\"https:\/\/www.facebook.com\/TurismoPortoNortePortugal\/\" target=\"_blank\" rel=\"noreferrer noopener\">Porto and Northern Portugal Tourist Board<\/a>, que os levou at\u00e9 \u00e0s maravilhas naturais e gastron\u00f3micas dos concelhos de Arcos de Valdevez, Melga\u00e7o, Montalegre, Ponte da Barca e Terras de Bouro.&nbsp;<\/p>\n\n\n\n<p>Realizadas em dois momentos distintos (3 a 6 de setembro e 11 a 13 de setembro), inclu\u00edram experi\u00eancias inesquec\u00edveis, numa <strong>perspetiva inspiradora do patrim\u00f3nio do Parque Nacional da Peneda-Ger\u00eas<\/strong>. <\/p>\n\n\n\n<h2 class=\"wp-block-heading\"><strong>Ger\u00eas-Xur\u00eas Gastronomy Days<\/strong><\/h2>\n\n\n\n<figure class=\"wp-block-image size-large\"><img fetchpriority=\"high\" decoding=\"async\" width=\"1280\" height=\"720\" src=\"https:\/\/www.abvp.pt\/wp-content\/uploads\/jornadas-gastronomicas.jpg\" alt=\"Jornadas Gastron\u00f3micas\" class=\"wp-image-1738\" srcset=\"https:\/\/www.abvp.pt\/wp-content\/uploads\/jornadas-gastronomicas.jpg 1280w, https:\/\/www.abvp.pt\/wp-content\/uploads\/jornadas-gastronomicas-600x338.jpg 600w, https:\/\/www.abvp.pt\/wp-content\/uploads\/jornadas-gastronomicas-800x450.jpg 800w, https:\/\/www.abvp.pt\/wp-content\/uploads\/jornadas-gastronomicas-150x84.jpg 150w, https:\/\/www.abvp.pt\/wp-content\/uploads\/jornadas-gastronomicas-768x432.jpg 768w, https:\/\/www.abvp.pt\/wp-content\/uploads\/jornadas-gastronomicas-960x540.jpg 960w\" sizes=\"(max-width: 1280px) 100vw, 1280px\" \/><figcaption>Petiscos servidos junto aos espigueiros do Lindoso, Ponte da Barca.<\/figcaption><\/figure>\n\n\n\n<blockquote class=\"wp-block-quote is-layout-flow wp-block-quote-is-layout-flow\"><p>A gastronomia \u00e9 um dos produtos mais estruturantes para a consolida\u00e7\u00e3o da oferta tur\u00edstica da regi\u00e3o e da imagem do destino no contexto nacional. (<em>Lu\u00eds Pedro Martins &#8211; Presidente do Turismo do Porto e Norte de Portugal&nbsp;<\/em>)<\/p><\/blockquote>\n\n\n\n<p>Os bloggers tiveram oportunidade de <strong>provar especialidades locais<\/strong> como a carne cachena, o cabrito, o fumeiro, os queijos de cabra e a broa artesanal. Os doces tamb\u00e9m fizeram as del\u00edcias dos participantes, das compotas caseiras aos favos de mel, do bolo de discos aos charutos de Arcos, uma das 7 Maravilhas Doces de Portugal.<\/p>\n\n\n\n<p>Realizados na regi\u00e3o dos vinhos verdes, os roteiros gastron\u00f3micos contaram com v\u00e1rias op\u00e7\u00f5es de harmoniza\u00e7\u00e3o dos pratos com <strong>vinhos \u00fanicos no mundo<\/strong>, com destaque para o Alvarinho, o Vinh\u00e3o e tamb\u00e9m o espumante de vinho verde.<\/p>\n\n\n\n<figure class=\"wp-block-image size-large\"><img decoding=\"async\" width=\"1200\" height=\"800\" src=\"https:\/\/www.abvp.pt\/wp-content\/uploads\/jornadas-gastronomicas-geres-3.jpg\" alt=\"\" class=\"wp-image-1751\" srcset=\"https:\/\/www.abvp.pt\/wp-content\/uploads\/jornadas-gastronomicas-geres-3.jpg 1200w, https:\/\/www.abvp.pt\/wp-content\/uploads\/jornadas-gastronomicas-geres-3-600x400.jpg 600w, https:\/\/www.abvp.pt\/wp-content\/uploads\/jornadas-gastronomicas-geres-3-800x533.jpg 800w, https:\/\/www.abvp.pt\/wp-content\/uploads\/jornadas-gastronomicas-geres-3-150x100.jpg 150w, https:\/\/www.abvp.pt\/wp-content\/uploads\/jornadas-gastronomicas-geres-3-768x512.jpg 768w\" sizes=\"(max-width: 1200px) 100vw, 1200px\" \/><figcaption>Cr\u00e9ditos: The Wise Travellers (autores <em>tamb\u00e9m<\/em> da imagem de abertura).<\/figcaption><\/figure>\n\n\n\n<p>Se ficou clara a riqueza gastron\u00f3mica da regi\u00e3o, o patrim\u00f3nio paisag\u00edstico n\u00e3o ficou esquecido. Os bloggers da ABVP visitaram <strong>lugares diferenciados<\/strong>, de que o castelo e os espigueiros do Lindoso, o castelo de Montalegre e as aldeias de de Sistelo (uma das 7 Maravilhas de Portugal na categoria &#8220;Aldeias&#8221;) e de Pit\u00f5es das J\u00fanias s\u00e3o meros exemplos.<\/p>\n\n\n\n<p>No que respeita ao patrim\u00f3nio, maravilharam-se com o Pa\u00e7o da Giela e com a Igreja Rom\u00e2nica de Brav\u00e3es, depois de passarem pelo maior baloi\u00e7o de Portugal, no Mezio. Por fim, do alto dos miradouros foi poss\u00edvel contemplar a <strong>magnific\u00eancia das serras e montanhas t\u00e3o pr\u00f3prias do territ\u00f3rio<\/strong>.&nbsp;<\/p>\n\n\n\n<p>As paisagens dos miradouros de Estrica, do Padr\u00e3o e da Ermida dever\u00e3o inspirar os bloggers, que visitaram tamb\u00e9m o Centro Interpretativo Fern\u00e3o Magalh\u00e3es, as Termas de Melga\u00e7o, as Lagoas de Marinho, o Ecomuseu do Barroso e o Espa\u00e7o Padre Fontes.<\/p>\n\n\n\n<figure class=\"wp-block-image size-large\"><img decoding=\"async\" width=\"1200\" height=\"800\" src=\"https:\/\/www.abvp.pt\/wp-content\/uploads\/jornadas-gastronomicas-geres-4.jpg\" alt=\"\" class=\"wp-image-1753\" srcset=\"https:\/\/www.abvp.pt\/wp-content\/uploads\/jornadas-gastronomicas-geres-4.jpg 1200w, https:\/\/www.abvp.pt\/wp-content\/uploads\/jornadas-gastronomicas-geres-4-600x400.jpg 600w, https:\/\/www.abvp.pt\/wp-content\/uploads\/jornadas-gastronomicas-geres-4-800x533.jpg 800w, https:\/\/www.abvp.pt\/wp-content\/uploads\/jornadas-gastronomicas-geres-4-150x100.jpg 150w, https:\/\/www.abvp.pt\/wp-content\/uploads\/jornadas-gastronomicas-geres-4-768x512.jpg 768w\" sizes=\"(max-width: 1200px) 100vw, 1200px\" \/><\/figure>\n\n\n\n<h2 class=\"wp-block-heading\"><strong>Participantes das <em>blogtrips<\/em><\/strong><\/h2>\n\n\n\n<p>A viagem permitiu redescobrir as paisagens, assim como as gentes que s\u00e3o a alma deste territ\u00f3rio que \u00e9 Reserva da Biosfera.<\/p>\n\n\n\n<p>Nas <em>Ger\u00eas-Xur\u00eas Gastronomy Days<\/em> participaram os seguintes bloggers: Filipa Chatillon (Contos Alfacinhas), David Samuel Santos (Dobrar Fronteiras), S\u00f3nia&nbsp;Justo (Lovely Lisbonner), M\u00f3nica e Guilherme Alves (Passaporte no Bolso), Sandrina e Tiago Ferreira (The Wise Travellers), Ana C. Borges (Viajar Porque Sim) e Catarina Monteiro (Wander Life Blog).<\/p>\n\n\n\n<p>Al\u00e9m da exposi\u00e7\u00e3o medi\u00e1tica do territ\u00f3rio nas redes sociais, destas <em>blogtrips<\/em> resultar\u00e3o v\u00e1rios artigos nos respetivos blogs.<\/p>\n\n\n\n<figure class=\"wp-block-image size-large\"><img loading=\"lazy\" decoding=\"async\" width=\"1200\" height=\"800\" src=\"https:\/\/www.abvp.pt\/wp-content\/uploads\/jornadas-gastronomicas-geres-2.jpg\" alt=\"\" class=\"wp-image-1752\" srcset=\"https:\/\/www.abvp.pt\/wp-content\/uploads\/jornadas-gastronomicas-geres-2.jpg 1200w, https:\/\/www.abvp.pt\/wp-content\/uploads\/jornadas-gastronomicas-geres-2-600x400.jpg 600w, https:\/\/www.abvp.pt\/wp-content\/uploads\/jornadas-gastronomicas-geres-2-800x533.jpg 800w, https:\/\/www.abvp.pt\/wp-content\/uploads\/jornadas-gastronomicas-geres-2-150x100.jpg 150w, https:\/\/www.abvp.pt\/wp-content\/uploads\/jornadas-gastronomicas-geres-2-768x512.jpg 768w\" sizes=\"(max-width: 1200px) 100vw, 1200px\" \/><figcaption>Paisagens do Ger\u00eas.<\/figcaption><\/figure>\n\n\n\n<h2 class=\"wp-block-heading\"><strong>Posts publicados (em atualiza\u00e7\u00e3o)<\/strong><\/h2>\n\n\n\n<p><a href=\"https:\/\/passaportenobolso.com\/baloico-do-mezio\/\" target=\"_blank\" aria-label=\"undefined (abre num novo separador)\" rel=\"noreferrer noopener\">Baloi\u00e7o do Mezio | o maior baloi\u00e7o de Portugal<\/a> (Passaporte no Bolso)<\/p>\n\n\n\n<p><a aria-label=\"undefined (abre num novo separador)\" href=\"https:\/\/www.thewisetravellers.com\/pt\/inspiring-blog\/fim-de-semana-gastronomico-em-terras-de-bouro\/\" target=\"_blank\" rel=\"noreferrer noopener\">Fim-de-semana Gastron\u00f3mico em Terras de Bouro<\/a> (The Wise Travellers)<\/p>\n\n\n\n<p><a href=\"https:\/\/viajarporquesim.blogs.sapo.pt\/o-sabor-do-geres-em-terras-de-bouro-73496\">O sabor do Ger\u00eas em Terras de Bouro<\/a> (Viajar porque sim)<\/p>\n\n\n\n<p><a href=\"https:\/\/passaportenobolso.com\/paco-de-giela\/\" target=\"_blank\" aria-label=\"undefined (abre num novo separador)\" rel=\"noreferrer noopener\">Pa\u00e7o de Giela | uma viagem \u201conde Portugal se fez\u201d<\/a> (Passaporte no Bolso)<\/p>\n\n\n\n<p><a href=\"https:\/\/passaportenobolso.com\/passadicos-do-sistelo\/\" target=\"_blank\" aria-label=\"undefined (abre num novo separador)\" rel=\"noreferrer noopener\">Passadi\u00e7os do Sistelo em Arcos de Valdevez<\/a> (Passaporte no Bolso)<\/p>\n\n\n\n<p><a aria-label=\"undefined (abre num novo separador)\" href=\"https:\/\/dobrarfronteiras.com\/peneda-geres-arcos-de-valdevez-sistelo\/\" target=\"_blank\" rel=\"noreferrer noopener\">Peneda-Ger\u00eas: de Arcos de Valdevez a Sistelo<\/a> (Dobrar Fronteiras)<\/p>\n\n\n\n<p><a href=\"https:\/\/passaportenobolso.com\/porta-do-mezio\/\" target=\"_blank\" aria-label=\"undefined (abre num novo separador)\" rel=\"noreferrer noopener\">Porta do Mezio no Parque Nacional Peneda-Ger\u00eas<\/a> (Passaporte no Bolso)<\/p>\n\n\n\n<p><a href=\"https:\/\/contosalfacinhas.com\/2020\/10\/02\/turismo-responsavel-um-apelo\/\" target=\"_blank\" aria-label=\"undefined (abre num novo separador)\" rel=\"noreferrer noopener\">Turismo Respons\u00e1vel: Um apelo <\/a>(Contos Alfacinhas)<\/p>\n\n\n\n<p><a href=\"https:\/\/contosalfacinhas.com\/2020\/10\/13\/um-pequeno-aparte-vinico\/\">Um pequeno aparte v\u00ednico<\/a> (Contos Alfacinhas)<\/p>","protected":false},"excerpt":{"rendered":"<p>Nove membros da ABVP &#8211; Associa\u00e7\u00e3o de Bloggers de Viagem Portugueses participaram das Jornadas Gastron\u00f3micas Ger\u00eas-Xur\u00eas, promovidas pelo Turismo do Porto e Norte de Portugal, que os levou at\u00e9 \u00e0s [&hellip;]<\/p>\n","protected":false},"author":53,"featured_media":1750,"comment_status":"open","ping_status":"closed","sticky":false,"template":"","format":"standard","meta":{"_price":"","_stock":"","_tribe_ticket_header":"","_tribe_default_ticket_provider":"","_tribe_ticket_capacity":"0","_ticket_start_date":"","_ticket_end_date":"","_tribe_ticket_show_description":"","_tribe_ticket_show_not_going":false,"_tribe_ticket_use_global_stock":"","_tribe_ticket_global_stock_level":"","_global_stock_mode":"","_global_stock_cap":"","_tribe_rsvp_for_event":"","_tribe_ticket_going_count":"","_tribe_ticket_not_going_count":"","_tribe_tickets_list":"[]","_tribe_ticket_has_attendee_info_fields":false,"_EventAllDay":false,"_EventTimezone":"","_EventStartDate":"","_EventEndDate":"","_EventStartDateUTC":"","_EventEndDateUTC":"","_EventShowMap":false,"_EventShowMapLink":false,"_EventURL":"","_EventCost":"","_EventCostDescription":"","_EventCurrencySymbol":"","_EventCurrencyCode":"","_EventCurrencyPosition":"","_EventDateTimeSeparator":"","_EventTimeRangeSeparator":"","_EventOrganizerID":[],"_EventVenueID":[],"_OrganizerEmail":"","_OrganizerPhone":"","_OrganizerWebsite":"","_VenueAddress":"","_VenueCity":"","_VenueCountry":"","_VenueProvince":"","_VenueState":"","_VenueZip":"","_VenuePhone":"","_VenueURL":"","_VenueStateProvince":"","_VenueLat":"","_VenueLng":"","_VenueShowMap":false,"_VenueShowMapLink":false,"footnotes":""},"categories":[1],"tags":[],"class_list":["post-1736","post","type-post","status-publish","format-standard","has-post-thumbnail","hentry","category-conteudo"],"blocksy_meta":[],"yoast_head":"<!-- This site is optimized with the Yoast SEO plugin v26.4 - https:\/\/yoast.com\/wordpress\/plugins\/seo\/ -->\n<title>Jornadas Gastron\u00f3micas Ger\u00eas-Xur\u00eas | blogtrips deliciosas - ABVP<\/title>\n<meta name=\"description\" content=\"As Jornadas Gastron\u00f3micas Ger\u00eas-Xur\u00eas mostraram riquezas natural\/gastron\u00f3micas de Arcos de Valdevez, Melga\u00e7o, Montalegre, Ponte da Barca e Terras de Bouro.\" \/>\n<meta name=\"robots\" content=\"index, follow, max-snippet:-1, max-image-preview:large, max-video-preview:-1\" \/>\n<link rel=\"canonical\" href=\"https:\/\/www.abvp.pt\/en\/jornadas-gastronomicas\/\" \/>\n<meta property=\"og:locale\" content=\"en_GB\" \/>\n<meta property=\"og:type\" content=\"article\" \/>\n<meta property=\"og:title\" content=\"Jornadas Gastron\u00f3micas Ger\u00eas-Xur\u00eas | blogtrips deliciosas - ABVP\" \/>\n<meta property=\"og:description\" content=\"As Jornadas Gastron\u00f3micas Ger\u00eas-Xur\u00eas mostraram riquezas natural\/gastron\u00f3micas de Arcos de Valdevez, Melga\u00e7o, Montalegre, Ponte da Barca e Terras de Bouro.\" \/>\n<meta property=\"og:url\" content=\"https:\/\/www.abvp.pt\/en\/jornadas-gastronomicas\/\" \/>\n<meta property=\"og:site_name\" content=\"ABVP\" \/>\n<meta property=\"article:publisher\" content=\"https:\/\/www.facebook.com\/abvppt\/\" \/>\n<meta property=\"article:published_time\" content=\"2020-10-20T13:24:51+00:00\" \/>\n<meta property=\"article:modified_time\" content=\"2020-10-20T13:28:04+00:00\" \/>\n<meta property=\"og:image\" content=\"https:\/\/www.abvp.pt\/wp-content\/uploads\/jornadas-gastronomicas-geres-1.jpg\" \/>\n\t<meta property=\"og:image:width\" content=\"1200\" \/>\n\t<meta property=\"og:image:height\" content=\"800\" \/>\n\t<meta property=\"og:image:type\" content=\"image\/jpeg\" \/>\n<meta name=\"author\" content=\"Monica Rodrigues Alves\" \/>\n<meta name=\"twitter:card\" content=\"summary_large_image\" \/>\n<meta name=\"twitter:creator\" content=\"@abvppt\" \/>\n<meta name=\"twitter:site\" content=\"@abvppt\" \/>\n<meta name=\"twitter:label1\" content=\"Written by\" \/>\n\t<meta name=\"twitter:data1\" content=\"Monica Rodrigues Alves\" \/>\n\t<meta name=\"twitter:label2\" content=\"Estimated reading time\" \/>\n\t<meta name=\"twitter:data2\" content=\"3 minutes\" \/>\n<script type=\"application\/ld+json\" class=\"yoast-schema-graph\">{\"@context\":\"https:\/\/schema.org\",\"@graph\":[{\"@type\":\"Article\",\"@id\":\"https:\/\/www.abvp.pt\/jornadas-gastronomicas\/#article\",\"isPartOf\":{\"@id\":\"https:\/\/www.abvp.pt\/jornadas-gastronomicas\/\"},\"author\":{\"name\":\"Monica Rodrigues Alves\",\"@id\":\"https:\/\/www.abvp.pt\/#\/schema\/person\/bf672df6770c07caac5cfbb1897b9c45\"},\"headline\":\"Jornadas Gastron\u00f3micas Ger\u00eas-Xur\u00eas | blogtrips deliciosas\",\"datePublished\":\"2020-10-20T13:24:51+00:00\",\"dateModified\":\"2020-10-20T13:28:04+00:00\",\"mainEntityOfPage\":{\"@id\":\"https:\/\/www.abvp.pt\/jornadas-gastronomicas\/\"},\"wordCount\":634,\"commentCount\":0,\"publisher\":{\"@id\":\"https:\/\/www.abvp.pt\/#organization\"},\"image\":{\"@id\":\"https:\/\/www.abvp.pt\/jornadas-gastronomicas\/#primaryimage\"},\"thumbnailUrl\":\"https:\/\/www.abvp.pt\/wp-content\/uploads\/jornadas-gastronomicas-geres-1.jpg\",\"articleSection\":[\"Conte\u00fado\"],\"inLanguage\":\"en-GB\",\"potentialAction\":[{\"@type\":\"CommentAction\",\"name\":\"Comment\",\"target\":[\"https:\/\/www.abvp.pt\/jornadas-gastronomicas\/#respond\"]}]},{\"@type\":\"WebPage\",\"@id\":\"https:\/\/www.abvp.pt\/jornadas-gastronomicas\/\",\"url\":\"https:\/\/www.abvp.pt\/jornadas-gastronomicas\/\",\"name\":\"Jornadas Gastron\u00f3micas Ger\u00eas-Xur\u00eas | blogtrips deliciosas - ABVP\",\"isPartOf\":{\"@id\":\"https:\/\/www.abvp.pt\/#website\"},\"primaryImageOfPage\":{\"@id\":\"https:\/\/www.abvp.pt\/jornadas-gastronomicas\/#primaryimage\"},\"image\":{\"@id\":\"https:\/\/www.abvp.pt\/jornadas-gastronomicas\/#primaryimage\"},\"thumbnailUrl\":\"https:\/\/www.abvp.pt\/wp-content\/uploads\/jornadas-gastronomicas-geres-1.jpg\",\"datePublished\":\"2020-10-20T13:24:51+00:00\",\"dateModified\":\"2020-10-20T13:28:04+00:00\",\"description\":\"As Jornadas Gastron\u00f3micas Ger\u00eas-Xur\u00eas mostraram riquezas natural\/gastron\u00f3micas de Arcos de Valdevez, Melga\u00e7o, Montalegre, Ponte da Barca e Terras de Bouro.\",\"breadcrumb\":{\"@id\":\"https:\/\/www.abvp.pt\/jornadas-gastronomicas\/#breadcrumb\"},\"inLanguage\":\"en-GB\",\"potentialAction\":[{\"@type\":\"ReadAction\",\"target\":[\"https:\/\/www.abvp.pt\/jornadas-gastronomicas\/\"]}]},{\"@type\":\"ImageObject\",\"inLanguage\":\"en-GB\",\"@id\":\"https:\/\/www.abvp.pt\/jornadas-gastronomicas\/#primaryimage\",\"url\":\"https:\/\/www.abvp.pt\/wp-content\/uploads\/jornadas-gastronomicas-geres-1.jpg\",\"contentUrl\":\"https:\/\/www.abvp.pt\/wp-content\/uploads\/jornadas-gastronomicas-geres-1.jpg\",\"width\":1200,\"height\":800,\"caption\":\"jornadas gastronomicas\"},{\"@type\":\"BreadcrumbList\",\"@id\":\"https:\/\/www.abvp.pt\/jornadas-gastronomicas\/#breadcrumb\",\"itemListElement\":[{\"@type\":\"ListItem\",\"position\":1,\"name\":\"In\u00edcio\",\"item\":\"https:\/\/www.abvp.pt\/\"},{\"@type\":\"ListItem\",\"position\":2,\"name\":\"Jornadas Gastron\u00f3micas Ger\u00eas-Xur\u00eas | blogtrips deliciosas\"}]},{\"@type\":\"WebSite\",\"@id\":\"https:\/\/www.abvp.pt\/#website\",\"url\":\"https:\/\/www.abvp.pt\/\",\"name\":\"ABVP\",\"description\":\"Associa\u00e7\u00e3o de Bloggers de Viagem Portugueses\",\"publisher\":{\"@id\":\"https:\/\/www.abvp.pt\/#organization\"},\"potentialAction\":[{\"@type\":\"SearchAction\",\"target\":{\"@type\":\"EntryPoint\",\"urlTemplate\":\"https:\/\/www.abvp.pt\/?s={search_term_string}\"},\"query-input\":{\"@type\":\"PropertyValueSpecification\",\"valueRequired\":true,\"valueName\":\"search_term_string\"}}],\"inLanguage\":\"en-GB\"},{\"@type\":\"Organization\",\"@id\":\"https:\/\/www.abvp.pt\/#organization\",\"name\":\"ABVP\",\"url\":\"https:\/\/www.abvp.pt\/\",\"logo\":{\"@type\":\"ImageObject\",\"inLanguage\":\"en-GB\",\"@id\":\"https:\/\/www.abvp.pt\/#\/schema\/logo\/image\/\",\"url\":\"https:\/\/www.abvp.pt\/wp-content\/uploads\/Logo-Header-dark.svg\",\"contentUrl\":\"https:\/\/www.abvp.pt\/wp-content\/uploads\/Logo-Header-dark.svg\",\"width\":325,\"height\":48,\"caption\":\"ABVP\"},\"image\":{\"@id\":\"https:\/\/www.abvp.pt\/#\/schema\/logo\/image\/\"},\"sameAs\":[\"https:\/\/www.facebook.com\/abvppt\/\",\"https:\/\/x.com\/abvppt\",\"https:\/\/www.instagram.com\/abvppt\/\"]},{\"@type\":\"Person\",\"@id\":\"https:\/\/www.abvp.pt\/#\/schema\/person\/bf672df6770c07caac5cfbb1897b9c45\",\"name\":\"Monica Rodrigues Alves\",\"image\":{\"@type\":\"ImageObject\",\"inLanguage\":\"en-GB\",\"@id\":\"https:\/\/www.abvp.pt\/#\/schema\/person\/image\/\",\"url\":\"https:\/\/secure.gravatar.com\/avatar\/a1d024a46ceeee39c1edfb06eb697ceb?s=96&d=mm&r=g\",\"contentUrl\":\"https:\/\/secure.gravatar.com\/avatar\/a1d024a46ceeee39c1edfb06eb697ceb?s=96&d=mm&r=g\",\"caption\":\"Monica Rodrigues Alves\"},\"description\":\"Apaixonada por viagens, acredito que \u00e9 poss\u00edvel viajar em fam\u00edlia, de forma frequente, com algum conforto e sem ir \u00e0 fal\u00eancia. Co-autora do blog Passaporte no Bolso\",\"sameAs\":[\"https:\/\/passaportenobolso.com\/\"],\"url\":\"https:\/\/www.abvp.pt\/en\/author\/monicarodriguesalves\/\"}]}<\/script>\n<!-- \/ Yoast SEO plugin. -->","yoast_head_json":{"title":"Jornadas Gastron\u00f3micas Ger\u00eas-Xur\u00eas | blogtrips deliciosas - ABVP","description":"As Jornadas Gastron\u00f3micas Ger\u00eas-Xur\u00eas mostraram riquezas natural\/gastron\u00f3micas de Arcos de Valdevez, Melga\u00e7o, Montalegre, Ponte da Barca e Terras de Bouro.","robots":{"index":"index","follow":"follow","max-snippet":"max-snippet:-1","max-image-preview":"max-image-preview:large","max-video-preview":"max-video-preview:-1"},"canonical":"https:\/\/www.abvp.pt\/en\/jornadas-gastronomicas\/","og_locale":"en_GB","og_type":"article","og_title":"Jornadas Gastron\u00f3micas Ger\u00eas-Xur\u00eas | blogtrips deliciosas - ABVP","og_description":"As Jornadas Gastron\u00f3micas Ger\u00eas-Xur\u00eas mostraram riquezas natural\/gastron\u00f3micas de Arcos de Valdevez, Melga\u00e7o, Montalegre, Ponte da Barca e Terras de Bouro.","og_url":"https:\/\/www.abvp.pt\/en\/jornadas-gastronomicas\/","og_site_name":"ABVP","article_publisher":"https:\/\/www.facebook.com\/abvppt\/","article_published_time":"2020-10-20T13:24:51+00:00","article_modified_time":"2020-10-20T13:28:04+00:00","og_image":[{"width":1200,"height":800,"url":"https:\/\/www.abvp.pt\/wp-content\/uploads\/jornadas-gastronomicas-geres-1.jpg","type":"image\/jpeg"}],"author":"Monica Rodrigues Alves","twitter_card":"summary_large_image","twitter_creator":"@abvppt","twitter_site":"@abvppt","twitter_misc":{"Written by":"Monica Rodrigues Alves","Estimated reading time":"3 minutes"},"schema":{"@context":"https:\/\/schema.org","@graph":[{"@type":"Article","@id":"https:\/\/www.abvp.pt\/jornadas-gastronomicas\/#article","isPartOf":{"@id":"https:\/\/www.abvp.pt\/jornadas-gastronomicas\/"},"author":{"name":"Monica Rodrigues Alves","@id":"https:\/\/www.abvp.pt\/#\/schema\/person\/bf672df6770c07caac5cfbb1897b9c45"},"headline":"Jornadas Gastron\u00f3micas Ger\u00eas-Xur\u00eas | blogtrips deliciosas","datePublished":"2020-10-20T13:24:51+00:00","dateModified":"2020-10-20T13:28:04+00:00","mainEntityOfPage":{"@id":"https:\/\/www.abvp.pt\/jornadas-gastronomicas\/"},"wordCount":634,"commentCount":0,"publisher":{"@id":"https:\/\/www.abvp.pt\/#organization"},"image":{"@id":"https:\/\/www.abvp.pt\/jornadas-gastronomicas\/#primaryimage"},"thumbnailUrl":"https:\/\/www.abvp.pt\/wp-content\/uploads\/jornadas-gastronomicas-geres-1.jpg","articleSection":["Conte\u00fado"],"inLanguage":"en-GB","potentialAction":[{"@type":"CommentAction","name":"Comment","target":["https:\/\/www.abvp.pt\/jornadas-gastronomicas\/#respond"]}]},{"@type":"WebPage","@id":"https:\/\/www.abvp.pt\/jornadas-gastronomicas\/","url":"https:\/\/www.abvp.pt\/jornadas-gastronomicas\/","name":"Jornadas Gastron\u00f3micas Ger\u00eas-Xur\u00eas | blogtrips deliciosas - ABVP","isPartOf":{"@id":"https:\/\/www.abvp.pt\/#website"},"primaryImageOfPage":{"@id":"https:\/\/www.abvp.pt\/jornadas-gastronomicas\/#primaryimage"},"image":{"@id":"https:\/\/www.abvp.pt\/jornadas-gastronomicas\/#primaryimage"},"thumbnailUrl":"https:\/\/www.abvp.pt\/wp-content\/uploads\/jornadas-gastronomicas-geres-1.jpg","datePublished":"2020-10-20T13:24:51+00:00","dateModified":"2020-10-20T13:28:04+00:00","description":"As Jornadas Gastron\u00f3micas Ger\u00eas-Xur\u00eas mostraram riquezas natural\/gastron\u00f3micas de Arcos de Valdevez, Melga\u00e7o, Montalegre, Ponte da Barca e Terras de Bouro.","breadcrumb":{"@id":"https:\/\/www.abvp.pt\/jornadas-gastronomicas\/#breadcrumb"},"inLanguage":"en-GB","potentialAction":[{"@type":"ReadAction","target":["https:\/\/www.abvp.pt\/jornadas-gastronomicas\/"]}]},{"@type":"ImageObject","inLanguage":"en-GB","@id":"https:\/\/www.abvp.pt\/jornadas-gastronomicas\/#primaryimage","url":"https:\/\/www.abvp.pt\/wp-content\/uploads\/jornadas-gastronomicas-geres-1.jpg","contentUrl":"https:\/\/www.abvp.pt\/wp-content\/uploads\/jornadas-gastronomicas-geres-1.jpg","width":1200,"height":800,"caption":"jornadas gastronomicas"},{"@type":"BreadcrumbList","@id":"https:\/\/www.abvp.pt\/jornadas-gastronomicas\/#breadcrumb","itemListElement":[{"@type":"ListItem","position":1,"name":"In\u00edcio","item":"https:\/\/www.abvp.pt\/"},{"@type":"ListItem","position":2,"name":"Jornadas Gastron\u00f3micas Ger\u00eas-Xur\u00eas | blogtrips deliciosas"}]},{"@type":"WebSite","@id":"https:\/\/www.abvp.pt\/#website","url":"https:\/\/www.abvp.pt\/","name":"ABVP","description":"Association of Portuguese Travel Bloggers","publisher":{"@id":"https:\/\/www.abvp.pt\/#organization"},"potentialAction":[{"@type":"SearchAction","target":{"@type":"EntryPoint","urlTemplate":"https:\/\/www.abvp.pt\/?s={search_term_string}"},"query-input":{"@type":"PropertyValueSpecification","valueRequired":true,"valueName":"search_term_string"}}],"inLanguage":"en-GB"},{"@type":"Organization","@id":"https:\/\/www.abvp.pt\/#organization","name":"ABVP","url":"https:\/\/www.abvp.pt\/","logo":{"@type":"ImageObject","inLanguage":"en-GB","@id":"https:\/\/www.abvp.pt\/#\/schema\/logo\/image\/","url":"https:\/\/www.abvp.pt\/wp-content\/uploads\/Logo-Header-dark.svg","contentUrl":"https:\/\/www.abvp.pt\/wp-content\/uploads\/Logo-Header-dark.svg","width":325,"height":48,"caption":"ABVP"},"image":{"@id":"https:\/\/www.abvp.pt\/#\/schema\/logo\/image\/"},"sameAs":["https:\/\/www.facebook.com\/abvppt\/","https:\/\/x.com\/abvppt","https:\/\/www.instagram.com\/abvppt\/"]},{"@type":"Person","@id":"https:\/\/www.abvp.pt\/#\/schema\/person\/bf672df6770c07caac5cfbb1897b9c45","name":"Monica Rodrigues Alves","image":{"@type":"ImageObject","inLanguage":"en-GB","@id":"https:\/\/www.abvp.pt\/#\/schema\/person\/image\/","url":"https:\/\/secure.gravatar.com\/avatar\/a1d024a46ceeee39c1edfb06eb697ceb?s=96&d=mm&r=g","contentUrl":"https:\/\/secure.gravatar.com\/avatar\/a1d024a46ceeee39c1edfb06eb697ceb?s=96&d=mm&r=g","caption":"Monica Rodrigues Alves"},"description":"Apaixonada por viagens, acredito que \u00e9 poss\u00edvel viajar em fam\u00edlia, de forma frequente, com algum conforto e sem ir \u00e0 fal\u00eancia. Co-autora do blog Passaporte no Bolso","sameAs":["https:\/\/passaportenobolso.com\/"],"url":"https:\/\/www.abvp.pt\/en\/author\/monicarodriguesalves\/"}]}},"_links":{"self":[{"href":"https:\/\/www.abvp.pt\/en\/wp-json\/wp\/v2\/posts\/1736","targetHints":{"allow":["GET"]}}],"collection":[{"href":"https:\/\/www.abvp.pt\/en\/wp-json\/wp\/v2\/posts"}],"about":[{"href":"https:\/\/www.abvp.pt\/en\/wp-json\/wp\/v2\/types\/post"}],"author":[{"embeddable":true,"href":"https:\/\/www.abvp.pt\/en\/wp-json\/wp\/v2\/users\/53"}],"replies":[{"embeddable":true,"href":"https:\/\/www.abvp.pt\/en\/wp-json\/wp\/v2\/comments?post=1736"}],"version-history":[{"count":0,"href":"https:\/\/www.abvp.pt\/en\/wp-json\/wp\/v2\/posts\/1736\/revisions"}],"wp:featuredmedia":[{"embeddable":true,"href":"https:\/\/www.abvp.pt\/en\/wp-json\/wp\/v2\/media\/1750"}],"wp:attachment":[{"href":"https:\/\/www.abvp.pt\/en\/wp-json\/wp\/v2\/media?parent=1736"}],"wp:term":[{"taxonomy":"category","embeddable":true,"href":"https:\/\/www.abvp.pt\/en\/wp-json\/wp\/v2\/categories?post=1736"},{"taxonomy":"post_tag","embeddable":true,"href":"https:\/\/www.abvp.pt\/en\/wp-json\/wp\/v2\/tags?post=1736"}],"curies":[{"name":"wp","href":"https:\/\/api.w.org\/{rel}","templated":true}]}}