{"id":1771,"date":"2020-12-19T17:28:49","date_gmt":"2020-12-19T17:28:49","guid":{"rendered":"https:\/\/www.abvp.pt\/?p=1771"},"modified":"2020-12-19T17:36:51","modified_gmt":"2020-12-19T17:36:51","slug":"turismo-historico-militar-portugal","status":"publish","type":"post","link":"https:\/\/www.abvp.pt\/en\/turismo-historico-militar-portugal\/","title":{"rendered":"Turismo Hist\u00f3rico-Militar em Portugal: um nicho a explorar"},"content":{"rendered":"\n<h2 class=\"wp-block-heading\">O Turismo Hist\u00f3rico-Militar est\u00e1 em crescimento e, com ele, um nicho que pode constituir uma oportunidade de diferencia\u00e7\u00e3o para os blogs de viagem<\/h2>\n\n\n\n<p>A Internet \u00e9 a forma mais r\u00e1pida de chegar a uma vasta audi\u00eancia num mundo cada vez mais global, onde o mercado do turismo se caracteriza pela enorme oferta de produtos e destinos vocacionados para as massas. <\/p>\n\n\n\n<p>Felizmente, tem crescido tamb\u00e9m a procura de nichos tur\u00edsticos que primam pela qualidade da oferta e pela diversidade de experi\u00eancias. Neste contexto, h\u00e1 cada vez mais portugueses interessados num <strong>produto tur\u00edstico mais individualizado, exigente e especializado: o Turismo Hist\u00f3rico-Militar<\/strong>.<\/p>\n\n\n\n<p>Enquadrado no segmento do turismo cultural, o Turismo Militar est\u00e1 associado a epis\u00f3dios de grande viol\u00eancia, destrui\u00e7\u00e3o e mortandade, tais como batalhas ou cercos. <\/p>\n\n\n\n<p>Quem aprecia este tipo de turismo, gosta de visitar locais e monumentos onde decorreram epis\u00f3dios marcantes, que fazem parte da mem\u00f3ria e identidade portuguesas, sem o risco da viol\u00eancia que atingiu in\u00fameras gera\u00e7\u00f5es ao longo de quase nove s\u00e9culos de hist\u00f3ria como na\u00e7\u00e3o independente.<\/p>\n\n\n\n<figure class=\"wp-block-image size-large\"><img fetchpriority=\"high\" decoding=\"async\" width=\"1600\" height=\"902\" src=\"https:\/\/www.abvp.pt\/wp-content\/uploads\/Elvas-2-copy-1600x902.jpg\" alt=\"\" class=\"wp-image-1778\" srcset=\"https:\/\/www.abvp.pt\/wp-content\/uploads\/Elvas-2-copy-1600x902.jpg 1600w, https:\/\/www.abvp.pt\/wp-content\/uploads\/Elvas-2-copy-600x338.jpg 600w, https:\/\/www.abvp.pt\/wp-content\/uploads\/Elvas-2-copy-800x451.jpg 800w, https:\/\/www.abvp.pt\/wp-content\/uploads\/Elvas-2-copy-150x85.jpg 150w, https:\/\/www.abvp.pt\/wp-content\/uploads\/Elvas-2-copy-768x433.jpg 768w, https:\/\/www.abvp.pt\/wp-content\/uploads\/Elvas-2-copy-1536x866.jpg 1536w, https:\/\/www.abvp.pt\/wp-content\/uploads\/Elvas-2-copy-2048x1155.jpg 2048w, https:\/\/www.abvp.pt\/wp-content\/uploads\/Elvas-2-copy-960x540.jpg 960w\" sizes=\"(max-width: 1600px) 100vw, 1600px\" \/><figcaption>Carros de Combate do Museu Militar de Elvas<em> \u00a9 Blog OLIRAF<\/em><\/figcaption><\/figure>\n\n\n\n<p>O Turismo Hist\u00f3rico-Militar n\u00e3o se destina exclusivamente a militares, \u00e9 para todos!  Este segmento tur\u00edstico d\u00e1 a conhecer os <strong>locais, acontecimentos e o patrim\u00f3nio edificado de cariz b\u00e9lico<\/strong>, da hist\u00f3ria coletiva de um territ\u00f3rio, incorporando diversas formas de cultura, hist\u00f3ria ou arquitetura. <\/p>\n\n\n\n<p>Trata-se de um <strong>produto tur\u00edstico diferenciador<\/strong>, com in\u00fameras val\u00eancias e potencialidades, impacto no territ\u00f3rio e nas suas comunidades.<\/p>\n\n\n\n<p>Como segmento do turismo hist\u00f3rico-cultural, o Turismo Militar est\u00e1 presente um pouco por todo o mundo, particularmente, com a hist\u00f3ria militar, campos de batalha, museus militares, antigas unidades militares, rotas tur\u00edsticas, experi\u00eancias com acervo de material b\u00e9lico, patrim\u00f3nio edificado, lugares abandonados, eventos a\u00e9reos, entre outros. <\/p>\n\n\n\n<figure class=\"wp-block-image size-large\"><img decoding=\"async\" width=\"1600\" height=\"900\" src=\"https:\/\/www.abvp.pt\/wp-content\/uploads\/FAM-TRIP_Melgaco-4-1600x900.jpg\" alt=\"\" class=\"wp-image-1781\" srcset=\"https:\/\/www.abvp.pt\/wp-content\/uploads\/FAM-TRIP_Melgaco-4-1600x900.jpg 1600w, https:\/\/www.abvp.pt\/wp-content\/uploads\/FAM-TRIP_Melgaco-4-600x338.jpg 600w, https:\/\/www.abvp.pt\/wp-content\/uploads\/FAM-TRIP_Melgaco-4-800x450.jpg 800w, https:\/\/www.abvp.pt\/wp-content\/uploads\/FAM-TRIP_Melgaco-4-150x84.jpg 150w, https:\/\/www.abvp.pt\/wp-content\/uploads\/FAM-TRIP_Melgaco-4-768x432.jpg 768w, https:\/\/www.abvp.pt\/wp-content\/uploads\/FAM-TRIP_Melgaco-4-1536x864.jpg 1536w, https:\/\/www.abvp.pt\/wp-content\/uploads\/FAM-TRIP_Melgaco-4-2048x1152.jpg 2048w, https:\/\/www.abvp.pt\/wp-content\/uploads\/FAM-TRIP_Melgaco-4-960x540.jpg 960w\" sizes=\"(max-width: 1600px) 100vw, 1600px\" \/><figcaption><em>Torre de Menagem do Castelo de Melga\u00e7o \u00a9 <em>Blog<\/em><\/em> <em>OLIRAF<\/em><\/figcaption><\/figure>\n\n\n\n<p>Entre as experi\u00eancias tur\u00edsticas que este nicho pode proporcionar lista-se:<\/p>\n\n\n\n<ul class=\"wp-block-list\"><li>visitar o local da Batalha de Waterloo (1815), no \u00e2mbito das Guerras Napole\u00f3nicas, Linha Maginot (Fran\u00e7a); <\/li><li>visitar as ru\u00ednas e fortifica\u00e7\u00f5es abandonadas da muralha do Atl\u00e2ntico na Normandia (Fran\u00e7a); <\/li><li>conhecer os museus militares de Inglaterra (Imperial War Museum &#8211; Londres), de Fran\u00e7a (Mus\u00e9e des Blind\u00e9s de Samur) ou Espanha (Museo del Ej\u00e9rcito \u2013 Toledo), a antiga unidade naval HMS Belfast (Londres), o Castel del Monte (It\u00e1lia) ou as fortalezas abaluartadas de Jaca (Espanha), Besan\u00e7on (Fran\u00e7a) e Naarden (Pa\u00edses Baixos);<\/li><li>assistir \u00e0 recria\u00e7\u00e3o hist\u00f3rico-militar da Batalha de Bail\u00e9n (1808) em Espanha ou  ao Duxford Air Festival &#8211; Flying Legends WWII;<\/li><li>experimentar um carro de combate do Ex\u00e9rcito Portugu\u00eas (Elvas); <\/li><li>percorrer a Rota do Rom\u00e2nico (Portugal).<\/li><\/ul>\n\n\n\n<p>O Turismo Hist\u00f3rico-Militar \u00e9 um mercado em franco desenvolvimento, no contexto nacional e internacional. No entanto, existem ainda poucos blogs de viagem especializados nesta tem\u00e1tica.<\/p>\n\n\n\n<figure class=\"wp-block-image size-large\"><img decoding=\"async\" width=\"1600\" height=\"1067\" src=\"https:\/\/www.abvp.pt\/wp-content\/uploads\/MuseudoArSintra-1600x1067.jpg\" alt=\"\" class=\"wp-image-1780\" srcset=\"https:\/\/www.abvp.pt\/wp-content\/uploads\/MuseudoArSintra-1600x1067.jpg 1600w, https:\/\/www.abvp.pt\/wp-content\/uploads\/MuseudoArSintra-600x400.jpg 600w, https:\/\/www.abvp.pt\/wp-content\/uploads\/MuseudoArSintra-800x533.jpg 800w, https:\/\/www.abvp.pt\/wp-content\/uploads\/MuseudoArSintra-150x100.jpg 150w, https:\/\/www.abvp.pt\/wp-content\/uploads\/MuseudoArSintra-768x512.jpg 768w, https:\/\/www.abvp.pt\/wp-content\/uploads\/MuseudoArSintra-1536x1024.jpg 1536w, https:\/\/www.abvp.pt\/wp-content\/uploads\/MuseudoArSintra-2048x1365.jpg 2048w\" sizes=\"(max-width: 1600px) 100vw, 1600px\" \/><figcaption><em>Air Show no Museu do Ar (Sintra) \u00a9 <em>Blog<\/em><\/em> <em>OLIRAF<\/em><\/figcaption><\/figure>\n\n\n\n<h3 class=\"wp-block-heading\">Turismo Hist\u00f3rico-Militar em Portugal<\/h3>\n\n\n\n<p>Os acontecimentos hist\u00f3rico-militares das Invas\u00f5es Francesas &#8211; cercos, batalhas e escaramu\u00e7as &#8211; t\u00eam sido recriados em v\u00e1rios locais de Portugal, do Vimeiro (concelho da Lourinh\u00e3) a Almeida (distrito da Guarda), sem esquecer o Sobral de Monte Agra\u00e7o, na regi\u00e3o Oeste. <\/p>\n\n\n\n<p>Existem pelo menos cinco<strong> grupos de reconstitui\u00e7\u00e3o hist\u00f3rica que promovem o turismo associado \u00e0s Invas\u00f5es Francesas em Portugal<\/strong> (1807-1811) e as Guerras Peninsulares (1808-1814), cujos eventos atraem cada vez mais curiosos. Veja-se o belo exemplo da reconstitui\u00e7\u00e3o hist\u00f3rica do Cerco de Almeida (1810) que tem dinamizado, turisticamente, a estrela do interior.<\/p>\n\n\n\n<p>A <strong><a href=\"https:\/\/www.turismomilitar.pt\/index.php?lang=pt&amp;s=diretorio&amp;pid=2&amp;title=associacao\" target=\"_blank\" aria-label=\"undefined (abre num novo separador)\" rel=\"noreferrer noopener\">Associa\u00e7\u00e3o de Turismo Militar Portugu\u00eas<\/a><\/strong> (ATMPT), sem fins lucrativos, foi criada em 2015 para \u201c<em>a promo\u00e7\u00e3o, divulga\u00e7\u00e3o e preserva\u00e7\u00e3o do patrim\u00f3nio hist\u00f3rico e militar portugu\u00eas, a promo\u00e7\u00e3o e a realiza\u00e7\u00e3o de eventos no \u00e2mbito do turismo militar, bem como o desenvolvimento de uma Rede Nacional de Roteiros de Hist\u00f3ria Militar, integrando e estruturando a oferta tur\u00edstica do patrim\u00f3nio militar nacional<\/em>\u201d.<\/p>\n\n\n\n<p>Trata-se de uma organiza\u00e7\u00e3o essencial para o desenvolvimento deste tipo de turismo, fomentado sinergias entre diferentes entidades p\u00fablicas, empresas e agentes de anima\u00e7\u00e3o tur\u00edstica que trabalham com este segmento de mercado, em Portugal continental, A\u00e7ores e Madeira.<\/p>\n\n\n\n<figure class=\"wp-block-image size-large\"><img loading=\"lazy\" decoding=\"async\" width=\"1600\" height=\"806\" src=\"https:\/\/www.abvp.pt\/wp-content\/uploads\/CercoAlmeida2019-1600x806.jpg\" alt=\"cerco de Almeida\" class=\"wp-image-1819\" srcset=\"https:\/\/www.abvp.pt\/wp-content\/uploads\/CercoAlmeida2019-1600x806.jpg 1600w, https:\/\/www.abvp.pt\/wp-content\/uploads\/CercoAlmeida2019-600x302.jpg 600w, https:\/\/www.abvp.pt\/wp-content\/uploads\/CercoAlmeida2019-800x403.jpg 800w, https:\/\/www.abvp.pt\/wp-content\/uploads\/CercoAlmeida2019-150x76.jpg 150w, https:\/\/www.abvp.pt\/wp-content\/uploads\/CercoAlmeida2019-768x387.jpg 768w, https:\/\/www.abvp.pt\/wp-content\/uploads\/CercoAlmeida2019-1536x773.jpg 1536w, https:\/\/www.abvp.pt\/wp-content\/uploads\/CercoAlmeida2019-2048x1031.jpg 2048w\" sizes=\"(max-width: 1600px) 100vw, 1600px\" \/><figcaption><em>\u00a9 <em>Blog<\/em><\/em> <em>OLIRAF<\/em><\/figcaption><\/figure>\n\n\n\n<p>Recentemente foi tamb\u00e9m criado o <strong>portal <a aria-label=\"undefined (abre num novo separador)\" href=\"https:\/\/www.turismomilitar.gov.pt\/pt-pt\" target=\"_blank\" rel=\"noreferrer noopener\">Turismo Militar<\/a><\/strong> (2019), por um gabinete da Dire\u00e7\u00e3o Geral dos Recursos da Defesa Nacional, com o intuito de promover o patrim\u00f3nio edificado e as rotas tur\u00edsticas de cariz hist\u00f3rico militar em territ\u00f3rio nacional, com a marca das For\u00e7as Armadas Portuguesas. <\/p>\n\n\n\n<p>No s\u00edtio web, o visitante encontra roteiros tur\u00edsticos como a Rota dos Castelos da Bandeira Nacional (Raia e Algarve), a Rota dos Museus e Cole\u00e7\u00f5es Militares e a Estrada Nacional (EN2).<\/p>\n\n\n\n<p>Destaque-se ainda o projeto<a aria-label=\"undefined (abre num novo separador)\" href=\"https:\/\/fortalezasdefronteira.turismodeportugal.pt\/\" target=\"_blank\" rel=\"noreferrer noopener\"> <strong><em>Dinamizar Fortalezas<\/em><\/strong><\/a>, inspirado no manuscrito do s\u00e9c. XVI <em>Livro das Fortalezas<\/em>, que relata as viagens de Duarte d\u2019Armas, escudeiro de D. Manuel I, e que pretende motivar os portugueses a conhecerem a Hist\u00f3ria de Portugal e os in\u00fameros  castelos, fortes e fortalezas da raia. <\/p>\n\n\n\n<p>A revista <strong><a aria-label=\"undefined (abre num novo separador)\" href=\"https:\/\/www.yumpu.com\/en\/document\/read\/62880291\/invade-pub-01a\" target=\"_blank\" rel=\"noreferrer noopener\">INVADE! Patrim\u00f3nio.Turismo.Lazer<\/a><\/strong>, lan\u00e7ada em outubro de 2019 por ocasi\u00e3o das comemora\u00e7\u00f5es do Dia Nacional das Linhas de Torres, \u00e9 outro bom exemplo pr\u00e1tico da promo\u00e7\u00e3o das Linhas defensivas da Pen\u00ednsula de Lisboa, focando-se nas potencialidades dos produtos e recursos tur\u00edsticos end\u00f3genos.<\/p>\n\n\n\n<h3 class=\"wp-block-heading\">O papel dos blogs de viagem<\/h3>\n\n\n\n<p>O Turismo Militar n\u00e3o \u00e9 uma excep\u00e7\u00e3o \u00e0s leis do mercado, determinadas pela valoriza\u00e7\u00e3o e preserva\u00e7\u00e3o do patrim\u00f3nio edificado e pelo potencial tur\u00edstico dos mesmos.  <\/p>\n\n\n\n<p>As marcas procuram \u201cblogs de nicho\u201d que consigam evitar generalidades hist\u00f3ricas sobre um castelo, uma batalha ou um museu, focando-se, por exemplo, em pequenas est\u00f3rias a elas associadas que cativem um p\u00fablico cada vez mais exigente, que quer compreender as vicissitudes da nossa Hist\u00f3ria e adquirir informa\u00e7\u00e3o complementar.<\/p>\n\n\n\n<figure class=\"wp-block-image size-large\"><img loading=\"lazy\" decoding=\"async\" width=\"1600\" height=\"810\" src=\"https:\/\/www.abvp.pt\/wp-content\/uploads\/Castelo-de-Aguz-Marrocos-1600x810.jpg\" alt=\"\" class=\"wp-image-1782\" srcset=\"https:\/\/www.abvp.pt\/wp-content\/uploads\/Castelo-de-Aguz-Marrocos-1600x810.jpg 1600w, https:\/\/www.abvp.pt\/wp-content\/uploads\/Castelo-de-Aguz-Marrocos-600x304.jpg 600w, https:\/\/www.abvp.pt\/wp-content\/uploads\/Castelo-de-Aguz-Marrocos-800x405.jpg 800w, https:\/\/www.abvp.pt\/wp-content\/uploads\/Castelo-de-Aguz-Marrocos-150x76.jpg 150w, https:\/\/www.abvp.pt\/wp-content\/uploads\/Castelo-de-Aguz-Marrocos-768x389.jpg 768w, https:\/\/www.abvp.pt\/wp-content\/uploads\/Castelo-de-Aguz-Marrocos-1536x778.jpg 1536w, https:\/\/www.abvp.pt\/wp-content\/uploads\/Castelo-de-Aguz-Marrocos-2048x1037.jpg 2048w\" sizes=\"(max-width: 1600px) 100vw, 1600px\" \/><figcaption><em>Castelo de Aguz  (Marrocos) \u00a9 <em>Blog<\/em><\/em> <em>OLIRAF<\/em><\/figcaption><\/figure>\n\n\n\n<p>Em 2011 criei o blog <strong><a href=\"https:\/\/oliraf.com\/\">OLIRAF<\/a><\/strong>, com o intuito de divulgar os castelos de Portugal atrav\u00e9s do meu olhar fotogr\u00e1fico. Cinco anos depois, o projeto evoluiu para um conceito relacionado com a escrita e fotografia de viagens, que inclui sempre experi\u00eancias de Turismo Hist\u00f3rico-Militar.  <\/p>\n\n\n\n<p>A minha experi\u00eancia em Turismo Militar permite-me conhecer o nicho de mercado, atraindo, assim, mais leitores atrav\u00e9s de informa\u00e7\u00e3o apelativa, criativa, de f\u00e1cil e r\u00e1pida leitura. Isto \u00e9 fundamental para <strong>garantir uma diferencia\u00e7\u00e3o na blogosfera<\/strong> [leia-se tamb\u00e9m <a href=\"https:\/\/www.abvp.pt\/blog-de-nicho\/\" target=\"_blank\" rel=\"noreferrer noopener\">Blog de Nicho: o segredo para se destacar no meio da multid\u00e3o<\/a>].<\/p>\n\n\n\n<p>Esta especializa\u00e7\u00e3o tem permitido a colabora\u00e7\u00e3o com diversas entidades, nomeadamente grupos de recria\u00e7\u00e3o (Guerrilha de Montagra\u00e7o), empresas de anima\u00e7\u00e3o tur\u00edstica (Mystical Trip), institui\u00e7\u00f5es militares (Comando da Zona Militar da Madeira), rotas (Rota Hist\u00f3rica das Linhas de Torres), organismos de promo\u00e7\u00e3o tur\u00edstica (Turismo do Algarve e Centro) e munic\u00edpios (Melga\u00e7o).<\/p>\n\n\n\n<p>Outros convites surgem, em resultado desta aposta. Recentemente fui orador no <em>II Painel do Semin\u00e1rio Online de Turismo Militar 2020, sob o tema Turismo Militar e Inova\u00e7\u00e3o: Marcas e Produtos<\/em> (grava\u00e7\u00e3o integral dispon\u00edvel <a aria-label=\"undefined (abre num novo separador)\" href=\"https:\/\/www.youtube.com\/watch?v=zKqV_uoK2Ks&amp;feature=emb_title\" target=\"_blank\" rel=\"noreferrer noopener nofollow\">aqui<\/a>). <\/p>\n\n\n\n<figure class=\"wp-block-image size-large\"><img loading=\"lazy\" decoding=\"async\" width=\"1600\" height=\"1067\" src=\"https:\/\/www.abvp.pt\/wp-content\/uploads\/ForteSaoJoaoBaptistaBerlenga-1600x1067.jpg\" alt=\"\" class=\"wp-image-1783\" srcset=\"https:\/\/www.abvp.pt\/wp-content\/uploads\/ForteSaoJoaoBaptistaBerlenga-1600x1067.jpg 1600w, https:\/\/www.abvp.pt\/wp-content\/uploads\/ForteSaoJoaoBaptistaBerlenga-600x400.jpg 600w, https:\/\/www.abvp.pt\/wp-content\/uploads\/ForteSaoJoaoBaptistaBerlenga-800x533.jpg 800w, https:\/\/www.abvp.pt\/wp-content\/uploads\/ForteSaoJoaoBaptistaBerlenga-150x100.jpg 150w, https:\/\/www.abvp.pt\/wp-content\/uploads\/ForteSaoJoaoBaptistaBerlenga-768x512.jpg 768w, https:\/\/www.abvp.pt\/wp-content\/uploads\/ForteSaoJoaoBaptistaBerlenga-1536x1024.jpg 1536w, https:\/\/www.abvp.pt\/wp-content\/uploads\/ForteSaoJoaoBaptistaBerlenga-2048x1365.jpg 2048w\" sizes=\"(max-width: 1600px) 100vw, 1600px\" \/><figcaption>Forte de S\u00e3o Jo\u00e3o Baptista da Ilha da Berlenga \u00a9 <em>Blog<\/em> OLIRAF<\/figcaption><\/figure>\n\n\n\n<p>O objetivo central do blog \u00e9 dar a conhecer a Hist\u00f3ria Militar de Portugal, atrav\u00e9s de experi\u00eancias l\u00fadicas e culturais, alertando, ao mesmo tempo,  para a quest\u00e3o da salvaguarda patrimonial, promovendo o conhecimento da nossa pr\u00f3pria regi\u00e3o e a participa\u00e7\u00e3o em eventos culturais.<\/p>\n\n\n\n<p>Os<strong> <\/strong>bloggers s\u00e3o hoje fundamentais para a divulga\u00e7\u00e3o, promo\u00e7\u00e3o e preserva\u00e7\u00e3o do patrim\u00f3nio, mais especificamente do Turismo Hist\u00f3rico-Militar de uma determinada regi\u00e3o ou concelho. <\/p>\n\n\n\n<p>Isto porque conseguem <strong>chegar a um p\u00fablico que procura qualidade e diversidade de conte\u00fados<\/strong> relacionados com o patrim\u00f3nio cultural, e quer conhecer as diversas experi\u00eancias, materiais e imateriais, a eles associadas. Veja-se, por exemplo, o caso da aposta no Enoturismo ou das caminhadas associadas a uma determinada rota.<\/p>\n\n\n\n<p>O Turismo Militar veio para ficar e existem fortes raz\u00f5es para o praticar em Portugal! O grande desafio que se prev\u00ea para este segmento do turismo cultural \u00e9 conseguir captar a aten\u00e7\u00e3o, para que seja mais acess\u00edvel, \u00fatil  e suscite a curiosidade pelo patrim\u00f3nio hist\u00f3rico-militar. <\/p>\n","protected":false},"excerpt":{"rendered":"<p>O projecto fotogr\u00e1fico OLIRAF concilia o gosto pelas est\u00f3rias da Hist\u00f3ria, da Fotografia e das Viagens. Rafael Oliveira \u00e9 um &#8220;travel blogger&#8221; que presta uma aten\u00e7\u00e3o muito especial ao patrim\u00f3nio hist\u00f3rico-militar.<\/p>","protected":false},"author":59,"featured_media":1819,"comment_status":"open","ping_status":"closed","sticky":false,"template":"","format":"standard","meta":{"_price":"","_stock":"","_tribe_ticket_header":"","_tribe_default_ticket_provider":"","_tribe_ticket_capacity":"0","_ticket_start_date":"","_ticket_end_date":"","_tribe_ticket_show_description":"","_tribe_ticket_show_not_going":false,"_tribe_ticket_use_global_stock":"","_tribe_ticket_global_stock_level":"","_global_stock_mode":"","_global_stock_cap":"","_tribe_rsvp_for_event":"","_tribe_ticket_going_count":"","_tribe_ticket_not_going_count":"","_tribe_tickets_list":"[]","_tribe_ticket_has_attendee_info_fields":false,"_EventAllDay":false,"_EventTimezone":"","_EventStartDate":"","_EventEndDate":"","_EventStartDateUTC":"","_EventEndDateUTC":"","_EventShowMap":false,"_EventShowMapLink":false,"_EventURL":"","_EventCost":"","_EventCostDescription":"","_EventCurrencySymbol":"","_EventCurrencyCode":"","_EventCurrencyPosition":"","_EventDateTimeSeparator":"","_EventTimeRangeSeparator":"","_EventOrganizerID":[],"_EventVenueID":[],"_OrganizerEmail":"","_OrganizerPhone":"","_OrganizerWebsite":"","_VenueAddress":"","_VenueCity":"","_VenueCountry":"","_VenueProvince":"","_VenueState":"","_VenueZip":"","_VenuePhone":"","_VenueURL":"","_VenueStateProvince":"","_VenueLat":"","_VenueLng":"","_VenueShowMap":false,"_VenueShowMapLink":false,"footnotes":""},"categories":[1],"tags":[39],"class_list":["post-1771","post","type-post","status-publish","format-standard","has-post-thumbnail","hentry","category-conteudo","tag-turismo-militar"],"blocksy_meta":[],"yoast_head":"<!-- This site is optimized with the Yoast SEO plugin v26.4 - https:\/\/yoast.com\/wordpress\/plugins\/seo\/ -->\n<title>Turismo Hist\u00f3rico-Militar em Portugal: um nicho a explorar - ABVP<\/title>\n<meta name=\"description\" content=\"O que o Turismo Hist\u00f3rico-Militar e porque os blogs de viagens devem dar aten\u00e7\u00e3o a este segmento do turismo cultural, em Portugal e no mundo.\" \/>\n<meta name=\"robots\" content=\"index, follow, max-snippet:-1, max-image-preview:large, max-video-preview:-1\" \/>\n<link rel=\"canonical\" href=\"https:\/\/www.abvp.pt\/en\/turismo-historico-militar-portugal\/\" \/>\n<meta property=\"og:locale\" content=\"en_GB\" \/>\n<meta property=\"og:type\" content=\"article\" \/>\n<meta property=\"og:title\" content=\"Turismo Hist\u00f3rico-Militar em Portugal: um nicho a explorar - ABVP\" \/>\n<meta property=\"og:description\" content=\"O que o Turismo Hist\u00f3rico-Militar e porque os blogs de viagens devem dar aten\u00e7\u00e3o a este segmento do turismo cultural, em Portugal e no mundo.\" \/>\n<meta property=\"og:url\" content=\"https:\/\/www.abvp.pt\/en\/turismo-historico-militar-portugal\/\" \/>\n<meta property=\"og:site_name\" content=\"ABVP\" \/>\n<meta property=\"article:publisher\" content=\"https:\/\/www.facebook.com\/abvppt\/\" \/>\n<meta property=\"article:author\" content=\"https:\/\/www.facebook.com\/oliraffotografia\" \/>\n<meta property=\"article:published_time\" content=\"2020-12-19T17:28:49+00:00\" \/>\n<meta property=\"article:modified_time\" content=\"2020-12-19T17:36:51+00:00\" \/>\n<meta property=\"og:image\" content=\"https:\/\/www.abvp.pt\/wp-content\/uploads\/CercoAlmeida2019-scaled.jpg\" \/>\n\t<meta property=\"og:image:width\" content=\"2560\" \/>\n\t<meta property=\"og:image:height\" content=\"1289\" \/>\n\t<meta property=\"og:image:type\" content=\"image\/jpeg\" \/>\n<meta name=\"author\" content=\"Rafael Carvalho de Oliveira\" \/>\n<meta name=\"twitter:card\" content=\"summary_large_image\" \/>\n<meta name=\"twitter:creator\" content=\"@abvppt\" \/>\n<meta name=\"twitter:site\" content=\"@abvppt\" \/>\n<meta name=\"twitter:label1\" content=\"Written by\" \/>\n\t<meta name=\"twitter:data1\" content=\"Rafael Carvalho de Oliveira\" \/>\n\t<meta name=\"twitter:label2\" content=\"Estimated reading time\" \/>\n\t<meta name=\"twitter:data2\" content=\"7 minutes\" \/>\n<script type=\"application\/ld+json\" class=\"yoast-schema-graph\">{\"@context\":\"https:\/\/schema.org\",\"@graph\":[{\"@type\":\"Article\",\"@id\":\"https:\/\/www.abvp.pt\/turismo-historico-militar-portugal\/#article\",\"isPartOf\":{\"@id\":\"https:\/\/www.abvp.pt\/turismo-historico-militar-portugal\/\"},\"author\":{\"name\":\"Rafael Carvalho de Oliveira\",\"@id\":\"https:\/\/www.abvp.pt\/#\/schema\/person\/42b148dfd4bf65edbbf74d9dfb03822b\"},\"headline\":\"Turismo Hist\u00f3rico-Militar em Portugal: um nicho a explorar\",\"datePublished\":\"2020-12-19T17:28:49+00:00\",\"dateModified\":\"2020-12-19T17:36:51+00:00\",\"mainEntityOfPage\":{\"@id\":\"https:\/\/www.abvp.pt\/turismo-historico-militar-portugal\/\"},\"wordCount\":1420,\"commentCount\":0,\"publisher\":{\"@id\":\"https:\/\/www.abvp.pt\/#organization\"},\"image\":{\"@id\":\"https:\/\/www.abvp.pt\/turismo-historico-militar-portugal\/#primaryimage\"},\"thumbnailUrl\":\"https:\/\/www.abvp.pt\/wp-content\/uploads\/CercoAlmeida2019-scaled.jpg\",\"keywords\":[\"Turismo Militar\"],\"articleSection\":[\"Conte\u00fado\"],\"inLanguage\":\"en-GB\",\"potentialAction\":[{\"@type\":\"CommentAction\",\"name\":\"Comment\",\"target\":[\"https:\/\/www.abvp.pt\/turismo-historico-militar-portugal\/#respond\"]}]},{\"@type\":\"WebPage\",\"@id\":\"https:\/\/www.abvp.pt\/turismo-historico-militar-portugal\/\",\"url\":\"https:\/\/www.abvp.pt\/turismo-historico-militar-portugal\/\",\"name\":\"Turismo Hist\u00f3rico-Militar em Portugal: um nicho a explorar - ABVP\",\"isPartOf\":{\"@id\":\"https:\/\/www.abvp.pt\/#website\"},\"primaryImageOfPage\":{\"@id\":\"https:\/\/www.abvp.pt\/turismo-historico-militar-portugal\/#primaryimage\"},\"image\":{\"@id\":\"https:\/\/www.abvp.pt\/turismo-historico-militar-portugal\/#primaryimage\"},\"thumbnailUrl\":\"https:\/\/www.abvp.pt\/wp-content\/uploads\/CercoAlmeida2019-scaled.jpg\",\"datePublished\":\"2020-12-19T17:28:49+00:00\",\"dateModified\":\"2020-12-19T17:36:51+00:00\",\"description\":\"O que o Turismo Hist\u00f3rico-Militar e porque os blogs de viagens devem dar aten\u00e7\u00e3o a este segmento do turismo cultural, em Portugal e no mundo.\",\"breadcrumb\":{\"@id\":\"https:\/\/www.abvp.pt\/turismo-historico-militar-portugal\/#breadcrumb\"},\"inLanguage\":\"en-GB\",\"potentialAction\":[{\"@type\":\"ReadAction\",\"target\":[\"https:\/\/www.abvp.pt\/turismo-historico-militar-portugal\/\"]}]},{\"@type\":\"ImageObject\",\"inLanguage\":\"en-GB\",\"@id\":\"https:\/\/www.abvp.pt\/turismo-historico-militar-portugal\/#primaryimage\",\"url\":\"https:\/\/www.abvp.pt\/wp-content\/uploads\/CercoAlmeida2019-scaled.jpg\",\"contentUrl\":\"https:\/\/www.abvp.pt\/wp-content\/uploads\/CercoAlmeida2019-scaled.jpg\",\"width\":2560,\"height\":1289,\"caption\":\"cerco de Almeida\"},{\"@type\":\"BreadcrumbList\",\"@id\":\"https:\/\/www.abvp.pt\/turismo-historico-militar-portugal\/#breadcrumb\",\"itemListElement\":[{\"@type\":\"ListItem\",\"position\":1,\"name\":\"In\u00edcio\",\"item\":\"https:\/\/www.abvp.pt\/\"},{\"@type\":\"ListItem\",\"position\":2,\"name\":\"Turismo Hist\u00f3rico-Militar em Portugal: um nicho a explorar\"}]},{\"@type\":\"WebSite\",\"@id\":\"https:\/\/www.abvp.pt\/#website\",\"url\":\"https:\/\/www.abvp.pt\/\",\"name\":\"ABVP\",\"description\":\"Associa\u00e7\u00e3o de Bloggers de Viagem Portugueses\",\"publisher\":{\"@id\":\"https:\/\/www.abvp.pt\/#organization\"},\"potentialAction\":[{\"@type\":\"SearchAction\",\"target\":{\"@type\":\"EntryPoint\",\"urlTemplate\":\"https:\/\/www.abvp.pt\/?s={search_term_string}\"},\"query-input\":{\"@type\":\"PropertyValueSpecification\",\"valueRequired\":true,\"valueName\":\"search_term_string\"}}],\"inLanguage\":\"en-GB\"},{\"@type\":\"Organization\",\"@id\":\"https:\/\/www.abvp.pt\/#organization\",\"name\":\"ABVP\",\"url\":\"https:\/\/www.abvp.pt\/\",\"logo\":{\"@type\":\"ImageObject\",\"inLanguage\":\"en-GB\",\"@id\":\"https:\/\/www.abvp.pt\/#\/schema\/logo\/image\/\",\"url\":\"https:\/\/www.abvp.pt\/wp-content\/uploads\/Logo-Header-dark.svg\",\"contentUrl\":\"https:\/\/www.abvp.pt\/wp-content\/uploads\/Logo-Header-dark.svg\",\"width\":325,\"height\":48,\"caption\":\"ABVP\"},\"image\":{\"@id\":\"https:\/\/www.abvp.pt\/#\/schema\/logo\/image\/\"},\"sameAs\":[\"https:\/\/www.facebook.com\/abvppt\/\",\"https:\/\/x.com\/abvppt\",\"https:\/\/www.instagram.com\/abvppt\/\"]},{\"@type\":\"Person\",\"@id\":\"https:\/\/www.abvp.pt\/#\/schema\/person\/42b148dfd4bf65edbbf74d9dfb03822b\",\"name\":\"Rafael Carvalho de Oliveira\",\"image\":{\"@type\":\"ImageObject\",\"inLanguage\":\"en-GB\",\"@id\":\"https:\/\/www.abvp.pt\/#\/schema\/person\/image\/\",\"url\":\"https:\/\/secure.gravatar.com\/avatar\/a1a02fa52e7a37a5d8fd794bbea43c7a?s=96&d=mm&r=g\",\"contentUrl\":\"https:\/\/secure.gravatar.com\/avatar\/a1a02fa52e7a37a5d8fd794bbea43c7a?s=96&d=mm&r=g\",\"caption\":\"Rafael Carvalho de Oliveira\"},\"description\":\"Rafael Oliveira \u00e9 o autor do Blogue OLIRAF. OLIRAF concilia o gosto pelas est\u00f3rias da Hist\u00f3ria, da Fotografia e das Viagens. \u00c9 um \\\"travel blogger\\\" que presta uma aten\u00e7\u00e3o muito especial ao patrim\u00f3nio hist\u00f3rico-militar.\",\"sameAs\":[\"https:\/\/www.oliraf.com\",\"https:\/\/www.facebook.com\/oliraffotografia\",\"https:\/\/www.instagram.com\/oliraffotografia\"],\"url\":\"https:\/\/www.abvp.pt\/en\/author\/blogueoliraf\/\"}]}<\/script>\n<!-- \/ Yoast SEO plugin. -->","yoast_head_json":{"title":"Turismo Hist\u00f3rico-Militar em Portugal: um nicho a explorar - ABVP","description":"O que o Turismo Hist\u00f3rico-Militar e porque os blogs de viagens devem dar aten\u00e7\u00e3o a este segmento do turismo cultural, em Portugal e no mundo.","robots":{"index":"index","follow":"follow","max-snippet":"max-snippet:-1","max-image-preview":"max-image-preview:large","max-video-preview":"max-video-preview:-1"},"canonical":"https:\/\/www.abvp.pt\/en\/turismo-historico-militar-portugal\/","og_locale":"en_GB","og_type":"article","og_title":"Turismo Hist\u00f3rico-Militar em Portugal: um nicho a explorar - ABVP","og_description":"O que o Turismo Hist\u00f3rico-Militar e porque os blogs de viagens devem dar aten\u00e7\u00e3o a este segmento do turismo cultural, em Portugal e no mundo.","og_url":"https:\/\/www.abvp.pt\/en\/turismo-historico-militar-portugal\/","og_site_name":"ABVP","article_publisher":"https:\/\/www.facebook.com\/abvppt\/","article_author":"https:\/\/www.facebook.com\/oliraffotografia","article_published_time":"2020-12-19T17:28:49+00:00","article_modified_time":"2020-12-19T17:36:51+00:00","og_image":[{"width":2560,"height":1289,"url":"https:\/\/www.abvp.pt\/wp-content\/uploads\/CercoAlmeida2019-scaled.jpg","type":"image\/jpeg"}],"author":"Rafael Carvalho de Oliveira","twitter_card":"summary_large_image","twitter_creator":"@abvppt","twitter_site":"@abvppt","twitter_misc":{"Written by":"Rafael Carvalho de Oliveira","Estimated reading time":"7 minutes"},"schema":{"@context":"https:\/\/schema.org","@graph":[{"@type":"Article","@id":"https:\/\/www.abvp.pt\/turismo-historico-militar-portugal\/#article","isPartOf":{"@id":"https:\/\/www.abvp.pt\/turismo-historico-militar-portugal\/"},"author":{"name":"Rafael Carvalho de Oliveira","@id":"https:\/\/www.abvp.pt\/#\/schema\/person\/42b148dfd4bf65edbbf74d9dfb03822b"},"headline":"Turismo Hist\u00f3rico-Militar em Portugal: um nicho a explorar","datePublished":"2020-12-19T17:28:49+00:00","dateModified":"2020-12-19T17:36:51+00:00","mainEntityOfPage":{"@id":"https:\/\/www.abvp.pt\/turismo-historico-militar-portugal\/"},"wordCount":1420,"commentCount":0,"publisher":{"@id":"https:\/\/www.abvp.pt\/#organization"},"image":{"@id":"https:\/\/www.abvp.pt\/turismo-historico-militar-portugal\/#primaryimage"},"thumbnailUrl":"https:\/\/www.abvp.pt\/wp-content\/uploads\/CercoAlmeida2019-scaled.jpg","keywords":["Turismo Militar"],"articleSection":["Conte\u00fado"],"inLanguage":"en-GB","potentialAction":[{"@type":"CommentAction","name":"Comment","target":["https:\/\/www.abvp.pt\/turismo-historico-militar-portugal\/#respond"]}]},{"@type":"WebPage","@id":"https:\/\/www.abvp.pt\/turismo-historico-militar-portugal\/","url":"https:\/\/www.abvp.pt\/turismo-historico-militar-portugal\/","name":"Turismo Hist\u00f3rico-Militar em Portugal: um nicho a explorar - ABVP","isPartOf":{"@id":"https:\/\/www.abvp.pt\/#website"},"primaryImageOfPage":{"@id":"https:\/\/www.abvp.pt\/turismo-historico-militar-portugal\/#primaryimage"},"image":{"@id":"https:\/\/www.abvp.pt\/turismo-historico-militar-portugal\/#primaryimage"},"thumbnailUrl":"https:\/\/www.abvp.pt\/wp-content\/uploads\/CercoAlmeida2019-scaled.jpg","datePublished":"2020-12-19T17:28:49+00:00","dateModified":"2020-12-19T17:36:51+00:00","description":"O que o Turismo Hist\u00f3rico-Militar e porque os blogs de viagens devem dar aten\u00e7\u00e3o a este segmento do turismo cultural, em Portugal e no mundo.","breadcrumb":{"@id":"https:\/\/www.abvp.pt\/turismo-historico-militar-portugal\/#breadcrumb"},"inLanguage":"en-GB","potentialAction":[{"@type":"ReadAction","target":["https:\/\/www.abvp.pt\/turismo-historico-militar-portugal\/"]}]},{"@type":"ImageObject","inLanguage":"en-GB","@id":"https:\/\/www.abvp.pt\/turismo-historico-militar-portugal\/#primaryimage","url":"https:\/\/www.abvp.pt\/wp-content\/uploads\/CercoAlmeida2019-scaled.jpg","contentUrl":"https:\/\/www.abvp.pt\/wp-content\/uploads\/CercoAlmeida2019-scaled.jpg","width":2560,"height":1289,"caption":"cerco de Almeida"},{"@type":"BreadcrumbList","@id":"https:\/\/www.abvp.pt\/turismo-historico-militar-portugal\/#breadcrumb","itemListElement":[{"@type":"ListItem","position":1,"name":"In\u00edcio","item":"https:\/\/www.abvp.pt\/"},{"@type":"ListItem","position":2,"name":"Turismo Hist\u00f3rico-Militar em Portugal: um nicho a explorar"}]},{"@type":"WebSite","@id":"https:\/\/www.abvp.pt\/#website","url":"https:\/\/www.abvp.pt\/","name":"ABVP","description":"Association of Portuguese Travel Bloggers","publisher":{"@id":"https:\/\/www.abvp.pt\/#organization"},"potentialAction":[{"@type":"SearchAction","target":{"@type":"EntryPoint","urlTemplate":"https:\/\/www.abvp.pt\/?s={search_term_string}"},"query-input":{"@type":"PropertyValueSpecification","valueRequired":true,"valueName":"search_term_string"}}],"inLanguage":"en-GB"},{"@type":"Organization","@id":"https:\/\/www.abvp.pt\/#organization","name":"ABVP","url":"https:\/\/www.abvp.pt\/","logo":{"@type":"ImageObject","inLanguage":"en-GB","@id":"https:\/\/www.abvp.pt\/#\/schema\/logo\/image\/","url":"https:\/\/www.abvp.pt\/wp-content\/uploads\/Logo-Header-dark.svg","contentUrl":"https:\/\/www.abvp.pt\/wp-content\/uploads\/Logo-Header-dark.svg","width":325,"height":48,"caption":"ABVP"},"image":{"@id":"https:\/\/www.abvp.pt\/#\/schema\/logo\/image\/"},"sameAs":["https:\/\/www.facebook.com\/abvppt\/","https:\/\/x.com\/abvppt","https:\/\/www.instagram.com\/abvppt\/"]},{"@type":"Person","@id":"https:\/\/www.abvp.pt\/#\/schema\/person\/42b148dfd4bf65edbbf74d9dfb03822b","name":"Rafael Carvalho de Oliveira","image":{"@type":"ImageObject","inLanguage":"en-GB","@id":"https:\/\/www.abvp.pt\/#\/schema\/person\/image\/","url":"https:\/\/secure.gravatar.com\/avatar\/a1a02fa52e7a37a5d8fd794bbea43c7a?s=96&d=mm&r=g","contentUrl":"https:\/\/secure.gravatar.com\/avatar\/a1a02fa52e7a37a5d8fd794bbea43c7a?s=96&d=mm&r=g","caption":"Rafael Carvalho de Oliveira"},"description":"Rafael Oliveira \u00e9 o autor do Blogue OLIRAF. OLIRAF concilia o gosto pelas est\u00f3rias da Hist\u00f3ria, da Fotografia e das Viagens. \u00c9 um \"travel blogger\" que presta uma aten\u00e7\u00e3o muito especial ao patrim\u00f3nio hist\u00f3rico-militar.","sameAs":["https:\/\/www.oliraf.com","https:\/\/www.facebook.com\/oliraffotografia","https:\/\/www.instagram.com\/oliraffotografia"],"url":"https:\/\/www.abvp.pt\/en\/author\/blogueoliraf\/"}]}},"_links":{"self":[{"href":"https:\/\/www.abvp.pt\/en\/wp-json\/wp\/v2\/posts\/1771","targetHints":{"allow":["GET"]}}],"collection":[{"href":"https:\/\/www.abvp.pt\/en\/wp-json\/wp\/v2\/posts"}],"about":[{"href":"https:\/\/www.abvp.pt\/en\/wp-json\/wp\/v2\/types\/post"}],"author":[{"embeddable":true,"href":"https:\/\/www.abvp.pt\/en\/wp-json\/wp\/v2\/users\/59"}],"replies":[{"embeddable":true,"href":"https:\/\/www.abvp.pt\/en\/wp-json\/wp\/v2\/comments?post=1771"}],"version-history":[{"count":0,"href":"https:\/\/www.abvp.pt\/en\/wp-json\/wp\/v2\/posts\/1771\/revisions"}],"wp:featuredmedia":[{"embeddable":true,"href":"https:\/\/www.abvp.pt\/en\/wp-json\/wp\/v2\/media\/1819"}],"wp:attachment":[{"href":"https:\/\/www.abvp.pt\/en\/wp-json\/wp\/v2\/media?parent=1771"}],"wp:term":[{"taxonomy":"category","embeddable":true,"href":"https:\/\/www.abvp.pt\/en\/wp-json\/wp\/v2\/categories?post=1771"},{"taxonomy":"post_tag","embeddable":true,"href":"https:\/\/www.abvp.pt\/en\/wp-json\/wp\/v2\/tags?post=1771"}],"curies":[{"name":"wp","href":"https:\/\/api.w.org\/{rel}","templated":true}]}}