{"id":1831,"date":"2020-12-29T17:50:20","date_gmt":"2020-12-29T17:50:20","guid":{"rendered":"https:\/\/www.abvp.pt\/?p=1831"},"modified":"2020-12-29T17:57:18","modified_gmt":"2020-12-29T17:57:18","slug":"blogger-acidental-ines-miranda-entrevista","status":"publish","type":"post","link":"https:\/\/www.abvp.pt\/en\/blogger-acidental-ines-miranda-entrevista\/","title":{"rendered":"Blogger acidental: In\u00eas Miranda (entrevista)"},"content":{"rendered":"<p><strong>Name<\/strong>:&nbsp;In\u00eas Miranda&nbsp;<\/p>\n\n\n\n<p><strong>Profiss\u00e3o<\/strong>:&nbsp;Engenheira&nbsp;&nbsp;<\/p>\n\n\n\n<p><strong>Data de nascimento<\/strong>:&nbsp;1988&nbsp;<\/p>\n\n\n\n<p><strong>Local de nascimento<\/strong>:&nbsp;Vila Praia de \u00c2ncora&nbsp;<\/p>\n\n\n\n<p><strong>Local de resid\u00eancia<\/strong>:&nbsp;Vila Praia de \u00c2ncora&nbsp;<\/p>\n\n\n\n<p><strong>Pr\u00f3ximas viagens<\/strong>:&nbsp;Seja o que a Covid permitir&#8230;&nbsp;<\/p>\n\n\n\n<p><strong>Blog:&nbsp;<\/strong><a href=\"https:\/\/sempreentreviagens.com\/\" target=\"_blank\" aria-label=\"undefined (abre num novo separador)\" rel=\"noreferrer noopener\">Sempre Entre Viagens<\/a>&nbsp;<\/p>\n\n\n\n<p><strong>1. O que significam as viagens para si?<\/strong><\/p>\n\n\n\n<p>Conhecimento, est\u00edmulo, desafio, aprendizagem.<\/p>\n\n\n\n<p><strong>2. Entre os destinos que j\u00e1 visitou, h\u00e1 algum que a tenha marcado de forma especial? Conte-nos.<\/strong><\/p>\n\n\n\n<p>Acho que consigo chegar a um top 3 de viagens: \u00cdndia; Terra Santa e Atacama\/Uyuni.<\/p>\n\n\n\n<p>A \u00cdndia foi a viagem mais desafiante que fiz, pelo n\u00edvel de degrada\u00e7\u00e3o humana a que se assiste. \u00c9 assustador ser confrontado com aquela realidade; mexe com qualquer um, faz-nos, sem d\u00favida, perceber o quanto somos privilegiados.<\/p>\n\n\n\n<p>A Terra Santa porque as funda\u00e7\u00f5es da sociedade ocidental est\u00e3o ali. \u00c9 a nossa hist\u00f3ria comum, a raz\u00e3o de quase tudo no mundo onde nascemos e crescemos.<strong> N\u00e3o \u00e9 necess\u00e1rio ser religioso ou especialmente amante de hist\u00f3ria para perceber a import\u00e2ncia daquele peda\u00e7o de ch\u00e3o \u00e1rido<\/strong> onde, \u00e0 partida, parece n\u00e3o haver nada, mas que nos molda at\u00e9 hoje.<\/p>\n\n\n\n<p>Quanto ao deserto do Atacama e ao salar de Uyuni, apesar de t\u00e3o pr\u00f3ximos, visitei-os em viagens e anos distintos. A maioria dos viajantes faz toda a viagem de um s\u00f3 f\u00f4lego e posso dizer que <strong>foi a paisagem natural que mais me cortou a respira\u00e7\u00e3o<\/strong> e n\u00e3o apenas pela altitude.\u00a0<\/p>\n\n\n\n<figure class=\"wp-block-image size-large\"><img fetchpriority=\"high\" decoding=\"async\" width=\"1600\" height=\"1199\" src=\"https:\/\/www.abvp.pt\/wp-content\/uploads\/Jerusalem-Sempre-Entre-viagens.jpg\" alt=\"\" class=\"wp-image-1834\" srcset=\"https:\/\/www.abvp.pt\/wp-content\/uploads\/Jerusalem-Sempre-Entre-viagens.jpg 1600w, https:\/\/www.abvp.pt\/wp-content\/uploads\/Jerusalem-Sempre-Entre-viagens-600x450.jpg 600w, https:\/\/www.abvp.pt\/wp-content\/uploads\/Jerusalem-Sempre-Entre-viagens-300x225.jpg 300w, https:\/\/www.abvp.pt\/wp-content\/uploads\/Jerusalem-Sempre-Entre-viagens-800x600.jpg 800w, https:\/\/www.abvp.pt\/wp-content\/uploads\/Jerusalem-Sempre-Entre-viagens-150x112.jpg 150w, https:\/\/www.abvp.pt\/wp-content\/uploads\/Jerusalem-Sempre-Entre-viagens-768x576.jpg 768w, https:\/\/www.abvp.pt\/wp-content\/uploads\/Jerusalem-Sempre-Entre-viagens-1536x1151.jpg 1536w\" sizes=\"(max-width: 1600px) 100vw, 1600px\" \/><figcaption>Vista sobre Jerusal\u00e9m.<\/figcaption><\/figure>\n\n\n\n<p><strong>3. O que mais a influencia na hora de escolher um destino de viagem?<\/strong><\/p>\n\n\n\n<p>Tenho uma\u00a0<em>bucket list<\/em>\u00a0quase infinita, a verdade \u00e9 essa. Mas as prioridades v\u00e3o oscilando com o momento. Muitas vezes n\u00e3o escolho o destino, apenas aproveito oportunidades que surgem. <\/p>\n\n\n\n<p>Noutras alturas s\u00e3o viagens h\u00e1 muito pensadas &#8211; normalmente as viagens maiores que envolvem planeamento e muitos dias de f\u00e9rias. Mas um dos fatores fundamentais \u00e9 o pre\u00e7o, principalmente para desloca\u00e7\u00f5es mais curtas e escapadelas de fim-de-semana: <strong>tenho dificuldade em resistir a um bilhete de avi\u00e3o barato<\/strong>.&nbsp;<\/p>\n\n\n\n<p><strong>4. J\u00e1 viveu fora de Portugal mais que seis meses? Se sim, onde e o que retirou dessa experi\u00eancia?<\/strong><\/p>\n\n\n\n<p>O mais pr\u00f3ximo que estive de &#8220;viver fora&#8221; foram uns 2 meses em Bratislava (Eslov\u00e1quia), onde estive a desenvolver parte do meu trabalho de doutoramento. Apesar de tudo, consegui encarar a experi\u00eancia como umas &#8220;f\u00e9rias maiores que o habitual&#8221;. O melhor da experi\u00eancia foi a localiza\u00e7\u00e3o privilegiada no centro da Europa. Acho que n\u00e3o passei nenhum fim-de-semana &#8220;em casa&#8221;!\u00a0<\/p>\n\n\n\n<figure class=\"wp-block-image size-large\"><img decoding=\"async\" width=\"1600\" height=\"1067\" src=\"https:\/\/www.abvp.pt\/wp-content\/uploads\/Bolivia-Sempre-Entre-viagens.jpg\" alt=\"\" class=\"wp-image-1835\" srcset=\"https:\/\/www.abvp.pt\/wp-content\/uploads\/Bolivia-Sempre-Entre-viagens.jpg 1600w, https:\/\/www.abvp.pt\/wp-content\/uploads\/Bolivia-Sempre-Entre-viagens-600x400.jpg 600w, https:\/\/www.abvp.pt\/wp-content\/uploads\/Bolivia-Sempre-Entre-viagens-800x534.jpg 800w, https:\/\/www.abvp.pt\/wp-content\/uploads\/Bolivia-Sempre-Entre-viagens-150x100.jpg 150w, https:\/\/www.abvp.pt\/wp-content\/uploads\/Bolivia-Sempre-Entre-viagens-768x512.jpg 768w, https:\/\/www.abvp.pt\/wp-content\/uploads\/Bolivia-Sempre-Entre-viagens-1536x1024.jpg 1536w\" sizes=\"(max-width: 1600px) 100vw, 1600px\" \/><figcaption>Bol\u00edvia.<\/figcaption><\/figure>\n\n\n\n<p><strong>5. Explique o que \u00e9 o seu blog de viagens e a raz\u00e3o da sua exist\u00eancia.<\/strong><\/p>\n\n\n\n<p>Nunca foi uma coisa muito pensada, come\u00e7ou como um blog pessoal, um bocado \u00e0 imagem das redes sociais, onde ia escrevendo e partilhando os disparates que me vinham \u00e0 cabe\u00e7a com a fam\u00edlia e amigos. Comecei-o no dia em que soube que tinha conseguido a bolsa de doutoramento e, durante muito tempo, falei de tudo por l\u00e1. <\/p>\n\n\n\n<p>As viagens surgiram com naturalidade, j\u00e1 faziam parte da minha vida, come\u00e7aram a estar cada vez mais presentes. Depois, surgiram os primeiros leitores &#8220;estranhos&#8221;, os pedidos de ajuda para organizar roteiros dos amigos e, de repente, esse era o foco do blog. N\u00e3o vi isto acontecer. Ainda hoje tenho dificuldade em olhar &#8220;a s\u00e9rio&#8221; para isto:  n\u00e3o \u00e9 um site, uma magazine, \u00e9 o meu blog pessoal de viagens.&nbsp;<\/p>\n\n\n\n<p><strong>6. Como surgiu o nome do blog?<\/strong><\/p>\n\n\n\n<p>Inicialmente o termo &#8220;viagens&#8221; era bem mais vasto, como j\u00e1 expliquei. Referia-se a tudo o que se passa entre aventuras e diferentes jornadas, a vida mais trivial que decorre entre momento marcantes. Acabou por servir como uma luva quando o tema do blog afunilou.&nbsp;&nbsp;<\/p>\n\n\n\n<figure class=\"wp-block-image size-large\"><img decoding=\"async\" width=\"1600\" height=\"1067\" src=\"https:\/\/www.abvp.pt\/wp-content\/uploads\/Namibia-Sempre-Entre-viagens.jpg\" alt=\"\" class=\"wp-image-1836\" srcset=\"https:\/\/www.abvp.pt\/wp-content\/uploads\/Namibia-Sempre-Entre-viagens.jpg 1600w, https:\/\/www.abvp.pt\/wp-content\/uploads\/Namibia-Sempre-Entre-viagens-600x400.jpg 600w, https:\/\/www.abvp.pt\/wp-content\/uploads\/Namibia-Sempre-Entre-viagens-800x534.jpg 800w, https:\/\/www.abvp.pt\/wp-content\/uploads\/Namibia-Sempre-Entre-viagens-150x100.jpg 150w, https:\/\/www.abvp.pt\/wp-content\/uploads\/Namibia-Sempre-Entre-viagens-768x512.jpg 768w, https:\/\/www.abvp.pt\/wp-content\/uploads\/Namibia-Sempre-Entre-viagens-1536x1024.jpg 1536w\" sizes=\"(max-width: 1600px) 100vw, 1600px\" \/><figcaption>Nam\u00edbia.<\/figcaption><\/figure>\n\n\n\n<p><strong>7. Destaque um dos posts de que mais gosta no seu blog e explique porqu\u00ea.<\/strong><\/p>\n\n\n\n<p>Um dos posts mais divertidos que escrevi foi&nbsp;<a href=\"https:\/\/sempreentreviagens.com\/2018\/09\/20-habitos-costumes-ou-loucuras-guia-de-introducao-ao-japao\/\" target=\"_blank\" rel=\"noreferrer noopener\">20 H\u00e1bitos, costumes ou loucuras | Guia de Introdu\u00e7\u00e3o ao Jap\u00e3o<\/a>. <\/p>\n\n\n\n<p>O primeiro par\u00e1grafo reza assim: &#8220;Por mais tempo que possam eventualmente passar por l\u00e1, duvido que algum dia uma cabe\u00e7a ocidental consiga ser reformatada e pensar como eles. E isso \u00e9 estranho, impressionante e proporciona uma experi\u00eancia \u00fanica. Mas viajar \u00e9 isso mesmo, certo?&#8221; <\/p>\n\n\n\n<p>O Jap\u00e3o \u00e9 mesmo uma loucura, fora da caixa, espreitem o artigo e perceber\u00e3o porqu\u00ea. Sem d\u00favida que \u00e9 isso que me continua a fascinar nas viagens &#8211; a surpresa, a novidade, a diferen\u00e7a, o desconhecido.\u00a0<\/p>\n\n\n\n<p><strong>8. Alguma dica para quem pretende come\u00e7ar agora um blog de viagens?<\/strong><\/p>\n\n\n\n<p>Sinceramente, acho que quase nenhuma. Como j\u00e1 disse, o meu blog surgiu e at\u00e9 hoje tem pouco de planeado. <\/p>\n\n\n\n<p>Uma das coisas que mais dificuldade tive foi mudar de &#8220;servidor&#8221;, j\u00e1 que comecei numa plataforma gratuita. Foi uma dor de cabe\u00e7a para algu\u00e9m avesso a inform\u00e1ticas como eu. Ainda hoje tenho os posts antigos todos desformatados, mas j\u00e1 deixei de perder o sono com isso. Se t\u00eam planos de fazer alguma coisa s\u00e9ria, comecem logo com dom\u00ednio, servidores cred\u00edveis e assist\u00eancia t\u00e9cnica decente.\u00a0\u00a0<\/p>\n\n\n\n<figure class=\"wp-block-image size-large\"><img loading=\"lazy\" decoding=\"async\" width=\"1600\" height=\"1200\" src=\"https:\/\/www.abvp.pt\/wp-content\/uploads\/Baalbek-Sempre-Entre-Viagens.jpg\" alt=\"\" class=\"wp-image-1838\" srcset=\"https:\/\/www.abvp.pt\/wp-content\/uploads\/Baalbek-Sempre-Entre-Viagens.jpg 1600w, https:\/\/www.abvp.pt\/wp-content\/uploads\/Baalbek-Sempre-Entre-Viagens-600x450.jpg 600w, https:\/\/www.abvp.pt\/wp-content\/uploads\/Baalbek-Sempre-Entre-Viagens-300x225.jpg 300w, https:\/\/www.abvp.pt\/wp-content\/uploads\/Baalbek-Sempre-Entre-Viagens-800x600.jpg 800w, https:\/\/www.abvp.pt\/wp-content\/uploads\/Baalbek-Sempre-Entre-Viagens-150x113.jpg 150w, https:\/\/www.abvp.pt\/wp-content\/uploads\/Baalbek-Sempre-Entre-Viagens-768x576.jpg 768w, https:\/\/www.abvp.pt\/wp-content\/uploads\/Baalbek-Sempre-Entre-Viagens-1536x1152.jpg 1536w\" sizes=\"(max-width: 1600px) 100vw, 1600px\" \/><figcaption>Numa das cidades hist\u00f3ricas do L\u00edbano.<\/figcaption><\/figure>\n\n\n\n<p><strong>9. Que papel desempenham os blogs junto de outras pessoas que gostam de viajar?<\/strong><\/p>\n\n\n\n<p>Eu percorro a blogosfera em busca de imagens inspiradoras de locais a visitar e dicas \u00fateis sobre quest\u00f5es mais pr\u00e1ticas &#8211; alojamento, transportes, pre\u00e7os, hor\u00e1rios. Imagino que parte dos outros viajantes procurem o mesmo tipo de informa\u00e7\u00f5es, e tento fornec\u00ea-las.&nbsp;&nbsp;<\/p>\n\n\n\n<p><strong>10. Qual \u00e9 o seu maior sonho por cumprir?&nbsp;&nbsp;<\/strong><\/p>\n\n\n\n<p>N\u00e3o sei se \u00e9 a minha viagem n\u00famero um da <em>bucket list<\/em>, mas \u00e9 <strong>o maior desejo do momento, porque foi abalroado pela Covid-1<\/strong>9 e ficou por cumprir. Este ver\u00e3o ia rumar, em fam\u00edlia, at\u00e9 \u00e0 Austr\u00e1lia e \u00e0 Nova Zel\u00e2ndia. Espero poder retomar esses planos a curto\/m\u00e9dio prazo.\u00a0\u00a0<\/p>","protected":false},"excerpt":{"rendered":"<p>Nome:&nbsp;In\u00eas Miranda&nbsp; Profiss\u00e3o:&nbsp;Engenheira&nbsp;&nbsp; Data de nascimento:&nbsp;1988&nbsp; Local de nascimento:&nbsp;Vila Praia de \u00c2ncora&nbsp; Local de resid\u00eancia:&nbsp;Vila Praia de \u00c2ncora&nbsp; Pr\u00f3ximas viagens:&nbsp;Seja o que a Covid permitir&#8230;&nbsp; Blog:&nbsp;Sempre Entre Viagens&nbsp; 1. O [&hellip;]<\/p>\n","protected":false},"author":5,"featured_media":1833,"comment_status":"open","ping_status":"closed","sticky":false,"template":"","format":"standard","meta":{"_price":"","_stock":"","_tribe_ticket_header":"","_tribe_default_ticket_provider":"","_tribe_ticket_capacity":"0","_ticket_start_date":"","_ticket_end_date":"","_tribe_ticket_show_description":"","_tribe_ticket_show_not_going":false,"_tribe_ticket_use_global_stock":"","_tribe_ticket_global_stock_level":"","_global_stock_mode":"","_global_stock_cap":"","_tribe_rsvp_for_event":"","_tribe_ticket_going_count":"","_tribe_ticket_not_going_count":"","_tribe_tickets_list":"[]","_tribe_ticket_has_attendee_info_fields":false,"_EventAllDay":false,"_EventTimezone":"","_EventStartDate":"","_EventEndDate":"","_EventStartDateUTC":"","_EventEndDateUTC":"","_EventShowMap":false,"_EventShowMapLink":false,"_EventURL":"","_EventCost":"","_EventCostDescription":"","_EventCurrencySymbol":"","_EventCurrencyCode":"","_EventCurrencyPosition":"","_EventDateTimeSeparator":"","_EventTimeRangeSeparator":"","_EventOrganizerID":[],"_EventVenueID":[],"_OrganizerEmail":"","_OrganizerPhone":"","_OrganizerWebsite":"","_VenueAddress":"","_VenueCity":"","_VenueCountry":"","_VenueProvince":"","_VenueState":"","_VenueZip":"","_VenuePhone":"","_VenueURL":"","_VenueStateProvince":"","_VenueLat":"","_VenueLng":"","_VenueShowMap":false,"_VenueShowMapLink":false,"footnotes":""},"categories":[1],"tags":[],"class_list":["post-1831","post","type-post","status-publish","format-standard","has-post-thumbnail","hentry","category-conteudo"],"blocksy_meta":[],"yoast_head":"<!-- This site is optimized with the Yoast SEO plugin v26.4 - https:\/\/yoast.com\/wordpress\/plugins\/seo\/ -->\n<title>Blogger acidental: In\u00eas Miranda (entrevista) - ABVP<\/title>\n<meta name=\"robots\" content=\"index, follow, max-snippet:-1, max-image-preview:large, max-video-preview:-1\" \/>\n<link rel=\"canonical\" href=\"https:\/\/www.abvp.pt\/en\/blogger-acidental-ines-miranda-entrevista\/\" \/>\n<meta property=\"og:locale\" content=\"en_GB\" \/>\n<meta property=\"og:type\" content=\"article\" \/>\n<meta property=\"og:title\" content=\"Blogger acidental: In\u00eas Miranda (entrevista) - ABVP\" \/>\n<meta property=\"og:description\" content=\"Nome:&nbsp;In\u00eas Miranda&nbsp; Profiss\u00e3o:&nbsp;Engenheira&nbsp;&nbsp; Data de nascimento:&nbsp;1988&nbsp; Local de nascimento:&nbsp;Vila Praia de \u00c2ncora&nbsp; Local de resid\u00eancia:&nbsp;Vila Praia de \u00c2ncora&nbsp; Pr\u00f3ximas viagens:&nbsp;Seja o que a Covid permitir&#8230;&nbsp; Blog:&nbsp;Sempre Entre Viagens&nbsp; 1. O [&hellip;]\" \/>\n<meta property=\"og:url\" content=\"https:\/\/www.abvp.pt\/en\/blogger-acidental-ines-miranda-entrevista\/\" \/>\n<meta property=\"og:site_name\" content=\"ABVP\" \/>\n<meta property=\"article:publisher\" content=\"https:\/\/www.facebook.com\/abvppt\/\" \/>\n<meta property=\"article:published_time\" content=\"2020-12-29T17:50:20+00:00\" \/>\n<meta property=\"article:modified_time\" content=\"2020-12-29T17:57:18+00:00\" \/>\n<meta property=\"og:image\" content=\"https:\/\/www.abvp.pt\/wp-content\/uploads\/Cazaquistao-Sempre-Entre-viagens.jpg\" \/>\n\t<meta property=\"og:image:width\" content=\"1600\" \/>\n\t<meta property=\"og:image:height\" content=\"1218\" \/>\n\t<meta property=\"og:image:type\" content=\"image\/jpeg\" \/>\n<meta name=\"author\" content=\"Ruthia Portelinha\" \/>\n<meta name=\"twitter:card\" content=\"summary_large_image\" \/>\n<meta name=\"twitter:creator\" content=\"@abvppt\" \/>\n<meta name=\"twitter:site\" content=\"@abvppt\" \/>\n<meta name=\"twitter:label1\" content=\"Written by\" \/>\n\t<meta name=\"twitter:data1\" content=\"Ruthia Portelinha\" \/>\n\t<meta name=\"twitter:label2\" content=\"Estimated reading time\" \/>\n\t<meta name=\"twitter:data2\" content=\"5 minutes\" \/>\n<script type=\"application\/ld+json\" class=\"yoast-schema-graph\">{\"@context\":\"https:\/\/schema.org\",\"@graph\":[{\"@type\":\"Article\",\"@id\":\"https:\/\/www.abvp.pt\/blogger-acidental-ines-miranda-entrevista\/#article\",\"isPartOf\":{\"@id\":\"https:\/\/www.abvp.pt\/blogger-acidental-ines-miranda-entrevista\/\"},\"author\":{\"name\":\"Ruthia Portelinha\",\"@id\":\"https:\/\/www.abvp.pt\/#\/schema\/person\/3224ab1e82979d8d2daa9b24c41ac06f\"},\"headline\":\"Blogger acidental: In\u00eas Miranda (entrevista)\",\"datePublished\":\"2020-12-29T17:50:20+00:00\",\"dateModified\":\"2020-12-29T17:57:18+00:00\",\"mainEntityOfPage\":{\"@id\":\"https:\/\/www.abvp.pt\/blogger-acidental-ines-miranda-entrevista\/\"},\"wordCount\":1002,\"commentCount\":0,\"publisher\":{\"@id\":\"https:\/\/www.abvp.pt\/#organization\"},\"image\":{\"@id\":\"https:\/\/www.abvp.pt\/blogger-acidental-ines-miranda-entrevista\/#primaryimage\"},\"thumbnailUrl\":\"https:\/\/www.abvp.pt\/wp-content\/uploads\/Cazaquistao-Sempre-Entre-viagens.jpg\",\"articleSection\":[\"Conte\u00fado\"],\"inLanguage\":\"en-GB\",\"potentialAction\":[{\"@type\":\"CommentAction\",\"name\":\"Comment\",\"target\":[\"https:\/\/www.abvp.pt\/blogger-acidental-ines-miranda-entrevista\/#respond\"]}]},{\"@type\":\"WebPage\",\"@id\":\"https:\/\/www.abvp.pt\/blogger-acidental-ines-miranda-entrevista\/\",\"url\":\"https:\/\/www.abvp.pt\/blogger-acidental-ines-miranda-entrevista\/\",\"name\":\"Blogger acidental: In\u00eas Miranda (entrevista) - ABVP\",\"isPartOf\":{\"@id\":\"https:\/\/www.abvp.pt\/#website\"},\"primaryImageOfPage\":{\"@id\":\"https:\/\/www.abvp.pt\/blogger-acidental-ines-miranda-entrevista\/#primaryimage\"},\"image\":{\"@id\":\"https:\/\/www.abvp.pt\/blogger-acidental-ines-miranda-entrevista\/#primaryimage\"},\"thumbnailUrl\":\"https:\/\/www.abvp.pt\/wp-content\/uploads\/Cazaquistao-Sempre-Entre-viagens.jpg\",\"datePublished\":\"2020-12-29T17:50:20+00:00\",\"dateModified\":\"2020-12-29T17:57:18+00:00\",\"breadcrumb\":{\"@id\":\"https:\/\/www.abvp.pt\/blogger-acidental-ines-miranda-entrevista\/#breadcrumb\"},\"inLanguage\":\"en-GB\",\"potentialAction\":[{\"@type\":\"ReadAction\",\"target\":[\"https:\/\/www.abvp.pt\/blogger-acidental-ines-miranda-entrevista\/\"]}]},{\"@type\":\"ImageObject\",\"inLanguage\":\"en-GB\",\"@id\":\"https:\/\/www.abvp.pt\/blogger-acidental-ines-miranda-entrevista\/#primaryimage\",\"url\":\"https:\/\/www.abvp.pt\/wp-content\/uploads\/Cazaquistao-Sempre-Entre-viagens.jpg\",\"contentUrl\":\"https:\/\/www.abvp.pt\/wp-content\/uploads\/Cazaquistao-Sempre-Entre-viagens.jpg\",\"width\":1600,\"height\":1218,\"caption\":\"Cazaquist\u00e3o\"},{\"@type\":\"BreadcrumbList\",\"@id\":\"https:\/\/www.abvp.pt\/blogger-acidental-ines-miranda-entrevista\/#breadcrumb\",\"itemListElement\":[{\"@type\":\"ListItem\",\"position\":1,\"name\":\"In\u00edcio\",\"item\":\"https:\/\/www.abvp.pt\/\"},{\"@type\":\"ListItem\",\"position\":2,\"name\":\"Blogger acidental: In\u00eas Miranda (entrevista)\"}]},{\"@type\":\"WebSite\",\"@id\":\"https:\/\/www.abvp.pt\/#website\",\"url\":\"https:\/\/www.abvp.pt\/\",\"name\":\"ABVP\",\"description\":\"Associa\u00e7\u00e3o de Bloggers de Viagem Portugueses\",\"publisher\":{\"@id\":\"https:\/\/www.abvp.pt\/#organization\"},\"potentialAction\":[{\"@type\":\"SearchAction\",\"target\":{\"@type\":\"EntryPoint\",\"urlTemplate\":\"https:\/\/www.abvp.pt\/?s={search_term_string}\"},\"query-input\":{\"@type\":\"PropertyValueSpecification\",\"valueRequired\":true,\"valueName\":\"search_term_string\"}}],\"inLanguage\":\"en-GB\"},{\"@type\":\"Organization\",\"@id\":\"https:\/\/www.abvp.pt\/#organization\",\"name\":\"ABVP\",\"url\":\"https:\/\/www.abvp.pt\/\",\"logo\":{\"@type\":\"ImageObject\",\"inLanguage\":\"en-GB\",\"@id\":\"https:\/\/www.abvp.pt\/#\/schema\/logo\/image\/\",\"url\":\"https:\/\/www.abvp.pt\/wp-content\/uploads\/Logo-Header-dark.svg\",\"contentUrl\":\"https:\/\/www.abvp.pt\/wp-content\/uploads\/Logo-Header-dark.svg\",\"width\":325,\"height\":48,\"caption\":\"ABVP\"},\"image\":{\"@id\":\"https:\/\/www.abvp.pt\/#\/schema\/logo\/image\/\"},\"sameAs\":[\"https:\/\/www.facebook.com\/abvppt\/\",\"https:\/\/x.com\/abvppt\",\"https:\/\/www.instagram.com\/abvppt\/\"]},{\"@type\":\"Person\",\"@id\":\"https:\/\/www.abvp.pt\/#\/schema\/person\/3224ab1e82979d8d2daa9b24c41ac06f\",\"name\":\"Ruthia Portelinha\",\"image\":{\"@type\":\"ImageObject\",\"inLanguage\":\"en-GB\",\"@id\":\"https:\/\/www.abvp.pt\/#\/schema\/person\/image\/\",\"url\":\"https:\/\/secure.gravatar.com\/avatar\/fe88f7331e86f7718c223ca840ea6091?s=96&d=mm&r=g\",\"contentUrl\":\"https:\/\/secure.gravatar.com\/avatar\/fe88f7331e86f7718c223ca840ea6091?s=96&d=mm&r=g\",\"caption\":\"Ruthia Portelinha\"},\"description\":\"Viajante, m\u00e3e babada, choc\u00f3latra, amante de livros e museus. Autora do blog O Ber\u00e7o do Mundo.\",\"sameAs\":[\"https:\/\/www.bercodomundo.com\"],\"url\":\"https:\/\/www.abvp.pt\/en\/author\/ruthia\/\"}]}<\/script>\n<!-- \/ Yoast SEO plugin. -->","yoast_head_json":{"title":"Blogger acidental: In\u00eas Miranda (entrevista) - ABVP","robots":{"index":"index","follow":"follow","max-snippet":"max-snippet:-1","max-image-preview":"max-image-preview:large","max-video-preview":"max-video-preview:-1"},"canonical":"https:\/\/www.abvp.pt\/en\/blogger-acidental-ines-miranda-entrevista\/","og_locale":"en_GB","og_type":"article","og_title":"Blogger acidental: In\u00eas Miranda (entrevista) - ABVP","og_description":"Nome:&nbsp;In\u00eas Miranda&nbsp; Profiss\u00e3o:&nbsp;Engenheira&nbsp;&nbsp; Data de nascimento:&nbsp;1988&nbsp; Local de nascimento:&nbsp;Vila Praia de \u00c2ncora&nbsp; Local de resid\u00eancia:&nbsp;Vila Praia de \u00c2ncora&nbsp; Pr\u00f3ximas viagens:&nbsp;Seja o que a Covid permitir&#8230;&nbsp; Blog:&nbsp;Sempre Entre Viagens&nbsp; 1. O [&hellip;]","og_url":"https:\/\/www.abvp.pt\/en\/blogger-acidental-ines-miranda-entrevista\/","og_site_name":"ABVP","article_publisher":"https:\/\/www.facebook.com\/abvppt\/","article_published_time":"2020-12-29T17:50:20+00:00","article_modified_time":"2020-12-29T17:57:18+00:00","og_image":[{"width":1600,"height":1218,"url":"https:\/\/www.abvp.pt\/wp-content\/uploads\/Cazaquistao-Sempre-Entre-viagens.jpg","type":"image\/jpeg"}],"author":"Ruthia Portelinha","twitter_card":"summary_large_image","twitter_creator":"@abvppt","twitter_site":"@abvppt","twitter_misc":{"Written by":"Ruthia Portelinha","Estimated reading time":"5 minutes"},"schema":{"@context":"https:\/\/schema.org","@graph":[{"@type":"Article","@id":"https:\/\/www.abvp.pt\/blogger-acidental-ines-miranda-entrevista\/#article","isPartOf":{"@id":"https:\/\/www.abvp.pt\/blogger-acidental-ines-miranda-entrevista\/"},"author":{"name":"Ruthia Portelinha","@id":"https:\/\/www.abvp.pt\/#\/schema\/person\/3224ab1e82979d8d2daa9b24c41ac06f"},"headline":"Blogger acidental: In\u00eas Miranda (entrevista)","datePublished":"2020-12-29T17:50:20+00:00","dateModified":"2020-12-29T17:57:18+00:00","mainEntityOfPage":{"@id":"https:\/\/www.abvp.pt\/blogger-acidental-ines-miranda-entrevista\/"},"wordCount":1002,"commentCount":0,"publisher":{"@id":"https:\/\/www.abvp.pt\/#organization"},"image":{"@id":"https:\/\/www.abvp.pt\/blogger-acidental-ines-miranda-entrevista\/#primaryimage"},"thumbnailUrl":"https:\/\/www.abvp.pt\/wp-content\/uploads\/Cazaquistao-Sempre-Entre-viagens.jpg","articleSection":["Conte\u00fado"],"inLanguage":"en-GB","potentialAction":[{"@type":"CommentAction","name":"Comment","target":["https:\/\/www.abvp.pt\/blogger-acidental-ines-miranda-entrevista\/#respond"]}]},{"@type":"WebPage","@id":"https:\/\/www.abvp.pt\/blogger-acidental-ines-miranda-entrevista\/","url":"https:\/\/www.abvp.pt\/blogger-acidental-ines-miranda-entrevista\/","name":"Blogger acidental: In\u00eas Miranda (entrevista) - ABVP","isPartOf":{"@id":"https:\/\/www.abvp.pt\/#website"},"primaryImageOfPage":{"@id":"https:\/\/www.abvp.pt\/blogger-acidental-ines-miranda-entrevista\/#primaryimage"},"image":{"@id":"https:\/\/www.abvp.pt\/blogger-acidental-ines-miranda-entrevista\/#primaryimage"},"thumbnailUrl":"https:\/\/www.abvp.pt\/wp-content\/uploads\/Cazaquistao-Sempre-Entre-viagens.jpg","datePublished":"2020-12-29T17:50:20+00:00","dateModified":"2020-12-29T17:57:18+00:00","breadcrumb":{"@id":"https:\/\/www.abvp.pt\/blogger-acidental-ines-miranda-entrevista\/#breadcrumb"},"inLanguage":"en-GB","potentialAction":[{"@type":"ReadAction","target":["https:\/\/www.abvp.pt\/blogger-acidental-ines-miranda-entrevista\/"]}]},{"@type":"ImageObject","inLanguage":"en-GB","@id":"https:\/\/www.abvp.pt\/blogger-acidental-ines-miranda-entrevista\/#primaryimage","url":"https:\/\/www.abvp.pt\/wp-content\/uploads\/Cazaquistao-Sempre-Entre-viagens.jpg","contentUrl":"https:\/\/www.abvp.pt\/wp-content\/uploads\/Cazaquistao-Sempre-Entre-viagens.jpg","width":1600,"height":1218,"caption":"Cazaquist\u00e3o"},{"@type":"BreadcrumbList","@id":"https:\/\/www.abvp.pt\/blogger-acidental-ines-miranda-entrevista\/#breadcrumb","itemListElement":[{"@type":"ListItem","position":1,"name":"In\u00edcio","item":"https:\/\/www.abvp.pt\/"},{"@type":"ListItem","position":2,"name":"Blogger acidental: In\u00eas Miranda (entrevista)"}]},{"@type":"WebSite","@id":"https:\/\/www.abvp.pt\/#website","url":"https:\/\/www.abvp.pt\/","name":"ABVP","description":"Association of Portuguese Travel Bloggers","publisher":{"@id":"https:\/\/www.abvp.pt\/#organization"},"potentialAction":[{"@type":"SearchAction","target":{"@type":"EntryPoint","urlTemplate":"https:\/\/www.abvp.pt\/?s={search_term_string}"},"query-input":{"@type":"PropertyValueSpecification","valueRequired":true,"valueName":"search_term_string"}}],"inLanguage":"en-GB"},{"@type":"Organization","@id":"https:\/\/www.abvp.pt\/#organization","name":"ABVP","url":"https:\/\/www.abvp.pt\/","logo":{"@type":"ImageObject","inLanguage":"en-GB","@id":"https:\/\/www.abvp.pt\/#\/schema\/logo\/image\/","url":"https:\/\/www.abvp.pt\/wp-content\/uploads\/Logo-Header-dark.svg","contentUrl":"https:\/\/www.abvp.pt\/wp-content\/uploads\/Logo-Header-dark.svg","width":325,"height":48,"caption":"ABVP"},"image":{"@id":"https:\/\/www.abvp.pt\/#\/schema\/logo\/image\/"},"sameAs":["https:\/\/www.facebook.com\/abvppt\/","https:\/\/x.com\/abvppt","https:\/\/www.instagram.com\/abvppt\/"]},{"@type":"Person","@id":"https:\/\/www.abvp.pt\/#\/schema\/person\/3224ab1e82979d8d2daa9b24c41ac06f","name":"Ruthia Portelinha","image":{"@type":"ImageObject","inLanguage":"en-GB","@id":"https:\/\/www.abvp.pt\/#\/schema\/person\/image\/","url":"https:\/\/secure.gravatar.com\/avatar\/fe88f7331e86f7718c223ca840ea6091?s=96&d=mm&r=g","contentUrl":"https:\/\/secure.gravatar.com\/avatar\/fe88f7331e86f7718c223ca840ea6091?s=96&d=mm&r=g","caption":"Ruthia Portelinha"},"description":"Viajante, m\u00e3e babada, choc\u00f3latra, amante de livros e museus. Autora do blog O Ber\u00e7o do Mundo.","sameAs":["https:\/\/www.bercodomundo.com"],"url":"https:\/\/www.abvp.pt\/en\/author\/ruthia\/"}]}},"_links":{"self":[{"href":"https:\/\/www.abvp.pt\/en\/wp-json\/wp\/v2\/posts\/1831","targetHints":{"allow":["GET"]}}],"collection":[{"href":"https:\/\/www.abvp.pt\/en\/wp-json\/wp\/v2\/posts"}],"about":[{"href":"https:\/\/www.abvp.pt\/en\/wp-json\/wp\/v2\/types\/post"}],"author":[{"embeddable":true,"href":"https:\/\/www.abvp.pt\/en\/wp-json\/wp\/v2\/users\/5"}],"replies":[{"embeddable":true,"href":"https:\/\/www.abvp.pt\/en\/wp-json\/wp\/v2\/comments?post=1831"}],"version-history":[{"count":0,"href":"https:\/\/www.abvp.pt\/en\/wp-json\/wp\/v2\/posts\/1831\/revisions"}],"wp:featuredmedia":[{"embeddable":true,"href":"https:\/\/www.abvp.pt\/en\/wp-json\/wp\/v2\/media\/1833"}],"wp:attachment":[{"href":"https:\/\/www.abvp.pt\/en\/wp-json\/wp\/v2\/media?parent=1831"}],"wp:term":[{"taxonomy":"category","embeddable":true,"href":"https:\/\/www.abvp.pt\/en\/wp-json\/wp\/v2\/categories?post=1831"},{"taxonomy":"post_tag","embeddable":true,"href":"https:\/\/www.abvp.pt\/en\/wp-json\/wp\/v2\/tags?post=1831"}],"curies":[{"name":"wp","href":"https:\/\/api.w.org\/{rel}","templated":true}]}}