{"id":1876,"date":"2021-02-08T10:00:20","date_gmt":"2021-02-08T10:00:20","guid":{"rendered":"https:\/\/www.abvp.pt\/?p=1876"},"modified":"2021-02-08T10:00:21","modified_gmt":"2021-02-08T10:00:21","slug":"yogini-viajante-vanda-mendonca-entrevista","status":"publish","type":"post","link":"https:\/\/www.abvp.pt\/en\/yogini-viajante-vanda-mendonca-entrevista\/","title":{"rendered":"Yogini viajante: Vanda Mendon\u00e7a (entrevista)"},"content":{"rendered":"<p><strong>Name<\/strong>: Vanda Mendon\u00e7a<\/p>\n\n\n\n<p><strong>Profiss\u00e3o<\/strong>: Jornalista e Instrutora de Yoga<\/p>\n\n\n\n<p><strong>Data de nascimento<\/strong>: 1980<\/p>\n\n\n\n<p><strong>Local de nascimento<\/strong>: Angra do Hero\u00edsmo, A\u00e7ores<\/p>\n\n\n\n<p><strong>Local de resid\u00eancia<\/strong>: Zurique, Su\u00ed\u00e7a<\/p>\n\n\n\n<p><strong>Pr\u00f3ximas viagens<\/strong>: Bali e Timor Leste<\/p>\n\n\n\n<p><strong>Blog:<\/strong> <a aria-label=\"undefined (abre num novo separador)\" href=\"https:\/\/theyogiwanderer.com\/pt-pt\/\" target=\"_blank\" rel=\"noreferrer noopener\">The Yogi Wanderer<\/a><\/p>\n\n\n\n<p><strong>1. O que significam as viagens para si?<\/strong><\/p>\n\n\n\n<p>As viagens s\u00e3o sin\u00f3nimo de liberdade, descoberta, aprendizagem e crescimento. Talvez por ter nascido numa ilha, sempre quis conhecer o mundo, ver para al\u00e9m do horizonte mais pr\u00f3ximo. As viagens permitem-nos n\u00e3o s\u00f3 descobrir novos lugares, mas tamb\u00e9m novos povos e culturas, com diferentes formas de estar no mundo e na vida.<\/p>\n\n\n\n<p>Depois h\u00e1 toda uma <strong>dimens\u00e3o de autoconhecimento nas viagens<\/strong>. Pode parecer um clich\u00e9, mas na realidade n\u00e3o o \u00e9. Viajar, sozinho ou acompanhado, \u00e9 tamb\u00e9m descobrirmos quem somos, descobrirmo-nos nos outros e no mundo. N\u00e3o \u00e9 a \u00fanica forma de o fazer, mas \u00e9, para mim, uma das mais fascinantes.<\/p>\n\n\n\n<figure class=\"wp-block-image size-large\"><img fetchpriority=\"high\" decoding=\"async\" width=\"1600\" height=\"900\" src=\"https:\/\/www.abvp.pt\/wp-content\/uploads\/kruger-national-park-safari.jpg\" alt=\"\" class=\"wp-image-1878\" srcset=\"https:\/\/www.abvp.pt\/wp-content\/uploads\/kruger-national-park-safari.jpg 1600w, https:\/\/www.abvp.pt\/wp-content\/uploads\/kruger-national-park-safari-600x338.jpg 600w, https:\/\/www.abvp.pt\/wp-content\/uploads\/kruger-national-park-safari-800x450.jpg 800w, https:\/\/www.abvp.pt\/wp-content\/uploads\/kruger-national-park-safari-150x84.jpg 150w, https:\/\/www.abvp.pt\/wp-content\/uploads\/kruger-national-park-safari-768x432.jpg 768w, https:\/\/www.abvp.pt\/wp-content\/uploads\/kruger-national-park-safari-1536x864.jpg 1536w, https:\/\/www.abvp.pt\/wp-content\/uploads\/kruger-national-park-safari-960x540.jpg 960w\" sizes=\"(max-width: 1600px) 100vw, 1600px\" \/><figcaption>Safari no Kruger (\u00c1frica do Sul).<\/figcaption><\/figure>\n\n\n\n<p><strong>2. Entre os destinos que j\u00e1 visitou, h\u00e1 algum que a tenha marcado de forma especial? Conte-nos.<\/strong><\/p>\n\n\n\n<p>Uma das experi\u00eancias mais marcantes que tive em viagem foi, sem d\u00favida, fazer um safari no <em>Kruger National Park<\/em>, na \u00c1frica do Sul. Para al\u00e9m da extraordin\u00e1ria beleza do local, a possibilidade de estar t\u00e3o pr\u00f3ximo dos animais e de testemunhar a natureza no seu estado mais puro foi muito especial e emotivo.<\/p>\n\n\n\n<p><strong>3. O que mais o influencia na hora de escolher um destino de viagem?<\/strong><\/p>\n\n\n\n<p>Costumo dizer que quero ir a todo o lado, por isso tenho uma lista muito extensa de destinos que pretendo visitar. Gosto obviamente de viajar para lugares que ainda n\u00e3o conhe\u00e7o, de conhecer culturas muito diferentes da minha, mas tamb\u00e9m de experimentar todo o tipo de experi\u00eancias pelo menos uma vez na vida.<\/p>\n\n\n\n<p>Gosto de viajar de forma independente, sozinha ou em casal, mas tamb\u00e9m n\u00e3o digo que n\u00e3o a um cruzeiro pelo Mediterr\u00e2neo ou a um retiro de yoga e surf em Marrocos, por exemplo.<\/p>\n\n\n\n<p><strong>4. J\u00e1 viveu fora de Portugal mais que seis meses? Se sim, onde e o que retirou dessa experi\u00eancia?<\/strong><\/p>\n\n\n\n<p>Vivo h\u00e1 7 anos em Zurique, na Su\u00ed\u00e7a. Viver no estrangeiro era um sonho antigo, que me trouxe muitas oportunidades, mas tamb\u00e9m alguns desafios. Por um lado, a Su\u00ed\u00e7a \u00e9 um pa\u00eds lind\u00edssimo, com um dos melhores n\u00edveis de vida do mundo, e viver no centro da Europa tem-me permitido viajar bastante.<\/p>\n\n\n\n<p>Por outro lado, nem sempre \u00e9 f\u00e1cil estar longe da fam\u00edlia e dos amigos e <strong>\u00e9 imposs\u00edvel n\u00e3o sentir saudades do mar e do sol de Portugal<\/strong>.<\/p>\n\n\n\n<figure class=\"wp-block-image size-large\"><img decoding=\"async\" width=\"1600\" height=\"900\" src=\"https:\/\/www.abvp.pt\/wp-content\/uploads\/Tailandia.jpg\" alt=\"\" class=\"wp-image-1879\" srcset=\"https:\/\/www.abvp.pt\/wp-content\/uploads\/Tailandia.jpg 1600w, https:\/\/www.abvp.pt\/wp-content\/uploads\/Tailandia-600x338.jpg 600w, https:\/\/www.abvp.pt\/wp-content\/uploads\/Tailandia-800x450.jpg 800w, https:\/\/www.abvp.pt\/wp-content\/uploads\/Tailandia-150x84.jpg 150w, https:\/\/www.abvp.pt\/wp-content\/uploads\/Tailandia-768x432.jpg 768w, https:\/\/www.abvp.pt\/wp-content\/uploads\/Tailandia-1536x864.jpg 1536w, https:\/\/www.abvp.pt\/wp-content\/uploads\/Tailandia-960x540.jpg 960w\" sizes=\"(max-width: 1600px) 100vw, 1600px\" \/><figcaption>Thailand<\/figcaption><\/figure>\n\n\n\n<p><strong>5.<\/strong> <strong>Explique o que \u00e9 o seu blog de viagens e a raz\u00e3o da sua exist\u00eancia.<\/strong><\/p>\n\n\n\n<p>O The Yogi Wanderer \u00e9 o resultado de <strong>tr\u00eas grandes paix\u00f5es: as viagens, o yoga e a escrita<\/strong>. Para mim, tanto as viagens como o yoga s\u00e3o duas excelentes formas de aprendermos sobre o mundo e sobre n\u00f3s pr\u00f3prios, por isso faz todo o sentido aliar estas duas filosofias de vida.<\/p>\n\n\n\n<p>Aquilo que come\u00e7ou como um blog em estilo de di\u00e1rio sobre a minha vida na Su\u00ed\u00e7a e as viagens que ia fazendo foi, aos poucos, crescendo. Hoje \u00e9 um projeto profissional onde pretendo inspirar e ajudar outras pessoas a descobrirem o mundo e o seu verdadeiro eu, atrav\u00e9s de guias, itiner\u00e1rios e dicas de viagem, mas tamb\u00e9m de recursos de yoga gratuitos.<\/p>\n\n\n\n<p><strong>6. Como surgiu o nome do blog?<\/strong><\/p>\n\n\n\n<p>Como instrutora de yoga e viajante, queria algo que refletisse quem sou e a ess\u00eancia do blog e The Yogi Wanderer pareceu-me perfeito.<\/p>\n\n\n\n<p><strong>7. Destaque um dos posts de que mais gosta no seu blog e explique porqu\u00ea.<\/strong><\/p>\n\n\n\n<p>Um dos meus favoritos \u00e9 o artigo sobre a <a aria-label=\"undefined (abre num novo separador)\" href=\"https:\/\/theyogiwanderer.com\/pt-pt\/o-que-visitar-na-ilha-terceira\/\" target=\"_blank\" rel=\"noreferrer noopener\">ilha Terceira<\/a>, nos A\u00e7ores. Sendo a ilha onde nasci e cresci, este \u00e9 um dos posts que mais prazer me deu escrever e um dos mais especiais para mim.<\/p>\n\n\n\n<figure class=\"wp-block-image size-large\"><img decoding=\"async\" width=\"1600\" height=\"900\" src=\"https:\/\/www.abvp.pt\/wp-content\/uploads\/Gozo-Malta.jpg\" alt=\"\" class=\"wp-image-1880\" srcset=\"https:\/\/www.abvp.pt\/wp-content\/uploads\/Gozo-Malta.jpg 1600w, https:\/\/www.abvp.pt\/wp-content\/uploads\/Gozo-Malta-600x338.jpg 600w, https:\/\/www.abvp.pt\/wp-content\/uploads\/Gozo-Malta-800x450.jpg 800w, https:\/\/www.abvp.pt\/wp-content\/uploads\/Gozo-Malta-150x84.jpg 150w, https:\/\/www.abvp.pt\/wp-content\/uploads\/Gozo-Malta-768x432.jpg 768w, https:\/\/www.abvp.pt\/wp-content\/uploads\/Gozo-Malta-1536x864.jpg 1536w, https:\/\/www.abvp.pt\/wp-content\/uploads\/Gozo-Malta-960x540.jpg 960w\" sizes=\"(max-width: 1600px) 100vw, 1600px\" \/><figcaption>Na ilha de Gozo, uma das 21 que constituem o arquip\u00e9lago malt\u00eas.<\/figcaption><\/figure>\n\n\n\n<p><strong>8. Alguma dica para quem pretende come\u00e7ar agora um blog de viagens?<\/strong><\/p>\n\n\n\n<p>Apenas come\u00e7ar. Para quem \u00e9 apaixonado por viagens, escrita e\/ou fotografia, come\u00e7ar um blog de viagens \u00e9 uma forma criativa de imortalizar e partilhar as suas experi\u00eancias de viagem.<\/p>\n\n\n\n<p>Para quem pretende transformar o seu blog de viagens em algo mais do que um <em>hobby<\/em>, recomendo que <strong>invista tempo e dinheiro em forma\u00e7\u00e3o, tal como faria se quisesse come\u00e7ar qualquer outra profiss\u00e3o<\/strong>.<\/p>\n\n\n\n<p><strong>9.<\/strong> <strong>Que papel desempenham os blogs junto de outras pessoas que gostam de viajar?<\/strong><\/p>\n\n\n\n<p>Nos dias de hoje, os blogs s\u00e3o n\u00e3o apenas uma fonte de inspira\u00e7\u00e3o, mas tamb\u00e9m de informa\u00e7\u00e3o detalhada e de confian\u00e7a no momento de planear uma viagem, substituindo-se cada vez mais a outros meios de comunica\u00e7\u00e3o nessa fun\u00e7\u00e3o.<\/p>\n\n\n\n<p>As pessoas procuram ali uma perspetiva pessoal sobre um destino, restaurante, hotel ou experi\u00eancia porque seguem e conhecem determinado blogger, identificam-se com a sua forma de viajar e confiam na sua opini\u00e3o. E isso \u00e9 algo que n\u00e3o encontram nos <em>media<\/em> tradicionais ou nos guias de viagem em formato de livro.<\/p>\n\n\n\n<p><strong>10. Qual \u00e9 o seu maior sonho por cumprir?<\/strong><\/p>\n\n\n\n<p>Desde que vi um document\u00e1rio em crian\u00e7a, um dos meus maiores sonhos \u00e9 visitar a Ant\u00e1rtida. <strong>Ainda n\u00e3o sei quando, mas um dia vou<\/strong>. Mas tenho outras viagens de sonho ainda por realizar, como fazer o Transiberiano e o Inca Trail at\u00e9 Machu Picchu.<\/p>\n\n\n\n<p>Ao n\u00edvel profissional, o meu maior objetivo \u00e9 trabalhar como blogger de viagens a tempo inteiro.<\/p>","protected":false},"excerpt":{"rendered":"<p>Nome: Vanda Mendon\u00e7a Profiss\u00e3o: Jornalista e Instrutora de Yoga Data de nascimento: 1980 Local de nascimento: Angra do Hero\u00edsmo, A\u00e7ores Local de resid\u00eancia: Zurique, Su\u00ed\u00e7a Pr\u00f3ximas viagens: Bali e Timor [&hellip;]<\/p>\n","protected":false},"author":5,"featured_media":1877,"comment_status":"open","ping_status":"closed","sticky":false,"template":"","format":"standard","meta":{"_price":"","_stock":"","_tribe_ticket_header":"","_tribe_default_ticket_provider":"","_tribe_ticket_capacity":"0","_ticket_start_date":"","_ticket_end_date":"","_tribe_ticket_show_description":"","_tribe_ticket_show_not_going":false,"_tribe_ticket_use_global_stock":"","_tribe_ticket_global_stock_level":"","_global_stock_mode":"","_global_stock_cap":"","_tribe_rsvp_for_event":"","_tribe_ticket_going_count":"","_tribe_ticket_not_going_count":"","_tribe_tickets_list":"[]","_tribe_ticket_has_attendee_info_fields":false,"_EventAllDay":false,"_EventTimezone":"","_EventStartDate":"","_EventEndDate":"","_EventStartDateUTC":"","_EventEndDateUTC":"","_EventShowMap":false,"_EventShowMapLink":false,"_EventURL":"","_EventCost":"","_EventCostDescription":"","_EventCurrencySymbol":"","_EventCurrencyCode":"","_EventCurrencyPosition":"","_EventDateTimeSeparator":"","_EventTimeRangeSeparator":"","_EventOrganizerID":[],"_EventVenueID":[],"_OrganizerEmail":"","_OrganizerPhone":"","_OrganizerWebsite":"","_VenueAddress":"","_VenueCity":"","_VenueCountry":"","_VenueProvince":"","_VenueState":"","_VenueZip":"","_VenuePhone":"","_VenueURL":"","_VenueStateProvince":"","_VenueLat":"","_VenueLng":"","_VenueShowMap":false,"_VenueShowMapLink":false,"footnotes":""},"categories":[1],"tags":[37],"class_list":["post-1876","post","type-post","status-publish","format-standard","has-post-thumbnail","hentry","category-conteudo","tag-entrevista"],"blocksy_meta":[],"yoast_head":"<!-- This site is optimized with the Yoast SEO plugin v26.4 - https:\/\/yoast.com\/wordpress\/plugins\/seo\/ -->\n<title>Yogini viajante: Vanda Mendon\u00e7a (entrevista) - ABVP<\/title>\n<meta name=\"robots\" content=\"index, follow, max-snippet:-1, max-image-preview:large, max-video-preview:-1\" \/>\n<link rel=\"canonical\" href=\"https:\/\/www.abvp.pt\/en\/yogini-viajante-vanda-mendonca-entrevista\/\" \/>\n<meta property=\"og:locale\" content=\"en_GB\" \/>\n<meta property=\"og:type\" content=\"article\" \/>\n<meta property=\"og:title\" content=\"Yogini viajante: Vanda Mendon\u00e7a (entrevista) - ABVP\" \/>\n<meta property=\"og:description\" content=\"Nome: Vanda Mendon\u00e7a Profiss\u00e3o: Jornalista e Instrutora de Yoga Data de nascimento: 1980 Local de nascimento: Angra do Hero\u00edsmo, A\u00e7ores Local de resid\u00eancia: Zurique, Su\u00ed\u00e7a Pr\u00f3ximas viagens: Bali e Timor [&hellip;]\" \/>\n<meta property=\"og:url\" content=\"https:\/\/www.abvp.pt\/en\/yogini-viajante-vanda-mendonca-entrevista\/\" \/>\n<meta property=\"og:site_name\" content=\"ABVP\" \/>\n<meta property=\"article:publisher\" content=\"https:\/\/www.facebook.com\/abvppt\/\" \/>\n<meta property=\"article:published_time\" content=\"2021-02-08T10:00:20+00:00\" \/>\n<meta property=\"article:modified_time\" content=\"2021-02-08T10:00:21+00:00\" \/>\n<meta property=\"og:image\" content=\"https:\/\/www.abvp.pt\/wp-content\/uploads\/Lauterbrunnen-Suica.jpg\" \/>\n\t<meta property=\"og:image:width\" content=\"1600\" \/>\n\t<meta property=\"og:image:height\" content=\"900\" \/>\n\t<meta property=\"og:image:type\" content=\"image\/jpeg\" \/>\n<meta name=\"author\" content=\"Ruthia Portelinha\" \/>\n<meta name=\"twitter:card\" content=\"summary_large_image\" \/>\n<meta name=\"twitter:creator\" content=\"@abvppt\" \/>\n<meta name=\"twitter:site\" content=\"@abvppt\" \/>\n<meta name=\"twitter:label1\" content=\"Written by\" \/>\n\t<meta name=\"twitter:data1\" content=\"Ruthia Portelinha\" \/>\n\t<meta name=\"twitter:label2\" content=\"Estimated reading time\" \/>\n\t<meta name=\"twitter:data2\" content=\"5 minutes\" \/>\n<script type=\"application\/ld+json\" class=\"yoast-schema-graph\">{\"@context\":\"https:\/\/schema.org\",\"@graph\":[{\"@type\":\"Article\",\"@id\":\"https:\/\/www.abvp.pt\/yogini-viajante-vanda-mendonca-entrevista\/#article\",\"isPartOf\":{\"@id\":\"https:\/\/www.abvp.pt\/yogini-viajante-vanda-mendonca-entrevista\/\"},\"author\":{\"name\":\"Ruthia Portelinha\",\"@id\":\"https:\/\/www.abvp.pt\/#\/schema\/person\/3224ab1e82979d8d2daa9b24c41ac06f\"},\"headline\":\"Yogini viajante: Vanda Mendon\u00e7a (entrevista)\",\"datePublished\":\"2021-02-08T10:00:20+00:00\",\"dateModified\":\"2021-02-08T10:00:21+00:00\",\"mainEntityOfPage\":{\"@id\":\"https:\/\/www.abvp.pt\/yogini-viajante-vanda-mendonca-entrevista\/\"},\"wordCount\":949,\"commentCount\":0,\"publisher\":{\"@id\":\"https:\/\/www.abvp.pt\/#organization\"},\"image\":{\"@id\":\"https:\/\/www.abvp.pt\/yogini-viajante-vanda-mendonca-entrevista\/#primaryimage\"},\"thumbnailUrl\":\"https:\/\/www.abvp.pt\/wp-content\/uploads\/Lauterbrunnen-Suica.jpg\",\"keywords\":[\"entrevista\"],\"articleSection\":[\"Conte\u00fado\"],\"inLanguage\":\"en-GB\",\"potentialAction\":[{\"@type\":\"CommentAction\",\"name\":\"Comment\",\"target\":[\"https:\/\/www.abvp.pt\/yogini-viajante-vanda-mendonca-entrevista\/#respond\"]}]},{\"@type\":\"WebPage\",\"@id\":\"https:\/\/www.abvp.pt\/yogini-viajante-vanda-mendonca-entrevista\/\",\"url\":\"https:\/\/www.abvp.pt\/yogini-viajante-vanda-mendonca-entrevista\/\",\"name\":\"Yogini viajante: Vanda Mendon\u00e7a (entrevista) - ABVP\",\"isPartOf\":{\"@id\":\"https:\/\/www.abvp.pt\/#website\"},\"primaryImageOfPage\":{\"@id\":\"https:\/\/www.abvp.pt\/yogini-viajante-vanda-mendonca-entrevista\/#primaryimage\"},\"image\":{\"@id\":\"https:\/\/www.abvp.pt\/yogini-viajante-vanda-mendonca-entrevista\/#primaryimage\"},\"thumbnailUrl\":\"https:\/\/www.abvp.pt\/wp-content\/uploads\/Lauterbrunnen-Suica.jpg\",\"datePublished\":\"2021-02-08T10:00:20+00:00\",\"dateModified\":\"2021-02-08T10:00:21+00:00\",\"breadcrumb\":{\"@id\":\"https:\/\/www.abvp.pt\/yogini-viajante-vanda-mendonca-entrevista\/#breadcrumb\"},\"inLanguage\":\"en-GB\",\"potentialAction\":[{\"@type\":\"ReadAction\",\"target\":[\"https:\/\/www.abvp.pt\/yogini-viajante-vanda-mendonca-entrevista\/\"]}]},{\"@type\":\"ImageObject\",\"inLanguage\":\"en-GB\",\"@id\":\"https:\/\/www.abvp.pt\/yogini-viajante-vanda-mendonca-entrevista\/#primaryimage\",\"url\":\"https:\/\/www.abvp.pt\/wp-content\/uploads\/Lauterbrunnen-Suica.jpg\",\"contentUrl\":\"https:\/\/www.abvp.pt\/wp-content\/uploads\/Lauterbrunnen-Suica.jpg\",\"width\":1600,\"height\":900,\"caption\":\"Sui\u00e7a\"},{\"@type\":\"BreadcrumbList\",\"@id\":\"https:\/\/www.abvp.pt\/yogini-viajante-vanda-mendonca-entrevista\/#breadcrumb\",\"itemListElement\":[{\"@type\":\"ListItem\",\"position\":1,\"name\":\"In\u00edcio\",\"item\":\"https:\/\/www.abvp.pt\/\"},{\"@type\":\"ListItem\",\"position\":2,\"name\":\"Yogini viajante: Vanda Mendon\u00e7a (entrevista)\"}]},{\"@type\":\"WebSite\",\"@id\":\"https:\/\/www.abvp.pt\/#website\",\"url\":\"https:\/\/www.abvp.pt\/\",\"name\":\"ABVP\",\"description\":\"Associa\u00e7\u00e3o de Bloggers de Viagem Portugueses\",\"publisher\":{\"@id\":\"https:\/\/www.abvp.pt\/#organization\"},\"potentialAction\":[{\"@type\":\"SearchAction\",\"target\":{\"@type\":\"EntryPoint\",\"urlTemplate\":\"https:\/\/www.abvp.pt\/?s={search_term_string}\"},\"query-input\":{\"@type\":\"PropertyValueSpecification\",\"valueRequired\":true,\"valueName\":\"search_term_string\"}}],\"inLanguage\":\"en-GB\"},{\"@type\":\"Organization\",\"@id\":\"https:\/\/www.abvp.pt\/#organization\",\"name\":\"ABVP\",\"url\":\"https:\/\/www.abvp.pt\/\",\"logo\":{\"@type\":\"ImageObject\",\"inLanguage\":\"en-GB\",\"@id\":\"https:\/\/www.abvp.pt\/#\/schema\/logo\/image\/\",\"url\":\"https:\/\/www.abvp.pt\/wp-content\/uploads\/Logo-Header-dark.svg\",\"contentUrl\":\"https:\/\/www.abvp.pt\/wp-content\/uploads\/Logo-Header-dark.svg\",\"width\":325,\"height\":48,\"caption\":\"ABVP\"},\"image\":{\"@id\":\"https:\/\/www.abvp.pt\/#\/schema\/logo\/image\/\"},\"sameAs\":[\"https:\/\/www.facebook.com\/abvppt\/\",\"https:\/\/x.com\/abvppt\",\"https:\/\/www.instagram.com\/abvppt\/\"]},{\"@type\":\"Person\",\"@id\":\"https:\/\/www.abvp.pt\/#\/schema\/person\/3224ab1e82979d8d2daa9b24c41ac06f\",\"name\":\"Ruthia Portelinha\",\"image\":{\"@type\":\"ImageObject\",\"inLanguage\":\"en-GB\",\"@id\":\"https:\/\/www.abvp.pt\/#\/schema\/person\/image\/\",\"url\":\"https:\/\/secure.gravatar.com\/avatar\/fe88f7331e86f7718c223ca840ea6091?s=96&d=mm&r=g\",\"contentUrl\":\"https:\/\/secure.gravatar.com\/avatar\/fe88f7331e86f7718c223ca840ea6091?s=96&d=mm&r=g\",\"caption\":\"Ruthia Portelinha\"},\"description\":\"Viajante, m\u00e3e babada, choc\u00f3latra, amante de livros e museus. Autora do blog O Ber\u00e7o do Mundo.\",\"sameAs\":[\"https:\/\/www.bercodomundo.com\"],\"url\":\"https:\/\/www.abvp.pt\/en\/author\/ruthia\/\"}]}<\/script>\n<!-- \/ Yoast SEO plugin. -->","yoast_head_json":{"title":"Yogini viajante: Vanda Mendon\u00e7a (entrevista) - ABVP","robots":{"index":"index","follow":"follow","max-snippet":"max-snippet:-1","max-image-preview":"max-image-preview:large","max-video-preview":"max-video-preview:-1"},"canonical":"https:\/\/www.abvp.pt\/en\/yogini-viajante-vanda-mendonca-entrevista\/","og_locale":"en_GB","og_type":"article","og_title":"Yogini viajante: Vanda Mendon\u00e7a (entrevista) - ABVP","og_description":"Nome: Vanda Mendon\u00e7a Profiss\u00e3o: Jornalista e Instrutora de Yoga Data de nascimento: 1980 Local de nascimento: Angra do Hero\u00edsmo, A\u00e7ores Local de resid\u00eancia: Zurique, Su\u00ed\u00e7a Pr\u00f3ximas viagens: Bali e Timor [&hellip;]","og_url":"https:\/\/www.abvp.pt\/en\/yogini-viajante-vanda-mendonca-entrevista\/","og_site_name":"ABVP","article_publisher":"https:\/\/www.facebook.com\/abvppt\/","article_published_time":"2021-02-08T10:00:20+00:00","article_modified_time":"2021-02-08T10:00:21+00:00","og_image":[{"width":1600,"height":900,"url":"https:\/\/www.abvp.pt\/wp-content\/uploads\/Lauterbrunnen-Suica.jpg","type":"image\/jpeg"}],"author":"Ruthia Portelinha","twitter_card":"summary_large_image","twitter_creator":"@abvppt","twitter_site":"@abvppt","twitter_misc":{"Written by":"Ruthia Portelinha","Estimated reading time":"5 minutes"},"schema":{"@context":"https:\/\/schema.org","@graph":[{"@type":"Article","@id":"https:\/\/www.abvp.pt\/yogini-viajante-vanda-mendonca-entrevista\/#article","isPartOf":{"@id":"https:\/\/www.abvp.pt\/yogini-viajante-vanda-mendonca-entrevista\/"},"author":{"name":"Ruthia Portelinha","@id":"https:\/\/www.abvp.pt\/#\/schema\/person\/3224ab1e82979d8d2daa9b24c41ac06f"},"headline":"Yogini viajante: Vanda Mendon\u00e7a (entrevista)","datePublished":"2021-02-08T10:00:20+00:00","dateModified":"2021-02-08T10:00:21+00:00","mainEntityOfPage":{"@id":"https:\/\/www.abvp.pt\/yogini-viajante-vanda-mendonca-entrevista\/"},"wordCount":949,"commentCount":0,"publisher":{"@id":"https:\/\/www.abvp.pt\/#organization"},"image":{"@id":"https:\/\/www.abvp.pt\/yogini-viajante-vanda-mendonca-entrevista\/#primaryimage"},"thumbnailUrl":"https:\/\/www.abvp.pt\/wp-content\/uploads\/Lauterbrunnen-Suica.jpg","keywords":["entrevista"],"articleSection":["Conte\u00fado"],"inLanguage":"en-GB","potentialAction":[{"@type":"CommentAction","name":"Comment","target":["https:\/\/www.abvp.pt\/yogini-viajante-vanda-mendonca-entrevista\/#respond"]}]},{"@type":"WebPage","@id":"https:\/\/www.abvp.pt\/yogini-viajante-vanda-mendonca-entrevista\/","url":"https:\/\/www.abvp.pt\/yogini-viajante-vanda-mendonca-entrevista\/","name":"Yogini viajante: Vanda Mendon\u00e7a (entrevista) - ABVP","isPartOf":{"@id":"https:\/\/www.abvp.pt\/#website"},"primaryImageOfPage":{"@id":"https:\/\/www.abvp.pt\/yogini-viajante-vanda-mendonca-entrevista\/#primaryimage"},"image":{"@id":"https:\/\/www.abvp.pt\/yogini-viajante-vanda-mendonca-entrevista\/#primaryimage"},"thumbnailUrl":"https:\/\/www.abvp.pt\/wp-content\/uploads\/Lauterbrunnen-Suica.jpg","datePublished":"2021-02-08T10:00:20+00:00","dateModified":"2021-02-08T10:00:21+00:00","breadcrumb":{"@id":"https:\/\/www.abvp.pt\/yogini-viajante-vanda-mendonca-entrevista\/#breadcrumb"},"inLanguage":"en-GB","potentialAction":[{"@type":"ReadAction","target":["https:\/\/www.abvp.pt\/yogini-viajante-vanda-mendonca-entrevista\/"]}]},{"@type":"ImageObject","inLanguage":"en-GB","@id":"https:\/\/www.abvp.pt\/yogini-viajante-vanda-mendonca-entrevista\/#primaryimage","url":"https:\/\/www.abvp.pt\/wp-content\/uploads\/Lauterbrunnen-Suica.jpg","contentUrl":"https:\/\/www.abvp.pt\/wp-content\/uploads\/Lauterbrunnen-Suica.jpg","width":1600,"height":900,"caption":"Sui\u00e7a"},{"@type":"BreadcrumbList","@id":"https:\/\/www.abvp.pt\/yogini-viajante-vanda-mendonca-entrevista\/#breadcrumb","itemListElement":[{"@type":"ListItem","position":1,"name":"In\u00edcio","item":"https:\/\/www.abvp.pt\/"},{"@type":"ListItem","position":2,"name":"Yogini viajante: Vanda Mendon\u00e7a (entrevista)"}]},{"@type":"WebSite","@id":"https:\/\/www.abvp.pt\/#website","url":"https:\/\/www.abvp.pt\/","name":"ABVP","description":"Association of Portuguese Travel Bloggers","publisher":{"@id":"https:\/\/www.abvp.pt\/#organization"},"potentialAction":[{"@type":"SearchAction","target":{"@type":"EntryPoint","urlTemplate":"https:\/\/www.abvp.pt\/?s={search_term_string}"},"query-input":{"@type":"PropertyValueSpecification","valueRequired":true,"valueName":"search_term_string"}}],"inLanguage":"en-GB"},{"@type":"Organization","@id":"https:\/\/www.abvp.pt\/#organization","name":"ABVP","url":"https:\/\/www.abvp.pt\/","logo":{"@type":"ImageObject","inLanguage":"en-GB","@id":"https:\/\/www.abvp.pt\/#\/schema\/logo\/image\/","url":"https:\/\/www.abvp.pt\/wp-content\/uploads\/Logo-Header-dark.svg","contentUrl":"https:\/\/www.abvp.pt\/wp-content\/uploads\/Logo-Header-dark.svg","width":325,"height":48,"caption":"ABVP"},"image":{"@id":"https:\/\/www.abvp.pt\/#\/schema\/logo\/image\/"},"sameAs":["https:\/\/www.facebook.com\/abvppt\/","https:\/\/x.com\/abvppt","https:\/\/www.instagram.com\/abvppt\/"]},{"@type":"Person","@id":"https:\/\/www.abvp.pt\/#\/schema\/person\/3224ab1e82979d8d2daa9b24c41ac06f","name":"Ruthia Portelinha","image":{"@type":"ImageObject","inLanguage":"en-GB","@id":"https:\/\/www.abvp.pt\/#\/schema\/person\/image\/","url":"https:\/\/secure.gravatar.com\/avatar\/fe88f7331e86f7718c223ca840ea6091?s=96&d=mm&r=g","contentUrl":"https:\/\/secure.gravatar.com\/avatar\/fe88f7331e86f7718c223ca840ea6091?s=96&d=mm&r=g","caption":"Ruthia Portelinha"},"description":"Viajante, m\u00e3e babada, choc\u00f3latra, amante de livros e museus. Autora do blog O Ber\u00e7o do Mundo.","sameAs":["https:\/\/www.bercodomundo.com"],"url":"https:\/\/www.abvp.pt\/en\/author\/ruthia\/"}]}},"_links":{"self":[{"href":"https:\/\/www.abvp.pt\/en\/wp-json\/wp\/v2\/posts\/1876","targetHints":{"allow":["GET"]}}],"collection":[{"href":"https:\/\/www.abvp.pt\/en\/wp-json\/wp\/v2\/posts"}],"about":[{"href":"https:\/\/www.abvp.pt\/en\/wp-json\/wp\/v2\/types\/post"}],"author":[{"embeddable":true,"href":"https:\/\/www.abvp.pt\/en\/wp-json\/wp\/v2\/users\/5"}],"replies":[{"embeddable":true,"href":"https:\/\/www.abvp.pt\/en\/wp-json\/wp\/v2\/comments?post=1876"}],"version-history":[{"count":0,"href":"https:\/\/www.abvp.pt\/en\/wp-json\/wp\/v2\/posts\/1876\/revisions"}],"wp:featuredmedia":[{"embeddable":true,"href":"https:\/\/www.abvp.pt\/en\/wp-json\/wp\/v2\/media\/1877"}],"wp:attachment":[{"href":"https:\/\/www.abvp.pt\/en\/wp-json\/wp\/v2\/media?parent=1876"}],"wp:term":[{"taxonomy":"category","embeddable":true,"href":"https:\/\/www.abvp.pt\/en\/wp-json\/wp\/v2\/categories?post=1876"},{"taxonomy":"post_tag","embeddable":true,"href":"https:\/\/www.abvp.pt\/en\/wp-json\/wp\/v2\/tags?post=1876"}],"curies":[{"name":"wp","href":"https:\/\/api.w.org\/{rel}","templated":true}]}}