{"id":1913,"date":"2021-05-20T11:35:54","date_gmt":"2021-05-20T10:35:54","guid":{"rendered":"https:\/\/www.abvp.pt\/?p=1913"},"modified":"2023-05-06T21:33:14","modified_gmt":"2023-05-06T20:33:14","slug":"a-marketer-irrequieta-sonia-dias-entrevista","status":"publish","type":"post","link":"https:\/\/www.abvp.pt\/en\/a-marketer-irrequieta-sonia-dias-entrevista\/","title":{"rendered":"A marketer irrequieta: S\u00f3nia Dias (entrevista)"},"content":{"rendered":"<p><strong>Name<\/strong>: S\u00f3nia Dias<\/p>\n\n\n\n<p><strong>Profiss\u00e3o<\/strong>: Consultora Marketing e Comunica\u00e7\u00e3o<\/p>\n\n\n\n<p><strong>Data de nascimento<\/strong>: 1979<\/p>\n\n\n\n<p><strong>Local de nascimento<\/strong>: Lisboa<\/p>\n\n\n\n<p><strong>Local de resid\u00eancia<\/strong>: Sintra<\/p>\n\n\n\n<p><strong>Pr\u00f3ximas viagens<\/strong>: Balc\u00e3s e \u00cdndia<\/p>\n\n\n\n<p><strong>Blog<\/strong>: <a href=\"https:\/\/travelrandomnotes.com\/\" target=\"_blank\" rel=\"noreferrer noopener\">TravelRandomNotes<\/a><\/p>\n\n\n\n<p><strong>1. O que significam as viagens para si?<\/strong><\/p>\n\n\n\n<p>Conhecimento. Do mundo e pessoal. Sou uma pessoa de rotinas e viajar permite romper com esse comportamento. Manter os sentidos alerta para o que acontece \u00e0 minha volta, absorvendo todos os est\u00edmulos. E isso faz-me feliz.<\/p>\n\n\n\n<p><strong>2. Entre os destinos que j\u00e1 visitou, h\u00e1 algum que a tenha marcado de forma especial? Conte-nos.<\/strong><\/p>\n\n\n\n<p>Quando penso nos destinos que mais me marcaram, surgem dois ou tr\u00eas no topo, mas  aquele que mais se destaca talvez seja Luang Prabang, no Laos. Trata-se de uma pequena cidade onde os habitantes conseguem <strong>manter o estilo de vida tradicional<\/strong>, apesar do turismo.&nbsp;\u00c9 uma cidade muito tranquila, ideal para passeios a p\u00e9. Passei l\u00e1 uma semana e apaixonei-me. <\/p>\n\n\n\n<p>A paisagem envolvente \u00e9 fant\u00e1stica, mas o que mais me cativou foi o sil\u00eancio. Eu sou hiperativa, \u00e9 quase imposs\u00edvel manter-me quieta e em sil\u00eancio mais do que cinco minutos. No entanto, em Luang Prabang consegui tempo e espa\u00e7o para meditar e <strong>desfrutar em sil\u00eancio da paisagem<\/strong>. \u00c9 um local que me transmitiu uma paz e tranquilidade enormes e onde gostaria de voltar.<\/p>\n\n\n\n<figure class=\"wp-block-image size-large\"><img fetchpriority=\"high\" decoding=\"async\" width=\"1024\" height=\"768\" src=\"https:\/\/www.abvp.pt\/wp-content\/uploads\/So\u0301nia-Dias_TravelRandomNotes3.jpg\" alt=\"\" class=\"wp-image-1918\" srcset=\"https:\/\/www.abvp.pt\/wp-content\/uploads\/So\u0301nia-Dias_TravelRandomNotes3.jpg 1024w, https:\/\/www.abvp.pt\/wp-content\/uploads\/So\u0301nia-Dias_TravelRandomNotes3-600x450.jpg 600w, https:\/\/www.abvp.pt\/wp-content\/uploads\/So\u0301nia-Dias_TravelRandomNotes3-300x225.jpg 300w, https:\/\/www.abvp.pt\/wp-content\/uploads\/So\u0301nia-Dias_TravelRandomNotes3-800x600.jpg 800w, https:\/\/www.abvp.pt\/wp-content\/uploads\/So\u0301nia-Dias_TravelRandomNotes3-150x113.jpg 150w, https:\/\/www.abvp.pt\/wp-content\/uploads\/So\u0301nia-Dias_TravelRandomNotes3-768x576.jpg 768w\" sizes=\"(max-width: 1024px) 100vw, 1024px\" \/><figcaption><strong>\u00a9<\/strong><em> TravelRandomNotes<\/em><\/figcaption><\/figure>\n\n\n\n<p><strong>3. O que mais a influencia na hora de escolher um destino de viagem?<\/strong><\/p>\n\n\n\n<p>Dois fatores influenciam a minha escolha: a hist\u00f3ria do local e a experi\u00eancia. A hist\u00f3ria de cada local \u00e9 uma paix\u00e3o que vem do liceu, altura em que era a minha disciplina favorita. N\u00e3o a encarava como mat\u00e9ria, mas como um conjunto de est\u00f3rias de onde queria absorver o m\u00e1ximo de factos poss\u00edvel. <\/p>\n\n\n\n<p>E a experi\u00eancia pelo valor humano e o crescimento que proporcionam. Conhecer outras culturas, outros povos, traz-me sempre algo de novo que incorporo na minha pr\u00f3pria experi\u00eancia de vida.<\/p>\n\n\n\n<p><strong>4. J\u00e1 viveu fora de Portugal mais que seis meses?<\/strong><\/p>\n\n\n\n<p>N\u00e3o.<\/p>\n\n\n\n<p><strong>5. Explique o que \u00e9 o seu blog de viagens e a raz\u00e3o da sua exist\u00eancia.<\/strong><\/p>\n\n\n\n<p>Comecei a viajar apenas com 30 anos, mas rapidamente apanhei o gosto. Ao fim do segundo ano j\u00e1 tinha um conjunto de est\u00f3rias e n\u00e3o sabia o que fazer com elas. Assim, criei o blog para registar essas mem\u00f3rias e partilhar algumas das coisas que aprendi, motivar outras pessoas a viajarem, mostrar que <strong>\u00e9 poss\u00edvel conhecer in\u00fameros destinos, sem ter que abandonar tudo<\/strong> e partir \u00e0 aventura por v\u00e1rios meses.<\/p>\n\n\n\n<p><strong>6. Como surgiu o nome do blog?<\/strong><\/p>\n\n\n\n<p>Surgiu precisamente da <strong>necessidade que tinha de partilhar as minhas mem\u00f3rias<\/strong>. De forma aleat\u00f3ria, ao sabor das viagens e da inspira\u00e7\u00e3o da escrita. Nunca pensei em fazer um blog muito estruturado. Queria apenas um caderno de apontamentos, onde registasse as minhas notas aleat\u00f3rias durante as viagens.<\/p>\n\n\n\n<figure class=\"wp-block-image size-large\"><img decoding=\"async\" width=\"1024\" height=\"768\" src=\"https:\/\/www.abvp.pt\/wp-content\/uploads\/So\u0301nia-Dias_TravelRandomNotes1.jpg\" alt=\"\" class=\"wp-image-1919\" srcset=\"https:\/\/www.abvp.pt\/wp-content\/uploads\/So\u0301nia-Dias_TravelRandomNotes1.jpg 1024w, https:\/\/www.abvp.pt\/wp-content\/uploads\/So\u0301nia-Dias_TravelRandomNotes1-600x450.jpg 600w, https:\/\/www.abvp.pt\/wp-content\/uploads\/So\u0301nia-Dias_TravelRandomNotes1-300x225.jpg 300w, https:\/\/www.abvp.pt\/wp-content\/uploads\/So\u0301nia-Dias_TravelRandomNotes1-800x600.jpg 800w, https:\/\/www.abvp.pt\/wp-content\/uploads\/So\u0301nia-Dias_TravelRandomNotes1-150x113.jpg 150w, https:\/\/www.abvp.pt\/wp-content\/uploads\/So\u0301nia-Dias_TravelRandomNotes1-768x576.jpg 768w\" sizes=\"(max-width: 1024px) 100vw, 1024px\" \/><figcaption><strong><strong>\u00a9<\/strong><em> <\/em><\/strong>TravelRandomNotes. O Elephant Nature Park, em Chiang Mai.<\/figcaption><\/figure>\n\n\n\n<p><strong>7. Destaque um dos posts de que mais gosta no seu blog e explique porqu\u00ea.<\/strong><\/p>\n\n\n\n<p>Um dos posts que mais gostei de escrever foi sobre o santu\u00e1rio de elefantes em Chiang Mai, o <a href=\"https:\/\/travelrandomnotes.com\/2016\/12\/30\/historias-de-elefantes-com-um-final-feliz\/\" target=\"_blank\" rel=\"noreferrer noopener\">Elephant Nature Park.<\/a> Foi um local que me deu particular prazer visitar e, apesar das vidas tristes dos elefantes que ali est\u00e3o, as suas hist\u00f3rias t\u00eam quase sempre um final feliz.<\/p>\n\n\n\n<p>Este \u00e9 um bom exemplo de como <strong>turismo, quando bem gerido e bem direcionado, pode contribuir para um mundo melhor<\/strong>. Penso que o post transmite essa mensagem; al\u00e9m de alertar para as armadilhas tur\u00edsticas com os elefantes, como os passeios ou os parques onde os animais s\u00e3o tratados como carross\u00e9is ou palha\u00e7os de circo.<\/p>\n\n\n\n<p>A s\u00e9rie de artigos sobre o <a href=\"https:\/\/travelrandomnotes.com\/category\/laos\/\" target=\"_blank\" rel=\"noreferrer noopener\">Laos<\/a> tamb\u00e9m me diz muito, senti aquele destino como perfeito para contempla\u00e7\u00e3o espiritual, como referi anteriormente.<\/p>\n\n\n\n<p><strong>8. Alguma dica para quem pretende come\u00e7ar agora um blog de viagens?<\/strong><\/p>\n\n\n\n<p>Compilar as est\u00f3rias que gostariam de contar e <strong>encontrar a voz certa para as contar<\/strong>. \u00c9 das coisas mais dif\u00edceis quando temos um blog. Definir o tom de voz, a forma como queremos contar as nossas experi\u00eancias, para que seja inspiradora.<\/p>\n\n\n\n<figure class=\"wp-block-image size-large\"><img decoding=\"async\" width=\"1024\" height=\"768\" src=\"https:\/\/www.abvp.pt\/wp-content\/uploads\/So\u0301nia-Dias_TravelRandomNotes2.jpg\" alt=\"\" class=\"wp-image-1922\" srcset=\"https:\/\/www.abvp.pt\/wp-content\/uploads\/So\u0301nia-Dias_TravelRandomNotes2.jpg 1024w, https:\/\/www.abvp.pt\/wp-content\/uploads\/So\u0301nia-Dias_TravelRandomNotes2-600x450.jpg 600w, https:\/\/www.abvp.pt\/wp-content\/uploads\/So\u0301nia-Dias_TravelRandomNotes2-300x225.jpg 300w, https:\/\/www.abvp.pt\/wp-content\/uploads\/So\u0301nia-Dias_TravelRandomNotes2-800x600.jpg 800w, https:\/\/www.abvp.pt\/wp-content\/uploads\/So\u0301nia-Dias_TravelRandomNotes2-150x113.jpg 150w, https:\/\/www.abvp.pt\/wp-content\/uploads\/So\u0301nia-Dias_TravelRandomNotes2-768x576.jpg 768w\" sizes=\"(max-width: 1024px) 100vw, 1024px\" \/><figcaption><strong>\u00a9<\/strong> TravelRandomNotes<\/figcaption><\/figure>\n\n\n\n<p><strong>9. Que papel desempenham os blogs junto de outras pessoas que gostam de viajar?<\/strong><\/p>\n\n\n\n<p>Os blogs s\u00e3o um canal onde as pessoas podem obter informa\u00e7\u00e3o e inspira\u00e7\u00e3o para viajarem e escolherem os seus destinos de elei\u00e7\u00e3o. Sendo <em>peer-to-peer<\/em>, a informa\u00e7\u00e3o que transmitem \u00e9, ou pelo menos deve ser, pessoal e sobretudo real. Para quem l\u00ea, esse \u00e9 o valor mais importante.<\/p>\n\n\n\n<p><strong>&nbsp;10. Qual \u00e9 o seu maior sonho por cumprir?<\/strong><\/p>\n\n\n\n<p>Comprar uma caravana e partir \u00e0 descoberta do mundo. A liberdade de uma caravana e o cortar as amarras que uma casa pr\u00f3pria exige parecem-me um ideal de vida.<\/p>","protected":false},"excerpt":{"rendered":"<p>Nome: S\u00f3nia Dias Profiss\u00e3o: Consultora Marketing e Comunica\u00e7\u00e3o Data de nascimento: 1979 Local de nascimento: Lisboa Local de resid\u00eancia: Sintra Pr\u00f3ximas viagens: Balc\u00e3s e \u00cdndia Blog: TravelRandomNotes 1. O que [&hellip;]<\/p>\n","protected":false},"author":5,"featured_media":1917,"comment_status":"open","ping_status":"closed","sticky":false,"template":"","format":"standard","meta":{"_price":"","_stock":"","_tribe_ticket_header":"","_tribe_default_ticket_provider":"","_tribe_ticket_capacity":"0","_ticket_start_date":"","_ticket_end_date":"","_tribe_ticket_show_description":"","_tribe_ticket_show_not_going":false,"_tribe_ticket_use_global_stock":"","_tribe_ticket_global_stock_level":"","_global_stock_mode":"","_global_stock_cap":"","_tribe_rsvp_for_event":"","_tribe_ticket_going_count":"","_tribe_ticket_not_going_count":"","_tribe_tickets_list":"[]","_tribe_ticket_has_attendee_info_fields":false,"_EventAllDay":false,"_EventTimezone":"","_EventStartDate":"","_EventEndDate":"","_EventStartDateUTC":"","_EventEndDateUTC":"","_EventShowMap":false,"_EventShowMapLink":false,"_EventURL":"","_EventCost":"","_EventCostDescription":"","_EventCurrencySymbol":"","_EventCurrencyCode":"","_EventCurrencyPosition":"","_EventDateTimeSeparator":"","_EventTimeRangeSeparator":"","_EventOrganizerID":[],"_EventVenueID":[],"_OrganizerEmail":"","_OrganizerPhone":"","_OrganizerWebsite":"","_VenueAddress":"","_VenueCity":"","_VenueCountry":"","_VenueProvince":"","_VenueState":"","_VenueZip":"","_VenuePhone":"","_VenueURL":"","_VenueStateProvince":"","_VenueLat":"","_VenueLng":"","_VenueShowMap":false,"_VenueShowMapLink":false,"footnotes":""},"categories":[1],"tags":[49,37],"class_list":["post-1913","post","type-post","status-publish","format-standard","has-post-thumbnail","hentry","category-conteudo","tag-bloggers-de-viagem","tag-entrevista"],"blocksy_meta":[],"yoast_head":"<!-- This site is optimized with the Yoast SEO plugin v26.4 - https:\/\/yoast.com\/wordpress\/plugins\/seo\/ -->\n<title>A marketer irrequieta: S\u00f3nia Dias (entrevista) - ABVP<\/title>\n<meta name=\"robots\" content=\"index, follow, max-snippet:-1, max-image-preview:large, max-video-preview:-1\" \/>\n<link rel=\"canonical\" href=\"https:\/\/www.abvp.pt\/en\/a-marketer-irrequieta-sonia-dias-entrevista\/\" \/>\n<meta property=\"og:locale\" content=\"en_GB\" \/>\n<meta property=\"og:type\" content=\"article\" \/>\n<meta property=\"og:title\" content=\"A marketer irrequieta: S\u00f3nia Dias (entrevista) - ABVP\" \/>\n<meta property=\"og:description\" content=\"Nome: S\u00f3nia Dias Profiss\u00e3o: Consultora Marketing e Comunica\u00e7\u00e3o Data de nascimento: 1979 Local de nascimento: Lisboa Local de resid\u00eancia: Sintra Pr\u00f3ximas viagens: Balc\u00e3s e \u00cdndia Blog: TravelRandomNotes 1. O que [&hellip;]\" \/>\n<meta property=\"og:url\" content=\"https:\/\/www.abvp.pt\/en\/a-marketer-irrequieta-sonia-dias-entrevista\/\" \/>\n<meta property=\"og:site_name\" content=\"ABVP\" \/>\n<meta property=\"article:publisher\" content=\"https:\/\/www.facebook.com\/abvppt\/\" \/>\n<meta property=\"article:published_time\" content=\"2021-05-20T10:35:54+00:00\" \/>\n<meta property=\"article:modified_time\" content=\"2023-05-06T20:33:14+00:00\" \/>\n<meta property=\"og:image\" content=\"https:\/\/www.abvp.pt\/wp-content\/uploads\/So\u0301nia-Dias_TravelRandomNotes.jpg\" \/>\n\t<meta property=\"og:image:width\" content=\"1024\" \/>\n\t<meta property=\"og:image:height\" content=\"768\" \/>\n\t<meta property=\"og:image:type\" content=\"image\/jpeg\" \/>\n<meta name=\"author\" content=\"Ruthia Portelinha\" \/>\n<meta name=\"twitter:card\" content=\"summary_large_image\" \/>\n<meta name=\"twitter:creator\" content=\"@abvppt\" \/>\n<meta name=\"twitter:site\" content=\"@abvppt\" \/>\n<meta name=\"twitter:label1\" content=\"Written by\" \/>\n\t<meta name=\"twitter:data1\" content=\"Ruthia Portelinha\" \/>\n\t<meta name=\"twitter:label2\" content=\"Estimated reading time\" \/>\n\t<meta name=\"twitter:data2\" content=\"5 minutes\" \/>\n<script type=\"application\/ld+json\" class=\"yoast-schema-graph\">{\"@context\":\"https:\/\/schema.org\",\"@graph\":[{\"@type\":\"Article\",\"@id\":\"https:\/\/www.abvp.pt\/a-marketer-irrequieta-sonia-dias-entrevista\/#article\",\"isPartOf\":{\"@id\":\"https:\/\/www.abvp.pt\/a-marketer-irrequieta-sonia-dias-entrevista\/\"},\"author\":{\"name\":\"Ruthia Portelinha\",\"@id\":\"https:\/\/www.abvp.pt\/#\/schema\/person\/3224ab1e82979d8d2daa9b24c41ac06f\"},\"headline\":\"A marketer irrequieta: S\u00f3nia Dias (entrevista)\",\"datePublished\":\"2021-05-20T10:35:54+00:00\",\"dateModified\":\"2023-05-06T20:33:14+00:00\",\"mainEntityOfPage\":{\"@id\":\"https:\/\/www.abvp.pt\/a-marketer-irrequieta-sonia-dias-entrevista\/\"},\"wordCount\":802,\"commentCount\":0,\"publisher\":{\"@id\":\"https:\/\/www.abvp.pt\/#organization\"},\"image\":{\"@id\":\"https:\/\/www.abvp.pt\/a-marketer-irrequieta-sonia-dias-entrevista\/#primaryimage\"},\"thumbnailUrl\":\"https:\/\/www.abvp.pt\/wp-content\/uploads\/So\u0301nia-Dias_TravelRandomNotes.jpg\",\"keywords\":[\"bloggers de viagem\",\"entrevista\"],\"articleSection\":[\"Conte\u00fado\"],\"inLanguage\":\"en-GB\",\"potentialAction\":[{\"@type\":\"CommentAction\",\"name\":\"Comment\",\"target\":[\"https:\/\/www.abvp.pt\/a-marketer-irrequieta-sonia-dias-entrevista\/#respond\"]}]},{\"@type\":\"WebPage\",\"@id\":\"https:\/\/www.abvp.pt\/a-marketer-irrequieta-sonia-dias-entrevista\/\",\"url\":\"https:\/\/www.abvp.pt\/a-marketer-irrequieta-sonia-dias-entrevista\/\",\"name\":\"A marketer irrequieta: S\u00f3nia Dias (entrevista) - ABVP\",\"isPartOf\":{\"@id\":\"https:\/\/www.abvp.pt\/#website\"},\"primaryImageOfPage\":{\"@id\":\"https:\/\/www.abvp.pt\/a-marketer-irrequieta-sonia-dias-entrevista\/#primaryimage\"},\"image\":{\"@id\":\"https:\/\/www.abvp.pt\/a-marketer-irrequieta-sonia-dias-entrevista\/#primaryimage\"},\"thumbnailUrl\":\"https:\/\/www.abvp.pt\/wp-content\/uploads\/So\u0301nia-Dias_TravelRandomNotes.jpg\",\"datePublished\":\"2021-05-20T10:35:54+00:00\",\"dateModified\":\"2023-05-06T20:33:14+00:00\",\"breadcrumb\":{\"@id\":\"https:\/\/www.abvp.pt\/a-marketer-irrequieta-sonia-dias-entrevista\/#breadcrumb\"},\"inLanguage\":\"en-GB\",\"potentialAction\":[{\"@type\":\"ReadAction\",\"target\":[\"https:\/\/www.abvp.pt\/a-marketer-irrequieta-sonia-dias-entrevista\/\"]}]},{\"@type\":\"ImageObject\",\"inLanguage\":\"en-GB\",\"@id\":\"https:\/\/www.abvp.pt\/a-marketer-irrequieta-sonia-dias-entrevista\/#primaryimage\",\"url\":\"https:\/\/www.abvp.pt\/wp-content\/uploads\/So\u0301nia-Dias_TravelRandomNotes.jpg\",\"contentUrl\":\"https:\/\/www.abvp.pt\/wp-content\/uploads\/So\u0301nia-Dias_TravelRandomNotes.jpg\",\"width\":1024,\"height\":768,\"caption\":\"Blogger do Travel Random Notes\"},{\"@type\":\"BreadcrumbList\",\"@id\":\"https:\/\/www.abvp.pt\/a-marketer-irrequieta-sonia-dias-entrevista\/#breadcrumb\",\"itemListElement\":[{\"@type\":\"ListItem\",\"position\":1,\"name\":\"In\u00edcio\",\"item\":\"https:\/\/www.abvp.pt\/\"},{\"@type\":\"ListItem\",\"position\":2,\"name\":\"A marketer irrequieta: S\u00f3nia Dias (entrevista)\"}]},{\"@type\":\"WebSite\",\"@id\":\"https:\/\/www.abvp.pt\/#website\",\"url\":\"https:\/\/www.abvp.pt\/\",\"name\":\"ABVP\",\"description\":\"Associa\u00e7\u00e3o de Bloggers de Viagem Portugueses\",\"publisher\":{\"@id\":\"https:\/\/www.abvp.pt\/#organization\"},\"potentialAction\":[{\"@type\":\"SearchAction\",\"target\":{\"@type\":\"EntryPoint\",\"urlTemplate\":\"https:\/\/www.abvp.pt\/?s={search_term_string}\"},\"query-input\":{\"@type\":\"PropertyValueSpecification\",\"valueRequired\":true,\"valueName\":\"search_term_string\"}}],\"inLanguage\":\"en-GB\"},{\"@type\":\"Organization\",\"@id\":\"https:\/\/www.abvp.pt\/#organization\",\"name\":\"ABVP\",\"url\":\"https:\/\/www.abvp.pt\/\",\"logo\":{\"@type\":\"ImageObject\",\"inLanguage\":\"en-GB\",\"@id\":\"https:\/\/www.abvp.pt\/#\/schema\/logo\/image\/\",\"url\":\"https:\/\/www.abvp.pt\/wp-content\/uploads\/Logo-Header-dark.svg\",\"contentUrl\":\"https:\/\/www.abvp.pt\/wp-content\/uploads\/Logo-Header-dark.svg\",\"width\":325,\"height\":48,\"caption\":\"ABVP\"},\"image\":{\"@id\":\"https:\/\/www.abvp.pt\/#\/schema\/logo\/image\/\"},\"sameAs\":[\"https:\/\/www.facebook.com\/abvppt\/\",\"https:\/\/x.com\/abvppt\",\"https:\/\/www.instagram.com\/abvppt\/\"]},{\"@type\":\"Person\",\"@id\":\"https:\/\/www.abvp.pt\/#\/schema\/person\/3224ab1e82979d8d2daa9b24c41ac06f\",\"name\":\"Ruthia Portelinha\",\"image\":{\"@type\":\"ImageObject\",\"inLanguage\":\"en-GB\",\"@id\":\"https:\/\/www.abvp.pt\/#\/schema\/person\/image\/\",\"url\":\"https:\/\/secure.gravatar.com\/avatar\/fe88f7331e86f7718c223ca840ea6091?s=96&d=mm&r=g\",\"contentUrl\":\"https:\/\/secure.gravatar.com\/avatar\/fe88f7331e86f7718c223ca840ea6091?s=96&d=mm&r=g\",\"caption\":\"Ruthia Portelinha\"},\"description\":\"Viajante, m\u00e3e babada, choc\u00f3latra, amante de livros e museus. Autora do blog O Ber\u00e7o do Mundo.\",\"sameAs\":[\"https:\/\/www.bercodomundo.com\"],\"url\":\"https:\/\/www.abvp.pt\/en\/author\/ruthia\/\"}]}<\/script>\n<!-- \/ Yoast SEO plugin. -->","yoast_head_json":{"title":"A marketer irrequieta: S\u00f3nia Dias (entrevista) - ABVP","robots":{"index":"index","follow":"follow","max-snippet":"max-snippet:-1","max-image-preview":"max-image-preview:large","max-video-preview":"max-video-preview:-1"},"canonical":"https:\/\/www.abvp.pt\/en\/a-marketer-irrequieta-sonia-dias-entrevista\/","og_locale":"en_GB","og_type":"article","og_title":"A marketer irrequieta: S\u00f3nia Dias (entrevista) - ABVP","og_description":"Nome: S\u00f3nia Dias Profiss\u00e3o: Consultora Marketing e Comunica\u00e7\u00e3o Data de nascimento: 1979 Local de nascimento: Lisboa Local de resid\u00eancia: Sintra Pr\u00f3ximas viagens: Balc\u00e3s e \u00cdndia Blog: TravelRandomNotes 1. O que [&hellip;]","og_url":"https:\/\/www.abvp.pt\/en\/a-marketer-irrequieta-sonia-dias-entrevista\/","og_site_name":"ABVP","article_publisher":"https:\/\/www.facebook.com\/abvppt\/","article_published_time":"2021-05-20T10:35:54+00:00","article_modified_time":"2023-05-06T20:33:14+00:00","og_image":[{"width":1024,"height":768,"url":"https:\/\/www.abvp.pt\/wp-content\/uploads\/So\u0301nia-Dias_TravelRandomNotes.jpg","type":"image\/jpeg"}],"author":"Ruthia Portelinha","twitter_card":"summary_large_image","twitter_creator":"@abvppt","twitter_site":"@abvppt","twitter_misc":{"Written by":"Ruthia Portelinha","Estimated reading time":"5 minutes"},"schema":{"@context":"https:\/\/schema.org","@graph":[{"@type":"Article","@id":"https:\/\/www.abvp.pt\/a-marketer-irrequieta-sonia-dias-entrevista\/#article","isPartOf":{"@id":"https:\/\/www.abvp.pt\/a-marketer-irrequieta-sonia-dias-entrevista\/"},"author":{"name":"Ruthia Portelinha","@id":"https:\/\/www.abvp.pt\/#\/schema\/person\/3224ab1e82979d8d2daa9b24c41ac06f"},"headline":"A marketer irrequieta: S\u00f3nia Dias (entrevista)","datePublished":"2021-05-20T10:35:54+00:00","dateModified":"2023-05-06T20:33:14+00:00","mainEntityOfPage":{"@id":"https:\/\/www.abvp.pt\/a-marketer-irrequieta-sonia-dias-entrevista\/"},"wordCount":802,"commentCount":0,"publisher":{"@id":"https:\/\/www.abvp.pt\/#organization"},"image":{"@id":"https:\/\/www.abvp.pt\/a-marketer-irrequieta-sonia-dias-entrevista\/#primaryimage"},"thumbnailUrl":"https:\/\/www.abvp.pt\/wp-content\/uploads\/So\u0301nia-Dias_TravelRandomNotes.jpg","keywords":["bloggers de viagem","entrevista"],"articleSection":["Conte\u00fado"],"inLanguage":"en-GB","potentialAction":[{"@type":"CommentAction","name":"Comment","target":["https:\/\/www.abvp.pt\/a-marketer-irrequieta-sonia-dias-entrevista\/#respond"]}]},{"@type":"WebPage","@id":"https:\/\/www.abvp.pt\/a-marketer-irrequieta-sonia-dias-entrevista\/","url":"https:\/\/www.abvp.pt\/a-marketer-irrequieta-sonia-dias-entrevista\/","name":"A marketer irrequieta: S\u00f3nia Dias (entrevista) - ABVP","isPartOf":{"@id":"https:\/\/www.abvp.pt\/#website"},"primaryImageOfPage":{"@id":"https:\/\/www.abvp.pt\/a-marketer-irrequieta-sonia-dias-entrevista\/#primaryimage"},"image":{"@id":"https:\/\/www.abvp.pt\/a-marketer-irrequieta-sonia-dias-entrevista\/#primaryimage"},"thumbnailUrl":"https:\/\/www.abvp.pt\/wp-content\/uploads\/So\u0301nia-Dias_TravelRandomNotes.jpg","datePublished":"2021-05-20T10:35:54+00:00","dateModified":"2023-05-06T20:33:14+00:00","breadcrumb":{"@id":"https:\/\/www.abvp.pt\/a-marketer-irrequieta-sonia-dias-entrevista\/#breadcrumb"},"inLanguage":"en-GB","potentialAction":[{"@type":"ReadAction","target":["https:\/\/www.abvp.pt\/a-marketer-irrequieta-sonia-dias-entrevista\/"]}]},{"@type":"ImageObject","inLanguage":"en-GB","@id":"https:\/\/www.abvp.pt\/a-marketer-irrequieta-sonia-dias-entrevista\/#primaryimage","url":"https:\/\/www.abvp.pt\/wp-content\/uploads\/So\u0301nia-Dias_TravelRandomNotes.jpg","contentUrl":"https:\/\/www.abvp.pt\/wp-content\/uploads\/So\u0301nia-Dias_TravelRandomNotes.jpg","width":1024,"height":768,"caption":"Blogger do Travel Random Notes"},{"@type":"BreadcrumbList","@id":"https:\/\/www.abvp.pt\/a-marketer-irrequieta-sonia-dias-entrevista\/#breadcrumb","itemListElement":[{"@type":"ListItem","position":1,"name":"In\u00edcio","item":"https:\/\/www.abvp.pt\/"},{"@type":"ListItem","position":2,"name":"A marketer irrequieta: S\u00f3nia Dias (entrevista)"}]},{"@type":"WebSite","@id":"https:\/\/www.abvp.pt\/#website","url":"https:\/\/www.abvp.pt\/","name":"ABVP","description":"Association of Portuguese Travel Bloggers","publisher":{"@id":"https:\/\/www.abvp.pt\/#organization"},"potentialAction":[{"@type":"SearchAction","target":{"@type":"EntryPoint","urlTemplate":"https:\/\/www.abvp.pt\/?s={search_term_string}"},"query-input":{"@type":"PropertyValueSpecification","valueRequired":true,"valueName":"search_term_string"}}],"inLanguage":"en-GB"},{"@type":"Organization","@id":"https:\/\/www.abvp.pt\/#organization","name":"ABVP","url":"https:\/\/www.abvp.pt\/","logo":{"@type":"ImageObject","inLanguage":"en-GB","@id":"https:\/\/www.abvp.pt\/#\/schema\/logo\/image\/","url":"https:\/\/www.abvp.pt\/wp-content\/uploads\/Logo-Header-dark.svg","contentUrl":"https:\/\/www.abvp.pt\/wp-content\/uploads\/Logo-Header-dark.svg","width":325,"height":48,"caption":"ABVP"},"image":{"@id":"https:\/\/www.abvp.pt\/#\/schema\/logo\/image\/"},"sameAs":["https:\/\/www.facebook.com\/abvppt\/","https:\/\/x.com\/abvppt","https:\/\/www.instagram.com\/abvppt\/"]},{"@type":"Person","@id":"https:\/\/www.abvp.pt\/#\/schema\/person\/3224ab1e82979d8d2daa9b24c41ac06f","name":"Ruthia Portelinha","image":{"@type":"ImageObject","inLanguage":"en-GB","@id":"https:\/\/www.abvp.pt\/#\/schema\/person\/image\/","url":"https:\/\/secure.gravatar.com\/avatar\/fe88f7331e86f7718c223ca840ea6091?s=96&d=mm&r=g","contentUrl":"https:\/\/secure.gravatar.com\/avatar\/fe88f7331e86f7718c223ca840ea6091?s=96&d=mm&r=g","caption":"Ruthia Portelinha"},"description":"Viajante, m\u00e3e babada, choc\u00f3latra, amante de livros e museus. Autora do blog O Ber\u00e7o do Mundo.","sameAs":["https:\/\/www.bercodomundo.com"],"url":"https:\/\/www.abvp.pt\/en\/author\/ruthia\/"}]}},"_links":{"self":[{"href":"https:\/\/www.abvp.pt\/en\/wp-json\/wp\/v2\/posts\/1913","targetHints":{"allow":["GET"]}}],"collection":[{"href":"https:\/\/www.abvp.pt\/en\/wp-json\/wp\/v2\/posts"}],"about":[{"href":"https:\/\/www.abvp.pt\/en\/wp-json\/wp\/v2\/types\/post"}],"author":[{"embeddable":true,"href":"https:\/\/www.abvp.pt\/en\/wp-json\/wp\/v2\/users\/5"}],"replies":[{"embeddable":true,"href":"https:\/\/www.abvp.pt\/en\/wp-json\/wp\/v2\/comments?post=1913"}],"version-history":[{"count":0,"href":"https:\/\/www.abvp.pt\/en\/wp-json\/wp\/v2\/posts\/1913\/revisions"}],"wp:featuredmedia":[{"embeddable":true,"href":"https:\/\/www.abvp.pt\/en\/wp-json\/wp\/v2\/media\/1917"}],"wp:attachment":[{"href":"https:\/\/www.abvp.pt\/en\/wp-json\/wp\/v2\/media?parent=1913"}],"wp:term":[{"taxonomy":"category","embeddable":true,"href":"https:\/\/www.abvp.pt\/en\/wp-json\/wp\/v2\/categories?post=1913"},{"taxonomy":"post_tag","embeddable":true,"href":"https:\/\/www.abvp.pt\/en\/wp-json\/wp\/v2\/tags?post=1913"}],"curies":[{"name":"wp","href":"https:\/\/api.w.org\/{rel}","templated":true}]}}