{"id":1946,"date":"2021-07-22T19:45:47","date_gmt":"2021-07-22T18:45:47","guid":{"rendered":"https:\/\/www.abvp.pt\/?p=1946"},"modified":"2023-05-06T21:33:59","modified_gmt":"2023-05-06T20:33:59","slug":"concurso-blogging-aveiro-resulta-de-parceria-com-a-abvp","status":"publish","type":"post","link":"https:\/\/www.abvp.pt\/en\/concurso-blogging-aveiro-resulta-de-parceria-com-a-abvp\/","title":{"rendered":"Concurso &#8220;Blogging Aveiro&#8221; resulta de parceria com a ABVP"},"content":{"rendered":"<p>A ABVP &#8211; Associa\u00e7\u00e3o de Bloggers de Viagem Portugueses foi convidada, pela primeira vez, a estar presente no Festival Internacional de Cinema de Turismo (ART &amp; TUR) em 2020. <\/p>\n\n\n\n<p>Seis bloggers da associa\u00e7\u00e3o estiveram em palco em Viseu, como oradores e tamb\u00e9m como apresentadores dos filmes, em pleno ano de pandemia.&nbsp;Deste contacto resultou uma parceria, que dar\u00e1 frutos na pr\u00f3xima edi\u00e7\u00e3o, prevista para outubro de 2021.<\/p>\n\n\n\n<h2 class=\"wp-block-heading\"><strong>O que \u00e9 o ART&amp;TUR<\/strong><\/h2>\n\n\n\n<p>O festival ART&amp;TUR realiza-se desde 2008 e pretende \u201cdar a conhecer ao mundo as <strong>melhores produ\u00e7\u00f5es audiovisuais de turismo realizadas em Portugal e no mundo<\/strong>\u201d. Todos os anos um j\u00fari, com membros provenientes de v\u00e1rios pa\u00edses, avalia os filmes que entram na competi\u00e7\u00e3o em tr\u00eas categorias: promocionais, educativos e document\u00e1rios. <\/p>\n\n\n\n<p>Resultante dessa avalia\u00e7\u00e3o, s\u00e3o nomeados os melhores na competi\u00e7\u00e3o nacional, internacional e tamb\u00e9m os mais votados pelo p\u00fablico. Para mais informa\u00e7\u00f5es, recomenda-se que os eventuais candidatos leiam o <a href=\"https:\/\/tourfilm-festival.com\/regulamento-artfilm\/\" target=\"_blank\" rel=\"noreferrer noopener\">Regulamento do concurso<\/a>.<\/p>\n\n\n\n<p>Estes pr\u00e9mios t\u00eam conquistado um reconhecimento internacional interessante, quer pela qualidade dos filmes nomeados, quer pelo facto de o ART &amp; TUR pertencer ao Comit\u00e9 Internacional dos Festivais de Filmes de Turismo desde 2018. <\/p>\n\n\n\n<p>Mas o Festival \u00e9 mais do que a atribui\u00e7\u00e3o dos pr\u00e9mios e da exibi\u00e7\u00e3o dos filmes escolhidos. No decorrer do evento acontecem, paralelamente, v\u00e1rias confer\u00eancias relacionadas com o tema central &#8211; turismo -, onde s\u00e3o debatidas quest\u00f5es relevantes para o setor. Foi neste contexto que alguns membros da ABVP estiveram presentes no ano passado, abordando temas como &#8220;Marketing tur\u00edstico&#8221; e &#8220;Branding de destinos&#8221;.<\/p>\n\n\n\n<figure class=\"wp-block-image aligncenter size-large\"><img fetchpriority=\"high\" decoding=\"async\" width=\"1600\" height=\"1067\" src=\"https:\/\/www.abvp.pt\/wp-content\/uploads\/CanalCentral-1-1600x1067.jpg\" alt=\"\" class=\"wp-image-1952\" srcset=\"https:\/\/www.abvp.pt\/wp-content\/uploads\/CanalCentral-1-1600x1067.jpg 1600w, https:\/\/www.abvp.pt\/wp-content\/uploads\/CanalCentral-1-600x400.jpg 600w, https:\/\/www.abvp.pt\/wp-content\/uploads\/CanalCentral-1-800x533.jpg 800w, https:\/\/www.abvp.pt\/wp-content\/uploads\/CanalCentral-1-150x100.jpg 150w, https:\/\/www.abvp.pt\/wp-content\/uploads\/CanalCentral-1-768x512.jpg 768w, https:\/\/www.abvp.pt\/wp-content\/uploads\/CanalCentral-1-1536x1024.jpg 1536w, https:\/\/www.abvp.pt\/wp-content\/uploads\/CanalCentral-1.jpg 1620w\" sizes=\"(max-width: 1600px) 100vw, 1600px\" \/><figcaption>Canal Central (Fonte: C\u00e2mara Municipal de Aveiro)<\/figcaption><\/figure>\n\n\n\n<h2 class=\"wp-block-heading\"><strong>ART&amp;TUR e ABVP<\/strong><\/h2>\n\n\n\n<p>O primeiro contacto entre a ART&amp;TUR e a ABVP deu frutos: quatro fundadores da ABVP vou integrar o j\u00fari do festival em 2021. Outra novidade, que resulta da parceria entre as duas entidades, ser\u00e1 o <strong>concurso \u201cBlogging Aveiro\u201d<\/strong>, para divulga\u00e7\u00e3o do destino onde decorre a pr\u00f3xima edi\u00e7\u00e3o do festival.<\/p>\n\n\n\n<p>Assim, o objetivo do concurso \u00e9 \u201cdistinguir a qualidade das publica\u00e7\u00f5es sobre Aveiro, realizadas nos \u00faltimos 2 anos, por bloggers de viagem independentes\u201d. Todos os associados da ABVP e outros bloggers podem concorrer com artigos sobre a cidade de Aveiro e regi\u00e3o envolvente, incluindo a Costa Nova e a Ria.&nbsp;<\/p>\n\n\n\n<p>Os artigos ter\u00e3o de ser ilustrados fotograficamente e poder\u00e3o estar escritos em portugu\u00eas, ingl\u00eas ou espanhol. Os conte\u00fados devem ser apenas dedicados \u00e0 cidade ou regi\u00e3o de Aveiro, n\u00e3o sendo eleg\u00edveis publica\u00e7\u00f5es em que esta seja um entre v\u00e1rios destinos a visitar.&nbsp;<\/p>\n\n\n\n<p>Ser\u00e1 tamb\u00e9m poss\u00edvel aos leitores sugerirem as melhores reportagens sobre a regi\u00e3o. As <a href=\"https:\/\/tourfilm-festival.com\/blogging_aveiro\/\" target=\"_blank\" rel=\"noreferrer noopener\">inscri\u00e7\u00f5es<\/a> decorrem at\u00e9 30 de setembro. Os pr\u00e9mios ser\u00e3o no formato trof\u00e9u, fornecidos pelo Munic\u00edpio de Aveiro.<\/p>\n\n\n\n<p>Para a ABVP, o concurso surge como um reconhecimento do papel dos bloggers de viagem na promo\u00e7\u00e3o dos destinos e do projeto <a href=\"https:\/\/www.abvp.pt\/en\/bloggers-de-viagem-da-abvp-promovem-portugal\/\" target=\"_blank\" rel=\"noreferrer noopener\">#euficoemportugal<\/a>, que visou <strong>contribuir para a recupera\u00e7\u00e3o do turismo em todo o territ\u00f3rio nacional<\/strong>, culminando com o lan\u00e7amento do <a href=\"http:\/\/www.idioteque.pt\/book.php?id=36\" target=\"_blank\" rel=\"noreferrer noopener\">livro coletivo<\/a> hom\u00f3nimo, em junho passado.<\/p>","protected":false},"excerpt":{"rendered":"<p>A ABVP &#8211; Associa\u00e7\u00e3o de Bloggers de Viagem Portugueses foi convidada, pela primeira vez, a estar presente no Festival Internacional de Cinema de Turismo (ART &amp; TUR) em 2020. Seis [&hellip;]<\/p>\n","protected":false},"author":10,"featured_media":1964,"comment_status":"open","ping_status":"closed","sticky":false,"template":"","format":"standard","meta":{"_price":"","_stock":"","_tribe_ticket_header":"","_tribe_default_ticket_provider":"","_tribe_ticket_capacity":"0","_ticket_start_date":"","_ticket_end_date":"","_tribe_ticket_show_description":"","_tribe_ticket_show_not_going":false,"_tribe_ticket_use_global_stock":"","_tribe_ticket_global_stock_level":"","_global_stock_mode":"","_global_stock_cap":"","_tribe_rsvp_for_event":"","_tribe_ticket_going_count":"","_tribe_ticket_not_going_count":"","_tribe_tickets_list":"[]","_tribe_ticket_has_attendee_info_fields":false,"_EventAllDay":false,"_EventTimezone":"","_EventStartDate":"","_EventEndDate":"","_EventStartDateUTC":"","_EventEndDateUTC":"","_EventShowMap":false,"_EventShowMapLink":false,"_EventURL":"","_EventCost":"","_EventCostDescription":"","_EventCurrencySymbol":"","_EventCurrencyCode":"","_EventCurrencyPosition":"","_EventDateTimeSeparator":"","_EventTimeRangeSeparator":"","_EventOrganizerID":[],"_EventVenueID":[],"_OrganizerEmail":"","_OrganizerPhone":"","_OrganizerWebsite":"","_VenueAddress":"","_VenueCity":"","_VenueCountry":"","_VenueProvince":"","_VenueState":"","_VenueZip":"","_VenuePhone":"","_VenueURL":"","_VenueStateProvince":"","_VenueLat":"","_VenueLng":"","_VenueShowMap":false,"_VenueShowMapLink":false,"footnotes":""},"categories":[1],"tags":[55,56],"class_list":["post-1946","post","type-post","status-publish","format-standard","has-post-thumbnail","hentry","category-conteudo","tag-arttur","tag-concurso"],"blocksy_meta":[],"yoast_head":"<!-- This site is optimized with the Yoast SEO plugin v26.4 - https:\/\/yoast.com\/wordpress\/plugins\/seo\/ -->\n<title>Blogging Aveiro (Parceria ABVP e ART&amp;TUR) - Wandering life<\/title>\n<meta name=\"description\" content=\"O concurso resulta da parceria entre estas duas entidades e pretende \u201cdistinguir a qualidade das publica\u00e7\u00f5es sobre Aveiro, realizadas nos \u00faltimos 2 anos por bloggers de viagem independentes\u201d.\" \/>\n<meta name=\"robots\" content=\"index, follow, max-snippet:-1, max-image-preview:large, max-video-preview:-1\" \/>\n<link rel=\"canonical\" href=\"https:\/\/www.abvp.pt\/en\/concurso-blogging-aveiro-resulta-de-parceria-com-a-abvp\/\" \/>\n<meta property=\"og:locale\" content=\"en_GB\" \/>\n<meta property=\"og:type\" content=\"article\" \/>\n<meta property=\"og:title\" content=\"Blogging Aveiro (Parceria ABVP e ART&amp;TUR) - Wandering life\" \/>\n<meta property=\"og:description\" content=\"O concurso resulta da parceria entre estas duas entidades e pretende \u201cdistinguir a qualidade das publica\u00e7\u00f5es sobre Aveiro, realizadas nos \u00faltimos 2 anos por bloggers de viagem independentes\u201d.\" \/>\n<meta property=\"og:url\" content=\"https:\/\/www.abvp.pt\/en\/concurso-blogging-aveiro-resulta-de-parceria-com-a-abvp\/\" \/>\n<meta property=\"og:site_name\" content=\"ABVP\" \/>\n<meta property=\"article:publisher\" content=\"https:\/\/www.facebook.com\/abvppt\/\" \/>\n<meta property=\"article:author\" content=\"https:\/\/www.facebook.com\/kate.wanderinglife\" \/>\n<meta property=\"article:published_time\" content=\"2021-07-22T18:45:47+00:00\" \/>\n<meta property=\"article:modified_time\" content=\"2023-05-06T20:33:59+00:00\" \/>\n<meta property=\"og:image\" content=\"https:\/\/www.abvp.pt\/wp-content\/uploads\/CanalCentral.jpg\" \/>\n\t<meta property=\"og:image:width\" content=\"1620\" \/>\n\t<meta property=\"og:image:height\" content=\"1080\" \/>\n\t<meta property=\"og:image:type\" content=\"image\/jpeg\" \/>\n<meta name=\"author\" content=\"Catarina Leonardo\" \/>\n<meta name=\"twitter:card\" content=\"summary_large_image\" \/>\n<meta name=\"twitter:title\" content=\"Blogging Aveiro (Parceria ABVP e ART&amp;TUR) - Wandering life\" \/>\n<meta name=\"twitter:description\" content=\"O concurso resulta da parceria entre estas duas entidades e pretende \u201cdistinguir a qualidade das publica\u00e7\u00f5es sobre Aveiro, realizadas nos \u00faltimos 2 anos por bloggers de viagem independentes\u201d.\" \/>\n<meta name=\"twitter:image\" content=\"https:\/\/www.abvp.pt\/wp-content\/uploads\/CanalCentral.jpg\" \/>\n<meta name=\"twitter:creator\" content=\"@k_wanderinglife\" \/>\n<meta name=\"twitter:site\" content=\"@abvppt\" \/>\n<meta name=\"twitter:label1\" content=\"Written by\" \/>\n\t<meta name=\"twitter:data1\" content=\"Catarina Leonardo\" \/>\n\t<meta name=\"twitter:label2\" content=\"Estimated reading time\" \/>\n\t<meta name=\"twitter:data2\" content=\"3 minutes\" \/>\n<script type=\"application\/ld+json\" class=\"yoast-schema-graph\">{\"@context\":\"https:\/\/schema.org\",\"@graph\":[{\"@type\":\"Article\",\"@id\":\"https:\/\/www.abvp.pt\/concurso-blogging-aveiro-resulta-de-parceria-com-a-abvp\/#article\",\"isPartOf\":{\"@id\":\"https:\/\/www.abvp.pt\/concurso-blogging-aveiro-resulta-de-parceria-com-a-abvp\/\"},\"author\":{\"name\":\"Catarina Leonardo\",\"@id\":\"https:\/\/www.abvp.pt\/#\/schema\/person\/f44d3cf66a8b73376d155bf7296519c1\"},\"headline\":\"Concurso &#8220;Blogging Aveiro&#8221; resulta de parceria com a ABVP\",\"datePublished\":\"2021-07-22T18:45:47+00:00\",\"dateModified\":\"2023-05-06T20:33:59+00:00\",\"mainEntityOfPage\":{\"@id\":\"https:\/\/www.abvp.pt\/concurso-blogging-aveiro-resulta-de-parceria-com-a-abvp\/\"},\"wordCount\":545,\"commentCount\":0,\"publisher\":{\"@id\":\"https:\/\/www.abvp.pt\/#organization\"},\"image\":{\"@id\":\"https:\/\/www.abvp.pt\/concurso-blogging-aveiro-resulta-de-parceria-com-a-abvp\/#primaryimage\"},\"thumbnailUrl\":\"https:\/\/www.abvp.pt\/wp-content\/uploads\/BLOGGING-AVEIRO_2021_1-L.jpg\",\"keywords\":[\"art&amp;tur\",\"concurso\"],\"articleSection\":[\"Conte\u00fado\"],\"inLanguage\":\"en-GB\",\"potentialAction\":[{\"@type\":\"CommentAction\",\"name\":\"Comment\",\"target\":[\"https:\/\/www.abvp.pt\/concurso-blogging-aveiro-resulta-de-parceria-com-a-abvp\/#respond\"]}]},{\"@type\":\"WebPage\",\"@id\":\"https:\/\/www.abvp.pt\/concurso-blogging-aveiro-resulta-de-parceria-com-a-abvp\/\",\"url\":\"https:\/\/www.abvp.pt\/concurso-blogging-aveiro-resulta-de-parceria-com-a-abvp\/\",\"name\":\"Blogging Aveiro (Parceria ABVP e ART&TUR) - Wandering life\",\"isPartOf\":{\"@id\":\"https:\/\/www.abvp.pt\/#website\"},\"primaryImageOfPage\":{\"@id\":\"https:\/\/www.abvp.pt\/concurso-blogging-aveiro-resulta-de-parceria-com-a-abvp\/#primaryimage\"},\"image\":{\"@id\":\"https:\/\/www.abvp.pt\/concurso-blogging-aveiro-resulta-de-parceria-com-a-abvp\/#primaryimage\"},\"thumbnailUrl\":\"https:\/\/www.abvp.pt\/wp-content\/uploads\/BLOGGING-AVEIRO_2021_1-L.jpg\",\"datePublished\":\"2021-07-22T18:45:47+00:00\",\"dateModified\":\"2023-05-06T20:33:59+00:00\",\"description\":\"O concurso resulta da parceria entre estas duas entidades e pretende \u201cdistinguir a qualidade das publica\u00e7\u00f5es sobre Aveiro, realizadas nos \u00faltimos 2 anos por bloggers de viagem independentes\u201d.\",\"breadcrumb\":{\"@id\":\"https:\/\/www.abvp.pt\/concurso-blogging-aveiro-resulta-de-parceria-com-a-abvp\/#breadcrumb\"},\"inLanguage\":\"en-GB\",\"potentialAction\":[{\"@type\":\"ReadAction\",\"target\":[\"https:\/\/www.abvp.pt\/concurso-blogging-aveiro-resulta-de-parceria-com-a-abvp\/\"]}]},{\"@type\":\"ImageObject\",\"inLanguage\":\"en-GB\",\"@id\":\"https:\/\/www.abvp.pt\/concurso-blogging-aveiro-resulta-de-parceria-com-a-abvp\/#primaryimage\",\"url\":\"https:\/\/www.abvp.pt\/wp-content\/uploads\/BLOGGING-AVEIRO_2021_1-L.jpg\",\"contentUrl\":\"https:\/\/www.abvp.pt\/wp-content\/uploads\/BLOGGING-AVEIRO_2021_1-L.jpg\",\"width\":1200,\"height\":630,\"caption\":\"concurso\"},{\"@type\":\"BreadcrumbList\",\"@id\":\"https:\/\/www.abvp.pt\/concurso-blogging-aveiro-resulta-de-parceria-com-a-abvp\/#breadcrumb\",\"itemListElement\":[{\"@type\":\"ListItem\",\"position\":1,\"name\":\"In\u00edcio\",\"item\":\"https:\/\/www.abvp.pt\/\"},{\"@type\":\"ListItem\",\"position\":2,\"name\":\"Concurso &#8220;Blogging Aveiro&#8221; resulta de parceria com a ABVP\"}]},{\"@type\":\"WebSite\",\"@id\":\"https:\/\/www.abvp.pt\/#website\",\"url\":\"https:\/\/www.abvp.pt\/\",\"name\":\"ABVP\",\"description\":\"Associa\u00e7\u00e3o de Bloggers de Viagem Portugueses\",\"publisher\":{\"@id\":\"https:\/\/www.abvp.pt\/#organization\"},\"potentialAction\":[{\"@type\":\"SearchAction\",\"target\":{\"@type\":\"EntryPoint\",\"urlTemplate\":\"https:\/\/www.abvp.pt\/?s={search_term_string}\"},\"query-input\":{\"@type\":\"PropertyValueSpecification\",\"valueRequired\":true,\"valueName\":\"search_term_string\"}}],\"inLanguage\":\"en-GB\"},{\"@type\":\"Organization\",\"@id\":\"https:\/\/www.abvp.pt\/#organization\",\"name\":\"ABVP\",\"url\":\"https:\/\/www.abvp.pt\/\",\"logo\":{\"@type\":\"ImageObject\",\"inLanguage\":\"en-GB\",\"@id\":\"https:\/\/www.abvp.pt\/#\/schema\/logo\/image\/\",\"url\":\"https:\/\/www.abvp.pt\/wp-content\/uploads\/Logo-Header-dark.svg\",\"contentUrl\":\"https:\/\/www.abvp.pt\/wp-content\/uploads\/Logo-Header-dark.svg\",\"width\":325,\"height\":48,\"caption\":\"ABVP\"},\"image\":{\"@id\":\"https:\/\/www.abvp.pt\/#\/schema\/logo\/image\/\"},\"sameAs\":[\"https:\/\/www.facebook.com\/abvppt\/\",\"https:\/\/x.com\/abvppt\",\"https:\/\/www.instagram.com\/abvppt\/\"]},{\"@type\":\"Person\",\"@id\":\"https:\/\/www.abvp.pt\/#\/schema\/person\/f44d3cf66a8b73376d155bf7296519c1\",\"name\":\"Catarina Leonardo\",\"image\":{\"@type\":\"ImageObject\",\"inLanguage\":\"en-GB\",\"@id\":\"https:\/\/www.abvp.pt\/#\/schema\/person\/image\/\",\"url\":\"https:\/\/secure.gravatar.com\/avatar\/d04f6a6e615f47130668a67d7b3a9eab?s=96&d=mm&r=g\",\"contentUrl\":\"https:\/\/secure.gravatar.com\/avatar\/d04f6a6e615f47130668a67d7b3a9eab?s=96&d=mm&r=g\",\"caption\":\"Catarina Leonardo\"},\"description\":\"Apaixonada por viajar e muito curiosa para entender as coisas novas que v\u00ea. Autora do blog Wandering life.\",\"sameAs\":[\"https:\/\/wandering-life.com\",\"https:\/\/www.facebook.com\/kate.wanderinglife\",\"https:\/\/x.com\/k_wanderinglife\"],\"url\":\"https:\/\/www.abvp.pt\/en\/author\/cleonardo\/\"}]}<\/script>\n<!-- \/ Yoast SEO plugin. -->","yoast_head_json":{"title":"Blogging Aveiro (Parceria ABVP e ART&TUR) - Wandering life","description":"O concurso resulta da parceria entre estas duas entidades e pretende \u201cdistinguir a qualidade das publica\u00e7\u00f5es sobre Aveiro, realizadas nos \u00faltimos 2 anos por bloggers de viagem independentes\u201d.","robots":{"index":"index","follow":"follow","max-snippet":"max-snippet:-1","max-image-preview":"max-image-preview:large","max-video-preview":"max-video-preview:-1"},"canonical":"https:\/\/www.abvp.pt\/en\/concurso-blogging-aveiro-resulta-de-parceria-com-a-abvp\/","og_locale":"en_GB","og_type":"article","og_title":"Blogging Aveiro (Parceria ABVP e ART&TUR) - Wandering life","og_description":"O concurso resulta da parceria entre estas duas entidades e pretende \u201cdistinguir a qualidade das publica\u00e7\u00f5es sobre Aveiro, realizadas nos \u00faltimos 2 anos por bloggers de viagem independentes\u201d.","og_url":"https:\/\/www.abvp.pt\/en\/concurso-blogging-aveiro-resulta-de-parceria-com-a-abvp\/","og_site_name":"ABVP","article_publisher":"https:\/\/www.facebook.com\/abvppt\/","article_author":"https:\/\/www.facebook.com\/kate.wanderinglife","article_published_time":"2021-07-22T18:45:47+00:00","article_modified_time":"2023-05-06T20:33:59+00:00","og_image":[{"width":1620,"height":1080,"url":"https:\/\/www.abvp.pt\/wp-content\/uploads\/CanalCentral.jpg","type":"image\/jpeg"}],"author":"Catarina Leonardo","twitter_card":"summary_large_image","twitter_title":"Blogging Aveiro (Parceria ABVP e ART&TUR) - Wandering life","twitter_description":"O concurso resulta da parceria entre estas duas entidades e pretende \u201cdistinguir a qualidade das publica\u00e7\u00f5es sobre Aveiro, realizadas nos \u00faltimos 2 anos por bloggers de viagem independentes\u201d.","twitter_image":"https:\/\/www.abvp.pt\/wp-content\/uploads\/CanalCentral.jpg","twitter_creator":"@k_wanderinglife","twitter_site":"@abvppt","twitter_misc":{"Written by":"Catarina Leonardo","Estimated reading time":"3 minutes"},"schema":{"@context":"https:\/\/schema.org","@graph":[{"@type":"Article","@id":"https:\/\/www.abvp.pt\/concurso-blogging-aveiro-resulta-de-parceria-com-a-abvp\/#article","isPartOf":{"@id":"https:\/\/www.abvp.pt\/concurso-blogging-aveiro-resulta-de-parceria-com-a-abvp\/"},"author":{"name":"Catarina Leonardo","@id":"https:\/\/www.abvp.pt\/#\/schema\/person\/f44d3cf66a8b73376d155bf7296519c1"},"headline":"Concurso &#8220;Blogging Aveiro&#8221; resulta de parceria com a ABVP","datePublished":"2021-07-22T18:45:47+00:00","dateModified":"2023-05-06T20:33:59+00:00","mainEntityOfPage":{"@id":"https:\/\/www.abvp.pt\/concurso-blogging-aveiro-resulta-de-parceria-com-a-abvp\/"},"wordCount":545,"commentCount":0,"publisher":{"@id":"https:\/\/www.abvp.pt\/#organization"},"image":{"@id":"https:\/\/www.abvp.pt\/concurso-blogging-aveiro-resulta-de-parceria-com-a-abvp\/#primaryimage"},"thumbnailUrl":"https:\/\/www.abvp.pt\/wp-content\/uploads\/BLOGGING-AVEIRO_2021_1-L.jpg","keywords":["art&amp;tur","concurso"],"articleSection":["Conte\u00fado"],"inLanguage":"en-GB","potentialAction":[{"@type":"CommentAction","name":"Comment","target":["https:\/\/www.abvp.pt\/concurso-blogging-aveiro-resulta-de-parceria-com-a-abvp\/#respond"]}]},{"@type":"WebPage","@id":"https:\/\/www.abvp.pt\/concurso-blogging-aveiro-resulta-de-parceria-com-a-abvp\/","url":"https:\/\/www.abvp.pt\/concurso-blogging-aveiro-resulta-de-parceria-com-a-abvp\/","name":"Blogging Aveiro (Parceria ABVP e ART&TUR) - Wandering life","isPartOf":{"@id":"https:\/\/www.abvp.pt\/#website"},"primaryImageOfPage":{"@id":"https:\/\/www.abvp.pt\/concurso-blogging-aveiro-resulta-de-parceria-com-a-abvp\/#primaryimage"},"image":{"@id":"https:\/\/www.abvp.pt\/concurso-blogging-aveiro-resulta-de-parceria-com-a-abvp\/#primaryimage"},"thumbnailUrl":"https:\/\/www.abvp.pt\/wp-content\/uploads\/BLOGGING-AVEIRO_2021_1-L.jpg","datePublished":"2021-07-22T18:45:47+00:00","dateModified":"2023-05-06T20:33:59+00:00","description":"O concurso resulta da parceria entre estas duas entidades e pretende \u201cdistinguir a qualidade das publica\u00e7\u00f5es sobre Aveiro, realizadas nos \u00faltimos 2 anos por bloggers de viagem independentes\u201d.","breadcrumb":{"@id":"https:\/\/www.abvp.pt\/concurso-blogging-aveiro-resulta-de-parceria-com-a-abvp\/#breadcrumb"},"inLanguage":"en-GB","potentialAction":[{"@type":"ReadAction","target":["https:\/\/www.abvp.pt\/concurso-blogging-aveiro-resulta-de-parceria-com-a-abvp\/"]}]},{"@type":"ImageObject","inLanguage":"en-GB","@id":"https:\/\/www.abvp.pt\/concurso-blogging-aveiro-resulta-de-parceria-com-a-abvp\/#primaryimage","url":"https:\/\/www.abvp.pt\/wp-content\/uploads\/BLOGGING-AVEIRO_2021_1-L.jpg","contentUrl":"https:\/\/www.abvp.pt\/wp-content\/uploads\/BLOGGING-AVEIRO_2021_1-L.jpg","width":1200,"height":630,"caption":"concurso"},{"@type":"BreadcrumbList","@id":"https:\/\/www.abvp.pt\/concurso-blogging-aveiro-resulta-de-parceria-com-a-abvp\/#breadcrumb","itemListElement":[{"@type":"ListItem","position":1,"name":"In\u00edcio","item":"https:\/\/www.abvp.pt\/"},{"@type":"ListItem","position":2,"name":"Concurso &#8220;Blogging Aveiro&#8221; resulta de parceria com a ABVP"}]},{"@type":"WebSite","@id":"https:\/\/www.abvp.pt\/#website","url":"https:\/\/www.abvp.pt\/","name":"ABVP","description":"Association of Portuguese Travel Bloggers","publisher":{"@id":"https:\/\/www.abvp.pt\/#organization"},"potentialAction":[{"@type":"SearchAction","target":{"@type":"EntryPoint","urlTemplate":"https:\/\/www.abvp.pt\/?s={search_term_string}"},"query-input":{"@type":"PropertyValueSpecification","valueRequired":true,"valueName":"search_term_string"}}],"inLanguage":"en-GB"},{"@type":"Organization","@id":"https:\/\/www.abvp.pt\/#organization","name":"ABVP","url":"https:\/\/www.abvp.pt\/","logo":{"@type":"ImageObject","inLanguage":"en-GB","@id":"https:\/\/www.abvp.pt\/#\/schema\/logo\/image\/","url":"https:\/\/www.abvp.pt\/wp-content\/uploads\/Logo-Header-dark.svg","contentUrl":"https:\/\/www.abvp.pt\/wp-content\/uploads\/Logo-Header-dark.svg","width":325,"height":48,"caption":"ABVP"},"image":{"@id":"https:\/\/www.abvp.pt\/#\/schema\/logo\/image\/"},"sameAs":["https:\/\/www.facebook.com\/abvppt\/","https:\/\/x.com\/abvppt","https:\/\/www.instagram.com\/abvppt\/"]},{"@type":"Person","@id":"https:\/\/www.abvp.pt\/#\/schema\/person\/f44d3cf66a8b73376d155bf7296519c1","name":"Catarina Leonardo","image":{"@type":"ImageObject","inLanguage":"en-GB","@id":"https:\/\/www.abvp.pt\/#\/schema\/person\/image\/","url":"https:\/\/secure.gravatar.com\/avatar\/d04f6a6e615f47130668a67d7b3a9eab?s=96&d=mm&r=g","contentUrl":"https:\/\/secure.gravatar.com\/avatar\/d04f6a6e615f47130668a67d7b3a9eab?s=96&d=mm&r=g","caption":"Catarina Leonardo"},"description":"Apaixonada por viajar e muito curiosa para entender as coisas novas que v\u00ea. Autora do blog Wandering life.","sameAs":["https:\/\/wandering-life.com","https:\/\/www.facebook.com\/kate.wanderinglife","https:\/\/x.com\/k_wanderinglife"],"url":"https:\/\/www.abvp.pt\/en\/author\/cleonardo\/"}]}},"_links":{"self":[{"href":"https:\/\/www.abvp.pt\/en\/wp-json\/wp\/v2\/posts\/1946","targetHints":{"allow":["GET"]}}],"collection":[{"href":"https:\/\/www.abvp.pt\/en\/wp-json\/wp\/v2\/posts"}],"about":[{"href":"https:\/\/www.abvp.pt\/en\/wp-json\/wp\/v2\/types\/post"}],"author":[{"embeddable":true,"href":"https:\/\/www.abvp.pt\/en\/wp-json\/wp\/v2\/users\/10"}],"replies":[{"embeddable":true,"href":"https:\/\/www.abvp.pt\/en\/wp-json\/wp\/v2\/comments?post=1946"}],"version-history":[{"count":0,"href":"https:\/\/www.abvp.pt\/en\/wp-json\/wp\/v2\/posts\/1946\/revisions"}],"wp:featuredmedia":[{"embeddable":true,"href":"https:\/\/www.abvp.pt\/en\/wp-json\/wp\/v2\/media\/1964"}],"wp:attachment":[{"href":"https:\/\/www.abvp.pt\/en\/wp-json\/wp\/v2\/media?parent=1946"}],"wp:term":[{"taxonomy":"category","embeddable":true,"href":"https:\/\/www.abvp.pt\/en\/wp-json\/wp\/v2\/categories?post=1946"},{"taxonomy":"post_tag","embeddable":true,"href":"https:\/\/www.abvp.pt\/en\/wp-json\/wp\/v2\/tags?post=1946"}],"curies":[{"name":"wp","href":"https:\/\/api.w.org\/{rel}","templated":true}]}}