{"id":1986,"date":"2021-11-06T15:57:35","date_gmt":"2021-11-06T15:57:35","guid":{"rendered":"https:\/\/www.abvp.pt\/?p=1986"},"modified":"2023-05-06T21:28:14","modified_gmt":"2023-05-06T20:28:14","slug":"voluntariado-em-viagem-questoes-e-reflexoes","status":"publish","type":"post","link":"https:\/\/www.abvp.pt\/en\/voluntariado-em-viagem-questoes-e-reflexoes\/","title":{"rendered":"Voluntariado em viagem: quest\u00f5es e reflex\u00f5es"},"content":{"rendered":"<h2 class=\"wp-block-heading\">Aliar turismo e voluntariado parece ser uma f\u00f3rmula altru\u00edsta para aplicar nas f\u00e9rias. Mas ser\u00e1 que \u00e9 ben\u00e9fica para as comunidades que recebem volunt\u00e1rios?<\/h2>\n\n\n\n<p>H\u00e1 mais de 10 anos, parti para o que pensava que seriam tr\u00eas meses de voluntariado na Argentina. Confesso a minha ignor\u00e2ncia da altura sobre o que era o \u201c<a href=\"https:\/\/www.infopedia.pt\/dicionarios\/lingua-portuguesa\/volunturismo\" target=\"_blank\" rel=\"noreferrer noopener\">volunturismo<\/a>\u201d e o verdadeiro impacto do voluntariado internacional. Como tantos de n\u00f3s, queria viajar e queria ajudar, em simult\u00e2neo. <\/p>\n\n\n\n<p>As minhas buscas online, que agora percebo foram bastante aleat\u00f3rias, levaram-me at\u00e9 uma organiza\u00e7\u00e3o que parecia ter tudo muito bem organizado e um pa\u00eds onde falava a l\u00edngua, a minha \u00fanica considera\u00e7\u00e3o. Paguei quase 3000 euros pelos 3 meses de projeto, com estadia e alimenta\u00e7\u00e3o, porque podia, e fui.<\/p>\n\n\n\n<p>Enquanto l\u00e1 estava, decidi que n\u00e3o queria voltar para Portugal e para o meu trabalho como dentista. Descobri que a empresa, por vezes, contratava antigos volunt\u00e1rios para trabalharem como coordenadores e que havia a oportunidade de o fazer, na Argentina. Parecia destino. Concorri e fiquei. Pensei realmente que poderia fazer alguma diferen\u00e7a, ajudando outros a passarem pelas mesmas experi\u00eancias que eu.<\/p>\n\n\n\n<p><strong>Enquanto fora volunt\u00e1ria, parecia tudo relativamente simples e digno<\/strong>. Ia para a institui\u00e7\u00e3o, brincava com os mi\u00fados, ajudava-os com os trabalhos de casa, tentava ensinar-lhes algumas coisas e motiv\u00e1-los a esfor\u00e7arem-se na escola para melhorarem as suas condi\u00e7\u00f5es de vida. <\/p>\n\n\n\n<figure class=\"wp-block-image size-large\"><img fetchpriority=\"high\" decoding=\"async\" width=\"1600\" height=\"1200\" src=\"https:\/\/www.abvp.pt\/wp-content\/uploads\/P1070471-1600x1200.jpg\" alt=\"\" class=\"wp-image-1987\" srcset=\"https:\/\/www.abvp.pt\/wp-content\/uploads\/P1070471-1600x1200.jpg 1600w, https:\/\/www.abvp.pt\/wp-content\/uploads\/P1070471-600x450.jpg 600w, https:\/\/www.abvp.pt\/wp-content\/uploads\/P1070471-scaled-300x225.jpg 300w, https:\/\/www.abvp.pt\/wp-content\/uploads\/P1070471-800x600.jpg 800w, https:\/\/www.abvp.pt\/wp-content\/uploads\/P1070471-150x113.jpg 150w, https:\/\/www.abvp.pt\/wp-content\/uploads\/P1070471-768x576.jpg 768w, https:\/\/www.abvp.pt\/wp-content\/uploads\/P1070471-1536x1152.jpg 1536w, https:\/\/www.abvp.pt\/wp-content\/uploads\/P1070471-2048x1536.jpg 2048w\" sizes=\"(max-width: 1600px) 100vw, 1600px\" \/><\/figure>\n\n\n\n<p>Havia dias em que voltava para casa exausta e frustrada. Mas, no dia seguinte, algum dos mi\u00fados me dizia que fora para a escola porque se lembrara do que eu lhe tinha dito, ou finalmente conseguia estabelecer uma rela\u00e7\u00e3o com algum outro mais t\u00edmido.<\/p>\n\n\n\n<p>Trabalhando do outro lado, como coordenadora de volunt\u00e1rios durante quase um ano, aprendi que o funcionamento era muito diferente do que eu pensava e que a tal organiza\u00e7\u00e3o era, na verdade, uma empresa de \u201cvolunturismo\u201d, orientada para o lucro. <\/p>\n\n\n\n<p>Alguns projetos eram mais orientados para a &#8220;lavagem de consci\u00eancia&#8221; do volunt\u00e1rio, do que para benef\u00edcio das comunidades que eram suposto ajudar. A determinada altura, debati-me com a possibilidade de nada daquilo fazer sentido. \u00c9 certo que se via um impacto positivo na vida do volunt\u00e1rio, mas <strong>o que dizer do efeito nas comunidades?<\/strong><\/p>\n\n\n\n<p>Este sentimento assombrou-me durante algum tempo. Levou-me a pesquisar sobre a estrutura e a \u00e9tica do voluntariado internacional e a prestar mais aten\u00e7\u00e3o ao meu trabalho. Pus de lado o medo de descobrir que fizera a escolha errada, permiti-me realmente refletir sobre tudo o que tinha vivido. <\/p>\n\n\n\n<p>Desde ent\u00e3o, j\u00e1 participei noutros projetos de voluntariado, em casa e fora de Portugal, como dentista, dando muito mais aten\u00e7\u00e3o ao impacto dos projetos. <\/p>\n\n\n\n<p>O voluntariado internacional n\u00e3o \u00e9 necessariamente mau, mas tem de ser feito com muita responsabilidade. Deixo-vos algumas das reflex\u00f5es que fui fazendo, e que me parecem importantes para quem considere fazer voluntariado em viagem. <\/p>\n\n\n\n<figure class=\"wp-block-image size-large\"><img decoding=\"async\" width=\"1600\" height=\"1200\" src=\"https:\/\/www.abvp.pt\/wp-content\/uploads\/IMG_8542-1600x1200.jpg\" alt=\"\" class=\"wp-image-1988\" srcset=\"https:\/\/www.abvp.pt\/wp-content\/uploads\/IMG_8542-1600x1200.jpg 1600w, https:\/\/www.abvp.pt\/wp-content\/uploads\/IMG_8542-600x450.jpg 600w, https:\/\/www.abvp.pt\/wp-content\/uploads\/IMG_8542-scaled-300x225.jpg 300w, https:\/\/www.abvp.pt\/wp-content\/uploads\/IMG_8542-800x600.jpg 800w, https:\/\/www.abvp.pt\/wp-content\/uploads\/IMG_8542-150x113.jpg 150w, https:\/\/www.abvp.pt\/wp-content\/uploads\/IMG_8542-768x576.jpg 768w, https:\/\/www.abvp.pt\/wp-content\/uploads\/IMG_8542-1536x1152.jpg 1536w, https:\/\/www.abvp.pt\/wp-content\/uploads\/IMG_8542-2048x1536.jpg 2048w\" sizes=\"(max-width: 1600px) 100vw, 1600px\" \/><\/figure>\n\n\n\n<p>N\u00e3o me vou debru\u00e7ar sobre a coopera\u00e7\u00e3o para o desenvolvimento com grandes organiza\u00e7\u00f5es como a ONU e o voluntariado m\u00e9dico em zonas de desastre, porque s\u00e3o quest\u00f5es bastante diferentes, apesar de partilharem alguns dos mesmo princ\u00edpios.<\/p>\n\n\n\n<h3 class=\"wp-block-heading\"><strong>Quem sou eu? O que tenho a oferecer?<\/strong><\/h3>\n\n\n\n<p>Considera\u00e7\u00f5es filos\u00f3fico-existencialistas \u00e0 parte, esta \u00e9 a primeira pergunta que nos devemos fazer, ao considerar o voluntariado em viagem. Porque \u00e9 que o queremos fazer, e que habilita\u00e7\u00f5es\/habilidades temos, que possam ser \u00fateis. <\/p>\n\n\n\n<p>Queremos \u201cir ajudar\u201d para nos descobrirmos? Para nos sentirmos melhor connosco pr\u00f3prios? Porque temos alguma rela\u00e7\u00e3o sentimental com determinadas pessoas, pa\u00edses ou circunst\u00e2ncias? E <strong>a nossa ajuda, vai servir para alguma coisa? <\/strong>Podemos realmente oferecer algo que seja \u00fatil, ou achamos s\u00f3 que, para quem tem pouco, tudo serve, sejam coisas materiais ou o nosso tempo\/habilita\u00e7\u00f5es? O que vamos investir na experi\u00eancia, vai beneficiar algu\u00e9m, para al\u00e9m do nosso pr\u00f3prio ego?<\/p>\n\n\n\n<p>Consideremos, por exemplo, aquelas viagens em que, numa semana ou duas, se leva um grupo de viajantes a construir\/pintar casas ou escolas. Essas pessoas, sabem construir ou pintar? V\u00e3o fazer um trabalho bem feito? O tempo que se vai perder a ensin\u00e1-las e o dinheiro que pagaram n\u00e3o seria melhor utilizado a contratar pessoal especializado local para fazer esse trabalho, mais rapidamente e melhor, ainda contribuindo para a economia local?&nbsp;<\/p>\n\n\n\n<p>\u00c0s vezes (diria at\u00e9, a maioria das vezes), <strong>o dinheiro que investimos numa viagem de \u201cvoluntariado\u201d<\/strong> de uma semana ou duas, <strong>seria muito mais \u00fatil se entregue diretamente a uma institui\u00e7\u00e3o de confian\u00e7a<\/strong>. Outra forma de ajudar, em viagem, \u00e9 procurar atividades ou tours que sejam geridos por institui\u00e7\u00f5es que promovam a forma\u00e7\u00e3o das pessoas ou cujos lucros revertam para as suas atividades, que n\u00e3o t\u00eam necessariamente de envolver e juntar os viajantes com os benefici\u00e1rios.&nbsp;<\/p>\n\n\n\n<figure class=\"wp-block-image size-large\"><img decoding=\"async\" width=\"1600\" height=\"1200\" src=\"https:\/\/www.abvp.pt\/wp-content\/uploads\/DSC02068-1-1600x1200.jpg\" alt=\"\" class=\"wp-image-1994\" srcset=\"https:\/\/www.abvp.pt\/wp-content\/uploads\/DSC02068-1-1600x1200.jpg 1600w, https:\/\/www.abvp.pt\/wp-content\/uploads\/DSC02068-1-600x450.jpg 600w, https:\/\/www.abvp.pt\/wp-content\/uploads\/DSC02068-1-scaled-300x225.jpg 300w, https:\/\/www.abvp.pt\/wp-content\/uploads\/DSC02068-1-800x600.jpg 800w, https:\/\/www.abvp.pt\/wp-content\/uploads\/DSC02068-1-150x113.jpg 150w, https:\/\/www.abvp.pt\/wp-content\/uploads\/DSC02068-1-768x576.jpg 768w, https:\/\/www.abvp.pt\/wp-content\/uploads\/DSC02068-1-1536x1152.jpg 1536w, https:\/\/www.abvp.pt\/wp-content\/uploads\/DSC02068-1-2048x1536.jpg 2048w\" sizes=\"(max-width: 1600px) 100vw, 1600px\" \/><\/figure>\n\n\n\n<h3 class=\"wp-block-heading\"><strong>Definir prioridades e perceber que tipo de organiza\u00e7\u00e3o apoiamos<\/strong><\/h3>\n\n\n\n<p>Uma das recorda\u00e7\u00f5es mais v\u00edvidas da minha primeira reuni\u00e3o de equipa como coordenadora \u00e9 o n\u00f3 na garganta com que fiquei, quando percebi que os projetos eram organizados a pensar nos volunt\u00e1rios e n\u00e3o nas comunidades. A sede da empresa, em Londres, tinha aceite todas as candidaturas, que eram mais que os lugares dispon\u00edveis, e exigia que se colocasse toda a gente.<\/p>\n\n\n\n<p>Fiquei confusa. <strong>Os projetos eram estabelecidos de acordo com o n\u00famero de volunt\u00e1rios, e n\u00e3o ao contr\u00e1rio? <\/strong>Felizmente, a equipa local era muito respons\u00e1vel e procurava lugares que beneficiavam realmente com a presen\u00e7a de volunt\u00e1rios internacionais. Mas nem sempre \u00e9 o caso, o que pode ter consequ\u00eancias graves. E n\u00e3o deixa de ser a raz\u00e3o errada para criar projetos. \u00c9 nossa responsabilidade, como poss\u00edveis volunt\u00e1rios, garantir que as organiza\u00e7\u00f5es \u00e0s quais nos juntamos fazem o seu trabalho pelas raz\u00f5es certas.<\/p>\n\n\n\n<p>De modo geral, se temos de pagar para ir fazer o voluntariado, h\u00e1 lucro envolvido. Claro que h\u00e1 aqui<em> nuances<\/em>, e que se pode justificar algum valor a contribuir para as fam\u00edlias de acolhimento, as equipas locais ou materiais a usar, mas \u00e9 fazer as contas, considerando o custo de vida local.<\/p>\n\n\n\n<figure class=\"wp-block-image size-large\"><img loading=\"lazy\" decoding=\"async\" width=\"1600\" height=\"1200\" src=\"https:\/\/www.abvp.pt\/wp-content\/uploads\/DSC00702-1600x1200.jpg\" alt=\"\" class=\"wp-image-1990\" srcset=\"https:\/\/www.abvp.pt\/wp-content\/uploads\/DSC00702-1600x1200.jpg 1600w, https:\/\/www.abvp.pt\/wp-content\/uploads\/DSC00702-600x450.jpg 600w, https:\/\/www.abvp.pt\/wp-content\/uploads\/DSC00702-scaled-300x225.jpg 300w, https:\/\/www.abvp.pt\/wp-content\/uploads\/DSC00702-800x600.jpg 800w, https:\/\/www.abvp.pt\/wp-content\/uploads\/DSC00702-150x113.jpg 150w, https:\/\/www.abvp.pt\/wp-content\/uploads\/DSC00702-768x576.jpg 768w, https:\/\/www.abvp.pt\/wp-content\/uploads\/DSC00702-1536x1152.jpg 1536w, https:\/\/www.abvp.pt\/wp-content\/uploads\/DSC00702-2048x1536.jpg 2048w\" sizes=\"(max-width: 1600px) 100vw, 1600px\" \/><\/figure>\n\n\n\n<h3 class=\"wp-block-heading\"><strong>Primeiro que tudo, n\u00e3o provocar danos<\/strong><\/h3>\n\n\n\n<p>Este \u00e9 um conceito fundamental quando se fala de voluntariado com crian\u00e7as, principalmente em orfanatos ou centros de acolhimento para crian\u00e7as removidas das fam\u00edlias, seja internacional ou n\u00e3o. Lembro-me da Ines, um coordenadora experiente, repetir vezes sem conta: \u201c<strong>N\u00e3o deixem que os mi\u00fados se afei\u00e7oem demasiado a voc\u00eas<\/strong>. Por favor, expliquem-lhes que est\u00e3o aqui para os conhecer e ajudar, mas que daqui a uns tempos se v\u00e3o embora. E nunca, nunca, se v\u00e3o embora sem lhes dizerem adeus!\u201d<\/p>\n\n\n\n<p>Tratam-se de crian\u00e7as emocionalmente vulner\u00e1veis: a maioria foi abandonada, muitas foram abusadas. Apesar de desconfiadas numa primeira aproxima\u00e7\u00e3o,&nbsp;est\u00e3o sedentas de algu\u00e9m em quem possam confiar e v\u00e3o agarrar-se a quem lhes d\u00ea um pouco de aten\u00e7\u00e3o. Mas sentir-se-\u00e3o novamente abandonadas, se a rela\u00e7\u00e3o estabelecida n\u00e3o for clara. <\/p>\n\n\n\n<p>Se este processo for bem gerido, at\u00e9 pode ser uma boa maneira de perceberem que, ao longo da vida, as pessoas v\u00e3o e v\u00eam e que a sua partida n\u00e3o tem nada a ver com algo que fizeram. Mas isso n\u00e3o se faz em experi\u00eancias de uma semana ou duas. Isto tem de ser bem explicado aos volunt\u00e1rios e monitorizado durante a sua estadia, ou poder\u00e3o fazer mais mal que bem.<\/p>\n\n\n\n<h3 class=\"wp-block-heading\"><strong>Experi\u00eancia (tamb\u00e9m) \u00e9 aprendizagem<\/strong><\/h3>\n\n\n\n<p>\u00c0s crian\u00e7as, este tipo de voluntariado d\u00e1-lhes a <strong>possibilidade de contactarem com pessoas e vis\u00f5es do mundo<\/strong> a que, de outra forma, provavelmente nunca seriam expostas. Este interc\u00e2mbio cultural ajuda-as a relacionar o resto do mundo a pessoas reais, o que agu\u00e7a a sua curiosidade.<\/p>\n\n\n\n<p>Antes de conhecer o Hans, o Rodrigo, de 14 anos, n\u00e3o fazia ideia de onde ficava a Alemanha, apesar de ter aprendido geografia na escola. Para ele, era apenas mais uma mancha no mapa. Um par de jogos de futebol depois da escola despoletou o interesse: quis saber onde ficava o pa\u00eds, onde era a cidade do Hans, o que \u00e9 que ele comia, como eram os seus amigos e fam\u00edlia. <\/p>\n\n\n\n<p>Quando bem gerido, o choque cultural e o <strong>contacto mais pr\u00f3ximo com as popula\u00e7\u00f5es ensina os volunt\u00e1rios a lidarem melhor com as diferen\u00e7as<\/strong>, a serem mais atentos e respeitosos com a diversidade cultural, tornando-os<strong> <\/strong>mais humildes e cientes dos seus privil\u00e9gios. <\/p>\n\n\n\n<p>Muitas vezes, depois de uma experi\u00eancia internacional, procuram projetos para apoiarem\/participarem perto de casa, criando rea\u00e7\u00f5es de ajuda em cadeia. Apesar de essa n\u00e3o dever ser a raz\u00e3o principal por detr\u00e1s de uma experi\u00eancia de voluntariado internacional, \u00e9 ineg\u00e1vel o impacto que esta pode ter no volunt\u00e1rio, principalmente nos mais jovens.&nbsp;<\/p>\n\n\n\n<figure class=\"wp-block-image size-large\"><img loading=\"lazy\" decoding=\"async\" width=\"1600\" height=\"1064\" src=\"https:\/\/www.abvp.pt\/wp-content\/uploads\/DSC_6545-1600x1064.jpg\" alt=\"\" class=\"wp-image-1991\" srcset=\"https:\/\/www.abvp.pt\/wp-content\/uploads\/DSC_6545-1600x1064.jpg 1600w, https:\/\/www.abvp.pt\/wp-content\/uploads\/DSC_6545-600x399.jpg 600w, https:\/\/www.abvp.pt\/wp-content\/uploads\/DSC_6545-800x532.jpg 800w, https:\/\/www.abvp.pt\/wp-content\/uploads\/DSC_6545-150x100.jpg 150w, https:\/\/www.abvp.pt\/wp-content\/uploads\/DSC_6545-768x511.jpg 768w, https:\/\/www.abvp.pt\/wp-content\/uploads\/DSC_6545-1536x1021.jpg 1536w, https:\/\/www.abvp.pt\/wp-content\/uploads\/DSC_6545-2048x1362.jpg 2048w\" sizes=\"(max-width: 1600px) 100vw, 1600px\" \/><\/figure>\n\n\n\n<h3 class=\"wp-block-heading\"><strong>Oferecer a cana, mas ensinar a pescar<\/strong><\/h3>\n\n\n\n<p>Ao escolher, criar ou apoiar uma organiza\u00e7\u00e3o, \u00e9 essencial avaliar a sustentabilidade dos projetos. Estes n\u00e3o devem estar unicamente dependentes de volunt\u00e1rios, mas capazes de continuarem se estes n\u00e3o aparecerem, e almejar o empoderamento das popula\u00e7\u00f5es. <\/p>\n\n\n\n<p>Deve haver especial cuidado em <strong>n\u00e3o criar depend\u00eancia de servi\u00e7os ou produtos que a comunidade n\u00e3o possa suportar sozinha<\/strong> a longo-prazo, ou que tragam consequ\u00eancias negativas nos desejos dessas comunidades (<a href=\"https:\/\/www.econlib.org\/library\/Enc\/UnintendedConsequences.html\" target=\"_blank\" rel=\"noreferrer noopener\">lei das consequ\u00eancias acidentais<\/a>).<\/p>\n\n\n\n<p>Lembro-me sempre dos mi\u00fados em S\u00e3o Tom\u00e9, a correrem atr\u00e1s das carrinhas dos turistas a gritar \u201cdoce, doce\u201d, ap\u00f3s termos passado uma hora a explicar-lhes os malef\u00edcios dos a\u00e7\u00facares e como deviam lavar os dentes. <\/p>\n\n\n\n<p>Tudo porque, segundo nos explicaram, h\u00e1 uns anos uns mission\u00e1rios decidiram distribuir rebu\u00e7ados pelas crian\u00e7as e estas se habituaram a pedi-los aos turistas, que propagaram o costume. <\/p>\n\n\n\n<p>Claro que, podendo, se deve fornecer materiais aos quais as pessoas n\u00e3o possam aceder, de prefer\u00eancia conseguidos localmente, se estes forem necess\u00e1rios para melhorar as suas condi\u00e7\u00f5es de vida. Muitas das crian\u00e7as a quem demos escovas e pastas de dentes, a quem fizemos rastreios e aplic\u00e1mos fl\u00faor, nunca teriam acesso a elas de outra forma. <\/p>\n\n\n\n<p>Mas isso deve ser sempre pensado numa perspetiva de longo prazo, e acompanhada de forma\u00e7\u00e3o, e n\u00e3o um despejar de coisas c\u00f3modo para os visitantes.<\/p>\n\n\n\n<p><strong>Os volunt\u00e1rios n\u00e3o devem ser a \u00fanica fonte de ajuda<\/strong>, principalmente no caso dos orfanatos ou escolas (mas aplica-se a qualquer projeto): e se, num determinado m\u00eas, n\u00e3o houver volunt\u00e1rios? Tamb\u00e9m devem ser pessoas capacitadas, capazes de passarem algumas das suas habilita\u00e7\u00f5es aos funcion\u00e1rios locais. Se pensarmos nas nossas institui\u00e7\u00f5es e nos nossos filhos, julgamos que faz sentido ter l\u00e1 algu\u00e9m que est\u00e1 a viajar pelo pa\u00eds a tratar deles, s\u00f3 porque sim?<\/p>\n\n\n\n<figure class=\"wp-block-image size-large\"><img loading=\"lazy\" decoding=\"async\" width=\"1600\" height=\"1064\" src=\"https:\/\/www.abvp.pt\/wp-content\/uploads\/DSC_5621-1600x1064.jpg\" alt=\"\" class=\"wp-image-1992\" srcset=\"https:\/\/www.abvp.pt\/wp-content\/uploads\/DSC_5621-1600x1064.jpg 1600w, https:\/\/www.abvp.pt\/wp-content\/uploads\/DSC_5621-600x399.jpg 600w, https:\/\/www.abvp.pt\/wp-content\/uploads\/DSC_5621-800x532.jpg 800w, https:\/\/www.abvp.pt\/wp-content\/uploads\/DSC_5621-150x100.jpg 150w, https:\/\/www.abvp.pt\/wp-content\/uploads\/DSC_5621-768x511.jpg 768w, https:\/\/www.abvp.pt\/wp-content\/uploads\/DSC_5621-1536x1021.jpg 1536w, https:\/\/www.abvp.pt\/wp-content\/uploads\/DSC_5621-2048x1362.jpg 2048w\" sizes=\"(max-width: 1600px) 100vw, 1600px\" \/><\/figure>\n\n\n\n<h3 class=\"wp-block-heading\"><strong>O salvador branco<\/strong><\/h3>\n\n\n\n<p>Na escolha dos projetos aos quais nos queremos juntar, bem como nas nossas pr\u00f3prias motiva\u00e7\u00f5es, temos de prestar muita aten\u00e7\u00e3o ao que se chama o \u201ccomplexo do salvador branco\u201d. <\/p>\n\n\n\n<p>Importa estar atento \u00e0<strong> tend\u00eancia colonialista enraizada (mesmo que n\u00e3o sejamos conscientes dela)<\/strong> de que n\u00f3s, ocidentais, \u00e9 que sabemos como as coisas se fazem e vamos ensinar \u201cos outros\u201d. <\/p>\n\n\n\n<p>N\u00e3o considerar as diferen\u00e7as culturais e o conhecimento das popula\u00e7\u00f5es no desenvolvimento dos planos de a\u00e7\u00e3o \u00e9 um problema grave da coopera\u00e7\u00e3o internacional, causador do falhan\u00e7o de muitos projetos.<\/p>\n\n\n\n<p> No caso do \u201cvolunturismo\u201d, isto pode ser ainda mais evidente, devido \u00e0 menor dura\u00e7\u00e3o das estadias e pior prepara\u00e7\u00e3o dos volunt\u00e1rios.<\/p>\n\n\n\n<blockquote class=\"wp-block-quote is-layout-flow wp-block-quote-is-layout-flow\"><p><strong>Com grandes poderes v\u00eam grandes responsabilidades (Stan Lee)<\/strong><\/p><\/blockquote>\n\n\n\n<p><strong>Qualquer organiza\u00e7\u00e3o internacional deve trabalhar com institui\u00e7\u00f5es e ONGs locais<\/strong>; \u00e9 da responsabilidade de ambas avaliarem a honestidade e sustentabilidade dos projetos, mas muitas n\u00e3o o fazem. <\/p>\n\n\n\n<p>Como poss\u00edveis volunt\u00e1rios, \u00e9 tamb\u00e9m responsabilidade nossa investigar todos estes aspetos durante a sele\u00e7\u00e3o. Temos de ser suficientemente honestos e humildes para reconhecermos o que temos realmente a oferecer e exigentes com as organiza\u00e7\u00f5es.<\/p>\n\n\n\n<p>Na minha primeira escolha de voluntariado internacional, n\u00e3o tinha esta informa\u00e7\u00e3o, fiz uma escolha mal informada (ainda que bem intencionada), sentimental e relativamente ego\u00edsta. N\u00e3o posso dizer que me arrependa. Afinal, mudou-me a vida. Mas aprendi que o impacto positivo no volunt\u00e1rio pode ser o mesmo, reduzindo muito as poss\u00edveis consequ\u00eancias negativas em quem nos recebe. \u00c9 preciso pensar nisso tamb\u00e9m.<\/p>\n\n\n\n<hr class=\"wp-block-separator has-css-opacity\"\/>\n\n\n\n<h2 class=\"wp-block-heading\">Dicas gerais para a escolha de projetos<\/h2>\n\n\n\n<p>O primeiro passo na escolha de um projeto dever\u00e1 sempre ser uma avalia\u00e7\u00e3o cuidada das nossas habilita\u00e7\u00f5es, interesses e tempo dispon\u00edvel. Com isso estabelecido, partimos para a busca de possibilidades, que pode envolver uma pesquisa online mais generalizada, por palavras-chave, procura de bases de dados de organiza\u00e7\u00f5es, falar com antigos volunt\u00e1rios e outros viajantes experientes. <\/p>\n\n\n\n<p>Tendo em conta a quantidade de organiza\u00e7\u00f5es e projetos, esta pesquisa pode ser assoberbante. Estabelecer claramente os nossos interesses, bem como a regi\u00e3o para onde queremos ir, ajuda a afunilar o processo. Os sites <a href=\"http:\/\/www.gooverseas.com\/\">Go Overseas<\/a>,&nbsp;<a href=\"http:\/\/www.idealist.org\/\">Idealist<\/a>, <a href=\"http:\/\/www.voluntourism.org\/\">Voluntourism International , <\/a><a href=\"https:\/\/paraonde.org\/\">Para Onde<\/a> and <a href=\"http:\/\/www.transitionsabroad.com\/\">Transitions Abroad<\/a> t\u00eam boas bases de dados de poss\u00edveis projetos. No entanto, informarmo-nos diretamente sobre ONGs locais que estejam a fazer trabalho que queiramos apoiar \u00e9, normalmente, a melhor maneira de garantir a aus\u00eancia de intermedi\u00e1rios e possibilidades de neg\u00f3cio menos justas.<\/p>\n\n\n\n<p>Escolhido o poss\u00edvel projeto, devemos avali\u00e1-lo tendo em conta tudo o discutido, nomeadamente a sua sustentabilidade, possibilidades de corrup\u00e7\u00e3o e a &#8220;lei das consequ\u00eancias acidentais&#8221;. Isto pode ser feito contactando diretamente a institui\u00e7\u00e3o, fazendo perguntas e pedindo contactos de antigos volunt\u00e1rios a quem podemos pedir opini\u00e3o. <strong>A facilidade (ou n\u00e3o) com que a institui\u00e7\u00e3o responde \u00e9 um bom indicador da sua idoneidad<\/strong>e.<\/p>\n\n\n\n<p>O \u00faltimo passo ser\u00e1 a prepara\u00e7\u00e3o para o trabalho. \u00c9 importante familiarizarmo-nos com o tipo de trabalho que iremos fazer, os costumes locais e os poss\u00edveis materiais necess\u00e1rios. Saber se \u00e9 necess\u00e1rio lev\u00e1-los, ou podem ser adquiridos localmente, por exemplo. Se n\u00e3o estivermos totalmente confort\u00e1veis com a l\u00edngua, \u00e9 uma boa ideia tentar aprend\u00ea-la melhor previamente.<\/p>\n\n\n\n<figure class=\"wp-block-image size-full\"><img loading=\"lazy\" decoding=\"async\" width=\"600\" height=\"400\" src=\"https:\/\/www.abvp.pt\/wp-content\/uploads\/Kibera.jpg\" alt=\"\" class=\"wp-image-2075\" srcset=\"https:\/\/www.abvp.pt\/wp-content\/uploads\/Kibera.jpg 600w, https:\/\/www.abvp.pt\/wp-content\/uploads\/Kibera-150x100.jpg 150w\" sizes=\"(max-width: 600px) 100vw, 600px\" \/><figcaption>\u00a9 Bornfreee. Pormenor da favela de Kibera, no Qu\u00e9nia<\/figcaption><\/figure>\n\n\n\n<h2 class=\"wp-block-heading\">Hist\u00f3rias de Voluntariado em Viagem<\/h2>\n\n\n\n<p>Como <a href=\"https:\/\/contosalfacinhas.com\/category\/voluntariado\/page\/2\/\">eu<\/a>, v\u00e1rios associados da ABVP j\u00e1 escolheram fazer voluntariado internacional. As suas hist\u00f3rias podem ser uma boa fonte de inspira\u00e7\u00e3o. Aqui ficam alguns exemplos:<\/p>\n\n\n\n<p>O Rui Baptista, do Bornfree,<a href=\"https:\/\/bornfreee.com\/kibera-mergulhar-na-maior-favela-africa\/\"> conta a sua experi\u00eancia<\/a> ao visitar Kibera, no Qu\u00e9nia, e uma organiza\u00e7\u00e3o que, com ajuda de volunt\u00e1rios,  d\u00e1 a crian\u00e7as da favela a oportunidade de estudar e o &#8220;luxo&#8221; de duas refei\u00e7\u00f5es por dia.<\/p>\n\n\n\n<p>Os No Footprint Nomads, para al\u00e9m da enorme preocupa\u00e7\u00e3o com a sustentabilidade ambiental das viagens, tamb\u00e9m t\u00eam <a href=\"https:\/\/www.nofootprintnomads.com\/nomadism\/travel-with-purpose\/travel-purpose-volunteer\/\">relatos de voluntariado internacional<\/a> no seu blog. A Catarina Gralha relata no <a href=\"https:\/\/anchor.fm\/mundoindefinido\/episodes\/12---O-incio-da-minha-experincia-de-voluntariado-na-Rssia-eai785?fbclid=IwAR1LyxtLu_mPQ6dci_VxR2BkcX68eFb86x9NyRyJq8o5liA9zuBIR8-ZxP8\">podcast do seu Mundo Indefinido<\/a> a sua experi\u00eancia de voluntariado na R\u00fassia.<\/p>\n\n\n\n<p>A Andreia Castro, do Me Across the World, j\u00e1 usou a sua experi\u00eancia como m\u00e9dica e n\u00e3o s\u00f3, em v\u00e1rios projetos internacionais. Podem ver <a href=\"https:\/\/meacrosstheworld.com\/category\/voluntariado\/\">aqui<\/a> algumas dessas experi\u00eancias.<\/p>","protected":false},"excerpt":{"rendered":"<p>Aliar turismo e voluntariado parece ser uma f\u00f3rmula altru\u00edsta para aplicar nas f\u00e9rias. Mas ser\u00e1 que \u00e9 ben\u00e9fica para as comunidades que recebem volunt\u00e1rios? H\u00e1 mais de 10 anos, parti [&hellip;]<\/p>\n","protected":false},"author":31,"featured_media":1996,"comment_status":"open","ping_status":"closed","sticky":false,"template":"","format":"standard","meta":{"_price":"","_stock":"","_tribe_ticket_header":"","_tribe_default_ticket_provider":"","_tribe_ticket_capacity":"0","_ticket_start_date":"","_ticket_end_date":"","_tribe_ticket_show_description":"","_tribe_ticket_show_not_going":false,"_tribe_ticket_use_global_stock":"","_tribe_ticket_global_stock_level":"","_global_stock_mode":"","_global_stock_cap":"","_tribe_rsvp_for_event":"","_tribe_ticket_going_count":"","_tribe_ticket_not_going_count":"","_tribe_tickets_list":"[]","_tribe_ticket_has_attendee_info_fields":false,"_EventAllDay":false,"_EventTimezone":"","_EventStartDate":"","_EventEndDate":"","_EventStartDateUTC":"","_EventEndDateUTC":"","_EventShowMap":false,"_EventShowMapLink":false,"_EventURL":"","_EventCost":"","_EventCostDescription":"","_EventCurrencySymbol":"","_EventCurrencyCode":"","_EventCurrencyPosition":"","_EventDateTimeSeparator":"","_EventTimeRangeSeparator":"","_EventOrganizerID":[],"_EventVenueID":[],"_OrganizerEmail":"","_OrganizerPhone":"","_OrganizerWebsite":"","_VenueAddress":"","_VenueCity":"","_VenueCountry":"","_VenueProvince":"","_VenueState":"","_VenueZip":"","_VenuePhone":"","_VenueURL":"","_VenueStateProvince":"","_VenueLat":"","_VenueLng":"","_VenueShowMap":false,"_VenueShowMapLink":false,"footnotes":""},"categories":[1],"tags":[47,45,46],"class_list":["post-1986","post","type-post","status-publish","format-standard","has-post-thumbnail","hentry","category-conteudo","tag-turismo-responsavel","tag-voluntariado","tag-volunturismo"],"blocksy_meta":[],"yoast_head":"<!-- This site is optimized with the Yoast SEO plugin v26.4 - https:\/\/yoast.com\/wordpress\/plugins\/seo\/ -->\n<title>Voluntariado em viagem: quest\u00f5es e reflex\u00f5es - ABVP<\/title>\n<meta name=\"robots\" content=\"index, follow, max-snippet:-1, max-image-preview:large, max-video-preview:-1\" \/>\n<link rel=\"canonical\" href=\"https:\/\/www.abvp.pt\/en\/voluntariado-em-viagem-questoes-e-reflexoes\/\" \/>\n<meta property=\"og:locale\" content=\"en_GB\" \/>\n<meta property=\"og:type\" content=\"article\" \/>\n<meta property=\"og:title\" content=\"Voluntariado em viagem: quest\u00f5es e reflex\u00f5es - ABVP\" \/>\n<meta property=\"og:description\" content=\"Aliar turismo e voluntariado parece ser uma f\u00f3rmula altru\u00edsta para aplicar nas f\u00e9rias. Mas ser\u00e1 que \u00e9 ben\u00e9fica para as comunidades que recebem volunt\u00e1rios? H\u00e1 mais de 10 anos, parti [&hellip;]\" \/>\n<meta property=\"og:url\" content=\"https:\/\/www.abvp.pt\/en\/voluntariado-em-viagem-questoes-e-reflexoes\/\" \/>\n<meta property=\"og:site_name\" content=\"ABVP\" \/>\n<meta property=\"article:publisher\" content=\"https:\/\/www.facebook.com\/abvppt\/\" \/>\n<meta property=\"article:author\" content=\"https:\/\/www.facebook.com\/Contos-Alfacinhas-550790268343024\" \/>\n<meta property=\"article:published_time\" content=\"2021-11-06T15:57:35+00:00\" \/>\n<meta property=\"article:modified_time\" content=\"2023-05-06T20:28:14+00:00\" \/>\n<meta property=\"og:image\" content=\"https:\/\/www.abvp.pt\/wp-content\/uploads\/15092013-DSC01989-scaled.jpg\" \/>\n\t<meta property=\"og:image:width\" content=\"2560\" \/>\n\t<meta property=\"og:image:height\" content=\"1920\" \/>\n\t<meta property=\"og:image:type\" content=\"image\/jpeg\" \/>\n<meta name=\"author\" content=\"Filipa Chatillon\" \/>\n<meta name=\"twitter:card\" content=\"summary_large_image\" \/>\n<meta name=\"twitter:creator\" content=\"@abvppt\" \/>\n<meta name=\"twitter:site\" content=\"@abvppt\" \/>\n<meta name=\"twitter:label1\" content=\"Written by\" \/>\n\t<meta name=\"twitter:data1\" content=\"Filipa Chatillon\" \/>\n\t<meta name=\"twitter:label2\" content=\"Estimated reading time\" \/>\n\t<meta name=\"twitter:data2\" content=\"15 minutes\" \/>\n<script type=\"application\/ld+json\" class=\"yoast-schema-graph\">{\"@context\":\"https:\/\/schema.org\",\"@graph\":[{\"@type\":\"Article\",\"@id\":\"https:\/\/www.abvp.pt\/voluntariado-em-viagem-questoes-e-reflexoes\/#article\",\"isPartOf\":{\"@id\":\"https:\/\/www.abvp.pt\/voluntariado-em-viagem-questoes-e-reflexoes\/\"},\"author\":{\"name\":\"Filipa Chatillon\",\"@id\":\"https:\/\/www.abvp.pt\/#\/schema\/person\/b8963de2200d160407d2932abef409e8\"},\"headline\":\"Voluntariado em viagem: quest\u00f5es e reflex\u00f5es\",\"datePublished\":\"2021-11-06T15:57:35+00:00\",\"dateModified\":\"2023-05-06T20:28:14+00:00\",\"mainEntityOfPage\":{\"@id\":\"https:\/\/www.abvp.pt\/voluntariado-em-viagem-questoes-e-reflexoes\/\"},\"wordCount\":2573,\"commentCount\":0,\"publisher\":{\"@id\":\"https:\/\/www.abvp.pt\/#organization\"},\"image\":{\"@id\":\"https:\/\/www.abvp.pt\/voluntariado-em-viagem-questoes-e-reflexoes\/#primaryimage\"},\"thumbnailUrl\":\"https:\/\/www.abvp.pt\/wp-content\/uploads\/15092013-DSC01989-scaled.jpg\",\"keywords\":[\"turismo respons\u00e1vel\",\"voluntariado\",\"volunturismo\"],\"articleSection\":[\"Conte\u00fado\"],\"inLanguage\":\"en-GB\",\"potentialAction\":[{\"@type\":\"CommentAction\",\"name\":\"Comment\",\"target\":[\"https:\/\/www.abvp.pt\/voluntariado-em-viagem-questoes-e-reflexoes\/#respond\"]}]},{\"@type\":\"WebPage\",\"@id\":\"https:\/\/www.abvp.pt\/voluntariado-em-viagem-questoes-e-reflexoes\/\",\"url\":\"https:\/\/www.abvp.pt\/voluntariado-em-viagem-questoes-e-reflexoes\/\",\"name\":\"Voluntariado em viagem: quest\u00f5es e reflex\u00f5es - ABVP\",\"isPartOf\":{\"@id\":\"https:\/\/www.abvp.pt\/#website\"},\"primaryImageOfPage\":{\"@id\":\"https:\/\/www.abvp.pt\/voluntariado-em-viagem-questoes-e-reflexoes\/#primaryimage\"},\"image\":{\"@id\":\"https:\/\/www.abvp.pt\/voluntariado-em-viagem-questoes-e-reflexoes\/#primaryimage\"},\"thumbnailUrl\":\"https:\/\/www.abvp.pt\/wp-content\/uploads\/15092013-DSC01989-scaled.jpg\",\"datePublished\":\"2021-11-06T15:57:35+00:00\",\"dateModified\":\"2023-05-06T20:28:14+00:00\",\"breadcrumb\":{\"@id\":\"https:\/\/www.abvp.pt\/voluntariado-em-viagem-questoes-e-reflexoes\/#breadcrumb\"},\"inLanguage\":\"en-GB\",\"potentialAction\":[{\"@type\":\"ReadAction\",\"target\":[\"https:\/\/www.abvp.pt\/voluntariado-em-viagem-questoes-e-reflexoes\/\"]}]},{\"@type\":\"ImageObject\",\"inLanguage\":\"en-GB\",\"@id\":\"https:\/\/www.abvp.pt\/voluntariado-em-viagem-questoes-e-reflexoes\/#primaryimage\",\"url\":\"https:\/\/www.abvp.pt\/wp-content\/uploads\/15092013-DSC01989-scaled.jpg\",\"contentUrl\":\"https:\/\/www.abvp.pt\/wp-content\/uploads\/15092013-DSC01989-scaled.jpg\",\"width\":2560,\"height\":1920},{\"@type\":\"BreadcrumbList\",\"@id\":\"https:\/\/www.abvp.pt\/voluntariado-em-viagem-questoes-e-reflexoes\/#breadcrumb\",\"itemListElement\":[{\"@type\":\"ListItem\",\"position\":1,\"name\":\"In\u00edcio\",\"item\":\"https:\/\/www.abvp.pt\/\"},{\"@type\":\"ListItem\",\"position\":2,\"name\":\"Voluntariado em viagem: quest\u00f5es e reflex\u00f5es\"}]},{\"@type\":\"WebSite\",\"@id\":\"https:\/\/www.abvp.pt\/#website\",\"url\":\"https:\/\/www.abvp.pt\/\",\"name\":\"ABVP\",\"description\":\"Associa\u00e7\u00e3o de Bloggers de Viagem Portugueses\",\"publisher\":{\"@id\":\"https:\/\/www.abvp.pt\/#organization\"},\"potentialAction\":[{\"@type\":\"SearchAction\",\"target\":{\"@type\":\"EntryPoint\",\"urlTemplate\":\"https:\/\/www.abvp.pt\/?s={search_term_string}\"},\"query-input\":{\"@type\":\"PropertyValueSpecification\",\"valueRequired\":true,\"valueName\":\"search_term_string\"}}],\"inLanguage\":\"en-GB\"},{\"@type\":\"Organization\",\"@id\":\"https:\/\/www.abvp.pt\/#organization\",\"name\":\"ABVP\",\"url\":\"https:\/\/www.abvp.pt\/\",\"logo\":{\"@type\":\"ImageObject\",\"inLanguage\":\"en-GB\",\"@id\":\"https:\/\/www.abvp.pt\/#\/schema\/logo\/image\/\",\"url\":\"https:\/\/www.abvp.pt\/wp-content\/uploads\/Logo-Header-dark.svg\",\"contentUrl\":\"https:\/\/www.abvp.pt\/wp-content\/uploads\/Logo-Header-dark.svg\",\"width\":325,\"height\":48,\"caption\":\"ABVP\"},\"image\":{\"@id\":\"https:\/\/www.abvp.pt\/#\/schema\/logo\/image\/\"},\"sameAs\":[\"https:\/\/www.facebook.com\/abvppt\/\",\"https:\/\/x.com\/abvppt\",\"https:\/\/www.instagram.com\/abvppt\/\"]},{\"@type\":\"Person\",\"@id\":\"https:\/\/www.abvp.pt\/#\/schema\/person\/b8963de2200d160407d2932abef409e8\",\"name\":\"Filipa Chatillon\",\"image\":{\"@type\":\"ImageObject\",\"inLanguage\":\"en-GB\",\"@id\":\"https:\/\/www.abvp.pt\/#\/schema\/person\/image\/\",\"url\":\"https:\/\/secure.gravatar.com\/avatar\/c95ca136c4c31ace681afa5b0e3ba606?s=96&d=mm&r=g\",\"contentUrl\":\"https:\/\/secure.gravatar.com\/avatar\/c95ca136c4c31ace681afa5b0e3ba606?s=96&d=mm&r=g\",\"caption\":\"Filipa Chatillon\"},\"description\":\"Viajante, l\u00edder de viagens, escritora e dentista, j\u00e1 fez voluntariado em v\u00e1rios pa\u00edses. A sua curiosidade inata e vontade de contar hist\u00f3rias relevantes que inspirem \u00e0 mudan\u00e7a, bem como a paix\u00e3o pelas letras e pelos livros t\u00eam-na levado a v\u00e1rios pontos do mundo, e a produzir textos para o seu blog e v\u00e1rias publica\u00e7\u00f5es.\",\"sameAs\":[\"https:\/\/contosalfacinhas.com\/\",\"https:\/\/www.facebook.com\/Contos-Alfacinhas-550790268343024\",\"https:\/\/www.instagram.com\/filipachatillon\/\"],\"url\":\"https:\/\/www.abvp.pt\/en\/author\/filipachatillongmail-com\/\"}]}<\/script>\n<!-- \/ Yoast SEO plugin. -->","yoast_head_json":{"title":"Voluntariado em viagem: quest\u00f5es e reflex\u00f5es - ABVP","robots":{"index":"index","follow":"follow","max-snippet":"max-snippet:-1","max-image-preview":"max-image-preview:large","max-video-preview":"max-video-preview:-1"},"canonical":"https:\/\/www.abvp.pt\/en\/voluntariado-em-viagem-questoes-e-reflexoes\/","og_locale":"en_GB","og_type":"article","og_title":"Voluntariado em viagem: quest\u00f5es e reflex\u00f5es - ABVP","og_description":"Aliar turismo e voluntariado parece ser uma f\u00f3rmula altru\u00edsta para aplicar nas f\u00e9rias. Mas ser\u00e1 que \u00e9 ben\u00e9fica para as comunidades que recebem volunt\u00e1rios? H\u00e1 mais de 10 anos, parti [&hellip;]","og_url":"https:\/\/www.abvp.pt\/en\/voluntariado-em-viagem-questoes-e-reflexoes\/","og_site_name":"ABVP","article_publisher":"https:\/\/www.facebook.com\/abvppt\/","article_author":"https:\/\/www.facebook.com\/Contos-Alfacinhas-550790268343024","article_published_time":"2021-11-06T15:57:35+00:00","article_modified_time":"2023-05-06T20:28:14+00:00","og_image":[{"width":2560,"height":1920,"url":"https:\/\/www.abvp.pt\/wp-content\/uploads\/15092013-DSC01989-scaled.jpg","type":"image\/jpeg"}],"author":"Filipa Chatillon","twitter_card":"summary_large_image","twitter_creator":"@abvppt","twitter_site":"@abvppt","twitter_misc":{"Written by":"Filipa Chatillon","Estimated reading time":"15 minutes"},"schema":{"@context":"https:\/\/schema.org","@graph":[{"@type":"Article","@id":"https:\/\/www.abvp.pt\/voluntariado-em-viagem-questoes-e-reflexoes\/#article","isPartOf":{"@id":"https:\/\/www.abvp.pt\/voluntariado-em-viagem-questoes-e-reflexoes\/"},"author":{"name":"Filipa Chatillon","@id":"https:\/\/www.abvp.pt\/#\/schema\/person\/b8963de2200d160407d2932abef409e8"},"headline":"Voluntariado em viagem: quest\u00f5es e reflex\u00f5es","datePublished":"2021-11-06T15:57:35+00:00","dateModified":"2023-05-06T20:28:14+00:00","mainEntityOfPage":{"@id":"https:\/\/www.abvp.pt\/voluntariado-em-viagem-questoes-e-reflexoes\/"},"wordCount":2573,"commentCount":0,"publisher":{"@id":"https:\/\/www.abvp.pt\/#organization"},"image":{"@id":"https:\/\/www.abvp.pt\/voluntariado-em-viagem-questoes-e-reflexoes\/#primaryimage"},"thumbnailUrl":"https:\/\/www.abvp.pt\/wp-content\/uploads\/15092013-DSC01989-scaled.jpg","keywords":["turismo respons\u00e1vel","voluntariado","volunturismo"],"articleSection":["Conte\u00fado"],"inLanguage":"en-GB","potentialAction":[{"@type":"CommentAction","name":"Comment","target":["https:\/\/www.abvp.pt\/voluntariado-em-viagem-questoes-e-reflexoes\/#respond"]}]},{"@type":"WebPage","@id":"https:\/\/www.abvp.pt\/voluntariado-em-viagem-questoes-e-reflexoes\/","url":"https:\/\/www.abvp.pt\/voluntariado-em-viagem-questoes-e-reflexoes\/","name":"Voluntariado em viagem: quest\u00f5es e reflex\u00f5es - ABVP","isPartOf":{"@id":"https:\/\/www.abvp.pt\/#website"},"primaryImageOfPage":{"@id":"https:\/\/www.abvp.pt\/voluntariado-em-viagem-questoes-e-reflexoes\/#primaryimage"},"image":{"@id":"https:\/\/www.abvp.pt\/voluntariado-em-viagem-questoes-e-reflexoes\/#primaryimage"},"thumbnailUrl":"https:\/\/www.abvp.pt\/wp-content\/uploads\/15092013-DSC01989-scaled.jpg","datePublished":"2021-11-06T15:57:35+00:00","dateModified":"2023-05-06T20:28:14+00:00","breadcrumb":{"@id":"https:\/\/www.abvp.pt\/voluntariado-em-viagem-questoes-e-reflexoes\/#breadcrumb"},"inLanguage":"en-GB","potentialAction":[{"@type":"ReadAction","target":["https:\/\/www.abvp.pt\/voluntariado-em-viagem-questoes-e-reflexoes\/"]}]},{"@type":"ImageObject","inLanguage":"en-GB","@id":"https:\/\/www.abvp.pt\/voluntariado-em-viagem-questoes-e-reflexoes\/#primaryimage","url":"https:\/\/www.abvp.pt\/wp-content\/uploads\/15092013-DSC01989-scaled.jpg","contentUrl":"https:\/\/www.abvp.pt\/wp-content\/uploads\/15092013-DSC01989-scaled.jpg","width":2560,"height":1920},{"@type":"BreadcrumbList","@id":"https:\/\/www.abvp.pt\/voluntariado-em-viagem-questoes-e-reflexoes\/#breadcrumb","itemListElement":[{"@type":"ListItem","position":1,"name":"In\u00edcio","item":"https:\/\/www.abvp.pt\/"},{"@type":"ListItem","position":2,"name":"Voluntariado em viagem: quest\u00f5es e reflex\u00f5es"}]},{"@type":"WebSite","@id":"https:\/\/www.abvp.pt\/#website","url":"https:\/\/www.abvp.pt\/","name":"ABVP","description":"Association of Portuguese Travel Bloggers","publisher":{"@id":"https:\/\/www.abvp.pt\/#organization"},"potentialAction":[{"@type":"SearchAction","target":{"@type":"EntryPoint","urlTemplate":"https:\/\/www.abvp.pt\/?s={search_term_string}"},"query-input":{"@type":"PropertyValueSpecification","valueRequired":true,"valueName":"search_term_string"}}],"inLanguage":"en-GB"},{"@type":"Organization","@id":"https:\/\/www.abvp.pt\/#organization","name":"ABVP","url":"https:\/\/www.abvp.pt\/","logo":{"@type":"ImageObject","inLanguage":"en-GB","@id":"https:\/\/www.abvp.pt\/#\/schema\/logo\/image\/","url":"https:\/\/www.abvp.pt\/wp-content\/uploads\/Logo-Header-dark.svg","contentUrl":"https:\/\/www.abvp.pt\/wp-content\/uploads\/Logo-Header-dark.svg","width":325,"height":48,"caption":"ABVP"},"image":{"@id":"https:\/\/www.abvp.pt\/#\/schema\/logo\/image\/"},"sameAs":["https:\/\/www.facebook.com\/abvppt\/","https:\/\/x.com\/abvppt","https:\/\/www.instagram.com\/abvppt\/"]},{"@type":"Person","@id":"https:\/\/www.abvp.pt\/#\/schema\/person\/b8963de2200d160407d2932abef409e8","name":"Filipa Chatillon","image":{"@type":"ImageObject","inLanguage":"en-GB","@id":"https:\/\/www.abvp.pt\/#\/schema\/person\/image\/","url":"https:\/\/secure.gravatar.com\/avatar\/c95ca136c4c31ace681afa5b0e3ba606?s=96&d=mm&r=g","contentUrl":"https:\/\/secure.gravatar.com\/avatar\/c95ca136c4c31ace681afa5b0e3ba606?s=96&d=mm&r=g","caption":"Filipa Chatillon"},"description":"Viajante, l\u00edder de viagens, escritora e dentista, j\u00e1 fez voluntariado em v\u00e1rios pa\u00edses. A sua curiosidade inata e vontade de contar hist\u00f3rias relevantes que inspirem \u00e0 mudan\u00e7a, bem como a paix\u00e3o pelas letras e pelos livros t\u00eam-na levado a v\u00e1rios pontos do mundo, e a produzir textos para o seu blog e v\u00e1rias publica\u00e7\u00f5es.","sameAs":["https:\/\/contosalfacinhas.com\/","https:\/\/www.facebook.com\/Contos-Alfacinhas-550790268343024","https:\/\/www.instagram.com\/filipachatillon\/"],"url":"https:\/\/www.abvp.pt\/en\/author\/filipachatillongmail-com\/"}]}},"_links":{"self":[{"href":"https:\/\/www.abvp.pt\/en\/wp-json\/wp\/v2\/posts\/1986","targetHints":{"allow":["GET"]}}],"collection":[{"href":"https:\/\/www.abvp.pt\/en\/wp-json\/wp\/v2\/posts"}],"about":[{"href":"https:\/\/www.abvp.pt\/en\/wp-json\/wp\/v2\/types\/post"}],"author":[{"embeddable":true,"href":"https:\/\/www.abvp.pt\/en\/wp-json\/wp\/v2\/users\/31"}],"replies":[{"embeddable":true,"href":"https:\/\/www.abvp.pt\/en\/wp-json\/wp\/v2\/comments?post=1986"}],"version-history":[{"count":0,"href":"https:\/\/www.abvp.pt\/en\/wp-json\/wp\/v2\/posts\/1986\/revisions"}],"wp:featuredmedia":[{"embeddable":true,"href":"https:\/\/www.abvp.pt\/en\/wp-json\/wp\/v2\/media\/1996"}],"wp:attachment":[{"href":"https:\/\/www.abvp.pt\/en\/wp-json\/wp\/v2\/media?parent=1986"}],"wp:term":[{"taxonomy":"category","embeddable":true,"href":"https:\/\/www.abvp.pt\/en\/wp-json\/wp\/v2\/categories?post=1986"},{"taxonomy":"post_tag","embeddable":true,"href":"https:\/\/www.abvp.pt\/en\/wp-json\/wp\/v2\/tags?post=1986"}],"curies":[{"name":"wp","href":"https:\/\/api.w.org\/{rel}","templated":true}]}}