{"id":2063,"date":"2021-11-02T14:54:49","date_gmt":"2021-11-02T14:54:49","guid":{"rendered":"https:\/\/www.abvp.pt\/?p=2063"},"modified":"2023-05-06T21:29:39","modified_gmt":"2023-05-06T20:29:39","slug":"viajantes-sabios-entrevista","status":"publish","type":"post","link":"https:\/\/www.abvp.pt\/en\/viajantes-sabios-entrevista\/","title":{"rendered":"Os viajantes s\u00e1bios: Tiago &#038; Sandrina (entrevista)"},"content":{"rendered":"<p><strong>Nome: <\/strong>Tiago Ferreira e Sandrina Ferreira<\/p>\n\n\n\n<p><strong>Profiss\u00e3o: <\/strong>Web Designer&nbsp; e Educadora Social<\/p>\n\n\n\n<p><strong>Data de nascimento: <\/strong>1989 e 1987<\/p>\n\n\n\n<p><strong>Local de nascimento: <\/strong>Porto<\/p>\n\n\n\n<p><strong>Local de resid\u00eancia: <\/strong>Gondomar<\/p>\n\n\n\n<p><strong>Pr\u00f3ximas viagens: <\/strong>ainda a digerir a recente viagem ao Egito, pretendemos visitar um Mercado de Natal em breve<\/p>\n\n\n\n<p><strong>Blog: <\/strong><a href=\"https:\/\/www.thewisetravellers.com\/pt\/\" target=\"_blank\" rel=\"noreferrer noopener\">The Wise Travellers<\/a><\/p>\n\n\n\n<p><\/p>\n\n\n\n<p><strong>1. O que significam as viagens para voc\u00eas?<\/strong><\/p>\n\n\n\n<p>Viajar para n\u00f3s \u00e9 a descoberta de novos lugares, de novas culturas. \u00c9 podermos \u2018sair por a\u00ed\u2019, pelo mundo fora. A curiosidade em conhecer e sair da nossa zona de conforto \u00e9 o que nos move nas viagens.<\/p>\n\n\n\n<p>Achamos que estas est\u00e3o intr\u00ednsecas no ser humano. <strong>Tal como os nossos antepassados partiram \u00e0 descoberta<\/strong>, tamb\u00e9m ansiamos descobrir o que este mundo tem de melhor.<\/p>\n\n\n\n<figure class=\"wp-block-image size-large\"><img fetchpriority=\"high\" decoding=\"async\" width=\"1600\" height=\"1067\" src=\"https:\/\/www.abvp.pt\/wp-content\/uploads\/P1350613-Edit-2-Edit-1600x1067.jpg\" alt=\"\" class=\"wp-image-2066\" srcset=\"https:\/\/www.abvp.pt\/wp-content\/uploads\/P1350613-Edit-2-Edit-1600x1067.jpg 1600w, https:\/\/www.abvp.pt\/wp-content\/uploads\/P1350613-Edit-2-Edit-600x400.jpg 600w, https:\/\/www.abvp.pt\/wp-content\/uploads\/P1350613-Edit-2-Edit-800x533.jpg 800w, https:\/\/www.abvp.pt\/wp-content\/uploads\/P1350613-Edit-2-Edit-150x100.jpg 150w, https:\/\/www.abvp.pt\/wp-content\/uploads\/P1350613-Edit-2-Edit-768x512.jpg 768w, https:\/\/www.abvp.pt\/wp-content\/uploads\/P1350613-Edit-2-Edit-1536x1024.jpg 1536w, https:\/\/www.abvp.pt\/wp-content\/uploads\/P1350613-Edit-2-Edit.jpg 1920w\" sizes=\"(max-width: 1600px) 100vw, 1600px\" \/><figcaption>\u00a9 The Wise Travellers &#8211; as maravilhosas paisagens da Isl\u00e2ndia<\/figcaption><\/figure>\n\n\n\n<p><strong>2. Entre os destinos que j\u00e1 visitaram, h\u00e1 algum que vos tenha marcado de forma especial? Contem-nos.<\/strong><\/p>\n\n\n\n<p>Temos opini\u00f5es diferentes quando a esta quest\u00e3o, ancoradas em diferentes gostos pessoais.<\/p>\n\n\n\n<p>O Tiago diria a Isl\u00e2ndia, porque foi o pa\u00eds que mais o impressionou at\u00e9 hoje. Em termos de beleza natural, a Isl\u00e2ndia \u00e9 extraordin\u00e1ria. E tamb\u00e9m porque foi uma viagem em que \u00e9ramos totalmente aut\u00f3nomos, t\u00ednhamos uma <em>campervan<\/em>, que permitiu irmos onde quer\u00edamos, quando quer\u00edamos.<\/p>\n\n\n\n<p>Aquando da viagem, opt\u00e1mos por uma rota menos conhecida, que nos levou ao norte do pa\u00eds, passando pelas pequenas vilas da <a href=\"https:\/\/www.thewisetravellers.com\/pt\/inspiring-blog\/itinerario-na-arctic-coast-way\/\" target=\"_blank\" rel=\"noreferrer noopener\">Arctic Cost Way.<\/a><\/p>\n\n\n\n<p>As Filipinas ocupam um lugar especial no cora\u00e7\u00e3o da Sandrina, sem d\u00favida. Curiosamente, <strong>depois de quase quatro meses a viajar pelo sudeste asi\u00e1tico, as saudades da fam\u00edlia j\u00e1 apertavam<\/strong> e ela j\u00e1 nem queria ir \u00e0s Filipinas. Felizmente, o Tiago bateu o p\u00e9, pois as<a href=\"https:\/\/www.thewisetravellers.com\/pt\/inspiring-blog\/roteiro-de-viagem-pelas-filipinas-21-dias-na-terra-das-ilhas-encantadas\/\" target=\"_blank\" rel=\"noreferrer noopener\"> Filipinas<\/a> s\u00e3o inesquec\u00edveis, desde a gastronomia, \u00e0s praias, at\u00e9 \u00e0s pessoas, t\u00e3o humildes e sempre prontas a ajudar.<\/p>\n\n\n\n<p><strong>3. O que mais vos influencia na hora de escolherem um destino de viagem?<\/strong><\/p>\n\n\n\n<p>Bem, os nossos gostos pessoais pesam sempre na escolha dos destinos. E como temos gostos diferentes, vamos alternando para que nenhum fique aborrecido. No entanto, h\u00e1 fatores de que ambos gostamos, <strong>preferimos natureza a grandes cidades<\/strong>, por exemplo. E ambos gostamos de viajar de mochila \u00e0s costas, porque nos d\u00e1 mais liberdade.<\/p>\n\n\n\n<p>E, claro, tamb\u00e9m temos em conta o fator monet\u00e1rio e o tempo dispon\u00edvel. Como trabalhamos os dois, temos que conciliar as f\u00e9rias. Por exemplo, sonhamos em visitar o Jap\u00e3o, mas ainda n\u00e3o fomos por escassez de tempo. Vamos precisar de, pelo menos, um a dois meses para conhecer o pa\u00eds do sol nascente.<\/p>\n\n\n\n<figure class=\"wp-block-image size-large\"><img decoding=\"async\" width=\"1600\" height=\"1200\" src=\"https:\/\/www.abvp.pt\/wp-content\/uploads\/YDXJ0235-1600x1200.jpg\" alt=\"\" class=\"wp-image-2067\" srcset=\"https:\/\/www.abvp.pt\/wp-content\/uploads\/YDXJ0235-1600x1200.jpg 1600w, https:\/\/www.abvp.pt\/wp-content\/uploads\/YDXJ0235-600x450.jpg 600w, https:\/\/www.abvp.pt\/wp-content\/uploads\/YDXJ0235-300x225.jpg 300w, https:\/\/www.abvp.pt\/wp-content\/uploads\/YDXJ0235-800x600.jpg 800w, https:\/\/www.abvp.pt\/wp-content\/uploads\/YDXJ0235-150x113.jpg 150w, https:\/\/www.abvp.pt\/wp-content\/uploads\/YDXJ0235-768x576.jpg 768w, https:\/\/www.abvp.pt\/wp-content\/uploads\/YDXJ0235-1536x1152.jpg 1536w, https:\/\/www.abvp.pt\/wp-content\/uploads\/YDXJ0235.jpg 1920w\" sizes=\"(max-width: 1600px) 100vw, 1600px\" \/><figcaption>\u00a9 The Wise Travellers em Chiang Mai, Tail\u00e2ndia. <\/figcaption><\/figure>\n\n\n\n<p><strong>4. J\u00e1 viveram fora de Portugal mais que seis meses? Se sim, onde e o que retiraram dessa experi\u00eancia?<\/strong><\/p>\n\n\n\n<p>O Tiago esteve seis meses na Su\u00ed\u00e7a e a Sandrina quase 5 anos no Reino Unido. O facto de <strong>vivermos fora do nosso pa\u00eds permite-nos expandir horizontes<\/strong>, \u00e9 a possibilidade de conhecermos uma cultura e tradi\u00e7\u00f5es diferentes da nossa a fundo. Ajudou-nos a crescer pessoalmente, a perceber o que realmente \u00e9 importante e a definir objetivos para a nossa vida.<\/p>\n\n\n\n<p><strong>5. Expliquem o que \u00e9 o vosso blog de viagens e a raz\u00e3o da sua exist\u00eancia.<\/strong><\/p>\n\n\n\n<p>O <em>The Wise Travellers<\/em> foi criado para partilharmos toda a viagem que ir\u00edamos fazer pelo sudeste asi\u00e1tico. Quer\u00edamos inspirar outras pessoas a fazerem o mesmo: viajar, conhecer novos lugares, novas culturas.<\/p>\n\n\n\n<p>O nosso blog tamb\u00e9m serve para <strong>partilhar as nossas ideias sobre a sustentabilidade em viagem<\/strong>, que, como sabemos, \u00e9 uma preocupa\u00e7\u00e3o crescente entre os viajantes.<\/p>\n\n\n\n<p><strong>6. Como surgiu o nome do blog?<\/strong><\/p>\n\n\n\n<p>O nome do nosso blog est\u00e1 relacionado com a sustentabilidade e com o facto de querermos viajar de forma sustent\u00e1vel. Da\u00ed o <em>wise<\/em>, que significa s\u00e1bio. Na altura escolhemos um nome ingl\u00eas para chegar a mais pessoas.<\/p>\n\n\n\n<figure class=\"wp-block-image size-large\"><img decoding=\"async\" width=\"1600\" height=\"1067\" src=\"https:\/\/www.abvp.pt\/wp-content\/uploads\/DJI_0082-2-1600x1067.jpg\" alt=\"\" class=\"wp-image-2072\" srcset=\"https:\/\/www.abvp.pt\/wp-content\/uploads\/DJI_0082-2-1600x1067.jpg 1600w, https:\/\/www.abvp.pt\/wp-content\/uploads\/DJI_0082-2-600x400.jpg 600w, https:\/\/www.abvp.pt\/wp-content\/uploads\/DJI_0082-2-800x533.jpg 800w, https:\/\/www.abvp.pt\/wp-content\/uploads\/DJI_0082-2-150x100.jpg 150w, https:\/\/www.abvp.pt\/wp-content\/uploads\/DJI_0082-2-768x512.jpg 768w, https:\/\/www.abvp.pt\/wp-content\/uploads\/DJI_0082-2-1536x1024.jpg 1536w, https:\/\/www.abvp.pt\/wp-content\/uploads\/DJI_0082-2-2048x1365.jpg 2048w\" sizes=\"(max-width: 1600px) 100vw, 1600px\" \/><figcaption> \u00a9 The Wise Travellers &#8211; as cores de El Nido, Palawan, nas Filipinas.<\/figcaption><\/figure>\n\n\n\n<p><strong>7. Destaquem um dos posts de que mais gostam no vosso blog e expliquem porqu\u00ea.<\/strong><\/p>\n\n\n\n<p>Destacamos o nosso post em ingl\u00eas<a href=\"https:\/\/www.thewisetravellers.com\/inspiring-blog\/why-is-sustainable-tourism-so-important\/\" target=\"_blank\" rel=\"noreferrer noopener\"> &#8220;Why is sustainable tourism so important&#8221;<\/a>, porque se centra na import\u00e2ncia de sermos mais viajantes mais sustent\u00e1veis. Isto deveria ser uma preocupa\u00e7\u00e3o de todos n\u00f3s, enquanto viajantes, e de todos os que est\u00e3o envolvidos na ind\u00fastria do turismo.<\/p>\n\n\n\n<p><strong>N\u00e3o podemos ignorar os sinais do nosso Planeta<\/strong>, se queremos preservar o que temos, para que as futuras gera\u00e7\u00f5es possam explorar o que hoje visitamos, temos que ser viajantes mais conscientes.<\/p>\n\n\n\n<p><strong>8. Alguma dica para quem pretende come\u00e7ar agora um blog de viagens?<\/strong><\/p>\n\n\n\n<p>Primeiro, para come\u00e7ar um blog de viagens \u00e9 preciso realmente gostar do que fazemos, porque est\u00e1 cada vez mais dif\u00edcil para um novo projeto destacar-se. Talvez o essencial seja <strong>encontrar um nicho espec\u00edfico e depois manter-se fiel aos seus valores<\/strong>.<\/p>\n\n\n\n<p>De resto \u00e9 ter muita paci\u00eancia, muito trabalho, n\u00e3o ir em \u201cmodas\u201d (tenta\u00e7\u00e3o t\u00e3o f\u00e1cil hoje em dia), e partilhar o que realmente nos faz felizes.<\/p>\n\n\n\n<figure class=\"wp-block-image size-large\"><img loading=\"lazy\" decoding=\"async\" width=\"1600\" height=\"1200\" src=\"https:\/\/www.abvp.pt\/wp-content\/uploads\/YDXJ0601-1600x1200.jpg\" alt=\"\" class=\"wp-image-2068\" srcset=\"https:\/\/www.abvp.pt\/wp-content\/uploads\/YDXJ0601-1600x1200.jpg 1600w, https:\/\/www.abvp.pt\/wp-content\/uploads\/YDXJ0601-600x450.jpg 600w, https:\/\/www.abvp.pt\/wp-content\/uploads\/YDXJ0601-300x225.jpg 300w, https:\/\/www.abvp.pt\/wp-content\/uploads\/YDXJ0601-800x600.jpg 800w, https:\/\/www.abvp.pt\/wp-content\/uploads\/YDXJ0601-150x113.jpg 150w, https:\/\/www.abvp.pt\/wp-content\/uploads\/YDXJ0601-768x576.jpg 768w, https:\/\/www.abvp.pt\/wp-content\/uploads\/YDXJ0601-1536x1152.jpg 1536w, https:\/\/www.abvp.pt\/wp-content\/uploads\/YDXJ0601.jpg 1920w\" sizes=\"(max-width: 1600px) 100vw, 1600px\" \/><figcaption>\u00a9 The Wise Travellers no templo de<em> Angkor Wat, Cambodja.<\/em><\/figcaption><\/figure>\n\n\n\n<p><strong>9. Que papel desempenham os blogs junto de outras pessoas que gostam de viajar?<\/strong><\/p>\n\n\n\n<p>Do nosso ponto de vista, os blogs s\u00e3o cada vez mais importantes, pois influenciam as viagens e a maneira de viajar dos outros. Da\u00ed ser muito importante ter-se no\u00e7\u00e3o do que se partilha, pois <strong>facilmente se pode disseminar comportamentos negativos<\/strong>. Por exemplo, partilhar atividades que envolvam maus tratos em animais induz outras pessoas a repetirem esses mesmos comportamentos.<\/p>\n\n\n\n<p>Apesar disso, os blogs e as pessoas por detr\u00e1s deles est\u00e3o cada vez mais conscientes: vemos muito conte\u00fado assertivo a ser partilhado.<\/p>\n\n\n\n<p><strong>10. Qual \u00e9 o vosso maior sonho por cumprir?<\/strong><\/p>\n\n\n\n<p>Ter a liberdade financeira para viajarmos a tempo inteiro. Por enquanto, \u00e9 s\u00f3 um sonho, mas estamos a trabalhar todos os dias para isso&#8230;<\/p>\n\n\n\n<p>Leiam tamb\u00e9m o artigo destes viajantes s\u00e1bios: <a href=\"https:\/\/www.abvp.pt\/en\/como-viajar-de-forma-sustentavel\/\" target=\"_blank\" rel=\"noreferrer noopener\">Como viajar de forma sustent\u00e1vel<\/a><\/p>","protected":false},"excerpt":{"rendered":"<p>Nome: Tiago Ferreira e Sandrina Ferreira Profiss\u00e3o: Web Designer&nbsp; e Educadora Social Data de nascimento: 1989 e 1987 Local de nascimento: Porto Local de resid\u00eancia: Gondomar Pr\u00f3ximas viagens: ainda a [&hellip;]<\/p>\n","protected":false},"author":5,"featured_media":2065,"comment_status":"open","ping_status":"closed","sticky":false,"template":"","format":"standard","meta":{"_price":"","_stock":"","_tribe_ticket_header":"","_tribe_default_ticket_provider":"","_tribe_ticket_capacity":"0","_ticket_start_date":"","_ticket_end_date":"","_tribe_ticket_show_description":"","_tribe_ticket_show_not_going":false,"_tribe_ticket_use_global_stock":"","_tribe_ticket_global_stock_level":"","_global_stock_mode":"","_global_stock_cap":"","_tribe_rsvp_for_event":"","_tribe_ticket_going_count":"","_tribe_ticket_not_going_count":"","_tribe_tickets_list":"[]","_tribe_ticket_has_attendee_info_fields":false,"_EventAllDay":false,"_EventTimezone":"","_EventStartDate":"","_EventEndDate":"","_EventStartDateUTC":"","_EventEndDateUTC":"","_EventShowMap":false,"_EventShowMapLink":false,"_EventURL":"","_EventCost":"","_EventCostDescription":"","_EventCurrencySymbol":"","_EventCurrencyCode":"","_EventCurrencyPosition":"","_EventDateTimeSeparator":"","_EventTimeRangeSeparator":"","_EventOrganizerID":[],"_EventVenueID":[],"_OrganizerEmail":"","_OrganizerPhone":"","_OrganizerWebsite":"","_VenueAddress":"","_VenueCity":"","_VenueCountry":"","_VenueProvince":"","_VenueState":"","_VenueZip":"","_VenuePhone":"","_VenueURL":"","_VenueStateProvince":"","_VenueLat":"","_VenueLng":"","_VenueShowMap":false,"_VenueShowMapLink":false,"footnotes":""},"categories":[1],"tags":[49,37],"class_list":["post-2063","post","type-post","status-publish","format-standard","has-post-thumbnail","hentry","category-conteudo","tag-bloggers-de-viagem","tag-entrevista"],"blocksy_meta":[],"yoast_head":"<!-- This site is optimized with the Yoast SEO plugin v26.4 - https:\/\/yoast.com\/wordpress\/plugins\/seo\/ -->\n<title>Os viajantes s\u00e1bios: Tiago &amp; Sandrina (entrevista) - ABVP<\/title>\n<meta name=\"robots\" content=\"index, follow, max-snippet:-1, max-image-preview:large, max-video-preview:-1\" \/>\n<link rel=\"canonical\" href=\"https:\/\/www.abvp.pt\/en\/viajantes-sabios-entrevista\/\" \/>\n<meta property=\"og:locale\" content=\"en_GB\" \/>\n<meta property=\"og:type\" content=\"article\" \/>\n<meta property=\"og:title\" content=\"Os viajantes s\u00e1bios: Tiago &amp; Sandrina (entrevista) - ABVP\" \/>\n<meta property=\"og:description\" content=\"Nome: Tiago Ferreira e Sandrina Ferreira Profiss\u00e3o: Web Designer&nbsp; e Educadora Social Data de nascimento: 1989 e 1987 Local de nascimento: Porto Local de resid\u00eancia: Gondomar Pr\u00f3ximas viagens: ainda a [&hellip;]\" \/>\n<meta property=\"og:url\" content=\"https:\/\/www.abvp.pt\/en\/viajantes-sabios-entrevista\/\" \/>\n<meta property=\"og:site_name\" content=\"ABVP\" \/>\n<meta property=\"article:publisher\" content=\"https:\/\/www.facebook.com\/abvppt\/\" \/>\n<meta property=\"article:published_time\" content=\"2021-11-02T14:54:49+00:00\" \/>\n<meta property=\"article:modified_time\" content=\"2023-05-06T20:29:39+00:00\" \/>\n<meta property=\"og:image\" content=\"https:\/\/www.abvp.pt\/wp-content\/uploads\/YDXJ0874.jpg\" \/>\n\t<meta property=\"og:image:width\" content=\"1920\" \/>\n\t<meta property=\"og:image:height\" content=\"1440\" \/>\n\t<meta property=\"og:image:type\" content=\"image\/jpeg\" \/>\n<meta name=\"author\" content=\"Ruthia Portelinha\" \/>\n<meta name=\"twitter:card\" content=\"summary_large_image\" \/>\n<meta name=\"twitter:creator\" content=\"@abvppt\" \/>\n<meta name=\"twitter:site\" content=\"@abvppt\" \/>\n<meta name=\"twitter:label1\" content=\"Written by\" \/>\n\t<meta name=\"twitter:data1\" content=\"Ruthia Portelinha\" \/>\n\t<meta name=\"twitter:label2\" content=\"Estimated reading time\" \/>\n\t<meta name=\"twitter:data2\" content=\"6 minutes\" \/>\n<script type=\"application\/ld+json\" class=\"yoast-schema-graph\">{\"@context\":\"https:\/\/schema.org\",\"@graph\":[{\"@type\":\"Article\",\"@id\":\"https:\/\/www.abvp.pt\/viajantes-sabios-entrevista\/#article\",\"isPartOf\":{\"@id\":\"https:\/\/www.abvp.pt\/viajantes-sabios-entrevista\/\"},\"author\":{\"name\":\"Ruthia Portelinha\",\"@id\":\"https:\/\/www.abvp.pt\/#\/schema\/person\/3224ab1e82979d8d2daa9b24c41ac06f\"},\"headline\":\"Os viajantes s\u00e1bios: Tiago &#038; Sandrina (entrevista)\",\"datePublished\":\"2021-11-02T14:54:49+00:00\",\"dateModified\":\"2023-05-06T20:29:39+00:00\",\"mainEntityOfPage\":{\"@id\":\"https:\/\/www.abvp.pt\/viajantes-sabios-entrevista\/\"},\"wordCount\":998,\"commentCount\":0,\"publisher\":{\"@id\":\"https:\/\/www.abvp.pt\/#organization\"},\"image\":{\"@id\":\"https:\/\/www.abvp.pt\/viajantes-sabios-entrevista\/#primaryimage\"},\"thumbnailUrl\":\"https:\/\/www.abvp.pt\/wp-content\/uploads\/YDXJ0874.jpg\",\"keywords\":[\"bloggers de viagem\",\"entrevista\"],\"articleSection\":[\"Conte\u00fado\"],\"inLanguage\":\"en-GB\",\"potentialAction\":[{\"@type\":\"CommentAction\",\"name\":\"Comment\",\"target\":[\"https:\/\/www.abvp.pt\/viajantes-sabios-entrevista\/#respond\"]}]},{\"@type\":\"WebPage\",\"@id\":\"https:\/\/www.abvp.pt\/viajantes-sabios-entrevista\/\",\"url\":\"https:\/\/www.abvp.pt\/viajantes-sabios-entrevista\/\",\"name\":\"Os viajantes s\u00e1bios: Tiago & Sandrina (entrevista) - ABVP\",\"isPartOf\":{\"@id\":\"https:\/\/www.abvp.pt\/#website\"},\"primaryImageOfPage\":{\"@id\":\"https:\/\/www.abvp.pt\/viajantes-sabios-entrevista\/#primaryimage\"},\"image\":{\"@id\":\"https:\/\/www.abvp.pt\/viajantes-sabios-entrevista\/#primaryimage\"},\"thumbnailUrl\":\"https:\/\/www.abvp.pt\/wp-content\/uploads\/YDXJ0874.jpg\",\"datePublished\":\"2021-11-02T14:54:49+00:00\",\"dateModified\":\"2023-05-06T20:29:39+00:00\",\"breadcrumb\":{\"@id\":\"https:\/\/www.abvp.pt\/viajantes-sabios-entrevista\/#breadcrumb\"},\"inLanguage\":\"en-GB\",\"potentialAction\":[{\"@type\":\"ReadAction\",\"target\":[\"https:\/\/www.abvp.pt\/viajantes-sabios-entrevista\/\"]}]},{\"@type\":\"ImageObject\",\"inLanguage\":\"en-GB\",\"@id\":\"https:\/\/www.abvp.pt\/viajantes-sabios-entrevista\/#primaryimage\",\"url\":\"https:\/\/www.abvp.pt\/wp-content\/uploads\/YDXJ0874.jpg\",\"contentUrl\":\"https:\/\/www.abvp.pt\/wp-content\/uploads\/YDXJ0874.jpg\",\"width\":1920,\"height\":1440,\"caption\":\"wise travellers\"},{\"@type\":\"BreadcrumbList\",\"@id\":\"https:\/\/www.abvp.pt\/viajantes-sabios-entrevista\/#breadcrumb\",\"itemListElement\":[{\"@type\":\"ListItem\",\"position\":1,\"name\":\"In\u00edcio\",\"item\":\"https:\/\/www.abvp.pt\/\"},{\"@type\":\"ListItem\",\"position\":2,\"name\":\"Os viajantes s\u00e1bios: Tiago &#038; Sandrina (entrevista)\"}]},{\"@type\":\"WebSite\",\"@id\":\"https:\/\/www.abvp.pt\/#website\",\"url\":\"https:\/\/www.abvp.pt\/\",\"name\":\"ABVP\",\"description\":\"Associa\u00e7\u00e3o de Bloggers de Viagem Portugueses\",\"publisher\":{\"@id\":\"https:\/\/www.abvp.pt\/#organization\"},\"potentialAction\":[{\"@type\":\"SearchAction\",\"target\":{\"@type\":\"EntryPoint\",\"urlTemplate\":\"https:\/\/www.abvp.pt\/?s={search_term_string}\"},\"query-input\":{\"@type\":\"PropertyValueSpecification\",\"valueRequired\":true,\"valueName\":\"search_term_string\"}}],\"inLanguage\":\"en-GB\"},{\"@type\":\"Organization\",\"@id\":\"https:\/\/www.abvp.pt\/#organization\",\"name\":\"ABVP\",\"url\":\"https:\/\/www.abvp.pt\/\",\"logo\":{\"@type\":\"ImageObject\",\"inLanguage\":\"en-GB\",\"@id\":\"https:\/\/www.abvp.pt\/#\/schema\/logo\/image\/\",\"url\":\"https:\/\/www.abvp.pt\/wp-content\/uploads\/Logo-Header-dark.svg\",\"contentUrl\":\"https:\/\/www.abvp.pt\/wp-content\/uploads\/Logo-Header-dark.svg\",\"width\":325,\"height\":48,\"caption\":\"ABVP\"},\"image\":{\"@id\":\"https:\/\/www.abvp.pt\/#\/schema\/logo\/image\/\"},\"sameAs\":[\"https:\/\/www.facebook.com\/abvppt\/\",\"https:\/\/x.com\/abvppt\",\"https:\/\/www.instagram.com\/abvppt\/\"]},{\"@type\":\"Person\",\"@id\":\"https:\/\/www.abvp.pt\/#\/schema\/person\/3224ab1e82979d8d2daa9b24c41ac06f\",\"name\":\"Ruthia Portelinha\",\"image\":{\"@type\":\"ImageObject\",\"inLanguage\":\"en-GB\",\"@id\":\"https:\/\/www.abvp.pt\/#\/schema\/person\/image\/\",\"url\":\"https:\/\/secure.gravatar.com\/avatar\/fe88f7331e86f7718c223ca840ea6091?s=96&d=mm&r=g\",\"contentUrl\":\"https:\/\/secure.gravatar.com\/avatar\/fe88f7331e86f7718c223ca840ea6091?s=96&d=mm&r=g\",\"caption\":\"Ruthia Portelinha\"},\"description\":\"Viajante, m\u00e3e babada, choc\u00f3latra, amante de livros e museus. Autora do blog O Ber\u00e7o do Mundo.\",\"sameAs\":[\"https:\/\/www.bercodomundo.com\"],\"url\":\"https:\/\/www.abvp.pt\/en\/author\/ruthia\/\"}]}<\/script>\n<!-- \/ Yoast SEO plugin. -->","yoast_head_json":{"title":"Os viajantes s\u00e1bios: Tiago & Sandrina (entrevista) - ABVP","robots":{"index":"index","follow":"follow","max-snippet":"max-snippet:-1","max-image-preview":"max-image-preview:large","max-video-preview":"max-video-preview:-1"},"canonical":"https:\/\/www.abvp.pt\/en\/viajantes-sabios-entrevista\/","og_locale":"en_GB","og_type":"article","og_title":"Os viajantes s\u00e1bios: Tiago & Sandrina (entrevista) - ABVP","og_description":"Nome: Tiago Ferreira e Sandrina Ferreira Profiss\u00e3o: Web Designer&nbsp; e Educadora Social Data de nascimento: 1989 e 1987 Local de nascimento: Porto Local de resid\u00eancia: Gondomar Pr\u00f3ximas viagens: ainda a [&hellip;]","og_url":"https:\/\/www.abvp.pt\/en\/viajantes-sabios-entrevista\/","og_site_name":"ABVP","article_publisher":"https:\/\/www.facebook.com\/abvppt\/","article_published_time":"2021-11-02T14:54:49+00:00","article_modified_time":"2023-05-06T20:29:39+00:00","og_image":[{"width":1920,"height":1440,"url":"https:\/\/www.abvp.pt\/wp-content\/uploads\/YDXJ0874.jpg","type":"image\/jpeg"}],"author":"Ruthia Portelinha","twitter_card":"summary_large_image","twitter_creator":"@abvppt","twitter_site":"@abvppt","twitter_misc":{"Written by":"Ruthia Portelinha","Estimated reading time":"6 minutes"},"schema":{"@context":"https:\/\/schema.org","@graph":[{"@type":"Article","@id":"https:\/\/www.abvp.pt\/viajantes-sabios-entrevista\/#article","isPartOf":{"@id":"https:\/\/www.abvp.pt\/viajantes-sabios-entrevista\/"},"author":{"name":"Ruthia Portelinha","@id":"https:\/\/www.abvp.pt\/#\/schema\/person\/3224ab1e82979d8d2daa9b24c41ac06f"},"headline":"Os viajantes s\u00e1bios: Tiago &#038; Sandrina (entrevista)","datePublished":"2021-11-02T14:54:49+00:00","dateModified":"2023-05-06T20:29:39+00:00","mainEntityOfPage":{"@id":"https:\/\/www.abvp.pt\/viajantes-sabios-entrevista\/"},"wordCount":998,"commentCount":0,"publisher":{"@id":"https:\/\/www.abvp.pt\/#organization"},"image":{"@id":"https:\/\/www.abvp.pt\/viajantes-sabios-entrevista\/#primaryimage"},"thumbnailUrl":"https:\/\/www.abvp.pt\/wp-content\/uploads\/YDXJ0874.jpg","keywords":["bloggers de viagem","entrevista"],"articleSection":["Conte\u00fado"],"inLanguage":"en-GB","potentialAction":[{"@type":"CommentAction","name":"Comment","target":["https:\/\/www.abvp.pt\/viajantes-sabios-entrevista\/#respond"]}]},{"@type":"WebPage","@id":"https:\/\/www.abvp.pt\/viajantes-sabios-entrevista\/","url":"https:\/\/www.abvp.pt\/viajantes-sabios-entrevista\/","name":"Os viajantes s\u00e1bios: Tiago & Sandrina (entrevista) - ABVP","isPartOf":{"@id":"https:\/\/www.abvp.pt\/#website"},"primaryImageOfPage":{"@id":"https:\/\/www.abvp.pt\/viajantes-sabios-entrevista\/#primaryimage"},"image":{"@id":"https:\/\/www.abvp.pt\/viajantes-sabios-entrevista\/#primaryimage"},"thumbnailUrl":"https:\/\/www.abvp.pt\/wp-content\/uploads\/YDXJ0874.jpg","datePublished":"2021-11-02T14:54:49+00:00","dateModified":"2023-05-06T20:29:39+00:00","breadcrumb":{"@id":"https:\/\/www.abvp.pt\/viajantes-sabios-entrevista\/#breadcrumb"},"inLanguage":"en-GB","potentialAction":[{"@type":"ReadAction","target":["https:\/\/www.abvp.pt\/viajantes-sabios-entrevista\/"]}]},{"@type":"ImageObject","inLanguage":"en-GB","@id":"https:\/\/www.abvp.pt\/viajantes-sabios-entrevista\/#primaryimage","url":"https:\/\/www.abvp.pt\/wp-content\/uploads\/YDXJ0874.jpg","contentUrl":"https:\/\/www.abvp.pt\/wp-content\/uploads\/YDXJ0874.jpg","width":1920,"height":1440,"caption":"wise travellers"},{"@type":"BreadcrumbList","@id":"https:\/\/www.abvp.pt\/viajantes-sabios-entrevista\/#breadcrumb","itemListElement":[{"@type":"ListItem","position":1,"name":"In\u00edcio","item":"https:\/\/www.abvp.pt\/"},{"@type":"ListItem","position":2,"name":"Os viajantes s\u00e1bios: Tiago &#038; Sandrina (entrevista)"}]},{"@type":"WebSite","@id":"https:\/\/www.abvp.pt\/#website","url":"https:\/\/www.abvp.pt\/","name":"ABVP","description":"Association of Portuguese Travel Bloggers","publisher":{"@id":"https:\/\/www.abvp.pt\/#organization"},"potentialAction":[{"@type":"SearchAction","target":{"@type":"EntryPoint","urlTemplate":"https:\/\/www.abvp.pt\/?s={search_term_string}"},"query-input":{"@type":"PropertyValueSpecification","valueRequired":true,"valueName":"search_term_string"}}],"inLanguage":"en-GB"},{"@type":"Organization","@id":"https:\/\/www.abvp.pt\/#organization","name":"ABVP","url":"https:\/\/www.abvp.pt\/","logo":{"@type":"ImageObject","inLanguage":"en-GB","@id":"https:\/\/www.abvp.pt\/#\/schema\/logo\/image\/","url":"https:\/\/www.abvp.pt\/wp-content\/uploads\/Logo-Header-dark.svg","contentUrl":"https:\/\/www.abvp.pt\/wp-content\/uploads\/Logo-Header-dark.svg","width":325,"height":48,"caption":"ABVP"},"image":{"@id":"https:\/\/www.abvp.pt\/#\/schema\/logo\/image\/"},"sameAs":["https:\/\/www.facebook.com\/abvppt\/","https:\/\/x.com\/abvppt","https:\/\/www.instagram.com\/abvppt\/"]},{"@type":"Person","@id":"https:\/\/www.abvp.pt\/#\/schema\/person\/3224ab1e82979d8d2daa9b24c41ac06f","name":"Ruthia Portelinha","image":{"@type":"ImageObject","inLanguage":"en-GB","@id":"https:\/\/www.abvp.pt\/#\/schema\/person\/image\/","url":"https:\/\/secure.gravatar.com\/avatar\/fe88f7331e86f7718c223ca840ea6091?s=96&d=mm&r=g","contentUrl":"https:\/\/secure.gravatar.com\/avatar\/fe88f7331e86f7718c223ca840ea6091?s=96&d=mm&r=g","caption":"Ruthia Portelinha"},"description":"Viajante, m\u00e3e babada, choc\u00f3latra, amante de livros e museus. Autora do blog O Ber\u00e7o do Mundo.","sameAs":["https:\/\/www.bercodomundo.com"],"url":"https:\/\/www.abvp.pt\/en\/author\/ruthia\/"}]}},"_links":{"self":[{"href":"https:\/\/www.abvp.pt\/en\/wp-json\/wp\/v2\/posts\/2063","targetHints":{"allow":["GET"]}}],"collection":[{"href":"https:\/\/www.abvp.pt\/en\/wp-json\/wp\/v2\/posts"}],"about":[{"href":"https:\/\/www.abvp.pt\/en\/wp-json\/wp\/v2\/types\/post"}],"author":[{"embeddable":true,"href":"https:\/\/www.abvp.pt\/en\/wp-json\/wp\/v2\/users\/5"}],"replies":[{"embeddable":true,"href":"https:\/\/www.abvp.pt\/en\/wp-json\/wp\/v2\/comments?post=2063"}],"version-history":[{"count":0,"href":"https:\/\/www.abvp.pt\/en\/wp-json\/wp\/v2\/posts\/2063\/revisions"}],"wp:featuredmedia":[{"embeddable":true,"href":"https:\/\/www.abvp.pt\/en\/wp-json\/wp\/v2\/media\/2065"}],"wp:attachment":[{"href":"https:\/\/www.abvp.pt\/en\/wp-json\/wp\/v2\/media?parent=2063"}],"wp:term":[{"taxonomy":"category","embeddable":true,"href":"https:\/\/www.abvp.pt\/en\/wp-json\/wp\/v2\/categories?post=2063"},{"taxonomy":"post_tag","embeddable":true,"href":"https:\/\/www.abvp.pt\/en\/wp-json\/wp\/v2\/tags?post=2063"}],"curies":[{"name":"wp","href":"https:\/\/api.w.org\/{rel}","templated":true}]}}