{"id":2091,"date":"2022-03-04T08:13:28","date_gmt":"2022-03-04T08:13:28","guid":{"rendered":"https:\/\/www.abvp.pt\/?p=2091"},"modified":"2023-05-06T21:31:31","modified_gmt":"2023-05-06T20:31:31","slug":"quarteto-explorador","status":"publish","type":"post","link":"https:\/\/www.abvp.pt\/en\/quarteto-explorador\/","title":{"rendered":"Quarteto Explorador: o mundo em fam\u00edlia (entrevista)"},"content":{"rendered":"<p>Nome: Carla, Leonel, Sofia e Francisca<\/p>\n\n\n\n<p>Profiss\u00e3o: Professores e estudantes<\/p>\n\n\n\n<p>Data de nascimento: 1975, 1978, 2006 e 2010<\/p>\n\n\n\n<p>Local de nascimento: Cinf\u00e3es, Penalva do Castelo e Viseu<\/p>\n\n\n\n<p>Local de resid\u00eancia: Viseu<\/p>\n\n\n\n<p>Pr\u00f3ximas viagens: Portugal, Luxemburgo e sudoeste asi\u00e1tico<\/p>\n\n\n\n<p>Blog: <a href=\"https:\/\/www.continuandoaprocura.com\/\" target=\"_blank\" rel=\"noreferrer noopener\">Continuando \u00e0 procura<\/a><\/p>\n\n\n\n<p><strong>1. O que significam as viagens para voc\u00eas?<\/strong><\/p>\n\n\n\n<p>Carla \u2013 As viagens s\u00e3o aqueles momentos que me fazem sentir viva, livre e tranquila. N\u00e3o conhecemos muitos pa\u00edses, mas conhecemos alguns muito bem, nomeadamente Portugal. Fazemos muitas escapadinhas, procuramos conhecer sempre lugares diferentes, por vezes, conjugamos os lugares com as aprendizagens escolares das mi\u00fadas. Adoramos praia, montanha, campismo, trilhos, <em>road trips<\/em>, o p\u00f4r do sol\u2026. <\/p>\n\n\n\n<p>Somos descomplicados, adaptamo-nos a qualquer circunst\u00e2ncia, pois o que queremos \u00e9 conjugar o verbo IR. Somos uns inquietos, estamos sempre \u00e0 procura de novas experi\u00eancias. <strong>Valorizamos imenso o nosso planeta<\/strong> e, como tal, viajamos sempre de forma sustent\u00e1vel e com menor impacto poss\u00edvel para o mesmo.<\/p>\n\n\n\n<p>Leonel \u2013 As viagens significam fugir da rotina, conhecer novas culturas, partilhar experi\u00eancias com a fam\u00edlia e, simplesmente, viver.<\/p>\n\n\n\n<p>Sofia \u2013 As viagens, para mim, s\u00e3o uma fonte de aprendizagem, uma oportunidade de abrir horizontes e conhecer novas culturas e um momento de introspe\u00e7\u00e3o sobre o mundo em que vivemos.<\/p>\n\n\n\n<p>Francisca \u2013 As viagens s\u00e3o para nos encontrarmos, adquirirmos cultura e conhecimentos.<\/p>\n\n\n\n<figure class=\"wp-block-image size-full\"><img fetchpriority=\"high\" decoding=\"async\" width=\"1200\" height=\"800\" src=\"https:\/\/www.abvp.pt\/wp-content\/uploads\/chaodorio_sofia.jpg\" alt=\"\" class=\"wp-image-2093\" srcset=\"https:\/\/www.abvp.pt\/wp-content\/uploads\/chaodorio_sofia.jpg 1200w, https:\/\/www.abvp.pt\/wp-content\/uploads\/chaodorio_sofia-600x400.jpg 600w, https:\/\/www.abvp.pt\/wp-content\/uploads\/chaodorio_sofia-800x533.jpg 800w, https:\/\/www.abvp.pt\/wp-content\/uploads\/chaodorio_sofia-150x100.jpg 150w, https:\/\/www.abvp.pt\/wp-content\/uploads\/chaodorio_sofia-768x512.jpg 768w\" sizes=\"(max-width: 1200px) 100vw, 1200px\" \/><figcaption>\u00a9 Continuando \u00e0 Procura &#8211; aldeia no sop\u00e9 da Serra da Estrela<\/figcaption><\/figure>\n\n\n\n<p><strong>2. Entre os destinos que j\u00e1 visitaram, h\u00e1 algum que vos tenha marcado de forma especial? Contem-nos.<\/strong><\/p>\n\n\n\n<p>Carla \u2013 S\u00e3o Tom\u00e9 e Pr\u00edncipe, sobretudo a ilha do Pr\u00edncipe, pela dupla insularidade, porque se apresenta como um destino genu\u00edno, povoado de pessoas aut\u00eanticas e muito hospitaleiras. Depois h\u00e1 todo aquele verde e azul que nos enche as vistas, a comida que nos regala o paladar, e todo um modo de vida que nos consciencializa para o que de facto \u00e9 importante na vida. \u00c9 daqueles s\u00edtios que nos fazem sentir de alma cheia!<\/p>\n\n\n\n<p>Leonel \u2013 O Pr\u00edncipe (S\u00e3o Tom\u00e9) pela simpatia e autenticidade das pessoas e pela simplicidade da vida. <em><strong>Com pouca coisa s\u00e3o muito felizes<\/strong><\/em>.<\/p>\n\n\n\n<p>Sofia \u2013 As viagens que mais me marcaram foram \u00e0 Su\u00ed\u00e7a e It\u00e1lia. Su\u00ed\u00e7a pelas paisagens incr\u00edveis e por todos os vilarejos de montanha. It\u00e1lia, sobretudo Floren\u00e7a, por toda a sua hist\u00f3ria e arte maravilhosa.<\/p>\n\n\n\n<p>Francisca &#8211; Su\u00ed\u00e7a e It\u00e1lia. Na Su\u00ed\u00e7a amei as paisagens com neve e os chocolates (ahhh). Em It\u00e1lia amei a comida e as paisagens, desta vez, verdejantes e naturais.<\/p>\n\n\n\n<p><strong>3. O que mais vos influencia na hora de escolher um destino de viagem?<\/strong><\/p>\n\n\n\n<p>Carla \u2013 A diversidade paisag\u00edstica, cultural, patrimonial e gastron\u00f3mica. Os pre\u00e7os tamb\u00e9m condicionam na hora da escolha: somos quatro e isso implica um maior esfor\u00e7o financeiro!<\/p>\n\n\n\n<p>Leonel \u2013 Os gostos pessoais e tamb\u00e9m os pre\u00e7os.<\/p>\n\n\n\n<p>Sofia \u2013 Penso que escolhemos consoante a cultura do lugar, as suas paisagens e hist\u00f3ria.<\/p>\n\n\n\n<p>Francisca \u2013 As paisagens e a comida!<\/p>\n\n\n\n<figure class=\"wp-block-image size-full\"><img decoding=\"async\" width=\"1200\" height=\"800\" src=\"https:\/\/www.abvp.pt\/wp-content\/uploads\/Lago-di-Braies.jpeg\" alt=\"\" class=\"wp-image-2094\" srcset=\"https:\/\/www.abvp.pt\/wp-content\/uploads\/Lago-di-Braies.jpeg 1200w, https:\/\/www.abvp.pt\/wp-content\/uploads\/Lago-di-Braies-600x400.jpeg 600w, https:\/\/www.abvp.pt\/wp-content\/uploads\/Lago-di-Braies-800x533.jpeg 800w, https:\/\/www.abvp.pt\/wp-content\/uploads\/Lago-di-Braies-150x100.jpeg 150w, https:\/\/www.abvp.pt\/wp-content\/uploads\/Lago-di-Braies-768x512.jpeg 768w\" sizes=\"(max-width: 1200px) 100vw, 1200px\" \/><figcaption>\u00a9 Continuando \u00e0 Procura &#8211; Lago di Braies (It\u00e1lia)<\/figcaption><\/figure>\n\n\n\n<p><strong>4. J\u00e1 viveram fora de Portugal mais que seis meses? <\/strong><\/p>\n\n\n\n<p>N\u00e3o<\/p>\n\n\n\n<p><strong>5. Expliquem o que \u00e9 o vosso blog de viagens e a raz\u00e3o da sua exist\u00eancia.<\/strong><\/p>\n\n\n\n<p>Demos in\u00edcio ao blog, que muito preenche as nossas vidas, h\u00e1 cerca de seis anos, e todos contribu\u00edmos ativamente para o seu desenvolvimento. Trata-se de um blog de viagens em fam\u00edlia, pois \u00e9 nesse registo que viajamos. Nasceu, portanto, da conjuga\u00e7\u00e3o de duas coisas que adoramos fazer: viajar e escrever. <\/p>\n\n\n\n<p>Nele partilhamos os destinos, hot\u00e9is e restaurantes que experimentamos, inspirando outros visitantes a fazerem o mesmo, pois consideramos que a vida \u00e9 uma soma de experi\u00eancias, de procura de novos locais, numa perspetiva de conhecimento e valoriza\u00e7\u00e3o do mundo.<\/p>\n\n\n\n<p>Leonel \u2013 \u00c9 um blog de viagens em fam\u00edlia e surgiu para partilhar, incentivar e <strong>descomplicar as viagens<\/strong> aos nossos amigos e familiares.<\/p>\n\n\n\n<p>Sofia &#8211; \u00c9 um s\u00edtio onde damos a conhecer o nosso gosto pelas viagens, pela fotografia e escrita. Surgiu devido ao nosso desejo de partilhar o mundo e porque os nossos amigos e fam\u00edlia muitas vezes nos pediam ajuda e conselhos para as suas viagens.<\/p>\n\n\n\n<p>Francisca &#8211; N\u00f3s amamos viajar e dar dicas, ent\u00e3o cri\u00e1mos o blog para as partilhar e demonstrar o nosso amor pelo mundo.<\/p>\n\n\n\n<p><strong>6. Como surgiu o nome do blog?<\/strong><\/p>\n\n\n\n<p>O nome do blog surgiu por mero acaso. Na \u00e9poca, t\u00ednhamos uma lista com poss\u00edveis nomes, mas quando pergunt\u00e1mos a opini\u00e3o ao meu irm\u00e3o, ele n\u00e3o gostou de nenhum. Ap\u00f3s o que afirmei: \u201cPronto, continuando \u00e0 procura\u201d. <\/p>\n\n\n\n<p>Mal proferi a frase, olh\u00e1mos um para o outro, com um brilho nos olhos, e percebemos: estava encontrado o nome. Representa aquilo que ativamente fazemos, que \u00e9 continuar \u00e0 procura de mais culturas, locais e paisagens de tirar o f\u00f4lego.<\/p>\n\n\n\n<figure class=\"wp-block-image size-full\"><img decoding=\"async\" width=\"1200\" height=\"800\" src=\"https:\/\/www.abvp.pt\/wp-content\/uploads\/Italia_sofia.jpeg\" alt=\"\" class=\"wp-image-2095\" srcset=\"https:\/\/www.abvp.pt\/wp-content\/uploads\/Italia_sofia.jpeg 1200w, https:\/\/www.abvp.pt\/wp-content\/uploads\/Italia_sofia-600x400.jpeg 600w, https:\/\/www.abvp.pt\/wp-content\/uploads\/Italia_sofia-800x533.jpeg 800w, https:\/\/www.abvp.pt\/wp-content\/uploads\/Italia_sofia-150x100.jpeg 150w, https:\/\/www.abvp.pt\/wp-content\/uploads\/Italia_sofia-768x512.jpeg 768w\" sizes=\"(max-width: 1200px) 100vw, 1200px\" \/><figcaption>\u00a9 Continuando \u00e0 Procura &#8211; Cinque Terre (It\u00e1lia)<\/figcaption><\/figure>\n\n\n\n<p><strong>7. Destaquem um dos posts de que mais gostam no blog e expliquem porqu\u00ea.<\/strong><\/p>\n\n\n\n<p>Carla &#8211; Destaco n\u00e3o um, mas v\u00e1rios posts, escritos pelas <a href=\"https:\/\/www.continuandoaprocura.com\/category\/pequenas-perspectivas\/\" target=\"_blank\" rel=\"noreferrer noopener\">mais pequenas<\/a>, criados com aquele entusiamo e perspetiva que s\u00f3 os mais novos t\u00eam. A sua vis\u00e3o das viagens, a forma como as relatam e ilustram enchem-nos de alegria e orgulho. Quando lemos um post escrito pela Sofia e pela Francisca ficamos com a sensa\u00e7\u00e3o de objetivo cumprido. \u00c9 para isso que estamos neste mundo, para o conhecer, compreender e valorizar e, acima de tudo, <strong>educar duas crian\u00e7as, agora adolescentes, com base nestes valores<\/strong>.<\/p>\n\n\n\n<p>Leonel \u2013 A primeira <em>road trip<\/em> pelo <a href=\"https:\/\/www.continuandoaprocura.com\/road-trip-vila-real-santo-antonio-benidorm\/\" target=\"_blank\" rel=\"noreferrer noopener\">sul de Espanha<\/a>, porque foi uma semana sem hor\u00e1rios e sem destino, \u00e0 descoberta.<\/p>\n\n\n\n<p>Sofia \u2013 Gosto especialmente de ilustrar os s\u00edtios que visit\u00e1mos. \u00c9 um momento para recordar a viagem e descontrair, enquanto desenho e pinto.<\/p>\n\n\n\n<p>Francisca \u2013 Gostei, sobretudo, de escrever e ilustrar a viagem que fizemos a <a href=\"https:\/\/www.continuandoaprocura.com\/a-nossa-aventura-por-italia-kids\/\" target=\"_blank\" rel=\"noreferrer noopener\">It\u00e1lia<\/a>.<\/p>\n\n\n\n<p><strong>8. Alguma dica para quem pretende come\u00e7ar agora um blog de viagens?<\/strong><\/p>\n\n\n\n<p>Carla \u2013 Trabalho, muito trabalho, dedica\u00e7\u00e3o e persist\u00eancia, mas sobretudo, paix\u00e3o.<\/p>\n\n\n\n<p>Leonel \u2013 T\u00eam a certeza? D\u00e1 muito trabalho\u2026 <\/p>\n\n\n\n<p>Sofia &#8211; Considero que um blog \u00e9 algo que tem de ser criado com amor e dedica\u00e7\u00e3o, porque \u00e0s vezes pode ser cansativo, tendo em conta toda a log\u00edstica do antes, durante e ap\u00f3s a viagem, mas, desde que se fa\u00e7a por prazer, a ess\u00eancia est\u00e1 l\u00e1.<\/p>\n\n\n\n<p>Francisca \u2013 Trabalho e dedica\u00e7\u00e3o.<\/p>\n\n\n\n<p><strong>9. Que papel desempenham os blogs junto de outras pessoas que gostam de viajar?<\/strong><\/p>\n\n\n\n<p>Os blogs servem de inspira\u00e7\u00e3o para outros, para despertar a curiosidade pelo mundo, e constituem uma base de conhecimento para as pessoas que pretendem viajar ou, simplesmente, viajar sem sair do lugar.<\/p>\n\n\n\n<figure class=\"wp-block-image size-full\"><img loading=\"lazy\" decoding=\"async\" width=\"1200\" height=\"800\" src=\"https:\/\/www.abvp.pt\/wp-content\/uploads\/274651176_1148693775957366_4173740586408021855_n-1.jpg\" alt=\"\" class=\"wp-image-2096\" srcset=\"https:\/\/www.abvp.pt\/wp-content\/uploads\/274651176_1148693775957366_4173740586408021855_n-1.jpg 1200w, https:\/\/www.abvp.pt\/wp-content\/uploads\/274651176_1148693775957366_4173740586408021855_n-1-600x400.jpg 600w, https:\/\/www.abvp.pt\/wp-content\/uploads\/274651176_1148693775957366_4173740586408021855_n-1-800x533.jpg 800w, https:\/\/www.abvp.pt\/wp-content\/uploads\/274651176_1148693775957366_4173740586408021855_n-1-150x100.jpg 150w, https:\/\/www.abvp.pt\/wp-content\/uploads\/274651176_1148693775957366_4173740586408021855_n-1-768x512.jpg 768w\" sizes=\"(max-width: 1200px) 100vw, 1200px\" \/><figcaption>\u00a9 Continuando \u00e0 Procura<\/figcaption><\/figure>\n\n\n\n<p><strong>10. Qual \u00e9 o vosso maior sonho por cumprir?<\/strong><\/p>\n\n\n\n<p>Carla &#8211; O meu maior sonho \u00e9 orientar as mais pequenas at\u00e9 serem financeiramente independentes e, a partir da\u00ed, viajar de forma despreocupada com o meu companheiro pelo mundo, trabalhando apenas na cria\u00e7\u00e3o de conte\u00fados digitais.<\/p>\n\n\n\n<p>Leonel \u2013 Dar a volta ao mundo.<\/p>\n\n\n\n<p>Sofia \u2013 Neste momento, o meu sonho seria ir ao Jap\u00e3o, devido \u00e0 sua cultura t\u00e3o distinta, mas inspiradora, pelas suas paisagens, pelos templos e hist\u00f3ria que guardam.<\/p>\n\n\n\n<p>Francisca \u2013 O meu maior sonho \u00e9 conhecer o M\u00e9xico e, se poss\u00edvel, um grupo pop global chamado <em>Now United<\/em>.<\/p>","protected":false},"excerpt":{"rendered":"<p>Nome: Carla, Leonel, Sofia e Francisca Profiss\u00e3o: Professores e estudantes Data de nascimento: 1975, 1978, 2006 e 2010 Local de nascimento: Cinf\u00e3es, Penalva do Castelo e Viseu Local de resid\u00eancia: [&hellip;]<\/p>\n","protected":false},"author":5,"featured_media":2092,"comment_status":"open","ping_status":"closed","sticky":false,"template":"","format":"standard","meta":{"_price":"","_stock":"","_tribe_ticket_header":"","_tribe_default_ticket_provider":"","_tribe_ticket_capacity":"0","_ticket_start_date":"","_ticket_end_date":"","_tribe_ticket_show_description":"","_tribe_ticket_show_not_going":false,"_tribe_ticket_use_global_stock":"","_tribe_ticket_global_stock_level":"","_global_stock_mode":"","_global_stock_cap":"","_tribe_rsvp_for_event":"","_tribe_ticket_going_count":"","_tribe_ticket_not_going_count":"","_tribe_tickets_list":"[]","_tribe_ticket_has_attendee_info_fields":false,"_EventAllDay":false,"_EventTimezone":"","_EventStartDate":"","_EventEndDate":"","_EventStartDateUTC":"","_EventEndDateUTC":"","_EventShowMap":false,"_EventShowMapLink":false,"_EventURL":"","_EventCost":"","_EventCostDescription":"","_EventCurrencySymbol":"","_EventCurrencyCode":"","_EventCurrencyPosition":"","_EventDateTimeSeparator":"","_EventTimeRangeSeparator":"","_EventOrganizerID":[],"_EventVenueID":[],"_OrganizerEmail":"","_OrganizerPhone":"","_OrganizerWebsite":"","_VenueAddress":"","_VenueCity":"","_VenueCountry":"","_VenueProvince":"","_VenueState":"","_VenueZip":"","_VenuePhone":"","_VenueURL":"","_VenueStateProvince":"","_VenueLat":"","_VenueLng":"","_VenueShowMap":false,"_VenueShowMapLink":false,"footnotes":""},"categories":[1],"tags":[49,37],"class_list":["post-2091","post","type-post","status-publish","format-standard","has-post-thumbnail","hentry","category-conteudo","tag-bloggers-de-viagem","tag-entrevista"],"blocksy_meta":[],"yoast_head":"<!-- This site is optimized with the Yoast SEO plugin v26.4 - https:\/\/yoast.com\/wordpress\/plugins\/seo\/ -->\n<title>Quarteto Explorador: o mundo em fam\u00edlia (entrevista) - ABVP<\/title>\n<meta name=\"robots\" content=\"index, follow, max-snippet:-1, max-image-preview:large, max-video-preview:-1\" \/>\n<link rel=\"canonical\" href=\"https:\/\/www.abvp.pt\/en\/quarteto-explorador\/\" \/>\n<meta property=\"og:locale\" content=\"en_GB\" \/>\n<meta property=\"og:type\" content=\"article\" \/>\n<meta property=\"og:title\" content=\"Quarteto Explorador: o mundo em fam\u00edlia (entrevista) - ABVP\" \/>\n<meta property=\"og:description\" content=\"Nome: Carla, Leonel, Sofia e Francisca Profiss\u00e3o: Professores e estudantes Data de nascimento: 1975, 1978, 2006 e 2010 Local de nascimento: Cinf\u00e3es, Penalva do Castelo e Viseu Local de resid\u00eancia: [&hellip;]\" \/>\n<meta property=\"og:url\" content=\"https:\/\/www.abvp.pt\/en\/quarteto-explorador\/\" \/>\n<meta property=\"og:site_name\" content=\"ABVP\" \/>\n<meta property=\"article:publisher\" content=\"https:\/\/www.facebook.com\/abvppt\/\" \/>\n<meta property=\"article:published_time\" content=\"2022-03-04T08:13:28+00:00\" \/>\n<meta property=\"article:modified_time\" content=\"2023-05-06T20:31:31+00:00\" \/>\n<meta property=\"og:image\" content=\"https:\/\/www.abvp.pt\/wp-content\/uploads\/dolomitas-2.jpeg\" \/>\n\t<meta property=\"og:image:width\" content=\"1200\" \/>\n\t<meta property=\"og:image:height\" content=\"856\" \/>\n\t<meta property=\"og:image:type\" content=\"image\/jpeg\" \/>\n<meta name=\"author\" content=\"Ruthia Portelinha\" \/>\n<meta name=\"twitter:card\" content=\"summary_large_image\" \/>\n<meta name=\"twitter:creator\" content=\"@abvppt\" \/>\n<meta name=\"twitter:site\" content=\"@abvppt\" \/>\n<meta name=\"twitter:label1\" content=\"Written by\" \/>\n\t<meta name=\"twitter:data1\" content=\"Ruthia Portelinha\" \/>\n\t<meta name=\"twitter:label2\" content=\"Estimated reading time\" \/>\n\t<meta name=\"twitter:data2\" content=\"8 minutes\" \/>\n<script type=\"application\/ld+json\" class=\"yoast-schema-graph\">{\"@context\":\"https:\/\/schema.org\",\"@graph\":[{\"@type\":\"Article\",\"@id\":\"https:\/\/www.abvp.pt\/quarteto-explorador\/#article\",\"isPartOf\":{\"@id\":\"https:\/\/www.abvp.pt\/quarteto-explorador\/\"},\"author\":{\"name\":\"Ruthia Portelinha\",\"@id\":\"https:\/\/www.abvp.pt\/#\/schema\/person\/3224ab1e82979d8d2daa9b24c41ac06f\"},\"headline\":\"Quarteto Explorador: o mundo em fam\u00edlia (entrevista)\",\"datePublished\":\"2022-03-04T08:13:28+00:00\",\"dateModified\":\"2023-05-06T20:31:31+00:00\",\"mainEntityOfPage\":{\"@id\":\"https:\/\/www.abvp.pt\/quarteto-explorador\/\"},\"wordCount\":1219,\"commentCount\":0,\"publisher\":{\"@id\":\"https:\/\/www.abvp.pt\/#organization\"},\"image\":{\"@id\":\"https:\/\/www.abvp.pt\/quarteto-explorador\/#primaryimage\"},\"thumbnailUrl\":\"https:\/\/www.abvp.pt\/wp-content\/uploads\/dolomitas-2.jpeg\",\"keywords\":[\"bloggers de viagem\",\"entrevista\"],\"articleSection\":[\"Conte\u00fado\"],\"inLanguage\":\"en-GB\",\"potentialAction\":[{\"@type\":\"CommentAction\",\"name\":\"Comment\",\"target\":[\"https:\/\/www.abvp.pt\/quarteto-explorador\/#respond\"]}]},{\"@type\":\"WebPage\",\"@id\":\"https:\/\/www.abvp.pt\/quarteto-explorador\/\",\"url\":\"https:\/\/www.abvp.pt\/quarteto-explorador\/\",\"name\":\"Quarteto Explorador: o mundo em fam\u00edlia (entrevista) - ABVP\",\"isPartOf\":{\"@id\":\"https:\/\/www.abvp.pt\/#website\"},\"primaryImageOfPage\":{\"@id\":\"https:\/\/www.abvp.pt\/quarteto-explorador\/#primaryimage\"},\"image\":{\"@id\":\"https:\/\/www.abvp.pt\/quarteto-explorador\/#primaryimage\"},\"thumbnailUrl\":\"https:\/\/www.abvp.pt\/wp-content\/uploads\/dolomitas-2.jpeg\",\"datePublished\":\"2022-03-04T08:13:28+00:00\",\"dateModified\":\"2023-05-06T20:31:31+00:00\",\"breadcrumb\":{\"@id\":\"https:\/\/www.abvp.pt\/quarteto-explorador\/#breadcrumb\"},\"inLanguage\":\"en-GB\",\"potentialAction\":[{\"@type\":\"ReadAction\",\"target\":[\"https:\/\/www.abvp.pt\/quarteto-explorador\/\"]}]},{\"@type\":\"ImageObject\",\"inLanguage\":\"en-GB\",\"@id\":\"https:\/\/www.abvp.pt\/quarteto-explorador\/#primaryimage\",\"url\":\"https:\/\/www.abvp.pt\/wp-content\/uploads\/dolomitas-2.jpeg\",\"contentUrl\":\"https:\/\/www.abvp.pt\/wp-content\/uploads\/dolomitas-2.jpeg\",\"width\":1200,\"height\":856},{\"@type\":\"BreadcrumbList\",\"@id\":\"https:\/\/www.abvp.pt\/quarteto-explorador\/#breadcrumb\",\"itemListElement\":[{\"@type\":\"ListItem\",\"position\":1,\"name\":\"In\u00edcio\",\"item\":\"https:\/\/www.abvp.pt\/\"},{\"@type\":\"ListItem\",\"position\":2,\"name\":\"Quarteto Explorador: o mundo em fam\u00edlia (entrevista)\"}]},{\"@type\":\"WebSite\",\"@id\":\"https:\/\/www.abvp.pt\/#website\",\"url\":\"https:\/\/www.abvp.pt\/\",\"name\":\"ABVP\",\"description\":\"Associa\u00e7\u00e3o de Bloggers de Viagem Portugueses\",\"publisher\":{\"@id\":\"https:\/\/www.abvp.pt\/#organization\"},\"potentialAction\":[{\"@type\":\"SearchAction\",\"target\":{\"@type\":\"EntryPoint\",\"urlTemplate\":\"https:\/\/www.abvp.pt\/?s={search_term_string}\"},\"query-input\":{\"@type\":\"PropertyValueSpecification\",\"valueRequired\":true,\"valueName\":\"search_term_string\"}}],\"inLanguage\":\"en-GB\"},{\"@type\":\"Organization\",\"@id\":\"https:\/\/www.abvp.pt\/#organization\",\"name\":\"ABVP\",\"url\":\"https:\/\/www.abvp.pt\/\",\"logo\":{\"@type\":\"ImageObject\",\"inLanguage\":\"en-GB\",\"@id\":\"https:\/\/www.abvp.pt\/#\/schema\/logo\/image\/\",\"url\":\"https:\/\/www.abvp.pt\/wp-content\/uploads\/Logo-Header-dark.svg\",\"contentUrl\":\"https:\/\/www.abvp.pt\/wp-content\/uploads\/Logo-Header-dark.svg\",\"width\":325,\"height\":48,\"caption\":\"ABVP\"},\"image\":{\"@id\":\"https:\/\/www.abvp.pt\/#\/schema\/logo\/image\/\"},\"sameAs\":[\"https:\/\/www.facebook.com\/abvppt\/\",\"https:\/\/x.com\/abvppt\",\"https:\/\/www.instagram.com\/abvppt\/\"]},{\"@type\":\"Person\",\"@id\":\"https:\/\/www.abvp.pt\/#\/schema\/person\/3224ab1e82979d8d2daa9b24c41ac06f\",\"name\":\"Ruthia Portelinha\",\"image\":{\"@type\":\"ImageObject\",\"inLanguage\":\"en-GB\",\"@id\":\"https:\/\/www.abvp.pt\/#\/schema\/person\/image\/\",\"url\":\"https:\/\/secure.gravatar.com\/avatar\/fe88f7331e86f7718c223ca840ea6091?s=96&d=mm&r=g\",\"contentUrl\":\"https:\/\/secure.gravatar.com\/avatar\/fe88f7331e86f7718c223ca840ea6091?s=96&d=mm&r=g\",\"caption\":\"Ruthia Portelinha\"},\"description\":\"Viajante, m\u00e3e babada, choc\u00f3latra, amante de livros e museus. Autora do blog O Ber\u00e7o do Mundo.\",\"sameAs\":[\"https:\/\/www.bercodomundo.com\"],\"url\":\"https:\/\/www.abvp.pt\/en\/author\/ruthia\/\"}]}<\/script>\n<!-- \/ Yoast SEO plugin. -->","yoast_head_json":{"title":"Quarteto Explorador: o mundo em fam\u00edlia (entrevista) - ABVP","robots":{"index":"index","follow":"follow","max-snippet":"max-snippet:-1","max-image-preview":"max-image-preview:large","max-video-preview":"max-video-preview:-1"},"canonical":"https:\/\/www.abvp.pt\/en\/quarteto-explorador\/","og_locale":"en_GB","og_type":"article","og_title":"Quarteto Explorador: o mundo em fam\u00edlia (entrevista) - ABVP","og_description":"Nome: Carla, Leonel, Sofia e Francisca Profiss\u00e3o: Professores e estudantes Data de nascimento: 1975, 1978, 2006 e 2010 Local de nascimento: Cinf\u00e3es, Penalva do Castelo e Viseu Local de resid\u00eancia: [&hellip;]","og_url":"https:\/\/www.abvp.pt\/en\/quarteto-explorador\/","og_site_name":"ABVP","article_publisher":"https:\/\/www.facebook.com\/abvppt\/","article_published_time":"2022-03-04T08:13:28+00:00","article_modified_time":"2023-05-06T20:31:31+00:00","og_image":[{"width":1200,"height":856,"url":"https:\/\/www.abvp.pt\/wp-content\/uploads\/dolomitas-2.jpeg","type":"image\/jpeg"}],"author":"Ruthia Portelinha","twitter_card":"summary_large_image","twitter_creator":"@abvppt","twitter_site":"@abvppt","twitter_misc":{"Written by":"Ruthia Portelinha","Estimated reading time":"8 minutes"},"schema":{"@context":"https:\/\/schema.org","@graph":[{"@type":"Article","@id":"https:\/\/www.abvp.pt\/quarteto-explorador\/#article","isPartOf":{"@id":"https:\/\/www.abvp.pt\/quarteto-explorador\/"},"author":{"name":"Ruthia Portelinha","@id":"https:\/\/www.abvp.pt\/#\/schema\/person\/3224ab1e82979d8d2daa9b24c41ac06f"},"headline":"Quarteto Explorador: o mundo em fam\u00edlia (entrevista)","datePublished":"2022-03-04T08:13:28+00:00","dateModified":"2023-05-06T20:31:31+00:00","mainEntityOfPage":{"@id":"https:\/\/www.abvp.pt\/quarteto-explorador\/"},"wordCount":1219,"commentCount":0,"publisher":{"@id":"https:\/\/www.abvp.pt\/#organization"},"image":{"@id":"https:\/\/www.abvp.pt\/quarteto-explorador\/#primaryimage"},"thumbnailUrl":"https:\/\/www.abvp.pt\/wp-content\/uploads\/dolomitas-2.jpeg","keywords":["bloggers de viagem","entrevista"],"articleSection":["Conte\u00fado"],"inLanguage":"en-GB","potentialAction":[{"@type":"CommentAction","name":"Comment","target":["https:\/\/www.abvp.pt\/quarteto-explorador\/#respond"]}]},{"@type":"WebPage","@id":"https:\/\/www.abvp.pt\/quarteto-explorador\/","url":"https:\/\/www.abvp.pt\/quarteto-explorador\/","name":"Quarteto Explorador: o mundo em fam\u00edlia (entrevista) - ABVP","isPartOf":{"@id":"https:\/\/www.abvp.pt\/#website"},"primaryImageOfPage":{"@id":"https:\/\/www.abvp.pt\/quarteto-explorador\/#primaryimage"},"image":{"@id":"https:\/\/www.abvp.pt\/quarteto-explorador\/#primaryimage"},"thumbnailUrl":"https:\/\/www.abvp.pt\/wp-content\/uploads\/dolomitas-2.jpeg","datePublished":"2022-03-04T08:13:28+00:00","dateModified":"2023-05-06T20:31:31+00:00","breadcrumb":{"@id":"https:\/\/www.abvp.pt\/quarteto-explorador\/#breadcrumb"},"inLanguage":"en-GB","potentialAction":[{"@type":"ReadAction","target":["https:\/\/www.abvp.pt\/quarteto-explorador\/"]}]},{"@type":"ImageObject","inLanguage":"en-GB","@id":"https:\/\/www.abvp.pt\/quarteto-explorador\/#primaryimage","url":"https:\/\/www.abvp.pt\/wp-content\/uploads\/dolomitas-2.jpeg","contentUrl":"https:\/\/www.abvp.pt\/wp-content\/uploads\/dolomitas-2.jpeg","width":1200,"height":856},{"@type":"BreadcrumbList","@id":"https:\/\/www.abvp.pt\/quarteto-explorador\/#breadcrumb","itemListElement":[{"@type":"ListItem","position":1,"name":"In\u00edcio","item":"https:\/\/www.abvp.pt\/"},{"@type":"ListItem","position":2,"name":"Quarteto Explorador: o mundo em fam\u00edlia (entrevista)"}]},{"@type":"WebSite","@id":"https:\/\/www.abvp.pt\/#website","url":"https:\/\/www.abvp.pt\/","name":"ABVP","description":"Association of Portuguese Travel Bloggers","publisher":{"@id":"https:\/\/www.abvp.pt\/#organization"},"potentialAction":[{"@type":"SearchAction","target":{"@type":"EntryPoint","urlTemplate":"https:\/\/www.abvp.pt\/?s={search_term_string}"},"query-input":{"@type":"PropertyValueSpecification","valueRequired":true,"valueName":"search_term_string"}}],"inLanguage":"en-GB"},{"@type":"Organization","@id":"https:\/\/www.abvp.pt\/#organization","name":"ABVP","url":"https:\/\/www.abvp.pt\/","logo":{"@type":"ImageObject","inLanguage":"en-GB","@id":"https:\/\/www.abvp.pt\/#\/schema\/logo\/image\/","url":"https:\/\/www.abvp.pt\/wp-content\/uploads\/Logo-Header-dark.svg","contentUrl":"https:\/\/www.abvp.pt\/wp-content\/uploads\/Logo-Header-dark.svg","width":325,"height":48,"caption":"ABVP"},"image":{"@id":"https:\/\/www.abvp.pt\/#\/schema\/logo\/image\/"},"sameAs":["https:\/\/www.facebook.com\/abvppt\/","https:\/\/x.com\/abvppt","https:\/\/www.instagram.com\/abvppt\/"]},{"@type":"Person","@id":"https:\/\/www.abvp.pt\/#\/schema\/person\/3224ab1e82979d8d2daa9b24c41ac06f","name":"Ruthia Portelinha","image":{"@type":"ImageObject","inLanguage":"en-GB","@id":"https:\/\/www.abvp.pt\/#\/schema\/person\/image\/","url":"https:\/\/secure.gravatar.com\/avatar\/fe88f7331e86f7718c223ca840ea6091?s=96&d=mm&r=g","contentUrl":"https:\/\/secure.gravatar.com\/avatar\/fe88f7331e86f7718c223ca840ea6091?s=96&d=mm&r=g","caption":"Ruthia Portelinha"},"description":"Viajante, m\u00e3e babada, choc\u00f3latra, amante de livros e museus. Autora do blog O Ber\u00e7o do Mundo.","sameAs":["https:\/\/www.bercodomundo.com"],"url":"https:\/\/www.abvp.pt\/en\/author\/ruthia\/"}]}},"_links":{"self":[{"href":"https:\/\/www.abvp.pt\/en\/wp-json\/wp\/v2\/posts\/2091","targetHints":{"allow":["GET"]}}],"collection":[{"href":"https:\/\/www.abvp.pt\/en\/wp-json\/wp\/v2\/posts"}],"about":[{"href":"https:\/\/www.abvp.pt\/en\/wp-json\/wp\/v2\/types\/post"}],"author":[{"embeddable":true,"href":"https:\/\/www.abvp.pt\/en\/wp-json\/wp\/v2\/users\/5"}],"replies":[{"embeddable":true,"href":"https:\/\/www.abvp.pt\/en\/wp-json\/wp\/v2\/comments?post=2091"}],"version-history":[{"count":0,"href":"https:\/\/www.abvp.pt\/en\/wp-json\/wp\/v2\/posts\/2091\/revisions"}],"wp:featuredmedia":[{"embeddable":true,"href":"https:\/\/www.abvp.pt\/en\/wp-json\/wp\/v2\/media\/2092"}],"wp:attachment":[{"href":"https:\/\/www.abvp.pt\/en\/wp-json\/wp\/v2\/media?parent=2091"}],"wp:term":[{"taxonomy":"category","embeddable":true,"href":"https:\/\/www.abvp.pt\/en\/wp-json\/wp\/v2\/categories?post=2091"},{"taxonomy":"post_tag","embeddable":true,"href":"https:\/\/www.abvp.pt\/en\/wp-json\/wp\/v2\/tags?post=2091"}],"curies":[{"name":"wp","href":"https:\/\/api.w.org\/{rel}","templated":true}]}}