{"id":2111,"date":"2022-05-05T08:22:51","date_gmt":"2022-05-05T07:22:51","guid":{"rendered":"https:\/\/www.abvp.pt\/?p=2111"},"modified":"2023-05-29T19:05:14","modified_gmt":"2023-05-29T18:05:14","slug":"premio-blogging-medio-tejo","status":"publish","type":"post","link":"https:\/\/www.abvp.pt\/en\/premio-blogging-medio-tejo\/","title":{"rendered":"ABVP e ART&#038;TUR lan\u00e7am novo concurso para bloggers"},"content":{"rendered":"<p>Come\u00e7aram os preparativos para mais uma edi\u00e7\u00e3o do Festival Internacional de Cinema de Turismo (ART&amp;TUR) e, pelo segundo ano consecutivo, a Associa\u00e7\u00e3o de Bloggers de Viagem Portugueses (ABVP) vai estar presente.<\/p>\n\n\n\n<p>O evento, que vai para a sua 15\u00ba edi\u00e7\u00e3o, realiza-se por norma na regi\u00e3o centro do pa\u00eds. Este ano ser\u00e1 em Our\u00e9m, entre 25 e 28 de outubro, que podemos ver os melhores filmes sobre turismo.&nbsp;<\/p>\n\n\n\n<p>Al\u00e9m dos conte\u00fados audiovisuais, o ART&amp;TUR \u00e9 um espa\u00e7o onde decorrem debates v\u00e1rios sobre turismo, enquanto tema central do festival. <\/p>\n\n\n\n<h2 class=\"wp-block-heading\">Blogging do M\u00e9dio Tejo<\/h2>\n\n\n\n<p>Depois do <a href=\"https:\/\/www.abvp.pt\/en\/concurso-blogging-aveiro-resulta-de-parceria-com-a-abvp\/\" target=\"_blank\" rel=\"noreferrer noopener\">Blogging Aveiro 2021<\/a>, a ABVP volta a lan\u00e7ar, em conjunto com o festival ART&amp;TUR, um pr\u00e9mio para produ\u00e7\u00e3o de conte\u00fados tur\u00edsticos em 2022. O <strong>Concurso Blogging <strong>do<\/strong><\/strong> <strong>M\u00e9dio Tejo<\/strong> pretende divulgar as riquezas da regi\u00e3o com publica\u00e7\u00f5es&nbsp;realizadas ao longo deste ano.<\/p>\n\n\n\n<p>Todos os bloggers de viagem independentes, incluindo os associados da ABVP, podem concorrer com um ou v\u00e1rios artigos, que incluam <strong>um (ou mais) dos treze concelhos que constituem o M\u00e9dio Tejo<\/strong>: Abrantes, Alcanena, Const\u00e2ncia, Entroncamento, Ferreira do Z\u00eazere, Ma\u00e7\u00e3o, Our\u00e9m, Sardoal, Sert\u00e3, Tomar, Torres Novas, Vila de Rei e Vila Nova da Barquinha.<\/p>\n\n\n\n<p>Os conte\u00fados ter\u00e3o de ser apresentados sob a forma de artigos, publicados em blogs e ilustrados fotograficamente. N\u00e3o s\u00e3o eleg\u00edveis outras publica\u00e7\u00f5es que n\u00e3o incluam os v\u00e1rios destinos j\u00e1 mencionados acima. <\/p>\n\n\n\n<p>As&nbsp;<a href=\"https:\/\/tourfilm-festival.com\/blogging-medio-tejo\/\">inscri\u00e7\u00f5es<\/a>&nbsp;decorrem entre 15 de julho e 30 de setembro (no link encontram tamb\u00e9m o regulamento completo).<\/p>\n\n\n\n<figure class=\"wp-block-image size-large\"><img fetchpriority=\"high\" decoding=\"async\" width=\"1600\" height=\"986\" src=\"https:\/\/www.abvp.pt\/wp-content\/uploads\/250763809_4363155297066687_812650332453416295_n-1-1600x986.jpg\" alt=\"\" class=\"wp-image-2123\" srcset=\"https:\/\/www.abvp.pt\/wp-content\/uploads\/250763809_4363155297066687_812650332453416295_n-1-1600x986.jpg 1600w, https:\/\/www.abvp.pt\/wp-content\/uploads\/250763809_4363155297066687_812650332453416295_n-1-600x370.jpg 600w, https:\/\/www.abvp.pt\/wp-content\/uploads\/250763809_4363155297066687_812650332453416295_n-1-800x493.jpg 800w, https:\/\/www.abvp.pt\/wp-content\/uploads\/250763809_4363155297066687_812650332453416295_n-1-150x92.jpg 150w, https:\/\/www.abvp.pt\/wp-content\/uploads\/250763809_4363155297066687_812650332453416295_n-1-768x473.jpg 768w, https:\/\/www.abvp.pt\/wp-content\/uploads\/250763809_4363155297066687_812650332453416295_n-1-1536x946.jpg 1536w, https:\/\/www.abvp.pt\/wp-content\/uploads\/250763809_4363155297066687_812650332453416295_n-1.jpg 1797w\" sizes=\"(max-width: 1600px) 100vw, 1600px\" \/><\/figure>\n\n\n\n<p>Um<strong> ilustre j\u00fari<\/strong> foi convidado para avaliar os artigos concorrentes ao Blogging do M\u00e9dio Tejo: <strong>Sandra Costa<\/strong> (editora da revista Fugas), <strong>Ivete Carneiro <\/strong>(editora da revista Volta ao Mundo), <strong>Viviane Almeida<\/strong> (doutoranda e investigadora sobre blogs de viagem),&nbsp;<strong>Eunice Lopes<\/strong> (docente do Instituto Polit\u00e9cnico de Tomar e membro do J\u00fari do ART&amp;TUR)&nbsp;e <strong>Mariana Cala\u00e7a Baptista<\/strong> (diretora executiva do ART&amp;TUR).&nbsp;<\/p>\n\n\n\n<p>O vencedor(a) ser\u00e1 anunciado durante o festival em Our\u00e9m, recebendo um pr\u00e9mio simb\u00f3lico.<\/p>\n\n\n\n<p> A <strong>Ana Borges,&nbsp;autora do blog&nbsp;<a href=\"https:\/\/viajarporquesim.blogs.sapo.pt\/\" target=\"_blank\" rel=\"noreferrer noopener\">Viajar Porque Sim<\/a>,&nbsp;venceu o concurso em 2021, com o artigo&nbsp;<a href=\"https:\/\/viajarporquesim.blogs.sapo.pt\/cores-de-aveiro-64262\" target=\"_blank\" rel=\"noreferrer noopener\">Cores de Aveiro<\/a><\/strong>, onde descreve, de uma forma v\u00edvida e bem detalhada, a sua passagem pela regi\u00e3o, onde n\u00e3o faltam as cores vibrantes da cidade, os moliceiros e os t\u00edpicos ovos moles.<\/p>\n\n\n\n<h2 class=\"wp-block-heading\">O que \u00e9 o ART&amp;TUR?<\/h2>\n\n\n\n<p>Realizado desde 2008, o festival ART&amp;TUR \u201ctem dado a&nbsp;conhecer ao mundo as <strong>melhores produ\u00e7\u00f5es audiovisuais de turismo realizadas em Portugal e no mundo<\/strong>\u201d.&nbsp;&nbsp;Os filmes em competi\u00e7\u00e3o &#8211; at\u00e9 400 curtas e longas metragens, provenientes de 40 a 60 pa\u00edses &#8211;  s\u00e3o avaliados numa das tr\u00eas categorias: promocionais, educativos e document\u00e1rios.<\/p>\n\n\n\n<p>Todos os anos \u00e9 composto um painel de jurados, com membros de v\u00e1rios pa\u00edses, respons\u00e1vel pela nomea\u00e7\u00e3o dos melhores conte\u00fados, havendo tamb\u00e9m uma vota\u00e7\u00e3o do p\u00fablico. <\/p>\n\n\n\n<figure class=\"wp-block-image size-full\"><img decoding=\"async\" width=\"1600\" height=\"900\" src=\"https:\/\/www.abvp.pt\/wp-content\/uploads\/Castelo-de-Ourem.jpg\" alt=\"\" class=\"wp-image-2114\" srcset=\"https:\/\/www.abvp.pt\/wp-content\/uploads\/Castelo-de-Ourem.jpg 1600w, https:\/\/www.abvp.pt\/wp-content\/uploads\/Castelo-de-Ourem-600x338.jpg 600w, https:\/\/www.abvp.pt\/wp-content\/uploads\/Castelo-de-Ourem-800x450.jpg 800w, https:\/\/www.abvp.pt\/wp-content\/uploads\/Castelo-de-Ourem-150x84.jpg 150w, https:\/\/www.abvp.pt\/wp-content\/uploads\/Castelo-de-Ourem-768x432.jpg 768w, https:\/\/www.abvp.pt\/wp-content\/uploads\/Castelo-de-Ourem-1536x864.jpg 1536w, https:\/\/www.abvp.pt\/wp-content\/uploads\/Castelo-de-Ourem-960x540.jpg 960w\" sizes=\"(max-width: 1600px) 100vw, 1600px\" \/><figcaption><em>Castelo de Our\u00e9m  Fonte: C\u00e2mara Municipal de Our\u00e9m<\/em><\/figcaption><\/figure>\n\n\n\n<p>Alguns membros fundadores da ABVP integraram o j\u00fari em 2021, para escolha de melhores filmes: Carla Mota (<a href=\"https:\/\/www.viajarentreviagens.pt\/\" target=\"_blank\" rel=\"noreferrer noopener\">Viajar entre Viagens<\/a>), Catarina Leonardo (<a href=\"https:\/\/wandering-life.com\/\" target=\"_blank\" rel=\"noreferrer noopener\">Wandering Lif<\/a>e), Filipe Morato Gomes (<a href=\"https:\/\/www.almadeviajante.com\/\" target=\"_blank\" rel=\"noreferrer noopener\">Alma de Viajante<\/a>)&nbsp;e Rui Barbosa Baptista (<a href=\"http:\/\/bornfreee.com\/\" target=\"_blank\" rel=\"noreferrer noopener\">Bornfreee<\/a>).<\/p>\n\n\n\n<p>O ART&amp;TUR tem um alcance interessante a n\u00edvel internacional, em parte pelo facto de pertencer ao Comit\u00e9 Internacional dos Festivais de Filmes de Turismo desde 2018. <\/p>\n\n\n\n<p><\/p>\n\n\n\n<p><\/p>\n\n\n\n<p><\/p>","protected":false},"excerpt":{"rendered":"<p>Come\u00e7aram os preparativos para mais uma edi\u00e7\u00e3o do Festival Internacional de Cinema de Turismo (ART&amp;TUR) e, pelo segundo ano consecutivo, a Associa\u00e7\u00e3o de Bloggers de Viagem Portugueses (ABVP) vai estar [&hellip;]<\/p>\n","protected":false},"author":64,"featured_media":2129,"comment_status":"open","ping_status":"closed","sticky":false,"template":"","format":"standard","meta":{"_price":"","_stock":"","_tribe_ticket_header":"","_tribe_default_ticket_provider":"","_tribe_ticket_capacity":"0","_ticket_start_date":"","_ticket_end_date":"","_tribe_ticket_show_description":"","_tribe_ticket_show_not_going":false,"_tribe_ticket_use_global_stock":"","_tribe_ticket_global_stock_level":"","_global_stock_mode":"","_global_stock_cap":"","_tribe_rsvp_for_event":"","_tribe_ticket_going_count":"","_tribe_ticket_not_going_count":"","_tribe_tickets_list":"[]","_tribe_ticket_has_attendee_info_fields":false,"_EventAllDay":false,"_EventTimezone":"","_EventStartDate":"","_EventEndDate":"","_EventStartDateUTC":"","_EventEndDateUTC":"","_EventShowMap":false,"_EventShowMapLink":false,"_EventURL":"","_EventCost":"","_EventCostDescription":"","_EventCurrencySymbol":"","_EventCurrencyCode":"","_EventCurrencyPosition":"","_EventDateTimeSeparator":"","_EventTimeRangeSeparator":"","_EventOrganizerID":[],"_EventVenueID":[],"_OrganizerEmail":"","_OrganizerPhone":"","_OrganizerWebsite":"","_VenueAddress":"","_VenueCity":"","_VenueCountry":"","_VenueProvince":"","_VenueState":"","_VenueZip":"","_VenuePhone":"","_VenueURL":"","_VenueStateProvince":"","_VenueLat":"","_VenueLng":"","_VenueShowMap":false,"_VenueShowMapLink":false,"footnotes":""},"categories":[12],"tags":[55,56],"class_list":["post-2111","post","type-post","status-publish","format-standard","has-post-thumbnail","hentry","category-comunicados","tag-arttur","tag-concurso"],"blocksy_meta":[],"yoast_head":"<!-- This site is optimized with the Yoast SEO plugin v26.4 - https:\/\/yoast.com\/wordpress\/plugins\/seo\/ -->\n<title>ABVP e ART&amp;TUR lan\u00e7am novo concurso para bloggers - ABVP<\/title>\n<meta name=\"description\" content=\"Concurso blogging do M\u00e9dio Tejo, lan\u00e7ado pela ABVP e festival ART&amp;TUR, realiza-se em Our\u00e9m em outubro de 2022\" \/>\n<meta name=\"robots\" content=\"index, follow, max-snippet:-1, max-image-preview:large, max-video-preview:-1\" \/>\n<link rel=\"canonical\" href=\"https:\/\/www.abvp.pt\/en\/premio-blogging-medio-tejo\/\" \/>\n<meta property=\"og:locale\" content=\"en_GB\" \/>\n<meta property=\"og:type\" content=\"article\" \/>\n<meta property=\"og:title\" content=\"ABVP e ART&amp;TUR lan\u00e7am novo concurso para bloggers - ABVP\" \/>\n<meta property=\"og:description\" content=\"Concurso blogging do M\u00e9dio Tejo, lan\u00e7ado pela ABVP e festival ART&amp;TUR, realiza-se em Our\u00e9m em outubro de 2022\" \/>\n<meta property=\"og:url\" content=\"https:\/\/www.abvp.pt\/en\/premio-blogging-medio-tejo\/\" \/>\n<meta property=\"og:site_name\" content=\"ABVP\" \/>\n<meta property=\"article:publisher\" content=\"https:\/\/www.facebook.com\/abvppt\/\" \/>\n<meta property=\"article:published_time\" content=\"2022-05-05T07:22:51+00:00\" \/>\n<meta property=\"article:modified_time\" content=\"2023-05-29T18:05:14+00:00\" \/>\n<meta property=\"og:image\" content=\"https:\/\/www.abvp.pt\/wp-content\/uploads\/Copia-de-Post-blog-1200-2.png\" \/>\n\t<meta property=\"og:image:width\" content=\"1200\" \/>\n\t<meta property=\"og:image:height\" content=\"800\" \/>\n\t<meta property=\"og:image:type\" content=\"image\/png\" \/>\n<meta name=\"author\" content=\"Goncalo Henriques\" \/>\n<meta name=\"twitter:card\" content=\"summary_large_image\" \/>\n<meta name=\"twitter:creator\" content=\"@abvppt\" \/>\n<meta name=\"twitter:site\" content=\"@abvppt\" \/>\n<meta name=\"twitter:label1\" content=\"Written by\" \/>\n\t<meta name=\"twitter:data1\" content=\"Goncalo Henriques\" \/>\n\t<meta name=\"twitter:label2\" content=\"Estimated reading time\" \/>\n\t<meta name=\"twitter:data2\" content=\"4 minutes\" \/>\n<script type=\"application\/ld+json\" class=\"yoast-schema-graph\">{\"@context\":\"https:\/\/schema.org\",\"@graph\":[{\"@type\":\"Article\",\"@id\":\"https:\/\/www.abvp.pt\/premio-blogging-medio-tejo\/#article\",\"isPartOf\":{\"@id\":\"https:\/\/www.abvp.pt\/premio-blogging-medio-tejo\/\"},\"author\":{\"name\":\"Goncalo Henriques\",\"@id\":\"https:\/\/www.abvp.pt\/#\/schema\/person\/54a2de95f5af99076ef9fdb3c05de7b8\"},\"headline\":\"ABVP e ART&#038;TUR lan\u00e7am novo concurso para bloggers\",\"datePublished\":\"2022-05-05T07:22:51+00:00\",\"dateModified\":\"2023-05-29T18:05:14+00:00\",\"mainEntityOfPage\":{\"@id\":\"https:\/\/www.abvp.pt\/premio-blogging-medio-tejo\/\"},\"wordCount\":603,\"commentCount\":0,\"publisher\":{\"@id\":\"https:\/\/www.abvp.pt\/#organization\"},\"image\":{\"@id\":\"https:\/\/www.abvp.pt\/premio-blogging-medio-tejo\/#primaryimage\"},\"thumbnailUrl\":\"https:\/\/www.abvp.pt\/wp-content\/uploads\/Copia-de-Post-blog-1200-2.png\",\"keywords\":[\"art&amp;tur\",\"concurso\"],\"articleSection\":[\"Comunicados\"],\"inLanguage\":\"en-GB\",\"potentialAction\":[{\"@type\":\"CommentAction\",\"name\":\"Comment\",\"target\":[\"https:\/\/www.abvp.pt\/premio-blogging-medio-tejo\/#respond\"]}]},{\"@type\":\"WebPage\",\"@id\":\"https:\/\/www.abvp.pt\/premio-blogging-medio-tejo\/\",\"url\":\"https:\/\/www.abvp.pt\/premio-blogging-medio-tejo\/\",\"name\":\"ABVP e ART&TUR lan\u00e7am novo concurso para bloggers - ABVP\",\"isPartOf\":{\"@id\":\"https:\/\/www.abvp.pt\/#website\"},\"primaryImageOfPage\":{\"@id\":\"https:\/\/www.abvp.pt\/premio-blogging-medio-tejo\/#primaryimage\"},\"image\":{\"@id\":\"https:\/\/www.abvp.pt\/premio-blogging-medio-tejo\/#primaryimage\"},\"thumbnailUrl\":\"https:\/\/www.abvp.pt\/wp-content\/uploads\/Copia-de-Post-blog-1200-2.png\",\"datePublished\":\"2022-05-05T07:22:51+00:00\",\"dateModified\":\"2023-05-29T18:05:14+00:00\",\"description\":\"Concurso blogging do M\u00e9dio Tejo, lan\u00e7ado pela ABVP e festival ART&TUR, realiza-se em Our\u00e9m em outubro de 2022\",\"breadcrumb\":{\"@id\":\"https:\/\/www.abvp.pt\/premio-blogging-medio-tejo\/#breadcrumb\"},\"inLanguage\":\"en-GB\",\"potentialAction\":[{\"@type\":\"ReadAction\",\"target\":[\"https:\/\/www.abvp.pt\/premio-blogging-medio-tejo\/\"]}]},{\"@type\":\"ImageObject\",\"inLanguage\":\"en-GB\",\"@id\":\"https:\/\/www.abvp.pt\/premio-blogging-medio-tejo\/#primaryimage\",\"url\":\"https:\/\/www.abvp.pt\/wp-content\/uploads\/Copia-de-Post-blog-1200-2.png\",\"contentUrl\":\"https:\/\/www.abvp.pt\/wp-content\/uploads\/Copia-de-Post-blog-1200-2.png\",\"width\":1200,\"height\":800,\"caption\":\"cartaz do concurso\"},{\"@type\":\"BreadcrumbList\",\"@id\":\"https:\/\/www.abvp.pt\/premio-blogging-medio-tejo\/#breadcrumb\",\"itemListElement\":[{\"@type\":\"ListItem\",\"position\":1,\"name\":\"In\u00edcio\",\"item\":\"https:\/\/www.abvp.pt\/\"},{\"@type\":\"ListItem\",\"position\":2,\"name\":\"ABVP e ART&#038;TUR lan\u00e7am novo concurso para bloggers\"}]},{\"@type\":\"WebSite\",\"@id\":\"https:\/\/www.abvp.pt\/#website\",\"url\":\"https:\/\/www.abvp.pt\/\",\"name\":\"ABVP\",\"description\":\"Associa\u00e7\u00e3o de Bloggers de Viagem Portugueses\",\"publisher\":{\"@id\":\"https:\/\/www.abvp.pt\/#organization\"},\"potentialAction\":[{\"@type\":\"SearchAction\",\"target\":{\"@type\":\"EntryPoint\",\"urlTemplate\":\"https:\/\/www.abvp.pt\/?s={search_term_string}\"},\"query-input\":{\"@type\":\"PropertyValueSpecification\",\"valueRequired\":true,\"valueName\":\"search_term_string\"}}],\"inLanguage\":\"en-GB\"},{\"@type\":\"Organization\",\"@id\":\"https:\/\/www.abvp.pt\/#organization\",\"name\":\"ABVP\",\"url\":\"https:\/\/www.abvp.pt\/\",\"logo\":{\"@type\":\"ImageObject\",\"inLanguage\":\"en-GB\",\"@id\":\"https:\/\/www.abvp.pt\/#\/schema\/logo\/image\/\",\"url\":\"https:\/\/www.abvp.pt\/wp-content\/uploads\/Logo-Header-dark.svg\",\"contentUrl\":\"https:\/\/www.abvp.pt\/wp-content\/uploads\/Logo-Header-dark.svg\",\"width\":325,\"height\":48,\"caption\":\"ABVP\"},\"image\":{\"@id\":\"https:\/\/www.abvp.pt\/#\/schema\/logo\/image\/\"},\"sameAs\":[\"https:\/\/www.facebook.com\/abvppt\/\",\"https:\/\/x.com\/abvppt\",\"https:\/\/www.instagram.com\/abvppt\/\"]},{\"@type\":\"Person\",\"@id\":\"https:\/\/www.abvp.pt\/#\/schema\/person\/54a2de95f5af99076ef9fdb3c05de7b8\",\"name\":\"Goncalo Henriques\",\"image\":{\"@type\":\"ImageObject\",\"inLanguage\":\"en-GB\",\"@id\":\"https:\/\/www.abvp.pt\/#\/schema\/person\/image\/\",\"url\":\"https:\/\/secure.gravatar.com\/avatar\/d3e6db7444789512b4d6a3a341641c90?s=96&d=mm&r=g\",\"contentUrl\":\"https:\/\/secure.gravatar.com\/avatar\/d3e6db7444789512b4d6a3a341641c90?s=96&d=mm&r=g\",\"caption\":\"Goncalo Henriques\"},\"description\":\"Anda sempre com uma c\u00e2mera na m\u00e3o, gosta de conviver at\u00e9 altas horas da noite acompanhado de um bom vinho, come\u00e7a a preferir as montanhas \u00e0s praias e uma vez por ano pratica forr\u00f3. Autor do blog Num Postal.\",\"url\":\"https:\/\/www.abvp.pt\/en\/author\/goncalo-henriques\/\"}]}<\/script>\n<!-- \/ Yoast SEO plugin. -->","yoast_head_json":{"title":"ABVP e ART&TUR lan\u00e7am novo concurso para bloggers - ABVP","description":"Concurso blogging do M\u00e9dio Tejo, lan\u00e7ado pela ABVP e festival ART&TUR, realiza-se em Our\u00e9m em outubro de 2022","robots":{"index":"index","follow":"follow","max-snippet":"max-snippet:-1","max-image-preview":"max-image-preview:large","max-video-preview":"max-video-preview:-1"},"canonical":"https:\/\/www.abvp.pt\/en\/premio-blogging-medio-tejo\/","og_locale":"en_GB","og_type":"article","og_title":"ABVP e ART&TUR lan\u00e7am novo concurso para bloggers - ABVP","og_description":"Concurso blogging do M\u00e9dio Tejo, lan\u00e7ado pela ABVP e festival ART&TUR, realiza-se em Our\u00e9m em outubro de 2022","og_url":"https:\/\/www.abvp.pt\/en\/premio-blogging-medio-tejo\/","og_site_name":"ABVP","article_publisher":"https:\/\/www.facebook.com\/abvppt\/","article_published_time":"2022-05-05T07:22:51+00:00","article_modified_time":"2023-05-29T18:05:14+00:00","og_image":[{"width":1200,"height":800,"url":"https:\/\/www.abvp.pt\/wp-content\/uploads\/Copia-de-Post-blog-1200-2.png","type":"image\/png"}],"author":"Goncalo Henriques","twitter_card":"summary_large_image","twitter_creator":"@abvppt","twitter_site":"@abvppt","twitter_misc":{"Written by":"Goncalo Henriques","Estimated reading time":"4 minutes"},"schema":{"@context":"https:\/\/schema.org","@graph":[{"@type":"Article","@id":"https:\/\/www.abvp.pt\/premio-blogging-medio-tejo\/#article","isPartOf":{"@id":"https:\/\/www.abvp.pt\/premio-blogging-medio-tejo\/"},"author":{"name":"Goncalo Henriques","@id":"https:\/\/www.abvp.pt\/#\/schema\/person\/54a2de95f5af99076ef9fdb3c05de7b8"},"headline":"ABVP e ART&#038;TUR lan\u00e7am novo concurso para bloggers","datePublished":"2022-05-05T07:22:51+00:00","dateModified":"2023-05-29T18:05:14+00:00","mainEntityOfPage":{"@id":"https:\/\/www.abvp.pt\/premio-blogging-medio-tejo\/"},"wordCount":603,"commentCount":0,"publisher":{"@id":"https:\/\/www.abvp.pt\/#organization"},"image":{"@id":"https:\/\/www.abvp.pt\/premio-blogging-medio-tejo\/#primaryimage"},"thumbnailUrl":"https:\/\/www.abvp.pt\/wp-content\/uploads\/Copia-de-Post-blog-1200-2.png","keywords":["art&amp;tur","concurso"],"articleSection":["Comunicados"],"inLanguage":"en-GB","potentialAction":[{"@type":"CommentAction","name":"Comment","target":["https:\/\/www.abvp.pt\/premio-blogging-medio-tejo\/#respond"]}]},{"@type":"WebPage","@id":"https:\/\/www.abvp.pt\/premio-blogging-medio-tejo\/","url":"https:\/\/www.abvp.pt\/premio-blogging-medio-tejo\/","name":"ABVP e ART&TUR lan\u00e7am novo concurso para bloggers - ABVP","isPartOf":{"@id":"https:\/\/www.abvp.pt\/#website"},"primaryImageOfPage":{"@id":"https:\/\/www.abvp.pt\/premio-blogging-medio-tejo\/#primaryimage"},"image":{"@id":"https:\/\/www.abvp.pt\/premio-blogging-medio-tejo\/#primaryimage"},"thumbnailUrl":"https:\/\/www.abvp.pt\/wp-content\/uploads\/Copia-de-Post-blog-1200-2.png","datePublished":"2022-05-05T07:22:51+00:00","dateModified":"2023-05-29T18:05:14+00:00","description":"Concurso blogging do M\u00e9dio Tejo, lan\u00e7ado pela ABVP e festival ART&TUR, realiza-se em Our\u00e9m em outubro de 2022","breadcrumb":{"@id":"https:\/\/www.abvp.pt\/premio-blogging-medio-tejo\/#breadcrumb"},"inLanguage":"en-GB","potentialAction":[{"@type":"ReadAction","target":["https:\/\/www.abvp.pt\/premio-blogging-medio-tejo\/"]}]},{"@type":"ImageObject","inLanguage":"en-GB","@id":"https:\/\/www.abvp.pt\/premio-blogging-medio-tejo\/#primaryimage","url":"https:\/\/www.abvp.pt\/wp-content\/uploads\/Copia-de-Post-blog-1200-2.png","contentUrl":"https:\/\/www.abvp.pt\/wp-content\/uploads\/Copia-de-Post-blog-1200-2.png","width":1200,"height":800,"caption":"cartaz do concurso"},{"@type":"BreadcrumbList","@id":"https:\/\/www.abvp.pt\/premio-blogging-medio-tejo\/#breadcrumb","itemListElement":[{"@type":"ListItem","position":1,"name":"In\u00edcio","item":"https:\/\/www.abvp.pt\/"},{"@type":"ListItem","position":2,"name":"ABVP e ART&#038;TUR lan\u00e7am novo concurso para bloggers"}]},{"@type":"WebSite","@id":"https:\/\/www.abvp.pt\/#website","url":"https:\/\/www.abvp.pt\/","name":"ABVP","description":"Association of Portuguese Travel Bloggers","publisher":{"@id":"https:\/\/www.abvp.pt\/#organization"},"potentialAction":[{"@type":"SearchAction","target":{"@type":"EntryPoint","urlTemplate":"https:\/\/www.abvp.pt\/?s={search_term_string}"},"query-input":{"@type":"PropertyValueSpecification","valueRequired":true,"valueName":"search_term_string"}}],"inLanguage":"en-GB"},{"@type":"Organization","@id":"https:\/\/www.abvp.pt\/#organization","name":"ABVP","url":"https:\/\/www.abvp.pt\/","logo":{"@type":"ImageObject","inLanguage":"en-GB","@id":"https:\/\/www.abvp.pt\/#\/schema\/logo\/image\/","url":"https:\/\/www.abvp.pt\/wp-content\/uploads\/Logo-Header-dark.svg","contentUrl":"https:\/\/www.abvp.pt\/wp-content\/uploads\/Logo-Header-dark.svg","width":325,"height":48,"caption":"ABVP"},"image":{"@id":"https:\/\/www.abvp.pt\/#\/schema\/logo\/image\/"},"sameAs":["https:\/\/www.facebook.com\/abvppt\/","https:\/\/x.com\/abvppt","https:\/\/www.instagram.com\/abvppt\/"]},{"@type":"Person","@id":"https:\/\/www.abvp.pt\/#\/schema\/person\/54a2de95f5af99076ef9fdb3c05de7b8","name":"Goncalo Henriques","image":{"@type":"ImageObject","inLanguage":"en-GB","@id":"https:\/\/www.abvp.pt\/#\/schema\/person\/image\/","url":"https:\/\/secure.gravatar.com\/avatar\/d3e6db7444789512b4d6a3a341641c90?s=96&d=mm&r=g","contentUrl":"https:\/\/secure.gravatar.com\/avatar\/d3e6db7444789512b4d6a3a341641c90?s=96&d=mm&r=g","caption":"Goncalo Henriques"},"description":"Anda sempre com uma c\u00e2mera na m\u00e3o, gosta de conviver at\u00e9 altas horas da noite acompanhado de um bom vinho, come\u00e7a a preferir as montanhas \u00e0s praias e uma vez por ano pratica forr\u00f3. Autor do blog Num Postal.","url":"https:\/\/www.abvp.pt\/en\/author\/goncalo-henriques\/"}]}},"_links":{"self":[{"href":"https:\/\/www.abvp.pt\/en\/wp-json\/wp\/v2\/posts\/2111","targetHints":{"allow":["GET"]}}],"collection":[{"href":"https:\/\/www.abvp.pt\/en\/wp-json\/wp\/v2\/posts"}],"about":[{"href":"https:\/\/www.abvp.pt\/en\/wp-json\/wp\/v2\/types\/post"}],"author":[{"embeddable":true,"href":"https:\/\/www.abvp.pt\/en\/wp-json\/wp\/v2\/users\/64"}],"replies":[{"embeddable":true,"href":"https:\/\/www.abvp.pt\/en\/wp-json\/wp\/v2\/comments?post=2111"}],"version-history":[{"count":0,"href":"https:\/\/www.abvp.pt\/en\/wp-json\/wp\/v2\/posts\/2111\/revisions"}],"wp:featuredmedia":[{"embeddable":true,"href":"https:\/\/www.abvp.pt\/en\/wp-json\/wp\/v2\/media\/2129"}],"wp:attachment":[{"href":"https:\/\/www.abvp.pt\/en\/wp-json\/wp\/v2\/media?parent=2111"}],"wp:term":[{"taxonomy":"category","embeddable":true,"href":"https:\/\/www.abvp.pt\/en\/wp-json\/wp\/v2\/categories?post=2111"},{"taxonomy":"post_tag","embeddable":true,"href":"https:\/\/www.abvp.pt\/en\/wp-json\/wp\/v2\/tags?post=2111"}],"curies":[{"name":"wp","href":"https:\/\/api.w.org\/{rel}","templated":true}]}}