{"id":2119,"date":"2023-01-31T18:34:27","date_gmt":"2023-01-31T18:34:27","guid":{"rendered":"https:\/\/www.abvp.pt\/?p=2119"},"modified":"2023-05-06T21:30:22","modified_gmt":"2023-05-06T20:30:22","slug":"viajantes-contam-como-fazem-a-mala-de-viagem","status":"publish","type":"post","link":"https:\/\/www.abvp.pt\/en\/viajantes-contam-como-fazem-a-mala-de-viagem\/","title":{"rendered":"Mala de viagem para cinco formas de viajar"},"content":{"rendered":"<h2 class=\"wp-block-heading\">Porque fazer a mala de viagem \u00e9 um tormento para muita gente, desafiou-se cinco viajantes experientes a contarem como fazem a mala para uma viagem.<\/h2>\n\n\n\n<p>Os filmes retratam muitas vezes aquela viajante que se senta em cima da mala para em esfor\u00e7o a fechar, ou malas que \u201cexplodem\u201d de t\u00e3o cheias. Provavelmente tamb\u00e9m j\u00e1 viu no aeroporto passageiros a abrirem as malas e fazerem malabarismos para contornar o peso. Eu pr\u00f3pria j\u00e1 fui destas. Carregava malas que n\u00e3o conseguia levantar e torcia para elas passarem na balan\u00e7a. Entrava no avi\u00e3o com bagagem pesad\u00edssima e fazia o esfor\u00e7o de a p\u00f4r sozinha no espa\u00e7o pr\u00f3prio para n\u00e3o ser apanhada a transgredir o peso. <\/p>\n\n\n\n<p>Chegava a abrir as malas, achando que, com um truque de magia, fazia desaparecer os quilos a mais. Nessa altura n\u00e3o ia em turismo, era emigrante. Para l\u00e1 vai tudo o que couber, para c\u00e1 vem o que tivermos de diferente para trazer: lagostas, havaianas, panos africanos, mangas, amendoim, etc.<\/p>\n\n\n\n<p>A pergunta que muitos viajantes recebem \u00e9 \u201cComo levas tudo o que precisas?\u201d. A resposta \u00e9 f\u00e1cil: <strong>aprendendo a viver com o essencial<\/strong>. Todos j\u00e1 tent\u00e1mos v\u00e1rios m\u00e9todos na dobragem da roupa, vimos v\u00eddeos com m\u00e9todos que nos deixaram tentados a experimentar e, provavelmente, acab\u00e1mos uma viagem a pensar \u201cpara a pr\u00f3xima vai s\u00f3 o essencial\u201d. Hoje posso dizer que j\u00e1 consigo saber se estou a cumprir o peso permitido ao pegar na mala &#8211; sou uma balan\u00e7a humana.&nbsp;<\/p>\n\n\n\n<p>Escolhi cinco tipo de viajantes para nos explicarem como fazem a mala para as suas in\u00fameras viagens. Queria saber se os bloggers ainda se mantinham fi\u00e9is \u00e0 viagem ou se j\u00e1 viajavam mais preocupados com o conte\u00fado que preveem colocar nas redes, levando a um condicionamento da bagagem. <\/p>\n\n\n\n<p>Ser\u00e1 que se renderam aos <em>likes<\/em> e viajam a pensar nas fotografias que v\u00e3o tirar? Ser\u00e1 que levam pe\u00e7as a combinar com o cen\u00e1rio? Ser\u00e1 que usam aqueles truques das multicamadas para aparecerem com um vestido vaporoso que esconde as <em>leggings <\/em>de caminhada e os t\u00e9nis confort\u00e1veis? Ou ser\u00e1 que t\u00eam aquele esp\u00edrito livre de levar apenas umas botas de caminhada, umas cal\u00e7as e cinco t-shirts?&nbsp;<\/p>\n\n\n\n<p>Escolhi um casal que viaja de mota, uma viajante com mobilidade reduzida, uma <em>solo traveller<\/em>, um casal que viaja de forma sustent\u00e1vel e um casal com uma crian\u00e7a. S\u00e3o cinco personalidades diferentes, cinco formas de viajar, de selecionar o que vai na mala ou at\u00e9 de escolher entre mala e mochila, e cinco formas de encarar o processo.&nbsp;<\/p>\n\n\n\n<p><\/p>\n\n\n\n<figure class=\"wp-block-image size-full\"><img fetchpriority=\"high\" decoding=\"async\" width=\"800\" height=\"534\" src=\"https:\/\/www.abvp.pt\/wp-content\/uploads\/mala-de-viagem_quilometro-infinito.webp\" alt=\"conte\u00fado da mala de Quilometro Infinito\" class=\"wp-image-2146\" srcset=\"https:\/\/www.abvp.pt\/wp-content\/uploads\/mala-de-viagem_quilometro-infinito.webp 800w, https:\/\/www.abvp.pt\/wp-content\/uploads\/mala-de-viagem_quilometro-infinito-600x401.webp 600w, https:\/\/www.abvp.pt\/wp-content\/uploads\/mala-de-viagem_quilometro-infinito-150x100.webp 150w, https:\/\/www.abvp.pt\/wp-content\/uploads\/mala-de-viagem_quilometro-infinito-768x513.webp 768w\" sizes=\"(max-width: 800px) 100vw, 800px\" \/><figcaption>Retirada do Blog: Quilometro Infinito<\/figcaption><\/figure>\n\n\n\n<h3 class=\"wp-block-heading\">Patr\u00edcia, Quil\u00f3metro Infinito<\/h3>\n\n\n\n<p>Travel <em><a href=\"https:\/\/quilometroinfinito.com\/\" target=\"_blank\" rel=\"noreferrer noopener\">Quil\u00f3metro Infinito<\/a><\/em> s\u00e3o um casal que viaja de mota, <em>road trips<\/em> \u00e9 com eles. Mas como ser\u00e1 que fazem a mala de forma a caber na mota?<\/p>\n\n\n\n<p>&#8220;O qu\u00ea?! Voc\u00eas v\u00e3o de f\u00e9rias e s\u00f3 t\u00eam aquelas malinhas para levar a bagagem? A pergunta que sempre ouvimos, quando, subestimando a capacidade de carga da nossa mota, algu\u00e9m se questiona como fazemos para gerir a bagagem. <strong>A nossa companheira de duas rodas \u00e9 como a mala das mulheres: cabe sempre mais qualquer coisinha<\/strong>! Seja no interior, seja no exterior, agarrado com suportes.<\/p>\n\n\n\n<p>Mas o facto \u00e9 que somos sempre muito pr\u00e1ticos naquilo que escolhemos, por uma quest\u00e3o de gest\u00e3o do dia a dia. Afinal, mudamos de alojamento frequentemente e fazer puzzles de bagagens n\u00e3o \u00e9 muito agrad\u00e1vel. Assim, seja para um m\u00eas de viagem, seja para uma semana, <strong>o que colocamos na mota \u00e9 sempre igual<\/strong>: 5 t-shirts, 5 mudas de roupa interior, 1 roupa de banho, 1 par de cal\u00e7as de ganga\/cal\u00e7\u00f5es, 1 pijama e 1 casaco estilo polar para cada um. Produtos de higiene pessoal, cal\u00e7ado confort\u00e1vel, chinelos e o equipamento fotogr\u00e1fico. E as nossas bagagens est\u00e3o prontas, leves e com espa\u00e7o livre. Pelo caminho vamos lavando. Viajamos sempre com os nossos fatos de prote\u00e7\u00e3o de motociclistas, que nos d\u00e3o prote\u00e7\u00e3o ao frio e \u00e0 chuva, sem necessidade de mais equipamento.<\/p>\n\n\n\n<p>Se foi sempre assim? N\u00e3o! Na nossa primeira viagem de 3 semanas, lev\u00e1mos tudo e mais alguma coisa na mota, e suspeito que se pelo caminho n\u00e3o tiv\u00e9ssemos enviado carga para casa pelo correio, as malas teriam explodido em pleno passeio.&nbsp;<\/p>\n\n\n\n<p>A \u00fanica quest\u00e3o que provoca argumenta\u00e7\u00e3o entre n\u00f3s, um casal de motociclistas, \u00e9 no que aos produtos de higiene pessoal diz respeito. O Jo\u00e3o, fica particularmente enervado com as bolsas e bolsinhas onde levo aquelas coisas essenciais femininas (ok&#8230;algumas nem por isso) que ele diz n\u00e3o precisar. &#8211; Para mim um sab\u00e3o, desodorizante, pasta e escova e dentes chega! Diz ele. Certo \u00e9 que, em viagem, ou\u00e7o muitas vezes a pergunta: &#8211; <strong>Tens uma pin\u00e7a? Por acaso trouxeste uma lima? <\/strong>Tens alguma pomada para picadas de mosquitos? E para queimaduras? Por acaso n\u00e3o trouxeste protetor solar? Tens creme gordo?&#8221;<\/p>\n\n\n\n<p><\/p>\n\n\n\n<figure class=\"wp-block-image size-full\"><img decoding=\"async\" width=\"1024\" height=\"683\" src=\"https:\/\/www.abvp.pt\/wp-content\/uploads\/mala-de-viagem_menina-mundo2.webp\" alt=\"mala de viagem de Menina Mundo\" class=\"wp-image-2148\" srcset=\"https:\/\/www.abvp.pt\/wp-content\/uploads\/mala-de-viagem_menina-mundo2.webp 1024w, https:\/\/www.abvp.pt\/wp-content\/uploads\/mala-de-viagem_menina-mundo2-600x400.webp 600w, https:\/\/www.abvp.pt\/wp-content\/uploads\/mala-de-viagem_menina-mundo2-800x534.webp 800w, https:\/\/www.abvp.pt\/wp-content\/uploads\/mala-de-viagem_menina-mundo2-150x100.webp 150w, https:\/\/www.abvp.pt\/wp-content\/uploads\/mala-de-viagem_menina-mundo2-768x512.webp 768w\" sizes=\"(max-width: 1024px) 100vw, 1024px\" \/><figcaption>Retirada do Blog: Menina Mundo<\/figcaption><\/figure>\n\n\n\n<h3 class=\"wp-block-heading\">Nelson, Menina Mundo<\/h3>\n\n\n\n<p>Travel <em><a href=\"http:\/\/www.meninamundo.com\/\" target=\"_blank\" rel=\"noreferrer noopener\">Menina Mundo<\/a><\/em> viajaram uns meses com a sua Mia. E a nossa d\u00favida passa pela bagagem de uma crian\u00e7a pequena. Ser\u00e1 que leva mais ou menos roupa que os pais?<\/p>\n\n\n\n<p>&#8220;A grande viagem da nossa vida teve como destino a \u00c1sia e durou cerca de meio ano. O blog nasceu para acompanhar a nossa aventura a viajar com a nossa filha que tinha 17 meses \u00e0 data da partida e, claro, <strong>a bagagem foi pensada meticulosamente<\/strong>. Viajar com uma crian\u00e7a t\u00e3o nova implicou, desde logo, levar alguns brinquedos (apesar de ela preferir paus, pedras ou folhas, que apanhava em qualquer lugar) e uma farm\u00e1cia de viagem bastante completa, bem como todo o equipamento necess\u00e1rio para contarmos as nossas hist\u00f3rias&nbsp;no blog: 2 computadores port\u00e1teis, 2 c\u00e2maras fotogr\u00e1ficas, objetivas, discos r\u00edgidos, carregadores, etc.<\/p>\n\n\n\n<p><strong>Como a mochila &#8220;eletr\u00f3nica&#8221; seria pesada, privilegiamos equipamento pequeno e leve<\/strong>. J\u00e1 o resto da bagagem, foi relativamente simples. Simplificamos tudo: para n\u00f3s, Miriam e Nelson, pouca roupa e cal\u00e7ado vers\u00e1til, tudo teria que ocupar pouco espa\u00e7o. Para a Mia, tendo em conta que ela &#8220;cresceria de bra\u00e7os e pernas&#8221; durante a viagem, lev\u00e1mos a roupa mais vers\u00e1til e adequada aos primeiros meses, sabendo que ter\u00edamos que comprar algumas pe\u00e7as. Contando tudo, \u00e0 parte da mochila eletr\u00f3nica, lev\u00e1mos 23kg <em>(<\/em>uma mala de 80 litros) e n\u00e3o sentimos falta de nada. Como dizia a Mia durante a viagem, &#8220;<strong>uma casa somos n\u00f3s<\/strong>&#8220;.<\/p>\n\n\n\n<h3 class=\"wp-block-heading\">Sofia, Just Go<\/h3>\n\n\n\n<p>A Sofia, do blog <em><a href=\"https:\/\/justgo.com.pt\" target=\"_blank\" rel=\"noreferrer noopener\">Just Go<\/a><\/em>, vive o seu dia-a-dia de cadeira de rodas, mas isso n\u00e3o a impede de viajar. Como ser\u00e1 que faz a sua mala?<\/p>\n\n\n\n<figure class=\"wp-block-image size-full\"><img decoding=\"async\" width=\"1536\" height=\"1024\" src=\"https:\/\/www.abvp.pt\/wp-content\/uploads\/mala-de-viagem_justgo.jpg\" alt=\"\" class=\"wp-image-2149\" srcset=\"https:\/\/www.abvp.pt\/wp-content\/uploads\/mala-de-viagem_justgo.jpg 1536w, https:\/\/www.abvp.pt\/wp-content\/uploads\/mala-de-viagem_justgo-600x400.jpg 600w, https:\/\/www.abvp.pt\/wp-content\/uploads\/mala-de-viagem_justgo-800x533.jpg 800w, https:\/\/www.abvp.pt\/wp-content\/uploads\/mala-de-viagem_justgo-150x100.jpg 150w, https:\/\/www.abvp.pt\/wp-content\/uploads\/mala-de-viagem_justgo-768x512.jpg 768w\" sizes=\"(max-width: 1536px) 100vw, 1536px\" \/><figcaption>Retirada do Blog: JustGo<\/figcaption><\/figure>\n\n\n\n<p>&#8220;O modo como se faz uma mala de viagem depende muito de pessoa para pessoa, mas acima de tudo, <strong>no meu caso, estando numa cadeira de rodas, depende do destino para onde vou e at\u00e9 do meio de transporte que vou usar<\/strong>! Se vou de avi\u00e3o tenho que pensar nos acess\u00f3rios que levo para a cadeira e no seu acondicionamento, para que o embarque funcione da melhor maneira e n\u00e3o tenha surpresas ao chegar ao destino. Sendo um pa\u00eds menos evolu\u00eddo, onde dificilmente consigo comprar aquilo que necessito, sejam produtos de farm\u00e1cia ou algum equipamento que possa precisar para qualquer eventualidade com a cadeira, terei que ir prevenida com tudo.<\/p>\n\n\n\n<p>Por tudo isto, fazer a mala para viagens grandes, como a que fiz de tr\u00eas semanas na China, \u00e9 sempre um grande stress porque, apesar de fazer listas e de ser muito organizada, acho sempre que me esque\u00e7o de qualquer coisa (o que nunca acontece)! Desde que numa viagem a Utrecht, para participar num torneio de t\u00e9nis, a minha mala n\u00e3o chegou e tive que comprar todo o equipamento necess\u00e1rio para poder jogar que levo sempre uma mala de cabine com o imprescind\u00edvel e sem o qual n\u00e3o posso mesmo passar. O grande objetivo \u00e9 <strong>levar o menos que conseguir para ser o mais independente poss\u00edvel<\/strong>, o que vou conseguindo \u00e0 medida que viajo.&#8221;<\/p>\n\n\n\n<h3 class=\"wp-block-heading\">Sandrina, The Wise Travellers<\/h3>\n\n\n\n<p>Travel <em><a href=\"https:\/\/www.thewisetravellers.com\/pt\/\" target=\"_blank\" rel=\"noreferrer noopener\">The Wise Travellers<\/a><\/em> s\u00e3o um casal de viajantes que assumiu o compromisso de viajar de forma mais sustent\u00e1vel.<\/p>\n\n\n\n<figure class=\"wp-block-image size-large\"><img loading=\"lazy\" decoding=\"async\" width=\"1600\" height=\"1200\" src=\"https:\/\/www.abvp.pt\/wp-content\/uploads\/mala-de-viagem_wise-travellers-1600x1200.jpg\" alt=\"\" class=\"wp-image-2147\" srcset=\"https:\/\/www.abvp.pt\/wp-content\/uploads\/mala-de-viagem_wise-travellers-1600x1200.jpg 1600w, https:\/\/www.abvp.pt\/wp-content\/uploads\/mala-de-viagem_wise-travellers-scaled-600x450.jpg 600w, https:\/\/www.abvp.pt\/wp-content\/uploads\/mala-de-viagem_wise-travellers-scaled-300x225.jpg 300w, https:\/\/www.abvp.pt\/wp-content\/uploads\/mala-de-viagem_wise-travellers-800x600.jpg 800w, https:\/\/www.abvp.pt\/wp-content\/uploads\/mala-de-viagem_wise-travellers-150x113.jpg 150w, https:\/\/www.abvp.pt\/wp-content\/uploads\/mala-de-viagem_wise-travellers-768x576.jpg 768w, https:\/\/www.abvp.pt\/wp-content\/uploads\/mala-de-viagem_wise-travellers-1536x1152.jpg 1536w, https:\/\/www.abvp.pt\/wp-content\/uploads\/mala-de-viagem_wise-travellers-2048x1536.jpg 2048w\" sizes=\"(max-width: 1600px) 100vw, 1600px\" \/><figcaption>Retirada do Blog: The Wise Travellers<\/figcaption><\/figure>\n\n\n\n<p>&#8220;Na hora de fazer a nossa mala de viagem, seguimos sempre a regra do \u2018<strong>menos \u00e9 mais<\/strong>\u2019. Por isso, normalmente viajamos apenas com uma mochila grande para os dois, e duas mais pequenas como item pessoal.&nbsp;<\/p>\n\n\n\n<p>Utilizamos <strong>organizadores de viagem<\/strong> pois s\u00e3o muito pr\u00e1ticos e, \u00e0s vezes, at\u00e9 partilhamos um dos organizadores. Nas viagens mais longas levamos apenas roupa para 7 dias, pois conseguimos sempre lavar e secar. Foi o que fizemos nos quase seis meses de viagem pela \u00c1sia. O mais desafiante \u00e9 mesmo dispor tudo na mala de viagem, h\u00e1 que otimizar e aproveitar cada espa\u00e7o.&nbsp;<\/p>\n\n\n\n<p>Uma t\u00e9cnica que utilizamos \u00e9 levar <strong>casacos que sejam multifuncionais<\/strong> e que transportamos connosco, nem que seja na m\u00e3o. Reduzimos ao m\u00ednimo de produtos de higiene (no destino tamb\u00e9m existe), sempre que poss\u00edvel dividimos e optamos por produtos ecol\u00f3gicos como champ\u00f4s e sabonetes s\u00f3lidos. A nossa farm\u00e1cia de viagem \u00e9 o mais b\u00e1sica poss\u00edvel.<\/p>\n\n\n\n<p>No final, independentemente do destino, gostamos de ser pr\u00e1ticos e de ter a liberdade para n\u00e3o andarmos com imensa \u2018tralha\u2019 atr\u00e1s de n\u00f3s.&#8221;<\/p>\n\n\n\n<h3 class=\"wp-block-heading\">Maria Jo\u00e3o, Joland<\/h3>\n\n\n\n<p>A Maria Jo\u00e3o do blog <em><a href=\"https:\/\/jolandblog.com\" target=\"_blank\" rel=\"noreferrer noopener\">Joland<\/a><\/em> viaja maioritariamente sozinha. Como faz a mala uma viajante que n\u00e3o tem com quem dividir o peso da bagagem?<\/p>\n\n\n\n<figure class=\"wp-block-image size-full\"><img loading=\"lazy\" decoding=\"async\" width=\"1200\" height=\"900\" src=\"https:\/\/www.abvp.pt\/wp-content\/uploads\/mala-de-viagem_joland.jpg\" alt=\"mala de viagem de Joland\" class=\"wp-image-2150\" srcset=\"https:\/\/www.abvp.pt\/wp-content\/uploads\/mala-de-viagem_joland.jpg 1200w, https:\/\/www.abvp.pt\/wp-content\/uploads\/mala-de-viagem_joland-600x450.jpg 600w, https:\/\/www.abvp.pt\/wp-content\/uploads\/mala-de-viagem_joland-300x225.jpg 300w, https:\/\/www.abvp.pt\/wp-content\/uploads\/mala-de-viagem_joland-800x600.jpg 800w, https:\/\/www.abvp.pt\/wp-content\/uploads\/mala-de-viagem_joland-150x113.jpg 150w, https:\/\/www.abvp.pt\/wp-content\/uploads\/mala-de-viagem_joland-768x576.jpg 768w\" sizes=\"(max-width: 1200px) 100vw, 1200px\" \/><figcaption>Retirada do Blog: Joland<\/figcaption><\/figure>\n\n\n\n<p>&#8220;Nas minhas viagens a solo mais longas tento ser o mais pr\u00e1tica poss\u00edvel. <strong>Quanto menos peso transportar comigo, mais f\u00e1ceis s\u00e3o as desloca\u00e7\u00f5es<\/strong>, pelo que tento reduzir ao m\u00e1ximo o que coloco na mala (dentro de limites razo\u00e1veis, claro). Levo roupa suficiente para uma semana. Quando a viagem ultrapassa esse tempo, come\u00e7o a lavar a que est\u00e1 suja.<\/p>\n\n\n\n<p>Um par de sapatos para caminhada, uns chinelos e talvez umas sand\u00e1lias. Uma pequena toalha de microfibras para o banho e um pareo para as idas \u00e0 praia, que \u00e9 usado simultaneamente como vestido e como toalha. Quanto aos produtos de higiene s\u00e3o sempre em tamanhos reduzidos e, sempre que poss\u00edvel, prefiro compr\u00e1-los no destino para n\u00e3o andar desnecessariamente carregada.&#8221;<\/p>\n\n\n\n<figure class=\"wp-block-image size-full\"><img loading=\"lazy\" decoding=\"async\" width=\"1024\" height=\"683\" src=\"https:\/\/www.abvp.pt\/wp-content\/uploads\/mala-de-viagem_menina-mundo3.webp\" alt=\"\" class=\"wp-image-2151\" srcset=\"https:\/\/www.abvp.pt\/wp-content\/uploads\/mala-de-viagem_menina-mundo3.webp 1024w, https:\/\/www.abvp.pt\/wp-content\/uploads\/mala-de-viagem_menina-mundo3-600x400.webp 600w, https:\/\/www.abvp.pt\/wp-content\/uploads\/mala-de-viagem_menina-mundo3-800x534.webp 800w, https:\/\/www.abvp.pt\/wp-content\/uploads\/mala-de-viagem_menina-mundo3-150x100.webp 150w, https:\/\/www.abvp.pt\/wp-content\/uploads\/mala-de-viagem_menina-mundo3-768x512.webp 768w\" sizes=\"(max-width: 1024px) 100vw, 1024px\" \/><figcaption>Blogue: Menina Mundo<\/figcaption><\/figure>\n\n\n\n<p>Concluindo, os bloggers ainda deixam o destino e o sentido pr\u00e1tico ganhar. Levam o indispens\u00e1vel e sabem pela experi\u00eancia que <strong>quase tudo o que temos em casa se encontra no destino<\/strong>. Precisam do material fotogr\u00e1fico, e isso implica compensar com menos peso e espa\u00e7o para outras coisas. S\u00e3o f\u00e3s de lavar roupa em viagem e de organizadores para a roupa ficar com menos volume. <\/p>\n\n\n\n<p>A Sofia mostra que nada nos impede de viajar, porque at\u00e9 a mobilidade reduzida encontra uma forma de conquistar o mundo, portanto n\u00e3o \u00e9 a bagagem que a vai condicionar.&nbsp;O Nelson e a Miriam mostram que se pode viajar com crian\u00e7as de qualquer idade. E com pouca bagagem.<\/p>","protected":false},"excerpt":{"rendered":"<p>Porque fazer a mala de viagem \u00e9 um tormento para muita gente, desafiou-se cinco viajantes experientes a contarem como fazem a mala para uma viagem. Os filmes retratam muitas vezes [&hellip;]<\/p>\n","protected":false},"author":38,"featured_media":2152,"comment_status":"open","ping_status":"closed","sticky":false,"template":"","format":"standard","meta":{"_price":"","_stock":"","_tribe_ticket_header":"","_tribe_default_ticket_provider":"","_tribe_ticket_capacity":"0","_ticket_start_date":"","_ticket_end_date":"","_tribe_ticket_show_description":"","_tribe_ticket_show_not_going":false,"_tribe_ticket_use_global_stock":"","_tribe_ticket_global_stock_level":"","_global_stock_mode":"","_global_stock_cap":"","_tribe_rsvp_for_event":"","_tribe_ticket_going_count":"","_tribe_ticket_not_going_count":"","_tribe_tickets_list":"[]","_tribe_ticket_has_attendee_info_fields":false,"_EventAllDay":false,"_EventTimezone":"","_EventStartDate":"","_EventEndDate":"","_EventStartDateUTC":"","_EventEndDateUTC":"","_EventShowMap":false,"_EventShowMapLink":false,"_EventURL":"","_EventCost":"","_EventCostDescription":"","_EventCurrencySymbol":"","_EventCurrencyCode":"","_EventCurrencyPosition":"","_EventDateTimeSeparator":"","_EventTimeRangeSeparator":"","_EventOrganizerID":[],"_EventVenueID":[],"_OrganizerEmail":"","_OrganizerPhone":"","_OrganizerWebsite":"","_VenueAddress":"","_VenueCity":"","_VenueCountry":"","_VenueProvince":"","_VenueState":"","_VenueZip":"","_VenuePhone":"","_VenueURL":"","_VenueStateProvince":"","_VenueLat":"","_VenueLng":"","_VenueShowMap":false,"_VenueShowMapLink":false,"footnotes":""},"categories":[1],"tags":[57],"class_list":["post-2119","post","type-post","status-publish","format-standard","has-post-thumbnail","hentry","category-conteudo","tag-mala-de-viagem"],"blocksy_meta":[],"yoast_head":"<!-- This site is optimized with the Yoast SEO plugin v26.4 - https:\/\/yoast.com\/wordpress\/plugins\/seo\/ -->\n<title>Mala de viagem para cinco formas de viajar<\/title>\n<meta name=\"description\" content=\"A pergunta que muitos viajantes ouvem \u00e9: como \u00e9 que fazes a mala para a viagem? Solu\u00e7\u00e3o: levar o essencial. \u00c9 f\u00e1cil? N\u00e3o. Por isso temos aqui cinco testemunhos.\" \/>\n<meta name=\"robots\" content=\"index, follow, max-snippet:-1, max-image-preview:large, max-video-preview:-1\" \/>\n<link rel=\"canonical\" href=\"https:\/\/www.abvp.pt\/en\/viajantes-contam-como-fazem-a-mala-de-viagem\/\" \/>\n<meta property=\"og:locale\" content=\"en_GB\" \/>\n<meta property=\"og:type\" content=\"article\" \/>\n<meta property=\"og:title\" content=\"Mala de viagem para cinco formas de viajar\" \/>\n<meta property=\"og:description\" content=\"A pergunta que muitos viajantes ouvem \u00e9: como \u00e9 que fazes a mala para a viagem? Solu\u00e7\u00e3o: levar o essencial. \u00c9 f\u00e1cil? N\u00e3o. Por isso temos aqui cinco testemunhos.\" \/>\n<meta property=\"og:url\" content=\"https:\/\/www.abvp.pt\/en\/viajantes-contam-como-fazem-a-mala-de-viagem\/\" \/>\n<meta property=\"og:site_name\" content=\"ABVP\" \/>\n<meta property=\"article:publisher\" content=\"https:\/\/www.facebook.com\/abvppt\/\" \/>\n<meta property=\"article:published_time\" content=\"2023-01-31T18:34:27+00:00\" \/>\n<meta property=\"article:modified_time\" content=\"2023-05-06T20:30:22+00:00\" \/>\n<meta property=\"og:image\" content=\"https:\/\/www.abvp.pt\/wp-content\/uploads\/mala-de-viagem_quilometro-infinito2.webp\" \/>\n\t<meta property=\"og:image:width\" content=\"1170\" \/>\n\t<meta property=\"og:image:height\" content=\"550\" \/>\n\t<meta property=\"og:image:type\" content=\"image\/webp\" \/>\n<meta name=\"author\" content=\"Raquel Morgado\" \/>\n<meta name=\"twitter:card\" content=\"summary_large_image\" \/>\n<meta name=\"twitter:creator\" content=\"@abvppt\" \/>\n<meta name=\"twitter:site\" content=\"@abvppt\" \/>\n<meta name=\"twitter:label1\" content=\"Written by\" \/>\n\t<meta name=\"twitter:data1\" content=\"Raquel Morgado\" \/>\n\t<meta name=\"twitter:label2\" content=\"Estimated reading time\" \/>\n\t<meta name=\"twitter:data2\" content=\"11 minutes\" \/>\n<script type=\"application\/ld+json\" class=\"yoast-schema-graph\">{\"@context\":\"https:\/\/schema.org\",\"@graph\":[{\"@type\":\"Article\",\"@id\":\"https:\/\/www.abvp.pt\/viajantes-contam-como-fazem-a-mala-de-viagem\/#article\",\"isPartOf\":{\"@id\":\"https:\/\/www.abvp.pt\/viajantes-contam-como-fazem-a-mala-de-viagem\/\"},\"author\":{\"name\":\"Raquel Morgado\",\"@id\":\"https:\/\/www.abvp.pt\/#\/schema\/person\/1da4cadfd74077b7a2a5822961049b25\"},\"headline\":\"Mala de viagem para cinco formas de viajar\",\"datePublished\":\"2023-01-31T18:34:27+00:00\",\"dateModified\":\"2023-05-06T20:30:22+00:00\",\"mainEntityOfPage\":{\"@id\":\"https:\/\/www.abvp.pt\/viajantes-contam-como-fazem-a-mala-de-viagem\/\"},\"wordCount\":1897,\"commentCount\":0,\"publisher\":{\"@id\":\"https:\/\/www.abvp.pt\/#organization\"},\"image\":{\"@id\":\"https:\/\/www.abvp.pt\/viajantes-contam-como-fazem-a-mala-de-viagem\/#primaryimage\"},\"thumbnailUrl\":\"https:\/\/www.abvp.pt\/wp-content\/uploads\/mala-de-viagem_quilometro-infinito2.webp\",\"keywords\":[\"mala de viagem\"],\"articleSection\":[\"Conte\u00fado\"],\"inLanguage\":\"en-GB\",\"potentialAction\":[{\"@type\":\"CommentAction\",\"name\":\"Comment\",\"target\":[\"https:\/\/www.abvp.pt\/viajantes-contam-como-fazem-a-mala-de-viagem\/#respond\"]}]},{\"@type\":\"WebPage\",\"@id\":\"https:\/\/www.abvp.pt\/viajantes-contam-como-fazem-a-mala-de-viagem\/\",\"url\":\"https:\/\/www.abvp.pt\/viajantes-contam-como-fazem-a-mala-de-viagem\/\",\"name\":\"Mala de viagem para cinco formas de viajar\",\"isPartOf\":{\"@id\":\"https:\/\/www.abvp.pt\/#website\"},\"primaryImageOfPage\":{\"@id\":\"https:\/\/www.abvp.pt\/viajantes-contam-como-fazem-a-mala-de-viagem\/#primaryimage\"},\"image\":{\"@id\":\"https:\/\/www.abvp.pt\/viajantes-contam-como-fazem-a-mala-de-viagem\/#primaryimage\"},\"thumbnailUrl\":\"https:\/\/www.abvp.pt\/wp-content\/uploads\/mala-de-viagem_quilometro-infinito2.webp\",\"datePublished\":\"2023-01-31T18:34:27+00:00\",\"dateModified\":\"2023-05-06T20:30:22+00:00\",\"description\":\"A pergunta que muitos viajantes ouvem \u00e9: como \u00e9 que fazes a mala para a viagem? Solu\u00e7\u00e3o: levar o essencial. \u00c9 f\u00e1cil? N\u00e3o. Por isso temos aqui cinco testemunhos.\",\"breadcrumb\":{\"@id\":\"https:\/\/www.abvp.pt\/viajantes-contam-como-fazem-a-mala-de-viagem\/#breadcrumb\"},\"inLanguage\":\"en-GB\",\"potentialAction\":[{\"@type\":\"ReadAction\",\"target\":[\"https:\/\/www.abvp.pt\/viajantes-contam-como-fazem-a-mala-de-viagem\/\"]}]},{\"@type\":\"ImageObject\",\"inLanguage\":\"en-GB\",\"@id\":\"https:\/\/www.abvp.pt\/viajantes-contam-como-fazem-a-mala-de-viagem\/#primaryimage\",\"url\":\"https:\/\/www.abvp.pt\/wp-content\/uploads\/mala-de-viagem_quilometro-infinito2.webp\",\"contentUrl\":\"https:\/\/www.abvp.pt\/wp-content\/uploads\/mala-de-viagem_quilometro-infinito2.webp\",\"width\":1170,\"height\":550},{\"@type\":\"BreadcrumbList\",\"@id\":\"https:\/\/www.abvp.pt\/viajantes-contam-como-fazem-a-mala-de-viagem\/#breadcrumb\",\"itemListElement\":[{\"@type\":\"ListItem\",\"position\":1,\"name\":\"In\u00edcio\",\"item\":\"https:\/\/www.abvp.pt\/\"},{\"@type\":\"ListItem\",\"position\":2,\"name\":\"Mala de viagem para cinco formas de viajar\"}]},{\"@type\":\"WebSite\",\"@id\":\"https:\/\/www.abvp.pt\/#website\",\"url\":\"https:\/\/www.abvp.pt\/\",\"name\":\"ABVP\",\"description\":\"Associa\u00e7\u00e3o de Bloggers de Viagem Portugueses\",\"publisher\":{\"@id\":\"https:\/\/www.abvp.pt\/#organization\"},\"potentialAction\":[{\"@type\":\"SearchAction\",\"target\":{\"@type\":\"EntryPoint\",\"urlTemplate\":\"https:\/\/www.abvp.pt\/?s={search_term_string}\"},\"query-input\":{\"@type\":\"PropertyValueSpecification\",\"valueRequired\":true,\"valueName\":\"search_term_string\"}}],\"inLanguage\":\"en-GB\"},{\"@type\":\"Organization\",\"@id\":\"https:\/\/www.abvp.pt\/#organization\",\"name\":\"ABVP\",\"url\":\"https:\/\/www.abvp.pt\/\",\"logo\":{\"@type\":\"ImageObject\",\"inLanguage\":\"en-GB\",\"@id\":\"https:\/\/www.abvp.pt\/#\/schema\/logo\/image\/\",\"url\":\"https:\/\/www.abvp.pt\/wp-content\/uploads\/Logo-Header-dark.svg\",\"contentUrl\":\"https:\/\/www.abvp.pt\/wp-content\/uploads\/Logo-Header-dark.svg\",\"width\":325,\"height\":48,\"caption\":\"ABVP\"},\"image\":{\"@id\":\"https:\/\/www.abvp.pt\/#\/schema\/logo\/image\/\"},\"sameAs\":[\"https:\/\/www.facebook.com\/abvppt\/\",\"https:\/\/x.com\/abvppt\",\"https:\/\/www.instagram.com\/abvppt\/\"]},{\"@type\":\"Person\",\"@id\":\"https:\/\/www.abvp.pt\/#\/schema\/person\/1da4cadfd74077b7a2a5822961049b25\",\"name\":\"Raquel Morgado\",\"image\":{\"@type\":\"ImageObject\",\"inLanguage\":\"en-GB\",\"@id\":\"https:\/\/www.abvp.pt\/#\/schema\/person\/image\/\",\"url\":\"https:\/\/secure.gravatar.com\/avatar\/94296622348e6f087585b252fe9d62f4?s=96&d=mm&r=g\",\"contentUrl\":\"https:\/\/secure.gravatar.com\/avatar\/94296622348e6f087585b252fe9d62f4?s=96&d=mm&r=g\",\"caption\":\"Raquel Morgado\"},\"description\":\"Viajante, profissional de sa\u00fade, m\u00e3e, viciada em s\u00e9ries e livros. N\u00e3o conta pa\u00edses visitados, mas faz contagem decrescente at\u00e9 \u00e0 pr\u00f3xima viagem. Co-autora do blog 365 dias no mundo.\",\"sameAs\":[\"https:\/\/www.365diasnomundo.com\"],\"url\":\"https:\/\/www.abvp.pt\/en\/author\/365diasnomundogmail-com\/\"}]}<\/script>\n<!-- \/ Yoast SEO plugin. -->","yoast_head_json":{"title":"Mala de viagem para cinco formas de viajar","description":"A pergunta que muitos viajantes ouvem \u00e9: como \u00e9 que fazes a mala para a viagem? Solu\u00e7\u00e3o: levar o essencial. \u00c9 f\u00e1cil? N\u00e3o. Por isso temos aqui cinco testemunhos.","robots":{"index":"index","follow":"follow","max-snippet":"max-snippet:-1","max-image-preview":"max-image-preview:large","max-video-preview":"max-video-preview:-1"},"canonical":"https:\/\/www.abvp.pt\/en\/viajantes-contam-como-fazem-a-mala-de-viagem\/","og_locale":"en_GB","og_type":"article","og_title":"Mala de viagem para cinco formas de viajar","og_description":"A pergunta que muitos viajantes ouvem \u00e9: como \u00e9 que fazes a mala para a viagem? Solu\u00e7\u00e3o: levar o essencial. \u00c9 f\u00e1cil? N\u00e3o. Por isso temos aqui cinco testemunhos.","og_url":"https:\/\/www.abvp.pt\/en\/viajantes-contam-como-fazem-a-mala-de-viagem\/","og_site_name":"ABVP","article_publisher":"https:\/\/www.facebook.com\/abvppt\/","article_published_time":"2023-01-31T18:34:27+00:00","article_modified_time":"2023-05-06T20:30:22+00:00","og_image":[{"width":1170,"height":550,"url":"https:\/\/www.abvp.pt\/wp-content\/uploads\/mala-de-viagem_quilometro-infinito2.webp","type":"image\/webp"}],"author":"Raquel Morgado","twitter_card":"summary_large_image","twitter_creator":"@abvppt","twitter_site":"@abvppt","twitter_misc":{"Written by":"Raquel Morgado","Estimated reading time":"11 minutes"},"schema":{"@context":"https:\/\/schema.org","@graph":[{"@type":"Article","@id":"https:\/\/www.abvp.pt\/viajantes-contam-como-fazem-a-mala-de-viagem\/#article","isPartOf":{"@id":"https:\/\/www.abvp.pt\/viajantes-contam-como-fazem-a-mala-de-viagem\/"},"author":{"name":"Raquel Morgado","@id":"https:\/\/www.abvp.pt\/#\/schema\/person\/1da4cadfd74077b7a2a5822961049b25"},"headline":"Mala de viagem para cinco formas de viajar","datePublished":"2023-01-31T18:34:27+00:00","dateModified":"2023-05-06T20:30:22+00:00","mainEntityOfPage":{"@id":"https:\/\/www.abvp.pt\/viajantes-contam-como-fazem-a-mala-de-viagem\/"},"wordCount":1897,"commentCount":0,"publisher":{"@id":"https:\/\/www.abvp.pt\/#organization"},"image":{"@id":"https:\/\/www.abvp.pt\/viajantes-contam-como-fazem-a-mala-de-viagem\/#primaryimage"},"thumbnailUrl":"https:\/\/www.abvp.pt\/wp-content\/uploads\/mala-de-viagem_quilometro-infinito2.webp","keywords":["mala de viagem"],"articleSection":["Conte\u00fado"],"inLanguage":"en-GB","potentialAction":[{"@type":"CommentAction","name":"Comment","target":["https:\/\/www.abvp.pt\/viajantes-contam-como-fazem-a-mala-de-viagem\/#respond"]}]},{"@type":"WebPage","@id":"https:\/\/www.abvp.pt\/viajantes-contam-como-fazem-a-mala-de-viagem\/","url":"https:\/\/www.abvp.pt\/viajantes-contam-como-fazem-a-mala-de-viagem\/","name":"Mala de viagem para cinco formas de viajar","isPartOf":{"@id":"https:\/\/www.abvp.pt\/#website"},"primaryImageOfPage":{"@id":"https:\/\/www.abvp.pt\/viajantes-contam-como-fazem-a-mala-de-viagem\/#primaryimage"},"image":{"@id":"https:\/\/www.abvp.pt\/viajantes-contam-como-fazem-a-mala-de-viagem\/#primaryimage"},"thumbnailUrl":"https:\/\/www.abvp.pt\/wp-content\/uploads\/mala-de-viagem_quilometro-infinito2.webp","datePublished":"2023-01-31T18:34:27+00:00","dateModified":"2023-05-06T20:30:22+00:00","description":"A pergunta que muitos viajantes ouvem \u00e9: como \u00e9 que fazes a mala para a viagem? Solu\u00e7\u00e3o: levar o essencial. \u00c9 f\u00e1cil? N\u00e3o. Por isso temos aqui cinco testemunhos.","breadcrumb":{"@id":"https:\/\/www.abvp.pt\/viajantes-contam-como-fazem-a-mala-de-viagem\/#breadcrumb"},"inLanguage":"en-GB","potentialAction":[{"@type":"ReadAction","target":["https:\/\/www.abvp.pt\/viajantes-contam-como-fazem-a-mala-de-viagem\/"]}]},{"@type":"ImageObject","inLanguage":"en-GB","@id":"https:\/\/www.abvp.pt\/viajantes-contam-como-fazem-a-mala-de-viagem\/#primaryimage","url":"https:\/\/www.abvp.pt\/wp-content\/uploads\/mala-de-viagem_quilometro-infinito2.webp","contentUrl":"https:\/\/www.abvp.pt\/wp-content\/uploads\/mala-de-viagem_quilometro-infinito2.webp","width":1170,"height":550},{"@type":"BreadcrumbList","@id":"https:\/\/www.abvp.pt\/viajantes-contam-como-fazem-a-mala-de-viagem\/#breadcrumb","itemListElement":[{"@type":"ListItem","position":1,"name":"In\u00edcio","item":"https:\/\/www.abvp.pt\/"},{"@type":"ListItem","position":2,"name":"Mala de viagem para cinco formas de viajar"}]},{"@type":"WebSite","@id":"https:\/\/www.abvp.pt\/#website","url":"https:\/\/www.abvp.pt\/","name":"ABVP","description":"Association of Portuguese Travel Bloggers","publisher":{"@id":"https:\/\/www.abvp.pt\/#organization"},"potentialAction":[{"@type":"SearchAction","target":{"@type":"EntryPoint","urlTemplate":"https:\/\/www.abvp.pt\/?s={search_term_string}"},"query-input":{"@type":"PropertyValueSpecification","valueRequired":true,"valueName":"search_term_string"}}],"inLanguage":"en-GB"},{"@type":"Organization","@id":"https:\/\/www.abvp.pt\/#organization","name":"ABVP","url":"https:\/\/www.abvp.pt\/","logo":{"@type":"ImageObject","inLanguage":"en-GB","@id":"https:\/\/www.abvp.pt\/#\/schema\/logo\/image\/","url":"https:\/\/www.abvp.pt\/wp-content\/uploads\/Logo-Header-dark.svg","contentUrl":"https:\/\/www.abvp.pt\/wp-content\/uploads\/Logo-Header-dark.svg","width":325,"height":48,"caption":"ABVP"},"image":{"@id":"https:\/\/www.abvp.pt\/#\/schema\/logo\/image\/"},"sameAs":["https:\/\/www.facebook.com\/abvppt\/","https:\/\/x.com\/abvppt","https:\/\/www.instagram.com\/abvppt\/"]},{"@type":"Person","@id":"https:\/\/www.abvp.pt\/#\/schema\/person\/1da4cadfd74077b7a2a5822961049b25","name":"Raquel Morgado","image":{"@type":"ImageObject","inLanguage":"en-GB","@id":"https:\/\/www.abvp.pt\/#\/schema\/person\/image\/","url":"https:\/\/secure.gravatar.com\/avatar\/94296622348e6f087585b252fe9d62f4?s=96&d=mm&r=g","contentUrl":"https:\/\/secure.gravatar.com\/avatar\/94296622348e6f087585b252fe9d62f4?s=96&d=mm&r=g","caption":"Raquel Morgado"},"description":"Viajante, profissional de sa\u00fade, m\u00e3e, viciada em s\u00e9ries e livros. N\u00e3o conta pa\u00edses visitados, mas faz contagem decrescente at\u00e9 \u00e0 pr\u00f3xima viagem. Co-autora do blog 365 dias no mundo.","sameAs":["https:\/\/www.365diasnomundo.com"],"url":"https:\/\/www.abvp.pt\/en\/author\/365diasnomundogmail-com\/"}]}},"_links":{"self":[{"href":"https:\/\/www.abvp.pt\/en\/wp-json\/wp\/v2\/posts\/2119","targetHints":{"allow":["GET"]}}],"collection":[{"href":"https:\/\/www.abvp.pt\/en\/wp-json\/wp\/v2\/posts"}],"about":[{"href":"https:\/\/www.abvp.pt\/en\/wp-json\/wp\/v2\/types\/post"}],"author":[{"embeddable":true,"href":"https:\/\/www.abvp.pt\/en\/wp-json\/wp\/v2\/users\/38"}],"replies":[{"embeddable":true,"href":"https:\/\/www.abvp.pt\/en\/wp-json\/wp\/v2\/comments?post=2119"}],"version-history":[{"count":0,"href":"https:\/\/www.abvp.pt\/en\/wp-json\/wp\/v2\/posts\/2119\/revisions"}],"wp:featuredmedia":[{"embeddable":true,"href":"https:\/\/www.abvp.pt\/en\/wp-json\/wp\/v2\/media\/2152"}],"wp:attachment":[{"href":"https:\/\/www.abvp.pt\/en\/wp-json\/wp\/v2\/media?parent=2119"}],"wp:term":[{"taxonomy":"category","embeddable":true,"href":"https:\/\/www.abvp.pt\/en\/wp-json\/wp\/v2\/categories?post=2119"},{"taxonomy":"post_tag","embeddable":true,"href":"https:\/\/www.abvp.pt\/en\/wp-json\/wp\/v2\/tags?post=2119"}],"curies":[{"name":"wp","href":"https:\/\/api.w.org\/{rel}","templated":true}]}}