{"id":2159,"date":"2022-06-09T16:00:07","date_gmt":"2022-06-09T15:00:07","guid":{"rendered":"https:\/\/www.abvp.pt\/?p=2159"},"modified":"2023-05-06T21:26:04","modified_gmt":"2023-05-06T20:26:04","slug":"blogtrip-turismo-industrial-no-centro-de-portugal","status":"publish","type":"post","link":"https:\/\/www.abvp.pt\/en\/blogtrip-turismo-industrial-no-centro-de-portugal\/","title":{"rendered":"Blogtrip: Turismo Industrial no Centro de Portugal"},"content":{"rendered":"<p>Quatro membros da ABVP &#8211; Associa\u00e7\u00e3o de Bloggers de Viagens Portugueses, participaram na blogtrip &#8220;\u00c0 Descoberta do Turismo Industrial&#8221;, promovida pelo Turismo Centro de Portugal, entre 12 e 14 de abril de 2022. <\/p>\n\n\n\n<p>David Samuel Santos (<a href=\"http:\/\/www.dobrarfronteiras.com\/\">Dobrar Fronteiras<\/a>), Filipe Morato Gomes (<a href=\"http:\/\/www.almadeviajante.pt\/\">Alma de Viajante<\/a>), Marta Dur\u00e1n (<a href=\"http:\/\/www.boleiasdamarta.pt\/\">Boleias da Marta<\/a>) e S\u00f3nia Justo (<a href=\"http:\/\/www.lovelylisbonner.com\/\">The Lovely Lisbonner<\/a>) realizaram esta viagem, integrada na iniciativa nacional &#8220;\u00c0 Descoberta do Turismo Industrial&#8221;, que decorreu de 8 a 14 de abril.<\/p>\n\n\n\n<figure class=\"wp-block-image aligncenter size-large\"><img fetchpriority=\"high\" decoding=\"async\" width=\"1600\" height=\"1068\" src=\"https:\/\/www.abvp.pt\/wp-content\/uploads\/IMG_5492-1600x1068.jpg\" alt=\"\" class=\"wp-image-2182\" srcset=\"https:\/\/www.abvp.pt\/wp-content\/uploads\/IMG_5492-1600x1068.jpg 1600w, https:\/\/www.abvp.pt\/wp-content\/uploads\/IMG_5492-600x400.jpg 600w, https:\/\/www.abvp.pt\/wp-content\/uploads\/IMG_5492-800x534.jpg 800w, https:\/\/www.abvp.pt\/wp-content\/uploads\/IMG_5492-150x100.jpg 150w, https:\/\/www.abvp.pt\/wp-content\/uploads\/IMG_5492-768x512.jpg 768w, https:\/\/www.abvp.pt\/wp-content\/uploads\/IMG_5492-1536x1025.jpg 1536w, https:\/\/www.abvp.pt\/wp-content\/uploads\/IMG_5492.jpg 1920w\" sizes=\"(max-width: 1600px) 100vw, 1600px\" \/><figcaption>Foto: Turismo Centro de Portugal &#8211; Pedro Cerqueira<\/figcaption><\/figure>\n\n\n\n<p>A blogtrip levou o grupo \u00e0 descoberta do Patrim\u00f3nio Industrial e de Ind\u00fastria viva no centro do pa\u00eds, passando pelo Entroncamento, Alcanena, Porto de M\u00f3s, Leiria, Marinha Grande, \u00cdlhavo e Estarreja. <\/p>\n\n\n\n<h2 class=\"wp-block-heading\">Patrim\u00f3nio Industrial e Ind\u00fastria Viva<\/h2>\n\n\n\n<p>Durante tr\u00eas dias, os bloggers tiveram a oportunidade de conhecer o Patrim\u00f3nio Industrial e a Ind\u00fastria Viva do Centro de Portugal, em alguns dos locais que fazem parte da Rota do Turismo Industrial. <\/p>\n\n\n\n<figure class=\"wp-block-image aligncenter size-large\"><img decoding=\"async\" width=\"1600\" height=\"1067\" src=\"https:\/\/www.abvp.pt\/wp-content\/uploads\/IMG_9632-1600x1067.jpg\" alt=\"\" class=\"wp-image-2178\" srcset=\"https:\/\/www.abvp.pt\/wp-content\/uploads\/IMG_9632-1600x1067.jpg 1600w, https:\/\/www.abvp.pt\/wp-content\/uploads\/IMG_9632-600x400.jpg 600w, https:\/\/www.abvp.pt\/wp-content\/uploads\/IMG_9632-800x533.jpg 800w, https:\/\/www.abvp.pt\/wp-content\/uploads\/IMG_9632-150x100.jpg 150w, https:\/\/www.abvp.pt\/wp-content\/uploads\/IMG_9632-768x512.jpg 768w, https:\/\/www.abvp.pt\/wp-content\/uploads\/IMG_9632-1536x1024.jpg 1536w, https:\/\/www.abvp.pt\/wp-content\/uploads\/IMG_9632.jpg 1920w\" sizes=\"(max-width: 1600px) 100vw, 1600px\" \/><\/figure>\n\n\n\n<blockquote class=\"wp-block-quote has-text-align-center is-style-default is-layout-flow wp-block-quote-is-layout-flow\"><p>O legado hist\u00f3rico e patrimonial relacionado com a ind\u00fastria est\u00e1 patente em cole\u00e7\u00f5es de tecidos, cer\u00e2mica e vidro, produtos incontorn\u00e1veis e verdadeiras fontes de inspira\u00e7\u00e3o.<\/p><cite>Central Portugal Tourist Board<\/cite><\/blockquote>\n\n\n\n<p>O grupo teve o privil\u00e9gio de ver ao vivo os artes\u00e3os a desenvolverem a sua arte e de testemunhar como ainda se trabalha o vidro atrav\u00e9s da t\u00e9cnica de vidro soprado, por exemplo.<\/p>\n\n\n\n<h2 class=\"wp-block-heading\">Locais Visitados<\/h2>\n\n\n\n<h3 class=\"wp-block-heading\">A Hist\u00f3ria da Ferrovia no Museu Nacional Ferrovi\u00e1rio do Entroncamento<\/h3>\n\n\n\n<figure class=\"wp-block-image aligncenter size-large\"><img decoding=\"async\" width=\"1600\" height=\"1067\" src=\"https:\/\/www.abvp.pt\/wp-content\/uploads\/IMG_9572-1-1600x1067.jpg\" alt=\"\" class=\"wp-image-2170\" srcset=\"https:\/\/www.abvp.pt\/wp-content\/uploads\/IMG_9572-1-1600x1067.jpg 1600w, https:\/\/www.abvp.pt\/wp-content\/uploads\/IMG_9572-1-scaled-600x400.jpg 600w, https:\/\/www.abvp.pt\/wp-content\/uploads\/IMG_9572-1-800x533.jpg 800w, https:\/\/www.abvp.pt\/wp-content\/uploads\/IMG_9572-1-150x100.jpg 150w, https:\/\/www.abvp.pt\/wp-content\/uploads\/IMG_9572-1-768x512.jpg 768w, https:\/\/www.abvp.pt\/wp-content\/uploads\/IMG_9572-1-1536x1024.jpg 1536w, https:\/\/www.abvp.pt\/wp-content\/uploads\/IMG_9572-1-2048x1365.jpg 2048w\" sizes=\"(max-width: 1600px) 100vw, 1600px\" \/><\/figure>\n\n\n\n<p>A viagem come\u00e7ou no Entroncamento com a visita ao Museu Nacional Ferrovi\u00e1rio e almo\u00e7o na carruagem-restaurante, dentro do complexo do museu. O espa\u00e7o pertence \u00e0 Rede Nacional de Museus Ferrovi\u00e1rios, cujo patrim\u00f3nio pode ser visitado em diversos pontos do pa\u00eds.<\/p>\n\n\n\n<h3 class=\"wp-block-heading\">Viagem ao Mundo da L\u00e3 &#8211; desde a tosquia ao produto final<\/h3>\n\n\n\n<figure class=\"wp-block-image aligncenter size-large\"><img loading=\"lazy\" decoding=\"async\" width=\"1600\" height=\"1067\" src=\"https:\/\/www.abvp.pt\/wp-content\/uploads\/IMG_9616-1600x1067.jpg\" alt=\"\" class=\"wp-image-2171\" srcset=\"https:\/\/www.abvp.pt\/wp-content\/uploads\/IMG_9616-1600x1067.jpg 1600w, https:\/\/www.abvp.pt\/wp-content\/uploads\/IMG_9616-600x400.jpg 600w, https:\/\/www.abvp.pt\/wp-content\/uploads\/IMG_9616-800x533.jpg 800w, https:\/\/www.abvp.pt\/wp-content\/uploads\/IMG_9616-150x100.jpg 150w, https:\/\/www.abvp.pt\/wp-content\/uploads\/IMG_9616-768x512.jpg 768w, https:\/\/www.abvp.pt\/wp-content\/uploads\/IMG_9616-1536x1024.jpg 1536w, https:\/\/www.abvp.pt\/wp-content\/uploads\/IMG_9616.jpg 1920w\" sizes=\"(max-width: 1600px) 100vw, 1600px\" \/><\/figure>\n\n\n\n<p>Em Alcanena &#8220;entraram&#8221; no mundo da l\u00e3 com a visita a um lavadouro, onde decorre a primeira etapa no processo de tratamento da l\u00e3, depois da tosquia. <\/p>\n\n\n\n<p>A visita \u00e0 f\u00e1brica Multil\u00e3s, respons\u00e1vel pela marca Chicora\u00e7\u00e3o, com showroom na f\u00e1brica e lojas de venda ao p\u00fablico em Lisboa, em Porto de M\u00f3s, permitiu conhecer as pr\u00f3ximas etapas no tratamento da l\u00e3, nomeadamente a fia\u00e7\u00e3o (transforma\u00e7\u00e3o da rama em fio).<\/p>\n\n\n\n<p>Em frente \u00e0 f\u00e1brica fica o MIAT &#8211; Museu Industrial e Artesanal do T\u00eaxtil, localizado numa antiga f\u00e1brica de tapetes, que tamb\u00e9m foi poss\u00edvel visitar. O grande objetivo do museu \u00e9 homenagear a ind\u00fastria do t\u00eaxtil de Mira de Aire e Minde.<\/p>\n\n\n\n<h3 class=\"wp-block-heading\">A Hist\u00f3ria do Cimento &#8211; Museu e F\u00e1brica do Cimento da Maceira Liz<\/h3>\n\n\n\n<figure class=\"wp-block-image aligncenter size-large\"><img loading=\"lazy\" decoding=\"async\" width=\"900\" height=\"1600\" src=\"https:\/\/www.abvp.pt\/wp-content\/uploads\/IMG_4059-900x1600.jpg\" alt=\"\" class=\"wp-image-2172\" srcset=\"https:\/\/www.abvp.pt\/wp-content\/uploads\/IMG_4059-900x1600.jpg 900w, https:\/\/www.abvp.pt\/wp-content\/uploads\/IMG_4059-scaled-600x1067.jpg 600w, https:\/\/www.abvp.pt\/wp-content\/uploads\/IMG_4059-450x800.jpg 450w, https:\/\/www.abvp.pt\/wp-content\/uploads\/IMG_4059-84x150.jpg 84w, https:\/\/www.abvp.pt\/wp-content\/uploads\/IMG_4059-768x1365.jpg 768w, https:\/\/www.abvp.pt\/wp-content\/uploads\/IMG_4059-864x1536.jpg 864w, https:\/\/www.abvp.pt\/wp-content\/uploads\/IMG_4059-1152x2048.jpg 1152w, https:\/\/www.abvp.pt\/wp-content\/uploads\/IMG_4059-scaled.jpg 1440w\" sizes=\"(max-width: 900px) 100vw, 900px\" \/><\/figure>\n\n\n\n<p>Em Leiria, o grupo visitou o museu e f\u00e1brica do cimento da Maceira Liz, conhecendo a hist\u00f3ria da unidade, do pr\u00f3prio produto, e o impacto deste na economia do pa\u00eds e da regi\u00e3o. A visita foi acompanhada por dois antigos funcion\u00e1rios da f\u00e1brica, que para al\u00e9m dos aspetos t\u00e9cnicos transmitiram muito da parte afetiva e emocional que os liga ao local.<\/p>\n\n\n\n<h3 class=\"wp-block-heading\">Imers\u00e3o na Ind\u00fastria do Vidro na Marinha Grande<\/h3>\n\n\n\n<figure class=\"wp-block-image aligncenter size-large\"><img loading=\"lazy\" decoding=\"async\" width=\"1067\" height=\"1600\" src=\"https:\/\/www.abvp.pt\/wp-content\/uploads\/IMG_9748-1067x1600.jpg\" alt=\"\" class=\"wp-image-2173\" srcset=\"https:\/\/www.abvp.pt\/wp-content\/uploads\/IMG_9748-1067x1600.jpg 1067w, https:\/\/www.abvp.pt\/wp-content\/uploads\/IMG_9748-600x900.jpg 600w, https:\/\/www.abvp.pt\/wp-content\/uploads\/IMG_9748-533x800.jpg 533w, https:\/\/www.abvp.pt\/wp-content\/uploads\/IMG_9748-100x150.jpg 100w, https:\/\/www.abvp.pt\/wp-content\/uploads\/IMG_9748-768x1152.jpg 768w, https:\/\/www.abvp.pt\/wp-content\/uploads\/IMG_9748-1024x1536.jpg 1024w, https:\/\/www.abvp.pt\/wp-content\/uploads\/IMG_9748.jpg 1280w\" sizes=\"(max-width: 1067px) 100vw, 1067px\" \/><\/figure>\n\n\n\n<p>Quando pensamos na Marinha Grande \u00e9 inevit\u00e1vel associ\u00e1-la \u00e0 ind\u00fastria do vidro, uma vez que esta ind\u00fastria moldou a hist\u00f3ria e a vida da cidade e dos seus habitantes.<\/p>\n\n\n\n<p>O tempo na Marinha Grande dividiu-se em tr\u00eas momentos. Come\u00e7ou no Museu do Vidro, seguiu-se a visita ao<strong> atelier de artesanato vivo<\/strong>, onde os artes\u00e3os trabalham o vidro atrav\u00e9s de t\u00e9cnicas de lapida\u00e7\u00e3o e do uso do ma\u00e7arico. Por \u00faltimo, visitou-se a f\u00e1brica Vidrexport, a \u00fanica  na Marinha Grande onde ainda se trabalha de forma artesanal atrav\u00e9s da t\u00e9cnica do vidro soprado.<\/p>\n\n\n\n<h3 class=\"wp-block-heading\"> O Vidro e a Lou\u00e7a em P\u00f3 de Pedra<\/h3>\n\n\n\n<figure class=\"wp-block-image aligncenter size-large\"><img loading=\"lazy\" decoding=\"async\" width=\"900\" height=\"1600\" src=\"https:\/\/www.abvp.pt\/wp-content\/uploads\/IMG_4154-900x1600.jpg\" alt=\"\" class=\"wp-image-2175\" srcset=\"https:\/\/www.abvp.pt\/wp-content\/uploads\/IMG_4154-900x1600.jpg 900w, https:\/\/www.abvp.pt\/wp-content\/uploads\/IMG_4154-scaled-600x1067.jpg 600w, https:\/\/www.abvp.pt\/wp-content\/uploads\/IMG_4154-450x800.jpg 450w, https:\/\/www.abvp.pt\/wp-content\/uploads\/IMG_4154-84x150.jpg 84w, https:\/\/www.abvp.pt\/wp-content\/uploads\/IMG_4154-768x1365.jpg 768w, https:\/\/www.abvp.pt\/wp-content\/uploads\/IMG_4154-864x1536.jpg 864w, https:\/\/www.abvp.pt\/wp-content\/uploads\/IMG_4154-1152x2048.jpg 1152w, https:\/\/www.abvp.pt\/wp-content\/uploads\/IMG_4154-scaled.jpg 1440w\" sizes=\"(max-width: 900px) 100vw, 900px\" \/><\/figure>\n\n\n\n<p>Em \u00cdlhavo conheceram o <strong>mundo da Vista Alegre<\/strong>, com um programa que come\u00e7ou no antigo forno e se desdobrou em v\u00e1rias mini visitas dentro do complexo: o museu, o bairro oper\u00e1rio, a capela, o teatro, o atelier de pintura manual e as lojas Bordalo Pinheiro e Vista Alegre. A visita guiada foi feita por uma das funcion\u00e1rias que tem a sua hist\u00f3ria de vida ligada \u00e0 Vista Alegre, filha e nora de antigos funcion\u00e1rios.<\/p>\n\n\n\n<p>Os bloggers tiveram ainda a oportunidade de participar num workshop sobre cer\u00e2mica e pintura manual.<\/p>\n\n\n\n<figure class=\"wp-block-image aligncenter size-large\"><img loading=\"lazy\" decoding=\"async\" width=\"1600\" height=\"1068\" src=\"https:\/\/www.abvp.pt\/wp-content\/uploads\/IMG_5493-1600x1068.jpg\" alt=\"\" class=\"wp-image-2183\" srcset=\"https:\/\/www.abvp.pt\/wp-content\/uploads\/IMG_5493-1600x1068.jpg 1600w, https:\/\/www.abvp.pt\/wp-content\/uploads\/IMG_5493-600x400.jpg 600w, https:\/\/www.abvp.pt\/wp-content\/uploads\/IMG_5493-800x534.jpg 800w, https:\/\/www.abvp.pt\/wp-content\/uploads\/IMG_5493-150x100.jpg 150w, https:\/\/www.abvp.pt\/wp-content\/uploads\/IMG_5493-768x512.jpg 768w, https:\/\/www.abvp.pt\/wp-content\/uploads\/IMG_5493-1536x1025.jpg 1536w, https:\/\/www.abvp.pt\/wp-content\/uploads\/IMG_5493.jpg 1920w\" sizes=\"(max-width: 1600px) 100vw, 1600px\" \/><figcaption>Foto: Turismo Centro de Portugal &#8211; Pedro Cerqueira<\/figcaption><\/figure>\n\n\n\n<h3 class=\"wp-block-heading\">&#8220;Arroz &#8211; F\u00e1brica da Hist\u00f3ria&#8221; &#8211; Futura F\u00e1brica do Descasque do Arroz <\/h3>\n\n\n\n<p>Em Estarreja, no mesmo local onde em 1922 come\u00e7ou a laborar a \u201cHidro-El\u00e9ctrica de Estarreja\u201d, vai nascer a &#8220;Arroz &#8211; F\u00e1brica da Hist\u00f3ria&#8221; na futura f\u00e1brica de descasque do arroz. O projeto inclui a cria\u00e7\u00e3o de um circuito museol\u00f3gico, com recurso a novas tecnologias, com o objetivo contar a hist\u00f3ria da ind\u00fastria do arroz nesta regi\u00e3o.<\/p>\n\n\n\n<h2 class=\"wp-block-heading\">Alojamento<\/h2>\n\n\n\n<p>Durante a blogtrip, os participantes ficaram alojados no Hotel Montebelo Vista Alegre (em \u00cdlhavo) e no Cooking &amp; Nature \/ Nest (em Porto de M\u00f3s), onde tamb\u00e9m tiveram uma experi\u00eancia de <em>showcooking<\/em> durante o jantar.<\/p>\n\n\n\n<h2 class=\"wp-block-heading\">Posts Publicados<\/h2>\n\n\n\n<p>Para al\u00e9m de muitas e inspiradas partilhas nas redes sociais, os participantes j\u00e1 produziram conte\u00fado sobre esta blogtrip nos respetivos blogs. A saber:<\/p>\n\n\n\n<p><a href=\"https:\/\/dobrarfronteiras.com\/turismo-industrial-leiria-marinha-grande\/\">Turismo industrial em Leiria e Marinha Grande<\/a>  (Dobrar Fronteiras)<\/p>\n\n\n\n<p><a href=\"https:\/\/www.almadeviajante.com\/turismo-industrial-centro-portugal\/\" target=\"_blank\" rel=\"noreferrer noopener\">Turismo industrial: um roteiro no Centro de Portugal<\/a> (Alma de Viajante)<\/p>\n\n\n\n<p> <a href=\"https:\/\/www.boleiasdamarta.pt\/turismo-indrustrial\/\">Turismo industrial: Centro de Portugal<\/a> (Boleias da Marta)<\/p>\n\n\n\n<p><a href=\"https:\/\/lovelylisbonner.com\/roteiro-de-3-dias-turismo-industrial-no-centro-de-portugal\/\" target=\"_blank\" rel=\"noreferrer noopener\">Roteiro de 3 dias, Turismo Industrial no Centro de Portugal <\/a>(Lovely Lisbonner)<\/p>\n\n\n\n<p> <\/p>","protected":false},"excerpt":{"rendered":"<p>Quatro membros da ABVP &#8211; Associa\u00e7\u00e3o de Bloggers de Viagens Portugueses, participaram na blogtrip &#8220;\u00c0 Descoberta do Turismo Industrial&#8221;, promovida pelo Turismo Centro de Portugal, entre 12 e 14 de [&hellip;]<\/p>\n","protected":false},"author":40,"featured_media":2182,"comment_status":"open","ping_status":"closed","sticky":false,"template":"","format":"standard","meta":{"_price":"","_stock":"","_tribe_ticket_header":"","_tribe_default_ticket_provider":"","_tribe_ticket_capacity":"0","_ticket_start_date":"","_ticket_end_date":"","_tribe_ticket_show_description":"","_tribe_ticket_show_not_going":false,"_tribe_ticket_use_global_stock":"","_tribe_ticket_global_stock_level":"","_global_stock_mode":"","_global_stock_cap":"","_tribe_rsvp_for_event":"","_tribe_ticket_going_count":"","_tribe_ticket_not_going_count":"","_tribe_tickets_list":"[]","_tribe_ticket_has_attendee_info_fields":false,"_EventAllDay":false,"_EventTimezone":"","_EventStartDate":"","_EventEndDate":"","_EventStartDateUTC":"","_EventEndDateUTC":"","_EventShowMap":false,"_EventShowMapLink":false,"_EventURL":"","_EventCost":"","_EventCostDescription":"","_EventCurrencySymbol":"","_EventCurrencyCode":"","_EventCurrencyPosition":"","_EventDateTimeSeparator":"","_EventTimeRangeSeparator":"","_EventOrganizerID":[],"_EventVenueID":[],"_OrganizerEmail":"","_OrganizerPhone":"","_OrganizerWebsite":"","_VenueAddress":"","_VenueCity":"","_VenueCountry":"","_VenueProvince":"","_VenueState":"","_VenueZip":"","_VenuePhone":"","_VenueURL":"","_VenueStateProvince":"","_VenueLat":"","_VenueLng":"","_VenueShowMap":false,"_VenueShowMapLink":false,"footnotes":""},"categories":[1],"tags":[5],"class_list":["post-2159","post","type-post","status-publish","format-standard","has-post-thumbnail","hentry","category-conteudo","tag-blog-trip"],"blocksy_meta":[],"yoast_head":"<!-- This site is optimized with the Yoast SEO plugin v26.4 - https:\/\/yoast.com\/wordpress\/plugins\/seo\/ -->\n<title>Blogtrip: Turismo Industrial no Centro de Portugal - ABVP<\/title>\n<meta name=\"description\" content=\"Blog Trip &quot;\u00c0 Descoberta do Turismo Industrial&quot; no Centro de Portugal. Com 4 membros da ABVP-Associa\u00e7\u00e3o de Bloggers de Viagem Portugueses.\" \/>\n<meta name=\"robots\" content=\"index, follow, max-snippet:-1, max-image-preview:large, max-video-preview:-1\" \/>\n<link rel=\"canonical\" href=\"https:\/\/www.abvp.pt\/en\/blogtrip-turismo-industrial-no-centro-de-portugal\/\" \/>\n<meta property=\"og:locale\" content=\"en_GB\" \/>\n<meta property=\"og:type\" content=\"article\" \/>\n<meta property=\"og:title\" content=\"Blogtrip: Turismo Industrial no Centro de Portugal - ABVP\" \/>\n<meta property=\"og:description\" content=\"Blog Trip &quot;\u00c0 Descoberta do Turismo Industrial&quot; no Centro de Portugal. Com 4 membros da ABVP-Associa\u00e7\u00e3o de Bloggers de Viagem Portugueses.\" \/>\n<meta property=\"og:url\" content=\"https:\/\/www.abvp.pt\/en\/blogtrip-turismo-industrial-no-centro-de-portugal\/\" \/>\n<meta property=\"og:site_name\" content=\"ABVP\" \/>\n<meta property=\"article:publisher\" content=\"https:\/\/www.facebook.com\/abvppt\/\" \/>\n<meta property=\"article:author\" content=\"http:\/\/www.facebook.com\/lovelylisbonner\" \/>\n<meta property=\"article:published_time\" content=\"2022-06-09T15:00:07+00:00\" \/>\n<meta property=\"article:modified_time\" content=\"2023-05-06T20:26:04+00:00\" \/>\n<meta property=\"og:image\" content=\"https:\/\/www.abvp.pt\/wp-content\/uploads\/IMG_5492.jpg\" \/>\n\t<meta property=\"og:image:width\" content=\"1920\" \/>\n\t<meta property=\"og:image:height\" content=\"1281\" \/>\n\t<meta property=\"og:image:type\" content=\"image\/jpeg\" \/>\n<meta name=\"author\" content=\"Sonia Justo\" \/>\n<meta name=\"twitter:card\" content=\"summary_large_image\" \/>\n<meta name=\"twitter:creator\" content=\"@abvppt\" \/>\n<meta name=\"twitter:site\" content=\"@abvppt\" \/>\n<meta name=\"twitter:label1\" content=\"Written by\" \/>\n\t<meta name=\"twitter:data1\" content=\"Sonia Justo\" \/>\n\t<meta name=\"twitter:label2\" content=\"Estimated reading time\" \/>\n\t<meta name=\"twitter:data2\" content=\"7 minutes\" \/>\n<script type=\"application\/ld+json\" class=\"yoast-schema-graph\">{\"@context\":\"https:\/\/schema.org\",\"@graph\":[{\"@type\":\"Article\",\"@id\":\"https:\/\/www.abvp.pt\/blogtrip-turismo-industrial-no-centro-de-portugal\/#article\",\"isPartOf\":{\"@id\":\"https:\/\/www.abvp.pt\/blogtrip-turismo-industrial-no-centro-de-portugal\/\"},\"author\":{\"name\":\"Sonia Justo\",\"@id\":\"https:\/\/www.abvp.pt\/#\/schema\/person\/4de3d51d7ae6f9cbbcd9cccaf356c7e5\"},\"headline\":\"Blogtrip: Turismo Industrial no Centro de Portugal\",\"datePublished\":\"2022-06-09T15:00:07+00:00\",\"dateModified\":\"2023-05-06T20:26:04+00:00\",\"mainEntityOfPage\":{\"@id\":\"https:\/\/www.abvp.pt\/blogtrip-turismo-industrial-no-centro-de-portugal\/\"},\"wordCount\":928,\"commentCount\":0,\"publisher\":{\"@id\":\"https:\/\/www.abvp.pt\/#organization\"},\"image\":{\"@id\":\"https:\/\/www.abvp.pt\/blogtrip-turismo-industrial-no-centro-de-portugal\/#primaryimage\"},\"thumbnailUrl\":\"https:\/\/www.abvp.pt\/wp-content\/uploads\/IMG_5492.jpg\",\"keywords\":[\"blog trip\"],\"articleSection\":[\"Conte\u00fado\"],\"inLanguage\":\"en-GB\",\"potentialAction\":[{\"@type\":\"CommentAction\",\"name\":\"Comment\",\"target\":[\"https:\/\/www.abvp.pt\/blogtrip-turismo-industrial-no-centro-de-portugal\/#respond\"]}]},{\"@type\":\"WebPage\",\"@id\":\"https:\/\/www.abvp.pt\/blogtrip-turismo-industrial-no-centro-de-portugal\/\",\"url\":\"https:\/\/www.abvp.pt\/blogtrip-turismo-industrial-no-centro-de-portugal\/\",\"name\":\"Blogtrip: Turismo Industrial no Centro de Portugal - ABVP\",\"isPartOf\":{\"@id\":\"https:\/\/www.abvp.pt\/#website\"},\"primaryImageOfPage\":{\"@id\":\"https:\/\/www.abvp.pt\/blogtrip-turismo-industrial-no-centro-de-portugal\/#primaryimage\"},\"image\":{\"@id\":\"https:\/\/www.abvp.pt\/blogtrip-turismo-industrial-no-centro-de-portugal\/#primaryimage\"},\"thumbnailUrl\":\"https:\/\/www.abvp.pt\/wp-content\/uploads\/IMG_5492.jpg\",\"datePublished\":\"2022-06-09T15:00:07+00:00\",\"dateModified\":\"2023-05-06T20:26:04+00:00\",\"description\":\"Blog Trip \\\"\u00c0 Descoberta do Turismo Industrial\\\" no Centro de Portugal. Com 4 membros da ABVP-Associa\u00e7\u00e3o de Bloggers de Viagem Portugueses.\",\"breadcrumb\":{\"@id\":\"https:\/\/www.abvp.pt\/blogtrip-turismo-industrial-no-centro-de-portugal\/#breadcrumb\"},\"inLanguage\":\"en-GB\",\"potentialAction\":[{\"@type\":\"ReadAction\",\"target\":[\"https:\/\/www.abvp.pt\/blogtrip-turismo-industrial-no-centro-de-portugal\/\"]}]},{\"@type\":\"ImageObject\",\"inLanguage\":\"en-GB\",\"@id\":\"https:\/\/www.abvp.pt\/blogtrip-turismo-industrial-no-centro-de-portugal\/#primaryimage\",\"url\":\"https:\/\/www.abvp.pt\/wp-content\/uploads\/IMG_5492.jpg\",\"contentUrl\":\"https:\/\/www.abvp.pt\/wp-content\/uploads\/IMG_5492.jpg\",\"width\":1920,\"height\":1281},{\"@type\":\"BreadcrumbList\",\"@id\":\"https:\/\/www.abvp.pt\/blogtrip-turismo-industrial-no-centro-de-portugal\/#breadcrumb\",\"itemListElement\":[{\"@type\":\"ListItem\",\"position\":1,\"name\":\"In\u00edcio\",\"item\":\"https:\/\/www.abvp.pt\/\"},{\"@type\":\"ListItem\",\"position\":2,\"name\":\"Blogtrip: Turismo Industrial no Centro de Portugal\"}]},{\"@type\":\"WebSite\",\"@id\":\"https:\/\/www.abvp.pt\/#website\",\"url\":\"https:\/\/www.abvp.pt\/\",\"name\":\"ABVP\",\"description\":\"Associa\u00e7\u00e3o de Bloggers de Viagem Portugueses\",\"publisher\":{\"@id\":\"https:\/\/www.abvp.pt\/#organization\"},\"potentialAction\":[{\"@type\":\"SearchAction\",\"target\":{\"@type\":\"EntryPoint\",\"urlTemplate\":\"https:\/\/www.abvp.pt\/?s={search_term_string}\"},\"query-input\":{\"@type\":\"PropertyValueSpecification\",\"valueRequired\":true,\"valueName\":\"search_term_string\"}}],\"inLanguage\":\"en-GB\"},{\"@type\":\"Organization\",\"@id\":\"https:\/\/www.abvp.pt\/#organization\",\"name\":\"ABVP\",\"url\":\"https:\/\/www.abvp.pt\/\",\"logo\":{\"@type\":\"ImageObject\",\"inLanguage\":\"en-GB\",\"@id\":\"https:\/\/www.abvp.pt\/#\/schema\/logo\/image\/\",\"url\":\"https:\/\/www.abvp.pt\/wp-content\/uploads\/Logo-Header-dark.svg\",\"contentUrl\":\"https:\/\/www.abvp.pt\/wp-content\/uploads\/Logo-Header-dark.svg\",\"width\":325,\"height\":48,\"caption\":\"ABVP\"},\"image\":{\"@id\":\"https:\/\/www.abvp.pt\/#\/schema\/logo\/image\/\"},\"sameAs\":[\"https:\/\/www.facebook.com\/abvppt\/\",\"https:\/\/x.com\/abvppt\",\"https:\/\/www.instagram.com\/abvppt\/\"]},{\"@type\":\"Person\",\"@id\":\"https:\/\/www.abvp.pt\/#\/schema\/person\/4de3d51d7ae6f9cbbcd9cccaf356c7e5\",\"name\":\"Sonia Justo\",\"image\":{\"@type\":\"ImageObject\",\"inLanguage\":\"en-GB\",\"@id\":\"https:\/\/www.abvp.pt\/#\/schema\/person\/image\/\",\"url\":\"https:\/\/secure.gravatar.com\/avatar\/c74d6b7f4e94e8ea0b3714576d4d1487?s=96&d=mm&r=g\",\"contentUrl\":\"https:\/\/secure.gravatar.com\/avatar\/c74d6b7f4e94e8ea0b3714576d4d1487?s=96&d=mm&r=g\",\"caption\":\"Sonia Justo\"},\"description\":\"Empreendedora, blogger, viajante. Fundadora do blog e canal de youtube - Lovely Lisbonner. Aborda temas relacionados com viagens e mudan\u00e7as de vida. Adora Lisboa, passear, viajar e comer\u2026 e n\u00e3o a convidem para estar muito tempo no mesmo s\u00edtio, pois gosta mesmo \u00e9 de partir \u00e0 descoberta!\",\"sameAs\":[\"http:\/\/www.lovelylisbonner.com\",\"http:\/\/www.facebook.com\/lovelylisbonner\",\"http:\/\/www.instagram.com\/lovelylisbonnertravelblog\",\"https:\/\/www.linkedin.com\/in\/s\u00f3nia-justo-9b5876129\/\",\"http:\/\/www.youtube.com\/c\/lovelylisbonner\"],\"url\":\"https:\/\/www.abvp.pt\/en\/author\/sonia-justo\/\"}]}<\/script>\n<!-- \/ Yoast SEO plugin. -->","yoast_head_json":{"title":"Blogtrip: Turismo Industrial no Centro de Portugal - ABVP","description":"Blog Trip \"\u00c0 Descoberta do Turismo Industrial\" no Centro de Portugal. Com 4 membros da ABVP-Associa\u00e7\u00e3o de Bloggers de Viagem Portugueses.","robots":{"index":"index","follow":"follow","max-snippet":"max-snippet:-1","max-image-preview":"max-image-preview:large","max-video-preview":"max-video-preview:-1"},"canonical":"https:\/\/www.abvp.pt\/en\/blogtrip-turismo-industrial-no-centro-de-portugal\/","og_locale":"en_GB","og_type":"article","og_title":"Blogtrip: Turismo Industrial no Centro de Portugal - ABVP","og_description":"Blog Trip \"\u00c0 Descoberta do Turismo Industrial\" no Centro de Portugal. Com 4 membros da ABVP-Associa\u00e7\u00e3o de Bloggers de Viagem Portugueses.","og_url":"https:\/\/www.abvp.pt\/en\/blogtrip-turismo-industrial-no-centro-de-portugal\/","og_site_name":"ABVP","article_publisher":"https:\/\/www.facebook.com\/abvppt\/","article_author":"http:\/\/www.facebook.com\/lovelylisbonner","article_published_time":"2022-06-09T15:00:07+00:00","article_modified_time":"2023-05-06T20:26:04+00:00","og_image":[{"width":1920,"height":1281,"url":"https:\/\/www.abvp.pt\/wp-content\/uploads\/IMG_5492.jpg","type":"image\/jpeg"}],"author":"Sonia Justo","twitter_card":"summary_large_image","twitter_creator":"@abvppt","twitter_site":"@abvppt","twitter_misc":{"Written by":"Sonia Justo","Estimated reading time":"7 minutes"},"schema":{"@context":"https:\/\/schema.org","@graph":[{"@type":"Article","@id":"https:\/\/www.abvp.pt\/blogtrip-turismo-industrial-no-centro-de-portugal\/#article","isPartOf":{"@id":"https:\/\/www.abvp.pt\/blogtrip-turismo-industrial-no-centro-de-portugal\/"},"author":{"name":"Sonia Justo","@id":"https:\/\/www.abvp.pt\/#\/schema\/person\/4de3d51d7ae6f9cbbcd9cccaf356c7e5"},"headline":"Blogtrip: Turismo Industrial no Centro de Portugal","datePublished":"2022-06-09T15:00:07+00:00","dateModified":"2023-05-06T20:26:04+00:00","mainEntityOfPage":{"@id":"https:\/\/www.abvp.pt\/blogtrip-turismo-industrial-no-centro-de-portugal\/"},"wordCount":928,"commentCount":0,"publisher":{"@id":"https:\/\/www.abvp.pt\/#organization"},"image":{"@id":"https:\/\/www.abvp.pt\/blogtrip-turismo-industrial-no-centro-de-portugal\/#primaryimage"},"thumbnailUrl":"https:\/\/www.abvp.pt\/wp-content\/uploads\/IMG_5492.jpg","keywords":["blog trip"],"articleSection":["Conte\u00fado"],"inLanguage":"en-GB","potentialAction":[{"@type":"CommentAction","name":"Comment","target":["https:\/\/www.abvp.pt\/blogtrip-turismo-industrial-no-centro-de-portugal\/#respond"]}]},{"@type":"WebPage","@id":"https:\/\/www.abvp.pt\/blogtrip-turismo-industrial-no-centro-de-portugal\/","url":"https:\/\/www.abvp.pt\/blogtrip-turismo-industrial-no-centro-de-portugal\/","name":"Blogtrip: Turismo Industrial no Centro de Portugal - ABVP","isPartOf":{"@id":"https:\/\/www.abvp.pt\/#website"},"primaryImageOfPage":{"@id":"https:\/\/www.abvp.pt\/blogtrip-turismo-industrial-no-centro-de-portugal\/#primaryimage"},"image":{"@id":"https:\/\/www.abvp.pt\/blogtrip-turismo-industrial-no-centro-de-portugal\/#primaryimage"},"thumbnailUrl":"https:\/\/www.abvp.pt\/wp-content\/uploads\/IMG_5492.jpg","datePublished":"2022-06-09T15:00:07+00:00","dateModified":"2023-05-06T20:26:04+00:00","description":"Blog Trip \"\u00c0 Descoberta do Turismo Industrial\" no Centro de Portugal. Com 4 membros da ABVP-Associa\u00e7\u00e3o de Bloggers de Viagem Portugueses.","breadcrumb":{"@id":"https:\/\/www.abvp.pt\/blogtrip-turismo-industrial-no-centro-de-portugal\/#breadcrumb"},"inLanguage":"en-GB","potentialAction":[{"@type":"ReadAction","target":["https:\/\/www.abvp.pt\/blogtrip-turismo-industrial-no-centro-de-portugal\/"]}]},{"@type":"ImageObject","inLanguage":"en-GB","@id":"https:\/\/www.abvp.pt\/blogtrip-turismo-industrial-no-centro-de-portugal\/#primaryimage","url":"https:\/\/www.abvp.pt\/wp-content\/uploads\/IMG_5492.jpg","contentUrl":"https:\/\/www.abvp.pt\/wp-content\/uploads\/IMG_5492.jpg","width":1920,"height":1281},{"@type":"BreadcrumbList","@id":"https:\/\/www.abvp.pt\/blogtrip-turismo-industrial-no-centro-de-portugal\/#breadcrumb","itemListElement":[{"@type":"ListItem","position":1,"name":"In\u00edcio","item":"https:\/\/www.abvp.pt\/"},{"@type":"ListItem","position":2,"name":"Blogtrip: Turismo Industrial no Centro de Portugal"}]},{"@type":"WebSite","@id":"https:\/\/www.abvp.pt\/#website","url":"https:\/\/www.abvp.pt\/","name":"ABVP","description":"Association of Portuguese Travel Bloggers","publisher":{"@id":"https:\/\/www.abvp.pt\/#organization"},"potentialAction":[{"@type":"SearchAction","target":{"@type":"EntryPoint","urlTemplate":"https:\/\/www.abvp.pt\/?s={search_term_string}"},"query-input":{"@type":"PropertyValueSpecification","valueRequired":true,"valueName":"search_term_string"}}],"inLanguage":"en-GB"},{"@type":"Organization","@id":"https:\/\/www.abvp.pt\/#organization","name":"ABVP","url":"https:\/\/www.abvp.pt\/","logo":{"@type":"ImageObject","inLanguage":"en-GB","@id":"https:\/\/www.abvp.pt\/#\/schema\/logo\/image\/","url":"https:\/\/www.abvp.pt\/wp-content\/uploads\/Logo-Header-dark.svg","contentUrl":"https:\/\/www.abvp.pt\/wp-content\/uploads\/Logo-Header-dark.svg","width":325,"height":48,"caption":"ABVP"},"image":{"@id":"https:\/\/www.abvp.pt\/#\/schema\/logo\/image\/"},"sameAs":["https:\/\/www.facebook.com\/abvppt\/","https:\/\/x.com\/abvppt","https:\/\/www.instagram.com\/abvppt\/"]},{"@type":"Person","@id":"https:\/\/www.abvp.pt\/#\/schema\/person\/4de3d51d7ae6f9cbbcd9cccaf356c7e5","name":"Sonia Justo","image":{"@type":"ImageObject","inLanguage":"en-GB","@id":"https:\/\/www.abvp.pt\/#\/schema\/person\/image\/","url":"https:\/\/secure.gravatar.com\/avatar\/c74d6b7f4e94e8ea0b3714576d4d1487?s=96&d=mm&r=g","contentUrl":"https:\/\/secure.gravatar.com\/avatar\/c74d6b7f4e94e8ea0b3714576d4d1487?s=96&d=mm&r=g","caption":"Sonia Justo"},"description":"Empreendedora, blogger, viajante. Fundadora do blog e canal de youtube - Lovely Lisbonner. Aborda temas relacionados com viagens e mudan\u00e7as de vida. Adora Lisboa, passear, viajar e comer\u2026 e n\u00e3o a convidem para estar muito tempo no mesmo s\u00edtio, pois gosta mesmo \u00e9 de partir \u00e0 descoberta!","sameAs":["http:\/\/www.lovelylisbonner.com","http:\/\/www.facebook.com\/lovelylisbonner","http:\/\/www.instagram.com\/lovelylisbonnertravelblog","https:\/\/www.linkedin.com\/in\/s\u00f3nia-justo-9b5876129\/","http:\/\/www.youtube.com\/c\/lovelylisbonner"],"url":"https:\/\/www.abvp.pt\/en\/author\/sonia-justo\/"}]}},"_links":{"self":[{"href":"https:\/\/www.abvp.pt\/en\/wp-json\/wp\/v2\/posts\/2159","targetHints":{"allow":["GET"]}}],"collection":[{"href":"https:\/\/www.abvp.pt\/en\/wp-json\/wp\/v2\/posts"}],"about":[{"href":"https:\/\/www.abvp.pt\/en\/wp-json\/wp\/v2\/types\/post"}],"author":[{"embeddable":true,"href":"https:\/\/www.abvp.pt\/en\/wp-json\/wp\/v2\/users\/40"}],"replies":[{"embeddable":true,"href":"https:\/\/www.abvp.pt\/en\/wp-json\/wp\/v2\/comments?post=2159"}],"version-history":[{"count":0,"href":"https:\/\/www.abvp.pt\/en\/wp-json\/wp\/v2\/posts\/2159\/revisions"}],"wp:featuredmedia":[{"embeddable":true,"href":"https:\/\/www.abvp.pt\/en\/wp-json\/wp\/v2\/media\/2182"}],"wp:attachment":[{"href":"https:\/\/www.abvp.pt\/en\/wp-json\/wp\/v2\/media?parent=2159"}],"wp:term":[{"taxonomy":"category","embeddable":true,"href":"https:\/\/www.abvp.pt\/en\/wp-json\/wp\/v2\/categories?post=2159"},{"taxonomy":"post_tag","embeddable":true,"href":"https:\/\/www.abvp.pt\/en\/wp-json\/wp\/v2\/tags?post=2159"}],"curies":[{"name":"wp","href":"https:\/\/api.w.org\/{rel}","templated":true}]}}