{"id":2207,"date":"2022-07-07T16:06:49","date_gmt":"2022-07-07T15:06:49","guid":{"rendered":"https:\/\/www.abvp.pt\/?p=2207"},"modified":"2023-05-06T21:31:09","modified_gmt":"2023-05-06T20:31:09","slug":"sonia-justo-entrevista","status":"publish","type":"post","link":"https:\/\/www.abvp.pt\/en\/sonia-justo-entrevista\/","title":{"rendered":"Lisboeta corajosa: S\u00f3nia Justo (entrevista)"},"content":{"rendered":"<p><strong>Name<\/strong>: S\u00f3nia Justo<\/p>\n\n\n\n<p><strong>Profiss\u00e3o<\/strong>: Empreendedora \/ Blogger<\/p>\n\n\n\n<p><strong>Data de nascimento<\/strong>: 1976<\/p>\n\n\n\n<p><strong>Local de nascimento<\/strong>: Lisboa<\/p>\n\n\n\n<p><strong>Local de resid\u00eancia<\/strong>: Lisboa<\/p>\n\n\n\n<p><strong>Pr\u00f3ximas viagens<\/strong>: A\u00e7ores &nbsp;<\/p>\n\n\n\n<p><strong>Blog: <\/strong><a href=\"https:\/\/lovelylisbonner.com\/\" target=\"_blank\" rel=\"noreferrer noopener\">Lovely Lisbonner<\/a><\/p>\n\n\n\n<p><strong>1. O que significam as viagens para si?<\/strong><\/p>\n\n\n\n<p>As viagens fazem parte da minha vida desde sempre &#8211; comecei a viajar com os meus pais muito nova &#8211; e s\u00e3o uma fonte de motiva\u00e7\u00e3o a v\u00e1rios n\u00edveis, tanto pessoal como profissionalmente. Foi atrav\u00e9s das viagens (de forma indireta) que recuperei de uma doen\u00e7a autoimune e que ultrapassei alguns momentos bastante desafiantes da minha vida. Deram-me tamb\u00e9m a oportunidade de, literalmente, mudar de vida.<\/p>\n\n\n\n<figure class=\"wp-block-image size-full\"><img fetchpriority=\"high\" decoding=\"async\" width=\"1200\" height=\"800\" src=\"https:\/\/www.abvp.pt\/wp-content\/uploads\/Copia-de-Post-blog-1200.jpg\" alt=\"\" class=\"wp-image-2211\" srcset=\"https:\/\/www.abvp.pt\/wp-content\/uploads\/Copia-de-Post-blog-1200.jpg 1200w, https:\/\/www.abvp.pt\/wp-content\/uploads\/Copia-de-Post-blog-1200-600x400.jpg 600w, https:\/\/www.abvp.pt\/wp-content\/uploads\/Copia-de-Post-blog-1200-800x533.jpg 800w, https:\/\/www.abvp.pt\/wp-content\/uploads\/Copia-de-Post-blog-1200-150x100.jpg 150w, https:\/\/www.abvp.pt\/wp-content\/uploads\/Copia-de-Post-blog-1200-768x512.jpg 768w\" sizes=\"(max-width: 1200px) 100vw, 1200px\" \/><\/figure>\n\n\n\n<p><strong>2. Entre os destinos que j\u00e1 visitou, h\u00e1 algum que o tenha marcado de forma especial? Conte-nos.<\/strong><\/p>\n\n\n\n<p>H\u00e1 dois destinos que t\u00eam um significado muito importante para mim: a Gr\u00e9cia e o Egito. A Gr\u00e9cia sempre foi a minha viagem de sonho. <strong>Em pequena li \u201cOs Gregos\u201d <\/strong>de uma cole\u00e7\u00e3o de livros sobre os povos do passado, e fiquei fascinada.<\/p>\n\n\n\n<p>Na realidade, a viagem \u00e0 Gr\u00e9cia acabou por somar tr\u00eas pontos-chave na minha vida: conheci um destino que era um sonho meu, fiz uma viagem num grande navio de cruzeiro e foi a \u00faltima viagem que fiz com a minha m\u00e3e, antes de ela falecer.<\/p>\n\n\n\n<p>Sobre o Egito, costumo dizer que foi a viagem da minha vida. Sou uma apaixonada por hist\u00f3ria e a sensa\u00e7\u00e3o que tive era que <strong>estava constantemente num livro sobre a Cle\u00f3patra<\/strong> e o antigo Egito. Todos aqueles lugares faziam parte do meu imagin\u00e1rio,  poder estar ali foi maravilhoso.<\/p>\n\n\n\n<p><strong>3. O que mais o influencia na hora de escolher um destino de viagem?<\/strong><\/p>\n\n\n\n<p>Como quero conhecer o mundo inteiro, normalmente tento aliar a altura ideal para viajar para determinado destino com a minha disponibilidade e boas oportunidades em termos de desloca\u00e7\u00f5es, alojamento e atra\u00e7\u00f5es, bem como algum evento espec\u00edfico.<\/p>\n\n\n\n<p><strong>4. J\u00e1 viveu fora de Portugal mais que seis meses? Se sim, onde e o que retirou dessa experi\u00eancia?<\/strong><\/p>\n\n\n\n<p>Ainda n\u00e3o, mas \u00e9 uma experi\u00eancia que quero muito ter.<\/p>\n\n\n\n<figure class=\"wp-block-image size-full\"><img decoding=\"async\" width=\"1200\" height=\"800\" src=\"https:\/\/www.abvp.pt\/wp-content\/uploads\/Copia-de-Post-blog-1200-3.jpg\" alt=\"\" class=\"wp-image-2215\" srcset=\"https:\/\/www.abvp.pt\/wp-content\/uploads\/Copia-de-Post-blog-1200-3.jpg 1200w, https:\/\/www.abvp.pt\/wp-content\/uploads\/Copia-de-Post-blog-1200-3-600x400.jpg 600w, https:\/\/www.abvp.pt\/wp-content\/uploads\/Copia-de-Post-blog-1200-3-800x533.jpg 800w, https:\/\/www.abvp.pt\/wp-content\/uploads\/Copia-de-Post-blog-1200-3-150x100.jpg 150w, https:\/\/www.abvp.pt\/wp-content\/uploads\/Copia-de-Post-blog-1200-3-768x512.jpg 768w\" sizes=\"(max-width: 1200px) 100vw, 1200px\" \/><\/figure>\n\n\n\n<p><strong>5. Explique o que \u00e9 o seu blog de viagens e a raz\u00e3o da sua exist\u00eancia.<\/strong><\/p>\n\n\n\n<p>O Lovely Lisbonner come\u00e7ou por ser um <strong><em>city blog<\/em> focado em Lisboa<\/strong>, a minha cidade. Apercebi-me, atrav\u00e9s de conversas com outros turistas portugueses,&nbsp;que a maioria das pessoas que viaja n\u00e3o o faz na sua pr\u00f3pria cidade, e achei que seria um desafio interessante.<\/p>\n\n\n\n<p>Mas rapidamente me apercebi que n\u00e3o queria ficar restringida a escrever s\u00f3 sobre Lisboa. Queria tamb\u00e9m partilhar a minha vis\u00e3o do mundo e, mais tarde, surgiram outras tem\u00e1ticas relacionadas, como viajar sozinha, coisa que fa\u00e7o com frequ\u00eancia, e a tem\u00e1tica das mudan\u00e7as de vida e de como as viagens nos impactam para a mudan\u00e7a.<\/p>\n\n\n\n<p>O blog e o seu conceito foram crescendo, hoje <strong>o <a href=\"http:\/\/youtube.com\/c\/LovelyLisbonner\" target=\"_blank\" rel=\"noreferrer noopener\">canal de Youtube<\/a> \u00e9 um complemento<\/strong> \u00e0 escrita: grande parte dos artigos s\u00e3o complementados com v\u00eddeo. O atual <em>Lovely Lisbonner<\/em> \u00e9 um blog sobre Lisboa e o mundo (o conceito inicial continua l\u00e1: sermos turistas na nossa pr\u00f3pria cidade). <\/p>\n\n\n\n<p>A raz\u00e3o que me levou a criar o blog esteve relacionada com a minha sa\u00fade. Em maio de 2014 fui diagnosticada com S\u00edndrome de Tietze, uma inflama\u00e7\u00e3o do esterno acompanhada de dor aguda no peito cujos sintomas,&nbsp;segundo os m\u00e9dicos, s\u00e3o confundidos com&nbsp;um ataque card\u00edaco.<\/p>\n\n\n\n<p>Tive sorte que o m\u00e9dico que me atendeu estava familiarizado com esta s\u00edndrome. A boa not\u00edcia \u00e9 que se sabia o que era, a menos boa \u00e9 que n\u00e3o s\u00e3o conhecidas causas ou cura, e a qualquer momento posso ter uma crise. Quando acontece \u00e9 extremamente incapacitante, ao ponto de n\u00e3o se conseguir pegar num copo de \u00e1gua.<\/p>\n\n\n\n<figure class=\"wp-block-image size-full\"><img decoding=\"async\" width=\"1200\" height=\"800\" src=\"https:\/\/www.abvp.pt\/wp-content\/uploads\/Copia-de-Post-blog-1200-2.jpg\" alt=\"\" class=\"wp-image-2212\" srcset=\"https:\/\/www.abvp.pt\/wp-content\/uploads\/Copia-de-Post-blog-1200-2.jpg 1200w, https:\/\/www.abvp.pt\/wp-content\/uploads\/Copia-de-Post-blog-1200-2-600x400.jpg 600w, https:\/\/www.abvp.pt\/wp-content\/uploads\/Copia-de-Post-blog-1200-2-800x533.jpg 800w, https:\/\/www.abvp.pt\/wp-content\/uploads\/Copia-de-Post-blog-1200-2-150x100.jpg 150w, https:\/\/www.abvp.pt\/wp-content\/uploads\/Copia-de-Post-blog-1200-2-768x512.jpg 768w\" sizes=\"(max-width: 1200px) 100vw, 1200px\" \/><\/figure>\n\n\n\n<p>Percebemos que <strong>situa\u00e7\u00f5es de elevado stress<\/strong> desencadeavam as crises, pelo que o facto de ser muito focada no trabalho e n\u00e3o ter um hobby n\u00e3o eram boas not\u00edcias. Sempre tive imensos  interesses, mas durante a doen\u00e7a da minha m\u00e3e (Alzheimer) foquei-me nela e no meu trabalho. <\/p>\n\n\n\n<p>O reumatologia disse-me que eu tinha de encontrar uma forma de descontrair, um hobby, que n\u00e3o era opcional se queria mesmo&nbsp;melhorar. O mais dif\u00edcil foi perceber, depois de&nbsp;todo o processo da doen\u00e7a da minha m\u00e3e (que faleceu um m\u00eas depois da minha primeira crise), que interesses eu tinha. Era como se tivesse <strong>posto a minha vida em \u201cespera\u201d<\/strong> e agora precisasse aprender quais eram os meus interesses.<\/p>\n\n\n\n<p>Era altura de redescobrir o que me fazia feliz. Tentei uma s\u00e9rie de coisas, sem sucesso. At\u00e9 que um dia pensei que o que eu gostava realmente era de viajar\/passear recordando que, sempre que partilhava nas redes sociais os passeios que fazia, os amigos pediam-me dicas e conselhos.<\/p>\n\n\n\n<p><strong>6. Como surgiu o nome do blog?<\/strong><\/p>\n\n\n\n<p>A ideia era que fosse <strong>facilmente identificado com a cidade de Lisboa<\/strong>, mas ao mesmo tempo posicionar-me como lisboeta caso o foco do blog se alterasse, como acabou por acontecer, sem que o nome deixasse de fazer sentido.<\/p>\n\n\n\n<figure class=\"wp-block-image size-full\"><img loading=\"lazy\" decoding=\"async\" width=\"1200\" height=\"800\" src=\"https:\/\/www.abvp.pt\/wp-content\/uploads\/Copia-de-Post-blog-1200-5.jpg\" alt=\"\" class=\"wp-image-2217\" srcset=\"https:\/\/www.abvp.pt\/wp-content\/uploads\/Copia-de-Post-blog-1200-5.jpg 1200w, https:\/\/www.abvp.pt\/wp-content\/uploads\/Copia-de-Post-blog-1200-5-600x400.jpg 600w, https:\/\/www.abvp.pt\/wp-content\/uploads\/Copia-de-Post-blog-1200-5-800x533.jpg 800w, https:\/\/www.abvp.pt\/wp-content\/uploads\/Copia-de-Post-blog-1200-5-150x100.jpg 150w, https:\/\/www.abvp.pt\/wp-content\/uploads\/Copia-de-Post-blog-1200-5-768x512.jpg 768w\" sizes=\"(max-width: 1200px) 100vw, 1200px\" \/><\/figure>\n\n\n\n<p><strong>7. Destaque um dos posts de que mais gosta no seu blog e explique porqu\u00ea.<\/strong><\/p>\n\n\n\n<p>Gosto muito do roteiro da primeira viagem que fiz a <a href=\"https:\/\/lovelylisbonner.com\/category\/mundo\/africa\/marrocos\/\" target=\"_blank\" rel=\"noreferrer noopener\">Marrocos<\/a>, que engloba tr\u00eas posts. Foi a primeira vez que viajei sozinha para o estrangeiro e, por isso, \u00e9 tamb\u00e9m especial para mim.<\/p>\n\n\n\n<p><strong>8. Alguma dica para quem pretende come\u00e7ar agora um blog de viagens?<\/strong><\/p>\n\n\n\n<p>Acho que a melhor dica que posso dar \u00e9 pertencer a uma comunidade de bloggers, pois \u00e9 uma excelente forma de se familiarizarem com o mundo dos blogs de viagem. Como a ABVP por exemplo. Pertencer a uma comunidade vai permitir que <strong>conhe\u00e7am outras pessoas que sabem exatamente quais as dificuldades que enfrentam<\/strong>. Ningu\u00e9m melhor do que os nossos pares para nos compreenderem, ajudarem e trocarem ideias.<\/p>\n\n\n\n<p>Esta \u00e9 uma excelente forma de crescerem e de ajudarem tamb\u00e9m outros.<\/p>\n\n\n\n<p><strong>9. Que papel desempenham os blogs junto de outras pessoas que gostam de viajar?<\/strong><\/p>\n\n\n\n<p>Os blogs hoje em dia t\u00eam um papel fundamental na forma\u00e7\u00e3o de opini\u00e3o em rela\u00e7\u00e3o a um destino. Os blogs j\u00e1 s\u00e3o vistos como <strong>fontes cred\u00edveis de informa\u00e7\u00e3o<\/strong> e de conhecimento de causa.<\/p>\n\n\n\n<figure class=\"wp-block-image size-full\"><img loading=\"lazy\" decoding=\"async\" width=\"1200\" height=\"800\" src=\"https:\/\/www.abvp.pt\/wp-content\/uploads\/Copia-de-Post-blog-1200-1.jpg\" alt=\"\" class=\"wp-image-2214\" srcset=\"https:\/\/www.abvp.pt\/wp-content\/uploads\/Copia-de-Post-blog-1200-1.jpg 1200w, https:\/\/www.abvp.pt\/wp-content\/uploads\/Copia-de-Post-blog-1200-1-600x400.jpg 600w, https:\/\/www.abvp.pt\/wp-content\/uploads\/Copia-de-Post-blog-1200-1-800x533.jpg 800w, https:\/\/www.abvp.pt\/wp-content\/uploads\/Copia-de-Post-blog-1200-1-150x100.jpg 150w, https:\/\/www.abvp.pt\/wp-content\/uploads\/Copia-de-Post-blog-1200-1-768x512.jpg 768w\" sizes=\"(max-width: 1200px) 100vw, 1200px\" \/><\/figure>\n\n\n\n<p><strong>10. Qual \u00e9 o seu maior sonho por cumprir?<\/strong><\/p>\n\n\n\n<p>Fazer uma volta ao mundo. J\u00e1 tenho a viagem toda delineada, s\u00f3 falta a conjuga\u00e7\u00e3o de disponibilidade financeira e de tempo. Mas \u00e9 um objetivo a cumprir, com toda a certeza. E gostava tamb\u00e9m de <strong>passar uma temporada no estrangeiro<\/strong>, talvez viver durante algum tempo, mas que acaba por estar inserido tamb\u00e9m no sonho de fazer uma volta ao mundo.<\/p>","protected":false},"excerpt":{"rendered":"<p>Nome: S\u00f3nia Justo Profiss\u00e3o: Empreendedora \/ Blogger Data de nascimento: 1976 Local de nascimento: Lisboa Local de resid\u00eancia: Lisboa Pr\u00f3ximas viagens: A\u00e7ores &nbsp; Blog: Lovely Lisbonner 1. O que significam [&hellip;]<\/p>\n","protected":false},"author":5,"featured_media":2210,"comment_status":"open","ping_status":"closed","sticky":false,"template":"","format":"standard","meta":{"_price":"","_stock":"","_tribe_ticket_header":"","_tribe_default_ticket_provider":"","_tribe_ticket_capacity":"0","_ticket_start_date":"","_ticket_end_date":"","_tribe_ticket_show_description":"","_tribe_ticket_show_not_going":false,"_tribe_ticket_use_global_stock":"","_tribe_ticket_global_stock_level":"","_global_stock_mode":"","_global_stock_cap":"","_tribe_rsvp_for_event":"","_tribe_ticket_going_count":"","_tribe_ticket_not_going_count":"","_tribe_tickets_list":"[]","_tribe_ticket_has_attendee_info_fields":false,"_EventAllDay":false,"_EventTimezone":"","_EventStartDate":"","_EventEndDate":"","_EventStartDateUTC":"","_EventEndDateUTC":"","_EventShowMap":false,"_EventShowMapLink":false,"_EventURL":"","_EventCost":"","_EventCostDescription":"","_EventCurrencySymbol":"","_EventCurrencyCode":"","_EventCurrencyPosition":"","_EventDateTimeSeparator":"","_EventTimeRangeSeparator":"","_EventOrganizerID":[],"_EventVenueID":[],"_OrganizerEmail":"","_OrganizerPhone":"","_OrganizerWebsite":"","_VenueAddress":"","_VenueCity":"","_VenueCountry":"","_VenueProvince":"","_VenueState":"","_VenueZip":"","_VenuePhone":"","_VenueURL":"","_VenueStateProvince":"","_VenueLat":"","_VenueLng":"","_VenueShowMap":false,"_VenueShowMapLink":false,"footnotes":""},"categories":[1],"tags":[49,37],"class_list":["post-2207","post","type-post","status-publish","format-standard","has-post-thumbnail","hentry","category-conteudo","tag-bloggers-de-viagem","tag-entrevista"],"blocksy_meta":[],"yoast_head":"<!-- This site is optimized with the Yoast SEO plugin v26.4 - https:\/\/yoast.com\/wordpress\/plugins\/seo\/ -->\n<title>Lisboeta corajosa: S\u00f3nia Justo (entrevista) - ABVP<\/title>\n<meta name=\"robots\" content=\"index, follow, max-snippet:-1, max-image-preview:large, max-video-preview:-1\" \/>\n<link rel=\"canonical\" href=\"https:\/\/www.abvp.pt\/en\/sonia-justo-entrevista\/\" \/>\n<meta property=\"og:locale\" content=\"en_GB\" \/>\n<meta property=\"og:type\" content=\"article\" \/>\n<meta property=\"og:title\" content=\"Lisboeta corajosa: S\u00f3nia Justo (entrevista) - ABVP\" \/>\n<meta property=\"og:description\" content=\"Nome: S\u00f3nia Justo Profiss\u00e3o: Empreendedora \/ Blogger Data de nascimento: 1976 Local de nascimento: Lisboa Local de resid\u00eancia: Lisboa Pr\u00f3ximas viagens: A\u00e7ores &nbsp; Blog: Lovely Lisbonner 1. O que significam [&hellip;]\" \/>\n<meta property=\"og:url\" content=\"https:\/\/www.abvp.pt\/en\/sonia-justo-entrevista\/\" \/>\n<meta property=\"og:site_name\" content=\"ABVP\" \/>\n<meta property=\"article:publisher\" content=\"https:\/\/www.facebook.com\/abvppt\/\" \/>\n<meta property=\"article:published_time\" content=\"2022-07-07T15:06:49+00:00\" \/>\n<meta property=\"article:modified_time\" content=\"2023-05-06T20:31:09+00:00\" \/>\n<meta property=\"og:image\" content=\"https:\/\/www.abvp.pt\/wp-content\/uploads\/lovely-lisboner.jpg\" \/>\n\t<meta property=\"og:image:width\" content=\"1200\" \/>\n\t<meta property=\"og:image:height\" content=\"800\" \/>\n\t<meta property=\"og:image:type\" content=\"image\/jpeg\" \/>\n<meta name=\"author\" content=\"Ruthia Portelinha\" \/>\n<meta name=\"twitter:card\" content=\"summary_large_image\" \/>\n<meta name=\"twitter:creator\" content=\"@abvppt\" \/>\n<meta name=\"twitter:site\" content=\"@abvppt\" \/>\n<meta name=\"twitter:label1\" content=\"Written by\" \/>\n\t<meta name=\"twitter:data1\" content=\"Ruthia Portelinha\" \/>\n\t<meta name=\"twitter:label2\" content=\"Estimated reading time\" \/>\n\t<meta name=\"twitter:data2\" content=\"7 minutes\" \/>\n<script type=\"application\/ld+json\" class=\"yoast-schema-graph\">{\"@context\":\"https:\/\/schema.org\",\"@graph\":[{\"@type\":\"Article\",\"@id\":\"https:\/\/www.abvp.pt\/sonia-justo-entrevista\/#article\",\"isPartOf\":{\"@id\":\"https:\/\/www.abvp.pt\/sonia-justo-entrevista\/\"},\"author\":{\"name\":\"Ruthia Portelinha\",\"@id\":\"https:\/\/www.abvp.pt\/#\/schema\/person\/3224ab1e82979d8d2daa9b24c41ac06f\"},\"headline\":\"Lisboeta corajosa: S\u00f3nia Justo (entrevista)\",\"datePublished\":\"2022-07-07T15:06:49+00:00\",\"dateModified\":\"2023-05-06T20:31:09+00:00\",\"mainEntityOfPage\":{\"@id\":\"https:\/\/www.abvp.pt\/sonia-justo-entrevista\/\"},\"wordCount\":1133,\"commentCount\":0,\"publisher\":{\"@id\":\"https:\/\/www.abvp.pt\/#organization\"},\"image\":{\"@id\":\"https:\/\/www.abvp.pt\/sonia-justo-entrevista\/#primaryimage\"},\"thumbnailUrl\":\"https:\/\/www.abvp.pt\/wp-content\/uploads\/lovely-lisboner.jpg\",\"keywords\":[\"bloggers de viagem\",\"entrevista\"],\"articleSection\":[\"Conte\u00fado\"],\"inLanguage\":\"en-GB\",\"potentialAction\":[{\"@type\":\"CommentAction\",\"name\":\"Comment\",\"target\":[\"https:\/\/www.abvp.pt\/sonia-justo-entrevista\/#respond\"]}]},{\"@type\":\"WebPage\",\"@id\":\"https:\/\/www.abvp.pt\/sonia-justo-entrevista\/\",\"url\":\"https:\/\/www.abvp.pt\/sonia-justo-entrevista\/\",\"name\":\"Lisboeta corajosa: S\u00f3nia Justo (entrevista) - ABVP\",\"isPartOf\":{\"@id\":\"https:\/\/www.abvp.pt\/#website\"},\"primaryImageOfPage\":{\"@id\":\"https:\/\/www.abvp.pt\/sonia-justo-entrevista\/#primaryimage\"},\"image\":{\"@id\":\"https:\/\/www.abvp.pt\/sonia-justo-entrevista\/#primaryimage\"},\"thumbnailUrl\":\"https:\/\/www.abvp.pt\/wp-content\/uploads\/lovely-lisboner.jpg\",\"datePublished\":\"2022-07-07T15:06:49+00:00\",\"dateModified\":\"2023-05-06T20:31:09+00:00\",\"breadcrumb\":{\"@id\":\"https:\/\/www.abvp.pt\/sonia-justo-entrevista\/#breadcrumb\"},\"inLanguage\":\"en-GB\",\"potentialAction\":[{\"@type\":\"ReadAction\",\"target\":[\"https:\/\/www.abvp.pt\/sonia-justo-entrevista\/\"]}]},{\"@type\":\"ImageObject\",\"inLanguage\":\"en-GB\",\"@id\":\"https:\/\/www.abvp.pt\/sonia-justo-entrevista\/#primaryimage\",\"url\":\"https:\/\/www.abvp.pt\/wp-content\/uploads\/lovely-lisboner.jpg\",\"contentUrl\":\"https:\/\/www.abvp.pt\/wp-content\/uploads\/lovely-lisboner.jpg\",\"width\":1200,\"height\":800,\"caption\":\"Lovely-lisboner\"},{\"@type\":\"BreadcrumbList\",\"@id\":\"https:\/\/www.abvp.pt\/sonia-justo-entrevista\/#breadcrumb\",\"itemListElement\":[{\"@type\":\"ListItem\",\"position\":1,\"name\":\"In\u00edcio\",\"item\":\"https:\/\/www.abvp.pt\/\"},{\"@type\":\"ListItem\",\"position\":2,\"name\":\"Lisboeta corajosa: S\u00f3nia Justo (entrevista)\"}]},{\"@type\":\"WebSite\",\"@id\":\"https:\/\/www.abvp.pt\/#website\",\"url\":\"https:\/\/www.abvp.pt\/\",\"name\":\"ABVP\",\"description\":\"Associa\u00e7\u00e3o de Bloggers de Viagem Portugueses\",\"publisher\":{\"@id\":\"https:\/\/www.abvp.pt\/#organization\"},\"potentialAction\":[{\"@type\":\"SearchAction\",\"target\":{\"@type\":\"EntryPoint\",\"urlTemplate\":\"https:\/\/www.abvp.pt\/?s={search_term_string}\"},\"query-input\":{\"@type\":\"PropertyValueSpecification\",\"valueRequired\":true,\"valueName\":\"search_term_string\"}}],\"inLanguage\":\"en-GB\"},{\"@type\":\"Organization\",\"@id\":\"https:\/\/www.abvp.pt\/#organization\",\"name\":\"ABVP\",\"url\":\"https:\/\/www.abvp.pt\/\",\"logo\":{\"@type\":\"ImageObject\",\"inLanguage\":\"en-GB\",\"@id\":\"https:\/\/www.abvp.pt\/#\/schema\/logo\/image\/\",\"url\":\"https:\/\/www.abvp.pt\/wp-content\/uploads\/Logo-Header-dark.svg\",\"contentUrl\":\"https:\/\/www.abvp.pt\/wp-content\/uploads\/Logo-Header-dark.svg\",\"width\":325,\"height\":48,\"caption\":\"ABVP\"},\"image\":{\"@id\":\"https:\/\/www.abvp.pt\/#\/schema\/logo\/image\/\"},\"sameAs\":[\"https:\/\/www.facebook.com\/abvppt\/\",\"https:\/\/x.com\/abvppt\",\"https:\/\/www.instagram.com\/abvppt\/\"]},{\"@type\":\"Person\",\"@id\":\"https:\/\/www.abvp.pt\/#\/schema\/person\/3224ab1e82979d8d2daa9b24c41ac06f\",\"name\":\"Ruthia Portelinha\",\"image\":{\"@type\":\"ImageObject\",\"inLanguage\":\"en-GB\",\"@id\":\"https:\/\/www.abvp.pt\/#\/schema\/person\/image\/\",\"url\":\"https:\/\/secure.gravatar.com\/avatar\/fe88f7331e86f7718c223ca840ea6091?s=96&d=mm&r=g\",\"contentUrl\":\"https:\/\/secure.gravatar.com\/avatar\/fe88f7331e86f7718c223ca840ea6091?s=96&d=mm&r=g\",\"caption\":\"Ruthia Portelinha\"},\"description\":\"Viajante, m\u00e3e babada, choc\u00f3latra, amante de livros e museus. Autora do blog O Ber\u00e7o do Mundo.\",\"sameAs\":[\"https:\/\/www.bercodomundo.com\"],\"url\":\"https:\/\/www.abvp.pt\/en\/author\/ruthia\/\"}]}<\/script>\n<!-- \/ Yoast SEO plugin. -->","yoast_head_json":{"title":"Lisboeta corajosa: S\u00f3nia Justo (entrevista) - ABVP","robots":{"index":"index","follow":"follow","max-snippet":"max-snippet:-1","max-image-preview":"max-image-preview:large","max-video-preview":"max-video-preview:-1"},"canonical":"https:\/\/www.abvp.pt\/en\/sonia-justo-entrevista\/","og_locale":"en_GB","og_type":"article","og_title":"Lisboeta corajosa: S\u00f3nia Justo (entrevista) - ABVP","og_description":"Nome: S\u00f3nia Justo Profiss\u00e3o: Empreendedora \/ Blogger Data de nascimento: 1976 Local de nascimento: Lisboa Local de resid\u00eancia: Lisboa Pr\u00f3ximas viagens: A\u00e7ores &nbsp; Blog: Lovely Lisbonner 1. O que significam [&hellip;]","og_url":"https:\/\/www.abvp.pt\/en\/sonia-justo-entrevista\/","og_site_name":"ABVP","article_publisher":"https:\/\/www.facebook.com\/abvppt\/","article_published_time":"2022-07-07T15:06:49+00:00","article_modified_time":"2023-05-06T20:31:09+00:00","og_image":[{"width":1200,"height":800,"url":"https:\/\/www.abvp.pt\/wp-content\/uploads\/lovely-lisboner.jpg","type":"image\/jpeg"}],"author":"Ruthia Portelinha","twitter_card":"summary_large_image","twitter_creator":"@abvppt","twitter_site":"@abvppt","twitter_misc":{"Written by":"Ruthia Portelinha","Estimated reading time":"7 minutes"},"schema":{"@context":"https:\/\/schema.org","@graph":[{"@type":"Article","@id":"https:\/\/www.abvp.pt\/sonia-justo-entrevista\/#article","isPartOf":{"@id":"https:\/\/www.abvp.pt\/sonia-justo-entrevista\/"},"author":{"name":"Ruthia Portelinha","@id":"https:\/\/www.abvp.pt\/#\/schema\/person\/3224ab1e82979d8d2daa9b24c41ac06f"},"headline":"Lisboeta corajosa: S\u00f3nia Justo (entrevista)","datePublished":"2022-07-07T15:06:49+00:00","dateModified":"2023-05-06T20:31:09+00:00","mainEntityOfPage":{"@id":"https:\/\/www.abvp.pt\/sonia-justo-entrevista\/"},"wordCount":1133,"commentCount":0,"publisher":{"@id":"https:\/\/www.abvp.pt\/#organization"},"image":{"@id":"https:\/\/www.abvp.pt\/sonia-justo-entrevista\/#primaryimage"},"thumbnailUrl":"https:\/\/www.abvp.pt\/wp-content\/uploads\/lovely-lisboner.jpg","keywords":["bloggers de viagem","entrevista"],"articleSection":["Conte\u00fado"],"inLanguage":"en-GB","potentialAction":[{"@type":"CommentAction","name":"Comment","target":["https:\/\/www.abvp.pt\/sonia-justo-entrevista\/#respond"]}]},{"@type":"WebPage","@id":"https:\/\/www.abvp.pt\/sonia-justo-entrevista\/","url":"https:\/\/www.abvp.pt\/sonia-justo-entrevista\/","name":"Lisboeta corajosa: S\u00f3nia Justo (entrevista) - ABVP","isPartOf":{"@id":"https:\/\/www.abvp.pt\/#website"},"primaryImageOfPage":{"@id":"https:\/\/www.abvp.pt\/sonia-justo-entrevista\/#primaryimage"},"image":{"@id":"https:\/\/www.abvp.pt\/sonia-justo-entrevista\/#primaryimage"},"thumbnailUrl":"https:\/\/www.abvp.pt\/wp-content\/uploads\/lovely-lisboner.jpg","datePublished":"2022-07-07T15:06:49+00:00","dateModified":"2023-05-06T20:31:09+00:00","breadcrumb":{"@id":"https:\/\/www.abvp.pt\/sonia-justo-entrevista\/#breadcrumb"},"inLanguage":"en-GB","potentialAction":[{"@type":"ReadAction","target":["https:\/\/www.abvp.pt\/sonia-justo-entrevista\/"]}]},{"@type":"ImageObject","inLanguage":"en-GB","@id":"https:\/\/www.abvp.pt\/sonia-justo-entrevista\/#primaryimage","url":"https:\/\/www.abvp.pt\/wp-content\/uploads\/lovely-lisboner.jpg","contentUrl":"https:\/\/www.abvp.pt\/wp-content\/uploads\/lovely-lisboner.jpg","width":1200,"height":800,"caption":"Lovely-lisboner"},{"@type":"BreadcrumbList","@id":"https:\/\/www.abvp.pt\/sonia-justo-entrevista\/#breadcrumb","itemListElement":[{"@type":"ListItem","position":1,"name":"In\u00edcio","item":"https:\/\/www.abvp.pt\/"},{"@type":"ListItem","position":2,"name":"Lisboeta corajosa: S\u00f3nia Justo (entrevista)"}]},{"@type":"WebSite","@id":"https:\/\/www.abvp.pt\/#website","url":"https:\/\/www.abvp.pt\/","name":"ABVP","description":"Association of Portuguese Travel Bloggers","publisher":{"@id":"https:\/\/www.abvp.pt\/#organization"},"potentialAction":[{"@type":"SearchAction","target":{"@type":"EntryPoint","urlTemplate":"https:\/\/www.abvp.pt\/?s={search_term_string}"},"query-input":{"@type":"PropertyValueSpecification","valueRequired":true,"valueName":"search_term_string"}}],"inLanguage":"en-GB"},{"@type":"Organization","@id":"https:\/\/www.abvp.pt\/#organization","name":"ABVP","url":"https:\/\/www.abvp.pt\/","logo":{"@type":"ImageObject","inLanguage":"en-GB","@id":"https:\/\/www.abvp.pt\/#\/schema\/logo\/image\/","url":"https:\/\/www.abvp.pt\/wp-content\/uploads\/Logo-Header-dark.svg","contentUrl":"https:\/\/www.abvp.pt\/wp-content\/uploads\/Logo-Header-dark.svg","width":325,"height":48,"caption":"ABVP"},"image":{"@id":"https:\/\/www.abvp.pt\/#\/schema\/logo\/image\/"},"sameAs":["https:\/\/www.facebook.com\/abvppt\/","https:\/\/x.com\/abvppt","https:\/\/www.instagram.com\/abvppt\/"]},{"@type":"Person","@id":"https:\/\/www.abvp.pt\/#\/schema\/person\/3224ab1e82979d8d2daa9b24c41ac06f","name":"Ruthia Portelinha","image":{"@type":"ImageObject","inLanguage":"en-GB","@id":"https:\/\/www.abvp.pt\/#\/schema\/person\/image\/","url":"https:\/\/secure.gravatar.com\/avatar\/fe88f7331e86f7718c223ca840ea6091?s=96&d=mm&r=g","contentUrl":"https:\/\/secure.gravatar.com\/avatar\/fe88f7331e86f7718c223ca840ea6091?s=96&d=mm&r=g","caption":"Ruthia Portelinha"},"description":"Viajante, m\u00e3e babada, choc\u00f3latra, amante de livros e museus. Autora do blog O Ber\u00e7o do Mundo.","sameAs":["https:\/\/www.bercodomundo.com"],"url":"https:\/\/www.abvp.pt\/en\/author\/ruthia\/"}]}},"_links":{"self":[{"href":"https:\/\/www.abvp.pt\/en\/wp-json\/wp\/v2\/posts\/2207","targetHints":{"allow":["GET"]}}],"collection":[{"href":"https:\/\/www.abvp.pt\/en\/wp-json\/wp\/v2\/posts"}],"about":[{"href":"https:\/\/www.abvp.pt\/en\/wp-json\/wp\/v2\/types\/post"}],"author":[{"embeddable":true,"href":"https:\/\/www.abvp.pt\/en\/wp-json\/wp\/v2\/users\/5"}],"replies":[{"embeddable":true,"href":"https:\/\/www.abvp.pt\/en\/wp-json\/wp\/v2\/comments?post=2207"}],"version-history":[{"count":0,"href":"https:\/\/www.abvp.pt\/en\/wp-json\/wp\/v2\/posts\/2207\/revisions"}],"wp:featuredmedia":[{"embeddable":true,"href":"https:\/\/www.abvp.pt\/en\/wp-json\/wp\/v2\/media\/2210"}],"wp:attachment":[{"href":"https:\/\/www.abvp.pt\/en\/wp-json\/wp\/v2\/media?parent=2207"}],"wp:term":[{"taxonomy":"category","embeddable":true,"href":"https:\/\/www.abvp.pt\/en\/wp-json\/wp\/v2\/categories?post=2207"},{"taxonomy":"post_tag","embeddable":true,"href":"https:\/\/www.abvp.pt\/en\/wp-json\/wp\/v2\/tags?post=2207"}],"curies":[{"name":"wp","href":"https:\/\/api.w.org\/{rel}","templated":true}]}}