{"id":2546,"date":"2022-08-15T22:54:18","date_gmt":"2022-08-15T21:54:18","guid":{"rendered":"https:\/\/www.abvp.pt\/?p=2546"},"modified":"2023-05-06T21:24:56","modified_gmt":"2023-05-06T20:24:56","slug":"blogtrip-solsticio-de-verao-na-beira-baixa","status":"publish","type":"post","link":"https:\/\/www.abvp.pt\/en\/blogtrip-solsticio-de-verao-na-beira-baixa\/","title":{"rendered":"Blogtrip: viver o Solst\u00edcio de Ver\u00e3o na Beira Baixa"},"content":{"rendered":"<p>Seis membros da ABVP \u2013 Associa\u00e7\u00e3o de Bloggers de Viagens Portugueses, participaram na blog trip \u201cVENHA VIVER O SOLIST\u00cdCIO DE VER\u00c3O NA BEIRA BAIXA\u201d, promovida pela Comunidade Intermunicipal da Beira Baixa, entre os dias 21 e 23 de junho de 2022.<\/p>\n\n\n\n<p><a href=\"https:\/\/noseomundo.pt\/\" target=\"_blank\" rel=\"noreferrer noopener\">N\u00f3s e o Mundo<\/a> (Ana Henriques), <a href=\"https:\/\/lovelylisbonner.com\/\" target=\"_blank\" rel=\"noreferrer noopener\">The Lovely Lisbonner<\/a> (S\u00f3nia Justo), <a href=\"https:\/\/bercodomundo.com\/\" target=\"_blank\" rel=\"noreferrer noopener\">O Ber\u00e7o do Mundo<\/a> (Ruthia Portelinha),&nbsp; <a href=\"https:\/\/bornfreee.com\/\" target=\"_blank\" rel=\"noreferrer noopener\">Born Free<\/a>e (Rui Barbosa Batista), <a href=\"https:\/\/passaportenobolso.com\/\" target=\"_blank\" rel=\"noreferrer noopener\">Passaporte no Bolso<\/a> (M\u00f3nica Rodrigues Alves) e <a href=\"https:\/\/365diasnomundo.com\/\" target=\"_blank\" rel=\"noreferrer noopener\">365 Dias no Mundo<\/a> (Raquel Morgado) foram os blogs que integraram esta iniciativa conjunta com alguns jornalistas e bloggers do nosso pa\u00eds vizinho.<\/p>\n\n\n\n<figure class=\"wp-block-image aligncenter size-full\"><img fetchpriority=\"high\" decoding=\"async\" width=\"1024\" height=\"683\" src=\"https:\/\/www.abvp.pt\/wp-content\/uploads\/Grupo-Beira-Baixa.jpg\" alt=\"\" class=\"wp-image-2558\" srcset=\"https:\/\/www.abvp.pt\/wp-content\/uploads\/Grupo-Beira-Baixa.jpg 1024w, https:\/\/www.abvp.pt\/wp-content\/uploads\/Grupo-Beira-Baixa-600x400.jpg 600w, https:\/\/www.abvp.pt\/wp-content\/uploads\/Grupo-Beira-Baixa-800x534.jpg 800w, https:\/\/www.abvp.pt\/wp-content\/uploads\/Grupo-Beira-Baixa-150x100.jpg 150w, https:\/\/www.abvp.pt\/wp-content\/uploads\/Grupo-Beira-Baixa-768x512.jpg 768w\" sizes=\"(max-width: 1024px) 100vw, 1024px\" \/><figcaption>Foto: <a href=\"https:\/\/www.cimbb.pt\/\" target=\"_blank\" rel=\"noreferrer noopener nofollow\">CIMBB<\/a> &#8211; Foto de grupo na Serra das Talhadas<\/figcaption><\/figure>\n\n\n\n<p>A blogtrip levou o grupo \u00e0 descoberta da Beira Baixa, sob o mote da celebra\u00e7\u00e3o do solst\u00edcio de ver\u00e3o, passando pelos concelhos de Idanha-a-Nova, Vila Velha de Rod\u00e3o, Proen\u00e7a-a-Nova e Castelo Branco. Durante tr\u00eas dias, os bloggers tiveram a oportunidade de conhecer melhor a regi\u00e3o e experimentar algumas das iguarias locais.<\/p>\n\n\n\n<h2 class=\"wp-block-heading\"><strong>Locais Visitados<\/strong><\/h2>\n\n\n\n<p>A viagem come\u00e7ou em Monsanto com uma pequena visita \u00e0 aldeia e uma subida ao castelo, mas o mais importante deste dia seria o jantar e a Capela de S\u00e3o Pedro de Vir-a-Cor\u00e7a. Afinal celebrava-se o solst\u00edcio de Ver\u00e3o e tal evento merecia um local m\u00e1gico.&nbsp; O jantar foi servido ao ar livre na Quinta de S\u00e3o Pedro de Vir-a-Cor\u00e7a, seguido de uma palestra sobre o solst\u00edcio, o seu significado e a sua celebra\u00e7\u00e3o na regi\u00e3o, a hist\u00f3ria da capela e muitas das lendas e mitos a ela associados.<\/p>\n\n\n\n<figure class=\"wp-block-image aligncenter size-full\"><img decoding=\"async\" width=\"1024\" height=\"683\" src=\"https:\/\/www.abvp.pt\/wp-content\/uploads\/jantar-solsticio.jpg\" alt=\"\" class=\"wp-image-2557\" srcset=\"https:\/\/www.abvp.pt\/wp-content\/uploads\/jantar-solsticio.jpg 1024w, https:\/\/www.abvp.pt\/wp-content\/uploads\/jantar-solsticio-600x400.jpg 600w, https:\/\/www.abvp.pt\/wp-content\/uploads\/jantar-solsticio-800x534.jpg 800w, https:\/\/www.abvp.pt\/wp-content\/uploads\/jantar-solsticio-150x100.jpg 150w, https:\/\/www.abvp.pt\/wp-content\/uploads\/jantar-solsticio-768x512.jpg 768w\" sizes=\"(max-width: 1024px) 100vw, 1024px\" \/><figcaption>Foto: <a href=\"https:\/\/www.cimbb.pt\/\" target=\"_blank\" rel=\"noreferrer noopener nofollow\">CIMBB<\/a> &#8211; Jantar de celebra\u00e7\u00e3o do Solst\u00edcio de Ver\u00e3o<\/figcaption><\/figure>\n\n\n\n<p>O dia seguinte come\u00e7ou em <strong>Vila Velha de Rod\u00e3o<\/strong>, mais propriamente no cais, de onde o grupo partiu para um passeio de barco que permitiu contemplar o belo monumento natural Portas de R\u00f3d\u00e3o. Durante o passeio foi servido um almo\u00e7o com diversos produtos da regi\u00e3o, entre eles, conservas de peixe do rio, acompanhado de uma prova de vinhos regionais.<\/p>\n\n\n\n<p>Terminado o passeio, o grupo foi conhecer a <strong>Torre de Vigia de Siza Vieira<\/strong> na serra das Talhadas, com uma magn\u00edfica vista sobre o todo o concelho de <strong>Proen\u00e7a-a-Nova<\/strong> e seus vizinhos. O local conta tamb\u00e9m com a maior via ferrata de Portugal, v\u00e1rios trilhos pedestres e uma placa para a pr\u00e1tica de parapente. <\/p>\n\n\n\n<figure class=\"wp-block-image aligncenter size-large\"><img decoding=\"async\" width=\"1600\" height=\"1066\" src=\"https:\/\/www.abvp.pt\/wp-content\/uploads\/serra-das-talhadas-1600x1066.jpg\" alt=\"\" class=\"wp-image-2550\" srcset=\"https:\/\/www.abvp.pt\/wp-content\/uploads\/serra-das-talhadas-1600x1066.jpg 1600w, https:\/\/www.abvp.pt\/wp-content\/uploads\/serra-das-talhadas-600x400.jpg 600w, https:\/\/www.abvp.pt\/wp-content\/uploads\/serra-das-talhadas-800x533.jpg 800w, https:\/\/www.abvp.pt\/wp-content\/uploads\/serra-das-talhadas-150x100.jpg 150w, https:\/\/www.abvp.pt\/wp-content\/uploads\/serra-das-talhadas-768x512.jpg 768w, https:\/\/www.abvp.pt\/wp-content\/uploads\/serra-das-talhadas-1536x1024.jpg 1536w, https:\/\/www.abvp.pt\/wp-content\/uploads\/serra-das-talhadas.jpg 2048w\" sizes=\"(max-width: 1600px) 100vw, 1600px\" \/><figcaption>Foto:<a href=\"https:\/\/noseomundo.pt\/\" target=\"_blank\" rel=\"noreferrer noopener\"> N\u00f3s e o Mundo<\/a> &#8211; Momento na rampa de parapente da Serra das Talhadas.<\/figcaption><\/figure>\n\n\n\n<p>Seguiram depois para um momento relaxado na <strong>praia fluvial da Fr\u00f3ia<\/strong>, conhecida pelas suas \u00e1guas cristalinas e de excelente qualidade, e que tem sido galardoada pela Quercus como &#8220;Praia Qualidade de Ouro&#8221;.<\/p>\n\n\n\n<p>&nbsp;O dia terminou com uma visita \u00e0 <strong>aldeia de xisto da Figueira<\/strong>, onde foram recebidos pela propriet\u00e1ria do restaurante Ti Augusta, uma verdadeira embaixadora que os acompanhou em visita guiada. Depois de conhecerem um poucos dos costumes locais, foram provar especialidades t\u00edpicas como o Afogado da Boda, o Plangaio, o Maranho e a Tigelada.<\/p>\n\n\n\n<figure class=\"wp-block-gallery has-nested-images columns-default is-cropped wp-block-gallery-1 is-layout-flex wp-block-gallery-is-layout-flex\">\n<figure class=\"wp-block-image size-large\"><img loading=\"lazy\" decoding=\"async\" width=\"1202\" height=\"1600\" data-id=\"2559\" src=\"https:\/\/www.abvp.pt\/wp-content\/uploads\/Aldeia-de-Xisto-Figueira-1202x1600.jpg\" alt=\"\" class=\"wp-image-2559\" srcset=\"https:\/\/www.abvp.pt\/wp-content\/uploads\/Aldeia-de-Xisto-Figueira-1202x1600.jpg 1202w, https:\/\/www.abvp.pt\/wp-content\/uploads\/Aldeia-de-Xisto-Figueira-600x799.jpg 600w, https:\/\/www.abvp.pt\/wp-content\/uploads\/Aldeia-de-Xisto-Figueira-601x800.jpg 601w, https:\/\/www.abvp.pt\/wp-content\/uploads\/Aldeia-de-Xisto-Figueira-113x150.jpg 113w, https:\/\/www.abvp.pt\/wp-content\/uploads\/Aldeia-de-Xisto-Figueira-768x1023.jpg 768w, https:\/\/www.abvp.pt\/wp-content\/uploads\/Aldeia-de-Xisto-Figueira-1154x1536.jpg 1154w, https:\/\/www.abvp.pt\/wp-content\/uploads\/Aldeia-de-Xisto-Figueira.jpg 1538w\" sizes=\"(max-width: 1202px) 100vw, 1202px\" \/><figcaption>Foto: <a href=\"https:\/\/noseomundo.pt\/\" target=\"_blank\" rel=\"noreferrer noopener\">N\u00f3s e o Mundo<\/a> &#8211; Aldeia da Figueira<\/figcaption><\/figure>\n\n\n\n<figure class=\"wp-block-image size-full\"><img loading=\"lazy\" decoding=\"async\" width=\"1200\" height=\"800\" data-id=\"2561\" src=\"https:\/\/www.abvp.pt\/wp-content\/uploads\/plangaio.webp\" alt=\"\" class=\"wp-image-2561\" srcset=\"https:\/\/www.abvp.pt\/wp-content\/uploads\/plangaio.webp 1200w, https:\/\/www.abvp.pt\/wp-content\/uploads\/plangaio-600x400.webp 600w, https:\/\/www.abvp.pt\/wp-content\/uploads\/plangaio-800x533.webp 800w, https:\/\/www.abvp.pt\/wp-content\/uploads\/plangaio-150x100.webp 150w, https:\/\/www.abvp.pt\/wp-content\/uploads\/plangaio-768x512.webp 768w\" sizes=\"(max-width: 1200px) 100vw, 1200px\" \/><figcaption>Foto: <a href=\"https:\/\/bercodomundo.com\/\" target=\"_blank\" rel=\"noreferrer noopener\">O Ber\u00e7o do Mundo<\/a> &#8211; Plangaio<\/figcaption><\/figure>\n<\/figure>\n\n\n\n<p>O \u00faltimo dia come\u00e7ou em <strong>Castelo Branco<\/strong>, com uma visita ao castelo templ\u00e1rio e ao miradouro de S\u00e3o Gens, descendo depois pelo bairro antigo numa rota pelos <strong>portados quinhentistas<\/strong>, as antigas judiarias, a Torre do Rel\u00f3gio e a Pra\u00e7a Velha. <\/p>\n\n\n\n<p>O grupo visitou ainda o <strong>Museu Cargaleiro<\/strong>, <strong>Centro de Interpreta\u00e7\u00e3o do Bordado<\/strong> e o <strong>Jardim do Pa\u00e7o Episcopal<\/strong>. <\/p>\n\n\n\n<figure class=\"wp-block-image aligncenter size-large\"><img loading=\"lazy\" decoding=\"async\" width=\"1600\" height=\"1066\" src=\"https:\/\/www.abvp.pt\/wp-content\/uploads\/Painel-Castelo-Branco-1600x1066.jpg\" alt=\"\" class=\"wp-image-2553\" srcset=\"https:\/\/www.abvp.pt\/wp-content\/uploads\/Painel-Castelo-Branco-1600x1066.jpg 1600w, https:\/\/www.abvp.pt\/wp-content\/uploads\/Painel-Castelo-Branco-600x400.jpg 600w, https:\/\/www.abvp.pt\/wp-content\/uploads\/Painel-Castelo-Branco-800x533.jpg 800w, https:\/\/www.abvp.pt\/wp-content\/uploads\/Painel-Castelo-Branco-150x100.jpg 150w, https:\/\/www.abvp.pt\/wp-content\/uploads\/Painel-Castelo-Branco-768x512.jpg 768w, https:\/\/www.abvp.pt\/wp-content\/uploads\/Painel-Castelo-Branco-1536x1024.jpg 1536w, https:\/\/www.abvp.pt\/wp-content\/uploads\/Painel-Castelo-Branco.jpg 2048w\" sizes=\"(max-width: 1600px) 100vw, 1600px\" \/><figcaption>Foto: <a href=\"\/en\/N\u00f3s e o Mundo -\/\">N\u00f3s e o Mundo<\/a> &#8211; Mural de Castelo Branco<\/figcaption><\/figure>\n\n\n\n<p>Terminadas as visitas, seguiu-se um almo\u00e7o de despedida no restaurante Tabuas.come, com a presen\u00e7a do antigo presidente da <a href=\"https:\/\/www.cimbb.pt\/\" target=\"_blank\" rel=\"noreferrer noopener\">CIMBB<\/a>, Dr. Helder Henriques,  e todos os participantes.<\/p>\n\n\n\n<h2 class=\"wp-block-heading\"><strong>Alojamento<\/strong><\/h2>\n\n\n\n<p>Durante a blogtrip, os participantes ficaram alojados no Monsanto GeoHotel Escola (em Monsanto) e no Hotel Meli\u00e1 (em Castelo Branco).<\/p>\n\n\n\n<h2 class=\"wp-block-heading\"><strong>Posts Publicados<\/strong><\/h2>\n\n\n\n<p>Para al\u00e9m das v\u00e1rias partilhas nas redes sociais, os participantes produziram conte\u00fado sobre esta blogtrip e a regi\u00e3o nos seus respetivos blogs:<\/p>\n\n\n\n<ul class=\"wp-block-list\"><li><a href=\"https:\/\/noseomundo.pt\/2022\/07\/20\/descobrir-a-beira-baixa-roteiro-de-3-dias\/\" target=\"_blank\" rel=\"noreferrer noopener\">Descobrir a Beira Baixa: Roteiro de 3 dias<\/a> (N\u00f3s e o Mundo)<\/li><li><a href=\"https:\/\/lovelylisbonner.com\/solsticio-de-verao-na-beira-baixa-roteiro-de-3-dias-com-fotos\/\" target=\"_blank\" rel=\"noreferrer noopener\">Solst\u00edcio de Ver\u00e3o na Beira Baixa \u2013 Roteiro de 3 dias com fotos<\/a> (Lovely Lisbonner)<\/li><li><a href=\"https:\/\/bercodomundo.com\/2022\/07\/cozinha-da-beira-baixa.html\" target=\"_blank\" rel=\"noreferrer noopener\">Beira Baixa \u00e0 mesa: a farta mesa beir\u00e3<\/a> (O Ber\u00e7o do Mundo) <\/li><li><a href=\"https:\/\/bercodomundo.com\/2022\/06\/o-que-visitar-na-beira-baixa.html\" target=\"_blank\" rel=\"noreferrer noopener\">Beira Baixa, o que visitar numa road trip de 3 dias<\/a> (O Ber\u00e7o do Mundo)<\/li><li><a href=\"https:\/\/bornfreee.com\/beira-baixa-quando-a-historia-e-as-lendas-conspiram-para-nos-encantar\/\" target=\"_blank\" rel=\"noreferrer noopener\">Beira Baixa: Quando a hist\u00f3ria e as lendas conspiram para nos encantar<\/a> (Born Freee)<\/li><li><a href=\"https:\/\/passaportenobolso.com\/solsticio-de-verao\/\" target=\"_blank\" rel=\"noreferrer noopener\">Celebrar o Solst\u00edcio de Ver\u00e3o na Beira Baixa em locais inusitados<\/a> (Passaporte no Bolso)<\/li><li><a href=\"https:\/\/365diasnomundo.com\/2022\/07\/27\/beira-baixa-solsticio\/\" target=\"_blank\" rel=\"noreferrer noopener\">Beira baixa, onde nasce o sol e a felicidade<\/a> (365 dias no Mundo)<\/li><\/ul>","protected":false},"excerpt":{"rendered":"<p>Seis membros da ABVP \u2013 Associa\u00e7\u00e3o de Bloggers de Viagens Portugueses, participaram na blog trip \u201cVENHA VIVER O SOLIST\u00cdCIO DE VER\u00c3O NA BEIRA BAIXA\u201d, promovida pela Comunidade Intermunicipal da Beira [&hellip;]<\/p>\n","protected":false},"author":50,"featured_media":2554,"comment_status":"open","ping_status":"closed","sticky":false,"template":"","format":"standard","meta":{"_price":"","_stock":"","_tribe_ticket_header":"","_tribe_default_ticket_provider":"","_tribe_ticket_capacity":"0","_ticket_start_date":"","_ticket_end_date":"","_tribe_ticket_show_description":"","_tribe_ticket_show_not_going":false,"_tribe_ticket_use_global_stock":"","_tribe_ticket_global_stock_level":"","_global_stock_mode":"","_global_stock_cap":"","_tribe_rsvp_for_event":"","_tribe_ticket_going_count":"","_tribe_ticket_not_going_count":"","_tribe_tickets_list":"[]","_tribe_ticket_has_attendee_info_fields":false,"_EventAllDay":false,"_EventTimezone":"","_EventStartDate":"","_EventEndDate":"","_EventStartDateUTC":"","_EventEndDateUTC":"","_EventShowMap":false,"_EventShowMapLink":false,"_EventURL":"","_EventCost":"","_EventCostDescription":"","_EventCurrencySymbol":"","_EventCurrencyCode":"","_EventCurrencyPosition":"","_EventDateTimeSeparator":"","_EventTimeRangeSeparator":"","_EventOrganizerID":[],"_EventVenueID":[],"_OrganizerEmail":"","_OrganizerPhone":"","_OrganizerWebsite":"","_VenueAddress":"","_VenueCity":"","_VenueCountry":"","_VenueProvince":"","_VenueState":"","_VenueZip":"","_VenuePhone":"","_VenueURL":"","_VenueStateProvince":"","_VenueLat":"","_VenueLng":"","_VenueShowMap":false,"_VenueShowMapLink":false,"footnotes":""},"categories":[1],"tags":[5],"class_list":["post-2546","post","type-post","status-publish","format-standard","has-post-thumbnail","hentry","category-conteudo","tag-blog-trip"],"blocksy_meta":[],"yoast_head":"<!-- This site is optimized with the Yoast SEO plugin v26.4 - https:\/\/yoast.com\/wordpress\/plugins\/seo\/ -->\n<title>Blogtrip: viver o Solst\u00edcio de Ver\u00e3o na Beira Baixa - ABVP<\/title>\n<meta name=\"robots\" content=\"index, follow, max-snippet:-1, max-image-preview:large, max-video-preview:-1\" \/>\n<link rel=\"canonical\" href=\"https:\/\/www.abvp.pt\/en\/blogtrip-solsticio-de-verao-na-beira-baixa\/\" \/>\n<meta property=\"og:locale\" content=\"en_GB\" \/>\n<meta property=\"og:type\" content=\"article\" \/>\n<meta property=\"og:title\" content=\"Blogtrip: viver o Solst\u00edcio de Ver\u00e3o na Beira Baixa - ABVP\" \/>\n<meta property=\"og:description\" content=\"Seis membros da ABVP \u2013 Associa\u00e7\u00e3o de Bloggers de Viagens Portugueses, participaram na blog trip \u201cVENHA VIVER O SOLIST\u00cdCIO DE VER\u00c3O NA BEIRA BAIXA\u201d, promovida pela Comunidade Intermunicipal da Beira [&hellip;]\" \/>\n<meta property=\"og:url\" content=\"https:\/\/www.abvp.pt\/en\/blogtrip-solsticio-de-verao-na-beira-baixa\/\" \/>\n<meta property=\"og:site_name\" content=\"ABVP\" \/>\n<meta property=\"article:publisher\" content=\"https:\/\/www.facebook.com\/abvppt\/\" \/>\n<meta property=\"article:author\" content=\"https:\/\/www.facebook.com\/NoseoMundoBlog\" \/>\n<meta property=\"article:published_time\" content=\"2022-08-15T21:54:18+00:00\" \/>\n<meta property=\"article:modified_time\" content=\"2023-05-06T20:24:56+00:00\" \/>\n<meta property=\"og:image\" content=\"https:\/\/www.abvp.pt\/wp-content\/uploads\/serra-das-talhadas_capa.jpg\" \/>\n\t<meta property=\"og:image:width\" content=\"2048\" \/>\n\t<meta property=\"og:image:height\" content=\"1365\" \/>\n\t<meta property=\"og:image:type\" content=\"image\/jpeg\" \/>\n<meta name=\"author\" content=\"Ana Coelho\" \/>\n<meta name=\"twitter:card\" content=\"summary_large_image\" \/>\n<meta name=\"twitter:creator\" content=\"@noseomundoblog\" \/>\n<meta name=\"twitter:site\" content=\"@abvppt\" \/>\n<meta name=\"twitter:label1\" content=\"Written by\" \/>\n\t<meta name=\"twitter:data1\" content=\"Ana Coelho\" \/>\n\t<meta name=\"twitter:label2\" content=\"Estimated reading time\" \/>\n\t<meta name=\"twitter:data2\" content=\"6 minutes\" \/>\n<script type=\"application\/ld+json\" class=\"yoast-schema-graph\">{\"@context\":\"https:\/\/schema.org\",\"@graph\":[{\"@type\":\"Article\",\"@id\":\"https:\/\/www.abvp.pt\/blogtrip-solsticio-de-verao-na-beira-baixa\/#article\",\"isPartOf\":{\"@id\":\"https:\/\/www.abvp.pt\/blogtrip-solsticio-de-verao-na-beira-baixa\/\"},\"author\":{\"name\":\"Ana Coelho\",\"@id\":\"https:\/\/www.abvp.pt\/#\/schema\/person\/383e1784e25d1ba0dd2d81906cce75b2\"},\"headline\":\"Blogtrip: viver o Solst\u00edcio de Ver\u00e3o na Beira Baixa\",\"datePublished\":\"2022-08-15T21:54:18+00:00\",\"dateModified\":\"2023-05-06T20:24:56+00:00\",\"mainEntityOfPage\":{\"@id\":\"https:\/\/www.abvp.pt\/blogtrip-solsticio-de-verao-na-beira-baixa\/\"},\"wordCount\":790,\"commentCount\":0,\"publisher\":{\"@id\":\"https:\/\/www.abvp.pt\/#organization\"},\"image\":{\"@id\":\"https:\/\/www.abvp.pt\/blogtrip-solsticio-de-verao-na-beira-baixa\/#primaryimage\"},\"thumbnailUrl\":\"https:\/\/www.abvp.pt\/wp-content\/uploads\/serra-das-talhadas_capa.jpg\",\"keywords\":[\"blog trip\"],\"articleSection\":[\"Conte\u00fado\"],\"inLanguage\":\"en-GB\",\"potentialAction\":[{\"@type\":\"CommentAction\",\"name\":\"Comment\",\"target\":[\"https:\/\/www.abvp.pt\/blogtrip-solsticio-de-verao-na-beira-baixa\/#respond\"]}]},{\"@type\":\"WebPage\",\"@id\":\"https:\/\/www.abvp.pt\/blogtrip-solsticio-de-verao-na-beira-baixa\/\",\"url\":\"https:\/\/www.abvp.pt\/blogtrip-solsticio-de-verao-na-beira-baixa\/\",\"name\":\"Blogtrip: viver o Solst\u00edcio de Ver\u00e3o na Beira Baixa - ABVP\",\"isPartOf\":{\"@id\":\"https:\/\/www.abvp.pt\/#website\"},\"primaryImageOfPage\":{\"@id\":\"https:\/\/www.abvp.pt\/blogtrip-solsticio-de-verao-na-beira-baixa\/#primaryimage\"},\"image\":{\"@id\":\"https:\/\/www.abvp.pt\/blogtrip-solsticio-de-verao-na-beira-baixa\/#primaryimage\"},\"thumbnailUrl\":\"https:\/\/www.abvp.pt\/wp-content\/uploads\/serra-das-talhadas_capa.jpg\",\"datePublished\":\"2022-08-15T21:54:18+00:00\",\"dateModified\":\"2023-05-06T20:24:56+00:00\",\"breadcrumb\":{\"@id\":\"https:\/\/www.abvp.pt\/blogtrip-solsticio-de-verao-na-beira-baixa\/#breadcrumb\"},\"inLanguage\":\"en-GB\",\"potentialAction\":[{\"@type\":\"ReadAction\",\"target\":[\"https:\/\/www.abvp.pt\/blogtrip-solsticio-de-verao-na-beira-baixa\/\"]}]},{\"@type\":\"ImageObject\",\"inLanguage\":\"en-GB\",\"@id\":\"https:\/\/www.abvp.pt\/blogtrip-solsticio-de-verao-na-beira-baixa\/#primaryimage\",\"url\":\"https:\/\/www.abvp.pt\/wp-content\/uploads\/serra-das-talhadas_capa.jpg\",\"contentUrl\":\"https:\/\/www.abvp.pt\/wp-content\/uploads\/serra-das-talhadas_capa.jpg\",\"width\":2048,\"height\":1365},{\"@type\":\"BreadcrumbList\",\"@id\":\"https:\/\/www.abvp.pt\/blogtrip-solsticio-de-verao-na-beira-baixa\/#breadcrumb\",\"itemListElement\":[{\"@type\":\"ListItem\",\"position\":1,\"name\":\"In\u00edcio\",\"item\":\"https:\/\/www.abvp.pt\/\"},{\"@type\":\"ListItem\",\"position\":2,\"name\":\"Blogtrip: viver o Solst\u00edcio de Ver\u00e3o na Beira Baixa\"}]},{\"@type\":\"WebSite\",\"@id\":\"https:\/\/www.abvp.pt\/#website\",\"url\":\"https:\/\/www.abvp.pt\/\",\"name\":\"ABVP\",\"description\":\"Associa\u00e7\u00e3o de Bloggers de Viagem Portugueses\",\"publisher\":{\"@id\":\"https:\/\/www.abvp.pt\/#organization\"},\"potentialAction\":[{\"@type\":\"SearchAction\",\"target\":{\"@type\":\"EntryPoint\",\"urlTemplate\":\"https:\/\/www.abvp.pt\/?s={search_term_string}\"},\"query-input\":{\"@type\":\"PropertyValueSpecification\",\"valueRequired\":true,\"valueName\":\"search_term_string\"}}],\"inLanguage\":\"en-GB\"},{\"@type\":\"Organization\",\"@id\":\"https:\/\/www.abvp.pt\/#organization\",\"name\":\"ABVP\",\"url\":\"https:\/\/www.abvp.pt\/\",\"logo\":{\"@type\":\"ImageObject\",\"inLanguage\":\"en-GB\",\"@id\":\"https:\/\/www.abvp.pt\/#\/schema\/logo\/image\/\",\"url\":\"https:\/\/www.abvp.pt\/wp-content\/uploads\/Logo-Header-dark.svg\",\"contentUrl\":\"https:\/\/www.abvp.pt\/wp-content\/uploads\/Logo-Header-dark.svg\",\"width\":325,\"height\":48,\"caption\":\"ABVP\"},\"image\":{\"@id\":\"https:\/\/www.abvp.pt\/#\/schema\/logo\/image\/\"},\"sameAs\":[\"https:\/\/www.facebook.com\/abvppt\/\",\"https:\/\/x.com\/abvppt\",\"https:\/\/www.instagram.com\/abvppt\/\"]},{\"@type\":\"Person\",\"@id\":\"https:\/\/www.abvp.pt\/#\/schema\/person\/383e1784e25d1ba0dd2d81906cce75b2\",\"name\":\"Ana Coelho\",\"image\":{\"@type\":\"ImageObject\",\"inLanguage\":\"en-GB\",\"@id\":\"https:\/\/www.abvp.pt\/#\/schema\/person\/image\/\",\"url\":\"https:\/\/secure.gravatar.com\/avatar\/2f0f918bbcba9ec7417076369a7c0d1e?s=96&d=mm&r=g\",\"contentUrl\":\"https:\/\/secure.gravatar.com\/avatar\/2f0f918bbcba9ec7417076369a7c0d1e?s=96&d=mm&r=g\",\"caption\":\"Ana Coelho\"},\"sameAs\":[\"https:\/\/noseomundo.pt\/\",\"https:\/\/www.facebook.com\/NoseoMundoBlog\",\"https:\/\/www.instagram.com\/noseomundoblog\/\",\"https:\/\/www.pinterest.pt\/noseomundoblog\/\",\"https:\/\/x.com\/noseomundoblog\"],\"url\":\"https:\/\/www.abvp.pt\/en\/author\/noseomundoblog\/\"}]}<\/script>\n<!-- \/ Yoast SEO plugin. -->","yoast_head_json":{"title":"Blogtrip: viver o Solst\u00edcio de Ver\u00e3o na Beira Baixa - ABVP","robots":{"index":"index","follow":"follow","max-snippet":"max-snippet:-1","max-image-preview":"max-image-preview:large","max-video-preview":"max-video-preview:-1"},"canonical":"https:\/\/www.abvp.pt\/en\/blogtrip-solsticio-de-verao-na-beira-baixa\/","og_locale":"en_GB","og_type":"article","og_title":"Blogtrip: viver o Solst\u00edcio de Ver\u00e3o na Beira Baixa - ABVP","og_description":"Seis membros da ABVP \u2013 Associa\u00e7\u00e3o de Bloggers de Viagens Portugueses, participaram na blog trip \u201cVENHA VIVER O SOLIST\u00cdCIO DE VER\u00c3O NA BEIRA BAIXA\u201d, promovida pela Comunidade Intermunicipal da Beira [&hellip;]","og_url":"https:\/\/www.abvp.pt\/en\/blogtrip-solsticio-de-verao-na-beira-baixa\/","og_site_name":"ABVP","article_publisher":"https:\/\/www.facebook.com\/abvppt\/","article_author":"https:\/\/www.facebook.com\/NoseoMundoBlog","article_published_time":"2022-08-15T21:54:18+00:00","article_modified_time":"2023-05-06T20:24:56+00:00","og_image":[{"width":2048,"height":1365,"url":"https:\/\/www.abvp.pt\/wp-content\/uploads\/serra-das-talhadas_capa.jpg","type":"image\/jpeg"}],"author":"Ana Coelho","twitter_card":"summary_large_image","twitter_creator":"@noseomundoblog","twitter_site":"@abvppt","twitter_misc":{"Written by":"Ana Coelho","Estimated reading time":"6 minutes"},"schema":{"@context":"https:\/\/schema.org","@graph":[{"@type":"Article","@id":"https:\/\/www.abvp.pt\/blogtrip-solsticio-de-verao-na-beira-baixa\/#article","isPartOf":{"@id":"https:\/\/www.abvp.pt\/blogtrip-solsticio-de-verao-na-beira-baixa\/"},"author":{"name":"Ana Coelho","@id":"https:\/\/www.abvp.pt\/#\/schema\/person\/383e1784e25d1ba0dd2d81906cce75b2"},"headline":"Blogtrip: viver o Solst\u00edcio de Ver\u00e3o na Beira Baixa","datePublished":"2022-08-15T21:54:18+00:00","dateModified":"2023-05-06T20:24:56+00:00","mainEntityOfPage":{"@id":"https:\/\/www.abvp.pt\/blogtrip-solsticio-de-verao-na-beira-baixa\/"},"wordCount":790,"commentCount":0,"publisher":{"@id":"https:\/\/www.abvp.pt\/#organization"},"image":{"@id":"https:\/\/www.abvp.pt\/blogtrip-solsticio-de-verao-na-beira-baixa\/#primaryimage"},"thumbnailUrl":"https:\/\/www.abvp.pt\/wp-content\/uploads\/serra-das-talhadas_capa.jpg","keywords":["blog trip"],"articleSection":["Conte\u00fado"],"inLanguage":"en-GB","potentialAction":[{"@type":"CommentAction","name":"Comment","target":["https:\/\/www.abvp.pt\/blogtrip-solsticio-de-verao-na-beira-baixa\/#respond"]}]},{"@type":"WebPage","@id":"https:\/\/www.abvp.pt\/blogtrip-solsticio-de-verao-na-beira-baixa\/","url":"https:\/\/www.abvp.pt\/blogtrip-solsticio-de-verao-na-beira-baixa\/","name":"Blogtrip: viver o Solst\u00edcio de Ver\u00e3o na Beira Baixa - ABVP","isPartOf":{"@id":"https:\/\/www.abvp.pt\/#website"},"primaryImageOfPage":{"@id":"https:\/\/www.abvp.pt\/blogtrip-solsticio-de-verao-na-beira-baixa\/#primaryimage"},"image":{"@id":"https:\/\/www.abvp.pt\/blogtrip-solsticio-de-verao-na-beira-baixa\/#primaryimage"},"thumbnailUrl":"https:\/\/www.abvp.pt\/wp-content\/uploads\/serra-das-talhadas_capa.jpg","datePublished":"2022-08-15T21:54:18+00:00","dateModified":"2023-05-06T20:24:56+00:00","breadcrumb":{"@id":"https:\/\/www.abvp.pt\/blogtrip-solsticio-de-verao-na-beira-baixa\/#breadcrumb"},"inLanguage":"en-GB","potentialAction":[{"@type":"ReadAction","target":["https:\/\/www.abvp.pt\/blogtrip-solsticio-de-verao-na-beira-baixa\/"]}]},{"@type":"ImageObject","inLanguage":"en-GB","@id":"https:\/\/www.abvp.pt\/blogtrip-solsticio-de-verao-na-beira-baixa\/#primaryimage","url":"https:\/\/www.abvp.pt\/wp-content\/uploads\/serra-das-talhadas_capa.jpg","contentUrl":"https:\/\/www.abvp.pt\/wp-content\/uploads\/serra-das-talhadas_capa.jpg","width":2048,"height":1365},{"@type":"BreadcrumbList","@id":"https:\/\/www.abvp.pt\/blogtrip-solsticio-de-verao-na-beira-baixa\/#breadcrumb","itemListElement":[{"@type":"ListItem","position":1,"name":"In\u00edcio","item":"https:\/\/www.abvp.pt\/"},{"@type":"ListItem","position":2,"name":"Blogtrip: viver o Solst\u00edcio de Ver\u00e3o na Beira Baixa"}]},{"@type":"WebSite","@id":"https:\/\/www.abvp.pt\/#website","url":"https:\/\/www.abvp.pt\/","name":"ABVP","description":"Association of Portuguese Travel Bloggers","publisher":{"@id":"https:\/\/www.abvp.pt\/#organization"},"potentialAction":[{"@type":"SearchAction","target":{"@type":"EntryPoint","urlTemplate":"https:\/\/www.abvp.pt\/?s={search_term_string}"},"query-input":{"@type":"PropertyValueSpecification","valueRequired":true,"valueName":"search_term_string"}}],"inLanguage":"en-GB"},{"@type":"Organization","@id":"https:\/\/www.abvp.pt\/#organization","name":"ABVP","url":"https:\/\/www.abvp.pt\/","logo":{"@type":"ImageObject","inLanguage":"en-GB","@id":"https:\/\/www.abvp.pt\/#\/schema\/logo\/image\/","url":"https:\/\/www.abvp.pt\/wp-content\/uploads\/Logo-Header-dark.svg","contentUrl":"https:\/\/www.abvp.pt\/wp-content\/uploads\/Logo-Header-dark.svg","width":325,"height":48,"caption":"ABVP"},"image":{"@id":"https:\/\/www.abvp.pt\/#\/schema\/logo\/image\/"},"sameAs":["https:\/\/www.facebook.com\/abvppt\/","https:\/\/x.com\/abvppt","https:\/\/www.instagram.com\/abvppt\/"]},{"@type":"Person","@id":"https:\/\/www.abvp.pt\/#\/schema\/person\/383e1784e25d1ba0dd2d81906cce75b2","name":"Ana Coelho","image":{"@type":"ImageObject","inLanguage":"en-GB","@id":"https:\/\/www.abvp.pt\/#\/schema\/person\/image\/","url":"https:\/\/secure.gravatar.com\/avatar\/2f0f918bbcba9ec7417076369a7c0d1e?s=96&d=mm&r=g","contentUrl":"https:\/\/secure.gravatar.com\/avatar\/2f0f918bbcba9ec7417076369a7c0d1e?s=96&d=mm&r=g","caption":"Ana Coelho"},"sameAs":["https:\/\/noseomundo.pt\/","https:\/\/www.facebook.com\/NoseoMundoBlog","https:\/\/www.instagram.com\/noseomundoblog\/","https:\/\/www.pinterest.pt\/noseomundoblog\/","https:\/\/x.com\/noseomundoblog"],"url":"https:\/\/www.abvp.pt\/en\/author\/noseomundoblog\/"}]}},"_links":{"self":[{"href":"https:\/\/www.abvp.pt\/en\/wp-json\/wp\/v2\/posts\/2546","targetHints":{"allow":["GET"]}}],"collection":[{"href":"https:\/\/www.abvp.pt\/en\/wp-json\/wp\/v2\/posts"}],"about":[{"href":"https:\/\/www.abvp.pt\/en\/wp-json\/wp\/v2\/types\/post"}],"author":[{"embeddable":true,"href":"https:\/\/www.abvp.pt\/en\/wp-json\/wp\/v2\/users\/50"}],"replies":[{"embeddable":true,"href":"https:\/\/www.abvp.pt\/en\/wp-json\/wp\/v2\/comments?post=2546"}],"version-history":[{"count":0,"href":"https:\/\/www.abvp.pt\/en\/wp-json\/wp\/v2\/posts\/2546\/revisions"}],"wp:featuredmedia":[{"embeddable":true,"href":"https:\/\/www.abvp.pt\/en\/wp-json\/wp\/v2\/media\/2554"}],"wp:attachment":[{"href":"https:\/\/www.abvp.pt\/en\/wp-json\/wp\/v2\/media?parent=2546"}],"wp:term":[{"taxonomy":"category","embeddable":true,"href":"https:\/\/www.abvp.pt\/en\/wp-json\/wp\/v2\/categories?post=2546"},{"taxonomy":"post_tag","embeddable":true,"href":"https:\/\/www.abvp.pt\/en\/wp-json\/wp\/v2\/tags?post=2546"}],"curies":[{"name":"wp","href":"https:\/\/api.w.org\/{rel}","templated":true}]}}