{"id":2844,"date":"2022-10-16T15:40:59","date_gmt":"2022-10-16T14:40:59","guid":{"rendered":"https:\/\/www.abvp.pt\/?p=2844"},"modified":"2023-05-06T21:23:17","modified_gmt":"2023-05-06T20:23:17","slug":"abvp-travel-fest-2022","status":"publish","type":"post","link":"https:\/\/www.abvp.pt\/en\/abvp-travel-fest-2022\/","title":{"rendered":"ABVP Travel Fest 2022: a 2\u00aa edi\u00e7\u00e3o do maior evento da ABVP foi um sucesso!"},"content":{"rendered":"\n<p>No fim de semana de 17 e 18 de setembro, o Sal\u00e3o Nobre de C\u00e2mara Municipal de Matosinhos abriu as portas para acolher o ABVP Travel Fest 2022, que vai j\u00e1 na sua segunda edi\u00e7\u00e3o.<\/p>\n\n\n\n<p>Depois de um interregno de dois anos imposto pela pandemia, a ABVP \u2013 Associa\u00e7\u00e3o de Bloggers de Viagem Portugueses conseguiu finalmente voltar a organizar aquele que \u00e9 considerado o seu maior evento do ano.<\/p>\n\n\n\n<p>Mas n\u00e3o foram s\u00f3 os bloggers associados que marcaram presen\u00e7a neste congresso de viagens. Na verdade, o ABVP Travel Fest 2022 recebeu cerca de 150 bloggers, produtores de conte\u00fado e amantes de viagens &#8211; tanto amadores como profissionais &#8211; bem como nove oradores nacionais e internacionais!<\/p>\n\n\n\n<h2 class=\"wp-block-heading\">Sexta-feira, 16 de setembro de 2022<\/h2>\n\n\n\n<p>Apesar do ABVP Travel Fest 2022 s\u00f3 ter come\u00e7ado oficialmente no s\u00e1bado dia 17 de setembro, quem chegou de v\u00e9spera a Matosinhos p\u00f4de participar numa s\u00e9rie de visitas guiadas organizadas pela C\u00e2mara Municipal:<\/p>\n\n\n\n<ul class=\"wp-block-list\"><li>Casa da Arquitetura<\/li><li>Centro Empresarial Lionesa<\/li><li>Conserveira Ramirez<\/li><li>F\u00e1brica de Conservas Pinhais<\/li><li>Farol de Le\u00e7a<\/li><li>MuMMa &#8211; Museu da Mem\u00f3ria de Matosinhos<\/li><li>Terminal de Cruzeiros<\/li><li>Titan<\/li><\/ul>\n\n\n\n<figure class=\"wp-block-image size-full\"><img fetchpriority=\"high\" decoding=\"async\" width=\"1200\" height=\"800\" src=\"https:\/\/www.abvp.pt\/wp-content\/uploads\/Copia-de-Post-blog-1200-4.jpg\" alt=\"\" class=\"wp-image-3174\" srcset=\"https:\/\/www.abvp.pt\/wp-content\/uploads\/Copia-de-Post-blog-1200-4.jpg 1200w, https:\/\/www.abvp.pt\/wp-content\/uploads\/Copia-de-Post-blog-1200-4-600x400.jpg 600w, https:\/\/www.abvp.pt\/wp-content\/uploads\/Copia-de-Post-blog-1200-4-800x533.jpg 800w, https:\/\/www.abvp.pt\/wp-content\/uploads\/Copia-de-Post-blog-1200-4-150x100.jpg 150w, https:\/\/www.abvp.pt\/wp-content\/uploads\/Copia-de-Post-blog-1200-4-768x512.jpg 768w\" sizes=\"(max-width: 1200px) 100vw, 1200px\" \/><\/figure>\n\n\n\n<p>Como sempre, os bloggers associados da ABVP fizeram quest\u00e3o de estar presentes e contam-nos a sua experi\u00eancia! Eis os seus coment\u00e1rios sobre algumas das visitas guiadas em Matosinhos:<\/p>\n\n\n\n<h3 class=\"has-text-align-center wp-block-heading\">Casa da Arquitetura<\/h3>\n\n\n\n<p class=\"has-text-align-center\">&#8220;A Casa da Arquitetura ocupa desde 2017 o Quarteir\u00e3o da Real Vin\u00edcola, ap\u00f3s recupera\u00e7\u00e3o, segundo conce\u00e7\u00e3o do arquiteto Guilhermo Machado Vaz, as antigas instala\u00e7\u00f5es fabris constru\u00eddas pela sociedade Men\u00e9res &amp; Companhia. A visita guiada come\u00e7ou pela \u00e1rea exterior, com foco na hist\u00f3ria do espa\u00e7o, nas modifica\u00e7\u00f5es feitas para adaptar os edif\u00edcios \u00e0s v\u00e1rias fun\u00e7\u00f5es e nas op\u00e7\u00f5es est\u00e9ticas tomadas para manter o esp\u00edrito industrial do lugar. No interior, fizemos uma breve passagem pela \u201cThe Reasons Offsite\u201d, uma experi\u00eancia imersiva com recurso \u00e0 realidade virtual, e visit\u00e1mos depois a exposi\u00e7\u00e3o \u201cFlashback\u201d, que mostra mais de 40 anos de trabalho do arquiteto Carrilho da Gra\u00e7a. A Casa da Arquitetura funciona tamb\u00e9m como arquivo do acervo documental de v\u00e1rios arquitetos, que conjuga exemplarmente com a sua fun\u00e7\u00e3o expositiva, educativa e de divulga\u00e7\u00e3o da arquitetura nacional e internacional.&#8221;<\/p>\n\n\n\n<p class=\"has-text-align-center\"><em>Ana CB (Viajar porque sim)<\/em><\/p>\n\n\n\n<h3 class=\"has-text-align-center wp-block-heading\">Centro Empresarial Lionesa<\/h3>\n\n\n\n<p class=\"has-text-align-center\">&#8220;A visita ao Centro Empresarial Lionesa come\u00e7ou com uma surpresa: fomos espreitar os bastidores da expans\u00e3o deste espa\u00e7o, que inclui a remodela\u00e7\u00e3o do Mosteiro de Le\u00e7a do Balio e a cria\u00e7\u00e3o de um novo jardim, pela m\u00e3o de Siza Vieira e Sid\u00f3nio Pardal, respetivamente. Uma obra centrada na tem\u00e1tica das artes no Caminho de Santiago, reinterpretando espa\u00e7os e dando-lhes um significado especial. Esta zona ser\u00e1 visit\u00e1vel a partir de 2023, valendo tamb\u00e9m a pena explorar o rec\u00e9m-criado Corredor Verde do Le\u00e7a, mesmo ali ao p\u00e9.<\/p>\n\n\n\n<p class=\"has-text-align-center\">Descobrimos tamb\u00e9m que a Lionesa \u00e9 muito mais \u00e9 do que um aglomerado de empresas. A arte urbana tem aqui um papel especial, com o maior projeto de graffiti do norte do pa\u00eds, uma \u201ctela\u201d com cerca de 1.400 m<sup>2 <\/sup>criada por 10 artistas nacionais. Circulando pelo edif\u00edcio da Lionesa, fomos levados para um local inusitado: os corredores t\u00e9cnicos, transformados numa exposi\u00e7\u00e3o retrospetiva da arte urbana em Portugal. Deambul\u00e1mos um pouco mais e fic\u00e1mos surpreendidos com a forma como o centro \u00e9 focado n\u00e3o s\u00f3 na sua funcionalidade, mas tamb\u00e9m na felicidade das centenas de pessoas que ali trabalham.&#8221;<\/p>\n\n\n\n<p class=\"has-text-align-center\"><em>Ricardo Mendes e Diana Bencatel (Explorandar)<\/em><\/p>\n\n\n\n<h3 class=\"has-text-align-center wp-block-heading\">Conserveira Ramirez<\/h3>\n\n\n\n<p class=\"has-text-align-center\">&#8220;A visita come\u00e7a na loja da f\u00e1brica. A marca \u00e9 de 1853, com a primeira f\u00e1brica a funcionar em Vila Real de Santo Ant\u00f3nio. Mais tarde, o neto do fundador, Em\u00edlio, transferiu a f\u00e1brica para Matosinhos. O bisneto Manuel e os descendentes seguintes modernizaram a f\u00e1brica, sendo agora uma das mais modernas e a mais antiga ainda em funcionamento. Continua a ser uma empresa familiar com uma forte consci\u00eancia social, tendo at\u00e9 uma creche para os filhos dos funcion\u00e1rios. Finda a parte hist\u00f3rica, assistimos ao m\u00e9todo antigo de cravar as latas, nas cravadeiras. O n\u00facleo museol\u00f3gico tem ainda o prot\u00f3tipo da primeira m\u00e1quina de retirar as cabe\u00e7as \u00e0s sardinhas, uma miniatura do sistema tradicional de pescar atum, alguns modelos de latas hist\u00f3ricas e um quadro que retrata a chegada do atum \u00e0 lota. Segue-se a visita \u00e0 f\u00e1brica, onde \u00e9 necess\u00e1rio colocar prote\u00e7\u00e3o (bata e touca) e s\u00f3 se pode circular no percurso assinalado. A equipa \u00e9 maioritariamente feminina, justificado por as m\u00e3os das mulheres serem mais delicadas a manusear o peixe. A Maria fez muito sucesso e adorou ver o circuito a funcionar.&#8221;<\/p>\n\n\n\n<p class=\"has-text-align-center\"><em>Raquel Morgado (365 dias no mundo)<\/em><\/p>\n\n\n\n<h3 class=\"has-text-align-center wp-block-heading\">Farol de Le\u00e7a<\/h3>\n\n\n\n<p class=\"has-text-align-center\">&#8220;Foi constru\u00eddo para substituir o Farol da Boa Nova, entrando em funcionamento em 1926, e \u00e9 o segundo farol mais alto do pa\u00eds. O primeiro \u00e9 o de \u00cdlhavo. A visita guiada levou-nos at\u00e9 ao topo, degrau a degrau, at\u00e9 chegarmos aos 225. Aprendemos como o farol ilumina os navegadores e tem v\u00e1rios mecanismos de substitui\u00e7\u00e3o, caso algum falhe, como uma l\u00e2mpada fundida. Visita-se \u00e0s quartas \u00e0 tarde. N\u00e3o recomendamos com crian\u00e7as de colo porque n\u00e3o \u00e9 f\u00e1cil subir as escadas quebra-costas, mas a vista \u00e9 fenomenal.&#8221;<\/p>\n\n\n\n<p class=\"has-text-align-center\"><em>Raquel Morgado (365 dias no mundo)<\/em><\/p>\n\n\n\n<h3 class=\"has-text-align-center wp-block-heading\">Terminal de Cruzeiros<\/h3>\n\n\n\n<p class=\"has-text-align-center\">&#8220;Desde que terminou a sua constru\u00e7\u00e3o em 2015, este edif\u00edcio da autoria do arquiteto Lu\u00eds Pedro Silva, abriu ao p\u00fablico n\u00e3o s\u00f3 para utiliza\u00e7\u00e3o dos pr\u00f3prios passageiros do terminal de cruzeiros, mas como objeto de visitas arquitet\u00f3nicas guiadas.<\/p>\n\n\n\n<p class=\"has-text-align-center\">O seu desenho original, a localiza\u00e7\u00e3o privilegiada, os materais utilizados e o enquadramento visual tornaram-no no edif\u00edcio mais visitado na cidade e \u00e9 f\u00e1cil perceber porqu\u00ea. Tivemos a sorte de realizar a visita ao final do dia, e sugiro que apostem tamb\u00e9m no p\u00f4r-do-sol para irem at\u00e9 l\u00e1. Os jogos de luz e a panor\u00e2mica a partir dos \u00faltimos pisos, valem a visita!&#8221;<\/p>\n\n\n\n<p class=\"has-text-align-center\"><em>In\u00eas Miranda (<\/em>Sempre Entre Viagens<em>)<\/em><\/p>\n\n\n\n<h3 class=\"has-text-align-center wp-block-heading\">Titan<\/h3>\n\n\n\n<p class=\"has-text-align-center\">&#8220;As famosas gruas vermelho-ocre marcam a paisagem de Matosinhos e do Porto de Leix\u00f5es e est\u00e3o intimamente ligadas \u00e0 hist\u00f3ria da cidade e do seu porto de mar. Presentes desde o final do s\u00e9c XIX, estes gigantes de ferro fazem parte do patrim\u00f3nio arquitet\u00f3nico e de engenharia da era da energia a vapor.<\/p>\n\n\n\n<p class=\"has-text-align-center\">Depois da queda do Titan sul em 2012, e do esfor\u00e7o para a sua reconstru\u00e7\u00e3o e conserva\u00e7\u00e3o, \u00e9 agora poss\u00edvel visitar por dentro a estrutura, aprender um pouco mais da hist\u00f3ria da constru\u00e7\u00e3o do porto e da inova\u00e7\u00e3o de engenharia aplicada \u00e0 \u00e9poca. Uma visita muito interessante com o extra de ter uma das melhores vistas para a praia de Matosinhos.&#8221;<\/p>\n\n\n\n<p class=\"has-text-align-center\"><em>In\u00eas Miranda (<\/em>Sempre Entre Viagens<em>)<\/em><\/p>\n\n\n\n<h2 class=\"wp-block-heading\">DIA 1 &#8211; S\u00e1bado, 17 de setembro de 2022<\/h2>\n\n\n\n<p>O primeiro dia do ABVP Travel Fest 2022 arrancou com uma sess\u00e3o de abertura, altura em que a Dire\u00e7\u00e3o da ABVP e a vereadora do turismo da C\u00e2mara Municipal de Matosinhos, Marta Pontes, deram as boas vindas a todos, revelando um v\u00eddeo promocional da cidade portu\u00e1ria.<\/p>\n\n\n\n<figure class=\"wp-block-image size-full\"><img decoding=\"async\" width=\"1200\" height=\"800\" src=\"https:\/\/www.abvp.pt\/wp-content\/uploads\/ABVP-Travel-Fest-8.png\" alt=\"\" class=\"wp-image-2968\" srcset=\"https:\/\/www.abvp.pt\/wp-content\/uploads\/ABVP-Travel-Fest-8.png 1200w, https:\/\/www.abvp.pt\/wp-content\/uploads\/ABVP-Travel-Fest-8-600x400.png 600w, https:\/\/www.abvp.pt\/wp-content\/uploads\/ABVP-Travel-Fest-8-800x533.png 800w, https:\/\/www.abvp.pt\/wp-content\/uploads\/ABVP-Travel-Fest-8-150x100.png 150w, https:\/\/www.abvp.pt\/wp-content\/uploads\/ABVP-Travel-Fest-8-768x512.png 768w\" sizes=\"(max-width: 1200px) 100vw, 1200px\" \/><figcaption>\u00a9 Carlos Mass. Filipe Morato Gomes, presidente da ABVP, d\u00e1 as boas vindas<\/figcaption><\/figure>\n\n\n\n<p><\/p>\n\n\n\n<h3 class=\"wp-block-heading\">Ana Abr\u00e3o, Brasil: <em>\u201cOutros Mundos: um ano, um m\u00eas e uma semana de aventuras e fotografias na \u00c1sia\u201d<\/em><\/h3>\n\n\n\n<p>A primeira palestra do ABVP Travel Fest 2022 ficou a cargo de Ana Abr\u00e3o, fot\u00f3grafa premiada em v\u00e1rios concursos nacionais de fotografia e reconhecida pela sua excel\u00eancia t\u00e9cnica por diversas associa\u00e7\u00f5es internacionais.<\/p>\n\n\n\n<p>Especialista em fotografia de retrato, \u00e9 autora da obra &#8220;Outros Mundos \u2013 Um ano, um m\u00eas e uma semana de aventuras e fotografias na \u00c1sia&#8221;, um livro de fotografias e hist\u00f3rias de viagem que deu nome \u00e0 sua palestra.<\/p>\n\n\n\n<p>Foram precisamente os retratos e relatos sobre a sua estadia de cinco dias no acampamento da comunidade dos Naga Sadhus que ditaram o mote inspiracional do ABVP Travel Fest 2022.<\/p>\n\n\n\n<figure class=\"wp-block-image size-full\"><img decoding=\"async\" width=\"1200\" height=\"800\" src=\"https:\/\/www.abvp.pt\/wp-content\/uploads\/ABVP-Travel-Fest-5.png\" alt=\"\" class=\"wp-image-2967\" srcset=\"https:\/\/www.abvp.pt\/wp-content\/uploads\/ABVP-Travel-Fest-5.png 1200w, https:\/\/www.abvp.pt\/wp-content\/uploads\/ABVP-Travel-Fest-5-600x400.png 600w, https:\/\/www.abvp.pt\/wp-content\/uploads\/ABVP-Travel-Fest-5-800x533.png 800w, https:\/\/www.abvp.pt\/wp-content\/uploads\/ABVP-Travel-Fest-5-150x100.png 150w, https:\/\/www.abvp.pt\/wp-content\/uploads\/ABVP-Travel-Fest-5-768x512.png 768w\" sizes=\"(max-width: 1200px) 100vw, 1200px\" \/><figcaption>\u00a9 Carlos Mass. A fot\u00f3grafa Ana Abr\u00e3o<\/figcaption><\/figure>\n\n\n\n<p>Das fotografias com pormenores destes homens espirituais (como os adornos  e o seu simbolismo), \u00e0 sua participa\u00e7\u00e3o &#8220;involunt\u00e1ria&#8221; num evento com carros aleg\u00f3ricos, bandas de percuss\u00e3o e um cortejo de homens nus &#8211; Ana Abr\u00e3o motivou todos a observarem mais as outras culturas.<\/p>\n\n\n\n<p>Para a fot\u00f3grafa luso-brasileira, as viagens devem ser mais focadas no outro e, enquanto viajante, procura o feio, o desconfort\u00e1vel, o remoto, o dif\u00edcil, o desafiante&#8230; Assim sendo, pode dizer-se que a sua principal miss\u00e3o \u00e9 valorizar os costumes e tradi\u00e7\u00f5es de <em>outros mundos<\/em>, dando-os a conhecer ao <em>nosso mundo<\/em>.<\/p>\n\n\n\n<p class=\"has-text-align-center\">Frase da palestra: <strong>&#8220;O bem humano mais precioso \u00e9 a liberdade de escolha.&#8221;<\/strong><\/p>\n\n\n\n<p class=\"has-text-align-center\">MAIS SOBRE ANA ABR\u00c3O:<\/p>\n\n\n\n<div class=\"wp-block-buttons is-content-justification-center is-layout-flex wp-container-core-buttons-is-layout-1 wp-block-buttons-is-layout-flex\">\n<div class=\"wp-block-button has-custom-width wp-block-button__width-25 has-custom-font-size is-style-outline has-large-font-size is-style-outline--1\"><a class=\"wp-block-button__link\" href=\"https:\/\/anaabrao.com\/\" style=\"border-radius:0px\" target=\"_blank\" rel=\"noreferrer noopener\">WEBSITE<\/a><\/div>\n\n\n\n<div class=\"wp-block-button has-custom-width wp-block-button__width-25 has-custom-font-size is-style-outline has-large-font-size is-style-outline--2\"><a class=\"wp-block-button__link\" href=\"https:\/\/www.instagram.com\/ana.abrao.photo\/\" target=\"_blank\" rel=\"noreferrer noopener\">INSTAGRAM<\/a><\/div>\n\n\n\n<div class=\"wp-block-button has-custom-width wp-block-button__width-25 has-custom-font-size is-style-outline has-large-font-size is-style-outline--3\"><a class=\"wp-block-button__link\" href=\"https:\/\/www.facebook.com\/ana.maria.abrao\" target=\"_blank\" rel=\"noreferrer noopener\">FACEBOOK<\/a><\/div>\n<\/div>\n\n\n\n<h3 class=\"wp-block-heading\">Kamran Ali, Paquist\u00e3o: <em>\u201cSlow down Kamran \u2013 stories of a Pakistani cyclist\u201d<\/em><\/h3>\n\n\n\n<p>Ap\u00f3s um curto intervalo para trocar impress\u00f5es sobre o in\u00edcio do ABVP Travel Fest 2022, participantes e oradores regressaram ao Sal\u00e3o Nobre da C\u00e2mara Municipal de Matosinhos para ouvir a palestra de Kamran Ali.<\/p>\n\n\n\n<p>Fot\u00f3grafo e cineasta paquistan\u00eas, Kamran ganhou renome internacional quando viajou sozinho de bicicleta entre Ushuaia (na Argentina) e Prudhoe Bay (no Alasca, Estados Unidos da Am\u00e9rica), ao longo de quatro anos!<\/p>\n\n\n\n<figure class=\"wp-block-image size-full\"><img loading=\"lazy\" decoding=\"async\" width=\"1200\" height=\"800\" src=\"https:\/\/www.abvp.pt\/wp-content\/uploads\/ABVP-Travel-Fest-6.png\" alt=\"\" class=\"wp-image-2957\" srcset=\"https:\/\/www.abvp.pt\/wp-content\/uploads\/ABVP-Travel-Fest-6.png 1200w, https:\/\/www.abvp.pt\/wp-content\/uploads\/ABVP-Travel-Fest-6-600x400.png 600w, https:\/\/www.abvp.pt\/wp-content\/uploads\/ABVP-Travel-Fest-6-800x533.png 800w, https:\/\/www.abvp.pt\/wp-content\/uploads\/ABVP-Travel-Fest-6-150x100.png 150w, https:\/\/www.abvp.pt\/wp-content\/uploads\/ABVP-Travel-Fest-6-768x512.png 768w\" sizes=\"(max-width: 1200px) 100vw, 1200px\" \/><figcaption>\u00a9 Carlos Mass. Kamran Ali (Kamran on bike) <\/figcaption><\/figure>\n\n\n\n<p>Desde 2015, ano em largou a sua carreira como programador inform\u00e1tico na Alemanha, Kamran Ali j\u00e1 fez mais de 50 mil quil\u00f3metros de bicicleta, percorrendo 43 pa\u00edses em quatro continentes diferentes.<\/p>\n\n\n\n<p>Foi exatamente na Alemanha que ele decidiu concretizar um dos seus maiores sonhos: pedalar dali at\u00e9 \u00e0 sua cidade natal, Layyah, no Paquist\u00e3o. E a aventura de bicicleta realizou-se em duas etapas: uma entre Rostock (na Alemanha) e Sivas (na Turquia), em 2011; e a outra entre Sivas e Layyah, em 2015.<\/p>\n\n\n\n<p>De destacar tamb\u00e9m a <strong>campanha solid\u00e1ria desenvolvida em prol das v\u00edtimas das cheias no Paquist\u00e3o<\/strong>, lan\u00e7ada pela ABVP e pelo Kamran neste evento. Todas as fotografias da campanha foram vendidas, o que significou um apoio superior a mil euros para comunidades paquistanesas.<\/p>\n\n\n\n<p class=\"has-text-align-center\">Frase da palestra: <strong>&#8220;You&#8217;re never too young, never too small, never too weak to help someone.&#8221;<\/strong> (&#8220;Tu nunca \u00e9s demasiado jovem, demasiado pequeno, demasiado fraco para ajudar algu\u00e9m&#8221;.)<\/p>\n\n\n\n<p class=\"has-text-align-center\">MAIS SOBRE O KAMRAN ALI:<\/p>\n\n\n\n<div class=\"wp-block-buttons is-content-justification-center is-layout-flex wp-container-core-buttons-is-layout-2 wp-block-buttons-is-layout-flex\">\n<div class=\"wp-block-button has-custom-width wp-block-button__width-25 has-custom-font-size is-style-outline has-large-font-size is-style-outline--4\"><a class=\"wp-block-button__link\" href=\"https:\/\/kamranonbike.com\/\" style=\"border-radius:0px\" target=\"_blank\" rel=\"noreferrer noopener\">WEBSITE<\/a><\/div>\n\n\n\n<div class=\"wp-block-button has-custom-width wp-block-button__width-25 has-custom-font-size is-style-outline has-large-font-size is-style-outline--5\"><a class=\"wp-block-button__link\" href=\"https:\/\/www.instagram.com\/kamranonbike\/\" target=\"_blank\" rel=\"noreferrer noopener\">INSTAGRAM<\/a><\/div>\n\n\n\n<div class=\"wp-block-button has-custom-width wp-block-button__width-25 has-custom-font-size is-style-outline has-large-font-size is-style-outline--6\"><a class=\"wp-block-button__link\" href=\"https:\/\/www.facebook.com\/KamranOnBike\/\" target=\"_blank\" rel=\"noreferrer noopener\">FACEBOOK<\/a><\/div>\n<\/div>\n\n\n\n<h3 class=\"wp-block-heading\"><strong>Mesa redonda: <em>\u201cVolunturismo: fazer a diferen\u00e7a ou oportunismo?\u201d<\/em><\/strong><\/h3>\n\n\n\n<p>A seguir ao almo\u00e7o, o ABVP Travel Fest 2022 retomou com uma mesa redonda moderada por Lu\u00edsa Pinto, jornalista da plataforma Rostos da Aldeia. E os participantes foram:<\/p>\n\n\n\n<ul class=\"wp-block-list\"><li>Gustavo Carona &#8211; m\u00e9dico anestesista e intensivista, que participou em in\u00fameras miss\u00f5es humanit\u00e1rias.<\/li><li>Marta Beata &#8211; fundadora da associa\u00e7\u00e3o sem fins lucrativos From Kibera With Love, sediada no Qu\u00e9nia.<\/li><li>Neto &amp; Lili &#8211; do blog Do Ber\u00e7o to the World.<\/li><\/ul>\n\n\n\n<figure class=\"wp-block-image size-full\"><img loading=\"lazy\" decoding=\"async\" width=\"1200\" height=\"800\" src=\"https:\/\/www.abvp.pt\/wp-content\/uploads\/ABVP-Travel-Fest-10.png\" alt=\"\" class=\"wp-image-2960\" srcset=\"https:\/\/www.abvp.pt\/wp-content\/uploads\/ABVP-Travel-Fest-10.png 1200w, https:\/\/www.abvp.pt\/wp-content\/uploads\/ABVP-Travel-Fest-10-600x400.png 600w, https:\/\/www.abvp.pt\/wp-content\/uploads\/ABVP-Travel-Fest-10-800x533.png 800w, https:\/\/www.abvp.pt\/wp-content\/uploads\/ABVP-Travel-Fest-10-150x100.png 150w, https:\/\/www.abvp.pt\/wp-content\/uploads\/ABVP-Travel-Fest-10-768x512.png 768w\" sizes=\"(max-width: 1200px) 100vw, 1200px\" \/><figcaption>\u00a9 Carlos Mass<\/figcaption><\/figure>\n\n\n\n<p>Como \u00e9 poss\u00edvel perceber pelo t\u00edtulo desta mesa redonda, debateu-se formas de voluntariado e raz\u00f5es pelas quais as pessoas escolhem ajudar o outro.<\/p>\n\n\n\n<p class=\"has-text-align-center\">Frase da mesa-redonda: <strong>&#8220;Quanto mais ajudamos, mais quest\u00f5es levantamos.&#8221;<\/strong> (Gustavo Carona)<\/p>\n\n\n\n<h3 class=\"wp-block-heading\">Andrea Bergareche (L\u00e1piz N\u00f3mada), Espanha: <em>\u201cA female perspective on travel blogging\u201d<\/em><\/h3>\n\n\n\n<p>O ABVP Travel 2022 voltou a parar para outro intervalo, mas a expctativa era grande para ouvir Andrea Bergareche, uma n\u00f3mada digital espanhola que viaja sozinha desde 2015 &#8211; o mesmo ano em que fundou o blog L\u00e1piz N\u00f3mada.<\/p>\n\n\n\n<p>Andrea Bergareche descobriu a sua paix\u00e3o pelas viagens em 2012, quando rumou ao M\u00e9xico para completar os seus estudos em Belas-Artes. Ao fim de tr\u00eas anos, decidiu comprar um bilhete s\u00f3 de ida para a Argentina e foi neste mesmo pa\u00eds que come\u00e7ou uma longa viagem pela Am\u00e9rica do Sul.<\/p>\n\n\n\n<p>Durante sete meses, Andrea Bergareche percorreu mais de 10 mil quil\u00f3metros sempre \u00e0 boleia, a bordo de mais de 200 ve\u00edculos. O destino final era a Col\u00f4mbia, mas pelo caminho conheceu o Paraguai, Bol\u00edvia, Peru e Equador.<\/p>\n\n\n\n<figure class=\"wp-block-image size-full\"><img loading=\"lazy\" decoding=\"async\" width=\"1200\" height=\"800\" src=\"https:\/\/www.abvp.pt\/wp-content\/uploads\/ABVP-Travel-Fest-7.png\" alt=\"\" class=\"wp-image-2958\" srcset=\"https:\/\/www.abvp.pt\/wp-content\/uploads\/ABVP-Travel-Fest-7.png 1200w, https:\/\/www.abvp.pt\/wp-content\/uploads\/ABVP-Travel-Fest-7-600x400.png 600w, https:\/\/www.abvp.pt\/wp-content\/uploads\/ABVP-Travel-Fest-7-800x533.png 800w, https:\/\/www.abvp.pt\/wp-content\/uploads\/ABVP-Travel-Fest-7-150x100.png 150w, https:\/\/www.abvp.pt\/wp-content\/uploads\/ABVP-Travel-Fest-7-768x512.png 768w\" sizes=\"(max-width: 1200px) 100vw, 1200px\" \/><figcaption>\u00a9 Carlos Mass.  Andrea Bergareche, autora do L\u00e1piz N\u00f3mada<\/figcaption><\/figure>\n\n\n\n<p>Para financiar a sua viagem, Andrea Bergareche usou o <em>couchsurfing<\/em>, participou em programas de voluntariado, fez tatuagens e at\u00e9 pintou murais. Ao mesmo tempo, usava o seu blog para partilhar conselhos pr\u00e1ticos e os desafios de viajar sozinha como mulher.<\/p>\n\n\n\n<p>A sua experi\u00eancia pessoal motivou-a a publicar &#8220;Yo Viajo Sola&#8221; (2019), um livro ilustrado que junta as suas duas paix\u00f5es: viajar e desenhar. Mais recentemente, fez uma viagem de 16 meses pela \u00c1sia e Sudeste Asi\u00e1tico e criou um programa de viagens em grupo intitulado &#8220;Aventuras para Mujeres Guerreras&#8221;. <\/p>\n\n\n\n<p class=\"has-text-align-center\">Frase da palestra: <strong>&#8220;What voice guides you in your life? The fear one? Or the &#8216;personal coach&#8217; one?&#8221;<\/strong> (&#8220;Que voz te guia na tua vida? A do medo? Ou a do &#8216;personal coach&#8217;?&#8221;)<\/p>\n\n\n\n<p class=\"has-text-align-center\">MAIS SOBRE A ANDREA BERGARECHE:<\/p>\n\n\n\n<div class=\"wp-block-buttons is-content-justification-center is-layout-flex wp-container-core-buttons-is-layout-3 wp-block-buttons-is-layout-flex\">\n<div class=\"wp-block-button has-custom-width wp-block-button__width-25 has-custom-font-size is-style-outline has-large-font-size is-style-outline--7\"><a class=\"wp-block-button__link\" href=\"https:\/\/www.lapiznomada.com\/\" style=\"border-radius:0px\" target=\"_blank\" rel=\"noreferrer noopener\">WEBSITE<\/a><\/div>\n\n\n\n<div class=\"wp-block-button has-custom-width wp-block-button__width-25 has-custom-font-size is-style-outline has-large-font-size is-style-outline--8\"><a class=\"wp-block-button__link\" href=\"https:\/\/www.instagram.com\/lapiznomada\/\" target=\"_blank\" rel=\"noreferrer noopener\">INSTAGRAM<\/a><\/div>\n\n\n\n<div class=\"wp-block-button has-custom-width wp-block-button__width-25 has-custom-font-size is-style-outline has-large-font-size is-style-outline--9\"><a class=\"wp-block-button__link\" href=\"https:\/\/www.facebook.com\/lapiznomadablog\/\" target=\"_blank\" rel=\"noreferrer noopener\">FACEBOOK<\/a><\/div>\n<\/div>\n\n\n\n<h3 class=\"wp-block-heading\">Lu\u00eds Oct\u00e1vio Costa (@Kitato), Portugal: <em>\u201cStorytelling no Instagram\u201d<\/em><\/h3>\n\n\n\n<p>O primeiro dia do ABVP Travel Fest 2022 terminou com uma palestra de Lu\u00eds Oct\u00e1vio Costa, jornalista do jornal P\u00fablico e da revista Fugas, sobre o <em>storytelling<\/em> ou a &#8220;arte de contar hist\u00f3rias&#8221; numa das redes sociais mais populares de sempre: o Instagram.<\/p>\n\n\n\n<p>Apesar de n\u00e3o se considerar fot\u00f3grafo profissional, Lu\u00eds Oct\u00e1vio Costa &#8211; ou @Kitato, como \u00e9 mais conhecido no Instagram &#8211; \u00e9 apaixonado por fotografia. Por isso, n\u00e3o \u00e9 dif\u00edcil explicar que tenha aproveitado o potencial da plataforma de partilha de fotos e v\u00eddeos para desenvolver a sua criatividade.<\/p>\n\n\n\n<p class=\"has-text-align-center\"><\/p>\n\n\n\n<figure class=\"wp-block-image size-full\"><img loading=\"lazy\" decoding=\"async\" width=\"1280\" height=\"1280\" src=\"https:\/\/www.abvp.pt\/wp-content\/uploads\/kitato.jpg\" alt=\"\" class=\"wp-image-2507\" srcset=\"https:\/\/www.abvp.pt\/wp-content\/uploads\/kitato.jpg 1280w, https:\/\/www.abvp.pt\/wp-content\/uploads\/kitato-300x300.jpg 300w, https:\/\/www.abvp.pt\/wp-content\/uploads\/kitato-100x100.jpg 100w, https:\/\/www.abvp.pt\/wp-content\/uploads\/kitato-600x600.jpg 600w, https:\/\/www.abvp.pt\/wp-content\/uploads\/kitato-800x800.jpg 800w, https:\/\/www.abvp.pt\/wp-content\/uploads\/kitato-150x150.jpg 150w, https:\/\/www.abvp.pt\/wp-content\/uploads\/kitato-768x768.jpg 768w, https:\/\/www.abvp.pt\/wp-content\/uploads\/kitato-80x80.jpg 80w\" sizes=\"(max-width: 1280px) 100vw, 1280px\" \/><figcaption>Kitato<\/figcaption><\/figure>\n\n\n\n<p>Hoje em dia, Lu\u00eds Oct\u00e1vio Costa diz que &#8220;viaja atrav\u00e9s dos seus entrevistados&#8221;, utilizando as publica\u00e7\u00f5es em formato &#8220;carrossel&#8221; para contar as suas hist\u00f3rias no Instagram. No entanto \u00e9 igualmente um \u00e1vido adepto de Natureza e adora capturar s\u00edtios de dif\u00edcil acesso.<\/p>\n\n\n\n<p>O seu trabalho como jornalista tamb\u00e9m lhe permite viajar frequentemente em Portugal e no estrangeiro, para escrever sobre esses destinos (e fotograf\u00e1-los). Algumas das viagens que mais o marcaram foram ao Bangladesh, Arg\u00e9lia, S\u00e3o Paulo (no Brasil), Brooklyn (em Nova Iorque, Estados Unidos) e Isl\u00e2ndia.<\/p>\n\n\n\n<p class=\"has-text-align-center\">Frase da palestra: <strong>&#8220;Escreve como se estivesses a contar aos teus amigos no caf\u00e9.&#8221;<\/strong><\/p>\n\n\n\n<p class=\"has-text-align-center\">MAIS SOBRE O LU\u00cdS OCT\u00c1VIO COSTA:<\/p>\n\n\n\n<div class=\"wp-block-buttons is-content-justification-center is-layout-flex wp-container-core-buttons-is-layout-4 wp-block-buttons-is-layout-flex\">\n<div class=\"wp-block-button has-custom-width wp-block-button__width-25 has-custom-font-size is-style-outline has-large-font-size is-style-outline--10\"><a class=\"wp-block-button__link\" href=\"https:\/\/www.instagram.com\/kitato\/\" target=\"_blank\" rel=\"noreferrer noopener\">INSTAGRAM<\/a><\/div>\n<\/div>\n\n\n\n<h2 class=\"wp-block-heading\">DIA 2 &#8211; Domingo, 18 de setembro de 2022<\/h2>\n\n\n\n<h3 class=\"wp-block-heading\"><strong>Workshop: <em>\u201cComo ganhar dinheiro online? Marketing de afiliados!\u201d<\/em><\/strong><\/h3>\n\n\n\n<p>O segundo dia do ABVP Travel Fest 2022 come\u00e7ou com um workshop oferecido por Yajna Moreira da IATI Seguros, dirigido aos bloggers de viagens. E uma vez que o marketing de afiliados \u00e9 uma oportunidade de obter rendimentos extra, n\u00e3o faltaram interessados para encher a sala!<\/p>\n\n\n\n<h3 class=\"wp-block-heading\">Gustavo Carona, Portugal: <em>\u201cViajar com um prop\u00f3sito\u201d<\/em><\/h3>\n\n\n\n<p>A primeira palestra de domingo foi da responsabilidade de Gustavo Carona, m\u00e9dico anestesista e intensivista portugu\u00eas, que tinha integrado a mesa redonda do dia anterior acerca de volunturismo.<\/p>\n\n\n\n<p>Como referido anteriormente, Gustavo Carona j\u00e1 fez mais de dez miss\u00f5es humanit\u00e1rias ao servi\u00e7o de organiza\u00e7\u00f5es n\u00e3o-governamentais, como os M\u00e9dicos sem Fronteiras, a Cruz Vermelha e a Associa\u00e7\u00e3o M\u00e9dicos do Mundo.<\/p>\n\n\n\n<p class=\"has-text-align-center\"><\/p>\n\n\n\n<figure class=\"wp-block-image size-full\"><img loading=\"lazy\" decoding=\"async\" width=\"1200\" height=\"800\" src=\"https:\/\/www.abvp.pt\/wp-content\/uploads\/Copia-de-Post-blog-1200-1-1.jpg\" alt=\"\" class=\"wp-image-3173\" srcset=\"https:\/\/www.abvp.pt\/wp-content\/uploads\/Copia-de-Post-blog-1200-1-1.jpg 1200w, https:\/\/www.abvp.pt\/wp-content\/uploads\/Copia-de-Post-blog-1200-1-1-600x400.jpg 600w, https:\/\/www.abvp.pt\/wp-content\/uploads\/Copia-de-Post-blog-1200-1-1-800x533.jpg 800w, https:\/\/www.abvp.pt\/wp-content\/uploads\/Copia-de-Post-blog-1200-1-1-150x100.jpg 150w, https:\/\/www.abvp.pt\/wp-content\/uploads\/Copia-de-Post-blog-1200-1-1-768x512.jpg 768w\" sizes=\"(max-width: 1200px) 100vw, 1200px\" \/><\/figure>\n\n\n\n<p>Neste espa\u00e7o de tempo, que pareceu curto para a relev\u00e2ncia do tema, foram colocadas perguntas dif\u00edceis mas fundamentais: &#8220;Porque \u00e9 que viajamos?&#8221;, &#8220;O que une as viagens?&#8221;, ou &#8220;Qual o nosso papel quando viajamos?&#8221;.<\/p>\n\n\n\n<p>Infelizmente, muitas perguntas ficam sem resposta quando viajamos para cen\u00e1rios de guerra, destrui\u00e7\u00e3o e desigualdade. Mas uma quest\u00e3o do p\u00fablico, &#8220;Como refor\u00e7amos a empatia pelo outro enquanto bloggers de viagem?&#8221; deu azo a algumas ideias:<\/p>\n\n\n\n<ul class=\"wp-block-list\"><li>Contando as hist\u00f3rias das pessoas<\/li><li>Humanizando os povos<\/li><li>Percebendo o qu\u00e3o representativos s\u00e3o<\/li><\/ul>\n\n\n\n<p class=\"has-text-align-center\">Frase da palestra: <strong>&#8220;O que mata n\u00e3o s\u00e3o os tiros, mas sim as consequ\u00eancias vindas deles.&#8221;<\/strong><\/p>\n\n\n\n<p class=\"has-text-align-center\">MAIS SOBRE O GUSTAVO CARONA:<\/p>\n\n\n\n<div class=\"wp-block-buttons is-content-justification-center is-layout-flex wp-container-core-buttons-is-layout-5 wp-block-buttons-is-layout-flex\">\n<div class=\"wp-block-button has-custom-width wp-block-button__width-25 has-custom-font-size is-style-outline has-large-font-size is-style-outline--11\"><a class=\"wp-block-button__link\" href=\"https:\/\/www.gustavocarona.com\/\" style=\"border-radius:0px\" target=\"_blank\" rel=\"noreferrer noopener\">WEBSITE<\/a><\/div>\n\n\n\n<div class=\"wp-block-button has-custom-width wp-block-button__width-25 has-custom-font-size is-style-outline has-large-font-size is-style-outline--12\"><a class=\"wp-block-button__link\" href=\"https:\/\/www.instagram.com\/gustavocarona\/\" target=\"_blank\" rel=\"noreferrer noopener\">INSTAGRAM<\/a><\/div>\n\n\n\n<div class=\"wp-block-button has-custom-width wp-block-button__width-25 has-custom-font-size is-style-outline has-large-font-size is-style-outline--13\"><a class=\"wp-block-button__link\" href=\"https:\/\/www.facebook.com\/gustavocaronadr\/\" target=\"_blank\" rel=\"noreferrer noopener\">FACEBOOK<\/a><\/div>\n<\/div>\n\n\n\n<h3 class=\"wp-block-heading\">Andreas Noe (The Trash Traveler), Alemanha: <em>\u201cTrash awareness with fun and positivity\u201d<\/em><\/h3>\n\n\n\n<p>Ainda antes do intervalo da manh\u00e3, o sal\u00e3o nobre recebeu Andreas Noe, um ativista, artista e aventureiro alem\u00e3o, que trocou uma carreira em biom\u00e9dica pela sensibiliza\u00e7\u00e3o e educa\u00e7\u00e3o ambiental.<\/p>\n\n\n\n<p>H\u00e1 cinco anos a viver em Portugal, Andreas Noe organiza recolhas de lixo em praias e campanhas de consciencializa\u00e7\u00e3o sobre o problema do micropl\u00e1stico. No seu dia a dia, faz ainda os poss\u00edveis para lutar contra o consumismo, limitando o uso de pl\u00e1stico ou recusando, reutilizando e reaproveitando produtos deste material.<\/p>\n\n\n\n<figure class=\"wp-block-image size-full\"><img loading=\"lazy\" decoding=\"async\" width=\"1200\" height=\"800\" src=\"https:\/\/www.abvp.pt\/wp-content\/uploads\/ABVP-Travel-Fest-11.png\" alt=\"\" class=\"wp-image-2963\" srcset=\"https:\/\/www.abvp.pt\/wp-content\/uploads\/ABVP-Travel-Fest-11.png 1200w, https:\/\/www.abvp.pt\/wp-content\/uploads\/ABVP-Travel-Fest-11-600x400.png 600w, https:\/\/www.abvp.pt\/wp-content\/uploads\/ABVP-Travel-Fest-11-800x533.png 800w, https:\/\/www.abvp.pt\/wp-content\/uploads\/ABVP-Travel-Fest-11-150x100.png 150w, https:\/\/www.abvp.pt\/wp-content\/uploads\/ABVP-Travel-Fest-11-768x512.png 768w\" sizes=\"(max-width: 1200px) 100vw, 1200px\" \/><figcaption>\u00a9 Carlos Mass. Andreas Noe, mais conhecido como The Trash Traveler<\/figcaption><\/figure>\n\n\n\n<p>Foi assim que surgiu The Trash Traveler, uma organiza\u00e7\u00e3o de conserva\u00e7\u00e3o do ambiente, que utiliza as redes sociais para alertar para o impacto do lixo no mundo de forma positiva e divertida.<\/p>\n\n\n\n<p>Dos projetos que j\u00e1 promoveu, Andreas Noe destacou dois: &#8220;The Plastic Hike&#8221;, que o levou a percorrer os 832 km da costa de Portugal em 58 dias e resultou na recolha de 1,6 toneladas de pl\u00e1stico, com a ajuda de quase 600 pessoas; e &#8220;The Trash Cycle&#8221;, uma viagem de 2370 km numa bicicleta reciclada, onde se recolheram 4599 garrafas e latas!<\/p>\n\n\n\n<p class=\"has-text-align-center\">Frase da palestra: <strong>&#8220;Refuse plastic and reuse plastic.&#8221;<\/strong> (&#8220;Recusa o pl\u00e1stico e reutiliza o pl\u00e1stico.&#8221;)<\/p>\n\n\n\n<p class=\"has-text-align-center\">MAIS SOBRE O ANDREAS NOE:<\/p>\n\n\n\n<div class=\"wp-block-buttons is-content-justification-center is-layout-flex wp-container-core-buttons-is-layout-6 wp-block-buttons-is-layout-flex\">\n<div class=\"wp-block-button has-custom-width wp-block-button__width-25 has-custom-font-size is-style-outline has-large-font-size is-style-outline--14\"><a class=\"wp-block-button__link\" href=\"http:\/\/thetrashtraveler.org\" style=\"border-radius:0px\" target=\"_blank\" rel=\"noreferrer noopener\">WEBSITE<\/a><\/div>\n\n\n\n<div class=\"wp-block-button has-custom-width wp-block-button__width-25 has-custom-font-size is-style-outline has-large-font-size is-style-outline--15\"><a class=\"wp-block-button__link\" href=\"https:\/\/www.instagram.com\/thetrashtraveler\/\" target=\"_blank\" rel=\"noreferrer noopener\">INSTAGRAM<\/a><\/div>\n\n\n\n<div class=\"wp-block-button has-custom-width wp-block-button__width-25 has-custom-font-size is-style-outline has-large-font-size is-style-outline--16\"><a class=\"wp-block-button__link\" href=\"https:\/\/www.facebook.com\/thetrashtraveler1\" target=\"_blank\" rel=\"noreferrer noopener\">FACEBOOK<\/a><\/div>\n<\/div>\n\n\n\n<h3 class=\"wp-block-heading\">Paulo Moura, Portugal: <em>\u201cCria\u00e7\u00e3o liter\u00e1ria: da observa\u00e7\u00e3o \u00e0 escrita\u201d<\/em><\/h3>\n\n\n\n<p>Paulo Moura \u00e9 um professor universit\u00e1rio, rep\u00f3rter e autor portugu\u00eas, que trabalhou durante vinte anos como jornalista em zonas de conflito. Foi dele a palestra final da manh\u00e3, inteiramente dedicada \u00e0 cria\u00e7\u00e3o liter\u00e1ria.<\/p>\n\n\n\n<p>Com 12 obras publicadas em diferentes l\u00ednguas no seu curr\u00edculo de escritor e oito passes Interrail no seu curr\u00edculo de viajante, Paulo Moura afirma que &#8220;inventa uma maldi\u00e7\u00e3o&#8221; para viajar &#8211; isto \u00e9, um pretexto ou uma desculpa para ir de viagem.<\/p>\n\n\n\n<figure class=\"wp-block-image size-full\"><img loading=\"lazy\" decoding=\"async\" width=\"1200\" height=\"800\" src=\"https:\/\/www.abvp.pt\/wp-content\/uploads\/ABVP-Travel-Fest-14.png\" alt=\"\" class=\"wp-image-2964\" srcset=\"https:\/\/www.abvp.pt\/wp-content\/uploads\/ABVP-Travel-Fest-14.png 1200w, https:\/\/www.abvp.pt\/wp-content\/uploads\/ABVP-Travel-Fest-14-600x400.png 600w, https:\/\/www.abvp.pt\/wp-content\/uploads\/ABVP-Travel-Fest-14-800x533.png 800w, https:\/\/www.abvp.pt\/wp-content\/uploads\/ABVP-Travel-Fest-14-150x100.png 150w, https:\/\/www.abvp.pt\/wp-content\/uploads\/ABVP-Travel-Fest-14-768x512.png 768w\" sizes=\"(max-width: 1200px) 100vw, 1200px\" \/><figcaption>\u00a9 Carlos Mass. O autor e professor Paulo Moura<\/figcaption><\/figure>\n\n\n\n<p>Para Paulo Moura, a literatura e a narrativa de viagens deve descrever a luta do viajante no mundo, mas evitando aquilo a que chama de &#8220;grandes aventuras do mundo contempor\u00e2neo&#8221; &#8211; o atraso do voo, a mala perdida, a conversa com o taxista, a fila de espera, o troco em falta, a barata no restaurante, etc..<\/p>\n\n\n\n<p>Quando queremos transformar as nossas viagens em conte\u00fado escrito, \u00e9 essencial tomar notas e encontrar um equ\u00edlibrio entre a hist\u00f3ria e a intriga, relembra. E no processo da cria\u00e7\u00e3o liter\u00e1ria, podemos adotar uma de duas personas: o &#8220;Fl\u00e2neur&#8221;, um sujeito passivo, observador, vagueante e que gosta de aparecer; ou o &#8220;Rep\u00f3rter-Cientista, um investigador, que sabe o que quer e recolhe informa\u00e7\u00f5es.<\/p>\n\n\n\n<p class=\"has-text-align-center\">Frase da palestra: <strong>&#8220;Inventem uma &#8216;maldi\u00e7\u00e3o&#8217;, um pretexto, uma desculpa para viajarem.&#8221;<\/strong><\/p>\n\n\n\n<p class=\"has-text-align-center\">MAIS SOBRE O PAULO MOURA:<\/p>\n\n\n\n<div class=\"wp-block-buttons is-content-justification-center is-layout-flex wp-container-core-buttons-is-layout-7 wp-block-buttons-is-layout-flex\">\n<div class=\"wp-block-button has-custom-width wp-block-button__width-25 has-custom-font-size is-style-outline has-large-font-size is-style-outline--17\"><a class=\"wp-block-button__link\" href=\"https:\/\/www.instagram.com\/mourapaul\/\" target=\"_blank\" rel=\"noreferrer noopener\">INSTAGRAM<\/a><\/div>\n\n\n\n<div class=\"wp-block-button has-custom-width wp-block-button__width-25 has-custom-font-size is-style-outline has-large-font-size is-style-outline--18\"><a class=\"wp-block-button__link\" href=\"https:\/\/www.facebook.com\/reporterasolta\/\" target=\"_blank\" rel=\"noreferrer noopener\">FACEBOOK<\/a><\/div>\n<\/div>\n\n\n\n<h3 class=\"wp-block-heading\"><strong>Mesa redonda: <em>\u201cSustentabilidade no Turismo de Natureza\u201d<\/em><\/strong><\/h3>\n\n\n\n<p>A segunda mesa redonda do ABVP Travel Fest 2022 foi moderada por Ivete Carneiro, editora da revista Volta ao Mundo. E os participantes foram:<\/p>\n\n\n\n<ul class=\"wp-block-list\"><li>Adriana Rodrigues &#8211; chefe do N\u00facleo de Comunica\u00e7\u00e3o, Imagem e Rela\u00e7\u00f5es P\u00fablicas do Turismo Centro de Portugal<\/li><li>Lu\u00eds Oct\u00e1vio Costa (Kitato) &#8211; jornalista do jornal P\u00fablico e da revista Fugas<\/li><li>Pedro Teiga &#8211; fundador da empresa E.Rio, cujo trabalho se foca na reabilita\u00e7\u00e3o de rios e ribeiros<\/li><\/ul>\n\n\n\n<figure class=\"wp-block-image size-full\"><img loading=\"lazy\" decoding=\"async\" width=\"1200\" height=\"800\" src=\"https:\/\/www.abvp.pt\/wp-content\/uploads\/ABVP-Travel-Fest-2.png\" alt=\"\" class=\"wp-image-2955\" srcset=\"https:\/\/www.abvp.pt\/wp-content\/uploads\/ABVP-Travel-Fest-2.png 1200w, https:\/\/www.abvp.pt\/wp-content\/uploads\/ABVP-Travel-Fest-2-600x400.png 600w, https:\/\/www.abvp.pt\/wp-content\/uploads\/ABVP-Travel-Fest-2-800x533.png 800w, https:\/\/www.abvp.pt\/wp-content\/uploads\/ABVP-Travel-Fest-2-150x100.png 150w, https:\/\/www.abvp.pt\/wp-content\/uploads\/ABVP-Travel-Fest-2-768x512.png 768w\" sizes=\"(max-width: 1200px) 100vw, 1200px\" \/><figcaption>\u00a9 Carlos Mass. Da esquerda para a direita: Ivete Carneiro (Volta ao Mundo), Adriana Rodrigues (Turismo Centro de Portugal), Pedro Teiga (E.Rio) e Lu\u00eds Oct\u00e1vio Costa (@Kitato)<\/figcaption><\/figure>\n\n\n\n<p>\u00c0 semelhan\u00e7a do que tinha acontecido no dia anterior, o tema da \u201cSustentabilidade no Turismo de Natureza\u201d foi bastante discutido entre os intervenientes e a plateia.<\/p>\n\n\n\n<p class=\"has-text-align-center\">Frase da mesa-redonda: <strong>&#8220;Perguntem ao rio o que ele precisa.&#8221;<\/strong> (Pedro Teiga)<\/p>\n\n\n\n<h3 class=\"wp-block-heading\">Oliver Astrologo, It\u00e1lia: <em>\u201cThe power of travel video\u201d<\/em><\/h3>\n\n\n\n<p>Depois do intervalo da tarde, o evento continuou sob a orienta\u00e7\u00e3o de Oliver Astrologo, cineasta, produtor e vide\u00f3grafo italiano, que j\u00e1 colaborou com grandes marcas internacionais, como a Google, Visa, Mercedes Benz, Alitalia e Fendi.<\/p>\n\n\n\n<p>No seu curr\u00edculo, Astrologo conta j\u00e1 com vinte anos de experi\u00eancia em publicidade e dez anos de experi\u00eancia em &#8220;travel video&#8221; (ou v\u00eddeos de viagem). Este \u00faltimo foi o escolhido para mote da sua palestra.<\/p>\n\n\n\n<figure class=\"wp-block-image size-full\"><img loading=\"lazy\" decoding=\"async\" width=\"1200\" height=\"800\" src=\"https:\/\/www.abvp.pt\/wp-content\/uploads\/ABVP-Travel-Fest-3.png\" alt=\"\" class=\"wp-image-2956\" srcset=\"https:\/\/www.abvp.pt\/wp-content\/uploads\/ABVP-Travel-Fest-3.png 1200w, https:\/\/www.abvp.pt\/wp-content\/uploads\/ABVP-Travel-Fest-3-600x400.png 600w, https:\/\/www.abvp.pt\/wp-content\/uploads\/ABVP-Travel-Fest-3-800x533.png 800w, https:\/\/www.abvp.pt\/wp-content\/uploads\/ABVP-Travel-Fest-3-150x100.png 150w, https:\/\/www.abvp.pt\/wp-content\/uploads\/ABVP-Travel-Fest-3-768x512.png 768w\" sizes=\"(max-width: 1200px) 100vw, 1200px\" \/><figcaption>\u00a9 Carlos Mass. Oliver Astrologo<\/figcaption><\/figure>\n\n\n\n<p>Nas palavras de Oliver Astrologo, o v\u00eddeo \u00e9 uma forma imersiva e \u00fanica de &#8220;narrarmos&#8221; as nossas viagens &#8211; se bem que ele defende que os destinos devem ser mostrados pelos olhos dos locais e que as pessoas s\u00e3o o fator mais importante.<\/p>\n\n\n\n<p>A isto junta-se o facto dos h\u00e1bitos de consumo terem evolu\u00eddo nos anos mais recentes, sobretudo com a pandemia. S\u00f3 para exemplificar, estima-se que 60% dos viajantes vejam o v\u00eddeo como um fator de decis\u00e3o na hora de escolher um destino.<\/p>\n\n\n\n<p>Outras mudan\u00e7as sentidas s\u00e3o a prefer\u00eancia por v\u00eddeos curtos &#8211; a m\u00e9dia do limiar de aten\u00e7\u00e3o \u00e9 de 2.7 segundos &#8211; e a desvaloriza\u00e7\u00e3o da qualidade de produ\u00e7\u00e3o. Por isso, o realizador enaltece aspetos como a autenticidade ou a capacidade de surpreender os espectadores na hora de criar um v\u00eddeo de viagens atrativo.<\/p>\n\n\n\n<p class=\"has-text-align-center\">Frase da palestra: <strong>&#8220;Video is the best way to tell a story and engage.&#8221;<\/strong> (&#8220;O v\u00eddeo \u00e9 a melhor maneira de contar uma hist\u00f3ria e envolver-se [com algo].&#8221;)<\/p>\n\n\n\n<p class=\"has-text-align-center\">MAIS SOBRE O OLIVER ASTROLOGO:<\/p>\n\n\n\n<div class=\"wp-block-buttons is-content-justification-center is-layout-flex wp-container-core-buttons-is-layout-8 wp-block-buttons-is-layout-flex\">\n<div class=\"wp-block-button has-custom-width wp-block-button__width-25 has-custom-font-size is-style-outline has-large-font-size is-style-outline--19\"><a class=\"wp-block-button__link\" href=\"https:\/\/oliverastrologo.com\/\" style=\"border-radius:0px\" target=\"_blank\" rel=\"noreferrer noopener\">WEBSITE<\/a><\/div>\n\n\n\n<div class=\"wp-block-button has-custom-width wp-block-button__width-25 has-custom-font-size is-style-outline has-large-font-size is-style-outline--20\"><a class=\"wp-block-button__link\" href=\"https:\/\/www.instagram.com\/oliverhl\/\" target=\"_blank\" rel=\"noreferrer noopener\">INSTAGRAM<\/a><\/div>\n\n\n\n<div class=\"wp-block-button has-custom-width wp-block-button__width-25 has-custom-font-size is-style-outline has-large-font-size is-style-outline--21\"><a class=\"wp-block-button__link\" href=\"https:\/\/www.facebook.com\/oliver.astrologo\/\" target=\"_blank\" rel=\"noreferrer noopener\">FACEBOOK<\/a><\/div>\n<\/div>\n\n\n\n<h3 class=\"wp-block-heading\">Jackson Groves (Journey Era), Austr\u00e1lia: <em>\u201cJourney Era: A short story about exploring places, possibilities and potential\u201d<\/em><\/h3>\n\n\n\n<p>A \u00faltima palestra do ABVP Travel 2022 foi a de Jackson Groves, um fot\u00f3grafo de aventura e viajante n\u00f3mada australiano. Licenciado em jornalismo e com um passado no futebol universit\u00e1rio norte-americano, Jackson Groves \u00e9 o rosto do blog Journey Era &#8211; que tem mais de 700 mil visualiza\u00e7\u00f5es mensais.<\/p>\n\n\n\n<p>Journey Era \u00e9 sin\u00f3nimo de turismo na Natureza (em especial praias e cascatas), caminhadas, <em>trekking<\/em>, expedi\u00e7\u00f5es (montanhismo) e atividades radicais. Lan\u00e7ado em abril de 2016, \u00e9 aqui que Jackson Groves publica guias que ajudam as pessoas a explorar destinos &#8211; algo que confessa adorar fazer.<\/p>\n\n\n\n<figure class=\"wp-block-image size-full\"><img loading=\"lazy\" decoding=\"async\" width=\"1200\" height=\"800\" src=\"https:\/\/www.abvp.pt\/wp-content\/uploads\/ABVP-Travel-Fest-1.png\" alt=\"\" class=\"wp-image-2965\" srcset=\"https:\/\/www.abvp.pt\/wp-content\/uploads\/ABVP-Travel-Fest-1.png 1200w, https:\/\/www.abvp.pt\/wp-content\/uploads\/ABVP-Travel-Fest-1-600x400.png 600w, https:\/\/www.abvp.pt\/wp-content\/uploads\/ABVP-Travel-Fest-1-800x533.png 800w, https:\/\/www.abvp.pt\/wp-content\/uploads\/ABVP-Travel-Fest-1-150x100.png 150w, https:\/\/www.abvp.pt\/wp-content\/uploads\/ABVP-Travel-Fest-1-768x512.png 768w\" sizes=\"(max-width: 1200px) 100vw, 1200px\" \/><figcaption>\u00a9 Carlos Mass. Jackson Groves, aventureiro australiano e fundador do blog The Journey Era<\/figcaption><\/figure>\n\n\n\n<p>Groves leva j\u00e1 sete anos na estrada sem paragens e diz que a vida dele cabe em duas mochilas. E a caminho dos sete anos de vida est\u00e1 tamb\u00e9m o seu blog Journey Era, uma inspira\u00e7\u00e3o para todos os que assistiram ao ABVP Travel Fest. <\/p>\n\n\n\n<p class=\"has-text-align-center\">Frase da palestra: <strong>&#8220;Make travel a story, not you.&#8221;<\/strong> (&#8220;Faz da viagem uma hist\u00f3ria, n\u00e3o tu.&#8221;)<\/p>\n\n\n\n<p class=\"has-text-align-center\">MAIS SOBRE O JACKSON GROVES:<\/p>\n\n\n\n<div class=\"wp-block-buttons is-content-justification-center is-layout-flex wp-container-core-buttons-is-layout-9 wp-block-buttons-is-layout-flex\">\n<div class=\"wp-block-button has-custom-width wp-block-button__width-25 has-custom-font-size is-style-outline has-large-font-size is-style-outline--22\"><a class=\"wp-block-button__link\" href=\"https:\/\/www.journeyera.com\/\" style=\"border-radius:0px\" target=\"_blank\" rel=\"noreferrer noopener\">WEBSITE<\/a><\/div>\n\n\n\n<div class=\"wp-block-button has-custom-width wp-block-button__width-25 has-custom-font-size is-style-outline has-large-font-size is-style-outline--23\"><a class=\"wp-block-button__link\" href=\"https:\/\/www.instagram.com\/jackson.groves\/\" target=\"_blank\" rel=\"noreferrer noopener\">INSTAGRAM<\/a><\/div>\n\n\n\n<div class=\"wp-block-button has-custom-width wp-block-button__width-25 has-custom-font-size is-style-outline has-large-font-size is-style-outline--24\"><a class=\"wp-block-button__link\" href=\"https:\/\/www.facebook.com\/JourneyEra\/\" target=\"_blank\" rel=\"noreferrer noopener\">FACEBOOK<\/a><\/div>\n<\/div>\n\n\n\n<h2 class=\"wp-block-heading\">Conclus\u00e3o<\/h2>\n\n\n\n<p>No final de uma 2\u00aa edi\u00e7\u00e3o t\u00e3o bem sucedida, era de esperar que o ABVP Travel Fest voltasse no pr\u00f3ximo ano para uma 3\u00aa edi\u00e7\u00e3o. E o certo \u00e9 que j\u00e1 h\u00e1 datas e local para anunciar: <strong>o ABVP Travel Fest 2023 vai realizar-se nos dias 23 e 24 de setembro, no Teatro Jord\u00e3o em Guimar\u00e3es!<\/strong><\/p>\n\n\n\n<p class=\"has-text-align-left\">Se quiser garantir o seu lugar no ABVP Travel Fest 2023, j\u00e1 pode comprar o  bilhete no <a href=\"https:\/\/www.abvp.pt\/event\/abvp-travel-fest-2023\/\">site oficial da ABVP &#8211; Associa\u00e7\u00e3o de Bloggers de Viagem Portugueses<\/a>. Por apenas 20\u20ac (associados ABVP) ou 30\u20ac (n\u00e3o associados), ter\u00e1 acesso a todas as palestras e eventuais atividades extra deste grande evento!<\/p>\n\n\n\n<figure class=\"wp-block-image size-full\"><img loading=\"lazy\" decoding=\"async\" width=\"1200\" height=\"800\" src=\"https:\/\/www.abvp.pt\/wp-content\/uploads\/ABVP-Travel-Fest-4.png\" alt=\"\" class=\"wp-image-2966\" srcset=\"https:\/\/www.abvp.pt\/wp-content\/uploads\/ABVP-Travel-Fest-4.png 1200w, https:\/\/www.abvp.pt\/wp-content\/uploads\/ABVP-Travel-Fest-4-600x400.png 600w, https:\/\/www.abvp.pt\/wp-content\/uploads\/ABVP-Travel-Fest-4-800x533.png 800w, https:\/\/www.abvp.pt\/wp-content\/uploads\/ABVP-Travel-Fest-4-150x100.png 150w, https:\/\/www.abvp.pt\/wp-content\/uploads\/ABVP-Travel-Fest-4-768x512.png 768w\" sizes=\"(max-width: 1200px) 100vw, 1200px\" \/><figcaption>\u00a9 Carlos Mass. Alguns dos oradores e a maior parte da equipa organizativa<\/figcaption><\/figure>\n","protected":false},"excerpt":{"rendered":"<p>No fim de semana de 17 e 18 de setembro, o Sal\u00e3o Nobre de C\u00e2mara Municipal de Matosinhos abriu as portas para acolher o ABVP Travel Fest 2022, que vai [&hellip;]<\/p>\n","protected":false},"author":66,"featured_media":0,"comment_status":"open","ping_status":"closed","sticky":false,"template":"","format":"standard","meta":{"_price":"","_stock":"","_tribe_ticket_header":"","_tribe_default_ticket_provider":"","_tribe_ticket_capacity":"0","_ticket_start_date":"","_ticket_end_date":"","_tribe_ticket_show_description":"","_tribe_ticket_show_not_going":false,"_tribe_ticket_use_global_stock":"","_tribe_ticket_global_stock_level":"","_global_stock_mode":"","_global_stock_cap":"","_tribe_rsvp_for_event":"","_tribe_ticket_going_count":"","_tribe_ticket_not_going_count":"","_tribe_tickets_list":"[]","_tribe_ticket_has_attendee_info_fields":false,"_EventAllDay":false,"_EventTimezone":"","_EventStartDate":"","_EventEndDate":"","_EventStartDateUTC":"","_EventEndDateUTC":"","_EventShowMap":false,"_EventShowMapLink":false,"_EventURL":"","_EventCost":"","_EventCostDescription":"","_EventCurrencySymbol":"","_EventCurrencyCode":"","_EventCurrencyPosition":"","_EventDateTimeSeparator":"","_EventTimeRangeSeparator":"","_EventOrganizerID":[],"_EventVenueID":[],"_OrganizerEmail":"","_OrganizerPhone":"","_OrganizerWebsite":"","_VenueAddress":"","_VenueCity":"","_VenueCountry":"","_VenueProvince":"","_VenueState":"","_VenueZip":"","_VenuePhone":"","_VenueURL":"","_VenueStateProvince":"","_VenueLat":"","_VenueLng":"","_VenueShowMap":false,"_VenueShowMapLink":false,"footnotes":""},"categories":[1],"tags":[53],"class_list":["post-2844","post","type-post","status-publish","format-standard","hentry","category-conteudo","tag-abvp-travel-fest"],"blocksy_meta":[],"yoast_head":"<!-- This site is optimized with the Yoast SEO plugin v26.4 - https:\/\/yoast.com\/wordpress\/plugins\/seo\/ -->\n<title>ABVP Travel Fest 2022: a 2\u00aa edi\u00e7\u00e3o do maior evento da ABVP foi um sucesso! - ABVP<\/title>\n<meta name=\"description\" content=\"O ABVP Travel Fest 2022 realizou-se nos dias 17 e 18 de setembro, no Sal\u00e3o Nobre de C\u00e2mara Municipal de Matosinhos, e foi um sucesso!\" \/>\n<meta name=\"robots\" content=\"index, follow, max-snippet:-1, max-image-preview:large, max-video-preview:-1\" \/>\n<link rel=\"canonical\" href=\"https:\/\/www.abvp.pt\/en\/abvp-travel-fest-2022\/\" \/>\n<meta property=\"og:locale\" content=\"en_GB\" \/>\n<meta property=\"og:type\" content=\"article\" \/>\n<meta property=\"og:title\" content=\"ABVP Travel Fest 2022: a 2\u00aa edi\u00e7\u00e3o do maior evento da ABVP foi um sucesso! - ABVP\" \/>\n<meta property=\"og:description\" content=\"O ABVP Travel Fest 2022 realizou-se nos dias 17 e 18 de setembro, no Sal\u00e3o Nobre de C\u00e2mara Municipal de Matosinhos, e foi um sucesso!\" \/>\n<meta property=\"og:url\" content=\"https:\/\/www.abvp.pt\/en\/abvp-travel-fest-2022\/\" \/>\n<meta property=\"og:site_name\" content=\"ABVP\" \/>\n<meta property=\"article:publisher\" content=\"https:\/\/www.facebook.com\/abvppt\/\" \/>\n<meta property=\"article:author\" content=\"https:\/\/www.facebook.com\/danielasantosaraujoblog\" \/>\n<meta property=\"article:published_time\" content=\"2022-10-16T14:40:59+00:00\" \/>\n<meta property=\"article:modified_time\" content=\"2023-05-06T20:23:17+00:00\" \/>\n<meta property=\"og:image\" content=\"https:\/\/www.abvp.pt\/wp-content\/uploads\/Copia-de-Post-blog-1200-4.jpg\" \/>\n<meta name=\"author\" content=\"Daniela Ara\u00fajo\" \/>\n<meta name=\"twitter:card\" content=\"summary_large_image\" \/>\n<meta name=\"twitter:creator\" content=\"@daniela_blogger\" \/>\n<meta name=\"twitter:site\" content=\"@abvppt\" \/>\n<meta name=\"twitter:label1\" content=\"Written by\" \/>\n\t<meta name=\"twitter:data1\" content=\"Daniela Ara\u00fajo\" \/>\n\t<meta name=\"twitter:label2\" content=\"Estimated reading time\" \/>\n\t<meta name=\"twitter:data2\" content=\"23 minutes\" \/>\n<script type=\"application\/ld+json\" class=\"yoast-schema-graph\">{\"@context\":\"https:\/\/schema.org\",\"@graph\":[{\"@type\":\"Article\",\"@id\":\"https:\/\/www.abvp.pt\/abvp-travel-fest-2022\/#article\",\"isPartOf\":{\"@id\":\"https:\/\/www.abvp.pt\/abvp-travel-fest-2022\/\"},\"author\":{\"name\":\"Daniela Ara\u00fajo\",\"@id\":\"https:\/\/www.abvp.pt\/#\/schema\/person\/093462a7b0e6cc3fecc1a9196c18439b\"},\"headline\":\"ABVP Travel Fest 2022: a 2\u00aa edi\u00e7\u00e3o do maior evento da ABVP foi um sucesso!\",\"datePublished\":\"2022-10-16T14:40:59+00:00\",\"dateModified\":\"2023-05-06T20:23:17+00:00\",\"mainEntityOfPage\":{\"@id\":\"https:\/\/www.abvp.pt\/abvp-travel-fest-2022\/\"},\"wordCount\":3853,\"commentCount\":0,\"publisher\":{\"@id\":\"https:\/\/www.abvp.pt\/#organization\"},\"image\":{\"@id\":\"https:\/\/www.abvp.pt\/abvp-travel-fest-2022\/#primaryimage\"},\"thumbnailUrl\":\"https:\/\/www.abvp.pt\/wp-content\/uploads\/Copia-de-Post-blog-1200-4.jpg\",\"keywords\":[\"abvp travel fest\"],\"articleSection\":[\"Conte\u00fado\"],\"inLanguage\":\"en-GB\",\"potentialAction\":[{\"@type\":\"CommentAction\",\"name\":\"Comment\",\"target\":[\"https:\/\/www.abvp.pt\/abvp-travel-fest-2022\/#respond\"]}]},{\"@type\":\"WebPage\",\"@id\":\"https:\/\/www.abvp.pt\/abvp-travel-fest-2022\/\",\"url\":\"https:\/\/www.abvp.pt\/abvp-travel-fest-2022\/\",\"name\":\"ABVP Travel Fest 2022: a 2\u00aa edi\u00e7\u00e3o do maior evento da ABVP foi um sucesso! - ABVP\",\"isPartOf\":{\"@id\":\"https:\/\/www.abvp.pt\/#website\"},\"primaryImageOfPage\":{\"@id\":\"https:\/\/www.abvp.pt\/abvp-travel-fest-2022\/#primaryimage\"},\"image\":{\"@id\":\"https:\/\/www.abvp.pt\/abvp-travel-fest-2022\/#primaryimage\"},\"thumbnailUrl\":\"https:\/\/www.abvp.pt\/wp-content\/uploads\/Copia-de-Post-blog-1200-4.jpg\",\"datePublished\":\"2022-10-16T14:40:59+00:00\",\"dateModified\":\"2023-05-06T20:23:17+00:00\",\"description\":\"O ABVP Travel Fest 2022 realizou-se nos dias 17 e 18 de setembro, no Sal\u00e3o Nobre de C\u00e2mara Municipal de Matosinhos, e foi um sucesso!\",\"breadcrumb\":{\"@id\":\"https:\/\/www.abvp.pt\/abvp-travel-fest-2022\/#breadcrumb\"},\"inLanguage\":\"en-GB\",\"potentialAction\":[{\"@type\":\"ReadAction\",\"target\":[\"https:\/\/www.abvp.pt\/abvp-travel-fest-2022\/\"]}]},{\"@type\":\"ImageObject\",\"inLanguage\":\"en-GB\",\"@id\":\"https:\/\/www.abvp.pt\/abvp-travel-fest-2022\/#primaryimage\",\"url\":\"https:\/\/www.abvp.pt\/wp-content\/uploads\/Copia-de-Post-blog-1200-4.jpg\",\"contentUrl\":\"https:\/\/www.abvp.pt\/wp-content\/uploads\/Copia-de-Post-blog-1200-4.jpg\"},{\"@type\":\"BreadcrumbList\",\"@id\":\"https:\/\/www.abvp.pt\/abvp-travel-fest-2022\/#breadcrumb\",\"itemListElement\":[{\"@type\":\"ListItem\",\"position\":1,\"name\":\"In\u00edcio\",\"item\":\"https:\/\/www.abvp.pt\/\"},{\"@type\":\"ListItem\",\"position\":2,\"name\":\"ABVP Travel Fest 2022: a 2\u00aa edi\u00e7\u00e3o do maior evento da ABVP foi um sucesso!\"}]},{\"@type\":\"WebSite\",\"@id\":\"https:\/\/www.abvp.pt\/#website\",\"url\":\"https:\/\/www.abvp.pt\/\",\"name\":\"ABVP\",\"description\":\"Associa\u00e7\u00e3o de Bloggers de Viagem Portugueses\",\"publisher\":{\"@id\":\"https:\/\/www.abvp.pt\/#organization\"},\"potentialAction\":[{\"@type\":\"SearchAction\",\"target\":{\"@type\":\"EntryPoint\",\"urlTemplate\":\"https:\/\/www.abvp.pt\/?s={search_term_string}\"},\"query-input\":{\"@type\":\"PropertyValueSpecification\",\"valueRequired\":true,\"valueName\":\"search_term_string\"}}],\"inLanguage\":\"en-GB\"},{\"@type\":\"Organization\",\"@id\":\"https:\/\/www.abvp.pt\/#organization\",\"name\":\"ABVP\",\"url\":\"https:\/\/www.abvp.pt\/\",\"logo\":{\"@type\":\"ImageObject\",\"inLanguage\":\"en-GB\",\"@id\":\"https:\/\/www.abvp.pt\/#\/schema\/logo\/image\/\",\"url\":\"https:\/\/www.abvp.pt\/wp-content\/uploads\/Logo-Header-dark.svg\",\"contentUrl\":\"https:\/\/www.abvp.pt\/wp-content\/uploads\/Logo-Header-dark.svg\",\"width\":325,\"height\":48,\"caption\":\"ABVP\"},\"image\":{\"@id\":\"https:\/\/www.abvp.pt\/#\/schema\/logo\/image\/\"},\"sameAs\":[\"https:\/\/www.facebook.com\/abvppt\/\",\"https:\/\/x.com\/abvppt\",\"https:\/\/www.instagram.com\/abvppt\/\"]},{\"@type\":\"Person\",\"@id\":\"https:\/\/www.abvp.pt\/#\/schema\/person\/093462a7b0e6cc3fecc1a9196c18439b\",\"name\":\"Daniela Ara\u00fajo\",\"image\":{\"@type\":\"ImageObject\",\"inLanguage\":\"en-GB\",\"@id\":\"https:\/\/www.abvp.pt\/#\/schema\/person\/image\/\",\"url\":\"https:\/\/secure.gravatar.com\/avatar\/367ce076ce0145bc2bbfc914ddd2c497?s=96&d=mm&r=g\",\"contentUrl\":\"https:\/\/secure.gravatar.com\/avatar\/367ce076ce0145bc2bbfc914ddd2c497?s=96&d=mm&r=g\",\"caption\":\"Daniela Ara\u00fajo\"},\"description\":\"Amante de hist\u00f3ria e cultura, transforma as suas viagens em guias e roteiros no blog em nome pr\u00f3prio Daniela Santos Ara\u00fajo. Enquanto viajante, o seu grande objetivo \u00e9 visitar o maior n\u00famero poss\u00edvel de s\u00edtios do Patrim\u00f3nio Mundial da UNESCO!\",\"sameAs\":[\"https:\/\/danielasantosaraujo.com\/pt\",\"https:\/\/www.facebook.com\/danielasantosaraujoblog\",\"https:\/\/www.instagram.com\/danielasantosaraujo\/\",\"https:\/\/www.pinterest.pt\/danielasantosaraujo\/\",\"https:\/\/x.com\/daniela_blogger\"],\"url\":\"https:\/\/www.abvp.pt\/en\/author\/danielasantosaraujo\/\"}]}<\/script>\n<!-- \/ Yoast SEO plugin. -->","yoast_head_json":{"title":"ABVP Travel Fest 2022: a 2\u00aa edi\u00e7\u00e3o do maior evento da ABVP foi um sucesso! - ABVP","description":"O ABVP Travel Fest 2022 realizou-se nos dias 17 e 18 de setembro, no Sal\u00e3o Nobre de C\u00e2mara Municipal de Matosinhos, e foi um sucesso!","robots":{"index":"index","follow":"follow","max-snippet":"max-snippet:-1","max-image-preview":"max-image-preview:large","max-video-preview":"max-video-preview:-1"},"canonical":"https:\/\/www.abvp.pt\/en\/abvp-travel-fest-2022\/","og_locale":"en_GB","og_type":"article","og_title":"ABVP Travel Fest 2022: a 2\u00aa edi\u00e7\u00e3o do maior evento da ABVP foi um sucesso! - ABVP","og_description":"O ABVP Travel Fest 2022 realizou-se nos dias 17 e 18 de setembro, no Sal\u00e3o Nobre de C\u00e2mara Municipal de Matosinhos, e foi um sucesso!","og_url":"https:\/\/www.abvp.pt\/en\/abvp-travel-fest-2022\/","og_site_name":"ABVP","article_publisher":"https:\/\/www.facebook.com\/abvppt\/","article_author":"https:\/\/www.facebook.com\/danielasantosaraujoblog","article_published_time":"2022-10-16T14:40:59+00:00","article_modified_time":"2023-05-06T20:23:17+00:00","og_image":[{"url":"https:\/\/www.abvp.pt\/wp-content\/uploads\/Copia-de-Post-blog-1200-4.jpg","type":"","width":"","height":""}],"author":"Daniela Ara\u00fajo","twitter_card":"summary_large_image","twitter_creator":"@daniela_blogger","twitter_site":"@abvppt","twitter_misc":{"Written by":"Daniela Ara\u00fajo","Estimated reading time":"23 minutes"},"schema":{"@context":"https:\/\/schema.org","@graph":[{"@type":"Article","@id":"https:\/\/www.abvp.pt\/abvp-travel-fest-2022\/#article","isPartOf":{"@id":"https:\/\/www.abvp.pt\/abvp-travel-fest-2022\/"},"author":{"name":"Daniela Ara\u00fajo","@id":"https:\/\/www.abvp.pt\/#\/schema\/person\/093462a7b0e6cc3fecc1a9196c18439b"},"headline":"ABVP Travel Fest 2022: a 2\u00aa edi\u00e7\u00e3o do maior evento da ABVP foi um sucesso!","datePublished":"2022-10-16T14:40:59+00:00","dateModified":"2023-05-06T20:23:17+00:00","mainEntityOfPage":{"@id":"https:\/\/www.abvp.pt\/abvp-travel-fest-2022\/"},"wordCount":3853,"commentCount":0,"publisher":{"@id":"https:\/\/www.abvp.pt\/#organization"},"image":{"@id":"https:\/\/www.abvp.pt\/abvp-travel-fest-2022\/#primaryimage"},"thumbnailUrl":"https:\/\/www.abvp.pt\/wp-content\/uploads\/Copia-de-Post-blog-1200-4.jpg","keywords":["abvp travel fest"],"articleSection":["Conte\u00fado"],"inLanguage":"en-GB","potentialAction":[{"@type":"CommentAction","name":"Comment","target":["https:\/\/www.abvp.pt\/abvp-travel-fest-2022\/#respond"]}]},{"@type":"WebPage","@id":"https:\/\/www.abvp.pt\/abvp-travel-fest-2022\/","url":"https:\/\/www.abvp.pt\/abvp-travel-fest-2022\/","name":"ABVP Travel Fest 2022: a 2\u00aa edi\u00e7\u00e3o do maior evento da ABVP foi um sucesso! - ABVP","isPartOf":{"@id":"https:\/\/www.abvp.pt\/#website"},"primaryImageOfPage":{"@id":"https:\/\/www.abvp.pt\/abvp-travel-fest-2022\/#primaryimage"},"image":{"@id":"https:\/\/www.abvp.pt\/abvp-travel-fest-2022\/#primaryimage"},"thumbnailUrl":"https:\/\/www.abvp.pt\/wp-content\/uploads\/Copia-de-Post-blog-1200-4.jpg","datePublished":"2022-10-16T14:40:59+00:00","dateModified":"2023-05-06T20:23:17+00:00","description":"O ABVP Travel Fest 2022 realizou-se nos dias 17 e 18 de setembro, no Sal\u00e3o Nobre de C\u00e2mara Municipal de Matosinhos, e foi um sucesso!","breadcrumb":{"@id":"https:\/\/www.abvp.pt\/abvp-travel-fest-2022\/#breadcrumb"},"inLanguage":"en-GB","potentialAction":[{"@type":"ReadAction","target":["https:\/\/www.abvp.pt\/abvp-travel-fest-2022\/"]}]},{"@type":"ImageObject","inLanguage":"en-GB","@id":"https:\/\/www.abvp.pt\/abvp-travel-fest-2022\/#primaryimage","url":"https:\/\/www.abvp.pt\/wp-content\/uploads\/Copia-de-Post-blog-1200-4.jpg","contentUrl":"https:\/\/www.abvp.pt\/wp-content\/uploads\/Copia-de-Post-blog-1200-4.jpg"},{"@type":"BreadcrumbList","@id":"https:\/\/www.abvp.pt\/abvp-travel-fest-2022\/#breadcrumb","itemListElement":[{"@type":"ListItem","position":1,"name":"In\u00edcio","item":"https:\/\/www.abvp.pt\/"},{"@type":"ListItem","position":2,"name":"ABVP Travel Fest 2022: a 2\u00aa edi\u00e7\u00e3o do maior evento da ABVP foi um sucesso!"}]},{"@type":"WebSite","@id":"https:\/\/www.abvp.pt\/#website","url":"https:\/\/www.abvp.pt\/","name":"ABVP","description":"Association of Portuguese Travel Bloggers","publisher":{"@id":"https:\/\/www.abvp.pt\/#organization"},"potentialAction":[{"@type":"SearchAction","target":{"@type":"EntryPoint","urlTemplate":"https:\/\/www.abvp.pt\/?s={search_term_string}"},"query-input":{"@type":"PropertyValueSpecification","valueRequired":true,"valueName":"search_term_string"}}],"inLanguage":"en-GB"},{"@type":"Organization","@id":"https:\/\/www.abvp.pt\/#organization","name":"ABVP","url":"https:\/\/www.abvp.pt\/","logo":{"@type":"ImageObject","inLanguage":"en-GB","@id":"https:\/\/www.abvp.pt\/#\/schema\/logo\/image\/","url":"https:\/\/www.abvp.pt\/wp-content\/uploads\/Logo-Header-dark.svg","contentUrl":"https:\/\/www.abvp.pt\/wp-content\/uploads\/Logo-Header-dark.svg","width":325,"height":48,"caption":"ABVP"},"image":{"@id":"https:\/\/www.abvp.pt\/#\/schema\/logo\/image\/"},"sameAs":["https:\/\/www.facebook.com\/abvppt\/","https:\/\/x.com\/abvppt","https:\/\/www.instagram.com\/abvppt\/"]},{"@type":"Person","@id":"https:\/\/www.abvp.pt\/#\/schema\/person\/093462a7b0e6cc3fecc1a9196c18439b","name":"Daniela Ara\u00fajo","image":{"@type":"ImageObject","inLanguage":"en-GB","@id":"https:\/\/www.abvp.pt\/#\/schema\/person\/image\/","url":"https:\/\/secure.gravatar.com\/avatar\/367ce076ce0145bc2bbfc914ddd2c497?s=96&d=mm&r=g","contentUrl":"https:\/\/secure.gravatar.com\/avatar\/367ce076ce0145bc2bbfc914ddd2c497?s=96&d=mm&r=g","caption":"Daniela Ara\u00fajo"},"description":"Amante de hist\u00f3ria e cultura, transforma as suas viagens em guias e roteiros no blog em nome pr\u00f3prio Daniela Santos Ara\u00fajo. Enquanto viajante, o seu grande objetivo \u00e9 visitar o maior n\u00famero poss\u00edvel de s\u00edtios do Patrim\u00f3nio Mundial da UNESCO!","sameAs":["https:\/\/danielasantosaraujo.com\/pt","https:\/\/www.facebook.com\/danielasantosaraujoblog","https:\/\/www.instagram.com\/danielasantosaraujo\/","https:\/\/www.pinterest.pt\/danielasantosaraujo\/","https:\/\/x.com\/daniela_blogger"],"url":"https:\/\/www.abvp.pt\/en\/author\/danielasantosaraujo\/"}]}},"_links":{"self":[{"href":"https:\/\/www.abvp.pt\/en\/wp-json\/wp\/v2\/posts\/2844","targetHints":{"allow":["GET"]}}],"collection":[{"href":"https:\/\/www.abvp.pt\/en\/wp-json\/wp\/v2\/posts"}],"about":[{"href":"https:\/\/www.abvp.pt\/en\/wp-json\/wp\/v2\/types\/post"}],"author":[{"embeddable":true,"href":"https:\/\/www.abvp.pt\/en\/wp-json\/wp\/v2\/users\/66"}],"replies":[{"embeddable":true,"href":"https:\/\/www.abvp.pt\/en\/wp-json\/wp\/v2\/comments?post=2844"}],"version-history":[{"count":0,"href":"https:\/\/www.abvp.pt\/en\/wp-json\/wp\/v2\/posts\/2844\/revisions"}],"wp:attachment":[{"href":"https:\/\/www.abvp.pt\/en\/wp-json\/wp\/v2\/media?parent=2844"}],"wp:term":[{"taxonomy":"category","embeddable":true,"href":"https:\/\/www.abvp.pt\/en\/wp-json\/wp\/v2\/categories?post=2844"},{"taxonomy":"post_tag","embeddable":true,"href":"https:\/\/www.abvp.pt\/en\/wp-json\/wp\/v2\/tags?post=2844"}],"curies":[{"name":"wp","href":"https:\/\/api.w.org\/{rel}","templated":true}]}}