{"id":3203,"date":"2022-11-15T15:12:17","date_gmt":"2022-11-15T15:12:17","guid":{"rendered":"https:\/\/www.abvp.pt\/?p=3203"},"modified":"2023-05-06T21:22:28","modified_gmt":"2023-05-06T20:22:28","slug":"cidades-criativas-da-unesco-no-centro-de-portugal","status":"publish","type":"post","link":"https:\/\/www.abvp.pt\/en\/cidades-criativas-da-unesco-no-centro-de-portugal\/","title":{"rendered":"Blogtrip: Cidades Criativas da UNESCO no Centro de Portugal"},"content":{"rendered":"<p>Quatro membros da ABVP \u2013 Associa\u00e7\u00e3o de Bloggers de Viagens Portugueses participaram na <strong>blogtrip&nbsp;Cidades Criativas da UNESCO no Centro de Portugal<\/strong>, a convite do Turismo do Centro.<\/p>\n\n\n\n<p>A visita decorreu entre entre os dias 27 e 29 de setembro e passou pelas 5 cidades do centro do pa\u00eds que pertencem \u00e0 <strong><a href=\"https:\/\/unescoportugal.mne.gov.pt\/pt\/redes-unesco\/cidades-criativas\" target=\"_blank\" rel=\"noreferrer noopener\">Rede de Cidades&nbsp;<\/a><\/strong><a href=\"https:\/\/unescoportugal.mne.gov.pt\/pt\/redes-unesco\/cidades-criativas\" target=\"_blank\" rel=\"noreferrer noopener\"><strong>Criativas da UNE<\/strong><\/a><strong><a href=\"https:\/\/unescoportugal.mne.gov.pt\/pt\/redes-unesco\/cidades-criativas\" target=\"_blank\" rel=\"noreferrer noopener\">SCO<\/a>&nbsp;\u2013&nbsp;<em><a href=\"https:\/\/en.unesco.org\/creative-cities\/home\" target=\"_blank\" rel=\"noreferrer noopener\">UNESCO Creative Cities Network<\/a><\/em><\/strong>: Leiria, Covilh\u00e3, Idanha-a-Nova, Caldas da Rainha e \u00d3bidos.<\/p>\n\n\n\n<p>Ao longo de tr\u00eas dias, Marcelo Andrade (<a href=\"https:\/\/iremviagem.com\/\" target=\"_blank\" rel=\"noreferrer noopener\">Ir em Viagem<\/a>), M\u00f3nica Alves (<a href=\"https:\/\/passaportenobolso.com\/\" target=\"_blank\" rel=\"noreferrer noopener\">Passaporte no Bolso<\/a>), S\u00f3nia Justo (<a href=\"http:\/\/lovelylisbonner.com\" target=\"_blank\" rel=\"noreferrer noopener\">Lovely Lisbonner<\/a>) e Susana Sousa Ribeiro (<a href=\"https:\/\/acachopa.com\/\" target=\"_blank\" rel=\"noreferrer noopener\">A Cachopa<\/a>), tiveram oportunidade de descobrir o que de melhor e mais criativo se faz no centro de Portugal.<\/p>\n\n\n\n<h2 class=\"wp-block-heading\">Rede de Cidades&nbsp;Criativas da UNESCO<\/h2>\n\n\n\n<p><strong>A&nbsp;Rede de Cidades&nbsp;Criativas da UNESCO&nbsp;(<em>UNESCO Creative Cities Network<\/em>) foi criada em 2004<\/strong>,&nbsp;para destacar as cidades que t\u00eam um objetivo comum, a saber, a utiliza\u00e7\u00e3o da cultura e da criatividade para a cria\u00e7\u00e3o de lugares seguros, inclusivos, sustent\u00e1veis e preparados para o futuro.<\/p>\n\n\n\n<p>Das nove cidades portuguesas pertencentes \u00e0 rede, cinco ficam na regi\u00e3o Centro:&nbsp;<strong>\u00d3bidos, Caldas da Rainha, Leiria, Covilh\u00e3 e Idanha-a-Nova<\/strong>.<\/p>\n\n\n\n<h2 class=\"wp-block-heading\">\u00c0 descoberta das cidades&nbsp;criativas no Centro de Portugal<\/h2>\n\n\n\n<h3 class=\"wp-block-heading\">Leiria &#8211; Cidade Criativa da M\u00fasica<\/h3>\n\n\n\n<p>A visita come\u00e7ou em Leiria,&nbsp;Cidade Criativa da M\u00fasica, onde foi poss\u00edvel visitar a Casa da Cidade Criativa da M\u00fasica e assistir a uma apresenta\u00e7\u00e3o de&nbsp;<strong>Pedro Rodrigues, guitarrista&nbsp;cl\u00e1ssico<\/strong>, que, ap\u00f3s passagem pelo&nbsp;Orfe\u00e3o de Leiria, estuda agora na <em>Hochschule f\u00fcr Musik Franz Liszt<\/em>, em Weimar (Alemanha). <\/p>\n\n\n\n<p>Houve tamb\u00e9m tempo para um momento musical proporcionado pelo Decateto de Metais de Leiria e, no Centro de Di\u00e1logo Intercultural de Leiria, foi poss\u00edvel assistir a uma apresenta\u00e7\u00e3o de&nbsp;<strong>Ant\u00f3nio Casal que cria m\u00fasica atrav\u00e9s de pe\u00e7as de cer\u00e2mica<\/strong>, mostrando a versatilidade musical da cidade.<\/p>\n\n\n\n<figure class=\"wp-block-image size-large\"><img fetchpriority=\"high\" decoding=\"async\" width=\"1600\" height=\"1238\" src=\"https:\/\/www.abvp.pt\/wp-content\/uploads\/Cidades-Criativas-2-of-1-1600x1238.jpg\" alt=\"Cidades Criativas da UNESCO\" class=\"wp-image-3211\" srcset=\"https:\/\/www.abvp.pt\/wp-content\/uploads\/Cidades-Criativas-2-of-1-1600x1238.jpg 1600w, https:\/\/www.abvp.pt\/wp-content\/uploads\/Cidades-Criativas-2-of-1-600x464.jpg 600w, https:\/\/www.abvp.pt\/wp-content\/uploads\/Cidades-Criativas-2-of-1-800x619.jpg 800w, https:\/\/www.abvp.pt\/wp-content\/uploads\/Cidades-Criativas-2-of-1-150x116.jpg 150w, https:\/\/www.abvp.pt\/wp-content\/uploads\/Cidades-Criativas-2-of-1-768x594.jpg 768w, https:\/\/www.abvp.pt\/wp-content\/uploads\/Cidades-Criativas-2-of-1-1536x1188.jpg 1536w, https:\/\/www.abvp.pt\/wp-content\/uploads\/Cidades-Criativas-2-of-1-2048x1584.jpg 2048w\" sizes=\"(max-width: 1600px) 100vw, 1600px\" \/><figcaption><strong>Pedro Rodrigues, guitarrista&nbsp;cl\u00e1ssico<\/strong><\/figcaption><\/figure>\n\n\n\n<p>Ap\u00f3s o almo\u00e7o no Mata Bicho &#8211; Real Taverna, os participantes seguiram para a Covilh\u00e3, cidade criativa do Design, depois de passarem por Aveiro, para a apresenta\u00e7\u00e3o BID BOOK Aveiro\u00b427. <\/p>\n\n\n\n<h3 class=\"wp-block-heading\">Covilh\u00e3 &#8211; Cidade Criativa do Design<\/h3>\n\n\n\n<p>Tendo a Covilh\u00e3 um importante legado no que diz respeito \u00e0 <strong>ind\u00fastria t\u00eaxtil e dos lanif\u00edcios<\/strong>, o segundo dia come\u00e7ou no Museu dos Lanif\u00edcios, onde \u00e9 poss\u00edvel descobrir mais sobre a hist\u00f3ria desta ind\u00fastria e a sua import\u00e2ncia para o desenvolvimento da cidade. <\/p>\n\n\n\n<p>Os bloggers conheceram tamb\u00e9m o<strong>&nbsp;Museu da Covilh\u00e3, <\/strong>espa\u00e7o museol\u00f3gico que<strong>&nbsp;recebeu o Pr\u00e9mio APOM \u201cMuseu do Ano 2021<\/strong>\u201d dedicado \u00e0s origens da cidade, desde as primeiras ocupa\u00e7\u00f5es at\u00e9 \u00e0 atualidade.<\/p>\n\n\n\n<figure class=\"wp-block-image size-large\"><img decoding=\"async\" width=\"1600\" height=\"1143\" src=\"https:\/\/www.abvp.pt\/wp-content\/uploads\/Cidades-Criativas-14-of-1-9-1600x1143.jpg\" alt=\"Cidades Criativas da UNESCO\" class=\"wp-image-3212\" srcset=\"https:\/\/www.abvp.pt\/wp-content\/uploads\/Cidades-Criativas-14-of-1-9-1600x1143.jpg 1600w, https:\/\/www.abvp.pt\/wp-content\/uploads\/Cidades-Criativas-14-of-1-9-600x429.jpg 600w, https:\/\/www.abvp.pt\/wp-content\/uploads\/Cidades-Criativas-14-of-1-9-800x571.jpg 800w, https:\/\/www.abvp.pt\/wp-content\/uploads\/Cidades-Criativas-14-of-1-9-150x107.jpg 150w, https:\/\/www.abvp.pt\/wp-content\/uploads\/Cidades-Criativas-14-of-1-9-768x549.jpg 768w, https:\/\/www.abvp.pt\/wp-content\/uploads\/Cidades-Criativas-14-of-1-9-1536x1097.jpg 1536w, https:\/\/www.abvp.pt\/wp-content\/uploads\/Cidades-Criativas-14-of-1-9-2048x1463.jpg 2048w\" sizes=\"(max-width: 1600px) 100vw, 1600px\" \/><figcaption><strong>Rota de Arte Urbana da Covilh\u00e3<\/strong><\/figcaption><\/figure>\n\n\n\n<p>Na Covilh\u00e3 nasceu o&nbsp;<strong>WOOL, o mais antigo festival de Arte Urbana de Portugal<\/strong>, pelo que a cidade \u00e0s portas da Serra da Estrela possui j\u00e1 um grande n\u00famero de interven\u00e7\u00f5es, especialmente nas fachadas do centro hist\u00f3rico, que se pode explorar atrav\u00e9s da<strong> Rota de Arte Urbana da Covilh\u00e3. <\/strong><\/p>\n\n\n\n<p>Depois do almo\u00e7o, no restaurante <strong>A\u00e7afr\u00e3o<\/strong>, o grupo seguiu viagem para Idanha-a-Nova, Cidade Criativa da M\u00fasica.<\/p>\n\n\n\n<h3 class=\"wp-block-heading\">Idanha-a-Nova &#8211; Cidade Criativa da M\u00fasica<\/h3>\n\n\n\n<p>Em 2015, Idanha-a-Nova tornou-se a primeira&nbsp;Cidade Criativa da M\u00fasica&nbsp;em Portugal. No Centro de Artes Tradicionais, os participantes assistiram \u00e0 constru\u00e7\u00e3o de um <strong>adufe, s\u00edmbolo maior da riqueza e da tradi\u00e7\u00e3o musical do concelho<\/strong>. <\/p>\n\n\n\n<p>Depois, ouviram o som deste instrumento de percuss\u00e3o no Centro Cultural Raiano &#8211; conhecido como o &#8220;\u00faltimo castelo da raia&#8221; -, numa apresenta\u00e7\u00e3o das <strong>Adufeiras do Rancho Etnogr\u00e1fico de Idanha-a-Nova<\/strong>.<\/p>\n\n\n\n<figure class=\"wp-block-image size-large\"><img decoding=\"async\" width=\"1600\" height=\"984\" src=\"https:\/\/www.abvp.pt\/wp-content\/uploads\/Cidades-Criativas-18-of-4-1600x984.jpg\" alt=\"Cidades Criativas da UNESCO\" class=\"wp-image-3213\" srcset=\"https:\/\/www.abvp.pt\/wp-content\/uploads\/Cidades-Criativas-18-of-4-1600x984.jpg 1600w, https:\/\/www.abvp.pt\/wp-content\/uploads\/Cidades-Criativas-18-of-4-600x369.jpg 600w, https:\/\/www.abvp.pt\/wp-content\/uploads\/Cidades-Criativas-18-of-4-800x492.jpg 800w, https:\/\/www.abvp.pt\/wp-content\/uploads\/Cidades-Criativas-18-of-4-150x92.jpg 150w, https:\/\/www.abvp.pt\/wp-content\/uploads\/Cidades-Criativas-18-of-4-768x472.jpg 768w, https:\/\/www.abvp.pt\/wp-content\/uploads\/Cidades-Criativas-18-of-4-1536x945.jpg 1536w, https:\/\/www.abvp.pt\/wp-content\/uploads\/Cidades-Criativas-18-of-4-2048x1260.jpg 2048w\" sizes=\"(max-width: 1600px) 100vw, 1600px\" \/><figcaption><strong>Adufeiras do Rancho Etnogr\u00e1fico de Idanha-a-Nov<\/strong>a<\/figcaption><\/figure>\n\n\n\n<h3 class=\"wp-block-heading\">Caldas da Rainha &#8211; Cidade Criativa do Artesanato e Artes Populares<\/h3>\n\n\n\n<p>O \u00faltimo dia da viagem come\u00e7ou em Caldas da Rainha, <strong>Cidade Criativa do Artesanato e Artes Populares<\/strong>, que integra a&nbsp;Rede de Cidades Criativas da UNESCO desde 2019.<\/p>\n\n\n\n<p>Na&nbsp;<strong>ADOC \u2013 Associa\u00e7\u00e3o Design Of\u00edcios e Cultura<\/strong>, o grupo assistiu a todo o processo de produ\u00e7\u00e3o de novas pe\u00e7as pelas m\u00e3os de gente jovem e talentosa que mant\u00e9m viva a heran\u00e7a art\u00edstica da cidade. <\/p>\n\n\n\n<p>Depois, foi poss\u00edvel descobrir mais sobre o <strong>Bordado das Caldas<\/strong>, com uma longa tradi\u00e7\u00e3o que remonta ao tempo de D. Leonor, sendo por isso tamb\u00e9m conhecido como Bordado da Rainha D. Leonor.&nbsp;<\/p>\n\n\n\n<figure class=\"wp-block-image size-large\"><img loading=\"lazy\" decoding=\"async\" width=\"1600\" height=\"1035\" src=\"https:\/\/www.abvp.pt\/wp-content\/uploads\/Cidades-Criativas-10-of-1-1600x1035.jpg\" alt=\"Cidades Criativas da UNESCO\" class=\"wp-image-3214\" srcset=\"https:\/\/www.abvp.pt\/wp-content\/uploads\/Cidades-Criativas-10-of-1-1600x1035.jpg 1600w, https:\/\/www.abvp.pt\/wp-content\/uploads\/Cidades-Criativas-10-of-1-600x388.jpg 600w, https:\/\/www.abvp.pt\/wp-content\/uploads\/Cidades-Criativas-10-of-1-800x518.jpg 800w, https:\/\/www.abvp.pt\/wp-content\/uploads\/Cidades-Criativas-10-of-1-150x97.jpg 150w, https:\/\/www.abvp.pt\/wp-content\/uploads\/Cidades-Criativas-10-of-1-768x497.jpg 768w, https:\/\/www.abvp.pt\/wp-content\/uploads\/Cidades-Criativas-10-of-1-1536x994.jpg 1536w, https:\/\/www.abvp.pt\/wp-content\/uploads\/Cidades-Criativas-10-of-1-2048x1325.jpg 2048w\" sizes=\"(max-width: 1600px) 100vw, 1600px\" \/><figcaption><strong>Rota Bordaliana<\/strong><\/figcaption><\/figure>\n\n\n\n<p>Os bloggers, bem como alguns jornalistas convidados, tamb\u00e9m ficaram a conhecer a&nbsp;<strong>Rota Bordaliana<\/strong>, que&nbsp;presta homenagem a Bordalo Pinheiro, com um percurso com r\u00e9plicas das obras que o imortalizaram, passando por 20 pe\u00e7as.<\/p>\n\n\n\n<p>Ap\u00f3s almo\u00e7o, no restaurante&nbsp;<strong>Trigo e Bolota<\/strong>, o grupo seguiu para \u00d3bidos, Cidade Criativa da Literatura.<\/p>\n\n\n\n<h3 class=\"wp-block-heading\">\u00d3bidos &#8211; Cidade Criativa da Literatura<\/h3>\n\n\n\n<p>\u00d3bidos \u00e9 Cidade Criativa da Literatura desde 2015. A vila est\u00e1 repleta de livros e existem v\u00e1rios locais para visitar neste contexto. Na Livraria e Mercado Biol\u00f3gico, <strong>livros raros<\/strong>, novos ou usados, convivem com frutas e legumes, distribu\u00eddos em estantes at\u00e9 ao teto. <\/p>\n\n\n\n<figure class=\"wp-block-image size-large\"><img loading=\"lazy\" decoding=\"async\" width=\"1600\" height=\"1031\" src=\"https:\/\/www.abvp.pt\/wp-content\/uploads\/Cidades-Criativas-7-of-1-1600x1031.jpg\" alt=\"Cidades Criativas da UNESCO\" class=\"wp-image-3215\" srcset=\"https:\/\/www.abvp.pt\/wp-content\/uploads\/Cidades-Criativas-7-of-1-1600x1031.jpg 1600w, https:\/\/www.abvp.pt\/wp-content\/uploads\/Cidades-Criativas-7-of-1-600x387.jpg 600w, https:\/\/www.abvp.pt\/wp-content\/uploads\/Cidades-Criativas-7-of-1-800x516.jpg 800w, https:\/\/www.abvp.pt\/wp-content\/uploads\/Cidades-Criativas-7-of-1-150x97.jpg 150w, https:\/\/www.abvp.pt\/wp-content\/uploads\/Cidades-Criativas-7-of-1-768x495.jpg 768w, https:\/\/www.abvp.pt\/wp-content\/uploads\/Cidades-Criativas-7-of-1-1536x990.jpg 1536w, https:\/\/www.abvp.pt\/wp-content\/uploads\/Cidades-Criativas-7-of-1-2048x1320.jpg 2048w\" sizes=\"(max-width: 1600px) 100vw, 1600px\" \/><figcaption><strong>Livraria de Santiago<\/strong><\/figcaption><\/figure>\n\n\n\n<p><strong>A igreja de Santiago, do s\u00e9culo XII, transformou-se na Livraria de Santiago<\/strong>, um espa\u00e7o repleto de livros.&nbsp;O grupo teve tamb\u00e9m oportunidade de conhecer Nat\u00e1lia Santos, a poeta rendeira de \u00d3bidos.<\/p>\n\n\n\n<p>O dia terminou no Literary Man Hotel, um hotel <strong>com um esp\u00f3lio de mais de 70 mil t\u00edtulos<\/strong> distribu\u00eddos pelas v\u00e1rias \u00e1reas e que podem ser lidos pelos h\u00f3spedes.<\/p>\n\n\n\n<h2 class=\"wp-block-heading\">Alojamento<\/h2>\n\n\n\n<p>Durante a viagem, os participantes ficaram alojados no Pural\u00e3 &#8211; Wool Valley&nbsp;<em>Hotel<\/em>&nbsp;&amp; SPA, na Covilh\u00e3, e no Hotel Fonte Santa, em Monfortinho. <\/p>\n\n\n\n<h2 class=\"wp-block-heading\">Posts publicados sobre as cidades criativas<\/h2>\n\n\n\n<p>Al\u00e9m de centenas de partilhas nas redes sociais, durante e ap\u00f3s a viagem, os participantes tamb\u00e9m produziram conte\u00fado para os respetivos blogs (listados abaixo) e um artigo para o <a href=\"https:\/\/viagens.sapo.pt\/viajar\/viajar-portugal\/artigos\/ha-muita-criatividade-nas-cidades-do-centro-de-portugal-e-nos-fomos-descobri-la\" target=\"_blank\" rel=\"noreferrer noopener\">portal Sapo<\/a>.<\/p>\n\n\n\n<ul class=\"wp-block-list\"><li><a href=\"https:\/\/acachopa.com\/cidades-criativas-da-unesco-no-centro-de-portugal\/\" target=\"_blank\" rel=\"noreferrer noopener\">UNESCO Creative Cities in Central Portugal<\/a> (A Cachopa)<\/li><li><a href=\"https:\/\/iremviagem.com\/2022\/10\/23\/cidades-criativas-do-centro-de-portugal-o-que-visitar\/\" target=\"_blank\" rel=\"noreferrer noopener\">Cidades Criativas do Centro de Portugal: o que visitar<\/a> (Ir em Viagem)<\/li><li><a href=\"https:\/\/lovelylisbonner.com\/cidades-criativas-da-unesco-centro-de-portugal-roteiro-de-3-dias\/\" target=\"_blank\" rel=\"noreferrer noopener\">Cidades Criativas da Unesco &#8211; Centro de Portugal &#8211; Roteiro de 3 dias<\/a> (Lovely Lisbonner)<\/li><li><a href=\"https:\/\/passaportenobolso.com\/cidades-criativas-unesco-centro-portugal\/\" target=\"_blank\" rel=\"noreferrer noopener\">Conhe\u00e7a as Cidades Criativas da UNESCO no Centro de Portugal<\/a> (Passaporte no Bolso)<\/li><li><a href=\"https:\/\/passaportenobolso.com\/en\/unesco-creative-cities-central-portugal\/\" target=\"_blank\" rel=\"noreferrer noopener\">Discover the UNESCO Creative Cities in Central Portugal<\/a> (Passaporte no Bolso)<\/li><\/ul>","protected":false},"excerpt":{"rendered":"<p>Quatro membros da ABVP \u2013 Associa\u00e7\u00e3o de Bloggers de Viagens Portugueses participaram na blogtrip&nbsp;Cidades Criativas da UNESCO no Centro de Portugal, a convite do Turismo do Centro. A visita decorreu [&hellip;]<\/p>\n","protected":false},"author":102,"featured_media":3210,"comment_status":"open","ping_status":"closed","sticky":false,"template":"","format":"standard","meta":{"_price":"","_stock":"","_tribe_ticket_header":"","_tribe_default_ticket_provider":"","_tribe_ticket_capacity":"0","_ticket_start_date":"","_ticket_end_date":"","_tribe_ticket_show_description":"","_tribe_ticket_show_not_going":false,"_tribe_ticket_use_global_stock":"","_tribe_ticket_global_stock_level":"","_global_stock_mode":"","_global_stock_cap":"","_tribe_rsvp_for_event":"","_tribe_ticket_going_count":"","_tribe_ticket_not_going_count":"","_tribe_tickets_list":"[]","_tribe_ticket_has_attendee_info_fields":false,"_EventAllDay":false,"_EventTimezone":"","_EventStartDate":"","_EventEndDate":"","_EventStartDateUTC":"","_EventEndDateUTC":"","_EventShowMap":false,"_EventShowMapLink":false,"_EventURL":"","_EventCost":"","_EventCostDescription":"","_EventCurrencySymbol":"","_EventCurrencyCode":"","_EventCurrencyPosition":"","_EventDateTimeSeparator":"","_EventTimeRangeSeparator":"","_EventOrganizerID":[],"_EventVenueID":[],"_OrganizerEmail":"","_OrganizerPhone":"","_OrganizerWebsite":"","_VenueAddress":"","_VenueCity":"","_VenueCountry":"","_VenueProvince":"","_VenueState":"","_VenueZip":"","_VenuePhone":"","_VenueURL":"","_VenueStateProvince":"","_VenueLat":"","_VenueLng":"","_VenueShowMap":false,"_VenueShowMapLink":false,"footnotes":""},"categories":[1],"tags":[5],"class_list":["post-3203","post","type-post","status-publish","format-standard","has-post-thumbnail","hentry","category-conteudo","tag-blog-trip"],"blocksy_meta":[],"yoast_head":"<!-- This site is optimized with the Yoast SEO plugin v26.4 - https:\/\/yoast.com\/wordpress\/plugins\/seo\/ -->\n<title>Blogtrip: Cidades Criativas da UNESCO no Centro de Portugal - ABVP<\/title>\n<meta name=\"description\" content=\"Quatro membros da ABVP \u2013 Associa\u00e7\u00e3o de Bloggers de Viagens Portugueses foram descobrir as Cidades Criativas da UNESCO no Centro de Portugal.\" \/>\n<meta name=\"robots\" content=\"index, follow, max-snippet:-1, max-image-preview:large, max-video-preview:-1\" \/>\n<link rel=\"canonical\" href=\"https:\/\/www.abvp.pt\/en\/cidades-criativas-da-unesco-no-centro-de-portugal\/\" \/>\n<meta property=\"og:locale\" content=\"en_GB\" \/>\n<meta property=\"og:type\" content=\"article\" \/>\n<meta property=\"og:title\" content=\"Blogtrip: Cidades Criativas da UNESCO no Centro de Portugal - ABVP\" \/>\n<meta property=\"og:description\" content=\"Quatro membros da ABVP \u2013 Associa\u00e7\u00e3o de Bloggers de Viagens Portugueses foram descobrir as Cidades Criativas da UNESCO no Centro de Portugal.\" \/>\n<meta property=\"og:url\" content=\"https:\/\/www.abvp.pt\/en\/cidades-criativas-da-unesco-no-centro-de-portugal\/\" \/>\n<meta property=\"og:site_name\" content=\"ABVP\" \/>\n<meta property=\"article:publisher\" content=\"https:\/\/www.facebook.com\/abvppt\/\" \/>\n<meta property=\"article:published_time\" content=\"2022-11-15T15:12:17+00:00\" \/>\n<meta property=\"article:modified_time\" content=\"2023-05-06T20:22:28+00:00\" \/>\n<meta property=\"og:image\" content=\"https:\/\/www.abvp.pt\/wp-content\/uploads\/Cidades-Criativas-13-of-1-scaled.jpg\" \/>\n\t<meta property=\"og:image:width\" content=\"2560\" \/>\n\t<meta property=\"og:image:height\" content=\"1720\" \/>\n\t<meta property=\"og:image:type\" content=\"image\/jpeg\" \/>\n<meta name=\"author\" content=\"Susana Sousa Ribeiro\" \/>\n<meta name=\"twitter:card\" content=\"summary_large_image\" \/>\n<meta name=\"twitter:creator\" content=\"@abvppt\" \/>\n<meta name=\"twitter:site\" content=\"@abvppt\" \/>\n<meta name=\"twitter:label1\" content=\"Written by\" \/>\n\t<meta name=\"twitter:data1\" content=\"Susana Sousa Ribeiro\" \/>\n\t<meta name=\"twitter:label2\" content=\"Estimated reading time\" \/>\n\t<meta name=\"twitter:data2\" content=\"7 minutes\" \/>\n<script type=\"application\/ld+json\" class=\"yoast-schema-graph\">{\"@context\":\"https:\/\/schema.org\",\"@graph\":[{\"@type\":\"Article\",\"@id\":\"https:\/\/www.abvp.pt\/cidades-criativas-da-unesco-no-centro-de-portugal\/#article\",\"isPartOf\":{\"@id\":\"https:\/\/www.abvp.pt\/cidades-criativas-da-unesco-no-centro-de-portugal\/\"},\"author\":{\"name\":\"Susana Sousa Ribeiro\",\"@id\":\"https:\/\/www.abvp.pt\/#\/schema\/person\/7a12ab4322fbf8bc1875405fad4cc29b\"},\"headline\":\"Blogtrip: Cidades Criativas da UNESCO no Centro de Portugal\",\"datePublished\":\"2022-11-15T15:12:17+00:00\",\"dateModified\":\"2023-05-06T20:22:28+00:00\",\"mainEntityOfPage\":{\"@id\":\"https:\/\/www.abvp.pt\/cidades-criativas-da-unesco-no-centro-de-portugal\/\"},\"wordCount\":1065,\"commentCount\":0,\"publisher\":{\"@id\":\"https:\/\/www.abvp.pt\/#organization\"},\"image\":{\"@id\":\"https:\/\/www.abvp.pt\/cidades-criativas-da-unesco-no-centro-de-portugal\/#primaryimage\"},\"thumbnailUrl\":\"https:\/\/www.abvp.pt\/wp-content\/uploads\/Cidades-Criativas-13-of-1-scaled.jpg\",\"keywords\":[\"blog trip\"],\"articleSection\":[\"Conte\u00fado\"],\"inLanguage\":\"en-GB\",\"potentialAction\":[{\"@type\":\"CommentAction\",\"name\":\"Comment\",\"target\":[\"https:\/\/www.abvp.pt\/cidades-criativas-da-unesco-no-centro-de-portugal\/#respond\"]}]},{\"@type\":\"WebPage\",\"@id\":\"https:\/\/www.abvp.pt\/cidades-criativas-da-unesco-no-centro-de-portugal\/\",\"url\":\"https:\/\/www.abvp.pt\/cidades-criativas-da-unesco-no-centro-de-portugal\/\",\"name\":\"Blogtrip: Cidades Criativas da UNESCO no Centro de Portugal - ABVP\",\"isPartOf\":{\"@id\":\"https:\/\/www.abvp.pt\/#website\"},\"primaryImageOfPage\":{\"@id\":\"https:\/\/www.abvp.pt\/cidades-criativas-da-unesco-no-centro-de-portugal\/#primaryimage\"},\"image\":{\"@id\":\"https:\/\/www.abvp.pt\/cidades-criativas-da-unesco-no-centro-de-portugal\/#primaryimage\"},\"thumbnailUrl\":\"https:\/\/www.abvp.pt\/wp-content\/uploads\/Cidades-Criativas-13-of-1-scaled.jpg\",\"datePublished\":\"2022-11-15T15:12:17+00:00\",\"dateModified\":\"2023-05-06T20:22:28+00:00\",\"description\":\"Quatro membros da ABVP \u2013 Associa\u00e7\u00e3o de Bloggers de Viagens Portugueses foram descobrir as Cidades Criativas da UNESCO no Centro de Portugal.\",\"breadcrumb\":{\"@id\":\"https:\/\/www.abvp.pt\/cidades-criativas-da-unesco-no-centro-de-portugal\/#breadcrumb\"},\"inLanguage\":\"en-GB\",\"potentialAction\":[{\"@type\":\"ReadAction\",\"target\":[\"https:\/\/www.abvp.pt\/cidades-criativas-da-unesco-no-centro-de-portugal\/\"]}]},{\"@type\":\"ImageObject\",\"inLanguage\":\"en-GB\",\"@id\":\"https:\/\/www.abvp.pt\/cidades-criativas-da-unesco-no-centro-de-portugal\/#primaryimage\",\"url\":\"https:\/\/www.abvp.pt\/wp-content\/uploads\/Cidades-Criativas-13-of-1-scaled.jpg\",\"contentUrl\":\"https:\/\/www.abvp.pt\/wp-content\/uploads\/Cidades-Criativas-13-of-1-scaled.jpg\",\"width\":2560,\"height\":1720,\"caption\":\"Bordado das Caldas\"},{\"@type\":\"BreadcrumbList\",\"@id\":\"https:\/\/www.abvp.pt\/cidades-criativas-da-unesco-no-centro-de-portugal\/#breadcrumb\",\"itemListElement\":[{\"@type\":\"ListItem\",\"position\":1,\"name\":\"In\u00edcio\",\"item\":\"https:\/\/www.abvp.pt\/\"},{\"@type\":\"ListItem\",\"position\":2,\"name\":\"Blogtrip: Cidades Criativas da UNESCO no Centro de Portugal\"}]},{\"@type\":\"WebSite\",\"@id\":\"https:\/\/www.abvp.pt\/#website\",\"url\":\"https:\/\/www.abvp.pt\/\",\"name\":\"ABVP\",\"description\":\"Associa\u00e7\u00e3o de Bloggers de Viagem Portugueses\",\"publisher\":{\"@id\":\"https:\/\/www.abvp.pt\/#organization\"},\"potentialAction\":[{\"@type\":\"SearchAction\",\"target\":{\"@type\":\"EntryPoint\",\"urlTemplate\":\"https:\/\/www.abvp.pt\/?s={search_term_string}\"},\"query-input\":{\"@type\":\"PropertyValueSpecification\",\"valueRequired\":true,\"valueName\":\"search_term_string\"}}],\"inLanguage\":\"en-GB\"},{\"@type\":\"Organization\",\"@id\":\"https:\/\/www.abvp.pt\/#organization\",\"name\":\"ABVP\",\"url\":\"https:\/\/www.abvp.pt\/\",\"logo\":{\"@type\":\"ImageObject\",\"inLanguage\":\"en-GB\",\"@id\":\"https:\/\/www.abvp.pt\/#\/schema\/logo\/image\/\",\"url\":\"https:\/\/www.abvp.pt\/wp-content\/uploads\/Logo-Header-dark.svg\",\"contentUrl\":\"https:\/\/www.abvp.pt\/wp-content\/uploads\/Logo-Header-dark.svg\",\"width\":325,\"height\":48,\"caption\":\"ABVP\"},\"image\":{\"@id\":\"https:\/\/www.abvp.pt\/#\/schema\/logo\/image\/\"},\"sameAs\":[\"https:\/\/www.facebook.com\/abvppt\/\",\"https:\/\/x.com\/abvppt\",\"https:\/\/www.instagram.com\/abvppt\/\"]},{\"@type\":\"Person\",\"@id\":\"https:\/\/www.abvp.pt\/#\/schema\/person\/7a12ab4322fbf8bc1875405fad4cc29b\",\"name\":\"Susana Sousa Ribeiro\",\"image\":{\"@type\":\"ImageObject\",\"inLanguage\":\"en-GB\",\"@id\":\"https:\/\/www.abvp.pt\/#\/schema\/person\/image\/\",\"url\":\"https:\/\/secure.gravatar.com\/avatar\/0863dbb96b0c536b43de9216b795d3cb?s=96&d=mm&r=g\",\"contentUrl\":\"https:\/\/secure.gravatar.com\/avatar\/0863dbb96b0c536b43de9216b795d3cb?s=96&d=mm&r=g\",\"caption\":\"Susana Sousa Ribeiro\"},\"description\":\"https:\/\/acachopa.com\/\",\"sameAs\":[\"https:\/\/acachopa.com\/\"],\"url\":\"https:\/\/www.abvp.pt\/en\/author\/sribeiro\/\"}]}<\/script>\n<!-- \/ Yoast SEO plugin. -->","yoast_head_json":{"title":"Blogtrip: Cidades Criativas da UNESCO no Centro de Portugal - ABVP","description":"Quatro membros da ABVP \u2013 Associa\u00e7\u00e3o de Bloggers de Viagens Portugueses foram descobrir as Cidades Criativas da UNESCO no Centro de Portugal.","robots":{"index":"index","follow":"follow","max-snippet":"max-snippet:-1","max-image-preview":"max-image-preview:large","max-video-preview":"max-video-preview:-1"},"canonical":"https:\/\/www.abvp.pt\/en\/cidades-criativas-da-unesco-no-centro-de-portugal\/","og_locale":"en_GB","og_type":"article","og_title":"Blogtrip: Cidades Criativas da UNESCO no Centro de Portugal - ABVP","og_description":"Quatro membros da ABVP \u2013 Associa\u00e7\u00e3o de Bloggers de Viagens Portugueses foram descobrir as Cidades Criativas da UNESCO no Centro de Portugal.","og_url":"https:\/\/www.abvp.pt\/en\/cidades-criativas-da-unesco-no-centro-de-portugal\/","og_site_name":"ABVP","article_publisher":"https:\/\/www.facebook.com\/abvppt\/","article_published_time":"2022-11-15T15:12:17+00:00","article_modified_time":"2023-05-06T20:22:28+00:00","og_image":[{"width":2560,"height":1720,"url":"https:\/\/www.abvp.pt\/wp-content\/uploads\/Cidades-Criativas-13-of-1-scaled.jpg","type":"image\/jpeg"}],"author":"Susana Sousa Ribeiro","twitter_card":"summary_large_image","twitter_creator":"@abvppt","twitter_site":"@abvppt","twitter_misc":{"Written by":"Susana Sousa Ribeiro","Estimated reading time":"7 minutes"},"schema":{"@context":"https:\/\/schema.org","@graph":[{"@type":"Article","@id":"https:\/\/www.abvp.pt\/cidades-criativas-da-unesco-no-centro-de-portugal\/#article","isPartOf":{"@id":"https:\/\/www.abvp.pt\/cidades-criativas-da-unesco-no-centro-de-portugal\/"},"author":{"name":"Susana Sousa Ribeiro","@id":"https:\/\/www.abvp.pt\/#\/schema\/person\/7a12ab4322fbf8bc1875405fad4cc29b"},"headline":"Blogtrip: Cidades Criativas da UNESCO no Centro de Portugal","datePublished":"2022-11-15T15:12:17+00:00","dateModified":"2023-05-06T20:22:28+00:00","mainEntityOfPage":{"@id":"https:\/\/www.abvp.pt\/cidades-criativas-da-unesco-no-centro-de-portugal\/"},"wordCount":1065,"commentCount":0,"publisher":{"@id":"https:\/\/www.abvp.pt\/#organization"},"image":{"@id":"https:\/\/www.abvp.pt\/cidades-criativas-da-unesco-no-centro-de-portugal\/#primaryimage"},"thumbnailUrl":"https:\/\/www.abvp.pt\/wp-content\/uploads\/Cidades-Criativas-13-of-1-scaled.jpg","keywords":["blog trip"],"articleSection":["Conte\u00fado"],"inLanguage":"en-GB","potentialAction":[{"@type":"CommentAction","name":"Comment","target":["https:\/\/www.abvp.pt\/cidades-criativas-da-unesco-no-centro-de-portugal\/#respond"]}]},{"@type":"WebPage","@id":"https:\/\/www.abvp.pt\/cidades-criativas-da-unesco-no-centro-de-portugal\/","url":"https:\/\/www.abvp.pt\/cidades-criativas-da-unesco-no-centro-de-portugal\/","name":"Blogtrip: Cidades Criativas da UNESCO no Centro de Portugal - ABVP","isPartOf":{"@id":"https:\/\/www.abvp.pt\/#website"},"primaryImageOfPage":{"@id":"https:\/\/www.abvp.pt\/cidades-criativas-da-unesco-no-centro-de-portugal\/#primaryimage"},"image":{"@id":"https:\/\/www.abvp.pt\/cidades-criativas-da-unesco-no-centro-de-portugal\/#primaryimage"},"thumbnailUrl":"https:\/\/www.abvp.pt\/wp-content\/uploads\/Cidades-Criativas-13-of-1-scaled.jpg","datePublished":"2022-11-15T15:12:17+00:00","dateModified":"2023-05-06T20:22:28+00:00","description":"Quatro membros da ABVP \u2013 Associa\u00e7\u00e3o de Bloggers de Viagens Portugueses foram descobrir as Cidades Criativas da UNESCO no Centro de Portugal.","breadcrumb":{"@id":"https:\/\/www.abvp.pt\/cidades-criativas-da-unesco-no-centro-de-portugal\/#breadcrumb"},"inLanguage":"en-GB","potentialAction":[{"@type":"ReadAction","target":["https:\/\/www.abvp.pt\/cidades-criativas-da-unesco-no-centro-de-portugal\/"]}]},{"@type":"ImageObject","inLanguage":"en-GB","@id":"https:\/\/www.abvp.pt\/cidades-criativas-da-unesco-no-centro-de-portugal\/#primaryimage","url":"https:\/\/www.abvp.pt\/wp-content\/uploads\/Cidades-Criativas-13-of-1-scaled.jpg","contentUrl":"https:\/\/www.abvp.pt\/wp-content\/uploads\/Cidades-Criativas-13-of-1-scaled.jpg","width":2560,"height":1720,"caption":"Bordado das Caldas"},{"@type":"BreadcrumbList","@id":"https:\/\/www.abvp.pt\/cidades-criativas-da-unesco-no-centro-de-portugal\/#breadcrumb","itemListElement":[{"@type":"ListItem","position":1,"name":"In\u00edcio","item":"https:\/\/www.abvp.pt\/"},{"@type":"ListItem","position":2,"name":"Blogtrip: Cidades Criativas da UNESCO no Centro de Portugal"}]},{"@type":"WebSite","@id":"https:\/\/www.abvp.pt\/#website","url":"https:\/\/www.abvp.pt\/","name":"ABVP","description":"Association of Portuguese Travel Bloggers","publisher":{"@id":"https:\/\/www.abvp.pt\/#organization"},"potentialAction":[{"@type":"SearchAction","target":{"@type":"EntryPoint","urlTemplate":"https:\/\/www.abvp.pt\/?s={search_term_string}"},"query-input":{"@type":"PropertyValueSpecification","valueRequired":true,"valueName":"search_term_string"}}],"inLanguage":"en-GB"},{"@type":"Organization","@id":"https:\/\/www.abvp.pt\/#organization","name":"ABVP","url":"https:\/\/www.abvp.pt\/","logo":{"@type":"ImageObject","inLanguage":"en-GB","@id":"https:\/\/www.abvp.pt\/#\/schema\/logo\/image\/","url":"https:\/\/www.abvp.pt\/wp-content\/uploads\/Logo-Header-dark.svg","contentUrl":"https:\/\/www.abvp.pt\/wp-content\/uploads\/Logo-Header-dark.svg","width":325,"height":48,"caption":"ABVP"},"image":{"@id":"https:\/\/www.abvp.pt\/#\/schema\/logo\/image\/"},"sameAs":["https:\/\/www.facebook.com\/abvppt\/","https:\/\/x.com\/abvppt","https:\/\/www.instagram.com\/abvppt\/"]},{"@type":"Person","@id":"https:\/\/www.abvp.pt\/#\/schema\/person\/7a12ab4322fbf8bc1875405fad4cc29b","name":"Susana Sousa Ribeiro","image":{"@type":"ImageObject","inLanguage":"en-GB","@id":"https:\/\/www.abvp.pt\/#\/schema\/person\/image\/","url":"https:\/\/secure.gravatar.com\/avatar\/0863dbb96b0c536b43de9216b795d3cb?s=96&d=mm&r=g","contentUrl":"https:\/\/secure.gravatar.com\/avatar\/0863dbb96b0c536b43de9216b795d3cb?s=96&d=mm&r=g","caption":"Susana Sousa Ribeiro"},"description":"https:\/\/acachopa.com\/","sameAs":["https:\/\/acachopa.com\/"],"url":"https:\/\/www.abvp.pt\/en\/author\/sribeiro\/"}]}},"_links":{"self":[{"href":"https:\/\/www.abvp.pt\/en\/wp-json\/wp\/v2\/posts\/3203","targetHints":{"allow":["GET"]}}],"collection":[{"href":"https:\/\/www.abvp.pt\/en\/wp-json\/wp\/v2\/posts"}],"about":[{"href":"https:\/\/www.abvp.pt\/en\/wp-json\/wp\/v2\/types\/post"}],"author":[{"embeddable":true,"href":"https:\/\/www.abvp.pt\/en\/wp-json\/wp\/v2\/users\/102"}],"replies":[{"embeddable":true,"href":"https:\/\/www.abvp.pt\/en\/wp-json\/wp\/v2\/comments?post=3203"}],"version-history":[{"count":0,"href":"https:\/\/www.abvp.pt\/en\/wp-json\/wp\/v2\/posts\/3203\/revisions"}],"wp:featuredmedia":[{"embeddable":true,"href":"https:\/\/www.abvp.pt\/en\/wp-json\/wp\/v2\/media\/3210"}],"wp:attachment":[{"href":"https:\/\/www.abvp.pt\/en\/wp-json\/wp\/v2\/media?parent=3203"}],"wp:term":[{"taxonomy":"category","embeddable":true,"href":"https:\/\/www.abvp.pt\/en\/wp-json\/wp\/v2\/categories?post=3203"},{"taxonomy":"post_tag","embeddable":true,"href":"https:\/\/www.abvp.pt\/en\/wp-json\/wp\/v2\/tags?post=3203"}],"curies":[{"name":"wp","href":"https:\/\/api.w.org\/{rel}","templated":true}]}}