{"id":3233,"date":"2023-02-01T16:14:28","date_gmt":"2023-02-01T16:14:28","guid":{"rendered":"https:\/\/www.abvp.pt\/?p=3233"},"modified":"2023-05-06T21:21:36","modified_gmt":"2023-05-06T20:21:36","slug":"bolsa-ativismo-abvp","status":"publish","type":"post","link":"https:\/\/www.abvp.pt\/en\/bolsa-ativismo-abvp\/","title":{"rendered":"Bolsa de Ativismo Socioambiental ABVP &#8211; Viagens Bal\u00e3o"},"content":{"rendered":"<h2 class=\"wp-block-heading\">A ABVP e as Viagens Bal\u00e3o pretendem ajudar um ou mais projetos que tenham impactos positivos, sociais ou ambientais, num destino ou comunidade<\/h2>\n\n\n\n<p>A ideia desta primeira edi\u00e7\u00e3o da Bolsa de Ativismo Socioambiental ABVP &#8211; Viagens Bal\u00e3o \u00e9 inspirar os viajantes portugueses a terem sempre presente a preocupa\u00e7\u00e3o de um <strong>impacto positivo da sua a\u00e7\u00e3o no planeta, revelando genu\u00edna empatia e interesse pelo \u2018outro\u2019<\/strong>, respeitando e cuidando do Mundo (tamb\u00e9m natural e animal) e de todos os que nele habitam. E, com o seu exemplo, contribuir para que todos<strong> sejamos melhores seres humanos, al\u00e9m de viajantes inspiradores<\/strong>.<\/p>\n\n\n\n<p>Cada candidatura deve cuidar de fomentar uma maior compreens\u00e3o do Mundo e da sua riqu\u00edssima diversidade social, cultural, hist\u00f3rica e diversos outros dom\u00ednios. Com bons exemplos, inspirar outros amantes da diversidade e, com o seu trabalho, despertar o interesse e a motiva\u00e7\u00e3o da comunidade para viagens cada vez mais focadas nas quest\u00f5es que inquietam o planeta.<\/p>\n\n\n\n<figure class=\"wp-block-image size-full\"><img fetchpriority=\"high\" decoding=\"async\" width=\"1200\" height=\"800\" src=\"https:\/\/www.abvp.pt\/wp-content\/uploads\/Copia-de-Post-blog-1200-3-1.jpg\" alt=\"\" class=\"wp-image-3244\" srcset=\"https:\/\/www.abvp.pt\/wp-content\/uploads\/Copia-de-Post-blog-1200-3-1.jpg 1200w, https:\/\/www.abvp.pt\/wp-content\/uploads\/Copia-de-Post-blog-1200-3-1-600x400.jpg 600w, https:\/\/www.abvp.pt\/wp-content\/uploads\/Copia-de-Post-blog-1200-3-1-800x533.jpg 800w, https:\/\/www.abvp.pt\/wp-content\/uploads\/Copia-de-Post-blog-1200-3-1-150x100.jpg 150w, https:\/\/www.abvp.pt\/wp-content\/uploads\/Copia-de-Post-blog-1200-3-1-768x512.jpg 768w\" sizes=\"(max-width: 1200px) 100vw, 1200px\" \/><\/figure>\n\n\n\n<h3 class=\"wp-block-heading\"><strong>DESAFIO<\/strong><\/h3>\n\n\n\n<p>Usares o teu poder de comunica\u00e7\u00e3o \u2013 a linguagem escrita e da imagem (foto\/v\u00eddeo) aplicadas nas tuas redes e ou\/site \u2013 para<strong> inspirar as pessoas a explorar, derrubar preconceitos, criar pontes, atingir sonhos<\/strong>. Aproximar povos e culturas, sempre em harmonia com o meio natural.<\/p>\n\n\n\n<p>Mais do que financiar o projeto, a ABVP e as Viagens Bal\u00e3o desejam ir apoiando\/acompanhando a evolu\u00e7\u00e3o do mesmo, estando dispon\u00edveis para o necess\u00e1rio.<\/p>\n\n\n\n<h3 class=\"wp-block-heading\"><strong>APOIO<\/strong><\/h3>\n\n\n\n<p>O financiamento m\u00e1ximo aos projetos ser\u00e1 de 1.000 euros, em servi\u00e7os de voos e estadias fornecidos pela entidade parceira da ABVP.<\/p>\n\n\n\n<h3 class=\"wp-block-heading\"><strong>O QUE ESPERAMOS DE TI<\/strong><\/h3>\n\n\n\n<p>Honestidade e comprometimento com o projeto que apresentares e que o mesmo cumpra, durante as diversas fases, com as mais elementares regras de \u00e9tica.<\/p>\n\n\n\n<h3 class=\"wp-block-heading\"><strong>CANDIDATURA<\/strong><\/h3>\n\n\n\n<figure class=\"wp-block-image size-full\"><img decoding=\"async\" width=\"1200\" height=\"800\" src=\"https:\/\/www.abvp.pt\/wp-content\/uploads\/Copia-de-Post-blog-1200-1-2.jpg\" alt=\"\" class=\"wp-image-3242\" srcset=\"https:\/\/www.abvp.pt\/wp-content\/uploads\/Copia-de-Post-blog-1200-1-2.jpg 1200w, https:\/\/www.abvp.pt\/wp-content\/uploads\/Copia-de-Post-blog-1200-1-2-600x400.jpg 600w, https:\/\/www.abvp.pt\/wp-content\/uploads\/Copia-de-Post-blog-1200-1-2-800x533.jpg 800w, https:\/\/www.abvp.pt\/wp-content\/uploads\/Copia-de-Post-blog-1200-1-2-150x100.jpg 150w, https:\/\/www.abvp.pt\/wp-content\/uploads\/Copia-de-Post-blog-1200-1-2-768x512.jpg 768w\" sizes=\"(max-width: 1200px) 100vw, 1200px\" \/><figcaption>\u00a9 Projeto Tamar<\/figcaption><\/figure>\n\n\n\n<p>Gostamos de ideias ousadas. De projetos com a cabe\u00e7a na lua, sem tirar os p\u00e9s do ch\u00e3o. E de formas criativas e apelativas de as revelares ao Mundo. Privilegiamos projetos sobre Direitos Humanos, crise clim\u00e1tica e ambiental, conserva\u00e7\u00e3o da natureza, sustentabilidade socioambiental.<\/p>\n\n\n\n<p><strong>O que valorizamos na tua candidatura:<\/strong><\/p>\n\n\n\n<ul class=\"wp-block-list\"><li>Uma ideia inspiradora, bem estruturada, claramente apresentada, com calend\u00e1rio (das v\u00e1rias fases) definido.<\/li><li>Or\u00e7amento cred\u00edvel, otimizado no custo-benef\u00edcio.<\/li><li>Mensagens claras, objetivas e realistas.<\/li><li>Al\u00e9m da capacidade escrita, garantia de produ\u00e7\u00e3o multim\u00e9dia (fotografia e\/ou v\u00eddeo).<\/li><li>Potencial de chegar a novas audi\u00eancias, al\u00e9m dos puros amantes de viagem.<\/li><\/ul>\n\n\n\n<h3 class=\"wp-block-heading\"><strong>CALEND\u00c1RIO<\/strong><\/h3>\n\n\n\n<ul class=\"wp-block-list\"><li>As candidaturas devem ser submetidas at\u00e9 31 de mar\u00e7o, preenchendo o formul\u00e1rio respetivo.<\/li><li>As candidaturas s\u00e3o validadas at\u00e9 03 de abril.<\/li><li>O j\u00fari analisa as candidaturas at\u00e9 16 de abril.<\/li><li>Comunica\u00e7\u00e3o do(s) vencedor(s) a 19 de abril.<\/li><li>Os projetos devem estar totalmente conclu\u00eddos no presente ano civil.<\/li><\/ul>\n\n\n\n<figure class=\"wp-block-image size-full\"><img decoding=\"async\" width=\"1200\" height=\"800\" src=\"https:\/\/www.abvp.pt\/wp-content\/uploads\/Copia-de-Post-blog-1200-4-1.jpg\" alt=\"\" class=\"wp-image-3245\" srcset=\"https:\/\/www.abvp.pt\/wp-content\/uploads\/Copia-de-Post-blog-1200-4-1.jpg 1200w, https:\/\/www.abvp.pt\/wp-content\/uploads\/Copia-de-Post-blog-1200-4-1-600x400.jpg 600w, https:\/\/www.abvp.pt\/wp-content\/uploads\/Copia-de-Post-blog-1200-4-1-800x533.jpg 800w, https:\/\/www.abvp.pt\/wp-content\/uploads\/Copia-de-Post-blog-1200-4-1-150x100.jpg 150w, https:\/\/www.abvp.pt\/wp-content\/uploads\/Copia-de-Post-blog-1200-4-1-768x512.jpg 768w\" sizes=\"(max-width: 1200px) 100vw, 1200px\" \/><\/figure>\n\n\n\n<h3 class=\"wp-block-heading\"><strong>Vamos conhecer o j\u00fari<\/strong><\/h3>\n\n\n\n<p><strong>Rui Barbosa Batista (ABVP)<\/strong><\/p>\n\n\n\n<p>Jornalista, escritor e empreendedor social (volunt\u00e1rio) h\u00e1 duas d\u00e9cadas em IPSS centen\u00e1ria do Porto. Ganhou uma bolsa de explora\u00e7\u00e3o que lhe permitiu documentar a crise humanit\u00e1ria do povo Rohingya no Bangladesh, no maior campo de refugiados do Mundo. \u00c9 uma das hist\u00f3rias do seu livro \u201cBORNFREEE \u2013 O Mundo \u00e9 uma Aventura\u201d.<\/p>\n\n\n\n<p><strong>Tita Sorte (Viagens Bal\u00e3o)<\/strong><\/p>\n\n\n\n<p>Formadora em diversas \u00e1reas de desenvolvimento humano, uma empreendedora nata que j\u00e1 fez voluntariado em destinos t\u00e3o d\u00edspares como Myanmar, S\u00e3o Tom\u00e9 e Pr\u00edncipe, \u00cdndia, Cabo Verde ou L\u00edbano. Exploradora do Mundo empenhada no empoderamento social, psicologia no cora\u00e7\u00e3o e causas na palma da m\u00e3o.<\/p>\n\n\n\n<p><strong>Ana Abra\u00e3o (Convidada)<\/strong><\/p>\n\n\n\n<p>Fot\u00f3grafa de pessoas e de culturas, autora do livro de fotografias e hist\u00f3rias de viagem &#8220;Outros Mundos&#8221;. Utiliza a fotografia como ferramenta, n\u00e3o s\u00f3 para dar a conhecer ao \u201cmundo de c\u00e1\u201d a beleza da cultura de \u201coutros mundos\u201d, como tamb\u00e9m para, subtilmente, colocar em pauta quest\u00f5es sobre direitos humanos.<\/p>\n\n\n\n<p><strong>APRESENTA A TUA CANDIDATURA:<\/strong> <a href=\"https:\/\/docs.google.com\/forms\/d\/1mLH7Q5YXzl5KEsZjTLvbhOR8CJffJEYElIURat4u5OA\/viewform?edit_requested=true&amp;fbclid=IwAR2LwJ7p0BDQ2zvS7KUGty5YINuJDRsKlIs9F8_w7cDkk9MXbj9YbVngsYk\" target=\"_blank\" rel=\"noreferrer noopener\">aqui<\/a><\/p>","protected":false},"excerpt":{"rendered":"<p>A ABVP e as Viagens Bal\u00e3o pretendem ajudar um ou mais projetos que tenham impactos positivos, sociais ou ambientais, num destino ou comunidade A ideia desta primeira edi\u00e7\u00e3o da Bolsa [&hellip;]<\/p>\n","protected":false},"author":5,"featured_media":3235,"comment_status":"open","ping_status":"closed","sticky":false,"template":"","format":"standard","meta":{"_price":"","_stock":"","_tribe_ticket_header":"","_tribe_default_ticket_provider":"","_tribe_ticket_capacity":"0","_ticket_start_date":"","_ticket_end_date":"","_tribe_ticket_show_description":"","_tribe_ticket_show_not_going":false,"_tribe_ticket_use_global_stock":"","_tribe_ticket_global_stock_level":"","_global_stock_mode":"","_global_stock_cap":"","_tribe_rsvp_for_event":"","_tribe_ticket_going_count":"","_tribe_ticket_not_going_count":"","_tribe_tickets_list":"[]","_tribe_ticket_has_attendee_info_fields":false,"_EventAllDay":false,"_EventTimezone":"","_EventStartDate":"","_EventEndDate":"","_EventStartDateUTC":"","_EventEndDateUTC":"","_EventShowMap":false,"_EventShowMapLink":false,"_EventURL":"","_EventCost":"","_EventCostDescription":"","_EventCurrencySymbol":"","_EventCurrencyCode":"","_EventCurrencyPosition":"","_EventDateTimeSeparator":"","_EventTimeRangeSeparator":"","_EventOrganizerID":[],"_EventVenueID":[],"_OrganizerEmail":"","_OrganizerPhone":"","_OrganizerWebsite":"","_VenueAddress":"","_VenueCity":"","_VenueCountry":"","_VenueProvince":"","_VenueState":"","_VenueZip":"","_VenuePhone":"","_VenueURL":"","_VenueStateProvince":"","_VenueLat":"","_VenueLng":"","_VenueShowMap":false,"_VenueShowMapLink":false,"footnotes":""},"categories":[12],"tags":[],"class_list":["post-3233","post","type-post","status-publish","format-standard","has-post-thumbnail","hentry","category-comunicados"],"blocksy_meta":[],"yoast_head":"<!-- This site is optimized with the Yoast SEO plugin v26.4 - https:\/\/yoast.com\/wordpress\/plugins\/seo\/ -->\n<title>Bolsa de Ativismo Socioambiental ABVP - Viagens Bal\u00e3o - ABVP<\/title>\n<meta name=\"description\" content=\"Primeira edi\u00e7\u00e3o da bolsa de ativismo socioambiental ABVP e Viagens Bal\u00e3o, para apoiar projetos com impacto positivo nas comunidades.\" \/>\n<meta name=\"robots\" content=\"index, follow, max-snippet:-1, max-image-preview:large, max-video-preview:-1\" \/>\n<link rel=\"canonical\" href=\"https:\/\/www.abvp.pt\/en\/bolsa-ativismo-abvp\/\" \/>\n<meta property=\"og:locale\" content=\"en_GB\" \/>\n<meta property=\"og:type\" content=\"article\" \/>\n<meta property=\"og:title\" content=\"Bolsa de Ativismo Socioambiental ABVP - Viagens Bal\u00e3o - ABVP\" \/>\n<meta property=\"og:description\" content=\"Primeira edi\u00e7\u00e3o da bolsa de ativismo socioambiental ABVP e Viagens Bal\u00e3o, para apoiar projetos com impacto positivo nas comunidades.\" \/>\n<meta property=\"og:url\" content=\"https:\/\/www.abvp.pt\/en\/bolsa-ativismo-abvp\/\" \/>\n<meta property=\"og:site_name\" content=\"ABVP\" \/>\n<meta property=\"article:publisher\" content=\"https:\/\/www.facebook.com\/abvppt\/\" \/>\n<meta property=\"article:published_time\" content=\"2023-02-01T16:14:28+00:00\" \/>\n<meta property=\"article:modified_time\" content=\"2023-05-06T20:21:36+00:00\" \/>\n<meta property=\"og:image\" content=\"https:\/\/www.abvp.pt\/wp-content\/uploads\/empreendedorismo-social.jpg\" \/>\n\t<meta property=\"og:image:width\" content=\"940\" \/>\n\t<meta property=\"og:image:height\" content=\"626\" \/>\n\t<meta property=\"og:image:type\" content=\"image\/jpeg\" \/>\n<meta name=\"author\" content=\"Ruthia Portelinha\" \/>\n<meta name=\"twitter:card\" content=\"summary_large_image\" \/>\n<meta name=\"twitter:creator\" content=\"@abvppt\" \/>\n<meta name=\"twitter:site\" content=\"@abvppt\" \/>\n<meta name=\"twitter:label1\" content=\"Written by\" \/>\n\t<meta name=\"twitter:data1\" content=\"Ruthia Portelinha\" \/>\n\t<meta name=\"twitter:label2\" content=\"Estimated reading time\" \/>\n\t<meta name=\"twitter:data2\" content=\"4 minutes\" \/>\n<script type=\"application\/ld+json\" class=\"yoast-schema-graph\">{\"@context\":\"https:\/\/schema.org\",\"@graph\":[{\"@type\":\"Article\",\"@id\":\"https:\/\/www.abvp.pt\/bolsa-ativismo-abvp\/#article\",\"isPartOf\":{\"@id\":\"https:\/\/www.abvp.pt\/bolsa-ativismo-abvp\/\"},\"author\":{\"name\":\"Ruthia Portelinha\",\"@id\":\"https:\/\/www.abvp.pt\/#\/schema\/person\/3224ab1e82979d8d2daa9b24c41ac06f\"},\"headline\":\"Bolsa de Ativismo Socioambiental ABVP &#8211; Viagens Bal\u00e3o\",\"datePublished\":\"2023-02-01T16:14:28+00:00\",\"dateModified\":\"2023-05-06T20:21:36+00:00\",\"mainEntityOfPage\":{\"@id\":\"https:\/\/www.abvp.pt\/bolsa-ativismo-abvp\/\"},\"wordCount\":655,\"commentCount\":0,\"publisher\":{\"@id\":\"https:\/\/www.abvp.pt\/#organization\"},\"image\":{\"@id\":\"https:\/\/www.abvp.pt\/bolsa-ativismo-abvp\/#primaryimage\"},\"thumbnailUrl\":\"https:\/\/www.abvp.pt\/wp-content\/uploads\/empreendedorismo-social.jpg\",\"articleSection\":[\"Comunicados\"],\"inLanguage\":\"en-GB\",\"potentialAction\":[{\"@type\":\"CommentAction\",\"name\":\"Comment\",\"target\":[\"https:\/\/www.abvp.pt\/bolsa-ativismo-abvp\/#respond\"]}]},{\"@type\":\"WebPage\",\"@id\":\"https:\/\/www.abvp.pt\/bolsa-ativismo-abvp\/\",\"url\":\"https:\/\/www.abvp.pt\/bolsa-ativismo-abvp\/\",\"name\":\"Bolsa de Ativismo Socioambiental ABVP - Viagens Bal\u00e3o - ABVP\",\"isPartOf\":{\"@id\":\"https:\/\/www.abvp.pt\/#website\"},\"primaryImageOfPage\":{\"@id\":\"https:\/\/www.abvp.pt\/bolsa-ativismo-abvp\/#primaryimage\"},\"image\":{\"@id\":\"https:\/\/www.abvp.pt\/bolsa-ativismo-abvp\/#primaryimage\"},\"thumbnailUrl\":\"https:\/\/www.abvp.pt\/wp-content\/uploads\/empreendedorismo-social.jpg\",\"datePublished\":\"2023-02-01T16:14:28+00:00\",\"dateModified\":\"2023-05-06T20:21:36+00:00\",\"description\":\"Primeira edi\u00e7\u00e3o da bolsa de ativismo socioambiental ABVP e Viagens Bal\u00e3o, para apoiar projetos com impacto positivo nas comunidades.\",\"breadcrumb\":{\"@id\":\"https:\/\/www.abvp.pt\/bolsa-ativismo-abvp\/#breadcrumb\"},\"inLanguage\":\"en-GB\",\"potentialAction\":[{\"@type\":\"ReadAction\",\"target\":[\"https:\/\/www.abvp.pt\/bolsa-ativismo-abvp\/\"]}]},{\"@type\":\"ImageObject\",\"inLanguage\":\"en-GB\",\"@id\":\"https:\/\/www.abvp.pt\/bolsa-ativismo-abvp\/#primaryimage\",\"url\":\"https:\/\/www.abvp.pt\/wp-content\/uploads\/empreendedorismo-social.jpg\",\"contentUrl\":\"https:\/\/www.abvp.pt\/wp-content\/uploads\/empreendedorismo-social.jpg\",\"width\":940,\"height\":626,\"caption\":\"mundo unido\"},{\"@type\":\"BreadcrumbList\",\"@id\":\"https:\/\/www.abvp.pt\/bolsa-ativismo-abvp\/#breadcrumb\",\"itemListElement\":[{\"@type\":\"ListItem\",\"position\":1,\"name\":\"In\u00edcio\",\"item\":\"https:\/\/www.abvp.pt\/\"},{\"@type\":\"ListItem\",\"position\":2,\"name\":\"Bolsa de Ativismo Socioambiental ABVP &#8211; Viagens Bal\u00e3o\"}]},{\"@type\":\"WebSite\",\"@id\":\"https:\/\/www.abvp.pt\/#website\",\"url\":\"https:\/\/www.abvp.pt\/\",\"name\":\"ABVP\",\"description\":\"Associa\u00e7\u00e3o de Bloggers de Viagem Portugueses\",\"publisher\":{\"@id\":\"https:\/\/www.abvp.pt\/#organization\"},\"potentialAction\":[{\"@type\":\"SearchAction\",\"target\":{\"@type\":\"EntryPoint\",\"urlTemplate\":\"https:\/\/www.abvp.pt\/?s={search_term_string}\"},\"query-input\":{\"@type\":\"PropertyValueSpecification\",\"valueRequired\":true,\"valueName\":\"search_term_string\"}}],\"inLanguage\":\"en-GB\"},{\"@type\":\"Organization\",\"@id\":\"https:\/\/www.abvp.pt\/#organization\",\"name\":\"ABVP\",\"url\":\"https:\/\/www.abvp.pt\/\",\"logo\":{\"@type\":\"ImageObject\",\"inLanguage\":\"en-GB\",\"@id\":\"https:\/\/www.abvp.pt\/#\/schema\/logo\/image\/\",\"url\":\"https:\/\/www.abvp.pt\/wp-content\/uploads\/Logo-Header-dark.svg\",\"contentUrl\":\"https:\/\/www.abvp.pt\/wp-content\/uploads\/Logo-Header-dark.svg\",\"width\":325,\"height\":48,\"caption\":\"ABVP\"},\"image\":{\"@id\":\"https:\/\/www.abvp.pt\/#\/schema\/logo\/image\/\"},\"sameAs\":[\"https:\/\/www.facebook.com\/abvppt\/\",\"https:\/\/x.com\/abvppt\",\"https:\/\/www.instagram.com\/abvppt\/\"]},{\"@type\":\"Person\",\"@id\":\"https:\/\/www.abvp.pt\/#\/schema\/person\/3224ab1e82979d8d2daa9b24c41ac06f\",\"name\":\"Ruthia Portelinha\",\"image\":{\"@type\":\"ImageObject\",\"inLanguage\":\"en-GB\",\"@id\":\"https:\/\/www.abvp.pt\/#\/schema\/person\/image\/\",\"url\":\"https:\/\/secure.gravatar.com\/avatar\/fe88f7331e86f7718c223ca840ea6091?s=96&d=mm&r=g\",\"contentUrl\":\"https:\/\/secure.gravatar.com\/avatar\/fe88f7331e86f7718c223ca840ea6091?s=96&d=mm&r=g\",\"caption\":\"Ruthia Portelinha\"},\"description\":\"Viajante, m\u00e3e babada, choc\u00f3latra, amante de livros e museus. Autora do blog O Ber\u00e7o do Mundo.\",\"sameAs\":[\"https:\/\/www.bercodomundo.com\"],\"url\":\"https:\/\/www.abvp.pt\/en\/author\/ruthia\/\"}]}<\/script>\n<!-- \/ Yoast SEO plugin. -->","yoast_head_json":{"title":"Bolsa de Ativismo Socioambiental ABVP - Viagens Bal\u00e3o - ABVP","description":"Primeira edi\u00e7\u00e3o da bolsa de ativismo socioambiental ABVP e Viagens Bal\u00e3o, para apoiar projetos com impacto positivo nas comunidades.","robots":{"index":"index","follow":"follow","max-snippet":"max-snippet:-1","max-image-preview":"max-image-preview:large","max-video-preview":"max-video-preview:-1"},"canonical":"https:\/\/www.abvp.pt\/en\/bolsa-ativismo-abvp\/","og_locale":"en_GB","og_type":"article","og_title":"Bolsa de Ativismo Socioambiental ABVP - Viagens Bal\u00e3o - ABVP","og_description":"Primeira edi\u00e7\u00e3o da bolsa de ativismo socioambiental ABVP e Viagens Bal\u00e3o, para apoiar projetos com impacto positivo nas comunidades.","og_url":"https:\/\/www.abvp.pt\/en\/bolsa-ativismo-abvp\/","og_site_name":"ABVP","article_publisher":"https:\/\/www.facebook.com\/abvppt\/","article_published_time":"2023-02-01T16:14:28+00:00","article_modified_time":"2023-05-06T20:21:36+00:00","og_image":[{"width":940,"height":626,"url":"https:\/\/www.abvp.pt\/wp-content\/uploads\/empreendedorismo-social.jpg","type":"image\/jpeg"}],"author":"Ruthia Portelinha","twitter_card":"summary_large_image","twitter_creator":"@abvppt","twitter_site":"@abvppt","twitter_misc":{"Written by":"Ruthia Portelinha","Estimated reading time":"4 minutes"},"schema":{"@context":"https:\/\/schema.org","@graph":[{"@type":"Article","@id":"https:\/\/www.abvp.pt\/bolsa-ativismo-abvp\/#article","isPartOf":{"@id":"https:\/\/www.abvp.pt\/bolsa-ativismo-abvp\/"},"author":{"name":"Ruthia Portelinha","@id":"https:\/\/www.abvp.pt\/#\/schema\/person\/3224ab1e82979d8d2daa9b24c41ac06f"},"headline":"Bolsa de Ativismo Socioambiental ABVP &#8211; Viagens Bal\u00e3o","datePublished":"2023-02-01T16:14:28+00:00","dateModified":"2023-05-06T20:21:36+00:00","mainEntityOfPage":{"@id":"https:\/\/www.abvp.pt\/bolsa-ativismo-abvp\/"},"wordCount":655,"commentCount":0,"publisher":{"@id":"https:\/\/www.abvp.pt\/#organization"},"image":{"@id":"https:\/\/www.abvp.pt\/bolsa-ativismo-abvp\/#primaryimage"},"thumbnailUrl":"https:\/\/www.abvp.pt\/wp-content\/uploads\/empreendedorismo-social.jpg","articleSection":["Comunicados"],"inLanguage":"en-GB","potentialAction":[{"@type":"CommentAction","name":"Comment","target":["https:\/\/www.abvp.pt\/bolsa-ativismo-abvp\/#respond"]}]},{"@type":"WebPage","@id":"https:\/\/www.abvp.pt\/bolsa-ativismo-abvp\/","url":"https:\/\/www.abvp.pt\/bolsa-ativismo-abvp\/","name":"Bolsa de Ativismo Socioambiental ABVP - Viagens Bal\u00e3o - ABVP","isPartOf":{"@id":"https:\/\/www.abvp.pt\/#website"},"primaryImageOfPage":{"@id":"https:\/\/www.abvp.pt\/bolsa-ativismo-abvp\/#primaryimage"},"image":{"@id":"https:\/\/www.abvp.pt\/bolsa-ativismo-abvp\/#primaryimage"},"thumbnailUrl":"https:\/\/www.abvp.pt\/wp-content\/uploads\/empreendedorismo-social.jpg","datePublished":"2023-02-01T16:14:28+00:00","dateModified":"2023-05-06T20:21:36+00:00","description":"Primeira edi\u00e7\u00e3o da bolsa de ativismo socioambiental ABVP e Viagens Bal\u00e3o, para apoiar projetos com impacto positivo nas comunidades.","breadcrumb":{"@id":"https:\/\/www.abvp.pt\/bolsa-ativismo-abvp\/#breadcrumb"},"inLanguage":"en-GB","potentialAction":[{"@type":"ReadAction","target":["https:\/\/www.abvp.pt\/bolsa-ativismo-abvp\/"]}]},{"@type":"ImageObject","inLanguage":"en-GB","@id":"https:\/\/www.abvp.pt\/bolsa-ativismo-abvp\/#primaryimage","url":"https:\/\/www.abvp.pt\/wp-content\/uploads\/empreendedorismo-social.jpg","contentUrl":"https:\/\/www.abvp.pt\/wp-content\/uploads\/empreendedorismo-social.jpg","width":940,"height":626,"caption":"mundo unido"},{"@type":"BreadcrumbList","@id":"https:\/\/www.abvp.pt\/bolsa-ativismo-abvp\/#breadcrumb","itemListElement":[{"@type":"ListItem","position":1,"name":"In\u00edcio","item":"https:\/\/www.abvp.pt\/"},{"@type":"ListItem","position":2,"name":"Bolsa de Ativismo Socioambiental ABVP &#8211; Viagens Bal\u00e3o"}]},{"@type":"WebSite","@id":"https:\/\/www.abvp.pt\/#website","url":"https:\/\/www.abvp.pt\/","name":"ABVP","description":"Association of Portuguese Travel Bloggers","publisher":{"@id":"https:\/\/www.abvp.pt\/#organization"},"potentialAction":[{"@type":"SearchAction","target":{"@type":"EntryPoint","urlTemplate":"https:\/\/www.abvp.pt\/?s={search_term_string}"},"query-input":{"@type":"PropertyValueSpecification","valueRequired":true,"valueName":"search_term_string"}}],"inLanguage":"en-GB"},{"@type":"Organization","@id":"https:\/\/www.abvp.pt\/#organization","name":"ABVP","url":"https:\/\/www.abvp.pt\/","logo":{"@type":"ImageObject","inLanguage":"en-GB","@id":"https:\/\/www.abvp.pt\/#\/schema\/logo\/image\/","url":"https:\/\/www.abvp.pt\/wp-content\/uploads\/Logo-Header-dark.svg","contentUrl":"https:\/\/www.abvp.pt\/wp-content\/uploads\/Logo-Header-dark.svg","width":325,"height":48,"caption":"ABVP"},"image":{"@id":"https:\/\/www.abvp.pt\/#\/schema\/logo\/image\/"},"sameAs":["https:\/\/www.facebook.com\/abvppt\/","https:\/\/x.com\/abvppt","https:\/\/www.instagram.com\/abvppt\/"]},{"@type":"Person","@id":"https:\/\/www.abvp.pt\/#\/schema\/person\/3224ab1e82979d8d2daa9b24c41ac06f","name":"Ruthia Portelinha","image":{"@type":"ImageObject","inLanguage":"en-GB","@id":"https:\/\/www.abvp.pt\/#\/schema\/person\/image\/","url":"https:\/\/secure.gravatar.com\/avatar\/fe88f7331e86f7718c223ca840ea6091?s=96&d=mm&r=g","contentUrl":"https:\/\/secure.gravatar.com\/avatar\/fe88f7331e86f7718c223ca840ea6091?s=96&d=mm&r=g","caption":"Ruthia Portelinha"},"description":"Viajante, m\u00e3e babada, choc\u00f3latra, amante de livros e museus. Autora do blog O Ber\u00e7o do Mundo.","sameAs":["https:\/\/www.bercodomundo.com"],"url":"https:\/\/www.abvp.pt\/en\/author\/ruthia\/"}]}},"_links":{"self":[{"href":"https:\/\/www.abvp.pt\/en\/wp-json\/wp\/v2\/posts\/3233","targetHints":{"allow":["GET"]}}],"collection":[{"href":"https:\/\/www.abvp.pt\/en\/wp-json\/wp\/v2\/posts"}],"about":[{"href":"https:\/\/www.abvp.pt\/en\/wp-json\/wp\/v2\/types\/post"}],"author":[{"embeddable":true,"href":"https:\/\/www.abvp.pt\/en\/wp-json\/wp\/v2\/users\/5"}],"replies":[{"embeddable":true,"href":"https:\/\/www.abvp.pt\/en\/wp-json\/wp\/v2\/comments?post=3233"}],"version-history":[{"count":0,"href":"https:\/\/www.abvp.pt\/en\/wp-json\/wp\/v2\/posts\/3233\/revisions"}],"wp:featuredmedia":[{"embeddable":true,"href":"https:\/\/www.abvp.pt\/en\/wp-json\/wp\/v2\/media\/3235"}],"wp:attachment":[{"href":"https:\/\/www.abvp.pt\/en\/wp-json\/wp\/v2\/media?parent=3233"}],"wp:term":[{"taxonomy":"category","embeddable":true,"href":"https:\/\/www.abvp.pt\/en\/wp-json\/wp\/v2\/categories?post=3233"},{"taxonomy":"post_tag","embeddable":true,"href":"https:\/\/www.abvp.pt\/en\/wp-json\/wp\/v2\/tags?post=3233"}],"curies":[{"name":"wp","href":"https:\/\/api.w.org\/{rel}","templated":true}]}}