{"id":3303,"date":"2023-05-08T09:02:21","date_gmt":"2023-05-08T08:02:21","guid":{"rendered":"https:\/\/www.abvp.pt\/?p=3303"},"modified":"2023-05-08T09:02:22","modified_gmt":"2023-05-08T08:02:22","slug":"roteiros-de-3-dias-na-regiao-de-coimbra","status":"publish","type":"post","link":"https:\/\/www.abvp.pt\/en\/roteiros-de-3-dias-na-regiao-de-coimbra\/","title":{"rendered":"Blogtrips: Roteiros de 3 dias na regi\u00e3o de Coimbra"},"content":{"rendered":"<p>A Comunidade Intermunicipal da Regi\u00e3o de Coimbra lan\u00e7ou um desafio: partirmos \u00e0 descoberta da regi\u00e3o e do que ela tem de melhor. Para nos agu\u00e7ar a curiosidade, criou <a href=\"https:\/\/visitregiaodecoimbra.pt\/roteiros-de-3-dias\/\">nove roteiros diferenciados<\/a>, todos com Coimbra como ponto de partida para explorar os v\u00e1rios cen\u00e1rios paisag\u00edsticos e culturais que a regi\u00e3o oferece. E convidou nove <em>bloggers<\/em> associados da ABVP para escolherem cada um o seu roteiro e escreverem sobre a sua experi\u00eancia.<\/p>\n\n\n\n<div style=\"height:40px\" aria-hidden=\"true\" class=\"wp-block-spacer\"><\/div>\n\n\n\n<h4 class=\"has-text-align-center wp-block-heading\"><strong><u>A G\u00e2ndara &#8211; na senda das dunas de areia<\/u><\/strong><\/h4>\n\n\n\n<p class=\"has-text-align-center\"><a href=\"https:\/\/marleneonthemove.com\/\"><em>MARLENE ON THE MOVE<\/em><\/a><\/p>\n\n\n\n<figure class=\"wp-block-image aligncenter size-full\"><img fetchpriority=\"high\" decoding=\"async\" width=\"799\" height=\"517\" src=\"https:\/\/www.abvp.pt\/wp-content\/uploads\/Gandara-Marlene.jpg\" alt=\"Marlene on the move\" class=\"wp-image-3322\" srcset=\"https:\/\/www.abvp.pt\/wp-content\/uploads\/Gandara-Marlene.jpg 799w, https:\/\/www.abvp.pt\/wp-content\/uploads\/Gandara-Marlene-600x388.jpg 600w, https:\/\/www.abvp.pt\/wp-content\/uploads\/Gandara-Marlene-150x97.jpg 150w, https:\/\/www.abvp.pt\/wp-content\/uploads\/Gandara-Marlene-768x497.jpg 768w\" sizes=\"(max-width: 799px) 100vw, 799px\" \/><\/figure>\n\n\n\n<p>A Marlene andou por terras da G\u00e2ndara \u2013 An\u00e7\u00e3, Cantanhede e as Praias da Tocha e de Mira \u2013 uma parte do pa\u00eds que ainda n\u00e3o conhecia. Sobre o que viu, escreveu o post \u201c<a href=\"https:\/\/marleneonthemove.com\/roteiro-de-3-dias-gandara-regiao-de-coimbra\/\">Terras da G\u00e2ndara \u2013 Roteiro de 3 dias de Coimbra ao litoral<\/a>\u201d, onde diz, em jeito de resumo:<\/p>\n\n\n\n<p><em>Coimbra \u00e9 um lugar incontorn\u00e1vel, mas as restantes vilas que tive o prazer de visitar n\u00e3o passavam de pontos no meu mapa.<\/em><\/p>\n\n\n\n<p><em>A verdade \u00e9 que esta \u00e9 uma regi\u00e3o muito interessante. Para quem l\u00e1 vive, a vida decorre como habitualmente, mas para quem est\u00e1 de visita, existem v\u00e1rios encantos que testemunham os seus antepassados, as dificuldades que passaram, mas tamb\u00e9m a evolu\u00e7\u00e3o que tiveram.<\/em><\/p>\n\n\n\n<div style=\"height:40px\" aria-hidden=\"true\" class=\"wp-block-spacer\"><\/div>\n\n\n\n<h4 class=\"has-text-align-center wp-block-heading\"><strong><u>A Natureza dos Sentidos<\/u><\/strong><\/h4>\n\n\n\n<p class=\"has-text-align-center\"><a href=\"https:\/\/gatovadio.pt\/\"><em>GATO VADIO<\/em><\/a><\/p>\n\n\n\n<figure class=\"wp-block-image aligncenter size-full\"><img decoding=\"async\" width=\"573\" height=\"512\" src=\"https:\/\/www.abvp.pt\/wp-content\/uploads\/Piodao-Gato-Vadio.jpg\" alt=\"Gato Vadio\" class=\"wp-image-3326\" srcset=\"https:\/\/www.abvp.pt\/wp-content\/uploads\/Piodao-Gato-Vadio.jpg 573w, https:\/\/www.abvp.pt\/wp-content\/uploads\/Piodao-Gato-Vadio-150x134.jpg 150w\" sizes=\"(max-width: 573px) 100vw, 573px\" \/><\/figure>\n\n\n\n<p>A Ana e o Ricardo pegaram na sua <em>van<\/em> (a que deram o nome de Gata Vadia, pois claro!) e foram at\u00e9 uma das regi\u00f5es mais encantadoras e menos publicitadas do nosso pa\u00eds: Pampilhosa da Serra. Como b\u00f3nus, o roteiro levou-os tamb\u00e9m a Benfeita e \u00e0 bel\u00edssima Fraga da Pena, e \u00e0s j\u00e1 famosas aldeias de Foz d\u2019\u00c9gua e Pi\u00f3d\u00e3o. E a conclus\u00e3o que tiraram da sua \u201c<a href=\"https:\/\/gatovadio.pt\/2022\/11\/27\/roadtrip-de-coimbra-a-arganil-e-pampilhosa-da-serra\/\">Roadtrip de Coimbra a Arganil e Pampilhosa da Serra<\/a>\u201d foi esta:<\/p>\n\n\n\n<p><em>Foi a nossa primeira visita a Pampilhosa da Serra mas j\u00e1 sab\u00edamos que ir\u00edamos ter que voltar mesmo antes de l\u00e1 chegarmos. E porqu\u00ea? Porque entre estas montanhas n\u00e3o faltam s\u00edtios bonitos. S\u00e3o aldeias do xisto, s\u00e3o miradouros, s\u00e3o as curvas do Z\u00eazere\u2026 realmente \u00e9 a Natureza dos sentidos.<\/em><\/p>\n\n\n\n<div style=\"height:40px\" aria-hidden=\"true\" class=\"wp-block-spacer\"><\/div>\n\n\n\n<h4 class=\"has-text-align-center wp-block-heading\"><strong><u>Da sobriedade do xisto \u00e0 frescura do rio<\/u><\/strong><\/h4>\n\n\n\n<p class=\"has-text-align-center\"><a href=\"https:\/\/viajarporquesim.blogs.sapo.pt\/\"><em>VIAJAR PORQUE SIM<\/em><\/a><\/p>\n\n\n\n<figure class=\"wp-block-image aligncenter size-full\"><img decoding=\"async\" width=\"1600\" height=\"1200\" src=\"https:\/\/www.abvp.pt\/wp-content\/uploads\/Cabreira-Ponte-Velha-Viajar.jpg\" alt=\"Viajar Porque Sim\" class=\"wp-image-3320\" srcset=\"https:\/\/www.abvp.pt\/wp-content\/uploads\/Cabreira-Ponte-Velha-Viajar.jpg 1600w, https:\/\/www.abvp.pt\/wp-content\/uploads\/Cabreira-Ponte-Velha-Viajar-600x450.jpg 600w, https:\/\/www.abvp.pt\/wp-content\/uploads\/Cabreira-Ponte-Velha-Viajar-300x225.jpg 300w, https:\/\/www.abvp.pt\/wp-content\/uploads\/Cabreira-Ponte-Velha-Viajar-800x600.jpg 800w, https:\/\/www.abvp.pt\/wp-content\/uploads\/Cabreira-Ponte-Velha-Viajar-150x113.jpg 150w, https:\/\/www.abvp.pt\/wp-content\/uploads\/Cabreira-Ponte-Velha-Viajar-768x576.jpg 768w, https:\/\/www.abvp.pt\/wp-content\/uploads\/Cabreira-Ponte-Velha-Viajar-1536x1152.jpg 1536w\" sizes=\"(max-width: 1600px) 100vw, 1600px\" \/><\/figure>\n\n\n\n<p>O roteiro que fiz na regi\u00e3o foi t\u00e3o intenso que acabei por escrever n\u00e3o um, mas sim tr\u00eas <em>posts<\/em> sobre ele. O primeiro, \u201c<a href=\"https:\/\/viajarporquesim.blogs.sapo.pt\/coimbra-lousa-gois-cidade-serra-e-agua-107386\">A cidade e o rio<\/a>\u201d, dediquei-o s\u00f3 a uma parte de Coimbra. O segundo dia foi passado na Lous\u00e3, sob o tema \u201c<a href=\"https:\/\/viajarporquesim.blogs.sapo.pt\/coimbra-lousa-gois-cidade-serra-e-agua-106830\">A serra e o xisto<\/a>\u201d, e o terceiro levou-me a G\u00f3is, \u00e0s aldeias que lhe ficam pr\u00f3ximas, e \u00e0s margens de um dos meus rios preferidos \u2013 e sobre ele escrevi o <em>post<\/em> \u201c<a href=\"https:\/\/viajarporquesim.blogs.sapo.pt\/coimbra-lousa-gois-cidade-serra-e-agua-107386\">O Ceira e as praias<\/a>\u201d.<\/p>\n\n\n\n<p><em>De Coimbra a G\u00f3is, passando pela Lous\u00e3, h\u00e1 uma infinidade de boas raz\u00f5es para regressar uma e outra vez, seja em escapadinha ou para uma estadia mais demorada, e em cada uma dessas vezes descobrir algo que nos vai surpreender \u2013 e deixar ainda com mais vontade de voltar.<\/em><\/p>\n\n\n\n<div style=\"height:40px\" aria-hidden=\"true\" class=\"wp-block-spacer\"><\/div>\n\n\n\n<h4 class=\"has-text-align-center wp-block-heading\"><strong><u>Dos campos de arrozais ao ouro branco das salinas<\/u><\/strong><\/h4>\n\n\n\n<p class=\"has-text-align-center\"><a href=\"https:\/\/www.continuandoaprocura.com\/\"><em>CONTINUANDO \u00c0 PROCURA<\/em><\/a><\/p>\n\n\n\n<figure class=\"wp-block-image aligncenter size-full\"><img loading=\"lazy\" decoding=\"async\" width=\"1135\" height=\"757\" src=\"https:\/\/www.abvp.pt\/wp-content\/uploads\/Salinas-Continuando.jpg\" alt=\"Continuando \u00e0 procura\" class=\"wp-image-3327\" srcset=\"https:\/\/www.abvp.pt\/wp-content\/uploads\/Salinas-Continuando.jpg 1135w, https:\/\/www.abvp.pt\/wp-content\/uploads\/Salinas-Continuando-600x400.jpg 600w, https:\/\/www.abvp.pt\/wp-content\/uploads\/Salinas-Continuando-800x534.jpg 800w, https:\/\/www.abvp.pt\/wp-content\/uploads\/Salinas-Continuando-150x100.jpg 150w, https:\/\/www.abvp.pt\/wp-content\/uploads\/Salinas-Continuando-768x512.jpg 768w\" sizes=\"(max-width: 1135px) 100vw, 1135px\" \/><\/figure>\n\n\n\n<p>Eles s\u00e3o quatro: a Carla, o Leonel, a Sofia e a Francisca. Uns escrevem, outras desenham, e juntos andaram a conhecer a cultura coimbr\u00e3, o castelo medieval de Montemor-o-Velho e as plan\u00edcies f\u00e9rteis que rodeiam o Mondego, as areias e o mar da Figueira da Foz, e a gastronomia de toda esta regi\u00e3o. Vieram rendidos:<\/p>\n\n\n\n<p><em>Foram 3 dias de paisagens naturais, cultura, arquitetura, Hist\u00f3ria e patrim\u00f3nio, num roteiro que partiu \u201c<\/em><a href=\"https:\/\/www.continuandoaprocura.com\/dos-campos-dos-arrozais-ao-ouro-branco-das-salinas\/\"><em>Dos campos dos arrozais ao ouro branco das salinas<\/em><\/a><em>\u201d, terra de gente hospitaleira, de boa gastronomia e boa do\u00e7aria, confecionada pelas m\u00e3os de quem sabe.<\/em><\/p>\n\n\n\n<p><em>Motivos n\u00e3o faltam para visitar Coimbra, Montemor-o-Velho e Figueira da foz, numa viagem temperada com flor de sal!<\/em><\/p>\n\n\n\n<div style=\"height:40px\" aria-hidden=\"true\" class=\"wp-block-spacer\"><\/div>\n\n\n\n<h4 class=\"has-text-align-center wp-block-heading\"><strong><u>Heran\u00e7as antigas e Doces paix\u00f5es<\/u><\/strong><\/h4>\n\n\n\n<p class=\"has-text-align-center\"><a href=\"https:\/\/likedplaces.com\/\"><em>LIKEDPLACES<\/em><\/a><\/p>\n\n\n\n<figure class=\"wp-block-image aligncenter size-full\"><img loading=\"lazy\" decoding=\"async\" width=\"1024\" height=\"576\" src=\"https:\/\/www.abvp.pt\/wp-content\/uploads\/LikedPlaces-Aldeia-de-Gondramaz.jpg\" alt=\"LikedPlaces\" class=\"wp-image-3323\" srcset=\"https:\/\/www.abvp.pt\/wp-content\/uploads\/LikedPlaces-Aldeia-de-Gondramaz.jpg 1024w, https:\/\/www.abvp.pt\/wp-content\/uploads\/LikedPlaces-Aldeia-de-Gondramaz-600x338.jpg 600w, https:\/\/www.abvp.pt\/wp-content\/uploads\/LikedPlaces-Aldeia-de-Gondramaz-800x450.jpg 800w, https:\/\/www.abvp.pt\/wp-content\/uploads\/LikedPlaces-Aldeia-de-Gondramaz-150x84.jpg 150w, https:\/\/www.abvp.pt\/wp-content\/uploads\/LikedPlaces-Aldeia-de-Gondramaz-768x432.jpg 768w, https:\/\/www.abvp.pt\/wp-content\/uploads\/LikedPlaces-Aldeia-de-Gondramaz-960x540.jpg 960w\" sizes=\"(max-width: 1024px) 100vw, 1024px\" \/><\/figure>\n\n\n\n<p>No seu \u201c<a href=\"https:\/\/likedplaces.com\/destinos-portugal\/regiao-coimbra-roteiro\/\">Roteiro de 3 dias na Regi\u00e3o de Coimbra<\/a>\u201d, a Mit\u00f3 e o V\u00edtor partiram \u00e0 descoberta de Penela e Miranda do Corvo \u2013 outra regi\u00e3o portuguesa turisticamente pouco divulgada. Entre as in\u00fameras atrac\u00e7\u00f5es de Coimbra, o Parque Biol\u00f3gico da Serra da Lous\u00e3, a Villa Romana do Raba\u00e7al, miradouros, aldeias do xisto e pontos hist\u00f3ricos, n\u00e3o faltam motivos de interesse para conhecer este pedacinho de Portugal.<\/p>\n\n\n\n<p><em>Antes de mais nada, ao fazer este roteiro sentimos inegavelmente a preocupa\u00e7\u00e3o de cuidar e preservar o legado \u2013 ou como o nome do roteiro indica \u2013 as \u201cheran\u00e7as antigas\u201d, ora culturais, ora hist\u00f3ricas, destas pessoas que visit\u00e1mos, bem como o orgulho nas suas ra\u00edzes. E sim, abus\u00e1mos da gastronomia local, tendo como ponto alto as \u201cdoces paix\u00f5es\u201d da do\u00e7aria conventual, regional desta zona do Pa\u00eds.<\/em><\/p>\n\n\n\n<div style=\"height:40px\" aria-hidden=\"true\" class=\"wp-block-spacer\"><\/div>\n\n\n\n<h4 class=\"has-text-align-center wp-block-heading\"><strong><u>Mem\u00f3ria viva, hist\u00f3rias de hoje<\/u><\/strong><\/h4>\n\n\n\n<p class=\"has-text-align-center\"><a href=\"https:\/\/wandering-life.com\/\"><em>WANDERING LIFE<\/em><\/a><\/p>\n\n\n\n<figure class=\"wp-block-image aligncenter size-full\"><img loading=\"lazy\" decoding=\"async\" width=\"960\" height=\"648\" src=\"https:\/\/www.abvp.pt\/wp-content\/uploads\/santa-clara-Wandeling-Life.jpg\" alt=\"Wandering Life\" class=\"wp-image-3328\" srcset=\"https:\/\/www.abvp.pt\/wp-content\/uploads\/santa-clara-Wandeling-Life.jpg 960w, https:\/\/www.abvp.pt\/wp-content\/uploads\/santa-clara-Wandeling-Life-600x405.jpg 600w, https:\/\/www.abvp.pt\/wp-content\/uploads\/santa-clara-Wandeling-Life-800x540.jpg 800w, https:\/\/www.abvp.pt\/wp-content\/uploads\/santa-clara-Wandeling-Life-150x101.jpg 150w, https:\/\/www.abvp.pt\/wp-content\/uploads\/santa-clara-Wandeling-Life-768x518.jpg 768w\" sizes=\"(max-width: 960px) 100vw, 960px\" \/><\/figure>\n\n\n\n<p>A Catarina fez de Coimbra a base para explorar um roteiro que prop\u00f5e conhecer tamb\u00e9m Condeixa-a-Nova e Soure. No seu <em>post<\/em> <a href=\"https:\/\/wandering-life.com\/3-dias-perfeitos-belissima-regiao-coimbra\/\">Coimbra: 3 dias na regi\u00e3o<\/a> fala-nos em detalhe de tudo o que viu e visitou \u2013 e onde se incluem, obviamente, as ru\u00ednas romanas de Conimbriga, mas tamb\u00e9m grandes zonas verdes e muito patrim\u00f3nio arquitect\u00f3nico.<\/p>\n\n\n\n<p><em>Honestamente, gostei muito de revisitar s\u00edtios onde n\u00e3o ia h\u00e1 anos e de visitar alguns outros como o Museu Portugal Romano em Sic\u00f3 PO.RO.S e o Centro Interpretativo do espa\u00e7o muralhado de Soure que ainda n\u00e3o conhecia.<\/em><\/p>\n\n\n\n<div style=\"height:40px\" aria-hidden=\"true\" class=\"wp-block-spacer\"><\/div>\n\n\n\n<h4 class=\"has-text-align-center wp-block-heading\"><strong><u>O Apelo da Serra<\/u><\/strong><\/h4>\n\n\n\n<p class=\"has-text-align-center\"><a href=\"https:\/\/www.thewisetravellers.com\/pt\/\"><em>THE WISE TRAVELLERS<\/em><\/a><\/p>\n\n\n\n<figure class=\"wp-block-image aligncenter size-full\"><img loading=\"lazy\" decoding=\"async\" width=\"1152\" height=\"768\" src=\"https:\/\/www.abvp.pt\/wp-content\/uploads\/Midoes-Wise-Travellers.jpg\" alt=\"The Wise Travellers\" class=\"wp-image-3324\" srcset=\"https:\/\/www.abvp.pt\/wp-content\/uploads\/Midoes-Wise-Travellers.jpg 1152w, https:\/\/www.abvp.pt\/wp-content\/uploads\/Midoes-Wise-Travellers-600x400.jpg 600w, https:\/\/www.abvp.pt\/wp-content\/uploads\/Midoes-Wise-Travellers-800x533.jpg 800w, https:\/\/www.abvp.pt\/wp-content\/uploads\/Midoes-Wise-Travellers-150x100.jpg 150w, https:\/\/www.abvp.pt\/wp-content\/uploads\/Midoes-Wise-Travellers-768x512.jpg 768w\" sizes=\"(max-width: 1152px) 100vw, 1152px\" \/><\/figure>\n\n\n\n<p>\u00c9 um itiner\u00e1rio repleto de Hist\u00f3ria e de hist\u00f3rias, este que a Sandrina e o Tiago percorreram e sobre o qual escreveram o <em>post<\/em> <a href=\"https:\/\/www.thewisetravellers.com\/pt\/inspiring-blog\/o-apelo-da-serra-de-coimbra-a-terras-serranas\/\">O Apelo da Serra \u2013 de Coimbra a Terras Serranas<\/a>. Nos concelhos de T\u00e1bua e Oliveira do Hospital h\u00e1 um sem-fim de aldeias, vest\u00edgios arqueol\u00f3gicos, percursos pedestres, museus, igrejas e praias fluviais para visitar.<\/p>\n\n\n\n<p><em>Neste roteiro de 3 dias, focamos em explorar o que de melhor tem para oferecer uma zona que apesar de estar cada vez mais despovoada ainda tem muita vida. Aqui h\u00e1 grande variedade de paisagens, hist\u00f3rias e cultura e podemos voltar vezes sem conta porque existe sempre algo para descobrir.<\/em><\/p>\n\n\n\n<div style=\"height:40px\" aria-hidden=\"true\" class=\"wp-block-spacer\"><\/div>\n\n\n\n<h4 class=\"has-text-align-center wp-block-heading\"><strong><u>Passado e futuro banhados pela magia do Mondego<\/u><\/strong><\/h4>\n\n\n\n<p class=\"has-text-align-center\"><a href=\"https:\/\/saberviajar.pt\/\"><em>SABER VIAJAR<\/em><\/a><\/p>\n\n\n\n<figure class=\"wp-block-image aligncenter size-full\"><img loading=\"lazy\" decoding=\"async\" width=\"1080\" height=\"810\" src=\"https:\/\/www.abvp.pt\/wp-content\/uploads\/miradouro-penacova-Saber-Viajar.jpg\" alt=\"Saber Viajar\" class=\"wp-image-3325\" srcset=\"https:\/\/www.abvp.pt\/wp-content\/uploads\/miradouro-penacova-Saber-Viajar.jpg 1080w, https:\/\/www.abvp.pt\/wp-content\/uploads\/miradouro-penacova-Saber-Viajar-600x450.jpg 600w, https:\/\/www.abvp.pt\/wp-content\/uploads\/miradouro-penacova-Saber-Viajar-300x225.jpg 300w, https:\/\/www.abvp.pt\/wp-content\/uploads\/miradouro-penacova-Saber-Viajar-800x600.jpg 800w, https:\/\/www.abvp.pt\/wp-content\/uploads\/miradouro-penacova-Saber-Viajar-150x113.jpg 150w, https:\/\/www.abvp.pt\/wp-content\/uploads\/miradouro-penacova-Saber-Viajar-768x576.jpg 768w\" sizes=\"(max-width: 1080px) 100vw, 1080px\" \/><\/figure>\n\n\n\n<p>Este roteiro acompanha o tra\u00e7ado do Mondego at\u00e9 Penacova e depois segue para Vila Nova de Poiares, num percurso que sobe \u00e0s alturas onde vivem moinhos de vento e desce ao rio para ver forma\u00e7\u00f5es rochosas, pontes e praias fluviais, alterna mosteiros e igrejas com parques, passadi\u00e7os e piscinas. \u00c9 mais um itiner\u00e1rio excepcional, bem detalhado no <em>post<\/em> <a href=\"https:\/\/saberviajar.pt\/regiao-de-coimbra-roteiro-3-dias\/\">Regi\u00e3o de Coimbra: o que visitar em 3 dias<\/a>, e que encheu as medidas \u00e0 Catarina:<\/p>\n\n\n\n<p><em>Pessoalmente, gosto muito da regi\u00e3o de Coimbra, porque me permite aceder a outra vers\u00e3o de Portugal. \u00c0s serras, atividades radicais, gastronomia de chorar, aldeias hist\u00f3ricas, praias fluviais. E depois tamb\u00e9m, porque adoro fazer todo o terreno de jipe. E portanto, junta-se o \u00fatil ao agrad\u00e1vel. Nada como a serra e lugares incr\u00edveis para nos dar motivos para passear.<\/em><\/p>\n\n\n\n<div style=\"height:40px\" aria-hidden=\"true\" class=\"wp-block-spacer\"><\/div>\n\n\n\n<h4 class=\"has-text-align-center wp-block-heading\"><strong><u>Terras f\u00e9rteis de ilustres guerras<\/u><\/strong><\/h4>\n\n\n\n<p class=\"has-text-align-center\"><em><a href=\"https:\/\/4overlanders.com\/\">4OVERLANDERS<\/a><\/em><\/p>\n\n\n\n<figure class=\"wp-block-image aligncenter size-full is-resized\"><img loading=\"lazy\" decoding=\"async\" src=\"https:\/\/www.abvp.pt\/wp-content\/uploads\/Coimbra-4overlanders.jpg\" alt=\"4Overlanders\" class=\"wp-image-3321\" width=\"710\" height=\"474\" srcset=\"https:\/\/www.abvp.pt\/wp-content\/uploads\/Coimbra-4overlanders.jpg 639w, https:\/\/www.abvp.pt\/wp-content\/uploads\/Coimbra-4overlanders-600x401.jpg 600w, https:\/\/www.abvp.pt\/wp-content\/uploads\/Coimbra-4overlanders-150x100.jpg 150w\" sizes=\"(max-width: 710px) 100vw, 710px\" \/><\/figure>\n\n\n\n<p>A Ana, o M\u00e1rio e os dois filhos pequenos s\u00e3o adeptos do contacto com a natureza, e no itiner\u00e1rio que os levou de Coimbra at\u00e9 \u00e0 Mealhada e a Mort\u00e1gua tiveram a sorte de passar por lugares privilegiados como o Jardim Bot\u00e2nico de Coimbra, a Mata do Bussaco e a albufeira da Aguieira. Mas a parte cultural tamb\u00e9m n\u00e3o foi descuidada, e entre a visita \u00e0 cidade dos estudantes, \u00e0 vila termal do Luso e ao N\u00facleo Museol\u00f3gico da Irm\u00e2nia-Ra\u00edzes e Mem\u00f3rias, situado na Marmeleira, houve muitas oportunidades para todos ficarem a conhecer mais um pouco da hist\u00f3ria e tradi\u00e7\u00f5es do nosso pa\u00eds. O seu <a href=\"https:\/\/4overlanders.com\/roteiro-de-3-dias-pela-regiao-de-coimbra\/\">Roteiro de 3 dias pela Regi\u00e3o de Coimbra<\/a><\/p>\n\n\n\n<p><em>Foi um passeio em fam\u00edlia super produtivo, no que respeita a entretenimento, aprendizagens, contato com a natureza e tempo de qualidade em fam\u00edlia.<\/em><\/p>\n\n\n\n<div style=\"height:40px\" aria-hidden=\"true\" class=\"wp-block-spacer\"><\/div>\n\n\n\n<p><\/p>","protected":false},"excerpt":{"rendered":"<p>A Comunidade Intermunicipal da Regi\u00e3o de Coimbra lan\u00e7ou um desafio: partirmos \u00e0 descoberta da regi\u00e3o e do que ela tem de melhor. Para nos agu\u00e7ar a curiosidade, criou nove roteiros [&hellip;]<\/p>\n","protected":false},"author":16,"featured_media":3332,"comment_status":"open","ping_status":"closed","sticky":false,"template":"","format":"standard","meta":{"_price":"","_stock":"","_tribe_ticket_header":"","_tribe_default_ticket_provider":"","_tribe_ticket_capacity":"0","_ticket_start_date":"","_ticket_end_date":"","_tribe_ticket_show_description":"","_tribe_ticket_show_not_going":false,"_tribe_ticket_use_global_stock":"","_tribe_ticket_global_stock_level":"","_global_stock_mode":"","_global_stock_cap":"","_tribe_rsvp_for_event":"","_tribe_ticket_going_count":"","_tribe_ticket_not_going_count":"","_tribe_tickets_list":"[]","_tribe_ticket_has_attendee_info_fields":false,"_EventAllDay":false,"_EventTimezone":"","_EventStartDate":"","_EventEndDate":"","_EventStartDateUTC":"","_EventEndDateUTC":"","_EventShowMap":false,"_EventShowMapLink":false,"_EventURL":"","_EventCost":"","_EventCostDescription":"","_EventCurrencySymbol":"","_EventCurrencyCode":"","_EventCurrencyPosition":"","_EventDateTimeSeparator":"","_EventTimeRangeSeparator":"","_EventOrganizerID":[],"_EventVenueID":[],"_OrganizerEmail":"","_OrganizerPhone":"","_OrganizerWebsite":"","_VenueAddress":"","_VenueCity":"","_VenueCountry":"","_VenueProvince":"","_VenueState":"","_VenueZip":"","_VenuePhone":"","_VenueURL":"","_VenueStateProvince":"","_VenueLat":"","_VenueLng":"","_VenueShowMap":false,"_VenueShowMapLink":false,"footnotes":""},"categories":[1],"tags":[5,52,51],"class_list":["post-3303","post","type-post","status-publish","format-standard","has-post-thumbnail","hentry","category-conteudo","tag-blog-trip","tag-coimbra","tag-roteiro"],"blocksy_meta":[],"yoast_head":"<!-- This site is optimized with the Yoast SEO plugin v26.4 - https:\/\/yoast.com\/wordpress\/plugins\/seo\/ -->\n<title>Blogtrips: Roteiros de 3 dias na regi\u00e3o de Coimbra - ABVP<\/title>\n<meta name=\"description\" content=\"Roteiros de 3 dias para visitar e conhecer Coimbra e toda a sua regi\u00e3o - 9 roteiros, cada um deles com um tema espec\u00edfico.\" \/>\n<meta name=\"robots\" content=\"index, follow, max-snippet:-1, max-image-preview:large, max-video-preview:-1\" \/>\n<link rel=\"canonical\" href=\"https:\/\/www.abvp.pt\/en\/roteiros-de-3-dias-na-regiao-de-coimbra\/\" \/>\n<meta property=\"og:locale\" content=\"en_GB\" \/>\n<meta property=\"og:type\" content=\"article\" \/>\n<meta property=\"og:title\" content=\"Blogtrips: Roteiros de 3 dias na regi\u00e3o de Coimbra - ABVP\" \/>\n<meta property=\"og:description\" content=\"Roteiros de 3 dias para visitar e conhecer Coimbra e toda a sua regi\u00e3o - 9 roteiros, cada um deles com um tema espec\u00edfico.\" \/>\n<meta property=\"og:url\" content=\"https:\/\/www.abvp.pt\/en\/roteiros-de-3-dias-na-regiao-de-coimbra\/\" \/>\n<meta property=\"og:site_name\" content=\"ABVP\" \/>\n<meta property=\"article:publisher\" content=\"https:\/\/www.facebook.com\/abvppt\/\" \/>\n<meta property=\"article:author\" content=\"https:\/\/www.facebook.com\/viajarporquesim\" \/>\n<meta property=\"article:published_time\" content=\"2023-05-08T08:02:21+00:00\" \/>\n<meta property=\"article:modified_time\" content=\"2023-05-08T08:02:22+00:00\" \/>\n<meta property=\"og:image\" content=\"https:\/\/www.abvp.pt\/wp-content\/uploads\/P1180537-scaled.jpg\" \/>\n\t<meta property=\"og:image:width\" content=\"2560\" \/>\n\t<meta property=\"og:image:height\" content=\"1920\" \/>\n\t<meta property=\"og:image:type\" content=\"image\/jpeg\" \/>\n<meta name=\"author\" content=\"Ana C. Borges\" \/>\n<meta name=\"twitter:card\" content=\"summary_large_image\" \/>\n<meta name=\"twitter:creator\" content=\"@abvppt\" \/>\n<meta name=\"twitter:site\" content=\"@abvppt\" \/>\n<meta name=\"twitter:label1\" content=\"Written by\" \/>\n\t<meta name=\"twitter:data1\" content=\"Ana C. Borges\" \/>\n\t<meta name=\"twitter:label2\" content=\"Estimated reading time\" \/>\n\t<meta name=\"twitter:data2\" content=\"9 minutes\" \/>\n<script type=\"application\/ld+json\" class=\"yoast-schema-graph\">{\"@context\":\"https:\/\/schema.org\",\"@graph\":[{\"@type\":\"Article\",\"@id\":\"https:\/\/www.abvp.pt\/roteiros-de-3-dias-na-regiao-de-coimbra\/#article\",\"isPartOf\":{\"@id\":\"https:\/\/www.abvp.pt\/roteiros-de-3-dias-na-regiao-de-coimbra\/\"},\"author\":{\"name\":\"Ana C. Borges\",\"@id\":\"https:\/\/www.abvp.pt\/#\/schema\/person\/c01001ca9ca03c994808b13624fdbd5c\"},\"headline\":\"Blogtrips: Roteiros de 3 dias na regi\u00e3o de Coimbra\",\"datePublished\":\"2023-05-08T08:02:21+00:00\",\"dateModified\":\"2023-05-08T08:02:22+00:00\",\"mainEntityOfPage\":{\"@id\":\"https:\/\/www.abvp.pt\/roteiros-de-3-dias-na-regiao-de-coimbra\/\"},\"wordCount\":1342,\"commentCount\":0,\"publisher\":{\"@id\":\"https:\/\/www.abvp.pt\/#organization\"},\"image\":{\"@id\":\"https:\/\/www.abvp.pt\/roteiros-de-3-dias-na-regiao-de-coimbra\/#primaryimage\"},\"thumbnailUrl\":\"https:\/\/www.abvp.pt\/wp-content\/uploads\/P1180537-scaled.jpg\",\"keywords\":[\"blog trip\",\"coimbra\",\"roteiro\"],\"articleSection\":[\"Conte\u00fado\"],\"inLanguage\":\"en-GB\",\"potentialAction\":[{\"@type\":\"CommentAction\",\"name\":\"Comment\",\"target\":[\"https:\/\/www.abvp.pt\/roteiros-de-3-dias-na-regiao-de-coimbra\/#respond\"]}]},{\"@type\":\"WebPage\",\"@id\":\"https:\/\/www.abvp.pt\/roteiros-de-3-dias-na-regiao-de-coimbra\/\",\"url\":\"https:\/\/www.abvp.pt\/roteiros-de-3-dias-na-regiao-de-coimbra\/\",\"name\":\"Blogtrips: Roteiros de 3 dias na regi\u00e3o de Coimbra - ABVP\",\"isPartOf\":{\"@id\":\"https:\/\/www.abvp.pt\/#website\"},\"primaryImageOfPage\":{\"@id\":\"https:\/\/www.abvp.pt\/roteiros-de-3-dias-na-regiao-de-coimbra\/#primaryimage\"},\"image\":{\"@id\":\"https:\/\/www.abvp.pt\/roteiros-de-3-dias-na-regiao-de-coimbra\/#primaryimage\"},\"thumbnailUrl\":\"https:\/\/www.abvp.pt\/wp-content\/uploads\/P1180537-scaled.jpg\",\"datePublished\":\"2023-05-08T08:02:21+00:00\",\"dateModified\":\"2023-05-08T08:02:22+00:00\",\"description\":\"Roteiros de 3 dias para visitar e conhecer Coimbra e toda a sua regi\u00e3o - 9 roteiros, cada um deles com um tema espec\u00edfico.\",\"breadcrumb\":{\"@id\":\"https:\/\/www.abvp.pt\/roteiros-de-3-dias-na-regiao-de-coimbra\/#breadcrumb\"},\"inLanguage\":\"en-GB\",\"potentialAction\":[{\"@type\":\"ReadAction\",\"target\":[\"https:\/\/www.abvp.pt\/roteiros-de-3-dias-na-regiao-de-coimbra\/\"]}]},{\"@type\":\"ImageObject\",\"inLanguage\":\"en-GB\",\"@id\":\"https:\/\/www.abvp.pt\/roteiros-de-3-dias-na-regiao-de-coimbra\/#primaryimage\",\"url\":\"https:\/\/www.abvp.pt\/wp-content\/uploads\/P1180537-scaled.jpg\",\"contentUrl\":\"https:\/\/www.abvp.pt\/wp-content\/uploads\/P1180537-scaled.jpg\",\"width\":2560,\"height\":1920,\"caption\":\"Roteiro Coimbra-Lous\u00e3 Viajar Porque Sim\"},{\"@type\":\"BreadcrumbList\",\"@id\":\"https:\/\/www.abvp.pt\/roteiros-de-3-dias-na-regiao-de-coimbra\/#breadcrumb\",\"itemListElement\":[{\"@type\":\"ListItem\",\"position\":1,\"name\":\"In\u00edcio\",\"item\":\"https:\/\/www.abvp.pt\/\"},{\"@type\":\"ListItem\",\"position\":2,\"name\":\"Blogtrips: Roteiros de 3 dias na regi\u00e3o de Coimbra\"}]},{\"@type\":\"WebSite\",\"@id\":\"https:\/\/www.abvp.pt\/#website\",\"url\":\"https:\/\/www.abvp.pt\/\",\"name\":\"ABVP\",\"description\":\"Associa\u00e7\u00e3o de Bloggers de Viagem Portugueses\",\"publisher\":{\"@id\":\"https:\/\/www.abvp.pt\/#organization\"},\"potentialAction\":[{\"@type\":\"SearchAction\",\"target\":{\"@type\":\"EntryPoint\",\"urlTemplate\":\"https:\/\/www.abvp.pt\/?s={search_term_string}\"},\"query-input\":{\"@type\":\"PropertyValueSpecification\",\"valueRequired\":true,\"valueName\":\"search_term_string\"}}],\"inLanguage\":\"en-GB\"},{\"@type\":\"Organization\",\"@id\":\"https:\/\/www.abvp.pt\/#organization\",\"name\":\"ABVP\",\"url\":\"https:\/\/www.abvp.pt\/\",\"logo\":{\"@type\":\"ImageObject\",\"inLanguage\":\"en-GB\",\"@id\":\"https:\/\/www.abvp.pt\/#\/schema\/logo\/image\/\",\"url\":\"https:\/\/www.abvp.pt\/wp-content\/uploads\/Logo-Header-dark.svg\",\"contentUrl\":\"https:\/\/www.abvp.pt\/wp-content\/uploads\/Logo-Header-dark.svg\",\"width\":325,\"height\":48,\"caption\":\"ABVP\"},\"image\":{\"@id\":\"https:\/\/www.abvp.pt\/#\/schema\/logo\/image\/\"},\"sameAs\":[\"https:\/\/www.facebook.com\/abvppt\/\",\"https:\/\/x.com\/abvppt\",\"https:\/\/www.instagram.com\/abvppt\/\"]},{\"@type\":\"Person\",\"@id\":\"https:\/\/www.abvp.pt\/#\/schema\/person\/c01001ca9ca03c994808b13624fdbd5c\",\"name\":\"Ana C. Borges\",\"image\":{\"@type\":\"ImageObject\",\"inLanguage\":\"en-GB\",\"@id\":\"https:\/\/www.abvp.pt\/#\/schema\/person\/image\/\",\"url\":\"https:\/\/secure.gravatar.com\/avatar\/7a725f4592614d4ad6702531f09627ac?s=96&d=mm&r=g\",\"contentUrl\":\"https:\/\/secure.gravatar.com\/avatar\/7a725f4592614d4ad6702531f09627ac?s=96&d=mm&r=g\",\"caption\":\"Ana C. Borges\"},\"description\":\"Gosta de passeios longos e conversas intermin\u00e1veis, de ver o que ainda n\u00e3o conhece e rever os lugares do cora\u00e7\u00e3o. Fotografa para mem\u00f3ria futura. Escreve porque lhe sabem bem as palavras. Viaja por paix\u00e3o \u2013 e porque o mundo \u00e9 demasiado grande para ficarmos quietos. \u00c9 autora do blogue Viajar porque sim.\",\"sameAs\":[\"https:\/\/viajarporquesim.blogs.sapo.pt\/\",\"https:\/\/www.facebook.com\/viajarporquesim\",\"https:\/\/www.instagram.com\/viajar_porque_sim\/\",\"https:\/\/www.pinterest.pt\/viajarporquesim\/\"],\"url\":\"https:\/\/www.abvp.pt\/en\/author\/acborges\/\"}]}<\/script>\n<!-- \/ Yoast SEO plugin. -->","yoast_head_json":{"title":"Blogtrips: Roteiros de 3 dias na regi\u00e3o de Coimbra - ABVP","description":"Roteiros de 3 dias para visitar e conhecer Coimbra e toda a sua regi\u00e3o - 9 roteiros, cada um deles com um tema espec\u00edfico.","robots":{"index":"index","follow":"follow","max-snippet":"max-snippet:-1","max-image-preview":"max-image-preview:large","max-video-preview":"max-video-preview:-1"},"canonical":"https:\/\/www.abvp.pt\/en\/roteiros-de-3-dias-na-regiao-de-coimbra\/","og_locale":"en_GB","og_type":"article","og_title":"Blogtrips: Roteiros de 3 dias na regi\u00e3o de Coimbra - ABVP","og_description":"Roteiros de 3 dias para visitar e conhecer Coimbra e toda a sua regi\u00e3o - 9 roteiros, cada um deles com um tema espec\u00edfico.","og_url":"https:\/\/www.abvp.pt\/en\/roteiros-de-3-dias-na-regiao-de-coimbra\/","og_site_name":"ABVP","article_publisher":"https:\/\/www.facebook.com\/abvppt\/","article_author":"https:\/\/www.facebook.com\/viajarporquesim","article_published_time":"2023-05-08T08:02:21+00:00","article_modified_time":"2023-05-08T08:02:22+00:00","og_image":[{"width":2560,"height":1920,"url":"https:\/\/www.abvp.pt\/wp-content\/uploads\/P1180537-scaled.jpg","type":"image\/jpeg"}],"author":"Ana C. Borges","twitter_card":"summary_large_image","twitter_creator":"@abvppt","twitter_site":"@abvppt","twitter_misc":{"Written by":"Ana C. Borges","Estimated reading time":"9 minutes"},"schema":{"@context":"https:\/\/schema.org","@graph":[{"@type":"Article","@id":"https:\/\/www.abvp.pt\/roteiros-de-3-dias-na-regiao-de-coimbra\/#article","isPartOf":{"@id":"https:\/\/www.abvp.pt\/roteiros-de-3-dias-na-regiao-de-coimbra\/"},"author":{"name":"Ana C. Borges","@id":"https:\/\/www.abvp.pt\/#\/schema\/person\/c01001ca9ca03c994808b13624fdbd5c"},"headline":"Blogtrips: Roteiros de 3 dias na regi\u00e3o de Coimbra","datePublished":"2023-05-08T08:02:21+00:00","dateModified":"2023-05-08T08:02:22+00:00","mainEntityOfPage":{"@id":"https:\/\/www.abvp.pt\/roteiros-de-3-dias-na-regiao-de-coimbra\/"},"wordCount":1342,"commentCount":0,"publisher":{"@id":"https:\/\/www.abvp.pt\/#organization"},"image":{"@id":"https:\/\/www.abvp.pt\/roteiros-de-3-dias-na-regiao-de-coimbra\/#primaryimage"},"thumbnailUrl":"https:\/\/www.abvp.pt\/wp-content\/uploads\/P1180537-scaled.jpg","keywords":["blog trip","coimbra","roteiro"],"articleSection":["Conte\u00fado"],"inLanguage":"en-GB","potentialAction":[{"@type":"CommentAction","name":"Comment","target":["https:\/\/www.abvp.pt\/roteiros-de-3-dias-na-regiao-de-coimbra\/#respond"]}]},{"@type":"WebPage","@id":"https:\/\/www.abvp.pt\/roteiros-de-3-dias-na-regiao-de-coimbra\/","url":"https:\/\/www.abvp.pt\/roteiros-de-3-dias-na-regiao-de-coimbra\/","name":"Blogtrips: Roteiros de 3 dias na regi\u00e3o de Coimbra - ABVP","isPartOf":{"@id":"https:\/\/www.abvp.pt\/#website"},"primaryImageOfPage":{"@id":"https:\/\/www.abvp.pt\/roteiros-de-3-dias-na-regiao-de-coimbra\/#primaryimage"},"image":{"@id":"https:\/\/www.abvp.pt\/roteiros-de-3-dias-na-regiao-de-coimbra\/#primaryimage"},"thumbnailUrl":"https:\/\/www.abvp.pt\/wp-content\/uploads\/P1180537-scaled.jpg","datePublished":"2023-05-08T08:02:21+00:00","dateModified":"2023-05-08T08:02:22+00:00","description":"Roteiros de 3 dias para visitar e conhecer Coimbra e toda a sua regi\u00e3o - 9 roteiros, cada um deles com um tema espec\u00edfico.","breadcrumb":{"@id":"https:\/\/www.abvp.pt\/roteiros-de-3-dias-na-regiao-de-coimbra\/#breadcrumb"},"inLanguage":"en-GB","potentialAction":[{"@type":"ReadAction","target":["https:\/\/www.abvp.pt\/roteiros-de-3-dias-na-regiao-de-coimbra\/"]}]},{"@type":"ImageObject","inLanguage":"en-GB","@id":"https:\/\/www.abvp.pt\/roteiros-de-3-dias-na-regiao-de-coimbra\/#primaryimage","url":"https:\/\/www.abvp.pt\/wp-content\/uploads\/P1180537-scaled.jpg","contentUrl":"https:\/\/www.abvp.pt\/wp-content\/uploads\/P1180537-scaled.jpg","width":2560,"height":1920,"caption":"Roteiro Coimbra-Lous\u00e3 Viajar Porque Sim"},{"@type":"BreadcrumbList","@id":"https:\/\/www.abvp.pt\/roteiros-de-3-dias-na-regiao-de-coimbra\/#breadcrumb","itemListElement":[{"@type":"ListItem","position":1,"name":"In\u00edcio","item":"https:\/\/www.abvp.pt\/"},{"@type":"ListItem","position":2,"name":"Blogtrips: Roteiros de 3 dias na regi\u00e3o de Coimbra"}]},{"@type":"WebSite","@id":"https:\/\/www.abvp.pt\/#website","url":"https:\/\/www.abvp.pt\/","name":"ABVP","description":"Association of Portuguese Travel Bloggers","publisher":{"@id":"https:\/\/www.abvp.pt\/#organization"},"potentialAction":[{"@type":"SearchAction","target":{"@type":"EntryPoint","urlTemplate":"https:\/\/www.abvp.pt\/?s={search_term_string}"},"query-input":{"@type":"PropertyValueSpecification","valueRequired":true,"valueName":"search_term_string"}}],"inLanguage":"en-GB"},{"@type":"Organization","@id":"https:\/\/www.abvp.pt\/#organization","name":"ABVP","url":"https:\/\/www.abvp.pt\/","logo":{"@type":"ImageObject","inLanguage":"en-GB","@id":"https:\/\/www.abvp.pt\/#\/schema\/logo\/image\/","url":"https:\/\/www.abvp.pt\/wp-content\/uploads\/Logo-Header-dark.svg","contentUrl":"https:\/\/www.abvp.pt\/wp-content\/uploads\/Logo-Header-dark.svg","width":325,"height":48,"caption":"ABVP"},"image":{"@id":"https:\/\/www.abvp.pt\/#\/schema\/logo\/image\/"},"sameAs":["https:\/\/www.facebook.com\/abvppt\/","https:\/\/x.com\/abvppt","https:\/\/www.instagram.com\/abvppt\/"]},{"@type":"Person","@id":"https:\/\/www.abvp.pt\/#\/schema\/person\/c01001ca9ca03c994808b13624fdbd5c","name":"Ana C. Borges","image":{"@type":"ImageObject","inLanguage":"en-GB","@id":"https:\/\/www.abvp.pt\/#\/schema\/person\/image\/","url":"https:\/\/secure.gravatar.com\/avatar\/7a725f4592614d4ad6702531f09627ac?s=96&d=mm&r=g","contentUrl":"https:\/\/secure.gravatar.com\/avatar\/7a725f4592614d4ad6702531f09627ac?s=96&d=mm&r=g","caption":"Ana C. Borges"},"description":"Gosta de passeios longos e conversas intermin\u00e1veis, de ver o que ainda n\u00e3o conhece e rever os lugares do cora\u00e7\u00e3o. Fotografa para mem\u00f3ria futura. Escreve porque lhe sabem bem as palavras. Viaja por paix\u00e3o \u2013 e porque o mundo \u00e9 demasiado grande para ficarmos quietos. \u00c9 autora do blogue Viajar porque sim.","sameAs":["https:\/\/viajarporquesim.blogs.sapo.pt\/","https:\/\/www.facebook.com\/viajarporquesim","https:\/\/www.instagram.com\/viajar_porque_sim\/","https:\/\/www.pinterest.pt\/viajarporquesim\/"],"url":"https:\/\/www.abvp.pt\/en\/author\/acborges\/"}]}},"_links":{"self":[{"href":"https:\/\/www.abvp.pt\/en\/wp-json\/wp\/v2\/posts\/3303","targetHints":{"allow":["GET"]}}],"collection":[{"href":"https:\/\/www.abvp.pt\/en\/wp-json\/wp\/v2\/posts"}],"about":[{"href":"https:\/\/www.abvp.pt\/en\/wp-json\/wp\/v2\/types\/post"}],"author":[{"embeddable":true,"href":"https:\/\/www.abvp.pt\/en\/wp-json\/wp\/v2\/users\/16"}],"replies":[{"embeddable":true,"href":"https:\/\/www.abvp.pt\/en\/wp-json\/wp\/v2\/comments?post=3303"}],"version-history":[{"count":0,"href":"https:\/\/www.abvp.pt\/en\/wp-json\/wp\/v2\/posts\/3303\/revisions"}],"wp:featuredmedia":[{"embeddable":true,"href":"https:\/\/www.abvp.pt\/en\/wp-json\/wp\/v2\/media\/3332"}],"wp:attachment":[{"href":"https:\/\/www.abvp.pt\/en\/wp-json\/wp\/v2\/media?parent=3303"}],"wp:term":[{"taxonomy":"category","embeddable":true,"href":"https:\/\/www.abvp.pt\/en\/wp-json\/wp\/v2\/categories?post=3303"},{"taxonomy":"post_tag","embeddable":true,"href":"https:\/\/www.abvp.pt\/en\/wp-json\/wp\/v2\/tags?post=3303"}],"curies":[{"name":"wp","href":"https:\/\/api.w.org\/{rel}","templated":true}]}}