{"id":3372,"date":"2023-06-12T13:59:23","date_gmt":"2023-06-12T12:59:23","guid":{"rendered":"https:\/\/www.abvp.pt\/?p=3372"},"modified":"2023-08-18T20:57:27","modified_gmt":"2023-08-18T19:57:27","slug":"dicas-gestao-redes-sociais-bloggers-de-viagem","status":"publish","type":"post","link":"https:\/\/www.abvp.pt\/en\/dicas-gestao-redes-sociais-bloggers-de-viagem\/","title":{"rendered":"Dicas para otimizar a gest\u00e3o das redes sociais dos bloggers de viagem"},"content":{"rendered":"<p>Hoje em dia as redes sociais s\u00e3o um complemento importante (at\u00e9 mesmo indispens\u00e1vel) para um <em>bloggers<\/em> de viagem. Todos compreendemos o poder que estas t\u00eam no nosso dia-a-dia e a relev\u00e2ncia de criarmos conte\u00fados de qualidade que envolvam o nosso p\u00fablico-alvo. No entanto, pode tornar-se dif\u00edcil gerir a nossa rotina di\u00e1ria com o empenho que as redes sociais exigem e ainda assim garantirmos que tiramos o m\u00e1ximo partido dos nossos esfor\u00e7os. Por isso, partilho convosco algumas ideias que podem ajudar a otimizar a gest\u00e3o das nossas redes sociais.<\/p>\n\n\n\n<figure class=\"wp-block-image aligncenter size-full\"><img fetchpriority=\"high\" decoding=\"async\" width=\"613\" height=\"406\" src=\"https:\/\/www.abvp.pt\/wp-content\/uploads\/Gestao-de-redes-sociais-2.jpg\" alt=\"\" class=\"wp-image-3377\" srcset=\"https:\/\/www.abvp.pt\/wp-content\/uploads\/Gestao-de-redes-sociais-2.jpg 613w, https:\/\/www.abvp.pt\/wp-content\/uploads\/Gestao-de-redes-sociais-2-600x397.jpg 600w, https:\/\/www.abvp.pt\/wp-content\/uploads\/Gestao-de-redes-sociais-2-150x99.jpg 150w\" sizes=\"(max-width: 613px) 100vw, 613px\" \/><figcaption class=\"wp-element-caption\">Gest\u00e3o de Redes Sociais<\/figcaption><\/figure>\n\n\n\n<h3 class=\"wp-block-heading\"><strong>Definir objetivos<\/strong><\/h3>\n\n\n\n<p>Uma das prioridades na gest\u00e3o das redes sociais dos <em>bloggers<\/em> de viagem dever\u00e1 ser delinear os objetivos e as estrat\u00e9gias que poder\u00e3o utilizar para os alcan\u00e7ar. Na minha opini\u00e3o, \u00e9 importante que os objetivos sejam realistas, para mantermos o foco e a motiva\u00e7\u00e3o, evitando a frustra\u00e7\u00e3o de acabarmos por n\u00e3o fazer aquilo a que nos propomos. Isto ajuda-nos a organizar tarefas, a concentrar esfor\u00e7os e a avaliar os resultados.<br><br><strong>Exemplos de objetivos:<\/strong><\/p>\n\n\n\n<ul class=\"wp-block-list\">\n<li>Aumentar a autoridade profissional;<\/li>\n\n\n\n<li>Aumentar o reconhecimento e notoriedade da nossa marca;<\/li>\n\n\n\n<li>Aumentar a intera\u00e7\u00e3o e fideliza\u00e7\u00e3o da audi\u00eancia;<\/li>\n\n\n\n<li>Aumentar o n\u00famero de leads (contactos);<\/li>\n\n\n\n<li>Apresentar e divulgar novos produtos.<\/li>\n<\/ul>\n\n\n\n<h3 class=\"wp-block-heading\"><strong>Adoptar estrat\u00e9gias de organiza\u00e7\u00e3o<\/strong><\/h3>\n\n\n\n<p>Planear tudo com anteced\u00eancia ir\u00e1 permitir-nos pensar nos conte\u00fados mais adequados para os nossos objetivos e garantir que o que publicamos \u00e9 estrat\u00e9gico, coerente e cativante. Para este planeamento podemos recorrer a um calend\u00e1rio de conte\u00fados, distribuindo por datas, temas e t\u00f3picos, e criando tamb\u00e9m um hor\u00e1rio consistente de publica\u00e7\u00f5es.<\/p>\n\n\n\n<p>Considero muito importante manter o conte\u00fado produzido organizado em ficheiros e pastas, de forma a ficar facilmente acess\u00edvel. Esta organiza\u00e7\u00e3o \u00e9 tamb\u00e9m uma mais-valia para evitarmos perder material relevante para o nosso trabalho.<\/p>\n\n\n\n<h3 class=\"wp-block-heading\"><strong>Produzir conte\u00fado relevante<\/strong><\/h3>\n\n\n\n<p>O conte\u00fado \u00e9 fundamental quando se trata de redes sociais, no entanto n\u00e3o devemos criar apenas conte\u00fado mas tamb\u00e9m desenvolv\u00ea-lo de forma criativa atrav\u00e9s de imagens ou v\u00eddeos. H\u00e1 que reservar algum tempo do nosso dia para pensar em ideias novas e criar conte\u00fados apelativos. Isto ajuda-nos a criar seguidores leais e a aumentar a nossa presen\u00e7a nas redes sociais. Contudo, n\u00e3o significa criar conte\u00fado novo todos os dias, mas sim manter uma frequ\u00eancia de publica\u00e7\u00e3o que mostra que nos importamos com as necessidades do nosso p\u00fablico.<\/p>\n\n\n\n<h3 class=\"wp-block-heading\"><strong>Agendar as publica\u00e7\u00f5es<\/strong><\/h3>\n\n\n\n<p>Utilizar ferramentas de agendamento e de gest\u00e3o das redes sociais para planear e publicar conte\u00fados com anteced\u00eancia ser\u00e1 uma mais-valia. Isto poupar\u00e1 tempo e energia para completar tarefas repetitivas, ajudar\u00e1 a garantir que o conte\u00fado \u00e9 partilhado nos momentos certos, e ser\u00e1 mais f\u00e1cil analisar o desempenho de cada rede social. Al\u00e9m disso, permite-nos ficar com mais tempo para as tarefas que t\u00eam maior import\u00e2ncia ou requerem mais reflex\u00e3o.<\/p>\n\n\n\n<h3 class=\"wp-block-heading\"><strong>Medir resultados<\/strong><\/h3>\n\n\n\n<p>\u00c9 importante analisar regularmente o nosso desempenho nas redes sociais. A an\u00e1lise das m\u00e9tricas pode ajudar-nos a compreender a efic\u00e1cia das publica\u00e7\u00f5es e campanhas, determinar quais as estrat\u00e9gias que est\u00e3o a funcionar, e identificar \u00e1reas a ajustar e\/ou melhorar, adaptando conte\u00fado \u00e0s necessidades dos nossos seguidores.<\/p>\n\n\n\n<h3 class=\"wp-block-heading\"><strong>Interagir com os seguidores<\/strong><\/h3>\n\n\n\n<p>Esta \u00e9 uma das melhores formas de criar rela\u00e7\u00f5es e aumentar o <em>engagement<\/em> das nossas contas das redes sociais. A intera\u00e7\u00e3o com o p\u00fablico atrav\u00e9s da resposta a coment\u00e1rios, mensagens e cr\u00edticas em tempo \u00fatil ajuda-nos a compreender melhor as suas necessidades e interesses, a ganhar a sua confian\u00e7a e a criar uma comunidade.<\/p>\n\n\n\n<h3 class=\"wp-block-heading\"><strong>Reutilizar conte\u00fados<\/strong><\/h3>\n\n\n\n<p>Adaptar o conte\u00fado dos nossos <em>posts<\/em> ou publica\u00e7\u00f5es para diferentes plataformas e p\u00fablicos vai contribuir para maximizar o nosso esfor\u00e7o e para tirar maior partido do material que criamos. Pela mesma raz\u00e3o, republicar publica\u00e7\u00f5es bem-sucedidas anteriormente ir\u00e1 potenciar o nosso alcance e o <em>engagement<\/em>.<\/p>\n\n\n\n<h3 class=\"wp-block-heading\"><strong>Colabora\u00e7\u00f5es e <\/strong><strong><em>networking<\/em><\/strong><\/h3>\n\n\n\n<p>Colaborar com outros <em>bloggers<\/em> de viagem \u00e9 uma das melhores formas de conhecer outros pontos de vista e desenvolver ideias, e tamb\u00e9m de partilhar conte\u00fados que v\u00e3o dar impulso \u00e0s nossas pr\u00f3prias publica\u00e7\u00f5es. Al\u00e9m disso, a partilha de material de diferentes origens vai dar aos nossos seguidores diferentes perspetivas e ajudar\u00e1 a envolv\u00ea-los.<\/p>\n\n\n\n<h3 class=\"wp-block-heading\"><strong>Monitorizar as tend\u00eancias das redes sociais<\/strong><\/h3>\n\n\n\n<p>Estar a par das \u00faltimas tend\u00eancias nas redes sociais ajuda-nos a desenvolver ideias e criar conte\u00fados relevantes que se identifiquem com o nosso p\u00fablico. Desta forma, ter a perce\u00e7\u00e3o de como evolui o sector em que nos inserimos \u00e9 a melhor forma de nos mantermos na vanguarda.<\/p>\n\n\n\n<h3 class=\"wp-block-heading\"><strong>Fa\u00e7am pausas e divirtam-se<\/strong><\/h3>\n\n\n\n<p>Gerir as redes sociais pode ser um trabalho muito absorvente, mas trabalhar sem parar \u00e9 cansativo e desaconselhado. Portanto, \u00e9 importante fazer pausas, pois s\u00e3o essenciais para a produtividade. Pausas regulares ao longo do dia d\u00e3o descanso ao c\u00e9rebro e ajudam a recarregar energias e manter a motiva\u00e7\u00e3o.<\/p>\n\n\n\n<p>Por outro lado, podemos ser criativos com os conte\u00fados que produzimos e divertirmo-nos ao longo do processo. Experimentar diferentes formatos e conte\u00fados tem um lado l\u00fadico que pode ser muito gratificante \u2013 e os nossos seguidores ir\u00e3o perceber isso.<\/p>\n\n\n\n<p class=\"has-text-align-center\"><strong>&#8220;<em>Conte\u00fado constr\u00f3i relacionamentos. Relacionamentos s\u00e3o baseados em confian\u00e7a. Confian\u00e7a gera receita.&#8221;&nbsp;<\/em>\u2013 Andrew Davis<\/strong><\/p>\n\n\n\n<p><\/p>\n\n\n\n<p><\/p>\n\n\n\n<p><\/p>\n\n\n\n<p><\/p>\n\n\n\n<p><\/p>\n\n\n\n<p><\/p>\n\n\n\n<p><\/p>\n\n\n\n<p><\/p>\n\n\n\n<p><\/p>\n\n\n\n<p><\/p>\n\n\n\n<p><\/p>\n\n\n\n<p><\/p>\n\n\n\n<p><\/p>\n\n\n\n<p><\/p>\n\n\n\n<p><\/p>\n\n\n\n<p><\/p>\n\n\n\n<p><\/p>\n\n\n\n<p><\/p>\n\n\n\n<p><\/p>\n\n\n\n<p><\/p>","protected":false},"excerpt":{"rendered":"<p>Hoje em dia as redes sociais s\u00e3o um complemento importante (at\u00e9 mesmo indispens\u00e1vel) para um blogger de viagem. Todos compreendemos o poder que estas t\u00eam no nosso dia-a-dia e a [&hellip;]<\/p>\n","protected":false},"author":103,"featured_media":3373,"comment_status":"open","ping_status":"closed","sticky":false,"template":"","format":"standard","meta":{"_price":"","_stock":"","_tribe_ticket_header":"","_tribe_default_ticket_provider":"","_tribe_ticket_capacity":"0","_ticket_start_date":"","_ticket_end_date":"","_tribe_ticket_show_description":"","_tribe_ticket_show_not_going":false,"_tribe_ticket_use_global_stock":"","_tribe_ticket_global_stock_level":"","_global_stock_mode":"","_global_stock_cap":"","_tribe_rsvp_for_event":"","_tribe_ticket_going_count":"","_tribe_ticket_not_going_count":"","_tribe_tickets_list":"[]","_tribe_ticket_has_attendee_info_fields":false,"_EventAllDay":false,"_EventTimezone":"","_EventStartDate":"","_EventEndDate":"","_EventStartDateUTC":"","_EventEndDateUTC":"","_EventShowMap":false,"_EventShowMapLink":false,"_EventURL":"","_EventCost":"","_EventCostDescription":"","_EventCurrencySymbol":"","_EventCurrencyCode":"","_EventCurrencyPosition":"","_EventDateTimeSeparator":"","_EventTimeRangeSeparator":"","_EventOrganizerID":[],"_EventVenueID":[],"_OrganizerEmail":"","_OrganizerPhone":"","_OrganizerWebsite":"","_VenueAddress":"","_VenueCity":"","_VenueCountry":"","_VenueProvince":"","_VenueState":"","_VenueZip":"","_VenuePhone":"","_VenueURL":"","_VenueStateProvince":"","_VenueLat":"","_VenueLng":"","_VenueShowMap":false,"_VenueShowMapLink":false,"footnotes":""},"categories":[1],"tags":[64,49,62,63,14],"class_list":["post-3372","post","type-post","status-publish","format-standard","has-post-thumbnail","hentry","category-conteudo","tag-blog-de-viagem","tag-bloggers-de-viagem","tag-gestao","tag-marketing","tag-redes-sociais"],"blocksy_meta":[],"yoast_head":"<!-- This site is optimized with the Yoast SEO plugin v26.4 - https:\/\/yoast.com\/wordpress\/plugins\/seo\/ -->\n<title>Dicas para otimizar a gest\u00e3o das Redes Sociais<\/title>\n<meta name=\"description\" content=\"Gerir as redes sociais de um blog de viagem pode parecer uma tarefa \u00e1rdua, mas com estas dicas conseguir\u00e3o rentabilizar o vosso tempo.\" \/>\n<meta name=\"robots\" content=\"index, follow, max-snippet:-1, max-image-preview:large, max-video-preview:-1\" \/>\n<link rel=\"canonical\" href=\"https:\/\/www.abvp.pt\/en\/dicas-gestao-redes-sociais-bloggers-de-viagem\/\" \/>\n<meta property=\"og:locale\" content=\"en_GB\" \/>\n<meta property=\"og:type\" content=\"article\" \/>\n<meta property=\"og:title\" content=\"Dicas para otimizar a gest\u00e3o das Redes Sociais\" \/>\n<meta property=\"og:description\" content=\"Gerir as redes sociais de um blog de viagem pode parecer uma tarefa \u00e1rdua, mas com estas dicas conseguir\u00e3o rentabilizar o vosso tempo.\" \/>\n<meta property=\"og:url\" content=\"https:\/\/www.abvp.pt\/en\/dicas-gestao-redes-sociais-bloggers-de-viagem\/\" \/>\n<meta property=\"og:site_name\" content=\"ABVP\" \/>\n<meta property=\"article:publisher\" content=\"https:\/\/www.facebook.com\/abvppt\/\" \/>\n<meta property=\"article:published_time\" content=\"2023-06-12T12:59:23+00:00\" \/>\n<meta property=\"article:modified_time\" content=\"2023-08-18T19:57:27+00:00\" \/>\n<meta property=\"og:image\" content=\"https:\/\/www.abvp.pt\/wp-content\/uploads\/redes-sociais.jpg\" \/>\n\t<meta property=\"og:image:width\" content=\"1640\" \/>\n\t<meta property=\"og:image:height\" content=\"924\" \/>\n\t<meta property=\"og:image:type\" content=\"image\/jpeg\" \/>\n<meta name=\"author\" content=\"Ana Granjo\" \/>\n<meta name=\"twitter:card\" content=\"summary_large_image\" \/>\n<meta name=\"twitter:creator\" content=\"@abvppt\" \/>\n<meta name=\"twitter:site\" content=\"@abvppt\" \/>\n<meta name=\"twitter:label1\" content=\"Written by\" \/>\n\t<meta name=\"twitter:data1\" content=\"Ana Granjo\" \/>\n\t<meta name=\"twitter:label2\" content=\"Estimated reading time\" \/>\n\t<meta name=\"twitter:data2\" content=\"5 minutes\" \/>\n<script type=\"application\/ld+json\" class=\"yoast-schema-graph\">{\"@context\":\"https:\/\/schema.org\",\"@graph\":[{\"@type\":\"Article\",\"@id\":\"https:\/\/www.abvp.pt\/dicas-gestao-redes-sociais-bloggers-de-viagem\/#article\",\"isPartOf\":{\"@id\":\"https:\/\/www.abvp.pt\/dicas-gestao-redes-sociais-bloggers-de-viagem\/\"},\"author\":{\"name\":\"Ana Granjo\",\"@id\":\"https:\/\/www.abvp.pt\/#\/schema\/person\/0fc491ebff6465ef72e2cf8f1b8db4d3\"},\"headline\":\"Dicas para otimizar a gest\u00e3o das redes sociais dos bloggers de viagem\",\"datePublished\":\"2023-06-12T12:59:23+00:00\",\"dateModified\":\"2023-08-18T19:57:27+00:00\",\"mainEntityOfPage\":{\"@id\":\"https:\/\/www.abvp.pt\/dicas-gestao-redes-sociais-bloggers-de-viagem\/\"},\"wordCount\":926,\"commentCount\":0,\"publisher\":{\"@id\":\"https:\/\/www.abvp.pt\/#organization\"},\"image\":{\"@id\":\"https:\/\/www.abvp.pt\/dicas-gestao-redes-sociais-bloggers-de-viagem\/#primaryimage\"},\"thumbnailUrl\":\"https:\/\/www.abvp.pt\/wp-content\/uploads\/redes-sociais.jpg\",\"keywords\":[\"blog de viagem\",\"bloggers de viagem\",\"gest\u00e3o\",\"marketing\",\"redes sociais\"],\"articleSection\":[\"Conte\u00fado\"],\"inLanguage\":\"en-GB\",\"potentialAction\":[{\"@type\":\"CommentAction\",\"name\":\"Comment\",\"target\":[\"https:\/\/www.abvp.pt\/dicas-gestao-redes-sociais-bloggers-de-viagem\/#respond\"]}]},{\"@type\":\"WebPage\",\"@id\":\"https:\/\/www.abvp.pt\/dicas-gestao-redes-sociais-bloggers-de-viagem\/\",\"url\":\"https:\/\/www.abvp.pt\/dicas-gestao-redes-sociais-bloggers-de-viagem\/\",\"name\":\"Dicas para otimizar a gest\u00e3o das Redes Sociais\",\"isPartOf\":{\"@id\":\"https:\/\/www.abvp.pt\/#website\"},\"primaryImageOfPage\":{\"@id\":\"https:\/\/www.abvp.pt\/dicas-gestao-redes-sociais-bloggers-de-viagem\/#primaryimage\"},\"image\":{\"@id\":\"https:\/\/www.abvp.pt\/dicas-gestao-redes-sociais-bloggers-de-viagem\/#primaryimage\"},\"thumbnailUrl\":\"https:\/\/www.abvp.pt\/wp-content\/uploads\/redes-sociais.jpg\",\"datePublished\":\"2023-06-12T12:59:23+00:00\",\"dateModified\":\"2023-08-18T19:57:27+00:00\",\"description\":\"Gerir as redes sociais de um blog de viagem pode parecer uma tarefa \u00e1rdua, mas com estas dicas conseguir\u00e3o rentabilizar o vosso tempo.\",\"breadcrumb\":{\"@id\":\"https:\/\/www.abvp.pt\/dicas-gestao-redes-sociais-bloggers-de-viagem\/#breadcrumb\"},\"inLanguage\":\"en-GB\",\"potentialAction\":[{\"@type\":\"ReadAction\",\"target\":[\"https:\/\/www.abvp.pt\/dicas-gestao-redes-sociais-bloggers-de-viagem\/\"]}]},{\"@type\":\"ImageObject\",\"inLanguage\":\"en-GB\",\"@id\":\"https:\/\/www.abvp.pt\/dicas-gestao-redes-sociais-bloggers-de-viagem\/#primaryimage\",\"url\":\"https:\/\/www.abvp.pt\/wp-content\/uploads\/redes-sociais.jpg\",\"contentUrl\":\"https:\/\/www.abvp.pt\/wp-content\/uploads\/redes-sociais.jpg\",\"width\":1640,\"height\":924},{\"@type\":\"BreadcrumbList\",\"@id\":\"https:\/\/www.abvp.pt\/dicas-gestao-redes-sociais-bloggers-de-viagem\/#breadcrumb\",\"itemListElement\":[{\"@type\":\"ListItem\",\"position\":1,\"name\":\"In\u00edcio\",\"item\":\"https:\/\/www.abvp.pt\/\"},{\"@type\":\"ListItem\",\"position\":2,\"name\":\"Dicas para otimizar a gest\u00e3o das redes sociais dos bloggers de viagem\"}]},{\"@type\":\"WebSite\",\"@id\":\"https:\/\/www.abvp.pt\/#website\",\"url\":\"https:\/\/www.abvp.pt\/\",\"name\":\"ABVP\",\"description\":\"Associa\u00e7\u00e3o de Bloggers de Viagem Portugueses\",\"publisher\":{\"@id\":\"https:\/\/www.abvp.pt\/#organization\"},\"potentialAction\":[{\"@type\":\"SearchAction\",\"target\":{\"@type\":\"EntryPoint\",\"urlTemplate\":\"https:\/\/www.abvp.pt\/?s={search_term_string}\"},\"query-input\":{\"@type\":\"PropertyValueSpecification\",\"valueRequired\":true,\"valueName\":\"search_term_string\"}}],\"inLanguage\":\"en-GB\"},{\"@type\":\"Organization\",\"@id\":\"https:\/\/www.abvp.pt\/#organization\",\"name\":\"ABVP\",\"url\":\"https:\/\/www.abvp.pt\/\",\"logo\":{\"@type\":\"ImageObject\",\"inLanguage\":\"en-GB\",\"@id\":\"https:\/\/www.abvp.pt\/#\/schema\/logo\/image\/\",\"url\":\"https:\/\/www.abvp.pt\/wp-content\/uploads\/Logo-Header-dark.svg\",\"contentUrl\":\"https:\/\/www.abvp.pt\/wp-content\/uploads\/Logo-Header-dark.svg\",\"width\":325,\"height\":48,\"caption\":\"ABVP\"},\"image\":{\"@id\":\"https:\/\/www.abvp.pt\/#\/schema\/logo\/image\/\"},\"sameAs\":[\"https:\/\/www.facebook.com\/abvppt\/\",\"https:\/\/x.com\/abvppt\",\"https:\/\/www.instagram.com\/abvppt\/\"]},{\"@type\":\"Person\",\"@id\":\"https:\/\/www.abvp.pt\/#\/schema\/person\/0fc491ebff6465ef72e2cf8f1b8db4d3\",\"name\":\"Ana Granjo\",\"image\":{\"@type\":\"ImageObject\",\"inLanguage\":\"en-GB\",\"@id\":\"https:\/\/www.abvp.pt\/#\/schema\/person\/image\/\",\"url\":\"https:\/\/secure.gravatar.com\/avatar\/e0968c31073666aac8ea32d51d8aee68?s=96&d=mm&r=g\",\"contentUrl\":\"https:\/\/secure.gravatar.com\/avatar\/e0968c31073666aac8ea32d51d8aee68?s=96&d=mm&r=g\",\"caption\":\"Ana Granjo\"},\"description\":\"Autora do blog de viagem \\\"Gato Vadio\\\". Viciada em viagens. Amante de fotografias.\",\"url\":\"https:\/\/www.abvp.pt\/en\/author\/agranjo\/\"}]}<\/script>\n<!-- \/ Yoast SEO plugin. -->","yoast_head_json":{"title":"Dicas para otimizar a gest\u00e3o das Redes Sociais","description":"Gerir as redes sociais de um blog de viagem pode parecer uma tarefa \u00e1rdua, mas com estas dicas conseguir\u00e3o rentabilizar o vosso tempo.","robots":{"index":"index","follow":"follow","max-snippet":"max-snippet:-1","max-image-preview":"max-image-preview:large","max-video-preview":"max-video-preview:-1"},"canonical":"https:\/\/www.abvp.pt\/en\/dicas-gestao-redes-sociais-bloggers-de-viagem\/","og_locale":"en_GB","og_type":"article","og_title":"Dicas para otimizar a gest\u00e3o das Redes Sociais","og_description":"Gerir as redes sociais de um blog de viagem pode parecer uma tarefa \u00e1rdua, mas com estas dicas conseguir\u00e3o rentabilizar o vosso tempo.","og_url":"https:\/\/www.abvp.pt\/en\/dicas-gestao-redes-sociais-bloggers-de-viagem\/","og_site_name":"ABVP","article_publisher":"https:\/\/www.facebook.com\/abvppt\/","article_published_time":"2023-06-12T12:59:23+00:00","article_modified_time":"2023-08-18T19:57:27+00:00","og_image":[{"width":1640,"height":924,"url":"https:\/\/www.abvp.pt\/wp-content\/uploads\/redes-sociais.jpg","type":"image\/jpeg"}],"author":"Ana Granjo","twitter_card":"summary_large_image","twitter_creator":"@abvppt","twitter_site":"@abvppt","twitter_misc":{"Written by":"Ana Granjo","Estimated reading time":"5 minutes"},"schema":{"@context":"https:\/\/schema.org","@graph":[{"@type":"Article","@id":"https:\/\/www.abvp.pt\/dicas-gestao-redes-sociais-bloggers-de-viagem\/#article","isPartOf":{"@id":"https:\/\/www.abvp.pt\/dicas-gestao-redes-sociais-bloggers-de-viagem\/"},"author":{"name":"Ana Granjo","@id":"https:\/\/www.abvp.pt\/#\/schema\/person\/0fc491ebff6465ef72e2cf8f1b8db4d3"},"headline":"Dicas para otimizar a gest\u00e3o das redes sociais dos bloggers de viagem","datePublished":"2023-06-12T12:59:23+00:00","dateModified":"2023-08-18T19:57:27+00:00","mainEntityOfPage":{"@id":"https:\/\/www.abvp.pt\/dicas-gestao-redes-sociais-bloggers-de-viagem\/"},"wordCount":926,"commentCount":0,"publisher":{"@id":"https:\/\/www.abvp.pt\/#organization"},"image":{"@id":"https:\/\/www.abvp.pt\/dicas-gestao-redes-sociais-bloggers-de-viagem\/#primaryimage"},"thumbnailUrl":"https:\/\/www.abvp.pt\/wp-content\/uploads\/redes-sociais.jpg","keywords":["blog de viagem","bloggers de viagem","gest\u00e3o","marketing","redes sociais"],"articleSection":["Conte\u00fado"],"inLanguage":"en-GB","potentialAction":[{"@type":"CommentAction","name":"Comment","target":["https:\/\/www.abvp.pt\/dicas-gestao-redes-sociais-bloggers-de-viagem\/#respond"]}]},{"@type":"WebPage","@id":"https:\/\/www.abvp.pt\/dicas-gestao-redes-sociais-bloggers-de-viagem\/","url":"https:\/\/www.abvp.pt\/dicas-gestao-redes-sociais-bloggers-de-viagem\/","name":"Dicas para otimizar a gest\u00e3o das Redes Sociais","isPartOf":{"@id":"https:\/\/www.abvp.pt\/#website"},"primaryImageOfPage":{"@id":"https:\/\/www.abvp.pt\/dicas-gestao-redes-sociais-bloggers-de-viagem\/#primaryimage"},"image":{"@id":"https:\/\/www.abvp.pt\/dicas-gestao-redes-sociais-bloggers-de-viagem\/#primaryimage"},"thumbnailUrl":"https:\/\/www.abvp.pt\/wp-content\/uploads\/redes-sociais.jpg","datePublished":"2023-06-12T12:59:23+00:00","dateModified":"2023-08-18T19:57:27+00:00","description":"Gerir as redes sociais de um blog de viagem pode parecer uma tarefa \u00e1rdua, mas com estas dicas conseguir\u00e3o rentabilizar o vosso tempo.","breadcrumb":{"@id":"https:\/\/www.abvp.pt\/dicas-gestao-redes-sociais-bloggers-de-viagem\/#breadcrumb"},"inLanguage":"en-GB","potentialAction":[{"@type":"ReadAction","target":["https:\/\/www.abvp.pt\/dicas-gestao-redes-sociais-bloggers-de-viagem\/"]}]},{"@type":"ImageObject","inLanguage":"en-GB","@id":"https:\/\/www.abvp.pt\/dicas-gestao-redes-sociais-bloggers-de-viagem\/#primaryimage","url":"https:\/\/www.abvp.pt\/wp-content\/uploads\/redes-sociais.jpg","contentUrl":"https:\/\/www.abvp.pt\/wp-content\/uploads\/redes-sociais.jpg","width":1640,"height":924},{"@type":"BreadcrumbList","@id":"https:\/\/www.abvp.pt\/dicas-gestao-redes-sociais-bloggers-de-viagem\/#breadcrumb","itemListElement":[{"@type":"ListItem","position":1,"name":"In\u00edcio","item":"https:\/\/www.abvp.pt\/"},{"@type":"ListItem","position":2,"name":"Dicas para otimizar a gest\u00e3o das redes sociais dos bloggers de viagem"}]},{"@type":"WebSite","@id":"https:\/\/www.abvp.pt\/#website","url":"https:\/\/www.abvp.pt\/","name":"ABVP","description":"Association of Portuguese Travel Bloggers","publisher":{"@id":"https:\/\/www.abvp.pt\/#organization"},"potentialAction":[{"@type":"SearchAction","target":{"@type":"EntryPoint","urlTemplate":"https:\/\/www.abvp.pt\/?s={search_term_string}"},"query-input":{"@type":"PropertyValueSpecification","valueRequired":true,"valueName":"search_term_string"}}],"inLanguage":"en-GB"},{"@type":"Organization","@id":"https:\/\/www.abvp.pt\/#organization","name":"ABVP","url":"https:\/\/www.abvp.pt\/","logo":{"@type":"ImageObject","inLanguage":"en-GB","@id":"https:\/\/www.abvp.pt\/#\/schema\/logo\/image\/","url":"https:\/\/www.abvp.pt\/wp-content\/uploads\/Logo-Header-dark.svg","contentUrl":"https:\/\/www.abvp.pt\/wp-content\/uploads\/Logo-Header-dark.svg","width":325,"height":48,"caption":"ABVP"},"image":{"@id":"https:\/\/www.abvp.pt\/#\/schema\/logo\/image\/"},"sameAs":["https:\/\/www.facebook.com\/abvppt\/","https:\/\/x.com\/abvppt","https:\/\/www.instagram.com\/abvppt\/"]},{"@type":"Person","@id":"https:\/\/www.abvp.pt\/#\/schema\/person\/0fc491ebff6465ef72e2cf8f1b8db4d3","name":"Ana Granjo","image":{"@type":"ImageObject","inLanguage":"en-GB","@id":"https:\/\/www.abvp.pt\/#\/schema\/person\/image\/","url":"https:\/\/secure.gravatar.com\/avatar\/e0968c31073666aac8ea32d51d8aee68?s=96&d=mm&r=g","contentUrl":"https:\/\/secure.gravatar.com\/avatar\/e0968c31073666aac8ea32d51d8aee68?s=96&d=mm&r=g","caption":"Ana Granjo"},"description":"Autora do blog de viagem \"Gato Vadio\". Viciada em viagens. Amante de fotografias.","url":"https:\/\/www.abvp.pt\/en\/author\/agranjo\/"}]}},"_links":{"self":[{"href":"https:\/\/www.abvp.pt\/en\/wp-json\/wp\/v2\/posts\/3372","targetHints":{"allow":["GET"]}}],"collection":[{"href":"https:\/\/www.abvp.pt\/en\/wp-json\/wp\/v2\/posts"}],"about":[{"href":"https:\/\/www.abvp.pt\/en\/wp-json\/wp\/v2\/types\/post"}],"author":[{"embeddable":true,"href":"https:\/\/www.abvp.pt\/en\/wp-json\/wp\/v2\/users\/103"}],"replies":[{"embeddable":true,"href":"https:\/\/www.abvp.pt\/en\/wp-json\/wp\/v2\/comments?post=3372"}],"version-history":[{"count":0,"href":"https:\/\/www.abvp.pt\/en\/wp-json\/wp\/v2\/posts\/3372\/revisions"}],"wp:featuredmedia":[{"embeddable":true,"href":"https:\/\/www.abvp.pt\/en\/wp-json\/wp\/v2\/media\/3373"}],"wp:attachment":[{"href":"https:\/\/www.abvp.pt\/en\/wp-json\/wp\/v2\/media?parent=3372"}],"wp:term":[{"taxonomy":"category","embeddable":true,"href":"https:\/\/www.abvp.pt\/en\/wp-json\/wp\/v2\/categories?post=3372"},{"taxonomy":"post_tag","embeddable":true,"href":"https:\/\/www.abvp.pt\/en\/wp-json\/wp\/v2\/tags?post=3372"}],"curies":[{"name":"wp","href":"https:\/\/api.w.org\/{rel}","templated":true}]}}