{"id":3409,"date":"2023-06-02T10:24:44","date_gmt":"2023-06-02T09:24:44","guid":{"rendered":"https:\/\/www.abvp.pt\/?p=3409"},"modified":"2023-06-27T10:32:01","modified_gmt":"2023-06-27T09:32:01","slug":"abvp-travel-fest-2023","status":"publish","type":"post","link":"https:\/\/www.abvp.pt\/en\/abvp-travel-fest-2023\/","title":{"rendered":"ABVP Travel Fest 2023"},"content":{"rendered":"<h2 class=\"wp-block-heading\"><strong>Marquem na agenda: o ABVP Travel Fest 2023 vai ter lugar entre os dias 22 e 24 de setembro em Guimar\u00e3es, no espa\u00e7o do elegante Teatro Jord\u00e3o.<\/strong><\/h2>\n\n\n\n<p>Depois do sucesso da edi\u00e7\u00e3o de 2022 em Matosinhos, o Travel Fest continua a apostar em oradores que refletem os valores defendidos pela ABVP: viajar com \u00e9tica, respeitando as culturas e o nosso planeta.<\/p>\n\n\n\n<figure class=\"wp-block-image size-large\"><img fetchpriority=\"high\" decoding=\"async\" width=\"1600\" height=\"900\" src=\"https:\/\/www.abvp.pt\/wp-content\/uploads\/post-travel-fest-2023-1600x900.jpg\" alt=\"\" class=\"wp-image-3410\" srcset=\"https:\/\/www.abvp.pt\/wp-content\/uploads\/post-travel-fest-2023-1600x900.jpg 1600w, https:\/\/www.abvp.pt\/wp-content\/uploads\/post-travel-fest-2023-600x338.jpg 600w, https:\/\/www.abvp.pt\/wp-content\/uploads\/post-travel-fest-2023-800x450.jpg 800w, https:\/\/www.abvp.pt\/wp-content\/uploads\/post-travel-fest-2023-150x84.jpg 150w, https:\/\/www.abvp.pt\/wp-content\/uploads\/post-travel-fest-2023-768x432.jpg 768w, https:\/\/www.abvp.pt\/wp-content\/uploads\/post-travel-fest-2023-1536x864.jpg 1536w, https:\/\/www.abvp.pt\/wp-content\/uploads\/post-travel-fest-2023-960x540.jpg 960w, https:\/\/www.abvp.pt\/wp-content\/uploads\/post-travel-fest-2023.jpg 1920w\" sizes=\"(max-width: 1600px) 100vw, 1600px\" \/><\/figure>\n\n\n\n<p>O an\u00fancio do programa deste ano foi feito em confer\u00eancia de imprensa na C\u00e2mara Municipal de Guimar\u00e3es, durante a qual o vereador Paulo Lopes Silva fez quest\u00e3o de sublinhar que \u201cem Guimar\u00e3es cuidamos de um turismo sustent\u00e1vel e temos na ABVP o parceiro ideal na defesa desta nossa filosofia\u201d.<\/p>\n\n\n\n<p>Os oradores deste ano j\u00e1 confirmados s\u00e3o nomes nacionais e internacionais inspiradores, grandes viajantes e contadores de hist\u00f3rias, profissionais reconhecidos nas suas \u00e1reas de atua\u00e7\u00e3o. E se est\u00e3o preocupados com o facto de v\u00e1rias destas palestras serem em l\u00edngua estrangeira, podem ficar descansados: no Travel Fest h\u00e1 tradu\u00e7\u00e3o simult\u00e2nea dispon\u00edvel para quem n\u00e3o se sente \u00e0 vontade com outras l\u00ednguas que n\u00e3o o portugu\u00eas.<\/p>\n\n\n\n<div style=\"height:30px\" aria-hidden=\"true\" class=\"wp-block-spacer\"><\/div>\n\n\n\n<ul class=\"wp-block-list\"><li><strong><u>DAVE &amp; DEB<\/u><\/strong> | The Planet D<\/li><\/ul>\n\n\n\n<p>H\u00e1 12 anos, este casal canadiano vendeu tudo o que tinha e partiu \u00e0 aventura. S\u00e3o uma inspira\u00e7\u00e3o para quem quer viver \u201cfora da caixa\u201d, e a Forbes j\u00e1 colocou o The Planet D no top 10 dos blogues de viagem a n\u00edvel mundial.<\/p>\n\n\n\n<div style=\"height:30px\" aria-hidden=\"true\" class=\"wp-block-spacer\"><\/div>\n\n\n\n<ul class=\"wp-block-list\"><li><strong>JOS\u00c9 SILVA PINTO<\/strong> |Tonspi<\/li><\/ul>\n\n\n\n<p>Distingue-se pelos seus trabalhos fotogr\u00e1ficos que retratam a vida selvagem e o quotidiano das minorias \u00e9tnicas. Foi depois do regresso ao seu pa\u00eds-natal, Angola, que decidiu dedicar-se \u00e0 fotografia. Define-se essencialmente como um contador de hist\u00f3rias.<\/p>\n\n\n\n<div style=\"height:30px\" aria-hidden=\"true\" class=\"wp-block-spacer\"><\/div>\n\n\n\n<ul class=\"wp-block-list\"><li><strong>JOS\u00c9 LU\u00cdS PEIXOTO<\/strong><\/li><\/ul>\n\n\n\n<p>Multipremiado e multifacetado, \u00e9 tamb\u00e9m na escrita de viagens que Jos\u00e9 Lu\u00eds Peixoto se tem mostrado muito prol\u00edfico desde h\u00e1 alguns anos \u2013 e as suas cr\u00f3nicas e artigos de viagem s\u00e3o uma maravilhosa fonte de inspira\u00e7\u00e3o.<\/p>\n\n\n\n<div style=\"height:30px\" aria-hidden=\"true\" class=\"wp-block-spacer\"><\/div>\n\n\n\n<ul class=\"wp-block-list\"><li><strong>GUILHERME CANEVER<\/strong> | Sa\u00ed por a\u00ed<\/li><\/ul>\n\n\n\n<p>Viajante,<em> bloggers<\/em> e escritor brasileiro, \u00e9 autor do livro \u201cUma Viagem pelos Pa\u00edses que N\u00e3o Existem\u201d, onde fala das suas viagens nos 16 pa\u00edses da \u00c1sia, \u00c1frica e Europa que n\u00e3o s\u00e3o reconhecidos pela ONU.<\/p>\n\n\n\n<div style=\"height:30px\" aria-hidden=\"true\" class=\"wp-block-spacer\"><\/div>\n\n\n\n<ul class=\"wp-block-list\"><li><strong>JANEK RUBES<\/strong> | Honest Guide<\/li><\/ul>\n\n\n\n<p>S\u00e3o famosos os v\u00eddeos \u2013 habitualmente cheios de humor \u2013 que Janek Rubes publica desde h\u00e1 v\u00e1rios anos no YouTube, onde exp\u00f5e os esquemas e as armadilhas criadas para atrair ou enganar os turistas, tanto na sua Ch\u00e9quia natal como noutros destinos.<\/p>\n\n\n\n<div style=\"height:30px\" aria-hidden=\"true\" class=\"wp-block-spacer\"><\/div>\n\n\n\n<ul class=\"wp-block-list\"><li><strong>ARTUR CARVALHO<\/strong><\/li><\/ul>\n\n\n\n<p>Fot\u00f3grafo e vide\u00f3grafo criativo, Artur Carvalho especializou-se em trabalhos com drones FPV e vai mostrar-nos e falar sobre as potencialidades desta tecnologia em constante evolu\u00e7\u00e3o, que muitos viajantes hoje em dia j\u00e1 n\u00e3o dispensam.<\/p>\n\n\n\n<div style=\"height:30px\" aria-hidden=\"true\" class=\"wp-block-spacer\"><\/div>\n\n\n\n<ul class=\"wp-block-list\"><li><strong>ARTURO L\u00d3PEZ ILLANA<\/strong><\/li><\/ul>\n\n\n\n<p>\u201cDesde o momento em que tive uma c\u00e2mara nas m\u00e3os, comecei a olhar o mundo com uma premissa: Quanto menos explica\u00e7\u00f5es for preciso dar de uma imagem, melhor. Isso significa que fala por si mesma\u201d. \u00c9 assim que este fot\u00f3grafo espanhol define a sua miss\u00e3o e a inten\u00e7\u00e3o que est\u00e1 por tr\u00e1s dos seus trabalhos, pelos quais tem sido premiado internacionalmente.<\/p>\n\n\n\n<div style=\"height:30px\" aria-hidden=\"true\" class=\"wp-block-spacer\"><\/div>\n\n\n\n<p><\/p>\n\n\n\n<p>Os bilhetes para o Travel Fest deste ano est\u00e3o \u00e0 venda <a href=\"https:\/\/www.abvp.pt\/en\/event\/abvp-travel-fest-2023\/\">aqui<\/a> e d\u00e3o acesso n\u00e3o s\u00f3 a todas as palestras e mesas-redondas da ABVP, como tamb\u00e9m \u00e0s visitas guiadas que v\u00e3o ser organizadas pela C\u00e2mara Municipal de Guimar\u00e3es no \u00e2mbito do festival. E at\u00e9 dia 10 de Junho os vimaranenses v\u00e3o poder adquirir os bilhetes a um pre\u00e7o especial, mediante introdu\u00e7\u00e3o de um c\u00f3digo que tem sido divulgado localmente \u2013 uma iniciativa destinada a atrair o p\u00fablico local e simultaneamente agradecer \u00e0 autarquia o apoio que tem dado \u00e0 organiza\u00e7\u00e3o do evento.<\/p>\n\n\n\n<p><strong>Como \u00e9, j\u00e1 t\u00eam o vosso bilhete?<\/strong><\/p>\n\n\n\n<div style=\"height:18px\" aria-hidden=\"true\" class=\"wp-block-spacer\"><\/div>","protected":false},"excerpt":{"rendered":"<p>Marquem na agenda: o ABVP Travel Fest 2023 vai ter lugar entre os dias 22 e 24 de setembro em Guimar\u00e3es, no espa\u00e7o do elegante Teatro Jord\u00e3o. Depois do sucesso [&hellip;]<\/p>\n","protected":false},"author":16,"featured_media":3412,"comment_status":"open","ping_status":"closed","sticky":false,"template":"","format":"standard","meta":{"_price":"","_stock":"","_tribe_ticket_header":"","_tribe_default_ticket_provider":"","_tribe_ticket_capacity":"0","_ticket_start_date":"","_ticket_end_date":"","_tribe_ticket_show_description":"","_tribe_ticket_show_not_going":false,"_tribe_ticket_use_global_stock":"","_tribe_ticket_global_stock_level":"","_global_stock_mode":"","_global_stock_cap":"","_tribe_rsvp_for_event":"","_tribe_ticket_going_count":"","_tribe_ticket_not_going_count":"","_tribe_tickets_list":"[]","_tribe_ticket_has_attendee_info_fields":false,"_EventAllDay":false,"_EventTimezone":"","_EventStartDate":"","_EventEndDate":"","_EventStartDateUTC":"","_EventEndDateUTC":"","_EventShowMap":false,"_EventShowMapLink":false,"_EventURL":"","_EventCost":"","_EventCostDescription":"","_EventCurrencySymbol":"","_EventCurrencyCode":"","_EventCurrencyPosition":"","_EventDateTimeSeparator":"","_EventTimeRangeSeparator":"","_EventOrganizerID":[],"_EventVenueID":[],"_OrganizerEmail":"","_OrganizerPhone":"","_OrganizerWebsite":"","_VenueAddress":"","_VenueCity":"","_VenueCountry":"","_VenueProvince":"","_VenueState":"","_VenueZip":"","_VenuePhone":"","_VenueURL":"","_VenueStateProvince":"","_VenueLat":"","_VenueLng":"","_VenueShowMap":false,"_VenueShowMapLink":false,"footnotes":""},"categories":[12],"tags":[11,65],"class_list":["post-3409","post","type-post","status-publish","format-standard","has-post-thumbnail","hentry","category-comunicados","tag-abvp","tag-travel-fest"],"blocksy_meta":[],"yoast_head":"<!-- This site is optimized with the Yoast SEO plugin v26.4 - https:\/\/yoast.com\/wordpress\/plugins\/seo\/ -->\n<title>ABVP Travel Fest 2023 - ABVP<\/title>\n<meta name=\"description\" content=\"O ABVP Travel Fest 2023 vai realizar-se entre 22 e 24 de Setembro em Guimar\u00e3es.\" \/>\n<meta name=\"robots\" content=\"index, follow, max-snippet:-1, max-image-preview:large, max-video-preview:-1\" \/>\n<link rel=\"canonical\" href=\"https:\/\/www.abvp.pt\/en\/abvp-travel-fest-2023\/\" \/>\n<meta property=\"og:locale\" content=\"en_GB\" \/>\n<meta property=\"og:type\" content=\"article\" \/>\n<meta property=\"og:title\" content=\"ABVP Travel Fest 2023 - ABVP\" \/>\n<meta property=\"og:description\" content=\"O ABVP Travel Fest 2023 vai realizar-se entre 22 e 24 de Setembro em Guimar\u00e3es.\" \/>\n<meta property=\"og:url\" content=\"https:\/\/www.abvp.pt\/en\/abvp-travel-fest-2023\/\" \/>\n<meta property=\"og:site_name\" content=\"ABVP\" \/>\n<meta property=\"article:publisher\" content=\"https:\/\/www.facebook.com\/abvppt\/\" \/>\n<meta property=\"article:author\" content=\"https:\/\/www.facebook.com\/viajarporquesim\" \/>\n<meta property=\"article:published_time\" content=\"2023-06-02T09:24:44+00:00\" \/>\n<meta property=\"article:modified_time\" content=\"2023-06-27T09:32:01+00:00\" \/>\n<meta property=\"og:image\" content=\"https:\/\/www.abvp.pt\/wp-content\/uploads\/Capa-post-travel-fest-2023.jpg\" \/>\n\t<meta property=\"og:image:width\" content=\"1920\" \/>\n\t<meta property=\"og:image:height\" content=\"1080\" \/>\n\t<meta property=\"og:image:type\" content=\"image\/jpeg\" \/>\n<meta name=\"author\" content=\"Ana C. Borges\" \/>\n<meta name=\"twitter:card\" content=\"summary_large_image\" \/>\n<meta name=\"twitter:creator\" content=\"@abvppt\" \/>\n<meta name=\"twitter:site\" content=\"@abvppt\" \/>\n<meta name=\"twitter:label1\" content=\"Written by\" \/>\n\t<meta name=\"twitter:data1\" content=\"Ana C. Borges\" \/>\n\t<meta name=\"twitter:label2\" content=\"Estimated reading time\" \/>\n\t<meta name=\"twitter:data2\" content=\"4 minutes\" \/>\n<script type=\"application\/ld+json\" class=\"yoast-schema-graph\">{\"@context\":\"https:\/\/schema.org\",\"@graph\":[{\"@type\":\"Article\",\"@id\":\"https:\/\/www.abvp.pt\/abvp-travel-fest-2023\/#article\",\"isPartOf\":{\"@id\":\"https:\/\/www.abvp.pt\/abvp-travel-fest-2023\/\"},\"author\":{\"name\":\"Ana C. Borges\",\"@id\":\"https:\/\/www.abvp.pt\/#\/schema\/person\/c01001ca9ca03c994808b13624fdbd5c\"},\"headline\":\"ABVP Travel Fest 2023\",\"datePublished\":\"2023-06-02T09:24:44+00:00\",\"dateModified\":\"2023-06-27T09:32:01+00:00\",\"mainEntityOfPage\":{\"@id\":\"https:\/\/www.abvp.pt\/abvp-travel-fest-2023\/\"},\"wordCount\":644,\"commentCount\":0,\"publisher\":{\"@id\":\"https:\/\/www.abvp.pt\/#organization\"},\"image\":{\"@id\":\"https:\/\/www.abvp.pt\/abvp-travel-fest-2023\/#primaryimage\"},\"thumbnailUrl\":\"https:\/\/www.abvp.pt\/wp-content\/uploads\/Capa-post-travel-fest-2023.jpg\",\"keywords\":[\"abvp\",\"travel fest\"],\"articleSection\":[\"Comunicados\"],\"inLanguage\":\"en-GB\",\"potentialAction\":[{\"@type\":\"CommentAction\",\"name\":\"Comment\",\"target\":[\"https:\/\/www.abvp.pt\/abvp-travel-fest-2023\/#respond\"]}]},{\"@type\":\"WebPage\",\"@id\":\"https:\/\/www.abvp.pt\/abvp-travel-fest-2023\/\",\"url\":\"https:\/\/www.abvp.pt\/abvp-travel-fest-2023\/\",\"name\":\"ABVP Travel Fest 2023 - ABVP\",\"isPartOf\":{\"@id\":\"https:\/\/www.abvp.pt\/#website\"},\"primaryImageOfPage\":{\"@id\":\"https:\/\/www.abvp.pt\/abvp-travel-fest-2023\/#primaryimage\"},\"image\":{\"@id\":\"https:\/\/www.abvp.pt\/abvp-travel-fest-2023\/#primaryimage\"},\"thumbnailUrl\":\"https:\/\/www.abvp.pt\/wp-content\/uploads\/Capa-post-travel-fest-2023.jpg\",\"datePublished\":\"2023-06-02T09:24:44+00:00\",\"dateModified\":\"2023-06-27T09:32:01+00:00\",\"description\":\"O ABVP Travel Fest 2023 vai realizar-se entre 22 e 24 de Setembro em Guimar\u00e3es.\",\"breadcrumb\":{\"@id\":\"https:\/\/www.abvp.pt\/abvp-travel-fest-2023\/#breadcrumb\"},\"inLanguage\":\"en-GB\",\"potentialAction\":[{\"@type\":\"ReadAction\",\"target\":[\"https:\/\/www.abvp.pt\/abvp-travel-fest-2023\/\"]}]},{\"@type\":\"ImageObject\",\"inLanguage\":\"en-GB\",\"@id\":\"https:\/\/www.abvp.pt\/abvp-travel-fest-2023\/#primaryimage\",\"url\":\"https:\/\/www.abvp.pt\/wp-content\/uploads\/Capa-post-travel-fest-2023.jpg\",\"contentUrl\":\"https:\/\/www.abvp.pt\/wp-content\/uploads\/Capa-post-travel-fest-2023.jpg\",\"width\":1920,\"height\":1080},{\"@type\":\"BreadcrumbList\",\"@id\":\"https:\/\/www.abvp.pt\/abvp-travel-fest-2023\/#breadcrumb\",\"itemListElement\":[{\"@type\":\"ListItem\",\"position\":1,\"name\":\"In\u00edcio\",\"item\":\"https:\/\/www.abvp.pt\/\"},{\"@type\":\"ListItem\",\"position\":2,\"name\":\"ABVP Travel Fest 2023\"}]},{\"@type\":\"WebSite\",\"@id\":\"https:\/\/www.abvp.pt\/#website\",\"url\":\"https:\/\/www.abvp.pt\/\",\"name\":\"ABVP\",\"description\":\"Associa\u00e7\u00e3o de Bloggers de Viagem Portugueses\",\"publisher\":{\"@id\":\"https:\/\/www.abvp.pt\/#organization\"},\"potentialAction\":[{\"@type\":\"SearchAction\",\"target\":{\"@type\":\"EntryPoint\",\"urlTemplate\":\"https:\/\/www.abvp.pt\/?s={search_term_string}\"},\"query-input\":{\"@type\":\"PropertyValueSpecification\",\"valueRequired\":true,\"valueName\":\"search_term_string\"}}],\"inLanguage\":\"en-GB\"},{\"@type\":\"Organization\",\"@id\":\"https:\/\/www.abvp.pt\/#organization\",\"name\":\"ABVP\",\"url\":\"https:\/\/www.abvp.pt\/\",\"logo\":{\"@type\":\"ImageObject\",\"inLanguage\":\"en-GB\",\"@id\":\"https:\/\/www.abvp.pt\/#\/schema\/logo\/image\/\",\"url\":\"https:\/\/www.abvp.pt\/wp-content\/uploads\/Logo-Header-dark.svg\",\"contentUrl\":\"https:\/\/www.abvp.pt\/wp-content\/uploads\/Logo-Header-dark.svg\",\"width\":325,\"height\":48,\"caption\":\"ABVP\"},\"image\":{\"@id\":\"https:\/\/www.abvp.pt\/#\/schema\/logo\/image\/\"},\"sameAs\":[\"https:\/\/www.facebook.com\/abvppt\/\",\"https:\/\/x.com\/abvppt\",\"https:\/\/www.instagram.com\/abvppt\/\"]},{\"@type\":\"Person\",\"@id\":\"https:\/\/www.abvp.pt\/#\/schema\/person\/c01001ca9ca03c994808b13624fdbd5c\",\"name\":\"Ana C. Borges\",\"image\":{\"@type\":\"ImageObject\",\"inLanguage\":\"en-GB\",\"@id\":\"https:\/\/www.abvp.pt\/#\/schema\/person\/image\/\",\"url\":\"https:\/\/secure.gravatar.com\/avatar\/7a725f4592614d4ad6702531f09627ac?s=96&d=mm&r=g\",\"contentUrl\":\"https:\/\/secure.gravatar.com\/avatar\/7a725f4592614d4ad6702531f09627ac?s=96&d=mm&r=g\",\"caption\":\"Ana C. Borges\"},\"description\":\"Gosta de passeios longos e conversas intermin\u00e1veis, de ver o que ainda n\u00e3o conhece e rever os lugares do cora\u00e7\u00e3o. Fotografa para mem\u00f3ria futura. Escreve porque lhe sabem bem as palavras. Viaja por paix\u00e3o \u2013 e porque o mundo \u00e9 demasiado grande para ficarmos quietos. \u00c9 autora do blogue Viajar porque sim.\",\"sameAs\":[\"https:\/\/viajarporquesim.blogs.sapo.pt\/\",\"https:\/\/www.facebook.com\/viajarporquesim\",\"https:\/\/www.instagram.com\/viajar_porque_sim\/\",\"https:\/\/www.pinterest.pt\/viajarporquesim\/\"],\"url\":\"https:\/\/www.abvp.pt\/en\/author\/acborges\/\"}]}<\/script>\n<!-- \/ Yoast SEO plugin. -->","yoast_head_json":{"title":"ABVP Travel Fest 2023 - ABVP","description":"O ABVP Travel Fest 2023 vai realizar-se entre 22 e 24 de Setembro em Guimar\u00e3es.","robots":{"index":"index","follow":"follow","max-snippet":"max-snippet:-1","max-image-preview":"max-image-preview:large","max-video-preview":"max-video-preview:-1"},"canonical":"https:\/\/www.abvp.pt\/en\/abvp-travel-fest-2023\/","og_locale":"en_GB","og_type":"article","og_title":"ABVP Travel Fest 2023 - ABVP","og_description":"O ABVP Travel Fest 2023 vai realizar-se entre 22 e 24 de Setembro em Guimar\u00e3es.","og_url":"https:\/\/www.abvp.pt\/en\/abvp-travel-fest-2023\/","og_site_name":"ABVP","article_publisher":"https:\/\/www.facebook.com\/abvppt\/","article_author":"https:\/\/www.facebook.com\/viajarporquesim","article_published_time":"2023-06-02T09:24:44+00:00","article_modified_time":"2023-06-27T09:32:01+00:00","og_image":[{"width":1920,"height":1080,"url":"https:\/\/www.abvp.pt\/wp-content\/uploads\/Capa-post-travel-fest-2023.jpg","type":"image\/jpeg"}],"author":"Ana C. Borges","twitter_card":"summary_large_image","twitter_creator":"@abvppt","twitter_site":"@abvppt","twitter_misc":{"Written by":"Ana C. Borges","Estimated reading time":"4 minutes"},"schema":{"@context":"https:\/\/schema.org","@graph":[{"@type":"Article","@id":"https:\/\/www.abvp.pt\/abvp-travel-fest-2023\/#article","isPartOf":{"@id":"https:\/\/www.abvp.pt\/abvp-travel-fest-2023\/"},"author":{"name":"Ana C. Borges","@id":"https:\/\/www.abvp.pt\/#\/schema\/person\/c01001ca9ca03c994808b13624fdbd5c"},"headline":"ABVP Travel Fest 2023","datePublished":"2023-06-02T09:24:44+00:00","dateModified":"2023-06-27T09:32:01+00:00","mainEntityOfPage":{"@id":"https:\/\/www.abvp.pt\/abvp-travel-fest-2023\/"},"wordCount":644,"commentCount":0,"publisher":{"@id":"https:\/\/www.abvp.pt\/#organization"},"image":{"@id":"https:\/\/www.abvp.pt\/abvp-travel-fest-2023\/#primaryimage"},"thumbnailUrl":"https:\/\/www.abvp.pt\/wp-content\/uploads\/Capa-post-travel-fest-2023.jpg","keywords":["abvp","travel fest"],"articleSection":["Comunicados"],"inLanguage":"en-GB","potentialAction":[{"@type":"CommentAction","name":"Comment","target":["https:\/\/www.abvp.pt\/abvp-travel-fest-2023\/#respond"]}]},{"@type":"WebPage","@id":"https:\/\/www.abvp.pt\/abvp-travel-fest-2023\/","url":"https:\/\/www.abvp.pt\/abvp-travel-fest-2023\/","name":"ABVP Travel Fest 2023 - ABVP","isPartOf":{"@id":"https:\/\/www.abvp.pt\/#website"},"primaryImageOfPage":{"@id":"https:\/\/www.abvp.pt\/abvp-travel-fest-2023\/#primaryimage"},"image":{"@id":"https:\/\/www.abvp.pt\/abvp-travel-fest-2023\/#primaryimage"},"thumbnailUrl":"https:\/\/www.abvp.pt\/wp-content\/uploads\/Capa-post-travel-fest-2023.jpg","datePublished":"2023-06-02T09:24:44+00:00","dateModified":"2023-06-27T09:32:01+00:00","description":"O ABVP Travel Fest 2023 vai realizar-se entre 22 e 24 de Setembro em Guimar\u00e3es.","breadcrumb":{"@id":"https:\/\/www.abvp.pt\/abvp-travel-fest-2023\/#breadcrumb"},"inLanguage":"en-GB","potentialAction":[{"@type":"ReadAction","target":["https:\/\/www.abvp.pt\/abvp-travel-fest-2023\/"]}]},{"@type":"ImageObject","inLanguage":"en-GB","@id":"https:\/\/www.abvp.pt\/abvp-travel-fest-2023\/#primaryimage","url":"https:\/\/www.abvp.pt\/wp-content\/uploads\/Capa-post-travel-fest-2023.jpg","contentUrl":"https:\/\/www.abvp.pt\/wp-content\/uploads\/Capa-post-travel-fest-2023.jpg","width":1920,"height":1080},{"@type":"BreadcrumbList","@id":"https:\/\/www.abvp.pt\/abvp-travel-fest-2023\/#breadcrumb","itemListElement":[{"@type":"ListItem","position":1,"name":"In\u00edcio","item":"https:\/\/www.abvp.pt\/"},{"@type":"ListItem","position":2,"name":"ABVP Travel Fest 2023"}]},{"@type":"WebSite","@id":"https:\/\/www.abvp.pt\/#website","url":"https:\/\/www.abvp.pt\/","name":"ABVP","description":"Association of Portuguese Travel Bloggers","publisher":{"@id":"https:\/\/www.abvp.pt\/#organization"},"potentialAction":[{"@type":"SearchAction","target":{"@type":"EntryPoint","urlTemplate":"https:\/\/www.abvp.pt\/?s={search_term_string}"},"query-input":{"@type":"PropertyValueSpecification","valueRequired":true,"valueName":"search_term_string"}}],"inLanguage":"en-GB"},{"@type":"Organization","@id":"https:\/\/www.abvp.pt\/#organization","name":"ABVP","url":"https:\/\/www.abvp.pt\/","logo":{"@type":"ImageObject","inLanguage":"en-GB","@id":"https:\/\/www.abvp.pt\/#\/schema\/logo\/image\/","url":"https:\/\/www.abvp.pt\/wp-content\/uploads\/Logo-Header-dark.svg","contentUrl":"https:\/\/www.abvp.pt\/wp-content\/uploads\/Logo-Header-dark.svg","width":325,"height":48,"caption":"ABVP"},"image":{"@id":"https:\/\/www.abvp.pt\/#\/schema\/logo\/image\/"},"sameAs":["https:\/\/www.facebook.com\/abvppt\/","https:\/\/x.com\/abvppt","https:\/\/www.instagram.com\/abvppt\/"]},{"@type":"Person","@id":"https:\/\/www.abvp.pt\/#\/schema\/person\/c01001ca9ca03c994808b13624fdbd5c","name":"Ana C. Borges","image":{"@type":"ImageObject","inLanguage":"en-GB","@id":"https:\/\/www.abvp.pt\/#\/schema\/person\/image\/","url":"https:\/\/secure.gravatar.com\/avatar\/7a725f4592614d4ad6702531f09627ac?s=96&d=mm&r=g","contentUrl":"https:\/\/secure.gravatar.com\/avatar\/7a725f4592614d4ad6702531f09627ac?s=96&d=mm&r=g","caption":"Ana C. Borges"},"description":"Gosta de passeios longos e conversas intermin\u00e1veis, de ver o que ainda n\u00e3o conhece e rever os lugares do cora\u00e7\u00e3o. Fotografa para mem\u00f3ria futura. Escreve porque lhe sabem bem as palavras. Viaja por paix\u00e3o \u2013 e porque o mundo \u00e9 demasiado grande para ficarmos quietos. \u00c9 autora do blogue Viajar porque sim.","sameAs":["https:\/\/viajarporquesim.blogs.sapo.pt\/","https:\/\/www.facebook.com\/viajarporquesim","https:\/\/www.instagram.com\/viajar_porque_sim\/","https:\/\/www.pinterest.pt\/viajarporquesim\/"],"url":"https:\/\/www.abvp.pt\/en\/author\/acborges\/"}]}},"_links":{"self":[{"href":"https:\/\/www.abvp.pt\/en\/wp-json\/wp\/v2\/posts\/3409","targetHints":{"allow":["GET"]}}],"collection":[{"href":"https:\/\/www.abvp.pt\/en\/wp-json\/wp\/v2\/posts"}],"about":[{"href":"https:\/\/www.abvp.pt\/en\/wp-json\/wp\/v2\/types\/post"}],"author":[{"embeddable":true,"href":"https:\/\/www.abvp.pt\/en\/wp-json\/wp\/v2\/users\/16"}],"replies":[{"embeddable":true,"href":"https:\/\/www.abvp.pt\/en\/wp-json\/wp\/v2\/comments?post=3409"}],"version-history":[{"count":0,"href":"https:\/\/www.abvp.pt\/en\/wp-json\/wp\/v2\/posts\/3409\/revisions"}],"wp:featuredmedia":[{"embeddable":true,"href":"https:\/\/www.abvp.pt\/en\/wp-json\/wp\/v2\/media\/3412"}],"wp:attachment":[{"href":"https:\/\/www.abvp.pt\/en\/wp-json\/wp\/v2\/media?parent=3409"}],"wp:term":[{"taxonomy":"category","embeddable":true,"href":"https:\/\/www.abvp.pt\/en\/wp-json\/wp\/v2\/categories?post=3409"},{"taxonomy":"post_tag","embeddable":true,"href":"https:\/\/www.abvp.pt\/en\/wp-json\/wp\/v2\/tags?post=3409"}],"curies":[{"name":"wp","href":"https:\/\/api.w.org\/{rel}","templated":true}]}}