{"id":3464,"date":"2023-07-04T18:06:52","date_gmt":"2023-07-04T17:06:52","guid":{"rendered":"https:\/\/www.abvp.pt\/?p=3464"},"modified":"2024-07-22T18:09:13","modified_gmt":"2024-07-22T17:09:13","slug":"concurso-blogging-caldas-da-rainha","status":"publish","type":"post","link":"https:\/\/www.abvp.pt\/en\/concurso-blogging-caldas-da-rainha\/","title":{"rendered":"\u201cBlogging Caldas da Rainha\u201d \u2013 mais um concurso da parceria ABVP \/ Art&#038;Tur"},"content":{"rendered":"<p>O Festival Internacional de Cinema de Turismo Art&amp;Tur, que este ano ir\u00e1 ter lugar de 24 a 27 de Outubro nas Caldas da Rainha, lan\u00e7ou mais um concurso destinado a bloggers de viagens. Esta iniciativa, coordenada em parceria com a ABVP, vai j\u00e1 no seu terceiro ano consecutivo.<\/p>\n\n\n\n<p>Sob o t\u00edtulo \u201cBlogging Caldas da Rainha\u201d, os trabalhos que forem apresentados este ano a concurso dever\u00e3o, como habitualmente, ser em formato de artigo escrito com ilustra\u00e7\u00e3o fotogr\u00e1fica e estar publicados num blogue independente. Tal como o t\u00edtulo indica, os artigos ter\u00e3o de dizer respeito \u00e0 regi\u00e3o das Caldas da Rainha.<\/p>\n\n\n\n<figure class=\"wp-block-image aligncenter size-full is-resized\"><img fetchpriority=\"high\" decoding=\"async\" width=\"600\" height=\"848\" src=\"https:\/\/www.abvp.pt\/wp-content\/uploads\/blogging-cr-2023-capa.jpg\" alt=\"\" class=\"wp-image-3465\" style=\"width:395px;height:558px\" srcset=\"https:\/\/www.abvp.pt\/wp-content\/uploads\/blogging-cr-2023-capa.jpg 600w, https:\/\/www.abvp.pt\/wp-content\/uploads\/blogging-cr-2023-capa-566x800.jpg 566w, https:\/\/www.abvp.pt\/wp-content\/uploads\/blogging-cr-2023-capa-106x150.jpg 106w\" sizes=\"(max-width: 600px) 100vw, 600px\" \/><\/figure>\n\n\n\n<p>O formul\u00e1rio de inscri\u00e7\u00e3o e o regulamento est\u00e3o aqui: <a href=\"https:\/\/tourfilm-festival.com\/blogging\/#formulario_inscricao\">https:\/\/tourfilm-festival.com\/blogging\/#formulario_inscricao<\/a>.<\/p>\n\n\n\n<p>O Art&amp;Tur vai j\u00e1 na sua 16\u00aa edi\u00e7\u00e3o e \u00e9 reconhecido internacionalmente como um festival de qualidade, exibindo v\u00e1rias dezenas de filmes (publicit\u00e1rios ou de document\u00e1rio) dedicados \u00e0 divulga\u00e7\u00e3o tur\u00edstica de destinos em todo o mundo.<\/p>\n\n\n\n<p>O vencedor do pr\u00e9mio ser\u00e1 anunciado durante o festival e ser\u00e1 promovido ao longo do evento, que \u00e9 transmitido em <em>streaming<\/em> nas redes sociais. Esta \u00e9, por isso mesmo, uma excelente oportunidade de divulga\u00e7\u00e3o e reconhecimento dos blogues de viagens enquanto intervenientes importantes na ind\u00fastria tur\u00edstica nacional.<\/p>\n\n\n\n<div style=\"height:21px\" aria-hidden=\"true\" class=\"wp-block-spacer\"><\/div>","protected":false},"excerpt":{"rendered":"<p>O Festival Internacional de Cinema de Turismo Art&amp;Tur, que este ano ir\u00e1 ter lugar de 24 a 27 de Outubro nas Caldas da Rainha, lan\u00e7ou mais um concurso destinado a [&hellip;]<\/p>\n","protected":false},"author":16,"featured_media":3469,"comment_status":"open","ping_status":"closed","sticky":false,"template":"","format":"standard","meta":{"_price":"","_stock":"","_tribe_ticket_header":"","_tribe_default_ticket_provider":"","_tribe_ticket_capacity":"0","_ticket_start_date":"","_ticket_end_date":"","_tribe_ticket_show_description":"","_tribe_ticket_show_not_going":false,"_tribe_ticket_use_global_stock":"","_tribe_ticket_global_stock_level":"","_global_stock_mode":"","_global_stock_cap":"","_tribe_rsvp_for_event":"","_tribe_ticket_going_count":"","_tribe_ticket_not_going_count":"","_tribe_tickets_list":"[]","_tribe_ticket_has_attendee_info_fields":false,"_EventAllDay":false,"_EventTimezone":"","_EventStartDate":"","_EventEndDate":"","_EventStartDateUTC":"","_EventEndDateUTC":"","_EventShowMap":false,"_EventShowMapLink":false,"_EventURL":"","_EventCost":"","_EventCostDescription":"","_EventCurrencySymbol":"","_EventCurrencyCode":"","_EventCurrencyPosition":"","_EventDateTimeSeparator":"","_EventTimeRangeSeparator":"","_EventOrganizerID":[],"_EventVenueID":[],"_OrganizerEmail":"","_OrganizerPhone":"","_OrganizerWebsite":"","_VenueAddress":"","_VenueCity":"","_VenueCountry":"","_VenueProvince":"","_VenueState":"","_VenueZip":"","_VenuePhone":"","_VenueURL":"","_VenueStateProvince":"","_VenueLat":"","_VenueLng":"","_VenueShowMap":false,"_VenueShowMapLink":false,"footnotes":""},"categories":[12,1],"tags":[55,56],"class_list":["post-3464","post","type-post","status-publish","format-standard","has-post-thumbnail","hentry","category-comunicados","category-conteudo","tag-arttur","tag-concurso"],"blocksy_meta":[],"yoast_head":"<!-- This site is optimized with the Yoast SEO plugin v26.4 - https:\/\/yoast.com\/wordpress\/plugins\/seo\/ -->\n<title>\u201cBlogging Caldas da Rainha\u201d \u2013 mais um concurso da parceria ABVP \/ Art&amp;Tur - ABVP<\/title>\n<meta name=\"description\" content=\"Em parceria com a ABVP, o festival de cinema de turismo Art&amp;Tur lan\u00e7ou o concurso &quot;Blogging Caldas da Rainha&quot; destinado a bloggers de viagem.\" \/>\n<meta name=\"robots\" content=\"index, follow, max-snippet:-1, max-image-preview:large, max-video-preview:-1\" \/>\n<link rel=\"canonical\" href=\"https:\/\/www.abvp.pt\/en\/concurso-blogging-caldas-da-rainha\/\" \/>\n<meta property=\"og:locale\" content=\"en_GB\" \/>\n<meta property=\"og:type\" content=\"article\" \/>\n<meta property=\"og:title\" content=\"\u201cBlogging Caldas da Rainha\u201d \u2013 mais um concurso da parceria ABVP \/ Art&amp;Tur - ABVP\" \/>\n<meta property=\"og:description\" content=\"Em parceria com a ABVP, o festival de cinema de turismo Art&amp;Tur lan\u00e7ou o concurso &quot;Blogging Caldas da Rainha&quot; destinado a bloggers de viagem.\" \/>\n<meta property=\"og:url\" content=\"https:\/\/www.abvp.pt\/en\/concurso-blogging-caldas-da-rainha\/\" \/>\n<meta property=\"og:site_name\" content=\"ABVP\" \/>\n<meta property=\"article:publisher\" content=\"https:\/\/www.facebook.com\/abvppt\/\" \/>\n<meta property=\"article:author\" content=\"https:\/\/www.facebook.com\/viajarporquesim\" \/>\n<meta property=\"article:published_time\" content=\"2023-07-04T17:06:52+00:00\" \/>\n<meta property=\"article:modified_time\" content=\"2024-07-22T17:09:13+00:00\" \/>\n<meta property=\"og:image\" content=\"https:\/\/www.abvp.pt\/wp-content\/uploads\/13-Foz-do-Arelho.jpeg\" \/>\n\t<meta property=\"og:image:width\" content=\"1600\" \/>\n\t<meta property=\"og:image:height\" content=\"1200\" \/>\n\t<meta property=\"og:image:type\" content=\"image\/jpeg\" \/>\n<meta name=\"author\" content=\"Ana C. Borges\" \/>\n<meta name=\"twitter:card\" content=\"summary_large_image\" \/>\n<meta name=\"twitter:creator\" content=\"@abvppt\" \/>\n<meta name=\"twitter:site\" content=\"@abvppt\" \/>\n<meta name=\"twitter:label1\" content=\"Written by\" \/>\n\t<meta name=\"twitter:data1\" content=\"Ana C. Borges\" \/>\n\t<meta name=\"twitter:label2\" content=\"Estimated reading time\" \/>\n\t<meta name=\"twitter:data2\" content=\"2 minutes\" \/>\n<script type=\"application\/ld+json\" class=\"yoast-schema-graph\">{\"@context\":\"https:\/\/schema.org\",\"@graph\":[{\"@type\":\"Article\",\"@id\":\"https:\/\/www.abvp.pt\/concurso-blogging-caldas-da-rainha\/#article\",\"isPartOf\":{\"@id\":\"https:\/\/www.abvp.pt\/concurso-blogging-caldas-da-rainha\/\"},\"author\":{\"name\":\"Ana C. Borges\",\"@id\":\"https:\/\/www.abvp.pt\/#\/schema\/person\/c01001ca9ca03c994808b13624fdbd5c\"},\"headline\":\"\u201cBlogging Caldas da Rainha\u201d \u2013 mais um concurso da parceria ABVP \/ Art&#038;Tur\",\"datePublished\":\"2023-07-04T17:06:52+00:00\",\"dateModified\":\"2024-07-22T17:09:13+00:00\",\"mainEntityOfPage\":{\"@id\":\"https:\/\/www.abvp.pt\/concurso-blogging-caldas-da-rainha\/\"},\"wordCount\":226,\"commentCount\":0,\"publisher\":{\"@id\":\"https:\/\/www.abvp.pt\/#organization\"},\"image\":{\"@id\":\"https:\/\/www.abvp.pt\/concurso-blogging-caldas-da-rainha\/#primaryimage\"},\"thumbnailUrl\":\"https:\/\/www.abvp.pt\/wp-content\/uploads\/13-Foz-do-Arelho.jpeg\",\"keywords\":[\"art&amp;tur\",\"concurso\"],\"articleSection\":[\"Comunicados\",\"Conte\u00fado\"],\"inLanguage\":\"en-GB\",\"potentialAction\":[{\"@type\":\"CommentAction\",\"name\":\"Comment\",\"target\":[\"https:\/\/www.abvp.pt\/concurso-blogging-caldas-da-rainha\/#respond\"]}]},{\"@type\":\"WebPage\",\"@id\":\"https:\/\/www.abvp.pt\/concurso-blogging-caldas-da-rainha\/\",\"url\":\"https:\/\/www.abvp.pt\/concurso-blogging-caldas-da-rainha\/\",\"name\":\"\u201cBlogging Caldas da Rainha\u201d \u2013 mais um concurso da parceria ABVP \/ Art&Tur - ABVP\",\"isPartOf\":{\"@id\":\"https:\/\/www.abvp.pt\/#website\"},\"primaryImageOfPage\":{\"@id\":\"https:\/\/www.abvp.pt\/concurso-blogging-caldas-da-rainha\/#primaryimage\"},\"image\":{\"@id\":\"https:\/\/www.abvp.pt\/concurso-blogging-caldas-da-rainha\/#primaryimage\"},\"thumbnailUrl\":\"https:\/\/www.abvp.pt\/wp-content\/uploads\/13-Foz-do-Arelho.jpeg\",\"datePublished\":\"2023-07-04T17:06:52+00:00\",\"dateModified\":\"2024-07-22T17:09:13+00:00\",\"description\":\"Em parceria com a ABVP, o festival de cinema de turismo Art&Tur lan\u00e7ou o concurso \\\"Blogging Caldas da Rainha\\\" destinado a bloggers de viagem.\",\"breadcrumb\":{\"@id\":\"https:\/\/www.abvp.pt\/concurso-blogging-caldas-da-rainha\/#breadcrumb\"},\"inLanguage\":\"en-GB\",\"potentialAction\":[{\"@type\":\"ReadAction\",\"target\":[\"https:\/\/www.abvp.pt\/concurso-blogging-caldas-da-rainha\/\"]}]},{\"@type\":\"ImageObject\",\"inLanguage\":\"en-GB\",\"@id\":\"https:\/\/www.abvp.pt\/concurso-blogging-caldas-da-rainha\/#primaryimage\",\"url\":\"https:\/\/www.abvp.pt\/wp-content\/uploads\/13-Foz-do-Arelho.jpeg\",\"contentUrl\":\"https:\/\/www.abvp.pt\/wp-content\/uploads\/13-Foz-do-Arelho.jpeg\",\"width\":1600,\"height\":1200,\"caption\":\"Praia da Foz do Arelho, na regi\u00e3o das Caldas da Rainha\"},{\"@type\":\"BreadcrumbList\",\"@id\":\"https:\/\/www.abvp.pt\/concurso-blogging-caldas-da-rainha\/#breadcrumb\",\"itemListElement\":[{\"@type\":\"ListItem\",\"position\":1,\"name\":\"In\u00edcio\",\"item\":\"https:\/\/www.abvp.pt\/\"},{\"@type\":\"ListItem\",\"position\":2,\"name\":\"\u201cBlogging Caldas da Rainha\u201d \u2013 mais um concurso da parceria ABVP \/ Art&#038;Tur\"}]},{\"@type\":\"WebSite\",\"@id\":\"https:\/\/www.abvp.pt\/#website\",\"url\":\"https:\/\/www.abvp.pt\/\",\"name\":\"ABVP\",\"description\":\"Associa\u00e7\u00e3o de Bloggers de Viagem Portugueses\",\"publisher\":{\"@id\":\"https:\/\/www.abvp.pt\/#organization\"},\"potentialAction\":[{\"@type\":\"SearchAction\",\"target\":{\"@type\":\"EntryPoint\",\"urlTemplate\":\"https:\/\/www.abvp.pt\/?s={search_term_string}\"},\"query-input\":{\"@type\":\"PropertyValueSpecification\",\"valueRequired\":true,\"valueName\":\"search_term_string\"}}],\"inLanguage\":\"en-GB\"},{\"@type\":\"Organization\",\"@id\":\"https:\/\/www.abvp.pt\/#organization\",\"name\":\"ABVP\",\"url\":\"https:\/\/www.abvp.pt\/\",\"logo\":{\"@type\":\"ImageObject\",\"inLanguage\":\"en-GB\",\"@id\":\"https:\/\/www.abvp.pt\/#\/schema\/logo\/image\/\",\"url\":\"https:\/\/www.abvp.pt\/wp-content\/uploads\/Logo-Header-dark.svg\",\"contentUrl\":\"https:\/\/www.abvp.pt\/wp-content\/uploads\/Logo-Header-dark.svg\",\"width\":325,\"height\":48,\"caption\":\"ABVP\"},\"image\":{\"@id\":\"https:\/\/www.abvp.pt\/#\/schema\/logo\/image\/\"},\"sameAs\":[\"https:\/\/www.facebook.com\/abvppt\/\",\"https:\/\/x.com\/abvppt\",\"https:\/\/www.instagram.com\/abvppt\/\"]},{\"@type\":\"Person\",\"@id\":\"https:\/\/www.abvp.pt\/#\/schema\/person\/c01001ca9ca03c994808b13624fdbd5c\",\"name\":\"Ana C. Borges\",\"image\":{\"@type\":\"ImageObject\",\"inLanguage\":\"en-GB\",\"@id\":\"https:\/\/www.abvp.pt\/#\/schema\/person\/image\/\",\"url\":\"https:\/\/secure.gravatar.com\/avatar\/7a725f4592614d4ad6702531f09627ac?s=96&d=mm&r=g\",\"contentUrl\":\"https:\/\/secure.gravatar.com\/avatar\/7a725f4592614d4ad6702531f09627ac?s=96&d=mm&r=g\",\"caption\":\"Ana C. Borges\"},\"description\":\"Gosta de passeios longos e conversas intermin\u00e1veis, de ver o que ainda n\u00e3o conhece e rever os lugares do cora\u00e7\u00e3o. Fotografa para mem\u00f3ria futura. Escreve porque lhe sabem bem as palavras. Viaja por paix\u00e3o \u2013 e porque o mundo \u00e9 demasiado grande para ficarmos quietos. \u00c9 autora do blogue Viajar porque sim.\",\"sameAs\":[\"https:\/\/viajarporquesim.blogs.sapo.pt\/\",\"https:\/\/www.facebook.com\/viajarporquesim\",\"https:\/\/www.instagram.com\/viajar_porque_sim\/\",\"https:\/\/www.pinterest.pt\/viajarporquesim\/\"],\"url\":\"https:\/\/www.abvp.pt\/en\/author\/acborges\/\"}]}<\/script>\n<!-- \/ Yoast SEO plugin. -->","yoast_head_json":{"title":"\u201cBlogging Caldas da Rainha\u201d \u2013 mais um concurso da parceria ABVP \/ Art&Tur - ABVP","description":"Em parceria com a ABVP, o festival de cinema de turismo Art&Tur lan\u00e7ou o concurso \"Blogging Caldas da Rainha\" destinado a bloggers de viagem.","robots":{"index":"index","follow":"follow","max-snippet":"max-snippet:-1","max-image-preview":"max-image-preview:large","max-video-preview":"max-video-preview:-1"},"canonical":"https:\/\/www.abvp.pt\/en\/concurso-blogging-caldas-da-rainha\/","og_locale":"en_GB","og_type":"article","og_title":"\u201cBlogging Caldas da Rainha\u201d \u2013 mais um concurso da parceria ABVP \/ Art&Tur - ABVP","og_description":"Em parceria com a ABVP, o festival de cinema de turismo Art&Tur lan\u00e7ou o concurso \"Blogging Caldas da Rainha\" destinado a bloggers de viagem.","og_url":"https:\/\/www.abvp.pt\/en\/concurso-blogging-caldas-da-rainha\/","og_site_name":"ABVP","article_publisher":"https:\/\/www.facebook.com\/abvppt\/","article_author":"https:\/\/www.facebook.com\/viajarporquesim","article_published_time":"2023-07-04T17:06:52+00:00","article_modified_time":"2024-07-22T17:09:13+00:00","og_image":[{"width":1600,"height":1200,"url":"https:\/\/www.abvp.pt\/wp-content\/uploads\/13-Foz-do-Arelho.jpeg","type":"image\/jpeg"}],"author":"Ana C. Borges","twitter_card":"summary_large_image","twitter_creator":"@abvppt","twitter_site":"@abvppt","twitter_misc":{"Written by":"Ana C. Borges","Estimated reading time":"2 minutes"},"schema":{"@context":"https:\/\/schema.org","@graph":[{"@type":"Article","@id":"https:\/\/www.abvp.pt\/concurso-blogging-caldas-da-rainha\/#article","isPartOf":{"@id":"https:\/\/www.abvp.pt\/concurso-blogging-caldas-da-rainha\/"},"author":{"name":"Ana C. Borges","@id":"https:\/\/www.abvp.pt\/#\/schema\/person\/c01001ca9ca03c994808b13624fdbd5c"},"headline":"\u201cBlogging Caldas da Rainha\u201d \u2013 mais um concurso da parceria ABVP \/ Art&#038;Tur","datePublished":"2023-07-04T17:06:52+00:00","dateModified":"2024-07-22T17:09:13+00:00","mainEntityOfPage":{"@id":"https:\/\/www.abvp.pt\/concurso-blogging-caldas-da-rainha\/"},"wordCount":226,"commentCount":0,"publisher":{"@id":"https:\/\/www.abvp.pt\/#organization"},"image":{"@id":"https:\/\/www.abvp.pt\/concurso-blogging-caldas-da-rainha\/#primaryimage"},"thumbnailUrl":"https:\/\/www.abvp.pt\/wp-content\/uploads\/13-Foz-do-Arelho.jpeg","keywords":["art&amp;tur","concurso"],"articleSection":["Comunicados","Conte\u00fado"],"inLanguage":"en-GB","potentialAction":[{"@type":"CommentAction","name":"Comment","target":["https:\/\/www.abvp.pt\/concurso-blogging-caldas-da-rainha\/#respond"]}]},{"@type":"WebPage","@id":"https:\/\/www.abvp.pt\/concurso-blogging-caldas-da-rainha\/","url":"https:\/\/www.abvp.pt\/concurso-blogging-caldas-da-rainha\/","name":"\u201cBlogging Caldas da Rainha\u201d \u2013 mais um concurso da parceria ABVP \/ Art&Tur - ABVP","isPartOf":{"@id":"https:\/\/www.abvp.pt\/#website"},"primaryImageOfPage":{"@id":"https:\/\/www.abvp.pt\/concurso-blogging-caldas-da-rainha\/#primaryimage"},"image":{"@id":"https:\/\/www.abvp.pt\/concurso-blogging-caldas-da-rainha\/#primaryimage"},"thumbnailUrl":"https:\/\/www.abvp.pt\/wp-content\/uploads\/13-Foz-do-Arelho.jpeg","datePublished":"2023-07-04T17:06:52+00:00","dateModified":"2024-07-22T17:09:13+00:00","description":"Em parceria com a ABVP, o festival de cinema de turismo Art&Tur lan\u00e7ou o concurso \"Blogging Caldas da Rainha\" destinado a bloggers de viagem.","breadcrumb":{"@id":"https:\/\/www.abvp.pt\/concurso-blogging-caldas-da-rainha\/#breadcrumb"},"inLanguage":"en-GB","potentialAction":[{"@type":"ReadAction","target":["https:\/\/www.abvp.pt\/concurso-blogging-caldas-da-rainha\/"]}]},{"@type":"ImageObject","inLanguage":"en-GB","@id":"https:\/\/www.abvp.pt\/concurso-blogging-caldas-da-rainha\/#primaryimage","url":"https:\/\/www.abvp.pt\/wp-content\/uploads\/13-Foz-do-Arelho.jpeg","contentUrl":"https:\/\/www.abvp.pt\/wp-content\/uploads\/13-Foz-do-Arelho.jpeg","width":1600,"height":1200,"caption":"Praia da Foz do Arelho, na regi\u00e3o das Caldas da Rainha"},{"@type":"BreadcrumbList","@id":"https:\/\/www.abvp.pt\/concurso-blogging-caldas-da-rainha\/#breadcrumb","itemListElement":[{"@type":"ListItem","position":1,"name":"In\u00edcio","item":"https:\/\/www.abvp.pt\/"},{"@type":"ListItem","position":2,"name":"\u201cBlogging Caldas da Rainha\u201d \u2013 mais um concurso da parceria ABVP \/ Art&#038;Tur"}]},{"@type":"WebSite","@id":"https:\/\/www.abvp.pt\/#website","url":"https:\/\/www.abvp.pt\/","name":"ABVP","description":"Association of Portuguese Travel Bloggers","publisher":{"@id":"https:\/\/www.abvp.pt\/#organization"},"potentialAction":[{"@type":"SearchAction","target":{"@type":"EntryPoint","urlTemplate":"https:\/\/www.abvp.pt\/?s={search_term_string}"},"query-input":{"@type":"PropertyValueSpecification","valueRequired":true,"valueName":"search_term_string"}}],"inLanguage":"en-GB"},{"@type":"Organization","@id":"https:\/\/www.abvp.pt\/#organization","name":"ABVP","url":"https:\/\/www.abvp.pt\/","logo":{"@type":"ImageObject","inLanguage":"en-GB","@id":"https:\/\/www.abvp.pt\/#\/schema\/logo\/image\/","url":"https:\/\/www.abvp.pt\/wp-content\/uploads\/Logo-Header-dark.svg","contentUrl":"https:\/\/www.abvp.pt\/wp-content\/uploads\/Logo-Header-dark.svg","width":325,"height":48,"caption":"ABVP"},"image":{"@id":"https:\/\/www.abvp.pt\/#\/schema\/logo\/image\/"},"sameAs":["https:\/\/www.facebook.com\/abvppt\/","https:\/\/x.com\/abvppt","https:\/\/www.instagram.com\/abvppt\/"]},{"@type":"Person","@id":"https:\/\/www.abvp.pt\/#\/schema\/person\/c01001ca9ca03c994808b13624fdbd5c","name":"Ana C. Borges","image":{"@type":"ImageObject","inLanguage":"en-GB","@id":"https:\/\/www.abvp.pt\/#\/schema\/person\/image\/","url":"https:\/\/secure.gravatar.com\/avatar\/7a725f4592614d4ad6702531f09627ac?s=96&d=mm&r=g","contentUrl":"https:\/\/secure.gravatar.com\/avatar\/7a725f4592614d4ad6702531f09627ac?s=96&d=mm&r=g","caption":"Ana C. Borges"},"description":"Gosta de passeios longos e conversas intermin\u00e1veis, de ver o que ainda n\u00e3o conhece e rever os lugares do cora\u00e7\u00e3o. Fotografa para mem\u00f3ria futura. Escreve porque lhe sabem bem as palavras. Viaja por paix\u00e3o \u2013 e porque o mundo \u00e9 demasiado grande para ficarmos quietos. \u00c9 autora do blogue Viajar porque sim.","sameAs":["https:\/\/viajarporquesim.blogs.sapo.pt\/","https:\/\/www.facebook.com\/viajarporquesim","https:\/\/www.instagram.com\/viajar_porque_sim\/","https:\/\/www.pinterest.pt\/viajarporquesim\/"],"url":"https:\/\/www.abvp.pt\/en\/author\/acborges\/"}]}},"_links":{"self":[{"href":"https:\/\/www.abvp.pt\/en\/wp-json\/wp\/v2\/posts\/3464","targetHints":{"allow":["GET"]}}],"collection":[{"href":"https:\/\/www.abvp.pt\/en\/wp-json\/wp\/v2\/posts"}],"about":[{"href":"https:\/\/www.abvp.pt\/en\/wp-json\/wp\/v2\/types\/post"}],"author":[{"embeddable":true,"href":"https:\/\/www.abvp.pt\/en\/wp-json\/wp\/v2\/users\/16"}],"replies":[{"embeddable":true,"href":"https:\/\/www.abvp.pt\/en\/wp-json\/wp\/v2\/comments?post=3464"}],"version-history":[{"count":0,"href":"https:\/\/www.abvp.pt\/en\/wp-json\/wp\/v2\/posts\/3464\/revisions"}],"wp:featuredmedia":[{"embeddable":true,"href":"https:\/\/www.abvp.pt\/en\/wp-json\/wp\/v2\/media\/3469"}],"wp:attachment":[{"href":"https:\/\/www.abvp.pt\/en\/wp-json\/wp\/v2\/media?parent=3464"}],"wp:term":[{"taxonomy":"category","embeddable":true,"href":"https:\/\/www.abvp.pt\/en\/wp-json\/wp\/v2\/categories?post=3464"},{"taxonomy":"post_tag","embeddable":true,"href":"https:\/\/www.abvp.pt\/en\/wp-json\/wp\/v2\/tags?post=3464"}],"curies":[{"name":"wp","href":"https:\/\/api.w.org\/{rel}","templated":true}]}}