{"id":3476,"date":"2023-07-11T09:40:41","date_gmt":"2023-07-11T08:40:41","guid":{"rendered":"https:\/\/www.abvp.pt\/?p=3476"},"modified":"2023-07-12T17:05:09","modified_gmt":"2023-07-12T16:05:09","slug":"bootcamp-de-fotografia-com-bernardo-conde","status":"publish","type":"post","link":"https:\/\/www.abvp.pt\/en\/bootcamp-de-fotografia-com-bernardo-conde\/","title":{"rendered":"Bootcamp de Fotografia com Bernardo Conde"},"content":{"rendered":"<figure class=\"wp-block-image size-full\"><img fetchpriority=\"high\" decoding=\"async\" width=\"932\" height=\"840\" src=\"https:\/\/www.abvp.pt\/wp-content\/uploads\/Intrepid-WhatsApp-Image-2023-07-08-at-20.41.48-1-cropped.jpeg\" alt=\"\" class=\"wp-image-3511\" srcset=\"https:\/\/www.abvp.pt\/wp-content\/uploads\/Intrepid-WhatsApp-Image-2023-07-08-at-20.41.48-1-cropped.jpeg 932w, https:\/\/www.abvp.pt\/wp-content\/uploads\/Intrepid-WhatsApp-Image-2023-07-08-at-20.41.48-1-cropped-600x541.jpeg 600w, https:\/\/www.abvp.pt\/wp-content\/uploads\/Intrepid-WhatsApp-Image-2023-07-08-at-20.41.48-1-cropped-800x721.jpeg 800w, https:\/\/www.abvp.pt\/wp-content\/uploads\/Intrepid-WhatsApp-Image-2023-07-08-at-20.41.48-1-cropped-150x135.jpeg 150w, https:\/\/www.abvp.pt\/wp-content\/uploads\/Intrepid-WhatsApp-Image-2023-07-08-at-20.41.48-1-cropped-768x692.jpeg 768w\" sizes=\"(max-width: 932px) 100vw, 932px\" \/><\/figure>\n\n\n\n<p>No fim-de-semana de 8 e 9 de Julho de 2023, os elementos de oito blogues associados da ABVP deslocaram-se at\u00e9 Janeiro de Cima, uma Aldeia do Xisto no centro de Portugal, para adquirirem mais conhecimentos sobre fotografia.<\/p>\n\n\n\n<figure class=\"wp-block-image size-large\"><img decoding=\"async\" width=\"1067\" height=\"1600\" src=\"https:\/\/www.abvp.pt\/wp-content\/uploads\/L1290884-1067x1600.jpg\" alt=\"\" class=\"wp-image-3478\" srcset=\"https:\/\/www.abvp.pt\/wp-content\/uploads\/L1290884-1067x1600.jpg 1067w, https:\/\/www.abvp.pt\/wp-content\/uploads\/L1290884-scaled-600x900.jpg 600w, https:\/\/www.abvp.pt\/wp-content\/uploads\/L1290884-533x800.jpg 533w, https:\/\/www.abvp.pt\/wp-content\/uploads\/L1290884-100x150.jpg 100w, https:\/\/www.abvp.pt\/wp-content\/uploads\/L1290884-768x1152.jpg 768w, https:\/\/www.abvp.pt\/wp-content\/uploads\/L1290884-1024x1536.jpg 1024w, https:\/\/www.abvp.pt\/wp-content\/uploads\/L1290884-1365x2048.jpg 1365w, https:\/\/www.abvp.pt\/wp-content\/uploads\/L1290884-scaled.jpg 1707w\" sizes=\"(max-width: 1067px) 100vw, 1067px\" \/><\/figure>\n\n\n\n<p>O mestre deste Bootcamp foi Bernardo Conde, um fot\u00f3grafo de renome que re\u00fane as qualidades perfeitas para transmitir conte\u00fados para que os <em>bloggers<\/em> sa\u00edssem deste fim-de-semana mais ricos. Foram dois dias bem passados, com a partilha de conhecimentos essenciais para aperfei\u00e7oar t\u00e9cnicas fotogr\u00e1ficas e cativar melhor os leitores dos blogues.<\/p>\n\n\n\n<figure class=\"wp-block-image size-large\"><img decoding=\"async\" width=\"1600\" height=\"1200\" src=\"https:\/\/www.abvp.pt\/wp-content\/uploads\/Bootcamp-fotografia-com-Bernardo-Conde-08-07-2023-1600x1200.jpg\" alt=\"\" class=\"wp-image-3518\" srcset=\"https:\/\/www.abvp.pt\/wp-content\/uploads\/Bootcamp-fotografia-com-Bernardo-Conde-08-07-2023-1600x1200.jpg 1600w, https:\/\/www.abvp.pt\/wp-content\/uploads\/Bootcamp-fotografia-com-Bernardo-Conde-08-07-2023-600x450.jpg 600w, https:\/\/www.abvp.pt\/wp-content\/uploads\/Bootcamp-fotografia-com-Bernardo-Conde-08-07-2023-300x225.jpg 300w, https:\/\/www.abvp.pt\/wp-content\/uploads\/Bootcamp-fotografia-com-Bernardo-Conde-08-07-2023-800x600.jpg 800w, https:\/\/www.abvp.pt\/wp-content\/uploads\/Bootcamp-fotografia-com-Bernardo-Conde-08-07-2023-150x113.jpg 150w, https:\/\/www.abvp.pt\/wp-content\/uploads\/Bootcamp-fotografia-com-Bernardo-Conde-08-07-2023-768x576.jpg 768w, https:\/\/www.abvp.pt\/wp-content\/uploads\/Bootcamp-fotografia-com-Bernardo-Conde-08-07-2023-1536x1152.jpg 1536w, https:\/\/www.abvp.pt\/wp-content\/uploads\/Bootcamp-fotografia-com-Bernardo-Conde-08-07-2023.jpg 1709w\" sizes=\"(max-width: 1600px) 100vw, 1600px\" \/><\/figure>\n\n\n\n<figure class=\"wp-block-image size-full\"><img loading=\"lazy\" decoding=\"async\" width=\"1444\" height=\"1083\" src=\"https:\/\/www.abvp.pt\/wp-content\/uploads\/Bootcamp-fotografia-com-Bernardo-Conde-08-07-2023.jpeg\" alt=\"\" class=\"wp-image-3516\" srcset=\"https:\/\/www.abvp.pt\/wp-content\/uploads\/Bootcamp-fotografia-com-Bernardo-Conde-08-07-2023.jpeg 1444w, https:\/\/www.abvp.pt\/wp-content\/uploads\/Bootcamp-fotografia-com-Bernardo-Conde-08-07-2023-600x450.jpeg 600w, https:\/\/www.abvp.pt\/wp-content\/uploads\/Bootcamp-fotografia-com-Bernardo-Conde-08-07-2023-300x225.jpeg 300w, https:\/\/www.abvp.pt\/wp-content\/uploads\/Bootcamp-fotografia-com-Bernardo-Conde-08-07-2023-800x600.jpeg 800w, https:\/\/www.abvp.pt\/wp-content\/uploads\/Bootcamp-fotografia-com-Bernardo-Conde-08-07-2023-150x113.jpeg 150w, https:\/\/www.abvp.pt\/wp-content\/uploads\/Bootcamp-fotografia-com-Bernardo-Conde-08-07-2023-768x576.jpeg 768w\" sizes=\"(max-width: 1444px) 100vw, 1444px\" \/><\/figure>\n\n\n\n<p>Entre as v\u00e1rias t\u00e9cnicas aprendidas, destacamos a fotografia do c\u00e9u estrelado, que requer conhecimentos e t\u00e9cnicas espec\u00edficas para captar a luz e controlar o tempo de exposi\u00e7\u00e3o. Os temas do enquadramento e composi\u00e7\u00e3o tamb\u00e9m foram abordados, aperfei\u00e7oando o olhar dos <em>bloggers<\/em> para o que os rodeia antes de tirarem as fotos. As cores e a luz fizeram parte do programa e a edi\u00e7\u00e3o de imagem teve tamb\u00e9m algum tempo de antena.<\/p>\n\n\n\n<figure class=\"wp-block-image size-large\"><img loading=\"lazy\" decoding=\"async\" width=\"1226\" height=\"1600\" src=\"https:\/\/www.abvp.pt\/wp-content\/uploads\/Nocturna-IMG_8363-Samuel-Batista-cropped-1226x1600.jpg\" alt=\"\" class=\"wp-image-3512\" srcset=\"https:\/\/www.abvp.pt\/wp-content\/uploads\/Nocturna-IMG_8363-Samuel-Batista-cropped-1226x1600.jpg 1226w, https:\/\/www.abvp.pt\/wp-content\/uploads\/Nocturna-IMG_8363-Samuel-Batista-cropped-scaled-600x783.jpg 600w, https:\/\/www.abvp.pt\/wp-content\/uploads\/Nocturna-IMG_8363-Samuel-Batista-cropped-613x800.jpg 613w, https:\/\/www.abvp.pt\/wp-content\/uploads\/Nocturna-IMG_8363-Samuel-Batista-cropped-115x150.jpg 115w, https:\/\/www.abvp.pt\/wp-content\/uploads\/Nocturna-IMG_8363-Samuel-Batista-cropped-768x1003.jpg 768w, https:\/\/www.abvp.pt\/wp-content\/uploads\/Nocturna-IMG_8363-Samuel-Batista-cropped-1176x1536.jpg 1176w, https:\/\/www.abvp.pt\/wp-content\/uploads\/Nocturna-IMG_8363-Samuel-Batista-cropped-1569x2048.jpg 1569w, https:\/\/www.abvp.pt\/wp-content\/uploads\/Nocturna-IMG_8363-Samuel-Batista-cropped-scaled.jpg 1961w\" sizes=\"(max-width: 1226px) 100vw, 1226px\" \/><figcaption class=\"wp-element-caption\"><em>Fotografia de Samuel Batista \/ Epic Land<\/em><\/figcaption><\/figure>\n\n\n\n<p>Durante estes dois dias houve que percorrer v\u00e1rios quil\u00f3metros em busca dos melhores pontos de vista para praticar os conceitos aprendidos, enquanto o Bernardo Conde debitava algumas dicas e ajudava a p\u00f4r em pr\u00e1tica o que ensinou.<\/p>\n\n\n\n<figure class=\"wp-block-image size-large\"><img loading=\"lazy\" decoding=\"async\" width=\"1067\" height=\"1600\" src=\"https:\/\/www.abvp.pt\/wp-content\/uploads\/IMG_9724-1067x1600.jpg\" alt=\"\" class=\"wp-image-3480\" srcset=\"https:\/\/www.abvp.pt\/wp-content\/uploads\/IMG_9724-1067x1600.jpg 1067w, https:\/\/www.abvp.pt\/wp-content\/uploads\/IMG_9724-scaled-600x900.jpg 600w, https:\/\/www.abvp.pt\/wp-content\/uploads\/IMG_9724-533x800.jpg 533w, https:\/\/www.abvp.pt\/wp-content\/uploads\/IMG_9724-100x150.jpg 100w, https:\/\/www.abvp.pt\/wp-content\/uploads\/IMG_9724-768x1152.jpg 768w, https:\/\/www.abvp.pt\/wp-content\/uploads\/IMG_9724-1024x1536.jpg 1024w, https:\/\/www.abvp.pt\/wp-content\/uploads\/IMG_9724-1365x2048.jpg 1365w, https:\/\/www.abvp.pt\/wp-content\/uploads\/IMG_9724-scaled.jpg 1707w\" sizes=\"(max-width: 1067px) 100vw, 1067px\" \/><\/figure>\n\n\n\n<p>O destino escolhido para a forma\u00e7\u00e3o foi perfeito para interagir tanto com os companheiros deste <em>workshop<\/em>, como com os habitantes da aldeia. As pessoas de Janeiro de Cima s\u00e3o conhecidas pela sua boa disposi\u00e7\u00e3o e pelo bem receber, e esta vez n\u00e3o foi exce\u00e7\u00e3o. Num s\u00edtio onde todos se conhecem, qualquer \u201cestranho\u201d na vila \u00e9 reconhecido como tal. No entanto, isso n\u00e3o significa que seja ignorado ou ostracizado. Muito pelo contr\u00e1rio, recebem sempre com um sorriso no rosto, uma m\u00e3o amiga e um convite para um caf\u00e9 durante uma boa conversa. Predispostos a contar sobre a sua vida, o que fazem e aquilo de que gostam, conversam enquanto os deixarmos e entret\u00eam-nos por horas. Quanto \u00e0 gastronomia, a regi\u00e3o revelou-se um destino excelente tamb\u00e9m neste aspecto.<\/p>\n\n\n\n<figure class=\"wp-block-image size-large\"><img loading=\"lazy\" decoding=\"async\" width=\"1067\" height=\"1600\" src=\"https:\/\/www.abvp.pt\/wp-content\/uploads\/L1290937-1067x1600.jpg\" alt=\"\" class=\"wp-image-3481\" srcset=\"https:\/\/www.abvp.pt\/wp-content\/uploads\/L1290937-1067x1600.jpg 1067w, https:\/\/www.abvp.pt\/wp-content\/uploads\/L1290937-scaled-600x900.jpg 600w, https:\/\/www.abvp.pt\/wp-content\/uploads\/L1290937-533x800.jpg 533w, https:\/\/www.abvp.pt\/wp-content\/uploads\/L1290937-100x150.jpg 100w, https:\/\/www.abvp.pt\/wp-content\/uploads\/L1290937-768x1152.jpg 768w, https:\/\/www.abvp.pt\/wp-content\/uploads\/L1290937-1024x1536.jpg 1024w, https:\/\/www.abvp.pt\/wp-content\/uploads\/L1290937-1365x2048.jpg 1365w, https:\/\/www.abvp.pt\/wp-content\/uploads\/L1290937-scaled.jpg 1707w\" sizes=\"(max-width: 1067px) 100vw, 1067px\" \/><\/figure>\n\n\n\n<figure class=\"wp-block-image size-large\"><img loading=\"lazy\" decoding=\"async\" width=\"1600\" height=\"1200\" src=\"https:\/\/www.abvp.pt\/wp-content\/uploads\/Bootcamp-fotografia-Barragem-Santa-Luzia-ceia-Epic-Land-1600x1200.jpg\" alt=\"\" class=\"wp-image-3521\" srcset=\"https:\/\/www.abvp.pt\/wp-content\/uploads\/Bootcamp-fotografia-Barragem-Santa-Luzia-ceia-Epic-Land-1600x1200.jpg 1600w, https:\/\/www.abvp.pt\/wp-content\/uploads\/Bootcamp-fotografia-Barragem-Santa-Luzia-ceia-Epic-Land-scaled-600x450.jpg 600w, https:\/\/www.abvp.pt\/wp-content\/uploads\/Bootcamp-fotografia-Barragem-Santa-Luzia-ceia-Epic-Land-scaled-300x225.jpg 300w, https:\/\/www.abvp.pt\/wp-content\/uploads\/Bootcamp-fotografia-Barragem-Santa-Luzia-ceia-Epic-Land-800x600.jpg 800w, https:\/\/www.abvp.pt\/wp-content\/uploads\/Bootcamp-fotografia-Barragem-Santa-Luzia-ceia-Epic-Land-150x113.jpg 150w, https:\/\/www.abvp.pt\/wp-content\/uploads\/Bootcamp-fotografia-Barragem-Santa-Luzia-ceia-Epic-Land-768x576.jpg 768w, https:\/\/www.abvp.pt\/wp-content\/uploads\/Bootcamp-fotografia-Barragem-Santa-Luzia-ceia-Epic-Land-1536x1152.jpg 1536w, https:\/\/www.abvp.pt\/wp-content\/uploads\/Bootcamp-fotografia-Barragem-Santa-Luzia-ceia-Epic-Land-2048x1536.jpg 2048w\" sizes=\"(max-width: 1600px) 100vw, 1600px\" \/><\/figure>\n\n\n\n<p>Por tudo isto, queremos deixar o nosso agradecimento ao apoio dado pela rede das Aldeias do Xisto na concretiza\u00e7\u00e3o deste workshop, e \u00e0 C\u00e2mara Municipal de Pampilhosa da Serra e \u00e0 empresa Epic Land pela simpatia com que nos receberam e ofereceram uma atividade t\u00e3o enriquecedora como a observa\u00e7\u00e3o noturna de estrelas. Em conjunto, proporcionaram-nos momentos inesquec\u00edveis e oportunidades de aprendizagem verdadeiramente essenciais.<\/p>\n\n\n\n<figure class=\"wp-block-image size-large\"><img loading=\"lazy\" decoding=\"async\" width=\"1067\" height=\"1600\" src=\"https:\/\/www.abvp.pt\/wp-content\/uploads\/L1300106-1067x1600.jpg\" alt=\"\" class=\"wp-image-3482\" srcset=\"https:\/\/www.abvp.pt\/wp-content\/uploads\/L1300106-1067x1600.jpg 1067w, https:\/\/www.abvp.pt\/wp-content\/uploads\/L1300106-scaled-600x900.jpg 600w, https:\/\/www.abvp.pt\/wp-content\/uploads\/L1300106-533x800.jpg 533w, https:\/\/www.abvp.pt\/wp-content\/uploads\/L1300106-100x150.jpg 100w, https:\/\/www.abvp.pt\/wp-content\/uploads\/L1300106-768x1152.jpg 768w, https:\/\/www.abvp.pt\/wp-content\/uploads\/L1300106-1024x1536.jpg 1024w, https:\/\/www.abvp.pt\/wp-content\/uploads\/L1300106-1365x2048.jpg 1365w, https:\/\/www.abvp.pt\/wp-content\/uploads\/L1300106-scaled.jpg 1707w\" sizes=\"(max-width: 1067px) 100vw, 1067px\" \/><\/figure>\n\n\n\n<p>No final do Bootcamp, os <em>bloggers<\/em> abandonaram a aldeia j\u00e1 na expectativa de mais forma\u00e7\u00f5es a serem realizadas, esperando aprender outras t\u00e9cnicas e adquirir conhecimentos suficientes para aperfei\u00e7oarem cada blogue e crescerem enquanto produtores de conte\u00fado. Ficou prometida uma forma\u00e7\u00e3o sobre edi\u00e7\u00e3o, ainda na \u00e1rea da fotografia, e esperamos que em breve se realizem outras a\u00e7\u00f5es que deem resposta \u00e0s dificuldades sentidas e transmitidas pelos <em>bloggers<\/em>, como \u00e9 inten\u00e7\u00e3o do novo mandato dos \u00f3rg\u00e3os sociais da ABVP.<\/p>\n\n\n\n<figure class=\"wp-block-image size-large\"><img loading=\"lazy\" decoding=\"async\" width=\"1067\" height=\"1600\" src=\"https:\/\/www.abvp.pt\/wp-content\/uploads\/L1290912-1067x1600.jpg\" alt=\"\" class=\"wp-image-3483\" srcset=\"https:\/\/www.abvp.pt\/wp-content\/uploads\/L1290912-1067x1600.jpg 1067w, https:\/\/www.abvp.pt\/wp-content\/uploads\/L1290912-scaled-600x900.jpg 600w, https:\/\/www.abvp.pt\/wp-content\/uploads\/L1290912-533x800.jpg 533w, https:\/\/www.abvp.pt\/wp-content\/uploads\/L1290912-100x150.jpg 100w, https:\/\/www.abvp.pt\/wp-content\/uploads\/L1290912-768x1152.jpg 768w, https:\/\/www.abvp.pt\/wp-content\/uploads\/L1290912-1024x1536.jpg 1024w, https:\/\/www.abvp.pt\/wp-content\/uploads\/L1290912-1365x2048.jpg 1365w, https:\/\/www.abvp.pt\/wp-content\/uploads\/L1290912-scaled.jpg 1707w\" sizes=\"(max-width: 1067px) 100vw, 1067px\" \/><\/figure>\n\n\n\n<p><\/p>","protected":false},"excerpt":{"rendered":"<p>No fim-de-semana de 8 e 9 de Julho de 2023, os elementos de oito blogues associados da ABVP deslocaram-se at\u00e9 Janeiro de Cima, uma Aldeia do Xisto no centro de [&hellip;]<\/p>\n","protected":false},"author":49,"featured_media":3530,"comment_status":"open","ping_status":"closed","sticky":false,"template":"","format":"standard","meta":{"_price":"","_stock":"","_tribe_ticket_header":"","_tribe_default_ticket_provider":"","_tribe_ticket_capacity":"0","_ticket_start_date":"","_ticket_end_date":"","_tribe_ticket_show_description":"","_tribe_ticket_show_not_going":false,"_tribe_ticket_use_global_stock":"","_tribe_ticket_global_stock_level":"","_global_stock_mode":"","_global_stock_cap":"","_tribe_rsvp_for_event":"","_tribe_ticket_going_count":"","_tribe_ticket_not_going_count":"","_tribe_tickets_list":"[]","_tribe_ticket_has_attendee_info_fields":false,"_EventAllDay":false,"_EventTimezone":"","_EventStartDate":"","_EventEndDate":"","_EventStartDateUTC":"","_EventEndDateUTC":"","_EventShowMap":false,"_EventShowMapLink":false,"_EventURL":"","_EventCost":"","_EventCostDescription":"","_EventCurrencySymbol":"","_EventCurrencyCode":"","_EventCurrencyPosition":"","_EventDateTimeSeparator":"","_EventTimeRangeSeparator":"","_EventOrganizerID":[],"_EventVenueID":[],"_OrganizerEmail":"","_OrganizerPhone":"","_OrganizerWebsite":"","_VenueAddress":"","_VenueCity":"","_VenueCountry":"","_VenueProvince":"","_VenueState":"","_VenueZip":"","_VenuePhone":"","_VenueURL":"","_VenueStateProvince":"","_VenueLat":"","_VenueLng":"","_VenueShowMap":false,"_VenueShowMapLink":false,"footnotes":""},"categories":[1],"tags":[66,68,67,60],"class_list":["post-3476","post","type-post","status-publish","format-standard","has-post-thumbnail","hentry","category-conteudo","tag-bootcamp","tag-formacao","tag-fotografia","tag-workshop"],"blocksy_meta":[],"yoast_head":"<!-- This site is optimized with the Yoast SEO plugin v26.4 - https:\/\/yoast.com\/wordpress\/plugins\/seo\/ -->\n<title>Bootcamp de Fotografia com Bernardo Conde - ABVP<\/title>\n<meta name=\"description\" content=\"No fim-de-semana de 8 e 9 de Julho de 2023, os elementos de oito blogues associados da ABVP deslocaram-se at\u00e9 Janeiro de Cima, uma Aldeia do Xisto no centro de Portugal, para adquirirem mais conhecimentos sobre fotografia. O mestre deste Bootcamp foi Bernardo Conde.\" \/>\n<meta name=\"robots\" content=\"index, follow, max-snippet:-1, max-image-preview:large, max-video-preview:-1\" \/>\n<link rel=\"canonical\" href=\"https:\/\/www.abvp.pt\/en\/bootcamp-de-fotografia-com-bernardo-conde\/\" \/>\n<meta property=\"og:locale\" content=\"en_GB\" \/>\n<meta property=\"og:type\" content=\"article\" \/>\n<meta property=\"og:title\" content=\"Bootcamp de Fotografia com Bernardo Conde - ABVP\" \/>\n<meta property=\"og:description\" content=\"No fim-de-semana de 8 e 9 de Julho de 2023, os elementos de oito blogues associados da ABVP deslocaram-se at\u00e9 Janeiro de Cima, uma Aldeia do Xisto no centro de Portugal, para adquirirem mais conhecimentos sobre fotografia. O mestre deste Bootcamp foi Bernardo Conde.\" \/>\n<meta property=\"og:url\" content=\"https:\/\/www.abvp.pt\/en\/bootcamp-de-fotografia-com-bernardo-conde\/\" \/>\n<meta property=\"og:site_name\" content=\"ABVP\" \/>\n<meta property=\"article:publisher\" content=\"https:\/\/www.facebook.com\/abvppt\/\" \/>\n<meta property=\"article:author\" content=\"facebook.com\/intrepidjumpersdive\" \/>\n<meta property=\"article:published_time\" content=\"2023-07-11T08:40:41+00:00\" \/>\n<meta property=\"article:modified_time\" content=\"2023-07-12T16:05:09+00:00\" \/>\n<meta property=\"og:image\" content=\"https:\/\/www.abvp.pt\/wp-content\/uploads\/P1236258-scaled.jpg\" \/>\n\t<meta property=\"og:image:width\" content=\"2560\" \/>\n\t<meta property=\"og:image:height\" content=\"1920\" \/>\n\t<meta property=\"og:image:type\" content=\"image\/jpeg\" \/>\n<meta name=\"author\" content=\"intrepidjumpers\" \/>\n<meta name=\"twitter:card\" content=\"summary_large_image\" \/>\n<meta name=\"twitter:creator\" content=\"@abvppt\" \/>\n<meta name=\"twitter:site\" content=\"@abvppt\" \/>\n<meta name=\"twitter:label1\" content=\"Written by\" \/>\n\t<meta name=\"twitter:data1\" content=\"intrepidjumpers\" \/>\n\t<meta name=\"twitter:label2\" content=\"Estimated reading time\" \/>\n\t<meta name=\"twitter:data2\" content=\"5 minutes\" \/>\n<script type=\"application\/ld+json\" class=\"yoast-schema-graph\">{\"@context\":\"https:\/\/schema.org\",\"@graph\":[{\"@type\":\"Article\",\"@id\":\"https:\/\/www.abvp.pt\/bootcamp-de-fotografia-com-bernardo-conde\/#article\",\"isPartOf\":{\"@id\":\"https:\/\/www.abvp.pt\/bootcamp-de-fotografia-com-bernardo-conde\/\"},\"author\":{\"name\":\"intrepidjumpers\",\"@id\":\"https:\/\/www.abvp.pt\/#\/schema\/person\/9c2b5def7f61b8439f998ee708c321f2\"},\"headline\":\"Bootcamp de Fotografia com Bernardo Conde\",\"datePublished\":\"2023-07-11T08:40:41+00:00\",\"dateModified\":\"2023-07-12T16:05:09+00:00\",\"mainEntityOfPage\":{\"@id\":\"https:\/\/www.abvp.pt\/bootcamp-de-fotografia-com-bernardo-conde\/\"},\"wordCount\":513,\"commentCount\":0,\"publisher\":{\"@id\":\"https:\/\/www.abvp.pt\/#organization\"},\"image\":{\"@id\":\"https:\/\/www.abvp.pt\/bootcamp-de-fotografia-com-bernardo-conde\/#primaryimage\"},\"thumbnailUrl\":\"https:\/\/www.abvp.pt\/wp-content\/uploads\/P1236258-scaled.jpg\",\"keywords\":[\"bootcamp\",\"forma\u00e7\u00e3o\",\"fotografia\",\"workshop\"],\"articleSection\":[\"Conte\u00fado\"],\"inLanguage\":\"en-GB\",\"potentialAction\":[{\"@type\":\"CommentAction\",\"name\":\"Comment\",\"target\":[\"https:\/\/www.abvp.pt\/bootcamp-de-fotografia-com-bernardo-conde\/#respond\"]}]},{\"@type\":\"WebPage\",\"@id\":\"https:\/\/www.abvp.pt\/bootcamp-de-fotografia-com-bernardo-conde\/\",\"url\":\"https:\/\/www.abvp.pt\/bootcamp-de-fotografia-com-bernardo-conde\/\",\"name\":\"Bootcamp de Fotografia com Bernardo Conde - ABVP\",\"isPartOf\":{\"@id\":\"https:\/\/www.abvp.pt\/#website\"},\"primaryImageOfPage\":{\"@id\":\"https:\/\/www.abvp.pt\/bootcamp-de-fotografia-com-bernardo-conde\/#primaryimage\"},\"image\":{\"@id\":\"https:\/\/www.abvp.pt\/bootcamp-de-fotografia-com-bernardo-conde\/#primaryimage\"},\"thumbnailUrl\":\"https:\/\/www.abvp.pt\/wp-content\/uploads\/P1236258-scaled.jpg\",\"datePublished\":\"2023-07-11T08:40:41+00:00\",\"dateModified\":\"2023-07-12T16:05:09+00:00\",\"description\":\"No fim-de-semana de 8 e 9 de Julho de 2023, os elementos de oito blogues associados da ABVP deslocaram-se at\u00e9 Janeiro de Cima, uma Aldeia do Xisto no centro de Portugal, para adquirirem mais conhecimentos sobre fotografia. O mestre deste Bootcamp foi Bernardo Conde.\",\"breadcrumb\":{\"@id\":\"https:\/\/www.abvp.pt\/bootcamp-de-fotografia-com-bernardo-conde\/#breadcrumb\"},\"inLanguage\":\"en-GB\",\"potentialAction\":[{\"@type\":\"ReadAction\",\"target\":[\"https:\/\/www.abvp.pt\/bootcamp-de-fotografia-com-bernardo-conde\/\"]}]},{\"@type\":\"ImageObject\",\"inLanguage\":\"en-GB\",\"@id\":\"https:\/\/www.abvp.pt\/bootcamp-de-fotografia-com-bernardo-conde\/#primaryimage\",\"url\":\"https:\/\/www.abvp.pt\/wp-content\/uploads\/P1236258-scaled.jpg\",\"contentUrl\":\"https:\/\/www.abvp.pt\/wp-content\/uploads\/P1236258-scaled.jpg\",\"width\":2560,\"height\":1920},{\"@type\":\"BreadcrumbList\",\"@id\":\"https:\/\/www.abvp.pt\/bootcamp-de-fotografia-com-bernardo-conde\/#breadcrumb\",\"itemListElement\":[{\"@type\":\"ListItem\",\"position\":1,\"name\":\"In\u00edcio\",\"item\":\"https:\/\/www.abvp.pt\/\"},{\"@type\":\"ListItem\",\"position\":2,\"name\":\"Bootcamp de Fotografia com Bernardo Conde\"}]},{\"@type\":\"WebSite\",\"@id\":\"https:\/\/www.abvp.pt\/#website\",\"url\":\"https:\/\/www.abvp.pt\/\",\"name\":\"ABVP\",\"description\":\"Associa\u00e7\u00e3o de Bloggers de Viagem Portugueses\",\"publisher\":{\"@id\":\"https:\/\/www.abvp.pt\/#organization\"},\"potentialAction\":[{\"@type\":\"SearchAction\",\"target\":{\"@type\":\"EntryPoint\",\"urlTemplate\":\"https:\/\/www.abvp.pt\/?s={search_term_string}\"},\"query-input\":{\"@type\":\"PropertyValueSpecification\",\"valueRequired\":true,\"valueName\":\"search_term_string\"}}],\"inLanguage\":\"en-GB\"},{\"@type\":\"Organization\",\"@id\":\"https:\/\/www.abvp.pt\/#organization\",\"name\":\"ABVP\",\"url\":\"https:\/\/www.abvp.pt\/\",\"logo\":{\"@type\":\"ImageObject\",\"inLanguage\":\"en-GB\",\"@id\":\"https:\/\/www.abvp.pt\/#\/schema\/logo\/image\/\",\"url\":\"https:\/\/www.abvp.pt\/wp-content\/uploads\/Logo-Header-dark.svg\",\"contentUrl\":\"https:\/\/www.abvp.pt\/wp-content\/uploads\/Logo-Header-dark.svg\",\"width\":325,\"height\":48,\"caption\":\"ABVP\"},\"image\":{\"@id\":\"https:\/\/www.abvp.pt\/#\/schema\/logo\/image\/\"},\"sameAs\":[\"https:\/\/www.facebook.com\/abvppt\/\",\"https:\/\/x.com\/abvppt\",\"https:\/\/www.instagram.com\/abvppt\/\"]},{\"@type\":\"Person\",\"@id\":\"https:\/\/www.abvp.pt\/#\/schema\/person\/9c2b5def7f61b8439f998ee708c321f2\",\"name\":\"intrepidjumpers\",\"image\":{\"@type\":\"ImageObject\",\"inLanguage\":\"en-GB\",\"@id\":\"https:\/\/www.abvp.pt\/#\/schema\/person\/image\/\",\"url\":\"https:\/\/secure.gravatar.com\/avatar\/7368b29376f8e5f41976abdfd8e04e80?s=96&d=mm&r=g\",\"contentUrl\":\"https:\/\/secure.gravatar.com\/avatar\/7368b29376f8e5f41976abdfd8e04e80?s=96&d=mm&r=g\",\"caption\":\"intrepidjumpers\"},\"description\":\"Somos o Diogo e a Filipa Frias e abandonamos a vida de um comum mortal em 2007, para explorarmos os lugares mais distantes do planeta. Viajamos de forma independente, tentando criar novas e intr\u00e9pidas rotas de viagem, que podem ler em Intrepid Jumpers.\",\"sameAs\":[\"http:\/\/www.intrepidjumpers.com\",\"facebook.com\/intrepidjumpersdive\",\"instagram.com\/intrepidjumpers\",\"www.pinterest.pt\/intrepidjumpers\"],\"url\":\"https:\/\/www.abvp.pt\/en\/author\/intrepidjumpers\/\"}]}<\/script>\n<!-- \/ Yoast SEO plugin. -->","yoast_head_json":{"title":"Bootcamp de Fotografia com Bernardo Conde - ABVP","description":"No fim-de-semana de 8 e 9 de Julho de 2023, os elementos de oito blogues associados da ABVP deslocaram-se at\u00e9 Janeiro de Cima, uma Aldeia do Xisto no centro de Portugal, para adquirirem mais conhecimentos sobre fotografia. O mestre deste Bootcamp foi Bernardo Conde.","robots":{"index":"index","follow":"follow","max-snippet":"max-snippet:-1","max-image-preview":"max-image-preview:large","max-video-preview":"max-video-preview:-1"},"canonical":"https:\/\/www.abvp.pt\/en\/bootcamp-de-fotografia-com-bernardo-conde\/","og_locale":"en_GB","og_type":"article","og_title":"Bootcamp de Fotografia com Bernardo Conde - ABVP","og_description":"No fim-de-semana de 8 e 9 de Julho de 2023, os elementos de oito blogues associados da ABVP deslocaram-se at\u00e9 Janeiro de Cima, uma Aldeia do Xisto no centro de Portugal, para adquirirem mais conhecimentos sobre fotografia. O mestre deste Bootcamp foi Bernardo Conde.","og_url":"https:\/\/www.abvp.pt\/en\/bootcamp-de-fotografia-com-bernardo-conde\/","og_site_name":"ABVP","article_publisher":"https:\/\/www.facebook.com\/abvppt\/","article_author":"facebook.com\/intrepidjumpersdive","article_published_time":"2023-07-11T08:40:41+00:00","article_modified_time":"2023-07-12T16:05:09+00:00","og_image":[{"width":2560,"height":1920,"url":"https:\/\/www.abvp.pt\/wp-content\/uploads\/P1236258-scaled.jpg","type":"image\/jpeg"}],"author":"intrepidjumpers","twitter_card":"summary_large_image","twitter_creator":"@abvppt","twitter_site":"@abvppt","twitter_misc":{"Written by":"intrepidjumpers","Estimated reading time":"5 minutes"},"schema":{"@context":"https:\/\/schema.org","@graph":[{"@type":"Article","@id":"https:\/\/www.abvp.pt\/bootcamp-de-fotografia-com-bernardo-conde\/#article","isPartOf":{"@id":"https:\/\/www.abvp.pt\/bootcamp-de-fotografia-com-bernardo-conde\/"},"author":{"name":"intrepidjumpers","@id":"https:\/\/www.abvp.pt\/#\/schema\/person\/9c2b5def7f61b8439f998ee708c321f2"},"headline":"Bootcamp de Fotografia com Bernardo Conde","datePublished":"2023-07-11T08:40:41+00:00","dateModified":"2023-07-12T16:05:09+00:00","mainEntityOfPage":{"@id":"https:\/\/www.abvp.pt\/bootcamp-de-fotografia-com-bernardo-conde\/"},"wordCount":513,"commentCount":0,"publisher":{"@id":"https:\/\/www.abvp.pt\/#organization"},"image":{"@id":"https:\/\/www.abvp.pt\/bootcamp-de-fotografia-com-bernardo-conde\/#primaryimage"},"thumbnailUrl":"https:\/\/www.abvp.pt\/wp-content\/uploads\/P1236258-scaled.jpg","keywords":["bootcamp","forma\u00e7\u00e3o","fotografia","workshop"],"articleSection":["Conte\u00fado"],"inLanguage":"en-GB","potentialAction":[{"@type":"CommentAction","name":"Comment","target":["https:\/\/www.abvp.pt\/bootcamp-de-fotografia-com-bernardo-conde\/#respond"]}]},{"@type":"WebPage","@id":"https:\/\/www.abvp.pt\/bootcamp-de-fotografia-com-bernardo-conde\/","url":"https:\/\/www.abvp.pt\/bootcamp-de-fotografia-com-bernardo-conde\/","name":"Bootcamp de Fotografia com Bernardo Conde - ABVP","isPartOf":{"@id":"https:\/\/www.abvp.pt\/#website"},"primaryImageOfPage":{"@id":"https:\/\/www.abvp.pt\/bootcamp-de-fotografia-com-bernardo-conde\/#primaryimage"},"image":{"@id":"https:\/\/www.abvp.pt\/bootcamp-de-fotografia-com-bernardo-conde\/#primaryimage"},"thumbnailUrl":"https:\/\/www.abvp.pt\/wp-content\/uploads\/P1236258-scaled.jpg","datePublished":"2023-07-11T08:40:41+00:00","dateModified":"2023-07-12T16:05:09+00:00","description":"No fim-de-semana de 8 e 9 de Julho de 2023, os elementos de oito blogues associados da ABVP deslocaram-se at\u00e9 Janeiro de Cima, uma Aldeia do Xisto no centro de Portugal, para adquirirem mais conhecimentos sobre fotografia. O mestre deste Bootcamp foi Bernardo Conde.","breadcrumb":{"@id":"https:\/\/www.abvp.pt\/bootcamp-de-fotografia-com-bernardo-conde\/#breadcrumb"},"inLanguage":"en-GB","potentialAction":[{"@type":"ReadAction","target":["https:\/\/www.abvp.pt\/bootcamp-de-fotografia-com-bernardo-conde\/"]}]},{"@type":"ImageObject","inLanguage":"en-GB","@id":"https:\/\/www.abvp.pt\/bootcamp-de-fotografia-com-bernardo-conde\/#primaryimage","url":"https:\/\/www.abvp.pt\/wp-content\/uploads\/P1236258-scaled.jpg","contentUrl":"https:\/\/www.abvp.pt\/wp-content\/uploads\/P1236258-scaled.jpg","width":2560,"height":1920},{"@type":"BreadcrumbList","@id":"https:\/\/www.abvp.pt\/bootcamp-de-fotografia-com-bernardo-conde\/#breadcrumb","itemListElement":[{"@type":"ListItem","position":1,"name":"In\u00edcio","item":"https:\/\/www.abvp.pt\/"},{"@type":"ListItem","position":2,"name":"Bootcamp de Fotografia com Bernardo Conde"}]},{"@type":"WebSite","@id":"https:\/\/www.abvp.pt\/#website","url":"https:\/\/www.abvp.pt\/","name":"ABVP","description":"Association of Portuguese Travel Bloggers","publisher":{"@id":"https:\/\/www.abvp.pt\/#organization"},"potentialAction":[{"@type":"SearchAction","target":{"@type":"EntryPoint","urlTemplate":"https:\/\/www.abvp.pt\/?s={search_term_string}"},"query-input":{"@type":"PropertyValueSpecification","valueRequired":true,"valueName":"search_term_string"}}],"inLanguage":"en-GB"},{"@type":"Organization","@id":"https:\/\/www.abvp.pt\/#organization","name":"ABVP","url":"https:\/\/www.abvp.pt\/","logo":{"@type":"ImageObject","inLanguage":"en-GB","@id":"https:\/\/www.abvp.pt\/#\/schema\/logo\/image\/","url":"https:\/\/www.abvp.pt\/wp-content\/uploads\/Logo-Header-dark.svg","contentUrl":"https:\/\/www.abvp.pt\/wp-content\/uploads\/Logo-Header-dark.svg","width":325,"height":48,"caption":"ABVP"},"image":{"@id":"https:\/\/www.abvp.pt\/#\/schema\/logo\/image\/"},"sameAs":["https:\/\/www.facebook.com\/abvppt\/","https:\/\/x.com\/abvppt","https:\/\/www.instagram.com\/abvppt\/"]},{"@type":"Person","@id":"https:\/\/www.abvp.pt\/#\/schema\/person\/9c2b5def7f61b8439f998ee708c321f2","name":"intrepidjumpers","image":{"@type":"ImageObject","inLanguage":"en-GB","@id":"https:\/\/www.abvp.pt\/#\/schema\/person\/image\/","url":"https:\/\/secure.gravatar.com\/avatar\/7368b29376f8e5f41976abdfd8e04e80?s=96&d=mm&r=g","contentUrl":"https:\/\/secure.gravatar.com\/avatar\/7368b29376f8e5f41976abdfd8e04e80?s=96&d=mm&r=g","caption":"intrepidjumpers"},"description":"Somos o Diogo e a Filipa Frias e abandonamos a vida de um comum mortal em 2007, para explorarmos os lugares mais distantes do planeta. Viajamos de forma independente, tentando criar novas e intr\u00e9pidas rotas de viagem, que podem ler em Intrepid Jumpers.","sameAs":["http:\/\/www.intrepidjumpers.com","facebook.com\/intrepidjumpersdive","instagram.com\/intrepidjumpers","www.pinterest.pt\/intrepidjumpers"],"url":"https:\/\/www.abvp.pt\/en\/author\/intrepidjumpers\/"}]}},"_links":{"self":[{"href":"https:\/\/www.abvp.pt\/en\/wp-json\/wp\/v2\/posts\/3476","targetHints":{"allow":["GET"]}}],"collection":[{"href":"https:\/\/www.abvp.pt\/en\/wp-json\/wp\/v2\/posts"}],"about":[{"href":"https:\/\/www.abvp.pt\/en\/wp-json\/wp\/v2\/types\/post"}],"author":[{"embeddable":true,"href":"https:\/\/www.abvp.pt\/en\/wp-json\/wp\/v2\/users\/49"}],"replies":[{"embeddable":true,"href":"https:\/\/www.abvp.pt\/en\/wp-json\/wp\/v2\/comments?post=3476"}],"version-history":[{"count":0,"href":"https:\/\/www.abvp.pt\/en\/wp-json\/wp\/v2\/posts\/3476\/revisions"}],"wp:featuredmedia":[{"embeddable":true,"href":"https:\/\/www.abvp.pt\/en\/wp-json\/wp\/v2\/media\/3530"}],"wp:attachment":[{"href":"https:\/\/www.abvp.pt\/en\/wp-json\/wp\/v2\/media?parent=3476"}],"wp:term":[{"taxonomy":"category","embeddable":true,"href":"https:\/\/www.abvp.pt\/en\/wp-json\/wp\/v2\/categories?post=3476"},{"taxonomy":"post_tag","embeddable":true,"href":"https:\/\/www.abvp.pt\/en\/wp-json\/wp\/v2\/tags?post=3476"}],"curies":[{"name":"wp","href":"https:\/\/api.w.org\/{rel}","templated":true}]}}