{"id":3580,"date":"2023-07-19T09:59:36","date_gmt":"2023-07-19T08:59:36","guid":{"rendered":"https:\/\/www.abvp.pt\/?p=3580"},"modified":"2023-08-03T17:34:50","modified_gmt":"2023-08-03T16:34:50","slug":"ir-ao-acaso-patricia-carvalho-entrevista","status":"publish","type":"post","link":"https:\/\/www.abvp.pt\/en\/ir-ao-acaso-patricia-carvalho-entrevista\/","title":{"rendered":"Ir ao acaso: Patr\u00edcia Carvalho (entrevista)"},"content":{"rendered":"<p><strong>Nome:<\/strong> Patr\u00edcia Carvalho<\/p>\n\n\n\n<p><strong>Blog:<\/strong> <a href=\"https:\/\/www.girlfromnowhere.pt\/\" target=\"_blank\" rel=\"noreferrer noopener\">Girl From Nowhere<\/a><\/p>\n\n\n\n<div style=\"height:25px\" aria-hidden=\"true\" class=\"wp-block-spacer\"><\/div>\n\n\n\n<p><strong>1. Porque \u00e9 que decidiste criar um blog de viagens?<\/strong><\/p>\n\n\n\n<p>O meu blog de viagens foi criado em 2018, um pouco antes de ter come\u00e7ado uma viagem sozinha, sem planos nem prazos. O objetivo principal era partilhar as minhas aventuras e experi\u00eancias atrav\u00e9s da escrita. Gosto muito de escrever e, como ia viajar sozinha, achei que podia ser um projeto interessante para essa nova fase da minha vida. Entretanto a viagem acabou, mas a vontade de continuar a escrever e de partilhar experi\u00eancias n\u00e3o! E por isso ainda hoje continuo a escrever sobre as minhas viagens, ideias e pensamentos!<\/p>\n\n\n\n<figure class=\"wp-block-image size-large\"><img fetchpriority=\"high\" decoding=\"async\" width=\"1600\" height=\"1200\" src=\"https:\/\/www.abvp.pt\/wp-content\/uploads\/GirlFromNowhere4-1600x1200.jpg\" alt=\"\" class=\"wp-image-3593\" srcset=\"https:\/\/www.abvp.pt\/wp-content\/uploads\/GirlFromNowhere4-1600x1200.jpg 1600w, https:\/\/www.abvp.pt\/wp-content\/uploads\/GirlFromNowhere4-scaled-600x450.jpg 600w, https:\/\/www.abvp.pt\/wp-content\/uploads\/GirlFromNowhere4-scaled-300x225.jpg 300w, https:\/\/www.abvp.pt\/wp-content\/uploads\/GirlFromNowhere4-800x600.jpg 800w, https:\/\/www.abvp.pt\/wp-content\/uploads\/GirlFromNowhere4-150x113.jpg 150w, https:\/\/www.abvp.pt\/wp-content\/uploads\/GirlFromNowhere4-768x576.jpg 768w, https:\/\/www.abvp.pt\/wp-content\/uploads\/GirlFromNowhere4-1536x1152.jpg 1536w, https:\/\/www.abvp.pt\/wp-content\/uploads\/GirlFromNowhere4-2048x1536.jpg 2048w\" sizes=\"(max-width: 1600px) 100vw, 1600px\" \/><\/figure>\n\n\n\n<div style=\"height:25px\" aria-hidden=\"true\" class=\"wp-block-spacer\"><\/div>\n\n\n\n<p><strong>2.<\/strong> <strong>O que \u00e9 que podemos encontrar no teu blog?<\/strong><\/p>\n\n\n\n<p>O meu blog tem essencialmente artigos com dicas, roteiros e sugest\u00f5es para viagens, mas tamb\u00e9m muitas cr\u00f3nicas de viagem sobre momentos que vivi e que, de alguma forma, me fizeram questionar e me marcaram. \u00c9 tamb\u00e9m l\u00e1 que est\u00e3o \u00e0 venda alguns guias de viagem, no formato de e-book, e os dois livros de viagem que escrevi, o \u201cSolo\u201d e o \u201cSantiago\u201d.<\/p>\n\n\n\n<figure class=\"wp-block-image size-large\"><img decoding=\"async\" width=\"1600\" height=\"1301\" src=\"https:\/\/www.abvp.pt\/wp-content\/uploads\/GirlFromNowhere3-1600x1301.jpg\" alt=\"\" class=\"wp-image-3592\" srcset=\"https:\/\/www.abvp.pt\/wp-content\/uploads\/GirlFromNowhere3-1600x1301.jpg 1600w, https:\/\/www.abvp.pt\/wp-content\/uploads\/GirlFromNowhere3-scaled-600x488.jpg 600w, https:\/\/www.abvp.pt\/wp-content\/uploads\/GirlFromNowhere3-800x650.jpg 800w, https:\/\/www.abvp.pt\/wp-content\/uploads\/GirlFromNowhere3-150x122.jpg 150w, https:\/\/www.abvp.pt\/wp-content\/uploads\/GirlFromNowhere3-768x624.jpg 768w, https:\/\/www.abvp.pt\/wp-content\/uploads\/GirlFromNowhere3-1536x1249.jpg 1536w, https:\/\/www.abvp.pt\/wp-content\/uploads\/GirlFromNowhere3-2048x1665.jpg 2048w\" sizes=\"(max-width: 1600px) 100vw, 1600px\" \/><\/figure>\n\n\n\n<div style=\"height:25px\" aria-hidden=\"true\" class=\"wp-block-spacer\"><\/div>\n\n\n\n<p><strong>3. Tens prefer\u00eancia especial por algum dos teus posts? Porqu\u00ea?<\/strong><\/p>\n\n\n\n<p>Sim, gosto particularmente desta cr\u00f3nica: <a href=\"https:\/\/www.girlfromnowhere.pt\/blog\/uma-viagem-ao-irao-nos-meandros-de-uma-revolucao-quando-o-amor-suplanta-o-medo\/\">Uma viagem ao Ir\u00e3o nos meandros de uma revolu\u00e7\u00e3o \u2013 quando o amor suplanta o medo.<\/a> Visitei o Ir\u00e3o durante os protestos que decorreram da morte de Mahsa Amini e foi uma experi\u00eancia muito transformadora. Por entre todas as not\u00edcias aterradoras que ouvi deste pa\u00eds, tive a oportunidade de descobrir um povo encantador e uma cultura fascinante. Escrevi esta cr\u00f3nica no rescaldo desta viagem e acho que consegui transmitir a emo\u00e7\u00e3o e as contrariedades que senti ao longo desta viagem.<\/p>\n\n\n\n<p><strong>4. Qual \u00e9 a raz\u00e3o principal que te leva a viajar?<\/strong><\/p>\n\n\n\n<p>Acima de tudo acredito que viajo para me sentir livre e para aprender. Sou uma eterna curiosa e n\u00e3o h\u00e1 nada que nos fa\u00e7a aprender tanto sobre o mundo e as pessoas como viajar. Gosto de sentir que sou dona do meu tempo e da minha vida e de me entregar ao desconhecido. Acabo sempre por conhecer pessoas extraordin\u00e1rias, com hist\u00f3rias que me fazem pensar, relativizar e, acima de tudo, crescer como pessoa.<\/p>\n\n\n\n<figure class=\"wp-block-image size-large\"><img decoding=\"async\" width=\"1600\" height=\"1200\" src=\"https:\/\/www.abvp.pt\/wp-content\/uploads\/GirlFromNowhere2-1600x1200.jpg\" alt=\"\" class=\"wp-image-3591\" srcset=\"https:\/\/www.abvp.pt\/wp-content\/uploads\/GirlFromNowhere2-1600x1200.jpg 1600w, https:\/\/www.abvp.pt\/wp-content\/uploads\/GirlFromNowhere2-scaled-600x450.jpg 600w, https:\/\/www.abvp.pt\/wp-content\/uploads\/GirlFromNowhere2-scaled-300x225.jpg 300w, https:\/\/www.abvp.pt\/wp-content\/uploads\/GirlFromNowhere2-800x600.jpg 800w, https:\/\/www.abvp.pt\/wp-content\/uploads\/GirlFromNowhere2-150x113.jpg 150w, https:\/\/www.abvp.pt\/wp-content\/uploads\/GirlFromNowhere2-768x576.jpg 768w, https:\/\/www.abvp.pt\/wp-content\/uploads\/GirlFromNowhere2-1536x1152.jpg 1536w, https:\/\/www.abvp.pt\/wp-content\/uploads\/GirlFromNowhere2-2048x1536.jpg 2048w\" sizes=\"(max-width: 1600px) 100vw, 1600px\" \/><\/figure>\n\n\n\n<div style=\"height:25px\" aria-hidden=\"true\" class=\"wp-block-spacer\"><\/div>\n\n\n\n<p><strong>5. Qual \u00e9 a tua mem\u00f3ria mais antiga de viagem?<\/strong><\/p>\n\n\n\n<p>Lembro-me de ter ido de f\u00e9rias com os meus pais para Ibiza. Fizemos escala em Madrid e, devido a uns atrasos nos voos, perdemos o voo de liga\u00e7\u00e3o. A companhia a\u00e9rea arranjou-nos um lugar no pr\u00f3ximo avi\u00e3o em classe executiva e eu estava toda contente, apesar de n\u00e3o perceber bem o que era viajar em classe executiva. Tinha uns 8 anos e as assistentes de bordo encheram-me de presentes!<\/p>\n\n\n\n<p><strong>6. Para ti, qual \u00e9 o lado melhor de viajar para um pa\u00eds desconhecido? E o pior?<\/strong><\/p>\n\n\n\n<p>O melhor \u00e9, sem d\u00favida, a oportunidade de conhecer uma cultura diferente da minha, de me cruzar com pessoas com ideias, pensamentos e cren\u00e7as diferentes das minhas. O desconhecido agu\u00e7a-me a curiosidade e d\u00e1-me vontade de querer saber mais e aprender mais. O pior, se existir, poder\u00e1 ter a ver com a necessidade de estarmos mais alertas e atentos \u00e0quilo que acontece \u00e0 nossa volta. Sendo um pa\u00eds desconhecido, \u00e9 normal que n\u00e3o saibamos as regras e os costumes dessa cultura e podemos mais facilmente \u201cmeter o p\u00e9 na po\u00e7a\u201d.<\/p>\n\n\n\n<figure class=\"wp-block-image size-large\"><img loading=\"lazy\" decoding=\"async\" width=\"1600\" height=\"1123\" src=\"https:\/\/www.abvp.pt\/wp-content\/uploads\/GirlFromNowhere5-1600x1123.jpg\" alt=\"\" class=\"wp-image-3594\" srcset=\"https:\/\/www.abvp.pt\/wp-content\/uploads\/GirlFromNowhere5-1600x1123.jpg 1600w, https:\/\/www.abvp.pt\/wp-content\/uploads\/GirlFromNowhere5-scaled-600x421.jpg 600w, https:\/\/www.abvp.pt\/wp-content\/uploads\/GirlFromNowhere5-800x562.jpg 800w, https:\/\/www.abvp.pt\/wp-content\/uploads\/GirlFromNowhere5-150x105.jpg 150w, https:\/\/www.abvp.pt\/wp-content\/uploads\/GirlFromNowhere5-768x539.jpg 768w, https:\/\/www.abvp.pt\/wp-content\/uploads\/GirlFromNowhere5-1536x1078.jpg 1536w, https:\/\/www.abvp.pt\/wp-content\/uploads\/GirlFromNowhere5-2048x1438.jpg 2048w\" sizes=\"(max-width: 1600px) 100vw, 1600px\" \/><\/figure>\n\n\n\n<div style=\"height:25px\" aria-hidden=\"true\" class=\"wp-block-spacer\"><\/div>\n\n\n\n<p><strong>7. Viajas com tudo programado, ou preferes ir \u00e0 aventura?<\/strong><\/p>\n\n\n\n<p>Prefiro ir \u00e0 aventura e entregar-me ao acaso. Afinal, \u00e9 quase sempre assim que nascem as belas hist\u00f3rias de viagem. No entanto, em viagens mais curtas acabo por ter de programar alguma coisa, sob pena de n\u00e3o aproveitar tudo o que o pa\u00eds tem para me dar. Ainda assim, tento sempre deixar algum espa\u00e7o para o acaso!<\/p>\n\n\n\n<figure class=\"wp-block-image size-large\"><img loading=\"lazy\" decoding=\"async\" width=\"1600\" height=\"1200\" src=\"https:\/\/www.abvp.pt\/wp-content\/uploads\/GirlFromNowhere7-1600x1200.jpg\" alt=\"\" class=\"wp-image-3596\" srcset=\"https:\/\/www.abvp.pt\/wp-content\/uploads\/GirlFromNowhere7-1600x1200.jpg 1600w, https:\/\/www.abvp.pt\/wp-content\/uploads\/GirlFromNowhere7-scaled-600x450.jpg 600w, https:\/\/www.abvp.pt\/wp-content\/uploads\/GirlFromNowhere7-scaled-300x225.jpg 300w, https:\/\/www.abvp.pt\/wp-content\/uploads\/GirlFromNowhere7-800x600.jpg 800w, https:\/\/www.abvp.pt\/wp-content\/uploads\/GirlFromNowhere7-150x113.jpg 150w, https:\/\/www.abvp.pt\/wp-content\/uploads\/GirlFromNowhere7-768x576.jpg 768w, https:\/\/www.abvp.pt\/wp-content\/uploads\/GirlFromNowhere7-1536x1152.jpg 1536w, https:\/\/www.abvp.pt\/wp-content\/uploads\/GirlFromNowhere7-2048x1536.jpg 2048w\" sizes=\"(max-width: 1600px) 100vw, 1600px\" \/><\/figure>\n\n\n\n<div style=\"height:25px\" aria-hidden=\"true\" class=\"wp-block-spacer\"><\/div>\n\n\n\n<p><strong>8. Qual \u00e9 a tua cidade favorita?<\/strong><\/p>\n\n\n\n<p>Banguecoque, foi a primeira cidade que visitei fora da Europa e foi aqui que tive o meu primeiro contacto com uma cultura completamente distinta da minha.<\/p>\n\n\n\n<p><strong>9. Qual \u00e9 o papel que achas que os blogs desempenham para outras pessoas que gostam de viajar?<\/strong><\/p>\n\n\n\n<p>Acho que os blogs de viagem t\u00eam um papel muito importante em duas vertentes \u2013 a primeira tem a ver com a inspira\u00e7\u00e3o e a capacidade de promover e incentivar as pessoas a viajar; a segunda tem a ver com as ferramentas que os blogs d\u00e3o, seja em termos de dicas pr\u00e1ticas, sugest\u00f5es de roteiro, tudo aquilo que \u00e9 preciso saber para fazer uma viagem. Dentro desta vertente acho que os blogs transmitem credibilidade e transpar\u00eancia uma vez que \u00e9 escrito por pessoas que estiveram no terreno e viveram determinadas experi\u00eancias.<\/p>\n\n\n\n<figure class=\"wp-block-image size-large\"><img loading=\"lazy\" decoding=\"async\" width=\"1600\" height=\"1200\" src=\"https:\/\/www.abvp.pt\/wp-content\/uploads\/GirlFromNowhere6-1600x1200.jpg\" alt=\"\" class=\"wp-image-3595\" srcset=\"https:\/\/www.abvp.pt\/wp-content\/uploads\/GirlFromNowhere6-1600x1200.jpg 1600w, https:\/\/www.abvp.pt\/wp-content\/uploads\/GirlFromNowhere6-scaled-600x450.jpg 600w, https:\/\/www.abvp.pt\/wp-content\/uploads\/GirlFromNowhere6-scaled-300x225.jpg 300w, https:\/\/www.abvp.pt\/wp-content\/uploads\/GirlFromNowhere6-800x600.jpg 800w, https:\/\/www.abvp.pt\/wp-content\/uploads\/GirlFromNowhere6-150x113.jpg 150w, https:\/\/www.abvp.pt\/wp-content\/uploads\/GirlFromNowhere6-768x576.jpg 768w, https:\/\/www.abvp.pt\/wp-content\/uploads\/GirlFromNowhere6-1536x1152.jpg 1536w, https:\/\/www.abvp.pt\/wp-content\/uploads\/GirlFromNowhere6-2048x1536.jpg 2048w\" sizes=\"(max-width: 1600px) 100vw, 1600px\" \/><\/figure>\n\n\n\n<div style=\"height:25px\" aria-hidden=\"true\" class=\"wp-block-spacer\"><\/div>\n\n\n\n<p><strong>10. Qual \u00e9 o teu maior sonho de viagem ainda por cumprir?<\/strong><\/p>\n\n\n\n<p>O meu maior sonho era fazer uma viagem longa e sem data de regresso. Felizmente j\u00e1 tive a possibilidade de o cumprir. Tenho muitos destinos que quero conhecer, e experi\u00eancias que quero viver, mas n\u00e3o h\u00e1 nenhum sonho espec\u00edfico que queira perseguir.<\/p>","protected":false},"excerpt":{"rendered":"<p>Nome: Patr\u00edcia Carvalho Blog: Girl From Nowhere 1. Porque \u00e9 que decidiste criar um blog de viagens? O meu blog de viagens foi criado em 2018, um pouco antes de [&hellip;]<\/p>\n","protected":false},"author":16,"featured_media":3590,"comment_status":"open","ping_status":"closed","sticky":false,"template":"","format":"standard","meta":{"_price":"","_stock":"","_tribe_ticket_header":"","_tribe_default_ticket_provider":"","_tribe_ticket_capacity":"0","_ticket_start_date":"","_ticket_end_date":"","_tribe_ticket_show_description":"","_tribe_ticket_show_not_going":false,"_tribe_ticket_use_global_stock":"","_tribe_ticket_global_stock_level":"","_global_stock_mode":"","_global_stock_cap":"","_tribe_rsvp_for_event":"","_tribe_ticket_going_count":"","_tribe_ticket_not_going_count":"","_tribe_tickets_list":"[]","_tribe_ticket_has_attendee_info_fields":false,"_EventAllDay":false,"_EventTimezone":"","_EventStartDate":"","_EventEndDate":"","_EventStartDateUTC":"","_EventEndDateUTC":"","_EventShowMap":false,"_EventShowMapLink":false,"_EventURL":"","_EventCost":"","_EventCostDescription":"","_EventCurrencySymbol":"","_EventCurrencyCode":"","_EventCurrencyPosition":"","_EventDateTimeSeparator":"","_EventTimeRangeSeparator":"","_EventOrganizerID":[],"_EventVenueID":[],"_OrganizerEmail":"","_OrganizerPhone":"","_OrganizerWebsite":"","_VenueAddress":"","_VenueCity":"","_VenueCountry":"","_VenueProvince":"","_VenueState":"","_VenueZip":"","_VenuePhone":"","_VenueURL":"","_VenueStateProvince":"","_VenueLat":"","_VenueLng":"","_VenueShowMap":false,"_VenueShowMapLink":false,"footnotes":""},"categories":[1],"tags":[49,37],"class_list":["post-3580","post","type-post","status-publish","format-standard","has-post-thumbnail","hentry","category-conteudo","tag-bloggers-de-viagem","tag-entrevista"],"blocksy_meta":[],"yoast_head":"<!-- This site is optimized with the Yoast SEO plugin v26.4 - https:\/\/yoast.com\/wordpress\/plugins\/seo\/ -->\n<title>Ir ao acaso: Patr\u00edcia Carvalho (entrevista) - ABVP<\/title>\n<meta name=\"description\" content=\"Entrevista com a Patr\u00edcia Carvalho, autora do blog de viagens Girl From Nowhere\" \/>\n<meta name=\"robots\" content=\"index, follow, max-snippet:-1, max-image-preview:large, max-video-preview:-1\" \/>\n<link rel=\"canonical\" href=\"https:\/\/www.abvp.pt\/en\/ir-ao-acaso-patricia-carvalho-entrevista\/\" \/>\n<meta property=\"og:locale\" content=\"en_GB\" \/>\n<meta property=\"og:type\" content=\"article\" \/>\n<meta property=\"og:title\" content=\"Ir ao acaso: Patr\u00edcia Carvalho (entrevista) - ABVP\" \/>\n<meta property=\"og:description\" content=\"Entrevista com a Patr\u00edcia Carvalho, autora do blog de viagens Girl From Nowhere\" \/>\n<meta property=\"og:url\" content=\"https:\/\/www.abvp.pt\/en\/ir-ao-acaso-patricia-carvalho-entrevista\/\" \/>\n<meta property=\"og:site_name\" content=\"ABVP\" \/>\n<meta property=\"article:publisher\" content=\"https:\/\/www.facebook.com\/abvppt\/\" \/>\n<meta property=\"article:author\" content=\"https:\/\/www.facebook.com\/viajarporquesim\" \/>\n<meta property=\"article:published_time\" content=\"2023-07-19T08:59:36+00:00\" \/>\n<meta property=\"article:modified_time\" content=\"2023-08-03T16:34:50+00:00\" \/>\n<meta property=\"og:image\" content=\"https:\/\/www.abvp.pt\/wp-content\/uploads\/GirlFromNowhere1-scaled.jpg\" \/>\n\t<meta property=\"og:image:width\" content=\"2560\" \/>\n\t<meta property=\"og:image:height\" content=\"1249\" \/>\n\t<meta property=\"og:image:type\" content=\"image\/jpeg\" \/>\n<meta name=\"author\" content=\"Ana C. Borges\" \/>\n<meta name=\"twitter:card\" content=\"summary_large_image\" \/>\n<meta name=\"twitter:creator\" content=\"@abvppt\" \/>\n<meta name=\"twitter:site\" content=\"@abvppt\" \/>\n<meta name=\"twitter:label1\" content=\"Written by\" \/>\n\t<meta name=\"twitter:data1\" content=\"Ana C. Borges\" \/>\n\t<meta name=\"twitter:label2\" content=\"Estimated reading time\" \/>\n\t<meta name=\"twitter:data2\" content=\"6 minutes\" \/>\n<script type=\"application\/ld+json\" class=\"yoast-schema-graph\">{\"@context\":\"https:\/\/schema.org\",\"@graph\":[{\"@type\":\"Article\",\"@id\":\"https:\/\/www.abvp.pt\/ir-ao-acaso-patricia-carvalho-entrevista\/#article\",\"isPartOf\":{\"@id\":\"https:\/\/www.abvp.pt\/ir-ao-acaso-patricia-carvalho-entrevista\/\"},\"author\":{\"name\":\"Ana C. Borges\",\"@id\":\"https:\/\/www.abvp.pt\/#\/schema\/person\/c01001ca9ca03c994808b13624fdbd5c\"},\"headline\":\"Ir ao acaso: Patr\u00edcia Carvalho (entrevista)\",\"datePublished\":\"2023-07-19T08:59:36+00:00\",\"dateModified\":\"2023-08-03T16:34:50+00:00\",\"mainEntityOfPage\":{\"@id\":\"https:\/\/www.abvp.pt\/ir-ao-acaso-patricia-carvalho-entrevista\/\"},\"wordCount\":836,\"commentCount\":0,\"publisher\":{\"@id\":\"https:\/\/www.abvp.pt\/#organization\"},\"image\":{\"@id\":\"https:\/\/www.abvp.pt\/ir-ao-acaso-patricia-carvalho-entrevista\/#primaryimage\"},\"thumbnailUrl\":\"https:\/\/www.abvp.pt\/wp-content\/uploads\/GirlFromNowhere1-scaled.jpg\",\"keywords\":[\"bloggers de viagem\",\"entrevista\"],\"articleSection\":[\"Conte\u00fado\"],\"inLanguage\":\"en-GB\",\"potentialAction\":[{\"@type\":\"CommentAction\",\"name\":\"Comment\",\"target\":[\"https:\/\/www.abvp.pt\/ir-ao-acaso-patricia-carvalho-entrevista\/#respond\"]}]},{\"@type\":\"WebPage\",\"@id\":\"https:\/\/www.abvp.pt\/ir-ao-acaso-patricia-carvalho-entrevista\/\",\"url\":\"https:\/\/www.abvp.pt\/ir-ao-acaso-patricia-carvalho-entrevista\/\",\"name\":\"Ir ao acaso: Patr\u00edcia Carvalho (entrevista) - ABVP\",\"isPartOf\":{\"@id\":\"https:\/\/www.abvp.pt\/#website\"},\"primaryImageOfPage\":{\"@id\":\"https:\/\/www.abvp.pt\/ir-ao-acaso-patricia-carvalho-entrevista\/#primaryimage\"},\"image\":{\"@id\":\"https:\/\/www.abvp.pt\/ir-ao-acaso-patricia-carvalho-entrevista\/#primaryimage\"},\"thumbnailUrl\":\"https:\/\/www.abvp.pt\/wp-content\/uploads\/GirlFromNowhere1-scaled.jpg\",\"datePublished\":\"2023-07-19T08:59:36+00:00\",\"dateModified\":\"2023-08-03T16:34:50+00:00\",\"description\":\"Entrevista com a Patr\u00edcia Carvalho, autora do blog de viagens Girl From Nowhere\",\"breadcrumb\":{\"@id\":\"https:\/\/www.abvp.pt\/ir-ao-acaso-patricia-carvalho-entrevista\/#breadcrumb\"},\"inLanguage\":\"en-GB\",\"potentialAction\":[{\"@type\":\"ReadAction\",\"target\":[\"https:\/\/www.abvp.pt\/ir-ao-acaso-patricia-carvalho-entrevista\/\"]}]},{\"@type\":\"ImageObject\",\"inLanguage\":\"en-GB\",\"@id\":\"https:\/\/www.abvp.pt\/ir-ao-acaso-patricia-carvalho-entrevista\/#primaryimage\",\"url\":\"https:\/\/www.abvp.pt\/wp-content\/uploads\/GirlFromNowhere1-scaled.jpg\",\"contentUrl\":\"https:\/\/www.abvp.pt\/wp-content\/uploads\/GirlFromNowhere1-scaled.jpg\",\"width\":2560,\"height\":1249},{\"@type\":\"BreadcrumbList\",\"@id\":\"https:\/\/www.abvp.pt\/ir-ao-acaso-patricia-carvalho-entrevista\/#breadcrumb\",\"itemListElement\":[{\"@type\":\"ListItem\",\"position\":1,\"name\":\"In\u00edcio\",\"item\":\"https:\/\/www.abvp.pt\/\"},{\"@type\":\"ListItem\",\"position\":2,\"name\":\"Ir ao acaso: Patr\u00edcia Carvalho (entrevista)\"}]},{\"@type\":\"WebSite\",\"@id\":\"https:\/\/www.abvp.pt\/#website\",\"url\":\"https:\/\/www.abvp.pt\/\",\"name\":\"ABVP\",\"description\":\"Associa\u00e7\u00e3o de Bloggers de Viagem Portugueses\",\"publisher\":{\"@id\":\"https:\/\/www.abvp.pt\/#organization\"},\"potentialAction\":[{\"@type\":\"SearchAction\",\"target\":{\"@type\":\"EntryPoint\",\"urlTemplate\":\"https:\/\/www.abvp.pt\/?s={search_term_string}\"},\"query-input\":{\"@type\":\"PropertyValueSpecification\",\"valueRequired\":true,\"valueName\":\"search_term_string\"}}],\"inLanguage\":\"en-GB\"},{\"@type\":\"Organization\",\"@id\":\"https:\/\/www.abvp.pt\/#organization\",\"name\":\"ABVP\",\"url\":\"https:\/\/www.abvp.pt\/\",\"logo\":{\"@type\":\"ImageObject\",\"inLanguage\":\"en-GB\",\"@id\":\"https:\/\/www.abvp.pt\/#\/schema\/logo\/image\/\",\"url\":\"https:\/\/www.abvp.pt\/wp-content\/uploads\/Logo-Header-dark.svg\",\"contentUrl\":\"https:\/\/www.abvp.pt\/wp-content\/uploads\/Logo-Header-dark.svg\",\"width\":325,\"height\":48,\"caption\":\"ABVP\"},\"image\":{\"@id\":\"https:\/\/www.abvp.pt\/#\/schema\/logo\/image\/\"},\"sameAs\":[\"https:\/\/www.facebook.com\/abvppt\/\",\"https:\/\/x.com\/abvppt\",\"https:\/\/www.instagram.com\/abvppt\/\"]},{\"@type\":\"Person\",\"@id\":\"https:\/\/www.abvp.pt\/#\/schema\/person\/c01001ca9ca03c994808b13624fdbd5c\",\"name\":\"Ana C. Borges\",\"image\":{\"@type\":\"ImageObject\",\"inLanguage\":\"en-GB\",\"@id\":\"https:\/\/www.abvp.pt\/#\/schema\/person\/image\/\",\"url\":\"https:\/\/secure.gravatar.com\/avatar\/7a725f4592614d4ad6702531f09627ac?s=96&d=mm&r=g\",\"contentUrl\":\"https:\/\/secure.gravatar.com\/avatar\/7a725f4592614d4ad6702531f09627ac?s=96&d=mm&r=g\",\"caption\":\"Ana C. Borges\"},\"description\":\"Gosta de passeios longos e conversas intermin\u00e1veis, de ver o que ainda n\u00e3o conhece e rever os lugares do cora\u00e7\u00e3o. Fotografa para mem\u00f3ria futura. Escreve porque lhe sabem bem as palavras. Viaja por paix\u00e3o \u2013 e porque o mundo \u00e9 demasiado grande para ficarmos quietos. \u00c9 autora do blogue Viajar porque sim.\",\"sameAs\":[\"https:\/\/viajarporquesim.blogs.sapo.pt\/\",\"https:\/\/www.facebook.com\/viajarporquesim\",\"https:\/\/www.instagram.com\/viajar_porque_sim\/\",\"https:\/\/www.pinterest.pt\/viajarporquesim\/\"],\"url\":\"https:\/\/www.abvp.pt\/en\/author\/acborges\/\"}]}<\/script>\n<!-- \/ Yoast SEO plugin. -->","yoast_head_json":{"title":"Ir ao acaso: Patr\u00edcia Carvalho (entrevista) - ABVP","description":"Entrevista com a Patr\u00edcia Carvalho, autora do blog de viagens Girl From Nowhere","robots":{"index":"index","follow":"follow","max-snippet":"max-snippet:-1","max-image-preview":"max-image-preview:large","max-video-preview":"max-video-preview:-1"},"canonical":"https:\/\/www.abvp.pt\/en\/ir-ao-acaso-patricia-carvalho-entrevista\/","og_locale":"en_GB","og_type":"article","og_title":"Ir ao acaso: Patr\u00edcia Carvalho (entrevista) - ABVP","og_description":"Entrevista com a Patr\u00edcia Carvalho, autora do blog de viagens Girl From Nowhere","og_url":"https:\/\/www.abvp.pt\/en\/ir-ao-acaso-patricia-carvalho-entrevista\/","og_site_name":"ABVP","article_publisher":"https:\/\/www.facebook.com\/abvppt\/","article_author":"https:\/\/www.facebook.com\/viajarporquesim","article_published_time":"2023-07-19T08:59:36+00:00","article_modified_time":"2023-08-03T16:34:50+00:00","og_image":[{"width":2560,"height":1249,"url":"https:\/\/www.abvp.pt\/wp-content\/uploads\/GirlFromNowhere1-scaled.jpg","type":"image\/jpeg"}],"author":"Ana C. Borges","twitter_card":"summary_large_image","twitter_creator":"@abvppt","twitter_site":"@abvppt","twitter_misc":{"Written by":"Ana C. Borges","Estimated reading time":"6 minutes"},"schema":{"@context":"https:\/\/schema.org","@graph":[{"@type":"Article","@id":"https:\/\/www.abvp.pt\/ir-ao-acaso-patricia-carvalho-entrevista\/#article","isPartOf":{"@id":"https:\/\/www.abvp.pt\/ir-ao-acaso-patricia-carvalho-entrevista\/"},"author":{"name":"Ana C. Borges","@id":"https:\/\/www.abvp.pt\/#\/schema\/person\/c01001ca9ca03c994808b13624fdbd5c"},"headline":"Ir ao acaso: Patr\u00edcia Carvalho (entrevista)","datePublished":"2023-07-19T08:59:36+00:00","dateModified":"2023-08-03T16:34:50+00:00","mainEntityOfPage":{"@id":"https:\/\/www.abvp.pt\/ir-ao-acaso-patricia-carvalho-entrevista\/"},"wordCount":836,"commentCount":0,"publisher":{"@id":"https:\/\/www.abvp.pt\/#organization"},"image":{"@id":"https:\/\/www.abvp.pt\/ir-ao-acaso-patricia-carvalho-entrevista\/#primaryimage"},"thumbnailUrl":"https:\/\/www.abvp.pt\/wp-content\/uploads\/GirlFromNowhere1-scaled.jpg","keywords":["bloggers de viagem","entrevista"],"articleSection":["Conte\u00fado"],"inLanguage":"en-GB","potentialAction":[{"@type":"CommentAction","name":"Comment","target":["https:\/\/www.abvp.pt\/ir-ao-acaso-patricia-carvalho-entrevista\/#respond"]}]},{"@type":"WebPage","@id":"https:\/\/www.abvp.pt\/ir-ao-acaso-patricia-carvalho-entrevista\/","url":"https:\/\/www.abvp.pt\/ir-ao-acaso-patricia-carvalho-entrevista\/","name":"Ir ao acaso: Patr\u00edcia Carvalho (entrevista) - ABVP","isPartOf":{"@id":"https:\/\/www.abvp.pt\/#website"},"primaryImageOfPage":{"@id":"https:\/\/www.abvp.pt\/ir-ao-acaso-patricia-carvalho-entrevista\/#primaryimage"},"image":{"@id":"https:\/\/www.abvp.pt\/ir-ao-acaso-patricia-carvalho-entrevista\/#primaryimage"},"thumbnailUrl":"https:\/\/www.abvp.pt\/wp-content\/uploads\/GirlFromNowhere1-scaled.jpg","datePublished":"2023-07-19T08:59:36+00:00","dateModified":"2023-08-03T16:34:50+00:00","description":"Entrevista com a Patr\u00edcia Carvalho, autora do blog de viagens Girl From Nowhere","breadcrumb":{"@id":"https:\/\/www.abvp.pt\/ir-ao-acaso-patricia-carvalho-entrevista\/#breadcrumb"},"inLanguage":"en-GB","potentialAction":[{"@type":"ReadAction","target":["https:\/\/www.abvp.pt\/ir-ao-acaso-patricia-carvalho-entrevista\/"]}]},{"@type":"ImageObject","inLanguage":"en-GB","@id":"https:\/\/www.abvp.pt\/ir-ao-acaso-patricia-carvalho-entrevista\/#primaryimage","url":"https:\/\/www.abvp.pt\/wp-content\/uploads\/GirlFromNowhere1-scaled.jpg","contentUrl":"https:\/\/www.abvp.pt\/wp-content\/uploads\/GirlFromNowhere1-scaled.jpg","width":2560,"height":1249},{"@type":"BreadcrumbList","@id":"https:\/\/www.abvp.pt\/ir-ao-acaso-patricia-carvalho-entrevista\/#breadcrumb","itemListElement":[{"@type":"ListItem","position":1,"name":"In\u00edcio","item":"https:\/\/www.abvp.pt\/"},{"@type":"ListItem","position":2,"name":"Ir ao acaso: Patr\u00edcia Carvalho (entrevista)"}]},{"@type":"WebSite","@id":"https:\/\/www.abvp.pt\/#website","url":"https:\/\/www.abvp.pt\/","name":"ABVP","description":"Association of Portuguese Travel Bloggers","publisher":{"@id":"https:\/\/www.abvp.pt\/#organization"},"potentialAction":[{"@type":"SearchAction","target":{"@type":"EntryPoint","urlTemplate":"https:\/\/www.abvp.pt\/?s={search_term_string}"},"query-input":{"@type":"PropertyValueSpecification","valueRequired":true,"valueName":"search_term_string"}}],"inLanguage":"en-GB"},{"@type":"Organization","@id":"https:\/\/www.abvp.pt\/#organization","name":"ABVP","url":"https:\/\/www.abvp.pt\/","logo":{"@type":"ImageObject","inLanguage":"en-GB","@id":"https:\/\/www.abvp.pt\/#\/schema\/logo\/image\/","url":"https:\/\/www.abvp.pt\/wp-content\/uploads\/Logo-Header-dark.svg","contentUrl":"https:\/\/www.abvp.pt\/wp-content\/uploads\/Logo-Header-dark.svg","width":325,"height":48,"caption":"ABVP"},"image":{"@id":"https:\/\/www.abvp.pt\/#\/schema\/logo\/image\/"},"sameAs":["https:\/\/www.facebook.com\/abvppt\/","https:\/\/x.com\/abvppt","https:\/\/www.instagram.com\/abvppt\/"]},{"@type":"Person","@id":"https:\/\/www.abvp.pt\/#\/schema\/person\/c01001ca9ca03c994808b13624fdbd5c","name":"Ana C. Borges","image":{"@type":"ImageObject","inLanguage":"en-GB","@id":"https:\/\/www.abvp.pt\/#\/schema\/person\/image\/","url":"https:\/\/secure.gravatar.com\/avatar\/7a725f4592614d4ad6702531f09627ac?s=96&d=mm&r=g","contentUrl":"https:\/\/secure.gravatar.com\/avatar\/7a725f4592614d4ad6702531f09627ac?s=96&d=mm&r=g","caption":"Ana C. Borges"},"description":"Gosta de passeios longos e conversas intermin\u00e1veis, de ver o que ainda n\u00e3o conhece e rever os lugares do cora\u00e7\u00e3o. Fotografa para mem\u00f3ria futura. Escreve porque lhe sabem bem as palavras. Viaja por paix\u00e3o \u2013 e porque o mundo \u00e9 demasiado grande para ficarmos quietos. \u00c9 autora do blogue Viajar porque sim.","sameAs":["https:\/\/viajarporquesim.blogs.sapo.pt\/","https:\/\/www.facebook.com\/viajarporquesim","https:\/\/www.instagram.com\/viajar_porque_sim\/","https:\/\/www.pinterest.pt\/viajarporquesim\/"],"url":"https:\/\/www.abvp.pt\/en\/author\/acborges\/"}]}},"_links":{"self":[{"href":"https:\/\/www.abvp.pt\/en\/wp-json\/wp\/v2\/posts\/3580","targetHints":{"allow":["GET"]}}],"collection":[{"href":"https:\/\/www.abvp.pt\/en\/wp-json\/wp\/v2\/posts"}],"about":[{"href":"https:\/\/www.abvp.pt\/en\/wp-json\/wp\/v2\/types\/post"}],"author":[{"embeddable":true,"href":"https:\/\/www.abvp.pt\/en\/wp-json\/wp\/v2\/users\/16"}],"replies":[{"embeddable":true,"href":"https:\/\/www.abvp.pt\/en\/wp-json\/wp\/v2\/comments?post=3580"}],"version-history":[{"count":0,"href":"https:\/\/www.abvp.pt\/en\/wp-json\/wp\/v2\/posts\/3580\/revisions"}],"wp:featuredmedia":[{"embeddable":true,"href":"https:\/\/www.abvp.pt\/en\/wp-json\/wp\/v2\/media\/3590"}],"wp:attachment":[{"href":"https:\/\/www.abvp.pt\/en\/wp-json\/wp\/v2\/media?parent=3580"}],"wp:term":[{"taxonomy":"category","embeddable":true,"href":"https:\/\/www.abvp.pt\/en\/wp-json\/wp\/v2\/categories?post=3580"},{"taxonomy":"post_tag","embeddable":true,"href":"https:\/\/www.abvp.pt\/en\/wp-json\/wp\/v2\/tags?post=3580"}],"curies":[{"name":"wp","href":"https:\/\/api.w.org\/{rel}","templated":true}]}}