{"id":3873,"date":"2023-08-25T11:16:39","date_gmt":"2023-08-25T10:16:39","guid":{"rendered":"https:\/\/www.abvp.pt\/?p=3873"},"modified":"2023-08-25T11:16:41","modified_gmt":"2023-08-25T10:16:41","slug":"viajar-com-consciencia-filipa-chatillon-entrevista","status":"publish","type":"post","link":"https:\/\/www.abvp.pt\/en\/viajar-com-consciencia-filipa-chatillon-entrevista\/","title":{"rendered":"Viajar com consci\u00eancia: Filipa Chatillon (entrevista)"},"content":{"rendered":"<p><\/p>\n\n\n\n<p>Nome: <strong>Filipa Chatillon<\/strong><\/p>\n\n\n\n<p>Profiss\u00e3o: <strong>L\u00edder de Viagens<\/strong><\/p>\n\n\n\n<p>Local de resid\u00eancia: <strong>Lisboa<\/strong><\/p>\n\n\n\n<p>Blog: <a href=\"https:\/\/contosalfacinhas.com\/\"><strong>Contos Alfacinhas<\/strong><\/a><\/p>\n\n\n\n<div style=\"height:30px\" aria-hidden=\"true\" class=\"wp-block-spacer\"><\/div>\n\n\n\n<h5 class=\"wp-block-heading\"><strong>1. Porque \u00e9 que decidiste criar um blog de viagens?<\/strong><\/h5>\n\n\n\n<p>Criei o primeiro blog de viagens em 2009, quando fui para a Argentina fazer voluntariado por tr\u00eas meses. Na altura, servia apenas para ir partilhando com amigos o que estava a viver. Sempre gostei de escrever e pareceu-me o meio mais pr\u00e1tico para essa partilha e para me dar um est\u00edmulo extra para passar para texto as minhas experi\u00eancias. Enquanto l\u00e1 estive, e depois fiquei durante um ano pela Am\u00e9rica do Sul, fiz um curso online de jornalismo de viagem e comecei a encarar a escrita de forma mais s\u00e9ria. J\u00e1 em Portugal, em 2014, nas v\u00e9speras de me lan\u00e7ar de novo numa viagem de v\u00e1rios meses e j\u00e1 escrevendo para algumas publica\u00e7\u00f5es online, decidi criar o Contos Alfacinhas. A ideia continuou a ser partilhar as minhas hist\u00f3rias de viagem e as hist\u00f3rias das pessoas com quem me vou cruzando nelas, e inspirar as pessoas que me leem a olhar com curiosidade para o mundo, mas tentando ter um alcance maior que s\u00f3 os amigos.<\/p>\n\n\n\n<figure class=\"wp-block-image size-full\"><img fetchpriority=\"high\" decoding=\"async\" width=\"1024\" height=\"768\" src=\"https:\/\/www.abvp.pt\/wp-content\/uploads\/Argentina-1.webp\" alt=\"\" class=\"wp-image-3881\" srcset=\"https:\/\/www.abvp.pt\/wp-content\/uploads\/Argentina-1.webp 1024w, https:\/\/www.abvp.pt\/wp-content\/uploads\/Argentina-1-600x450.webp 600w, https:\/\/www.abvp.pt\/wp-content\/uploads\/Argentina-1-300x225.webp 300w, https:\/\/www.abvp.pt\/wp-content\/uploads\/Argentina-1-800x600.webp 800w, https:\/\/www.abvp.pt\/wp-content\/uploads\/Argentina-1-150x113.webp 150w, https:\/\/www.abvp.pt\/wp-content\/uploads\/Argentina-1-768x576.webp 768w\" sizes=\"(max-width: 1024px) 100vw, 1024px\" \/><\/figure>\n\n\n\n<div style=\"height:30px\" aria-hidden=\"true\" class=\"wp-block-spacer\"><\/div>\n\n\n\n<h5 class=\"wp-block-heading\"><strong>2. O que \u00e9 que podemos encontrar no teu blog?<\/strong><\/h5>\n\n\n\n<p>Narrativa de viagem e sugest\u00f5es de leituras. O que gosto mesmo de escrever s\u00e3o hist\u00f3rias, por isso n\u00e3o fa\u00e7o roteiros nem listas de lugares a visitar. Claro que, ao contar essas hist\u00f3rias, escrevo sobre os s\u00edtios por onde passei e coloco sempre links que passam mais informa\u00e7\u00e3o pr\u00e1tica, por isso a informa\u00e7\u00e3o acaba por l\u00e1 estar, mas n\u00e3o me sinto com a \u201cautoridade\u201d para estar a enumerar os \u201cmelhores lugares\u201d, quando apenas passei pelos s\u00edtios uma vez. Acho que devemos ser respons\u00e1veis nessa partilha. Deixo as hist\u00f3rias falarem por si. Como adoro ler, e acho que aprendemos muito nos livros, mesmo de fic\u00e7\u00e3o, tamb\u00e9m partilho os livros que leio que falam sobre ou se passam nos destinos por onde vou passando.<\/p>\n\n\n\n<figure class=\"wp-block-image size-full\"><img decoding=\"async\" width=\"1024\" height=\"768\" src=\"https:\/\/www.abvp.pt\/wp-content\/uploads\/Katmandu-2.webp\" alt=\"\" class=\"wp-image-3882\" srcset=\"https:\/\/www.abvp.pt\/wp-content\/uploads\/Katmandu-2.webp 1024w, https:\/\/www.abvp.pt\/wp-content\/uploads\/Katmandu-2-600x450.webp 600w, https:\/\/www.abvp.pt\/wp-content\/uploads\/Katmandu-2-300x225.webp 300w, https:\/\/www.abvp.pt\/wp-content\/uploads\/Katmandu-2-800x600.webp 800w, https:\/\/www.abvp.pt\/wp-content\/uploads\/Katmandu-2-150x113.webp 150w, https:\/\/www.abvp.pt\/wp-content\/uploads\/Katmandu-2-768x576.webp 768w\" sizes=\"(max-width: 1024px) 100vw, 1024px\" \/><\/figure>\n\n\n\n<div style=\"height:30px\" aria-hidden=\"true\" class=\"wp-block-spacer\"><\/div>\n\n\n\n<h5 class=\"wp-block-heading\"><strong>3. Tens prefer\u00eancia especial por algum dos teus posts? Porqu\u00ea?<\/strong><\/h5>\n\n\n\n<p>A escolher algum (o que \u00e9 dif\u00edcil), escolho tr\u00eas. O <a href=\"https:\/\/contosalfacinhas.com\/2020\/08\/12\/as-gravuras-rupestres-do-coa-e-o-poder-da-cidadania\/\">As Gravuras Rupestres do C\u00f4a e o Poder da Cidadania<\/a>, porque acho que combina muito bem a narrativa de viagem com informa\u00e7\u00e3o pr\u00e1tica e porque fala de uma zona de Portugal e de uma luta hist\u00f3rica pelo patrim\u00f3nio que me impactaram muito e que acho que toda a gente devia conhecer. Os <a href=\"https:\/\/contosalfacinhas.com\/2020\/07\/01\/regresso-a-reserva-da-faia-brava\/\">Regresso \u00e0 Reserva da Faia Brava<\/a> and <a href=\"https:\/\/contosalfacinhas.com\/2021\/10\/12\/o-amor-e-os-burros\/\">O Amor e os Burros<\/a> porque chamam a aten\u00e7\u00e3o para projectos de conserva\u00e7\u00e3o da natureza e sustentabilidade que podemos apoiar quer atrav\u00e9s do voluntariado (como eu fiz e narro nesses textos) quer atrav\u00e9s das nossas visitas aos lugares. Juntam assim dois temas que me s\u00e3o muito caros, as viagens e o impacto positivo que estas podem (e devem) ter. E mostram que n\u00e3o \u00e9 preciso ir muito longe para ter este tipo de experi\u00eancias.<\/p>\n\n\n\n<figure class=\"wp-block-image size-full\"><img decoding=\"async\" width=\"1024\" height=\"768\" src=\"https:\/\/www.abvp.pt\/wp-content\/uploads\/Burros.webp\" alt=\"\" class=\"wp-image-3883\" srcset=\"https:\/\/www.abvp.pt\/wp-content\/uploads\/Burros.webp 1024w, https:\/\/www.abvp.pt\/wp-content\/uploads\/Burros-600x450.webp 600w, https:\/\/www.abvp.pt\/wp-content\/uploads\/Burros-300x225.webp 300w, https:\/\/www.abvp.pt\/wp-content\/uploads\/Burros-800x600.webp 800w, https:\/\/www.abvp.pt\/wp-content\/uploads\/Burros-150x113.webp 150w, https:\/\/www.abvp.pt\/wp-content\/uploads\/Burros-768x576.webp 768w\" sizes=\"(max-width: 1024px) 100vw, 1024px\" \/><\/figure>\n\n\n\n<div style=\"height:30px\" aria-hidden=\"true\" class=\"wp-block-spacer\"><\/div>\n\n\n\n<h5 class=\"wp-block-heading\"><strong>4. Qual \u00e9 a raz\u00e3o principal que te leva a viajar?<\/strong><\/h5>\n\n\n\n<p>Curiosidade e o sentimento de que sou a melhor vers\u00e3o de mim quando me dou \u00e0 explora\u00e7\u00e3o.<\/p>\n\n\n\n<h5 class=\"wp-block-heading\"><strong>5. Qual foi a viagem que mais te marcou at\u00e9 hoje? Porqu\u00ea?<\/strong><\/h5>\n\n\n\n<p>A viagem com voluntariado \u00e0 Argentina (e \u00e0 Am\u00e9rica do Sul), em 2010. Ia por tr\u00eas meses, fiquei quase um ano e foi a viagem que me fez mudar de vida e, mais tarde, dedicar-me \u00e0s viagens a tempo inteiro.<\/p>\n\n\n\n<figure class=\"wp-block-image size-full\"><img loading=\"lazy\" decoding=\"async\" width=\"1024\" height=\"768\" src=\"https:\/\/www.abvp.pt\/wp-content\/uploads\/Argentina.webp\" alt=\"\" class=\"wp-image-3884\" srcset=\"https:\/\/www.abvp.pt\/wp-content\/uploads\/Argentina.webp 1024w, https:\/\/www.abvp.pt\/wp-content\/uploads\/Argentina-600x450.webp 600w, https:\/\/www.abvp.pt\/wp-content\/uploads\/Argentina-300x225.webp 300w, https:\/\/www.abvp.pt\/wp-content\/uploads\/Argentina-800x600.webp 800w, https:\/\/www.abvp.pt\/wp-content\/uploads\/Argentina-150x113.webp 150w, https:\/\/www.abvp.pt\/wp-content\/uploads\/Argentina-768x576.webp 768w\" sizes=\"(max-width: 1024px) 100vw, 1024px\" \/><\/figure>\n\n\n\n<div style=\"height:30px\" aria-hidden=\"true\" class=\"wp-block-spacer\"><\/div>\n\n\n\n<h5 class=\"wp-block-heading\"><strong>6. J\u00e1 tiveste alguma m\u00e1 experi\u00eancia em viagem?<\/strong><\/h5>\n\n\n\n<p>Felizmente, n\u00e3o. Apanhei um terramoto no Equador em 2016, passei uma tarde na esquadra na \u00cdndia em 2015 enquanto conduzia por l\u00e1 e ia ficando presa no Nepal em 2020. J\u00e1 tive de encarar muitas mudan\u00e7as de planos de transportes repentinas, alojamentos manhosos, pessoas menos simp\u00e1ticas e aquela solid\u00e3o pr\u00f3pria de quem viaja sozinha. Mas, como correu sempre tudo bem no final e os percal\u00e7os fazem parte da vida, n\u00e3o s\u00f3 das viagens, o que ficam s\u00e3o aprendizagens e boas hist\u00f3rias para contar. N\u00e3o as vejo como m\u00e1s experi\u00eancias.<\/p>\n\n\n\n<h5 class=\"wp-block-heading\"><strong>7. O que \u00e9 que sentes quando voltas a casa depois de uma viagem?<\/strong><\/h5>\n\n\n\n<p>Isto tem variado muito ao longo dos anos. Agora sinto a felicidade do conforto e do retorno a quem mais gosto. Estou sempre a alternar entre a vontade de partir e a felicidade de voltar.<\/p>\n\n\n\n<h5 class=\"wp-block-heading\"><strong>8. Excluindo Portugal, qual \u00e9 o lugar onde mais gostarias de viver?<\/strong><\/h5>\n\n\n\n<p>N\u00e3o sei. Gosto muito de viver em Portugal.<\/p>\n\n\n\n<figure class=\"wp-block-image size-full\"><img loading=\"lazy\" decoding=\"async\" width=\"1024\" height=\"769\" src=\"https:\/\/www.abvp.pt\/wp-content\/uploads\/Bicicleta-4.webp\" alt=\"\" class=\"wp-image-3885\" srcset=\"https:\/\/www.abvp.pt\/wp-content\/uploads\/Bicicleta-4.webp 1024w, https:\/\/www.abvp.pt\/wp-content\/uploads\/Bicicleta-4-600x451.webp 600w, https:\/\/www.abvp.pt\/wp-content\/uploads\/Bicicleta-4-300x225.webp 300w, https:\/\/www.abvp.pt\/wp-content\/uploads\/Bicicleta-4-800x601.webp 800w, https:\/\/www.abvp.pt\/wp-content\/uploads\/Bicicleta-4-150x113.webp 150w, https:\/\/www.abvp.pt\/wp-content\/uploads\/Bicicleta-4-768x577.webp 768w\" sizes=\"(max-width: 1024px) 100vw, 1024px\" \/><\/figure>\n\n\n\n<div style=\"height:30px\" aria-hidden=\"true\" class=\"wp-block-spacer\"><\/div>\n\n\n\n<h5 class=\"wp-block-heading\"><strong>9. Qual \u00e9 o papel que achas que os blogs desempenham para outras pessoas que gostam de viajar?<\/strong><\/h5>\n\n\n\n<p>Acho que depende muito das pessoas que os leem, e dos blogs. Acho que a maioria, infelizmente, serve apenas como fornecedor de dicas e informa\u00e7\u00e3o pr\u00e1tica, que muitas vezes se repete de uns para os outros. Tamb\u00e9m h\u00e1 quem v\u00e1 buscar inspira\u00e7\u00e3o e quem goste apenas de ler sobre destinos ou sobre hist\u00f3rias de viagem. Acho que dev\u00edamos todos, bloggers, tentar espica\u00e7ar mais a curiosidade dos nossos leitores e tentar transmitir-lhes mais responsabilidade na maneira como preparam e realizam as suas viagens. Tamb\u00e9m acho que dev\u00edamos reflectir mais sobre o impacto que as nossas escolhas e aquilo que partilhamos t\u00eam nos lugares que visitamos.<\/p>\n\n\n\n<figure class=\"wp-block-image size-full\"><img loading=\"lazy\" decoding=\"async\" width=\"1024\" height=\"768\" src=\"https:\/\/www.abvp.pt\/wp-content\/uploads\/Katmandu.webp\" alt=\"\" class=\"wp-image-3886\" srcset=\"https:\/\/www.abvp.pt\/wp-content\/uploads\/Katmandu.webp 1024w, https:\/\/www.abvp.pt\/wp-content\/uploads\/Katmandu-600x450.webp 600w, https:\/\/www.abvp.pt\/wp-content\/uploads\/Katmandu-300x225.webp 300w, https:\/\/www.abvp.pt\/wp-content\/uploads\/Katmandu-800x600.webp 800w, https:\/\/www.abvp.pt\/wp-content\/uploads\/Katmandu-150x113.webp 150w, https:\/\/www.abvp.pt\/wp-content\/uploads\/Katmandu-768x576.webp 768w\" sizes=\"(max-width: 1024px) 100vw, 1024px\" \/><\/figure>\n\n\n\n<div style=\"height:30px\" aria-hidden=\"true\" class=\"wp-block-spacer\"><\/div>\n\n\n\n<h5 class=\"wp-block-heading\"><strong>10. Qual \u00e9 o teu maior sonho de viagem ainda por cumprir?<\/strong><\/h5>\n\n\n\n<p>Quero muito visitar todos os projetos de Rewilding espalhados pelo mundo.<\/p>\n\n\n\n<p><\/p>","protected":false},"excerpt":{"rendered":"<p>Nome: Filipa Chatillon Profiss\u00e3o: L\u00edder de Viagens Local de resid\u00eancia: Lisboa Blog: Contos Alfacinhas 1. Porque \u00e9 que decidiste criar um blog de viagens? Criei o primeiro blog de viagens [&hellip;]<\/p>\n","protected":false},"author":16,"featured_media":3878,"comment_status":"open","ping_status":"closed","sticky":false,"template":"","format":"standard","meta":{"_price":"","_stock":"","_tribe_ticket_header":"","_tribe_default_ticket_provider":"","_tribe_ticket_capacity":"0","_ticket_start_date":"","_ticket_end_date":"","_tribe_ticket_show_description":"","_tribe_ticket_show_not_going":false,"_tribe_ticket_use_global_stock":"","_tribe_ticket_global_stock_level":"","_global_stock_mode":"","_global_stock_cap":"","_tribe_rsvp_for_event":"","_tribe_ticket_going_count":"","_tribe_ticket_not_going_count":"","_tribe_tickets_list":"[]","_tribe_ticket_has_attendee_info_fields":false,"_EventAllDay":false,"_EventTimezone":"","_EventStartDate":"","_EventEndDate":"","_EventStartDateUTC":"","_EventEndDateUTC":"","_EventShowMap":false,"_EventShowMapLink":false,"_EventURL":"","_EventCost":"","_EventCostDescription":"","_EventCurrencySymbol":"","_EventCurrencyCode":"","_EventCurrencyPosition":"","_EventDateTimeSeparator":"","_EventTimeRangeSeparator":"","_EventOrganizerID":[],"_EventVenueID":[],"_OrganizerEmail":"","_OrganizerPhone":"","_OrganizerWebsite":"","_VenueAddress":"","_VenueCity":"","_VenueCountry":"","_VenueProvince":"","_VenueState":"","_VenueZip":"","_VenuePhone":"","_VenueURL":"","_VenueStateProvince":"","_VenueLat":"","_VenueLng":"","_VenueShowMap":false,"_VenueShowMapLink":false,"footnotes":""},"categories":[1],"tags":[49,37],"class_list":["post-3873","post","type-post","status-publish","format-standard","has-post-thumbnail","hentry","category-conteudo","tag-bloggers-de-viagem","tag-entrevista"],"blocksy_meta":[],"yoast_head":"<!-- This site is optimized with the Yoast SEO plugin v26.4 - https:\/\/yoast.com\/wordpress\/plugins\/seo\/ -->\n<title>Viajar com consci\u00eancia: Filipa Chatillon (entrevista) - ABVP<\/title>\n<meta name=\"description\" content=\"Entrevista a Filipa Chatillon, autora do blog de viagens Contos Alfacinhas\" \/>\n<meta name=\"robots\" content=\"index, follow, max-snippet:-1, max-image-preview:large, max-video-preview:-1\" \/>\n<link rel=\"canonical\" href=\"https:\/\/www.abvp.pt\/en\/viajar-com-consciencia-filipa-chatillon-entrevista\/\" \/>\n<meta property=\"og:locale\" content=\"en_GB\" \/>\n<meta property=\"og:type\" content=\"article\" \/>\n<meta property=\"og:title\" content=\"Viajar com consci\u00eancia: Filipa Chatillon (entrevista) - ABVP\" \/>\n<meta property=\"og:description\" content=\"Entrevista a Filipa Chatillon, autora do blog de viagens Contos Alfacinhas\" \/>\n<meta property=\"og:url\" content=\"https:\/\/www.abvp.pt\/en\/viajar-com-consciencia-filipa-chatillon-entrevista\/\" \/>\n<meta property=\"og:site_name\" content=\"ABVP\" \/>\n<meta property=\"article:publisher\" content=\"https:\/\/www.facebook.com\/abvppt\/\" \/>\n<meta property=\"article:author\" content=\"https:\/\/www.facebook.com\/viajarporquesim\" \/>\n<meta property=\"article:published_time\" content=\"2023-08-25T10:16:39+00:00\" \/>\n<meta property=\"article:modified_time\" content=\"2023-08-25T10:16:41+00:00\" \/>\n<meta property=\"og:image\" content=\"https:\/\/www.abvp.pt\/wp-content\/uploads\/Filipa-Chatillon-1.jpg\" \/>\n\t<meta property=\"og:image:width\" content=\"1953\" \/>\n\t<meta property=\"og:image:height\" content=\"1191\" \/>\n\t<meta property=\"og:image:type\" content=\"image\/jpeg\" \/>\n<meta name=\"author\" content=\"Ana C. Borges\" \/>\n<meta name=\"twitter:card\" content=\"summary_large_image\" \/>\n<meta name=\"twitter:creator\" content=\"@abvppt\" \/>\n<meta name=\"twitter:site\" content=\"@abvppt\" \/>\n<meta name=\"twitter:label1\" content=\"Written by\" \/>\n\t<meta name=\"twitter:data1\" content=\"Ana C. Borges\" \/>\n\t<meta name=\"twitter:label2\" content=\"Estimated reading time\" \/>\n\t<meta name=\"twitter:data2\" content=\"6 minutes\" \/>\n<script type=\"application\/ld+json\" class=\"yoast-schema-graph\">{\"@context\":\"https:\/\/schema.org\",\"@graph\":[{\"@type\":\"Article\",\"@id\":\"https:\/\/www.abvp.pt\/viajar-com-consciencia-filipa-chatillon-entrevista\/#article\",\"isPartOf\":{\"@id\":\"https:\/\/www.abvp.pt\/viajar-com-consciencia-filipa-chatillon-entrevista\/\"},\"author\":{\"name\":\"Ana C. Borges\",\"@id\":\"https:\/\/www.abvp.pt\/#\/schema\/person\/c01001ca9ca03c994808b13624fdbd5c\"},\"headline\":\"Viajar com consci\u00eancia: Filipa Chatillon (entrevista)\",\"datePublished\":\"2023-08-25T10:16:39+00:00\",\"dateModified\":\"2023-08-25T10:16:41+00:00\",\"mainEntityOfPage\":{\"@id\":\"https:\/\/www.abvp.pt\/viajar-com-consciencia-filipa-chatillon-entrevista\/\"},\"wordCount\":917,\"commentCount\":0,\"publisher\":{\"@id\":\"https:\/\/www.abvp.pt\/#organization\"},\"image\":{\"@id\":\"https:\/\/www.abvp.pt\/viajar-com-consciencia-filipa-chatillon-entrevista\/#primaryimage\"},\"thumbnailUrl\":\"https:\/\/www.abvp.pt\/wp-content\/uploads\/Filipa-Chatillon-1.jpg\",\"keywords\":[\"bloggers de viagem\",\"entrevista\"],\"articleSection\":[\"Conte\u00fado\"],\"inLanguage\":\"en-GB\",\"potentialAction\":[{\"@type\":\"CommentAction\",\"name\":\"Comment\",\"target\":[\"https:\/\/www.abvp.pt\/viajar-com-consciencia-filipa-chatillon-entrevista\/#respond\"]}]},{\"@type\":\"WebPage\",\"@id\":\"https:\/\/www.abvp.pt\/viajar-com-consciencia-filipa-chatillon-entrevista\/\",\"url\":\"https:\/\/www.abvp.pt\/viajar-com-consciencia-filipa-chatillon-entrevista\/\",\"name\":\"Viajar com consci\u00eancia: Filipa Chatillon (entrevista) - ABVP\",\"isPartOf\":{\"@id\":\"https:\/\/www.abvp.pt\/#website\"},\"primaryImageOfPage\":{\"@id\":\"https:\/\/www.abvp.pt\/viajar-com-consciencia-filipa-chatillon-entrevista\/#primaryimage\"},\"image\":{\"@id\":\"https:\/\/www.abvp.pt\/viajar-com-consciencia-filipa-chatillon-entrevista\/#primaryimage\"},\"thumbnailUrl\":\"https:\/\/www.abvp.pt\/wp-content\/uploads\/Filipa-Chatillon-1.jpg\",\"datePublished\":\"2023-08-25T10:16:39+00:00\",\"dateModified\":\"2023-08-25T10:16:41+00:00\",\"description\":\"Entrevista a Filipa Chatillon, autora do blog de viagens Contos Alfacinhas\",\"breadcrumb\":{\"@id\":\"https:\/\/www.abvp.pt\/viajar-com-consciencia-filipa-chatillon-entrevista\/#breadcrumb\"},\"inLanguage\":\"en-GB\",\"potentialAction\":[{\"@type\":\"ReadAction\",\"target\":[\"https:\/\/www.abvp.pt\/viajar-com-consciencia-filipa-chatillon-entrevista\/\"]}]},{\"@type\":\"ImageObject\",\"inLanguage\":\"en-GB\",\"@id\":\"https:\/\/www.abvp.pt\/viajar-com-consciencia-filipa-chatillon-entrevista\/#primaryimage\",\"url\":\"https:\/\/www.abvp.pt\/wp-content\/uploads\/Filipa-Chatillon-1.jpg\",\"contentUrl\":\"https:\/\/www.abvp.pt\/wp-content\/uploads\/Filipa-Chatillon-1.jpg\",\"width\":1953,\"height\":1191},{\"@type\":\"BreadcrumbList\",\"@id\":\"https:\/\/www.abvp.pt\/viajar-com-consciencia-filipa-chatillon-entrevista\/#breadcrumb\",\"itemListElement\":[{\"@type\":\"ListItem\",\"position\":1,\"name\":\"In\u00edcio\",\"item\":\"https:\/\/www.abvp.pt\/\"},{\"@type\":\"ListItem\",\"position\":2,\"name\":\"Viajar com consci\u00eancia: Filipa Chatillon (entrevista)\"}]},{\"@type\":\"WebSite\",\"@id\":\"https:\/\/www.abvp.pt\/#website\",\"url\":\"https:\/\/www.abvp.pt\/\",\"name\":\"ABVP\",\"description\":\"Associa\u00e7\u00e3o de Bloggers de Viagem Portugueses\",\"publisher\":{\"@id\":\"https:\/\/www.abvp.pt\/#organization\"},\"potentialAction\":[{\"@type\":\"SearchAction\",\"target\":{\"@type\":\"EntryPoint\",\"urlTemplate\":\"https:\/\/www.abvp.pt\/?s={search_term_string}\"},\"query-input\":{\"@type\":\"PropertyValueSpecification\",\"valueRequired\":true,\"valueName\":\"search_term_string\"}}],\"inLanguage\":\"en-GB\"},{\"@type\":\"Organization\",\"@id\":\"https:\/\/www.abvp.pt\/#organization\",\"name\":\"ABVP\",\"url\":\"https:\/\/www.abvp.pt\/\",\"logo\":{\"@type\":\"ImageObject\",\"inLanguage\":\"en-GB\",\"@id\":\"https:\/\/www.abvp.pt\/#\/schema\/logo\/image\/\",\"url\":\"https:\/\/www.abvp.pt\/wp-content\/uploads\/Logo-Header-dark.svg\",\"contentUrl\":\"https:\/\/www.abvp.pt\/wp-content\/uploads\/Logo-Header-dark.svg\",\"width\":325,\"height\":48,\"caption\":\"ABVP\"},\"image\":{\"@id\":\"https:\/\/www.abvp.pt\/#\/schema\/logo\/image\/\"},\"sameAs\":[\"https:\/\/www.facebook.com\/abvppt\/\",\"https:\/\/x.com\/abvppt\",\"https:\/\/www.instagram.com\/abvppt\/\"]},{\"@type\":\"Person\",\"@id\":\"https:\/\/www.abvp.pt\/#\/schema\/person\/c01001ca9ca03c994808b13624fdbd5c\",\"name\":\"Ana C. Borges\",\"image\":{\"@type\":\"ImageObject\",\"inLanguage\":\"en-GB\",\"@id\":\"https:\/\/www.abvp.pt\/#\/schema\/person\/image\/\",\"url\":\"https:\/\/secure.gravatar.com\/avatar\/7a725f4592614d4ad6702531f09627ac?s=96&d=mm&r=g\",\"contentUrl\":\"https:\/\/secure.gravatar.com\/avatar\/7a725f4592614d4ad6702531f09627ac?s=96&d=mm&r=g\",\"caption\":\"Ana C. Borges\"},\"description\":\"Gosta de passeios longos e conversas intermin\u00e1veis, de ver o que ainda n\u00e3o conhece e rever os lugares do cora\u00e7\u00e3o. Fotografa para mem\u00f3ria futura. Escreve porque lhe sabem bem as palavras. Viaja por paix\u00e3o \u2013 e porque o mundo \u00e9 demasiado grande para ficarmos quietos. \u00c9 autora do blogue Viajar porque sim.\",\"sameAs\":[\"https:\/\/viajarporquesim.blogs.sapo.pt\/\",\"https:\/\/www.facebook.com\/viajarporquesim\",\"https:\/\/www.instagram.com\/viajar_porque_sim\/\",\"https:\/\/www.pinterest.pt\/viajarporquesim\/\"],\"url\":\"https:\/\/www.abvp.pt\/en\/author\/acborges\/\"}]}<\/script>\n<!-- \/ Yoast SEO plugin. -->","yoast_head_json":{"title":"Viajar com consci\u00eancia: Filipa Chatillon (entrevista) - ABVP","description":"Entrevista a Filipa Chatillon, autora do blog de viagens Contos Alfacinhas","robots":{"index":"index","follow":"follow","max-snippet":"max-snippet:-1","max-image-preview":"max-image-preview:large","max-video-preview":"max-video-preview:-1"},"canonical":"https:\/\/www.abvp.pt\/en\/viajar-com-consciencia-filipa-chatillon-entrevista\/","og_locale":"en_GB","og_type":"article","og_title":"Viajar com consci\u00eancia: Filipa Chatillon (entrevista) - ABVP","og_description":"Entrevista a Filipa Chatillon, autora do blog de viagens Contos Alfacinhas","og_url":"https:\/\/www.abvp.pt\/en\/viajar-com-consciencia-filipa-chatillon-entrevista\/","og_site_name":"ABVP","article_publisher":"https:\/\/www.facebook.com\/abvppt\/","article_author":"https:\/\/www.facebook.com\/viajarporquesim","article_published_time":"2023-08-25T10:16:39+00:00","article_modified_time":"2023-08-25T10:16:41+00:00","og_image":[{"width":1953,"height":1191,"url":"https:\/\/www.abvp.pt\/wp-content\/uploads\/Filipa-Chatillon-1.jpg","type":"image\/jpeg"}],"author":"Ana C. Borges","twitter_card":"summary_large_image","twitter_creator":"@abvppt","twitter_site":"@abvppt","twitter_misc":{"Written by":"Ana C. Borges","Estimated reading time":"6 minutes"},"schema":{"@context":"https:\/\/schema.org","@graph":[{"@type":"Article","@id":"https:\/\/www.abvp.pt\/viajar-com-consciencia-filipa-chatillon-entrevista\/#article","isPartOf":{"@id":"https:\/\/www.abvp.pt\/viajar-com-consciencia-filipa-chatillon-entrevista\/"},"author":{"name":"Ana C. Borges","@id":"https:\/\/www.abvp.pt\/#\/schema\/person\/c01001ca9ca03c994808b13624fdbd5c"},"headline":"Viajar com consci\u00eancia: Filipa Chatillon (entrevista)","datePublished":"2023-08-25T10:16:39+00:00","dateModified":"2023-08-25T10:16:41+00:00","mainEntityOfPage":{"@id":"https:\/\/www.abvp.pt\/viajar-com-consciencia-filipa-chatillon-entrevista\/"},"wordCount":917,"commentCount":0,"publisher":{"@id":"https:\/\/www.abvp.pt\/#organization"},"image":{"@id":"https:\/\/www.abvp.pt\/viajar-com-consciencia-filipa-chatillon-entrevista\/#primaryimage"},"thumbnailUrl":"https:\/\/www.abvp.pt\/wp-content\/uploads\/Filipa-Chatillon-1.jpg","keywords":["bloggers de viagem","entrevista"],"articleSection":["Conte\u00fado"],"inLanguage":"en-GB","potentialAction":[{"@type":"CommentAction","name":"Comment","target":["https:\/\/www.abvp.pt\/viajar-com-consciencia-filipa-chatillon-entrevista\/#respond"]}]},{"@type":"WebPage","@id":"https:\/\/www.abvp.pt\/viajar-com-consciencia-filipa-chatillon-entrevista\/","url":"https:\/\/www.abvp.pt\/viajar-com-consciencia-filipa-chatillon-entrevista\/","name":"Viajar com consci\u00eancia: Filipa Chatillon (entrevista) - ABVP","isPartOf":{"@id":"https:\/\/www.abvp.pt\/#website"},"primaryImageOfPage":{"@id":"https:\/\/www.abvp.pt\/viajar-com-consciencia-filipa-chatillon-entrevista\/#primaryimage"},"image":{"@id":"https:\/\/www.abvp.pt\/viajar-com-consciencia-filipa-chatillon-entrevista\/#primaryimage"},"thumbnailUrl":"https:\/\/www.abvp.pt\/wp-content\/uploads\/Filipa-Chatillon-1.jpg","datePublished":"2023-08-25T10:16:39+00:00","dateModified":"2023-08-25T10:16:41+00:00","description":"Entrevista a Filipa Chatillon, autora do blog de viagens Contos Alfacinhas","breadcrumb":{"@id":"https:\/\/www.abvp.pt\/viajar-com-consciencia-filipa-chatillon-entrevista\/#breadcrumb"},"inLanguage":"en-GB","potentialAction":[{"@type":"ReadAction","target":["https:\/\/www.abvp.pt\/viajar-com-consciencia-filipa-chatillon-entrevista\/"]}]},{"@type":"ImageObject","inLanguage":"en-GB","@id":"https:\/\/www.abvp.pt\/viajar-com-consciencia-filipa-chatillon-entrevista\/#primaryimage","url":"https:\/\/www.abvp.pt\/wp-content\/uploads\/Filipa-Chatillon-1.jpg","contentUrl":"https:\/\/www.abvp.pt\/wp-content\/uploads\/Filipa-Chatillon-1.jpg","width":1953,"height":1191},{"@type":"BreadcrumbList","@id":"https:\/\/www.abvp.pt\/viajar-com-consciencia-filipa-chatillon-entrevista\/#breadcrumb","itemListElement":[{"@type":"ListItem","position":1,"name":"In\u00edcio","item":"https:\/\/www.abvp.pt\/"},{"@type":"ListItem","position":2,"name":"Viajar com consci\u00eancia: Filipa Chatillon (entrevista)"}]},{"@type":"WebSite","@id":"https:\/\/www.abvp.pt\/#website","url":"https:\/\/www.abvp.pt\/","name":"ABVP","description":"Association of Portuguese Travel Bloggers","publisher":{"@id":"https:\/\/www.abvp.pt\/#organization"},"potentialAction":[{"@type":"SearchAction","target":{"@type":"EntryPoint","urlTemplate":"https:\/\/www.abvp.pt\/?s={search_term_string}"},"query-input":{"@type":"PropertyValueSpecification","valueRequired":true,"valueName":"search_term_string"}}],"inLanguage":"en-GB"},{"@type":"Organization","@id":"https:\/\/www.abvp.pt\/#organization","name":"ABVP","url":"https:\/\/www.abvp.pt\/","logo":{"@type":"ImageObject","inLanguage":"en-GB","@id":"https:\/\/www.abvp.pt\/#\/schema\/logo\/image\/","url":"https:\/\/www.abvp.pt\/wp-content\/uploads\/Logo-Header-dark.svg","contentUrl":"https:\/\/www.abvp.pt\/wp-content\/uploads\/Logo-Header-dark.svg","width":325,"height":48,"caption":"ABVP"},"image":{"@id":"https:\/\/www.abvp.pt\/#\/schema\/logo\/image\/"},"sameAs":["https:\/\/www.facebook.com\/abvppt\/","https:\/\/x.com\/abvppt","https:\/\/www.instagram.com\/abvppt\/"]},{"@type":"Person","@id":"https:\/\/www.abvp.pt\/#\/schema\/person\/c01001ca9ca03c994808b13624fdbd5c","name":"Ana C. Borges","image":{"@type":"ImageObject","inLanguage":"en-GB","@id":"https:\/\/www.abvp.pt\/#\/schema\/person\/image\/","url":"https:\/\/secure.gravatar.com\/avatar\/7a725f4592614d4ad6702531f09627ac?s=96&d=mm&r=g","contentUrl":"https:\/\/secure.gravatar.com\/avatar\/7a725f4592614d4ad6702531f09627ac?s=96&d=mm&r=g","caption":"Ana C. Borges"},"description":"Gosta de passeios longos e conversas intermin\u00e1veis, de ver o que ainda n\u00e3o conhece e rever os lugares do cora\u00e7\u00e3o. Fotografa para mem\u00f3ria futura. Escreve porque lhe sabem bem as palavras. Viaja por paix\u00e3o \u2013 e porque o mundo \u00e9 demasiado grande para ficarmos quietos. \u00c9 autora do blogue Viajar porque sim.","sameAs":["https:\/\/viajarporquesim.blogs.sapo.pt\/","https:\/\/www.facebook.com\/viajarporquesim","https:\/\/www.instagram.com\/viajar_porque_sim\/","https:\/\/www.pinterest.pt\/viajarporquesim\/"],"url":"https:\/\/www.abvp.pt\/en\/author\/acborges\/"}]}},"_links":{"self":[{"href":"https:\/\/www.abvp.pt\/en\/wp-json\/wp\/v2\/posts\/3873","targetHints":{"allow":["GET"]}}],"collection":[{"href":"https:\/\/www.abvp.pt\/en\/wp-json\/wp\/v2\/posts"}],"about":[{"href":"https:\/\/www.abvp.pt\/en\/wp-json\/wp\/v2\/types\/post"}],"author":[{"embeddable":true,"href":"https:\/\/www.abvp.pt\/en\/wp-json\/wp\/v2\/users\/16"}],"replies":[{"embeddable":true,"href":"https:\/\/www.abvp.pt\/en\/wp-json\/wp\/v2\/comments?post=3873"}],"version-history":[{"count":0,"href":"https:\/\/www.abvp.pt\/en\/wp-json\/wp\/v2\/posts\/3873\/revisions"}],"wp:featuredmedia":[{"embeddable":true,"href":"https:\/\/www.abvp.pt\/en\/wp-json\/wp\/v2\/media\/3878"}],"wp:attachment":[{"href":"https:\/\/www.abvp.pt\/en\/wp-json\/wp\/v2\/media?parent=3873"}],"wp:term":[{"taxonomy":"category","embeddable":true,"href":"https:\/\/www.abvp.pt\/en\/wp-json\/wp\/v2\/categories?post=3873"},{"taxonomy":"post_tag","embeddable":true,"href":"https:\/\/www.abvp.pt\/en\/wp-json\/wp\/v2\/tags?post=3873"}],"curies":[{"name":"wp","href":"https:\/\/api.w.org\/{rel}","templated":true}]}}