{"id":3920,"date":"2023-08-30T08:57:38","date_gmt":"2023-08-30T07:57:38","guid":{"rendered":"https:\/\/www.abvp.pt\/?p=3920"},"modified":"2023-09-04T10:39:17","modified_gmt":"2023-09-04T09:39:17","slug":"tertulias-abvp-em-viagem-com","status":"publish","type":"post","link":"https:\/\/www.abvp.pt\/en\/tertulias-abvp-em-viagem-com\/","title":{"rendered":"Tert\u00falias \u201cABVP em viagem com\u2026\u201d"},"content":{"rendered":"<p>Nesta <em>rentr\u00e9e<\/em> p\u00f3s-f\u00e9rias, a ABVP vai lan\u00e7ar uma nova iniciativa destinada a dar mais visibilidade aos seus associados e a interagir com todos aqueles que gostam de viajar, de ouvir falar de viagens, e de trocar opini\u00f5es sobre este tema que nos une.<\/p>\n\n\n\n<p>A partir de Setembro, com periodicidade mensal em cada um dos espa\u00e7os que s\u00e3o nossos parceiros nesta iniciativa, um blogger associado da ABVP ir\u00e1 fazer a apresenta\u00e7\u00e3o de uma (ou v\u00e1rias) das suas viagens e falar sobre o que mais o marcou nesse destino.<\/p>\n\n\n\n<p>Sob o mote \u201c<strong>ABVP em viagem com\u2026<\/strong>\u201d, estas tert\u00falias v\u00e3o realizar-se em tr\u00eas locais distintos: no <a href=\"https:\/\/www.facebook.com\/espigagaleriabar\"><strong><em>Espiga<\/em><\/strong><\/a>, o j\u00e1 bem conhecido \u201cespa\u00e7o de imagina\u00e7\u00e3o, gosto e artes\u201d no Porto (a partir das 21h30); no <a href=\"https:\/\/www.facebook.com\/kreatorilx\"><strong><em>Kreatori Bar &amp; Caf\u00e9<\/em><\/strong><\/a>, um espa\u00e7o que junta gastronomia e cultura situado no bairro de Campo de Ourique, em Lisboa (a partir das 19h30); e no <strong><em>Espa\u00e7o Exodus<\/em><\/strong>, que foi inaugurado em Mar\u00e7o e j\u00e1 \u00e9 ponto obrigat\u00f3rio em Aveiro para os adeptos das viagens.<\/p>\n\n\n\n<p>Fica aqui o <strong>calend\u00e1rio<\/strong> que j\u00e1 est\u00e1 definido para os meses de <strong>Setembro<\/strong> and <strong>Outubro<\/strong> em Lisboa e no Porto:<\/p>\n\n\n\n<div style=\"height:30px\" aria-hidden=\"true\" class=\"wp-block-spacer\"><\/div>\n\n\n\n<div class=\"wp-block-media-text alignwide has-media-on-the-right is-stacked-on-mobile\" style=\"grid-template-columns:auto 40%\"><div class=\"wp-block-media-text__content\">\n<p class=\"has-text-align-center\"><strong>05\/09  |  Lisboa  |  ABVP em viagem com<\/strong><\/p>\n\n\n\n<h3 class=\"wp-block-heading has-text-align-center\"><strong>\u00c2ngela Santos<\/strong><\/h3>\n\n\n\n<p class=\"has-text-align-center\">do blogue<\/p>\n\n\n\n<p class=\"has-text-align-center\"><a href=\"https:\/\/blondearoundtheworldtravel.com\/\"><strong>Blonde Around the World<\/strong><\/a><\/p>\n\n\n\n<p class=\"has-text-align-center\"><strong>Desmistificar destinos &#8211; \u00cdndia, S\u00edria e Paquist\u00e3o<\/strong><\/p>\n<\/div><figure class=\"wp-block-media-text__media\"><img fetchpriority=\"high\" decoding=\"async\" width=\"1600\" height=\"1316\" src=\"https:\/\/www.abvp.pt\/wp-content\/uploads\/perfil-1600x1316.jpg\" alt=\"\" class=\"wp-image-3922 size-full\" srcset=\"https:\/\/www.abvp.pt\/wp-content\/uploads\/perfil-1600x1316.jpg 1600w, https:\/\/www.abvp.pt\/wp-content\/uploads\/perfil-600x494.jpg 600w, https:\/\/www.abvp.pt\/wp-content\/uploads\/perfil-800x658.jpg 800w, https:\/\/www.abvp.pt\/wp-content\/uploads\/perfil-150x123.jpg 150w, https:\/\/www.abvp.pt\/wp-content\/uploads\/perfil-768x632.jpg 768w, https:\/\/www.abvp.pt\/wp-content\/uploads\/perfil-1536x1264.jpg 1536w, https:\/\/www.abvp.pt\/wp-content\/uploads\/perfil-2048x1685.jpg 2048w\" sizes=\"(max-width: 1600px) 100vw, 1600px\" \/><\/figure><\/div>\n\n\n\n<div style=\"height:70px\" aria-hidden=\"true\" class=\"wp-block-spacer\"><\/div>\n\n\n\n<div class=\"wp-block-media-text alignwide is-stacked-on-mobile\" style=\"grid-template-columns:40% auto\"><figure class=\"wp-block-media-text__media\"><img decoding=\"async\" width=\"1600\" height=\"900\" src=\"https:\/\/www.abvp.pt\/wp-content\/uploads\/20170611_065844-1600x900.jpg\" alt=\"\" class=\"wp-image-3927 size-full\" srcset=\"https:\/\/www.abvp.pt\/wp-content\/uploads\/20170611_065844-1600x900.jpg 1600w, https:\/\/www.abvp.pt\/wp-content\/uploads\/20170611_065844-scaled-600x338.jpg 600w, https:\/\/www.abvp.pt\/wp-content\/uploads\/20170611_065844-800x450.jpg 800w, https:\/\/www.abvp.pt\/wp-content\/uploads\/20170611_065844-150x84.jpg 150w, https:\/\/www.abvp.pt\/wp-content\/uploads\/20170611_065844-768x432.jpg 768w, https:\/\/www.abvp.pt\/wp-content\/uploads\/20170611_065844-1536x864.jpg 1536w, https:\/\/www.abvp.pt\/wp-content\/uploads\/20170611_065844-2048x1152.jpg 2048w, https:\/\/www.abvp.pt\/wp-content\/uploads\/20170611_065844-960x540.jpg 960w\" sizes=\"(max-width: 1600px) 100vw, 1600px\" \/><\/figure><div class=\"wp-block-media-text__content\">\n<p class=\"has-text-align-center\"><strong>07\/09  |  Porto  |  ABVP em viagem com<\/strong><\/p>\n\n\n\n<h3 class=\"wp-block-heading has-text-align-center\"><strong>Filipa e Diogo Frias<\/strong><\/h3>\n\n\n\n<p class=\"has-text-align-center\">do blogue<\/p>\n\n\n\n<p class=\"has-text-align-center\"><a href=\"https:\/\/intrepidjumpers.com\/\"><strong>Intrepid Jumpers<\/strong><\/a><\/p>\n\n\n\n<p class=\"has-text-align-center\"><strong>Mergulho com tubar\u00f5es<\/strong><\/p>\n<\/div><\/div>\n\n\n\n<div style=\"height:70px\" aria-hidden=\"true\" class=\"wp-block-spacer\"><\/div>\n\n\n\n<div class=\"wp-block-media-text alignwide has-media-on-the-right is-stacked-on-mobile\" style=\"grid-template-columns:auto 35%\"><div class=\"wp-block-media-text__content\">\n<p class=\"has-text-align-center\"><strong>03\/10  |  Lisboa  |  ABVP em viagem com<\/strong><\/p>\n\n\n\n<h3 class=\"wp-block-heading has-text-align-center\"><strong>Catarina Leonardo<\/strong><\/h3>\n\n\n\n<p class=\"has-text-align-center\">do blogue<\/p>\n\n\n\n<p class=\"has-text-align-center\"><a href=\"https:\/\/wandering-life.com\/\"><strong>Wandering Life<\/strong><\/a><\/p>\n\n\n\n<p class=\"has-text-align-center\"><strong>A amiga saudita<\/strong><\/p>\n<\/div><figure class=\"wp-block-media-text__media\"><img decoding=\"async\" width=\"1600\" height=\"1349\" src=\"https:\/\/www.abvp.pt\/wp-content\/uploads\/Catarina-Leonardo-1600x1349.jpg\" alt=\"\" class=\"wp-image-3930 size-full\" srcset=\"https:\/\/www.abvp.pt\/wp-content\/uploads\/Catarina-Leonardo-1600x1349.jpg 1600w, https:\/\/www.abvp.pt\/wp-content\/uploads\/Catarina-Leonardo-600x506.jpg 600w, https:\/\/www.abvp.pt\/wp-content\/uploads\/Catarina-Leonardo-800x675.jpg 800w, https:\/\/www.abvp.pt\/wp-content\/uploads\/Catarina-Leonardo-150x126.jpg 150w, https:\/\/www.abvp.pt\/wp-content\/uploads\/Catarina-Leonardo-768x648.jpg 768w, https:\/\/www.abvp.pt\/wp-content\/uploads\/Catarina-Leonardo-1536x1295.jpg 1536w, https:\/\/www.abvp.pt\/wp-content\/uploads\/Catarina-Leonardo.jpg 2048w\" sizes=\"(max-width: 1600px) 100vw, 1600px\" \/><\/figure><\/div>\n\n\n\n<div style=\"height:91px\" aria-hidden=\"true\" class=\"wp-block-spacer\"><\/div>\n\n\n\n<div class=\"wp-block-media-text alignwide is-stacked-on-mobile\" style=\"grid-template-columns:40% auto\"><figure class=\"wp-block-media-text__media\"><img loading=\"lazy\" decoding=\"async\" width=\"768\" height=\"504\" src=\"https:\/\/www.abvp.pt\/wp-content\/uploads\/Jorge-Duarte-Estevao.jpg\" alt=\"\" class=\"wp-image-3929 size-full\" srcset=\"https:\/\/www.abvp.pt\/wp-content\/uploads\/Jorge-Duarte-Estevao.jpg 768w, https:\/\/www.abvp.pt\/wp-content\/uploads\/Jorge-Duarte-Estevao-600x394.jpg 600w, https:\/\/www.abvp.pt\/wp-content\/uploads\/Jorge-Duarte-Estevao-150x98.jpg 150w\" sizes=\"(max-width: 768px) 100vw, 768px\" \/><\/figure><div class=\"wp-block-media-text__content\">\n<p class=\"has-text-align-center\"><strong>12\/10  |  Porto  |  ABVP em viagem com<\/strong><\/p>\n\n\n\n<h3 class=\"wp-block-heading has-text-align-center\"><strong>Jorge Duarte Est\u00eav\u00e3o<\/strong><\/h3>\n\n\n\n<p class=\"has-text-align-center\">do blogue<\/p>\n\n\n\n<p class=\"has-text-align-center\"><a href=\"https:\/\/www.lugaresincertos.com\/\"><strong>Lugares Incertos<\/strong><\/a><\/p>\n\n\n\n<p class=\"has-text-align-center\"><strong>Isl\u00e2ndia irrepet\u00edvel<\/strong><\/p>\n<\/div><\/div>\n\n\n\n<div style=\"height:30px\" aria-hidden=\"true\" class=\"wp-block-spacer\"><\/div>\n\n\n\n<p>Temos a certeza de que estas tert\u00falias v\u00e3o ser excelentes momentos de conv\u00edvio e partilha entre os nossos associados e a comunidade alargada de viajantes portugueses que gostam de experi\u00eancias diferentes e significativas.<\/p>\n\n\n\n<p>O calend\u00e1rio para os meses seguintes ser\u00e1 divulgado periodicamente aqui e nas nossas redes sociais.<\/p>","protected":false},"excerpt":{"rendered":"<p>A ABVP vai lan\u00e7ar uma nova iniciativa destinada a dar mais visibilidade aos seus associados e a interagir com todos aqueles que gostam de viajar, de ouvir falar de viagens, e de trocar opini\u00f5es sobre este tema que nos une.<\/p>","protected":false},"author":16,"featured_media":3939,"comment_status":"open","ping_status":"closed","sticky":false,"template":"","format":"standard","meta":{"_price":"","_stock":"","_tribe_ticket_header":"","_tribe_default_ticket_provider":"","_tribe_ticket_capacity":"0","_ticket_start_date":"","_ticket_end_date":"","_tribe_ticket_show_description":"","_tribe_ticket_show_not_going":false,"_tribe_ticket_use_global_stock":"","_tribe_ticket_global_stock_level":"","_global_stock_mode":"","_global_stock_cap":"","_tribe_rsvp_for_event":"","_tribe_ticket_going_count":"","_tribe_ticket_not_going_count":"","_tribe_tickets_list":"[]","_tribe_ticket_has_attendee_info_fields":false,"_EventAllDay":false,"_EventTimezone":"","_EventStartDate":"","_EventEndDate":"","_EventStartDateUTC":"","_EventEndDateUTC":"","_EventShowMap":false,"_EventShowMapLink":false,"_EventURL":"","_EventCost":"","_EventCostDescription":"","_EventCurrencySymbol":"","_EventCurrencyCode":"","_EventCurrencyPosition":"","_EventDateTimeSeparator":"","_EventTimeRangeSeparator":"","_EventOrganizerID":[],"_EventVenueID":[],"_OrganizerEmail":"","_OrganizerPhone":"","_OrganizerWebsite":"","_VenueAddress":"","_VenueCity":"","_VenueCountry":"","_VenueProvince":"","_VenueState":"","_VenueZip":"","_VenuePhone":"","_VenueURL":"","_VenueStateProvince":"","_VenueLat":"","_VenueLng":"","_VenueShowMap":false,"_VenueShowMapLink":false,"footnotes":""},"categories":[1],"tags":[49,77,76],"class_list":["post-3920","post","type-post","status-publish","format-standard","has-post-thumbnail","hentry","category-conteudo","tag-bloggers-de-viagem","tag-conversas-sobre-viagens","tag-eventos"],"blocksy_meta":[],"yoast_head":"<!-- This site is optimized with the Yoast SEO plugin v26.4 - https:\/\/yoast.com\/wordpress\/plugins\/seo\/ -->\n<title>Tert\u00falias \u201cABVP em viagem com\u2026\u201d - ABVP<\/title>\n<meta name=\"description\" content=\"&quot;ABVP em viagem com...&quot; \u00e9 uma nova iniciativa destinada a dar mais visibilidade aos associados da ABVP. Este \u00e9 o calend\u00e1rio para os meses de Setembro e Outubro.\" \/>\n<meta name=\"robots\" content=\"index, follow, max-snippet:-1, max-image-preview:large, max-video-preview:-1\" \/>\n<link rel=\"canonical\" href=\"https:\/\/www.abvp.pt\/en\/tertulias-abvp-em-viagem-com\/\" \/>\n<meta property=\"og:locale\" content=\"en_GB\" \/>\n<meta property=\"og:type\" content=\"article\" \/>\n<meta property=\"og:title\" content=\"Tert\u00falias \u201cABVP em viagem com\u2026\u201d - ABVP\" \/>\n<meta property=\"og:description\" content=\"&quot;ABVP em viagem com...&quot; \u00e9 uma nova iniciativa destinada a dar mais visibilidade aos associados da ABVP. Este \u00e9 o calend\u00e1rio para os meses de Setembro e Outubro.\" \/>\n<meta property=\"og:url\" content=\"https:\/\/www.abvp.pt\/en\/tertulias-abvp-em-viagem-com\/\" \/>\n<meta property=\"og:site_name\" content=\"ABVP\" \/>\n<meta property=\"article:publisher\" content=\"https:\/\/www.facebook.com\/abvppt\/\" \/>\n<meta property=\"article:author\" content=\"https:\/\/www.facebook.com\/viajarporquesim\" \/>\n<meta property=\"article:published_time\" content=\"2023-08-30T07:57:38+00:00\" \/>\n<meta property=\"article:modified_time\" content=\"2023-09-04T09:39:17+00:00\" \/>\n<meta property=\"og:image\" content=\"https:\/\/www.abvp.pt\/wp-content\/uploads\/Instituto-Kreatori-1.jpg\" \/>\n\t<meta property=\"og:image:width\" content=\"1440\" \/>\n\t<meta property=\"og:image:height\" content=\"810\" \/>\n\t<meta property=\"og:image:type\" content=\"image\/jpeg\" \/>\n<meta name=\"author\" content=\"Ana C. Borges\" \/>\n<meta name=\"twitter:card\" content=\"summary_large_image\" \/>\n<meta name=\"twitter:creator\" content=\"@abvppt\" \/>\n<meta name=\"twitter:site\" content=\"@abvppt\" \/>\n<meta name=\"twitter:label1\" content=\"Written by\" \/>\n\t<meta name=\"twitter:data1\" content=\"Ana C. Borges\" \/>\n\t<meta name=\"twitter:label2\" content=\"Estimated reading time\" \/>\n\t<meta name=\"twitter:data2\" content=\"3 minutes\" \/>\n<script type=\"application\/ld+json\" class=\"yoast-schema-graph\">{\"@context\":\"https:\/\/schema.org\",\"@graph\":[{\"@type\":\"Article\",\"@id\":\"https:\/\/www.abvp.pt\/tertulias-abvp-em-viagem-com\/#article\",\"isPartOf\":{\"@id\":\"https:\/\/www.abvp.pt\/tertulias-abvp-em-viagem-com\/\"},\"author\":{\"name\":\"Ana C. Borges\",\"@id\":\"https:\/\/www.abvp.pt\/#\/schema\/person\/c01001ca9ca03c994808b13624fdbd5c\"},\"headline\":\"Tert\u00falias \u201cABVP em viagem com\u2026\u201d\",\"datePublished\":\"2023-08-30T07:57:38+00:00\",\"dateModified\":\"2023-09-04T09:39:17+00:00\",\"mainEntityOfPage\":{\"@id\":\"https:\/\/www.abvp.pt\/tertulias-abvp-em-viagem-com\/\"},\"wordCount\":334,\"commentCount\":0,\"publisher\":{\"@id\":\"https:\/\/www.abvp.pt\/#organization\"},\"image\":{\"@id\":\"https:\/\/www.abvp.pt\/tertulias-abvp-em-viagem-com\/#primaryimage\"},\"thumbnailUrl\":\"https:\/\/www.abvp.pt\/wp-content\/uploads\/Instituto-Kreatori-1.jpg\",\"keywords\":[\"bloggers de viagem\",\"conversas sobre viagens\",\"eventos\"],\"articleSection\":[\"Conte\u00fado\"],\"inLanguage\":\"en-GB\",\"potentialAction\":[{\"@type\":\"CommentAction\",\"name\":\"Comment\",\"target\":[\"https:\/\/www.abvp.pt\/tertulias-abvp-em-viagem-com\/#respond\"]}]},{\"@type\":\"WebPage\",\"@id\":\"https:\/\/www.abvp.pt\/tertulias-abvp-em-viagem-com\/\",\"url\":\"https:\/\/www.abvp.pt\/tertulias-abvp-em-viagem-com\/\",\"name\":\"Tert\u00falias \u201cABVP em viagem com\u2026\u201d - ABVP\",\"isPartOf\":{\"@id\":\"https:\/\/www.abvp.pt\/#website\"},\"primaryImageOfPage\":{\"@id\":\"https:\/\/www.abvp.pt\/tertulias-abvp-em-viagem-com\/#primaryimage\"},\"image\":{\"@id\":\"https:\/\/www.abvp.pt\/tertulias-abvp-em-viagem-com\/#primaryimage\"},\"thumbnailUrl\":\"https:\/\/www.abvp.pt\/wp-content\/uploads\/Instituto-Kreatori-1.jpg\",\"datePublished\":\"2023-08-30T07:57:38+00:00\",\"dateModified\":\"2023-09-04T09:39:17+00:00\",\"description\":\"\\\"ABVP em viagem com...\\\" \u00e9 uma nova iniciativa destinada a dar mais visibilidade aos associados da ABVP. Este \u00e9 o calend\u00e1rio para os meses de Setembro e Outubro.\",\"breadcrumb\":{\"@id\":\"https:\/\/www.abvp.pt\/tertulias-abvp-em-viagem-com\/#breadcrumb\"},\"inLanguage\":\"en-GB\",\"potentialAction\":[{\"@type\":\"ReadAction\",\"target\":[\"https:\/\/www.abvp.pt\/tertulias-abvp-em-viagem-com\/\"]}]},{\"@type\":\"ImageObject\",\"inLanguage\":\"en-GB\",\"@id\":\"https:\/\/www.abvp.pt\/tertulias-abvp-em-viagem-com\/#primaryimage\",\"url\":\"https:\/\/www.abvp.pt\/wp-content\/uploads\/Instituto-Kreatori-1.jpg\",\"contentUrl\":\"https:\/\/www.abvp.pt\/wp-content\/uploads\/Instituto-Kreatori-1.jpg\",\"width\":1440,\"height\":810},{\"@type\":\"BreadcrumbList\",\"@id\":\"https:\/\/www.abvp.pt\/tertulias-abvp-em-viagem-com\/#breadcrumb\",\"itemListElement\":[{\"@type\":\"ListItem\",\"position\":1,\"name\":\"In\u00edcio\",\"item\":\"https:\/\/www.abvp.pt\/\"},{\"@type\":\"ListItem\",\"position\":2,\"name\":\"Tert\u00falias \u201cABVP em viagem com\u2026\u201d\"}]},{\"@type\":\"WebSite\",\"@id\":\"https:\/\/www.abvp.pt\/#website\",\"url\":\"https:\/\/www.abvp.pt\/\",\"name\":\"ABVP\",\"description\":\"Associa\u00e7\u00e3o de Bloggers de Viagem Portugueses\",\"publisher\":{\"@id\":\"https:\/\/www.abvp.pt\/#organization\"},\"potentialAction\":[{\"@type\":\"SearchAction\",\"target\":{\"@type\":\"EntryPoint\",\"urlTemplate\":\"https:\/\/www.abvp.pt\/?s={search_term_string}\"},\"query-input\":{\"@type\":\"PropertyValueSpecification\",\"valueRequired\":true,\"valueName\":\"search_term_string\"}}],\"inLanguage\":\"en-GB\"},{\"@type\":\"Organization\",\"@id\":\"https:\/\/www.abvp.pt\/#organization\",\"name\":\"ABVP\",\"url\":\"https:\/\/www.abvp.pt\/\",\"logo\":{\"@type\":\"ImageObject\",\"inLanguage\":\"en-GB\",\"@id\":\"https:\/\/www.abvp.pt\/#\/schema\/logo\/image\/\",\"url\":\"https:\/\/www.abvp.pt\/wp-content\/uploads\/Logo-Header-dark.svg\",\"contentUrl\":\"https:\/\/www.abvp.pt\/wp-content\/uploads\/Logo-Header-dark.svg\",\"width\":325,\"height\":48,\"caption\":\"ABVP\"},\"image\":{\"@id\":\"https:\/\/www.abvp.pt\/#\/schema\/logo\/image\/\"},\"sameAs\":[\"https:\/\/www.facebook.com\/abvppt\/\",\"https:\/\/x.com\/abvppt\",\"https:\/\/www.instagram.com\/abvppt\/\"]},{\"@type\":\"Person\",\"@id\":\"https:\/\/www.abvp.pt\/#\/schema\/person\/c01001ca9ca03c994808b13624fdbd5c\",\"name\":\"Ana C. Borges\",\"image\":{\"@type\":\"ImageObject\",\"inLanguage\":\"en-GB\",\"@id\":\"https:\/\/www.abvp.pt\/#\/schema\/person\/image\/\",\"url\":\"https:\/\/secure.gravatar.com\/avatar\/7a725f4592614d4ad6702531f09627ac?s=96&d=mm&r=g\",\"contentUrl\":\"https:\/\/secure.gravatar.com\/avatar\/7a725f4592614d4ad6702531f09627ac?s=96&d=mm&r=g\",\"caption\":\"Ana C. Borges\"},\"description\":\"Gosta de passeios longos e conversas intermin\u00e1veis, de ver o que ainda n\u00e3o conhece e rever os lugares do cora\u00e7\u00e3o. Fotografa para mem\u00f3ria futura. Escreve porque lhe sabem bem as palavras. Viaja por paix\u00e3o \u2013 e porque o mundo \u00e9 demasiado grande para ficarmos quietos. \u00c9 autora do blogue Viajar porque sim.\",\"sameAs\":[\"https:\/\/viajarporquesim.blogs.sapo.pt\/\",\"https:\/\/www.facebook.com\/viajarporquesim\",\"https:\/\/www.instagram.com\/viajar_porque_sim\/\",\"https:\/\/www.pinterest.pt\/viajarporquesim\/\"],\"url\":\"https:\/\/www.abvp.pt\/en\/author\/acborges\/\"}]}<\/script>\n<!-- \/ Yoast SEO plugin. -->","yoast_head_json":{"title":"Tert\u00falias \u201cABVP em viagem com\u2026\u201d - ABVP","description":"\"ABVP em viagem com...\" \u00e9 uma nova iniciativa destinada a dar mais visibilidade aos associados da ABVP. Este \u00e9 o calend\u00e1rio para os meses de Setembro e Outubro.","robots":{"index":"index","follow":"follow","max-snippet":"max-snippet:-1","max-image-preview":"max-image-preview:large","max-video-preview":"max-video-preview:-1"},"canonical":"https:\/\/www.abvp.pt\/en\/tertulias-abvp-em-viagem-com\/","og_locale":"en_GB","og_type":"article","og_title":"Tert\u00falias \u201cABVP em viagem com\u2026\u201d - ABVP","og_description":"\"ABVP em viagem com...\" \u00e9 uma nova iniciativa destinada a dar mais visibilidade aos associados da ABVP. Este \u00e9 o calend\u00e1rio para os meses de Setembro e Outubro.","og_url":"https:\/\/www.abvp.pt\/en\/tertulias-abvp-em-viagem-com\/","og_site_name":"ABVP","article_publisher":"https:\/\/www.facebook.com\/abvppt\/","article_author":"https:\/\/www.facebook.com\/viajarporquesim","article_published_time":"2023-08-30T07:57:38+00:00","article_modified_time":"2023-09-04T09:39:17+00:00","og_image":[{"width":1440,"height":810,"url":"https:\/\/www.abvp.pt\/wp-content\/uploads\/Instituto-Kreatori-1.jpg","type":"image\/jpeg"}],"author":"Ana C. Borges","twitter_card":"summary_large_image","twitter_creator":"@abvppt","twitter_site":"@abvppt","twitter_misc":{"Written by":"Ana C. Borges","Estimated reading time":"3 minutes"},"schema":{"@context":"https:\/\/schema.org","@graph":[{"@type":"Article","@id":"https:\/\/www.abvp.pt\/tertulias-abvp-em-viagem-com\/#article","isPartOf":{"@id":"https:\/\/www.abvp.pt\/tertulias-abvp-em-viagem-com\/"},"author":{"name":"Ana C. Borges","@id":"https:\/\/www.abvp.pt\/#\/schema\/person\/c01001ca9ca03c994808b13624fdbd5c"},"headline":"Tert\u00falias \u201cABVP em viagem com\u2026\u201d","datePublished":"2023-08-30T07:57:38+00:00","dateModified":"2023-09-04T09:39:17+00:00","mainEntityOfPage":{"@id":"https:\/\/www.abvp.pt\/tertulias-abvp-em-viagem-com\/"},"wordCount":334,"commentCount":0,"publisher":{"@id":"https:\/\/www.abvp.pt\/#organization"},"image":{"@id":"https:\/\/www.abvp.pt\/tertulias-abvp-em-viagem-com\/#primaryimage"},"thumbnailUrl":"https:\/\/www.abvp.pt\/wp-content\/uploads\/Instituto-Kreatori-1.jpg","keywords":["bloggers de viagem","conversas sobre viagens","eventos"],"articleSection":["Conte\u00fado"],"inLanguage":"en-GB","potentialAction":[{"@type":"CommentAction","name":"Comment","target":["https:\/\/www.abvp.pt\/tertulias-abvp-em-viagem-com\/#respond"]}]},{"@type":"WebPage","@id":"https:\/\/www.abvp.pt\/tertulias-abvp-em-viagem-com\/","url":"https:\/\/www.abvp.pt\/tertulias-abvp-em-viagem-com\/","name":"Tert\u00falias \u201cABVP em viagem com\u2026\u201d - ABVP","isPartOf":{"@id":"https:\/\/www.abvp.pt\/#website"},"primaryImageOfPage":{"@id":"https:\/\/www.abvp.pt\/tertulias-abvp-em-viagem-com\/#primaryimage"},"image":{"@id":"https:\/\/www.abvp.pt\/tertulias-abvp-em-viagem-com\/#primaryimage"},"thumbnailUrl":"https:\/\/www.abvp.pt\/wp-content\/uploads\/Instituto-Kreatori-1.jpg","datePublished":"2023-08-30T07:57:38+00:00","dateModified":"2023-09-04T09:39:17+00:00","description":"\"ABVP em viagem com...\" \u00e9 uma nova iniciativa destinada a dar mais visibilidade aos associados da ABVP. Este \u00e9 o calend\u00e1rio para os meses de Setembro e Outubro.","breadcrumb":{"@id":"https:\/\/www.abvp.pt\/tertulias-abvp-em-viagem-com\/#breadcrumb"},"inLanguage":"en-GB","potentialAction":[{"@type":"ReadAction","target":["https:\/\/www.abvp.pt\/tertulias-abvp-em-viagem-com\/"]}]},{"@type":"ImageObject","inLanguage":"en-GB","@id":"https:\/\/www.abvp.pt\/tertulias-abvp-em-viagem-com\/#primaryimage","url":"https:\/\/www.abvp.pt\/wp-content\/uploads\/Instituto-Kreatori-1.jpg","contentUrl":"https:\/\/www.abvp.pt\/wp-content\/uploads\/Instituto-Kreatori-1.jpg","width":1440,"height":810},{"@type":"BreadcrumbList","@id":"https:\/\/www.abvp.pt\/tertulias-abvp-em-viagem-com\/#breadcrumb","itemListElement":[{"@type":"ListItem","position":1,"name":"In\u00edcio","item":"https:\/\/www.abvp.pt\/"},{"@type":"ListItem","position":2,"name":"Tert\u00falias \u201cABVP em viagem com\u2026\u201d"}]},{"@type":"WebSite","@id":"https:\/\/www.abvp.pt\/#website","url":"https:\/\/www.abvp.pt\/","name":"ABVP","description":"Association of Portuguese Travel Bloggers","publisher":{"@id":"https:\/\/www.abvp.pt\/#organization"},"potentialAction":[{"@type":"SearchAction","target":{"@type":"EntryPoint","urlTemplate":"https:\/\/www.abvp.pt\/?s={search_term_string}"},"query-input":{"@type":"PropertyValueSpecification","valueRequired":true,"valueName":"search_term_string"}}],"inLanguage":"en-GB"},{"@type":"Organization","@id":"https:\/\/www.abvp.pt\/#organization","name":"ABVP","url":"https:\/\/www.abvp.pt\/","logo":{"@type":"ImageObject","inLanguage":"en-GB","@id":"https:\/\/www.abvp.pt\/#\/schema\/logo\/image\/","url":"https:\/\/www.abvp.pt\/wp-content\/uploads\/Logo-Header-dark.svg","contentUrl":"https:\/\/www.abvp.pt\/wp-content\/uploads\/Logo-Header-dark.svg","width":325,"height":48,"caption":"ABVP"},"image":{"@id":"https:\/\/www.abvp.pt\/#\/schema\/logo\/image\/"},"sameAs":["https:\/\/www.facebook.com\/abvppt\/","https:\/\/x.com\/abvppt","https:\/\/www.instagram.com\/abvppt\/"]},{"@type":"Person","@id":"https:\/\/www.abvp.pt\/#\/schema\/person\/c01001ca9ca03c994808b13624fdbd5c","name":"Ana C. Borges","image":{"@type":"ImageObject","inLanguage":"en-GB","@id":"https:\/\/www.abvp.pt\/#\/schema\/person\/image\/","url":"https:\/\/secure.gravatar.com\/avatar\/7a725f4592614d4ad6702531f09627ac?s=96&d=mm&r=g","contentUrl":"https:\/\/secure.gravatar.com\/avatar\/7a725f4592614d4ad6702531f09627ac?s=96&d=mm&r=g","caption":"Ana C. Borges"},"description":"Gosta de passeios longos e conversas intermin\u00e1veis, de ver o que ainda n\u00e3o conhece e rever os lugares do cora\u00e7\u00e3o. Fotografa para mem\u00f3ria futura. Escreve porque lhe sabem bem as palavras. Viaja por paix\u00e3o \u2013 e porque o mundo \u00e9 demasiado grande para ficarmos quietos. \u00c9 autora do blogue Viajar porque sim.","sameAs":["https:\/\/viajarporquesim.blogs.sapo.pt\/","https:\/\/www.facebook.com\/viajarporquesim","https:\/\/www.instagram.com\/viajar_porque_sim\/","https:\/\/www.pinterest.pt\/viajarporquesim\/"],"url":"https:\/\/www.abvp.pt\/en\/author\/acborges\/"}]}},"_links":{"self":[{"href":"https:\/\/www.abvp.pt\/en\/wp-json\/wp\/v2\/posts\/3920","targetHints":{"allow":["GET"]}}],"collection":[{"href":"https:\/\/www.abvp.pt\/en\/wp-json\/wp\/v2\/posts"}],"about":[{"href":"https:\/\/www.abvp.pt\/en\/wp-json\/wp\/v2\/types\/post"}],"author":[{"embeddable":true,"href":"https:\/\/www.abvp.pt\/en\/wp-json\/wp\/v2\/users\/16"}],"replies":[{"embeddable":true,"href":"https:\/\/www.abvp.pt\/en\/wp-json\/wp\/v2\/comments?post=3920"}],"version-history":[{"count":0,"href":"https:\/\/www.abvp.pt\/en\/wp-json\/wp\/v2\/posts\/3920\/revisions"}],"wp:featuredmedia":[{"embeddable":true,"href":"https:\/\/www.abvp.pt\/en\/wp-json\/wp\/v2\/media\/3939"}],"wp:attachment":[{"href":"https:\/\/www.abvp.pt\/en\/wp-json\/wp\/v2\/media?parent=3920"}],"wp:term":[{"taxonomy":"category","embeddable":true,"href":"https:\/\/www.abvp.pt\/en\/wp-json\/wp\/v2\/categories?post=3920"},{"taxonomy":"post_tag","embeddable":true,"href":"https:\/\/www.abvp.pt\/en\/wp-json\/wp\/v2\/tags?post=3920"}],"curies":[{"name":"wp","href":"https:\/\/api.w.org\/{rel}","templated":true}]}}