{"id":4539,"date":"2023-10-25T10:53:47","date_gmt":"2023-10-25T09:53:47","guid":{"rendered":"https:\/\/www.abvp.pt\/?p=4539"},"modified":"2023-12-29T19:39:19","modified_gmt":"2023-12-29T19:39:19","slug":"tertulias-abvp-em-viagem-com-ate-ao-final-de-2023","status":"publish","type":"post","link":"https:\/\/www.abvp.pt\/en\/tertulias-abvp-em-viagem-com-ate-ao-final-de-2023\/","title":{"rendered":"Tert\u00falias \u201cABVP em viagem com\u2026\u201d at\u00e9 ao final de 2023"},"content":{"rendered":"<p>Continuam a todo o vapor as tert\u00falias \u201c<strong>ABVP em viagem com\u2026<\/strong>\u201d nos espa\u00e7os com os quais estabelecemos (para j\u00e1) parcerias para este tipo de eventos: o <a href=\"https:\/\/www.facebook.com\/espigagaleriabar\"><strong><em>Espiga<\/em><\/strong><\/a> no Porto, o <a href=\"https:\/\/www.facebook.com\/kreatorilx\"><strong><em>Kreatori Bar &amp; Caf\u00e9<\/em><\/strong><\/a> em Lisboa, e o <a href=\"https:\/\/www.google.com\/maps\/place\/Espa%C3%A7o+Exodus\/@40.6398202,-8.6543029,19.75z\/data=!4m6!3m5!1s0xd2399642f627b23:0xb17d6dae468b6e97!8m2!3d40.6398878!4d-8.6543084!16s%2Fg%2F11kjly3fx6?entry=ttu\"><strong><em>Espa\u00e7o Exodus<\/em><\/strong><\/a> em Aveiro.<\/p>\n\n\n\n<p>Os temas que os <em>bloggers<\/em> associados da ABVP v\u00e3o trazer \u00e0 conversa at\u00e9 ao final do ano s\u00e3o, como j\u00e1 \u00e9 habitual nas nossas tert\u00falias, destinos e formas de viajar menos comuns \u2013 um dos nossos objectivos \u00e9 tamb\u00e9m mostrar alternativas \u201cfora da caixa\u201d a quem gosta de viajar, e partilhar experi\u00eancias menos comerciais e mais humanas, vividas na primeira pessoa.<\/p>\n\n\n\n<p>Este \u00e9 o calend\u00e1rio das tert\u00falias que v\u00e3o ter lugar em <strong>Novembro<\/strong> and <strong>Dezembro<\/strong>:<\/p>\n\n\n\n<div class=\"wp-block-media-text alignwide is-stacked-on-mobile\"><figure class=\"wp-block-media-text__media\"><img fetchpriority=\"high\" decoding=\"async\" width=\"1600\" height=\"1068\" src=\"https:\/\/www.abvp.pt\/wp-content\/uploads\/Goncalo-Henriques-1-1600x1068.jpg\" alt=\"\" class=\"wp-image-4540 size-full\" srcset=\"https:\/\/www.abvp.pt\/wp-content\/uploads\/Goncalo-Henriques-1-1600x1068.jpg 1600w, https:\/\/www.abvp.pt\/wp-content\/uploads\/Goncalo-Henriques-1-600x401.jpg 600w, https:\/\/www.abvp.pt\/wp-content\/uploads\/Goncalo-Henriques-1-800x534.jpg 800w, https:\/\/www.abvp.pt\/wp-content\/uploads\/Goncalo-Henriques-1-150x100.jpg 150w, https:\/\/www.abvp.pt\/wp-content\/uploads\/Goncalo-Henriques-1-768x513.jpg 768w, https:\/\/www.abvp.pt\/wp-content\/uploads\/Goncalo-Henriques-1-1536x1025.jpg 1536w, https:\/\/www.abvp.pt\/wp-content\/uploads\/Goncalo-Henriques-1.jpg 2000w\" sizes=\"(max-width: 1600px) 100vw, 1600px\" \/><\/figure><div class=\"wp-block-media-text__content\">\n<p class=\"has-text-align-center\"><strong>07\/11 | Lisboa | 19h30 | ABVP em viagem com<\/strong><\/p>\n\n\n\n<h3 class=\"wp-block-heading has-text-align-center\"><strong>Gon\u00e7alo Henriques<\/strong><\/h3>\n\n\n\n<p class=\"has-text-align-center\">do blogue<\/p>\n\n\n\n<p class=\"has-text-align-center\"><a href=\"https:\/\/numpostal.com\/\"><strong>Num Postal<\/strong><\/a><\/p>\n\n\n\n<p class=\"has-text-align-center\"><strong><strong>Brasil, um olhar diferente por quem l\u00e1 viveu<\/strong><\/strong><\/p>\n\n\n\n<p><\/p>\n<\/div><\/div>\n\n\n\n<div style=\"height:70px\" aria-hidden=\"true\" class=\"wp-block-spacer\"><\/div>\n\n\n\n<div class=\"wp-block-media-text alignwide has-media-on-the-right is-stacked-on-mobile\" style=\"grid-template-columns:auto 36%\"><div class=\"wp-block-media-text__content\">\n<p class=\"has-text-align-center\"><strong>25\/11 | Aveiro | 21h30 | ABVP em viagem com<\/strong><\/p>\n\n\n\n<h3 class=\"wp-block-heading has-text-align-center\"><strong>Diogo Tavares<\/strong><\/h3>\n\n\n\n<p class=\"has-text-align-center\">do blogue<\/p>\n\n\n\n<p class=\"has-text-align-center\"><strong><a href=\"https:\/\/www.vadiagem-outdoors.com\/\">Vadiagem Outdoors<\/a><\/strong><\/p>\n\n\n\n<p class=\"has-text-align-center\"><strong><strong><strong>Pelo Caminho del Jaguar, Guatemala<\/strong><\/strong><\/strong><\/p>\n<\/div><figure class=\"wp-block-media-text__media\"><img decoding=\"async\" width=\"934\" height=\"934\" src=\"https:\/\/www.abvp.pt\/wp-content\/uploads\/Vadiagem-Outdoors-25_Nov-Exodus.jpeg\" alt=\"\" class=\"wp-image-4541 size-full\" srcset=\"https:\/\/www.abvp.pt\/wp-content\/uploads\/Vadiagem-Outdoors-25_Nov-Exodus.jpeg 934w, https:\/\/www.abvp.pt\/wp-content\/uploads\/Vadiagem-Outdoors-25_Nov-Exodus-300x300.jpeg 300w, https:\/\/www.abvp.pt\/wp-content\/uploads\/Vadiagem-Outdoors-25_Nov-Exodus-100x100.jpeg 100w, https:\/\/www.abvp.pt\/wp-content\/uploads\/Vadiagem-Outdoors-25_Nov-Exodus-600x600.jpeg 600w, https:\/\/www.abvp.pt\/wp-content\/uploads\/Vadiagem-Outdoors-25_Nov-Exodus-800x800.jpeg 800w, https:\/\/www.abvp.pt\/wp-content\/uploads\/Vadiagem-Outdoors-25_Nov-Exodus-150x150.jpeg 150w, https:\/\/www.abvp.pt\/wp-content\/uploads\/Vadiagem-Outdoors-25_Nov-Exodus-768x768.jpeg 768w, https:\/\/www.abvp.pt\/wp-content\/uploads\/Vadiagem-Outdoors-25_Nov-Exodus-80x80.jpeg 80w\" sizes=\"(max-width: 934px) 100vw, 934px\" \/><\/figure><\/div>\n\n\n\n<div style=\"height:70px\" aria-hidden=\"true\" class=\"wp-block-spacer\"><\/div>\n\n\n\n<div class=\"wp-block-media-text alignwide is-stacked-on-mobile\" style=\"grid-template-columns:24% auto\"><figure class=\"wp-block-media-text__media\"><img decoding=\"async\" width=\"1600\" height=\"1455\" src=\"https:\/\/www.abvp.pt\/wp-content\/uploads\/Fotografia-Catarina-Gralha-1600x1455.jpg\" alt=\"\" class=\"wp-image-4542 size-full\" srcset=\"https:\/\/www.abvp.pt\/wp-content\/uploads\/Fotografia-Catarina-Gralha-1600x1455.jpg 1600w, https:\/\/www.abvp.pt\/wp-content\/uploads\/Fotografia-Catarina-Gralha-600x546.jpg 600w, https:\/\/www.abvp.pt\/wp-content\/uploads\/Fotografia-Catarina-Gralha-800x728.jpg 800w, https:\/\/www.abvp.pt\/wp-content\/uploads\/Fotografia-Catarina-Gralha-150x136.jpg 150w, https:\/\/www.abvp.pt\/wp-content\/uploads\/Fotografia-Catarina-Gralha-768x698.jpg 768w, https:\/\/www.abvp.pt\/wp-content\/uploads\/Fotografia-Catarina-Gralha-1536x1397.jpg 1536w, https:\/\/www.abvp.pt\/wp-content\/uploads\/Fotografia-Catarina-Gralha.jpg 1998w\" sizes=\"(max-width: 1600px) 100vw, 1600px\" \/><\/figure><div class=\"wp-block-media-text__content\">\n<p class=\"has-text-align-center\"><strong>05\/12 | Lisboa | 19h30 | ABVP em viagem com<\/strong><\/p>\n\n\n\n<h3 class=\"wp-block-heading has-text-align-center\"><strong>Catarina Gralha<\/strong><\/h3>\n\n\n\n<p class=\"has-text-align-center\">do blogue<\/p>\n\n\n\n<p class=\"has-text-align-center\"><strong><a href=\"https:\/\/mundoindefinido.com\/\">Mundo Indefinido<\/a><\/strong><\/p>\n\n\n\n<p class=\"has-text-align-center\"><strong>Transiberiano: descobrindo 3 culturas diferentes sobre carris<\/strong><\/p>\n\n\n\n<p><\/p>\n<\/div><\/div>\n\n\n\n<div style=\"height:70px\" aria-hidden=\"true\" class=\"wp-block-spacer\"><\/div>\n\n\n\n<div class=\"wp-block-media-text alignwide has-media-on-the-right is-stacked-on-mobile\" style=\"grid-template-columns:auto 44%\"><div class=\"wp-block-media-text__content\">\n<p class=\"has-text-align-center\"><strong>06\/12 | Porto | 21h30 | ABVP em viagem com<\/strong><\/p>\n\n\n\n<h3 class=\"wp-block-heading has-text-align-center\"><strong> Rui Barbosa Batista<\/strong> <strong>&amp; Filipe Morato Gomes <\/strong><\/h3>\n\n\n\n<p class=\"has-text-align-center\">dos blogues<\/p>\n\n\n\n<p class=\"has-text-align-center\"><strong> <a href=\"https:\/\/bornfreee.com\/\">Born Freee<\/a><\/strong> and <strong><a href=\"https:\/\/www.almadeviajante.com\/\">Alma de Viajante<\/a><\/strong><\/p>\n\n\n\n<p class=\"has-text-align-center\"><strong><strong><strong><strong>Angola Inexplorada<\/strong><\/strong><\/strong><\/strong><\/p>\n<\/div><figure class=\"wp-block-media-text__media\"><img loading=\"lazy\" decoding=\"async\" width=\"1600\" height=\"900\" src=\"https:\/\/www.abvp.pt\/wp-content\/uploads\/RBBFMG-1600x900.jpg\" alt=\"\" class=\"wp-image-4544 size-full\" srcset=\"https:\/\/www.abvp.pt\/wp-content\/uploads\/RBBFMG-1600x900.jpg 1600w, https:\/\/www.abvp.pt\/wp-content\/uploads\/RBBFMG-600x338.jpg 600w, https:\/\/www.abvp.pt\/wp-content\/uploads\/RBBFMG-800x450.jpg 800w, https:\/\/www.abvp.pt\/wp-content\/uploads\/RBBFMG-150x84.jpg 150w, https:\/\/www.abvp.pt\/wp-content\/uploads\/RBBFMG-768x432.jpg 768w, https:\/\/www.abvp.pt\/wp-content\/uploads\/RBBFMG-1536x864.jpg 1536w, https:\/\/www.abvp.pt\/wp-content\/uploads\/RBBFMG-960x540.jpg 960w, https:\/\/www.abvp.pt\/wp-content\/uploads\/RBBFMG.jpg 1920w\" sizes=\"(max-width: 1600px) 100vw, 1600px\" \/><\/figure><\/div>\n\n\n\n<div style=\"height:30px\" aria-hidden=\"true\" class=\"wp-block-spacer\"><\/div>\n\n\n\n<p>V\u00e3o ser mais quatro excelentes oportunidades para conhecerem novas vis\u00f5es do mundo atrav\u00e9s das palavras e viv\u00eancias dos nossos entusi\u00e1sticos oradores. As tert\u00falias \u201c<strong>ABVP em viagem com&#8230;<\/strong>\u201d t\u00eam sido um sucesso, e esperamos que se juntem a n\u00f3s para mais conversas animadas e inspiradoras, num ambiente sempre informal, sobre aquela que \u00e9 a nossa paix\u00e3o: <strong>viajar<\/strong>.<\/p>","protected":false},"excerpt":{"rendered":"<p>Continuam a todo o vapor as tert\u00falias \u201cABVP em viagem com\u2026\u201d nos espa\u00e7os com os quais estabelecemos (para j\u00e1) parcerias para este tipo de eventos: o Espiga no Porto, o [&hellip;]<\/p>\n","protected":false},"author":16,"featured_media":4548,"comment_status":"open","ping_status":"closed","sticky":false,"template":"","format":"standard","meta":{"_price":"","_stock":"","_tribe_ticket_header":"","_tribe_default_ticket_provider":"","_tribe_ticket_capacity":"0","_ticket_start_date":"","_ticket_end_date":"","_tribe_ticket_show_description":"","_tribe_ticket_show_not_going":false,"_tribe_ticket_use_global_stock":"","_tribe_ticket_global_stock_level":"","_global_stock_mode":"","_global_stock_cap":"","_tribe_rsvp_for_event":"","_tribe_ticket_going_count":"","_tribe_ticket_not_going_count":"","_tribe_tickets_list":"[]","_tribe_ticket_has_attendee_info_fields":false,"_EventAllDay":false,"_EventTimezone":"","_EventStartDate":"","_EventEndDate":"","_EventStartDateUTC":"","_EventEndDateUTC":"","_EventShowMap":false,"_EventShowMapLink":false,"_EventURL":"","_EventCost":"","_EventCostDescription":"","_EventCurrencySymbol":"","_EventCurrencyCode":"","_EventCurrencyPosition":"","_EventDateTimeSeparator":"","_EventTimeRangeSeparator":"","_EventOrganizerID":[],"_EventVenueID":[],"_OrganizerEmail":"","_OrganizerPhone":"","_OrganizerWebsite":"","_VenueAddress":"","_VenueCity":"","_VenueCountry":"","_VenueProvince":"","_VenueState":"","_VenueZip":"","_VenuePhone":"","_VenueURL":"","_VenueStateProvince":"","_VenueLat":"","_VenueLng":"","_VenueShowMap":false,"_VenueShowMapLink":false,"footnotes":""},"categories":[1],"tags":[76,85],"class_list":["post-4539","post","type-post","status-publish","format-standard","has-post-thumbnail","hentry","category-conteudo","tag-eventos","tag-tertulias"],"blocksy_meta":[],"yoast_head":"<!-- This site is optimized with the Yoast SEO plugin v26.4 - https:\/\/yoast.com\/wordpress\/plugins\/seo\/ -->\n<title>Tert\u00falias \u201cABVP em viagem com\u2026\u201d at\u00e9 ao final de 2023 - ABVP<\/title>\n<meta name=\"description\" content=\"&quot;ABVP em viagem com...&quot; \u00e9 uma nova iniciativa destinada a dar mais visibilidade aos associados da ABVP. Este \u00e9 o calend\u00e1rio para os meses de Novembro e Dezembro.\" \/>\n<meta name=\"robots\" content=\"index, follow, max-snippet:-1, max-image-preview:large, max-video-preview:-1\" \/>\n<link rel=\"canonical\" href=\"https:\/\/www.abvp.pt\/en\/tertulias-abvp-em-viagem-com-ate-ao-final-de-2023\/\" \/>\n<meta property=\"og:locale\" content=\"en_GB\" \/>\n<meta property=\"og:type\" content=\"article\" \/>\n<meta property=\"og:title\" content=\"Tert\u00falias \u201cABVP em viagem com\u2026\u201d at\u00e9 ao final de 2023 - ABVP\" \/>\n<meta property=\"og:description\" content=\"&quot;ABVP em viagem com...&quot; \u00e9 uma nova iniciativa destinada a dar mais visibilidade aos associados da ABVP. Este \u00e9 o calend\u00e1rio para os meses de Novembro e Dezembro.\" \/>\n<meta property=\"og:url\" content=\"https:\/\/www.abvp.pt\/en\/tertulias-abvp-em-viagem-com-ate-ao-final-de-2023\/\" \/>\n<meta property=\"og:site_name\" content=\"ABVP\" \/>\n<meta property=\"article:publisher\" content=\"https:\/\/www.facebook.com\/abvppt\/\" \/>\n<meta property=\"article:author\" content=\"https:\/\/www.facebook.com\/viajarporquesim\" \/>\n<meta property=\"article:published_time\" content=\"2023-10-25T09:53:47+00:00\" \/>\n<meta property=\"article:modified_time\" content=\"2023-12-29T19:39:19+00:00\" \/>\n<meta property=\"og:image\" content=\"https:\/\/www.abvp.pt\/wp-content\/uploads\/IMG_20230905_194553-scaled.jpg\" \/>\n\t<meta property=\"og:image:width\" content=\"2560\" \/>\n\t<meta property=\"og:image:height\" content=\"1920\" \/>\n\t<meta property=\"og:image:type\" content=\"image\/jpeg\" \/>\n<meta name=\"author\" content=\"Ana C. Borges\" \/>\n<meta name=\"twitter:card\" content=\"summary_large_image\" \/>\n<meta name=\"twitter:creator\" content=\"@abvppt\" \/>\n<meta name=\"twitter:site\" content=\"@abvppt\" \/>\n<meta name=\"twitter:label1\" content=\"Written by\" \/>\n\t<meta name=\"twitter:data1\" content=\"Ana C. Borges\" \/>\n\t<meta name=\"twitter:label2\" content=\"Estimated reading time\" \/>\n\t<meta name=\"twitter:data2\" content=\"3 minutes\" \/>\n<script type=\"application\/ld+json\" class=\"yoast-schema-graph\">{\"@context\":\"https:\/\/schema.org\",\"@graph\":[{\"@type\":\"Article\",\"@id\":\"https:\/\/www.abvp.pt\/tertulias-abvp-em-viagem-com-ate-ao-final-de-2023\/#article\",\"isPartOf\":{\"@id\":\"https:\/\/www.abvp.pt\/tertulias-abvp-em-viagem-com-ate-ao-final-de-2023\/\"},\"author\":{\"name\":\"Ana C. Borges\",\"@id\":\"https:\/\/www.abvp.pt\/#\/schema\/person\/c01001ca9ca03c994808b13624fdbd5c\"},\"headline\":\"Tert\u00falias \u201cABVP em viagem com\u2026\u201d at\u00e9 ao final de 2023\",\"datePublished\":\"2023-10-25T09:53:47+00:00\",\"dateModified\":\"2023-12-29T19:39:19+00:00\",\"mainEntityOfPage\":{\"@id\":\"https:\/\/www.abvp.pt\/tertulias-abvp-em-viagem-com-ate-ao-final-de-2023\/\"},\"wordCount\":276,\"commentCount\":0,\"publisher\":{\"@id\":\"https:\/\/www.abvp.pt\/#organization\"},\"image\":{\"@id\":\"https:\/\/www.abvp.pt\/tertulias-abvp-em-viagem-com-ate-ao-final-de-2023\/#primaryimage\"},\"thumbnailUrl\":\"https:\/\/www.abvp.pt\/wp-content\/uploads\/IMG_20230905_194553-scaled.jpg\",\"keywords\":[\"eventos\",\"tert\u00falias\"],\"articleSection\":[\"Conte\u00fado\"],\"inLanguage\":\"en-GB\",\"potentialAction\":[{\"@type\":\"CommentAction\",\"name\":\"Comment\",\"target\":[\"https:\/\/www.abvp.pt\/tertulias-abvp-em-viagem-com-ate-ao-final-de-2023\/#respond\"]}]},{\"@type\":\"WebPage\",\"@id\":\"https:\/\/www.abvp.pt\/tertulias-abvp-em-viagem-com-ate-ao-final-de-2023\/\",\"url\":\"https:\/\/www.abvp.pt\/tertulias-abvp-em-viagem-com-ate-ao-final-de-2023\/\",\"name\":\"Tert\u00falias \u201cABVP em viagem com\u2026\u201d at\u00e9 ao final de 2023 - ABVP\",\"isPartOf\":{\"@id\":\"https:\/\/www.abvp.pt\/#website\"},\"primaryImageOfPage\":{\"@id\":\"https:\/\/www.abvp.pt\/tertulias-abvp-em-viagem-com-ate-ao-final-de-2023\/#primaryimage\"},\"image\":{\"@id\":\"https:\/\/www.abvp.pt\/tertulias-abvp-em-viagem-com-ate-ao-final-de-2023\/#primaryimage\"},\"thumbnailUrl\":\"https:\/\/www.abvp.pt\/wp-content\/uploads\/IMG_20230905_194553-scaled.jpg\",\"datePublished\":\"2023-10-25T09:53:47+00:00\",\"dateModified\":\"2023-12-29T19:39:19+00:00\",\"description\":\"\\\"ABVP em viagem com...\\\" \u00e9 uma nova iniciativa destinada a dar mais visibilidade aos associados da ABVP. Este \u00e9 o calend\u00e1rio para os meses de Novembro e Dezembro.\",\"breadcrumb\":{\"@id\":\"https:\/\/www.abvp.pt\/tertulias-abvp-em-viagem-com-ate-ao-final-de-2023\/#breadcrumb\"},\"inLanguage\":\"en-GB\",\"potentialAction\":[{\"@type\":\"ReadAction\",\"target\":[\"https:\/\/www.abvp.pt\/tertulias-abvp-em-viagem-com-ate-ao-final-de-2023\/\"]}]},{\"@type\":\"ImageObject\",\"inLanguage\":\"en-GB\",\"@id\":\"https:\/\/www.abvp.pt\/tertulias-abvp-em-viagem-com-ate-ao-final-de-2023\/#primaryimage\",\"url\":\"https:\/\/www.abvp.pt\/wp-content\/uploads\/IMG_20230905_194553-scaled.jpg\",\"contentUrl\":\"https:\/\/www.abvp.pt\/wp-content\/uploads\/IMG_20230905_194553-scaled.jpg\",\"width\":2560,\"height\":1920},{\"@type\":\"BreadcrumbList\",\"@id\":\"https:\/\/www.abvp.pt\/tertulias-abvp-em-viagem-com-ate-ao-final-de-2023\/#breadcrumb\",\"itemListElement\":[{\"@type\":\"ListItem\",\"position\":1,\"name\":\"In\u00edcio\",\"item\":\"https:\/\/www.abvp.pt\/\"},{\"@type\":\"ListItem\",\"position\":2,\"name\":\"Tert\u00falias \u201cABVP em viagem com\u2026\u201d at\u00e9 ao final de 2023\"}]},{\"@type\":\"WebSite\",\"@id\":\"https:\/\/www.abvp.pt\/#website\",\"url\":\"https:\/\/www.abvp.pt\/\",\"name\":\"ABVP\",\"description\":\"Associa\u00e7\u00e3o de Bloggers de Viagem Portugueses\",\"publisher\":{\"@id\":\"https:\/\/www.abvp.pt\/#organization\"},\"potentialAction\":[{\"@type\":\"SearchAction\",\"target\":{\"@type\":\"EntryPoint\",\"urlTemplate\":\"https:\/\/www.abvp.pt\/?s={search_term_string}\"},\"query-input\":{\"@type\":\"PropertyValueSpecification\",\"valueRequired\":true,\"valueName\":\"search_term_string\"}}],\"inLanguage\":\"en-GB\"},{\"@type\":\"Organization\",\"@id\":\"https:\/\/www.abvp.pt\/#organization\",\"name\":\"ABVP\",\"url\":\"https:\/\/www.abvp.pt\/\",\"logo\":{\"@type\":\"ImageObject\",\"inLanguage\":\"en-GB\",\"@id\":\"https:\/\/www.abvp.pt\/#\/schema\/logo\/image\/\",\"url\":\"https:\/\/www.abvp.pt\/wp-content\/uploads\/Logo-Header-dark.svg\",\"contentUrl\":\"https:\/\/www.abvp.pt\/wp-content\/uploads\/Logo-Header-dark.svg\",\"width\":325,\"height\":48,\"caption\":\"ABVP\"},\"image\":{\"@id\":\"https:\/\/www.abvp.pt\/#\/schema\/logo\/image\/\"},\"sameAs\":[\"https:\/\/www.facebook.com\/abvppt\/\",\"https:\/\/x.com\/abvppt\",\"https:\/\/www.instagram.com\/abvppt\/\"]},{\"@type\":\"Person\",\"@id\":\"https:\/\/www.abvp.pt\/#\/schema\/person\/c01001ca9ca03c994808b13624fdbd5c\",\"name\":\"Ana C. Borges\",\"image\":{\"@type\":\"ImageObject\",\"inLanguage\":\"en-GB\",\"@id\":\"https:\/\/www.abvp.pt\/#\/schema\/person\/image\/\",\"url\":\"https:\/\/secure.gravatar.com\/avatar\/7a725f4592614d4ad6702531f09627ac?s=96&d=mm&r=g\",\"contentUrl\":\"https:\/\/secure.gravatar.com\/avatar\/7a725f4592614d4ad6702531f09627ac?s=96&d=mm&r=g\",\"caption\":\"Ana C. Borges\"},\"description\":\"Gosta de passeios longos e conversas intermin\u00e1veis, de ver o que ainda n\u00e3o conhece e rever os lugares do cora\u00e7\u00e3o. Fotografa para mem\u00f3ria futura. Escreve porque lhe sabem bem as palavras. Viaja por paix\u00e3o \u2013 e porque o mundo \u00e9 demasiado grande para ficarmos quietos. \u00c9 autora do blogue Viajar porque sim.\",\"sameAs\":[\"https:\/\/viajarporquesim.blogs.sapo.pt\/\",\"https:\/\/www.facebook.com\/viajarporquesim\",\"https:\/\/www.instagram.com\/viajar_porque_sim\/\",\"https:\/\/www.pinterest.pt\/viajarporquesim\/\"],\"url\":\"https:\/\/www.abvp.pt\/en\/author\/acborges\/\"}]}<\/script>\n<!-- \/ Yoast SEO plugin. -->","yoast_head_json":{"title":"Tert\u00falias \u201cABVP em viagem com\u2026\u201d at\u00e9 ao final de 2023 - ABVP","description":"\"ABVP em viagem com...\" \u00e9 uma nova iniciativa destinada a dar mais visibilidade aos associados da ABVP. Este \u00e9 o calend\u00e1rio para os meses de Novembro e Dezembro.","robots":{"index":"index","follow":"follow","max-snippet":"max-snippet:-1","max-image-preview":"max-image-preview:large","max-video-preview":"max-video-preview:-1"},"canonical":"https:\/\/www.abvp.pt\/en\/tertulias-abvp-em-viagem-com-ate-ao-final-de-2023\/","og_locale":"en_GB","og_type":"article","og_title":"Tert\u00falias \u201cABVP em viagem com\u2026\u201d at\u00e9 ao final de 2023 - ABVP","og_description":"\"ABVP em viagem com...\" \u00e9 uma nova iniciativa destinada a dar mais visibilidade aos associados da ABVP. Este \u00e9 o calend\u00e1rio para os meses de Novembro e Dezembro.","og_url":"https:\/\/www.abvp.pt\/en\/tertulias-abvp-em-viagem-com-ate-ao-final-de-2023\/","og_site_name":"ABVP","article_publisher":"https:\/\/www.facebook.com\/abvppt\/","article_author":"https:\/\/www.facebook.com\/viajarporquesim","article_published_time":"2023-10-25T09:53:47+00:00","article_modified_time":"2023-12-29T19:39:19+00:00","og_image":[{"width":2560,"height":1920,"url":"https:\/\/www.abvp.pt\/wp-content\/uploads\/IMG_20230905_194553-scaled.jpg","type":"image\/jpeg"}],"author":"Ana C. Borges","twitter_card":"summary_large_image","twitter_creator":"@abvppt","twitter_site":"@abvppt","twitter_misc":{"Written by":"Ana C. Borges","Estimated reading time":"3 minutes"},"schema":{"@context":"https:\/\/schema.org","@graph":[{"@type":"Article","@id":"https:\/\/www.abvp.pt\/tertulias-abvp-em-viagem-com-ate-ao-final-de-2023\/#article","isPartOf":{"@id":"https:\/\/www.abvp.pt\/tertulias-abvp-em-viagem-com-ate-ao-final-de-2023\/"},"author":{"name":"Ana C. Borges","@id":"https:\/\/www.abvp.pt\/#\/schema\/person\/c01001ca9ca03c994808b13624fdbd5c"},"headline":"Tert\u00falias \u201cABVP em viagem com\u2026\u201d at\u00e9 ao final de 2023","datePublished":"2023-10-25T09:53:47+00:00","dateModified":"2023-12-29T19:39:19+00:00","mainEntityOfPage":{"@id":"https:\/\/www.abvp.pt\/tertulias-abvp-em-viagem-com-ate-ao-final-de-2023\/"},"wordCount":276,"commentCount":0,"publisher":{"@id":"https:\/\/www.abvp.pt\/#organization"},"image":{"@id":"https:\/\/www.abvp.pt\/tertulias-abvp-em-viagem-com-ate-ao-final-de-2023\/#primaryimage"},"thumbnailUrl":"https:\/\/www.abvp.pt\/wp-content\/uploads\/IMG_20230905_194553-scaled.jpg","keywords":["eventos","tert\u00falias"],"articleSection":["Conte\u00fado"],"inLanguage":"en-GB","potentialAction":[{"@type":"CommentAction","name":"Comment","target":["https:\/\/www.abvp.pt\/tertulias-abvp-em-viagem-com-ate-ao-final-de-2023\/#respond"]}]},{"@type":"WebPage","@id":"https:\/\/www.abvp.pt\/tertulias-abvp-em-viagem-com-ate-ao-final-de-2023\/","url":"https:\/\/www.abvp.pt\/tertulias-abvp-em-viagem-com-ate-ao-final-de-2023\/","name":"Tert\u00falias \u201cABVP em viagem com\u2026\u201d at\u00e9 ao final de 2023 - ABVP","isPartOf":{"@id":"https:\/\/www.abvp.pt\/#website"},"primaryImageOfPage":{"@id":"https:\/\/www.abvp.pt\/tertulias-abvp-em-viagem-com-ate-ao-final-de-2023\/#primaryimage"},"image":{"@id":"https:\/\/www.abvp.pt\/tertulias-abvp-em-viagem-com-ate-ao-final-de-2023\/#primaryimage"},"thumbnailUrl":"https:\/\/www.abvp.pt\/wp-content\/uploads\/IMG_20230905_194553-scaled.jpg","datePublished":"2023-10-25T09:53:47+00:00","dateModified":"2023-12-29T19:39:19+00:00","description":"\"ABVP em viagem com...\" \u00e9 uma nova iniciativa destinada a dar mais visibilidade aos associados da ABVP. Este \u00e9 o calend\u00e1rio para os meses de Novembro e Dezembro.","breadcrumb":{"@id":"https:\/\/www.abvp.pt\/tertulias-abvp-em-viagem-com-ate-ao-final-de-2023\/#breadcrumb"},"inLanguage":"en-GB","potentialAction":[{"@type":"ReadAction","target":["https:\/\/www.abvp.pt\/tertulias-abvp-em-viagem-com-ate-ao-final-de-2023\/"]}]},{"@type":"ImageObject","inLanguage":"en-GB","@id":"https:\/\/www.abvp.pt\/tertulias-abvp-em-viagem-com-ate-ao-final-de-2023\/#primaryimage","url":"https:\/\/www.abvp.pt\/wp-content\/uploads\/IMG_20230905_194553-scaled.jpg","contentUrl":"https:\/\/www.abvp.pt\/wp-content\/uploads\/IMG_20230905_194553-scaled.jpg","width":2560,"height":1920},{"@type":"BreadcrumbList","@id":"https:\/\/www.abvp.pt\/tertulias-abvp-em-viagem-com-ate-ao-final-de-2023\/#breadcrumb","itemListElement":[{"@type":"ListItem","position":1,"name":"In\u00edcio","item":"https:\/\/www.abvp.pt\/"},{"@type":"ListItem","position":2,"name":"Tert\u00falias \u201cABVP em viagem com\u2026\u201d at\u00e9 ao final de 2023"}]},{"@type":"WebSite","@id":"https:\/\/www.abvp.pt\/#website","url":"https:\/\/www.abvp.pt\/","name":"ABVP","description":"Association of Portuguese Travel Bloggers","publisher":{"@id":"https:\/\/www.abvp.pt\/#organization"},"potentialAction":[{"@type":"SearchAction","target":{"@type":"EntryPoint","urlTemplate":"https:\/\/www.abvp.pt\/?s={search_term_string}"},"query-input":{"@type":"PropertyValueSpecification","valueRequired":true,"valueName":"search_term_string"}}],"inLanguage":"en-GB"},{"@type":"Organization","@id":"https:\/\/www.abvp.pt\/#organization","name":"ABVP","url":"https:\/\/www.abvp.pt\/","logo":{"@type":"ImageObject","inLanguage":"en-GB","@id":"https:\/\/www.abvp.pt\/#\/schema\/logo\/image\/","url":"https:\/\/www.abvp.pt\/wp-content\/uploads\/Logo-Header-dark.svg","contentUrl":"https:\/\/www.abvp.pt\/wp-content\/uploads\/Logo-Header-dark.svg","width":325,"height":48,"caption":"ABVP"},"image":{"@id":"https:\/\/www.abvp.pt\/#\/schema\/logo\/image\/"},"sameAs":["https:\/\/www.facebook.com\/abvppt\/","https:\/\/x.com\/abvppt","https:\/\/www.instagram.com\/abvppt\/"]},{"@type":"Person","@id":"https:\/\/www.abvp.pt\/#\/schema\/person\/c01001ca9ca03c994808b13624fdbd5c","name":"Ana C. Borges","image":{"@type":"ImageObject","inLanguage":"en-GB","@id":"https:\/\/www.abvp.pt\/#\/schema\/person\/image\/","url":"https:\/\/secure.gravatar.com\/avatar\/7a725f4592614d4ad6702531f09627ac?s=96&d=mm&r=g","contentUrl":"https:\/\/secure.gravatar.com\/avatar\/7a725f4592614d4ad6702531f09627ac?s=96&d=mm&r=g","caption":"Ana C. Borges"},"description":"Gosta de passeios longos e conversas intermin\u00e1veis, de ver o que ainda n\u00e3o conhece e rever os lugares do cora\u00e7\u00e3o. Fotografa para mem\u00f3ria futura. Escreve porque lhe sabem bem as palavras. Viaja por paix\u00e3o \u2013 e porque o mundo \u00e9 demasiado grande para ficarmos quietos. \u00c9 autora do blogue Viajar porque sim.","sameAs":["https:\/\/viajarporquesim.blogs.sapo.pt\/","https:\/\/www.facebook.com\/viajarporquesim","https:\/\/www.instagram.com\/viajar_porque_sim\/","https:\/\/www.pinterest.pt\/viajarporquesim\/"],"url":"https:\/\/www.abvp.pt\/en\/author\/acborges\/"}]}},"_links":{"self":[{"href":"https:\/\/www.abvp.pt\/en\/wp-json\/wp\/v2\/posts\/4539","targetHints":{"allow":["GET"]}}],"collection":[{"href":"https:\/\/www.abvp.pt\/en\/wp-json\/wp\/v2\/posts"}],"about":[{"href":"https:\/\/www.abvp.pt\/en\/wp-json\/wp\/v2\/types\/post"}],"author":[{"embeddable":true,"href":"https:\/\/www.abvp.pt\/en\/wp-json\/wp\/v2\/users\/16"}],"replies":[{"embeddable":true,"href":"https:\/\/www.abvp.pt\/en\/wp-json\/wp\/v2\/comments?post=4539"}],"version-history":[{"count":0,"href":"https:\/\/www.abvp.pt\/en\/wp-json\/wp\/v2\/posts\/4539\/revisions"}],"wp:featuredmedia":[{"embeddable":true,"href":"https:\/\/www.abvp.pt\/en\/wp-json\/wp\/v2\/media\/4548"}],"wp:attachment":[{"href":"https:\/\/www.abvp.pt\/en\/wp-json\/wp\/v2\/media?parent=4539"}],"wp:term":[{"taxonomy":"category","embeddable":true,"href":"https:\/\/www.abvp.pt\/en\/wp-json\/wp\/v2\/categories?post=4539"},{"taxonomy":"post_tag","embeddable":true,"href":"https:\/\/www.abvp.pt\/en\/wp-json\/wp\/v2\/tags?post=4539"}],"curies":[{"name":"wp","href":"https:\/\/api.w.org\/{rel}","templated":true}]}}