{"id":732,"date":"2019-05-15T12:44:07","date_gmt":"2019-05-15T12:44:07","guid":{"rendered":"https:\/\/www.abvp.pt\/?p=732"},"modified":"2019-09-20T09:22:45","modified_gmt":"2019-09-20T09:22:45","slug":"de-prancha-na-mao-e-sal-na-pele-marlene-marques-entrevista","status":"publish","type":"post","link":"https:\/\/www.abvp.pt\/en\/de-prancha-na-mao-e-sal-na-pele-marlene-marques-entrevista\/","title":{"rendered":"De prancha na m\u00e3o e sal na pele: Marlene Marques (entrevista)"},"content":{"rendered":"<p>J\u00e1 convers\u00e1mos com os tr\u00eas membros da dire\u00e7\u00e3o da ABVP, mas h\u00e1 outros fundadores para conhecer. Chegou a vez da Marlene, a viajante &#8220;boa onda&#8221; que \u00e9 sempre mais feliz \u00e0 beira-mar<\/p>\n\n\n\n<p><strong>Name<\/strong>: Marlene Marques<\/p>\n\n\n\n<p><strong>Profiss\u00e3o<\/strong>: Jornalista e travel blogger<\/p>\n\n\n\n<p><strong>Data de nascimento<\/strong>: 1977<\/p>\n\n\n\n<p><strong>Local de nascimento<\/strong>: Lisboa<\/p>\n\n\n\n<p><strong>Local de resid\u00eancia<\/strong>: Ericeira<\/p>\n\n\n\n<p><strong>Pr\u00f3ximas viagens<\/strong>: Camboja e Irlanda<\/p>\n\n\n\n<p><strong>Blog: <\/strong><a href=\"https:\/\/marleneonthemove.com\/homepage-pt\/\">Marlene on the move<\/a><\/p>\n\n\n\n<p><strong>1. O que significam as viagens para si? <\/strong><\/p>\n\n\n\n<p>As viagens fazem parte de mim, definem-me\ncomo pessoa. S\u00e3o a forma que encontrei para enriquecer a minha vida e mostrar a\noutros pequenos peda\u00e7os deste mundo maravilhoso.<\/p>\n\n\n\n<p><strong>2. Entre os destinos que j\u00e1 visitou, h\u00e1 algum que a tenha marcado\nde forma especial? Conte-nos.<\/strong><\/p>\n\n\n\n<p>A Indon\u00e9sia foi o meu primeiro grande destino e ter\u00e1 sempre um significado especial. Foi a primeira vez que tomei contacto com a cultura asi\u00e1tica, com o hindu\u00edsmo, com um povo simples mas muito grato pelo que tem.<\/p>\n\n\n\n<p>Lembro-me de sair do avi\u00e3o em Bali e ser conquistada pela temperatura, pela humidade e pelo cheiro caracter\u00edstico daquela terra. Foi h\u00e1 15 anos. Bali j\u00e1 era um grande destino tur\u00edstico, mas estava longe de ser o que \u00e9 hoje. Fic\u00e1mos num <em>warung<\/em> junto \u00e0 praia, a comer o <em>Nasi Goreng<\/em> da simp\u00e1tica Mama Katut e a surfar de manh\u00e3 \u00e0 noite.<\/p>\n\n\n\n<p>Claro que todos os destinos que tenho visitado me t\u00eam marcado de uma forma ou de outra. <strong>Estive em Timor-Leste no primeiro anivers\u00e1rio da independ\u00eancia daquele pa\u00eds<\/strong>, vi elefantes selvagens pela primeira vez na \u00c1frica do Sul, fiquei fascinada com as cidades antigas do Sri Lanka, diverti-me imenso na <em>road trip <\/em>pela Calif\u00f3rnia. Enfim, todas as recorda\u00e7\u00f5es de viagem me transportam para momentos \u00fanicos.<\/p>\n\n\n\n<p><strong>3. O que mais a influencia na hora de escolher um destino de\nviagem?<\/strong><\/p>\n\n\n\n<p>Viajo muitas vezes para fazer surf, por isso, esse \u00e9 um dos fatores decisivos. <strong>Tem ondas? Estou l\u00e1!<\/strong> Depois, o custo de vida no destino e o pre\u00e7o dos voos, bem como se tem ou n\u00e3o uma componente cultural forte.<\/p>\n\n\n\n<figure class=\"wp-block-image\"><img fetchpriority=\"high\" decoding=\"async\" width=\"1600\" height=\"1067\" src=\"https:\/\/www.abvp.pt\/wp-content\/uploads\/DSCF0996-1600x1067.jpg\" alt=\"\" class=\"wp-image-734\" srcset=\"https:\/\/www.abvp.pt\/wp-content\/uploads\/DSCF0996-1600x1067.jpg 1600w, https:\/\/www.abvp.pt\/wp-content\/uploads\/DSCF0996-scaled-600x400.jpg 600w, https:\/\/www.abvp.pt\/wp-content\/uploads\/DSCF0996-150x100.jpg 150w, https:\/\/www.abvp.pt\/wp-content\/uploads\/DSCF0996-800x533.jpg 800w, https:\/\/www.abvp.pt\/wp-content\/uploads\/DSCF0996-768x512.jpg 768w\" sizes=\"(max-width: 1600px) 100vw, 1600px\" \/><\/figure>\n\n\n\n<p><strong>4. J\u00e1 viveu fora de Portugal mais que seis meses? Se sim, onde e o\nque retirou dessa experi\u00eancia?<\/strong><\/p>\n\n\n\n<p>Nunca. J\u00e1 pensei v\u00e1rias vezes em passar um per\u00edodo fora do pa\u00eds, mas as obriga\u00e7\u00f5es profissionais t\u00eam-no impedido. Quem sabe um dia. De qualquer forma, n\u00e3o \u00e9 preciso passar longas temporadas no estrangeiro para ter grandes experi\u00eancias de viagem. Nem sempre \u00e9 a dura\u00e7\u00e3o, mas a intensidade.<\/p>\n\n\n\n<p><strong>5. Explique o que \u00e9 o seu blog de viagens e a raz\u00e3o da sua\nexist\u00eancia.<\/strong><\/p>\n\n\n\n<p>O<em> Marlene\non the move<\/em> junta as minhas tr\u00eas grandes paix\u00f5es: as viagens, o surf e a\nescrita. Escrever e viajar sempre estiveram nos meus genes e \u00e9 parte da raz\u00e3o\nporque escolhi ser jornalista. A isto juntei o surf, que entrou na minha vida\nem 1995, quando ainda poucas mi\u00fadas o praticavam em Portugal.<\/p>\n\n\n\n<p>O blog nasceu h\u00e1 apenas tr\u00eas anos, quando\ndecidi criar uma plataforma para contar as minhas viagens, divulgar guias e\ndicas resultantes da minha hist\u00f3ria pessoal. Queria que fosse um canal aberto\npara partilha de informa\u00e7\u00f5es e experi\u00eancias.<\/p>\n\n\n\n<p>N\u00e3o \u00e9 um blog de surf, longe disso. \u00c9 um <strong>blog de viagens onde o surf \u00e9 o pretexto perfeito para percorrer o mundo<\/strong> e conhecer novos destinos.<\/p>\n\n\n\n<p><strong>6. Como surgiu o nome do blog?<\/strong><\/p>\n\n\n\n<p>O <em>Marlene On The Move<\/em> \u00e9 sobre uma mi\u00fada surfista que nunca para quieta! Reflete o que me distingue dos outros viajantes e o movimento das viagens. Acho que foi um bom casamento!<\/p>\n\n\n\n<p><strong>7. Destaque um dos posts de que mais gosta no seu blog e explique\nporqu\u00ea.<\/strong><\/p>\n\n\n\n<p>Orgulho-me de v\u00e1rios posts que tenho no blog, pois s\u00e3o reflexo de experi\u00eancias e de bons momentos. Talvez destaque dois. Um que escrevi sobre a revolu\u00e7\u00e3o que encontrei na <a rel=\"noreferrer noopener\" aria-label=\" (abre num novo separador)\" href=\"https:\/\/marleneonthemove.com\/conflito-na-nicaragua\/\" target=\"_blank\">Nicar\u00e1gua<\/a> e que julgo trazer um contributo importante para quem viaja para um pa\u00eds em conflito. O outro \u00e9 um roteiro que fiz da minha pr\u00f3pria vila, a <a href=\"https:\/\/marleneonthemove.com\/ericeira-meu-amor-guia-de-uma-local\/\">Ericeira<\/a>, pela qual tenho um carinho muito especial.<\/p>\n\n\n\n<p>Mas outros grandes posts est\u00e3o na calha, por isso, fiquem atentos!<\/p>\n\n\n\n<figure class=\"wp-block-image\"><img decoding=\"async\" width=\"1600\" height=\"1067\" src=\"https:\/\/www.abvp.pt\/wp-content\/uploads\/IMG_6009-1600x1067.jpg\" alt=\"\" class=\"wp-image-735\" srcset=\"https:\/\/www.abvp.pt\/wp-content\/uploads\/IMG_6009-1600x1067.jpg 1600w, https:\/\/www.abvp.pt\/wp-content\/uploads\/IMG_6009-scaled-600x400.jpg 600w, https:\/\/www.abvp.pt\/wp-content\/uploads\/IMG_6009-150x100.jpg 150w, https:\/\/www.abvp.pt\/wp-content\/uploads\/IMG_6009-800x533.jpg 800w, https:\/\/www.abvp.pt\/wp-content\/uploads\/IMG_6009-768x512.jpg 768w\" sizes=\"(max-width: 1600px) 100vw, 1600px\" \/><\/figure>\n\n\n\n<p><strong>8. Alguma dica para quem pretende come\u00e7ar agora um blog de\nviagens?<\/strong><\/p>\n\n\n\n<p>Como escrevi recentemente para o site da ABVP, penso que \u00e9 importante definir um <a href=\"https:\/\/www.abvp.pt\/en\/blog-de-nicho\/\">nicho para o blog<\/a>, de forma a distinguir-se dos restantes. Depois, acho muito importante come\u00e7ar a aprender sobre SEO, para tentar \u201cdominar\u201d o algoritmo do nosso amigo Google, bem como dedicar algum tempo ao Pinterest. Estas s\u00e3o duas ferramentas que v\u00e3o permitir que o novo blog alcance mais leitores e comece a ganhar o seu p\u00fablico.<\/p>\n\n\n\n<p><strong>9. Que papel desempenham os blogs junto de outras pessoas que\ngostam de viajar? <\/strong><\/p>\n\n\n\n<p>Os blogs t\u00eam cada vez mais um papel\nimportante neste contexto. Quem est\u00e1 a planear uma viagem ou gosta de\nacompanhar o tema prefere os posts de um blog especializado, a um artigo de uma\nrevista ou um guia de viagens inexpressivo.<\/p>\n\n\n\n<p>Porque ali encontramos experi\u00eancias reais. As\nboas, mas tamb\u00e9m as m\u00e1s. Conseguimos perceber se um destino \u00e9 tudo aquilo que\nsonhamos ou se h\u00e1 cuidados especiais a ter. As informa\u00e7\u00f5es obtidas permitem-nos\nplanear melhor as viagens e conhecer pequenos segredos que n\u00e3o aparecem em mais\nparte nenhuma.<\/p>\n\n\n\n<p><strong>10. Qual \u00e9 o seu maior sonho por cumprir?<\/strong><\/p>\n\n\n\n<p>Existem tantos destinos por descobrir. Claro que sonho viajar at\u00e9 todos eles. Aos poucos tenho ido ao encontro desse sonho, mas ainda falta muito para o realizar por completo. H\u00e1 algumas viagens que est\u00e3o no topo da lista, como o Taiti, a Patag\u00f3nia ou a Birm\u00e2nia. Pode ser que num futuro pr\u00f3ximo consiga concretizar mais um pedacinho desse grande sonho que \u00e9 conhecer o mundo.<\/p>","protected":false},"excerpt":{"rendered":"<p>J\u00e1 convers\u00e1mos com os tr\u00eas membros da dire\u00e7\u00e3o da ABVP, mas h\u00e1 outros fundadores para conhecer. Chegou a vez da Marlene, a viajante &#8220;boa onda&#8221; que \u00e9 sempre mais feliz [&hellip;]<\/p>\n","protected":false},"author":5,"featured_media":733,"comment_status":"open","ping_status":"closed","sticky":false,"template":"","format":"standard","meta":{"_price":"","_stock":"","_tribe_ticket_header":"","_tribe_default_ticket_provider":"","_tribe_ticket_capacity":"0","_ticket_start_date":"","_ticket_end_date":"","_tribe_ticket_show_description":"","_tribe_ticket_show_not_going":false,"_tribe_ticket_use_global_stock":"","_tribe_ticket_global_stock_level":"","_global_stock_mode":"","_global_stock_cap":"","_tribe_rsvp_for_event":"","_tribe_ticket_going_count":"","_tribe_ticket_not_going_count":"","_tribe_tickets_list":"[]","_tribe_ticket_has_attendee_info_fields":false,"_EventAllDay":false,"_EventTimezone":"","_EventStartDate":"","_EventEndDate":"","_EventStartDateUTC":"","_EventEndDateUTC":"","_EventShowMap":false,"_EventShowMapLink":false,"_EventURL":"","_EventCost":"","_EventCostDescription":"","_EventCurrencySymbol":"","_EventCurrencyCode":"","_EventCurrencyPosition":"","_EventDateTimeSeparator":"","_EventTimeRangeSeparator":"","_EventOrganizerID":[],"_EventVenueID":[],"_OrganizerEmail":"","_OrganizerPhone":"","_OrganizerWebsite":"","_VenueAddress":"","_VenueCity":"","_VenueCountry":"","_VenueProvince":"","_VenueState":"","_VenueZip":"","_VenuePhone":"","_VenueURL":"","_VenueStateProvince":"","_VenueLat":"","_VenueLng":"","_VenueShowMap":false,"_VenueShowMapLink":false,"footnotes":""},"categories":[1],"tags":[],"class_list":["post-732","post","type-post","status-publish","format-standard","has-post-thumbnail","hentry","category-conteudo"],"blocksy_meta":[],"yoast_head":"<!-- This site is optimized with the Yoast SEO plugin v26.4 - https:\/\/yoast.com\/wordpress\/plugins\/seo\/ -->\n<title>De prancha na m\u00e3o e sal na pele: Marlene Marques (entrevista) - ABVP<\/title>\n<meta name=\"robots\" content=\"index, follow, max-snippet:-1, max-image-preview:large, max-video-preview:-1\" \/>\n<link rel=\"canonical\" href=\"https:\/\/www.abvp.pt\/en\/de-prancha-na-mao-e-sal-na-pele-marlene-marques-entrevista\/\" \/>\n<meta property=\"og:locale\" content=\"en_GB\" \/>\n<meta property=\"og:type\" content=\"article\" \/>\n<meta property=\"og:title\" content=\"De prancha na m\u00e3o e sal na pele: Marlene Marques (entrevista) - ABVP\" \/>\n<meta property=\"og:description\" content=\"J\u00e1 convers\u00e1mos com os tr\u00eas membros da dire\u00e7\u00e3o da ABVP, mas h\u00e1 outros fundadores para conhecer. Chegou a vez da Marlene, a viajante &#8220;boa onda&#8221; que \u00e9 sempre mais feliz [&hellip;]\" \/>\n<meta property=\"og:url\" content=\"https:\/\/www.abvp.pt\/en\/de-prancha-na-mao-e-sal-na-pele-marlene-marques-entrevista\/\" \/>\n<meta property=\"og:site_name\" content=\"ABVP\" \/>\n<meta property=\"article:publisher\" content=\"https:\/\/www.facebook.com\/abvppt\/\" \/>\n<meta property=\"article:published_time\" content=\"2019-05-15T12:44:07+00:00\" \/>\n<meta property=\"article:modified_time\" content=\"2019-09-20T09:22:45+00:00\" \/>\n<meta property=\"og:image\" content=\"https:\/\/www.abvp.pt\/wp-content\/uploads\/IMG_5899-scaled.jpg\" \/>\n\t<meta property=\"og:image:width\" content=\"2560\" \/>\n\t<meta property=\"og:image:height\" content=\"1707\" \/>\n\t<meta property=\"og:image:type\" content=\"image\/jpeg\" \/>\n<meta name=\"author\" content=\"Ruthia Portelinha\" \/>\n<meta name=\"twitter:card\" content=\"summary_large_image\" \/>\n<meta name=\"twitter:creator\" content=\"@abvppt\" \/>\n<meta name=\"twitter:site\" content=\"@abvppt\" \/>\n<meta name=\"twitter:label1\" content=\"Written by\" \/>\n\t<meta name=\"twitter:data1\" content=\"Ruthia Portelinha\" \/>\n\t<meta name=\"twitter:label2\" content=\"Estimated reading time\" \/>\n\t<meta name=\"twitter:data2\" content=\"5 minutes\" \/>\n<script type=\"application\/ld+json\" class=\"yoast-schema-graph\">{\"@context\":\"https:\/\/schema.org\",\"@graph\":[{\"@type\":\"Article\",\"@id\":\"https:\/\/www.abvp.pt\/de-prancha-na-mao-e-sal-na-pele-marlene-marques-entrevista\/#article\",\"isPartOf\":{\"@id\":\"https:\/\/www.abvp.pt\/de-prancha-na-mao-e-sal-na-pele-marlene-marques-entrevista\/\"},\"author\":{\"name\":\"Ruthia Portelinha\",\"@id\":\"https:\/\/www.abvp.pt\/#\/schema\/person\/3224ab1e82979d8d2daa9b24c41ac06f\"},\"headline\":\"De prancha na m\u00e3o e sal na pele: Marlene Marques (entrevista)\",\"datePublished\":\"2019-05-15T12:44:07+00:00\",\"dateModified\":\"2019-09-20T09:22:45+00:00\",\"mainEntityOfPage\":{\"@id\":\"https:\/\/www.abvp.pt\/de-prancha-na-mao-e-sal-na-pele-marlene-marques-entrevista\/\"},\"wordCount\":974,\"commentCount\":0,\"publisher\":{\"@id\":\"https:\/\/www.abvp.pt\/#organization\"},\"image\":{\"@id\":\"https:\/\/www.abvp.pt\/de-prancha-na-mao-e-sal-na-pele-marlene-marques-entrevista\/#primaryimage\"},\"thumbnailUrl\":\"https:\/\/www.abvp.pt\/wp-content\/uploads\/IMG_5899-scaled.jpg\",\"articleSection\":[\"Conte\u00fado\"],\"inLanguage\":\"en-GB\",\"potentialAction\":[{\"@type\":\"CommentAction\",\"name\":\"Comment\",\"target\":[\"https:\/\/www.abvp.pt\/de-prancha-na-mao-e-sal-na-pele-marlene-marques-entrevista\/#respond\"]}]},{\"@type\":\"WebPage\",\"@id\":\"https:\/\/www.abvp.pt\/de-prancha-na-mao-e-sal-na-pele-marlene-marques-entrevista\/\",\"url\":\"https:\/\/www.abvp.pt\/de-prancha-na-mao-e-sal-na-pele-marlene-marques-entrevista\/\",\"name\":\"De prancha na m\u00e3o e sal na pele: Marlene Marques (entrevista) - ABVP\",\"isPartOf\":{\"@id\":\"https:\/\/www.abvp.pt\/#website\"},\"primaryImageOfPage\":{\"@id\":\"https:\/\/www.abvp.pt\/de-prancha-na-mao-e-sal-na-pele-marlene-marques-entrevista\/#primaryimage\"},\"image\":{\"@id\":\"https:\/\/www.abvp.pt\/de-prancha-na-mao-e-sal-na-pele-marlene-marques-entrevista\/#primaryimage\"},\"thumbnailUrl\":\"https:\/\/www.abvp.pt\/wp-content\/uploads\/IMG_5899-scaled.jpg\",\"datePublished\":\"2019-05-15T12:44:07+00:00\",\"dateModified\":\"2019-09-20T09:22:45+00:00\",\"breadcrumb\":{\"@id\":\"https:\/\/www.abvp.pt\/de-prancha-na-mao-e-sal-na-pele-marlene-marques-entrevista\/#breadcrumb\"},\"inLanguage\":\"en-GB\",\"potentialAction\":[{\"@type\":\"ReadAction\",\"target\":[\"https:\/\/www.abvp.pt\/de-prancha-na-mao-e-sal-na-pele-marlene-marques-entrevista\/\"]}]},{\"@type\":\"ImageObject\",\"inLanguage\":\"en-GB\",\"@id\":\"https:\/\/www.abvp.pt\/de-prancha-na-mao-e-sal-na-pele-marlene-marques-entrevista\/#primaryimage\",\"url\":\"https:\/\/www.abvp.pt\/wp-content\/uploads\/IMG_5899-scaled.jpg\",\"contentUrl\":\"https:\/\/www.abvp.pt\/wp-content\/uploads\/IMG_5899-scaled.jpg\",\"width\":2560,\"height\":1707,\"caption\":\"A blogger com prancha de surf\"},{\"@type\":\"BreadcrumbList\",\"@id\":\"https:\/\/www.abvp.pt\/de-prancha-na-mao-e-sal-na-pele-marlene-marques-entrevista\/#breadcrumb\",\"itemListElement\":[{\"@type\":\"ListItem\",\"position\":1,\"name\":\"In\u00edcio\",\"item\":\"https:\/\/www.abvp.pt\/\"},{\"@type\":\"ListItem\",\"position\":2,\"name\":\"De prancha na m\u00e3o e sal na pele: Marlene Marques (entrevista)\"}]},{\"@type\":\"WebSite\",\"@id\":\"https:\/\/www.abvp.pt\/#website\",\"url\":\"https:\/\/www.abvp.pt\/\",\"name\":\"ABVP\",\"description\":\"Associa\u00e7\u00e3o de Bloggers de Viagem Portugueses\",\"publisher\":{\"@id\":\"https:\/\/www.abvp.pt\/#organization\"},\"potentialAction\":[{\"@type\":\"SearchAction\",\"target\":{\"@type\":\"EntryPoint\",\"urlTemplate\":\"https:\/\/www.abvp.pt\/?s={search_term_string}\"},\"query-input\":{\"@type\":\"PropertyValueSpecification\",\"valueRequired\":true,\"valueName\":\"search_term_string\"}}],\"inLanguage\":\"en-GB\"},{\"@type\":\"Organization\",\"@id\":\"https:\/\/www.abvp.pt\/#organization\",\"name\":\"ABVP\",\"url\":\"https:\/\/www.abvp.pt\/\",\"logo\":{\"@type\":\"ImageObject\",\"inLanguage\":\"en-GB\",\"@id\":\"https:\/\/www.abvp.pt\/#\/schema\/logo\/image\/\",\"url\":\"https:\/\/www.abvp.pt\/wp-content\/uploads\/Logo-Header-dark.svg\",\"contentUrl\":\"https:\/\/www.abvp.pt\/wp-content\/uploads\/Logo-Header-dark.svg\",\"width\":325,\"height\":48,\"caption\":\"ABVP\"},\"image\":{\"@id\":\"https:\/\/www.abvp.pt\/#\/schema\/logo\/image\/\"},\"sameAs\":[\"https:\/\/www.facebook.com\/abvppt\/\",\"https:\/\/x.com\/abvppt\",\"https:\/\/www.instagram.com\/abvppt\/\"]},{\"@type\":\"Person\",\"@id\":\"https:\/\/www.abvp.pt\/#\/schema\/person\/3224ab1e82979d8d2daa9b24c41ac06f\",\"name\":\"Ruthia Portelinha\",\"image\":{\"@type\":\"ImageObject\",\"inLanguage\":\"en-GB\",\"@id\":\"https:\/\/www.abvp.pt\/#\/schema\/person\/image\/\",\"url\":\"https:\/\/secure.gravatar.com\/avatar\/fe88f7331e86f7718c223ca840ea6091?s=96&d=mm&r=g\",\"contentUrl\":\"https:\/\/secure.gravatar.com\/avatar\/fe88f7331e86f7718c223ca840ea6091?s=96&d=mm&r=g\",\"caption\":\"Ruthia Portelinha\"},\"description\":\"Viajante, m\u00e3e babada, choc\u00f3latra, amante de livros e museus. Autora do blog O Ber\u00e7o do Mundo.\",\"sameAs\":[\"https:\/\/www.bercodomundo.com\"],\"url\":\"https:\/\/www.abvp.pt\/en\/author\/ruthia\/\"}]}<\/script>\n<!-- \/ Yoast SEO plugin. -->","yoast_head_json":{"title":"De prancha na m\u00e3o e sal na pele: Marlene Marques (entrevista) - ABVP","robots":{"index":"index","follow":"follow","max-snippet":"max-snippet:-1","max-image-preview":"max-image-preview:large","max-video-preview":"max-video-preview:-1"},"canonical":"https:\/\/www.abvp.pt\/en\/de-prancha-na-mao-e-sal-na-pele-marlene-marques-entrevista\/","og_locale":"en_GB","og_type":"article","og_title":"De prancha na m\u00e3o e sal na pele: Marlene Marques (entrevista) - ABVP","og_description":"J\u00e1 convers\u00e1mos com os tr\u00eas membros da dire\u00e7\u00e3o da ABVP, mas h\u00e1 outros fundadores para conhecer. Chegou a vez da Marlene, a viajante &#8220;boa onda&#8221; que \u00e9 sempre mais feliz [&hellip;]","og_url":"https:\/\/www.abvp.pt\/en\/de-prancha-na-mao-e-sal-na-pele-marlene-marques-entrevista\/","og_site_name":"ABVP","article_publisher":"https:\/\/www.facebook.com\/abvppt\/","article_published_time":"2019-05-15T12:44:07+00:00","article_modified_time":"2019-09-20T09:22:45+00:00","og_image":[{"width":2560,"height":1707,"url":"https:\/\/www.abvp.pt\/wp-content\/uploads\/IMG_5899-scaled.jpg","type":"image\/jpeg"}],"author":"Ruthia Portelinha","twitter_card":"summary_large_image","twitter_creator":"@abvppt","twitter_site":"@abvppt","twitter_misc":{"Written by":"Ruthia Portelinha","Estimated reading time":"5 minutes"},"schema":{"@context":"https:\/\/schema.org","@graph":[{"@type":"Article","@id":"https:\/\/www.abvp.pt\/de-prancha-na-mao-e-sal-na-pele-marlene-marques-entrevista\/#article","isPartOf":{"@id":"https:\/\/www.abvp.pt\/de-prancha-na-mao-e-sal-na-pele-marlene-marques-entrevista\/"},"author":{"name":"Ruthia Portelinha","@id":"https:\/\/www.abvp.pt\/#\/schema\/person\/3224ab1e82979d8d2daa9b24c41ac06f"},"headline":"De prancha na m\u00e3o e sal na pele: Marlene Marques (entrevista)","datePublished":"2019-05-15T12:44:07+00:00","dateModified":"2019-09-20T09:22:45+00:00","mainEntityOfPage":{"@id":"https:\/\/www.abvp.pt\/de-prancha-na-mao-e-sal-na-pele-marlene-marques-entrevista\/"},"wordCount":974,"commentCount":0,"publisher":{"@id":"https:\/\/www.abvp.pt\/#organization"},"image":{"@id":"https:\/\/www.abvp.pt\/de-prancha-na-mao-e-sal-na-pele-marlene-marques-entrevista\/#primaryimage"},"thumbnailUrl":"https:\/\/www.abvp.pt\/wp-content\/uploads\/IMG_5899-scaled.jpg","articleSection":["Conte\u00fado"],"inLanguage":"en-GB","potentialAction":[{"@type":"CommentAction","name":"Comment","target":["https:\/\/www.abvp.pt\/de-prancha-na-mao-e-sal-na-pele-marlene-marques-entrevista\/#respond"]}]},{"@type":"WebPage","@id":"https:\/\/www.abvp.pt\/de-prancha-na-mao-e-sal-na-pele-marlene-marques-entrevista\/","url":"https:\/\/www.abvp.pt\/de-prancha-na-mao-e-sal-na-pele-marlene-marques-entrevista\/","name":"De prancha na m\u00e3o e sal na pele: Marlene Marques (entrevista) - ABVP","isPartOf":{"@id":"https:\/\/www.abvp.pt\/#website"},"primaryImageOfPage":{"@id":"https:\/\/www.abvp.pt\/de-prancha-na-mao-e-sal-na-pele-marlene-marques-entrevista\/#primaryimage"},"image":{"@id":"https:\/\/www.abvp.pt\/de-prancha-na-mao-e-sal-na-pele-marlene-marques-entrevista\/#primaryimage"},"thumbnailUrl":"https:\/\/www.abvp.pt\/wp-content\/uploads\/IMG_5899-scaled.jpg","datePublished":"2019-05-15T12:44:07+00:00","dateModified":"2019-09-20T09:22:45+00:00","breadcrumb":{"@id":"https:\/\/www.abvp.pt\/de-prancha-na-mao-e-sal-na-pele-marlene-marques-entrevista\/#breadcrumb"},"inLanguage":"en-GB","potentialAction":[{"@type":"ReadAction","target":["https:\/\/www.abvp.pt\/de-prancha-na-mao-e-sal-na-pele-marlene-marques-entrevista\/"]}]},{"@type":"ImageObject","inLanguage":"en-GB","@id":"https:\/\/www.abvp.pt\/de-prancha-na-mao-e-sal-na-pele-marlene-marques-entrevista\/#primaryimage","url":"https:\/\/www.abvp.pt\/wp-content\/uploads\/IMG_5899-scaled.jpg","contentUrl":"https:\/\/www.abvp.pt\/wp-content\/uploads\/IMG_5899-scaled.jpg","width":2560,"height":1707,"caption":"A blogger com prancha de surf"},{"@type":"BreadcrumbList","@id":"https:\/\/www.abvp.pt\/de-prancha-na-mao-e-sal-na-pele-marlene-marques-entrevista\/#breadcrumb","itemListElement":[{"@type":"ListItem","position":1,"name":"In\u00edcio","item":"https:\/\/www.abvp.pt\/"},{"@type":"ListItem","position":2,"name":"De prancha na m\u00e3o e sal na pele: Marlene Marques (entrevista)"}]},{"@type":"WebSite","@id":"https:\/\/www.abvp.pt\/#website","url":"https:\/\/www.abvp.pt\/","name":"ABVP","description":"Association of Portuguese Travel Bloggers","publisher":{"@id":"https:\/\/www.abvp.pt\/#organization"},"potentialAction":[{"@type":"SearchAction","target":{"@type":"EntryPoint","urlTemplate":"https:\/\/www.abvp.pt\/?s={search_term_string}"},"query-input":{"@type":"PropertyValueSpecification","valueRequired":true,"valueName":"search_term_string"}}],"inLanguage":"en-GB"},{"@type":"Organization","@id":"https:\/\/www.abvp.pt\/#organization","name":"ABVP","url":"https:\/\/www.abvp.pt\/","logo":{"@type":"ImageObject","inLanguage":"en-GB","@id":"https:\/\/www.abvp.pt\/#\/schema\/logo\/image\/","url":"https:\/\/www.abvp.pt\/wp-content\/uploads\/Logo-Header-dark.svg","contentUrl":"https:\/\/www.abvp.pt\/wp-content\/uploads\/Logo-Header-dark.svg","width":325,"height":48,"caption":"ABVP"},"image":{"@id":"https:\/\/www.abvp.pt\/#\/schema\/logo\/image\/"},"sameAs":["https:\/\/www.facebook.com\/abvppt\/","https:\/\/x.com\/abvppt","https:\/\/www.instagram.com\/abvppt\/"]},{"@type":"Person","@id":"https:\/\/www.abvp.pt\/#\/schema\/person\/3224ab1e82979d8d2daa9b24c41ac06f","name":"Ruthia Portelinha","image":{"@type":"ImageObject","inLanguage":"en-GB","@id":"https:\/\/www.abvp.pt\/#\/schema\/person\/image\/","url":"https:\/\/secure.gravatar.com\/avatar\/fe88f7331e86f7718c223ca840ea6091?s=96&d=mm&r=g","contentUrl":"https:\/\/secure.gravatar.com\/avatar\/fe88f7331e86f7718c223ca840ea6091?s=96&d=mm&r=g","caption":"Ruthia Portelinha"},"description":"Viajante, m\u00e3e babada, choc\u00f3latra, amante de livros e museus. Autora do blog O Ber\u00e7o do Mundo.","sameAs":["https:\/\/www.bercodomundo.com"],"url":"https:\/\/www.abvp.pt\/en\/author\/ruthia\/"}]}},"_links":{"self":[{"href":"https:\/\/www.abvp.pt\/en\/wp-json\/wp\/v2\/posts\/732","targetHints":{"allow":["GET"]}}],"collection":[{"href":"https:\/\/www.abvp.pt\/en\/wp-json\/wp\/v2\/posts"}],"about":[{"href":"https:\/\/www.abvp.pt\/en\/wp-json\/wp\/v2\/types\/post"}],"author":[{"embeddable":true,"href":"https:\/\/www.abvp.pt\/en\/wp-json\/wp\/v2\/users\/5"}],"replies":[{"embeddable":true,"href":"https:\/\/www.abvp.pt\/en\/wp-json\/wp\/v2\/comments?post=732"}],"version-history":[{"count":0,"href":"https:\/\/www.abvp.pt\/en\/wp-json\/wp\/v2\/posts\/732\/revisions"}],"wp:featuredmedia":[{"embeddable":true,"href":"https:\/\/www.abvp.pt\/en\/wp-json\/wp\/v2\/media\/733"}],"wp:attachment":[{"href":"https:\/\/www.abvp.pt\/en\/wp-json\/wp\/v2\/media?parent=732"}],"wp:term":[{"taxonomy":"category","embeddable":true,"href":"https:\/\/www.abvp.pt\/en\/wp-json\/wp\/v2\/categories?post=732"},{"taxonomy":"post_tag","embeddable":true,"href":"https:\/\/www.abvp.pt\/en\/wp-json\/wp\/v2\/tags?post=732"}],"curies":[{"name":"wp","href":"https:\/\/api.w.org\/{rel}","templated":true}]}}