{"id":7367,"date":"2025-02-18T11:13:24","date_gmt":"2025-02-18T11:13:24","guid":{"rendered":"https:\/\/www.abvp.pt\/?p=7367"},"modified":"2025-02-18T11:13:24","modified_gmt":"2025-02-18T11:13:24","slug":"concurso-blogging-fundao","status":"publish","type":"post","link":"https:\/\/www.abvp.pt\/en\/concurso-blogging-fundao\/","title":{"rendered":"\u201cBlogging Fund\u00e3o\u201d: um concurso do Festival Art&amp;Tur 2025"},"content":{"rendered":"<p>O <strong>Festival Internacional de Cinema de Turismo Art&amp;Tur<\/strong> est\u00e1 de volta para mais uma edi\u00e7\u00e3o memor\u00e1vel. Este ano, entre os dias <strong>9 e 12 de setembro<\/strong>, a cidade do <strong>Fund\u00e3o<\/strong> ser\u00e1 o palco deste evento que celebra o melhor do cinema de turismo a n\u00edvel nacional e internacional. E com ele regressa tamb\u00e9m um desafio especial para os <em>bloggers<\/em> apaixonados por viagens e turismo: o <strong>concurso \u201cBlogging Fund\u00e3o\u201d<\/strong>.<\/p>\n\n\n\n<figure class=\"wp-block-image aligncenter size-medium\"><img fetchpriority=\"high\" decoding=\"async\" width=\"566\" height=\"800\" src=\"https:\/\/www.abvp.pt\/wp-content\/uploads\/Blogging-Fundao-566x800.webp\" alt=\"Concurso Blogging Fund\u00e3o no Festival Art&amp;Tur\" class=\"wp-image-7371\" srcset=\"https:\/\/www.abvp.pt\/wp-content\/uploads\/Blogging-Fundao-566x800.webp 566w, https:\/\/www.abvp.pt\/wp-content\/uploads\/Blogging-Fundao-106x150.webp 106w, https:\/\/www.abvp.pt\/wp-content\/uploads\/Blogging-Fundao-8x12.webp 8w, https:\/\/www.abvp.pt\/wp-content\/uploads\/Blogging-Fundao-600x849.webp 600w, https:\/\/www.abvp.pt\/wp-content\/uploads\/Blogging-Fundao.webp 707w\" sizes=\"(max-width: 566px) 100vw, 566px\" \/><\/figure>\n\n\n\n<div style=\"height:40px\" aria-hidden=\"true\" class=\"wp-block-spacer\"><\/div>\n\n\n\n<h6 class=\"wp-block-heading\"><strong>O que \u00e9 o Art&amp;Tur?<\/strong><\/h6>\n\n\n\n<p>O Art&amp;Tur \u00e9 um festival de refer\u00eancia no panorama internacional do cinema de turismo, reconhecido pela sua capacidade de promover destinos e experi\u00eancias atrav\u00e9s de produ\u00e7\u00f5es audiovisuais inspiradoras. Al\u00e9m da competi\u00e7\u00e3o de filmes, o evento inclui conversas e iniciativas que ligam profissionais do setor, produtores de conte\u00fado e entusiastas da comunica\u00e7\u00e3o tur\u00edstica.<\/p>\n\n\n\n<p>Este ano, o festival vai ser realizado no Fund\u00e3o, cidade e <a href=\"https:\/\/www.cm-fundao.pt\/\">munic\u00edpio<\/a> que combina tradi\u00e7\u00e3o e modernidade, sendo um importante <em>hub<\/em> econ\u00f3mico para o com\u00e9rcio e a ind\u00fastria na Beira Baixa. O produto mais ic\u00f3nico da regi\u00e3o \u00e9 a famosa cereja da Cova da Beira, uma mais-valia importante para a economia local.<\/p>\n\n\n\n<h6 class=\"wp-block-heading\"><strong>O que \u00e9 o concurso \u201cBlogging Fund\u00e3o?\u201d<\/strong><\/h6>\n\n\n\n<p>O \u201cBlogging Fund\u00e3o\u201d dirige-se a todos os <em>bloggers<\/em> de viagens e turismo que queiram explorar e divulgar o melhor do Fund\u00e3o atrav\u00e9s dos seus conte\u00fados.<\/p>\n\n\n\n<p>Os participantes ter\u00e3o a oportunidade de visitar a regi\u00e3o e criar artigos originais sobre as suas experi\u00eancias, destacando o patrim\u00f3nio cultural, a gastronomia, a natureza e as tradi\u00e7\u00f5es locais. O objetivo \u00e9 gerar conte\u00fado aut\u00eantico e inspirador que promova o destino junto do p\u00fablico nacional e internacional.<\/p>\n\n\n\n<h6 class=\"wp-block-heading\"><strong>Parceria com a ABVP<\/strong><\/h6>\n\n\n\n<p>Tal como em <a href=\"https:\/\/www.abvp.pt\/en\/artetur-lousa-2024\/\">edi\u00e7\u00f5es anteriores<\/a>, este concurso conta com a colabora\u00e7\u00e3o da ABVP e insere-se nos nossos objetivos de promo\u00e7\u00e3o dos <em>bloggers<\/em> de viagem como parceiros importantes, ativos e profissionais da comunica\u00e7\u00e3o tur\u00edstica. A finalidade maior deste concurso \u00e9 a produ\u00e7\u00e3o de conte\u00fados de boa qualidade que divulguem as regi\u00f5es em que o Art&amp;Tur se realiza anualmente.<\/p>\n\n\n\n<h6 class=\"wp-block-heading\"><strong>Como participar?<\/strong><\/h6>\n\n\n\n<p>Poder\u00e3o concorrer com artigos que tenham sido publicados em blogs entre 1 de agosto de 2023 e 31 de julho de 2025. A data limite para o envio de candidaturas \u00e9 o dia 10 de agosto deste ano. As publica\u00e7\u00f5es podem ser em portugu\u00eas ou ingl\u00eas, e a entrega do pr\u00e9mio ao(s) vencedor(es) ter\u00e1 lugar durante a Gala de pr\u00e9mios do festival, no dia 12 de setembro.<\/p>\n\n\n\n<p>O regulamento completo do concurso e o formul\u00e1rio de inscri\u00e7\u00e3o est\u00e3o <a href=\"https:\/\/tourfilm-festival.com\/blogging\/\">aqui<\/a>.<\/p>\n\n\n\n<p><strong>Esta \u00e9 uma oportunidade \u00fanica para os <em>bloggers<\/em> de viagem mostrarem o seu talento e obterem uma maior visibilidade. Aceitas o desafio?<\/strong><\/p>","protected":false},"excerpt":{"rendered":"<p>O Festival Internacional de Cinema de Turismo Art&amp;Tur est\u00e1 de volta para mais uma edi\u00e7\u00e3o memor\u00e1vel. Este ano, entre os dias 9 e 12 de setembro, a cidade do Fund\u00e3o [&hellip;]<\/p>\n","protected":false},"author":16,"featured_media":7375,"comment_status":"open","ping_status":"closed","sticky":false,"template":"","format":"standard","meta":{"_price":"","_stock":"","_tribe_ticket_header":"","_tribe_default_ticket_provider":"","_tribe_ticket_capacity":"0","_ticket_start_date":"","_ticket_end_date":"","_tribe_ticket_show_description":"","_tribe_ticket_show_not_going":false,"_tribe_ticket_use_global_stock":"","_tribe_ticket_global_stock_level":"","_global_stock_mode":"","_global_stock_cap":"","_tribe_rsvp_for_event":"","_tribe_ticket_going_count":"","_tribe_ticket_not_going_count":"","_tribe_tickets_list":"[]","_tribe_ticket_has_attendee_info_fields":false,"_EventAllDay":false,"_EventTimezone":"","_EventStartDate":"","_EventEndDate":"","_EventStartDateUTC":"","_EventEndDateUTC":"","_EventShowMap":false,"_EventShowMapLink":false,"_EventURL":"","_EventCost":"","_EventCostDescription":"","_EventCurrencySymbol":"","_EventCurrencyCode":"","_EventCurrencyPosition":"","_EventDateTimeSeparator":"","_EventTimeRangeSeparator":"","_EventOrganizerID":[],"_EventVenueID":[],"_OrganizerEmail":"","_OrganizerPhone":"","_OrganizerWebsite":"","_VenueAddress":"","_VenueCity":"","_VenueCountry":"","_VenueProvince":"","_VenueState":"","_VenueZip":"","_VenuePhone":"","_VenueURL":"","_VenueStateProvince":"","_VenueLat":"","_VenueLng":"","_VenueShowMap":false,"_VenueShowMapLink":false,"footnotes":""},"categories":[1],"tags":[55,177],"class_list":["post-7367","post","type-post","status-publish","format-standard","has-post-thumbnail","hentry","category-conteudo","tag-arttur","tag-blogging"],"blocksy_meta":[],"yoast_head":"<!-- This site is optimized with the Yoast SEO plugin v26.4 - https:\/\/yoast.com\/wordpress\/plugins\/seo\/ -->\n<title>\u201cBlogging Fund\u00e3o\u201d: um concurso do Festival Art&amp;Tur 2025 - ABVP<\/title>\n<meta name=\"description\" content=\"O Festival Internacional de Cinema de Turismo Art&amp;Tur est\u00e1 de volta e com ele regressa o concurso \u201cBlogging&quot;, desta vez dedicado ao Fund\u00e3o.\" \/>\n<meta name=\"robots\" content=\"index, follow, max-snippet:-1, max-image-preview:large, max-video-preview:-1\" \/>\n<link rel=\"canonical\" href=\"https:\/\/www.abvp.pt\/en\/concurso-blogging-fundao\/\" \/>\n<meta property=\"og:locale\" content=\"en_GB\" \/>\n<meta property=\"og:type\" content=\"article\" \/>\n<meta property=\"og:title\" content=\"\u201cBlogging Fund\u00e3o\u201d: um concurso do Festival Art&amp;Tur 2025 - ABVP\" \/>\n<meta property=\"og:description\" content=\"O Festival Internacional de Cinema de Turismo Art&amp;Tur est\u00e1 de volta e com ele regressa o concurso \u201cBlogging&quot;, desta vez dedicado ao Fund\u00e3o.\" \/>\n<meta property=\"og:url\" content=\"https:\/\/www.abvp.pt\/en\/concurso-blogging-fundao\/\" \/>\n<meta property=\"og:site_name\" content=\"ABVP\" \/>\n<meta property=\"article:publisher\" content=\"https:\/\/www.facebook.com\/abvppt\/\" \/>\n<meta property=\"article:author\" content=\"https:\/\/www.facebook.com\/viajarporquesim\" \/>\n<meta property=\"article:published_time\" content=\"2025-02-18T11:13:24+00:00\" \/>\n<meta property=\"og:image\" content=\"https:\/\/www.abvp.pt\/wp-content\/uploads\/P1358487-scaled.jpg\" \/>\n\t<meta property=\"og:image:width\" content=\"2560\" \/>\n\t<meta property=\"og:image:height\" content=\"1920\" \/>\n\t<meta property=\"og:image:type\" content=\"image\/jpeg\" \/>\n<meta name=\"author\" content=\"Ana C. Borges\" \/>\n<meta name=\"twitter:card\" content=\"summary_large_image\" \/>\n<meta name=\"twitter:creator\" content=\"@abvppt\" \/>\n<meta name=\"twitter:site\" content=\"@abvppt\" \/>\n<meta name=\"twitter:label1\" content=\"Written by\" \/>\n\t<meta name=\"twitter:data1\" content=\"Ana C. Borges\" \/>\n\t<meta name=\"twitter:label2\" content=\"Estimated reading time\" \/>\n\t<meta name=\"twitter:data2\" content=\"3 minutes\" \/>\n<script type=\"application\/ld+json\" class=\"yoast-schema-graph\">{\"@context\":\"https:\/\/schema.org\",\"@graph\":[{\"@type\":\"Article\",\"@id\":\"https:\/\/www.abvp.pt\/concurso-blogging-fundao\/#article\",\"isPartOf\":{\"@id\":\"https:\/\/www.abvp.pt\/concurso-blogging-fundao\/\"},\"author\":{\"name\":\"Ana C. Borges\",\"@id\":\"https:\/\/www.abvp.pt\/#\/schema\/person\/c01001ca9ca03c994808b13624fdbd5c\"},\"headline\":\"\u201cBlogging Fund\u00e3o\u201d: um concurso do Festival Art&amp;Tur 2025\",\"datePublished\":\"2025-02-18T11:13:24+00:00\",\"mainEntityOfPage\":{\"@id\":\"https:\/\/www.abvp.pt\/concurso-blogging-fundao\/\"},\"wordCount\":477,\"commentCount\":0,\"publisher\":{\"@id\":\"https:\/\/www.abvp.pt\/#organization\"},\"image\":{\"@id\":\"https:\/\/www.abvp.pt\/concurso-blogging-fundao\/#primaryimage\"},\"thumbnailUrl\":\"https:\/\/www.abvp.pt\/wp-content\/uploads\/P1358487-scaled.jpg\",\"keywords\":[\"art&amp;tur\",\"blogging\"],\"articleSection\":[\"Conte\u00fado\"],\"inLanguage\":\"en-GB\",\"potentialAction\":[{\"@type\":\"CommentAction\",\"name\":\"Comment\",\"target\":[\"https:\/\/www.abvp.pt\/concurso-blogging-fundao\/#respond\"]}]},{\"@type\":\"WebPage\",\"@id\":\"https:\/\/www.abvp.pt\/concurso-blogging-fundao\/\",\"url\":\"https:\/\/www.abvp.pt\/concurso-blogging-fundao\/\",\"name\":\"\u201cBlogging Fund\u00e3o\u201d: um concurso do Festival Art&amp;Tur 2025 - ABVP\",\"isPartOf\":{\"@id\":\"https:\/\/www.abvp.pt\/#website\"},\"primaryImageOfPage\":{\"@id\":\"https:\/\/www.abvp.pt\/concurso-blogging-fundao\/#primaryimage\"},\"image\":{\"@id\":\"https:\/\/www.abvp.pt\/concurso-blogging-fundao\/#primaryimage\"},\"thumbnailUrl\":\"https:\/\/www.abvp.pt\/wp-content\/uploads\/P1358487-scaled.jpg\",\"datePublished\":\"2025-02-18T11:13:24+00:00\",\"description\":\"O Festival Internacional de Cinema de Turismo Art&Tur est\u00e1 de volta e com ele regressa o concurso \u201cBlogging\\\", desta vez dedicado ao Fund\u00e3o.\",\"breadcrumb\":{\"@id\":\"https:\/\/www.abvp.pt\/concurso-blogging-fundao\/#breadcrumb\"},\"inLanguage\":\"en-GB\",\"potentialAction\":[{\"@type\":\"ReadAction\",\"target\":[\"https:\/\/www.abvp.pt\/concurso-blogging-fundao\/\"]}]},{\"@type\":\"ImageObject\",\"inLanguage\":\"en-GB\",\"@id\":\"https:\/\/www.abvp.pt\/concurso-blogging-fundao\/#primaryimage\",\"url\":\"https:\/\/www.abvp.pt\/wp-content\/uploads\/P1358487-scaled.jpg\",\"contentUrl\":\"https:\/\/www.abvp.pt\/wp-content\/uploads\/P1358487-scaled.jpg\",\"width\":2560,\"height\":1920,\"caption\":\"Castelo Novo\"},{\"@type\":\"BreadcrumbList\",\"@id\":\"https:\/\/www.abvp.pt\/concurso-blogging-fundao\/#breadcrumb\",\"itemListElement\":[{\"@type\":\"ListItem\",\"position\":1,\"name\":\"In\u00edcio\",\"item\":\"https:\/\/www.abvp.pt\/\"},{\"@type\":\"ListItem\",\"position\":2,\"name\":\"\u201cBlogging Fund\u00e3o\u201d: um concurso do Festival Art&amp;Tur 2025\"}]},{\"@type\":\"WebSite\",\"@id\":\"https:\/\/www.abvp.pt\/#website\",\"url\":\"https:\/\/www.abvp.pt\/\",\"name\":\"ABVP\",\"description\":\"Associa\u00e7\u00e3o de Bloggers de Viagem Portugueses\",\"publisher\":{\"@id\":\"https:\/\/www.abvp.pt\/#organization\"},\"potentialAction\":[{\"@type\":\"SearchAction\",\"target\":{\"@type\":\"EntryPoint\",\"urlTemplate\":\"https:\/\/www.abvp.pt\/?s={search_term_string}\"},\"query-input\":{\"@type\":\"PropertyValueSpecification\",\"valueRequired\":true,\"valueName\":\"search_term_string\"}}],\"inLanguage\":\"en-GB\"},{\"@type\":\"Organization\",\"@id\":\"https:\/\/www.abvp.pt\/#organization\",\"name\":\"ABVP\",\"url\":\"https:\/\/www.abvp.pt\/\",\"logo\":{\"@type\":\"ImageObject\",\"inLanguage\":\"en-GB\",\"@id\":\"https:\/\/www.abvp.pt\/#\/schema\/logo\/image\/\",\"url\":\"https:\/\/www.abvp.pt\/wp-content\/uploads\/Logo-Header-dark.svg\",\"contentUrl\":\"https:\/\/www.abvp.pt\/wp-content\/uploads\/Logo-Header-dark.svg\",\"width\":325,\"height\":48,\"caption\":\"ABVP\"},\"image\":{\"@id\":\"https:\/\/www.abvp.pt\/#\/schema\/logo\/image\/\"},\"sameAs\":[\"https:\/\/www.facebook.com\/abvppt\/\",\"https:\/\/x.com\/abvppt\",\"https:\/\/www.instagram.com\/abvppt\/\"]},{\"@type\":\"Person\",\"@id\":\"https:\/\/www.abvp.pt\/#\/schema\/person\/c01001ca9ca03c994808b13624fdbd5c\",\"name\":\"Ana C. Borges\",\"image\":{\"@type\":\"ImageObject\",\"inLanguage\":\"en-GB\",\"@id\":\"https:\/\/www.abvp.pt\/#\/schema\/person\/image\/\",\"url\":\"https:\/\/secure.gravatar.com\/avatar\/7a725f4592614d4ad6702531f09627ac?s=96&d=mm&r=g\",\"contentUrl\":\"https:\/\/secure.gravatar.com\/avatar\/7a725f4592614d4ad6702531f09627ac?s=96&d=mm&r=g\",\"caption\":\"Ana C. Borges\"},\"description\":\"Gosta de passeios longos e conversas intermin\u00e1veis, de ver o que ainda n\u00e3o conhece e rever os lugares do cora\u00e7\u00e3o. Fotografa para mem\u00f3ria futura. Escreve porque lhe sabem bem as palavras. Viaja por paix\u00e3o \u2013 e porque o mundo \u00e9 demasiado grande para ficarmos quietos. \u00c9 autora do blogue Viajar porque sim.\",\"sameAs\":[\"https:\/\/viajarporquesim.blogs.sapo.pt\/\",\"https:\/\/www.facebook.com\/viajarporquesim\",\"https:\/\/www.instagram.com\/viajar_porque_sim\/\",\"https:\/\/www.pinterest.pt\/viajarporquesim\/\"],\"url\":\"https:\/\/www.abvp.pt\/en\/author\/acborges\/\"}]}<\/script>\n<!-- \/ Yoast SEO plugin. -->","yoast_head_json":{"title":"\u201cBlogging Fund\u00e3o\u201d: um concurso do Festival Art&amp;Tur 2025 - ABVP","description":"O Festival Internacional de Cinema de Turismo Art&Tur est\u00e1 de volta e com ele regressa o concurso \u201cBlogging\", desta vez dedicado ao Fund\u00e3o.","robots":{"index":"index","follow":"follow","max-snippet":"max-snippet:-1","max-image-preview":"max-image-preview:large","max-video-preview":"max-video-preview:-1"},"canonical":"https:\/\/www.abvp.pt\/en\/concurso-blogging-fundao\/","og_locale":"en_GB","og_type":"article","og_title":"\u201cBlogging Fund\u00e3o\u201d: um concurso do Festival Art&amp;Tur 2025 - ABVP","og_description":"O Festival Internacional de Cinema de Turismo Art&Tur est\u00e1 de volta e com ele regressa o concurso \u201cBlogging\", desta vez dedicado ao Fund\u00e3o.","og_url":"https:\/\/www.abvp.pt\/en\/concurso-blogging-fundao\/","og_site_name":"ABVP","article_publisher":"https:\/\/www.facebook.com\/abvppt\/","article_author":"https:\/\/www.facebook.com\/viajarporquesim","article_published_time":"2025-02-18T11:13:24+00:00","og_image":[{"width":2560,"height":1920,"url":"https:\/\/www.abvp.pt\/wp-content\/uploads\/P1358487-scaled.jpg","type":"image\/jpeg"}],"author":"Ana C. Borges","twitter_card":"summary_large_image","twitter_creator":"@abvppt","twitter_site":"@abvppt","twitter_misc":{"Written by":"Ana C. Borges","Estimated reading time":"3 minutes"},"schema":{"@context":"https:\/\/schema.org","@graph":[{"@type":"Article","@id":"https:\/\/www.abvp.pt\/concurso-blogging-fundao\/#article","isPartOf":{"@id":"https:\/\/www.abvp.pt\/concurso-blogging-fundao\/"},"author":{"name":"Ana C. Borges","@id":"https:\/\/www.abvp.pt\/#\/schema\/person\/c01001ca9ca03c994808b13624fdbd5c"},"headline":"\u201cBlogging Fund\u00e3o\u201d: um concurso do Festival Art&amp;Tur 2025","datePublished":"2025-02-18T11:13:24+00:00","mainEntityOfPage":{"@id":"https:\/\/www.abvp.pt\/concurso-blogging-fundao\/"},"wordCount":477,"commentCount":0,"publisher":{"@id":"https:\/\/www.abvp.pt\/#organization"},"image":{"@id":"https:\/\/www.abvp.pt\/concurso-blogging-fundao\/#primaryimage"},"thumbnailUrl":"https:\/\/www.abvp.pt\/wp-content\/uploads\/P1358487-scaled.jpg","keywords":["art&amp;tur","blogging"],"articleSection":["Conte\u00fado"],"inLanguage":"en-GB","potentialAction":[{"@type":"CommentAction","name":"Comment","target":["https:\/\/www.abvp.pt\/concurso-blogging-fundao\/#respond"]}]},{"@type":"WebPage","@id":"https:\/\/www.abvp.pt\/concurso-blogging-fundao\/","url":"https:\/\/www.abvp.pt\/concurso-blogging-fundao\/","name":"\u201cBlogging Fund\u00e3o\u201d: um concurso do Festival Art&amp;Tur 2025 - ABVP","isPartOf":{"@id":"https:\/\/www.abvp.pt\/#website"},"primaryImageOfPage":{"@id":"https:\/\/www.abvp.pt\/concurso-blogging-fundao\/#primaryimage"},"image":{"@id":"https:\/\/www.abvp.pt\/concurso-blogging-fundao\/#primaryimage"},"thumbnailUrl":"https:\/\/www.abvp.pt\/wp-content\/uploads\/P1358487-scaled.jpg","datePublished":"2025-02-18T11:13:24+00:00","description":"O Festival Internacional de Cinema de Turismo Art&Tur est\u00e1 de volta e com ele regressa o concurso \u201cBlogging\", desta vez dedicado ao Fund\u00e3o.","breadcrumb":{"@id":"https:\/\/www.abvp.pt\/concurso-blogging-fundao\/#breadcrumb"},"inLanguage":"en-GB","potentialAction":[{"@type":"ReadAction","target":["https:\/\/www.abvp.pt\/concurso-blogging-fundao\/"]}]},{"@type":"ImageObject","inLanguage":"en-GB","@id":"https:\/\/www.abvp.pt\/concurso-blogging-fundao\/#primaryimage","url":"https:\/\/www.abvp.pt\/wp-content\/uploads\/P1358487-scaled.jpg","contentUrl":"https:\/\/www.abvp.pt\/wp-content\/uploads\/P1358487-scaled.jpg","width":2560,"height":1920,"caption":"Castelo Novo"},{"@type":"BreadcrumbList","@id":"https:\/\/www.abvp.pt\/concurso-blogging-fundao\/#breadcrumb","itemListElement":[{"@type":"ListItem","position":1,"name":"In\u00edcio","item":"https:\/\/www.abvp.pt\/"},{"@type":"ListItem","position":2,"name":"\u201cBlogging Fund\u00e3o\u201d: um concurso do Festival Art&amp;Tur 2025"}]},{"@type":"WebSite","@id":"https:\/\/www.abvp.pt\/#website","url":"https:\/\/www.abvp.pt\/","name":"ABVP","description":"Association of Portuguese Travel Bloggers","publisher":{"@id":"https:\/\/www.abvp.pt\/#organization"},"potentialAction":[{"@type":"SearchAction","target":{"@type":"EntryPoint","urlTemplate":"https:\/\/www.abvp.pt\/?s={search_term_string}"},"query-input":{"@type":"PropertyValueSpecification","valueRequired":true,"valueName":"search_term_string"}}],"inLanguage":"en-GB"},{"@type":"Organization","@id":"https:\/\/www.abvp.pt\/#organization","name":"ABVP","url":"https:\/\/www.abvp.pt\/","logo":{"@type":"ImageObject","inLanguage":"en-GB","@id":"https:\/\/www.abvp.pt\/#\/schema\/logo\/image\/","url":"https:\/\/www.abvp.pt\/wp-content\/uploads\/Logo-Header-dark.svg","contentUrl":"https:\/\/www.abvp.pt\/wp-content\/uploads\/Logo-Header-dark.svg","width":325,"height":48,"caption":"ABVP"},"image":{"@id":"https:\/\/www.abvp.pt\/#\/schema\/logo\/image\/"},"sameAs":["https:\/\/www.facebook.com\/abvppt\/","https:\/\/x.com\/abvppt","https:\/\/www.instagram.com\/abvppt\/"]},{"@type":"Person","@id":"https:\/\/www.abvp.pt\/#\/schema\/person\/c01001ca9ca03c994808b13624fdbd5c","name":"Ana C. Borges","image":{"@type":"ImageObject","inLanguage":"en-GB","@id":"https:\/\/www.abvp.pt\/#\/schema\/person\/image\/","url":"https:\/\/secure.gravatar.com\/avatar\/7a725f4592614d4ad6702531f09627ac?s=96&d=mm&r=g","contentUrl":"https:\/\/secure.gravatar.com\/avatar\/7a725f4592614d4ad6702531f09627ac?s=96&d=mm&r=g","caption":"Ana C. Borges"},"description":"Gosta de passeios longos e conversas intermin\u00e1veis, de ver o que ainda n\u00e3o conhece e rever os lugares do cora\u00e7\u00e3o. Fotografa para mem\u00f3ria futura. Escreve porque lhe sabem bem as palavras. Viaja por paix\u00e3o \u2013 e porque o mundo \u00e9 demasiado grande para ficarmos quietos. \u00c9 autora do blogue Viajar porque sim.","sameAs":["https:\/\/viajarporquesim.blogs.sapo.pt\/","https:\/\/www.facebook.com\/viajarporquesim","https:\/\/www.instagram.com\/viajar_porque_sim\/","https:\/\/www.pinterest.pt\/viajarporquesim\/"],"url":"https:\/\/www.abvp.pt\/en\/author\/acborges\/"}]}},"_links":{"self":[{"href":"https:\/\/www.abvp.pt\/en\/wp-json\/wp\/v2\/posts\/7367","targetHints":{"allow":["GET"]}}],"collection":[{"href":"https:\/\/www.abvp.pt\/en\/wp-json\/wp\/v2\/posts"}],"about":[{"href":"https:\/\/www.abvp.pt\/en\/wp-json\/wp\/v2\/types\/post"}],"author":[{"embeddable":true,"href":"https:\/\/www.abvp.pt\/en\/wp-json\/wp\/v2\/users\/16"}],"replies":[{"embeddable":true,"href":"https:\/\/www.abvp.pt\/en\/wp-json\/wp\/v2\/comments?post=7367"}],"version-history":[{"count":8,"href":"https:\/\/www.abvp.pt\/en\/wp-json\/wp\/v2\/posts\/7367\/revisions"}],"predecessor-version":[{"id":7377,"href":"https:\/\/www.abvp.pt\/en\/wp-json\/wp\/v2\/posts\/7367\/revisions\/7377"}],"wp:featuredmedia":[{"embeddable":true,"href":"https:\/\/www.abvp.pt\/en\/wp-json\/wp\/v2\/media\/7375"}],"wp:attachment":[{"href":"https:\/\/www.abvp.pt\/en\/wp-json\/wp\/v2\/media?parent=7367"}],"wp:term":[{"taxonomy":"category","embeddable":true,"href":"https:\/\/www.abvp.pt\/en\/wp-json\/wp\/v2\/categories?post=7367"},{"taxonomy":"post_tag","embeddable":true,"href":"https:\/\/www.abvp.pt\/en\/wp-json\/wp\/v2\/tags?post=7367"}],"curies":[{"name":"wp","href":"https:\/\/api.w.org\/{rel}","templated":true}]}}