{"id":7602,"date":"2025-08-01T16:54:10","date_gmt":"2025-08-01T15:54:10","guid":{"rendered":"https:\/\/www.abvp.pt\/?p=7602"},"modified":"2025-08-26T18:42:22","modified_gmt":"2025-08-26T17:42:22","slug":"experiencias-culturais-inesqueciveis-pelo-mundo","status":"publish","type":"post","link":"https:\/\/www.abvp.pt\/en\/experiencias-culturais-inesqueciveis-pelo-mundo\/","title":{"rendered":"Experi\u00eancias Culturais Inesquec\u00edveis pelo Mundo"},"content":{"rendered":"<p>Viajar \u00e9, para mim, uma forma de escutar e conhecer o mundo e as suas gentes. Observar os seus rituais, as suas celebra\u00e7\u00f5es, os seus sil\u00eancios, e com tudo isso perceber melhor o que motiva cada popula\u00e7\u00e3o e faz parte da sua cultura. Ao longo dos anos, tenho tido o privil\u00e9gio de viver experi\u00eancias culturais que me marcaram \u2013 momentos em que deixamos de ser apenas visitantes e passamos a fazer parte, ainda que por instantes, de alguma cerim\u00f3nia, momento ou tradi\u00e7\u00e3o, cal\u00e7ando um pouco os sapatos de quem visitamos.<\/p>\n\n\n\n<h6 class=\"wp-block-heading has-text-align-center\">Experi\u00eancias espirituais na \u00c1sia<\/h6>\n\n\n\n<div style=\"height:16px\" aria-hidden=\"true\" class=\"wp-block-spacer\"><\/div>\n\n\n\n<p>Em <strong>Varanasi<\/strong>, na \u00cdndia, assisti ao <em>Ganga Aarti<\/em>, um ritual di\u00e1rio nas margens do <strong>Rio Ganges<\/strong>. Realizado ao cair da noite, \u00e9 uma experi\u00eancia quase m\u00edstica e que me sensibilizou. Ecoam c\u00e2nticos vindos de v\u00e1rias dire\u00e7\u00f5es, as lamparinas flutuam sobre as \u00e1guas e o ar enche-se de incenso e devo\u00e7\u00e3o. \u00c9 imposs\u00edvel n\u00e3o sentir a for\u00e7a espiritual daquele lugar, onde a vida e a morte se encontram com tanta naturalidade como rever\u00eancia.<\/p>\n\n\n\n<figure class=\"wp-block-image size-full\"><img fetchpriority=\"high\" decoding=\"async\" width=\"960\" height=\"643\" src=\"https:\/\/www.abvp.pt\/wp-content\/uploads\/Varanasi-India.jpg\" alt=\"\" class=\"wp-image-7608\" srcset=\"https:\/\/www.abvp.pt\/wp-content\/uploads\/Varanasi-India.jpg 960w, https:\/\/www.abvp.pt\/wp-content\/uploads\/Varanasi-India-800x536.jpg 800w, https:\/\/www.abvp.pt\/wp-content\/uploads\/Varanasi-India-150x100.jpg 150w, https:\/\/www.abvp.pt\/wp-content\/uploads\/Varanasi-India-768x514.jpg 768w, https:\/\/www.abvp.pt\/wp-content\/uploads\/Varanasi-India-18x12.jpg 18w, https:\/\/www.abvp.pt\/wp-content\/uploads\/Varanasi-India-600x402.jpg 600w\" sizes=\"(max-width: 960px) 100vw, 960px\" \/><\/figure>\n\n\n\n<p>Em <strong>Bali<\/strong>, participei em cerim\u00f3nias de purifica\u00e7\u00e3o em templos rodeados de natureza exuberante. Aqui a \u00e1gua (sagrada) \u00e9 um dos elementos mais importantes. Os c\u00e2nticos em balin\u00eas e os gestos delicados dos fi\u00e9is criam uma atmosfera de paz e introspe\u00e7\u00e3o. \u00c9 um convite ao sil\u00eancio interior, \u00e0 reflex\u00e3o e \u00e0 gratid\u00e3o. A \u00e1gua em que nos banhamos limpa a mente.<\/p>\n\n\n\n<figure class=\"wp-block-image size-full\"><img decoding=\"async\" width=\"1536\" height=\"1152\" src=\"https:\/\/www.abvp.pt\/wp-content\/uploads\/Bali-Indonesia.jpg\" alt=\"\" class=\"wp-image-7605\" srcset=\"https:\/\/www.abvp.pt\/wp-content\/uploads\/Bali-Indonesia.jpg 1536w, https:\/\/www.abvp.pt\/wp-content\/uploads\/Bali-Indonesia-800x600.jpg 800w, https:\/\/www.abvp.pt\/wp-content\/uploads\/Bali-Indonesia-150x113.jpg 150w, https:\/\/www.abvp.pt\/wp-content\/uploads\/Bali-Indonesia-768x576.jpg 768w, https:\/\/www.abvp.pt\/wp-content\/uploads\/Bali-Indonesia-16x12.jpg 16w, https:\/\/www.abvp.pt\/wp-content\/uploads\/Bali-Indonesia-300x225.jpg 300w, https:\/\/www.abvp.pt\/wp-content\/uploads\/Bali-Indonesia-600x450.jpg 600w\" sizes=\"(max-width: 1536px) 100vw, 1536px\" \/><\/figure>\n\n\n\n<p>Em <strong>Luang Prabang<\/strong>, no Laos, acordei antes do nascer do sol para assistir \u00e0s oferendas aos monges budistas. Em sil\u00eancio absoluto, os habitantes locais ajoelham-se nas ruas para oferecer arroz e fruta aos monges que passam em fila, descal\u00e7os, com os olhos baixos. \u00c9 um ritual simples, mas profundamente comovente, que revela uma liga\u00e7\u00e3o \u00edntima entre espiritualidade e comunidade.<\/p>\n\n\n\n<figure class=\"wp-block-image size-full\"><img decoding=\"async\" width=\"968\" height=\"648\" src=\"https:\/\/www.abvp.pt\/wp-content\/uploads\/Luang-Prabang-Laos.jpg\" alt=\"\" class=\"wp-image-7606\" srcset=\"https:\/\/www.abvp.pt\/wp-content\/uploads\/Luang-Prabang-Laos.jpg 968w, https:\/\/www.abvp.pt\/wp-content\/uploads\/Luang-Prabang-Laos-800x536.jpg 800w, https:\/\/www.abvp.pt\/wp-content\/uploads\/Luang-Prabang-Laos-150x100.jpg 150w, https:\/\/www.abvp.pt\/wp-content\/uploads\/Luang-Prabang-Laos-768x514.jpg 768w, https:\/\/www.abvp.pt\/wp-content\/uploads\/Luang-Prabang-Laos-18x12.jpg 18w, https:\/\/www.abvp.pt\/wp-content\/uploads\/Luang-Prabang-Laos-600x402.jpg 600w\" sizes=\"(max-width: 968px) 100vw, 968px\" \/><\/figure>\n\n\n\n<div style=\"height:34px\" aria-hidden=\"true\" class=\"wp-block-spacer\"><\/div>\n\n\n\n<h6 class=\"wp-block-heading has-text-align-center\">Festividades populares<\/h6>\n\n\n\n<div style=\"height:16px\" aria-hidden=\"true\" class=\"wp-block-spacer\"><\/div>\n\n\n\n<p>H\u00e1 muitas outras festividades e cerim\u00f3nias que s\u00e3o mundialmente conhecidas e caracter\u00edsticas do local onde se realizam, atraindo multid\u00f5es.<\/p>\n\n\n\n<p>J\u00e1 estive em tempos no <strong>Rio de Janeiro<\/strong>, mas terei certamente de regressar para viver o seu <strong>Carnaval<\/strong>, quando a energia da cidade \u00e9 ainda mais contagiante. O Carnaval do Rio \u00e9 mais do que uma festa \u2013 \u00e9 uma explos\u00e3o de identidade, criatividade e resist\u00eancia cultural. Pese embora a sua mediatiza\u00e7\u00e3o e comercializa\u00e7\u00e3o, continua a ser uma festa que une milh\u00f5es de cariocas.<\/p>\n\n\n\n<figure class=\"wp-block-image size-full\"><img loading=\"lazy\" decoding=\"async\" width=\"1280\" height=\"720\" src=\"https:\/\/www.abvp.pt\/wp-content\/uploads\/Carnaval-Brasil.jpg\" alt=\"\" class=\"wp-image-7609\" srcset=\"https:\/\/www.abvp.pt\/wp-content\/uploads\/Carnaval-Brasil.jpg 1280w, https:\/\/www.abvp.pt\/wp-content\/uploads\/Carnaval-Brasil-800x450.jpg 800w, https:\/\/www.abvp.pt\/wp-content\/uploads\/Carnaval-Brasil-150x84.jpg 150w, https:\/\/www.abvp.pt\/wp-content\/uploads\/Carnaval-Brasil-768x432.jpg 768w, https:\/\/www.abvp.pt\/wp-content\/uploads\/Carnaval-Brasil-18x10.jpg 18w, https:\/\/www.abvp.pt\/wp-content\/uploads\/Carnaval-Brasil-600x338.jpg 600w\" sizes=\"(max-width: 1280px) 100vw, 1280px\" \/><\/figure>\n\n\n\n<p>Em <strong>Munique<\/strong>, tive a oportunidade de provar variadas cervejas locais, mas n\u00e3o de viver o <strong>Oktoberfest<\/strong>, onde a tradi\u00e7\u00e3o b\u00e1vara se celebra com orgulho: cerveja artesanal, trajes t\u00edpicos, m\u00fasica folcl\u00f3rica e um esp\u00edrito de confraterniza\u00e7\u00e3o que n\u00e3o deixa ningu\u00e9m indiferente (mesmo para quem n\u00e3o seja apreciador de cerveja).<\/p>\n\n\n\n<figure class=\"wp-block-image size-full\"><img loading=\"lazy\" decoding=\"async\" width=\"1280\" height=\"720\" src=\"https:\/\/www.abvp.pt\/wp-content\/uploads\/Oktoberfest.jpg\" alt=\"\" class=\"wp-image-7613\" srcset=\"https:\/\/www.abvp.pt\/wp-content\/uploads\/Oktoberfest.jpg 1280w, https:\/\/www.abvp.pt\/wp-content\/uploads\/Oktoberfest-800x450.jpg 800w, https:\/\/www.abvp.pt\/wp-content\/uploads\/Oktoberfest-150x84.jpg 150w, https:\/\/www.abvp.pt\/wp-content\/uploads\/Oktoberfest-768x432.jpg 768w, https:\/\/www.abvp.pt\/wp-content\/uploads\/Oktoberfest-18x10.jpg 18w, https:\/\/www.abvp.pt\/wp-content\/uploads\/Oktoberfest-600x338.jpg 600w\" sizes=\"(max-width: 1280px) 100vw, 1280px\" \/><\/figure>\n\n\n\n<p>E em <strong>Veneza<\/strong>, mesmo fora da \u00e9poca do famoso Carnaval, n\u00e3o consegui escapar ao encanto da cidade \u2013 e fiquei com o desejo de regressar para a conhecer com outra atmosfera, onde se misturam o mist\u00e9rio das m\u00e1scaras, os bailes de \u00e9poca e a eleg\u00e2ncia teatral que tornam esta celebra\u00e7\u00e3o \u00fanica no mundo.<\/p>\n\n\n\n<figure class=\"wp-block-image size-full\"><img loading=\"lazy\" decoding=\"async\" width=\"1280\" height=\"720\" src=\"https:\/\/www.abvp.pt\/wp-content\/uploads\/Carnaval-Veneza.jpg\" alt=\"\" class=\"wp-image-7610\" srcset=\"https:\/\/www.abvp.pt\/wp-content\/uploads\/Carnaval-Veneza.jpg 1280w, https:\/\/www.abvp.pt\/wp-content\/uploads\/Carnaval-Veneza-800x450.jpg 800w, https:\/\/www.abvp.pt\/wp-content\/uploads\/Carnaval-Veneza-150x84.jpg 150w, https:\/\/www.abvp.pt\/wp-content\/uploads\/Carnaval-Veneza-768x432.jpg 768w, https:\/\/www.abvp.pt\/wp-content\/uploads\/Carnaval-Veneza-18x10.jpg 18w, https:\/\/www.abvp.pt\/wp-content\/uploads\/Carnaval-Veneza-600x338.jpg 600w\" sizes=\"(max-width: 1280px) 100vw, 1280px\" \/><\/figure>\n\n\n\n<p>Tamb\u00e9m j\u00e1 estive no <strong>M\u00e9xico<\/strong>, e embora n\u00e3o tenha vivido os festejos do <strong>D\u00eda de los Muertos<\/strong>, senti a presen\u00e7a dessa tradi\u00e7\u00e3o em cada altar, em cada caveira colorida, em cada hist\u00f3ria contada com orgulho. \u00c9 uma celebra\u00e7\u00e3o profundamente simb\u00f3lica, em que a mem\u00f3ria dos que partiram \u00e9 honrada com cor, m\u00fasica e vida \u2013 uma forma \u00fanica de lidar com a morte atrav\u00e9s da celebra\u00e7\u00e3o da exist\u00eancia.<\/p>\n\n\n\n<figure class=\"wp-block-image size-full\"><img loading=\"lazy\" decoding=\"async\" width=\"960\" height=\"720\" src=\"https:\/\/www.abvp.pt\/wp-content\/uploads\/Mexico.jpg\" alt=\"\" class=\"wp-image-7607\" srcset=\"https:\/\/www.abvp.pt\/wp-content\/uploads\/Mexico.jpg 960w, https:\/\/www.abvp.pt\/wp-content\/uploads\/Mexico-800x600.jpg 800w, https:\/\/www.abvp.pt\/wp-content\/uploads\/Mexico-150x113.jpg 150w, https:\/\/www.abvp.pt\/wp-content\/uploads\/Mexico-768x576.jpg 768w, https:\/\/www.abvp.pt\/wp-content\/uploads\/Mexico-16x12.jpg 16w, https:\/\/www.abvp.pt\/wp-content\/uploads\/Mexico-300x225.jpg 300w, https:\/\/www.abvp.pt\/wp-content\/uploads\/Mexico-600x450.jpg 600w\" sizes=\"(max-width: 960px) 100vw, 960px\" \/><\/figure>\n\n\n\n<p>Mais perto de casa, as <strong>tradi\u00e7\u00f5es da P\u00e1scoa na Pen\u00ednsula Ib\u00e9rica<\/strong> s\u00e3o das mais intensas e emocionantes que j\u00e1 vivi. Em cidades como <strong>Braga<\/strong>, <strong>Sevilha<\/strong> ou <strong>Zamora<\/strong>, as prociss\u00f5es percorrem as ruas com devo\u00e7\u00e3o, com figuras encapuzadas, tambores que marcam o ritmo, ora\u00e7\u00f5es murmuradas pelos fi\u00e9is e imagens religiosas carregadas com solenidade. \u00c9 uma express\u00e3o de f\u00e9, mas tamb\u00e9m de identidade cultural, onde o sagrado e o teatral se entrela\u00e7am de forma \u00fanica. Nas pequenas vilas e aldeias, o momento \u00e9 de confraterniza\u00e7\u00e3o. Familiares e amigos re\u00fanem-se ao redor de mesas fartas, e a passagem do Compasso Pascal \u00e9 o momento mais aguardado do dia.<\/p>\n\n\n\n<div style=\"height:34px\" aria-hidden=\"true\" class=\"wp-block-spacer\"><\/div>\n\n\n\n<h6 class=\"wp-block-heading has-text-align-center\">Diversidade cultural<\/h6>\n\n\n\n<div style=\"height:16px\" aria-hidden=\"true\" class=\"wp-block-spacer\"><\/div>\n\n\n\n<p>Outras experi\u00eancias culturais que considero imperd\u00edveis, pela sua diversidade geogr\u00e1fica e riqueza simb\u00f3lica, incluem:<\/p>\n\n\n\n<ul class=\"wp-block-list\">\n<li>O <strong>Ano Novo Chin\u00eas<\/strong>, celebrado em v\u00e1rias partes do mundo com desfiles, dan\u00e7as do drag\u00e3o, lanternas vermelhas e fogo-de-artif\u00edcio; uma explos\u00e3o de cor e simbolismo.<\/li>\n\n\n\n<li>A irreverente <strong>La Tomatina<\/strong>, em Bu\u00f1ol, Espanha, onde milhares de pessoas participam numa ca\u00f3tica e divertida batalha de tomates \u2013 a festa ideal para quem n\u00e3o tem medo de sujar a roupa.<\/li>\n\n\n\n<li>O m\u00e1gico <strong>Festival das Lanternas<\/strong>, na Tail\u00e2ndia, onde milhares de lanternas s\u00e3o lan\u00e7adas ao c\u00e9u ou \u00e0 \u00e1gua, criando um espet\u00e1culo visual e espiritual memor\u00e1vel.<\/li>\n\n\n\n<li><strong>Rituais da religi\u00e3o ancestral Vodun<\/strong>, no Benin e no Togo. As cerim\u00f3nias envolvem trajes simb\u00f3licos, tambores, dan\u00e7as de transe e oferendas aos esp\u00edritos. Uma experi\u00eancia intensa, f\u00edsica e mentalmente poderosa.<\/li>\n\n\n\n<li>O <strong>Festival Holi<\/strong>, na \u00cdndia, em que as cores e a alegria tomam conta das ruas. Celebra-se a renova\u00e7\u00e3o e a uni\u00e3o entre o esp\u00edrito dos deuses e as pessoas.<\/li>\n\n\n\n<li>O Ramad\u00e3o, nos pa\u00edses mu\u00e7ulmanos, especialmente durante o <strong>Iftar<\/strong>, quando as comunidades se re\u00fanem ao p\u00f4r-do-sol para quebrar o jejum.<\/li>\n<\/ul>\n\n\n\n<figure class=\"wp-block-gallery has-nested-images columns-default is-cropped wp-block-gallery-1 is-layout-flex wp-block-gallery-is-layout-flex\">\n<figure class=\"wp-block-image size-large\"><img loading=\"lazy\" decoding=\"async\" width=\"1280\" height=\"720\" data-id=\"7612\" src=\"https:\/\/www.abvp.pt\/wp-content\/uploads\/Lanternas.jpg\" alt=\"\" class=\"wp-image-7612\" srcset=\"https:\/\/www.abvp.pt\/wp-content\/uploads\/Lanternas.jpg 1280w, https:\/\/www.abvp.pt\/wp-content\/uploads\/Lanternas-800x450.jpg 800w, https:\/\/www.abvp.pt\/wp-content\/uploads\/Lanternas-150x84.jpg 150w, https:\/\/www.abvp.pt\/wp-content\/uploads\/Lanternas-768x432.jpg 768w, https:\/\/www.abvp.pt\/wp-content\/uploads\/Lanternas-18x10.jpg 18w, https:\/\/www.abvp.pt\/wp-content\/uploads\/Lanternas-600x338.jpg 600w\" sizes=\"(max-width: 1280px) 100vw, 1280px\" \/><\/figure>\n\n\n\n<figure class=\"wp-block-image size-large\"><img loading=\"lazy\" decoding=\"async\" width=\"1280\" height=\"720\" data-id=\"7611\" src=\"https:\/\/www.abvp.pt\/wp-content\/uploads\/Holi.jpg\" alt=\"\" class=\"wp-image-7611\" srcset=\"https:\/\/www.abvp.pt\/wp-content\/uploads\/Holi.jpg 1280w, https:\/\/www.abvp.pt\/wp-content\/uploads\/Holi-800x450.jpg 800w, https:\/\/www.abvp.pt\/wp-content\/uploads\/Holi-150x84.jpg 150w, https:\/\/www.abvp.pt\/wp-content\/uploads\/Holi-768x432.jpg 768w, https:\/\/www.abvp.pt\/wp-content\/uploads\/Holi-18x10.jpg 18w, https:\/\/www.abvp.pt\/wp-content\/uploads\/Holi-600x338.jpg 600w\" sizes=\"(max-width: 1280px) 100vw, 1280px\" \/><\/figure>\n<\/figure>\n\n\n\n<p><strong>Todas estas experi\u00eancias, entre muitas outras, s\u00e3o janelas para a alma de uma cultura<\/strong>. Momentos que nos desafiam, nos emocionam e nos fazem aproximar um pouco mais dos outros \u2013 e talvez compreend\u00ea-los um bocadinho melhor.<\/p>\n\n\n\n<p>E tu, que experi\u00eancias culturais te deixaram sem palavras?<\/p>","protected":false},"excerpt":{"rendered":"<p>Sejam cerim\u00f3nias espirituais silenciosas ou celebra\u00e7\u00f5es coletivas vibrantes, n\u00e3o faltam tradi\u00e7\u00f5es ancestrais e festividades contempor\u00e2neas que revelam a riqueza e diversidade cultural do nosso mundo.<\/p>","protected":false},"author":15,"featured_media":7614,"comment_status":"open","ping_status":"closed","sticky":false,"template":"","format":"standard","meta":{"_price":"","_stock":"","_tribe_ticket_header":"","_tribe_default_ticket_provider":"","_tribe_ticket_capacity":"0","_ticket_start_date":"","_ticket_end_date":"","_tribe_ticket_show_description":"","_tribe_ticket_show_not_going":false,"_tribe_ticket_use_global_stock":"","_tribe_ticket_global_stock_level":"","_global_stock_mode":"","_global_stock_cap":"","_tribe_rsvp_for_event":"","_tribe_ticket_going_count":"","_tribe_ticket_not_going_count":"","_tribe_tickets_list":"[]","_tribe_ticket_has_attendee_info_fields":false,"_EventAllDay":false,"_EventTimezone":"","_EventStartDate":"","_EventEndDate":"","_EventStartDateUTC":"","_EventEndDateUTC":"","_EventShowMap":false,"_EventShowMapLink":false,"_EventURL":"","_EventCost":"","_EventCostDescription":"","_EventCurrencySymbol":"","_EventCurrencyCode":"","_EventCurrencyPosition":"","_EventDateTimeSeparator":"","_EventTimeRangeSeparator":"","_EventOrganizerID":[],"_EventVenueID":[],"_OrganizerEmail":"","_OrganizerPhone":"","_OrganizerWebsite":"","_VenueAddress":"","_VenueCity":"","_VenueCountry":"","_VenueProvince":"","_VenueState":"","_VenueZip":"","_VenuePhone":"","_VenueURL":"","_VenueStateProvince":"","_VenueLat":"","_VenueLng":"","_VenueShowMap":false,"_VenueShowMapLink":false,"footnotes":""},"categories":[1],"tags":[178,179],"class_list":["post-7602","post","type-post","status-publish","format-standard","has-post-thumbnail","hentry","category-conteudo","tag-experiencias-culturais","tag-festividades"],"blocksy_meta":[],"yoast_head":"<!-- This site is optimized with the Yoast SEO plugin v26.4 - https:\/\/yoast.com\/wordpress\/plugins\/seo\/ -->\n<title>Experi\u00eancias Culturais Inesquec\u00edveis pelo Mundo - ABVP<\/title>\n<meta name=\"description\" content=\"Experi\u00eancias culturais que nos marcam \u2013 quando j\u00e1 n\u00e3o somos s\u00f3 visitantes e passamos a fazer parte de alguma cerim\u00f3nia, momento ou tradi\u00e7\u00e3o.\" \/>\n<meta name=\"robots\" content=\"index, follow, max-snippet:-1, max-image-preview:large, max-video-preview:-1\" \/>\n<link rel=\"canonical\" href=\"https:\/\/www.abvp.pt\/en\/experiencias-culturais-inesqueciveis-pelo-mundo\/\" \/>\n<meta property=\"og:locale\" content=\"en_GB\" \/>\n<meta property=\"og:type\" content=\"article\" \/>\n<meta property=\"og:title\" content=\"Experi\u00eancias Culturais Inesquec\u00edveis pelo Mundo - ABVP\" \/>\n<meta property=\"og:description\" content=\"Experi\u00eancias culturais que nos marcam \u2013 quando j\u00e1 n\u00e3o somos s\u00f3 visitantes e passamos a fazer parte de alguma cerim\u00f3nia, momento ou tradi\u00e7\u00e3o.\" \/>\n<meta property=\"og:url\" content=\"https:\/\/www.abvp.pt\/en\/experiencias-culturais-inesqueciveis-pelo-mundo\/\" \/>\n<meta property=\"og:site_name\" content=\"ABVP\" \/>\n<meta property=\"article:publisher\" content=\"https:\/\/www.facebook.com\/abvppt\/\" \/>\n<meta property=\"article:author\" content=\"https:\/\/www.facebook.com\/sempreentreviagens\/\" \/>\n<meta property=\"article:published_time\" content=\"2025-08-01T15:54:10+00:00\" \/>\n<meta property=\"article:modified_time\" content=\"2025-08-26T17:42:22+00:00\" \/>\n<meta property=\"og:image\" content=\"https:\/\/www.abvp.pt\/wp-content\/uploads\/Benim.jpg\" \/>\n\t<meta property=\"og:image:width\" content=\"1280\" \/>\n\t<meta property=\"og:image:height\" content=\"720\" \/>\n\t<meta property=\"og:image:type\" content=\"image\/jpeg\" \/>\n<meta name=\"author\" content=\"In\u00eas Miranda\" \/>\n<meta name=\"twitter:card\" content=\"summary_large_image\" \/>\n<meta name=\"twitter:creator\" content=\"@abvppt\" \/>\n<meta name=\"twitter:site\" content=\"@abvppt\" \/>\n<meta name=\"twitter:label1\" content=\"Written by\" \/>\n\t<meta name=\"twitter:data1\" content=\"In\u00eas Miranda\" \/>\n\t<meta name=\"twitter:label2\" content=\"Estimated reading time\" \/>\n\t<meta name=\"twitter:data2\" content=\"7 minutes\" \/>\n<script type=\"application\/ld+json\" class=\"yoast-schema-graph\">{\"@context\":\"https:\/\/schema.org\",\"@graph\":[{\"@type\":\"Article\",\"@id\":\"https:\/\/www.abvp.pt\/experiencias-culturais-inesqueciveis-pelo-mundo\/#article\",\"isPartOf\":{\"@id\":\"https:\/\/www.abvp.pt\/experiencias-culturais-inesqueciveis-pelo-mundo\/\"},\"author\":{\"name\":\"In\u00eas Miranda\",\"@id\":\"https:\/\/www.abvp.pt\/#\/schema\/person\/33758b308f1a01403c2260ec6b41b767\"},\"headline\":\"Experi\u00eancias Culturais Inesquec\u00edveis pelo Mundo\",\"datePublished\":\"2025-08-01T15:54:10+00:00\",\"dateModified\":\"2025-08-26T17:42:22+00:00\",\"mainEntityOfPage\":{\"@id\":\"https:\/\/www.abvp.pt\/experiencias-culturais-inesqueciveis-pelo-mundo\/\"},\"wordCount\":975,\"commentCount\":0,\"publisher\":{\"@id\":\"https:\/\/www.abvp.pt\/#organization\"},\"image\":{\"@id\":\"https:\/\/www.abvp.pt\/experiencias-culturais-inesqueciveis-pelo-mundo\/#primaryimage\"},\"thumbnailUrl\":\"https:\/\/www.abvp.pt\/wp-content\/uploads\/Benim.jpg\",\"keywords\":[\"experi\u00eancias culturais\",\"festividades\"],\"articleSection\":[\"Conte\u00fado\"],\"inLanguage\":\"en-GB\",\"potentialAction\":[{\"@type\":\"CommentAction\",\"name\":\"Comment\",\"target\":[\"https:\/\/www.abvp.pt\/experiencias-culturais-inesqueciveis-pelo-mundo\/#respond\"]}]},{\"@type\":\"WebPage\",\"@id\":\"https:\/\/www.abvp.pt\/experiencias-culturais-inesqueciveis-pelo-mundo\/\",\"url\":\"https:\/\/www.abvp.pt\/experiencias-culturais-inesqueciveis-pelo-mundo\/\",\"name\":\"Experi\u00eancias Culturais Inesquec\u00edveis pelo Mundo - ABVP\",\"isPartOf\":{\"@id\":\"https:\/\/www.abvp.pt\/#website\"},\"primaryImageOfPage\":{\"@id\":\"https:\/\/www.abvp.pt\/experiencias-culturais-inesqueciveis-pelo-mundo\/#primaryimage\"},\"image\":{\"@id\":\"https:\/\/www.abvp.pt\/experiencias-culturais-inesqueciveis-pelo-mundo\/#primaryimage\"},\"thumbnailUrl\":\"https:\/\/www.abvp.pt\/wp-content\/uploads\/Benim.jpg\",\"datePublished\":\"2025-08-01T15:54:10+00:00\",\"dateModified\":\"2025-08-26T17:42:22+00:00\",\"description\":\"Experi\u00eancias culturais que nos marcam \u2013 quando j\u00e1 n\u00e3o somos s\u00f3 visitantes e passamos a fazer parte de alguma cerim\u00f3nia, momento ou tradi\u00e7\u00e3o.\",\"breadcrumb\":{\"@id\":\"https:\/\/www.abvp.pt\/experiencias-culturais-inesqueciveis-pelo-mundo\/#breadcrumb\"},\"inLanguage\":\"en-GB\",\"potentialAction\":[{\"@type\":\"ReadAction\",\"target\":[\"https:\/\/www.abvp.pt\/experiencias-culturais-inesqueciveis-pelo-mundo\/\"]}]},{\"@type\":\"ImageObject\",\"inLanguage\":\"en-GB\",\"@id\":\"https:\/\/www.abvp.pt\/experiencias-culturais-inesqueciveis-pelo-mundo\/#primaryimage\",\"url\":\"https:\/\/www.abvp.pt\/wp-content\/uploads\/Benim.jpg\",\"contentUrl\":\"https:\/\/www.abvp.pt\/wp-content\/uploads\/Benim.jpg\",\"width\":1280,\"height\":720},{\"@type\":\"BreadcrumbList\",\"@id\":\"https:\/\/www.abvp.pt\/experiencias-culturais-inesqueciveis-pelo-mundo\/#breadcrumb\",\"itemListElement\":[{\"@type\":\"ListItem\",\"position\":1,\"name\":\"In\u00edcio\",\"item\":\"https:\/\/www.abvp.pt\/\"},{\"@type\":\"ListItem\",\"position\":2,\"name\":\"Experi\u00eancias Culturais Inesquec\u00edveis pelo Mundo\"}]},{\"@type\":\"WebSite\",\"@id\":\"https:\/\/www.abvp.pt\/#website\",\"url\":\"https:\/\/www.abvp.pt\/\",\"name\":\"ABVP\",\"description\":\"Associa\u00e7\u00e3o de Bloggers de Viagem Portugueses\",\"publisher\":{\"@id\":\"https:\/\/www.abvp.pt\/#organization\"},\"potentialAction\":[{\"@type\":\"SearchAction\",\"target\":{\"@type\":\"EntryPoint\",\"urlTemplate\":\"https:\/\/www.abvp.pt\/?s={search_term_string}\"},\"query-input\":{\"@type\":\"PropertyValueSpecification\",\"valueRequired\":true,\"valueName\":\"search_term_string\"}}],\"inLanguage\":\"en-GB\"},{\"@type\":\"Organization\",\"@id\":\"https:\/\/www.abvp.pt\/#organization\",\"name\":\"ABVP\",\"url\":\"https:\/\/www.abvp.pt\/\",\"logo\":{\"@type\":\"ImageObject\",\"inLanguage\":\"en-GB\",\"@id\":\"https:\/\/www.abvp.pt\/#\/schema\/logo\/image\/\",\"url\":\"https:\/\/www.abvp.pt\/wp-content\/uploads\/Logo-Header-dark.svg\",\"contentUrl\":\"https:\/\/www.abvp.pt\/wp-content\/uploads\/Logo-Header-dark.svg\",\"width\":325,\"height\":48,\"caption\":\"ABVP\"},\"image\":{\"@id\":\"https:\/\/www.abvp.pt\/#\/schema\/logo\/image\/\"},\"sameAs\":[\"https:\/\/www.facebook.com\/abvppt\/\",\"https:\/\/x.com\/abvppt\",\"https:\/\/www.instagram.com\/abvppt\/\"]},{\"@type\":\"Person\",\"@id\":\"https:\/\/www.abvp.pt\/#\/schema\/person\/33758b308f1a01403c2260ec6b41b767\",\"name\":\"In\u00eas Miranda\",\"image\":{\"@type\":\"ImageObject\",\"inLanguage\":\"en-GB\",\"@id\":\"https:\/\/www.abvp.pt\/#\/schema\/person\/image\/\",\"url\":\"https:\/\/secure.gravatar.com\/avatar\/22fa474a992bf69f6f583bc8c69c851d?s=96&d=mm&r=g\",\"contentUrl\":\"https:\/\/secure.gravatar.com\/avatar\/22fa474a992bf69f6f583bc8c69c851d?s=96&d=mm&r=g\",\"caption\":\"In\u00eas Miranda\"},\"description\":\"Qu\u00edmica de forma\u00e7\u00e3o. Viajante por paix\u00e3o. \\\"Engenheira\\\" nas horas vagas. Autora do blogue Sempre Entre Viagens.\",\"sameAs\":[\"https:\/\/sempreentreviagens.com\/\",\"https:\/\/www.facebook.com\/sempreentreviagens\/\",\"https:\/\/www.instagram.com\/sempre_entre_viagens\/\"],\"url\":\"https:\/\/www.abvp.pt\/en\/author\/imiranda\/\"}]}<\/script>\n<!-- \/ Yoast SEO plugin. -->","yoast_head_json":{"title":"Experi\u00eancias Culturais Inesquec\u00edveis pelo Mundo - ABVP","description":"Experi\u00eancias culturais que nos marcam \u2013 quando j\u00e1 n\u00e3o somos s\u00f3 visitantes e passamos a fazer parte de alguma cerim\u00f3nia, momento ou tradi\u00e7\u00e3o.","robots":{"index":"index","follow":"follow","max-snippet":"max-snippet:-1","max-image-preview":"max-image-preview:large","max-video-preview":"max-video-preview:-1"},"canonical":"https:\/\/www.abvp.pt\/en\/experiencias-culturais-inesqueciveis-pelo-mundo\/","og_locale":"en_GB","og_type":"article","og_title":"Experi\u00eancias Culturais Inesquec\u00edveis pelo Mundo - ABVP","og_description":"Experi\u00eancias culturais que nos marcam \u2013 quando j\u00e1 n\u00e3o somos s\u00f3 visitantes e passamos a fazer parte de alguma cerim\u00f3nia, momento ou tradi\u00e7\u00e3o.","og_url":"https:\/\/www.abvp.pt\/en\/experiencias-culturais-inesqueciveis-pelo-mundo\/","og_site_name":"ABVP","article_publisher":"https:\/\/www.facebook.com\/abvppt\/","article_author":"https:\/\/www.facebook.com\/sempreentreviagens\/","article_published_time":"2025-08-01T15:54:10+00:00","article_modified_time":"2025-08-26T17:42:22+00:00","og_image":[{"width":1280,"height":720,"url":"https:\/\/www.abvp.pt\/wp-content\/uploads\/Benim.jpg","type":"image\/jpeg"}],"author":"In\u00eas Miranda","twitter_card":"summary_large_image","twitter_creator":"@abvppt","twitter_site":"@abvppt","twitter_misc":{"Written by":"In\u00eas Miranda","Estimated reading time":"7 minutes"},"schema":{"@context":"https:\/\/schema.org","@graph":[{"@type":"Article","@id":"https:\/\/www.abvp.pt\/experiencias-culturais-inesqueciveis-pelo-mundo\/#article","isPartOf":{"@id":"https:\/\/www.abvp.pt\/experiencias-culturais-inesqueciveis-pelo-mundo\/"},"author":{"name":"In\u00eas Miranda","@id":"https:\/\/www.abvp.pt\/#\/schema\/person\/33758b308f1a01403c2260ec6b41b767"},"headline":"Experi\u00eancias Culturais Inesquec\u00edveis pelo Mundo","datePublished":"2025-08-01T15:54:10+00:00","dateModified":"2025-08-26T17:42:22+00:00","mainEntityOfPage":{"@id":"https:\/\/www.abvp.pt\/experiencias-culturais-inesqueciveis-pelo-mundo\/"},"wordCount":975,"commentCount":0,"publisher":{"@id":"https:\/\/www.abvp.pt\/#organization"},"image":{"@id":"https:\/\/www.abvp.pt\/experiencias-culturais-inesqueciveis-pelo-mundo\/#primaryimage"},"thumbnailUrl":"https:\/\/www.abvp.pt\/wp-content\/uploads\/Benim.jpg","keywords":["experi\u00eancias culturais","festividades"],"articleSection":["Conte\u00fado"],"inLanguage":"en-GB","potentialAction":[{"@type":"CommentAction","name":"Comment","target":["https:\/\/www.abvp.pt\/experiencias-culturais-inesqueciveis-pelo-mundo\/#respond"]}]},{"@type":"WebPage","@id":"https:\/\/www.abvp.pt\/experiencias-culturais-inesqueciveis-pelo-mundo\/","url":"https:\/\/www.abvp.pt\/experiencias-culturais-inesqueciveis-pelo-mundo\/","name":"Experi\u00eancias Culturais Inesquec\u00edveis pelo Mundo - ABVP","isPartOf":{"@id":"https:\/\/www.abvp.pt\/#website"},"primaryImageOfPage":{"@id":"https:\/\/www.abvp.pt\/experiencias-culturais-inesqueciveis-pelo-mundo\/#primaryimage"},"image":{"@id":"https:\/\/www.abvp.pt\/experiencias-culturais-inesqueciveis-pelo-mundo\/#primaryimage"},"thumbnailUrl":"https:\/\/www.abvp.pt\/wp-content\/uploads\/Benim.jpg","datePublished":"2025-08-01T15:54:10+00:00","dateModified":"2025-08-26T17:42:22+00:00","description":"Experi\u00eancias culturais que nos marcam \u2013 quando j\u00e1 n\u00e3o somos s\u00f3 visitantes e passamos a fazer parte de alguma cerim\u00f3nia, momento ou tradi\u00e7\u00e3o.","breadcrumb":{"@id":"https:\/\/www.abvp.pt\/experiencias-culturais-inesqueciveis-pelo-mundo\/#breadcrumb"},"inLanguage":"en-GB","potentialAction":[{"@type":"ReadAction","target":["https:\/\/www.abvp.pt\/experiencias-culturais-inesqueciveis-pelo-mundo\/"]}]},{"@type":"ImageObject","inLanguage":"en-GB","@id":"https:\/\/www.abvp.pt\/experiencias-culturais-inesqueciveis-pelo-mundo\/#primaryimage","url":"https:\/\/www.abvp.pt\/wp-content\/uploads\/Benim.jpg","contentUrl":"https:\/\/www.abvp.pt\/wp-content\/uploads\/Benim.jpg","width":1280,"height":720},{"@type":"BreadcrumbList","@id":"https:\/\/www.abvp.pt\/experiencias-culturais-inesqueciveis-pelo-mundo\/#breadcrumb","itemListElement":[{"@type":"ListItem","position":1,"name":"In\u00edcio","item":"https:\/\/www.abvp.pt\/"},{"@type":"ListItem","position":2,"name":"Experi\u00eancias Culturais Inesquec\u00edveis pelo Mundo"}]},{"@type":"WebSite","@id":"https:\/\/www.abvp.pt\/#website","url":"https:\/\/www.abvp.pt\/","name":"ABVP","description":"Association of Portuguese Travel Bloggers","publisher":{"@id":"https:\/\/www.abvp.pt\/#organization"},"potentialAction":[{"@type":"SearchAction","target":{"@type":"EntryPoint","urlTemplate":"https:\/\/www.abvp.pt\/?s={search_term_string}"},"query-input":{"@type":"PropertyValueSpecification","valueRequired":true,"valueName":"search_term_string"}}],"inLanguage":"en-GB"},{"@type":"Organization","@id":"https:\/\/www.abvp.pt\/#organization","name":"ABVP","url":"https:\/\/www.abvp.pt\/","logo":{"@type":"ImageObject","inLanguage":"en-GB","@id":"https:\/\/www.abvp.pt\/#\/schema\/logo\/image\/","url":"https:\/\/www.abvp.pt\/wp-content\/uploads\/Logo-Header-dark.svg","contentUrl":"https:\/\/www.abvp.pt\/wp-content\/uploads\/Logo-Header-dark.svg","width":325,"height":48,"caption":"ABVP"},"image":{"@id":"https:\/\/www.abvp.pt\/#\/schema\/logo\/image\/"},"sameAs":["https:\/\/www.facebook.com\/abvppt\/","https:\/\/x.com\/abvppt","https:\/\/www.instagram.com\/abvppt\/"]},{"@type":"Person","@id":"https:\/\/www.abvp.pt\/#\/schema\/person\/33758b308f1a01403c2260ec6b41b767","name":"In\u00eas Miranda","image":{"@type":"ImageObject","inLanguage":"en-GB","@id":"https:\/\/www.abvp.pt\/#\/schema\/person\/image\/","url":"https:\/\/secure.gravatar.com\/avatar\/22fa474a992bf69f6f583bc8c69c851d?s=96&d=mm&r=g","contentUrl":"https:\/\/secure.gravatar.com\/avatar\/22fa474a992bf69f6f583bc8c69c851d?s=96&d=mm&r=g","caption":"In\u00eas Miranda"},"description":"Qu\u00edmica de forma\u00e7\u00e3o. Viajante por paix\u00e3o. \"Engenheira\" nas horas vagas. Autora do blogue Sempre Entre Viagens.","sameAs":["https:\/\/sempreentreviagens.com\/","https:\/\/www.facebook.com\/sempreentreviagens\/","https:\/\/www.instagram.com\/sempre_entre_viagens\/"],"url":"https:\/\/www.abvp.pt\/en\/author\/imiranda\/"}]}},"_links":{"self":[{"href":"https:\/\/www.abvp.pt\/en\/wp-json\/wp\/v2\/posts\/7602","targetHints":{"allow":["GET"]}}],"collection":[{"href":"https:\/\/www.abvp.pt\/en\/wp-json\/wp\/v2\/posts"}],"about":[{"href":"https:\/\/www.abvp.pt\/en\/wp-json\/wp\/v2\/types\/post"}],"author":[{"embeddable":true,"href":"https:\/\/www.abvp.pt\/en\/wp-json\/wp\/v2\/users\/15"}],"replies":[{"embeddable":true,"href":"https:\/\/www.abvp.pt\/en\/wp-json\/wp\/v2\/comments?post=7602"}],"version-history":[{"count":5,"href":"https:\/\/www.abvp.pt\/en\/wp-json\/wp\/v2\/posts\/7602\/revisions"}],"predecessor-version":[{"id":7700,"href":"https:\/\/www.abvp.pt\/en\/wp-json\/wp\/v2\/posts\/7602\/revisions\/7700"}],"wp:featuredmedia":[{"embeddable":true,"href":"https:\/\/www.abvp.pt\/en\/wp-json\/wp\/v2\/media\/7614"}],"wp:attachment":[{"href":"https:\/\/www.abvp.pt\/en\/wp-json\/wp\/v2\/media?parent=7602"}],"wp:term":[{"taxonomy":"category","embeddable":true,"href":"https:\/\/www.abvp.pt\/en\/wp-json\/wp\/v2\/categories?post=7602"},{"taxonomy":"post_tag","embeddable":true,"href":"https:\/\/www.abvp.pt\/en\/wp-json\/wp\/v2\/tags?post=7602"}],"curies":[{"name":"wp","href":"https:\/\/api.w.org\/{rel}","templated":true}]}}