{"id":794,"date":"2019-06-17T12:21:17","date_gmt":"2019-06-17T12:21:17","guid":{"rendered":"https:\/\/www.abvp.pt\/?p=794"},"modified":"2023-08-22T19:12:51","modified_gmt":"2023-08-22T18:12:51","slug":"blog-trip-marrocos","status":"publish","type":"post","link":"https:\/\/www.abvp.pt\/en\/blog-trip-marrocos\/","title":{"rendered":"ABVP parte \u00e0 descoberta do norte de Marrocos"},"content":{"rendered":"<h2 class=\"wp-block-heading\">Os bloggers fundadores da ABVP &#8211; Associa\u00e7\u00e3o de Bloggers de Viagem Portugueses estiveram recentemente em algumas das cidades mais emblem\u00e1ticas de Marrocos.<\/h2>\n\n\n\n<p>A blog trip, realizada entre 29 de mar\u00e7o e 1 de abril, surgiu de um desafio lan\u00e7ado pela pr\u00f3pria ABVP ao Turismo de Marrocos e vai permitir mostrar a for\u00e7a do trabalho dos bloggers na promo\u00e7\u00e3o de um destino.<\/p>\n\n\n\n<p>A viagem de quatro dias come\u00e7ou em <strong>Fez<\/strong>, uma das antigas cidades imperiais, tra\u00e7ando depois rumo para <strong>Chefchaouen<\/strong>, passando por <strong>T\u00e9touan<\/strong> e terminando numa das portas de entrada do continente africano: <strong>T\u00e2nger<\/strong>.<\/p>\n\n\n\n<p>Em terras marroquinas estiveram blogs de maior express\u00e3o e tamb\u00e9m projetos mais recentes, o que resultou numa grande variedade de relatos e um conhecimento mais global das cidades visitadas.<\/p>\n\n\n\n<p>Assim, regress\u00e1mos com Filipe Morato Gomes a <a rel=\"noreferrer noopener\" aria-label=\"regressamos com Filipe Morato Gomes a Chefchaouen (abre num novo separador)\" href=\"https:\/\/www.almadeviajante.com\/o-que-fazer-chefchaouen\" target=\"_blank\">Chefchaouen<\/a>, 20 anos depois da primeira visita do autor do <strong>Alma de Viajante<\/strong> \u00e0quela cidade. Tamb\u00e9m a Carla Mota, sob a lente do Rui Pinto, mostrou-nos no <strong>Viajar Entre Viagens<\/strong> todos os magn\u00edficos recantos da \u201cp\u00e9rola azul\u201d do Magrebe, com <a rel=\"noreferrer noopener\" aria-label=\"dicas do que n\u00e3o perder (abre num novo separador)\" href=\"https:\/\/www.viajarentreviagens.pt\/marrocos\/visitar-chefchaouen\" target=\"_blank\">dicas do que n\u00e3o perder<\/a>.<\/p>\n\n\n\n<figure class=\"wp-block-image aligncenter\"><img fetchpriority=\"high\" decoding=\"async\" width=\"1066\" height=\"1600\" src=\"https:\/\/www.abvp.pt\/wp-content\/uploads\/Chefchaouen-1066x1600.jpg\" alt=\"Chefchaouen Marrocos\" class=\"wp-image-796\" srcset=\"https:\/\/www.abvp.pt\/wp-content\/uploads\/Chefchaouen-1066x1600.jpg 1066w, https:\/\/www.abvp.pt\/wp-content\/uploads\/Chefchaouen-600x900.jpg 600w, https:\/\/www.abvp.pt\/wp-content\/uploads\/Chefchaouen-100x150.jpg 100w, https:\/\/www.abvp.pt\/wp-content\/uploads\/Chefchaouen-533x800.jpg 533w, https:\/\/www.abvp.pt\/wp-content\/uploads\/Chefchaouen-768x1152.jpg 768w, https:\/\/www.abvp.pt\/wp-content\/uploads\/Chefchaouen.jpg 1365w\" sizes=\"(max-width: 1066px) 100vw, 1066px\" \/><\/figure>\n\n\n\n<p>Percorremos as ruas da medina da <a rel=\"noreferrer noopener\" aria-label=\"percorremos \u00e0 noite as ruas da medina da cidade imperial (abre num novo separador)\" href=\"http:\/\/bornfreee.com\/2019\/04\/05\/fez-bem-vindo-a-um-estimulante-passado\" target=\"_blank\">cidade imperial<\/a> de Fez, na companhia de Rui Barbosa Batista, do <strong>Born Freee<\/strong>. A Ruthia Portelinha, d&#8217; <strong>O Ber\u00e7o do Mundo<\/strong>, levou-nos num <a rel=\"noreferrer noopener\" aria-label=\"passeio por T\u00e9touan (abre num novo separador)\" href=\"https:\/\/bercodomundo.com\/2019\/04\/tetouan-a-mais-andaluz-das-cidades-marroquinas.html\" target=\"_blank\">passeio por T\u00e9touan<\/a>, a mais andaluz das cidades marroquinas. E no <strong>Marlene On The Move<\/strong> podem sentir o impacto que a moderna<a rel=\"noreferrer noopener\" aria-label=\"impacto que a moderna T\u00e2nger teve em mim (abre num novo separador)\" href=\"https:\/\/marleneonthemove.com\/tanger-norte-de-marrocos\/\" target=\"_blank\"> T\u00e2nger <\/a>teve em mim.<\/p>\n\n\n\n<p>Durante toda a viagem, as c\u00e2maras fotogr\u00e1ficas de Catarina Leonardo, do <strong>Wandering Life<\/strong>, e de Jo\u00e3o Leit\u00e3o, do<strong> Jo\u00e3o Leit\u00e3o Viagens<\/strong>, n\u00e3o pararam quietas e os autores surpreenderam-nos com detalhes incr\u00edveis do norte de Marrocos, nos <a rel=\"noreferrer noopener\" aria-label=\"blogs (abre num novo separador)\" href=\"https:\/\/wandering-life.com\/visitar-chefchaouen-historia-ver-roteiro-fotografico\/\" target=\"_blank\">blogs<\/a> e nas <a rel=\"noreferrer noopener\" aria-label=\"redes sociais (abre num novo separador)\" href=\"https:\/\/www.instagram.com\/joaoleitaoviagens\/\" target=\"_blank\">redes sociais<\/a>.<\/p>\n\n\n\n<p>As diferentes vis\u00f5es resultantes desta blog trip v\u00eam, deste modo, oferecer um conhecimento mais aprofundado do destino Marrocos.<\/p>\n\n\n\n<p>Todo o trabalho realizado permitir\u00e1 construir um <em>case-study<\/em> sobre o impacto de uma blog trip e a contribui\u00e7\u00e3o dos bloggers de viagem portugueses na promo\u00e7\u00e3o dos destinos tur\u00edsticos.<\/p>\n\n\n\n<figure class=\"wp-block-image\"><img decoding=\"async\" width=\"1600\" height=\"1066\" src=\"https:\/\/www.abvp.pt\/wp-content\/uploads\/Fez-1600x1066.jpg\" alt=\"Fez Marrocos\" class=\"wp-image-797\" srcset=\"https:\/\/www.abvp.pt\/wp-content\/uploads\/Fez-1600x1066.jpg 1600w, https:\/\/www.abvp.pt\/wp-content\/uploads\/Fez-600x400.jpg 600w, https:\/\/www.abvp.pt\/wp-content\/uploads\/Fez-150x100.jpg 150w, https:\/\/www.abvp.pt\/wp-content\/uploads\/Fez-800x533.jpg 800w, https:\/\/www.abvp.pt\/wp-content\/uploads\/Fez-768x512.jpg 768w, https:\/\/www.abvp.pt\/wp-content\/uploads\/Fez.jpg 2048w\" sizes=\"(max-width: 1600px) 100vw, 1600px\" \/><\/figure>\n\n\n\n<div style=\"height:20px\" aria-hidden=\"true\" class=\"wp-block-spacer\"><\/div>\n\n\n\n<h3 class=\"wp-block-heading\">Conhe\u00e7a os posts que resultaram desta blog trip<\/h3>\n\n\n\n<p><strong>Fez<\/strong><\/p>\n\n\n\n<ul class=\"wp-block-list\">\n<li><a rel=\"noreferrer noopener\" aria-label=\"Fez \u2014 Viagem \u00e0 Antiga Cidade Imperial de Marrocos (abre num novo separador)\" href=\"https:\/\/marleneonthemove.com\/fez-cidade-imperial-marrocos\/\" target=\"_blank\">Fez \u2014 Viagem \u00e0 antiga cidade imperial de Marrocos<\/a> &gt; Marlene On The Move<\/li>\n\n\n\n<li><a rel=\"noreferrer noopener\" aria-label=\"Medina de Fez, o imp\u00e9rio dos sentidos (o que fazer) (abre num novo separador)\" href=\"https:\/\/www.almadeviajante.com\/medina-de-fez-marrocos\/\" target=\"_blank\">Medina de Fez, o imp\u00e9rio dos sentidos (o que fazer)<\/a> &gt; Alma de Viajante<\/li>\n\n\n\n<li><a rel=\"noreferrer noopener\" aria-label=\"Onde ficar em Fez (os melhores riads) (abre num novo separador)\" href=\"https:\/\/www.almadeviajante.com\/onde-ficar-em-fez-os-melhores-riads\/\" target=\"_blank\">Onde ficar em Fez (os melhores riads)<\/a> &gt; Alma de Viajante<\/li>\n\n\n\n<li><a rel=\"noreferrer noopener\" aria-label=\"Fez: Bem-vindo a um estimulante passado\u2026 (abre num novo separador)\" href=\"http:\/\/bornfreee.com\/2019\/04\/05\/fez-bem-vindo-a-um-estimulante-passado\/\" target=\"_blank\">Fez: Bem-vindo a um estimulante passado\u2026<\/a> &gt; Born Freee<\/li>\n\n\n\n<li><a rel=\"noreferrer noopener\" aria-label=\"Cidade Imperial de Fez: A Alma de Marrocos (abre num novo separador)\" href=\"https:\/\/bercodomundo.com\/2019\/04\/cidade-imperial-de-fez-a-alma-de-marrocos.html\" target=\"_blank\">Cidade Imperial de Fez: a alma de Marrocos<\/a> &gt; O Ber\u00e7o do Mundo<\/li>\n\n\n\n<li><a rel=\"noreferrer noopener\" aria-label=\"O Que Ver Na Velha Medina de Fez (abre num novo separador)\" href=\"https:\/\/wandering-life.com\/que-ver-velha-medina-fez\/\" target=\"_blank\">O que ver na velha medina de Fez<\/a> &gt; Wandering Life<\/li>\n\n\n\n<li><a rel=\"noreferrer noopener\" aria-label=\"Visitar Fez \u2014 Roteiro para 3 dias de exotismo \u00e1rabe (abre num novo separador)\" href=\"https:\/\/www.viajarentreviagens.pt\/marrocos\/visitar-fez-roteiro-tres-dias\/\" target=\"_blank\">Visitar Fez \u2014 Roteiro para 3 dias de exotismo \u00e1rabe<\/a> &gt; Viajar Entre Viagens<\/li>\n<\/ul>\n\n\n\n<p><strong>Chefchaouen<\/strong><\/p>\n\n\n\n<ul class=\"wp-block-list\">\n<li><a rel=\"noreferrer noopener\" aria-label=\"Marrocos: Quantos estimulantes azuis cabem em Chefchaouen? (abre num novo separador)\" href=\"http:\/\/bornfreee.com\/2019\/04\/12\/marrocos-quantos-azuis-cabem-chefchouen\/\" target=\"_blank\">Marrocos: Quantos estimulantes azuis cabem em Chefchaouen?<\/a> &gt; Born Freee<\/li>\n\n\n\n<li><a rel=\"noreferrer noopener\" aria-label=\"Chefchaouen, a Cidade Azul de Marrocos (abre num novo separador)\" href=\"https:\/\/bercodomundo.com\/2019\/04\/chefchaouen-cidade-azul.html\" target=\"_blank\">Chefchaouen, a cidade azul de Marrocos<\/a> &gt; O Ber\u00e7o do Mundo<\/li>\n\n\n\n<li><a rel=\"noreferrer noopener\" aria-label=\"Chefchaouen \u2014 Visita \u00e0 Cidade Azul de Marrocos (abre num novo separador)\" href=\"https:\/\/marleneonthemove.com\/chefchaouen-cidade-azul-marrocos\/\" target=\"_blank\">Chefchaouen \u2014 Visita \u00e0 cidade azul de Marrocos<\/a> &gt; Marlene On The Move<\/li>\n\n\n\n<li><a rel=\"noreferrer noopener\" aria-label=\"Onde ficar em Chefchaouen (os melhores hot\u00e9is) (abre num novo separador)\" href=\"https:\/\/www.almadeviajante.com\/onde-ficar-em-chefchaouen\/\" target=\"_blank\">Onde ficar em Chefchaouen (os melhores hot\u00e9is)<\/a> &gt; Alma de Viajante<\/li>\n\n\n\n<li><a href=\"https:\/\/wandering-life.com\/visitar-chefchaouen-historia-ver-roteiro-fotografico\/\">Visitar Chefchaouen: a hist\u00f3ria, o que ver e o roteiro fotogr\u00e1fico<\/a> &gt; Wandering Life<\/li>\n\n\n\n<li><a href=\"https:\/\/www.viajarentreviagens.pt\/marrocos\/visitar-chefchaouen\/\" target=\"_blank\" rel=\"noreferrer noopener\" aria-label=\"Visitar Chefchaouen e conhecer os encantos da p\u00e9rola azul (abre num novo separador)\">Visitar Chefchaouen e conhecer os encantos da p\u00e9rola azul<\/a>&nbsp;&gt; Viajar entre Viagens<\/li>\n\n\n\n<li> <a href=\"https:\/\/www.almadeviajante.com\/o-que-fazer-chefchaouen\">O que fazer em Chefchaouen<\/a> &gt; Alma de Viajante<\/li>\n<\/ul>\n\n\n\n<p><strong>T\u00e9touan<\/strong><\/p>\n\n\n\n<ul class=\"wp-block-list\">\n<li><a rel=\"noreferrer noopener\" aria-label=\"A surpreendente medina de T\u00e9touan (Tetu\u00e3o) (abre num novo separador)\" href=\"https:\/\/www.almadeviajante.com\/medina-de-tetouan-marrocos\/\" target=\"_blank\">A surpreendente medina de T\u00e9touan (Tetu\u00e3o)<\/a> &gt; Alma de Viajante<\/li>\n\n\n\n<li><a rel=\"noreferrer noopener\" aria-label=\"T\u00e9touan \u2014 O Segredo do Norte de Marrocos (abre num novo separador)\" href=\"https:\/\/marleneonthemove.com\/tetouan-norte-de-marrocos\/\" target=\"_blank\">T\u00e9touan \u2014 O Segredo do Norte de Marrocos<\/a> &gt; Marlene On The Move<\/li>\n\n\n\n<li><a rel=\"noreferrer noopener\" aria-label=\"15 fotos da medina branca (andaluza) de T\u00e9touan  (abre num novo separador)\" href=\"https:\/\/wandering-life.com\/15-fotos-medina-branca-andaluza-tetouan\/\" target=\"_blank\">15 fotos da medina branca (andaluza) de T\u00e9touan <\/a>&gt; Wandering Life <\/li>\n\n\n\n<li><a href=\"https:\/\/bercodomundo.com\/2019\/04\/tetouan-a-mais-andaluz-das-cidades-marroquinas.html\">T\u00e9touan, a mais andaluz das cidades marroquinas<\/a> &gt; O Ber\u00e7o do Mundo<\/li>\n<\/ul>\n\n\n\n<p><strong>T\u00e2nger<\/strong><\/p>\n\n\n\n<ul class=\"wp-block-list\">\n<li><a rel=\"noreferrer noopener\" aria-label=\"T\u00e2nger. Encruzilhada Entre \u00c1frica e a Europa (abre num novo separador)\" href=\"https:\/\/bercodomundo.com\/2019\/05\/tanger-encruzilhada-entre-africa-e-europa.html\" target=\"_blank\">T\u00e2nger. Encruzilhada entre \u00c1frica e a Europa<\/a> &gt; O Ber\u00e7o do Mundo<\/li>\n\n\n\n<li><a rel=\"noreferrer noopener\" aria-label=\"O que fazer em T\u00e2nger (uma cidade renovada) (abre num novo separador)\" href=\"https:\/\/www.almadeviajante.com\/o-que-fazer-tanger-marrocos\/\" target=\"_blank\">O que fazer em T\u00e2nger (uma cidade renovada)<\/a> &gt; Alma de Viajante<\/li>\n\n\n\n<li><a href=\"https:\/\/marleneonthemove.com\/tanger-norte-de-marrocos\/\">T\u00e2nger &#8211; Marrocos com sabor a Europa<\/a> &gt;  Marlene On The Move <\/li>\n\n\n\n<li><a href=\"https:\/\/wandering-life.com\/tanger-antiga-cidade-artistas\/\">T\u00e2nger, a antiga cidade de artistas<\/a> &gt;  Wandering Life <\/li>\n<\/ul>\n\n\n\n<p><strong>Outros<\/strong><\/p>\n\n\n\n<ul class=\"wp-block-list\">\n<li><a rel=\"noreferrer noopener\" aria-label=\"Viajar Em Marrocos | Roteiro di\u00e1rio para 15 dias de viagem no norte de Marrocos (abre num novo separador)\" href=\"https:\/\/www.viajarentreviagens.pt\/marrocos\/roteiro-viajar-em-marrocos-norte\/\" target=\"_blank\">Viajar Em Marrocos | Roteiro di\u00e1rio para 15 dias de viagem no norte de Marrocos<\/a> &gt; Viajar Entre Viagens<\/li>\n\n\n\n<li><a rel=\"noreferrer noopener\" aria-label=\"Cozinha Marroquina: Os Sabores de Marrocos (abre num novo separador)\" href=\"https:\/\/bercodomundo.com\/2019\/05\/cozinha-marroquina-roteiro-pelos-sabores-de-marrocos.html\" target=\"_blank\">Cozinha Marroquina: os sabores de Marrocos<\/a> &gt; O Ber\u00e7o do Mundo<\/li>\n\n\n\n<li><a rel=\"noreferrer noopener\" aria-label=\"Roteiro de viagem pelo Norte de Marrocos (4 dias) (abre num novo separador)\" href=\"https:\/\/www.almadeviajante.com\/roteiro-de-viagem-norte-marrocos\/\" target=\"_blank\">Roteiro de viagem pelo Norte de Marrocos (4 dias)<\/a> &gt; Alma de Viajante<\/li>\n\n\n\n<li><a rel=\"noreferrer noopener\" aria-label=\"7 Motivos Para Visitar Marrocos (abre num novo separador)\" href=\"https:\/\/marleneonthemove.com\/motivos-para-visitar-marrocos\/\" target=\"_blank\">7 Motivos para visitar Marrocos<\/a> &gt; Marlene On The Move<\/li>\n\n\n\n<li><a href=\"https:\/\/viagens.sapo.pt\/viajar\/viajar-mundo\/artigos\/ha-uma-cidade-azul-a-deslumbrar-os-viajantes-em-marrocos-venha-conhece-la\" target=\"_blank\" rel=\"noreferrer noopener\" aria-label=\"Esta cidade azul est\u00e1 a deslumbrar os viajantes em Marrocos (abre num novo separador)\">Esta cidade azul est\u00e1 a deslumbrar os viajantes em Marrocos<\/a> &gt; Sapo Viagens<\/li>\n<\/ul>","protected":false},"excerpt":{"rendered":"<p>Os bloggers fundadores da ABVP \u2014 Associa\u00e7\u00e3o de Bloggers de Viagem Portugueses estiveram recentemente em algumas das cidades mais emblem\u00e1ticas de Marrocos.<\/p>","protected":false},"author":9,"featured_media":800,"comment_status":"open","ping_status":"closed","sticky":false,"template":"","format":"standard","meta":{"_price":"","_stock":"","_tribe_ticket_header":"","_tribe_default_ticket_provider":"","_tribe_ticket_capacity":"0","_ticket_start_date":"","_ticket_end_date":"","_tribe_ticket_show_description":"","_tribe_ticket_show_not_going":false,"_tribe_ticket_use_global_stock":"","_tribe_ticket_global_stock_level":"","_global_stock_mode":"","_global_stock_cap":"","_tribe_rsvp_for_event":"","_tribe_ticket_going_count":"","_tribe_ticket_not_going_count":"","_tribe_tickets_list":"[]","_tribe_ticket_has_attendee_info_fields":false,"_EventAllDay":false,"_EventTimezone":"","_EventStartDate":"","_EventEndDate":"","_EventStartDateUTC":"","_EventEndDateUTC":"","_EventShowMap":false,"_EventShowMapLink":false,"_EventURL":"","_EventCost":"","_EventCostDescription":"","_EventCurrencySymbol":"","_EventCurrencyCode":"","_EventCurrencyPosition":"","_EventDateTimeSeparator":"","_EventTimeRangeSeparator":"","_EventOrganizerID":[],"_EventVenueID":[],"_OrganizerEmail":"","_OrganizerPhone":"","_OrganizerWebsite":"","_VenueAddress":"","_VenueCity":"","_VenueCountry":"","_VenueProvince":"","_VenueState":"","_VenueZip":"","_VenuePhone":"","_VenueURL":"","_VenueStateProvince":"","_VenueLat":"","_VenueLng":"","_VenueShowMap":false,"_VenueShowMapLink":false,"footnotes":""},"categories":[1],"tags":[5],"class_list":["post-794","post","type-post","status-publish","format-standard","has-post-thumbnail","hentry","category-conteudo","tag-blog-trip"],"blocksy_meta":[],"yoast_head":"<!-- This site is optimized with the Yoast SEO plugin v26.4 - https:\/\/yoast.com\/wordpress\/plugins\/seo\/ -->\n<title>ABVP parte \u00e0 descoberta do norte de Marrocos - ABVP<\/title>\n<meta name=\"description\" content=\"Os bloggers fundadores da ABVP - Associa\u00e7\u00e3o de Bloggers de Viagem Portugueses visitaram algumas das cidades mais emblem\u00e1ticas de Marrocos. Eis o resultado.\" \/>\n<meta name=\"robots\" content=\"index, follow, max-snippet:-1, max-image-preview:large, max-video-preview:-1\" \/>\n<link rel=\"canonical\" href=\"https:\/\/www.abvp.pt\/en\/blog-trip-marrocos\/\" \/>\n<meta property=\"og:locale\" content=\"en_GB\" \/>\n<meta property=\"og:type\" content=\"article\" \/>\n<meta property=\"og:title\" content=\"ABVP parte \u00e0 descoberta do norte de Marrocos - ABVP\" \/>\n<meta property=\"og:description\" content=\"Os bloggers fundadores da ABVP - Associa\u00e7\u00e3o de Bloggers de Viagem Portugueses visitaram algumas das cidades mais emblem\u00e1ticas de Marrocos. Eis o resultado.\" \/>\n<meta property=\"og:url\" content=\"https:\/\/www.abvp.pt\/en\/blog-trip-marrocos\/\" \/>\n<meta property=\"og:site_name\" content=\"ABVP\" \/>\n<meta property=\"article:publisher\" content=\"https:\/\/www.facebook.com\/abvppt\/\" \/>\n<meta property=\"article:published_time\" content=\"2019-06-17T12:21:17+00:00\" \/>\n<meta property=\"article:modified_time\" content=\"2023-08-22T18:12:51+00:00\" \/>\n<meta property=\"og:image\" content=\"https:\/\/www.abvp.pt\/wp-content\/uploads\/DSCF7193-2.jpg\" \/>\n\t<meta property=\"og:image:width\" content=\"2048\" \/>\n\t<meta property=\"og:image:height\" content=\"1365\" \/>\n\t<meta property=\"og:image:type\" content=\"image\/jpeg\" \/>\n<meta name=\"author\" content=\"Marlene Marques\" \/>\n<meta name=\"twitter:card\" content=\"summary_large_image\" \/>\n<meta name=\"twitter:creator\" content=\"@abvppt\" \/>\n<meta name=\"twitter:site\" content=\"@abvppt\" \/>\n<meta name=\"twitter:label1\" content=\"Written by\" \/>\n\t<meta name=\"twitter:data1\" content=\"Marlene Marques\" \/>\n\t<meta name=\"twitter:label2\" content=\"Estimated reading time\" \/>\n\t<meta name=\"twitter:data2\" content=\"4 minutes\" \/>\n<script type=\"application\/ld+json\" class=\"yoast-schema-graph\">{\"@context\":\"https:\/\/schema.org\",\"@graph\":[{\"@type\":\"Article\",\"@id\":\"https:\/\/www.abvp.pt\/blog-trip-marrocos\/#article\",\"isPartOf\":{\"@id\":\"https:\/\/www.abvp.pt\/blog-trip-marrocos\/\"},\"author\":{\"name\":\"Marlene Marques\",\"@id\":\"https:\/\/www.abvp.pt\/#\/schema\/person\/586cf6e5dc73a236aaaa894bba748151\"},\"headline\":\"ABVP parte \u00e0 descoberta do norte de Marrocos\",\"datePublished\":\"2019-06-17T12:21:17+00:00\",\"dateModified\":\"2023-08-22T18:12:51+00:00\",\"mainEntityOfPage\":{\"@id\":\"https:\/\/www.abvp.pt\/blog-trip-marrocos\/\"},\"wordCount\":703,\"commentCount\":0,\"publisher\":{\"@id\":\"https:\/\/www.abvp.pt\/#organization\"},\"image\":{\"@id\":\"https:\/\/www.abvp.pt\/blog-trip-marrocos\/#primaryimage\"},\"thumbnailUrl\":\"https:\/\/www.abvp.pt\/wp-content\/uploads\/DSCF7193-2.jpg\",\"keywords\":[\"blog trip\"],\"articleSection\":[\"Conte\u00fado\"],\"inLanguage\":\"en-GB\",\"potentialAction\":[{\"@type\":\"CommentAction\",\"name\":\"Comment\",\"target\":[\"https:\/\/www.abvp.pt\/blog-trip-marrocos\/#respond\"]}]},{\"@type\":\"WebPage\",\"@id\":\"https:\/\/www.abvp.pt\/blog-trip-marrocos\/\",\"url\":\"https:\/\/www.abvp.pt\/blog-trip-marrocos\/\",\"name\":\"ABVP parte \u00e0 descoberta do norte de Marrocos - ABVP\",\"isPartOf\":{\"@id\":\"https:\/\/www.abvp.pt\/#website\"},\"primaryImageOfPage\":{\"@id\":\"https:\/\/www.abvp.pt\/blog-trip-marrocos\/#primaryimage\"},\"image\":{\"@id\":\"https:\/\/www.abvp.pt\/blog-trip-marrocos\/#primaryimage\"},\"thumbnailUrl\":\"https:\/\/www.abvp.pt\/wp-content\/uploads\/DSCF7193-2.jpg\",\"datePublished\":\"2019-06-17T12:21:17+00:00\",\"dateModified\":\"2023-08-22T18:12:51+00:00\",\"description\":\"Os bloggers fundadores da ABVP - Associa\u00e7\u00e3o de Bloggers de Viagem Portugueses visitaram algumas das cidades mais emblem\u00e1ticas de Marrocos. Eis o resultado.\",\"breadcrumb\":{\"@id\":\"https:\/\/www.abvp.pt\/blog-trip-marrocos\/#breadcrumb\"},\"inLanguage\":\"en-GB\",\"potentialAction\":[{\"@type\":\"ReadAction\",\"target\":[\"https:\/\/www.abvp.pt\/blog-trip-marrocos\/\"]}]},{\"@type\":\"ImageObject\",\"inLanguage\":\"en-GB\",\"@id\":\"https:\/\/www.abvp.pt\/blog-trip-marrocos\/#primaryimage\",\"url\":\"https:\/\/www.abvp.pt\/wp-content\/uploads\/DSCF7193-2.jpg\",\"contentUrl\":\"https:\/\/www.abvp.pt\/wp-content\/uploads\/DSCF7193-2.jpg\",\"width\":2048,\"height\":1365,\"caption\":\"Equipa da Associa\u00e7\u00e3o de Bloggers de Viagem Portugueses\"},{\"@type\":\"BreadcrumbList\",\"@id\":\"https:\/\/www.abvp.pt\/blog-trip-marrocos\/#breadcrumb\",\"itemListElement\":[{\"@type\":\"ListItem\",\"position\":1,\"name\":\"In\u00edcio\",\"item\":\"https:\/\/www.abvp.pt\/\"},{\"@type\":\"ListItem\",\"position\":2,\"name\":\"ABVP parte \u00e0 descoberta do norte de Marrocos\"}]},{\"@type\":\"WebSite\",\"@id\":\"https:\/\/www.abvp.pt\/#website\",\"url\":\"https:\/\/www.abvp.pt\/\",\"name\":\"ABVP\",\"description\":\"Associa\u00e7\u00e3o de Bloggers de Viagem Portugueses\",\"publisher\":{\"@id\":\"https:\/\/www.abvp.pt\/#organization\"},\"potentialAction\":[{\"@type\":\"SearchAction\",\"target\":{\"@type\":\"EntryPoint\",\"urlTemplate\":\"https:\/\/www.abvp.pt\/?s={search_term_string}\"},\"query-input\":{\"@type\":\"PropertyValueSpecification\",\"valueRequired\":true,\"valueName\":\"search_term_string\"}}],\"inLanguage\":\"en-GB\"},{\"@type\":\"Organization\",\"@id\":\"https:\/\/www.abvp.pt\/#organization\",\"name\":\"ABVP\",\"url\":\"https:\/\/www.abvp.pt\/\",\"logo\":{\"@type\":\"ImageObject\",\"inLanguage\":\"en-GB\",\"@id\":\"https:\/\/www.abvp.pt\/#\/schema\/logo\/image\/\",\"url\":\"https:\/\/www.abvp.pt\/wp-content\/uploads\/Logo-Header-dark.svg\",\"contentUrl\":\"https:\/\/www.abvp.pt\/wp-content\/uploads\/Logo-Header-dark.svg\",\"width\":325,\"height\":48,\"caption\":\"ABVP\"},\"image\":{\"@id\":\"https:\/\/www.abvp.pt\/#\/schema\/logo\/image\/\"},\"sameAs\":[\"https:\/\/www.facebook.com\/abvppt\/\",\"https:\/\/x.com\/abvppt\",\"https:\/\/www.instagram.com\/abvppt\/\"]},{\"@type\":\"Person\",\"@id\":\"https:\/\/www.abvp.pt\/#\/schema\/person\/586cf6e5dc73a236aaaa894bba748151\",\"name\":\"Marlene Marques\",\"image\":{\"@type\":\"ImageObject\",\"inLanguage\":\"en-GB\",\"@id\":\"https:\/\/www.abvp.pt\/#\/schema\/person\/image\/\",\"url\":\"https:\/\/secure.gravatar.com\/avatar\/416455a93ec202caf1c45dccb345a8be?s=96&d=mm&r=g\",\"contentUrl\":\"https:\/\/secure.gravatar.com\/avatar\/416455a93ec202caf1c45dccb345a8be?s=96&d=mm&r=g\",\"caption\":\"Marlene Marques\"},\"description\":\"A Marlene \u00e9 a autora do Marlene On The Move. Jornalista de profiss\u00e3o, criou o blog de viagens para partilhar as suas aventuras em Portugal e no Mundo. N\u00e3o \u00e9 raro partir \u00e0 descoberta de novos pa\u00edses e culturas\u2026 muitas vezes com a prancha de surf na bagagem.\",\"sameAs\":[\"https:\/\/marleneonthemove.com\/\"],\"url\":\"https:\/\/www.abvp.pt\/en\/author\/mmarques\/\"}]}<\/script>\n<!-- \/ Yoast SEO plugin. -->","yoast_head_json":{"title":"ABVP parte \u00e0 descoberta do norte de Marrocos - ABVP","description":"Os bloggers fundadores da ABVP - Associa\u00e7\u00e3o de Bloggers de Viagem Portugueses visitaram algumas das cidades mais emblem\u00e1ticas de Marrocos. Eis o resultado.","robots":{"index":"index","follow":"follow","max-snippet":"max-snippet:-1","max-image-preview":"max-image-preview:large","max-video-preview":"max-video-preview:-1"},"canonical":"https:\/\/www.abvp.pt\/en\/blog-trip-marrocos\/","og_locale":"en_GB","og_type":"article","og_title":"ABVP parte \u00e0 descoberta do norte de Marrocos - ABVP","og_description":"Os bloggers fundadores da ABVP - Associa\u00e7\u00e3o de Bloggers de Viagem Portugueses visitaram algumas das cidades mais emblem\u00e1ticas de Marrocos. Eis o resultado.","og_url":"https:\/\/www.abvp.pt\/en\/blog-trip-marrocos\/","og_site_name":"ABVP","article_publisher":"https:\/\/www.facebook.com\/abvppt\/","article_published_time":"2019-06-17T12:21:17+00:00","article_modified_time":"2023-08-22T18:12:51+00:00","og_image":[{"width":2048,"height":1365,"url":"https:\/\/www.abvp.pt\/wp-content\/uploads\/DSCF7193-2.jpg","type":"image\/jpeg"}],"author":"Marlene Marques","twitter_card":"summary_large_image","twitter_creator":"@abvppt","twitter_site":"@abvppt","twitter_misc":{"Written by":"Marlene Marques","Estimated reading time":"4 minutes"},"schema":{"@context":"https:\/\/schema.org","@graph":[{"@type":"Article","@id":"https:\/\/www.abvp.pt\/blog-trip-marrocos\/#article","isPartOf":{"@id":"https:\/\/www.abvp.pt\/blog-trip-marrocos\/"},"author":{"name":"Marlene Marques","@id":"https:\/\/www.abvp.pt\/#\/schema\/person\/586cf6e5dc73a236aaaa894bba748151"},"headline":"ABVP parte \u00e0 descoberta do norte de Marrocos","datePublished":"2019-06-17T12:21:17+00:00","dateModified":"2023-08-22T18:12:51+00:00","mainEntityOfPage":{"@id":"https:\/\/www.abvp.pt\/blog-trip-marrocos\/"},"wordCount":703,"commentCount":0,"publisher":{"@id":"https:\/\/www.abvp.pt\/#organization"},"image":{"@id":"https:\/\/www.abvp.pt\/blog-trip-marrocos\/#primaryimage"},"thumbnailUrl":"https:\/\/www.abvp.pt\/wp-content\/uploads\/DSCF7193-2.jpg","keywords":["blog trip"],"articleSection":["Conte\u00fado"],"inLanguage":"en-GB","potentialAction":[{"@type":"CommentAction","name":"Comment","target":["https:\/\/www.abvp.pt\/blog-trip-marrocos\/#respond"]}]},{"@type":"WebPage","@id":"https:\/\/www.abvp.pt\/blog-trip-marrocos\/","url":"https:\/\/www.abvp.pt\/blog-trip-marrocos\/","name":"ABVP parte \u00e0 descoberta do norte de Marrocos - ABVP","isPartOf":{"@id":"https:\/\/www.abvp.pt\/#website"},"primaryImageOfPage":{"@id":"https:\/\/www.abvp.pt\/blog-trip-marrocos\/#primaryimage"},"image":{"@id":"https:\/\/www.abvp.pt\/blog-trip-marrocos\/#primaryimage"},"thumbnailUrl":"https:\/\/www.abvp.pt\/wp-content\/uploads\/DSCF7193-2.jpg","datePublished":"2019-06-17T12:21:17+00:00","dateModified":"2023-08-22T18:12:51+00:00","description":"Os bloggers fundadores da ABVP - Associa\u00e7\u00e3o de Bloggers de Viagem Portugueses visitaram algumas das cidades mais emblem\u00e1ticas de Marrocos. Eis o resultado.","breadcrumb":{"@id":"https:\/\/www.abvp.pt\/blog-trip-marrocos\/#breadcrumb"},"inLanguage":"en-GB","potentialAction":[{"@type":"ReadAction","target":["https:\/\/www.abvp.pt\/blog-trip-marrocos\/"]}]},{"@type":"ImageObject","inLanguage":"en-GB","@id":"https:\/\/www.abvp.pt\/blog-trip-marrocos\/#primaryimage","url":"https:\/\/www.abvp.pt\/wp-content\/uploads\/DSCF7193-2.jpg","contentUrl":"https:\/\/www.abvp.pt\/wp-content\/uploads\/DSCF7193-2.jpg","width":2048,"height":1365,"caption":"Equipa da Associa\u00e7\u00e3o de Bloggers de Viagem Portugueses"},{"@type":"BreadcrumbList","@id":"https:\/\/www.abvp.pt\/blog-trip-marrocos\/#breadcrumb","itemListElement":[{"@type":"ListItem","position":1,"name":"In\u00edcio","item":"https:\/\/www.abvp.pt\/"},{"@type":"ListItem","position":2,"name":"ABVP parte \u00e0 descoberta do norte de Marrocos"}]},{"@type":"WebSite","@id":"https:\/\/www.abvp.pt\/#website","url":"https:\/\/www.abvp.pt\/","name":"ABVP","description":"Association of Portuguese Travel Bloggers","publisher":{"@id":"https:\/\/www.abvp.pt\/#organization"},"potentialAction":[{"@type":"SearchAction","target":{"@type":"EntryPoint","urlTemplate":"https:\/\/www.abvp.pt\/?s={search_term_string}"},"query-input":{"@type":"PropertyValueSpecification","valueRequired":true,"valueName":"search_term_string"}}],"inLanguage":"en-GB"},{"@type":"Organization","@id":"https:\/\/www.abvp.pt\/#organization","name":"ABVP","url":"https:\/\/www.abvp.pt\/","logo":{"@type":"ImageObject","inLanguage":"en-GB","@id":"https:\/\/www.abvp.pt\/#\/schema\/logo\/image\/","url":"https:\/\/www.abvp.pt\/wp-content\/uploads\/Logo-Header-dark.svg","contentUrl":"https:\/\/www.abvp.pt\/wp-content\/uploads\/Logo-Header-dark.svg","width":325,"height":48,"caption":"ABVP"},"image":{"@id":"https:\/\/www.abvp.pt\/#\/schema\/logo\/image\/"},"sameAs":["https:\/\/www.facebook.com\/abvppt\/","https:\/\/x.com\/abvppt","https:\/\/www.instagram.com\/abvppt\/"]},{"@type":"Person","@id":"https:\/\/www.abvp.pt\/#\/schema\/person\/586cf6e5dc73a236aaaa894bba748151","name":"Marlene Marques","image":{"@type":"ImageObject","inLanguage":"en-GB","@id":"https:\/\/www.abvp.pt\/#\/schema\/person\/image\/","url":"https:\/\/secure.gravatar.com\/avatar\/416455a93ec202caf1c45dccb345a8be?s=96&d=mm&r=g","contentUrl":"https:\/\/secure.gravatar.com\/avatar\/416455a93ec202caf1c45dccb345a8be?s=96&d=mm&r=g","caption":"Marlene Marques"},"description":"A Marlene \u00e9 a autora do Marlene On The Move. Jornalista de profiss\u00e3o, criou o blog de viagens para partilhar as suas aventuras em Portugal e no Mundo. N\u00e3o \u00e9 raro partir \u00e0 descoberta de novos pa\u00edses e culturas\u2026 muitas vezes com a prancha de surf na bagagem.","sameAs":["https:\/\/marleneonthemove.com\/"],"url":"https:\/\/www.abvp.pt\/en\/author\/mmarques\/"}]}},"_links":{"self":[{"href":"https:\/\/www.abvp.pt\/en\/wp-json\/wp\/v2\/posts\/794","targetHints":{"allow":["GET"]}}],"collection":[{"href":"https:\/\/www.abvp.pt\/en\/wp-json\/wp\/v2\/posts"}],"about":[{"href":"https:\/\/www.abvp.pt\/en\/wp-json\/wp\/v2\/types\/post"}],"author":[{"embeddable":true,"href":"https:\/\/www.abvp.pt\/en\/wp-json\/wp\/v2\/users\/9"}],"replies":[{"embeddable":true,"href":"https:\/\/www.abvp.pt\/en\/wp-json\/wp\/v2\/comments?post=794"}],"version-history":[{"count":0,"href":"https:\/\/www.abvp.pt\/en\/wp-json\/wp\/v2\/posts\/794\/revisions"}],"wp:featuredmedia":[{"embeddable":true,"href":"https:\/\/www.abvp.pt\/en\/wp-json\/wp\/v2\/media\/800"}],"wp:attachment":[{"href":"https:\/\/www.abvp.pt\/en\/wp-json\/wp\/v2\/media?parent=794"}],"wp:term":[{"taxonomy":"category","embeddable":true,"href":"https:\/\/www.abvp.pt\/en\/wp-json\/wp\/v2\/categories?post=794"},{"taxonomy":"post_tag","embeddable":true,"href":"https:\/\/www.abvp.pt\/en\/wp-json\/wp\/v2\/tags?post=794"}],"curies":[{"name":"wp","href":"https:\/\/api.w.org\/{rel}","templated":true}]}}