{"id":828,"date":"2019-07-09T12:42:02","date_gmt":"2019-07-09T12:42:02","guid":{"rendered":"https:\/\/www.abvp.pt\/?p=828"},"modified":"2019-09-20T09:26:53","modified_gmt":"2019-09-20T09:26:53","slug":"a-professora-que-se-reinventou-no-antipodas-sofia-machado-entrevista","status":"publish","type":"post","link":"https:\/\/www.abvp.pt\/en\/a-professora-que-se-reinventou-no-antipodas-sofia-machado-entrevista\/","title":{"rendered":"A professora que se reinventou nos ant\u00edpodas: Sofia Machado (entrevista)"},"content":{"rendered":"<p>J\u00e1 pensaram mudar-se, de armas e bagagens, para o extremo oposto do planeta? A Sofia f\u00ea-lo, h\u00e1 mais de uma d\u00e9cada, e n\u00e3o se arrepende. Na Austr\u00e1lia criou uma fam\u00edlia e uma escola na natureza, para crian\u00e7as em idade pr\u00e9-escolar.<\/p>\n\n\n\n<p>Hoje continua a explorar o mundo, com o marido e dois filhos a tiracolo. Porque <strong>os sonhos crescem quando s\u00e3o partilhados.<\/strong>  Como o autor brasileiro Amyr Klink afirma: &#8220;o pior naufr\u00e1gio \u00e9 n\u00e3o partir\u201d. <\/p>\n\n\n\n<p><strong>Name<\/strong>: Sofia Machado<\/p>\n\n\n\n<p><strong>Profiss\u00e3o<\/strong>: Diretora da escola \u201cNature Explorers\u201d e Blogger de Viagens <\/p>\n\n\n\n<p><strong>Data de nascimento<\/strong>: 1983<\/p>\n\n\n\n<p><strong>Local de nascimento<\/strong>: Lisboa<\/p>\n\n\n\n<p><strong>Local de resid\u00eancia<\/strong>: Cabarita Beach, NSW, Austr\u00e1lia<\/p>\n\n\n\n<p><strong>Pr\u00f3ximas viagens na Austr\u00e1lia<\/strong>: Cairns, Sydney e Yamba. <strong>Internacionais<\/strong>: Portugal, Dubai e Nova Zel\u00e2ndia<\/p>\n\n\n\n<p><strong>Blog<\/strong>: <a rel=\"noreferrer noopener\" aria-label=\"Sofia na Australia (abre num novo separador)\" href=\"https:\/\/sofianaaustralia.com\/\" target=\"_blank\">Sofia in Australia<\/a><\/p>\n\n\n\n<figure class=\"wp-block-image\"><img fetchpriority=\"high\" decoding=\"async\" width=\"1600\" height=\"1067\" src=\"https:\/\/www.abvp.pt\/wp-content\/uploads\/sofia-na-australia-2-1600x1067.jpg\" alt=\"\" class=\"wp-image-831\" srcset=\"https:\/\/www.abvp.pt\/wp-content\/uploads\/sofia-na-australia-2-1600x1067.jpg 1600w, https:\/\/www.abvp.pt\/wp-content\/uploads\/sofia-na-australia-2-scaled-600x400.jpg 600w, https:\/\/www.abvp.pt\/wp-content\/uploads\/sofia-na-australia-2-150x100.jpg 150w, https:\/\/www.abvp.pt\/wp-content\/uploads\/sofia-na-australia-2-800x533.jpg 800w, https:\/\/www.abvp.pt\/wp-content\/uploads\/sofia-na-australia-2-768x512.jpg 768w\" sizes=\"(max-width: 1600px) 100vw, 1600px\" \/><\/figure>\n\n\n\n<p>1. <strong>O que significam as viagens para si? <\/strong><\/p>\n\n\n\n<p>Viajar \u00e9 um dos maiores prazeres que tenho e uma forma de colecionar mem\u00f3rias. Viajo porque tenho uma curiosidade insaci\u00e1vel pelo desconhecido e porque adoro a adrenalina de n\u00e3o saber ao certo onde vou dormir, o que vou comer e o que ir\u00e1 acontecer. <\/p>\n\n\n\n<p><strong>Viajar tamb\u00e9m acaba com os preconceitos <\/strong>e a intoler\u00e2ncia. Gosto de ver o mundo com os meus olhos, questionar-me sobre culturas e ampliar a minha vis\u00e3o do mundo e do homem.<\/p>\n\n\n\n<p><strong>2. Entre os destinos que j\u00e1 visitou, h\u00e1 algum que a tenha marcado de forma especial? Conte-nos. <\/strong><\/p>\n\n\n\n<p>Em cada viagem reflito sobre  como culturas diferentes interagem e se organizam. Como se fazem as coisas de maneira semelhante ou igual. \u00c9 uma aprendizagem constante; isso deixa uma marca importante, que me fortalece enquanto pessoa e me inspira. <\/p>\n\n\n\n<p>Todas as viagens me marcaram porque todas, perto ou longe, permitiram aprender coisas novas. Mas confesso que tenho um <strong>carinho especial pela Tasm\u00e2nia, Montenegro, Nova Caled\u00f3nia e Canad\u00e1<\/strong>. <\/p>\n\n\n\n<figure class=\"wp-block-image\"><img decoding=\"async\" width=\"1600\" height=\"1066\" src=\"https:\/\/www.abvp.pt\/wp-content\/uploads\/sofia-na-australia-1-1600x1066.jpg\" alt=\"\" class=\"wp-image-830\" srcset=\"https:\/\/www.abvp.pt\/wp-content\/uploads\/sofia-na-australia-1-1600x1066.jpg 1600w, https:\/\/www.abvp.pt\/wp-content\/uploads\/sofia-na-australia-1-600x400.jpg 600w, https:\/\/www.abvp.pt\/wp-content\/uploads\/sofia-na-australia-1-150x100.jpg 150w, https:\/\/www.abvp.pt\/wp-content\/uploads\/sofia-na-australia-1-800x533.jpg 800w, https:\/\/www.abvp.pt\/wp-content\/uploads\/sofia-na-australia-1-768x512.jpg 768w, https:\/\/www.abvp.pt\/wp-content\/uploads\/sofia-na-australia-1.jpg 2048w\" sizes=\"(max-width: 1600px) 100vw, 1600px\" \/><\/figure>\n\n\n\n<p><strong>3. O que mais a influencia na hora de escolher um destino de viagem? <\/strong><\/p>\n\n\n\n<p>A maior parte das vezes a escolha acontece por acaso. Porque h\u00e1 uma promo\u00e7\u00e3o de voos a que n\u00e3o resistimos, porque temos um convite, ou porque <strong>li um livro <\/strong>e simplesmente n\u00e3o consigo resistir \u00e0 tenta\u00e7\u00e3o de ver o cen\u00e1rio da hist\u00f3ria com os meus pr\u00f3prios olhos!<\/p>\n\n\n\n<p>Ultimamente confesso que tenho conciliado as minhas duas profiss\u00f5es, de diretora da escola \u201cNature Explorers\u201d e de blogger, e aproveitado as desloca\u00e7\u00f5es a Congressos internacionais quer para partilhar experi\u00eancias educativas, quer para conhecer os locais. Foi o que aconteceu, por exemplo, na viagem ao Canad\u00e1 e a Fran\u00e7a.&nbsp; <\/p>\n\n\n\n<p>Muitas vezes, na Austr\u00e1lia,\napontamos para o mapa e l\u00e1 vamos n\u00f3s!<\/p>\n\n\n\n<p><strong>4. J\u00e1 viveu fora de Portugal mais que seis meses? Se sim, onde e o que retirou dessa experi\u00eancia? <\/strong><\/p>\n\n\n\n<p>Depois de uma experi\u00eancia de estudo em Fran\u00e7a, vivo longe de Portugal h\u00e1 10 anos (at\u00e9 me custa acreditar!), na Austr\u00e1lia. Como se pode perceber no blog, empacotei, literalmente,  20 kg da minha vida e mudei-me para o outro lado do mundo. Foi como fazer reset. <\/p>\n\n\n\n<p>Foi uma oportunidade de explorar as coisas que realmente gosto e perseguir novos sonhos. Voltei \u00e0 universidade, mudei de carreira, adotei um estilo de vida que sempre quis e aprendi  a melhor forma de partilhar a minha paix\u00e3o pelas viagens. <\/p>\n\n\n\n<p><strong>Adotei uma vida minimalista<\/strong>, estou mais presente na comunidade onde vivo: biblioteca, partilha de recursos, lojas de segunda m\u00e3o, etc. O essencial s\u00e3o mesmo as experi\u00eancias e n\u00e3o as coisas\u2026 <\/p>\n\n\n\n<figure class=\"wp-block-image\"><img decoding=\"async\" width=\"1000\" height=\"584\" src=\"https:\/\/www.abvp.pt\/wp-content\/uploads\/Tasmania-1.jpg\" alt=\"\" class=\"wp-image-836\" srcset=\"https:\/\/www.abvp.pt\/wp-content\/uploads\/Tasmania-1.jpg 1000w, https:\/\/www.abvp.pt\/wp-content\/uploads\/Tasmania-1-600x350.jpg 600w, https:\/\/www.abvp.pt\/wp-content\/uploads\/Tasmania-1-150x88.jpg 150w, https:\/\/www.abvp.pt\/wp-content\/uploads\/Tasmania-1-800x467.jpg 800w, https:\/\/www.abvp.pt\/wp-content\/uploads\/Tasmania-1-768x449.jpg 768w\" sizes=\"(max-width: 1000px) 100vw, 1000px\" \/><figcaption> <em>Bay of Fire, na Tasm\u00e2nia<\/em> <\/figcaption><\/figure>\n\n\n\n<p><strong>5. Explique o que \u00e9 o seu blog de viagens e a raz\u00e3o da sua exist\u00eancia. <\/strong><\/p>\n\n\n\n<p>\u201cSofia in Australia\u201d \u00e9 um blog de viagens pessoal que se vai alterando \u00e0 medida que vou <em>amadurecendo<\/em>. Quando comecei a escrever, aos 26 anos, as minhas experi\u00eancias e reflex\u00f5es eram diferentes das da Sofia de hoje, com 36 anos e m\u00e3e de dois mi\u00fados fant\u00e1sticos! <\/p>\n\n\n\n<p>O blog come\u00e7ou por ser uma plataforma para partilhar o meu dia a dia com fam\u00edlia e amigos. Lembro-me de como era rudimentar. Iniciei-o em portugu\u00eas e depois, \u00e0 medida que foi crescendo, e a pedido dos seguidores, senti a necessidade de escrever em ingl\u00eas. Passei a ter mais cuidado e investi bastante tempo a perceber como escrever para a minha audi\u00eancia .<\/p>\n\n\n\n<p>Neste momento o \u201cSofia in Australia\u201d est\u00e1 numa nova fase de transi\u00e7\u00e3o. <strong>Tenho mais vontade de partilhar as minhas experi\u00eancias em fam\u00edlia<\/strong> e inspirar outras fam\u00edlias a explorarem o mundo com os filhos. <\/p>\n\n\n\n<p><strong>6. Como surgiu o nome do blog?<\/strong><\/p>\n\n\n\n<p>Na altura, abri a plataforma blogspot, cliquei em \u201ccriar um blog\u201d e escrevi \u201cSofia na Austr\u00e1lia\u201d. Sem pensar 1 minuto sobre o assunto sequer, enviei o link para fam\u00edlia e amigos e n\u00e3o me arrependo! <\/p>\n\n\n\n<p>V\u00e1rias vezes pensei em mudar o nome mas nunca tive coragem para o fazer. O nome ficou e continua a ser a minha identidade! Mas <strong>aconselho seriamente a pensarem no nome do blog antes de come\u00e7arem!<\/strong> N\u00e3o sejam tontos como eu!<\/p>\n\n\n\n<figure class=\"wp-block-image\"><img loading=\"lazy\" decoding=\"async\" width=\"1600\" height=\"1200\" src=\"https:\/\/www.abvp.pt\/wp-content\/uploads\/sofia-na-australia-4-1600x1200.jpg\" alt=\"\" class=\"wp-image-832\" srcset=\"https:\/\/www.abvp.pt\/wp-content\/uploads\/sofia-na-australia-4-1600x1200.jpg 1600w, https:\/\/www.abvp.pt\/wp-content\/uploads\/sofia-na-australia-4-600x450.jpg 600w, https:\/\/www.abvp.pt\/wp-content\/uploads\/sofia-na-australia-4-300x225.jpg 300w, https:\/\/www.abvp.pt\/wp-content\/uploads\/sofia-na-australia-4-150x113.jpg 150w, https:\/\/www.abvp.pt\/wp-content\/uploads\/sofia-na-australia-4-800x600.jpg 800w, https:\/\/www.abvp.pt\/wp-content\/uploads\/sofia-na-australia-4-768x576.jpg 768w, https:\/\/www.abvp.pt\/wp-content\/uploads\/sofia-na-australia-4.jpg 2048w\" sizes=\"(max-width: 1600px) 100vw, 1600px\" \/><\/figure>\n\n\n\n<p><strong>7. Destaque um dos posts de que mais gosta no seu blog e explique porqu\u00ea. <\/strong><\/p>\n\n\n\n<p>S\u00e3o 10 anos de \u201cSofia in Australia\u201d e muitos posts. \u00c9 dif\u00edcil escolher quais os meus preferidos. Nos \u00faltimos tempos tenho adorado escrever posts para as sec\u00e7\u00f5es: <a rel=\"noreferrer noopener\" aria-label=\" (abre num novo separador)\" href=\"https:\/\/sofianaaustralia.com\/thrillseekers\/\" target=\"_blank\">\u201cThrillSeeker\u201d<\/a> and <a rel=\"noreferrer noopener\" aria-label=\" (abre num novo separador)\" href=\"https:\/\/sofianaaustralia.com\/kids-who-travel\/\" target=\"_blank\">\u201cKids who travel\u201d<\/a>.<\/p>\n\n\n\n<p><strong>8. Alguma dica para quem pretende come\u00e7ar agora um blog de viagens? <\/strong><\/p>\n\n\n\n<p>Que s\u00f3 o fa\u00e7am se realmente tiverem paix\u00e3o pela partilha e pela escrita! Muita gente pensa que \u00e9 espetacular ser convidado para ir a s\u00edtios, trabalhar com marcas e entidades tur\u00edsticas. Mas ter um blog d\u00e1 muito trabalho e requer muita dedica\u00e7\u00e3o. <\/p>\n\n\n\n<p><strong>O mundo dos blogs de viagens est\u00e1 cada vez mais saturado<\/strong> e s\u00f3 com muita dedica\u00e7\u00e3o, \u00e9tica e uma vis\u00e3o clara e sustent\u00e1vel \u00e9 poss\u00edvel manter o interesse nas nossas publica\u00e7\u00f5es.<\/p>\n\n\n\n<p><strong>9. Que papel desempenham os blogs junto de outras pessoas que gostam de viajar? <\/strong><\/p>\n\n\n\n<p>Acredito que os bloggers de viagem desempenham um papel importante, n\u00e3o s\u00f3 para inspirar outros viajantes, mas tamb\u00e9m enquanto &#8220;modelos&#8221;. Devem ser <strong>promotores de viagens respons\u00e1veis, sustent\u00e1veis e \u00e9ticas. <\/strong><\/p>","protected":false},"excerpt":{"rendered":"<p>J\u00e1 pensaram mudar-se, de armas e bagagens, para o extremo oposto do planeta? A Sofia f\u00ea-lo, h\u00e1 mais de uma d\u00e9cada, e n\u00e3o se arrepende. Na Austr\u00e1lia criou uma fam\u00edlia [&hellip;]<\/p>\n","protected":false},"author":5,"featured_media":833,"comment_status":"open","ping_status":"closed","sticky":false,"template":"","format":"standard","meta":{"_price":"","_stock":"","_tribe_ticket_header":"","_tribe_default_ticket_provider":"","_tribe_ticket_capacity":"0","_ticket_start_date":"","_ticket_end_date":"","_tribe_ticket_show_description":"","_tribe_ticket_show_not_going":false,"_tribe_ticket_use_global_stock":"","_tribe_ticket_global_stock_level":"","_global_stock_mode":"","_global_stock_cap":"","_tribe_rsvp_for_event":"","_tribe_ticket_going_count":"","_tribe_ticket_not_going_count":"","_tribe_tickets_list":"[]","_tribe_ticket_has_attendee_info_fields":false,"_EventAllDay":false,"_EventTimezone":"","_EventStartDate":"","_EventEndDate":"","_EventStartDateUTC":"","_EventEndDateUTC":"","_EventShowMap":false,"_EventShowMapLink":false,"_EventURL":"","_EventCost":"","_EventCostDescription":"","_EventCurrencySymbol":"","_EventCurrencyCode":"","_EventCurrencyPosition":"","_EventDateTimeSeparator":"","_EventTimeRangeSeparator":"","_EventOrganizerID":[],"_EventVenueID":[],"_OrganizerEmail":"","_OrganizerPhone":"","_OrganizerWebsite":"","_VenueAddress":"","_VenueCity":"","_VenueCountry":"","_VenueProvince":"","_VenueState":"","_VenueZip":"","_VenuePhone":"","_VenueURL":"","_VenueStateProvince":"","_VenueLat":"","_VenueLng":"","_VenueShowMap":false,"_VenueShowMapLink":false,"footnotes":""},"categories":[1],"tags":[],"class_list":["post-828","post","type-post","status-publish","format-standard","has-post-thumbnail","hentry","category-conteudo"],"blocksy_meta":[],"yoast_head":"<!-- This site is optimized with the Yoast SEO plugin v26.4 - https:\/\/yoast.com\/wordpress\/plugins\/seo\/ -->\n<title>A professora que se reinventou nos ant\u00edpodas: Sofia Machado (entrevista) - ABVP<\/title>\n<meta name=\"robots\" content=\"index, follow, max-snippet:-1, max-image-preview:large, max-video-preview:-1\" \/>\n<link rel=\"canonical\" href=\"https:\/\/www.abvp.pt\/en\/a-professora-que-se-reinventou-no-antipodas-sofia-machado-entrevista\/\" \/>\n<meta property=\"og:locale\" content=\"en_GB\" \/>\n<meta property=\"og:type\" content=\"article\" \/>\n<meta property=\"og:title\" content=\"A professora que se reinventou nos ant\u00edpodas: Sofia Machado (entrevista) - ABVP\" \/>\n<meta property=\"og:description\" content=\"J\u00e1 pensaram mudar-se, de armas e bagagens, para o extremo oposto do planeta? A Sofia f\u00ea-lo, h\u00e1 mais de uma d\u00e9cada, e n\u00e3o se arrepende. Na Austr\u00e1lia criou uma fam\u00edlia [&hellip;]\" \/>\n<meta property=\"og:url\" content=\"https:\/\/www.abvp.pt\/en\/a-professora-que-se-reinventou-no-antipodas-sofia-machado-entrevista\/\" \/>\n<meta property=\"og:site_name\" content=\"ABVP\" \/>\n<meta property=\"article:publisher\" content=\"https:\/\/www.facebook.com\/abvppt\/\" \/>\n<meta property=\"article:published_time\" content=\"2019-07-09T12:42:02+00:00\" \/>\n<meta property=\"article:modified_time\" content=\"2019-09-20T09:26:53+00:00\" \/>\n<meta property=\"og:image\" content=\"https:\/\/www.abvp.pt\/wp-content\/uploads\/sofia-na-australia-5.jpg\" \/>\n\t<meta property=\"og:image:width\" content=\"2048\" \/>\n\t<meta property=\"og:image:height\" content=\"1365\" \/>\n\t<meta property=\"og:image:type\" content=\"image\/jpeg\" \/>\n<meta name=\"author\" content=\"Ruthia Portelinha\" \/>\n<meta name=\"twitter:card\" content=\"summary_large_image\" \/>\n<meta name=\"twitter:creator\" content=\"@abvppt\" \/>\n<meta name=\"twitter:site\" content=\"@abvppt\" \/>\n<meta name=\"twitter:label1\" content=\"Written by\" \/>\n\t<meta name=\"twitter:data1\" content=\"Ruthia Portelinha\" \/>\n\t<meta name=\"twitter:label2\" content=\"Estimated reading time\" \/>\n\t<meta name=\"twitter:data2\" content=\"5 minutes\" \/>\n<script type=\"application\/ld+json\" class=\"yoast-schema-graph\">{\"@context\":\"https:\/\/schema.org\",\"@graph\":[{\"@type\":\"Article\",\"@id\":\"https:\/\/www.abvp.pt\/a-professora-que-se-reinventou-no-antipodas-sofia-machado-entrevista\/#article\",\"isPartOf\":{\"@id\":\"https:\/\/www.abvp.pt\/a-professora-que-se-reinventou-no-antipodas-sofia-machado-entrevista\/\"},\"author\":{\"name\":\"Ruthia Portelinha\",\"@id\":\"https:\/\/www.abvp.pt\/#\/schema\/person\/3224ab1e82979d8d2daa9b24c41ac06f\"},\"headline\":\"A professora que se reinventou nos ant\u00edpodas: Sofia Machado (entrevista)\",\"datePublished\":\"2019-07-09T12:42:02+00:00\",\"dateModified\":\"2019-09-20T09:26:53+00:00\",\"mainEntityOfPage\":{\"@id\":\"https:\/\/www.abvp.pt\/a-professora-que-se-reinventou-no-antipodas-sofia-machado-entrevista\/\"},\"wordCount\":1034,\"commentCount\":0,\"publisher\":{\"@id\":\"https:\/\/www.abvp.pt\/#organization\"},\"image\":{\"@id\":\"https:\/\/www.abvp.pt\/a-professora-que-se-reinventou-no-antipodas-sofia-machado-entrevista\/#primaryimage\"},\"thumbnailUrl\":\"https:\/\/www.abvp.pt\/wp-content\/uploads\/sofia-na-australia-5.jpg\",\"articleSection\":[\"Conte\u00fado\"],\"inLanguage\":\"en-GB\",\"potentialAction\":[{\"@type\":\"CommentAction\",\"name\":\"Comment\",\"target\":[\"https:\/\/www.abvp.pt\/a-professora-que-se-reinventou-no-antipodas-sofia-machado-entrevista\/#respond\"]}]},{\"@type\":\"WebPage\",\"@id\":\"https:\/\/www.abvp.pt\/a-professora-que-se-reinventou-no-antipodas-sofia-machado-entrevista\/\",\"url\":\"https:\/\/www.abvp.pt\/a-professora-que-se-reinventou-no-antipodas-sofia-machado-entrevista\/\",\"name\":\"A professora que se reinventou nos ant\u00edpodas: Sofia Machado (entrevista) - ABVP\",\"isPartOf\":{\"@id\":\"https:\/\/www.abvp.pt\/#website\"},\"primaryImageOfPage\":{\"@id\":\"https:\/\/www.abvp.pt\/a-professora-que-se-reinventou-no-antipodas-sofia-machado-entrevista\/#primaryimage\"},\"image\":{\"@id\":\"https:\/\/www.abvp.pt\/a-professora-que-se-reinventou-no-antipodas-sofia-machado-entrevista\/#primaryimage\"},\"thumbnailUrl\":\"https:\/\/www.abvp.pt\/wp-content\/uploads\/sofia-na-australia-5.jpg\",\"datePublished\":\"2019-07-09T12:42:02+00:00\",\"dateModified\":\"2019-09-20T09:26:53+00:00\",\"breadcrumb\":{\"@id\":\"https:\/\/www.abvp.pt\/a-professora-que-se-reinventou-no-antipodas-sofia-machado-entrevista\/#breadcrumb\"},\"inLanguage\":\"en-GB\",\"potentialAction\":[{\"@type\":\"ReadAction\",\"target\":[\"https:\/\/www.abvp.pt\/a-professora-que-se-reinventou-no-antipodas-sofia-machado-entrevista\/\"]}]},{\"@type\":\"ImageObject\",\"inLanguage\":\"en-GB\",\"@id\":\"https:\/\/www.abvp.pt\/a-professora-que-se-reinventou-no-antipodas-sofia-machado-entrevista\/#primaryimage\",\"url\":\"https:\/\/www.abvp.pt\/wp-content\/uploads\/sofia-na-australia-5.jpg\",\"contentUrl\":\"https:\/\/www.abvp.pt\/wp-content\/uploads\/sofia-na-australia-5.jpg\",\"width\":2048,\"height\":1365},{\"@type\":\"BreadcrumbList\",\"@id\":\"https:\/\/www.abvp.pt\/a-professora-que-se-reinventou-no-antipodas-sofia-machado-entrevista\/#breadcrumb\",\"itemListElement\":[{\"@type\":\"ListItem\",\"position\":1,\"name\":\"In\u00edcio\",\"item\":\"https:\/\/www.abvp.pt\/\"},{\"@type\":\"ListItem\",\"position\":2,\"name\":\"A professora que se reinventou nos ant\u00edpodas: Sofia Machado (entrevista)\"}]},{\"@type\":\"WebSite\",\"@id\":\"https:\/\/www.abvp.pt\/#website\",\"url\":\"https:\/\/www.abvp.pt\/\",\"name\":\"ABVP\",\"description\":\"Associa\u00e7\u00e3o de Bloggers de Viagem Portugueses\",\"publisher\":{\"@id\":\"https:\/\/www.abvp.pt\/#organization\"},\"potentialAction\":[{\"@type\":\"SearchAction\",\"target\":{\"@type\":\"EntryPoint\",\"urlTemplate\":\"https:\/\/www.abvp.pt\/?s={search_term_string}\"},\"query-input\":{\"@type\":\"PropertyValueSpecification\",\"valueRequired\":true,\"valueName\":\"search_term_string\"}}],\"inLanguage\":\"en-GB\"},{\"@type\":\"Organization\",\"@id\":\"https:\/\/www.abvp.pt\/#organization\",\"name\":\"ABVP\",\"url\":\"https:\/\/www.abvp.pt\/\",\"logo\":{\"@type\":\"ImageObject\",\"inLanguage\":\"en-GB\",\"@id\":\"https:\/\/www.abvp.pt\/#\/schema\/logo\/image\/\",\"url\":\"https:\/\/www.abvp.pt\/wp-content\/uploads\/Logo-Header-dark.svg\",\"contentUrl\":\"https:\/\/www.abvp.pt\/wp-content\/uploads\/Logo-Header-dark.svg\",\"width\":325,\"height\":48,\"caption\":\"ABVP\"},\"image\":{\"@id\":\"https:\/\/www.abvp.pt\/#\/schema\/logo\/image\/\"},\"sameAs\":[\"https:\/\/www.facebook.com\/abvppt\/\",\"https:\/\/x.com\/abvppt\",\"https:\/\/www.instagram.com\/abvppt\/\"]},{\"@type\":\"Person\",\"@id\":\"https:\/\/www.abvp.pt\/#\/schema\/person\/3224ab1e82979d8d2daa9b24c41ac06f\",\"name\":\"Ruthia Portelinha\",\"image\":{\"@type\":\"ImageObject\",\"inLanguage\":\"en-GB\",\"@id\":\"https:\/\/www.abvp.pt\/#\/schema\/person\/image\/\",\"url\":\"https:\/\/secure.gravatar.com\/avatar\/fe88f7331e86f7718c223ca840ea6091?s=96&d=mm&r=g\",\"contentUrl\":\"https:\/\/secure.gravatar.com\/avatar\/fe88f7331e86f7718c223ca840ea6091?s=96&d=mm&r=g\",\"caption\":\"Ruthia Portelinha\"},\"description\":\"Viajante, m\u00e3e babada, choc\u00f3latra, amante de livros e museus. Autora do blog O Ber\u00e7o do Mundo.\",\"sameAs\":[\"https:\/\/www.bercodomundo.com\"],\"url\":\"https:\/\/www.abvp.pt\/en\/author\/ruthia\/\"}]}<\/script>\n<!-- \/ Yoast SEO plugin. -->","yoast_head_json":{"title":"A professora que se reinventou nos ant\u00edpodas: Sofia Machado (entrevista) - ABVP","robots":{"index":"index","follow":"follow","max-snippet":"max-snippet:-1","max-image-preview":"max-image-preview:large","max-video-preview":"max-video-preview:-1"},"canonical":"https:\/\/www.abvp.pt\/en\/a-professora-que-se-reinventou-no-antipodas-sofia-machado-entrevista\/","og_locale":"en_GB","og_type":"article","og_title":"A professora que se reinventou nos ant\u00edpodas: Sofia Machado (entrevista) - ABVP","og_description":"J\u00e1 pensaram mudar-se, de armas e bagagens, para o extremo oposto do planeta? A Sofia f\u00ea-lo, h\u00e1 mais de uma d\u00e9cada, e n\u00e3o se arrepende. Na Austr\u00e1lia criou uma fam\u00edlia [&hellip;]","og_url":"https:\/\/www.abvp.pt\/en\/a-professora-que-se-reinventou-no-antipodas-sofia-machado-entrevista\/","og_site_name":"ABVP","article_publisher":"https:\/\/www.facebook.com\/abvppt\/","article_published_time":"2019-07-09T12:42:02+00:00","article_modified_time":"2019-09-20T09:26:53+00:00","og_image":[{"width":2048,"height":1365,"url":"https:\/\/www.abvp.pt\/wp-content\/uploads\/sofia-na-australia-5.jpg","type":"image\/jpeg"}],"author":"Ruthia Portelinha","twitter_card":"summary_large_image","twitter_creator":"@abvppt","twitter_site":"@abvppt","twitter_misc":{"Written by":"Ruthia Portelinha","Estimated reading time":"5 minutes"},"schema":{"@context":"https:\/\/schema.org","@graph":[{"@type":"Article","@id":"https:\/\/www.abvp.pt\/a-professora-que-se-reinventou-no-antipodas-sofia-machado-entrevista\/#article","isPartOf":{"@id":"https:\/\/www.abvp.pt\/a-professora-que-se-reinventou-no-antipodas-sofia-machado-entrevista\/"},"author":{"name":"Ruthia Portelinha","@id":"https:\/\/www.abvp.pt\/#\/schema\/person\/3224ab1e82979d8d2daa9b24c41ac06f"},"headline":"A professora que se reinventou nos ant\u00edpodas: Sofia Machado (entrevista)","datePublished":"2019-07-09T12:42:02+00:00","dateModified":"2019-09-20T09:26:53+00:00","mainEntityOfPage":{"@id":"https:\/\/www.abvp.pt\/a-professora-que-se-reinventou-no-antipodas-sofia-machado-entrevista\/"},"wordCount":1034,"commentCount":0,"publisher":{"@id":"https:\/\/www.abvp.pt\/#organization"},"image":{"@id":"https:\/\/www.abvp.pt\/a-professora-que-se-reinventou-no-antipodas-sofia-machado-entrevista\/#primaryimage"},"thumbnailUrl":"https:\/\/www.abvp.pt\/wp-content\/uploads\/sofia-na-australia-5.jpg","articleSection":["Conte\u00fado"],"inLanguage":"en-GB","potentialAction":[{"@type":"CommentAction","name":"Comment","target":["https:\/\/www.abvp.pt\/a-professora-que-se-reinventou-no-antipodas-sofia-machado-entrevista\/#respond"]}]},{"@type":"WebPage","@id":"https:\/\/www.abvp.pt\/a-professora-que-se-reinventou-no-antipodas-sofia-machado-entrevista\/","url":"https:\/\/www.abvp.pt\/a-professora-que-se-reinventou-no-antipodas-sofia-machado-entrevista\/","name":"A professora que se reinventou nos ant\u00edpodas: Sofia Machado (entrevista) - ABVP","isPartOf":{"@id":"https:\/\/www.abvp.pt\/#website"},"primaryImageOfPage":{"@id":"https:\/\/www.abvp.pt\/a-professora-que-se-reinventou-no-antipodas-sofia-machado-entrevista\/#primaryimage"},"image":{"@id":"https:\/\/www.abvp.pt\/a-professora-que-se-reinventou-no-antipodas-sofia-machado-entrevista\/#primaryimage"},"thumbnailUrl":"https:\/\/www.abvp.pt\/wp-content\/uploads\/sofia-na-australia-5.jpg","datePublished":"2019-07-09T12:42:02+00:00","dateModified":"2019-09-20T09:26:53+00:00","breadcrumb":{"@id":"https:\/\/www.abvp.pt\/a-professora-que-se-reinventou-no-antipodas-sofia-machado-entrevista\/#breadcrumb"},"inLanguage":"en-GB","potentialAction":[{"@type":"ReadAction","target":["https:\/\/www.abvp.pt\/a-professora-que-se-reinventou-no-antipodas-sofia-machado-entrevista\/"]}]},{"@type":"ImageObject","inLanguage":"en-GB","@id":"https:\/\/www.abvp.pt\/a-professora-que-se-reinventou-no-antipodas-sofia-machado-entrevista\/#primaryimage","url":"https:\/\/www.abvp.pt\/wp-content\/uploads\/sofia-na-australia-5.jpg","contentUrl":"https:\/\/www.abvp.pt\/wp-content\/uploads\/sofia-na-australia-5.jpg","width":2048,"height":1365},{"@type":"BreadcrumbList","@id":"https:\/\/www.abvp.pt\/a-professora-que-se-reinventou-no-antipodas-sofia-machado-entrevista\/#breadcrumb","itemListElement":[{"@type":"ListItem","position":1,"name":"In\u00edcio","item":"https:\/\/www.abvp.pt\/"},{"@type":"ListItem","position":2,"name":"A professora que se reinventou nos ant\u00edpodas: Sofia Machado (entrevista)"}]},{"@type":"WebSite","@id":"https:\/\/www.abvp.pt\/#website","url":"https:\/\/www.abvp.pt\/","name":"ABVP","description":"Association of Portuguese Travel Bloggers","publisher":{"@id":"https:\/\/www.abvp.pt\/#organization"},"potentialAction":[{"@type":"SearchAction","target":{"@type":"EntryPoint","urlTemplate":"https:\/\/www.abvp.pt\/?s={search_term_string}"},"query-input":{"@type":"PropertyValueSpecification","valueRequired":true,"valueName":"search_term_string"}}],"inLanguage":"en-GB"},{"@type":"Organization","@id":"https:\/\/www.abvp.pt\/#organization","name":"ABVP","url":"https:\/\/www.abvp.pt\/","logo":{"@type":"ImageObject","inLanguage":"en-GB","@id":"https:\/\/www.abvp.pt\/#\/schema\/logo\/image\/","url":"https:\/\/www.abvp.pt\/wp-content\/uploads\/Logo-Header-dark.svg","contentUrl":"https:\/\/www.abvp.pt\/wp-content\/uploads\/Logo-Header-dark.svg","width":325,"height":48,"caption":"ABVP"},"image":{"@id":"https:\/\/www.abvp.pt\/#\/schema\/logo\/image\/"},"sameAs":["https:\/\/www.facebook.com\/abvppt\/","https:\/\/x.com\/abvppt","https:\/\/www.instagram.com\/abvppt\/"]},{"@type":"Person","@id":"https:\/\/www.abvp.pt\/#\/schema\/person\/3224ab1e82979d8d2daa9b24c41ac06f","name":"Ruthia Portelinha","image":{"@type":"ImageObject","inLanguage":"en-GB","@id":"https:\/\/www.abvp.pt\/#\/schema\/person\/image\/","url":"https:\/\/secure.gravatar.com\/avatar\/fe88f7331e86f7718c223ca840ea6091?s=96&d=mm&r=g","contentUrl":"https:\/\/secure.gravatar.com\/avatar\/fe88f7331e86f7718c223ca840ea6091?s=96&d=mm&r=g","caption":"Ruthia Portelinha"},"description":"Viajante, m\u00e3e babada, choc\u00f3latra, amante de livros e museus. Autora do blog O Ber\u00e7o do Mundo.","sameAs":["https:\/\/www.bercodomundo.com"],"url":"https:\/\/www.abvp.pt\/en\/author\/ruthia\/"}]}},"_links":{"self":[{"href":"https:\/\/www.abvp.pt\/en\/wp-json\/wp\/v2\/posts\/828","targetHints":{"allow":["GET"]}}],"collection":[{"href":"https:\/\/www.abvp.pt\/en\/wp-json\/wp\/v2\/posts"}],"about":[{"href":"https:\/\/www.abvp.pt\/en\/wp-json\/wp\/v2\/types\/post"}],"author":[{"embeddable":true,"href":"https:\/\/www.abvp.pt\/en\/wp-json\/wp\/v2\/users\/5"}],"replies":[{"embeddable":true,"href":"https:\/\/www.abvp.pt\/en\/wp-json\/wp\/v2\/comments?post=828"}],"version-history":[{"count":0,"href":"https:\/\/www.abvp.pt\/en\/wp-json\/wp\/v2\/posts\/828\/revisions"}],"wp:featuredmedia":[{"embeddable":true,"href":"https:\/\/www.abvp.pt\/en\/wp-json\/wp\/v2\/media\/833"}],"wp:attachment":[{"href":"https:\/\/www.abvp.pt\/en\/wp-json\/wp\/v2\/media?parent=828"}],"wp:term":[{"taxonomy":"category","embeddable":true,"href":"https:\/\/www.abvp.pt\/en\/wp-json\/wp\/v2\/categories?post=828"},{"taxonomy":"post_tag","embeddable":true,"href":"https:\/\/www.abvp.pt\/en\/wp-json\/wp\/v2\/tags?post=828"}],"curies":[{"name":"wp","href":"https:\/\/api.w.org\/{rel}","templated":true}]}}