{"id":845,"date":"2019-08-13T13:42:31","date_gmt":"2019-08-13T13:42:31","guid":{"rendered":"https:\/\/www.abvp.pt\/?p=845"},"modified":"2019-09-20T09:28:07","modified_gmt":"2019-09-20T09:28:07","slug":"artista-viajante-e-poliglota-joao-leitao-entrevista","status":"publish","type":"post","link":"https:\/\/www.abvp.pt\/en\/artista-viajante-e-poliglota-joao-leitao-entrevista\/","title":{"rendered":"Artista, viajante e poliglota: Jo\u00e3o Leit\u00e3o (entrevista)"},"content":{"rendered":"<p>O Jo\u00e3o Leit\u00e3o dispensa apresenta\u00e7\u00f5es no mundo da blogosfera de viagens. Mas o que motiva este viajante poliglota, impulsivo e de cora\u00e7\u00e3o gigante? Vamos conhecer um pouco melhor o portugu\u00eas que adotou Marrocos para viver e j\u00e1 visitou todos os continentes da Terra.<\/p>\n\n\n\n<p><strong>Name<\/strong>: Jo\u00e3o Leit\u00e3o<\/p>\n\n\n\n<p><strong>Profiss\u00e3o<\/strong>: Empres\u00e1rio<\/p>\n\n\n\n<p><strong>Data\nde nascimento<\/strong>: 1980<\/p>\n\n\n\n<p><strong>Local\nde nascimento<\/strong>: Lisboa<\/p>\n\n\n\n<p><strong>Local\nde resid\u00eancia<\/strong>: Ouarzazate (Marrocos)<\/p>\n\n\n\n<p><strong>Pr\u00f3ximas\nviagens<\/strong>: n\u00e3o tenho nada em mente\nneste momento.<\/p>\n\n\n\n<p><strong>Blog: <\/strong><a href=\"https:\/\/www.joaoleitao.com\/viagens\/\" target=\"_blank\" rel=\"noreferrer noopener\" aria-label=\" (abre num novo separador)\">Jo\u00e3o Leit\u00e3o Viagens <\/a><\/p>\n\n\n\n<h3 class=\"wp-block-heading\"><strong>1. O que significam as viagens para si? <\/strong><\/h3>\n\n\n\n<p>Viajar significa\ndescobrir o desconhecido. N\u00e3o viajo para ir ao encontro de mim mesmo, j\u00e1 que\ndesde muito cedo sempre soube o que quis, ou as metas a atingir, em cada fase\nda minha vida.<\/p>\n\n\n\n<p>Viajo para ver\ncoisas novas, conhecer pessoas e culturas diferentes. Basicamente, penso que\nviajo para alargar os horizontes. \u00c9 isso. Tiro grande satisfa\u00e7\u00e3o da viagem,\nespecialmente quando tem um pouco de aventura \u00e0 mistura.<\/p>\n\n\n\n<figure class=\"wp-block-image\"><img fetchpriority=\"high\" decoding=\"async\" width=\"800\" height=\"600\" src=\"https:\/\/www.abvp.pt\/wp-content\/uploads\/joao-leitao-viagens-1-800x600.jpg\" alt=\"\" class=\"wp-image-853\" srcset=\"https:\/\/www.abvp.pt\/wp-content\/uploads\/joao-leitao-viagens-1-800x600.jpg 800w, https:\/\/www.abvp.pt\/wp-content\/uploads\/joao-leitao-viagens-1-600x450.jpg 600w, https:\/\/www.abvp.pt\/wp-content\/uploads\/joao-leitao-viagens-1-300x225.jpg 300w, https:\/\/www.abvp.pt\/wp-content\/uploads\/joao-leitao-viagens-1-150x113.jpg 150w, https:\/\/www.abvp.pt\/wp-content\/uploads\/joao-leitao-viagens-1-768x576.jpg 768w, https:\/\/www.abvp.pt\/wp-content\/uploads\/joao-leitao-viagens-1.jpg 1600w\" sizes=\"(max-width: 800px) 100vw, 800px\" \/><figcaption>Gente simp\u00e1tica na Som\u00e1lia.<\/figcaption><\/figure>\n\n\n\n<h3 class=\"wp-block-heading\"><strong>2. Entre os destinos que j\u00e1 visitou, h\u00e1 algum que\no tenha marcado de forma especial? Conte-nos. <\/strong><\/h3>\n\n\n\n<p>Nunca um pa\u00eds que tenha visitado me deixou indiferente. Voltaria a todos os pa\u00edses onde j\u00e1 estive. Ou seja, todos me marcaram \u00e0 sua maneira. De qualquer maneira, <strong>tenho prefer\u00eancia por pa\u00edses quentes, poeirentos e com pessoas comunicativas<\/strong>.<\/p>\n\n\n\n<blockquote class=\"wp-block-quote is-layout-flow wp-block-quote-is-layout-flow\"><p><em>O homem v\u00ea no mundo aquilo que carrega no cora\u00e7\u00e3o<\/em>. (Goethe)<\/p><\/blockquote>\n\n\n\n<p>Se tiver mesmo de escolher um destino que me tenha marcado de forma especial, aponto Marrocos, pa\u00eds para onde me mudei em 2007, assim que acabei o curso universit\u00e1rio.<\/p>\n\n\n\n<p>Seguindo um impulso forte, mudei-me para o Deserto do Saara, sem planos. <strong>Fui em busca de um lugar onde realmente queria estar. <\/strong>Nada mais. O resto foi acontecendo. Hoje em dia tenho um <a rel=\"noreferrer noopener\" aria-label=\" (abre num novo separador)\" href=\"https:\/\/www.darrita.com\/\" target=\"_blank\">hotel<\/a> e uma <a rel=\"noreferrer noopener\" aria-label=\" (abre num novo separador)\" href=\"https:\/\/www.rjtravelagency.com\/\" target=\"_blank\">ag\u00eancia de viagens<\/a> na cidade de Ouarzazate. H\u00e1 muitos anos que tamb\u00e9m mantenho o portal <a rel=\"noreferrer noopener\" aria-label=\" (abre num novo separador)\" href=\"https:\/\/www.marrocos.com\/\" target=\"_blank\">Marrocos.com<\/a>. <\/p>\n\n\n\n<p>Viagens que gostei particularmente? Hum&#8230; <a rel=\"noreferrer noopener\" aria-label=\" (abre num novo separador)\" href=\"https:\/\/www.joaoleitao.com\/viagens\/2018\/07\/08\/viajar-carro-afeganistao\/\" target=\"_blank\">viajar de carro no Afeganist\u00e3o<\/a> de maneira independente, visitar a cidade de <a rel=\"noreferrer noopener\" aria-label=\" (abre num novo separador)\" href=\"https:\/\/www.joaoleitao.com\/viagens\/2019\/04\/04\/visitar-mossul-iraque\/\" target=\"_blank\">Mossul p\u00f3s-guerra<\/a>, a minha <a href=\"https:\/\/www.joaoleitao.com\/van-life\/camper-van-iraq\/\">van life no Iraque<\/a>, uma semana no <a href=\"https:\/\/www.joaoleitao.com\/country-guides\/visit-yemen\/\">I\u00e9men<\/a>, entre tantas outras.<\/p>\n\n\n\n<h3 class=\"wp-block-heading\"><strong>3. O que mais o influencia na hora de escolher um\ndestino de viagem? <\/strong><\/h3>\n\n\n\n<p>Estudei Artes\nPl\u00e1sticas na Universidade de \u00c9vora. Um dia estava na drogaria, a comprar\nmateriais para montar telas, e vi um homem. Asi\u00e1tico, mas de olhos verdes e com\npele bronzeada. Fiquei indignado por nunca ter visto algu\u00e9m assim.<\/p>\n\n\n\n<p>Depois de lhe perguntar a sua origem, <strong>comprei um bilhete de avi\u00e3o s\u00f3 de ida para o Cazaquist\u00e3o<\/strong>. Mais tarde constataria que a \u00c1sia Central \u00e9 uma regi\u00e3o de forte mistura \u00e9tnica, exatamente o que vi naquele senhor.<\/p>\n\n\n\n<p>\u00c9 assim que escolho\na maior parte dos meus destinos. Felizmente posso ir onde me d\u00e1 vontade e onde\nos meus impulsos me impelem.<\/p>\n\n\n\n<figure class=\"wp-block-image\"><img decoding=\"async\" width=\"800\" height=\"600\" src=\"https:\/\/www.abvp.pt\/wp-content\/uploads\/joao-leitao-viagens-4-800x600.jpg\" alt=\"\" class=\"wp-image-854\" srcset=\"https:\/\/www.abvp.pt\/wp-content\/uploads\/joao-leitao-viagens-4-800x600.jpg 800w, https:\/\/www.abvp.pt\/wp-content\/uploads\/joao-leitao-viagens-4-scaled-600x450.jpg 600w, https:\/\/www.abvp.pt\/wp-content\/uploads\/joao-leitao-viagens-4-scaled-300x225.jpg 300w, https:\/\/www.abvp.pt\/wp-content\/uploads\/joao-leitao-viagens-4-150x113.jpg 150w, https:\/\/www.abvp.pt\/wp-content\/uploads\/joao-leitao-viagens-4-768x576.jpg 768w, https:\/\/www.abvp.pt\/wp-content\/uploads\/joao-leitao-viagens-4-1600x1200.jpg 1600w\" sizes=\"(max-width: 800px) 100vw, 800px\" \/><figcaption> Viagem de mota pelo deserto marroquino.<\/figcaption><\/figure>\n\n\n\n<h3 class=\"wp-block-heading\"><strong>4. J\u00e1 viveu fora de Portugal mais que seis meses?\nSe sim, onde e o que retirou dessa experi\u00eancia? <\/strong><\/h3>\n\n\n\n<p>J\u00e1 vivi em v\u00e1rios pa\u00edses diferentes. Felizmente nunca tive de ficar em Portugal e penso que \u00e9 uma mais-valia ter a oportunidade (ou criar a oportunidade) de viver num pa\u00eds diferente.<\/p>\n\n\n\n<blockquote class=\"wp-block-quote is-layout-flow wp-block-quote-is-layout-flow\"><p><em>Para nascer, Portugal: para morrer, o mund<\/em>o (Padre Ant\u00f3nio Vieira)<\/p><\/blockquote>\n\n\n\n<p>Viver no estrangeiro \u00e9 muito gratificante, porque realmente conseguimos mergulhar em determinada cultura, atrav\u00e9s da viv\u00eancia di\u00e1ria com o povo. Pessoalmente, e como gosto muito de aprender idiomas, fa\u00e7o sempre quest\u00e3o de melhorar ou aprender mais sobre um pa\u00eds por essa via.<\/p>\n\n\n\n<p>J\u00e1 passei temporadas de 6 meses at\u00e9 1 ano em pa\u00edses como a Pol\u00f3nia, Estados Unidos da Am\u00e9rica, Turquia, Finl\u00e2ndia, Marrocos e Ucr\u00e2nia. Al\u00e9m disso, j\u00e1 por duas vezes <strong>estive fora de casa dois anos seguidos<\/strong>, em viagem.<\/p>\n\n\n\n<h3 class=\"wp-block-heading\"><strong>5. Explique o que \u00e9 o seu blog de viagens e a\nraz\u00e3o da sua exist\u00eancia. <\/strong><\/h3>\n\n\n\n<p>O blog come\u00e7ou como pura partilha de informa\u00e7\u00e3o pr\u00e1tica de viagem, para motivar outras pessoas a viajarem de maneira independente. A inten\u00e7\u00e3o primordial era mesmo conseguir mostrar que, se eu podia, os outros tamb\u00e9m podiam descobrir o mundo.<\/p>\n\n\n\n<p>Neste momento o blog serve tamb\u00e9m de arquivo pessoal, para ir relembrando as viagens que fiz, <strong>j\u00e1 que s\u00e3o muitos anos na estrada<\/strong> e algumas mem\u00f3rias v\u00e3o ficando sobrepostas.<\/p>\n\n\n\n<figure class=\"wp-block-image\"><img decoding=\"async\" width=\"800\" height=\"600\" src=\"https:\/\/www.abvp.pt\/wp-content\/uploads\/joao-leitao-viagens-2-800x600.jpg\" alt=\"\" class=\"wp-image-855\" srcset=\"https:\/\/www.abvp.pt\/wp-content\/uploads\/joao-leitao-viagens-2-800x600.jpg 800w, https:\/\/www.abvp.pt\/wp-content\/uploads\/joao-leitao-viagens-2-600x450.jpg 600w, https:\/\/www.abvp.pt\/wp-content\/uploads\/joao-leitao-viagens-2-300x225.jpg 300w, https:\/\/www.abvp.pt\/wp-content\/uploads\/joao-leitao-viagens-2-150x113.jpg 150w, https:\/\/www.abvp.pt\/wp-content\/uploads\/joao-leitao-viagens-2-768x576.jpg 768w, https:\/\/www.abvp.pt\/wp-content\/uploads\/joao-leitao-viagens-2.jpg 1600w\" sizes=\"(max-width: 800px) 100vw, 800px\" \/><figcaption> A caminho de Timbuktu, no Mali.<\/figcaption><\/figure>\n\n\n\n<h3 class=\"wp-block-heading\"><strong>6. Como surgiu o nome do blog?<\/strong><\/h3>\n\n\n\n<p>P\u00e1&#8230; o nome do meu\nblog n\u00e3o tem nada que saber. Jo\u00e3o Leit\u00e3o&#8230; VIAGENS.<\/p>\n\n\n\n<h3 class=\"wp-block-heading\"><strong>7. Destaque um dos posts de que mais gosta no seu\nblog e explique porqu\u00ea. <\/strong><\/h3>\n\n\n\n<p>N\u00e3o tenho assim\nnenhuma prefer\u00eancia. Se calhar os posts da minha viagem de um ano em\nautocaravana em modo <a href=\"https:\/\/www.joaoleitao.com\/viagens\/2017\/12\/15\/vanlife-quirguistao\/\">#vanlife<\/a>.\n<\/p>\n\n\n\n<h3 class=\"wp-block-heading\"><strong>8. Alguma dica para quem pretende come\u00e7ar agora\num blog de viagens?<\/strong><\/h3>\n\n\n\n<p>\u00c9 um assunto muito complexo para esmiu\u00e7ar aqui. Mas \u00e9 importante delinear a inten\u00e7\u00e3o do blog, branding e organiza\u00e7\u00e3o de conte\u00fados.<\/p>\n\n\n\n<h3 class=\"wp-block-heading\"><strong>9. Que papel desempenham os blogs junto de outras\npessoas que gostam de viajar? <\/strong><\/h3>\n\n\n\n<p>H\u00e1 dois tipos de\nviajantes: os que abrem caminhos e os que seguem os caminhos j\u00e1 trilhados.\nNenhum \u00e9 melhor do que outro, j\u00e1 que todas as pessoas s\u00e3o diferentes.<\/p>\n\n\n\n<p>Mas, o que est\u00e1 a acontecer, hoje em dia, \u00e9 que as pessoas n\u00e3o v\u00e3o \u00e0 procura das suas pr\u00f3prias aventuras. <strong>As pessoas seguem as viagens dos outros. Os sonhos dos outros. As aventuras dos outros.<\/strong> E os locais onde os outros tiraram aquela foto publicada no Instagram.<\/p>\n\n\n\n<p>Eu pessoalmente n\u00e3o leio blogs. Mas, entendo que outras pessoas leiam. A quest\u00e3o \u00e9 que a quantidade de blogs que existe atualmente est\u00e1 a provocar uma gera\u00e7\u00e3o de viajantes que vivem as vidas dos outros, sem realmente saberem que viagem \u00e9 a sua.<\/p>\n\n\n\n<figure class=\"wp-block-image\"><img loading=\"lazy\" decoding=\"async\" width=\"800\" height=\"600\" src=\"https:\/\/www.abvp.pt\/wp-content\/uploads\/joao-leitao-viagens-5-800x600.jpg\" alt=\"\" class=\"wp-image-856\" srcset=\"https:\/\/www.abvp.pt\/wp-content\/uploads\/joao-leitao-viagens-5-800x600.jpg 800w, https:\/\/www.abvp.pt\/wp-content\/uploads\/joao-leitao-viagens-5-600x450.jpg 600w, https:\/\/www.abvp.pt\/wp-content\/uploads\/joao-leitao-viagens-5-300x225.jpg 300w, https:\/\/www.abvp.pt\/wp-content\/uploads\/joao-leitao-viagens-5-150x113.jpg 150w, https:\/\/www.abvp.pt\/wp-content\/uploads\/joao-leitao-viagens-5-768x576.jpg 768w, https:\/\/www.abvp.pt\/wp-content\/uploads\/joao-leitao-viagens-5.jpg 1600w\" sizes=\"(max-width: 800px) 100vw, 800px\" \/><figcaption> Militares \u00e0 entrada de Kunduz, no Afeganist\u00e3o. <\/figcaption><\/figure>\n\n\n\n<h3 class=\"wp-block-heading\"><strong>10. Qual \u00e9 o seu maior sonho por cumprir?<\/strong><\/h3>\n\n\n\n<p>A n\u00edvel de viagens, n\u00e3o sou uma pessoa muito sonhadora. Sou muito terra a terra para viver no futuro. Eu vivo no presente. Satisfa\u00e7o-me com o que tenho neste momento, desfruto o que tenho.<\/p>\n\n\n\n<p>Quem me conhece, sabe que \u00e9 muito dif\u00edcil combinar algo comigo a longo prazo. Mais facilmente <strong>fa\u00e7o acontecer um ch\u00e1 em T\u00f3quio amanh\u00e3<\/strong>, do que uma ida ao Porto daqui a 10 meses. At\u00e9 porque sou muito impulsivo. Hoje quero uma coisa, mas possivelmente amanh\u00e3 quero outra. Por isso, fixo-me no aqui e agora. Amanh\u00e3 \u00e9 um outro dia.<\/p>\n\n\n\n<p>Claro que para\nresponder diretamente a esta pergunta, posso dizer que os locais que realmente\nqueria visitar, j\u00e1 visitei.<\/p>","protected":false},"excerpt":{"rendered":"<p>O Jo\u00e3o Leit\u00e3o dispensa apresenta\u00e7\u00f5es no mundo da blogosfera de viagens. Mas o que motiva este viajante poliglota, impulsivo e de cora\u00e7\u00e3o gigante? Vamos conhecer um pouco melhor o portugu\u00eas [&hellip;]<\/p>\n","protected":false},"author":5,"featured_media":852,"comment_status":"open","ping_status":"closed","sticky":false,"template":"","format":"standard","meta":{"_price":"","_stock":"","_tribe_ticket_header":"","_tribe_default_ticket_provider":"","_tribe_ticket_capacity":"0","_ticket_start_date":"","_ticket_end_date":"","_tribe_ticket_show_description":"","_tribe_ticket_show_not_going":false,"_tribe_ticket_use_global_stock":"","_tribe_ticket_global_stock_level":"","_global_stock_mode":"","_global_stock_cap":"","_tribe_rsvp_for_event":"","_tribe_ticket_going_count":"","_tribe_ticket_not_going_count":"","_tribe_tickets_list":"[]","_tribe_ticket_has_attendee_info_fields":false,"_EventAllDay":false,"_EventTimezone":"","_EventStartDate":"","_EventEndDate":"","_EventStartDateUTC":"","_EventEndDateUTC":"","_EventShowMap":false,"_EventShowMapLink":false,"_EventURL":"","_EventCost":"","_EventCostDescription":"","_EventCurrencySymbol":"","_EventCurrencyCode":"","_EventCurrencyPosition":"","_EventDateTimeSeparator":"","_EventTimeRangeSeparator":"","_EventOrganizerID":[],"_EventVenueID":[],"_OrganizerEmail":"","_OrganizerPhone":"","_OrganizerWebsite":"","_VenueAddress":"","_VenueCity":"","_VenueCountry":"","_VenueProvince":"","_VenueState":"","_VenueZip":"","_VenuePhone":"","_VenueURL":"","_VenueStateProvince":"","_VenueLat":"","_VenueLng":"","_VenueShowMap":false,"_VenueShowMapLink":false,"footnotes":""},"categories":[1],"tags":[],"class_list":["post-845","post","type-post","status-publish","format-standard","has-post-thumbnail","hentry","category-conteudo"],"blocksy_meta":[],"yoast_head":"<!-- This site is optimized with the Yoast SEO plugin v26.4 - https:\/\/yoast.com\/wordpress\/plugins\/seo\/ -->\n<title>Artista, viajante e poliglota: Jo\u00e3o Leit\u00e3o (entrevista) - ABVP<\/title>\n<meta name=\"robots\" content=\"index, follow, max-snippet:-1, max-image-preview:large, max-video-preview:-1\" \/>\n<link rel=\"canonical\" href=\"https:\/\/www.abvp.pt\/en\/artista-viajante-e-poliglota-joao-leitao-entrevista\/\" \/>\n<meta property=\"og:locale\" content=\"en_GB\" \/>\n<meta property=\"og:type\" content=\"article\" \/>\n<meta property=\"og:title\" content=\"Artista, viajante e poliglota: Jo\u00e3o Leit\u00e3o (entrevista) - ABVP\" \/>\n<meta property=\"og:description\" content=\"O Jo\u00e3o Leit\u00e3o dispensa apresenta\u00e7\u00f5es no mundo da blogosfera de viagens. Mas o que motiva este viajante poliglota, impulsivo e de cora\u00e7\u00e3o gigante? Vamos conhecer um pouco melhor o portugu\u00eas [&hellip;]\" \/>\n<meta property=\"og:url\" content=\"https:\/\/www.abvp.pt\/en\/artista-viajante-e-poliglota-joao-leitao-entrevista\/\" \/>\n<meta property=\"og:site_name\" content=\"ABVP\" \/>\n<meta property=\"article:publisher\" content=\"https:\/\/www.facebook.com\/abvppt\/\" \/>\n<meta property=\"article:published_time\" content=\"2019-08-13T13:42:31+00:00\" \/>\n<meta property=\"article:modified_time\" content=\"2019-09-20T09:28:07+00:00\" \/>\n<meta property=\"og:image\" content=\"https:\/\/www.abvp.pt\/wp-content\/uploads\/joao-leitao-viagens-3.jpg\" \/>\n\t<meta property=\"og:image:width\" content=\"1700\" \/>\n\t<meta property=\"og:image:height\" content=\"911\" \/>\n\t<meta property=\"og:image:type\" content=\"image\/jpeg\" \/>\n<meta name=\"author\" content=\"Ruthia Portelinha\" \/>\n<meta name=\"twitter:card\" content=\"summary_large_image\" \/>\n<meta name=\"twitter:creator\" content=\"@abvppt\" \/>\n<meta name=\"twitter:site\" content=\"@abvppt\" \/>\n<meta name=\"twitter:label1\" content=\"Written by\" \/>\n\t<meta name=\"twitter:data1\" content=\"Ruthia Portelinha\" \/>\n\t<meta name=\"twitter:label2\" content=\"Estimated reading time\" \/>\n\t<meta name=\"twitter:data2\" content=\"5 minutes\" \/>\n<script type=\"application\/ld+json\" class=\"yoast-schema-graph\">{\"@context\":\"https:\/\/schema.org\",\"@graph\":[{\"@type\":\"Article\",\"@id\":\"https:\/\/www.abvp.pt\/artista-viajante-e-poliglota-joao-leitao-entrevista\/#article\",\"isPartOf\":{\"@id\":\"https:\/\/www.abvp.pt\/artista-viajante-e-poliglota-joao-leitao-entrevista\/\"},\"author\":{\"name\":\"Ruthia Portelinha\",\"@id\":\"https:\/\/www.abvp.pt\/#\/schema\/person\/3224ab1e82979d8d2daa9b24c41ac06f\"},\"headline\":\"Artista, viajante e poliglota: Jo\u00e3o Leit\u00e3o (entrevista)\",\"datePublished\":\"2019-08-13T13:42:31+00:00\",\"dateModified\":\"2019-09-20T09:28:07+00:00\",\"mainEntityOfPage\":{\"@id\":\"https:\/\/www.abvp.pt\/artista-viajante-e-poliglota-joao-leitao-entrevista\/\"},\"wordCount\":1100,\"commentCount\":0,\"publisher\":{\"@id\":\"https:\/\/www.abvp.pt\/#organization\"},\"image\":{\"@id\":\"https:\/\/www.abvp.pt\/artista-viajante-e-poliglota-joao-leitao-entrevista\/#primaryimage\"},\"thumbnailUrl\":\"https:\/\/www.abvp.pt\/wp-content\/uploads\/joao-leitao-viagens-3.jpg\",\"articleSection\":[\"Conte\u00fado\"],\"inLanguage\":\"en-GB\",\"potentialAction\":[{\"@type\":\"CommentAction\",\"name\":\"Comment\",\"target\":[\"https:\/\/www.abvp.pt\/artista-viajante-e-poliglota-joao-leitao-entrevista\/#respond\"]}]},{\"@type\":\"WebPage\",\"@id\":\"https:\/\/www.abvp.pt\/artista-viajante-e-poliglota-joao-leitao-entrevista\/\",\"url\":\"https:\/\/www.abvp.pt\/artista-viajante-e-poliglota-joao-leitao-entrevista\/\",\"name\":\"Artista, viajante e poliglota: Jo\u00e3o Leit\u00e3o (entrevista) - ABVP\",\"isPartOf\":{\"@id\":\"https:\/\/www.abvp.pt\/#website\"},\"primaryImageOfPage\":{\"@id\":\"https:\/\/www.abvp.pt\/artista-viajante-e-poliglota-joao-leitao-entrevista\/#primaryimage\"},\"image\":{\"@id\":\"https:\/\/www.abvp.pt\/artista-viajante-e-poliglota-joao-leitao-entrevista\/#primaryimage\"},\"thumbnailUrl\":\"https:\/\/www.abvp.pt\/wp-content\/uploads\/joao-leitao-viagens-3.jpg\",\"datePublished\":\"2019-08-13T13:42:31+00:00\",\"dateModified\":\"2019-09-20T09:28:07+00:00\",\"breadcrumb\":{\"@id\":\"https:\/\/www.abvp.pt\/artista-viajante-e-poliglota-joao-leitao-entrevista\/#breadcrumb\"},\"inLanguage\":\"en-GB\",\"potentialAction\":[{\"@type\":\"ReadAction\",\"target\":[\"https:\/\/www.abvp.pt\/artista-viajante-e-poliglota-joao-leitao-entrevista\/\"]}]},{\"@type\":\"ImageObject\",\"inLanguage\":\"en-GB\",\"@id\":\"https:\/\/www.abvp.pt\/artista-viajante-e-poliglota-joao-leitao-entrevista\/#primaryimage\",\"url\":\"https:\/\/www.abvp.pt\/wp-content\/uploads\/joao-leitao-viagens-3.jpg\",\"contentUrl\":\"https:\/\/www.abvp.pt\/wp-content\/uploads\/joao-leitao-viagens-3.jpg\",\"width\":1700,\"height\":911,\"caption\":\"Jo\u00e3o Leit\u00e3o de van\"},{\"@type\":\"BreadcrumbList\",\"@id\":\"https:\/\/www.abvp.pt\/artista-viajante-e-poliglota-joao-leitao-entrevista\/#breadcrumb\",\"itemListElement\":[{\"@type\":\"ListItem\",\"position\":1,\"name\":\"In\u00edcio\",\"item\":\"https:\/\/www.abvp.pt\/\"},{\"@type\":\"ListItem\",\"position\":2,\"name\":\"Artista, viajante e poliglota: Jo\u00e3o Leit\u00e3o (entrevista)\"}]},{\"@type\":\"WebSite\",\"@id\":\"https:\/\/www.abvp.pt\/#website\",\"url\":\"https:\/\/www.abvp.pt\/\",\"name\":\"ABVP\",\"description\":\"Associa\u00e7\u00e3o de Bloggers de Viagem Portugueses\",\"publisher\":{\"@id\":\"https:\/\/www.abvp.pt\/#organization\"},\"potentialAction\":[{\"@type\":\"SearchAction\",\"target\":{\"@type\":\"EntryPoint\",\"urlTemplate\":\"https:\/\/www.abvp.pt\/?s={search_term_string}\"},\"query-input\":{\"@type\":\"PropertyValueSpecification\",\"valueRequired\":true,\"valueName\":\"search_term_string\"}}],\"inLanguage\":\"en-GB\"},{\"@type\":\"Organization\",\"@id\":\"https:\/\/www.abvp.pt\/#organization\",\"name\":\"ABVP\",\"url\":\"https:\/\/www.abvp.pt\/\",\"logo\":{\"@type\":\"ImageObject\",\"inLanguage\":\"en-GB\",\"@id\":\"https:\/\/www.abvp.pt\/#\/schema\/logo\/image\/\",\"url\":\"https:\/\/www.abvp.pt\/wp-content\/uploads\/Logo-Header-dark.svg\",\"contentUrl\":\"https:\/\/www.abvp.pt\/wp-content\/uploads\/Logo-Header-dark.svg\",\"width\":325,\"height\":48,\"caption\":\"ABVP\"},\"image\":{\"@id\":\"https:\/\/www.abvp.pt\/#\/schema\/logo\/image\/\"},\"sameAs\":[\"https:\/\/www.facebook.com\/abvppt\/\",\"https:\/\/x.com\/abvppt\",\"https:\/\/www.instagram.com\/abvppt\/\"]},{\"@type\":\"Person\",\"@id\":\"https:\/\/www.abvp.pt\/#\/schema\/person\/3224ab1e82979d8d2daa9b24c41ac06f\",\"name\":\"Ruthia Portelinha\",\"image\":{\"@type\":\"ImageObject\",\"inLanguage\":\"en-GB\",\"@id\":\"https:\/\/www.abvp.pt\/#\/schema\/person\/image\/\",\"url\":\"https:\/\/secure.gravatar.com\/avatar\/fe88f7331e86f7718c223ca840ea6091?s=96&d=mm&r=g\",\"contentUrl\":\"https:\/\/secure.gravatar.com\/avatar\/fe88f7331e86f7718c223ca840ea6091?s=96&d=mm&r=g\",\"caption\":\"Ruthia Portelinha\"},\"description\":\"Viajante, m\u00e3e babada, choc\u00f3latra, amante de livros e museus. Autora do blog O Ber\u00e7o do Mundo.\",\"sameAs\":[\"https:\/\/www.bercodomundo.com\"],\"url\":\"https:\/\/www.abvp.pt\/en\/author\/ruthia\/\"}]}<\/script>\n<!-- \/ Yoast SEO plugin. -->","yoast_head_json":{"title":"Artista, viajante e poliglota: Jo\u00e3o Leit\u00e3o (entrevista) - ABVP","robots":{"index":"index","follow":"follow","max-snippet":"max-snippet:-1","max-image-preview":"max-image-preview:large","max-video-preview":"max-video-preview:-1"},"canonical":"https:\/\/www.abvp.pt\/en\/artista-viajante-e-poliglota-joao-leitao-entrevista\/","og_locale":"en_GB","og_type":"article","og_title":"Artista, viajante e poliglota: Jo\u00e3o Leit\u00e3o (entrevista) - ABVP","og_description":"O Jo\u00e3o Leit\u00e3o dispensa apresenta\u00e7\u00f5es no mundo da blogosfera de viagens. Mas o que motiva este viajante poliglota, impulsivo e de cora\u00e7\u00e3o gigante? Vamos conhecer um pouco melhor o portugu\u00eas [&hellip;]","og_url":"https:\/\/www.abvp.pt\/en\/artista-viajante-e-poliglota-joao-leitao-entrevista\/","og_site_name":"ABVP","article_publisher":"https:\/\/www.facebook.com\/abvppt\/","article_published_time":"2019-08-13T13:42:31+00:00","article_modified_time":"2019-09-20T09:28:07+00:00","og_image":[{"width":1700,"height":911,"url":"https:\/\/www.abvp.pt\/wp-content\/uploads\/joao-leitao-viagens-3.jpg","type":"image\/jpeg"}],"author":"Ruthia Portelinha","twitter_card":"summary_large_image","twitter_creator":"@abvppt","twitter_site":"@abvppt","twitter_misc":{"Written by":"Ruthia Portelinha","Estimated reading time":"5 minutes"},"schema":{"@context":"https:\/\/schema.org","@graph":[{"@type":"Article","@id":"https:\/\/www.abvp.pt\/artista-viajante-e-poliglota-joao-leitao-entrevista\/#article","isPartOf":{"@id":"https:\/\/www.abvp.pt\/artista-viajante-e-poliglota-joao-leitao-entrevista\/"},"author":{"name":"Ruthia Portelinha","@id":"https:\/\/www.abvp.pt\/#\/schema\/person\/3224ab1e82979d8d2daa9b24c41ac06f"},"headline":"Artista, viajante e poliglota: Jo\u00e3o Leit\u00e3o (entrevista)","datePublished":"2019-08-13T13:42:31+00:00","dateModified":"2019-09-20T09:28:07+00:00","mainEntityOfPage":{"@id":"https:\/\/www.abvp.pt\/artista-viajante-e-poliglota-joao-leitao-entrevista\/"},"wordCount":1100,"commentCount":0,"publisher":{"@id":"https:\/\/www.abvp.pt\/#organization"},"image":{"@id":"https:\/\/www.abvp.pt\/artista-viajante-e-poliglota-joao-leitao-entrevista\/#primaryimage"},"thumbnailUrl":"https:\/\/www.abvp.pt\/wp-content\/uploads\/joao-leitao-viagens-3.jpg","articleSection":["Conte\u00fado"],"inLanguage":"en-GB","potentialAction":[{"@type":"CommentAction","name":"Comment","target":["https:\/\/www.abvp.pt\/artista-viajante-e-poliglota-joao-leitao-entrevista\/#respond"]}]},{"@type":"WebPage","@id":"https:\/\/www.abvp.pt\/artista-viajante-e-poliglota-joao-leitao-entrevista\/","url":"https:\/\/www.abvp.pt\/artista-viajante-e-poliglota-joao-leitao-entrevista\/","name":"Artista, viajante e poliglota: Jo\u00e3o Leit\u00e3o (entrevista) - ABVP","isPartOf":{"@id":"https:\/\/www.abvp.pt\/#website"},"primaryImageOfPage":{"@id":"https:\/\/www.abvp.pt\/artista-viajante-e-poliglota-joao-leitao-entrevista\/#primaryimage"},"image":{"@id":"https:\/\/www.abvp.pt\/artista-viajante-e-poliglota-joao-leitao-entrevista\/#primaryimage"},"thumbnailUrl":"https:\/\/www.abvp.pt\/wp-content\/uploads\/joao-leitao-viagens-3.jpg","datePublished":"2019-08-13T13:42:31+00:00","dateModified":"2019-09-20T09:28:07+00:00","breadcrumb":{"@id":"https:\/\/www.abvp.pt\/artista-viajante-e-poliglota-joao-leitao-entrevista\/#breadcrumb"},"inLanguage":"en-GB","potentialAction":[{"@type":"ReadAction","target":["https:\/\/www.abvp.pt\/artista-viajante-e-poliglota-joao-leitao-entrevista\/"]}]},{"@type":"ImageObject","inLanguage":"en-GB","@id":"https:\/\/www.abvp.pt\/artista-viajante-e-poliglota-joao-leitao-entrevista\/#primaryimage","url":"https:\/\/www.abvp.pt\/wp-content\/uploads\/joao-leitao-viagens-3.jpg","contentUrl":"https:\/\/www.abvp.pt\/wp-content\/uploads\/joao-leitao-viagens-3.jpg","width":1700,"height":911,"caption":"Jo\u00e3o Leit\u00e3o de van"},{"@type":"BreadcrumbList","@id":"https:\/\/www.abvp.pt\/artista-viajante-e-poliglota-joao-leitao-entrevista\/#breadcrumb","itemListElement":[{"@type":"ListItem","position":1,"name":"In\u00edcio","item":"https:\/\/www.abvp.pt\/"},{"@type":"ListItem","position":2,"name":"Artista, viajante e poliglota: Jo\u00e3o Leit\u00e3o (entrevista)"}]},{"@type":"WebSite","@id":"https:\/\/www.abvp.pt\/#website","url":"https:\/\/www.abvp.pt\/","name":"ABVP","description":"Association of Portuguese Travel Bloggers","publisher":{"@id":"https:\/\/www.abvp.pt\/#organization"},"potentialAction":[{"@type":"SearchAction","target":{"@type":"EntryPoint","urlTemplate":"https:\/\/www.abvp.pt\/?s={search_term_string}"},"query-input":{"@type":"PropertyValueSpecification","valueRequired":true,"valueName":"search_term_string"}}],"inLanguage":"en-GB"},{"@type":"Organization","@id":"https:\/\/www.abvp.pt\/#organization","name":"ABVP","url":"https:\/\/www.abvp.pt\/","logo":{"@type":"ImageObject","inLanguage":"en-GB","@id":"https:\/\/www.abvp.pt\/#\/schema\/logo\/image\/","url":"https:\/\/www.abvp.pt\/wp-content\/uploads\/Logo-Header-dark.svg","contentUrl":"https:\/\/www.abvp.pt\/wp-content\/uploads\/Logo-Header-dark.svg","width":325,"height":48,"caption":"ABVP"},"image":{"@id":"https:\/\/www.abvp.pt\/#\/schema\/logo\/image\/"},"sameAs":["https:\/\/www.facebook.com\/abvppt\/","https:\/\/x.com\/abvppt","https:\/\/www.instagram.com\/abvppt\/"]},{"@type":"Person","@id":"https:\/\/www.abvp.pt\/#\/schema\/person\/3224ab1e82979d8d2daa9b24c41ac06f","name":"Ruthia Portelinha","image":{"@type":"ImageObject","inLanguage":"en-GB","@id":"https:\/\/www.abvp.pt\/#\/schema\/person\/image\/","url":"https:\/\/secure.gravatar.com\/avatar\/fe88f7331e86f7718c223ca840ea6091?s=96&d=mm&r=g","contentUrl":"https:\/\/secure.gravatar.com\/avatar\/fe88f7331e86f7718c223ca840ea6091?s=96&d=mm&r=g","caption":"Ruthia Portelinha"},"description":"Viajante, m\u00e3e babada, choc\u00f3latra, amante de livros e museus. Autora do blog O Ber\u00e7o do Mundo.","sameAs":["https:\/\/www.bercodomundo.com"],"url":"https:\/\/www.abvp.pt\/en\/author\/ruthia\/"}]}},"_links":{"self":[{"href":"https:\/\/www.abvp.pt\/en\/wp-json\/wp\/v2\/posts\/845","targetHints":{"allow":["GET"]}}],"collection":[{"href":"https:\/\/www.abvp.pt\/en\/wp-json\/wp\/v2\/posts"}],"about":[{"href":"https:\/\/www.abvp.pt\/en\/wp-json\/wp\/v2\/types\/post"}],"author":[{"embeddable":true,"href":"https:\/\/www.abvp.pt\/en\/wp-json\/wp\/v2\/users\/5"}],"replies":[{"embeddable":true,"href":"https:\/\/www.abvp.pt\/en\/wp-json\/wp\/v2\/comments?post=845"}],"version-history":[{"count":0,"href":"https:\/\/www.abvp.pt\/en\/wp-json\/wp\/v2\/posts\/845\/revisions"}],"wp:featuredmedia":[{"embeddable":true,"href":"https:\/\/www.abvp.pt\/en\/wp-json\/wp\/v2\/media\/852"}],"wp:attachment":[{"href":"https:\/\/www.abvp.pt\/en\/wp-json\/wp\/v2\/media?parent=845"}],"wp:term":[{"taxonomy":"category","embeddable":true,"href":"https:\/\/www.abvp.pt\/en\/wp-json\/wp\/v2\/categories?post=845"},{"taxonomy":"post_tag","embeddable":true,"href":"https:\/\/www.abvp.pt\/en\/wp-json\/wp\/v2\/tags?post=845"}],"curies":[{"name":"wp","href":"https:\/\/api.w.org\/{rel}","templated":true}]}}