{"id":863,"date":"2019-09-15T07:31:11","date_gmt":"2019-09-15T07:31:11","guid":{"rendered":"https:\/\/www.abvp.pt\/?p=863"},"modified":"2019-09-20T09:33:03","modified_gmt":"2019-09-20T09:33:03","slug":"paladino-do-portugal-profundo-pedro-henriques-entrevista","status":"publish","type":"post","link":"https:\/\/www.abvp.pt\/en\/paladino-do-portugal-profundo-pedro-henriques-entrevista\/","title":{"rendered":"Paladino do Portugal profundo: Pedro Henriques (entrevista)"},"content":{"rendered":"<p>Amante da natureza, do mundo rural e do Portugal pouco tur\u00edstico, o Pedro Henriques procura conciliar o seu papel de viajante\/blogger com o de pai\/educador. De aventureiro a solo a viajante em fam\u00edlia, a mudan\u00e7a foi-se sentindo no seu blog.<\/p>\n\n\n\n<p>A paix\u00e3o pelas viagens e a preocupa\u00e7\u00e3o com um turismo sustent\u00e1vel, contudo, mant\u00eam-se. Porque  \u00aba Terra n\u00e3o \u00e9 uma heran\u00e7a de nossos pais, mas um empr\u00e9stimo dos nossos filhos\u00bb.<\/p>\n\n\n\n<p><strong>Name<\/strong>: Pedro Henriques<\/p>\n\n\n\n<p><strong>Profiss\u00e3o<\/strong>: T\u00e9cnico superior (fun\u00e7\u00e3o p\u00fablica)<\/p>\n\n\n\n<p><strong>Data de nascimento<\/strong>: 1979<\/p>\n\n\n\n<p><strong>Local de nascimento<\/strong>: Cabeceiras\nde Basto<\/p>\n\n\n\n<p><strong>Local de resid\u00eancia<\/strong>: Braga<\/p>\n\n\n\n<p><strong>Pr\u00f3ximas viagens<\/strong>: nada planeado a curto prazo<\/p>\n\n\n\n<p><strong>Blog:&nbsp; <a href=\"http:\/\/www.espiritoviajante.com\">Esp\u00edrito\nViajante<\/a><\/strong><\/p>\n\n\n\n<p><strong>1.\nO que significam as viagens para si? <\/strong><\/p>\n\n\n\n<p>Para mim viajar \u00e9 um exerc\u00edcio de aprendizagem e humildade. Aprendizagem porque absorvo culturas diferentes e porque aperfei\u00e7oo o auto-conhecimento, ao sair da minha zona de conforto.&nbsp; <\/p>\n\n\n\n<p>Humildade porque perante realidades diferentes, onde presencio a falta de condi\u00e7\u00f5es b\u00e1sicas de vida, percebo que <strong>sou um privilegiado<\/strong>. Tenho liberdade, um emprego, um teto, n\u00e3o passo fome e vivo com conforto. Isso \u00e9 apenas uma miragem para uma boa parte das pessoas deste mundo. <\/p>\n\n\n\n<figure class=\"wp-block-image\"><img fetchpriority=\"high\" decoding=\"async\" width=\"1024\" height=\"683\" src=\"https:\/\/www.abvp.pt\/wp-content\/uploads\/Serra-do-Ger\u00eas.jpg\" alt=\"\" class=\"wp-image-868\" srcset=\"https:\/\/www.abvp.pt\/wp-content\/uploads\/Serra-do-Ger\u00eas.jpg 1024w, https:\/\/www.abvp.pt\/wp-content\/uploads\/Serra-do-Ger\u00eas-600x400.jpg 600w, https:\/\/www.abvp.pt\/wp-content\/uploads\/Serra-do-Ger\u00eas-150x100.jpg 150w, https:\/\/www.abvp.pt\/wp-content\/uploads\/Serra-do-Ger\u00eas-800x534.jpg 800w, https:\/\/www.abvp.pt\/wp-content\/uploads\/Serra-do-Ger\u00eas-768x512.jpg 768w\" sizes=\"(max-width: 1024px) 100vw, 1024px\" \/><figcaption>Na Serra do Ger\u00eas<\/figcaption><\/figure>\n\n\n\n<p><strong>2.\nEntre os destinos que j\u00e1 visitou, h\u00e1 algum que o tenha marcado de forma\nespecial? Conte-nos. <\/strong><\/p>\n\n\n\n<p>Todos os destinos me marcaram de uma forma ou outra e, felizmente, n\u00e3o tenho m\u00e1s recorda\u00e7\u00f5es de nenhum. Obviamente, j\u00e1 passei por algumas situa\u00e7\u00f5es complicadas, mas improvisar e desenrascar  tamb\u00e9m faz parte das viagens. <\/p>\n\n\n\n<p>Se tiver que destacar alguns destinos posso come\u00e7ar pelo <strong>Ger\u00eas, o lugar onde me sinto verdadeiramente feliz<\/strong>. Piren\u00e9us, Istambul, Marraquexe e Sukhothai foram alguns dos destinos que tamb\u00e9m gostei bastante. Existem outros que visitei de forma breve, onde pretendo regressar para explorar com calma. \u00c9 o caso da B\u00f3snia e Herzegovina, Montenegro e, mais recentemente, a Alb\u00e2nia.<\/p>\n\n\n\n<p><strong>3.\nO que mais o influencia na hora de escolher um destino de viagem? <\/strong><\/p>\n\n\n\n<p>Atualmente escolho os destinos a pensar primeiro no meu filho: dura\u00e7\u00e3o dos voos, escalas, seguran\u00e7a e cuidados de sa\u00fade. Portanto, num futuro pr\u00f3ximo, n\u00e3o poderei planear viagens muito arrojadas. <\/p>\n\n\n\n<p>De qualquer forma, tento escolher um destino que tenha hist\u00f3rias para contar, paisagens naturais relevantes e s\u00edtios classificados pela UNESCO.<\/p>\n\n\n\n<p><strong>4.\nJ\u00e1 viveu fora de Portugal mais que seis meses? Se sim, onde e o que retirou\ndessa experi\u00eancia? <\/strong><\/p>\n\n\n\n<p>Infelizmente ainda n\u00e3o tive essa experi\u00eancia. O\nm\u00e1ximo que estive longe do meu pa\u00eds foi perto de dois meses. <\/p>\n\n\n\n<figure class=\"wp-block-image\"><img decoding=\"async\" width=\"1600\" height=\"1067\" src=\"https:\/\/www.abvp.pt\/wp-content\/uploads\/Perast-Montenegro-1600x1067.jpg\" alt=\"\" class=\"wp-image-871\" srcset=\"https:\/\/www.abvp.pt\/wp-content\/uploads\/Perast-Montenegro-1600x1067.jpg 1600w, https:\/\/www.abvp.pt\/wp-content\/uploads\/Perast-Montenegro-scaled-600x400.jpg 600w, https:\/\/www.abvp.pt\/wp-content\/uploads\/Perast-Montenegro-150x100.jpg 150w, https:\/\/www.abvp.pt\/wp-content\/uploads\/Perast-Montenegro-800x533.jpg 800w, https:\/\/www.abvp.pt\/wp-content\/uploads\/Perast-Montenegro-768x512.jpg 768w\" sizes=\"(max-width: 1600px) 100vw, 1600px\" \/><figcaption>As lindas paisagens do Montenegro<\/figcaption><\/figure>\n\n\n\n<p><strong>5.\nExplique o que \u00e9 o seu blog de viagens e a raz\u00e3o da sua exist\u00eancia. <\/strong><\/p>\n\n\n\n<p>O Esp\u00edrito Viajante nasceu no final de 2013. Antes de criar o blog tive uma p\u00e1gina no Facebook, que mantive durante alguns anos, onde partilhava fotos e uma pequena descri\u00e7\u00e3o das minhas viagens. Ao fim de algum tempo, deixou de fazer sentido. Depois de refletir e fazendo a vontade a alguns amigos, decidi avan\u00e7ar para o blog, onde posso divulgar as minhas experi\u00eancias de uma forma mais din\u00e2mica e onde \u00e9 mais f\u00e1cil aceder aos conte\u00fados. <\/p>\n\n\n\n<p>No blog procuro <strong>mostrar um pouco do Portugal profundo e desconhecido, sobretudo o mundo rural<\/strong>. Adoro visitar as aldeias hist\u00f3ricas do interior do pa\u00eds e saborear a sua gastronomia. Divulgo tamb\u00e9m atividades na natureza, como trilhos pedestres. Mas n\u00e3o me limito a esses temas, tenho artigos sobre destinos em v\u00e1rios pontos do mundo.<\/p>\n\n\n\n<p>Ao longo do tempo o blog reinventou-se. Se, no in\u00edcio, era mais direcionado a viajantes a solo ou com amigos, hoje em dia, a prioridade \u00e9 para os leitores que viajam com os seus filhos, tal como eu fa\u00e7o com o meu, que tem 3 anos de idade.<\/p>\n\n\n\n<p><strong>6.\nComo surgiu o nome do blog?<\/strong><\/p>\n\n\n\n<p>Bom, n\u00e3o foi f\u00e1cil chegar ao Esp\u00edrito Viajante. Posso dizer que j\u00e1 tinha o modelo concetual do blog montado e o nome s\u00f3 veio praticamente no fim. Apesar da demora, identifico-me plenamente com ele. Sem d\u00favida, tenho um esp\u00edrito viajante.   Todos os dias sou inundado com sonhos de viagens que gostaria de fazer.&nbsp; <\/p>\n\n\n\n<p><strong>7.\nDestaque um dos posts de que mais gosta no seu blog e explique porqu\u00ea. <\/strong><\/p>\n\n\n\n<p>No geral, gosto de todos os artigos, embora os \u00faltimos publicados tenham mais conte\u00fado. Penso que a qualidade da escrita evoluiu com o tempo. Dos cerca de 150 artigos que j\u00e1 publiquei no blog, existe um que considero especial sobre os <a href=\"http:\/\/www.espiritoviajante.com\/passadicos-de-sistelo-trilhos-natureza\/\"><strong>Passadi\u00e7os de Sistelo<\/strong><\/a><strong> em Arcos de Valdevez<\/strong>. Gra\u00e7as a este artigo, o blog cresceu consideravelmente, ultrapassando as 40 mil visitas mensais.<\/p>\n\n\n\n<figure class=\"wp-block-image\"><img decoding=\"async\" width=\"1024\" height=\"683\" src=\"https:\/\/www.abvp.pt\/wp-content\/uploads\/Cascatas-Kravice-Bosnia-e-Herzegovina-1.jpg\" alt=\"\" class=\"wp-image-885\" srcset=\"https:\/\/www.abvp.pt\/wp-content\/uploads\/Cascatas-Kravice-Bosnia-e-Herzegovina-1.jpg 1024w, https:\/\/www.abvp.pt\/wp-content\/uploads\/Cascatas-Kravice-Bosnia-e-Herzegovina-1-600x400.jpg 600w, https:\/\/www.abvp.pt\/wp-content\/uploads\/Cascatas-Kravice-Bosnia-e-Herzegovina-1-150x100.jpg 150w, https:\/\/www.abvp.pt\/wp-content\/uploads\/Cascatas-Kravice-Bosnia-e-Herzegovina-1-800x534.jpg 800w, https:\/\/www.abvp.pt\/wp-content\/uploads\/Cascatas-Kravice-Bosnia-e-Herzegovina-1-768x512.jpg 768w\" sizes=\"(max-width: 1024px) 100vw, 1024px\" \/><figcaption>Com o filho nas cascatas Kravice (B\u00f3snia e Herzegovina)<\/figcaption><\/figure>\n\n\n\n<p><strong>8.\nAlguma dica para quem pretende come\u00e7ar agora um blog de viagens? <\/strong><\/p>\n\n\n\n<p>Se querem levar o projeto a s\u00e9rio, t\u00eam que se\ndedicar muito. Ser blogger de viagens d\u00e1 muito trabalho e \u00e9 preciso ser\npaciente. Desde a gest\u00e3o das redes sociais, ao wordpress e SEO, mas sobretudo a\nescrita. Da minha experi\u00eancia \u00e9 o que mais custa. Digo sem qualquer problema\nque na maioria das vezes n\u00e3o me apetece escrever. <\/p>\n\n\n\n<p>Tenho uma <strong>vida profissional e familiar que exige muito de mim<\/strong> e, no pouco tempo livre que tenho, nem sempre me apetece estar ligado \u00e0 blogosfera. Mas j\u00e1 dediquei muitas horas ao Esp\u00edrito Viajante. A minha motiva\u00e7\u00e3o \u00e9 o cont\u00ednuo crescimento do blog e as palavras encorajadoras de leitores, que n\u00e3o me deixam desistir. <\/p>\n\n\n\n<p><strong>9.\nQue papel desempenham os blogs junto de outras pessoas que gostam de viajar? <\/strong><\/p>\n\n\n\n<p>Os blogs t\u00eam cada vez mais um papel de refer\u00eancia no\nmundo das viagens. Hoje em dia as pessoas t\u00eam mais facilidade em planear as\nsuas pr\u00f3prias viagens e os blogs servem frequentemente como fontes inspiradoras.\nS\u00e3o os relatos pessoais dos bloggers que acabam por incutir mais confian\u00e7a nos\nleitores. <\/p>\n\n\n\n<p>Por outro lado, com o estatuto que os blogs t\u00eam ganho, acabam por ter mais responsabilidade. Temos o dever de partilhar as nossas experi\u00eancias sempre de forma \u00e9tica, sustent\u00e1vel, em <strong>total respeito pelos valores ambientais e culturais de cada destino.<\/strong><\/p>\n\n\n\n<p><strong>10. Qual \u00e9 o seu maior sonho\npor cumprir?<\/strong><\/p>\n\n\n\n<p>Uma\nvolta ao mundo em fam\u00edlia. <\/p>","protected":false},"excerpt":{"rendered":"<p>Amante da natureza, do mundo rural e do Portugal pouco tur\u00edstico, o Pedro Henriques procura conciliar o seu papel de viajante\/blogger com o de pai\/educador. De aventureiro a solo a [&hellip;]<\/p>\n","protected":false},"author":5,"featured_media":867,"comment_status":"open","ping_status":"closed","sticky":false,"template":"","format":"standard","meta":{"_price":"","_stock":"","_tribe_ticket_header":"","_tribe_default_ticket_provider":"","_tribe_ticket_capacity":"0","_ticket_start_date":"","_ticket_end_date":"","_tribe_ticket_show_description":"","_tribe_ticket_show_not_going":false,"_tribe_ticket_use_global_stock":"","_tribe_ticket_global_stock_level":"","_global_stock_mode":"","_global_stock_cap":"","_tribe_rsvp_for_event":"","_tribe_ticket_going_count":"","_tribe_ticket_not_going_count":"","_tribe_tickets_list":"[]","_tribe_ticket_has_attendee_info_fields":false,"_EventAllDay":false,"_EventTimezone":"","_EventStartDate":"","_EventEndDate":"","_EventStartDateUTC":"","_EventEndDateUTC":"","_EventShowMap":false,"_EventShowMapLink":false,"_EventURL":"","_EventCost":"","_EventCostDescription":"","_EventCurrencySymbol":"","_EventCurrencyCode":"","_EventCurrencyPosition":"","_EventDateTimeSeparator":"","_EventTimeRangeSeparator":"","_EventOrganizerID":[],"_EventVenueID":[],"_OrganizerEmail":"","_OrganizerPhone":"","_OrganizerWebsite":"","_VenueAddress":"","_VenueCity":"","_VenueCountry":"","_VenueProvince":"","_VenueState":"","_VenueZip":"","_VenuePhone":"","_VenueURL":"","_VenueStateProvince":"","_VenueLat":"","_VenueLng":"","_VenueShowMap":false,"_VenueShowMapLink":false,"footnotes":""},"categories":[1],"tags":[],"class_list":["post-863","post","type-post","status-publish","format-standard","has-post-thumbnail","hentry","category-conteudo"],"blocksy_meta":[],"yoast_head":"<!-- This site is optimized with the Yoast SEO plugin v26.4 - https:\/\/yoast.com\/wordpress\/plugins\/seo\/ -->\n<title>Paladino do Portugal profundo: Pedro Henriques (entrevista) - ABVP<\/title>\n<meta name=\"robots\" content=\"index, follow, max-snippet:-1, max-image-preview:large, max-video-preview:-1\" \/>\n<link rel=\"canonical\" href=\"https:\/\/www.abvp.pt\/en\/paladino-do-portugal-profundo-pedro-henriques-entrevista\/\" \/>\n<meta property=\"og:locale\" content=\"en_GB\" \/>\n<meta property=\"og:type\" content=\"article\" \/>\n<meta property=\"og:title\" content=\"Paladino do Portugal profundo: Pedro Henriques (entrevista) - ABVP\" \/>\n<meta property=\"og:description\" content=\"Amante da natureza, do mundo rural e do Portugal pouco tur\u00edstico, o Pedro Henriques procura conciliar o seu papel de viajante\/blogger com o de pai\/educador. De aventureiro a solo a [&hellip;]\" \/>\n<meta property=\"og:url\" content=\"https:\/\/www.abvp.pt\/en\/paladino-do-portugal-profundo-pedro-henriques-entrevista\/\" \/>\n<meta property=\"og:site_name\" content=\"ABVP\" \/>\n<meta property=\"article:publisher\" content=\"https:\/\/www.facebook.com\/abvppt\/\" \/>\n<meta property=\"article:published_time\" content=\"2019-09-15T07:31:11+00:00\" \/>\n<meta property=\"article:modified_time\" content=\"2019-09-20T09:33:03+00:00\" \/>\n<meta property=\"og:image\" content=\"https:\/\/www.abvp.pt\/wp-content\/uploads\/Parque-Nacional-de-Butrint-Alb\u00e2nia.jpg\" \/>\n\t<meta property=\"og:image:width\" content=\"1024\" \/>\n\t<meta property=\"og:image:height\" content=\"683\" \/>\n\t<meta property=\"og:image:type\" content=\"image\/jpeg\" \/>\n<meta name=\"author\" content=\"Ruthia Portelinha\" \/>\n<meta name=\"twitter:card\" content=\"summary_large_image\" \/>\n<meta name=\"twitter:creator\" content=\"@abvppt\" \/>\n<meta name=\"twitter:site\" content=\"@abvppt\" \/>\n<meta name=\"twitter:label1\" content=\"Written by\" \/>\n\t<meta name=\"twitter:data1\" content=\"Ruthia Portelinha\" \/>\n\t<meta name=\"twitter:label2\" content=\"Estimated reading time\" \/>\n\t<meta name=\"twitter:data2\" content=\"5 minutes\" \/>\n<script type=\"application\/ld+json\" class=\"yoast-schema-graph\">{\"@context\":\"https:\/\/schema.org\",\"@graph\":[{\"@type\":\"Article\",\"@id\":\"https:\/\/www.abvp.pt\/paladino-do-portugal-profundo-pedro-henriques-entrevista\/#article\",\"isPartOf\":{\"@id\":\"https:\/\/www.abvp.pt\/paladino-do-portugal-profundo-pedro-henriques-entrevista\/\"},\"author\":{\"name\":\"Ruthia Portelinha\",\"@id\":\"https:\/\/www.abvp.pt\/#\/schema\/person\/3224ab1e82979d8d2daa9b24c41ac06f\"},\"headline\":\"Paladino do Portugal profundo: Pedro Henriques (entrevista)\",\"datePublished\":\"2019-09-15T07:31:11+00:00\",\"dateModified\":\"2019-09-20T09:33:03+00:00\",\"mainEntityOfPage\":{\"@id\":\"https:\/\/www.abvp.pt\/paladino-do-portugal-profundo-pedro-henriques-entrevista\/\"},\"wordCount\":1059,\"commentCount\":0,\"publisher\":{\"@id\":\"https:\/\/www.abvp.pt\/#organization\"},\"image\":{\"@id\":\"https:\/\/www.abvp.pt\/paladino-do-portugal-profundo-pedro-henriques-entrevista\/#primaryimage\"},\"thumbnailUrl\":\"https:\/\/www.abvp.pt\/wp-content\/uploads\/Parque-Nacional-de-Butrint-Alb\u00e2nia.jpg\",\"articleSection\":[\"Conte\u00fado\"],\"inLanguage\":\"en-GB\",\"potentialAction\":[{\"@type\":\"CommentAction\",\"name\":\"Comment\",\"target\":[\"https:\/\/www.abvp.pt\/paladino-do-portugal-profundo-pedro-henriques-entrevista\/#respond\"]}]},{\"@type\":\"WebPage\",\"@id\":\"https:\/\/www.abvp.pt\/paladino-do-portugal-profundo-pedro-henriques-entrevista\/\",\"url\":\"https:\/\/www.abvp.pt\/paladino-do-portugal-profundo-pedro-henriques-entrevista\/\",\"name\":\"Paladino do Portugal profundo: Pedro Henriques (entrevista) - ABVP\",\"isPartOf\":{\"@id\":\"https:\/\/www.abvp.pt\/#website\"},\"primaryImageOfPage\":{\"@id\":\"https:\/\/www.abvp.pt\/paladino-do-portugal-profundo-pedro-henriques-entrevista\/#primaryimage\"},\"image\":{\"@id\":\"https:\/\/www.abvp.pt\/paladino-do-portugal-profundo-pedro-henriques-entrevista\/#primaryimage\"},\"thumbnailUrl\":\"https:\/\/www.abvp.pt\/wp-content\/uploads\/Parque-Nacional-de-Butrint-Alb\u00e2nia.jpg\",\"datePublished\":\"2019-09-15T07:31:11+00:00\",\"dateModified\":\"2019-09-20T09:33:03+00:00\",\"breadcrumb\":{\"@id\":\"https:\/\/www.abvp.pt\/paladino-do-portugal-profundo-pedro-henriques-entrevista\/#breadcrumb\"},\"inLanguage\":\"en-GB\",\"potentialAction\":[{\"@type\":\"ReadAction\",\"target\":[\"https:\/\/www.abvp.pt\/paladino-do-portugal-profundo-pedro-henriques-entrevista\/\"]}]},{\"@type\":\"ImageObject\",\"inLanguage\":\"en-GB\",\"@id\":\"https:\/\/www.abvp.pt\/paladino-do-portugal-profundo-pedro-henriques-entrevista\/#primaryimage\",\"url\":\"https:\/\/www.abvp.pt\/wp-content\/uploads\/Parque-Nacional-de-Butrint-Alb\u00e2nia.jpg\",\"contentUrl\":\"https:\/\/www.abvp.pt\/wp-content\/uploads\/Parque-Nacional-de-Butrint-Alb\u00e2nia.jpg\",\"width\":1024,\"height\":683,\"caption\":\"No Parque Nacional de Butrint, na Alb\u00e2nia, com o filho pequeno\"},{\"@type\":\"BreadcrumbList\",\"@id\":\"https:\/\/www.abvp.pt\/paladino-do-portugal-profundo-pedro-henriques-entrevista\/#breadcrumb\",\"itemListElement\":[{\"@type\":\"ListItem\",\"position\":1,\"name\":\"In\u00edcio\",\"item\":\"https:\/\/www.abvp.pt\/\"},{\"@type\":\"ListItem\",\"position\":2,\"name\":\"Paladino do Portugal profundo: Pedro Henriques (entrevista)\"}]},{\"@type\":\"WebSite\",\"@id\":\"https:\/\/www.abvp.pt\/#website\",\"url\":\"https:\/\/www.abvp.pt\/\",\"name\":\"ABVP\",\"description\":\"Associa\u00e7\u00e3o de Bloggers de Viagem Portugueses\",\"publisher\":{\"@id\":\"https:\/\/www.abvp.pt\/#organization\"},\"potentialAction\":[{\"@type\":\"SearchAction\",\"target\":{\"@type\":\"EntryPoint\",\"urlTemplate\":\"https:\/\/www.abvp.pt\/?s={search_term_string}\"},\"query-input\":{\"@type\":\"PropertyValueSpecification\",\"valueRequired\":true,\"valueName\":\"search_term_string\"}}],\"inLanguage\":\"en-GB\"},{\"@type\":\"Organization\",\"@id\":\"https:\/\/www.abvp.pt\/#organization\",\"name\":\"ABVP\",\"url\":\"https:\/\/www.abvp.pt\/\",\"logo\":{\"@type\":\"ImageObject\",\"inLanguage\":\"en-GB\",\"@id\":\"https:\/\/www.abvp.pt\/#\/schema\/logo\/image\/\",\"url\":\"https:\/\/www.abvp.pt\/wp-content\/uploads\/Logo-Header-dark.svg\",\"contentUrl\":\"https:\/\/www.abvp.pt\/wp-content\/uploads\/Logo-Header-dark.svg\",\"width\":325,\"height\":48,\"caption\":\"ABVP\"},\"image\":{\"@id\":\"https:\/\/www.abvp.pt\/#\/schema\/logo\/image\/\"},\"sameAs\":[\"https:\/\/www.facebook.com\/abvppt\/\",\"https:\/\/x.com\/abvppt\",\"https:\/\/www.instagram.com\/abvppt\/\"]},{\"@type\":\"Person\",\"@id\":\"https:\/\/www.abvp.pt\/#\/schema\/person\/3224ab1e82979d8d2daa9b24c41ac06f\",\"name\":\"Ruthia Portelinha\",\"image\":{\"@type\":\"ImageObject\",\"inLanguage\":\"en-GB\",\"@id\":\"https:\/\/www.abvp.pt\/#\/schema\/person\/image\/\",\"url\":\"https:\/\/secure.gravatar.com\/avatar\/fe88f7331e86f7718c223ca840ea6091?s=96&d=mm&r=g\",\"contentUrl\":\"https:\/\/secure.gravatar.com\/avatar\/fe88f7331e86f7718c223ca840ea6091?s=96&d=mm&r=g\",\"caption\":\"Ruthia Portelinha\"},\"description\":\"Viajante, m\u00e3e babada, choc\u00f3latra, amante de livros e museus. Autora do blog O Ber\u00e7o do Mundo.\",\"sameAs\":[\"https:\/\/www.bercodomundo.com\"],\"url\":\"https:\/\/www.abvp.pt\/en\/author\/ruthia\/\"}]}<\/script>\n<!-- \/ Yoast SEO plugin. -->","yoast_head_json":{"title":"Paladino do Portugal profundo: Pedro Henriques (entrevista) - ABVP","robots":{"index":"index","follow":"follow","max-snippet":"max-snippet:-1","max-image-preview":"max-image-preview:large","max-video-preview":"max-video-preview:-1"},"canonical":"https:\/\/www.abvp.pt\/en\/paladino-do-portugal-profundo-pedro-henriques-entrevista\/","og_locale":"en_GB","og_type":"article","og_title":"Paladino do Portugal profundo: Pedro Henriques (entrevista) - ABVP","og_description":"Amante da natureza, do mundo rural e do Portugal pouco tur\u00edstico, o Pedro Henriques procura conciliar o seu papel de viajante\/blogger com o de pai\/educador. De aventureiro a solo a [&hellip;]","og_url":"https:\/\/www.abvp.pt\/en\/paladino-do-portugal-profundo-pedro-henriques-entrevista\/","og_site_name":"ABVP","article_publisher":"https:\/\/www.facebook.com\/abvppt\/","article_published_time":"2019-09-15T07:31:11+00:00","article_modified_time":"2019-09-20T09:33:03+00:00","og_image":[{"width":1024,"height":683,"url":"https:\/\/www.abvp.pt\/wp-content\/uploads\/Parque-Nacional-de-Butrint-Alb\u00e2nia.jpg","type":"image\/jpeg"}],"author":"Ruthia Portelinha","twitter_card":"summary_large_image","twitter_creator":"@abvppt","twitter_site":"@abvppt","twitter_misc":{"Written by":"Ruthia Portelinha","Estimated reading time":"5 minutes"},"schema":{"@context":"https:\/\/schema.org","@graph":[{"@type":"Article","@id":"https:\/\/www.abvp.pt\/paladino-do-portugal-profundo-pedro-henriques-entrevista\/#article","isPartOf":{"@id":"https:\/\/www.abvp.pt\/paladino-do-portugal-profundo-pedro-henriques-entrevista\/"},"author":{"name":"Ruthia Portelinha","@id":"https:\/\/www.abvp.pt\/#\/schema\/person\/3224ab1e82979d8d2daa9b24c41ac06f"},"headline":"Paladino do Portugal profundo: Pedro Henriques (entrevista)","datePublished":"2019-09-15T07:31:11+00:00","dateModified":"2019-09-20T09:33:03+00:00","mainEntityOfPage":{"@id":"https:\/\/www.abvp.pt\/paladino-do-portugal-profundo-pedro-henriques-entrevista\/"},"wordCount":1059,"commentCount":0,"publisher":{"@id":"https:\/\/www.abvp.pt\/#organization"},"image":{"@id":"https:\/\/www.abvp.pt\/paladino-do-portugal-profundo-pedro-henriques-entrevista\/#primaryimage"},"thumbnailUrl":"https:\/\/www.abvp.pt\/wp-content\/uploads\/Parque-Nacional-de-Butrint-Alb\u00e2nia.jpg","articleSection":["Conte\u00fado"],"inLanguage":"en-GB","potentialAction":[{"@type":"CommentAction","name":"Comment","target":["https:\/\/www.abvp.pt\/paladino-do-portugal-profundo-pedro-henriques-entrevista\/#respond"]}]},{"@type":"WebPage","@id":"https:\/\/www.abvp.pt\/paladino-do-portugal-profundo-pedro-henriques-entrevista\/","url":"https:\/\/www.abvp.pt\/paladino-do-portugal-profundo-pedro-henriques-entrevista\/","name":"Paladino do Portugal profundo: Pedro Henriques (entrevista) - ABVP","isPartOf":{"@id":"https:\/\/www.abvp.pt\/#website"},"primaryImageOfPage":{"@id":"https:\/\/www.abvp.pt\/paladino-do-portugal-profundo-pedro-henriques-entrevista\/#primaryimage"},"image":{"@id":"https:\/\/www.abvp.pt\/paladino-do-portugal-profundo-pedro-henriques-entrevista\/#primaryimage"},"thumbnailUrl":"https:\/\/www.abvp.pt\/wp-content\/uploads\/Parque-Nacional-de-Butrint-Alb\u00e2nia.jpg","datePublished":"2019-09-15T07:31:11+00:00","dateModified":"2019-09-20T09:33:03+00:00","breadcrumb":{"@id":"https:\/\/www.abvp.pt\/paladino-do-portugal-profundo-pedro-henriques-entrevista\/#breadcrumb"},"inLanguage":"en-GB","potentialAction":[{"@type":"ReadAction","target":["https:\/\/www.abvp.pt\/paladino-do-portugal-profundo-pedro-henriques-entrevista\/"]}]},{"@type":"ImageObject","inLanguage":"en-GB","@id":"https:\/\/www.abvp.pt\/paladino-do-portugal-profundo-pedro-henriques-entrevista\/#primaryimage","url":"https:\/\/www.abvp.pt\/wp-content\/uploads\/Parque-Nacional-de-Butrint-Alb\u00e2nia.jpg","contentUrl":"https:\/\/www.abvp.pt\/wp-content\/uploads\/Parque-Nacional-de-Butrint-Alb\u00e2nia.jpg","width":1024,"height":683,"caption":"No Parque Nacional de Butrint, na Alb\u00e2nia, com o filho pequeno"},{"@type":"BreadcrumbList","@id":"https:\/\/www.abvp.pt\/paladino-do-portugal-profundo-pedro-henriques-entrevista\/#breadcrumb","itemListElement":[{"@type":"ListItem","position":1,"name":"In\u00edcio","item":"https:\/\/www.abvp.pt\/"},{"@type":"ListItem","position":2,"name":"Paladino do Portugal profundo: Pedro Henriques (entrevista)"}]},{"@type":"WebSite","@id":"https:\/\/www.abvp.pt\/#website","url":"https:\/\/www.abvp.pt\/","name":"ABVP","description":"Association of Portuguese Travel Bloggers","publisher":{"@id":"https:\/\/www.abvp.pt\/#organization"},"potentialAction":[{"@type":"SearchAction","target":{"@type":"EntryPoint","urlTemplate":"https:\/\/www.abvp.pt\/?s={search_term_string}"},"query-input":{"@type":"PropertyValueSpecification","valueRequired":true,"valueName":"search_term_string"}}],"inLanguage":"en-GB"},{"@type":"Organization","@id":"https:\/\/www.abvp.pt\/#organization","name":"ABVP","url":"https:\/\/www.abvp.pt\/","logo":{"@type":"ImageObject","inLanguage":"en-GB","@id":"https:\/\/www.abvp.pt\/#\/schema\/logo\/image\/","url":"https:\/\/www.abvp.pt\/wp-content\/uploads\/Logo-Header-dark.svg","contentUrl":"https:\/\/www.abvp.pt\/wp-content\/uploads\/Logo-Header-dark.svg","width":325,"height":48,"caption":"ABVP"},"image":{"@id":"https:\/\/www.abvp.pt\/#\/schema\/logo\/image\/"},"sameAs":["https:\/\/www.facebook.com\/abvppt\/","https:\/\/x.com\/abvppt","https:\/\/www.instagram.com\/abvppt\/"]},{"@type":"Person","@id":"https:\/\/www.abvp.pt\/#\/schema\/person\/3224ab1e82979d8d2daa9b24c41ac06f","name":"Ruthia Portelinha","image":{"@type":"ImageObject","inLanguage":"en-GB","@id":"https:\/\/www.abvp.pt\/#\/schema\/person\/image\/","url":"https:\/\/secure.gravatar.com\/avatar\/fe88f7331e86f7718c223ca840ea6091?s=96&d=mm&r=g","contentUrl":"https:\/\/secure.gravatar.com\/avatar\/fe88f7331e86f7718c223ca840ea6091?s=96&d=mm&r=g","caption":"Ruthia Portelinha"},"description":"Viajante, m\u00e3e babada, choc\u00f3latra, amante de livros e museus. Autora do blog O Ber\u00e7o do Mundo.","sameAs":["https:\/\/www.bercodomundo.com"],"url":"https:\/\/www.abvp.pt\/en\/author\/ruthia\/"}]}},"_links":{"self":[{"href":"https:\/\/www.abvp.pt\/en\/wp-json\/wp\/v2\/posts\/863","targetHints":{"allow":["GET"]}}],"collection":[{"href":"https:\/\/www.abvp.pt\/en\/wp-json\/wp\/v2\/posts"}],"about":[{"href":"https:\/\/www.abvp.pt\/en\/wp-json\/wp\/v2\/types\/post"}],"author":[{"embeddable":true,"href":"https:\/\/www.abvp.pt\/en\/wp-json\/wp\/v2\/users\/5"}],"replies":[{"embeddable":true,"href":"https:\/\/www.abvp.pt\/en\/wp-json\/wp\/v2\/comments?post=863"}],"version-history":[{"count":0,"href":"https:\/\/www.abvp.pt\/en\/wp-json\/wp\/v2\/posts\/863\/revisions"}],"wp:featuredmedia":[{"embeddable":true,"href":"https:\/\/www.abvp.pt\/en\/wp-json\/wp\/v2\/media\/867"}],"wp:attachment":[{"href":"https:\/\/www.abvp.pt\/en\/wp-json\/wp\/v2\/media?parent=863"}],"wp:term":[{"taxonomy":"category","embeddable":true,"href":"https:\/\/www.abvp.pt\/en\/wp-json\/wp\/v2\/categories?post=863"},{"taxonomy":"post_tag","embeddable":true,"href":"https:\/\/www.abvp.pt\/en\/wp-json\/wp\/v2\/tags?post=863"}],"curies":[{"name":"wp","href":"https:\/\/api.w.org\/{rel}","templated":true}]}}