{"id":905,"date":"2019-09-28T18:07:10","date_gmt":"2019-09-28T18:07:10","guid":{"rendered":"https:\/\/www.abvp.pt\/?p=905"},"modified":"2019-10-14T09:50:31","modified_gmt":"2019-10-14T09:50:31","slug":"do-tamanho-dos-seus-sonhos-carla-mota-entrevista","status":"publish","type":"post","link":"https:\/\/www.abvp.pt\/en\/do-tamanho-dos-seus-sonhos-carla-mota-entrevista\/","title":{"rendered":"Do tamanho dos seus sonhos: Carla Mota (entrevista)"},"content":{"rendered":"<p>Nasceu j\u00e1 irrequieta, sonhadora e temer\u00e1ria. Os anos s\u00f3 aumentaram a sede de aventura, at\u00e9 que se lan\u00e7ou no mundo. E nunca mais parou. Atualmente, esta professora de Geografia aproveita um ano sab\u00e1tico para dar uma volta ao mundo com o seu insepar\u00e1vel companheiro: o Rui Pinto.<\/p>\n\n\n\n<p><strong>Name<\/strong>: Carla Mota<\/p>\n\n\n\n<p><strong>Profiss\u00e3o<\/strong>: Ge\u00f3grafa<\/p>\n\n\n\n<p><strong>Data de nascimento<\/strong>: 1975<\/p>\n\n\n\n<p><strong>Local de nascimento<\/strong>: S\u00e3o\nJo\u00e3o da Madeira<\/p>\n\n\n\n<p><strong>Local de resid\u00eancia<\/strong>: Guimar\u00e3es<\/p>\n\n\n\n<p><strong>Pr\u00f3ximas viagens<\/strong>: atualmente\nnuma volta ao mundo<\/p>\n\n\n\n<p><strong>Blog: <\/strong><a href=\"https:\/\/www.viajarentreviagens.pt\/\">Viajar entre Viagens<\/a><\/p>\n\n\n\n<p><strong>1.\nO que significam as viagens para si? <\/strong><\/p>\n\n\n\n<p>Viajar \u00e9 uma das coisas mais importantes da minha vida. Trabalho para ter independ\u00eancia financeira e ser aquilo que sou de alma e cora\u00e7\u00e3o: viajante. Tenho uma sede (incontrol\u00e1vel) de conhecer o mundo, as culturas, as pessoas, os diferentes modos de vida, as paisagens. Tenho uma vontade enorme de voltar a partir, sempre que estou parada. <\/p>\n\n\n\n<p>\u00c9 um v\u00edcio, um v\u00edcio saud\u00e1vel e \u00e9 isso que torna as viagens t\u00e3o gratificantes. Nunca seria verdadeiramente professora se n\u00e3o viajasse. Como podemos ensinar se n\u00e3o vemos com os pr\u00f3prios olhos? Viajar faz parte da nossa forma\u00e7\u00e3o. Mant\u00e9m-nos atualizados sobre o que se passa no mundo: conflitos, rela\u00e7\u00f5es humanas, desenvolvimento, confrontos, seguran\u00e7a, quest\u00f5es de sa\u00fade, tudo.<\/p>\n\n\n\n<figure class=\"wp-block-image\"><img fetchpriority=\"high\" decoding=\"async\" width=\"1600\" height=\"900\" src=\"https:\/\/www.abvp.pt\/wp-content\/uploads\/70610450_2928499270709156_8187766163778830336_n-1600x900.jpg\" alt=\"\" class=\"wp-image-908\" srcset=\"https:\/\/www.abvp.pt\/wp-content\/uploads\/70610450_2928499270709156_8187766163778830336_n-1600x900.jpg 1600w, https:\/\/www.abvp.pt\/wp-content\/uploads\/70610450_2928499270709156_8187766163778830336_n-600x338.jpg 600w, https:\/\/www.abvp.pt\/wp-content\/uploads\/70610450_2928499270709156_8187766163778830336_n-150x84.jpg 150w, https:\/\/www.abvp.pt\/wp-content\/uploads\/70610450_2928499270709156_8187766163778830336_n-800x450.jpg 800w, https:\/\/www.abvp.pt\/wp-content\/uploads\/70610450_2928499270709156_8187766163778830336_n-768x432.jpg 768w, https:\/\/www.abvp.pt\/wp-content\/uploads\/70610450_2928499270709156_8187766163778830336_n-960x540.jpg 960w, https:\/\/www.abvp.pt\/wp-content\/uploads\/70610450_2928499270709156_8187766163778830336_n.jpg 2000w\" sizes=\"(max-width: 1600px) 100vw, 1600px\" \/><figcaption>Fazer novos amigos em Bali.<\/figcaption><\/figure>\n\n\n\n<p><strong>2.\nEntre os destinos que j\u00e1 visitou, h\u00e1 algum que a tenha marcado de forma\nespecial? Conte-nos. <\/strong><\/p>\n\n\n\n<p>Em primeiro lugar, a \u00cdndia, pela press\u00e3o demogr\u00e1fica, pelo assalto aos sentidos, pela constante adrenalina. <strong>Viajar na \u00cdndia \u00e9 uma li\u00e7\u00e3o de vida<\/strong>; \u00e9 um misto de sentimentos: agora odiamos, agora adoramos. Aprendemos todos os dias, a todas as horas. Nunca sabemos o que vai acontecer no momento seguinte. N\u00e3o sabemos se daqui a 15 minutos vamos rir ou chorar. O pa\u00eds toma conta de n\u00f3s. Diria que a \u00cdndia n\u00e3o \u00e9 um pa\u00eds, \u00e9 outro planeta. <\/p>\n\n\n\n<p>Por outro lado, a Argentina \u00e9 o pa\u00eds do nosso cora\u00e7\u00e3o. S\u00e3o as paisagens naturais, a montanha, os glaciares, as plan\u00edcies a perder de vista. \u00c9 a natureza no seu melhor. As quedas de \u00e1gua do Igua\u00e7u, a Terra do Fogo ou a Patag\u00f3nia s\u00e3o dos lugares mais bonitos da Terra.<\/p>\n\n\n\n<p><strong>3. O que mais a influencia na hora de escolher um destino de viagem? <\/strong><\/p>\n\n\n\n<p>A carga cultural do pa\u00eds. Procuro o choque cultural, a surpresa e o in\u00f3spito.<\/p>\n\n\n\n<p><strong>4.\nJ\u00e1 viveu fora de Portugal mais que seis meses? Se sim, onde e o que retirou\ndessa experi\u00eancia? <\/strong><\/p>\n\n\n\n<p>Vivi em Mendoza, na Argentina, durante um ano. Foi um dos melhores anos da minha vida. Estava a desenvolver o doutoramento no Aconc\u00e1gua, nos Andes, e aproveitei para viajar pela Am\u00e9rica do Sul, sozinha, no ano seguinte. Foi maravilhoso, uma aprendizagem pessoal e profissional \u00edmpar.<\/p>\n\n\n\n<figure class=\"wp-block-image\"><img decoding=\"async\" width=\"1600\" height=\"1200\" src=\"https:\/\/www.abvp.pt\/wp-content\/uploads\/70514314_237462083836647_7519428978612895744_n-1600x1200.jpg\" alt=\"\" class=\"wp-image-909\" srcset=\"https:\/\/www.abvp.pt\/wp-content\/uploads\/70514314_237462083836647_7519428978612895744_n-1600x1200.jpg 1600w, https:\/\/www.abvp.pt\/wp-content\/uploads\/70514314_237462083836647_7519428978612895744_n-600x450.jpg 600w, https:\/\/www.abvp.pt\/wp-content\/uploads\/70514314_237462083836647_7519428978612895744_n-300x225.jpg 300w, https:\/\/www.abvp.pt\/wp-content\/uploads\/70514314_237462083836647_7519428978612895744_n-150x113.jpg 150w, https:\/\/www.abvp.pt\/wp-content\/uploads\/70514314_237462083836647_7519428978612895744_n-800x600.jpg 800w, https:\/\/www.abvp.pt\/wp-content\/uploads\/70514314_237462083836647_7519428978612895744_n-768x576.jpg 768w, https:\/\/www.abvp.pt\/wp-content\/uploads\/70514314_237462083836647_7519428978612895744_n.jpg 2000w\" sizes=\"(max-width: 1600px) 100vw, 1600px\" \/><figcaption>Mergulho junto das ilhas Gili.<\/figcaption><\/figure>\n\n\n\n<p><strong>5.\nExplique o que \u00e9 o seu blog de viagens e a raz\u00e3o da sua exist\u00eancia. <\/strong><\/p>\n\n\n\n<p>J\u00e1 viaj\u00e1vamos h\u00e1 algum tempo quando inici\u00e1mos o blog. Em 2007, eu e o Rui fizemos uma viagem de 2 meses \u00e0 \u00cdndia, onde enfrent\u00e1mos v\u00e1rios desafios, f\u00edsicos e psicol\u00f3gicos, que mereciam ser contados. Essa viagem foi um teste \u00e0 nossa vontade de conhecer o mundo mas, na altura, n\u00e3o a partilh\u00e1mos com ningu\u00e9m. Aquilo que aprendemos e sentimos, aquilo que conhecemos, devia ser visto por mais pessoas. Quando cheg\u00e1mos era imposs\u00edvel fazer um blog, os sentimentos j\u00e1 n\u00e3o eram os mesmos. <\/p>\n\n\n\n<p>Assim quando, no ano seguinte, decidimos ir para a Am\u00e9rica do Sul, cri\u00e1mos um blog para contar essa aventura. Pass\u00e1mos a reunir as nossas viagens em diferentes blogs, criando um novo para cada viagem de cerca de 2 meses. No entanto, n\u00e3o partilh\u00e1vamos as viagens mais curtas. Surgiu assim o&nbsp;<em>Viajar entre Viagens<\/em>, para partilhar &#8220;viagens pequenas&#8221;; come\u00e7\u00e1mos por escrever sobre It\u00e1lia, Gr\u00e9cia, Marrocos, Paraguai, Uruguai, Ir\u00e3o, etc. <\/p>\n\n\n\n<p>Em 2010\/2011, quando estive a trabalhar e a viajar na Argentina e no Chile, tamb\u00e9m partilhei ali toda a experi\u00eancia. Depois de criarmos uma p\u00e1gina no Facebook associada, o blog cresceu rapidamente e tornou-se o nosso projeto principal. Quando demos conta j\u00e1 t\u00ednhamos mais de 2 mil seguidores, atualmente s\u00e3o 42 mil. Decidimos que este blog reuniria todas as nossas aventuras.&nbsp;<\/p>\n\n\n\n<p><strong>6.\nComo surgiu o nome do blog?<\/strong><\/p>\n\n\n\n<p>Expliquei acima \ud83d\ude42<\/p>\n\n\n\n<p><strong>7.\nDestaque um dos posts de que mais gosta no seu blog e explique porqu\u00ea. <\/strong><\/p>\n\n\n\n<p>H\u00e1 um artigo sobre a <a href=\"https:\/\/www.viajarentreviagens.pt\/india\/conselhos-para-viajar-para-a-india\/\">\u00cdndia<\/a> que \u00e9 um dos meus favoritos, porque sou eu que estou naquelas palavras. E o nosso blog \u00e9 isso, \u00e9 parte de n\u00f3s. <\/p>\n\n\n\n<figure class=\"wp-block-image\"><img decoding=\"async\" width=\"1600\" height=\"1200\" src=\"https:\/\/www.abvp.pt\/wp-content\/uploads\/70336471_2353683391547276_8183141085296459776_n-1-1600x1200.jpg\" alt=\"\" class=\"wp-image-910\" srcset=\"https:\/\/www.abvp.pt\/wp-content\/uploads\/70336471_2353683391547276_8183141085296459776_n-1-1600x1200.jpg 1600w, https:\/\/www.abvp.pt\/wp-content\/uploads\/70336471_2353683391547276_8183141085296459776_n-1-600x450.jpg 600w, https:\/\/www.abvp.pt\/wp-content\/uploads\/70336471_2353683391547276_8183141085296459776_n-1-300x225.jpg 300w, https:\/\/www.abvp.pt\/wp-content\/uploads\/70336471_2353683391547276_8183141085296459776_n-1-150x113.jpg 150w, https:\/\/www.abvp.pt\/wp-content\/uploads\/70336471_2353683391547276_8183141085296459776_n-1-800x600.jpg 800w, https:\/\/www.abvp.pt\/wp-content\/uploads\/70336471_2353683391547276_8183141085296459776_n-1-768x576.jpg 768w, https:\/\/www.abvp.pt\/wp-content\/uploads\/70336471_2353683391547276_8183141085296459776_n-1.jpg 2000w\" sizes=\"(max-width: 1600px) 100vw, 1600px\" \/><figcaption>No topo do monte Rinjani, em Bali. <\/figcaption><\/figure>\n\n\n\n<p><strong>8.\nAlguma dica para quem pretende come\u00e7ar agora um blog de viagens? <\/strong><\/p>\n\n\n\n<p>Paix\u00e3o, perseveran\u00e7a e trabalho. Quem conseguir reunir estas tr\u00eas condi\u00e7\u00f5es, deve faz\u00ea-lo. <\/p>\n\n\n\n<p><strong>9.\nQue papel desempenham os blogs junto de outras pessoas que gostam de viajar? <\/strong><\/p>\n\n\n\n<p>Penso que t\u00eam um papel cada vez maior e mais \u00fatil. H\u00e1 cada vez mais influenciadores na \u00e1rea das viagens, mas tamb\u00e9m se vai percebendo a diferen\u00e7a entre os simples apaixonados pela partilha e os projetos de qualidade. \u00c9 muito dif\u00edcil manter a qualidade de um blog e dos conte\u00fados, mas o p\u00fablico em geral consegue perceber isso e torna-se fiel a determinados projetos que, felizmente, s\u00e3o cada vez mais e de melhor qualidade.<\/p>\n\n\n\n<p><strong>10. Qual \u00e9 o seu maior sonho por cumprir?<\/strong> <\/p>\n\n\n\n<p>Todos! O meu mundo \u00e9 feito de sonhos. Sonho a dormir e acordada. Sonho de dia e de noite. Todos os dias sonho com o que posso fazer amanh\u00e3. E luto muito para o cumprir. Os meus grandes sonhos talvez sejam ir \u00e0 Ant\u00e1rtida e percorrer \u00c1frica a p\u00e9, de norte a sul. Tal como todos os outros sonhos, tenciono cumpri-los. <\/p>","protected":false},"excerpt":{"rendered":"<p>Nasceu j\u00e1 irrequieta, sonhadora e temer\u00e1ria. Os anos s\u00f3 aumentaram a sede de aventura, at\u00e9 que se lan\u00e7ou no mundo. E nunca mais parou. Atualmente, esta professora de Geografia aproveita [&hellip;]<\/p>\n","protected":false},"author":5,"featured_media":907,"comment_status":"open","ping_status":"closed","sticky":false,"template":"","format":"standard","meta":{"_price":"","_stock":"","_tribe_ticket_header":"","_tribe_default_ticket_provider":"","_tribe_ticket_capacity":"0","_ticket_start_date":"","_ticket_end_date":"","_tribe_ticket_show_description":"","_tribe_ticket_show_not_going":false,"_tribe_ticket_use_global_stock":"","_tribe_ticket_global_stock_level":"","_global_stock_mode":"","_global_stock_cap":"","_tribe_rsvp_for_event":"","_tribe_ticket_going_count":"","_tribe_ticket_not_going_count":"","_tribe_tickets_list":"[]","_tribe_ticket_has_attendee_info_fields":false,"_EventAllDay":false,"_EventTimezone":"","_EventStartDate":"","_EventEndDate":"","_EventStartDateUTC":"","_EventEndDateUTC":"","_EventShowMap":false,"_EventShowMapLink":false,"_EventURL":"","_EventCost":"","_EventCostDescription":"","_EventCurrencySymbol":"","_EventCurrencyCode":"","_EventCurrencyPosition":"","_EventDateTimeSeparator":"","_EventTimeRangeSeparator":"","_EventOrganizerID":[],"_EventVenueID":[],"_OrganizerEmail":"","_OrganizerPhone":"","_OrganizerWebsite":"","_VenueAddress":"","_VenueCity":"","_VenueCountry":"","_VenueProvince":"","_VenueState":"","_VenueZip":"","_VenuePhone":"","_VenueURL":"","_VenueStateProvince":"","_VenueLat":"","_VenueLng":"","_VenueShowMap":false,"_VenueShowMapLink":false,"footnotes":""},"categories":[1],"tags":[],"class_list":["post-905","post","type-post","status-publish","format-standard","has-post-thumbnail","hentry","category-conteudo"],"blocksy_meta":[],"yoast_head":"<!-- This site is optimized with the Yoast SEO plugin v26.4 - https:\/\/yoast.com\/wordpress\/plugins\/seo\/ -->\n<title>Do tamanho dos seus sonhos: Carla Mota (entrevista) - ABVP<\/title>\n<meta name=\"robots\" content=\"index, follow, max-snippet:-1, max-image-preview:large, max-video-preview:-1\" \/>\n<link rel=\"canonical\" href=\"https:\/\/www.abvp.pt\/en\/do-tamanho-dos-seus-sonhos-carla-mota-entrevista\/\" \/>\n<meta property=\"og:locale\" content=\"en_GB\" \/>\n<meta property=\"og:type\" content=\"article\" \/>\n<meta property=\"og:title\" content=\"Do tamanho dos seus sonhos: Carla Mota (entrevista) - ABVP\" \/>\n<meta property=\"og:description\" content=\"Nasceu j\u00e1 irrequieta, sonhadora e temer\u00e1ria. Os anos s\u00f3 aumentaram a sede de aventura, at\u00e9 que se lan\u00e7ou no mundo. E nunca mais parou. Atualmente, esta professora de Geografia aproveita [&hellip;]\" \/>\n<meta property=\"og:url\" content=\"https:\/\/www.abvp.pt\/en\/do-tamanho-dos-seus-sonhos-carla-mota-entrevista\/\" \/>\n<meta property=\"og:site_name\" content=\"ABVP\" \/>\n<meta property=\"article:publisher\" content=\"https:\/\/www.facebook.com\/abvppt\/\" \/>\n<meta property=\"article:published_time\" content=\"2019-09-28T18:07:10+00:00\" \/>\n<meta property=\"article:modified_time\" content=\"2019-10-14T09:50:31+00:00\" \/>\n<meta property=\"og:image\" content=\"https:\/\/www.abvp.pt\/wp-content\/uploads\/70403237_504374836979147_3836249816531206144_n.jpg\" \/>\n\t<meta property=\"og:image:width\" content=\"2000\" \/>\n\t<meta property=\"og:image:height\" content=\"1125\" \/>\n\t<meta property=\"og:image:type\" content=\"image\/jpeg\" \/>\n<meta name=\"author\" content=\"Ruthia Portelinha\" \/>\n<meta name=\"twitter:card\" content=\"summary_large_image\" \/>\n<meta name=\"twitter:creator\" content=\"@abvppt\" \/>\n<meta name=\"twitter:site\" content=\"@abvppt\" \/>\n<meta name=\"twitter:label1\" content=\"Written by\" \/>\n\t<meta name=\"twitter:data1\" content=\"Ruthia Portelinha\" \/>\n\t<meta name=\"twitter:label2\" content=\"Estimated reading time\" \/>\n\t<meta name=\"twitter:data2\" content=\"5 minutes\" \/>\n<script type=\"application\/ld+json\" class=\"yoast-schema-graph\">{\"@context\":\"https:\/\/schema.org\",\"@graph\":[{\"@type\":\"Article\",\"@id\":\"https:\/\/www.abvp.pt\/do-tamanho-dos-seus-sonhos-carla-mota-entrevista\/#article\",\"isPartOf\":{\"@id\":\"https:\/\/www.abvp.pt\/do-tamanho-dos-seus-sonhos-carla-mota-entrevista\/\"},\"author\":{\"name\":\"Ruthia Portelinha\",\"@id\":\"https:\/\/www.abvp.pt\/#\/schema\/person\/3224ab1e82979d8d2daa9b24c41ac06f\"},\"headline\":\"Do tamanho dos seus sonhos: Carla Mota (entrevista)\",\"datePublished\":\"2019-09-28T18:07:10+00:00\",\"dateModified\":\"2019-10-14T09:50:31+00:00\",\"mainEntityOfPage\":{\"@id\":\"https:\/\/www.abvp.pt\/do-tamanho-dos-seus-sonhos-carla-mota-entrevista\/\"},\"wordCount\":978,\"commentCount\":0,\"publisher\":{\"@id\":\"https:\/\/www.abvp.pt\/#organization\"},\"image\":{\"@id\":\"https:\/\/www.abvp.pt\/do-tamanho-dos-seus-sonhos-carla-mota-entrevista\/#primaryimage\"},\"thumbnailUrl\":\"https:\/\/www.abvp.pt\/wp-content\/uploads\/70403237_504374836979147_3836249816531206144_n.jpg\",\"articleSection\":[\"Conte\u00fado\"],\"inLanguage\":\"en-GB\",\"potentialAction\":[{\"@type\":\"CommentAction\",\"name\":\"Comment\",\"target\":[\"https:\/\/www.abvp.pt\/do-tamanho-dos-seus-sonhos-carla-mota-entrevista\/#respond\"]}]},{\"@type\":\"WebPage\",\"@id\":\"https:\/\/www.abvp.pt\/do-tamanho-dos-seus-sonhos-carla-mota-entrevista\/\",\"url\":\"https:\/\/www.abvp.pt\/do-tamanho-dos-seus-sonhos-carla-mota-entrevista\/\",\"name\":\"Do tamanho dos seus sonhos: Carla Mota (entrevista) - ABVP\",\"isPartOf\":{\"@id\":\"https:\/\/www.abvp.pt\/#website\"},\"primaryImageOfPage\":{\"@id\":\"https:\/\/www.abvp.pt\/do-tamanho-dos-seus-sonhos-carla-mota-entrevista\/#primaryimage\"},\"image\":{\"@id\":\"https:\/\/www.abvp.pt\/do-tamanho-dos-seus-sonhos-carla-mota-entrevista\/#primaryimage\"},\"thumbnailUrl\":\"https:\/\/www.abvp.pt\/wp-content\/uploads\/70403237_504374836979147_3836249816531206144_n.jpg\",\"datePublished\":\"2019-09-28T18:07:10+00:00\",\"dateModified\":\"2019-10-14T09:50:31+00:00\",\"breadcrumb\":{\"@id\":\"https:\/\/www.abvp.pt\/do-tamanho-dos-seus-sonhos-carla-mota-entrevista\/#breadcrumb\"},\"inLanguage\":\"en-GB\",\"potentialAction\":[{\"@type\":\"ReadAction\",\"target\":[\"https:\/\/www.abvp.pt\/do-tamanho-dos-seus-sonhos-carla-mota-entrevista\/\"]}]},{\"@type\":\"ImageObject\",\"inLanguage\":\"en-GB\",\"@id\":\"https:\/\/www.abvp.pt\/do-tamanho-dos-seus-sonhos-carla-mota-entrevista\/#primaryimage\",\"url\":\"https:\/\/www.abvp.pt\/wp-content\/uploads\/70403237_504374836979147_3836249816531206144_n.jpg\",\"contentUrl\":\"https:\/\/www.abvp.pt\/wp-content\/uploads\/70403237_504374836979147_3836249816531206144_n.jpg\",\"width\":2000,\"height\":1125},{\"@type\":\"BreadcrumbList\",\"@id\":\"https:\/\/www.abvp.pt\/do-tamanho-dos-seus-sonhos-carla-mota-entrevista\/#breadcrumb\",\"itemListElement\":[{\"@type\":\"ListItem\",\"position\":1,\"name\":\"In\u00edcio\",\"item\":\"https:\/\/www.abvp.pt\/\"},{\"@type\":\"ListItem\",\"position\":2,\"name\":\"Do tamanho dos seus sonhos: Carla Mota (entrevista)\"}]},{\"@type\":\"WebSite\",\"@id\":\"https:\/\/www.abvp.pt\/#website\",\"url\":\"https:\/\/www.abvp.pt\/\",\"name\":\"ABVP\",\"description\":\"Associa\u00e7\u00e3o de Bloggers de Viagem Portugueses\",\"publisher\":{\"@id\":\"https:\/\/www.abvp.pt\/#organization\"},\"potentialAction\":[{\"@type\":\"SearchAction\",\"target\":{\"@type\":\"EntryPoint\",\"urlTemplate\":\"https:\/\/www.abvp.pt\/?s={search_term_string}\"},\"query-input\":{\"@type\":\"PropertyValueSpecification\",\"valueRequired\":true,\"valueName\":\"search_term_string\"}}],\"inLanguage\":\"en-GB\"},{\"@type\":\"Organization\",\"@id\":\"https:\/\/www.abvp.pt\/#organization\",\"name\":\"ABVP\",\"url\":\"https:\/\/www.abvp.pt\/\",\"logo\":{\"@type\":\"ImageObject\",\"inLanguage\":\"en-GB\",\"@id\":\"https:\/\/www.abvp.pt\/#\/schema\/logo\/image\/\",\"url\":\"https:\/\/www.abvp.pt\/wp-content\/uploads\/Logo-Header-dark.svg\",\"contentUrl\":\"https:\/\/www.abvp.pt\/wp-content\/uploads\/Logo-Header-dark.svg\",\"width\":325,\"height\":48,\"caption\":\"ABVP\"},\"image\":{\"@id\":\"https:\/\/www.abvp.pt\/#\/schema\/logo\/image\/\"},\"sameAs\":[\"https:\/\/www.facebook.com\/abvppt\/\",\"https:\/\/x.com\/abvppt\",\"https:\/\/www.instagram.com\/abvppt\/\"]},{\"@type\":\"Person\",\"@id\":\"https:\/\/www.abvp.pt\/#\/schema\/person\/3224ab1e82979d8d2daa9b24c41ac06f\",\"name\":\"Ruthia Portelinha\",\"image\":{\"@type\":\"ImageObject\",\"inLanguage\":\"en-GB\",\"@id\":\"https:\/\/www.abvp.pt\/#\/schema\/person\/image\/\",\"url\":\"https:\/\/secure.gravatar.com\/avatar\/fe88f7331e86f7718c223ca840ea6091?s=96&d=mm&r=g\",\"contentUrl\":\"https:\/\/secure.gravatar.com\/avatar\/fe88f7331e86f7718c223ca840ea6091?s=96&d=mm&r=g\",\"caption\":\"Ruthia Portelinha\"},\"description\":\"Viajante, m\u00e3e babada, choc\u00f3latra, amante de livros e museus. Autora do blog O Ber\u00e7o do Mundo.\",\"sameAs\":[\"https:\/\/www.bercodomundo.com\"],\"url\":\"https:\/\/www.abvp.pt\/en\/author\/ruthia\/\"}]}<\/script>\n<!-- \/ Yoast SEO plugin. -->","yoast_head_json":{"title":"Do tamanho dos seus sonhos: Carla Mota (entrevista) - ABVP","robots":{"index":"index","follow":"follow","max-snippet":"max-snippet:-1","max-image-preview":"max-image-preview:large","max-video-preview":"max-video-preview:-1"},"canonical":"https:\/\/www.abvp.pt\/en\/do-tamanho-dos-seus-sonhos-carla-mota-entrevista\/","og_locale":"en_GB","og_type":"article","og_title":"Do tamanho dos seus sonhos: Carla Mota (entrevista) - ABVP","og_description":"Nasceu j\u00e1 irrequieta, sonhadora e temer\u00e1ria. Os anos s\u00f3 aumentaram a sede de aventura, at\u00e9 que se lan\u00e7ou no mundo. E nunca mais parou. Atualmente, esta professora de Geografia aproveita [&hellip;]","og_url":"https:\/\/www.abvp.pt\/en\/do-tamanho-dos-seus-sonhos-carla-mota-entrevista\/","og_site_name":"ABVP","article_publisher":"https:\/\/www.facebook.com\/abvppt\/","article_published_time":"2019-09-28T18:07:10+00:00","article_modified_time":"2019-10-14T09:50:31+00:00","og_image":[{"width":2000,"height":1125,"url":"https:\/\/www.abvp.pt\/wp-content\/uploads\/70403237_504374836979147_3836249816531206144_n.jpg","type":"image\/jpeg"}],"author":"Ruthia Portelinha","twitter_card":"summary_large_image","twitter_creator":"@abvppt","twitter_site":"@abvppt","twitter_misc":{"Written by":"Ruthia Portelinha","Estimated reading time":"5 minutes"},"schema":{"@context":"https:\/\/schema.org","@graph":[{"@type":"Article","@id":"https:\/\/www.abvp.pt\/do-tamanho-dos-seus-sonhos-carla-mota-entrevista\/#article","isPartOf":{"@id":"https:\/\/www.abvp.pt\/do-tamanho-dos-seus-sonhos-carla-mota-entrevista\/"},"author":{"name":"Ruthia Portelinha","@id":"https:\/\/www.abvp.pt\/#\/schema\/person\/3224ab1e82979d8d2daa9b24c41ac06f"},"headline":"Do tamanho dos seus sonhos: Carla Mota (entrevista)","datePublished":"2019-09-28T18:07:10+00:00","dateModified":"2019-10-14T09:50:31+00:00","mainEntityOfPage":{"@id":"https:\/\/www.abvp.pt\/do-tamanho-dos-seus-sonhos-carla-mota-entrevista\/"},"wordCount":978,"commentCount":0,"publisher":{"@id":"https:\/\/www.abvp.pt\/#organization"},"image":{"@id":"https:\/\/www.abvp.pt\/do-tamanho-dos-seus-sonhos-carla-mota-entrevista\/#primaryimage"},"thumbnailUrl":"https:\/\/www.abvp.pt\/wp-content\/uploads\/70403237_504374836979147_3836249816531206144_n.jpg","articleSection":["Conte\u00fado"],"inLanguage":"en-GB","potentialAction":[{"@type":"CommentAction","name":"Comment","target":["https:\/\/www.abvp.pt\/do-tamanho-dos-seus-sonhos-carla-mota-entrevista\/#respond"]}]},{"@type":"WebPage","@id":"https:\/\/www.abvp.pt\/do-tamanho-dos-seus-sonhos-carla-mota-entrevista\/","url":"https:\/\/www.abvp.pt\/do-tamanho-dos-seus-sonhos-carla-mota-entrevista\/","name":"Do tamanho dos seus sonhos: Carla Mota (entrevista) - ABVP","isPartOf":{"@id":"https:\/\/www.abvp.pt\/#website"},"primaryImageOfPage":{"@id":"https:\/\/www.abvp.pt\/do-tamanho-dos-seus-sonhos-carla-mota-entrevista\/#primaryimage"},"image":{"@id":"https:\/\/www.abvp.pt\/do-tamanho-dos-seus-sonhos-carla-mota-entrevista\/#primaryimage"},"thumbnailUrl":"https:\/\/www.abvp.pt\/wp-content\/uploads\/70403237_504374836979147_3836249816531206144_n.jpg","datePublished":"2019-09-28T18:07:10+00:00","dateModified":"2019-10-14T09:50:31+00:00","breadcrumb":{"@id":"https:\/\/www.abvp.pt\/do-tamanho-dos-seus-sonhos-carla-mota-entrevista\/#breadcrumb"},"inLanguage":"en-GB","potentialAction":[{"@type":"ReadAction","target":["https:\/\/www.abvp.pt\/do-tamanho-dos-seus-sonhos-carla-mota-entrevista\/"]}]},{"@type":"ImageObject","inLanguage":"en-GB","@id":"https:\/\/www.abvp.pt\/do-tamanho-dos-seus-sonhos-carla-mota-entrevista\/#primaryimage","url":"https:\/\/www.abvp.pt\/wp-content\/uploads\/70403237_504374836979147_3836249816531206144_n.jpg","contentUrl":"https:\/\/www.abvp.pt\/wp-content\/uploads\/70403237_504374836979147_3836249816531206144_n.jpg","width":2000,"height":1125},{"@type":"BreadcrumbList","@id":"https:\/\/www.abvp.pt\/do-tamanho-dos-seus-sonhos-carla-mota-entrevista\/#breadcrumb","itemListElement":[{"@type":"ListItem","position":1,"name":"In\u00edcio","item":"https:\/\/www.abvp.pt\/"},{"@type":"ListItem","position":2,"name":"Do tamanho dos seus sonhos: Carla Mota (entrevista)"}]},{"@type":"WebSite","@id":"https:\/\/www.abvp.pt\/#website","url":"https:\/\/www.abvp.pt\/","name":"ABVP","description":"Association of Portuguese Travel Bloggers","publisher":{"@id":"https:\/\/www.abvp.pt\/#organization"},"potentialAction":[{"@type":"SearchAction","target":{"@type":"EntryPoint","urlTemplate":"https:\/\/www.abvp.pt\/?s={search_term_string}"},"query-input":{"@type":"PropertyValueSpecification","valueRequired":true,"valueName":"search_term_string"}}],"inLanguage":"en-GB"},{"@type":"Organization","@id":"https:\/\/www.abvp.pt\/#organization","name":"ABVP","url":"https:\/\/www.abvp.pt\/","logo":{"@type":"ImageObject","inLanguage":"en-GB","@id":"https:\/\/www.abvp.pt\/#\/schema\/logo\/image\/","url":"https:\/\/www.abvp.pt\/wp-content\/uploads\/Logo-Header-dark.svg","contentUrl":"https:\/\/www.abvp.pt\/wp-content\/uploads\/Logo-Header-dark.svg","width":325,"height":48,"caption":"ABVP"},"image":{"@id":"https:\/\/www.abvp.pt\/#\/schema\/logo\/image\/"},"sameAs":["https:\/\/www.facebook.com\/abvppt\/","https:\/\/x.com\/abvppt","https:\/\/www.instagram.com\/abvppt\/"]},{"@type":"Person","@id":"https:\/\/www.abvp.pt\/#\/schema\/person\/3224ab1e82979d8d2daa9b24c41ac06f","name":"Ruthia Portelinha","image":{"@type":"ImageObject","inLanguage":"en-GB","@id":"https:\/\/www.abvp.pt\/#\/schema\/person\/image\/","url":"https:\/\/secure.gravatar.com\/avatar\/fe88f7331e86f7718c223ca840ea6091?s=96&d=mm&r=g","contentUrl":"https:\/\/secure.gravatar.com\/avatar\/fe88f7331e86f7718c223ca840ea6091?s=96&d=mm&r=g","caption":"Ruthia Portelinha"},"description":"Viajante, m\u00e3e babada, choc\u00f3latra, amante de livros e museus. Autora do blog O Ber\u00e7o do Mundo.","sameAs":["https:\/\/www.bercodomundo.com"],"url":"https:\/\/www.abvp.pt\/en\/author\/ruthia\/"}]}},"_links":{"self":[{"href":"https:\/\/www.abvp.pt\/en\/wp-json\/wp\/v2\/posts\/905","targetHints":{"allow":["GET"]}}],"collection":[{"href":"https:\/\/www.abvp.pt\/en\/wp-json\/wp\/v2\/posts"}],"about":[{"href":"https:\/\/www.abvp.pt\/en\/wp-json\/wp\/v2\/types\/post"}],"author":[{"embeddable":true,"href":"https:\/\/www.abvp.pt\/en\/wp-json\/wp\/v2\/users\/5"}],"replies":[{"embeddable":true,"href":"https:\/\/www.abvp.pt\/en\/wp-json\/wp\/v2\/comments?post=905"}],"version-history":[{"count":0,"href":"https:\/\/www.abvp.pt\/en\/wp-json\/wp\/v2\/posts\/905\/revisions"}],"wp:featuredmedia":[{"embeddable":true,"href":"https:\/\/www.abvp.pt\/en\/wp-json\/wp\/v2\/media\/907"}],"wp:attachment":[{"href":"https:\/\/www.abvp.pt\/en\/wp-json\/wp\/v2\/media?parent=905"}],"wp:term":[{"taxonomy":"category","embeddable":true,"href":"https:\/\/www.abvp.pt\/en\/wp-json\/wp\/v2\/categories?post=905"},{"taxonomy":"post_tag","embeddable":true,"href":"https:\/\/www.abvp.pt\/en\/wp-json\/wp\/v2\/tags?post=905"}],"curies":[{"name":"wp","href":"https:\/\/api.w.org\/{rel}","templated":true}]}}