{"id":925,"date":"2019-10-04T14:52:32","date_gmt":"2019-10-04T14:52:32","guid":{"rendered":"https:\/\/www.abvp.pt\/?p=925"},"modified":"2019-11-16T21:41:06","modified_gmt":"2019-11-16T21:41:06","slug":"turismo-acessivel-uma-oportunidade-de-negocio","status":"publish","type":"post","link":"https:\/\/www.abvp.pt\/en\/turismo-acessivel-uma-oportunidade-de-negocio\/","title":{"rendered":"Turismo Acess\u00edvel, uma oportunidade de neg\u00f3cio"},"content":{"rendered":"<h2 class=\"wp-block-heading\">Portugal foi recentemente distinguido com o pr\u00e9mio\nde&nbsp;&#8220;Destino Tur\u00edstico Acess\u00edvel 2019&#8221;, na Assembleia Geral da\nOrganiza\u00e7\u00e3o Mundial do Turismo (OMT) que se realizou em S\u00e3o Petersburgo, na\nR\u00fassia. <\/h2>\n\n\n\n<p>Atribu\u00eddo pela primeira vez nesta 15\u00aa edi\u00e7\u00e3o dos pr\u00e9mios\ndinamizados pela OMT, em parceria com a organiza\u00e7\u00e3o espanhola ONCE, o galard\u00e3o pretende\npremiar o trabalho para tornar o setor de turismo mais sustent\u00e1vel e mais\nacess\u00edvel. <\/p>\n\n\n\n<p>Ou seja, o pr\u00e9mio vem reconhecer o esfor\u00e7o efetuado nos \u00faltimos anos na \u00e1rea das acessibilidades, de modo a que o turismo possa ser usufru\u00eddo por todos, independentemente das limita\u00e7\u00f5es de cada um. Portugal destacou-se neste contexto com a implementa\u00e7\u00e3o, nos \u00faltimos anos, de uma s\u00e9rie de medidas.<\/p>\n\n\n\n<h3 class=\"wp-block-heading\"><strong>Portugal Acess\u00edvel <\/strong><\/h3>\n\n\n\n<p>O&nbsp;programa \u201cPraia Acess\u00edvel &#8211; Praia para Todos\u201d que, como o nome indica, pretende que as zonas balneares estejam ao alcance de todos, teve in\u00edcio em 2004 como resultado da parceria de v\u00e1rias entidades&nbsp;e a colabora\u00e7\u00e3o dos respetivos munic\u00edpios.&nbsp;<\/p>\n\n\n\n<p>Longe de estar conclu\u00eddo e, na minha opini\u00e3o, com\nnecessidade de grande aperfei\u00e7oamento, este \u00e9 um dos&nbsp;projetos que tem evolu\u00eddo,\ntornando muitas praias do pa\u00eds acess\u00edveis, com equipamentos pr\u00f3prios e meios de\najuda.<\/p>\n\n\n\n<p>Neste contexto, <strong>destaco o esfor\u00e7o feito em 2019 pelo munic\u00edpio de Set\u00fabal<\/strong>, ao melhorar os recursos j\u00e1 existentes na praia da Figueirinha, destinados a pessoas com mobilidade reduzida, acrescentando ainda na sinal\u00e9tica o c\u00f3digo de cores &#8220;ColorAdd&#8221;, para dalt\u00f3nicos.<\/p>\n\n\n\n<p>Quanto a mim, a nossa vizinha Espanha lidera esta maratona com uma oferta muito boa, em quantidade e qualidade de servi\u00e7os, como os que que encontrei na Praia do Muro, em Alc\u00fadia (Maiorca).<\/p>\n\n\n\n<p>Para al\u00e9m disso, o Turismo de Portugal lan\u00e7ou o programa <em>All for All<\/em> em 2016, visando o desenvolvimento de programas que contribu\u00edssem para tornar o setor acess\u00edvel. <\/p>\n\n\n\n<p>Da\u00ed resultou um investimento superior a 20 milh\u00f5es de euros, aplicados em mais de 100 projetos.<\/p>\n\n\n\n<figure class=\"wp-block-image\"><img fetchpriority=\"high\" decoding=\"async\" width=\"1600\" height=\"1128\" src=\"https:\/\/www.abvp.pt\/wp-content\/uploads\/ABVP_Justgo2-1600x1128.jpg\" alt=\"\" class=\"wp-image-930\" srcset=\"https:\/\/www.abvp.pt\/wp-content\/uploads\/ABVP_Justgo2-1600x1128.jpg 1600w, https:\/\/www.abvp.pt\/wp-content\/uploads\/ABVP_Justgo2-scaled-600x423.jpg 600w, https:\/\/www.abvp.pt\/wp-content\/uploads\/ABVP_Justgo2-150x106.jpg 150w, https:\/\/www.abvp.pt\/wp-content\/uploads\/ABVP_Justgo2-800x564.jpg 800w, https:\/\/www.abvp.pt\/wp-content\/uploads\/ABVP_Justgo2-768x541.jpg 768w\" sizes=\"(max-width: 1600px) 100vw, 1600px\" \/><figcaption>Playa del Muro | Alc\u00fadia, Maiorca<\/figcaption><\/figure>\n\n\n\n<h3 class=\"wp-block-heading\"><strong>Cidades <\/strong><\/h3>\n\n\n\n<p>Uma das perguntas que mais me fazem, e \u00e0 qual sinto alguma dificuldade em responder, \u00e9: \u201cqual o pa\u00eds\/cidade onde j\u00e1 esteve que considera mais acess\u00edvel?\u201d<\/p>\n\n\n\n<p>At\u00e9 h\u00e1 algum tempo, respondia prontamente Espanha! No entanto, desde que estive em Berlim a minha resposta mudou. Aquela foi talvez a cidade mais livre de obst\u00e1culos em que j\u00e1 estive. <\/p>\n\n\n\n<p>O mais curioso \u00e9 que em Berlim tamb\u00e9m encontramos cal\u00e7ada portuguesa. No entanto, esta \u00e9 sempre acompanhada por uma faixa de piso liso, que eu considero uma boa solu\u00e7\u00e3o a adotar.&nbsp; <\/p>\n\n\n\n<p>Mas <strong>n\u00e3o h\u00e1 cidades totalmente acess\u00edveis<\/strong>. Prova disso foi a situa\u00e7\u00e3o vivida no metro de Berlim. Sa\u00ed numa esta\u00e7\u00e3o em que s\u00f3 existiam escadas e, na seguinte, o elevador estava avariado, pelo que tive mesmo que descer uns degraus.<\/p>\n\n\n\n<p>Considero&nbsp;que houve uma grande evolu\u00e7\u00e3o nas cidades\nportuguesas, nos \u00faltimos anos. \u00c9 certo que ainda&nbsp;h\u00e1&nbsp;muito a fazer,\nmas tamb\u00e9m muito j\u00e1 foi feito.&nbsp;<\/p>\n\n\n\n<p><strong>As cidades mais pequenas, que n\u00e3o Lisboa ou Porto, est\u00e3o a ganhar pontos! <\/strong>Set\u00fabal, onde vivo, est\u00e1 a tornar-se uma cidade bastante acess\u00edvel, com passeios rebaixados, servi\u00e7os p\u00fablicos acess\u00edveis, praia inclusiva\u2026 At\u00e9 os privados come\u00e7am a ter essa consci\u00eancia e a preparar os seus espa\u00e7os para receber toda a gente!<\/p>\n\n\n\n<p>Claro que cidades com grandes inclina\u00e7\u00f5es de terreno, ou com centros hist\u00f3ricos mais antigos, dificilmente ficar\u00e3o ao alcance de todos, pelo menos na sua totalidade. <\/p>\n\n\n\n<p>\u00c9 o que acontece, por exemplo, com a lind\u00edssima cidade de \u00c9vora. O seu <strong>piso irregular<\/strong>, t\u00e3o caracter\u00edstico da zona hist\u00f3rica, <strong>assim como as ruas estreitas e inclinadas, ser\u00e3o sempre limitativas \u00e0 boa circula\u00e7\u00e3o<\/strong> de uma pessoa com mobilidade reduzida.<\/p>\n\n\n\n<figure class=\"wp-block-image\"><img decoding=\"async\" width=\"1600\" height=\"1071\" src=\"https:\/\/www.abvp.pt\/wp-content\/uploads\/ABVP_Justgo3-1600x1071.jpg\" alt=\"\" class=\"wp-image-931\" srcset=\"https:\/\/www.abvp.pt\/wp-content\/uploads\/ABVP_Justgo3-1600x1071.jpg 1600w, https:\/\/www.abvp.pt\/wp-content\/uploads\/ABVP_Justgo3-scaled-600x402.jpg 600w, https:\/\/www.abvp.pt\/wp-content\/uploads\/ABVP_Justgo3-150x100.jpg 150w, https:\/\/www.abvp.pt\/wp-content\/uploads\/ABVP_Justgo3-800x536.jpg 800w, https:\/\/www.abvp.pt\/wp-content\/uploads\/ABVP_Justgo3-768x514.jpg 768w\" sizes=\"(max-width: 1600px) 100vw, 1600px\" \/><figcaption>Berlim<\/figcaption><\/figure>\n\n\n\n<h3 class=\"wp-block-heading\"><strong> Alojamento <\/strong><\/h3>\n\n\n\n<p>Os hot\u00e9is t\u00eam feito um grande investimento para se tornarem acess\u00edveis e terem quartos adaptados, at\u00e9 porque \u00e9 obrigat\u00f3rio por lei. Agora, h\u00e1 que rentabilizar este investimento.<\/p>\n\n\n\n<p>Achei interessante, numa palestra onde estive a apresentar o meu blog a alunos de turismo, quando uma jovem estudante perguntou se n\u00e3o era mais caro viajar para uma pessoa com mobilidade reduzida.<\/p>\n\n\n\n<p>De facto, <strong>a garantia de arranjar um quarto acess\u00edvel \u00e9 sempre maior em hot\u00e9is com mais estrelas<\/strong> e, consequentemente, mais caros. Se juntarmos a isto o facto de que em muitos hot\u00e9is n\u00e3o \u00e9 poss\u00edvel ficar no quarto mais barato, porque o&nbsp;adaptado \u00e9 de uma categoria superior, torna-se muito mais dispendioso. Esta \u00e9 uma situa\u00e7\u00e3o altamente discriminat\u00f3ria!<\/p>\n\n\n\n<p>Mas a realidade est\u00e1 a mudar e come\u00e7am a aparecer\nalojamentos mais pequenos que respondem a estas exig\u00eancias.<\/p>\n\n\n\n<p>Na maior parte dos casos, n\u00e3o h\u00e1 informa\u00e7\u00e3o nos sites dos hot\u00e9is ou alojamentos sobre esta quest\u00e3o. Al\u00e9m disso, o facto de uma unidade ter um quarto adaptado n\u00e3o nos d\u00e1 a garantia de que este est\u00e1 dispon\u00edvel. \u00c9 preciso reservar sempre v\u00e1rios alojamentos e esperar que confirmem a disponibilidade.<\/p>\n\n\n\n<figure class=\"wp-block-image\"><img decoding=\"async\" width=\"1600\" height=\"1067\" src=\"https:\/\/www.abvp.pt\/wp-content\/uploads\/ABVP_Justgo4-1600x1067.jpg\" alt=\"\" class=\"wp-image-932\" srcset=\"https:\/\/www.abvp.pt\/wp-content\/uploads\/ABVP_Justgo4-1600x1067.jpg 1600w, https:\/\/www.abvp.pt\/wp-content\/uploads\/ABVP_Justgo4-scaled-600x400.jpg 600w, https:\/\/www.abvp.pt\/wp-content\/uploads\/ABVP_Justgo4-150x100.jpg 150w, https:\/\/www.abvp.pt\/wp-content\/uploads\/ABVP_Justgo4-800x533.jpg 800w, https:\/\/www.abvp.pt\/wp-content\/uploads\/ABVP_Justgo4-768x512.jpg 768w\" sizes=\"(max-width: 1600px) 100vw, 1600px\" \/><figcaption>Essence Inn Marianos Hotel | F\u00e1tima<\/figcaption><\/figure>\n\n\n\n<h3 class=\"wp-block-heading\"><strong>Nicho de mercado = oportunidade de neg\u00f3cio <\/strong><\/h3>\n\n\n\n<p>De acordo com a Organiza\u00e7\u00e3o Mundial de Sa\u00fade, <strong>15% da popula\u00e7\u00e3o mundial tem alguma incapacidade<\/strong>. Se a estes n\u00fameros juntarmos a previs\u00e3o de que&nbsp;22% da popula\u00e7\u00e3o&nbsp;ter\u00e1 mais de 60 anos&nbsp;em 2050, encontramos aqui uma oportunidade de neg\u00f3cio a explorar. <\/p>\n\n\n\n<p>Segundo dados do Turismo de Portugal, s\u00f3 <strong>a Europa representa um mercado de 90 milh\u00f5es <\/strong>de turistas com necessidades espec\u00edficas de mobilidade.<\/p>\n\n\n\n<p>O evoluir da ci\u00eancia, e o consequente aumento da esperan\u00e7a e\nqualidade de vida, faz com que muitas pessoas viajem regularmente na reforma. Esta\n\u00e9 uma realidade que observo nas minhas viagens.<\/p>\n\n\n\n<p>Trata-se de um <strong>mercado que gera receitas fora da \u00e9poca alta<\/strong>, pois s\u00e3o viajantes de todo o ano que procuram destinos de clima ameno (como Portugal) e estadias mais prolongadas. As suas limita\u00e7\u00f5es f\u00edsicas implicam uma depend\u00eancia de servi\u00e7os como transportes, cuidados de sa\u00fade, entre outros, gerando, assim, mais receitas.<\/p>\n\n\n\n<p>\u00c9 por tudo isto que os n\u00fameros do turismo acess\u00edvel aumentam. H\u00e1 que encarar este tipo de turismo como um <strong>nicho de mercado e como uma oportunidade de neg\u00f3cio<\/strong>, e n\u00e3o como uma obriga\u00e7\u00e3o legal.<\/p>\n\n\n\n<h3 class=\"wp-block-heading\"><strong>Um longo caminho a percorrer<\/strong><\/h3>\n\n\n\n<p>Portugal n\u00e3o \u00e9 o destino mais acess\u00edvel do mundo, mas espero que este reconhecimento traga um grande incentivo nesse sentido e que se continuem os esfor\u00e7os muito necess\u00e1rios para que se torne um destino para todos.<\/p>\n\n\n\n<p>Uma das vertentes do meu blog <a rel=\"noreferrer noopener\" aria-label=\" (abre num novo separador)\" href=\"http:\/\/justgo.com.pt\/\" target=\"_blank\">JustGo by Sofia<\/a> \u00e9, precisamente, destacar as boas pr\u00e1ticas em termos de acessibilidades no nosso pa\u00eds e, assim, chamar a aten\u00e7\u00e3o para esta tem\u00e1tica. Espero desta forma contribuir para que se criem condi\u00e7\u00f5es e&nbsp;Portugal possa ser considerado, efetivamente, um pa\u00eds acess\u00edvel.<\/p>\n\n\n\n<p><\/p>","protected":false},"excerpt":{"rendered":"<p>Portugal foi recentemente distinguido com o pr\u00e9mio de&nbsp;&#8220;Destino Tur\u00edstico Acess\u00edvel 2019&#8221;, na Assembleia Geral da Organiza\u00e7\u00e3o Mundial do Turismo (OMT) que se realizou em S\u00e3o Petersburgo, na R\u00fassia. Atribu\u00eddo pela [&hellip;]<\/p>\n","protected":false},"author":12,"featured_media":929,"comment_status":"open","ping_status":"closed","sticky":false,"template":"","format":"standard","meta":{"_price":"","_stock":"","_tribe_ticket_header":"","_tribe_default_ticket_provider":"","_tribe_ticket_capacity":"0","_ticket_start_date":"","_ticket_end_date":"","_tribe_ticket_show_description":"","_tribe_ticket_show_not_going":false,"_tribe_ticket_use_global_stock":"","_tribe_ticket_global_stock_level":"","_global_stock_mode":"","_global_stock_cap":"","_tribe_rsvp_for_event":"","_tribe_ticket_going_count":"","_tribe_ticket_not_going_count":"","_tribe_tickets_list":"[]","_tribe_ticket_has_attendee_info_fields":false,"_EventAllDay":false,"_EventTimezone":"","_EventStartDate":"","_EventEndDate":"","_EventStartDateUTC":"","_EventEndDateUTC":"","_EventShowMap":false,"_EventShowMapLink":false,"_EventURL":"","_EventCost":"","_EventCostDescription":"","_EventCurrencySymbol":"","_EventCurrencyCode":"","_EventCurrencyPosition":"","_EventDateTimeSeparator":"","_EventTimeRangeSeparator":"","_EventOrganizerID":[],"_EventVenueID":[],"_OrganizerEmail":"","_OrganizerPhone":"","_OrganizerWebsite":"","_VenueAddress":"","_VenueCity":"","_VenueCountry":"","_VenueProvince":"","_VenueState":"","_VenueZip":"","_VenuePhone":"","_VenueURL":"","_VenueStateProvince":"","_VenueLat":"","_VenueLng":"","_VenueShowMap":false,"_VenueShowMapLink":false,"footnotes":""},"categories":[3],"tags":[6],"class_list":["post-925","post","type-post","status-publish","format-standard","has-post-thumbnail","hentry","category-mercado","tag-destino-turistico-acessivel"],"blocksy_meta":[],"yoast_head":"<!-- This site is optimized with the Yoast SEO plugin v26.4 - https:\/\/yoast.com\/wordpress\/plugins\/seo\/ -->\n<title>Turismo Acess\u00edvel, uma oportunidade de neg\u00f3cio - ABVP<\/title>\n<meta name=\"robots\" content=\"index, follow, max-snippet:-1, max-image-preview:large, max-video-preview:-1\" \/>\n<link rel=\"canonical\" href=\"https:\/\/www.abvp.pt\/en\/turismo-acessivel-uma-oportunidade-de-negocio\/\" \/>\n<meta property=\"og:locale\" content=\"en_GB\" \/>\n<meta property=\"og:type\" content=\"article\" \/>\n<meta property=\"og:title\" content=\"Turismo Acess\u00edvel, uma oportunidade de neg\u00f3cio - ABVP\" \/>\n<meta property=\"og:description\" content=\"Portugal foi recentemente distinguido com o pr\u00e9mio de&nbsp;&#8220;Destino Tur\u00edstico Acess\u00edvel 2019&#8221;, na Assembleia Geral da Organiza\u00e7\u00e3o Mundial do Turismo (OMT) que se realizou em S\u00e3o Petersburgo, na R\u00fassia. Atribu\u00eddo pela [&hellip;]\" \/>\n<meta property=\"og:url\" content=\"https:\/\/www.abvp.pt\/en\/turismo-acessivel-uma-oportunidade-de-negocio\/\" \/>\n<meta property=\"og:site_name\" content=\"ABVP\" \/>\n<meta property=\"article:publisher\" content=\"https:\/\/www.facebook.com\/abvppt\/\" \/>\n<meta property=\"article:author\" content=\"https:\/\/www.facebook.com\/JUSTGO.com.pt\" \/>\n<meta property=\"article:published_time\" content=\"2019-10-04T14:52:32+00:00\" \/>\n<meta property=\"article:modified_time\" content=\"2019-11-16T21:41:06+00:00\" \/>\n<meta property=\"og:image\" content=\"https:\/\/www.abvp.pt\/wp-content\/uploads\/ABVP_Justgo1-scaled.jpg\" \/>\n\t<meta property=\"og:image:width\" content=\"2560\" \/>\n\t<meta property=\"og:image:height\" content=\"1637\" \/>\n\t<meta property=\"og:image:type\" content=\"image\/jpeg\" \/>\n<meta name=\"author\" content=\"Sofia Martins\" \/>\n<meta name=\"twitter:card\" content=\"summary_large_image\" \/>\n<meta name=\"twitter:creator\" content=\"@abvppt\" \/>\n<meta name=\"twitter:site\" content=\"@abvppt\" \/>\n<meta name=\"twitter:label1\" content=\"Written by\" \/>\n\t<meta name=\"twitter:data1\" content=\"Sofia Martins\" \/>\n\t<meta name=\"twitter:label2\" content=\"Estimated reading time\" \/>\n\t<meta name=\"twitter:data2\" content=\"6 minutes\" \/>\n<script type=\"application\/ld+json\" class=\"yoast-schema-graph\">{\"@context\":\"https:\/\/schema.org\",\"@graph\":[{\"@type\":\"Article\",\"@id\":\"https:\/\/www.abvp.pt\/turismo-acessivel-uma-oportunidade-de-negocio\/#article\",\"isPartOf\":{\"@id\":\"https:\/\/www.abvp.pt\/turismo-acessivel-uma-oportunidade-de-negocio\/\"},\"author\":{\"name\":\"Sofia Martins\",\"@id\":\"https:\/\/www.abvp.pt\/#\/schema\/person\/5ec71869645ab4da3467a1b1faac2d8a\"},\"headline\":\"Turismo Acess\u00edvel, uma oportunidade de neg\u00f3cio\",\"datePublished\":\"2019-10-04T14:52:32+00:00\",\"dateModified\":\"2019-11-16T21:41:06+00:00\",\"mainEntityOfPage\":{\"@id\":\"https:\/\/www.abvp.pt\/turismo-acessivel-uma-oportunidade-de-negocio\/\"},\"wordCount\":1174,\"commentCount\":0,\"publisher\":{\"@id\":\"https:\/\/www.abvp.pt\/#organization\"},\"image\":{\"@id\":\"https:\/\/www.abvp.pt\/turismo-acessivel-uma-oportunidade-de-negocio\/#primaryimage\"},\"thumbnailUrl\":\"https:\/\/www.abvp.pt\/wp-content\/uploads\/ABVP_Justgo1-scaled.jpg\",\"keywords\":[\"Destino Tur\u00edstico Acess\u00edvel\"],\"articleSection\":[\"Mercado\"],\"inLanguage\":\"en-GB\",\"potentialAction\":[{\"@type\":\"CommentAction\",\"name\":\"Comment\",\"target\":[\"https:\/\/www.abvp.pt\/turismo-acessivel-uma-oportunidade-de-negocio\/#respond\"]}]},{\"@type\":\"WebPage\",\"@id\":\"https:\/\/www.abvp.pt\/turismo-acessivel-uma-oportunidade-de-negocio\/\",\"url\":\"https:\/\/www.abvp.pt\/turismo-acessivel-uma-oportunidade-de-negocio\/\",\"name\":\"Turismo Acess\u00edvel, uma oportunidade de neg\u00f3cio - ABVP\",\"isPartOf\":{\"@id\":\"https:\/\/www.abvp.pt\/#website\"},\"primaryImageOfPage\":{\"@id\":\"https:\/\/www.abvp.pt\/turismo-acessivel-uma-oportunidade-de-negocio\/#primaryimage\"},\"image\":{\"@id\":\"https:\/\/www.abvp.pt\/turismo-acessivel-uma-oportunidade-de-negocio\/#primaryimage\"},\"thumbnailUrl\":\"https:\/\/www.abvp.pt\/wp-content\/uploads\/ABVP_Justgo1-scaled.jpg\",\"datePublished\":\"2019-10-04T14:52:32+00:00\",\"dateModified\":\"2019-11-16T21:41:06+00:00\",\"breadcrumb\":{\"@id\":\"https:\/\/www.abvp.pt\/turismo-acessivel-uma-oportunidade-de-negocio\/#breadcrumb\"},\"inLanguage\":\"en-GB\",\"potentialAction\":[{\"@type\":\"ReadAction\",\"target\":[\"https:\/\/www.abvp.pt\/turismo-acessivel-uma-oportunidade-de-negocio\/\"]}]},{\"@type\":\"ImageObject\",\"inLanguage\":\"en-GB\",\"@id\":\"https:\/\/www.abvp.pt\/turismo-acessivel-uma-oportunidade-de-negocio\/#primaryimage\",\"url\":\"https:\/\/www.abvp.pt\/wp-content\/uploads\/ABVP_Justgo1-scaled.jpg\",\"contentUrl\":\"https:\/\/www.abvp.pt\/wp-content\/uploads\/ABVP_Justgo1-scaled.jpg\",\"width\":2560,\"height\":1637},{\"@type\":\"BreadcrumbList\",\"@id\":\"https:\/\/www.abvp.pt\/turismo-acessivel-uma-oportunidade-de-negocio\/#breadcrumb\",\"itemListElement\":[{\"@type\":\"ListItem\",\"position\":1,\"name\":\"In\u00edcio\",\"item\":\"https:\/\/www.abvp.pt\/\"},{\"@type\":\"ListItem\",\"position\":2,\"name\":\"Turismo Acess\u00edvel, uma oportunidade de neg\u00f3cio\"}]},{\"@type\":\"WebSite\",\"@id\":\"https:\/\/www.abvp.pt\/#website\",\"url\":\"https:\/\/www.abvp.pt\/\",\"name\":\"ABVP\",\"description\":\"Associa\u00e7\u00e3o de Bloggers de Viagem Portugueses\",\"publisher\":{\"@id\":\"https:\/\/www.abvp.pt\/#organization\"},\"potentialAction\":[{\"@type\":\"SearchAction\",\"target\":{\"@type\":\"EntryPoint\",\"urlTemplate\":\"https:\/\/www.abvp.pt\/?s={search_term_string}\"},\"query-input\":{\"@type\":\"PropertyValueSpecification\",\"valueRequired\":true,\"valueName\":\"search_term_string\"}}],\"inLanguage\":\"en-GB\"},{\"@type\":\"Organization\",\"@id\":\"https:\/\/www.abvp.pt\/#organization\",\"name\":\"ABVP\",\"url\":\"https:\/\/www.abvp.pt\/\",\"logo\":{\"@type\":\"ImageObject\",\"inLanguage\":\"en-GB\",\"@id\":\"https:\/\/www.abvp.pt\/#\/schema\/logo\/image\/\",\"url\":\"https:\/\/www.abvp.pt\/wp-content\/uploads\/Logo-Header-dark.svg\",\"contentUrl\":\"https:\/\/www.abvp.pt\/wp-content\/uploads\/Logo-Header-dark.svg\",\"width\":325,\"height\":48,\"caption\":\"ABVP\"},\"image\":{\"@id\":\"https:\/\/www.abvp.pt\/#\/schema\/logo\/image\/\"},\"sameAs\":[\"https:\/\/www.facebook.com\/abvppt\/\",\"https:\/\/x.com\/abvppt\",\"https:\/\/www.instagram.com\/abvppt\/\"]},{\"@type\":\"Person\",\"@id\":\"https:\/\/www.abvp.pt\/#\/schema\/person\/5ec71869645ab4da3467a1b1faac2d8a\",\"name\":\"Sofia Martins\",\"image\":{\"@type\":\"ImageObject\",\"inLanguage\":\"en-GB\",\"@id\":\"https:\/\/www.abvp.pt\/#\/schema\/person\/image\/\",\"url\":\"https:\/\/secure.gravatar.com\/avatar\/7d3affbd72fd706a304f48676af8b0aa?s=96&d=mm&r=g\",\"contentUrl\":\"https:\/\/secure.gravatar.com\/avatar\/7d3affbd72fd706a304f48676af8b0aa?s=96&d=mm&r=g\",\"caption\":\"Sofia Martins\"},\"description\":\"N\u00e3o h\u00e1 obst\u00e1culo que a trave, ali\u00e1s, faz disso a sua viagem.! ...\u00a0 Autora do blog JustGo by Sofia, onde promove as boas pr\u00e1ticas no turismo acess\u00edvel procurando contribuir para um \\\"Mundo de e para Todos\\\"! Sempre pronta para partir em mais uma aventura, mais um desafio! Se a vida \u00e9 curta, h\u00e1 que desfrutar!...\",\"sameAs\":[\"http:\/\/justgo.com.pt\/\",\"https:\/\/www.facebook.com\/JUSTGO.com.pt\",\"https:\/\/www.instagram.com\/justgo_sofia\/\"],\"url\":\"https:\/\/www.abvp.pt\/en\/author\/asmartins\/\"}]}<\/script>\n<!-- \/ Yoast SEO plugin. -->","yoast_head_json":{"title":"Turismo Acess\u00edvel, uma oportunidade de neg\u00f3cio - ABVP","robots":{"index":"index","follow":"follow","max-snippet":"max-snippet:-1","max-image-preview":"max-image-preview:large","max-video-preview":"max-video-preview:-1"},"canonical":"https:\/\/www.abvp.pt\/en\/turismo-acessivel-uma-oportunidade-de-negocio\/","og_locale":"en_GB","og_type":"article","og_title":"Turismo Acess\u00edvel, uma oportunidade de neg\u00f3cio - ABVP","og_description":"Portugal foi recentemente distinguido com o pr\u00e9mio de&nbsp;&#8220;Destino Tur\u00edstico Acess\u00edvel 2019&#8221;, na Assembleia Geral da Organiza\u00e7\u00e3o Mundial do Turismo (OMT) que se realizou em S\u00e3o Petersburgo, na R\u00fassia. Atribu\u00eddo pela [&hellip;]","og_url":"https:\/\/www.abvp.pt\/en\/turismo-acessivel-uma-oportunidade-de-negocio\/","og_site_name":"ABVP","article_publisher":"https:\/\/www.facebook.com\/abvppt\/","article_author":"https:\/\/www.facebook.com\/JUSTGO.com.pt","article_published_time":"2019-10-04T14:52:32+00:00","article_modified_time":"2019-11-16T21:41:06+00:00","og_image":[{"width":2560,"height":1637,"url":"https:\/\/www.abvp.pt\/wp-content\/uploads\/ABVP_Justgo1-scaled.jpg","type":"image\/jpeg"}],"author":"Sofia Martins","twitter_card":"summary_large_image","twitter_creator":"@abvppt","twitter_site":"@abvppt","twitter_misc":{"Written by":"Sofia Martins","Estimated reading time":"6 minutes"},"schema":{"@context":"https:\/\/schema.org","@graph":[{"@type":"Article","@id":"https:\/\/www.abvp.pt\/turismo-acessivel-uma-oportunidade-de-negocio\/#article","isPartOf":{"@id":"https:\/\/www.abvp.pt\/turismo-acessivel-uma-oportunidade-de-negocio\/"},"author":{"name":"Sofia Martins","@id":"https:\/\/www.abvp.pt\/#\/schema\/person\/5ec71869645ab4da3467a1b1faac2d8a"},"headline":"Turismo Acess\u00edvel, uma oportunidade de neg\u00f3cio","datePublished":"2019-10-04T14:52:32+00:00","dateModified":"2019-11-16T21:41:06+00:00","mainEntityOfPage":{"@id":"https:\/\/www.abvp.pt\/turismo-acessivel-uma-oportunidade-de-negocio\/"},"wordCount":1174,"commentCount":0,"publisher":{"@id":"https:\/\/www.abvp.pt\/#organization"},"image":{"@id":"https:\/\/www.abvp.pt\/turismo-acessivel-uma-oportunidade-de-negocio\/#primaryimage"},"thumbnailUrl":"https:\/\/www.abvp.pt\/wp-content\/uploads\/ABVP_Justgo1-scaled.jpg","keywords":["Destino Tur\u00edstico Acess\u00edvel"],"articleSection":["Mercado"],"inLanguage":"en-GB","potentialAction":[{"@type":"CommentAction","name":"Comment","target":["https:\/\/www.abvp.pt\/turismo-acessivel-uma-oportunidade-de-negocio\/#respond"]}]},{"@type":"WebPage","@id":"https:\/\/www.abvp.pt\/turismo-acessivel-uma-oportunidade-de-negocio\/","url":"https:\/\/www.abvp.pt\/turismo-acessivel-uma-oportunidade-de-negocio\/","name":"Turismo Acess\u00edvel, uma oportunidade de neg\u00f3cio - ABVP","isPartOf":{"@id":"https:\/\/www.abvp.pt\/#website"},"primaryImageOfPage":{"@id":"https:\/\/www.abvp.pt\/turismo-acessivel-uma-oportunidade-de-negocio\/#primaryimage"},"image":{"@id":"https:\/\/www.abvp.pt\/turismo-acessivel-uma-oportunidade-de-negocio\/#primaryimage"},"thumbnailUrl":"https:\/\/www.abvp.pt\/wp-content\/uploads\/ABVP_Justgo1-scaled.jpg","datePublished":"2019-10-04T14:52:32+00:00","dateModified":"2019-11-16T21:41:06+00:00","breadcrumb":{"@id":"https:\/\/www.abvp.pt\/turismo-acessivel-uma-oportunidade-de-negocio\/#breadcrumb"},"inLanguage":"en-GB","potentialAction":[{"@type":"ReadAction","target":["https:\/\/www.abvp.pt\/turismo-acessivel-uma-oportunidade-de-negocio\/"]}]},{"@type":"ImageObject","inLanguage":"en-GB","@id":"https:\/\/www.abvp.pt\/turismo-acessivel-uma-oportunidade-de-negocio\/#primaryimage","url":"https:\/\/www.abvp.pt\/wp-content\/uploads\/ABVP_Justgo1-scaled.jpg","contentUrl":"https:\/\/www.abvp.pt\/wp-content\/uploads\/ABVP_Justgo1-scaled.jpg","width":2560,"height":1637},{"@type":"BreadcrumbList","@id":"https:\/\/www.abvp.pt\/turismo-acessivel-uma-oportunidade-de-negocio\/#breadcrumb","itemListElement":[{"@type":"ListItem","position":1,"name":"In\u00edcio","item":"https:\/\/www.abvp.pt\/"},{"@type":"ListItem","position":2,"name":"Turismo Acess\u00edvel, uma oportunidade de neg\u00f3cio"}]},{"@type":"WebSite","@id":"https:\/\/www.abvp.pt\/#website","url":"https:\/\/www.abvp.pt\/","name":"ABVP","description":"Association of Portuguese Travel Bloggers","publisher":{"@id":"https:\/\/www.abvp.pt\/#organization"},"potentialAction":[{"@type":"SearchAction","target":{"@type":"EntryPoint","urlTemplate":"https:\/\/www.abvp.pt\/?s={search_term_string}"},"query-input":{"@type":"PropertyValueSpecification","valueRequired":true,"valueName":"search_term_string"}}],"inLanguage":"en-GB"},{"@type":"Organization","@id":"https:\/\/www.abvp.pt\/#organization","name":"ABVP","url":"https:\/\/www.abvp.pt\/","logo":{"@type":"ImageObject","inLanguage":"en-GB","@id":"https:\/\/www.abvp.pt\/#\/schema\/logo\/image\/","url":"https:\/\/www.abvp.pt\/wp-content\/uploads\/Logo-Header-dark.svg","contentUrl":"https:\/\/www.abvp.pt\/wp-content\/uploads\/Logo-Header-dark.svg","width":325,"height":48,"caption":"ABVP"},"image":{"@id":"https:\/\/www.abvp.pt\/#\/schema\/logo\/image\/"},"sameAs":["https:\/\/www.facebook.com\/abvppt\/","https:\/\/x.com\/abvppt","https:\/\/www.instagram.com\/abvppt\/"]},{"@type":"Person","@id":"https:\/\/www.abvp.pt\/#\/schema\/person\/5ec71869645ab4da3467a1b1faac2d8a","name":"Sofia Martins","image":{"@type":"ImageObject","inLanguage":"en-GB","@id":"https:\/\/www.abvp.pt\/#\/schema\/person\/image\/","url":"https:\/\/secure.gravatar.com\/avatar\/7d3affbd72fd706a304f48676af8b0aa?s=96&d=mm&r=g","contentUrl":"https:\/\/secure.gravatar.com\/avatar\/7d3affbd72fd706a304f48676af8b0aa?s=96&d=mm&r=g","caption":"Sofia Martins"},"description":"N\u00e3o h\u00e1 obst\u00e1culo que a trave, ali\u00e1s, faz disso a sua viagem.! ...\u00a0 Autora do blog JustGo by Sofia, onde promove as boas pr\u00e1ticas no turismo acess\u00edvel procurando contribuir para um \"Mundo de e para Todos\"! Sempre pronta para partir em mais uma aventura, mais um desafio! Se a vida \u00e9 curta, h\u00e1 que desfrutar!...","sameAs":["http:\/\/justgo.com.pt\/","https:\/\/www.facebook.com\/JUSTGO.com.pt","https:\/\/www.instagram.com\/justgo_sofia\/"],"url":"https:\/\/www.abvp.pt\/en\/author\/asmartins\/"}]}},"_links":{"self":[{"href":"https:\/\/www.abvp.pt\/en\/wp-json\/wp\/v2\/posts\/925","targetHints":{"allow":["GET"]}}],"collection":[{"href":"https:\/\/www.abvp.pt\/en\/wp-json\/wp\/v2\/posts"}],"about":[{"href":"https:\/\/www.abvp.pt\/en\/wp-json\/wp\/v2\/types\/post"}],"author":[{"embeddable":true,"href":"https:\/\/www.abvp.pt\/en\/wp-json\/wp\/v2\/users\/12"}],"replies":[{"embeddable":true,"href":"https:\/\/www.abvp.pt\/en\/wp-json\/wp\/v2\/comments?post=925"}],"version-history":[{"count":0,"href":"https:\/\/www.abvp.pt\/en\/wp-json\/wp\/v2\/posts\/925\/revisions"}],"wp:featuredmedia":[{"embeddable":true,"href":"https:\/\/www.abvp.pt\/en\/wp-json\/wp\/v2\/media\/929"}],"wp:attachment":[{"href":"https:\/\/www.abvp.pt\/en\/wp-json\/wp\/v2\/media?parent=925"}],"wp:term":[{"taxonomy":"category","embeddable":true,"href":"https:\/\/www.abvp.pt\/en\/wp-json\/wp\/v2\/categories?post=925"},{"taxonomy":"post_tag","embeddable":true,"href":"https:\/\/www.abvp.pt\/en\/wp-json\/wp\/v2\/tags?post=925"}],"curies":[{"name":"wp","href":"https:\/\/api.w.org\/{rel}","templated":true}]}}