{"id":947,"date":"2019-10-14T09:30:20","date_gmt":"2019-10-14T09:30:20","guid":{"rendered":"https:\/\/www.abvp.pt\/?p=947"},"modified":"2023-10-07T17:29:40","modified_gmt":"2023-10-07T16:29:40","slug":"uma-historia-para-cada-dia-do-ano-raquel-e-tiago-entrevista","status":"publish","type":"post","link":"https:\/\/www.abvp.pt\/en\/uma-historia-para-cada-dia-do-ano-raquel-e-tiago-entrevista\/","title":{"rendered":"Uma hist\u00f3ria para cada dia do ano: Raquel e Tiago (entrevista)"},"content":{"rendered":"<p>Eles s\u00e3o como \u00e1gua e vinho, mas t\u00eam algo em comum: s\u00e3o os dois &#8220;boa boca&#8221;, gostam de explorar o mundo e t\u00eam sempre muitas hist\u00f3rias para contar. Hoje conversamos com a Raquel Morgado e com o Tiago Pinto, o casal que viu frustrada a sua primeira tentativa de uma volta ao mundo<\/p>\n\n\n\n<p><strong>Name<\/strong>: Raquel\nMorgado e Tiago Pinto<\/p>\n\n\n\n<p><strong>Profiss\u00e3o<\/strong>: T\u00e9cnica\nde Radiologia e Engenheiro Civil<\/p>\n\n\n\n<p><strong>Data de nascimento<\/strong>: 1985,\n1988<\/p>\n\n\n\n<p><strong>Local de nascimento<\/strong>: Aveiro,\nGuimar\u00e3es<\/p>\n\n\n\n<p><strong>Local de resid\u00eancia<\/strong>: Lisboa<\/p>\n\n\n\n<p><strong>Pr\u00f3ximas viagens<\/strong>: Isl\u00e2ndia<\/p>\n\n\n\n<p><strong>Blog: <\/strong><a href=\"https:\/\/365diasnomundo.com\/\">365 dias no mundo<\/a><\/p>\n\n\n\n<p>1. <strong>O que significam as viagens para voc\u00eas?<\/strong><\/p>\n\n\n\n<p>Viajar \u00e9 uma forma de estar na vida, de aprender mais sobre o mundo, de lidar com outras culturas, ouvir hist\u00f3rias, experimentar gastronomia e dan\u00e7ar outros ritmos. Viajar \u00e9 viver muitas vidas, crescer, aprender hist\u00f3ria e geografia, ser poliglota e aprender uma esp\u00e9cie de l\u00edngua gestual, \u00e9 cometer erros, \u00e0s vezes invadir o espa\u00e7o do outro e perceber que se est\u00e1 a errar, \u00e9 apropria\u00e7\u00e3o cultural, \u00e9 guardar segredo sobre uma praia secreta para que n\u00e3o seja invadida e se mantenha assim por mais algum tempo. \u00c9 algo muito dif\u00edcil de explicar, faz parte da nossa vida. <\/p>\n\n\n\n<figure class=\"wp-block-image\"><img fetchpriority=\"high\" decoding=\"async\" width=\"1600\" height=\"1000\" src=\"https:\/\/www.abvp.pt\/wp-content\/uploads\/galapagos-1600x1000.jpg\" alt=\"\" class=\"wp-image-951\" srcset=\"https:\/\/www.abvp.pt\/wp-content\/uploads\/galapagos-1600x1000.jpg 1600w, https:\/\/www.abvp.pt\/wp-content\/uploads\/galapagos-600x375.jpg 600w, https:\/\/www.abvp.pt\/wp-content\/uploads\/galapagos-150x94.jpg 150w, https:\/\/www.abvp.pt\/wp-content\/uploads\/galapagos-800x500.jpg 800w, https:\/\/www.abvp.pt\/wp-content\/uploads\/galapagos-768x480.jpg 768w\" sizes=\"(max-width: 1600px) 100vw, 1600px\" \/><figcaption class=\"wp-element-caption\">Um cl\u00e1ssico das Gal\u00e1pagos.<\/figcaption><\/figure>\n\n\n\n<p>2. <strong>Entre os destinos que j\u00e1 visitaram, h\u00e1 algum que os tenha marcado de forma<\/strong> <strong>especial? Contem-nos. <\/strong><\/p>\n\n\n\n<p>Gal\u00e1pagos. Sabemos o\nque lemos nos livros, a hist\u00f3ria da viagem de Darwin, as fotografias das\niguanas e das tartarugas gigantes. Mas estar l\u00e1 \u00e9 diferente: magn\u00edfico, \u00fanico,\nincompar\u00e1vel e obrigat\u00f3rio. <\/p>\n\n\n\n<p>Para quem tem uma consci\u00eancia ambiental, \u00e9 um local que provoca sentimentos contradit\u00f3rios. \u00c9 um destino caro, com muitas taxas, supostamente para limitar o turismo e reduzir o impacto humano. Mas estas apenas criam uma separa\u00e7\u00e3o entre quem pode pagar e quem n\u00e3o pode, separa\u00e7\u00e3o que nem sequer \u00e9 justa. A pegada de quem tem maior capacidade financeira, normalmente, \u00e9 mais pesada do que a das pessoas com menos meios. <\/p>\n\n\n\n<p>Existe tamb\u00e9m uma obriga\u00e7\u00e3o para que todos os neg\u00f3cios sejam de nacionais, pesando mais este crit\u00e9rio do que a qualidade do servi\u00e7o. Os barcos s\u00e3o poluentes, ruidosos, e em algumas companhias, particularmente em <em>transfers<\/em>, v\u00e3o acima da lota\u00e7\u00e3o legal e sem coletes salva-vidas para todos. Os alojamentos, especialmente no segmento mais econ\u00f3mico, s\u00e3o fracos. Coexistem, ao mesmo pre\u00e7o, excelentes e p\u00e9ssimos servi\u00e7os, seja num restaurante, seja num tour de snorkeling. Os almo\u00e7os em tours s\u00e3o servidos em lou\u00e7a descart\u00e1vel; vi le\u00f5es marinhos a brincarem com uma colher que serviu ceviche. <\/p>\n\n\n\n<p>Mas ainda temos a natureza, os vulc\u00f5es, os animais numa proximidade e confian\u00e7a com o homem \u00fanica. A\u00ed tudo vale a pena: o dinheiro que se gastou, as horas \u00e0 espera do voo, o servi\u00e7o menos bom. E, ingenuamente, continuamos a acreditar que um dia as pessoas ser\u00e3o for\u00e7adas a viajarem com uma pegada ambiental muito mais reduzida. <\/p>\n\n\n\n<p>3. <strong>O que mais vos influencia na hora de escolher um destino de viagem? <\/strong><\/p>\n\n\n\n<p>Lemos muito. Blogs\nde viagens, guias tur\u00edsticos, livros, revistas. Vemos document\u00e1rios e v\u00eddeos <em>online<\/em>,\nn\u00e3o escapamos \u00e0s fotografias das redes sociais e ouvimos podcasts de viagem. O\nfator financeiro tamb\u00e9m tem um grande peso na decis\u00e3o. <\/p>\n\n\n\n<p>Geralmente, h\u00e1 algo especial que nos atrai no destino, seja um facto hist\u00f3rico, uma paisagem, um monumento, ou mesmo um evento. Tamb\u00e9m temos uma lista de s\u00edtios mais inacess\u00edveis, que queremos visitar pelo menos uma vez na vida. Vamos tentando fazer uma dessas viagens regularmente, por ordem de prefer\u00eancia dos dois. <\/p>\n\n\n\n<p>Nem sempre a decis\u00e3o \u00e9 pac\u00edfica: um de n\u00f3s n\u00e3o concorda com a pol\u00edtica do pa\u00eds, o outro considera a alternativa demasiado cara, etc, etc. Resumidamente, a expetativa sobre as experi\u00eancias que contamos ter pesa mais do que o resto. Por exemplo, o objetivo n\u00e3o \u00e9 ir a Machu Picchu, \u00e9 fazer o <em>Inka Jungle Trek<\/em> para chegar l\u00e1. N\u00e3o \u00e9 apenas visitar a sala de \u00f3pera de Viena, \u00e9 assistir a uma \u00f3pera. <\/p>\n\n\n\n<figure class=\"wp-block-image\"><img decoding=\"async\" width=\"1600\" height=\"1000\" src=\"https:\/\/www.abvp.pt\/wp-content\/uploads\/365-dias-no-mundo-2-1600x1000.jpg\" alt=\"\" class=\"wp-image-954\" srcset=\"https:\/\/www.abvp.pt\/wp-content\/uploads\/365-dias-no-mundo-2-1600x1000.jpg 1600w, https:\/\/www.abvp.pt\/wp-content\/uploads\/365-dias-no-mundo-2-600x375.jpg 600w, https:\/\/www.abvp.pt\/wp-content\/uploads\/365-dias-no-mundo-2-150x94.jpg 150w, https:\/\/www.abvp.pt\/wp-content\/uploads\/365-dias-no-mundo-2-800x500.jpg 800w, https:\/\/www.abvp.pt\/wp-content\/uploads\/365-dias-no-mundo-2-768x480.jpg 768w, https:\/\/www.abvp.pt\/wp-content\/uploads\/365-dias-no-mundo-2.jpg 1636w\" sizes=\"(max-width: 1600px) 100vw, 1600px\" \/><figcaption class=\"wp-element-caption\">A beleza das montanhas em Torre del Paine, no Chile.<\/figcaption><\/figure>\n\n\n\n<p>4. <strong>J\u00e1 viveram fora de Portugal mais que seis meses? Se sim, onde e o que retiraram dessa experi\u00eancia? <\/strong><\/p>\n\n\n\n<p>A Raquel viveu at\u00e9 aos 6 anos na Su\u00ed\u00e7a e o Tiago fez Erasmus na Dinamarca. Mas, sem d\u00favida, foi Luanda que nos marcou como emigrantes, onde vivemos quase 5 anos. <\/p>\n\n\n\n<p>Para a Raquel come\u00e7ou por ser um destino de f\u00e9rias, para conhecer fam\u00edlia e saber mais sobre a hist\u00f3ria do pai. Mas viver l\u00e1 \u00e9 diferente, Angola tem uma viv\u00eancia especial, muito diferente de Portugal, apesar da semelhan\u00e7a lingu\u00edstica e da forte influ\u00eancia colonial. A m\u00fasica tem um impacto muito forte, a dan\u00e7a faz parte do dia-a-dia. <\/p>\n\n\n\n<p>A forma como se vive e sobrevive (o tr\u00e2nsito, a dist\u00e2ncia aos empregos, a vida nos musseques) influencia muito a forma como as pessoas s\u00e3o. A pobreza das funcion\u00e1rias dom\u00e9sticas e dos vendedores de rua contrasta com os edif\u00edcios que restam dos anos 50, vest\u00edgios de uma Angola colonial muito desenvolvida. E esses edif\u00edcios coloniais contrastam com os reluzentes pr\u00e9dios novos, que ofuscam a pobreza e povoam a marginal. <\/p>\n\n\n\n<p>Temos ainda a Angola mais pura, fora da capital, com natureza por descobrir e potencial para atrair turistas, que contrasta com a aus\u00eancia de vontade do pa\u00eds em se abrir ao exterior. Ali \u00e9 poss\u00edvel fazer um turismo quase solit\u00e1rio, \u201cselvagem\u201d, perfeito para quem gosta de viajar ao seu ritmo. <\/p>\n\n\n\n<p>Aprendemos muita coisa sobre a cultura africana, sobre a hist\u00f3ria de Portugal, os factos que nos \u201cenvergonham\u201d (como a escravatura). Aprendemos muito sobre emigra\u00e7\u00e3o, sobre amizade e sobre a forma como os portugueses se comportam fora do seu pa\u00eds. Aprendemos a ser resilientes, a dar valor a coisas que em Portugal damos como garantidas, como eletricidade e \u00e1gua. <\/p>\n\n\n\n<figure class=\"wp-block-image\"><img decoding=\"async\" width=\"1600\" height=\"1000\" src=\"https:\/\/www.abvp.pt\/wp-content\/uploads\/365-dias-no-mundo-1-1600x1000.jpg\" alt=\"\" class=\"wp-image-955\" srcset=\"https:\/\/www.abvp.pt\/wp-content\/uploads\/365-dias-no-mundo-1-1600x1000.jpg 1600w, https:\/\/www.abvp.pt\/wp-content\/uploads\/365-dias-no-mundo-1-600x375.jpg 600w, https:\/\/www.abvp.pt\/wp-content\/uploads\/365-dias-no-mundo-1-150x94.jpg 150w, https:\/\/www.abvp.pt\/wp-content\/uploads\/365-dias-no-mundo-1-800x500.jpg 800w, https:\/\/www.abvp.pt\/wp-content\/uploads\/365-dias-no-mundo-1-768x480.jpg 768w\" sizes=\"(max-width: 1600px) 100vw, 1600px\" \/><figcaption class=\"wp-element-caption\">Outra perspetiva das ilhas Gal\u00e1pagos.<\/figcaption><\/figure>\n\n\n\n<p>5. <strong>Expliquem o que \u00e9 o vosso blog de viagens e a raz\u00e3o da sua exist\u00eancia. <\/strong><\/p>\n\n\n\n<p>O nosso blog come\u00e7ou por ser um di\u00e1rio de viagem. Larg\u00e1mos os nossos empregos e plane\u00e1mos um ano de viagem de mochila \u00e0s costas, com in\u00edcio na Am\u00e9rica do Sul, passando por s\u00edtios tur\u00edsticos mas tamb\u00e9m zonas menos frequentadas. Como as viagens terrestres eram muito longas e n\u00e3o sab\u00edamos se \u00edamos ter rede, o blog seria uma forma de amigos e familiares saberem que est\u00e1vamos bem, sem nos sentirmos na obriga\u00e7\u00e3o de responder individualmente \u00e0s quest\u00f5es de cada um.<\/p>\n\n\n\n<p>Por outro lado, em 2016, na altura em que come\u00e7\u00e1mos a organizar a viagem, n\u00e3o havia muita informa\u00e7\u00e3o sobre gastos. Primeiro, porque \u00e9 uma informa\u00e7\u00e3o que se desatualiza rapidamente, depois, porque os portugueses n\u00e3o gostam de falar de dinheiro. Conhec\u00edamos o Alma de Viajante, onde o Filipe fala sobre isso, mas pouco mais. Ent\u00e3o, cont\u00e1vamos onde t\u00ednhamos estado, o que tinha corrido bem ou mal, as pessoas que t\u00ednhamos conhecido, as decis\u00f5es que t\u00ednhamos tomado e quanto t\u00ednhamos gasto. <\/p>\n\n\n\n<p>Hoje ainda damos \u00eanfase a informa\u00e7\u00f5es pr\u00e1ticas que ajudem os nossos leitores: hor\u00e1rios dos museus, o pre\u00e7o, o dia em que \u00e9 gr\u00e1tis, aquele cart\u00e3o que nos faz poupar 50% em transportes. <\/p>\n\n\n\n<p>E depois damos emo\u00e7\u00e3o, como nos sentimos nos s\u00edtios, as frustra\u00e7\u00f5es de quando algo n\u00e3o corre bem (da\u00ed resultam as melhores hist\u00f3rias): o drone que avariou duas vezes, o cart\u00e3o banc\u00e1rio que foi clonado, o autocarro que atolou durante a noite no meio de nenhures e nos empurrou para uma viagem de 36 horas, entre tantas outras aventuras. <\/p>\n\n\n\n<p>6. <strong>Como surgiu o nome do blog?<\/strong><\/p>\n\n\n\n<p>Quer\u00edamos um nome\nque se adaptasse a v\u00e1rias realidades, que pudesse sobreviver a um contratempo\nno projeto, o que acabou por acontecer (regress\u00e1mos a Portugal ao fim de 5\nmeses e n\u00e3o de 12, e acab\u00e1mos por n\u00e3o dar a volta ao mundo nessa viagem). <\/p>\n\n\n\n<p><strong>365 dias no mundo<\/strong> representa uma atitude: mesmo n\u00e3o viajando todos os dias do ano, estamos no mundo todos os dias. H\u00e1 sempre algo que nos marca e que podemos contar aos outros, mesmo que seja na nossa cidade.<\/p>\n\n\n\n<p>Hoje viajamos menos, mas continuamos a ter muitas hist\u00f3rias para contar, nomeadamente sobre o nosso pa\u00eds: uma prova de vinhos, um recital de \u00f3rg\u00e3o de tubos do s\u00e9culo XVIII, um <em>free walking tour<\/em>, uma aula de culin\u00e1ria, uma visita a uma f\u00e1brica. <\/p>\n\n\n\n<figure class=\"wp-block-image\"><img loading=\"lazy\" decoding=\"async\" width=\"1600\" height=\"1000\" src=\"https:\/\/www.abvp.pt\/wp-content\/uploads\/Capadocia-1600x1000.jpg\" alt=\"\" class=\"wp-image-952\" srcset=\"https:\/\/www.abvp.pt\/wp-content\/uploads\/Capadocia-1600x1000.jpg 1600w, https:\/\/www.abvp.pt\/wp-content\/uploads\/Capadocia-600x375.jpg 600w, https:\/\/www.abvp.pt\/wp-content\/uploads\/Capadocia-150x94.jpg 150w, https:\/\/www.abvp.pt\/wp-content\/uploads\/Capadocia-800x500.jpg 800w, https:\/\/www.abvp.pt\/wp-content\/uploads\/Capadocia-768x480.jpg 768w\" sizes=\"(max-width: 1600px) 100vw, 1600px\" \/><figcaption class=\"wp-element-caption\">Amanhecer na Capad\u00f3cia.<\/figcaption><\/figure>\n\n\n\n<p>7. <strong>Destaquem um dos posts de que mais gostam no vosso blog e expliquem porqu\u00ea. <\/strong><\/p>\n\n\n\n<p>Os posts de \u00c1frica, tanto os de Angola como os de <a href=\"https:\/\/365diasnomundo.com\/2018\/07\/29\/sao-tome\/\">S\u00e3o Tom\u00e9<\/a>, porque t\u00eam a emo\u00e7\u00e3o e a nostalgia de um destino que nos marca. A viagem a S\u00e3o Tom\u00e9 foi organizada muito rapidamente, para gastar milhas, mas tamb\u00e9m para servir de incentivo e <em>fresh start<\/em> ap\u00f3s um m\u00eas turbulento e desgastante, quando j\u00e1 t\u00ednhamos decidido sair de Angola. <\/p>\n\n\n\n<p>Chegar a S\u00e3o Tom\u00e9 foi brutal; era <em>leve-leve<\/em>, era \u00c1frica, mas com a leveza que Angola j\u00e1 tinha perdido, ou nunca teve. Foi uma viagem apaixonante que nos marcou e achamos que isso se reflete no texto e nas fotos. <\/p>\n\n\n\n<p>8. <strong>Alguma dica para quem pretende come\u00e7ar agora um blog de viagens? <\/strong><\/p>\n\n\n\n<p>Sejam honestos e escolham bem o nome, porque ser\u00e1 a vossa marca. Associem-se \u00e0 ABVP, conhe\u00e7am outros bloggers, partilhem experi\u00eancias sinceras, e sejam diferentes. Esta \u00e9 a mais dif\u00edcil de cumprir, encontrar a forma de ser diferente. <\/p>\n\n\n\n<p>9. <strong>Que papel desempenham os blogs junto de outras pessoas que gostam de viajar? <\/strong><\/p>\n\n\n\n<p>Os blogs s\u00e3o um\nforte influenciador na escolha do destino e do tipo de viagem. S\u00e3o mais\nacess\u00edveis que um guia da Lonely Planet, d\u00e3o-nos a experi\u00eancia pessoal de\nalgu\u00e9m e, para viajantes mais pregui\u00e7osos, at\u00e9 d\u00e3o roteiros completos. D\u00e3o\ndescontos em seguros, cart\u00f5es de cr\u00e9dito e, acima de tudo, conselhos gr\u00e1tis. <\/p>\n\n\n\n<p>E mostram que \u00e9 poss\u00edvel. Aqueles medos e d\u00favidas que existem num viajante, um blogger mostra que \u00e9 poss\u00edvel ultrapassar. Viajar sem dinheiro, largar tudo para viajar, chegar a certo destino, trocar estadia por trabalho, manter um casamento\/rela\u00e7\u00e3o durante uma viagem.<\/p>\n\n\n\n<p>10. <strong>Qual \u00e9 o vosso maior sonho por cumprir?<\/strong><\/p>\n\n\n\n<p>Voltar \u00e0 estrada com a mochila, agora que nos conhecemos melhor e que j\u00e1 sabemos o que gostamos e detestamos em viagens longas. Conhecer mais do mundo, viver mais experi\u00eancias inesquec\u00edveis. <\/p>","protected":false},"excerpt":{"rendered":"<p>Eles s\u00e3o como \u00e1gua e vinho, mas t\u00eam algo em comum: s\u00e3o os dois &#8220;boa boca&#8221;, gostam de explorar o mundo e t\u00eam sempre muitas hist\u00f3rias para contar. Hoje conversamos [&hellip;]<\/p>\n","protected":false},"author":5,"featured_media":950,"comment_status":"open","ping_status":"closed","sticky":false,"template":"","format":"standard","meta":{"_price":"","_stock":"","_tribe_ticket_header":"","_tribe_default_ticket_provider":"","_tribe_ticket_capacity":"0","_ticket_start_date":"","_ticket_end_date":"","_tribe_ticket_show_description":"","_tribe_ticket_show_not_going":false,"_tribe_ticket_use_global_stock":"","_tribe_ticket_global_stock_level":"","_global_stock_mode":"","_global_stock_cap":"","_tribe_rsvp_for_event":"","_tribe_ticket_going_count":"","_tribe_ticket_not_going_count":"","_tribe_tickets_list":"[]","_tribe_ticket_has_attendee_info_fields":false,"_EventAllDay":false,"_EventTimezone":"","_EventStartDate":"","_EventEndDate":"","_EventStartDateUTC":"","_EventEndDateUTC":"","_EventShowMap":false,"_EventShowMapLink":false,"_EventURL":"","_EventCost":"","_EventCostDescription":"","_EventCurrencySymbol":"","_EventCurrencyCode":"","_EventCurrencyPosition":"","_EventDateTimeSeparator":"","_EventTimeRangeSeparator":"","_EventOrganizerID":[],"_EventVenueID":[],"_OrganizerEmail":"","_OrganizerPhone":"","_OrganizerWebsite":"","_VenueAddress":"","_VenueCity":"","_VenueCountry":"","_VenueProvince":"","_VenueState":"","_VenueZip":"","_VenuePhone":"","_VenueURL":"","_VenueStateProvince":"","_VenueLat":"","_VenueLng":"","_VenueShowMap":false,"_VenueShowMapLink":false,"footnotes":""},"categories":[1],"tags":[],"class_list":["post-947","post","type-post","status-publish","format-standard","has-post-thumbnail","hentry","category-conteudo"],"blocksy_meta":[],"yoast_head":"<!-- This site is optimized with the Yoast SEO plugin v26.4 - https:\/\/yoast.com\/wordpress\/plugins\/seo\/ -->\n<title>Uma hist\u00f3ria para cada dia do ano: Raquel e Tiago (entrevista) - ABVP<\/title>\n<meta name=\"robots\" content=\"index, follow, max-snippet:-1, max-image-preview:large, max-video-preview:-1\" \/>\n<link rel=\"canonical\" href=\"https:\/\/www.abvp.pt\/en\/uma-historia-para-cada-dia-do-ano-raquel-e-tiago-entrevista\/\" \/>\n<meta property=\"og:locale\" content=\"en_GB\" \/>\n<meta property=\"og:type\" content=\"article\" \/>\n<meta property=\"og:title\" content=\"Uma hist\u00f3ria para cada dia do ano: Raquel e Tiago (entrevista) - ABVP\" \/>\n<meta property=\"og:description\" content=\"Eles s\u00e3o como \u00e1gua e vinho, mas t\u00eam algo em comum: s\u00e3o os dois &#8220;boa boca&#8221;, gostam de explorar o mundo e t\u00eam sempre muitas hist\u00f3rias para contar. Hoje conversamos [&hellip;]\" \/>\n<meta property=\"og:url\" content=\"https:\/\/www.abvp.pt\/en\/uma-historia-para-cada-dia-do-ano-raquel-e-tiago-entrevista\/\" \/>\n<meta property=\"og:site_name\" content=\"ABVP\" \/>\n<meta property=\"article:publisher\" content=\"https:\/\/www.facebook.com\/abvppt\/\" \/>\n<meta property=\"article:published_time\" content=\"2019-10-14T09:30:20+00:00\" \/>\n<meta property=\"article:modified_time\" content=\"2023-10-07T16:29:40+00:00\" \/>\n<meta property=\"og:image\" content=\"https:\/\/www.abvp.pt\/wp-content\/uploads\/365-dias-no-mundo-3.jpg\" \/>\n\t<meta property=\"og:image:width\" content=\"2078\" \/>\n\t<meta property=\"og:image:height\" content=\"1299\" \/>\n\t<meta property=\"og:image:type\" content=\"image\/jpeg\" \/>\n<meta name=\"author\" content=\"Ruthia Portelinha\" \/>\n<meta name=\"twitter:card\" content=\"summary_large_image\" \/>\n<meta name=\"twitter:creator\" content=\"@abvppt\" \/>\n<meta name=\"twitter:site\" content=\"@abvppt\" \/>\n<meta name=\"twitter:label1\" content=\"Written by\" \/>\n\t<meta name=\"twitter:data1\" content=\"Ruthia Portelinha\" \/>\n\t<meta name=\"twitter:label2\" content=\"Estimated reading time\" \/>\n\t<meta name=\"twitter:data2\" content=\"10 minutes\" \/>\n<script type=\"application\/ld+json\" class=\"yoast-schema-graph\">{\"@context\":\"https:\/\/schema.org\",\"@graph\":[{\"@type\":\"Article\",\"@id\":\"https:\/\/www.abvp.pt\/uma-historia-para-cada-dia-do-ano-raquel-e-tiago-entrevista\/#article\",\"isPartOf\":{\"@id\":\"https:\/\/www.abvp.pt\/uma-historia-para-cada-dia-do-ano-raquel-e-tiago-entrevista\/\"},\"author\":{\"name\":\"Ruthia Portelinha\",\"@id\":\"https:\/\/www.abvp.pt\/#\/schema\/person\/3224ab1e82979d8d2daa9b24c41ac06f\"},\"headline\":\"Uma hist\u00f3ria para cada dia do ano: Raquel e Tiago (entrevista)\",\"datePublished\":\"2019-10-14T09:30:20+00:00\",\"dateModified\":\"2023-10-07T16:29:40+00:00\",\"mainEntityOfPage\":{\"@id\":\"https:\/\/www.abvp.pt\/uma-historia-para-cada-dia-do-ano-raquel-e-tiago-entrevista\/\"},\"wordCount\":1804,\"commentCount\":0,\"publisher\":{\"@id\":\"https:\/\/www.abvp.pt\/#organization\"},\"image\":{\"@id\":\"https:\/\/www.abvp.pt\/uma-historia-para-cada-dia-do-ano-raquel-e-tiago-entrevista\/#primaryimage\"},\"thumbnailUrl\":\"https:\/\/www.abvp.pt\/wp-content\/uploads\/365-dias-no-mundo-3.jpg\",\"articleSection\":[\"Conte\u00fado\"],\"inLanguage\":\"en-GB\",\"potentialAction\":[{\"@type\":\"CommentAction\",\"name\":\"Comment\",\"target\":[\"https:\/\/www.abvp.pt\/uma-historia-para-cada-dia-do-ano-raquel-e-tiago-entrevista\/#respond\"]}]},{\"@type\":\"WebPage\",\"@id\":\"https:\/\/www.abvp.pt\/uma-historia-para-cada-dia-do-ano-raquel-e-tiago-entrevista\/\",\"url\":\"https:\/\/www.abvp.pt\/uma-historia-para-cada-dia-do-ano-raquel-e-tiago-entrevista\/\",\"name\":\"Uma hist\u00f3ria para cada dia do ano: Raquel e Tiago (entrevista) - ABVP\",\"isPartOf\":{\"@id\":\"https:\/\/www.abvp.pt\/#website\"},\"primaryImageOfPage\":{\"@id\":\"https:\/\/www.abvp.pt\/uma-historia-para-cada-dia-do-ano-raquel-e-tiago-entrevista\/#primaryimage\"},\"image\":{\"@id\":\"https:\/\/www.abvp.pt\/uma-historia-para-cada-dia-do-ano-raquel-e-tiago-entrevista\/#primaryimage\"},\"thumbnailUrl\":\"https:\/\/www.abvp.pt\/wp-content\/uploads\/365-dias-no-mundo-3.jpg\",\"datePublished\":\"2019-10-14T09:30:20+00:00\",\"dateModified\":\"2023-10-07T16:29:40+00:00\",\"breadcrumb\":{\"@id\":\"https:\/\/www.abvp.pt\/uma-historia-para-cada-dia-do-ano-raquel-e-tiago-entrevista\/#breadcrumb\"},\"inLanguage\":\"en-GB\",\"potentialAction\":[{\"@type\":\"ReadAction\",\"target\":[\"https:\/\/www.abvp.pt\/uma-historia-para-cada-dia-do-ano-raquel-e-tiago-entrevista\/\"]}]},{\"@type\":\"ImageObject\",\"inLanguage\":\"en-GB\",\"@id\":\"https:\/\/www.abvp.pt\/uma-historia-para-cada-dia-do-ano-raquel-e-tiago-entrevista\/#primaryimage\",\"url\":\"https:\/\/www.abvp.pt\/wp-content\/uploads\/365-dias-no-mundo-3.jpg\",\"contentUrl\":\"https:\/\/www.abvp.pt\/wp-content\/uploads\/365-dias-no-mundo-3.jpg\",\"width\":2078,\"height\":1299},{\"@type\":\"BreadcrumbList\",\"@id\":\"https:\/\/www.abvp.pt\/uma-historia-para-cada-dia-do-ano-raquel-e-tiago-entrevista\/#breadcrumb\",\"itemListElement\":[{\"@type\":\"ListItem\",\"position\":1,\"name\":\"In\u00edcio\",\"item\":\"https:\/\/www.abvp.pt\/\"},{\"@type\":\"ListItem\",\"position\":2,\"name\":\"Uma hist\u00f3ria para cada dia do ano: Raquel e Tiago (entrevista)\"}]},{\"@type\":\"WebSite\",\"@id\":\"https:\/\/www.abvp.pt\/#website\",\"url\":\"https:\/\/www.abvp.pt\/\",\"name\":\"ABVP\",\"description\":\"Associa\u00e7\u00e3o de Bloggers de Viagem Portugueses\",\"publisher\":{\"@id\":\"https:\/\/www.abvp.pt\/#organization\"},\"potentialAction\":[{\"@type\":\"SearchAction\",\"target\":{\"@type\":\"EntryPoint\",\"urlTemplate\":\"https:\/\/www.abvp.pt\/?s={search_term_string}\"},\"query-input\":{\"@type\":\"PropertyValueSpecification\",\"valueRequired\":true,\"valueName\":\"search_term_string\"}}],\"inLanguage\":\"en-GB\"},{\"@type\":\"Organization\",\"@id\":\"https:\/\/www.abvp.pt\/#organization\",\"name\":\"ABVP\",\"url\":\"https:\/\/www.abvp.pt\/\",\"logo\":{\"@type\":\"ImageObject\",\"inLanguage\":\"en-GB\",\"@id\":\"https:\/\/www.abvp.pt\/#\/schema\/logo\/image\/\",\"url\":\"https:\/\/www.abvp.pt\/wp-content\/uploads\/Logo-Header-dark.svg\",\"contentUrl\":\"https:\/\/www.abvp.pt\/wp-content\/uploads\/Logo-Header-dark.svg\",\"width\":325,\"height\":48,\"caption\":\"ABVP\"},\"image\":{\"@id\":\"https:\/\/www.abvp.pt\/#\/schema\/logo\/image\/\"},\"sameAs\":[\"https:\/\/www.facebook.com\/abvppt\/\",\"https:\/\/x.com\/abvppt\",\"https:\/\/www.instagram.com\/abvppt\/\"]},{\"@type\":\"Person\",\"@id\":\"https:\/\/www.abvp.pt\/#\/schema\/person\/3224ab1e82979d8d2daa9b24c41ac06f\",\"name\":\"Ruthia Portelinha\",\"image\":{\"@type\":\"ImageObject\",\"inLanguage\":\"en-GB\",\"@id\":\"https:\/\/www.abvp.pt\/#\/schema\/person\/image\/\",\"url\":\"https:\/\/secure.gravatar.com\/avatar\/fe88f7331e86f7718c223ca840ea6091?s=96&d=mm&r=g\",\"contentUrl\":\"https:\/\/secure.gravatar.com\/avatar\/fe88f7331e86f7718c223ca840ea6091?s=96&d=mm&r=g\",\"caption\":\"Ruthia Portelinha\"},\"description\":\"Viajante, m\u00e3e babada, choc\u00f3latra, amante de livros e museus. Autora do blog O Ber\u00e7o do Mundo.\",\"sameAs\":[\"https:\/\/www.bercodomundo.com\"],\"url\":\"https:\/\/www.abvp.pt\/en\/author\/ruthia\/\"}]}<\/script>\n<!-- \/ Yoast SEO plugin. -->","yoast_head_json":{"title":"Uma hist\u00f3ria para cada dia do ano: Raquel e Tiago (entrevista) - ABVP","robots":{"index":"index","follow":"follow","max-snippet":"max-snippet:-1","max-image-preview":"max-image-preview:large","max-video-preview":"max-video-preview:-1"},"canonical":"https:\/\/www.abvp.pt\/en\/uma-historia-para-cada-dia-do-ano-raquel-e-tiago-entrevista\/","og_locale":"en_GB","og_type":"article","og_title":"Uma hist\u00f3ria para cada dia do ano: Raquel e Tiago (entrevista) - ABVP","og_description":"Eles s\u00e3o como \u00e1gua e vinho, mas t\u00eam algo em comum: s\u00e3o os dois &#8220;boa boca&#8221;, gostam de explorar o mundo e t\u00eam sempre muitas hist\u00f3rias para contar. Hoje conversamos [&hellip;]","og_url":"https:\/\/www.abvp.pt\/en\/uma-historia-para-cada-dia-do-ano-raquel-e-tiago-entrevista\/","og_site_name":"ABVP","article_publisher":"https:\/\/www.facebook.com\/abvppt\/","article_published_time":"2019-10-14T09:30:20+00:00","article_modified_time":"2023-10-07T16:29:40+00:00","og_image":[{"width":2078,"height":1299,"url":"https:\/\/www.abvp.pt\/wp-content\/uploads\/365-dias-no-mundo-3.jpg","type":"image\/jpeg"}],"author":"Ruthia Portelinha","twitter_card":"summary_large_image","twitter_creator":"@abvppt","twitter_site":"@abvppt","twitter_misc":{"Written by":"Ruthia Portelinha","Estimated reading time":"10 minutes"},"schema":{"@context":"https:\/\/schema.org","@graph":[{"@type":"Article","@id":"https:\/\/www.abvp.pt\/uma-historia-para-cada-dia-do-ano-raquel-e-tiago-entrevista\/#article","isPartOf":{"@id":"https:\/\/www.abvp.pt\/uma-historia-para-cada-dia-do-ano-raquel-e-tiago-entrevista\/"},"author":{"name":"Ruthia Portelinha","@id":"https:\/\/www.abvp.pt\/#\/schema\/person\/3224ab1e82979d8d2daa9b24c41ac06f"},"headline":"Uma hist\u00f3ria para cada dia do ano: Raquel e Tiago (entrevista)","datePublished":"2019-10-14T09:30:20+00:00","dateModified":"2023-10-07T16:29:40+00:00","mainEntityOfPage":{"@id":"https:\/\/www.abvp.pt\/uma-historia-para-cada-dia-do-ano-raquel-e-tiago-entrevista\/"},"wordCount":1804,"commentCount":0,"publisher":{"@id":"https:\/\/www.abvp.pt\/#organization"},"image":{"@id":"https:\/\/www.abvp.pt\/uma-historia-para-cada-dia-do-ano-raquel-e-tiago-entrevista\/#primaryimage"},"thumbnailUrl":"https:\/\/www.abvp.pt\/wp-content\/uploads\/365-dias-no-mundo-3.jpg","articleSection":["Conte\u00fado"],"inLanguage":"en-GB","potentialAction":[{"@type":"CommentAction","name":"Comment","target":["https:\/\/www.abvp.pt\/uma-historia-para-cada-dia-do-ano-raquel-e-tiago-entrevista\/#respond"]}]},{"@type":"WebPage","@id":"https:\/\/www.abvp.pt\/uma-historia-para-cada-dia-do-ano-raquel-e-tiago-entrevista\/","url":"https:\/\/www.abvp.pt\/uma-historia-para-cada-dia-do-ano-raquel-e-tiago-entrevista\/","name":"Uma hist\u00f3ria para cada dia do ano: Raquel e Tiago (entrevista) - ABVP","isPartOf":{"@id":"https:\/\/www.abvp.pt\/#website"},"primaryImageOfPage":{"@id":"https:\/\/www.abvp.pt\/uma-historia-para-cada-dia-do-ano-raquel-e-tiago-entrevista\/#primaryimage"},"image":{"@id":"https:\/\/www.abvp.pt\/uma-historia-para-cada-dia-do-ano-raquel-e-tiago-entrevista\/#primaryimage"},"thumbnailUrl":"https:\/\/www.abvp.pt\/wp-content\/uploads\/365-dias-no-mundo-3.jpg","datePublished":"2019-10-14T09:30:20+00:00","dateModified":"2023-10-07T16:29:40+00:00","breadcrumb":{"@id":"https:\/\/www.abvp.pt\/uma-historia-para-cada-dia-do-ano-raquel-e-tiago-entrevista\/#breadcrumb"},"inLanguage":"en-GB","potentialAction":[{"@type":"ReadAction","target":["https:\/\/www.abvp.pt\/uma-historia-para-cada-dia-do-ano-raquel-e-tiago-entrevista\/"]}]},{"@type":"ImageObject","inLanguage":"en-GB","@id":"https:\/\/www.abvp.pt\/uma-historia-para-cada-dia-do-ano-raquel-e-tiago-entrevista\/#primaryimage","url":"https:\/\/www.abvp.pt\/wp-content\/uploads\/365-dias-no-mundo-3.jpg","contentUrl":"https:\/\/www.abvp.pt\/wp-content\/uploads\/365-dias-no-mundo-3.jpg","width":2078,"height":1299},{"@type":"BreadcrumbList","@id":"https:\/\/www.abvp.pt\/uma-historia-para-cada-dia-do-ano-raquel-e-tiago-entrevista\/#breadcrumb","itemListElement":[{"@type":"ListItem","position":1,"name":"In\u00edcio","item":"https:\/\/www.abvp.pt\/"},{"@type":"ListItem","position":2,"name":"Uma hist\u00f3ria para cada dia do ano: Raquel e Tiago (entrevista)"}]},{"@type":"WebSite","@id":"https:\/\/www.abvp.pt\/#website","url":"https:\/\/www.abvp.pt\/","name":"ABVP","description":"Association of Portuguese Travel Bloggers","publisher":{"@id":"https:\/\/www.abvp.pt\/#organization"},"potentialAction":[{"@type":"SearchAction","target":{"@type":"EntryPoint","urlTemplate":"https:\/\/www.abvp.pt\/?s={search_term_string}"},"query-input":{"@type":"PropertyValueSpecification","valueRequired":true,"valueName":"search_term_string"}}],"inLanguage":"en-GB"},{"@type":"Organization","@id":"https:\/\/www.abvp.pt\/#organization","name":"ABVP","url":"https:\/\/www.abvp.pt\/","logo":{"@type":"ImageObject","inLanguage":"en-GB","@id":"https:\/\/www.abvp.pt\/#\/schema\/logo\/image\/","url":"https:\/\/www.abvp.pt\/wp-content\/uploads\/Logo-Header-dark.svg","contentUrl":"https:\/\/www.abvp.pt\/wp-content\/uploads\/Logo-Header-dark.svg","width":325,"height":48,"caption":"ABVP"},"image":{"@id":"https:\/\/www.abvp.pt\/#\/schema\/logo\/image\/"},"sameAs":["https:\/\/www.facebook.com\/abvppt\/","https:\/\/x.com\/abvppt","https:\/\/www.instagram.com\/abvppt\/"]},{"@type":"Person","@id":"https:\/\/www.abvp.pt\/#\/schema\/person\/3224ab1e82979d8d2daa9b24c41ac06f","name":"Ruthia Portelinha","image":{"@type":"ImageObject","inLanguage":"en-GB","@id":"https:\/\/www.abvp.pt\/#\/schema\/person\/image\/","url":"https:\/\/secure.gravatar.com\/avatar\/fe88f7331e86f7718c223ca840ea6091?s=96&d=mm&r=g","contentUrl":"https:\/\/secure.gravatar.com\/avatar\/fe88f7331e86f7718c223ca840ea6091?s=96&d=mm&r=g","caption":"Ruthia Portelinha"},"description":"Viajante, m\u00e3e babada, choc\u00f3latra, amante de livros e museus. Autora do blog O Ber\u00e7o do Mundo.","sameAs":["https:\/\/www.bercodomundo.com"],"url":"https:\/\/www.abvp.pt\/en\/author\/ruthia\/"}]}},"_links":{"self":[{"href":"https:\/\/www.abvp.pt\/en\/wp-json\/wp\/v2\/posts\/947","targetHints":{"allow":["GET"]}}],"collection":[{"href":"https:\/\/www.abvp.pt\/en\/wp-json\/wp\/v2\/posts"}],"about":[{"href":"https:\/\/www.abvp.pt\/en\/wp-json\/wp\/v2\/types\/post"}],"author":[{"embeddable":true,"href":"https:\/\/www.abvp.pt\/en\/wp-json\/wp\/v2\/users\/5"}],"replies":[{"embeddable":true,"href":"https:\/\/www.abvp.pt\/en\/wp-json\/wp\/v2\/comments?post=947"}],"version-history":[{"count":0,"href":"https:\/\/www.abvp.pt\/en\/wp-json\/wp\/v2\/posts\/947\/revisions"}],"wp:featuredmedia":[{"embeddable":true,"href":"https:\/\/www.abvp.pt\/en\/wp-json\/wp\/v2\/media\/950"}],"wp:attachment":[{"href":"https:\/\/www.abvp.pt\/en\/wp-json\/wp\/v2\/media?parent=947"}],"wp:term":[{"taxonomy":"category","embeddable":true,"href":"https:\/\/www.abvp.pt\/en\/wp-json\/wp\/v2\/categories?post=947"},{"taxonomy":"post_tag","embeddable":true,"href":"https:\/\/www.abvp.pt\/en\/wp-json\/wp\/v2\/tags?post=947"}],"curies":[{"name":"wp","href":"https:\/\/api.w.org\/{rel}","templated":true}]}}