{"id":198,"name":"Jo\u00e3o Petersen","url":"http:\/\/theportuguesetraveler.com","description":"Jo\u00e3o Petersen, criador do <a href=\"https:\/\/theportuguesetraveler.com\">The Portuguese Traveler<\/a>, \u00e9 um aventureiro focado em explora\u00e7\u00e3o ao ar livre e turismo sustent\u00e1vel. Ap\u00f3s um sab\u00e1tico a solo em 2018, lan\u00e7ou o seu blogue, que se especializou em viagens para o Equador e a Su\u00ed\u00e7a durante a pandemia. J\u00e1 documentou o Equador, liderou um grupo no Peru e participou numa blog trip no Sri Lanka, e agora, de volta a Portugal, continua a partilhar as suas aventuras.","link":"https:\/\/www.abvp.pt\/en\/author\/theportuguesetraveler\/","slug":"theportuguesetraveler","avatar_urls":{"24":"https:\/\/secure.gravatar.com\/avatar\/f9915a202f1e7df0b3539fe125005e37?s=24&d=mm&r=g","48":"https:\/\/secure.gravatar.com\/avatar\/f9915a202f1e7df0b3539fe125005e37?s=48&d=mm&r=g","96":"https:\/\/secure.gravatar.com\/avatar\/f9915a202f1e7df0b3539fe125005e37?s=96&d=mm&r=g"},"meta":[],"yoast_head":"<!-- This site is optimized with the Yoast SEO plugin v26.4 - https:\/\/yoast.com\/wordpress\/plugins\/seo\/ -->\n<title>Jo\u00e3o Petersen, autor em ABVP<\/title>\n<meta name=\"robots\" content=\"index, follow, max-snippet:-1, max-image-preview:large, max-video-preview:-1\" \/>\n<link rel=\"canonical\" href=\"https:\/\/www.abvp.pt\/en\/author\/theportuguesetraveler\/\" \/>\n<meta property=\"og:locale\" content=\"en_GB\" \/>\n<meta property=\"og:type\" content=\"profile\" \/>\n<meta property=\"og:title\" content=\"Jo\u00e3o Petersen, autor em ABVP\" \/>\n<meta property=\"og:url\" content=\"https:\/\/www.abvp.pt\/en\/author\/theportuguesetraveler\/\" \/>\n<meta property=\"og:site_name\" content=\"ABVP\" \/>\n<meta property=\"og:image\" content=\"https:\/\/www.abvp.pt\/wp-content\/litespeed\/avatar\/c072038177f236258bb56980e760bc4d.jpg\" \/>\n<meta name=\"twitter:card\" content=\"summary_large_image\" \/>\n<meta name=\"twitter:site\" content=\"@abvppt\" \/>\n<script type=\"application\/ld+json\" class=\"yoast-schema-graph\">{\"@context\":\"https:\/\/schema.org\",\"@graph\":[{\"@type\":\"ProfilePage\",\"@id\":\"https:\/\/www.abvp.pt\/author\/theportuguesetraveler\/\",\"url\":\"https:\/\/www.abvp.pt\/author\/theportuguesetraveler\/\",\"name\":\"Jo\u00e3o Petersen, autor em ABVP\",\"isPartOf\":{\"@id\":\"https:\/\/www.abvp.pt\/#website\"},\"breadcrumb\":{\"@id\":\"https:\/\/www.abvp.pt\/author\/theportuguesetraveler\/#breadcrumb\"},\"inLanguage\":\"en-GB\",\"potentialAction\":[{\"@type\":\"ReadAction\",\"target\":[\"https:\/\/www.abvp.pt\/author\/theportuguesetraveler\/\"]}]},{\"@type\":\"BreadcrumbList\",\"@id\":\"https:\/\/www.abvp.pt\/author\/theportuguesetraveler\/#breadcrumb\",\"itemListElement\":[{\"@type\":\"ListItem\",\"position\":1,\"name\":\"In\u00edcio\",\"item\":\"https:\/\/www.abvp.pt\/\"},{\"@type\":\"ListItem\",\"position\":2,\"name\":\"Arquivo de Jo\u00e3o Petersen\"}]},{\"@type\":\"WebSite\",\"@id\":\"https:\/\/www.abvp.pt\/#website\",\"url\":\"https:\/\/www.abvp.pt\/\",\"name\":\"ABVP\",\"description\":\"Associa\u00e7\u00e3o de Bloggers de Viagem Portugueses\",\"publisher\":{\"@id\":\"https:\/\/www.abvp.pt\/#organization\"},\"potentialAction\":[{\"@type\":\"SearchAction\",\"target\":{\"@type\":\"EntryPoint\",\"urlTemplate\":\"https:\/\/www.abvp.pt\/?s={search_term_string}\"},\"query-input\":{\"@type\":\"PropertyValueSpecification\",\"valueRequired\":true,\"valueName\":\"search_term_string\"}}],\"inLanguage\":\"en-GB\"},{\"@type\":\"Organization\",\"@id\":\"https:\/\/www.abvp.pt\/#organization\",\"name\":\"ABVP\",\"url\":\"https:\/\/www.abvp.pt\/\",\"logo\":{\"@type\":\"ImageObject\",\"inLanguage\":\"en-GB\",\"@id\":\"https:\/\/www.abvp.pt\/#\/schema\/logo\/image\/\",\"url\":\"https:\/\/www.abvp.pt\/wp-content\/uploads\/Logo-Header-dark.svg\",\"contentUrl\":\"https:\/\/www.abvp.pt\/wp-content\/uploads\/Logo-Header-dark.svg\",\"width\":325,\"height\":48,\"caption\":\"ABVP\"},\"image\":{\"@id\":\"https:\/\/www.abvp.pt\/#\/schema\/logo\/image\/\"},\"sameAs\":[\"https:\/\/www.facebook.com\/abvppt\/\",\"https:\/\/x.com\/abvppt\",\"https:\/\/www.instagram.com\/abvppt\/\"]},{\"@type\":\"Person\",\"@id\":\"https:\/\/www.abvp.pt\/#\/schema\/person\/659770da9689dcbf7026ebabe6d41f8f\",\"name\":\"Jo\u00e3o Petersen\",\"image\":{\"@type\":\"ImageObject\",\"inLanguage\":\"en-GB\",\"@id\":\"https:\/\/www.abvp.pt\/#\/schema\/person\/image\/\",\"url\":\"https:\/\/secure.gravatar.com\/avatar\/f9915a202f1e7df0b3539fe125005e37?s=96&d=mm&r=g\",\"contentUrl\":\"https:\/\/secure.gravatar.com\/avatar\/f9915a202f1e7df0b3539fe125005e37?s=96&d=mm&r=g\",\"caption\":\"Jo\u00e3o Petersen\"},\"description\":\"Jo\u00e3o Petersen, criador do The Portuguese Traveler, \u00e9 um aventureiro focado em explora\u00e7\u00e3o ao ar livre e turismo sustent\u00e1vel. Ap\u00f3s um sab\u00e1tico a solo em 2018, lan\u00e7ou o seu blogue, que se especializou em viagens para o Equador e a Su\u00ed\u00e7a durante a pandemia. J\u00e1 documentou o Equador, liderou um grupo no Peru e participou numa blog trip no Sri Lanka, e agora, de volta a Portugal, continua a partilhar as suas aventuras.\",\"sameAs\":[\"http:\/\/theportuguesetraveler.com\",\"https:\/\/www.facebook.com\/theportuguesetraveler\",\"https:\/\/www.instagram.com\/the.portuguese.traveler\/\",\"https:\/\/pt.pinterest.com\/theportuguesetraveler\/\"],\"mainEntityOfPage\":{\"@id\":\"https:\/\/www.abvp.pt\/author\/theportuguesetraveler\/\"}}]}<\/script>\n<!-- \/ Yoast SEO plugin. -->","yoast_head_json":{"title":"Jo\u00e3o Petersen, autor em ABVP","robots":{"index":"index","follow":"follow","max-snippet":"max-snippet:-1","max-image-preview":"max-image-preview:large","max-video-preview":"max-video-preview:-1"},"canonical":"https:\/\/www.abvp.pt\/en\/author\/theportuguesetraveler\/","og_locale":"en_GB","og_type":"profile","og_title":"Jo\u00e3o Petersen, autor em ABVP","og_url":"https:\/\/www.abvp.pt\/en\/author\/theportuguesetraveler\/","og_site_name":"ABVP","og_image":[{"url":"https:\/\/www.abvp.pt\/wp-content\/litespeed\/avatar\/c072038177f236258bb56980e760bc4d.jpg","type":"","width":"","height":""}],"twitter_card":"summary_large_image","twitter_site":"@abvppt","schema":{"@context":"https:\/\/schema.org","@graph":[{"@type":"ProfilePage","@id":"https:\/\/www.abvp.pt\/author\/theportuguesetraveler\/","url":"https:\/\/www.abvp.pt\/author\/theportuguesetraveler\/","name":"Jo\u00e3o Petersen, autor em ABVP","isPartOf":{"@id":"https:\/\/www.abvp.pt\/#website"},"breadcrumb":{"@id":"https:\/\/www.abvp.pt\/author\/theportuguesetraveler\/#breadcrumb"},"inLanguage":"en-GB","potentialAction":[{"@type":"ReadAction","target":["https:\/\/www.abvp.pt\/author\/theportuguesetraveler\/"]}]},{"@type":"BreadcrumbList","@id":"https:\/\/www.abvp.pt\/author\/theportuguesetraveler\/#breadcrumb","itemListElement":[{"@type":"ListItem","position":1,"name":"In\u00edcio","item":"https:\/\/www.abvp.pt\/"},{"@type":"ListItem","position":2,"name":"Arquivo de Jo\u00e3o Petersen"}]},{"@type":"WebSite","@id":"https:\/\/www.abvp.pt\/#website","url":"https:\/\/www.abvp.pt\/","name":"ABVP","description":"Associa\u00e7\u00e3o de Bloggers de Viagem Portugueses","publisher":{"@id":"https:\/\/www.abvp.pt\/#organization"},"potentialAction":[{"@type":"SearchAction","target":{"@type":"EntryPoint","urlTemplate":"https:\/\/www.abvp.pt\/?s={search_term_string}"},"query-input":{"@type":"PropertyValueSpecification","valueRequired":true,"valueName":"search_term_string"}}],"inLanguage":"en-GB"},{"@type":"Organization","@id":"https:\/\/www.abvp.pt\/#organization","name":"ABVP","url":"https:\/\/www.abvp.pt\/","logo":{"@type":"ImageObject","inLanguage":"en-GB","@id":"https:\/\/www.abvp.pt\/#\/schema\/logo\/image\/","url":"https:\/\/www.abvp.pt\/wp-content\/uploads\/Logo-Header-dark.svg","contentUrl":"https:\/\/www.abvp.pt\/wp-content\/uploads\/Logo-Header-dark.svg","width":325,"height":48,"caption":"ABVP"},"image":{"@id":"https:\/\/www.abvp.pt\/#\/schema\/logo\/image\/"},"sameAs":["https:\/\/www.facebook.com\/abvppt\/","https:\/\/x.com\/abvppt","https:\/\/www.instagram.com\/abvppt\/"]},{"@type":"Person","@id":"https:\/\/www.abvp.pt\/#\/schema\/person\/659770da9689dcbf7026ebabe6d41f8f","name":"Jo\u00e3o Petersen","image":{"@type":"ImageObject","inLanguage":"en-GB","@id":"https:\/\/www.abvp.pt\/#\/schema\/person\/image\/","url":"https:\/\/secure.gravatar.com\/avatar\/f9915a202f1e7df0b3539fe125005e37?s=96&d=mm&r=g","contentUrl":"https:\/\/secure.gravatar.com\/avatar\/f9915a202f1e7df0b3539fe125005e37?s=96&d=mm&r=g","caption":"Jo\u00e3o Petersen"},"description":"Jo\u00e3o Petersen, criador do The Portuguese Traveler, \u00e9 um aventureiro focado em explora\u00e7\u00e3o ao ar livre e turismo sustent\u00e1vel. Ap\u00f3s um sab\u00e1tico a solo em 2018, lan\u00e7ou o seu blogue, que se especializou em viagens para o Equador e a Su\u00ed\u00e7a durante a pandemia. J\u00e1 documentou o Equador, liderou um grupo no Peru e participou numa blog trip no Sri Lanka, e agora, de volta a Portugal, continua a partilhar as suas aventuras.","sameAs":["http:\/\/theportuguesetraveler.com","https:\/\/www.facebook.com\/theportuguesetraveler","https:\/\/www.instagram.com\/the.portuguese.traveler\/","https:\/\/pt.pinterest.com\/theportuguesetraveler\/"],"mainEntityOfPage":{"@id":"https:\/\/www.abvp.pt\/author\/theportuguesetraveler\/"}}]}},"is_super_admin":false,"woocommerce_meta":{"variable_product_tour_shown":"","activity_panel_inbox_last_read":"","activity_panel_reviews_last_read":"","categories_report_columns":"","coupons_report_columns":"","customers_report_columns":"","orders_report_columns":"","products_report_columns":"","revenue_report_columns":"","taxes_report_columns":"","variations_report_columns":"","dashboard_sections":"","dashboard_chart_type":"","dashboard_chart_interval":"","dashboard_leaderboard_rows":"","order_attribution_install_banner_dismissed":"","homepage_layout":"","homepage_stats":"","task_list_tracked_started_tasks":"","android_app_banner_dismissed":"","launch_your_store_tour_hidden":"","coming_soon_banner_dismissed":""},"elementor_introduction":{"ai-get-started-announcement":true,"yoast-introduction":true},"_links":{"self":[{"href":"https:\/\/www.abvp.pt\/en\/wp-json\/wp\/v2\/users\/198","targetHints":{"allow":["GET"]}}],"collection":[{"href":"https:\/\/www.abvp.pt\/en\/wp-json\/wp\/v2\/users"}]}}